{"id":23348,"date":"2025-08-18T12:28:08","date_gmt":"2025-08-18T12:28:08","guid":{"rendered":"https:\/\/bobea.net\/?p=23348"},"modified":"2025-08-18T12:28:09","modified_gmt":"2025-08-18T12:28:09","slug":"paul-poirier-styliste-visionnaire-allier-innovation-et-durabilite-dans-la-mode-contemporaine","status":"publish","type":"post","link":"https:\/\/bobea.net\/index.php\/2025\/08\/18\/paul-poirier-styliste-visionnaire-allier-innovation-et-durabilite-dans-la-mode-contemporaine\/","title":{"rendered":"Paul Poirier, styliste visionnaire : allier innovation et durabilit\u00e9 dans la mode contemporaine"},"content":{"rendered":"\n<p>Paul Poirier est aujourd\u2019hui l\u2019un des cr\u00e9ateurs les plus en vue de la sc\u00e8ne mode internationale, notamment gr\u00e2ce \u00e0 son engagement fort pour une mode \u00e9thique et durable. Depuis plusieurs ann\u00e9es, il r\u00e9invente le pr\u00eat-\u00e0-porter f\u00e9minin en alliant cr\u00e9ativit\u00e9, qualit\u00e9 et respect de l\u2019environnement.<\/p>\n\n\n\n<p><strong>Un parcours inspirant et engag\u00e9<\/strong><br>Originaire de Montr\u00e9al, Paul Poirier s\u2019est rapidement d\u00e9marqu\u00e9 par son approche novatrice, m\u00ealant esth\u00e9tique raffin\u00e9e et conscience \u00e9cologique. Sa formation initiale, centr\u00e9e sur les arts visuels, influence son travail qui s\u2019appuie sur des lignes \u00e9pur\u00e9es, des mat\u00e9riaux nobles et un souci constant du d\u00e9tail.<\/p>\n\n\n\n<p><strong>La mode durable au c\u0153ur de sa d\u00e9marche<\/strong><br>Paul Poirier a fait le choix r\u00e9solu d\u2019int\u00e9grer des tissus issus de l\u2019agriculture biologique, de la fibre recycl\u00e9e ou encore des teintures naturelles. Cette d\u00e9marche r\u00e9duit consid\u00e9rablement l\u2019impact environnemental de ses collections tout en offrant des v\u00eatements confortables et durables.<\/p>\n\n\n\n<p><strong>Collections embl\u00e9matiques<\/strong><br>Ses derni\u00e8res collections se distinguent par des robes fluides, des tailleurs \u00e9l\u00e9gants et des pi\u00e8ces hybrides polyvalentes, qui r\u00e9pondent aux exigences des femmes actives modernes. Chaque article est pens\u00e9 pour durer, en termes de style comme de qualit\u00e9 technique.<\/p>\n\n\n\n<figure class=\"wp-block-image size-large\"><img loading=\"lazy\" decoding=\"async\" width=\"1024\" height=\"683\" src=\"https:\/\/bobea.net\/wp-content\/uploads\/2025\/08\/Gilles_Poirier_SCI23_FD-24-scaled-1-1024x683.jpg\" alt=\"\" class=\"wp-image-23350\" srcset=\"https:\/\/bobea.net\/wp-content\/uploads\/2025\/08\/Gilles_Poirier_SCI23_FD-24-scaled-1-1024x683.jpg 1024w, https:\/\/bobea.net\/wp-content\/uploads\/2025\/08\/Gilles_Poirier_SCI23_FD-24-scaled-1-300x200.jpg 300w, https:\/\/bobea.net\/wp-content\/uploads\/2025\/08\/Gilles_Poirier_SCI23_FD-24-scaled-1-768x512.jpg 768w, https:\/\/bobea.net\/wp-content\/uploads\/2025\/08\/Gilles_Poirier_SCI23_FD-24-scaled-1-1536x1025.jpg 1536w, https:\/\/bobea.net\/wp-content\/uploads\/2025\/08\/Gilles_Poirier_SCI23_FD-24-scaled-1.jpg 2048w\" sizes=\"(max-width: 1024px) 100vw, 1024px\" \/><\/figure>\n\n\n\n<p><strong>Valoriser le savoir-faire artisanal<\/strong><br>L\u2019une des particularit\u00e9s du styliste est son attention port\u00e9e aux artisans locaux. En collaborant avec eux, il pr\u00e9serve les techniques traditionnelles tout en innovant \u00e0 travers l\u2019int\u00e9gration de nouvelles technologies textiles respectueuses de l\u2019environnement.<\/p>\n\n\n\n<p><strong>Un activisme au service du changement<\/strong><br>Au-del\u00e0 de la cr\u00e9ation, Paul Poirier est un militant engag\u00e9 dans les forums internationaux sur la mode responsable. Il milite pour une transformation globale de l\u2019industrie textile, sensibilisant consommateurs et professionnels.<\/p>\n\n\n\n<p><strong>Perspectives d\u2019avenir<\/strong><br>Avec une client\u00e8le grandissante, particuli\u00e8rement chez les jeunes g\u00e9n\u00e9rations sensibles aux valeurs durables, Paul Poirier incarne un mod\u00e8le d\u2019avenir pour la mode. Sa vision inspire des changements profonds vers une consommation plus responsable.<\/p>\n\n\n\n<p><\/p>\n","protected":false},"excerpt":{"rendered":"<p>Paul Poirier est aujourd\u2019hui l\u2019un des cr\u00e9ateurs les plus en vue de la sc\u00e8ne mode internationale, notamment gr\u00e2ce \u00e0 son engagement fort pour une mode \u00e9thique et durable. Depuis plusieurs&hellip; <\/p>\n","protected":false},"author":1,"featured_media":23349,"comment_status":"open","ping_status":"closed","sticky":false,"template":"","format":"standard","meta":{"wp_typography_post_enhancements_disabled":true,"footnotes":""},"categories":[50],"tags":[17445,17447,17446,17444,17443,17448],"class_list":["post-23348","post","type-post","status-publish","format-standard","has-post-thumbnail","hentry","category-mode","tag-createur-ethique","tag-fashion-responsable","tag-mode-durable-2025","tag-mode-feminine-innovante","tag-paul-poirier-styliste","tag-tendance-mode-ecologique"],"yoast_head":"<!-- This site is optimized with the Yoast SEO plugin v24.7 - https:\/\/yoast.com\/wordpress\/plugins\/seo\/ -->\n<title>Paul Poirier, styliste visionnaire : allier innovation et durabilit\u00e9 dans la mode contemporaine - Bobea<\/title>\n<meta name=\"description\" content=\"Avec une client\u00e8le grandissante, particuli\u00e8rement chez les jeunes g\u00e9n\u00e9rations sensibles aux valeurs durables, Paul Poirier incarne\" \/>\n<meta name=\"robots\" content=\"index, follow, max-snippet:-1, max-image-preview:large, max-video-preview:-1\" \/>\n<link rel=\"canonical\" href=\"https:\/\/bobea.net\/index.php\/2025\/08\/18\/paul-poirier-styliste-visionnaire-allier-innovation-et-durabilite-dans-la-mode-contemporaine\/\" \/>\n<meta property=\"og:locale\" content=\"fr_FR\" \/>\n<meta property=\"og:type\" content=\"article\" \/>\n<meta property=\"og:title\" content=\"Paul Poirier, styliste visionnaire : allier innovation et durabilit\u00e9 dans la mode contemporaine - Bobea\" \/>\n<meta property=\"og:description\" content=\"Avec une client\u00e8le grandissante, particuli\u00e8rement chez les jeunes g\u00e9n\u00e9rations sensibles aux valeurs durables, Paul Poirier incarne\" \/>\n<meta property=\"og:url\" content=\"https:\/\/bobea.net\/index.php\/2025\/08\/18\/paul-poirier-styliste-visionnaire-allier-innovation-et-durabilite-dans-la-mode-contemporaine\/\" \/>\n<meta property=\"og:site_name\" content=\"Bobea\" \/>\n<meta property=\"article:publisher\" content=\"https:\/\/web.facebook.com\/profile.php?id=61559252188416\" \/>\n<meta property=\"article:published_time\" content=\"2025-08-18T12:28:08+00:00\" \/>\n<meta property=\"article:modified_time\" content=\"2025-08-18T12:28:09+00:00\" \/>\n<meta name=\"author\" content=\"bobea.info\" \/>\n<meta name=\"twitter:card\" content=\"summary_large_image\" \/>\n<meta name=\"twitter:label1\" content=\"\u00c9crit par\" \/>\n\t<meta name=\"twitter:data1\" content=\"bobea.info\" \/>\n\t<meta name=\"twitter:label2\" content=\"Dur\u00e9e de lecture estim\u00e9e\" \/>\n\t<meta name=\"twitter:data2\" content=\"2 minutes\" \/>\n<script type=\"application\/ld+json\" class=\"yoast-schema-graph\">{\"@context\":\"https:\/\/schema.org\",\"@graph\":[{\"@type\":\"Article\",\"@id\":\"https:\/\/bobea.net\/index.php\/2025\/08\/18\/paul-poirier-styliste-visionnaire-allier-innovation-et-durabilite-dans-la-mode-contemporaine\/#article\",\"isPartOf\":{\"@id\":\"https:\/\/bobea.net\/index.php\/2025\/08\/18\/paul-poirier-styliste-visionnaire-allier-innovation-et-durabilite-dans-la-mode-contemporaine\/\"},\"author\":{\"name\":\"bobea.info\",\"@id\":\"https:\/\/bobea.net\/#\/schema\/person\/e7f45ef187918d7c956bf619dce90ccf\"},\"headline\":\"Paul Poirier, styliste visionnaire : allier innovation et durabilit\u00e9 dans la mode contemporaine\",\"datePublished\":\"2025-08-18T12:28:08+00:00\",\"dateModified\":\"2025-08-18T12:28:09+00:00\",\"mainEntityOfPage\":{\"@id\":\"https:\/\/bobea.net\/index.php\/2025\/08\/18\/paul-poirier-styliste-visionnaire-allier-innovation-et-durabilite-dans-la-mode-contemporaine\/\"},\"wordCount\":358,\"commentCount\":0,\"publisher\":{\"@id\":\"https:\/\/bobea.net\/#organization\"},\"image\":{\"@id\":\"https:\/\/bobea.net\/index.php\/2025\/08\/18\/paul-poirier-styliste-visionnaire-allier-innovation-et-durabilite-dans-la-mode-contemporaine\/#primaryimage\"},\"thumbnailUrl\":\"https:\/\/bobea.net\/wp-content\/uploads\/2025\/08\/MjAxMzA5YmM1NzMxMDBlMzg4NWQ2NDA3NmRhZTZmMjY0ZWRjMjU-1.avif\",\"keywords\":[\"cr\u00e9ateur \u00e9thique\",\"fashion responsable\",\"mode durable 2025\",\"mode f\u00e9minine innovante\",\"Paul Poirier styliste\",\"tendance mode \u00e9cologique\"],\"articleSection\":[\"Mode\"],\"inLanguage\":\"fr-FR\",\"potentialAction\":[{\"@type\":\"CommentAction\",\"name\":\"Comment\",\"target\":[\"https:\/\/bobea.net\/index.php\/2025\/08\/18\/paul-poirier-styliste-visionnaire-allier-innovation-et-durabilite-dans-la-mode-contemporaine\/#respond\"]}]},{\"@type\":\"WebPage\",\"@id\":\"https:\/\/bobea.net\/index.php\/2025\/08\/18\/paul-poirier-styliste-visionnaire-allier-innovation-et-durabilite-dans-la-mode-contemporaine\/\",\"url\":\"https:\/\/bobea.net\/index.php\/2025\/08\/18\/paul-poirier-styliste-visionnaire-allier-innovation-et-durabilite-dans-la-mode-contemporaine\/\",\"name\":\"Paul Poirier, styliste visionnaire : allier innovation et durabilit\u00e9 dans la mode contemporaine - Bobea\",\"isPartOf\":{\"@id\":\"https:\/\/bobea.net\/#website\"},\"primaryImageOfPage\":{\"@id\":\"https:\/\/bobea.net\/index.php\/2025\/08\/18\/paul-poirier-styliste-visionnaire-allier-innovation-et-durabilite-dans-la-mode-contemporaine\/#primaryimage\"},\"image\":{\"@id\":\"https:\/\/bobea.net\/index.php\/2025\/08\/18\/paul-poirier-styliste-visionnaire-allier-innovation-et-durabilite-dans-la-mode-contemporaine\/#primaryimage\"},\"thumbnailUrl\":\"https:\/\/bobea.net\/wp-content\/uploads\/2025\/08\/MjAxMzA5YmM1NzMxMDBlMzg4NWQ2NDA3NmRhZTZmMjY0ZWRjMjU-1.avif\",\"datePublished\":\"2025-08-18T12:28:08+00:00\",\"dateModified\":\"2025-08-18T12:28:09+00:00\",\"description\":\"Avec une client\u00e8le grandissante, particuli\u00e8rement chez les jeunes g\u00e9n\u00e9rations sensibles aux valeurs durables, Paul Poirier incarne\",\"breadcrumb\":{\"@id\":\"https:\/\/bobea.net\/index.php\/2025\/08\/18\/paul-poirier-styliste-visionnaire-allier-innovation-et-durabilite-dans-la-mode-contemporaine\/#breadcrumb\"},\"inLanguage\":\"fr-FR\",\"potentialAction\":[{\"@type\":\"ReadAction\",\"target\":[\"https:\/\/bobea.net\/index.php\/2025\/08\/18\/paul-poirier-styliste-visionnaire-allier-innovation-et-durabilite-dans-la-mode-contemporaine\/\"]}]},{\"@type\":\"ImageObject\",\"inLanguage\":\"fr-FR\",\"@id\":\"https:\/\/bobea.net\/index.php\/2025\/08\/18\/paul-poirier-styliste-visionnaire-allier-innovation-et-durabilite-dans-la-mode-contemporaine\/#primaryimage\",\"url\":\"https:\/\/bobea.net\/wp-content\/uploads\/2025\/08\/MjAxMzA5YmM1NzMxMDBlMzg4NWQ2NDA3NmRhZTZmMjY0ZWRjMjU-1.avif\",\"contentUrl\":\"https:\/\/bobea.net\/wp-content\/uploads\/2025\/08\/MjAxMzA5YmM1NzMxMDBlMzg4NWQ2NDA3NmRhZTZmMjY0ZWRjMjU-1.avif\",\"width\":1260,\"height\":708},{\"@type\":\"BreadcrumbList\",\"@id\":\"https:\/\/bobea.net\/index.php\/2025\/08\/18\/paul-poirier-styliste-visionnaire-allier-innovation-et-durabilite-dans-la-mode-contemporaine\/#breadcrumb\",\"itemListElement\":[{\"@type\":\"ListItem\",\"position\":1,\"name\":\"Accueil\",\"item\":\"https:\/\/bobea.net\/\"},{\"@type\":\"ListItem\",\"position\":2,\"name\":\"Paul Poirier, styliste visionnaire : allier innovation et durabilit\u00e9 dans la mode contemporaine\"}]},{\"@type\":\"WebSite\",\"@id\":\"https:\/\/bobea.net\/#website\",\"url\":\"https:\/\/bobea.net\/\",\"name\":\"Bobea\",\"description\":\"Le magazine de la nouvelle \u00c8ve\",\"publisher\":{\"@id\":\"https:\/\/bobea.net\/#organization\"},\"potentialAction\":[{\"@type\":\"SearchAction\",\"target\":{\"@type\":\"EntryPoint\",\"urlTemplate\":\"https:\/\/bobea.net\/?s={search_term_string}\"},\"query-input\":{\"@type\":\"PropertyValueSpecification\",\"valueRequired\":true,\"valueName\":\"search_term_string\"}}],\"inLanguage\":\"fr-FR\"},{\"@type\":\"Organization\",\"@id\":\"https:\/\/bobea.net\/#organization\",\"name\":\"Bobea\",\"url\":\"https:\/\/bobea.net\/\",\"logo\":{\"@type\":\"ImageObject\",\"inLanguage\":\"fr-FR\",\"@id\":\"https:\/\/bobea.net\/#\/schema\/logo\/image\/\",\"url\":\"https:\/\/bobea.net\/wp-content\/uploads\/2024\/06\/bobea.jpg\",\"contentUrl\":\"https:\/\/bobea.net\/wp-content\/uploads\/2024\/06\/bobea.jpg\",\"width\":1080,\"height\":1080,\"caption\":\"Bobea\"},\"image\":{\"@id\":\"https:\/\/bobea.net\/#\/schema\/logo\/image\/\"},\"sameAs\":[\"https:\/\/web.facebook.com\/profile.php?id=61559252188416\"]},{\"@type\":\"Person\",\"@id\":\"https:\/\/bobea.net\/#\/schema\/person\/e7f45ef187918d7c956bf619dce90ccf\",\"name\":\"bobea.info\",\"image\":{\"@type\":\"ImageObject\",\"inLanguage\":\"fr-FR\",\"@id\":\"https:\/\/bobea.net\/#\/schema\/person\/image\/\",\"url\":\"https:\/\/secure.gravatar.com\/avatar\/36147980349df887ae30808df3e29474?s=96&d=mm&r=g\",\"contentUrl\":\"https:\/\/secure.gravatar.com\/avatar\/36147980349df887ae30808df3e29474?s=96&d=mm&r=g\",\"caption\":\"bobea.info\"},\"sameAs\":[\"https:\/\/bobea.net\"],\"url\":\"https:\/\/bobea.net\/index.php\/author\/bobea-info\/\"}]}<\/script>\n<!-- \/ Yoast SEO plugin. -->","yoast_head_json":{"title":"Paul Poirier, styliste visionnaire : allier innovation et durabilit\u00e9 dans la mode contemporaine - Bobea","description":"Avec une client\u00e8le grandissante, particuli\u00e8rement chez les jeunes g\u00e9n\u00e9rations sensibles aux valeurs durables, Paul Poirier incarne","robots":{"index":"index","follow":"follow","max-snippet":"max-snippet:-1","max-image-preview":"max-image-preview:large","max-video-preview":"max-video-preview:-1"},"canonical":"https:\/\/bobea.net\/index.php\/2025\/08\/18\/paul-poirier-styliste-visionnaire-allier-innovation-et-durabilite-dans-la-mode-contemporaine\/","og_locale":"fr_FR","og_type":"article","og_title":"Paul Poirier, styliste visionnaire : allier innovation et durabilit\u00e9 dans la mode contemporaine - Bobea","og_description":"Avec une client\u00e8le grandissante, particuli\u00e8rement chez les jeunes g\u00e9n\u00e9rations sensibles aux valeurs durables, Paul Poirier incarne","og_url":"https:\/\/bobea.net\/index.php\/2025\/08\/18\/paul-poirier-styliste-visionnaire-allier-innovation-et-durabilite-dans-la-mode-contemporaine\/","og_site_name":"Bobea","article_publisher":"https:\/\/web.facebook.com\/profile.php?id=61559252188416","article_published_time":"2025-08-18T12:28:08+00:00","article_modified_time":"2025-08-18T12:28:09+00:00","author":"bobea.info","twitter_card":"summary_large_image","twitter_misc":{"\u00c9crit par":"bobea.info","Dur\u00e9e de lecture estim\u00e9e":"2 minutes"},"schema":{"@context":"https:\/\/schema.org","@graph":[{"@type":"Article","@id":"https:\/\/bobea.net\/index.php\/2025\/08\/18\/paul-poirier-styliste-visionnaire-allier-innovation-et-durabilite-dans-la-mode-contemporaine\/#article","isPartOf":{"@id":"https:\/\/bobea.net\/index.php\/2025\/08\/18\/paul-poirier-styliste-visionnaire-allier-innovation-et-durabilite-dans-la-mode-contemporaine\/"},"author":{"name":"bobea.info","@id":"https:\/\/bobea.net\/#\/schema\/person\/e7f45ef187918d7c956bf619dce90ccf"},"headline":"Paul Poirier, styliste visionnaire : allier innovation et durabilit\u00e9 dans la mode contemporaine","datePublished":"2025-08-18T12:28:08+00:00","dateModified":"2025-08-18T12:28:09+00:00","mainEntityOfPage":{"@id":"https:\/\/bobea.net\/index.php\/2025\/08\/18\/paul-poirier-styliste-visionnaire-allier-innovation-et-durabilite-dans-la-mode-contemporaine\/"},"wordCount":358,"commentCount":0,"publisher":{"@id":"https:\/\/bobea.net\/#organization"},"image":{"@id":"https:\/\/bobea.net\/index.php\/2025\/08\/18\/paul-poirier-styliste-visionnaire-allier-innovation-et-durabilite-dans-la-mode-contemporaine\/#primaryimage"},"thumbnailUrl":"https:\/\/bobea.net\/wp-content\/uploads\/2025\/08\/MjAxMzA5YmM1NzMxMDBlMzg4NWQ2NDA3NmRhZTZmMjY0ZWRjMjU-1.avif","keywords":["cr\u00e9ateur \u00e9thique","fashion responsable","mode durable 2025","mode f\u00e9minine innovante","Paul Poirier styliste","tendance mode \u00e9cologique"],"articleSection":["Mode"],"inLanguage":"fr-FR","potentialAction":[{"@type":"CommentAction","name":"Comment","target":["https:\/\/bobea.net\/index.php\/2025\/08\/18\/paul-poirier-styliste-visionnaire-allier-innovation-et-durabilite-dans-la-mode-contemporaine\/#respond"]}]},{"@type":"WebPage","@id":"https:\/\/bobea.net\/index.php\/2025\/08\/18\/paul-poirier-styliste-visionnaire-allier-innovation-et-durabilite-dans-la-mode-contemporaine\/","url":"https:\/\/bobea.net\/index.php\/2025\/08\/18\/paul-poirier-styliste-visionnaire-allier-innovation-et-durabilite-dans-la-mode-contemporaine\/","name":"Paul Poirier, styliste visionnaire : allier innovation et durabilit\u00e9 dans la mode contemporaine - Bobea","isPartOf":{"@id":"https:\/\/bobea.net\/#website"},"primaryImageOfPage":{"@id":"https:\/\/bobea.net\/index.php\/2025\/08\/18\/paul-poirier-styliste-visionnaire-allier-innovation-et-durabilite-dans-la-mode-contemporaine\/#primaryimage"},"image":{"@id":"https:\/\/bobea.net\/index.php\/2025\/08\/18\/paul-poirier-styliste-visionnaire-allier-innovation-et-durabilite-dans-la-mode-contemporaine\/#primaryimage"},"thumbnailUrl":"https:\/\/bobea.net\/wp-content\/uploads\/2025\/08\/MjAxMzA5YmM1NzMxMDBlMzg4NWQ2NDA3NmRhZTZmMjY0ZWRjMjU-1.avif","datePublished":"2025-08-18T12:28:08+00:00","dateModified":"2025-08-18T12:28:09+00:00","description":"Avec une client\u00e8le grandissante, particuli\u00e8rement chez les jeunes g\u00e9n\u00e9rations sensibles aux valeurs durables, Paul Poirier incarne","breadcrumb":{"@id":"https:\/\/bobea.net\/index.php\/2025\/08\/18\/paul-poirier-styliste-visionnaire-allier-innovation-et-durabilite-dans-la-mode-contemporaine\/#breadcrumb"},"inLanguage":"fr-FR","potentialAction":[{"@type":"ReadAction","target":["https:\/\/bobea.net\/index.php\/2025\/08\/18\/paul-poirier-styliste-visionnaire-allier-innovation-et-durabilite-dans-la-mode-contemporaine\/"]}]},{"@type":"ImageObject","inLanguage":"fr-FR","@id":"https:\/\/bobea.net\/index.php\/2025\/08\/18\/paul-poirier-styliste-visionnaire-allier-innovation-et-durabilite-dans-la-mode-contemporaine\/#primaryimage","url":"https:\/\/bobea.net\/wp-content\/uploads\/2025\/08\/MjAxMzA5YmM1NzMxMDBlMzg4NWQ2NDA3NmRhZTZmMjY0ZWRjMjU-1.avif","contentUrl":"https:\/\/bobea.net\/wp-content\/uploads\/2025\/08\/MjAxMzA5YmM1NzMxMDBlMzg4NWQ2NDA3NmRhZTZmMjY0ZWRjMjU-1.avif","width":1260,"height":708},{"@type":"BreadcrumbList","@id":"https:\/\/bobea.net\/index.php\/2025\/08\/18\/paul-poirier-styliste-visionnaire-allier-innovation-et-durabilite-dans-la-mode-contemporaine\/#breadcrumb","itemListElement":[{"@type":"ListItem","position":1,"name":"Accueil","item":"https:\/\/bobea.net\/"},{"@type":"ListItem","position":2,"name":"Paul Poirier, styliste visionnaire : allier innovation et durabilit\u00e9 dans la mode contemporaine"}]},{"@type":"WebSite","@id":"https:\/\/bobea.net\/#website","url":"https:\/\/bobea.net\/","name":"Bobea","description":"Le magazine de la nouvelle \u00c8ve","publisher":{"@id":"https:\/\/bobea.net\/#organization"},"potentialAction":[{"@type":"SearchAction","target":{"@type":"EntryPoint","urlTemplate":"https:\/\/bobea.net\/?s={search_term_string}"},"query-input":{"@type":"PropertyValueSpecification","valueRequired":true,"valueName":"search_term_string"}}],"inLanguage":"fr-FR"},{"@type":"Organization","@id":"https:\/\/bobea.net\/#organization","name":"Bobea","url":"https:\/\/bobea.net\/","logo":{"@type":"ImageObject","inLanguage":"fr-FR","@id":"https:\/\/bobea.net\/#\/schema\/logo\/image\/","url":"https:\/\/bobea.net\/wp-content\/uploads\/2024\/06\/bobea.jpg","contentUrl":"https:\/\/bobea.net\/wp-content\/uploads\/2024\/06\/bobea.jpg","width":1080,"height":1080,"caption":"Bobea"},"image":{"@id":"https:\/\/bobea.net\/#\/schema\/logo\/image\/"},"sameAs":["https:\/\/web.facebook.com\/profile.php?id=61559252188416"]},{"@type":"Person","@id":"https:\/\/bobea.net\/#\/schema\/person\/e7f45ef187918d7c956bf619dce90ccf","name":"bobea.info","image":{"@type":"ImageObject","inLanguage":"fr-FR","@id":"https:\/\/bobea.net\/#\/schema\/person\/image\/","url":"https:\/\/secure.gravatar.com\/avatar\/36147980349df887ae30808df3e29474?s=96&d=mm&r=g","contentUrl":"https:\/\/secure.gravatar.com\/avatar\/36147980349df887ae30808df3e29474?s=96&d=mm&r=g","caption":"bobea.info"},"sameAs":["https:\/\/bobea.net"],"url":"https:\/\/bobea.net\/index.php\/author\/bobea-info\/"}]}},"_links":{"self":[{"href":"https:\/\/bobea.net\/index.php\/wp-json\/wp\/v2\/posts\/23348"}],"collection":[{"href":"https:\/\/bobea.net\/index.php\/wp-json\/wp\/v2\/posts"}],"about":[{"href":"https:\/\/bobea.net\/index.php\/wp-json\/wp\/v2\/types\/post"}],"author":[{"embeddable":true,"href":"https:\/\/bobea.net\/index.php\/wp-json\/wp\/v2\/users\/1"}],"replies":[{"embeddable":true,"href":"https:\/\/bobea.net\/index.php\/wp-json\/wp\/v2\/comments?post=23348"}],"version-history":[{"count":1,"href":"https:\/\/bobea.net\/index.php\/wp-json\/wp\/v2\/posts\/23348\/revisions"}],"predecessor-version":[{"id":23351,"href":"https:\/\/bobea.net\/index.php\/wp-json\/wp\/v2\/posts\/23348\/revisions\/23351"}],"wp:featuredmedia":[{"embeddable":true,"href":"https:\/\/bobea.net\/index.php\/wp-json\/wp\/v2\/media\/23349"}],"wp:attachment":[{"href":"https:\/\/bobea.net\/index.php\/wp-json\/wp\/v2\/media?parent=23348"}],"wp:term":[{"taxonomy":"category","embeddable":true,"href":"https:\/\/bobea.net\/index.php\/wp-json\/wp\/v2\/categories?post=23348"},{"taxonomy":"post_tag","embeddable":true,"href":"https:\/\/bobea.net\/index.php\/wp-json\/wp\/v2\/tags?post=23348"}],"curies":[{"name":"wp","href":"https:\/\/api.w.org\/{rel}","templated":true}]}}