{"id":23087,"date":"2025-08-15T16:32:43","date_gmt":"2025-08-15T16:32:43","guid":{"rendered":"https:\/\/bobea.net\/?p=23087"},"modified":"2025-08-15T16:32:44","modified_gmt":"2025-08-15T16:32:44","slug":"lart-de-dire-non-se-liberer-de-la-culpabilite-et-poser-ses-limites","status":"publish","type":"post","link":"https:\/\/bobea.net\/index.php\/2025\/08\/15\/lart-de-dire-non-se-liberer-de-la-culpabilite-et-poser-ses-limites\/","title":{"rendered":"L\u2019art de dire non \u2013 se lib\u00e9rer de la culpabilit\u00e9 et poser ses limites"},"content":{"rendered":"\n<p><strong>Intro\u00adduc\u00adtion<\/strong><\/p>\n\n\n\n<p>Dire \u00ab non \u00bb peut para\u00eetre sim\u00adple, mais pour de nom\u00adbreuses femmes, cet acte rel\u00e8ve d\u2019un v\u00e9ri\u00adta\u00adble d\u00e9fi. Dans une soci\u00e9t\u00e9 qui val\u00adorise la disponi\u00adbil\u00adit\u00e9 con\u00adstante et la con\u00adcil\u00adi\u00ada\u00adtion \u00e0 tout prix, refuser une demande est sou\u00advent per\u00e7ue comme un signe d\u2019\u00e9\u00adgo\u00efsme ou d\u2019a\u00adgres\u00adsiv\u00adit\u00e9. Pour\u00adtant, appren\u00addre \u00e0 dire non, c\u2019est se don\u00adner la per\u00admis\u00adsion de respecter ses lim\u00adites, de se pro\u00adt\u00e9ger et de vivre en coh\u00e9rence avec ses pri\u00ador\u00adit\u00e9s.<\/p>\n\n\n\n<p><strong>Pourquoi il est si dif\u00adfi\u00adcile de dire non<\/strong><\/p>\n\n\n\n<p>L\u2019\u00e9\u00add\u00adu\u00adca\u00adtion, les normes cul\u00adturelles et le d\u00e9sir d\u2019\u00eatre aim\u00e9 con\u00addi\u00adtion\u00adnent sou\u00advent les femmes \u00e0 ne pas entr\u00ader en con\u00adflit et \u00e0 r\u00e9pon\u00addre aux attentes des autres. Beau\u00adcoup craig\u00adnent de d\u00e9cevoir, de per\u00addre une rela\u00adtion ou d\u2019\u00eatre mal per\u00e7ues. R\u00e9sul\u00adtat : elles acceptent des engage\u00adments qui les sur\u00adchar\u00adgent ou vont \u00e0 l\u2019en\u00adcon\u00adtre de leurs besoins.<\/p>\n\n\n\n<p><strong>Les con\u00ads\u00e9quences d\u2019un \u00ab oui \u00bb sys\u00adt\u00e9\u00adma\u00adtique<\/strong><\/p>\n\n\n\n<p>Sur le court terme, dire oui apais\u00ader les ten\u00adsions. Mais \u00e0 long terme, cela entra\u00eene fatigue, frus\u00adtra\u00adtion, voire ressen\u00adti\u00adment. Ne pas pos\u00ader ses lim\u00adites con\u00adduit aus\u00adsi \u00e0 une dilu\u00adtion de sa pro\u00adpre iden\u00adtit\u00e9, car on vit selon les besoins des autres plut\u00f4t que les siens.<\/p>\n\n\n\n<p><strong>Clar\u00adi\u00adfi\u00ader ses pri\u00ador\u00adit\u00e9s<\/strong><\/p>\n\n\n\n<p>Avant de pou\u00advoir dire non, il est essen\u00adtiel de savoir \u00e0 quoi sur dit oui. Iden\u00adti\u00adfi\u00ader ses pri\u00ador\u00adit\u00e9s per\u00adson\u00adnelles et pro\u00adfes\u00adsion\u00adnelles per\u00admet d\u2019\u00e9\u00adval\u00aduer rapi\u00adde\u00adment si une demande s\u2019aligne ou non avec ses objec\u00adtifs et ses valeurs. Cela rend le refus plus naturel et moins coupable.<\/p>\n\n\n\n<figure class=\"wp-block-image size-full\"><img loading=\"lazy\" decoding=\"async\" width=\"846\" height=\"566\" src=\"https:\/\/bobea.net\/wp-content\/uploads\/2025\/08\/Poser-des-limites.png\" alt class=\"wp-image-23088\" srcset=\"https:\/\/bobea.net\/wp-content\/uploads\/2025\/08\/Poser-des-limites.png 846w, https:\/\/bobea.net\/wp-content\/uploads\/2025\/08\/Poser-des-limites-300x201.png 300w, https:\/\/bobea.net\/wp-content\/uploads\/2025\/08\/Poser-des-limites-768x514.png 768w\" sizes=\"(max-width: 846px) 100vw, 846px\"><\/figure>\n\n\n\n<p><strong>Les tech\u00adniques pour dire non avec \u00e9l\u00e9\u00adgance<\/strong><\/p>\n\n\n\n<p>Dire non ne sig\u00adni\u00adfie pas \u00eatre froide ou cas\u00adsante. Il existe plusieurs approches :<\/p>\n\n\n\n<ul class=\"wp-block-list\">\n<li><strong>Le non ferme mais aimable<\/strong>&nbsp;&nbsp;: \u00ab Je te remer\u00adcie de penser \u00e0 moi, mais je ne peux pas m\u2019en\u00adgager cette fois-ci. \u00bb<\/li>\n\n\n\n<li><strong>Le non avec alter\u00adna\u00adtive<\/strong>&nbsp;&nbsp;: \u00ab Je ne peux pas cette semaine, mais je peux t\u2019aider \u00e0 un autre moment. \u00bb<\/li>\n\n\n\n<li><strong>Le non expli\u00adcatif<\/strong>&nbsp;&nbsp;: utile lorsque la rela\u00adtion n\u00e9ces\u00adsite de don\u00adner un con\u00adtexte pour pr\u00e9serv\u00ader la com\u00adpr\u00e9hen\u00adsion.<\/li>\n<\/ul>\n\n\n\n<p><strong>Appren\u00addre \u00e0 tol\u00e9r\u00ader les r\u00e9ac\u00adtions<\/strong><\/p>\n\n\n\n<p>Dire non implique d\u2019ac\u00adcepter que cer\u00adtains soient d\u00e9\u00e7us ou en d\u00e9sac\u00adcord. Cela fait par\u00adtie du proces\u00adsus et ne d\u00e9finit pas notre valeur. Les rela\u00adtions saines sur\u00advivant aux refus mutuels.<\/p>\n\n\n\n<p><strong>Con\u00adclu\u00adsion<\/strong><\/p>\n\n\n\n<p>L\u2019art de dire non est une com\u00adp\u00e9\u00adtence cl\u00e9 du bien-\u00eatre. Ce n\u2019est pas un signe d\u2019\u00e9\u00adgo\u00efsme, mais un acte de respect de soi qui per\u00admet aus\u00adsi de mieux servir les autres\u2026 quand on le choisit libre\u00adment.<\/p>\n\n\n\n<p><\/p>\n","protected":false},"excerpt":{"rendered":"<p>Intro\u00adduc\u00adtion Dire \u00ab non \u00bb peut para\u00eetre sim\u00adple, mais pour de nom\u00adbreuses femmes, cet acte rel\u00e8ve d\u2019un v\u00e9ri\u00adta\u00adble d\u00e9fi. Dans une soci\u00e9t\u00e9 qui val\u00adorise la disponi\u00adbil\u00adit\u00e9 con\u00adstante et la con\u00adcil\u00adi\u00ada\u00adtion\u2026 <\/p>\n","protected":false},"author":1,"featured_media":23089,"comment_status":"open","ping_status":"closed","sticky":false,"template":"","format":"standard","meta":{"wp_typography_post_enhancements_disabled":false,"footnotes":""},"categories":[73],"tags":[4317,9284,8711,17311,16960,17309,17312,12335,17310],"class_list":["post-23087","post","type-post","status-publish","format-standard","has-post-thumbnail","hentry","category-on-en-parle","tag-affirmation-de-soi","tag-bien-etre-emotionnel","tag-communication-assertive","tag-confiance-en-soi-femmes","tag-developpement-personnel-feminin","tag-equilibre-vie-perso-pro","tag-gestion-du-temps-femmes","tag-poser-ses-limites","tag-refus-sans-culpabilite"],"yoast_head":"<!-- This site is optimized with the Yoast SEO plugin v24.7 - https:\/\/yoast.com\/wordpress\/plugins\/seo\/ -->\n<title>L&#039;art de dire non \u2013 se lib\u00e9rer de la culpabilit\u00e9 et poser ses limites - Bobea<\/title>\n<meta name=\"robots\" content=\"index, follow, max-snippet:-1, max-image-preview:large, max-video-preview:-1\" \/>\n<link rel=\"canonical\" href=\"https:\/\/bobea.net\/index.php\/2025\/08\/15\/lart-de-dire-non-se-liberer-de-la-culpabilite-et-poser-ses-limites\/\" \/>\n<meta property=\"og:locale\" content=\"fr_FR\" \/>\n<meta property=\"og:type\" content=\"article\" \/>\n<meta property=\"og:title\" content=\"L&#039;art de dire non \u2013 se lib\u00e9rer de la culpabilit\u00e9 et poser ses limites - Bobea\" \/>\n<meta property=\"og:description\" content=\"Intro\u00adduc\u00adtion Dire \u00ab non \u00bb peut para\u00eetre sim\u00adple, mais pour de nom\u00adbreuses femmes, cet acte rel\u00e8ve d\u2019un v\u00e9ri\u00adta\u00adble d\u00e9fi. Dans une soci\u00e9t\u00e9 qui val\u00adorise la disponi\u00adbil\u00adit\u00e9 con\u00adstante et la con\u00adcil\u00adi\u00ada\u00adtion&hellip;\" \/>\n<meta property=\"og:url\" content=\"https:\/\/bobea.net\/index.php\/2025\/08\/15\/lart-de-dire-non-se-liberer-de-la-culpabilite-et-poser-ses-limites\/\" \/>\n<meta property=\"og:site_name\" content=\"Bobea\" \/>\n<meta property=\"article:publisher\" content=\"https:\/\/web.facebook.com\/profile.php?id=61559252188416\" \/>\n<meta property=\"article:published_time\" content=\"2025-08-15T16:32:43+00:00\" \/>\n<meta property=\"article:modified_time\" content=\"2025-08-15T16:32:44+00:00\" \/>\n<meta property=\"og:image\" content=\"https:\/\/bobea.net\/wp-content\/uploads\/2025\/08\/dire-non-1024x512-1.jpg\" \/>\n\t<meta property=\"og:image:width\" content=\"1024\" \/>\n\t<meta property=\"og:image:height\" content=\"512\" \/>\n\t<meta property=\"og:image:type\" content=\"image\/jpeg\" \/>\n<meta name=\"author\" content=\"bobea.info\" \/>\n<meta name=\"twitter:card\" content=\"summary_large_image\" \/>\n<meta name=\"twitter:label1\" content=\"\u00c9crit par\" \/>\n\t<meta name=\"twitter:data1\" content=\"bobea.info\" \/>\n\t<meta name=\"twitter:label2\" content=\"Dur\u00e9e de lecture estim\u00e9e\" \/>\n\t<meta name=\"twitter:data2\" content=\"3 minutes\" \/>\n<script type=\"application\/ld+json\" class=\"yoast-schema-graph\">{\"@context\":\"https:\/\/schema.org\",\"@graph\":[{\"@type\":\"Article\",\"@id\":\"https:\/\/bobea.net\/index.php\/2025\/08\/15\/lart-de-dire-non-se-liberer-de-la-culpabilite-et-poser-ses-limites\/#article\",\"isPartOf\":{\"@id\":\"https:\/\/bobea.net\/index.php\/2025\/08\/15\/lart-de-dire-non-se-liberer-de-la-culpabilite-et-poser-ses-limites\/\"},\"author\":{\"name\":\"bobea.info\",\"@id\":\"https:\/\/bobea.net\/#\/schema\/person\/e7f45ef187918d7c956bf619dce90ccf\"},\"headline\":\"L\u2019art de dire non \u2013 se lib\u00e9rer de la culpabilit\u00e9 et poser ses limites\",\"datePublished\":\"2025-08-15T16:32:43+00:00\",\"dateModified\":\"2025-08-15T16:32:44+00:00\",\"mainEntityOfPage\":{\"@id\":\"https:\/\/bobea.net\/index.php\/2025\/08\/15\/lart-de-dire-non-se-liberer-de-la-culpabilite-et-poser-ses-limites\/\"},\"wordCount\":426,\"commentCount\":0,\"publisher\":{\"@id\":\"https:\/\/bobea.net\/#organization\"},\"image\":{\"@id\":\"https:\/\/bobea.net\/index.php\/2025\/08\/15\/lart-de-dire-non-se-liberer-de-la-culpabilite-et-poser-ses-limites\/#primaryimage\"},\"thumbnailUrl\":\"https:\/\/bobea.net\/wp-content\/uploads\/2025\/08\/dire-non-1024x512-1.jpg\",\"keywords\":[\"affirmation de soi\",\"bien-\u00eatre \u00e9motionnel\",\"communication assertive\",\"confiance en soi femmes\",\"d\u00e9veloppement personnel f\u00e9minin\",\"\u00e9quilibre vie perso pro\",\"gestion du temps femmes\",\"poser ses limites\",\"refus sans culpabilit\u00e9\"],\"articleSection\":[\"On en Parle\"],\"inLanguage\":\"fr-FR\",\"potentialAction\":[{\"@type\":\"CommentAction\",\"name\":\"Comment\",\"target\":[\"https:\/\/bobea.net\/index.php\/2025\/08\/15\/lart-de-dire-non-se-liberer-de-la-culpabilite-et-poser-ses-limites\/#respond\"]}]},{\"@type\":\"WebPage\",\"@id\":\"https:\/\/bobea.net\/index.php\/2025\/08\/15\/lart-de-dire-non-se-liberer-de-la-culpabilite-et-poser-ses-limites\/\",\"url\":\"https:\/\/bobea.net\/index.php\/2025\/08\/15\/lart-de-dire-non-se-liberer-de-la-culpabilite-et-poser-ses-limites\/\",\"name\":\"L'art de dire non \u2013 se lib\u00e9rer de la culpabilit\u00e9 et poser ses limites - Bobea\",\"isPartOf\":{\"@id\":\"https:\/\/bobea.net\/#website\"},\"primaryImageOfPage\":{\"@id\":\"https:\/\/bobea.net\/index.php\/2025\/08\/15\/lart-de-dire-non-se-liberer-de-la-culpabilite-et-poser-ses-limites\/#primaryimage\"},\"image\":{\"@id\":\"https:\/\/bobea.net\/index.php\/2025\/08\/15\/lart-de-dire-non-se-liberer-de-la-culpabilite-et-poser-ses-limites\/#primaryimage\"},\"thumbnailUrl\":\"https:\/\/bobea.net\/wp-content\/uploads\/2025\/08\/dire-non-1024x512-1.jpg\",\"datePublished\":\"2025-08-15T16:32:43+00:00\",\"dateModified\":\"2025-08-15T16:32:44+00:00\",\"breadcrumb\":{\"@id\":\"https:\/\/bobea.net\/index.php\/2025\/08\/15\/lart-de-dire-non-se-liberer-de-la-culpabilite-et-poser-ses-limites\/#breadcrumb\"},\"inLanguage\":\"fr-FR\",\"potentialAction\":[{\"@type\":\"ReadAction\",\"target\":[\"https:\/\/bobea.net\/index.php\/2025\/08\/15\/lart-de-dire-non-se-liberer-de-la-culpabilite-et-poser-ses-limites\/\"]}]},{\"@type\":\"ImageObject\",\"inLanguage\":\"fr-FR\",\"@id\":\"https:\/\/bobea.net\/index.php\/2025\/08\/15\/lart-de-dire-non-se-liberer-de-la-culpabilite-et-poser-ses-limites\/#primaryimage\",\"url\":\"https:\/\/bobea.net\/wp-content\/uploads\/2025\/08\/dire-non-1024x512-1.jpg\",\"contentUrl\":\"https:\/\/bobea.net\/wp-content\/uploads\/2025\/08\/dire-non-1024x512-1.jpg\",\"width\":1024,\"height\":512},{\"@type\":\"BreadcrumbList\",\"@id\":\"https:\/\/bobea.net\/index.php\/2025\/08\/15\/lart-de-dire-non-se-liberer-de-la-culpabilite-et-poser-ses-limites\/#breadcrumb\",\"itemListElement\":[{\"@type\":\"ListItem\",\"position\":1,\"name\":\"Accueil\",\"item\":\"https:\/\/bobea.net\/\"},{\"@type\":\"ListItem\",\"position\":2,\"name\":\"L&rsquo;art de dire non \u2013 se lib\u00e9rer de la culpabilit\u00e9 et poser ses limites\"}]},{\"@type\":\"WebSite\",\"@id\":\"https:\/\/bobea.net\/#website\",\"url\":\"https:\/\/bobea.net\/\",\"name\":\"Bobea\",\"description\":\"Le magazine de la nouvelle \u00c8ve\",\"publisher\":{\"@id\":\"https:\/\/bobea.net\/#organization\"},\"potentialAction\":[{\"@type\":\"SearchAction\",\"target\":{\"@type\":\"EntryPoint\",\"urlTemplate\":\"https:\/\/bobea.net\/?s={search_term_string}\"},\"query-input\":{\"@type\":\"PropertyValueSpecification\",\"valueRequired\":true,\"valueName\":\"search_term_string\"}}],\"inLanguage\":\"fr-FR\"},{\"@type\":\"Organization\",\"@id\":\"https:\/\/bobea.net\/#organization\",\"name\":\"Bobea\",\"url\":\"https:\/\/bobea.net\/\",\"logo\":{\"@type\":\"ImageObject\",\"inLanguage\":\"fr-FR\",\"@id\":\"https:\/\/bobea.net\/#\/schema\/logo\/image\/\",\"url\":\"https:\/\/bobea.net\/wp-content\/uploads\/2024\/06\/bobea.jpg\",\"contentUrl\":\"https:\/\/bobea.net\/wp-content\/uploads\/2024\/06\/bobea.jpg\",\"width\":1080,\"height\":1080,\"caption\":\"Bobea\"},\"image\":{\"@id\":\"https:\/\/bobea.net\/#\/schema\/logo\/image\/\"},\"sameAs\":[\"https:\/\/web.facebook.com\/profile.php?id=61559252188416\"]},{\"@type\":\"Person\",\"@id\":\"https:\/\/bobea.net\/#\/schema\/person\/e7f45ef187918d7c956bf619dce90ccf\",\"name\":\"bobea.info\",\"image\":{\"@type\":\"ImageObject\",\"inLanguage\":\"fr-FR\",\"@id\":\"https:\/\/bobea.net\/#\/schema\/person\/image\/\",\"url\":\"https:\/\/secure.gravatar.com\/avatar\/36147980349df887ae30808df3e29474?s=96&d=mm&r=g\",\"contentUrl\":\"https:\/\/secure.gravatar.com\/avatar\/36147980349df887ae30808df3e29474?s=96&d=mm&r=g\",\"caption\":\"bobea.info\"},\"sameAs\":[\"https:\/\/bobea.net\"],\"url\":\"https:\/\/bobea.net\/index.php\/author\/bobea-info\/\"}]}<\/script>\n<!-- \/ Yoast SEO plugin. -->","yoast_head_json":{"title":"L'art de dire non \u2013 se lib\u00e9rer de la culpabilit\u00e9 et poser ses limites - Bobea","robots":{"index":"index","follow":"follow","max-snippet":"max-snippet:-1","max-image-preview":"max-image-preview:large","max-video-preview":"max-video-preview:-1"},"canonical":"https:\/\/bobea.net\/index.php\/2025\/08\/15\/lart-de-dire-non-se-liberer-de-la-culpabilite-et-poser-ses-limites\/","og_locale":"fr_FR","og_type":"article","og_title":"L'art de dire non \u2013 se lib\u00e9rer de la culpabilit\u00e9 et poser ses limites - Bobea","og_description":"Intro\u00adduc\u00adtion Dire \u00ab non \u00bb peut para\u00eetre sim\u00adple, mais pour de nom\u00adbreuses femmes, cet acte rel\u00e8ve d\u2019un v\u00e9ri\u00adta\u00adble d\u00e9fi. Dans une soci\u00e9t\u00e9 qui val\u00adorise la disponi\u00adbil\u00adit\u00e9 con\u00adstante et la con\u00adcil\u00adi\u00ada\u00adtion&hellip;","og_url":"https:\/\/bobea.net\/index.php\/2025\/08\/15\/lart-de-dire-non-se-liberer-de-la-culpabilite-et-poser-ses-limites\/","og_site_name":"Bobea","article_publisher":"https:\/\/web.facebook.com\/profile.php?id=61559252188416","article_published_time":"2025-08-15T16:32:43+00:00","article_modified_time":"2025-08-15T16:32:44+00:00","og_image":[{"width":1024,"height":512,"url":"https:\/\/bobea.net\/wp-content\/uploads\/2025\/08\/dire-non-1024x512-1.jpg","type":"image\/jpeg"}],"author":"bobea.info","twitter_card":"summary_large_image","twitter_misc":{"\u00c9crit par":"bobea.info","Dur\u00e9e de lecture estim\u00e9e":"3 minutes"},"schema":{"@context":"https:\/\/schema.org","@graph":[{"@type":"Article","@id":"https:\/\/bobea.net\/index.php\/2025\/08\/15\/lart-de-dire-non-se-liberer-de-la-culpabilite-et-poser-ses-limites\/#article","isPartOf":{"@id":"https:\/\/bobea.net\/index.php\/2025\/08\/15\/lart-de-dire-non-se-liberer-de-la-culpabilite-et-poser-ses-limites\/"},"author":{"name":"bobea.info","@id":"https:\/\/bobea.net\/#\/schema\/person\/e7f45ef187918d7c956bf619dce90ccf"},"headline":"L\u2019art de dire non \u2013 se lib\u00e9rer de la culpabilit\u00e9 et poser ses limites","datePublished":"2025-08-15T16:32:43+00:00","dateModified":"2025-08-15T16:32:44+00:00","mainEntityOfPage":{"@id":"https:\/\/bobea.net\/index.php\/2025\/08\/15\/lart-de-dire-non-se-liberer-de-la-culpabilite-et-poser-ses-limites\/"},"wordCount":426,"commentCount":0,"publisher":{"@id":"https:\/\/bobea.net\/#organization"},"image":{"@id":"https:\/\/bobea.net\/index.php\/2025\/08\/15\/lart-de-dire-non-se-liberer-de-la-culpabilite-et-poser-ses-limites\/#primaryimage"},"thumbnailUrl":"https:\/\/bobea.net\/wp-content\/uploads\/2025\/08\/dire-non-1024x512-1.jpg","keywords":["affirmation de soi","bien-\u00eatre \u00e9motionnel","communication assertive","confiance en soi femmes","d\u00e9veloppement personnel f\u00e9minin","\u00e9quilibre vie perso pro","gestion du temps femmes","poser ses limites","refus sans culpabilit\u00e9"],"articleSection":["On en Parle"],"inLanguage":"fr-FR","potentialAction":[{"@type":"CommentAction","name":"Comment","target":["https:\/\/bobea.net\/index.php\/2025\/08\/15\/lart-de-dire-non-se-liberer-de-la-culpabilite-et-poser-ses-limites\/#respond"]}]},{"@type":"WebPage","@id":"https:\/\/bobea.net\/index.php\/2025\/08\/15\/lart-de-dire-non-se-liberer-de-la-culpabilite-et-poser-ses-limites\/","url":"https:\/\/bobea.net\/index.php\/2025\/08\/15\/lart-de-dire-non-se-liberer-de-la-culpabilite-et-poser-ses-limites\/","name":"L'art de dire non \u2013 se lib\u00e9rer de la culpabilit\u00e9 et poser ses limites - Bobea","isPartOf":{"@id":"https:\/\/bobea.net\/#website"},"primaryImageOfPage":{"@id":"https:\/\/bobea.net\/index.php\/2025\/08\/15\/lart-de-dire-non-se-liberer-de-la-culpabilite-et-poser-ses-limites\/#primaryimage"},"image":{"@id":"https:\/\/bobea.net\/index.php\/2025\/08\/15\/lart-de-dire-non-se-liberer-de-la-culpabilite-et-poser-ses-limites\/#primaryimage"},"thumbnailUrl":"https:\/\/bobea.net\/wp-content\/uploads\/2025\/08\/dire-non-1024x512-1.jpg","datePublished":"2025-08-15T16:32:43+00:00","dateModified":"2025-08-15T16:32:44+00:00","breadcrumb":{"@id":"https:\/\/bobea.net\/index.php\/2025\/08\/15\/lart-de-dire-non-se-liberer-de-la-culpabilite-et-poser-ses-limites\/#breadcrumb"},"inLanguage":"fr-FR","potentialAction":[{"@type":"ReadAction","target":["https:\/\/bobea.net\/index.php\/2025\/08\/15\/lart-de-dire-non-se-liberer-de-la-culpabilite-et-poser-ses-limites\/"]}]},{"@type":"ImageObject","inLanguage":"fr-FR","@id":"https:\/\/bobea.net\/index.php\/2025\/08\/15\/lart-de-dire-non-se-liberer-de-la-culpabilite-et-poser-ses-limites\/#primaryimage","url":"https:\/\/bobea.net\/wp-content\/uploads\/2025\/08\/dire-non-1024x512-1.jpg","contentUrl":"https:\/\/bobea.net\/wp-content\/uploads\/2025\/08\/dire-non-1024x512-1.jpg","width":1024,"height":512},{"@type":"BreadcrumbList","@id":"https:\/\/bobea.net\/index.php\/2025\/08\/15\/lart-de-dire-non-se-liberer-de-la-culpabilite-et-poser-ses-limites\/#breadcrumb","itemListElement":[{"@type":"ListItem","position":1,"name":"Accueil","item":"https:\/\/bobea.net\/"},{"@type":"ListItem","position":2,"name":"L&rsquo;art de dire non \u2013 se lib\u00e9rer de la culpabilit\u00e9 et poser ses limites"}]},{"@type":"WebSite","@id":"https:\/\/bobea.net\/#website","url":"https:\/\/bobea.net\/","name":"Bobea","description":"Le magazine de la nouvelle \u00c8ve","publisher":{"@id":"https:\/\/bobea.net\/#organization"},"potentialAction":[{"@type":"SearchAction","target":{"@type":"EntryPoint","urlTemplate":"https:\/\/bobea.net\/?s={search_term_string}"},"query-input":{"@type":"PropertyValueSpecification","valueRequired":true,"valueName":"search_term_string"}}],"inLanguage":"fr-FR"},{"@type":"Organization","@id":"https:\/\/bobea.net\/#organization","name":"Bobea","url":"https:\/\/bobea.net\/","logo":{"@type":"ImageObject","inLanguage":"fr-FR","@id":"https:\/\/bobea.net\/#\/schema\/logo\/image\/","url":"https:\/\/bobea.net\/wp-content\/uploads\/2024\/06\/bobea.jpg","contentUrl":"https:\/\/bobea.net\/wp-content\/uploads\/2024\/06\/bobea.jpg","width":1080,"height":1080,"caption":"Bobea"},"image":{"@id":"https:\/\/bobea.net\/#\/schema\/logo\/image\/"},"sameAs":["https:\/\/web.facebook.com\/profile.php?id=61559252188416"]},{"@type":"Person","@id":"https:\/\/bobea.net\/#\/schema\/person\/e7f45ef187918d7c956bf619dce90ccf","name":"bobea.info","image":{"@type":"ImageObject","inLanguage":"fr-FR","@id":"https:\/\/bobea.net\/#\/schema\/person\/image\/","url":"https:\/\/secure.gravatar.com\/avatar\/36147980349df887ae30808df3e29474?s=96&d=mm&r=g","contentUrl":"https:\/\/secure.gravatar.com\/avatar\/36147980349df887ae30808df3e29474?s=96&d=mm&r=g","caption":"bobea.info"},"sameAs":["https:\/\/bobea.net"],"url":"https:\/\/bobea.net\/index.php\/author\/bobea-info\/"}]}},"_links":{"self":[{"href":"https:\/\/bobea.net\/index.php\/wp-json\/wp\/v2\/posts\/23087"}],"collection":[{"href":"https:\/\/bobea.net\/index.php\/wp-json\/wp\/v2\/posts"}],"about":[{"href":"https:\/\/bobea.net\/index.php\/wp-json\/wp\/v2\/types\/post"}],"author":[{"embeddable":true,"href":"https:\/\/bobea.net\/index.php\/wp-json\/wp\/v2\/users\/1"}],"replies":[{"embeddable":true,"href":"https:\/\/bobea.net\/index.php\/wp-json\/wp\/v2\/comments?post=23087"}],"version-history":[{"count":1,"href":"https:\/\/bobea.net\/index.php\/wp-json\/wp\/v2\/posts\/23087\/revisions"}],"predecessor-version":[{"id":23090,"href":"https:\/\/bobea.net\/index.php\/wp-json\/wp\/v2\/posts\/23087\/revisions\/23090"}],"wp:featuredmedia":[{"embeddable":true,"href":"https:\/\/bobea.net\/index.php\/wp-json\/wp\/v2\/media\/23089"}],"wp:attachment":[{"href":"https:\/\/bobea.net\/index.php\/wp-json\/wp\/v2\/media?parent=23087"}],"wp:term":[{"taxonomy":"category","embeddable":true,"href":"https:\/\/bobea.net\/index.php\/wp-json\/wp\/v2\/categories?post=23087"},{"taxonomy":"post_tag","embeddable":true,"href":"https:\/\/bobea.net\/index.php\/wp-json\/wp\/v2\/tags?post=23087"}],"curies":[{"name":"wp","href":"https:\/\/api.w.org\/{rel}","templated":true}]}}