{"id":22964,"date":"2025-08-12T12:12:00","date_gmt":"2025-08-12T12:12:00","guid":{"rendered":"https:\/\/bobea.net\/?p=22964"},"modified":"2025-08-12T12:12:01","modified_gmt":"2025-08-12T12:12:01","slug":"savoir-dire-non-saffirmer-sans-benir","status":"publish","type":"post","link":"https:\/\/bobea.net\/index.php\/2025\/08\/12\/savoir-dire-non-saffirmer-sans-benir\/","title":{"rendered":"Savoir dire non \u2013 s\u2019affirmer sans b\u00e9nir"},"content":{"rendered":"\n<p>Dire non : un art et une n\u00e9ces\u00adsit\u00e9<\/p>\n\n\n\n<p>Dans une soci\u00e9t\u00e9 o\u00f9 il est sou\u00advent val\u00adoris\u00e9 d\u2019\u00eatre disponible, con\u00adciliant et g\u00e9n\u00e9reux, dire non peut appa\u00adra\u00eetre comme un acte dif\u00adfi\u00adcile, voire coupable. Pour\u00adtant, savoir dire non est&nbsp;un acte essen\u00adtiel d\u2019af\u00adfir\u00adma\u00adtion de soi et de respect per\u00adson\u00adnel&nbsp;, indis\u00adpens\u00adable pour pr\u00e9serv\u00ader son \u00e9quili\u00adbre \u00e9mo\u00adtion\u00adnel et ses rela\u00adtions.<\/p>\n\n\n\n<p>Dire non, ce n\u2019est pas rejeter les autres, c\u2019est&nbsp;pos\u00ader ses lim\u00adites claire\u00adment&nbsp;, pour mieux vivre ses pri\u00ador\u00adit\u00e9s et \u00e9viter l\u2019\u00e9puise\u00adment.<\/p>\n\n\n\n<p>Pourquoi est-ce si dif\u00adfi\u00adcile de dire non ?<\/p>\n\n\n\n<p>Plusieurs raisons expliquent cette dif\u00adfi\u00adcult\u00e9 :<\/p>\n\n\n\n<ul class=\"wp-block-list\">\n<li>La peur du rejet&nbsp;: crain\u00addre que dire non brise une rela\u00adtion ou d\u00e9\u00e7oive.<\/li>\n\n\n\n<li>Le d\u00e9sir d\u2019\u00eatre appr\u00e9\u00adci\u00e9&nbsp;: vouloir plaire co\u00fbte que co\u00fbte.<\/li>\n\n\n\n<li>La cul\u00adpa\u00adbil\u00adit\u00e9&nbsp;: se sen\u00adtir \u00e9go\u00efste lorsqu\u2019on refuse une demande.<\/li>\n\n\n\n<li>L\u2019ab\u00adsence d\u2019habi\u00adtude&nbsp;: ne pas avoir appris \u00e0 exprimer ses lim\u00adites.<\/li>\n<\/ul>\n\n\n\n<p>Com\u00adpren\u00addre ces freins est la pre\u00admi\u00e8re \u00e9tape pour s\u2019\u00e9\u00admanciper du syn\u00addrome de la \u00ab bonne poire \u00bb et gag\u00adn\u00ader en autonomie \u00e9mo\u00adtion\u00adnelle.<\/p>\n\n\n\n<p>Les bien\u00adfaits de dire non avec tact<\/p>\n\n\n\n<p>Appren\u00addre \u00e0 dire non ne sig\u00adni\u00adfie pas bru\u00adtal\u00adit\u00e9 ni agres\u00adsiv\u00adit\u00e9. Au con\u00adtraire, c\u2019est une mani\u00e8re de com\u00admu\u00adni\u00adquer avec hon\u00adn\u00eatet\u00e9 et douceur, ce qui favorise :<\/p>\n\n\n\n<ul class=\"wp-block-list\">\n<li>Le respect mutuel&nbsp;: quand on pose ses lim\u00adites, on invite les autres \u00e0 en faire autant.<\/li>\n\n\n\n<li>La s\u00e9r\u00e9nit\u00e9 int\u00e9rieure&nbsp;: la ges\u00adtion du stress s\u2019am\u00e9liore quand on ne s\u2019im\u00adpose pas l\u2019im\u00adpos\u00adsi\u00adble.<\/li>\n\n\n\n<li>La qual\u00adit\u00e9 des rela\u00adtions&nbsp;: les liens fond\u00e9s sur l\u2019au\u00adthen\u00adtic\u00adit\u00e9 sont plus durables et grat\u00adi\u00adfi\u00adants.<\/li>\n\n\n\n<li>La con\u00adfi\u00adance en soi&nbsp;: chaque non affir\u00adm\u00e9 ren\u00adforce l\u2019es\u00adtime per\u00adson\u00adnelle.<\/li>\n<\/ul>\n\n\n\n<p>Com\u00adment dire non sans b\u00e9nir ?<\/p>\n\n\n\n<ol start=\"1\" class=\"wp-block-list\">\n<li>Choisir le bon moment et le bon ton&nbsp;: calmer son dis\u00adcours et \u00e9viter les fatigues \u00e9mo\u00adtion\u00adnelles.<\/li>\n\n\n\n<li>Dire mer\u00adci&nbsp;: val\u00adoris\u00ader la propo\u00adsi\u00adtion avant de la refuser.<\/li>\n\n\n\n<li>For\u00admuler claire\u00adment sa posi\u00adtion&nbsp;sans excus\u00ades exces\u00adsives : \u00ab Je ne peux pas r\u00e9pon\u00addre oui cette fois, car\u2026 \u00bb<\/li>\n\n\n\n<li>Pro\u00adpos\u00ader une alter\u00adna\u00adtive&nbsp;\u00e9ventuelle ou une autre solu\u00adtion, si vous le souhaitez.<\/li>\n\n\n\n<li>Rester ferme&nbsp;en cas d\u2019in\u00adsis\u00adtance, sans per\u00addre son calme.<\/li>\n<\/ol>\n\n\n\n<p>Exem\u00adples con\u00adcrets<\/p>\n\n\n\n<ul class=\"wp-block-list\">\n<li>Au tra\u00advail : \u00ab Mer\u00adci pour cette propo\u00adsi\u00adtion, je pr\u00e9f\u00e8re me con\u00adcen\u00adtr\u00ader sur mes pri\u00ador\u00adit\u00e9s actuelles. \u00bb<\/li>\n\n\n\n<li>En famille : \u00ab Je com\u00adprends que c\u2019est impor\u00adtant, mais je ne pour\u00adrai pas \u00eatre pr\u00e9sent ce jour-l\u00e0. \u00bb<\/li>\n\n\n\n<li>Entre amis : \u00ab J\u2019ap\u00adpr\u00e9\u00adcie ton invi\u00adta\u00adtion, mais j\u2019ai besoin de temps pour moi ce week-end. \u00bb<\/li>\n<\/ul>\n\n\n\n<p>S\u2019ex\u00adercer \u00e0 dire non : le chemin vers l\u2019af\u00adfir\u00adma\u00adtion<\/p>\n\n\n\n<p>Le change\u00adment se fait sou\u00advent par petites habi\u00adtudes : com\u00admencer par refuser des deman\u00addes sec\u00adondaires, puis pro\u00adgres\u00adsive\u00adment des deman\u00addes plus impor\u00adtantes. Il est utile de pra\u00adti\u00adquer avec bien\u00adveil\u00adlance et patience, sans rechercher la per\u00adfec\u00adtion d\u00e8s le d\u00e9part.<\/p>\n\n\n\n<figure class=\"wp-block-image size-full\"><img loading=\"lazy\" decoding=\"async\" width=\"1024\" height=\"683\" src=\"https:\/\/bobea.net\/wp-content\/uploads\/2025\/08\/Choisir-entre-oui-non-1024x683-2.webp\" alt class=\"wp-image-22968\" srcset=\"https:\/\/bobea.net\/wp-content\/uploads\/2025\/08\/Choisir-entre-oui-non-1024x683-2.webp 1024w, https:\/\/bobea.net\/wp-content\/uploads\/2025\/08\/Choisir-entre-oui-non-1024x683-2-300x200.webp 300w, https:\/\/bobea.net\/wp-content\/uploads\/2025\/08\/Choisir-entre-oui-non-1024x683-2-768x512.webp 768w\" sizes=\"(max-width: 1024px) 100vw, 1024px\"><\/figure>\n\n\n\n<p>Le r\u00f4le de la com\u00admu\u00adni\u00adca\u00adtion non ver\u00adbale<\/p>\n\n\n\n<p>Dire non, c\u2019est aus\u00adsi affirmer son lan\u00adgage cor\u00adporel. Main\u00adtenir un con\u00adtact visuel doux, respir\u00ader calme\u00adment, adopter une pos\u00adture ouverte mais assur\u00ader aider \u00e0 trans\u00admet\u00adtre le mes\u00adsage sans agres\u00adsiv\u00adit\u00e9.<\/p>\n\n\n\n<p>T\u00e9moignage inspi\u00adrant<\/p>\n\n\n\n<p>Claire, 38 ans, racon\u00adte : \u00ab J\u2019avais telle\u00adment peur de d\u00e9pli\u00ader que je dis\u00adais tou\u00adjours oui, jusqu\u2019\u00e0 \u00e9puise\u00adment. Appren\u00addre \u00e0 pos\u00ader mes lim\u00adites m\u2019a per\u00admis non seule\u00adment de mieux g\u00e9r\u00ader mon temps mais aus\u00adsi d\u2019am\u00e9lior\u00ader mes rela\u00adtions, car les gens savent main\u00adtenant qui je suis vrai\u00adment. \u00bb<\/p>\n\n\n\n<p>Con\u00adclu\u00adsion opti\u00admis\u00e9e pour le r\u00e9f\u00e9rence\u00adment<\/p>\n\n\n\n<p>Savoir dire non est une com\u00adp\u00e9\u00adtence cl\u00e9 pour s\u2019af\u00adfirmer et pr\u00e9serv\u00ader son bien-\u00eatre&nbsp;. Avec de la pra\u00adtique, une com\u00admu\u00adni\u00adca\u00adtion douce et un respect mutuel, pos\u00ader ses lim\u00adites devient un acte lib\u00e9ra\u00adteur, une invi\u00adta\u00adtion \u00e0 des rela\u00adtions plus sinc\u00e8res et \u00e9quili\u00adbr\u00e9es.<\/p>\n","protected":false},"excerpt":{"rendered":"<p>Dire non : un art et une n\u00e9ces\u00adsit\u00e9 Dans une soci\u00e9t\u00e9 o\u00f9 il est sou\u00advent val\u00adoris\u00e9 d\u2019\u00eatre disponible, con\u00adciliant et g\u00e9n\u00e9reux, dire non peut appa\u00adra\u00eetre comme un acte dif\u00adfi\u00adcile, voire\u2026 <\/p>\n","protected":false},"author":1,"featured_media":22965,"comment_status":"open","ping_status":"closed","sticky":false,"template":"","format":"standard","meta":{"wp_typography_post_enhancements_disabled":false,"footnotes":""},"categories":[73],"tags":[4317,14902,11631,12611,12335,17097],"class_list":["post-22964","post","type-post","status-publish","format-standard","has-post-thumbnail","hentry","category-on-en-parle","tag-affirmation-de-soi","tag-communication-bienveillante","tag-confiance-en-soi-2","tag-gestion-conflits","tag-poser-ses-limites","tag-psychologie-relationnelle"],"yoast_head":"<!-- This site is optimized with the Yoast SEO plugin v24.7 - https:\/\/yoast.com\/wordpress\/plugins\/seo\/ -->\n<title>Savoir dire non \u2013 s&#039;affirmer sans b\u00e9nir - Bobea<\/title>\n<meta name=\"description\" content=\"Savoir dire non est une comp\u00e9tence cl\u00e9 pour s&#039;affirmer et pr\u00e9server son bien-\u00eatre\u00a0. Avec de la pratique, une communication douce\" \/>\n<meta name=\"robots\" content=\"index, follow, max-snippet:-1, max-image-preview:large, max-video-preview:-1\" \/>\n<link rel=\"canonical\" href=\"https:\/\/bobea.net\/index.php\/2025\/08\/12\/savoir-dire-non-saffirmer-sans-benir\/\" \/>\n<meta property=\"og:locale\" content=\"fr_FR\" \/>\n<meta property=\"og:type\" content=\"article\" \/>\n<meta property=\"og:title\" content=\"Savoir dire non \u2013 s&#039;affirmer sans b\u00e9nir - Bobea\" \/>\n<meta property=\"og:description\" content=\"Savoir dire non est une comp\u00e9tence cl\u00e9 pour s&#039;affirmer et pr\u00e9server son bien-\u00eatre\u00a0. Avec de la pratique, une communication douce\" \/>\n<meta property=\"og:url\" content=\"https:\/\/bobea.net\/index.php\/2025\/08\/12\/savoir-dire-non-saffirmer-sans-benir\/\" \/>\n<meta property=\"og:site_name\" content=\"Bobea\" \/>\n<meta property=\"article:publisher\" content=\"https:\/\/web.facebook.com\/profile.php?id=61559252188416\" \/>\n<meta property=\"article:published_time\" content=\"2025-08-12T12:12:00+00:00\" \/>\n<meta property=\"article:modified_time\" content=\"2025-08-12T12:12:01+00:00\" \/>\n<meta property=\"og:image\" content=\"https:\/\/bobea.net\/wp-content\/uploads\/2025\/08\/images-16-3.jpeg\" \/>\n\t<meta property=\"og:image:width\" content=\"299\" \/>\n\t<meta property=\"og:image:height\" content=\"168\" \/>\n\t<meta property=\"og:image:type\" content=\"image\/jpeg\" \/>\n<meta name=\"author\" content=\"bobea.info\" \/>\n<meta name=\"twitter:card\" content=\"summary_large_image\" \/>\n<meta name=\"twitter:label1\" content=\"\u00c9crit par\" \/>\n\t<meta name=\"twitter:data1\" content=\"bobea.info\" \/>\n\t<meta name=\"twitter:label2\" content=\"Dur\u00e9e de lecture estim\u00e9e\" \/>\n\t<meta name=\"twitter:data2\" content=\"4 minutes\" \/>\n<script type=\"application\/ld+json\" class=\"yoast-schema-graph\">{\"@context\":\"https:\/\/schema.org\",\"@graph\":[{\"@type\":\"Article\",\"@id\":\"https:\/\/bobea.net\/index.php\/2025\/08\/12\/savoir-dire-non-saffirmer-sans-benir\/#article\",\"isPartOf\":{\"@id\":\"https:\/\/bobea.net\/index.php\/2025\/08\/12\/savoir-dire-non-saffirmer-sans-benir\/\"},\"author\":{\"name\":\"bobea.info\",\"@id\":\"https:\/\/bobea.net\/#\/schema\/person\/e7f45ef187918d7c956bf619dce90ccf\"},\"headline\":\"Savoir dire non \u2013 s\u2019affirmer sans b\u00e9nir\",\"datePublished\":\"2025-08-12T12:12:00+00:00\",\"dateModified\":\"2025-08-12T12:12:01+00:00\",\"mainEntityOfPage\":{\"@id\":\"https:\/\/bobea.net\/index.php\/2025\/08\/12\/savoir-dire-non-saffirmer-sans-benir\/\"},\"wordCount\":592,\"commentCount\":0,\"publisher\":{\"@id\":\"https:\/\/bobea.net\/#organization\"},\"image\":{\"@id\":\"https:\/\/bobea.net\/index.php\/2025\/08\/12\/savoir-dire-non-saffirmer-sans-benir\/#primaryimage\"},\"thumbnailUrl\":\"https:\/\/bobea.net\/wp-content\/uploads\/2025\/08\/images-16-3.jpeg\",\"keywords\":[\"affirmation de soi\",\"communication bienveillante\",\"confiance en soi.\",\"gestion conflits\",\"poser ses limites\",\"psychologie relationnelle\"],\"articleSection\":[\"On en Parle\"],\"inLanguage\":\"fr-FR\",\"potentialAction\":[{\"@type\":\"CommentAction\",\"name\":\"Comment\",\"target\":[\"https:\/\/bobea.net\/index.php\/2025\/08\/12\/savoir-dire-non-saffirmer-sans-benir\/#respond\"]}]},{\"@type\":\"WebPage\",\"@id\":\"https:\/\/bobea.net\/index.php\/2025\/08\/12\/savoir-dire-non-saffirmer-sans-benir\/\",\"url\":\"https:\/\/bobea.net\/index.php\/2025\/08\/12\/savoir-dire-non-saffirmer-sans-benir\/\",\"name\":\"Savoir dire non \u2013 s'affirmer sans b\u00e9nir - Bobea\",\"isPartOf\":{\"@id\":\"https:\/\/bobea.net\/#website\"},\"primaryImageOfPage\":{\"@id\":\"https:\/\/bobea.net\/index.php\/2025\/08\/12\/savoir-dire-non-saffirmer-sans-benir\/#primaryimage\"},\"image\":{\"@id\":\"https:\/\/bobea.net\/index.php\/2025\/08\/12\/savoir-dire-non-saffirmer-sans-benir\/#primaryimage\"},\"thumbnailUrl\":\"https:\/\/bobea.net\/wp-content\/uploads\/2025\/08\/images-16-3.jpeg\",\"datePublished\":\"2025-08-12T12:12:00+00:00\",\"dateModified\":\"2025-08-12T12:12:01+00:00\",\"description\":\"Savoir dire non est une comp\u00e9tence cl\u00e9 pour s'affirmer et pr\u00e9server son bien-\u00eatre\u00a0. Avec de la pratique, une communication douce\",\"breadcrumb\":{\"@id\":\"https:\/\/bobea.net\/index.php\/2025\/08\/12\/savoir-dire-non-saffirmer-sans-benir\/#breadcrumb\"},\"inLanguage\":\"fr-FR\",\"potentialAction\":[{\"@type\":\"ReadAction\",\"target\":[\"https:\/\/bobea.net\/index.php\/2025\/08\/12\/savoir-dire-non-saffirmer-sans-benir\/\"]}]},{\"@type\":\"ImageObject\",\"inLanguage\":\"fr-FR\",\"@id\":\"https:\/\/bobea.net\/index.php\/2025\/08\/12\/savoir-dire-non-saffirmer-sans-benir\/#primaryimage\",\"url\":\"https:\/\/bobea.net\/wp-content\/uploads\/2025\/08\/images-16-3.jpeg\",\"contentUrl\":\"https:\/\/bobea.net\/wp-content\/uploads\/2025\/08\/images-16-3.jpeg\",\"width\":299,\"height\":168},{\"@type\":\"BreadcrumbList\",\"@id\":\"https:\/\/bobea.net\/index.php\/2025\/08\/12\/savoir-dire-non-saffirmer-sans-benir\/#breadcrumb\",\"itemListElement\":[{\"@type\":\"ListItem\",\"position\":1,\"name\":\"Accueil\",\"item\":\"https:\/\/bobea.net\/\"},{\"@type\":\"ListItem\",\"position\":2,\"name\":\"Savoir dire non \u2013 s&rsquo;affirmer sans b\u00e9nir\"}]},{\"@type\":\"WebSite\",\"@id\":\"https:\/\/bobea.net\/#website\",\"url\":\"https:\/\/bobea.net\/\",\"name\":\"Bobea\",\"description\":\"Le magazine de la nouvelle \u00c8ve\",\"publisher\":{\"@id\":\"https:\/\/bobea.net\/#organization\"},\"potentialAction\":[{\"@type\":\"SearchAction\",\"target\":{\"@type\":\"EntryPoint\",\"urlTemplate\":\"https:\/\/bobea.net\/?s={search_term_string}\"},\"query-input\":{\"@type\":\"PropertyValueSpecification\",\"valueRequired\":true,\"valueName\":\"search_term_string\"}}],\"inLanguage\":\"fr-FR\"},{\"@type\":\"Organization\",\"@id\":\"https:\/\/bobea.net\/#organization\",\"name\":\"Bobea\",\"url\":\"https:\/\/bobea.net\/\",\"logo\":{\"@type\":\"ImageObject\",\"inLanguage\":\"fr-FR\",\"@id\":\"https:\/\/bobea.net\/#\/schema\/logo\/image\/\",\"url\":\"https:\/\/bobea.net\/wp-content\/uploads\/2024\/06\/bobea.jpg\",\"contentUrl\":\"https:\/\/bobea.net\/wp-content\/uploads\/2024\/06\/bobea.jpg\",\"width\":1080,\"height\":1080,\"caption\":\"Bobea\"},\"image\":{\"@id\":\"https:\/\/bobea.net\/#\/schema\/logo\/image\/\"},\"sameAs\":[\"https:\/\/web.facebook.com\/profile.php?id=61559252188416\"]},{\"@type\":\"Person\",\"@id\":\"https:\/\/bobea.net\/#\/schema\/person\/e7f45ef187918d7c956bf619dce90ccf\",\"name\":\"bobea.info\",\"image\":{\"@type\":\"ImageObject\",\"inLanguage\":\"fr-FR\",\"@id\":\"https:\/\/bobea.net\/#\/schema\/person\/image\/\",\"url\":\"https:\/\/secure.gravatar.com\/avatar\/36147980349df887ae30808df3e29474?s=96&d=mm&r=g\",\"contentUrl\":\"https:\/\/secure.gravatar.com\/avatar\/36147980349df887ae30808df3e29474?s=96&d=mm&r=g\",\"caption\":\"bobea.info\"},\"sameAs\":[\"https:\/\/bobea.net\"],\"url\":\"https:\/\/bobea.net\/index.php\/author\/bobea-info\/\"}]}<\/script>\n<!-- \/ Yoast SEO plugin. -->","yoast_head_json":{"title":"Savoir dire non \u2013 s'affirmer sans b\u00e9nir - Bobea","description":"Savoir dire non est une comp\u00e9tence cl\u00e9 pour s'affirmer et pr\u00e9server son bien-\u00eatre\u00a0. Avec de la pratique, une communication douce","robots":{"index":"index","follow":"follow","max-snippet":"max-snippet:-1","max-image-preview":"max-image-preview:large","max-video-preview":"max-video-preview:-1"},"canonical":"https:\/\/bobea.net\/index.php\/2025\/08\/12\/savoir-dire-non-saffirmer-sans-benir\/","og_locale":"fr_FR","og_type":"article","og_title":"Savoir dire non \u2013 s'affirmer sans b\u00e9nir - Bobea","og_description":"Savoir dire non est une comp\u00e9tence cl\u00e9 pour s'affirmer et pr\u00e9server son bien-\u00eatre\u00a0. Avec de la pratique, une communication douce","og_url":"https:\/\/bobea.net\/index.php\/2025\/08\/12\/savoir-dire-non-saffirmer-sans-benir\/","og_site_name":"Bobea","article_publisher":"https:\/\/web.facebook.com\/profile.php?id=61559252188416","article_published_time":"2025-08-12T12:12:00+00:00","article_modified_time":"2025-08-12T12:12:01+00:00","og_image":[{"width":299,"height":168,"url":"https:\/\/bobea.net\/wp-content\/uploads\/2025\/08\/images-16-3.jpeg","type":"image\/jpeg"}],"author":"bobea.info","twitter_card":"summary_large_image","twitter_misc":{"\u00c9crit par":"bobea.info","Dur\u00e9e de lecture estim\u00e9e":"4 minutes"},"schema":{"@context":"https:\/\/schema.org","@graph":[{"@type":"Article","@id":"https:\/\/bobea.net\/index.php\/2025\/08\/12\/savoir-dire-non-saffirmer-sans-benir\/#article","isPartOf":{"@id":"https:\/\/bobea.net\/index.php\/2025\/08\/12\/savoir-dire-non-saffirmer-sans-benir\/"},"author":{"name":"bobea.info","@id":"https:\/\/bobea.net\/#\/schema\/person\/e7f45ef187918d7c956bf619dce90ccf"},"headline":"Savoir dire non \u2013 s\u2019affirmer sans b\u00e9nir","datePublished":"2025-08-12T12:12:00+00:00","dateModified":"2025-08-12T12:12:01+00:00","mainEntityOfPage":{"@id":"https:\/\/bobea.net\/index.php\/2025\/08\/12\/savoir-dire-non-saffirmer-sans-benir\/"},"wordCount":592,"commentCount":0,"publisher":{"@id":"https:\/\/bobea.net\/#organization"},"image":{"@id":"https:\/\/bobea.net\/index.php\/2025\/08\/12\/savoir-dire-non-saffirmer-sans-benir\/#primaryimage"},"thumbnailUrl":"https:\/\/bobea.net\/wp-content\/uploads\/2025\/08\/images-16-3.jpeg","keywords":["affirmation de soi","communication bienveillante","confiance en soi.","gestion conflits","poser ses limites","psychologie relationnelle"],"articleSection":["On en Parle"],"inLanguage":"fr-FR","potentialAction":[{"@type":"CommentAction","name":"Comment","target":["https:\/\/bobea.net\/index.php\/2025\/08\/12\/savoir-dire-non-saffirmer-sans-benir\/#respond"]}]},{"@type":"WebPage","@id":"https:\/\/bobea.net\/index.php\/2025\/08\/12\/savoir-dire-non-saffirmer-sans-benir\/","url":"https:\/\/bobea.net\/index.php\/2025\/08\/12\/savoir-dire-non-saffirmer-sans-benir\/","name":"Savoir dire non \u2013 s'affirmer sans b\u00e9nir - Bobea","isPartOf":{"@id":"https:\/\/bobea.net\/#website"},"primaryImageOfPage":{"@id":"https:\/\/bobea.net\/index.php\/2025\/08\/12\/savoir-dire-non-saffirmer-sans-benir\/#primaryimage"},"image":{"@id":"https:\/\/bobea.net\/index.php\/2025\/08\/12\/savoir-dire-non-saffirmer-sans-benir\/#primaryimage"},"thumbnailUrl":"https:\/\/bobea.net\/wp-content\/uploads\/2025\/08\/images-16-3.jpeg","datePublished":"2025-08-12T12:12:00+00:00","dateModified":"2025-08-12T12:12:01+00:00","description":"Savoir dire non est une comp\u00e9tence cl\u00e9 pour s'affirmer et pr\u00e9server son bien-\u00eatre\u00a0. Avec de la pratique, une communication douce","breadcrumb":{"@id":"https:\/\/bobea.net\/index.php\/2025\/08\/12\/savoir-dire-non-saffirmer-sans-benir\/#breadcrumb"},"inLanguage":"fr-FR","potentialAction":[{"@type":"ReadAction","target":["https:\/\/bobea.net\/index.php\/2025\/08\/12\/savoir-dire-non-saffirmer-sans-benir\/"]}]},{"@type":"ImageObject","inLanguage":"fr-FR","@id":"https:\/\/bobea.net\/index.php\/2025\/08\/12\/savoir-dire-non-saffirmer-sans-benir\/#primaryimage","url":"https:\/\/bobea.net\/wp-content\/uploads\/2025\/08\/images-16-3.jpeg","contentUrl":"https:\/\/bobea.net\/wp-content\/uploads\/2025\/08\/images-16-3.jpeg","width":299,"height":168},{"@type":"BreadcrumbList","@id":"https:\/\/bobea.net\/index.php\/2025\/08\/12\/savoir-dire-non-saffirmer-sans-benir\/#breadcrumb","itemListElement":[{"@type":"ListItem","position":1,"name":"Accueil","item":"https:\/\/bobea.net\/"},{"@type":"ListItem","position":2,"name":"Savoir dire non \u2013 s&rsquo;affirmer sans b\u00e9nir"}]},{"@type":"WebSite","@id":"https:\/\/bobea.net\/#website","url":"https:\/\/bobea.net\/","name":"Bobea","description":"Le magazine de la nouvelle \u00c8ve","publisher":{"@id":"https:\/\/bobea.net\/#organization"},"potentialAction":[{"@type":"SearchAction","target":{"@type":"EntryPoint","urlTemplate":"https:\/\/bobea.net\/?s={search_term_string}"},"query-input":{"@type":"PropertyValueSpecification","valueRequired":true,"valueName":"search_term_string"}}],"inLanguage":"fr-FR"},{"@type":"Organization","@id":"https:\/\/bobea.net\/#organization","name":"Bobea","url":"https:\/\/bobea.net\/","logo":{"@type":"ImageObject","inLanguage":"fr-FR","@id":"https:\/\/bobea.net\/#\/schema\/logo\/image\/","url":"https:\/\/bobea.net\/wp-content\/uploads\/2024\/06\/bobea.jpg","contentUrl":"https:\/\/bobea.net\/wp-content\/uploads\/2024\/06\/bobea.jpg","width":1080,"height":1080,"caption":"Bobea"},"image":{"@id":"https:\/\/bobea.net\/#\/schema\/logo\/image\/"},"sameAs":["https:\/\/web.facebook.com\/profile.php?id=61559252188416"]},{"@type":"Person","@id":"https:\/\/bobea.net\/#\/schema\/person\/e7f45ef187918d7c956bf619dce90ccf","name":"bobea.info","image":{"@type":"ImageObject","inLanguage":"fr-FR","@id":"https:\/\/bobea.net\/#\/schema\/person\/image\/","url":"https:\/\/secure.gravatar.com\/avatar\/36147980349df887ae30808df3e29474?s=96&d=mm&r=g","contentUrl":"https:\/\/secure.gravatar.com\/avatar\/36147980349df887ae30808df3e29474?s=96&d=mm&r=g","caption":"bobea.info"},"sameAs":["https:\/\/bobea.net"],"url":"https:\/\/bobea.net\/index.php\/author\/bobea-info\/"}]}},"_links":{"self":[{"href":"https:\/\/bobea.net\/index.php\/wp-json\/wp\/v2\/posts\/22964"}],"collection":[{"href":"https:\/\/bobea.net\/index.php\/wp-json\/wp\/v2\/posts"}],"about":[{"href":"https:\/\/bobea.net\/index.php\/wp-json\/wp\/v2\/types\/post"}],"author":[{"embeddable":true,"href":"https:\/\/bobea.net\/index.php\/wp-json\/wp\/v2\/users\/1"}],"replies":[{"embeddable":true,"href":"https:\/\/bobea.net\/index.php\/wp-json\/wp\/v2\/comments?post=22964"}],"version-history":[{"count":1,"href":"https:\/\/bobea.net\/index.php\/wp-json\/wp\/v2\/posts\/22964\/revisions"}],"predecessor-version":[{"id":22969,"href":"https:\/\/bobea.net\/index.php\/wp-json\/wp\/v2\/posts\/22964\/revisions\/22969"}],"wp:featuredmedia":[{"embeddable":true,"href":"https:\/\/bobea.net\/index.php\/wp-json\/wp\/v2\/media\/22965"}],"wp:attachment":[{"href":"https:\/\/bobea.net\/index.php\/wp-json\/wp\/v2\/media?parent=22964"}],"wp:term":[{"taxonomy":"category","embeddable":true,"href":"https:\/\/bobea.net\/index.php\/wp-json\/wp\/v2\/categories?post=22964"},{"taxonomy":"post_tag","embeddable":true,"href":"https:\/\/bobea.net\/index.php\/wp-json\/wp\/v2\/tags?post=22964"}],"curies":[{"name":"wp","href":"https:\/\/api.w.org\/{rel}","templated":true}]}}