{"id":22701,"date":"2025-08-10T19:43:35","date_gmt":"2025-08-10T19:43:35","guid":{"rendered":"https:\/\/bobea.net\/?p=22701"},"modified":"2025-08-10T19:43:37","modified_gmt":"2025-08-10T19:43:37","slug":"la-jeune-femme-canadienne-de-ce-siecle-devant-son-miroir-qui-est-elle-et-comment-se-voit-elle-pour-quel-monde","status":"publish","type":"post","link":"https:\/\/bobea.net\/index.php\/2025\/08\/10\/la-jeune-femme-canadienne-de-ce-siecle-devant-son-miroir-qui-est-elle-et-comment-se-voit-elle-pour-quel-monde\/","title":{"rendered":"La jeune femme canadienne de ce si\u00e8cle : devant son miroir, qui est-elle et comment se voit-elle pour quel monde ?"},"content":{"rendered":"\n<p>Intro\u00adduc\u00adtion<\/p>\n\n\n\n<p>En 2025, la jeune femme cana\u00addi\u00adenne se tient devant son miroir, inter\u00adro\u00adgeant son reflet mais aus\u00adsi son iden\u00adtit\u00e9 dans un monde en pleine trans\u00adfor\u00adma\u00adtion. Por\u00adteuse de mul\u00adti\u00adples pat\u00adri\u00admoines cul\u00adturels, engag\u00e9e, \u00e9man\u00adcip\u00e9e et auda\u00adcieuse, elle est un acteur cl\u00e9 des \u00e9vo\u00adlu\u00adtions sociales, \u00e9conomiques, et envi\u00adron\u00adnemen\u00adtales. Ce por\u00adtrait plonge au c\u0153ur d\u2019une g\u00e9n\u00e9ra\u00adtion qui con\u00adjugue moder\u00adnit\u00e9 et tra\u00addi\u00adtions, d\u00e9fis et espoirs, avec une con\u00adscience forte des enjeux globaux et locaux.<\/p>\n\n\n\n<p>1. Qui est la jeune femme cana\u00addi\u00adenne aujour\u00add\u2019hui ?<\/p>\n\n\n\n<p>La jeune femme cana\u00addi\u00adenne de 25 ans est plurielle. Elle incar\u00adne la diver\u00adsit\u00e9 cul\u00adturelle, reflet du mul\u00adti\u00adcul\u00adtur\u00adal\u00adisme recon\u00adnu et val\u00adoris\u00e9 au Cana\u00adda. Elle peut \u00eatre autochtone, d\u2019o\u00adrig\u00adine europ\u00e9enne, asi\u00ada\u00adtique, africaine ou m\u00e9tisse, et cette mosa\u00efque enri\u00adchit son regard sur elle-m\u00eame et le monde.<\/p>\n\n\n\n<p>Elle est sou\u00advent bilingue voire trilingue, fi\u00e8re d\u2019un pays qui val\u00adorise la tol\u00e9rance, l\u2019in\u00adclu\u00adsion et les droits humains. Elle est con\u00adnec\u00adt\u00e9e, infor\u00adm\u00e9e, mais aus\u00adsi cri\u00adtique vis-\u00e0-vis des sys\u00adt\u00e8mes en place.<\/p>\n\n\n\n<p>Son par\u00adcours est mar\u00adqu\u00e9 par un acc\u00e8s \u00e9lar\u00adgi \u00e0 l\u2019\u00e9\u00add\u00adu\u00adca\u00adtion \u2014 les \u00e9tudes sup\u00e9rieures et l\u2019ac\u00adc\u00e8s \u00e0 la for\u00adma\u00adtion con\u00adtin\u00adue sont des r\u00e9al\u00adit\u00e9s qui for\u00adgent une jeune g\u00e9n\u00e9ra\u00adtion ambitieuse, mais aus\u00adsi con\u00adsciente des in\u00e9\u00adgal\u00adit\u00e9s per\u00adsis\u00adtantes.<\/p>\n\n\n\n<p>Elle est aus\u00adsi inten\u00ads\u00e9\u00adment engag\u00e9e : f\u00e9min\u00adiste, \u00e9col\u00ado\u00adgiste, d\u00e9fenseure des droits des peu\u00adples autochtones, mil\u00adi\u00adtante pour la jus\u00adtice sociale ou por\u00adteuse de pro\u00adjets inno\u00advants dans les domaines tech\u00adnologiques ou cul\u00adturels.<\/p>\n\n\n\n<p>2. Se voir dans son miroir : un regard intime et com\u00adplexe<\/p>\n\n\n\n<p>Devant son miroir, la jeune femme cana\u00addi\u00adenne observe plusieurs dimen\u00adsions d\u2019elle-m\u00eame \u2014 physique, \u00e9mo\u00adtion\u00adnelle, sociale, cul\u00adturelle.<\/p>\n\n\n\n<figure class=\"wp-block-image size-full is-resized\"><img loading=\"lazy\" decoding=\"async\" width=\"734\" height=\"483\" src=\"https:\/\/bobea.net\/wp-content\/uploads\/2025\/08\/IMG_1540.jpg\" alt class=\"wp-image-22702\" style=\"width:840px;height:auto\" srcset=\"https:\/\/bobea.net\/wp-content\/uploads\/2025\/08\/IMG_1540.jpg 734w, https:\/\/bobea.net\/wp-content\/uploads\/2025\/08\/IMG_1540-300x197.jpg 300w\" sizes=\"(max-width: 734px) 100vw, 734px\"><\/figure>\n\n\n\n<ul class=\"wp-block-list\">\n<li>Dans son regard, la con\u00adfi\u00adance m\u00eal\u00e9e d\u2019in\u00adcer\u00adti\u00adtudes.&nbsp;Elle con\u00adna\u00eet ses forces et aus\u00adsi ses vul\u00adn\u00e9ra\u00adbil\u00adit\u00e9s. Le monde change vite, et par\u00adfois cela cr\u00e9e un sen\u00adti\u00adment d\u2019an\u00adgoisse mais aus\u00adsi une grande r\u00e9silience.<\/li>\n\n\n\n<li>Son image cor\u00adporelle est un enjeu majeur.&nbsp;Dans une soci\u00e9t\u00e9 o\u00f9 les stan\u00addards de beaut\u00e9 \u00e9volu\u00adent et o\u00f9 la diver\u00adsit\u00e9 cor\u00adporelle est mieux accep\u00adt\u00e9e, elle se r\u00e9c\u00adon\u00adcilie pro\u00adgres\u00adsive\u00adment avec son corps, refu\u00adsant les dik\u00adtats uni\u00adformisants. La val\u00adori\u00adsa\u00adtion des cheveux naturels, des peaux mul\u00adti\u00adples, des mor\u00adpholo\u00adgies divers\u00ades est une r\u00e9elle avanc\u00e9e.<\/li>\n\n\n\n<li>Sur le plan cul\u00adturel et iden\u00adti\u00adtaire, elle jon\u00adgle avec plusieurs h\u00e9ritages.&nbsp;La recherche d\u2019\u00e9quili\u00adbre entre tra\u00addi\u00adtion et moder\u00adnit\u00e9 forme un chemin par\u00adfois com\u00adplexe, notam\u00adment pour les jeunes femmes autochtones ou les enjeux de l\u2019im\u00admi\u00adgra\u00adtion. Ce dia\u00adlogue int\u00e9rieur inter\u00adroge son appar\u00adte\u00adnance et son authen\u00adtic\u00adit\u00e9.<\/li>\n\n\n\n<li>Elle se voit aus\u00adsi comme une citoyenne du monde, con\u00adsciente des d\u00e9fis globaux : r\u00e9chauf\u00adfe\u00adment cli\u00adma\u00adtique, injus\u00adtices sociales, migra\u00adtions, crises \u00e9conomiques.&nbsp;Ce miroir r\u00e9v\u00e8le une con\u00adscience aigu\u00eb, et un d\u00e9sir pro\u00adfond d\u2019a\u00adgir, d\u2019\u00eatre utile, de con\u00adtribuer \u00e0 un avenir plus juste.<\/li>\n<\/ul>\n\n\n\n<p>3. Pour quel monde se voit-elle ?<\/p>\n\n\n\n<p>La jeune Cana\u00addi\u00adenne de ce si\u00e8\u00adcle r\u00eave et agit pour un monde trans\u00adfor\u00adm\u00e9, respectueux et inclusif. Ses aspi\u00adra\u00adtions majeures sont :<\/p>\n\n\n\n<ul class=\"wp-block-list\">\n<li>Un monde \u00e9cologique\u00adment respon\u00ads\u00adable.&nbsp;L\u2019urgence cli\u00adma\u00adtique est cen\u00adtrale. Beau\u00adcoup int\u00e8\u00adgrent dans leur mode de vie la r\u00e9duc\u00adtion des d\u00e9chets, la con\u00adsom\u00adma\u00adtion respon\u00ads\u00adable, la pro\u00admo\u00adtion des \u00e9ner\u00adgies renou\u00adve\u00adlables. Elles mili\u00adtent pour des poli\u00adtiques ambitieuses et un mode de vie durable.<\/li>\n\n\n\n<li>Un monde sociale\u00adment juste et \u00e9gal\u00adi\u00adtaire.&nbsp;L\u2019\u00e9\u00adgal\u00adit\u00e9 des gen\u00adres, la recon\u00adnais\u00adsance des peu\u00adples autochtones, la lutte con\u00adtre le racisme, le sex\u00adisme et toutes les formes d\u2019ex\u00adclu\u00adsion sont des caus\u00ades pri\u00ador\u00adi\u00adtaires. Elle voudrait vivre dans une soci\u00e9t\u00e9 o\u00f9 les droits sont uni\u00adversels et appliqu\u00e9s r\u00e9elle\u00adment.<\/li>\n\n\n\n<li>Un monde inclusif et mul\u00adti\u00adcul\u00adturel.&nbsp;La fiert\u00e9 d\u2019un Cana\u00adda pluriel se dou\u00adble d\u2019un engage\u00adment \u00e0 faire vivre la diver\u00adsit\u00e9 comme source de richesse et non de divi\u00adsion. Elle imag\u00adine un avenir o\u00f9 chaque cul\u00adture, langue et orig\u00adine est val\u00adoris\u00e9e.<\/li>\n\n\n\n<li>Un monde o\u00f9 la san\u00adt\u00e9 men\u00adtale et le bien-\u00eatre sont une pri\u00ador\u00adit\u00e9.&nbsp;Apr\u00e8s la pand\u00e9mie et la mon\u00adt\u00e9e des trou\u00adbles psy\u00adchiques, ce sujet est devenu une urgence. Elle souhaite une soci\u00e9t\u00e9 qui int\u00e8\u00adgre ces dimen\u00adsions dans le quo\u00adti\u00addi\u00aden, sans tabou ni stig\u00adma\u00adti\u00adsa\u00adtion.<\/li>\n<\/ul>\n\n\n\n<p>4. Les d\u00e9fis aux\u00adquels elle fait face<\/p>\n\n\n\n<p>Cette vision affir\u00adm\u00e9e maise encore sur plusieurs d\u00e9fis :<\/p>\n\n\n\n<ul class=\"wp-block-list\">\n<li>Pres\u00adsion sociale et attentes con\u00adcur\u00adrentes.&nbsp;Elle doit sou\u00advent con\u00adcili\u00ader r\u00e9us\u00adsite pro\u00adfes\u00adsion\u00adnelle, vie famil\u00adiale, engage\u00adments soci\u00adaux et \u00e9panouisse\u00adment per\u00adson\u00adnel, ce qui peut g\u00e9n\u00e9r\u00ader du stress et un sen\u00adti\u00adment de sur\u00adcharge.<\/li>\n\n\n\n<li>In\u00e9\u00adgal\u00adit\u00e9s struc\u00adturelles per\u00adsis\u00adtantes.&nbsp;Mal\u00adgr\u00e9 les pro\u00adgr\u00e8s, les dis\u00adcrim\u00adi\u00adna\u00adtions raciales, sex\u00adistes, \u00e9conomiques ne sont pas \u00e9radiqu\u00e9es. Cer\u00adtaines jeunes femmes souf\u00adfrent de pla\u00adfonds de verre, de vio\u00adlence ou d\u2019ex\u00adclu\u00adsion.<\/li>\n\n\n\n<li>Com\u00adplex\u00adit\u00e9 iden\u00adti\u00adtaire.&nbsp;L\u2019\u00e9quili\u00adbre entre appar\u00adte\u00adnances mul\u00adti\u00adples n\u2019est pas tou\u00adjours sim\u00adple. Elle fait face \u00e0 des injonc\u00adtions con\u00adtra\u00addic\u00adtoires, entre assim\u00adi\u00adla\u00adtion et reven\u00addi\u00adca\u00adtion cul\u00adturelle.<\/li>\n\n\n\n<li>Crise envi\u00adron\u00adnemen\u00adtale.&nbsp;Le sen\u00adti\u00adment d\u2019ur\u00adgence peut aus\u00adsi entra\u00een\u00ader une \u00e9co-anx\u00adi\u00e9t\u00e9, un poids psy\u00adchique li\u00e9 \u00e0 la per\u00adspec\u00adtive d\u2019un avenir incer\u00adtain.<\/li>\n<\/ul>\n\n\n\n<p>5. Com\u00adment elle se con\u00adstru\u00adit et s\u2019\u00e9\u00adpanouit<\/p>\n\n\n\n<p>Face \u00e0 ces r\u00e9al\u00adit\u00e9s, la jeune femme cana\u00addi\u00adenne d\u00e9veloppe des strat\u00e9\u00adgies d\u2019\u00e9\u00adpanouisse\u00adment :<\/p>\n\n\n\n<ul class=\"wp-block-list\">\n<li>Engage\u00adment per\u00adson\u00adnel et col\u00adlec\u00adtif.&nbsp;Elle par\u00adticipe \u00e0 des asso\u00adci\u00ada\u00adtions, mou\u00adve\u00adments citoyens, r\u00e9seaux f\u00e9minins, forums \u00e9cologiques. Cet engage\u00adment nour\u00adrit sa con\u00adfi\u00adance et son sen\u00adti\u00adment d\u2019u\u00adtil\u00adit\u00e9.<\/li>\n\n\n\n<li>Sou\u00adtien com\u00admu\u00adnau\u00adtaire.&nbsp;Elle val\u00adorise la soror\u00adit\u00e9, les r\u00e9seaux d\u2019ami\u00adti\u00e9 et d\u2019en\u00adtraide, o\u00f9 se parta\u00adgent exp\u00e9ri\u00adences, con\u00adseils et ressources.<\/li>\n\n\n\n<li>Prise en charge de sa san\u00adt\u00e9 men\u00adtale.&nbsp;M\u00e9di\u00adta\u00adtion, th\u00e9rapies, espaces d\u2019ex\u00adpres\u00adsion sont des piliers impor\u00adtants pour g\u00e9r\u00ader les ten\u00adsions \u00e9mo\u00adtion\u00adnelles.<\/li>\n\n\n\n<li>Cul\u00adture et expres\u00adsion artis\u00adtique.&nbsp;La musique, la danse, les arts visuels sont autant de lieux o\u00f9 elle explore son iden\u00adtit\u00e9 et affirme sa sin\u00adgu\u00adlar\u00adit\u00e9.<\/li>\n\n\n\n<li>\u00c9du\u00adca\u00adtion et aut\u00ado\u00adfor\u00adma\u00adtion.&nbsp;Elle se forme tout au long de la vie, curieuse et avide d\u2019\u00e9largir ses com\u00adp\u00e9\u00adtences et Hori\u00adzons.<\/li>\n<\/ul>\n\n\n\n<figure class=\"wp-block-image size-large\"><img loading=\"lazy\" decoding=\"async\" width=\"1024\" height=\"597\" src=\"https:\/\/bobea.net\/wp-content\/uploads\/2025\/08\/1_1-1024x597.png\" alt class=\"wp-image-22703\" srcset=\"https:\/\/bobea.net\/wp-content\/uploads\/2025\/08\/1_1-1024x597.png 1024w, https:\/\/bobea.net\/wp-content\/uploads\/2025\/08\/1_1-300x175.png 300w, https:\/\/bobea.net\/wp-content\/uploads\/2025\/08\/1_1-768x448.png 768w, https:\/\/bobea.net\/wp-content\/uploads\/2025\/08\/1_1.png 1147w\" sizes=\"(max-width: 1024px) 100vw, 1024px\"><\/figure>\n\n\n\n<p>6. T\u00e9moignages de jeunes femmes cana\u00addi\u00adennes<\/p>\n\n\n\n<ul class=\"wp-block-list\">\n<li><em>Maya<\/em>&nbsp;, 25 ans, activiste et \u00e9tu\u00addi\u00adante \u00e0 Mon\u00adtr\u00e9al :<br>\u00ab Me voir dans le miroir, c\u2019est \u00eatre fi\u00e8re de mes racines autochtones tout en revendi\u00adquant une place dans ce monde mod\u00aderne. Je r\u00eave d\u2019un Cana\u00adda qui m\u2019ac\u00adcepte pleine\u00adment, avec ma cul\u00adture, ma langue, mes com\u00adbats. \u00bb<\/li>\n\n\n\n<li><em>Sara<\/em>&nbsp;, 24 ans, entre\u00adpre\u00adneure \u00e0 Toron\u00adto :<br>\u00ab Je veux un monde o\u00f9 la r\u00e9us\u00adsite pro\u00adfes\u00adsion\u00adnelle ne me demande pas de sac\u00adri\u00adfi\u00ader ma san\u00adt\u00e9 men\u00adtale ou ma vie per\u00adson\u00adnelle. O\u00f9 mon genre ne soit pas un frein mais une force. Je me vois comme une b\u00e2tis\u00adseuse d\u2019avenir. \u00bb<\/li>\n\n\n\n<li><em>Le\u00efla<\/em>&nbsp;, 25 ans, artiste et mil\u00adi\u00adtante \u00e0 Van\u00adcou\u00adver :<br>\u00ab Le miroir me ren\u00advoie une femme mul\u00adti\u00adcul\u00adturelle, libre. Je porte la voix des femmes de toutes orig\u00adines, et j\u2019e\u00adsp\u00e8re inspir\u00ader un monde plus inclusif, plus beau, plus humain. \u00bb<\/li>\n<\/ul>\n\n\n\n<p>Con\u00adclu\u00adsion<\/p>\n\n\n\n<p>La jeune femme cana\u00addi\u00adenne de ce si\u00e8\u00adcle est une inspi\u00adra\u00adtrice, une b\u00e2tis\u00adseuse de ponts entre pass\u00e9 et futur, entre cul\u00adtures et id\u00e9es, entre indi\u00advid\u00adu\u00adal\u00adit\u00e9 et engage\u00adment col\u00adlec\u00adtif. Face \u00e0 son miroir, elle est \u00e0 la fois elle-m\u00eame dans toute sa com\u00adplex\u00adit\u00e9 et l\u2019im\u00adage d\u2019un monde en muta\u00adtion, plus juste, ouverte et respectueuse.<\/p>\n\n\n\n<p>Bob\u00e9a l\u2019in\u00advite \u00e0 con\u00adtin\u00aduer \u00e0 oser, \u00e0 s\u2019af\u00adfirmer, \u00e0 r\u00eaver grand et \u00e0 cr\u00e9er avec audace les chemins de l\u2019avenir. Parce que cha\u00adcune d\u2019en\u00adtre elles est, \u00e0 sa mani\u00e8re, la cl\u00e9 d\u2019un monde meilleur.<\/p>\n\n\n\n<p><\/p>\n","protected":false},"excerpt":{"rendered":"<p>Intro\u00adduc\u00adtion En 2025, la jeune femme cana\u00addi\u00adenne se tient devant son miroir, inter\u00adro\u00adgeant son reflet mais aus\u00adsi son iden\u00adtit\u00e9 dans un monde en pleine trans\u00adfor\u00adma\u00adtion. Por\u00adteuse de mul\u00adti\u00adples pat\u00adri\u00admoines cul\u00adturels,\u2026 <\/p>\n","protected":false},"author":1,"featured_media":22704,"comment_status":"open","ping_status":"closed","sticky":false,"template":"","format":"standard","meta":{"wp_typography_post_enhancements_disabled":false,"footnotes":""},"categories":[73],"tags":[395,16842,16845,16846,16847,16843,16848,16849],"class_list":["post-22701","post","type-post","status-publish","format-standard","has-post-thumbnail","hentry","category-on-en-parle","tag-autonomisation-feminine","tag-bobea-societe","tag-diversite-culturelle-canadienne","tag-engagement-femmes-jeunes","tag-futur-durable-femmes","tag-identite-feminine-canada","tag-inclusion-sociale-canada","tag-sante-mentale-jeunes-femmes"],"yoast_head":"<!-- This site is optimized with the Yoast SEO plugin v24.7 - https:\/\/yoast.com\/wordpress\/plugins\/seo\/ -->\n<title>La jeune femme canadienne de ce si\u00e8cle : devant son miroir, qui est-elle et comment se voit-elle pour quel monde ? - Bobea<\/title>\n<meta name=\"robots\" content=\"index, follow, max-snippet:-1, max-image-preview:large, max-video-preview:-1\" \/>\n<link rel=\"canonical\" href=\"https:\/\/bobea.net\/index.php\/2025\/08\/10\/la-jeune-femme-canadienne-de-ce-siecle-devant-son-miroir-qui-est-elle-et-comment-se-voit-elle-pour-quel-monde\/\" \/>\n<meta property=\"og:locale\" content=\"fr_FR\" \/>\n<meta property=\"og:type\" content=\"article\" \/>\n<meta property=\"og:title\" content=\"La jeune femme canadienne de ce si\u00e8cle : devant son miroir, qui est-elle et comment se voit-elle pour quel monde ? - Bobea\" \/>\n<meta property=\"og:description\" content=\"Intro\u00adduc\u00adtion En 2025, la jeune femme cana\u00addi\u00adenne se tient devant son miroir, inter\u00adro\u00adgeant son reflet mais aus\u00adsi son iden\u00adtit\u00e9 dans un monde en pleine trans\u00adfor\u00adma\u00adtion. Por\u00adteuse de mul\u00adti\u00adples pat\u00adri\u00admoines cul\u00adturels,&hellip;\" \/>\n<meta property=\"og:url\" content=\"https:\/\/bobea.net\/index.php\/2025\/08\/10\/la-jeune-femme-canadienne-de-ce-siecle-devant-son-miroir-qui-est-elle-et-comment-se-voit-elle-pour-quel-monde\/\" \/>\n<meta property=\"og:site_name\" content=\"Bobea\" \/>\n<meta property=\"article:publisher\" content=\"https:\/\/web.facebook.com\/profile.php?id=61559252188416\" \/>\n<meta property=\"article:published_time\" content=\"2025-08-10T19:43:35+00:00\" \/>\n<meta property=\"article:modified_time\" content=\"2025-08-10T19:43:37+00:00\" \/>\n<meta property=\"og:image\" content=\"https:\/\/bobea.net\/wp-content\/uploads\/2025\/08\/femmes-marquantes-canada-gabrielle-roy.jpg\" \/>\n\t<meta property=\"og:image:width\" content=\"1063\" \/>\n\t<meta property=\"og:image:height\" content=\"700\" \/>\n\t<meta property=\"og:image:type\" content=\"image\/jpeg\" \/>\n<meta name=\"author\" content=\"bobea.info\" \/>\n<meta name=\"twitter:card\" content=\"summary_large_image\" \/>\n<meta name=\"twitter:label1\" content=\"\u00c9crit par\" \/>\n\t<meta name=\"twitter:data1\" content=\"bobea.info\" \/>\n\t<meta name=\"twitter:label2\" content=\"Dur\u00e9e de lecture estim\u00e9e\" \/>\n\t<meta name=\"twitter:data2\" content=\"6 minutes\" \/>\n<script type=\"application\/ld+json\" class=\"yoast-schema-graph\">{\"@context\":\"https:\/\/schema.org\",\"@graph\":[{\"@type\":\"Article\",\"@id\":\"https:\/\/bobea.net\/index.php\/2025\/08\/10\/la-jeune-femme-canadienne-de-ce-siecle-devant-son-miroir-qui-est-elle-et-comment-se-voit-elle-pour-quel-monde\/#article\",\"isPartOf\":{\"@id\":\"https:\/\/bobea.net\/index.php\/2025\/08\/10\/la-jeune-femme-canadienne-de-ce-siecle-devant-son-miroir-qui-est-elle-et-comment-se-voit-elle-pour-quel-monde\/\"},\"author\":{\"name\":\"bobea.info\",\"@id\":\"https:\/\/bobea.net\/#\/schema\/person\/e7f45ef187918d7c956bf619dce90ccf\"},\"headline\":\"La jeune femme canadienne de ce si\u00e8cle : devant son miroir, qui est-elle et comment se voit-elle pour quel monde ?\",\"datePublished\":\"2025-08-10T19:43:35+00:00\",\"dateModified\":\"2025-08-10T19:43:37+00:00\",\"mainEntityOfPage\":{\"@id\":\"https:\/\/bobea.net\/index.php\/2025\/08\/10\/la-jeune-femme-canadienne-de-ce-siecle-devant-son-miroir-qui-est-elle-et-comment-se-voit-elle-pour-quel-monde\/\"},\"wordCount\":1185,\"commentCount\":0,\"publisher\":{\"@id\":\"https:\/\/bobea.net\/#organization\"},\"image\":{\"@id\":\"https:\/\/bobea.net\/index.php\/2025\/08\/10\/la-jeune-femme-canadienne-de-ce-siecle-devant-son-miroir-qui-est-elle-et-comment-se-voit-elle-pour-quel-monde\/#primaryimage\"},\"thumbnailUrl\":\"https:\/\/bobea.net\/wp-content\/uploads\/2025\/08\/femmes-marquantes-canada-gabrielle-roy.jpg\",\"keywords\":[\"autonomisation f\u00e9minine\",\"Bob\u00e9a soci\u00e9t\u00e9.\",\"diversit\u00e9 culturelle canadienne\",\"engagement femmes jeunes\",\"futur durable femmes\",\"identit\u00e9 f\u00e9minine Canada\",\"inclusion sociale Canada\",\"sant\u00e9 mentale jeunes femmes\"],\"articleSection\":[\"On en Parle\"],\"inLanguage\":\"fr-FR\",\"potentialAction\":[{\"@type\":\"CommentAction\",\"name\":\"Comment\",\"target\":[\"https:\/\/bobea.net\/index.php\/2025\/08\/10\/la-jeune-femme-canadienne-de-ce-siecle-devant-son-miroir-qui-est-elle-et-comment-se-voit-elle-pour-quel-monde\/#respond\"]}]},{\"@type\":\"WebPage\",\"@id\":\"https:\/\/bobea.net\/index.php\/2025\/08\/10\/la-jeune-femme-canadienne-de-ce-siecle-devant-son-miroir-qui-est-elle-et-comment-se-voit-elle-pour-quel-monde\/\",\"url\":\"https:\/\/bobea.net\/index.php\/2025\/08\/10\/la-jeune-femme-canadienne-de-ce-siecle-devant-son-miroir-qui-est-elle-et-comment-se-voit-elle-pour-quel-monde\/\",\"name\":\"La jeune femme canadienne de ce si\u00e8cle : devant son miroir, qui est-elle et comment se voit-elle pour quel monde ? - Bobea\",\"isPartOf\":{\"@id\":\"https:\/\/bobea.net\/#website\"},\"primaryImageOfPage\":{\"@id\":\"https:\/\/bobea.net\/index.php\/2025\/08\/10\/la-jeune-femme-canadienne-de-ce-siecle-devant-son-miroir-qui-est-elle-et-comment-se-voit-elle-pour-quel-monde\/#primaryimage\"},\"image\":{\"@id\":\"https:\/\/bobea.net\/index.php\/2025\/08\/10\/la-jeune-femme-canadienne-de-ce-siecle-devant-son-miroir-qui-est-elle-et-comment-se-voit-elle-pour-quel-monde\/#primaryimage\"},\"thumbnailUrl\":\"https:\/\/bobea.net\/wp-content\/uploads\/2025\/08\/femmes-marquantes-canada-gabrielle-roy.jpg\",\"datePublished\":\"2025-08-10T19:43:35+00:00\",\"dateModified\":\"2025-08-10T19:43:37+00:00\",\"breadcrumb\":{\"@id\":\"https:\/\/bobea.net\/index.php\/2025\/08\/10\/la-jeune-femme-canadienne-de-ce-siecle-devant-son-miroir-qui-est-elle-et-comment-se-voit-elle-pour-quel-monde\/#breadcrumb\"},\"inLanguage\":\"fr-FR\",\"potentialAction\":[{\"@type\":\"ReadAction\",\"target\":[\"https:\/\/bobea.net\/index.php\/2025\/08\/10\/la-jeune-femme-canadienne-de-ce-siecle-devant-son-miroir-qui-est-elle-et-comment-se-voit-elle-pour-quel-monde\/\"]}]},{\"@type\":\"ImageObject\",\"inLanguage\":\"fr-FR\",\"@id\":\"https:\/\/bobea.net\/index.php\/2025\/08\/10\/la-jeune-femme-canadienne-de-ce-siecle-devant-son-miroir-qui-est-elle-et-comment-se-voit-elle-pour-quel-monde\/#primaryimage\",\"url\":\"https:\/\/bobea.net\/wp-content\/uploads\/2025\/08\/femmes-marquantes-canada-gabrielle-roy.jpg\",\"contentUrl\":\"https:\/\/bobea.net\/wp-content\/uploads\/2025\/08\/femmes-marquantes-canada-gabrielle-roy.jpg\",\"width\":1063,\"height\":700},{\"@type\":\"BreadcrumbList\",\"@id\":\"https:\/\/bobea.net\/index.php\/2025\/08\/10\/la-jeune-femme-canadienne-de-ce-siecle-devant-son-miroir-qui-est-elle-et-comment-se-voit-elle-pour-quel-monde\/#breadcrumb\",\"itemListElement\":[{\"@type\":\"ListItem\",\"position\":1,\"name\":\"Accueil\",\"item\":\"https:\/\/bobea.net\/\"},{\"@type\":\"ListItem\",\"position\":2,\"name\":\"La jeune femme canadienne de ce si\u00e8cle : devant son miroir, qui est-elle et comment se voit-elle pour quel monde ?\"}]},{\"@type\":\"WebSite\",\"@id\":\"https:\/\/bobea.net\/#website\",\"url\":\"https:\/\/bobea.net\/\",\"name\":\"Bobea\",\"description\":\"Le magazine de la nouvelle \u00c8ve\",\"publisher\":{\"@id\":\"https:\/\/bobea.net\/#organization\"},\"potentialAction\":[{\"@type\":\"SearchAction\",\"target\":{\"@type\":\"EntryPoint\",\"urlTemplate\":\"https:\/\/bobea.net\/?s={search_term_string}\"},\"query-input\":{\"@type\":\"PropertyValueSpecification\",\"valueRequired\":true,\"valueName\":\"search_term_string\"}}],\"inLanguage\":\"fr-FR\"},{\"@type\":\"Organization\",\"@id\":\"https:\/\/bobea.net\/#organization\",\"name\":\"Bobea\",\"url\":\"https:\/\/bobea.net\/\",\"logo\":{\"@type\":\"ImageObject\",\"inLanguage\":\"fr-FR\",\"@id\":\"https:\/\/bobea.net\/#\/schema\/logo\/image\/\",\"url\":\"https:\/\/bobea.net\/wp-content\/uploads\/2024\/06\/bobea.jpg\",\"contentUrl\":\"https:\/\/bobea.net\/wp-content\/uploads\/2024\/06\/bobea.jpg\",\"width\":1080,\"height\":1080,\"caption\":\"Bobea\"},\"image\":{\"@id\":\"https:\/\/bobea.net\/#\/schema\/logo\/image\/\"},\"sameAs\":[\"https:\/\/web.facebook.com\/profile.php?id=61559252188416\"]},{\"@type\":\"Person\",\"@id\":\"https:\/\/bobea.net\/#\/schema\/person\/e7f45ef187918d7c956bf619dce90ccf\",\"name\":\"bobea.info\",\"image\":{\"@type\":\"ImageObject\",\"inLanguage\":\"fr-FR\",\"@id\":\"https:\/\/bobea.net\/#\/schema\/person\/image\/\",\"url\":\"https:\/\/secure.gravatar.com\/avatar\/36147980349df887ae30808df3e29474?s=96&d=mm&r=g\",\"contentUrl\":\"https:\/\/secure.gravatar.com\/avatar\/36147980349df887ae30808df3e29474?s=96&d=mm&r=g\",\"caption\":\"bobea.info\"},\"sameAs\":[\"https:\/\/bobea.net\"],\"url\":\"https:\/\/bobea.net\/index.php\/author\/bobea-info\/\"}]}<\/script>\n<!-- \/ Yoast SEO plugin. -->","yoast_head_json":{"title":"La jeune femme canadienne de ce si\u00e8cle : devant son miroir, qui est-elle et comment se voit-elle pour quel monde ? - Bobea","robots":{"index":"index","follow":"follow","max-snippet":"max-snippet:-1","max-image-preview":"max-image-preview:large","max-video-preview":"max-video-preview:-1"},"canonical":"https:\/\/bobea.net\/index.php\/2025\/08\/10\/la-jeune-femme-canadienne-de-ce-siecle-devant-son-miroir-qui-est-elle-et-comment-se-voit-elle-pour-quel-monde\/","og_locale":"fr_FR","og_type":"article","og_title":"La jeune femme canadienne de ce si\u00e8cle : devant son miroir, qui est-elle et comment se voit-elle pour quel monde ? - Bobea","og_description":"Intro\u00adduc\u00adtion En 2025, la jeune femme cana\u00addi\u00adenne se tient devant son miroir, inter\u00adro\u00adgeant son reflet mais aus\u00adsi son iden\u00adtit\u00e9 dans un monde en pleine trans\u00adfor\u00adma\u00adtion. Por\u00adteuse de mul\u00adti\u00adples pat\u00adri\u00admoines cul\u00adturels,&hellip;","og_url":"https:\/\/bobea.net\/index.php\/2025\/08\/10\/la-jeune-femme-canadienne-de-ce-siecle-devant-son-miroir-qui-est-elle-et-comment-se-voit-elle-pour-quel-monde\/","og_site_name":"Bobea","article_publisher":"https:\/\/web.facebook.com\/profile.php?id=61559252188416","article_published_time":"2025-08-10T19:43:35+00:00","article_modified_time":"2025-08-10T19:43:37+00:00","og_image":[{"width":1063,"height":700,"url":"https:\/\/bobea.net\/wp-content\/uploads\/2025\/08\/femmes-marquantes-canada-gabrielle-roy.jpg","type":"image\/jpeg"}],"author":"bobea.info","twitter_card":"summary_large_image","twitter_misc":{"\u00c9crit par":"bobea.info","Dur\u00e9e de lecture estim\u00e9e":"6 minutes"},"schema":{"@context":"https:\/\/schema.org","@graph":[{"@type":"Article","@id":"https:\/\/bobea.net\/index.php\/2025\/08\/10\/la-jeune-femme-canadienne-de-ce-siecle-devant-son-miroir-qui-est-elle-et-comment-se-voit-elle-pour-quel-monde\/#article","isPartOf":{"@id":"https:\/\/bobea.net\/index.php\/2025\/08\/10\/la-jeune-femme-canadienne-de-ce-siecle-devant-son-miroir-qui-est-elle-et-comment-se-voit-elle-pour-quel-monde\/"},"author":{"name":"bobea.info","@id":"https:\/\/bobea.net\/#\/schema\/person\/e7f45ef187918d7c956bf619dce90ccf"},"headline":"La jeune femme canadienne de ce si\u00e8cle : devant son miroir, qui est-elle et comment se voit-elle pour quel monde ?","datePublished":"2025-08-10T19:43:35+00:00","dateModified":"2025-08-10T19:43:37+00:00","mainEntityOfPage":{"@id":"https:\/\/bobea.net\/index.php\/2025\/08\/10\/la-jeune-femme-canadienne-de-ce-siecle-devant-son-miroir-qui-est-elle-et-comment-se-voit-elle-pour-quel-monde\/"},"wordCount":1185,"commentCount":0,"publisher":{"@id":"https:\/\/bobea.net\/#organization"},"image":{"@id":"https:\/\/bobea.net\/index.php\/2025\/08\/10\/la-jeune-femme-canadienne-de-ce-siecle-devant-son-miroir-qui-est-elle-et-comment-se-voit-elle-pour-quel-monde\/#primaryimage"},"thumbnailUrl":"https:\/\/bobea.net\/wp-content\/uploads\/2025\/08\/femmes-marquantes-canada-gabrielle-roy.jpg","keywords":["autonomisation f\u00e9minine","Bob\u00e9a soci\u00e9t\u00e9.","diversit\u00e9 culturelle canadienne","engagement femmes jeunes","futur durable femmes","identit\u00e9 f\u00e9minine Canada","inclusion sociale Canada","sant\u00e9 mentale jeunes femmes"],"articleSection":["On en Parle"],"inLanguage":"fr-FR","potentialAction":[{"@type":"CommentAction","name":"Comment","target":["https:\/\/bobea.net\/index.php\/2025\/08\/10\/la-jeune-femme-canadienne-de-ce-siecle-devant-son-miroir-qui-est-elle-et-comment-se-voit-elle-pour-quel-monde\/#respond"]}]},{"@type":"WebPage","@id":"https:\/\/bobea.net\/index.php\/2025\/08\/10\/la-jeune-femme-canadienne-de-ce-siecle-devant-son-miroir-qui-est-elle-et-comment-se-voit-elle-pour-quel-monde\/","url":"https:\/\/bobea.net\/index.php\/2025\/08\/10\/la-jeune-femme-canadienne-de-ce-siecle-devant-son-miroir-qui-est-elle-et-comment-se-voit-elle-pour-quel-monde\/","name":"La jeune femme canadienne de ce si\u00e8cle : devant son miroir, qui est-elle et comment se voit-elle pour quel monde ? - Bobea","isPartOf":{"@id":"https:\/\/bobea.net\/#website"},"primaryImageOfPage":{"@id":"https:\/\/bobea.net\/index.php\/2025\/08\/10\/la-jeune-femme-canadienne-de-ce-siecle-devant-son-miroir-qui-est-elle-et-comment-se-voit-elle-pour-quel-monde\/#primaryimage"},"image":{"@id":"https:\/\/bobea.net\/index.php\/2025\/08\/10\/la-jeune-femme-canadienne-de-ce-siecle-devant-son-miroir-qui-est-elle-et-comment-se-voit-elle-pour-quel-monde\/#primaryimage"},"thumbnailUrl":"https:\/\/bobea.net\/wp-content\/uploads\/2025\/08\/femmes-marquantes-canada-gabrielle-roy.jpg","datePublished":"2025-08-10T19:43:35+00:00","dateModified":"2025-08-10T19:43:37+00:00","breadcrumb":{"@id":"https:\/\/bobea.net\/index.php\/2025\/08\/10\/la-jeune-femme-canadienne-de-ce-siecle-devant-son-miroir-qui-est-elle-et-comment-se-voit-elle-pour-quel-monde\/#breadcrumb"},"inLanguage":"fr-FR","potentialAction":[{"@type":"ReadAction","target":["https:\/\/bobea.net\/index.php\/2025\/08\/10\/la-jeune-femme-canadienne-de-ce-siecle-devant-son-miroir-qui-est-elle-et-comment-se-voit-elle-pour-quel-monde\/"]}]},{"@type":"ImageObject","inLanguage":"fr-FR","@id":"https:\/\/bobea.net\/index.php\/2025\/08\/10\/la-jeune-femme-canadienne-de-ce-siecle-devant-son-miroir-qui-est-elle-et-comment-se-voit-elle-pour-quel-monde\/#primaryimage","url":"https:\/\/bobea.net\/wp-content\/uploads\/2025\/08\/femmes-marquantes-canada-gabrielle-roy.jpg","contentUrl":"https:\/\/bobea.net\/wp-content\/uploads\/2025\/08\/femmes-marquantes-canada-gabrielle-roy.jpg","width":1063,"height":700},{"@type":"BreadcrumbList","@id":"https:\/\/bobea.net\/index.php\/2025\/08\/10\/la-jeune-femme-canadienne-de-ce-siecle-devant-son-miroir-qui-est-elle-et-comment-se-voit-elle-pour-quel-monde\/#breadcrumb","itemListElement":[{"@type":"ListItem","position":1,"name":"Accueil","item":"https:\/\/bobea.net\/"},{"@type":"ListItem","position":2,"name":"La jeune femme canadienne de ce si\u00e8cle : devant son miroir, qui est-elle et comment se voit-elle pour quel monde ?"}]},{"@type":"WebSite","@id":"https:\/\/bobea.net\/#website","url":"https:\/\/bobea.net\/","name":"Bobea","description":"Le magazine de la nouvelle \u00c8ve","publisher":{"@id":"https:\/\/bobea.net\/#organization"},"potentialAction":[{"@type":"SearchAction","target":{"@type":"EntryPoint","urlTemplate":"https:\/\/bobea.net\/?s={search_term_string}"},"query-input":{"@type":"PropertyValueSpecification","valueRequired":true,"valueName":"search_term_string"}}],"inLanguage":"fr-FR"},{"@type":"Organization","@id":"https:\/\/bobea.net\/#organization","name":"Bobea","url":"https:\/\/bobea.net\/","logo":{"@type":"ImageObject","inLanguage":"fr-FR","@id":"https:\/\/bobea.net\/#\/schema\/logo\/image\/","url":"https:\/\/bobea.net\/wp-content\/uploads\/2024\/06\/bobea.jpg","contentUrl":"https:\/\/bobea.net\/wp-content\/uploads\/2024\/06\/bobea.jpg","width":1080,"height":1080,"caption":"Bobea"},"image":{"@id":"https:\/\/bobea.net\/#\/schema\/logo\/image\/"},"sameAs":["https:\/\/web.facebook.com\/profile.php?id=61559252188416"]},{"@type":"Person","@id":"https:\/\/bobea.net\/#\/schema\/person\/e7f45ef187918d7c956bf619dce90ccf","name":"bobea.info","image":{"@type":"ImageObject","inLanguage":"fr-FR","@id":"https:\/\/bobea.net\/#\/schema\/person\/image\/","url":"https:\/\/secure.gravatar.com\/avatar\/36147980349df887ae30808df3e29474?s=96&d=mm&r=g","contentUrl":"https:\/\/secure.gravatar.com\/avatar\/36147980349df887ae30808df3e29474?s=96&d=mm&r=g","caption":"bobea.info"},"sameAs":["https:\/\/bobea.net"],"url":"https:\/\/bobea.net\/index.php\/author\/bobea-info\/"}]}},"_links":{"self":[{"href":"https:\/\/bobea.net\/index.php\/wp-json\/wp\/v2\/posts\/22701"}],"collection":[{"href":"https:\/\/bobea.net\/index.php\/wp-json\/wp\/v2\/posts"}],"about":[{"href":"https:\/\/bobea.net\/index.php\/wp-json\/wp\/v2\/types\/post"}],"author":[{"embeddable":true,"href":"https:\/\/bobea.net\/index.php\/wp-json\/wp\/v2\/users\/1"}],"replies":[{"embeddable":true,"href":"https:\/\/bobea.net\/index.php\/wp-json\/wp\/v2\/comments?post=22701"}],"version-history":[{"count":1,"href":"https:\/\/bobea.net\/index.php\/wp-json\/wp\/v2\/posts\/22701\/revisions"}],"predecessor-version":[{"id":22705,"href":"https:\/\/bobea.net\/index.php\/wp-json\/wp\/v2\/posts\/22701\/revisions\/22705"}],"wp:featuredmedia":[{"embeddable":true,"href":"https:\/\/bobea.net\/index.php\/wp-json\/wp\/v2\/media\/22704"}],"wp:attachment":[{"href":"https:\/\/bobea.net\/index.php\/wp-json\/wp\/v2\/media?parent=22701"}],"wp:term":[{"taxonomy":"category","embeddable":true,"href":"https:\/\/bobea.net\/index.php\/wp-json\/wp\/v2\/categories?post=22701"},{"taxonomy":"post_tag","embeddable":true,"href":"https:\/\/bobea.net\/index.php\/wp-json\/wp\/v2\/tags?post=22701"}],"curies":[{"name":"wp","href":"https:\/\/api.w.org\/{rel}","templated":true}]}}