{"id":22392,"date":"2025-08-06T20:25:09","date_gmt":"2025-08-06T20:25:09","guid":{"rendered":"https:\/\/bobea.net\/?p=22392"},"modified":"2025-08-06T20:25:10","modified_gmt":"2025-08-06T20:25:10","slug":"calmer-les-tempetes-generationnelles-bobea-alliee-du-quotidien-et-de-lemotion","status":"publish","type":"post","link":"https:\/\/bobea.net\/index.php\/2025\/08\/06\/calmer-les-tempetes-generationnelles-bobea-alliee-du-quotidien-et-de-lemotion\/","title":{"rendered":"Calmer les temp\u00eates g\u00e9n\u00e9rationnelles \u2013 Bobea, alli\u00e9e du quotidien et de l\u2019\u00e9motion"},"content":{"rendered":"\n<p>Les dif\u00adf\u00e9rences g\u00e9n\u00e9ra\u00adtionnelles, un d\u00e9fi\u2026 et une richesse<\/p>\n\n\n\n<p>Chez Bobea, nous savons que la famille est le pre\u00admier th\u00e9\u00e2tre des grandes \u00e9mo\u00adtions et des petits con\u00adflits. Jeunes et moins jeunes s\u2019aiment, se frot\u00adtent, se ques\u00adtion\u00adnent \u2013 mais com\u00adment apais\u00ader les ten\u00adsions sans per\u00addre le fil du dia\u00adlogue&nbsp;?<\/p>\n\n\n\n<p><em>\u00ab&nbsp;Que vous soyez maman d\u2019ado en crise, grand-m\u00e8re pleine de sagesse ou jeune adulte en qu\u00eate d\u2019ind\u00e9pendance, cette page vous est d\u00e9di\u00e9e. Bobea vous prend la main, car ensem\u00adble, on tra\u00adverse mieux ces tem\u00adp\u00eates du c\u0153ur et du quo\u00adti\u00addi\u00aden.&nbsp;\u00bb<\/em><\/p>\n\n\n\n<p>Quand la parole ne cir\u00adcule plus<\/p>\n\n\n\n<p>\u00ab&nbsp;Ma fille ne me par\u00adle plus, tout est pr\u00e9\u00adtexte \u00e0 dis\u00adpute&nbsp;\u00bb ; \u00ab&nbsp;Mon p\u00e8re ne com\u00adprend rien \u00e0 mes choix de vie&nbsp;\u00bb. Ces sit\u00adu\u00ada\u00adtions, famille Bobea les con\u00adna\u00eet par c\u0153ur. Maux tus, mal\u00adadress\u00ades, non-dits\u2026 Peu \u00e0 peu, la mai\u00adson devient un champ de mines \u00e9mo\u00adtion\u00adnelles.<\/p>\n\n\n\n<p>Pos\u00ader des ponts, pas des murs<\/p>\n\n\n\n<p>Bobea vous pro\u00adpose quelques passerelles pour renouer le fil&nbsp;:<\/p>\n\n\n\n<ul class=\"wp-block-list\">\n<li><strong>Organ\u00adisez un \u00ab&nbsp;moment Bobea&nbsp;\u00bb<\/strong>&nbsp;: une soir\u00e9e sans juge\u00adment o\u00f9 cha\u00adcun peut exprimer ce qui le blesse ou le r\u00e9jouit.<\/li>\n\n\n\n<li><strong>Mis\u00adez sur les petits gestes.<\/strong>&nbsp;Un sim\u00adple \u00ab&nbsp;mer\u00adci&nbsp;\u00bb, un g\u00e2teau pr\u00e9\u00adpar\u00e9 ensem\u00adble, une balade partag\u00e9e apaisent bien des ten\u00adsions.<\/li>\n\n\n\n<li><strong>\u00c9coutez plus que vous ne par\u00adlez.<\/strong>&nbsp;Chaque g\u00e9n\u00e9ra\u00adtion a ses codes. Posez des ques\u00adtions ouvertes, mon\u00adtrez votre curiosit\u00e9 pour leur monde.<\/li>\n\n\n\n<li><strong>Faites alliance avec un con\u00adfi\u00addent<\/strong>&nbsp;: une tante, un fr\u00e8re, ou\u2026 Bobea&nbsp;! Par\u00adfois, un regard ext\u00e9rieur ou une parole \u00e9crite d\u00e9nouent ce que l\u2019oral n\u2019ose pas.<\/li>\n<\/ul>\n\n\n\n<figure class=\"wp-block-image size-full is-resized\"><img loading=\"lazy\" decoding=\"async\" width=\"486\" height=\"426\" src=\"https:\/\/bobea.net\/wp-content\/uploads\/2025\/08\/bobea-shopping-1.jpg\" alt class=\"wp-image-22394\" style=\"width:840px;height:auto\" srcset=\"https:\/\/bobea.net\/wp-content\/uploads\/2025\/08\/bobea-shopping-1.jpg 486w, https:\/\/bobea.net\/wp-content\/uploads\/2025\/08\/bobea-shopping-1-300x263.jpg 300w\" sizes=\"(max-width: 486px) 100vw, 486px\"><\/figure>\n\n\n\n<p>T\u00e9moignages crois\u00e9s\u202f: famille Bobea, tout un roman<\/p>\n\n\n\n<p>\u00ab&nbsp;Gr\u00e2ce \u00e0 la let\u00adtre que j\u2019ai glis\u00ads\u00e9e sous sa porte \u2013 id\u00e9e piqu\u00e9e \u00e0 Bobea&nbsp;! \u2013 mon fils m\u2019a enfin par\u00adl\u00e9 de sa d\u00e9prime \u00bb, racon\u00adte Elise, 48 ans.<br>\u00ab&nbsp;C\u2019est dans le mag\u00ada\u00adzine que j\u2019ai trou\u00adv\u00e9 des mots pour dire \u00e0 ma m\u00e8re que je l\u2019aime, m\u00eame quand je m\u2019oppose \u00e0 elle \u00bb, con\u00adfie Sami\u00adra, 17 ans.<\/p>\n\n\n\n<p>Jour\u00adnal d\u2019\u00e9motions : l\u2019espace Bobea pour dire, r\u00e9par\u00ader, grandir<\/p>\n\n\n\n<p>Ici, nous sug\u00adg\u00e9rons de petits exer\u00adci\u00adces&nbsp;: \u00e9crire un mes\u00adsage, tenir un car\u00adnet com\u00admun, c\u00e9l\u00e9br\u00ader les mini-vic\u00adtoires (un fou rire partag\u00e9, une dis\u00adpute d\u00e9pass\u00e9e). Parce qu\u2019au fond, ce qui compte, c\u2019est l\u2019amour qui survit aux orages.<\/p>\n\n\n\n<p>L\u2019invitation de Bobea<\/p>\n\n\n\n<p>Parce que la famille n\u2019est jamais par\u00adfaite mais tou\u00adjours pr\u00e9\u00adcieuse, oses la ten\u00addresse et la patience. Et sou\u00adviens-toi&nbsp;: tu n\u2019es jamais seule, la com\u00admu\u00adnaut\u00e9 Bobea avance avec toi, pas \u00e0 pas, sourire apr\u00e8s sourire.<\/p>\n\n\n\n<p><\/p>\n","protected":false},"excerpt":{"rendered":"<p>Les dif\u00adf\u00e9rences g\u00e9n\u00e9ra\u00adtionnelles, un d\u00e9fi\u2026 et une richesse Chez Bobea, nous savons que la famille est le pre\u00admier th\u00e9\u00e2tre des grandes \u00e9mo\u00adtions et des petits con\u00adflits. Jeunes et moins jeunes\u2026 <\/p>\n","protected":false},"author":1,"featured_media":22395,"comment_status":"open","ping_status":"closed","sticky":false,"template":"","format":"standard","meta":{"wp_typography_post_enhancements_disabled":false,"footnotes":""},"categories":[73],"tags":[16674,14902,16675,6560,16678,16677,16672,16676,16673,1545],"class_list":["post-22392","post","type-post","status-publish","format-standard","has-post-thumbnail","hentry","category-on-en-parle","tag-bobea-complicite","tag-communication-bienveillante","tag-conseils-famille-magazine","tag-dialogue-intergenerationnel","tag-entraide-familiale","tag-gestion-tensions-maison","tag-mots-cles-seo-famille-et-emotions","tag-relations-parents-enfants","tag-resolution-conflits-familiaux","tag-soutien-familial"],"yoast_head":"<!-- This site is optimized with the Yoast SEO plugin v24.7 - https:\/\/yoast.com\/wordpress\/plugins\/seo\/ -->\n<title>Calmer les temp\u00eates g\u00e9n\u00e9rationnelles \u2013 Bobea, alli\u00e9e du quotidien et de l\u2019\u00e9motion - Bobea<\/title>\n<meta name=\"description\" content=\"Parce que la famille n\u2019est jamais parfaite mais toujours pr\u00e9cieuse, oses la tendresse et la patience. Et souviens-toi\u202f\" \/>\n<meta name=\"robots\" content=\"index, follow, max-snippet:-1, max-image-preview:large, max-video-preview:-1\" \/>\n<link rel=\"canonical\" href=\"https:\/\/bobea.net\/index.php\/2025\/08\/06\/calmer-les-tempetes-generationnelles-bobea-alliee-du-quotidien-et-de-lemotion\/\" \/>\n<meta property=\"og:locale\" content=\"fr_FR\" \/>\n<meta property=\"og:type\" content=\"article\" \/>\n<meta property=\"og:title\" content=\"Calmer les temp\u00eates g\u00e9n\u00e9rationnelles \u2013 Bobea, alli\u00e9e du quotidien et de l\u2019\u00e9motion - Bobea\" \/>\n<meta property=\"og:description\" content=\"Parce que la famille n\u2019est jamais parfaite mais toujours pr\u00e9cieuse, oses la tendresse et la patience. Et souviens-toi\u202f\" \/>\n<meta property=\"og:url\" content=\"https:\/\/bobea.net\/index.php\/2025\/08\/06\/calmer-les-tempetes-generationnelles-bobea-alliee-du-quotidien-et-de-lemotion\/\" \/>\n<meta property=\"og:site_name\" content=\"Bobea\" \/>\n<meta property=\"article:publisher\" content=\"https:\/\/web.facebook.com\/profile.php?id=61559252188416\" \/>\n<meta property=\"article:published_time\" content=\"2025-08-06T20:25:09+00:00\" \/>\n<meta property=\"article:modified_time\" content=\"2025-08-06T20:25:10+00:00\" \/>\n<meta property=\"og:image\" content=\"https:\/\/bobea.net\/wp-content\/uploads\/2025\/08\/repas-cousinade_1-1024x683-1.jpg\" \/>\n\t<meta property=\"og:image:width\" content=\"1024\" \/>\n\t<meta property=\"og:image:height\" content=\"683\" \/>\n\t<meta property=\"og:image:type\" content=\"image\/jpeg\" \/>\n<meta name=\"author\" content=\"bobea.info\" \/>\n<meta name=\"twitter:card\" content=\"summary_large_image\" \/>\n<meta name=\"twitter:label1\" content=\"\u00c9crit par\" \/>\n\t<meta name=\"twitter:data1\" content=\"bobea.info\" \/>\n\t<meta name=\"twitter:label2\" content=\"Dur\u00e9e de lecture estim\u00e9e\" \/>\n\t<meta name=\"twitter:data2\" content=\"3 minutes\" \/>\n<script type=\"application\/ld+json\" class=\"yoast-schema-graph\">{\"@context\":\"https:\/\/schema.org\",\"@graph\":[{\"@type\":\"Article\",\"@id\":\"https:\/\/bobea.net\/index.php\/2025\/08\/06\/calmer-les-tempetes-generationnelles-bobea-alliee-du-quotidien-et-de-lemotion\/#article\",\"isPartOf\":{\"@id\":\"https:\/\/bobea.net\/index.php\/2025\/08\/06\/calmer-les-tempetes-generationnelles-bobea-alliee-du-quotidien-et-de-lemotion\/\"},\"author\":{\"name\":\"bobea.info\",\"@id\":\"https:\/\/bobea.net\/#\/schema\/person\/e7f45ef187918d7c956bf619dce90ccf\"},\"headline\":\"Calmer les temp\u00eates g\u00e9n\u00e9rationnelles \u2013 Bobea, alli\u00e9e du quotidien et de l\u2019\u00e9motion\",\"datePublished\":\"2025-08-06T20:25:09+00:00\",\"dateModified\":\"2025-08-06T20:25:10+00:00\",\"mainEntityOfPage\":{\"@id\":\"https:\/\/bobea.net\/index.php\/2025\/08\/06\/calmer-les-tempetes-generationnelles-bobea-alliee-du-quotidien-et-de-lemotion\/\"},\"wordCount\":442,\"commentCount\":0,\"publisher\":{\"@id\":\"https:\/\/bobea.net\/#organization\"},\"image\":{\"@id\":\"https:\/\/bobea.net\/index.php\/2025\/08\/06\/calmer-les-tempetes-generationnelles-bobea-alliee-du-quotidien-et-de-lemotion\/#primaryimage\"},\"thumbnailUrl\":\"https:\/\/bobea.net\/wp-content\/uploads\/2025\/08\/repas-cousinade_1-1024x683-1.jpg\",\"keywords\":[\"Bobea complicit\u00e9\",\"communication bienveillante\",\"conseils famille magazine\",\"dialogue interg\u00e9n\u00e9rationnel\",\"entraide familiale\",\"gestion tensions maison\",\"Mots-cl\u00e9s SEO\u202f:\u00a0famille et \u00e9motions\",\"relations parents-enfants\",\"r\u00e9solution conflits familiaux\",\"soutien familial\"],\"articleSection\":[\"On en Parle\"],\"inLanguage\":\"fr-FR\",\"potentialAction\":[{\"@type\":\"CommentAction\",\"name\":\"Comment\",\"target\":[\"https:\/\/bobea.net\/index.php\/2025\/08\/06\/calmer-les-tempetes-generationnelles-bobea-alliee-du-quotidien-et-de-lemotion\/#respond\"]}]},{\"@type\":\"WebPage\",\"@id\":\"https:\/\/bobea.net\/index.php\/2025\/08\/06\/calmer-les-tempetes-generationnelles-bobea-alliee-du-quotidien-et-de-lemotion\/\",\"url\":\"https:\/\/bobea.net\/index.php\/2025\/08\/06\/calmer-les-tempetes-generationnelles-bobea-alliee-du-quotidien-et-de-lemotion\/\",\"name\":\"Calmer les temp\u00eates g\u00e9n\u00e9rationnelles \u2013 Bobea, alli\u00e9e du quotidien et de l\u2019\u00e9motion - Bobea\",\"isPartOf\":{\"@id\":\"https:\/\/bobea.net\/#website\"},\"primaryImageOfPage\":{\"@id\":\"https:\/\/bobea.net\/index.php\/2025\/08\/06\/calmer-les-tempetes-generationnelles-bobea-alliee-du-quotidien-et-de-lemotion\/#primaryimage\"},\"image\":{\"@id\":\"https:\/\/bobea.net\/index.php\/2025\/08\/06\/calmer-les-tempetes-generationnelles-bobea-alliee-du-quotidien-et-de-lemotion\/#primaryimage\"},\"thumbnailUrl\":\"https:\/\/bobea.net\/wp-content\/uploads\/2025\/08\/repas-cousinade_1-1024x683-1.jpg\",\"datePublished\":\"2025-08-06T20:25:09+00:00\",\"dateModified\":\"2025-08-06T20:25:10+00:00\",\"description\":\"Parce que la famille n\u2019est jamais parfaite mais toujours pr\u00e9cieuse, oses la tendresse et la patience. Et souviens-toi\u202f\",\"breadcrumb\":{\"@id\":\"https:\/\/bobea.net\/index.php\/2025\/08\/06\/calmer-les-tempetes-generationnelles-bobea-alliee-du-quotidien-et-de-lemotion\/#breadcrumb\"},\"inLanguage\":\"fr-FR\",\"potentialAction\":[{\"@type\":\"ReadAction\",\"target\":[\"https:\/\/bobea.net\/index.php\/2025\/08\/06\/calmer-les-tempetes-generationnelles-bobea-alliee-du-quotidien-et-de-lemotion\/\"]}]},{\"@type\":\"ImageObject\",\"inLanguage\":\"fr-FR\",\"@id\":\"https:\/\/bobea.net\/index.php\/2025\/08\/06\/calmer-les-tempetes-generationnelles-bobea-alliee-du-quotidien-et-de-lemotion\/#primaryimage\",\"url\":\"https:\/\/bobea.net\/wp-content\/uploads\/2025\/08\/repas-cousinade_1-1024x683-1.jpg\",\"contentUrl\":\"https:\/\/bobea.net\/wp-content\/uploads\/2025\/08\/repas-cousinade_1-1024x683-1.jpg\",\"width\":1024,\"height\":683},{\"@type\":\"BreadcrumbList\",\"@id\":\"https:\/\/bobea.net\/index.php\/2025\/08\/06\/calmer-les-tempetes-generationnelles-bobea-alliee-du-quotidien-et-de-lemotion\/#breadcrumb\",\"itemListElement\":[{\"@type\":\"ListItem\",\"position\":1,\"name\":\"Accueil\",\"item\":\"https:\/\/bobea.net\/\"},{\"@type\":\"ListItem\",\"position\":2,\"name\":\"Calmer les temp\u00eates g\u00e9n\u00e9rationnelles \u2013 Bobea, alli\u00e9e du quotidien et de l\u2019\u00e9motion\"}]},{\"@type\":\"WebSite\",\"@id\":\"https:\/\/bobea.net\/#website\",\"url\":\"https:\/\/bobea.net\/\",\"name\":\"Bobea\",\"description\":\"Le magazine de la nouvelle \u00c8ve\",\"publisher\":{\"@id\":\"https:\/\/bobea.net\/#organization\"},\"potentialAction\":[{\"@type\":\"SearchAction\",\"target\":{\"@type\":\"EntryPoint\",\"urlTemplate\":\"https:\/\/bobea.net\/?s={search_term_string}\"},\"query-input\":{\"@type\":\"PropertyValueSpecification\",\"valueRequired\":true,\"valueName\":\"search_term_string\"}}],\"inLanguage\":\"fr-FR\"},{\"@type\":\"Organization\",\"@id\":\"https:\/\/bobea.net\/#organization\",\"name\":\"Bobea\",\"url\":\"https:\/\/bobea.net\/\",\"logo\":{\"@type\":\"ImageObject\",\"inLanguage\":\"fr-FR\",\"@id\":\"https:\/\/bobea.net\/#\/schema\/logo\/image\/\",\"url\":\"https:\/\/bobea.net\/wp-content\/uploads\/2024\/06\/bobea.jpg\",\"contentUrl\":\"https:\/\/bobea.net\/wp-content\/uploads\/2024\/06\/bobea.jpg\",\"width\":1080,\"height\":1080,\"caption\":\"Bobea\"},\"image\":{\"@id\":\"https:\/\/bobea.net\/#\/schema\/logo\/image\/\"},\"sameAs\":[\"https:\/\/web.facebook.com\/profile.php?id=61559252188416\"]},{\"@type\":\"Person\",\"@id\":\"https:\/\/bobea.net\/#\/schema\/person\/e7f45ef187918d7c956bf619dce90ccf\",\"name\":\"bobea.info\",\"image\":{\"@type\":\"ImageObject\",\"inLanguage\":\"fr-FR\",\"@id\":\"https:\/\/bobea.net\/#\/schema\/person\/image\/\",\"url\":\"https:\/\/secure.gravatar.com\/avatar\/36147980349df887ae30808df3e29474?s=96&d=mm&r=g\",\"contentUrl\":\"https:\/\/secure.gravatar.com\/avatar\/36147980349df887ae30808df3e29474?s=96&d=mm&r=g\",\"caption\":\"bobea.info\"},\"sameAs\":[\"https:\/\/bobea.net\"],\"url\":\"https:\/\/bobea.net\/index.php\/author\/bobea-info\/\"}]}<\/script>\n<!-- \/ Yoast SEO plugin. -->","yoast_head_json":{"title":"Calmer les temp\u00eates g\u00e9n\u00e9rationnelles \u2013 Bobea, alli\u00e9e du quotidien et de l\u2019\u00e9motion - Bobea","description":"Parce que la famille n\u2019est jamais parfaite mais toujours pr\u00e9cieuse, oses la tendresse et la patience. Et souviens-toi\u202f","robots":{"index":"index","follow":"follow","max-snippet":"max-snippet:-1","max-image-preview":"max-image-preview:large","max-video-preview":"max-video-preview:-1"},"canonical":"https:\/\/bobea.net\/index.php\/2025\/08\/06\/calmer-les-tempetes-generationnelles-bobea-alliee-du-quotidien-et-de-lemotion\/","og_locale":"fr_FR","og_type":"article","og_title":"Calmer les temp\u00eates g\u00e9n\u00e9rationnelles \u2013 Bobea, alli\u00e9e du quotidien et de l\u2019\u00e9motion - Bobea","og_description":"Parce que la famille n\u2019est jamais parfaite mais toujours pr\u00e9cieuse, oses la tendresse et la patience. Et souviens-toi\u202f","og_url":"https:\/\/bobea.net\/index.php\/2025\/08\/06\/calmer-les-tempetes-generationnelles-bobea-alliee-du-quotidien-et-de-lemotion\/","og_site_name":"Bobea","article_publisher":"https:\/\/web.facebook.com\/profile.php?id=61559252188416","article_published_time":"2025-08-06T20:25:09+00:00","article_modified_time":"2025-08-06T20:25:10+00:00","og_image":[{"width":1024,"height":683,"url":"https:\/\/bobea.net\/wp-content\/uploads\/2025\/08\/repas-cousinade_1-1024x683-1.jpg","type":"image\/jpeg"}],"author":"bobea.info","twitter_card":"summary_large_image","twitter_misc":{"\u00c9crit par":"bobea.info","Dur\u00e9e de lecture estim\u00e9e":"3 minutes"},"schema":{"@context":"https:\/\/schema.org","@graph":[{"@type":"Article","@id":"https:\/\/bobea.net\/index.php\/2025\/08\/06\/calmer-les-tempetes-generationnelles-bobea-alliee-du-quotidien-et-de-lemotion\/#article","isPartOf":{"@id":"https:\/\/bobea.net\/index.php\/2025\/08\/06\/calmer-les-tempetes-generationnelles-bobea-alliee-du-quotidien-et-de-lemotion\/"},"author":{"name":"bobea.info","@id":"https:\/\/bobea.net\/#\/schema\/person\/e7f45ef187918d7c956bf619dce90ccf"},"headline":"Calmer les temp\u00eates g\u00e9n\u00e9rationnelles \u2013 Bobea, alli\u00e9e du quotidien et de l\u2019\u00e9motion","datePublished":"2025-08-06T20:25:09+00:00","dateModified":"2025-08-06T20:25:10+00:00","mainEntityOfPage":{"@id":"https:\/\/bobea.net\/index.php\/2025\/08\/06\/calmer-les-tempetes-generationnelles-bobea-alliee-du-quotidien-et-de-lemotion\/"},"wordCount":442,"commentCount":0,"publisher":{"@id":"https:\/\/bobea.net\/#organization"},"image":{"@id":"https:\/\/bobea.net\/index.php\/2025\/08\/06\/calmer-les-tempetes-generationnelles-bobea-alliee-du-quotidien-et-de-lemotion\/#primaryimage"},"thumbnailUrl":"https:\/\/bobea.net\/wp-content\/uploads\/2025\/08\/repas-cousinade_1-1024x683-1.jpg","keywords":["Bobea complicit\u00e9","communication bienveillante","conseils famille magazine","dialogue interg\u00e9n\u00e9rationnel","entraide familiale","gestion tensions maison","Mots-cl\u00e9s SEO\u202f:\u00a0famille et \u00e9motions","relations parents-enfants","r\u00e9solution conflits familiaux","soutien familial"],"articleSection":["On en Parle"],"inLanguage":"fr-FR","potentialAction":[{"@type":"CommentAction","name":"Comment","target":["https:\/\/bobea.net\/index.php\/2025\/08\/06\/calmer-les-tempetes-generationnelles-bobea-alliee-du-quotidien-et-de-lemotion\/#respond"]}]},{"@type":"WebPage","@id":"https:\/\/bobea.net\/index.php\/2025\/08\/06\/calmer-les-tempetes-generationnelles-bobea-alliee-du-quotidien-et-de-lemotion\/","url":"https:\/\/bobea.net\/index.php\/2025\/08\/06\/calmer-les-tempetes-generationnelles-bobea-alliee-du-quotidien-et-de-lemotion\/","name":"Calmer les temp\u00eates g\u00e9n\u00e9rationnelles \u2013 Bobea, alli\u00e9e du quotidien et de l\u2019\u00e9motion - Bobea","isPartOf":{"@id":"https:\/\/bobea.net\/#website"},"primaryImageOfPage":{"@id":"https:\/\/bobea.net\/index.php\/2025\/08\/06\/calmer-les-tempetes-generationnelles-bobea-alliee-du-quotidien-et-de-lemotion\/#primaryimage"},"image":{"@id":"https:\/\/bobea.net\/index.php\/2025\/08\/06\/calmer-les-tempetes-generationnelles-bobea-alliee-du-quotidien-et-de-lemotion\/#primaryimage"},"thumbnailUrl":"https:\/\/bobea.net\/wp-content\/uploads\/2025\/08\/repas-cousinade_1-1024x683-1.jpg","datePublished":"2025-08-06T20:25:09+00:00","dateModified":"2025-08-06T20:25:10+00:00","description":"Parce que la famille n\u2019est jamais parfaite mais toujours pr\u00e9cieuse, oses la tendresse et la patience. Et souviens-toi\u202f","breadcrumb":{"@id":"https:\/\/bobea.net\/index.php\/2025\/08\/06\/calmer-les-tempetes-generationnelles-bobea-alliee-du-quotidien-et-de-lemotion\/#breadcrumb"},"inLanguage":"fr-FR","potentialAction":[{"@type":"ReadAction","target":["https:\/\/bobea.net\/index.php\/2025\/08\/06\/calmer-les-tempetes-generationnelles-bobea-alliee-du-quotidien-et-de-lemotion\/"]}]},{"@type":"ImageObject","inLanguage":"fr-FR","@id":"https:\/\/bobea.net\/index.php\/2025\/08\/06\/calmer-les-tempetes-generationnelles-bobea-alliee-du-quotidien-et-de-lemotion\/#primaryimage","url":"https:\/\/bobea.net\/wp-content\/uploads\/2025\/08\/repas-cousinade_1-1024x683-1.jpg","contentUrl":"https:\/\/bobea.net\/wp-content\/uploads\/2025\/08\/repas-cousinade_1-1024x683-1.jpg","width":1024,"height":683},{"@type":"BreadcrumbList","@id":"https:\/\/bobea.net\/index.php\/2025\/08\/06\/calmer-les-tempetes-generationnelles-bobea-alliee-du-quotidien-et-de-lemotion\/#breadcrumb","itemListElement":[{"@type":"ListItem","position":1,"name":"Accueil","item":"https:\/\/bobea.net\/"},{"@type":"ListItem","position":2,"name":"Calmer les temp\u00eates g\u00e9n\u00e9rationnelles \u2013 Bobea, alli\u00e9e du quotidien et de l\u2019\u00e9motion"}]},{"@type":"WebSite","@id":"https:\/\/bobea.net\/#website","url":"https:\/\/bobea.net\/","name":"Bobea","description":"Le magazine de la nouvelle \u00c8ve","publisher":{"@id":"https:\/\/bobea.net\/#organization"},"potentialAction":[{"@type":"SearchAction","target":{"@type":"EntryPoint","urlTemplate":"https:\/\/bobea.net\/?s={search_term_string}"},"query-input":{"@type":"PropertyValueSpecification","valueRequired":true,"valueName":"search_term_string"}}],"inLanguage":"fr-FR"},{"@type":"Organization","@id":"https:\/\/bobea.net\/#organization","name":"Bobea","url":"https:\/\/bobea.net\/","logo":{"@type":"ImageObject","inLanguage":"fr-FR","@id":"https:\/\/bobea.net\/#\/schema\/logo\/image\/","url":"https:\/\/bobea.net\/wp-content\/uploads\/2024\/06\/bobea.jpg","contentUrl":"https:\/\/bobea.net\/wp-content\/uploads\/2024\/06\/bobea.jpg","width":1080,"height":1080,"caption":"Bobea"},"image":{"@id":"https:\/\/bobea.net\/#\/schema\/logo\/image\/"},"sameAs":["https:\/\/web.facebook.com\/profile.php?id=61559252188416"]},{"@type":"Person","@id":"https:\/\/bobea.net\/#\/schema\/person\/e7f45ef187918d7c956bf619dce90ccf","name":"bobea.info","image":{"@type":"ImageObject","inLanguage":"fr-FR","@id":"https:\/\/bobea.net\/#\/schema\/person\/image\/","url":"https:\/\/secure.gravatar.com\/avatar\/36147980349df887ae30808df3e29474?s=96&d=mm&r=g","contentUrl":"https:\/\/secure.gravatar.com\/avatar\/36147980349df887ae30808df3e29474?s=96&d=mm&r=g","caption":"bobea.info"},"sameAs":["https:\/\/bobea.net"],"url":"https:\/\/bobea.net\/index.php\/author\/bobea-info\/"}]}},"_links":{"self":[{"href":"https:\/\/bobea.net\/index.php\/wp-json\/wp\/v2\/posts\/22392"}],"collection":[{"href":"https:\/\/bobea.net\/index.php\/wp-json\/wp\/v2\/posts"}],"about":[{"href":"https:\/\/bobea.net\/index.php\/wp-json\/wp\/v2\/types\/post"}],"author":[{"embeddable":true,"href":"https:\/\/bobea.net\/index.php\/wp-json\/wp\/v2\/users\/1"}],"replies":[{"embeddable":true,"href":"https:\/\/bobea.net\/index.php\/wp-json\/wp\/v2\/comments?post=22392"}],"version-history":[{"count":1,"href":"https:\/\/bobea.net\/index.php\/wp-json\/wp\/v2\/posts\/22392\/revisions"}],"predecessor-version":[{"id":22396,"href":"https:\/\/bobea.net\/index.php\/wp-json\/wp\/v2\/posts\/22392\/revisions\/22396"}],"wp:featuredmedia":[{"embeddable":true,"href":"https:\/\/bobea.net\/index.php\/wp-json\/wp\/v2\/media\/22395"}],"wp:attachment":[{"href":"https:\/\/bobea.net\/index.php\/wp-json\/wp\/v2\/media?parent=22392"}],"wp:term":[{"taxonomy":"category","embeddable":true,"href":"https:\/\/bobea.net\/index.php\/wp-json\/wp\/v2\/categories?post=22392"},{"taxonomy":"post_tag","embeddable":true,"href":"https:\/\/bobea.net\/index.php\/wp-json\/wp\/v2\/tags?post=22392"}],"curies":[{"name":"wp","href":"https:\/\/api.w.org\/{rel}","templated":true}]}}