{"id":22380,"date":"2025-08-06T20:16:29","date_gmt":"2025-08-06T20:16:29","guid":{"rendered":"https:\/\/bobea.net\/?p=22380"},"modified":"2025-08-06T20:16:30","modified_gmt":"2025-08-06T20:16:30","slug":"elever-un-enfant-metis-entre-diversite-culturelle-et-defis-societaux","status":"publish","type":"post","link":"https:\/\/bobea.net\/index.php\/2025\/08\/06\/elever-un-enfant-metis-entre-diversite-culturelle-et-defis-societaux\/","title":{"rendered":"\u00c9lever un enfant m\u00e9tis \u2013 Entre diversit\u00e9 culturelle et d\u00e9fis soci\u00e9taux"},"content":{"rendered":"\n<p>Une richesse \u00e0 apprivois\u00ader<\/p>\n\n\n\n<p>\u00catre par\u00adents d\u2019un enfant m\u00e9tis, c\u2019est accom\u00adpa\u00adg\u00adn\u00ader un par\u00adcours d\u2019identit\u00e9 par\u00adti\u00adc\u00aduli\u00ader, nour\u00adri de plusieurs cul\u00adtures, de dif\u00adf\u00e9rences vis\u00adi\u00adbles et invis\u00adi\u00adbles. Pour Michelle et Michel, tous deux Por\u00adtu\u00adgais de souche, accueil\u00adlir leur fils m\u00e9tis a \u00e9t\u00e9 \u00e0 la fois un bon\u00adheur immense et un chemin par\u00adfois exigeant, con\u00adfron\u00adt\u00e9 aux r\u00e9al\u00adit\u00e9s sociales et aux ques\u00adtion\u00adnements au sein de la famille.<\/p>\n\n\n\n<p><em>\u00ab&nbsp;Notre fils est une mer\u00adveille : sa couleur, sa beaut\u00e9, mais aus\u00adsi son his\u00adtoire, nous ont oblig\u00e9 \u00e0 repenser nos rep\u00e8res famil\u00adi\u00adaux \u00bb, con\u00adfie Michelle.<\/em><\/p>\n\n\n\n<p>Les regards et st\u00e9r\u00e9o\u00adtypes \u00e0 d\u00e9pass\u00ader<\/p>\n\n\n\n<p>Dans la vie quo\u00adti\u00addi\u00adenne, l\u2019enfant m\u00e9tis peut faire face \u00e0 des inter\u00adro\u00adga\u00adtions mal\u00adadroites ou \u00e0 des juge\u00adments li\u00e9s \u00e0 son apparence, que ce soit \u00e0 l\u2019\u00e9cole ou dans l\u2019entourage \u00e9lar\u00adgi. Ces moments peu\u00advent g\u00e9n\u00e9r\u00ader un sen\u00adti\u00adment d\u2019exclusion ou de dif\u00adf\u00e9rence accen\u00adtu\u00e9e, source d\u2019incompr\u00e9hensions ou de blessures.<\/p>\n\n\n\n<p>Le d\u00e9fi pour les par\u00adents est d\u2019offrir \u00e0 leur enfant une base solide d\u2019estime et de fiert\u00e9, en lui expli\u00adquant la richesse de sa bicul\u00adtur\u00adal\u00adit\u00e9, et en l\u2019aidant \u00e0 affirmer sa sin\u00adgu\u00adlar\u00adit\u00e9.<\/p>\n\n\n\n<p>\u00c9du\u00adquer \u00e0 la dou\u00adble cul\u00adture<\/p>\n\n\n\n<p>Dans cette d\u00e9marche, il est fon\u00adda\u00admen\u00adtal de cul\u00adtiv\u00ader et trans\u00admet\u00adtre les deux h\u00e9ritages cul\u00adturels. Par\u00adler des langues, c\u00e9l\u00e9br\u00ader les f\u00eates, racon\u00adter les his\u00adtoires famil\u00adiales, ini\u00adti\u00ader aux valeurs pro\u00adpres \u00e0 chaque cul\u00adture enrichissent la con\u00adstruc\u00adtion iden\u00adti\u00adtaire de l\u2019enfant. Cet ancrage dou\u00adble lui don\u00adnera des cl\u00e9s pour com\u00adpren\u00addre son envi\u00adron\u00adnement et se posi\u00adtion\u00adner avec con\u00adfi\u00adance.<\/p>\n\n\n\n<p>Pr\u00e9venir racisme et dis\u00adcrim\u00adi\u00adna\u00adtion<\/p>\n\n\n\n<p>Sen\u00adsi\u00adbilis\u00ader l\u2019enfant au racisme et aux pr\u00e9jug\u00e9s poten\u00adtiels est \u00e9gale\u00adment essen\u00adtiel. Lui appren\u00addre \u00e0 recon\u00adna\u00eetre et \u00e0 affron\u00adter ces com\u00adporte\u00adments avec courage, tout en val\u00adorisant la beaut\u00e9 de la diver\u00adsit\u00e9, lui per\u00admet de se con\u00adstru\u00adire une iden\u00adtit\u00e9 har\u00admonieuse. Le sou\u00adtien psy\u00adchologique et sco\u00adlaire quand n\u00e9ces\u00adsaire apporte une aide pr\u00e9\u00adcieuse.<\/p>\n\n\n\n<figure class=\"wp-block-image size-large\"><img loading=\"lazy\" decoding=\"async\" width=\"1024\" height=\"597\" src=\"https:\/\/bobea.net\/wp-content\/uploads\/2025\/08\/Multiculturalidad-ninos-1024x597.webp\" alt class=\"wp-image-22382\" srcset=\"https:\/\/bobea.net\/wp-content\/uploads\/2025\/08\/Multiculturalidad-ninos-1024x597.webp 1024w, https:\/\/bobea.net\/wp-content\/uploads\/2025\/08\/Multiculturalidad-ninos-300x175.webp 300w, https:\/\/bobea.net\/wp-content\/uploads\/2025\/08\/Multiculturalidad-ninos-768x448.webp 768w, https:\/\/bobea.net\/wp-content\/uploads\/2025\/08\/Multiculturalidad-ninos.webp 1200w\" sizes=\"(max-width: 1024px) 100vw, 1024px\"><\/figure>\n\n\n\n<p>T\u00e9moignage d\u2019expert<\/p>\n\n\n\n<p>\u00ab L\u2019accompagnement d\u2019un enfant m\u00e9tis exige des actions int\u00e9\u00adgr\u00e9es au niveau famil\u00adial, sco\u00adlaire et com\u00admu\u00adnau\u00adtaire \u00bb, souligne Nathalie Bernard, \u00e9du\u00adca\u00adtrice sp\u00e9\u00adcial\u00adis\u00e9e. L\u2019\u00e9coute, le dia\u00adlogue et la val\u00adori\u00adsa\u00adtion des cul\u00adtures sont les piliers d\u2019un d\u00e9veloppe\u00adment \u00e9quili\u00adbr\u00e9.<\/p>\n\n\n\n<p>Un avenir promet\u00adteur<\/p>\n\n\n\n<p>La bicul\u00adtur\u00adal\u00adit\u00e9 est une richesse qui forge une ouver\u00adture d\u2019esprit, une adapt\u00adabil\u00adit\u00e9 et une force sin\u00adguli\u00e8re. Si les d\u00e9fis exis\u00adtent, ils peu\u00advent se trans\u00adformer en v\u00e9ri\u00adta\u00adbles atouts gr\u00e2ce \u00e0 un amour patient, une \u00e9du\u00adca\u00adtion con\u00adsciente et une soci\u00e9t\u00e9 plus inclu\u00adsive.<\/p>\n\n\n\n<p><\/p>\n","protected":false},"excerpt":{"rendered":"<p>Une richesse \u00e0 apprivois\u00ader \u00catre par\u00adents d\u2019un enfant m\u00e9tis, c\u2019est accom\u00adpa\u00adg\u00adn\u00ader un par\u00adcours d\u2019identit\u00e9 par\u00adti\u00adc\u00aduli\u00ader, nour\u00adri de plusieurs cul\u00adtures, de dif\u00adf\u00e9rences vis\u00adi\u00adbles et invis\u00adi\u00adbles. Pour Michelle et Michel, tous deux\u2026 <\/p>\n","protected":false},"author":1,"featured_media":22384,"comment_status":"open","ping_status":"closed","sticky":false,"template":"","format":"standard","meta":{"wp_typography_post_enhancements_disabled":false,"footnotes":""},"categories":[73],"tags":[16664,16651,16655,16650,16663,16665,16652,16654,16657],"class_list":["post-22380","post","type-post","status-publish","format-standard","has-post-thumbnail","hentry","category-on-en-parle","tag-construction-identite","tag-defis-enfant-metis","tag-discrimination-raciale-enfance","tag-diversite-culturelle-famille","tag-enfance-multiculturelle","tag-famille-metisse","tag-identite-biculturelle","tag-inclusion-sociale-enfants","tag-soutien-parental-diversite"],"yoast_head":"<!-- This site is optimized with the Yoast SEO plugin v24.7 - https:\/\/yoast.com\/wordpress\/plugins\/seo\/ -->\n<title>\u00c9lever un enfant m\u00e9tis \u2013 Entre diversit\u00e9 culturelle et d\u00e9fis soci\u00e9taux - Bobea<\/title>\n<meta name=\"description\" content=\"Sensibiliser l\u2019enfant au racisme et aux pr\u00e9jug\u00e9s potentiels est \u00e9galement essentiel. Lui apprendre \u00e0 reconna\u00eetre et \u00e0 affronter\" \/>\n<meta name=\"robots\" content=\"index, follow, max-snippet:-1, max-image-preview:large, max-video-preview:-1\" \/>\n<link rel=\"canonical\" href=\"https:\/\/bobea.net\/index.php\/2025\/08\/06\/elever-un-enfant-metis-entre-diversite-culturelle-et-defis-societaux\/\" \/>\n<meta property=\"og:locale\" content=\"fr_FR\" \/>\n<meta property=\"og:type\" content=\"article\" \/>\n<meta property=\"og:title\" content=\"\u00c9lever un enfant m\u00e9tis \u2013 Entre diversit\u00e9 culturelle et d\u00e9fis soci\u00e9taux - Bobea\" \/>\n<meta property=\"og:description\" content=\"Sensibiliser l\u2019enfant au racisme et aux pr\u00e9jug\u00e9s potentiels est \u00e9galement essentiel. Lui apprendre \u00e0 reconna\u00eetre et \u00e0 affronter\" \/>\n<meta property=\"og:url\" content=\"https:\/\/bobea.net\/index.php\/2025\/08\/06\/elever-un-enfant-metis-entre-diversite-culturelle-et-defis-societaux\/\" \/>\n<meta property=\"og:site_name\" content=\"Bobea\" \/>\n<meta property=\"article:publisher\" content=\"https:\/\/web.facebook.com\/profile.php?id=61559252188416\" \/>\n<meta property=\"article:published_time\" content=\"2025-08-06T20:16:29+00:00\" \/>\n<meta property=\"article:modified_time\" content=\"2025-08-06T20:16:30+00:00\" \/>\n<meta property=\"og:image\" content=\"https:\/\/bobea.net\/wp-content\/uploads\/2025\/08\/groupe-enfants-mixed-race-lisent-une-histoire.jpg\" \/>\n\t<meta property=\"og:image:width\" content=\"1200\" \/>\n\t<meta property=\"og:image:height\" content=\"630\" \/>\n\t<meta property=\"og:image:type\" content=\"image\/jpeg\" \/>\n<meta name=\"author\" content=\"bobea.info\" \/>\n<meta name=\"twitter:card\" content=\"summary_large_image\" \/>\n<meta name=\"twitter:label1\" content=\"\u00c9crit par\" \/>\n\t<meta name=\"twitter:data1\" content=\"bobea.info\" \/>\n\t<meta name=\"twitter:label2\" content=\"Dur\u00e9e de lecture estim\u00e9e\" \/>\n\t<meta name=\"twitter:data2\" content=\"3 minutes\" \/>\n<script type=\"application\/ld+json\" class=\"yoast-schema-graph\">{\"@context\":\"https:\/\/schema.org\",\"@graph\":[{\"@type\":\"Article\",\"@id\":\"https:\/\/bobea.net\/index.php\/2025\/08\/06\/elever-un-enfant-metis-entre-diversite-culturelle-et-defis-societaux\/#article\",\"isPartOf\":{\"@id\":\"https:\/\/bobea.net\/index.php\/2025\/08\/06\/elever-un-enfant-metis-entre-diversite-culturelle-et-defis-societaux\/\"},\"author\":{\"name\":\"bobea.info\",\"@id\":\"https:\/\/bobea.net\/#\/schema\/person\/e7f45ef187918d7c956bf619dce90ccf\"},\"headline\":\"\u00c9lever un enfant m\u00e9tis \u2013 Entre diversit\u00e9 culturelle et d\u00e9fis soci\u00e9taux\",\"datePublished\":\"2025-08-06T20:16:29+00:00\",\"dateModified\":\"2025-08-06T20:16:30+00:00\",\"mainEntityOfPage\":{\"@id\":\"https:\/\/bobea.net\/index.php\/2025\/08\/06\/elever-un-enfant-metis-entre-diversite-culturelle-et-defis-societaux\/\"},\"wordCount\":416,\"commentCount\":0,\"publisher\":{\"@id\":\"https:\/\/bobea.net\/#organization\"},\"image\":{\"@id\":\"https:\/\/bobea.net\/index.php\/2025\/08\/06\/elever-un-enfant-metis-entre-diversite-culturelle-et-defis-societaux\/#primaryimage\"},\"thumbnailUrl\":\"https:\/\/bobea.net\/wp-content\/uploads\/2025\/08\/groupe-enfants-mixed-race-lisent-une-histoire.jpg\",\"keywords\":[\"construction identit\u00e9\",\"d\u00e9fis enfant m\u00e9tis\",\"discrimination raciale enfance\",\"diversit\u00e9 culturelle famille\",\"enfance multiculturelle\",\"famille m\u00e9tisse\",\"identit\u00e9 biculturelle\",\"inclusion sociale enfants\",\"soutien parental diversit\u00e9\"],\"articleSection\":[\"On en Parle\"],\"inLanguage\":\"fr-FR\",\"potentialAction\":[{\"@type\":\"CommentAction\",\"name\":\"Comment\",\"target\":[\"https:\/\/bobea.net\/index.php\/2025\/08\/06\/elever-un-enfant-metis-entre-diversite-culturelle-et-defis-societaux\/#respond\"]}]},{\"@type\":\"WebPage\",\"@id\":\"https:\/\/bobea.net\/index.php\/2025\/08\/06\/elever-un-enfant-metis-entre-diversite-culturelle-et-defis-societaux\/\",\"url\":\"https:\/\/bobea.net\/index.php\/2025\/08\/06\/elever-un-enfant-metis-entre-diversite-culturelle-et-defis-societaux\/\",\"name\":\"\u00c9lever un enfant m\u00e9tis \u2013 Entre diversit\u00e9 culturelle et d\u00e9fis soci\u00e9taux - Bobea\",\"isPartOf\":{\"@id\":\"https:\/\/bobea.net\/#website\"},\"primaryImageOfPage\":{\"@id\":\"https:\/\/bobea.net\/index.php\/2025\/08\/06\/elever-un-enfant-metis-entre-diversite-culturelle-et-defis-societaux\/#primaryimage\"},\"image\":{\"@id\":\"https:\/\/bobea.net\/index.php\/2025\/08\/06\/elever-un-enfant-metis-entre-diversite-culturelle-et-defis-societaux\/#primaryimage\"},\"thumbnailUrl\":\"https:\/\/bobea.net\/wp-content\/uploads\/2025\/08\/groupe-enfants-mixed-race-lisent-une-histoire.jpg\",\"datePublished\":\"2025-08-06T20:16:29+00:00\",\"dateModified\":\"2025-08-06T20:16:30+00:00\",\"description\":\"Sensibiliser l\u2019enfant au racisme et aux pr\u00e9jug\u00e9s potentiels est \u00e9galement essentiel. Lui apprendre \u00e0 reconna\u00eetre et \u00e0 affronter\",\"breadcrumb\":{\"@id\":\"https:\/\/bobea.net\/index.php\/2025\/08\/06\/elever-un-enfant-metis-entre-diversite-culturelle-et-defis-societaux\/#breadcrumb\"},\"inLanguage\":\"fr-FR\",\"potentialAction\":[{\"@type\":\"ReadAction\",\"target\":[\"https:\/\/bobea.net\/index.php\/2025\/08\/06\/elever-un-enfant-metis-entre-diversite-culturelle-et-defis-societaux\/\"]}]},{\"@type\":\"ImageObject\",\"inLanguage\":\"fr-FR\",\"@id\":\"https:\/\/bobea.net\/index.php\/2025\/08\/06\/elever-un-enfant-metis-entre-diversite-culturelle-et-defis-societaux\/#primaryimage\",\"url\":\"https:\/\/bobea.net\/wp-content\/uploads\/2025\/08\/groupe-enfants-mixed-race-lisent-une-histoire.jpg\",\"contentUrl\":\"https:\/\/bobea.net\/wp-content\/uploads\/2025\/08\/groupe-enfants-mixed-race-lisent-une-histoire.jpg\",\"width\":1200,\"height\":630},{\"@type\":\"BreadcrumbList\",\"@id\":\"https:\/\/bobea.net\/index.php\/2025\/08\/06\/elever-un-enfant-metis-entre-diversite-culturelle-et-defis-societaux\/#breadcrumb\",\"itemListElement\":[{\"@type\":\"ListItem\",\"position\":1,\"name\":\"Accueil\",\"item\":\"https:\/\/bobea.net\/\"},{\"@type\":\"ListItem\",\"position\":2,\"name\":\"\u00c9lever un enfant m\u00e9tis \u2013 Entre diversit\u00e9 culturelle et d\u00e9fis soci\u00e9taux\"}]},{\"@type\":\"WebSite\",\"@id\":\"https:\/\/bobea.net\/#website\",\"url\":\"https:\/\/bobea.net\/\",\"name\":\"Bobea\",\"description\":\"Le magazine de la nouvelle \u00c8ve\",\"publisher\":{\"@id\":\"https:\/\/bobea.net\/#organization\"},\"potentialAction\":[{\"@type\":\"SearchAction\",\"target\":{\"@type\":\"EntryPoint\",\"urlTemplate\":\"https:\/\/bobea.net\/?s={search_term_string}\"},\"query-input\":{\"@type\":\"PropertyValueSpecification\",\"valueRequired\":true,\"valueName\":\"search_term_string\"}}],\"inLanguage\":\"fr-FR\"},{\"@type\":\"Organization\",\"@id\":\"https:\/\/bobea.net\/#organization\",\"name\":\"Bobea\",\"url\":\"https:\/\/bobea.net\/\",\"logo\":{\"@type\":\"ImageObject\",\"inLanguage\":\"fr-FR\",\"@id\":\"https:\/\/bobea.net\/#\/schema\/logo\/image\/\",\"url\":\"https:\/\/bobea.net\/wp-content\/uploads\/2024\/06\/bobea.jpg\",\"contentUrl\":\"https:\/\/bobea.net\/wp-content\/uploads\/2024\/06\/bobea.jpg\",\"width\":1080,\"height\":1080,\"caption\":\"Bobea\"},\"image\":{\"@id\":\"https:\/\/bobea.net\/#\/schema\/logo\/image\/\"},\"sameAs\":[\"https:\/\/web.facebook.com\/profile.php?id=61559252188416\"]},{\"@type\":\"Person\",\"@id\":\"https:\/\/bobea.net\/#\/schema\/person\/e7f45ef187918d7c956bf619dce90ccf\",\"name\":\"bobea.info\",\"image\":{\"@type\":\"ImageObject\",\"inLanguage\":\"fr-FR\",\"@id\":\"https:\/\/bobea.net\/#\/schema\/person\/image\/\",\"url\":\"https:\/\/secure.gravatar.com\/avatar\/36147980349df887ae30808df3e29474?s=96&d=mm&r=g\",\"contentUrl\":\"https:\/\/secure.gravatar.com\/avatar\/36147980349df887ae30808df3e29474?s=96&d=mm&r=g\",\"caption\":\"bobea.info\"},\"sameAs\":[\"https:\/\/bobea.net\"],\"url\":\"https:\/\/bobea.net\/index.php\/author\/bobea-info\/\"}]}<\/script>\n<!-- \/ Yoast SEO plugin. -->","yoast_head_json":{"title":"\u00c9lever un enfant m\u00e9tis \u2013 Entre diversit\u00e9 culturelle et d\u00e9fis soci\u00e9taux - Bobea","description":"Sensibiliser l\u2019enfant au racisme et aux pr\u00e9jug\u00e9s potentiels est \u00e9galement essentiel. Lui apprendre \u00e0 reconna\u00eetre et \u00e0 affronter","robots":{"index":"index","follow":"follow","max-snippet":"max-snippet:-1","max-image-preview":"max-image-preview:large","max-video-preview":"max-video-preview:-1"},"canonical":"https:\/\/bobea.net\/index.php\/2025\/08\/06\/elever-un-enfant-metis-entre-diversite-culturelle-et-defis-societaux\/","og_locale":"fr_FR","og_type":"article","og_title":"\u00c9lever un enfant m\u00e9tis \u2013 Entre diversit\u00e9 culturelle et d\u00e9fis soci\u00e9taux - Bobea","og_description":"Sensibiliser l\u2019enfant au racisme et aux pr\u00e9jug\u00e9s potentiels est \u00e9galement essentiel. Lui apprendre \u00e0 reconna\u00eetre et \u00e0 affronter","og_url":"https:\/\/bobea.net\/index.php\/2025\/08\/06\/elever-un-enfant-metis-entre-diversite-culturelle-et-defis-societaux\/","og_site_name":"Bobea","article_publisher":"https:\/\/web.facebook.com\/profile.php?id=61559252188416","article_published_time":"2025-08-06T20:16:29+00:00","article_modified_time":"2025-08-06T20:16:30+00:00","og_image":[{"width":1200,"height":630,"url":"https:\/\/bobea.net\/wp-content\/uploads\/2025\/08\/groupe-enfants-mixed-race-lisent-une-histoire.jpg","type":"image\/jpeg"}],"author":"bobea.info","twitter_card":"summary_large_image","twitter_misc":{"\u00c9crit par":"bobea.info","Dur\u00e9e de lecture estim\u00e9e":"3 minutes"},"schema":{"@context":"https:\/\/schema.org","@graph":[{"@type":"Article","@id":"https:\/\/bobea.net\/index.php\/2025\/08\/06\/elever-un-enfant-metis-entre-diversite-culturelle-et-defis-societaux\/#article","isPartOf":{"@id":"https:\/\/bobea.net\/index.php\/2025\/08\/06\/elever-un-enfant-metis-entre-diversite-culturelle-et-defis-societaux\/"},"author":{"name":"bobea.info","@id":"https:\/\/bobea.net\/#\/schema\/person\/e7f45ef187918d7c956bf619dce90ccf"},"headline":"\u00c9lever un enfant m\u00e9tis \u2013 Entre diversit\u00e9 culturelle et d\u00e9fis soci\u00e9taux","datePublished":"2025-08-06T20:16:29+00:00","dateModified":"2025-08-06T20:16:30+00:00","mainEntityOfPage":{"@id":"https:\/\/bobea.net\/index.php\/2025\/08\/06\/elever-un-enfant-metis-entre-diversite-culturelle-et-defis-societaux\/"},"wordCount":416,"commentCount":0,"publisher":{"@id":"https:\/\/bobea.net\/#organization"},"image":{"@id":"https:\/\/bobea.net\/index.php\/2025\/08\/06\/elever-un-enfant-metis-entre-diversite-culturelle-et-defis-societaux\/#primaryimage"},"thumbnailUrl":"https:\/\/bobea.net\/wp-content\/uploads\/2025\/08\/groupe-enfants-mixed-race-lisent-une-histoire.jpg","keywords":["construction identit\u00e9","d\u00e9fis enfant m\u00e9tis","discrimination raciale enfance","diversit\u00e9 culturelle famille","enfance multiculturelle","famille m\u00e9tisse","identit\u00e9 biculturelle","inclusion sociale enfants","soutien parental diversit\u00e9"],"articleSection":["On en Parle"],"inLanguage":"fr-FR","potentialAction":[{"@type":"CommentAction","name":"Comment","target":["https:\/\/bobea.net\/index.php\/2025\/08\/06\/elever-un-enfant-metis-entre-diversite-culturelle-et-defis-societaux\/#respond"]}]},{"@type":"WebPage","@id":"https:\/\/bobea.net\/index.php\/2025\/08\/06\/elever-un-enfant-metis-entre-diversite-culturelle-et-defis-societaux\/","url":"https:\/\/bobea.net\/index.php\/2025\/08\/06\/elever-un-enfant-metis-entre-diversite-culturelle-et-defis-societaux\/","name":"\u00c9lever un enfant m\u00e9tis \u2013 Entre diversit\u00e9 culturelle et d\u00e9fis soci\u00e9taux - Bobea","isPartOf":{"@id":"https:\/\/bobea.net\/#website"},"primaryImageOfPage":{"@id":"https:\/\/bobea.net\/index.php\/2025\/08\/06\/elever-un-enfant-metis-entre-diversite-culturelle-et-defis-societaux\/#primaryimage"},"image":{"@id":"https:\/\/bobea.net\/index.php\/2025\/08\/06\/elever-un-enfant-metis-entre-diversite-culturelle-et-defis-societaux\/#primaryimage"},"thumbnailUrl":"https:\/\/bobea.net\/wp-content\/uploads\/2025\/08\/groupe-enfants-mixed-race-lisent-une-histoire.jpg","datePublished":"2025-08-06T20:16:29+00:00","dateModified":"2025-08-06T20:16:30+00:00","description":"Sensibiliser l\u2019enfant au racisme et aux pr\u00e9jug\u00e9s potentiels est \u00e9galement essentiel. Lui apprendre \u00e0 reconna\u00eetre et \u00e0 affronter","breadcrumb":{"@id":"https:\/\/bobea.net\/index.php\/2025\/08\/06\/elever-un-enfant-metis-entre-diversite-culturelle-et-defis-societaux\/#breadcrumb"},"inLanguage":"fr-FR","potentialAction":[{"@type":"ReadAction","target":["https:\/\/bobea.net\/index.php\/2025\/08\/06\/elever-un-enfant-metis-entre-diversite-culturelle-et-defis-societaux\/"]}]},{"@type":"ImageObject","inLanguage":"fr-FR","@id":"https:\/\/bobea.net\/index.php\/2025\/08\/06\/elever-un-enfant-metis-entre-diversite-culturelle-et-defis-societaux\/#primaryimage","url":"https:\/\/bobea.net\/wp-content\/uploads\/2025\/08\/groupe-enfants-mixed-race-lisent-une-histoire.jpg","contentUrl":"https:\/\/bobea.net\/wp-content\/uploads\/2025\/08\/groupe-enfants-mixed-race-lisent-une-histoire.jpg","width":1200,"height":630},{"@type":"BreadcrumbList","@id":"https:\/\/bobea.net\/index.php\/2025\/08\/06\/elever-un-enfant-metis-entre-diversite-culturelle-et-defis-societaux\/#breadcrumb","itemListElement":[{"@type":"ListItem","position":1,"name":"Accueil","item":"https:\/\/bobea.net\/"},{"@type":"ListItem","position":2,"name":"\u00c9lever un enfant m\u00e9tis \u2013 Entre diversit\u00e9 culturelle et d\u00e9fis soci\u00e9taux"}]},{"@type":"WebSite","@id":"https:\/\/bobea.net\/#website","url":"https:\/\/bobea.net\/","name":"Bobea","description":"Le magazine de la nouvelle \u00c8ve","publisher":{"@id":"https:\/\/bobea.net\/#organization"},"potentialAction":[{"@type":"SearchAction","target":{"@type":"EntryPoint","urlTemplate":"https:\/\/bobea.net\/?s={search_term_string}"},"query-input":{"@type":"PropertyValueSpecification","valueRequired":true,"valueName":"search_term_string"}}],"inLanguage":"fr-FR"},{"@type":"Organization","@id":"https:\/\/bobea.net\/#organization","name":"Bobea","url":"https:\/\/bobea.net\/","logo":{"@type":"ImageObject","inLanguage":"fr-FR","@id":"https:\/\/bobea.net\/#\/schema\/logo\/image\/","url":"https:\/\/bobea.net\/wp-content\/uploads\/2024\/06\/bobea.jpg","contentUrl":"https:\/\/bobea.net\/wp-content\/uploads\/2024\/06\/bobea.jpg","width":1080,"height":1080,"caption":"Bobea"},"image":{"@id":"https:\/\/bobea.net\/#\/schema\/logo\/image\/"},"sameAs":["https:\/\/web.facebook.com\/profile.php?id=61559252188416"]},{"@type":"Person","@id":"https:\/\/bobea.net\/#\/schema\/person\/e7f45ef187918d7c956bf619dce90ccf","name":"bobea.info","image":{"@type":"ImageObject","inLanguage":"fr-FR","@id":"https:\/\/bobea.net\/#\/schema\/person\/image\/","url":"https:\/\/secure.gravatar.com\/avatar\/36147980349df887ae30808df3e29474?s=96&d=mm&r=g","contentUrl":"https:\/\/secure.gravatar.com\/avatar\/36147980349df887ae30808df3e29474?s=96&d=mm&r=g","caption":"bobea.info"},"sameAs":["https:\/\/bobea.net"],"url":"https:\/\/bobea.net\/index.php\/author\/bobea-info\/"}]}},"_links":{"self":[{"href":"https:\/\/bobea.net\/index.php\/wp-json\/wp\/v2\/posts\/22380"}],"collection":[{"href":"https:\/\/bobea.net\/index.php\/wp-json\/wp\/v2\/posts"}],"about":[{"href":"https:\/\/bobea.net\/index.php\/wp-json\/wp\/v2\/types\/post"}],"author":[{"embeddable":true,"href":"https:\/\/bobea.net\/index.php\/wp-json\/wp\/v2\/users\/1"}],"replies":[{"embeddable":true,"href":"https:\/\/bobea.net\/index.php\/wp-json\/wp\/v2\/comments?post=22380"}],"version-history":[{"count":1,"href":"https:\/\/bobea.net\/index.php\/wp-json\/wp\/v2\/posts\/22380\/revisions"}],"predecessor-version":[{"id":22385,"href":"https:\/\/bobea.net\/index.php\/wp-json\/wp\/v2\/posts\/22380\/revisions\/22385"}],"wp:featuredmedia":[{"embeddable":true,"href":"https:\/\/bobea.net\/index.php\/wp-json\/wp\/v2\/media\/22384"}],"wp:attachment":[{"href":"https:\/\/bobea.net\/index.php\/wp-json\/wp\/v2\/media?parent=22380"}],"wp:term":[{"taxonomy":"category","embeddable":true,"href":"https:\/\/bobea.net\/index.php\/wp-json\/wp\/v2\/categories?post=22380"},{"taxonomy":"post_tag","embeddable":true,"href":"https:\/\/bobea.net\/index.php\/wp-json\/wp\/v2\/tags?post=22380"}],"curies":[{"name":"wp","href":"https:\/\/api.w.org\/{rel}","templated":true}]}}