{"id":22371,"date":"2025-08-06T20:10:31","date_gmt":"2025-08-06T20:10:31","guid":{"rendered":"https:\/\/bobea.net\/?p=22371"},"modified":"2025-08-06T20:10:33","modified_gmt":"2025-08-06T20:10:33","slug":"elever-un-enfant-metis-temoignage-dune-famille-portugaise-face-aux-defis-et-a-la-diversite","status":"publish","type":"post","link":"https:\/\/bobea.net\/index.php\/2025\/08\/06\/elever-un-enfant-metis-temoignage-dune-famille-portugaise-face-aux-defis-et-a-la-diversite\/","title":{"rendered":"\u00c9lever un enfant m\u00e9tis \u2013 T\u00e9moignage d\u2019une famille portugaise face aux d\u00e9fis et \u00e0 la diversit\u00e9"},"content":{"rendered":"\n<p>Entre cul\u00adtures et ques\u00adtions d\u2019identit\u00e9<\/p>\n\n\n\n<p>Michelle et Michel, tous deux Por\u00adtu\u00adgais de souche, vivent une exp\u00e9ri\u00adence boulever\u00adsante depuis la nais\u00adsance de leur enfant m\u00e9tis. Dans un con\u00adtexte famil\u00adial et social par\u00adfois mar\u00adqu\u00e9 par l\u2019incompr\u00e9hension, ils nav\u00adiguent entre fiert\u00e9, inqui\u00e9\u00adtudes et inter\u00adro\u00adga\u00adtions sur l\u2019identit\u00e9 de leur fils.<\/p>\n\n\n\n<p><em>\u00ab Voir notre enfant dans sa force dif\u00adf\u00e9rente nous a rap\u00adproch\u00e9s, mais ce fut aus\u00adsi un d\u00e9fi d\u2019accompagner sa con\u00adstruc\u00adtion dans un monde encore trop rigide sur les ques\u00adtions de diver\u00adsit\u00e9 \u00bb, explique Michelle.<\/em><\/p>\n\n\n\n<p>Les pre\u00admiers obsta\u00adcles : regards et st\u00e9r\u00e9o\u00adtypes<\/p>\n\n\n\n<p>Les pre\u00admiers pas vers l\u2019int\u00e9gration peu\u00advent se heurter \u00e0 des regards inter\u00adro\u00adga\u00adteurs voire dis\u00adcrim\u00adi\u00adnants. Les dif\u00adf\u00e9rences physiques \u2013 couleur de peau, traits \u2013 exposent par\u00adfois l\u2019enfant \u00e0 des ques\u00adtions inquisitri\u00adces \u00e0 l\u2019\u00e9cole ou dans la rue. Sans compter un sen\u00adti\u00adment d\u2019isolement pos\u00adsi\u00adble au sein de la famille \u00e9largie.<\/p>\n\n\n\n<p>\u00c9du\u00adquer \u00e0 la dou\u00adble cul\u00adture<\/p>\n\n\n\n<p>D\u00e9velop\u00adper la con\u00adnais\u00adsance des racines por\u00adtu\u00adgais\u00ades et de la cul\u00adture de l\u2019autre par\u00adent appa\u00adra\u00eet comme une cl\u00e9 d\u2019\u00e9panouissement. Par\u00adler des orig\u00adines, des langues, des tra\u00addi\u00adtions per\u00admet \u00e0 l\u2019enfant de con\u00adstru\u00adire un sen\u00adti\u00adment d\u2019appartenance riche et mul\u00adti\u00adple, cette bicul\u00adtur\u00adal\u00adit\u00e9 offrant une force sin\u00adguli\u00e8re.<\/p>\n\n\n\n<figure class=\"wp-block-image size-full\"><img loading=\"lazy\" decoding=\"async\" width=\"1000\" height=\"600\" src=\"https:\/\/bobea.net\/wp-content\/uploads\/2025\/08\/09.06.22-eduquer-1.jpg\" alt class=\"wp-image-22374\" srcset=\"https:\/\/bobea.net\/wp-content\/uploads\/2025\/08\/09.06.22-eduquer-1.jpg 1000w, https:\/\/bobea.net\/wp-content\/uploads\/2025\/08\/09.06.22-eduquer-1-300x180.jpg 300w, https:\/\/bobea.net\/wp-content\/uploads\/2025\/08\/09.06.22-eduquer-1-768x461.jpg 768w\" sizes=\"(max-width: 1000px) 100vw, 1000px\"><\/figure>\n\n\n\n<p>L\u2019importance du dia\u00adlogue et de la val\u00adori\u00adsa\u00adtion pos\u00adi\u00adtive<\/p>\n\n\n\n<p>Encour\u00adager l\u2019enfant \u00e0 partager ses \u00e9mo\u00adtions, ses exp\u00e9ri\u00adences, sans jamais min\u00adimiser ses ressen\u00adtis face au racisme ou aux dis\u00adcrim\u00adi\u00adna\u00adtions est fon\u00adda\u00admen\u00adtal. Mod\u00ad\u00e8les posi\u00adtifs, livres, ren\u00adcon\u00adtres cul\u00adturelles aident \u00e0 soulign\u00ader la beaut\u00e9 et la richesse de sa dou\u00adble appar\u00adte\u00adnance.<\/p>\n\n\n\n<p>T\u00e9moignage d\u2019une \u00e9du\u00adca\u00adtrice sp\u00e9\u00adcial\u00adis\u00e9e<\/p>\n\n\n\n<p>\u00ab L\u2019accompagnement d\u2019un enfant m\u00e9tis doit int\u00e9\u00adgr\u00ader des dimen\u00adsions psy\u00adchologiques, socio-cul\u00adturelles et famil\u00adiales. Il s\u2019agit d\u2019un v\u00e9ri\u00adta\u00adble pro\u00adjet \u00e9du\u00adcatif qui favorise l\u2019ouverture d\u2019esprit et la r\u00e9silience \u00bb, explique Nathalie Bernard, \u00e9du\u00adca\u00adtrice sp\u00e9\u00adcial\u00adis\u00e9e.<\/p>\n\n\n\n<p><\/p>\n","protected":false},"excerpt":{"rendered":"<p>Entre cul\u00adtures et ques\u00adtions d\u2019identit\u00e9 Michelle et Michel, tous deux Por\u00adtu\u00adgais de souche, vivent une exp\u00e9ri\u00adence boulever\u00adsante depuis la nais\u00adsance de leur enfant m\u00e9tis. Dans un con\u00adtexte famil\u00adial et social\u2026 <\/p>\n","protected":false},"author":1,"featured_media":22372,"comment_status":"open","ping_status":"closed","sticky":false,"template":"","format":"standard","meta":{"wp_typography_post_enhancements_disabled":false,"footnotes":""},"categories":[73],"tags":[16651,16658,16655,16650,16653,16656,16652,16654,16657],"class_list":["post-22371","post","type-post","status-publish","format-standard","has-post-thumbnail","hentry","category-on-en-parle","tag-defis-enfant-metis","tag-developpement-enfant-metis","tag-discrimination-raciale-enfance","tag-diversite-culturelle-famille","tag-eduquer-a-la-difference","tag-famille-multiculturelle","tag-identite-biculturelle","tag-inclusion-sociale-enfants","tag-soutien-parental-diversite"],"yoast_head":"<!-- This site is optimized with the Yoast SEO plugin v24.7 - https:\/\/yoast.com\/wordpress\/plugins\/seo\/ -->\n<title>\u00c9lever un enfant m\u00e9tis \u2013 T\u00e9moignage d\u2019une famille portugaise face aux d\u00e9fis et \u00e0 la diversit\u00e9 - Bobea<\/title>\n<meta name=\"description\" content=\"Michelle et Michel, tous deux Portugais de souche, vivent une exp\u00e9rience bouleversante depuis la naissance de leur enfant m\u00e9tis\" \/>\n<meta name=\"robots\" content=\"index, follow, max-snippet:-1, max-image-preview:large, max-video-preview:-1\" \/>\n<link rel=\"canonical\" href=\"https:\/\/bobea.net\/index.php\/2025\/08\/06\/elever-un-enfant-metis-temoignage-dune-famille-portugaise-face-aux-defis-et-a-la-diversite\/\" \/>\n<meta property=\"og:locale\" content=\"fr_FR\" \/>\n<meta property=\"og:type\" content=\"article\" \/>\n<meta property=\"og:title\" content=\"\u00c9lever un enfant m\u00e9tis \u2013 T\u00e9moignage d\u2019une famille portugaise face aux d\u00e9fis et \u00e0 la diversit\u00e9 - Bobea\" \/>\n<meta property=\"og:description\" content=\"Michelle et Michel, tous deux Portugais de souche, vivent une exp\u00e9rience bouleversante depuis la naissance de leur enfant m\u00e9tis\" \/>\n<meta property=\"og:url\" content=\"https:\/\/bobea.net\/index.php\/2025\/08\/06\/elever-un-enfant-metis-temoignage-dune-famille-portugaise-face-aux-defis-et-a-la-diversite\/\" \/>\n<meta property=\"og:site_name\" content=\"Bobea\" \/>\n<meta property=\"article:publisher\" content=\"https:\/\/web.facebook.com\/profile.php?id=61559252188416\" \/>\n<meta property=\"article:published_time\" content=\"2025-08-06T20:10:31+00:00\" \/>\n<meta property=\"article:modified_time\" content=\"2025-08-06T20:10:33+00:00\" \/>\n<meta name=\"author\" content=\"bobea.info\" \/>\n<meta name=\"twitter:card\" content=\"summary_large_image\" \/>\n<meta name=\"twitter:label1\" content=\"\u00c9crit par\" \/>\n\t<meta name=\"twitter:data1\" content=\"bobea.info\" \/>\n\t<meta name=\"twitter:label2\" content=\"Dur\u00e9e de lecture estim\u00e9e\" \/>\n\t<meta name=\"twitter:data2\" content=\"2 minutes\" \/>\n<script type=\"application\/ld+json\" class=\"yoast-schema-graph\">{\"@context\":\"https:\/\/schema.org\",\"@graph\":[{\"@type\":\"Article\",\"@id\":\"https:\/\/bobea.net\/index.php\/2025\/08\/06\/elever-un-enfant-metis-temoignage-dune-famille-portugaise-face-aux-defis-et-a-la-diversite\/#article\",\"isPartOf\":{\"@id\":\"https:\/\/bobea.net\/index.php\/2025\/08\/06\/elever-un-enfant-metis-temoignage-dune-famille-portugaise-face-aux-defis-et-a-la-diversite\/\"},\"author\":{\"name\":\"bobea.info\",\"@id\":\"https:\/\/bobea.net\/#\/schema\/person\/e7f45ef187918d7c956bf619dce90ccf\"},\"headline\":\"\u00c9lever un enfant m\u00e9tis \u2013 T\u00e9moignage d\u2019une famille portugaise face aux d\u00e9fis et \u00e0 la diversit\u00e9\",\"datePublished\":\"2025-08-06T20:10:31+00:00\",\"dateModified\":\"2025-08-06T20:10:33+00:00\",\"mainEntityOfPage\":{\"@id\":\"https:\/\/bobea.net\/index.php\/2025\/08\/06\/elever-un-enfant-metis-temoignage-dune-famille-portugaise-face-aux-defis-et-a-la-diversite\/\"},\"wordCount\":314,\"commentCount\":0,\"publisher\":{\"@id\":\"https:\/\/bobea.net\/#organization\"},\"image\":{\"@id\":\"https:\/\/bobea.net\/index.php\/2025\/08\/06\/elever-un-enfant-metis-temoignage-dune-famille-portugaise-face-aux-defis-et-a-la-diversite\/#primaryimage\"},\"thumbnailUrl\":\"https:\/\/bobea.net\/wp-content\/uploads\/2025\/08\/JAJPJWJEC5CGLIMXHUKKMF3J3Q.avif\",\"keywords\":[\"d\u00e9fis enfant m\u00e9tis\",\"d\u00e9veloppement enfant m\u00e9tis\",\"discrimination raciale enfance\",\"diversit\u00e9 culturelle famille\",\"\u00e9duquer \u00e0 la diff\u00e9rence\",\"famille multiculturelle\",\"identit\u00e9 biculturelle\",\"inclusion sociale enfants\",\"soutien parental diversit\u00e9\"],\"articleSection\":[\"On en Parle\"],\"inLanguage\":\"fr-FR\",\"potentialAction\":[{\"@type\":\"CommentAction\",\"name\":\"Comment\",\"target\":[\"https:\/\/bobea.net\/index.php\/2025\/08\/06\/elever-un-enfant-metis-temoignage-dune-famille-portugaise-face-aux-defis-et-a-la-diversite\/#respond\"]}]},{\"@type\":\"WebPage\",\"@id\":\"https:\/\/bobea.net\/index.php\/2025\/08\/06\/elever-un-enfant-metis-temoignage-dune-famille-portugaise-face-aux-defis-et-a-la-diversite\/\",\"url\":\"https:\/\/bobea.net\/index.php\/2025\/08\/06\/elever-un-enfant-metis-temoignage-dune-famille-portugaise-face-aux-defis-et-a-la-diversite\/\",\"name\":\"\u00c9lever un enfant m\u00e9tis \u2013 T\u00e9moignage d\u2019une famille portugaise face aux d\u00e9fis et \u00e0 la diversit\u00e9 - Bobea\",\"isPartOf\":{\"@id\":\"https:\/\/bobea.net\/#website\"},\"primaryImageOfPage\":{\"@id\":\"https:\/\/bobea.net\/index.php\/2025\/08\/06\/elever-un-enfant-metis-temoignage-dune-famille-portugaise-face-aux-defis-et-a-la-diversite\/#primaryimage\"},\"image\":{\"@id\":\"https:\/\/bobea.net\/index.php\/2025\/08\/06\/elever-un-enfant-metis-temoignage-dune-famille-portugaise-face-aux-defis-et-a-la-diversite\/#primaryimage\"},\"thumbnailUrl\":\"https:\/\/bobea.net\/wp-content\/uploads\/2025\/08\/JAJPJWJEC5CGLIMXHUKKMF3J3Q.avif\",\"datePublished\":\"2025-08-06T20:10:31+00:00\",\"dateModified\":\"2025-08-06T20:10:33+00:00\",\"description\":\"Michelle et Michel, tous deux Portugais de souche, vivent une exp\u00e9rience bouleversante depuis la naissance de leur enfant m\u00e9tis\",\"breadcrumb\":{\"@id\":\"https:\/\/bobea.net\/index.php\/2025\/08\/06\/elever-un-enfant-metis-temoignage-dune-famille-portugaise-face-aux-defis-et-a-la-diversite\/#breadcrumb\"},\"inLanguage\":\"fr-FR\",\"potentialAction\":[{\"@type\":\"ReadAction\",\"target\":[\"https:\/\/bobea.net\/index.php\/2025\/08\/06\/elever-un-enfant-metis-temoignage-dune-famille-portugaise-face-aux-defis-et-a-la-diversite\/\"]}]},{\"@type\":\"ImageObject\",\"inLanguage\":\"fr-FR\",\"@id\":\"https:\/\/bobea.net\/index.php\/2025\/08\/06\/elever-un-enfant-metis-temoignage-dune-famille-portugaise-face-aux-defis-et-a-la-diversite\/#primaryimage\",\"url\":\"https:\/\/bobea.net\/wp-content\/uploads\/2025\/08\/JAJPJWJEC5CGLIMXHUKKMF3J3Q.avif\",\"contentUrl\":\"https:\/\/bobea.net\/wp-content\/uploads\/2025\/08\/JAJPJWJEC5CGLIMXHUKKMF3J3Q.avif\",\"width\":1200,\"height\":800},{\"@type\":\"BreadcrumbList\",\"@id\":\"https:\/\/bobea.net\/index.php\/2025\/08\/06\/elever-un-enfant-metis-temoignage-dune-famille-portugaise-face-aux-defis-et-a-la-diversite\/#breadcrumb\",\"itemListElement\":[{\"@type\":\"ListItem\",\"position\":1,\"name\":\"Accueil\",\"item\":\"https:\/\/bobea.net\/\"},{\"@type\":\"ListItem\",\"position\":2,\"name\":\"\u00c9lever un enfant m\u00e9tis \u2013 T\u00e9moignage d\u2019une famille portugaise face aux d\u00e9fis et \u00e0 la diversit\u00e9\"}]},{\"@type\":\"WebSite\",\"@id\":\"https:\/\/bobea.net\/#website\",\"url\":\"https:\/\/bobea.net\/\",\"name\":\"Bobea\",\"description\":\"Le magazine de la nouvelle \u00c8ve\",\"publisher\":{\"@id\":\"https:\/\/bobea.net\/#organization\"},\"potentialAction\":[{\"@type\":\"SearchAction\",\"target\":{\"@type\":\"EntryPoint\",\"urlTemplate\":\"https:\/\/bobea.net\/?s={search_term_string}\"},\"query-input\":{\"@type\":\"PropertyValueSpecification\",\"valueRequired\":true,\"valueName\":\"search_term_string\"}}],\"inLanguage\":\"fr-FR\"},{\"@type\":\"Organization\",\"@id\":\"https:\/\/bobea.net\/#organization\",\"name\":\"Bobea\",\"url\":\"https:\/\/bobea.net\/\",\"logo\":{\"@type\":\"ImageObject\",\"inLanguage\":\"fr-FR\",\"@id\":\"https:\/\/bobea.net\/#\/schema\/logo\/image\/\",\"url\":\"https:\/\/bobea.net\/wp-content\/uploads\/2024\/06\/bobea.jpg\",\"contentUrl\":\"https:\/\/bobea.net\/wp-content\/uploads\/2024\/06\/bobea.jpg\",\"width\":1080,\"height\":1080,\"caption\":\"Bobea\"},\"image\":{\"@id\":\"https:\/\/bobea.net\/#\/schema\/logo\/image\/\"},\"sameAs\":[\"https:\/\/web.facebook.com\/profile.php?id=61559252188416\"]},{\"@type\":\"Person\",\"@id\":\"https:\/\/bobea.net\/#\/schema\/person\/e7f45ef187918d7c956bf619dce90ccf\",\"name\":\"bobea.info\",\"image\":{\"@type\":\"ImageObject\",\"inLanguage\":\"fr-FR\",\"@id\":\"https:\/\/bobea.net\/#\/schema\/person\/image\/\",\"url\":\"https:\/\/secure.gravatar.com\/avatar\/36147980349df887ae30808df3e29474?s=96&d=mm&r=g\",\"contentUrl\":\"https:\/\/secure.gravatar.com\/avatar\/36147980349df887ae30808df3e29474?s=96&d=mm&r=g\",\"caption\":\"bobea.info\"},\"sameAs\":[\"https:\/\/bobea.net\"],\"url\":\"https:\/\/bobea.net\/index.php\/author\/bobea-info\/\"}]}<\/script>\n<!-- \/ Yoast SEO plugin. -->","yoast_head_json":{"title":"\u00c9lever un enfant m\u00e9tis \u2013 T\u00e9moignage d\u2019une famille portugaise face aux d\u00e9fis et \u00e0 la diversit\u00e9 - Bobea","description":"Michelle et Michel, tous deux Portugais de souche, vivent une exp\u00e9rience bouleversante depuis la naissance de leur enfant m\u00e9tis","robots":{"index":"index","follow":"follow","max-snippet":"max-snippet:-1","max-image-preview":"max-image-preview:large","max-video-preview":"max-video-preview:-1"},"canonical":"https:\/\/bobea.net\/index.php\/2025\/08\/06\/elever-un-enfant-metis-temoignage-dune-famille-portugaise-face-aux-defis-et-a-la-diversite\/","og_locale":"fr_FR","og_type":"article","og_title":"\u00c9lever un enfant m\u00e9tis \u2013 T\u00e9moignage d\u2019une famille portugaise face aux d\u00e9fis et \u00e0 la diversit\u00e9 - Bobea","og_description":"Michelle et Michel, tous deux Portugais de souche, vivent une exp\u00e9rience bouleversante depuis la naissance de leur enfant m\u00e9tis","og_url":"https:\/\/bobea.net\/index.php\/2025\/08\/06\/elever-un-enfant-metis-temoignage-dune-famille-portugaise-face-aux-defis-et-a-la-diversite\/","og_site_name":"Bobea","article_publisher":"https:\/\/web.facebook.com\/profile.php?id=61559252188416","article_published_time":"2025-08-06T20:10:31+00:00","article_modified_time":"2025-08-06T20:10:33+00:00","author":"bobea.info","twitter_card":"summary_large_image","twitter_misc":{"\u00c9crit par":"bobea.info","Dur\u00e9e de lecture estim\u00e9e":"2 minutes"},"schema":{"@context":"https:\/\/schema.org","@graph":[{"@type":"Article","@id":"https:\/\/bobea.net\/index.php\/2025\/08\/06\/elever-un-enfant-metis-temoignage-dune-famille-portugaise-face-aux-defis-et-a-la-diversite\/#article","isPartOf":{"@id":"https:\/\/bobea.net\/index.php\/2025\/08\/06\/elever-un-enfant-metis-temoignage-dune-famille-portugaise-face-aux-defis-et-a-la-diversite\/"},"author":{"name":"bobea.info","@id":"https:\/\/bobea.net\/#\/schema\/person\/e7f45ef187918d7c956bf619dce90ccf"},"headline":"\u00c9lever un enfant m\u00e9tis \u2013 T\u00e9moignage d\u2019une famille portugaise face aux d\u00e9fis et \u00e0 la diversit\u00e9","datePublished":"2025-08-06T20:10:31+00:00","dateModified":"2025-08-06T20:10:33+00:00","mainEntityOfPage":{"@id":"https:\/\/bobea.net\/index.php\/2025\/08\/06\/elever-un-enfant-metis-temoignage-dune-famille-portugaise-face-aux-defis-et-a-la-diversite\/"},"wordCount":314,"commentCount":0,"publisher":{"@id":"https:\/\/bobea.net\/#organization"},"image":{"@id":"https:\/\/bobea.net\/index.php\/2025\/08\/06\/elever-un-enfant-metis-temoignage-dune-famille-portugaise-face-aux-defis-et-a-la-diversite\/#primaryimage"},"thumbnailUrl":"https:\/\/bobea.net\/wp-content\/uploads\/2025\/08\/JAJPJWJEC5CGLIMXHUKKMF3J3Q.avif","keywords":["d\u00e9fis enfant m\u00e9tis","d\u00e9veloppement enfant m\u00e9tis","discrimination raciale enfance","diversit\u00e9 culturelle famille","\u00e9duquer \u00e0 la diff\u00e9rence","famille multiculturelle","identit\u00e9 biculturelle","inclusion sociale enfants","soutien parental diversit\u00e9"],"articleSection":["On en Parle"],"inLanguage":"fr-FR","potentialAction":[{"@type":"CommentAction","name":"Comment","target":["https:\/\/bobea.net\/index.php\/2025\/08\/06\/elever-un-enfant-metis-temoignage-dune-famille-portugaise-face-aux-defis-et-a-la-diversite\/#respond"]}]},{"@type":"WebPage","@id":"https:\/\/bobea.net\/index.php\/2025\/08\/06\/elever-un-enfant-metis-temoignage-dune-famille-portugaise-face-aux-defis-et-a-la-diversite\/","url":"https:\/\/bobea.net\/index.php\/2025\/08\/06\/elever-un-enfant-metis-temoignage-dune-famille-portugaise-face-aux-defis-et-a-la-diversite\/","name":"\u00c9lever un enfant m\u00e9tis \u2013 T\u00e9moignage d\u2019une famille portugaise face aux d\u00e9fis et \u00e0 la diversit\u00e9 - Bobea","isPartOf":{"@id":"https:\/\/bobea.net\/#website"},"primaryImageOfPage":{"@id":"https:\/\/bobea.net\/index.php\/2025\/08\/06\/elever-un-enfant-metis-temoignage-dune-famille-portugaise-face-aux-defis-et-a-la-diversite\/#primaryimage"},"image":{"@id":"https:\/\/bobea.net\/index.php\/2025\/08\/06\/elever-un-enfant-metis-temoignage-dune-famille-portugaise-face-aux-defis-et-a-la-diversite\/#primaryimage"},"thumbnailUrl":"https:\/\/bobea.net\/wp-content\/uploads\/2025\/08\/JAJPJWJEC5CGLIMXHUKKMF3J3Q.avif","datePublished":"2025-08-06T20:10:31+00:00","dateModified":"2025-08-06T20:10:33+00:00","description":"Michelle et Michel, tous deux Portugais de souche, vivent une exp\u00e9rience bouleversante depuis la naissance de leur enfant m\u00e9tis","breadcrumb":{"@id":"https:\/\/bobea.net\/index.php\/2025\/08\/06\/elever-un-enfant-metis-temoignage-dune-famille-portugaise-face-aux-defis-et-a-la-diversite\/#breadcrumb"},"inLanguage":"fr-FR","potentialAction":[{"@type":"ReadAction","target":["https:\/\/bobea.net\/index.php\/2025\/08\/06\/elever-un-enfant-metis-temoignage-dune-famille-portugaise-face-aux-defis-et-a-la-diversite\/"]}]},{"@type":"ImageObject","inLanguage":"fr-FR","@id":"https:\/\/bobea.net\/index.php\/2025\/08\/06\/elever-un-enfant-metis-temoignage-dune-famille-portugaise-face-aux-defis-et-a-la-diversite\/#primaryimage","url":"https:\/\/bobea.net\/wp-content\/uploads\/2025\/08\/JAJPJWJEC5CGLIMXHUKKMF3J3Q.avif","contentUrl":"https:\/\/bobea.net\/wp-content\/uploads\/2025\/08\/JAJPJWJEC5CGLIMXHUKKMF3J3Q.avif","width":1200,"height":800},{"@type":"BreadcrumbList","@id":"https:\/\/bobea.net\/index.php\/2025\/08\/06\/elever-un-enfant-metis-temoignage-dune-famille-portugaise-face-aux-defis-et-a-la-diversite\/#breadcrumb","itemListElement":[{"@type":"ListItem","position":1,"name":"Accueil","item":"https:\/\/bobea.net\/"},{"@type":"ListItem","position":2,"name":"\u00c9lever un enfant m\u00e9tis \u2013 T\u00e9moignage d\u2019une famille portugaise face aux d\u00e9fis et \u00e0 la diversit\u00e9"}]},{"@type":"WebSite","@id":"https:\/\/bobea.net\/#website","url":"https:\/\/bobea.net\/","name":"Bobea","description":"Le magazine de la nouvelle \u00c8ve","publisher":{"@id":"https:\/\/bobea.net\/#organization"},"potentialAction":[{"@type":"SearchAction","target":{"@type":"EntryPoint","urlTemplate":"https:\/\/bobea.net\/?s={search_term_string}"},"query-input":{"@type":"PropertyValueSpecification","valueRequired":true,"valueName":"search_term_string"}}],"inLanguage":"fr-FR"},{"@type":"Organization","@id":"https:\/\/bobea.net\/#organization","name":"Bobea","url":"https:\/\/bobea.net\/","logo":{"@type":"ImageObject","inLanguage":"fr-FR","@id":"https:\/\/bobea.net\/#\/schema\/logo\/image\/","url":"https:\/\/bobea.net\/wp-content\/uploads\/2024\/06\/bobea.jpg","contentUrl":"https:\/\/bobea.net\/wp-content\/uploads\/2024\/06\/bobea.jpg","width":1080,"height":1080,"caption":"Bobea"},"image":{"@id":"https:\/\/bobea.net\/#\/schema\/logo\/image\/"},"sameAs":["https:\/\/web.facebook.com\/profile.php?id=61559252188416"]},{"@type":"Person","@id":"https:\/\/bobea.net\/#\/schema\/person\/e7f45ef187918d7c956bf619dce90ccf","name":"bobea.info","image":{"@type":"ImageObject","inLanguage":"fr-FR","@id":"https:\/\/bobea.net\/#\/schema\/person\/image\/","url":"https:\/\/secure.gravatar.com\/avatar\/36147980349df887ae30808df3e29474?s=96&d=mm&r=g","contentUrl":"https:\/\/secure.gravatar.com\/avatar\/36147980349df887ae30808df3e29474?s=96&d=mm&r=g","caption":"bobea.info"},"sameAs":["https:\/\/bobea.net"],"url":"https:\/\/bobea.net\/index.php\/author\/bobea-info\/"}]}},"_links":{"self":[{"href":"https:\/\/bobea.net\/index.php\/wp-json\/wp\/v2\/posts\/22371"}],"collection":[{"href":"https:\/\/bobea.net\/index.php\/wp-json\/wp\/v2\/posts"}],"about":[{"href":"https:\/\/bobea.net\/index.php\/wp-json\/wp\/v2\/types\/post"}],"author":[{"embeddable":true,"href":"https:\/\/bobea.net\/index.php\/wp-json\/wp\/v2\/users\/1"}],"replies":[{"embeddable":true,"href":"https:\/\/bobea.net\/index.php\/wp-json\/wp\/v2\/comments?post=22371"}],"version-history":[{"count":1,"href":"https:\/\/bobea.net\/index.php\/wp-json\/wp\/v2\/posts\/22371\/revisions"}],"predecessor-version":[{"id":22375,"href":"https:\/\/bobea.net\/index.php\/wp-json\/wp\/v2\/posts\/22371\/revisions\/22375"}],"wp:featuredmedia":[{"embeddable":true,"href":"https:\/\/bobea.net\/index.php\/wp-json\/wp\/v2\/media\/22372"}],"wp:attachment":[{"href":"https:\/\/bobea.net\/index.php\/wp-json\/wp\/v2\/media?parent=22371"}],"wp:term":[{"taxonomy":"category","embeddable":true,"href":"https:\/\/bobea.net\/index.php\/wp-json\/wp\/v2\/categories?post=22371"},{"taxonomy":"post_tag","embeddable":true,"href":"https:\/\/bobea.net\/index.php\/wp-json\/wp\/v2\/tags?post=22371"}],"curies":[{"name":"wp","href":"https:\/\/api.w.org\/{rel}","templated":true}]}}