{"id":2236,"date":"2024-06-07T21:28:36","date_gmt":"2024-06-07T21:28:36","guid":{"rendered":"https:\/\/bobea.net\/?p=2236"},"modified":"2024-06-15T21:44:28","modified_gmt":"2024-06-15T21:44:28","slug":"femmes-de-legende-josephine-baker-premiere-star-noire-dorigine-americaine-prete-a-donner-sa-vie-pour-la-france","status":"publish","type":"post","link":"https:\/\/bobea.net\/index.php\/2024\/06\/07\/femmes-de-legende-josephine-baker-premiere-star-noire-dorigine-americaine-prete-a-donner-sa-vie-pour-la-france\/","title":{"rendered":"Femmes de L\u00e9gende : Jos\u00e9phine Baker, Premi\u00e8re Star Noire d\u2019Origine Am\u00e9ricaine, \u00ab Pr\u00eate \u00e0 Donner sa Vie \u00bb pour la France"},"content":{"rendered":"\n<p>Une Star au Ser\u00advice de la R\u00e9sis\u00adtance<\/p>\n\n\n\n<p>Jos\u00e9phine Bak\u00ader, pre\u00admi\u00e8re femme noire \u00e0 entr\u00ader au Pan\u00adth\u00e9on, n\u2019h\u00e9sita pas \u00e0 lut\u00adter con\u00adtre l\u2019occupant nazi durant la Sec\u00adonde Guerre mon\u00addi\u00adale. La star des ann\u00e9es folles mit sa c\u00e9l\u00e9brit\u00e9 au ser\u00advice de la R\u00e9sis\u00adtance.<\/p>\n\n\n\n<p>Une Artiste et Com\u00adbat\u00adtante<\/p>\n\n\n\n<p>Nous con\u00adnais\u00adsons tous Jos\u00e9phine Bak\u00ader comme danseuse, chanteuse, et femme noire am\u00e9ri\u00adcaine exil\u00e9e en France. Elle avait con\u00adquis le tout Paris dans les ann\u00e9es folles, faisant salle comble d\u00e8s 1925 au Th\u00e9\u00e2tre des Champs-\u00c9lys\u00e9es. Mais der\u00adri\u00e8re l\u2019artiste se cachait tou\u00adjours une com\u00adbat\u00adtante. Engag\u00e9e depuis longtemps dans la lutte con\u00adtre le racisme, dont elle fut vic\u00adtime tout au long de sa vie, Jos\u00e9phine Bak\u00ader s\u2019engagea d\u00e8s 1939 au ser\u00advice de la France Libre, deux ans apr\u00e8s avoir acquis la nation\u00adal\u00adit\u00e9 fran\u00e7aise. \u00ab Je ne demandais qu\u2019une chose, servir le pays \u00e0 l\u2019\u00e9gard duquel j\u2019ai tou\u00adjours eu une dette de recon\u00adnais\u00adsance. La France a fait de moi ce que je suis, en marge de tous les pr\u00e9jug\u00e9s. J\u2019\u00e9tais pr\u00eate \u00e0 lui don\u00adner ma vie \u00bb.<\/p>\n\n\n\n<p>Le Com\u00adbat pour les Droits Civiques et l\u2019Antifascisme<\/p>\n\n\n\n<p>\u00c0 34 ans, la vedette passe des mots aux actes. Cet engage\u00adment sonne comme une revanche pour celle qui est rev\u00adenue trau\u00adma\u00adtis\u00e9e d\u2019un s\u00e9jour dans son pays d\u2019origine. \u00ab Cette guerre repr\u00e9sente un tel tour\u00adnant, prob\u00ada\u00adble\u00adment le voy\u00adage en Am\u00e9rique quelques ann\u00e9es aupar\u00ada\u00advant y est pour quelque chose. Elle avait \u00e9t\u00e9 poli\u00adtique\u00adment attaqu\u00e9e par des lead\u00aders noirs qui l\u2019avaient mise au d\u00e9fi. On lui avait demand\u00e9 : \u201cEt toi, que vas-tu faire pour les droits civiques ? Es-tu tou\u00adjours une star super\u00adfi\u00adcielle, futile et \u00e9go\u00adcen\u00adtrique, ou bien as-tu plus \u00e0 pro\u00adpos\u00ader ? Tu as une dette \u00e0 pay\u00ader !\u201d \u00bb.<\/p>\n\n\n\n<p>Der\u00adri\u00e8re la Vedette, une Com\u00adbat\u00adtante<\/p>\n\n\n\n<p>La Sec\u00adonde Guerre mon\u00addi\u00adale donne \u00e0 Jos\u00e9phine l\u2019occasion de s\u2019engager encore plus dans le com\u00adbat. Elle devient espi\u00adonne pour la France libre, se met\u00adtant en dan\u00adger \u00e0 plusieurs repris\u00ades en voy\u00adageant dans des pays hos\u00adtiles et en cachant dans ses par\u00adti\u00adtions des plans d\u2019installations alle\u00adman\u00addes dess\u00adin\u00e9s \u00e0 l\u2019encre invis\u00adi\u00adble. Espi\u00e8\u00adgle et courageuse, l\u2019artiste joue de sa notori\u00e9t\u00e9 pour tromper l\u2019ennemi. \u00ab \u00c7a peut aider d\u2019\u00eatre Jos\u00e9phine Bak\u00ader. Les douaniers m\u2019ont fait de grands sourires et m\u2019ont r\u00e9clam\u00e9 des papiers mais c\u2019\u00e9tait des auto\u00adgraphes. Et voil\u00e0, j\u2019avais trans\u00admis les plans comme une let\u00adtre \u00e0 la poste \u00bb.<\/p>\n\n\n\n<p>Un Hom\u00admage Tou\u00adjours Pr\u00e9sent en France<\/p>\n\n\n\n<p>L\u2019action clan\u00addes\u00adtine r\u00e9v\u00e8le Jos\u00e9phine \u00e0 elle-m\u00eame. Der\u00adri\u00e8re la vedette se cache une com\u00adbat\u00adtante au ser\u00advice d\u2019id\u00e9aux. Apr\u00e8s la guerre, elle se retire dans sa pro\u00adpri\u00e9t\u00e9 en Dor\u00addogne, o\u00f9 elle accueille douze enfants de toutes orig\u00adines, qu\u2019elle adopte et appelle sa \u00ab tribu arc-en-ciel \u00bb. Aujourd\u2019hui, la France lui rend un bel hom\u00admage, et sa m\u00e9moire est grande\u00adment recon\u00adnue et c\u00e9l\u00e9br\u00e9e<\/p>\n","protected":false},"excerpt":{"rendered":"<p>Une Star au Ser\u00advice de la R\u00e9sis\u00adtance Jos\u00e9phine Bak\u00ader, pre\u00admi\u00e8re femme noire \u00e0 entr\u00ader au Pan\u00adth\u00e9on, n\u2019h\u00e9sita pas \u00e0 lut\u00adter con\u00adtre l\u2019occupant nazi durant la Sec\u00adonde Guerre mon\u00addi\u00adale. La star\u2026 <\/p>\n","protected":false},"author":1,"featured_media":2237,"comment_status":"open","ping_status":"open","sticky":false,"template":"","format":"standard","meta":{"wp_typography_post_enhancements_disabled":false,"footnotes":""},"categories":[59],"tags":[107,105,106],"class_list":["post-2236","post","type-post","status-publish","format-standard","has-post-thumbnail","hentry","category-annonces","tag-france","tag-josephine-baker","tag-star-noire-dorigine"],"yoast_head":"<!-- This site is optimized with the Yoast SEO plugin v24.7 - https:\/\/yoast.com\/wordpress\/plugins\/seo\/ -->\n<title>Femmes de L\u00e9gende : Jos\u00e9phine Baker, Premi\u00e8re Star Noire d\u2019Origine Am\u00e9ricaine, \u00ab Pr\u00eate \u00e0 Donner sa Vie \u00bb pour la France - Bobea<\/title>\n<meta name=\"robots\" content=\"index, follow, max-snippet:-1, max-image-preview:large, max-video-preview:-1\" \/>\n<link rel=\"canonical\" href=\"https:\/\/bobea.net\/index.php\/2024\/06\/07\/femmes-de-legende-josephine-baker-premiere-star-noire-dorigine-americaine-prete-a-donner-sa-vie-pour-la-france\/\" \/>\n<meta property=\"og:locale\" content=\"fr_FR\" \/>\n<meta property=\"og:type\" content=\"article\" \/>\n<meta property=\"og:title\" content=\"Femmes de L\u00e9gende : Jos\u00e9phine Baker, Premi\u00e8re Star Noire d\u2019Origine Am\u00e9ricaine, \u00ab Pr\u00eate \u00e0 Donner sa Vie \u00bb pour la France - Bobea\" \/>\n<meta property=\"og:description\" content=\"Une Star au Ser\u00advice de la R\u00e9sis\u00adtance Jos\u00e9phine Bak\u00ader, pre\u00admi\u00e8re femme noire \u00e0 entr\u00ader au Pan\u00adth\u00e9on, n\u2019h\u00e9sita pas \u00e0 lut\u00adter con\u00adtre l\u2019occupant nazi durant la Sec\u00adonde Guerre mon\u00addi\u00adale. La star&hellip;\" \/>\n<meta property=\"og:url\" content=\"https:\/\/bobea.net\/index.php\/2024\/06\/07\/femmes-de-legende-josephine-baker-premiere-star-noire-dorigine-americaine-prete-a-donner-sa-vie-pour-la-france\/\" \/>\n<meta property=\"og:site_name\" content=\"Bobea\" \/>\n<meta property=\"article:publisher\" content=\"https:\/\/web.facebook.com\/profile.php?id=61559252188416\" \/>\n<meta property=\"article:published_time\" content=\"2024-06-07T21:28:36+00:00\" \/>\n<meta property=\"article:modified_time\" content=\"2024-06-15T21:44:28+00:00\" \/>\n<meta property=\"og:image\" content=\"https:\/\/bobea.net\/wp-content\/uploads\/2024\/06\/jb_2_61a4bd282f9ff.jpg\" \/>\n\t<meta property=\"og:image:width\" content=\"1200\" \/>\n\t<meta property=\"og:image:height\" content=\"800\" \/>\n\t<meta property=\"og:image:type\" content=\"image\/jpeg\" \/>\n<meta name=\"author\" content=\"bobea.info\" \/>\n<meta name=\"twitter:card\" content=\"summary_large_image\" \/>\n<meta name=\"twitter:label1\" content=\"\u00c9crit par\" \/>\n\t<meta name=\"twitter:data1\" content=\"bobea.info\" \/>\n\t<meta name=\"twitter:label2\" content=\"Dur\u00e9e de lecture estim\u00e9e\" \/>\n\t<meta name=\"twitter:data2\" content=\"2 minutes\" \/>\n<script type=\"application\/ld+json\" class=\"yoast-schema-graph\">{\"@context\":\"https:\/\/schema.org\",\"@graph\":[{\"@type\":\"Article\",\"@id\":\"https:\/\/bobea.net\/index.php\/2024\/06\/07\/femmes-de-legende-josephine-baker-premiere-star-noire-dorigine-americaine-prete-a-donner-sa-vie-pour-la-france\/#article\",\"isPartOf\":{\"@id\":\"https:\/\/bobea.net\/index.php\/2024\/06\/07\/femmes-de-legende-josephine-baker-premiere-star-noire-dorigine-americaine-prete-a-donner-sa-vie-pour-la-france\/\"},\"author\":{\"name\":\"bobea.info\",\"@id\":\"https:\/\/bobea.net\/#\/schema\/person\/e7f45ef187918d7c956bf619dce90ccf\"},\"headline\":\"Femmes de L\u00e9gende : Jos\u00e9phine Baker, Premi\u00e8re Star Noire d\u2019Origine Am\u00e9ricaine, \u00ab Pr\u00eate \u00e0 Donner sa Vie \u00bb pour la France\",\"datePublished\":\"2024-06-07T21:28:36+00:00\",\"dateModified\":\"2024-06-15T21:44:28+00:00\",\"mainEntityOfPage\":{\"@id\":\"https:\/\/bobea.net\/index.php\/2024\/06\/07\/femmes-de-legende-josephine-baker-premiere-star-noire-dorigine-americaine-prete-a-donner-sa-vie-pour-la-france\/\"},\"wordCount\":519,\"commentCount\":0,\"publisher\":{\"@id\":\"https:\/\/bobea.net\/#organization\"},\"image\":{\"@id\":\"https:\/\/bobea.net\/index.php\/2024\/06\/07\/femmes-de-legende-josephine-baker-premiere-star-noire-dorigine-americaine-prete-a-donner-sa-vie-pour-la-france\/#primaryimage\"},\"thumbnailUrl\":\"https:\/\/bobea.net\/wp-content\/uploads\/2024\/06\/jb_2_61a4bd282f9ff.jpg\",\"keywords\":[\"France\",\"Jos\u00e9phine Baker\",\"Star Noire d\u2019Origine\"],\"articleSection\":[\"Annonces\"],\"inLanguage\":\"fr-FR\",\"potentialAction\":[{\"@type\":\"CommentAction\",\"name\":\"Comment\",\"target\":[\"https:\/\/bobea.net\/index.php\/2024\/06\/07\/femmes-de-legende-josephine-baker-premiere-star-noire-dorigine-americaine-prete-a-donner-sa-vie-pour-la-france\/#respond\"]}]},{\"@type\":\"WebPage\",\"@id\":\"https:\/\/bobea.net\/index.php\/2024\/06\/07\/femmes-de-legende-josephine-baker-premiere-star-noire-dorigine-americaine-prete-a-donner-sa-vie-pour-la-france\/\",\"url\":\"https:\/\/bobea.net\/index.php\/2024\/06\/07\/femmes-de-legende-josephine-baker-premiere-star-noire-dorigine-americaine-prete-a-donner-sa-vie-pour-la-france\/\",\"name\":\"Femmes de L\u00e9gende : Jos\u00e9phine Baker, Premi\u00e8re Star Noire d\u2019Origine Am\u00e9ricaine, \u00ab Pr\u00eate \u00e0 Donner sa Vie \u00bb pour la France - Bobea\",\"isPartOf\":{\"@id\":\"https:\/\/bobea.net\/#website\"},\"primaryImageOfPage\":{\"@id\":\"https:\/\/bobea.net\/index.php\/2024\/06\/07\/femmes-de-legende-josephine-baker-premiere-star-noire-dorigine-americaine-prete-a-donner-sa-vie-pour-la-france\/#primaryimage\"},\"image\":{\"@id\":\"https:\/\/bobea.net\/index.php\/2024\/06\/07\/femmes-de-legende-josephine-baker-premiere-star-noire-dorigine-americaine-prete-a-donner-sa-vie-pour-la-france\/#primaryimage\"},\"thumbnailUrl\":\"https:\/\/bobea.net\/wp-content\/uploads\/2024\/06\/jb_2_61a4bd282f9ff.jpg\",\"datePublished\":\"2024-06-07T21:28:36+00:00\",\"dateModified\":\"2024-06-15T21:44:28+00:00\",\"breadcrumb\":{\"@id\":\"https:\/\/bobea.net\/index.php\/2024\/06\/07\/femmes-de-legende-josephine-baker-premiere-star-noire-dorigine-americaine-prete-a-donner-sa-vie-pour-la-france\/#breadcrumb\"},\"inLanguage\":\"fr-FR\",\"potentialAction\":[{\"@type\":\"ReadAction\",\"target\":[\"https:\/\/bobea.net\/index.php\/2024\/06\/07\/femmes-de-legende-josephine-baker-premiere-star-noire-dorigine-americaine-prete-a-donner-sa-vie-pour-la-france\/\"]}]},{\"@type\":\"ImageObject\",\"inLanguage\":\"fr-FR\",\"@id\":\"https:\/\/bobea.net\/index.php\/2024\/06\/07\/femmes-de-legende-josephine-baker-premiere-star-noire-dorigine-americaine-prete-a-donner-sa-vie-pour-la-france\/#primaryimage\",\"url\":\"https:\/\/bobea.net\/wp-content\/uploads\/2024\/06\/jb_2_61a4bd282f9ff.jpg\",\"contentUrl\":\"https:\/\/bobea.net\/wp-content\/uploads\/2024\/06\/jb_2_61a4bd282f9ff.jpg\",\"width\":1200,\"height\":800,\"caption\":\"Femmes de L\u00e9gende : Jos\u00e9phine Baker, Premi\u00e8re Star Noire d\u2019Origine Am\u00e9ricaine, \u00ab Pr\u00eate \u00e0 Donner sa Vie \u00bb pour la France\"},{\"@type\":\"BreadcrumbList\",\"@id\":\"https:\/\/bobea.net\/index.php\/2024\/06\/07\/femmes-de-legende-josephine-baker-premiere-star-noire-dorigine-americaine-prete-a-donner-sa-vie-pour-la-france\/#breadcrumb\",\"itemListElement\":[{\"@type\":\"ListItem\",\"position\":1,\"name\":\"Accueil\",\"item\":\"https:\/\/bobea.net\/\"},{\"@type\":\"ListItem\",\"position\":2,\"name\":\"Femmes de L\u00e9gende : Jos\u00e9phine Baker, Premi\u00e8re Star Noire d\u2019Origine Am\u00e9ricaine, \u00ab Pr\u00eate \u00e0 Donner sa Vie \u00bb pour la France\"}]},{\"@type\":\"WebSite\",\"@id\":\"https:\/\/bobea.net\/#website\",\"url\":\"https:\/\/bobea.net\/\",\"name\":\"Bobea\",\"description\":\"Le magazine de la nouvelle \u00c8ve\",\"publisher\":{\"@id\":\"https:\/\/bobea.net\/#organization\"},\"potentialAction\":[{\"@type\":\"SearchAction\",\"target\":{\"@type\":\"EntryPoint\",\"urlTemplate\":\"https:\/\/bobea.net\/?s={search_term_string}\"},\"query-input\":{\"@type\":\"PropertyValueSpecification\",\"valueRequired\":true,\"valueName\":\"search_term_string\"}}],\"inLanguage\":\"fr-FR\"},{\"@type\":\"Organization\",\"@id\":\"https:\/\/bobea.net\/#organization\",\"name\":\"Bobea\",\"url\":\"https:\/\/bobea.net\/\",\"logo\":{\"@type\":\"ImageObject\",\"inLanguage\":\"fr-FR\",\"@id\":\"https:\/\/bobea.net\/#\/schema\/logo\/image\/\",\"url\":\"https:\/\/bobea.net\/wp-content\/uploads\/2024\/06\/bobea.jpg\",\"contentUrl\":\"https:\/\/bobea.net\/wp-content\/uploads\/2024\/06\/bobea.jpg\",\"width\":1080,\"height\":1080,\"caption\":\"Bobea\"},\"image\":{\"@id\":\"https:\/\/bobea.net\/#\/schema\/logo\/image\/\"},\"sameAs\":[\"https:\/\/web.facebook.com\/profile.php?id=61559252188416\"]},{\"@type\":\"Person\",\"@id\":\"https:\/\/bobea.net\/#\/schema\/person\/e7f45ef187918d7c956bf619dce90ccf\",\"name\":\"bobea.info\",\"image\":{\"@type\":\"ImageObject\",\"inLanguage\":\"fr-FR\",\"@id\":\"https:\/\/bobea.net\/#\/schema\/person\/image\/\",\"url\":\"https:\/\/secure.gravatar.com\/avatar\/36147980349df887ae30808df3e29474?s=96&d=mm&r=g\",\"contentUrl\":\"https:\/\/secure.gravatar.com\/avatar\/36147980349df887ae30808df3e29474?s=96&d=mm&r=g\",\"caption\":\"bobea.info\"},\"sameAs\":[\"https:\/\/bobea.net\"],\"url\":\"https:\/\/bobea.net\/index.php\/author\/bobea-info\/\"}]}<\/script>\n<!-- \/ Yoast SEO plugin. -->","yoast_head_json":{"title":"Femmes de L\u00e9gende : Jos\u00e9phine Baker, Premi\u00e8re Star Noire d\u2019Origine Am\u00e9ricaine, \u00ab Pr\u00eate \u00e0 Donner sa Vie \u00bb pour la France - Bobea","robots":{"index":"index","follow":"follow","max-snippet":"max-snippet:-1","max-image-preview":"max-image-preview:large","max-video-preview":"max-video-preview:-1"},"canonical":"https:\/\/bobea.net\/index.php\/2024\/06\/07\/femmes-de-legende-josephine-baker-premiere-star-noire-dorigine-americaine-prete-a-donner-sa-vie-pour-la-france\/","og_locale":"fr_FR","og_type":"article","og_title":"Femmes de L\u00e9gende : Jos\u00e9phine Baker, Premi\u00e8re Star Noire d\u2019Origine Am\u00e9ricaine, \u00ab Pr\u00eate \u00e0 Donner sa Vie \u00bb pour la France - Bobea","og_description":"Une Star au Ser\u00advice de la R\u00e9sis\u00adtance Jos\u00e9phine Bak\u00ader, pre\u00admi\u00e8re femme noire \u00e0 entr\u00ader au Pan\u00adth\u00e9on, n\u2019h\u00e9sita pas \u00e0 lut\u00adter con\u00adtre l\u2019occupant nazi durant la Sec\u00adonde Guerre mon\u00addi\u00adale. La star&hellip;","og_url":"https:\/\/bobea.net\/index.php\/2024\/06\/07\/femmes-de-legende-josephine-baker-premiere-star-noire-dorigine-americaine-prete-a-donner-sa-vie-pour-la-france\/","og_site_name":"Bobea","article_publisher":"https:\/\/web.facebook.com\/profile.php?id=61559252188416","article_published_time":"2024-06-07T21:28:36+00:00","article_modified_time":"2024-06-15T21:44:28+00:00","og_image":[{"width":1200,"height":800,"url":"https:\/\/bobea.net\/wp-content\/uploads\/2024\/06\/jb_2_61a4bd282f9ff.jpg","type":"image\/jpeg"}],"author":"bobea.info","twitter_card":"summary_large_image","twitter_misc":{"\u00c9crit par":"bobea.info","Dur\u00e9e de lecture estim\u00e9e":"2 minutes"},"schema":{"@context":"https:\/\/schema.org","@graph":[{"@type":"Article","@id":"https:\/\/bobea.net\/index.php\/2024\/06\/07\/femmes-de-legende-josephine-baker-premiere-star-noire-dorigine-americaine-prete-a-donner-sa-vie-pour-la-france\/#article","isPartOf":{"@id":"https:\/\/bobea.net\/index.php\/2024\/06\/07\/femmes-de-legende-josephine-baker-premiere-star-noire-dorigine-americaine-prete-a-donner-sa-vie-pour-la-france\/"},"author":{"name":"bobea.info","@id":"https:\/\/bobea.net\/#\/schema\/person\/e7f45ef187918d7c956bf619dce90ccf"},"headline":"Femmes de L\u00e9gende : Jos\u00e9phine Baker, Premi\u00e8re Star Noire d\u2019Origine Am\u00e9ricaine, \u00ab Pr\u00eate \u00e0 Donner sa Vie \u00bb pour la France","datePublished":"2024-06-07T21:28:36+00:00","dateModified":"2024-06-15T21:44:28+00:00","mainEntityOfPage":{"@id":"https:\/\/bobea.net\/index.php\/2024\/06\/07\/femmes-de-legende-josephine-baker-premiere-star-noire-dorigine-americaine-prete-a-donner-sa-vie-pour-la-france\/"},"wordCount":519,"commentCount":0,"publisher":{"@id":"https:\/\/bobea.net\/#organization"},"image":{"@id":"https:\/\/bobea.net\/index.php\/2024\/06\/07\/femmes-de-legende-josephine-baker-premiere-star-noire-dorigine-americaine-prete-a-donner-sa-vie-pour-la-france\/#primaryimage"},"thumbnailUrl":"https:\/\/bobea.net\/wp-content\/uploads\/2024\/06\/jb_2_61a4bd282f9ff.jpg","keywords":["France","Jos\u00e9phine Baker","Star Noire d\u2019Origine"],"articleSection":["Annonces"],"inLanguage":"fr-FR","potentialAction":[{"@type":"CommentAction","name":"Comment","target":["https:\/\/bobea.net\/index.php\/2024\/06\/07\/femmes-de-legende-josephine-baker-premiere-star-noire-dorigine-americaine-prete-a-donner-sa-vie-pour-la-france\/#respond"]}]},{"@type":"WebPage","@id":"https:\/\/bobea.net\/index.php\/2024\/06\/07\/femmes-de-legende-josephine-baker-premiere-star-noire-dorigine-americaine-prete-a-donner-sa-vie-pour-la-france\/","url":"https:\/\/bobea.net\/index.php\/2024\/06\/07\/femmes-de-legende-josephine-baker-premiere-star-noire-dorigine-americaine-prete-a-donner-sa-vie-pour-la-france\/","name":"Femmes de L\u00e9gende : Jos\u00e9phine Baker, Premi\u00e8re Star Noire d\u2019Origine Am\u00e9ricaine, \u00ab Pr\u00eate \u00e0 Donner sa Vie \u00bb pour la France - Bobea","isPartOf":{"@id":"https:\/\/bobea.net\/#website"},"primaryImageOfPage":{"@id":"https:\/\/bobea.net\/index.php\/2024\/06\/07\/femmes-de-legende-josephine-baker-premiere-star-noire-dorigine-americaine-prete-a-donner-sa-vie-pour-la-france\/#primaryimage"},"image":{"@id":"https:\/\/bobea.net\/index.php\/2024\/06\/07\/femmes-de-legende-josephine-baker-premiere-star-noire-dorigine-americaine-prete-a-donner-sa-vie-pour-la-france\/#primaryimage"},"thumbnailUrl":"https:\/\/bobea.net\/wp-content\/uploads\/2024\/06\/jb_2_61a4bd282f9ff.jpg","datePublished":"2024-06-07T21:28:36+00:00","dateModified":"2024-06-15T21:44:28+00:00","breadcrumb":{"@id":"https:\/\/bobea.net\/index.php\/2024\/06\/07\/femmes-de-legende-josephine-baker-premiere-star-noire-dorigine-americaine-prete-a-donner-sa-vie-pour-la-france\/#breadcrumb"},"inLanguage":"fr-FR","potentialAction":[{"@type":"ReadAction","target":["https:\/\/bobea.net\/index.php\/2024\/06\/07\/femmes-de-legende-josephine-baker-premiere-star-noire-dorigine-americaine-prete-a-donner-sa-vie-pour-la-france\/"]}]},{"@type":"ImageObject","inLanguage":"fr-FR","@id":"https:\/\/bobea.net\/index.php\/2024\/06\/07\/femmes-de-legende-josephine-baker-premiere-star-noire-dorigine-americaine-prete-a-donner-sa-vie-pour-la-france\/#primaryimage","url":"https:\/\/bobea.net\/wp-content\/uploads\/2024\/06\/jb_2_61a4bd282f9ff.jpg","contentUrl":"https:\/\/bobea.net\/wp-content\/uploads\/2024\/06\/jb_2_61a4bd282f9ff.jpg","width":1200,"height":800,"caption":"Femmes de L\u00e9gende : Jos\u00e9phine Baker, Premi\u00e8re Star Noire d\u2019Origine Am\u00e9ricaine, \u00ab Pr\u00eate \u00e0 Donner sa Vie \u00bb pour la France"},{"@type":"BreadcrumbList","@id":"https:\/\/bobea.net\/index.php\/2024\/06\/07\/femmes-de-legende-josephine-baker-premiere-star-noire-dorigine-americaine-prete-a-donner-sa-vie-pour-la-france\/#breadcrumb","itemListElement":[{"@type":"ListItem","position":1,"name":"Accueil","item":"https:\/\/bobea.net\/"},{"@type":"ListItem","position":2,"name":"Femmes de L\u00e9gende : Jos\u00e9phine Baker, Premi\u00e8re Star Noire d\u2019Origine Am\u00e9ricaine, \u00ab Pr\u00eate \u00e0 Donner sa Vie \u00bb pour la France"}]},{"@type":"WebSite","@id":"https:\/\/bobea.net\/#website","url":"https:\/\/bobea.net\/","name":"Bobea","description":"Le magazine de la nouvelle \u00c8ve","publisher":{"@id":"https:\/\/bobea.net\/#organization"},"potentialAction":[{"@type":"SearchAction","target":{"@type":"EntryPoint","urlTemplate":"https:\/\/bobea.net\/?s={search_term_string}"},"query-input":{"@type":"PropertyValueSpecification","valueRequired":true,"valueName":"search_term_string"}}],"inLanguage":"fr-FR"},{"@type":"Organization","@id":"https:\/\/bobea.net\/#organization","name":"Bobea","url":"https:\/\/bobea.net\/","logo":{"@type":"ImageObject","inLanguage":"fr-FR","@id":"https:\/\/bobea.net\/#\/schema\/logo\/image\/","url":"https:\/\/bobea.net\/wp-content\/uploads\/2024\/06\/bobea.jpg","contentUrl":"https:\/\/bobea.net\/wp-content\/uploads\/2024\/06\/bobea.jpg","width":1080,"height":1080,"caption":"Bobea"},"image":{"@id":"https:\/\/bobea.net\/#\/schema\/logo\/image\/"},"sameAs":["https:\/\/web.facebook.com\/profile.php?id=61559252188416"]},{"@type":"Person","@id":"https:\/\/bobea.net\/#\/schema\/person\/e7f45ef187918d7c956bf619dce90ccf","name":"bobea.info","image":{"@type":"ImageObject","inLanguage":"fr-FR","@id":"https:\/\/bobea.net\/#\/schema\/person\/image\/","url":"https:\/\/secure.gravatar.com\/avatar\/36147980349df887ae30808df3e29474?s=96&d=mm&r=g","contentUrl":"https:\/\/secure.gravatar.com\/avatar\/36147980349df887ae30808df3e29474?s=96&d=mm&r=g","caption":"bobea.info"},"sameAs":["https:\/\/bobea.net"],"url":"https:\/\/bobea.net\/index.php\/author\/bobea-info\/"}]}},"_links":{"self":[{"href":"https:\/\/bobea.net\/index.php\/wp-json\/wp\/v2\/posts\/2236"}],"collection":[{"href":"https:\/\/bobea.net\/index.php\/wp-json\/wp\/v2\/posts"}],"about":[{"href":"https:\/\/bobea.net\/index.php\/wp-json\/wp\/v2\/types\/post"}],"author":[{"embeddable":true,"href":"https:\/\/bobea.net\/index.php\/wp-json\/wp\/v2\/users\/1"}],"replies":[{"embeddable":true,"href":"https:\/\/bobea.net\/index.php\/wp-json\/wp\/v2\/comments?post=2236"}],"version-history":[{"count":0,"href":"https:\/\/bobea.net\/index.php\/wp-json\/wp\/v2\/posts\/2236\/revisions"}],"wp:featuredmedia":[{"embeddable":true,"href":"https:\/\/bobea.net\/index.php\/wp-json\/wp\/v2\/media\/2237"}],"wp:attachment":[{"href":"https:\/\/bobea.net\/index.php\/wp-json\/wp\/v2\/media?parent=2236"}],"wp:term":[{"taxonomy":"category","embeddable":true,"href":"https:\/\/bobea.net\/index.php\/wp-json\/wp\/v2\/categories?post=2236"},{"taxonomy":"post_tag","embeddable":true,"href":"https:\/\/bobea.net\/index.php\/wp-json\/wp\/v2\/tags?post=2236"}],"curies":[{"name":"wp","href":"https:\/\/api.w.org\/{rel}","templated":true}]}}