{"id":2233,"date":"2024-06-07T21:23:55","date_gmt":"2024-06-07T21:23:55","guid":{"rendered":"https:\/\/bobea.net\/?p=2233"},"modified":"2024-06-15T21:41:08","modified_gmt":"2024-06-15T21:41:08","slug":"monica-bellucci-ses-confidences-sur-son-couple-avec-tim-burton","status":"publish","type":"post","link":"https:\/\/bobea.net\/index.php\/2024\/06\/07\/monica-bellucci-ses-confidences-sur-son-couple-avec-tim-burton\/","title":{"rendered":"Monica Bellucci : Ses Confidences sur son Couple avec Tim Burton"},"content":{"rendered":"\n<p>Depuis plus d\u2019un an, Mon\u00adi\u00adca Bel\u00adluc\u00adci partage sa vie avec le r\u00e9al\u00adisa\u00adteur am\u00e9ri\u00adcain Tim Bur\u00adton. Leur rela\u00adtion, bien que dis\u00adcr\u00e8te, a \u00e9t\u00e9 mar\u00adqu\u00e9e par quelques appari\u00adtions publiques, notam\u00adment sur le tapis rouge du Fes\u00adti\u00adval du film de Rome en octo\u00adbre dernier. Dans une inter\u00adview pour \u00ab Paris Match \u00bb, l\u2019actrice ital\u00adi\u00adenne a r\u00e9cem\u00adment partag\u00e9 de rares con\u00adfi\u00addences sur cette romance.<\/p>\n\n\n\n<p>Une Rela\u00adtion Dis\u00adcr\u00e8te mais Pro\u00adfonde<\/p>\n\n\n\n<p>Alors qu\u2019elle assure la pro\u00admo\u00adtion du film de Mar\u00adjane Satrapi, \u00ab Par\u00adadis Paris \u00bb, pr\u00e9vu en salle le 12 juin prochain, Mon\u00adi\u00adca Bel\u00adluc\u00adci a \u00e9vo\u00adqu\u00e9 la per\u00adcep\u00adtion de ses proches sur sa nou\u00advelle rela\u00adtion. \u00ab Mes amis me con\u00adnais\u00adsant depuis l\u2019\u00e9cole, ils ne me voient pas comme une actrice, mais comme une amie juste\u00adment. Quand on se ren\u00adcon\u00adtre, on ne par\u00adle pas de mon tra\u00advail, plut\u00f4t de la vie, des enfants, des sou\u00advenirs\u2026 \u00bb, a\u2011t-elle affir\u00adm\u00e9. Elle a \u00e9gale\u00adment pr\u00e9\u00adcis\u00e9 : \u00ab Et en ce qui me con\u00adcerne, je suis avec Tim. Pas avec Tim Bur\u00adton le r\u00e9al\u00adisa\u00adteur, mais Tim, une per\u00adson\u00adne que j\u2019aime \u00bb.<\/p>\n\n\n\n<p>Le Bon\u00adheur de Mon\u00adi\u00adca Bel\u00adluc\u00adci<\/p>\n\n\n\n<p>Apr\u00e8s plusieurs mois de sp\u00e9cu\u00adla\u00adtions et la dif\u00adfu\u00adsion de clich\u00e9s vol\u00e9s dans la presse, Mon\u00adi\u00adca Bel\u00adluc\u00adci s\u2019\u00e9tait con\u00adfi\u00e9e pour la pre\u00admi\u00e8re fois sur sa rela\u00adtion avec Tim Bur\u00adton dans les colonnes de \u00ab ELLE \u00bb en juin 2023. \u00ab Ce que je peux dire\u2026 c\u2019est que je suis tr\u00e8s heureuse d\u2019avoir ren\u00adcon\u00adtr\u00e9 l\u2019homme, tout d\u2019abord. C\u2019est une de ces ren\u00adcon\u00adtres qui arrivent rarement dans une vie\u2026 Je con\u00adnais l\u2019homme, je l\u2019aime, et main\u00adtenant je vais ren\u00adcon\u00adtr\u00ader le r\u00e9al\u00adisa\u00adteur, c\u2019est une autre aven\u00adture qui com\u00admence. Moi, j\u2019aime Tim. Et je respecte \u00e9nor\u00adm\u00e9\u00adment Tim Bur\u00adton \u00bb, avait-elle d\u00e9clar\u00e9.<\/p>\n\n\n\n<p>Une Admi\u00adra\u00adtion R\u00e9ciproque<\/p>\n\n\n\n<p>En avril dernier, dans \u00ab Marie Claire \u00bb, la com\u00e9\u00addi\u00adenne n\u2019\u00e9tait pas avare de com\u00adpli\u00adments en \u00e9vo\u00adquant Tim Bur\u00adton : \u00ab Si je suis avec lui, c\u2019est avant tout parce que son \u00e2me me touche. Tout en admi\u00adrant \u00e9nor\u00adm\u00e9\u00adment son tal\u00adent, bien s\u00fbr. \u00bb Ces d\u00e9c\u00adla\u00adra\u00adtions con\u00adfir\u00adment un peu plus le bon\u00adheur de Mon\u00adi\u00adca Bel\u00adluc\u00adci dans cette rela\u00adtion.<\/p>\n\n\n\n<p>Une Col\u00adlab\u00ado\u00adra\u00adtion Pro\u00adfes\u00adsion\u00adnelle<\/p>\n\n\n\n<p>Le cou\u00adple a \u00e9gale\u00adment col\u00adlabor\u00e9 pro\u00adfes\u00adsion\u00adnelle\u00adment, notam\u00adment sur le film \u00ab Beetle\u00adjuice 2 \u00bb, o\u00f9 Mon\u00adi\u00adca Bel\u00adluc\u00adci incar\u00adne l\u2019\u00e9pouse de Beetle\u00adjuice. Cette col\u00adlab\u00ado\u00adra\u00adtion mar\u00adque une nou\u00advelle aven\u00adture pour l\u2019actrice, qui d\u00e9cou\u00advre une autre facette de son com\u00adpagnon \u00e0 tra\u00advers son tra\u00advail de r\u00e9alisateur.Monica Bel\u00adluc\u00adci et Tim Bur\u00adton for\u00adment ain\u00adsi un cou\u00adple embl\u00e9\u00adma\u00adtique, alliant amour et respect mutuel, tout en con\u00adtin\u00adu\u00adant \u00e0 \u00e9voluer dans leurs car\u00adri\u00e8res respec\u00adtives.<\/p>\n","protected":false},"excerpt":{"rendered":"<p>Depuis plus d\u2019un an, Mon\u00adi\u00adca Bel\u00adluc\u00adci partage sa vie avec le r\u00e9al\u00adisa\u00adteur am\u00e9ri\u00adcain Tim Bur\u00adton. Leur rela\u00adtion, bien que dis\u00adcr\u00e8te, a \u00e9t\u00e9 mar\u00adqu\u00e9e par quelques appari\u00adtions publiques, notam\u00adment sur le\u2026 <\/p>\n","protected":false},"author":1,"featured_media":2234,"comment_status":"open","ping_status":"open","sticky":false,"template":"","format":"standard","meta":{"wp_typography_post_enhancements_disabled":false,"footnotes":""},"categories":[59],"tags":[103,104],"class_list":["post-2233","post","type-post","status-publish","format-standard","has-post-thumbnail","hentry","category-annonces","tag-monica-bellucci","tag-tim-burton"],"yoast_head":"<!-- This site is optimized with the Yoast SEO plugin v24.7 - https:\/\/yoast.com\/wordpress\/plugins\/seo\/ -->\n<title>Monica Bellucci : Ses Confidences sur son Couple avec Tim Burton - Bobea<\/title>\n<meta name=\"robots\" content=\"index, follow, max-snippet:-1, max-image-preview:large, max-video-preview:-1\" \/>\n<link rel=\"canonical\" href=\"https:\/\/bobea.net\/index.php\/2024\/06\/07\/monica-bellucci-ses-confidences-sur-son-couple-avec-tim-burton\/\" \/>\n<meta property=\"og:locale\" content=\"fr_FR\" \/>\n<meta property=\"og:type\" content=\"article\" \/>\n<meta property=\"og:title\" content=\"Monica Bellucci : Ses Confidences sur son Couple avec Tim Burton - Bobea\" \/>\n<meta property=\"og:description\" content=\"Depuis plus d\u2019un an, Mon\u00adi\u00adca Bel\u00adluc\u00adci partage sa vie avec le r\u00e9al\u00adisa\u00adteur am\u00e9ri\u00adcain Tim Bur\u00adton. Leur rela\u00adtion, bien que dis\u00adcr\u00e8te, a \u00e9t\u00e9 mar\u00adqu\u00e9e par quelques appari\u00adtions publiques, notam\u00adment sur le&hellip;\" \/>\n<meta property=\"og:url\" content=\"https:\/\/bobea.net\/index.php\/2024\/06\/07\/monica-bellucci-ses-confidences-sur-son-couple-avec-tim-burton\/\" \/>\n<meta property=\"og:site_name\" content=\"Bobea\" \/>\n<meta property=\"article:publisher\" content=\"https:\/\/web.facebook.com\/profile.php?id=61559252188416\" \/>\n<meta property=\"article:published_time\" content=\"2024-06-07T21:23:55+00:00\" \/>\n<meta property=\"article:modified_time\" content=\"2024-06-15T21:41:08+00:00\" \/>\n<meta property=\"og:image\" content=\"https:\/\/bobea.net\/wp-content\/uploads\/2024\/06\/OIP-4.jpeg\" \/>\n\t<meta property=\"og:image:width\" content=\"474\" \/>\n\t<meta property=\"og:image:height\" content=\"323\" \/>\n\t<meta property=\"og:image:type\" content=\"image\/jpeg\" \/>\n<meta name=\"author\" content=\"bobea.info\" \/>\n<meta name=\"twitter:card\" content=\"summary_large_image\" \/>\n<meta name=\"twitter:label1\" content=\"\u00c9crit par\" \/>\n\t<meta name=\"twitter:data1\" content=\"bobea.info\" \/>\n\t<meta name=\"twitter:label2\" content=\"Dur\u00e9e de lecture estim\u00e9e\" \/>\n\t<meta name=\"twitter:data2\" content=\"2 minutes\" \/>\n<script type=\"application\/ld+json\" class=\"yoast-schema-graph\">{\"@context\":\"https:\/\/schema.org\",\"@graph\":[{\"@type\":\"Article\",\"@id\":\"https:\/\/bobea.net\/index.php\/2024\/06\/07\/monica-bellucci-ses-confidences-sur-son-couple-avec-tim-burton\/#article\",\"isPartOf\":{\"@id\":\"https:\/\/bobea.net\/index.php\/2024\/06\/07\/monica-bellucci-ses-confidences-sur-son-couple-avec-tim-burton\/\"},\"author\":{\"name\":\"bobea.info\",\"@id\":\"https:\/\/bobea.net\/#\/schema\/person\/e7f45ef187918d7c956bf619dce90ccf\"},\"headline\":\"Monica Bellucci : Ses Confidences sur son Couple avec Tim Burton\",\"datePublished\":\"2024-06-07T21:23:55+00:00\",\"dateModified\":\"2024-06-15T21:41:08+00:00\",\"mainEntityOfPage\":{\"@id\":\"https:\/\/bobea.net\/index.php\/2024\/06\/07\/monica-bellucci-ses-confidences-sur-son-couple-avec-tim-burton\/\"},\"wordCount\":435,\"commentCount\":0,\"publisher\":{\"@id\":\"https:\/\/bobea.net\/#organization\"},\"image\":{\"@id\":\"https:\/\/bobea.net\/index.php\/2024\/06\/07\/monica-bellucci-ses-confidences-sur-son-couple-avec-tim-burton\/#primaryimage\"},\"thumbnailUrl\":\"https:\/\/bobea.net\/wp-content\/uploads\/2024\/06\/OIP-4.jpeg\",\"keywords\":[\"Monica Bellucci\",\"Tim Burton\"],\"articleSection\":[\"Annonces\"],\"inLanguage\":\"fr-FR\",\"potentialAction\":[{\"@type\":\"CommentAction\",\"name\":\"Comment\",\"target\":[\"https:\/\/bobea.net\/index.php\/2024\/06\/07\/monica-bellucci-ses-confidences-sur-son-couple-avec-tim-burton\/#respond\"]}]},{\"@type\":\"WebPage\",\"@id\":\"https:\/\/bobea.net\/index.php\/2024\/06\/07\/monica-bellucci-ses-confidences-sur-son-couple-avec-tim-burton\/\",\"url\":\"https:\/\/bobea.net\/index.php\/2024\/06\/07\/monica-bellucci-ses-confidences-sur-son-couple-avec-tim-burton\/\",\"name\":\"Monica Bellucci : Ses Confidences sur son Couple avec Tim Burton - Bobea\",\"isPartOf\":{\"@id\":\"https:\/\/bobea.net\/#website\"},\"primaryImageOfPage\":{\"@id\":\"https:\/\/bobea.net\/index.php\/2024\/06\/07\/monica-bellucci-ses-confidences-sur-son-couple-avec-tim-burton\/#primaryimage\"},\"image\":{\"@id\":\"https:\/\/bobea.net\/index.php\/2024\/06\/07\/monica-bellucci-ses-confidences-sur-son-couple-avec-tim-burton\/#primaryimage\"},\"thumbnailUrl\":\"https:\/\/bobea.net\/wp-content\/uploads\/2024\/06\/OIP-4.jpeg\",\"datePublished\":\"2024-06-07T21:23:55+00:00\",\"dateModified\":\"2024-06-15T21:41:08+00:00\",\"breadcrumb\":{\"@id\":\"https:\/\/bobea.net\/index.php\/2024\/06\/07\/monica-bellucci-ses-confidences-sur-son-couple-avec-tim-burton\/#breadcrumb\"},\"inLanguage\":\"fr-FR\",\"potentialAction\":[{\"@type\":\"ReadAction\",\"target\":[\"https:\/\/bobea.net\/index.php\/2024\/06\/07\/monica-bellucci-ses-confidences-sur-son-couple-avec-tim-burton\/\"]}]},{\"@type\":\"ImageObject\",\"inLanguage\":\"fr-FR\",\"@id\":\"https:\/\/bobea.net\/index.php\/2024\/06\/07\/monica-bellucci-ses-confidences-sur-son-couple-avec-tim-burton\/#primaryimage\",\"url\":\"https:\/\/bobea.net\/wp-content\/uploads\/2024\/06\/OIP-4.jpeg\",\"contentUrl\":\"https:\/\/bobea.net\/wp-content\/uploads\/2024\/06\/OIP-4.jpeg\",\"width\":474,\"height\":323,\"caption\":\"Monica Bellucci : Ses Confidences sur son Couple avec Tim Burton\"},{\"@type\":\"BreadcrumbList\",\"@id\":\"https:\/\/bobea.net\/index.php\/2024\/06\/07\/monica-bellucci-ses-confidences-sur-son-couple-avec-tim-burton\/#breadcrumb\",\"itemListElement\":[{\"@type\":\"ListItem\",\"position\":1,\"name\":\"Accueil\",\"item\":\"https:\/\/bobea.net\/\"},{\"@type\":\"ListItem\",\"position\":2,\"name\":\"Monica Bellucci : Ses Confidences sur son Couple avec Tim Burton\"}]},{\"@type\":\"WebSite\",\"@id\":\"https:\/\/bobea.net\/#website\",\"url\":\"https:\/\/bobea.net\/\",\"name\":\"Bobea\",\"description\":\"Le magazine de la nouvelle \u00c8ve\",\"publisher\":{\"@id\":\"https:\/\/bobea.net\/#organization\"},\"potentialAction\":[{\"@type\":\"SearchAction\",\"target\":{\"@type\":\"EntryPoint\",\"urlTemplate\":\"https:\/\/bobea.net\/?s={search_term_string}\"},\"query-input\":{\"@type\":\"PropertyValueSpecification\",\"valueRequired\":true,\"valueName\":\"search_term_string\"}}],\"inLanguage\":\"fr-FR\"},{\"@type\":\"Organization\",\"@id\":\"https:\/\/bobea.net\/#organization\",\"name\":\"Bobea\",\"url\":\"https:\/\/bobea.net\/\",\"logo\":{\"@type\":\"ImageObject\",\"inLanguage\":\"fr-FR\",\"@id\":\"https:\/\/bobea.net\/#\/schema\/logo\/image\/\",\"url\":\"https:\/\/bobea.net\/wp-content\/uploads\/2024\/06\/bobea.jpg\",\"contentUrl\":\"https:\/\/bobea.net\/wp-content\/uploads\/2024\/06\/bobea.jpg\",\"width\":1080,\"height\":1080,\"caption\":\"Bobea\"},\"image\":{\"@id\":\"https:\/\/bobea.net\/#\/schema\/logo\/image\/\"},\"sameAs\":[\"https:\/\/web.facebook.com\/profile.php?id=61559252188416\"]},{\"@type\":\"Person\",\"@id\":\"https:\/\/bobea.net\/#\/schema\/person\/e7f45ef187918d7c956bf619dce90ccf\",\"name\":\"bobea.info\",\"image\":{\"@type\":\"ImageObject\",\"inLanguage\":\"fr-FR\",\"@id\":\"https:\/\/bobea.net\/#\/schema\/person\/image\/\",\"url\":\"https:\/\/secure.gravatar.com\/avatar\/36147980349df887ae30808df3e29474?s=96&d=mm&r=g\",\"contentUrl\":\"https:\/\/secure.gravatar.com\/avatar\/36147980349df887ae30808df3e29474?s=96&d=mm&r=g\",\"caption\":\"bobea.info\"},\"sameAs\":[\"https:\/\/bobea.net\"],\"url\":\"https:\/\/bobea.net\/index.php\/author\/bobea-info\/\"}]}<\/script>\n<!-- \/ Yoast SEO plugin. -->","yoast_head_json":{"title":"Monica Bellucci : Ses Confidences sur son Couple avec Tim Burton - Bobea","robots":{"index":"index","follow":"follow","max-snippet":"max-snippet:-1","max-image-preview":"max-image-preview:large","max-video-preview":"max-video-preview:-1"},"canonical":"https:\/\/bobea.net\/index.php\/2024\/06\/07\/monica-bellucci-ses-confidences-sur-son-couple-avec-tim-burton\/","og_locale":"fr_FR","og_type":"article","og_title":"Monica Bellucci : Ses Confidences sur son Couple avec Tim Burton - Bobea","og_description":"Depuis plus d\u2019un an, Mon\u00adi\u00adca Bel\u00adluc\u00adci partage sa vie avec le r\u00e9al\u00adisa\u00adteur am\u00e9ri\u00adcain Tim Bur\u00adton. Leur rela\u00adtion, bien que dis\u00adcr\u00e8te, a \u00e9t\u00e9 mar\u00adqu\u00e9e par quelques appari\u00adtions publiques, notam\u00adment sur le&hellip;","og_url":"https:\/\/bobea.net\/index.php\/2024\/06\/07\/monica-bellucci-ses-confidences-sur-son-couple-avec-tim-burton\/","og_site_name":"Bobea","article_publisher":"https:\/\/web.facebook.com\/profile.php?id=61559252188416","article_published_time":"2024-06-07T21:23:55+00:00","article_modified_time":"2024-06-15T21:41:08+00:00","og_image":[{"width":474,"height":323,"url":"https:\/\/bobea.net\/wp-content\/uploads\/2024\/06\/OIP-4.jpeg","type":"image\/jpeg"}],"author":"bobea.info","twitter_card":"summary_large_image","twitter_misc":{"\u00c9crit par":"bobea.info","Dur\u00e9e de lecture estim\u00e9e":"2 minutes"},"schema":{"@context":"https:\/\/schema.org","@graph":[{"@type":"Article","@id":"https:\/\/bobea.net\/index.php\/2024\/06\/07\/monica-bellucci-ses-confidences-sur-son-couple-avec-tim-burton\/#article","isPartOf":{"@id":"https:\/\/bobea.net\/index.php\/2024\/06\/07\/monica-bellucci-ses-confidences-sur-son-couple-avec-tim-burton\/"},"author":{"name":"bobea.info","@id":"https:\/\/bobea.net\/#\/schema\/person\/e7f45ef187918d7c956bf619dce90ccf"},"headline":"Monica Bellucci : Ses Confidences sur son Couple avec Tim Burton","datePublished":"2024-06-07T21:23:55+00:00","dateModified":"2024-06-15T21:41:08+00:00","mainEntityOfPage":{"@id":"https:\/\/bobea.net\/index.php\/2024\/06\/07\/monica-bellucci-ses-confidences-sur-son-couple-avec-tim-burton\/"},"wordCount":435,"commentCount":0,"publisher":{"@id":"https:\/\/bobea.net\/#organization"},"image":{"@id":"https:\/\/bobea.net\/index.php\/2024\/06\/07\/monica-bellucci-ses-confidences-sur-son-couple-avec-tim-burton\/#primaryimage"},"thumbnailUrl":"https:\/\/bobea.net\/wp-content\/uploads\/2024\/06\/OIP-4.jpeg","keywords":["Monica Bellucci","Tim Burton"],"articleSection":["Annonces"],"inLanguage":"fr-FR","potentialAction":[{"@type":"CommentAction","name":"Comment","target":["https:\/\/bobea.net\/index.php\/2024\/06\/07\/monica-bellucci-ses-confidences-sur-son-couple-avec-tim-burton\/#respond"]}]},{"@type":"WebPage","@id":"https:\/\/bobea.net\/index.php\/2024\/06\/07\/monica-bellucci-ses-confidences-sur-son-couple-avec-tim-burton\/","url":"https:\/\/bobea.net\/index.php\/2024\/06\/07\/monica-bellucci-ses-confidences-sur-son-couple-avec-tim-burton\/","name":"Monica Bellucci : Ses Confidences sur son Couple avec Tim Burton - Bobea","isPartOf":{"@id":"https:\/\/bobea.net\/#website"},"primaryImageOfPage":{"@id":"https:\/\/bobea.net\/index.php\/2024\/06\/07\/monica-bellucci-ses-confidences-sur-son-couple-avec-tim-burton\/#primaryimage"},"image":{"@id":"https:\/\/bobea.net\/index.php\/2024\/06\/07\/monica-bellucci-ses-confidences-sur-son-couple-avec-tim-burton\/#primaryimage"},"thumbnailUrl":"https:\/\/bobea.net\/wp-content\/uploads\/2024\/06\/OIP-4.jpeg","datePublished":"2024-06-07T21:23:55+00:00","dateModified":"2024-06-15T21:41:08+00:00","breadcrumb":{"@id":"https:\/\/bobea.net\/index.php\/2024\/06\/07\/monica-bellucci-ses-confidences-sur-son-couple-avec-tim-burton\/#breadcrumb"},"inLanguage":"fr-FR","potentialAction":[{"@type":"ReadAction","target":["https:\/\/bobea.net\/index.php\/2024\/06\/07\/monica-bellucci-ses-confidences-sur-son-couple-avec-tim-burton\/"]}]},{"@type":"ImageObject","inLanguage":"fr-FR","@id":"https:\/\/bobea.net\/index.php\/2024\/06\/07\/monica-bellucci-ses-confidences-sur-son-couple-avec-tim-burton\/#primaryimage","url":"https:\/\/bobea.net\/wp-content\/uploads\/2024\/06\/OIP-4.jpeg","contentUrl":"https:\/\/bobea.net\/wp-content\/uploads\/2024\/06\/OIP-4.jpeg","width":474,"height":323,"caption":"Monica Bellucci : Ses Confidences sur son Couple avec Tim Burton"},{"@type":"BreadcrumbList","@id":"https:\/\/bobea.net\/index.php\/2024\/06\/07\/monica-bellucci-ses-confidences-sur-son-couple-avec-tim-burton\/#breadcrumb","itemListElement":[{"@type":"ListItem","position":1,"name":"Accueil","item":"https:\/\/bobea.net\/"},{"@type":"ListItem","position":2,"name":"Monica Bellucci : Ses Confidences sur son Couple avec Tim Burton"}]},{"@type":"WebSite","@id":"https:\/\/bobea.net\/#website","url":"https:\/\/bobea.net\/","name":"Bobea","description":"Le magazine de la nouvelle \u00c8ve","publisher":{"@id":"https:\/\/bobea.net\/#organization"},"potentialAction":[{"@type":"SearchAction","target":{"@type":"EntryPoint","urlTemplate":"https:\/\/bobea.net\/?s={search_term_string}"},"query-input":{"@type":"PropertyValueSpecification","valueRequired":true,"valueName":"search_term_string"}}],"inLanguage":"fr-FR"},{"@type":"Organization","@id":"https:\/\/bobea.net\/#organization","name":"Bobea","url":"https:\/\/bobea.net\/","logo":{"@type":"ImageObject","inLanguage":"fr-FR","@id":"https:\/\/bobea.net\/#\/schema\/logo\/image\/","url":"https:\/\/bobea.net\/wp-content\/uploads\/2024\/06\/bobea.jpg","contentUrl":"https:\/\/bobea.net\/wp-content\/uploads\/2024\/06\/bobea.jpg","width":1080,"height":1080,"caption":"Bobea"},"image":{"@id":"https:\/\/bobea.net\/#\/schema\/logo\/image\/"},"sameAs":["https:\/\/web.facebook.com\/profile.php?id=61559252188416"]},{"@type":"Person","@id":"https:\/\/bobea.net\/#\/schema\/person\/e7f45ef187918d7c956bf619dce90ccf","name":"bobea.info","image":{"@type":"ImageObject","inLanguage":"fr-FR","@id":"https:\/\/bobea.net\/#\/schema\/person\/image\/","url":"https:\/\/secure.gravatar.com\/avatar\/36147980349df887ae30808df3e29474?s=96&d=mm&r=g","contentUrl":"https:\/\/secure.gravatar.com\/avatar\/36147980349df887ae30808df3e29474?s=96&d=mm&r=g","caption":"bobea.info"},"sameAs":["https:\/\/bobea.net"],"url":"https:\/\/bobea.net\/index.php\/author\/bobea-info\/"}]}},"_links":{"self":[{"href":"https:\/\/bobea.net\/index.php\/wp-json\/wp\/v2\/posts\/2233"}],"collection":[{"href":"https:\/\/bobea.net\/index.php\/wp-json\/wp\/v2\/posts"}],"about":[{"href":"https:\/\/bobea.net\/index.php\/wp-json\/wp\/v2\/types\/post"}],"author":[{"embeddable":true,"href":"https:\/\/bobea.net\/index.php\/wp-json\/wp\/v2\/users\/1"}],"replies":[{"embeddable":true,"href":"https:\/\/bobea.net\/index.php\/wp-json\/wp\/v2\/comments?post=2233"}],"version-history":[{"count":0,"href":"https:\/\/bobea.net\/index.php\/wp-json\/wp\/v2\/posts\/2233\/revisions"}],"wp:featuredmedia":[{"embeddable":true,"href":"https:\/\/bobea.net\/index.php\/wp-json\/wp\/v2\/media\/2234"}],"wp:attachment":[{"href":"https:\/\/bobea.net\/index.php\/wp-json\/wp\/v2\/media?parent=2233"}],"wp:term":[{"taxonomy":"category","embeddable":true,"href":"https:\/\/bobea.net\/index.php\/wp-json\/wp\/v2\/categories?post=2233"},{"taxonomy":"post_tag","embeddable":true,"href":"https:\/\/bobea.net\/index.php\/wp-json\/wp\/v2\/tags?post=2233"}],"curies":[{"name":"wp","href":"https:\/\/api.w.org\/{rel}","templated":true}]}}