{"id":2180,"date":"2024-04-30T18:26:02","date_gmt":"2024-04-30T18:26:02","guid":{"rendered":"https:\/\/bobea.net\/?p=2180"},"modified":"2024-04-30T18:26:03","modified_gmt":"2024-04-30T18:26:03","slug":"ayra-starr-rencontre-rihanna-jas-b-invite-les-artistes-camerounais-a-travailler-sur-leur-carriere-musicale","status":"publish","type":"post","link":"https:\/\/bobea.net\/index.php\/2024\/04\/30\/ayra-starr-rencontre-rihanna-jas-b-invite-les-artistes-camerounais-a-travailler-sur-leur-carriere-musicale\/","title":{"rendered":"Ayra Starr rencontre Rihanna, Jas B invite les artistes camerounais \u00e0 travailler sur leur carri\u00e8re musicale"},"content":{"rendered":"\n<figure class=\"wp-block-gallery has-nested-images columns-default is-cropped wp-block-gallery-1 is-layout-flex wp-block-gallery-is-layout-flex\">\n<figure class=\"wp-block-image size-large\"><img loading=\"lazy\" decoding=\"async\" width=\"1024\" height=\"682\" data-id=\"2182\" src=\"https:\/\/bobea.net\/wp-content\/uploads\/2024\/04\/Rihanna-et-la-chanteuse-nigeriane-Ayra-Starr-1-1024x682.jpg\" alt class=\"wp-image-2182\" srcset=\"https:\/\/bobea.net\/wp-content\/uploads\/2024\/04\/Rihanna-et-la-chanteuse-nigeriane-Ayra-Starr-1-1024x682.jpg 1024w, https:\/\/bobea.net\/wp-content\/uploads\/2024\/04\/Rihanna-et-la-chanteuse-nigeriane-Ayra-Starr-1-300x200.jpg 300w, https:\/\/bobea.net\/wp-content\/uploads\/2024\/04\/Rihanna-et-la-chanteuse-nigeriane-Ayra-Starr-1-768x512.jpg 768w, https:\/\/bobea.net\/wp-content\/uploads\/2024\/04\/Rihanna-et-la-chanteuse-nigeriane-Ayra-Starr-1.jpg 1340w\" sizes=\"(max-width: 1024px) 100vw, 1024px\"><\/figure>\n\n\n\n<figure class=\"wp-block-image size-large\"><img loading=\"lazy\" decoding=\"async\" width=\"720\" height=\"894\" data-id=\"2181\" src=\"https:\/\/bobea.net\/wp-content\/uploads\/2024\/04\/WhatsApp-Image-2024-04-19-at-13.45.53.jpeg\" alt class=\"wp-image-2181\" srcset=\"https:\/\/bobea.net\/wp-content\/uploads\/2024\/04\/WhatsApp-Image-2024-04-19-at-13.45.53.jpeg 720w, https:\/\/bobea.net\/wp-content\/uploads\/2024\/04\/WhatsApp-Image-2024-04-19-at-13.45.53-242x300.jpeg 242w\" sizes=\"(max-width: 720px) 100vw, 720px\"><\/figure>\n<\/figure>\n\n\n\n<p class=\"has-medium-font-size\">La sc\u00e8ne musi\u00adcale mon\u00addi\u00adale a \u00e9t\u00e9 t\u00e9moin d\u2019un moment m\u00e9morable le 17 avril dernier \u00e0 Lon\u00addres, alors que la super\u00adstar Rihan\u00adna accueil\u00adlait la sen\u00adsa\u00adtion mon\u00adtante de la musique nig\u00e9ri\u00adane, Ayra Starr, pour la c\u00e9l\u00e9bra\u00adtion du lance\u00adment d\u2019une nou\u00advelle paire de sneak\u00aders de sa mar\u00adque Fen\u00adty en col\u00adlab\u00ado\u00adra\u00adtion avec Puma. Cette invi\u00adta\u00adtion mar\u00adque une \u00e9tape sig\u00adni\u00adfica\u00adtive dans l\u2019as\u00adcen\u00adsion ful\u00adgu\u00adrante de la jeune artiste de 21 ans, et sus\u00adcite des r\u00e9flex\u00adions sur le paysage musi\u00adcal africain.<\/p>\n\n\n\n<p class=\"has-medium-font-size\"><strong>Une ren\u00adcon\u00adtre in\u00e9dite<\/strong><\/p>\n\n\n\n<p class=\"has-medium-font-size\">Rihan\u00adna, artiste renom\u00adm\u00e9e et entre\u00adpre\u00adneure accom\u00adplie, a choisi d\u2019in\u00adviter Ayra Starr pour cette occa\u00adsion sp\u00e9\u00adciale, attes\u00adtant ain\u00adsi du ray\u00adon\u00adnement inter\u00adna\u00adtion\u00adal crois\u00adsant de la musique africaine, en par\u00adti\u00adc\u00aduli\u00ader du genre Afro-beat. L\u2019im\u00adage partag\u00e9e par Ayra Starr sur son compte Insta\u00adgram cap\u00adturant ce moment d\u2019\u00e9change avec Rihan\u00adna a sus\u00adcit\u00e9 une vague d\u2019\u00e9\u00admo\u00adtion et d\u2019en\u00adt\u00adhou\u00adsi\u00adasme par\u00admi les fans, soulig\u00adnant l\u2019im\u00adpor\u00adtance de cette ren\u00adcon\u00adtre pour l\u2019artiste et pour la musique africaine dans son ensem\u00adble.<\/p>\n\n\n\n<p class=\"has-medium-font-size\"><strong>Vers une future col\u00adlab\u00ado\u00adra\u00adtion<\/strong><\/p>\n\n\n\n<p class=\"has-medium-font-size\">Mal\u00adgr\u00e9 les r\u00e9ac\u00adtions mit\u00adig\u00e9es, le moment fort de la ren\u00adcon\u00adtre entre Ayra Starr et Rihan\u00adna r\u00e9side dans la demande de col\u00adlab\u00ado\u00adra\u00adtion de Rihan\u00adna elle-m\u00eame. L\u2019ad\u00admi\u00adra\u00adtion sinc\u00e8re de Rihan\u00adna pour le tal\u00adent d\u2019Ayra Starr, ain\u00adsi que son d\u00e9sir de tra\u00advailler ensem\u00adble, d\u00e9mon\u00adtrent le poten\u00adtiel et l\u2019im\u00adpact de la musique africaine sur la sc\u00e8ne inter\u00adna\u00adtionale.<\/p>\n\n\n\n<p class=\"has-medium-font-size\">Les \u00e9mo\u00adtions exprim\u00e9es par les artistes camer\u00adounais, comme Mimie, t\u00e9moignent de leur aspi\u00adra\u00adtion \u00e0 attein\u00addre des som\u00admets sim\u00adi\u00adlaires dans leur car\u00adri\u00e8re. Les encour\u00adage\u00adments de leurs pairs, tels que Muriel Blanche et Danielle Ipa, soulig\u00adnent l\u2019im\u00adpor\u00adtance du tra\u00advail acharn\u00e9 et de la per\u00ads\u00e9v\u00e9rance dans la pour\u00adsuite des r\u00eaves musi\u00adcaux.<\/p>\n\n\n\n<p class=\"has-medium-font-size\"><strong>Et si les artistes camer\u00adounais s\u2019occupaient plus de leur car\u00adri\u00e8re musi\u00adcale&nbsp;?<\/strong><\/p>\n\n\n\n<p class=\"has-medium-font-size\">La ren\u00adcon\u00adtre entre la super\u00adstar am\u00e9ri\u00adcaine et l\u2019\u00e9toile mon\u00adtante de la musique au Nig\u00e9ria a \u00e9gale\u00adment attir\u00e9 l\u2019at\u00adten\u00adtion sur les d\u00e9fis et les attentes aux\u00adquels sont con\u00adfron\u00adt\u00e9s les artistes africains, en par\u00adti\u00adc\u00aduli\u00ader ceux orig\u00adi\u00adnaires du Camer\u00adoun. Jas B, un man\u00adag\u00ader d\u2019artistes bien con\u00adnu, a exprim\u00e9 sa d\u00e9cep\u00adtion quant \u00e0 l\u2019at\u00adti\u00adtude pr\u00e9\u00adsum\u00e9e des artistes camer\u00adounais sur les r\u00e9seaux soci\u00adaux, les exhor\u00adtant \u00e0 se con\u00adcen\u00adtr\u00ader davan\u00adtage sur leur car\u00adri\u00e8re musi\u00adcale. L\u2019ancien man\u00adag\u00ader de Ko\u2011c , qui a partag\u00e9 la pub\u00adli\u00adca\u00adtion Insta\u00adgram d\u2019Ayra Starr, l\u2019a accom\u00adpa\u00adg\u00adn\u00e9 d\u2019un mes\u00adsage cuisant, avec pour des\u00adti\u00adnataires les artistes camer\u00adounais :<\/p>\n\n\n\n<p class=\"has-medium-font-size\">&nbsp;<strong><em>\u00ab&nbsp;Pen\u00addant ce temps les autres font le kon\u00adgos\u00adsa sur les r\u00e9seaux soci\u00adaux&nbsp; \u00bb.<\/em><\/strong><\/p>\n\n\n\n<p class=\"has-medium-font-size\">La ren\u00adcon\u00adtre entre Ayra Starr et Rihan\u00adna repr\u00e9sente bien plus qu\u2019un sim\u00adple \u00e9v\u00e9ne\u00adment m\u00e9di\u00ada\u00adtique ; elle incar\u00adne l\u2019e\u00adspoir et l\u2019in\u00adspi\u00adra\u00adtion pour les artistes africains et leur place crois\u00adsante sur la sc\u00e8ne musi\u00adcale mon\u00addi\u00adale. C\u2019est un rap\u00adpel du poten\u00adtiel illim\u00adit\u00e9 de la musique africaine et de la n\u00e9ces\u00adsit\u00e9 de soutenir et de pro\u00admou\u00advoir les tal\u00adents \u00e9mer\u00adgents dans toute leur diver\u00adsit\u00e9 et leur cr\u00e9a\u00adtiv\u00adit\u00e9.<\/p>\n","protected":false},"excerpt":{"rendered":"<p>La sc\u00e8ne musi\u00adcale mon\u00addi\u00adale a \u00e9t\u00e9 t\u00e9moin d\u2019un moment m\u00e9morable le 17 avril dernier \u00e0 Lon\u00addres, alors que la super\u00adstar Rihan\u00adna accueil\u00adlait la sen\u00adsa\u00adtion mon\u00adtante de la musique nig\u00e9ri\u00adane, Ayra\u2026 <\/p>\n","protected":false},"author":6,"featured_media":2183,"comment_status":"open","ping_status":"open","sticky":false,"template":"","format":"standard","meta":{"wp_typography_post_enhancements_disabled":false,"footnotes":""},"categories":[96,49],"tags":[],"class_list":["post-2180","post","type-post","status-publish","format-standard","has-post-thumbnail","hentry","category-actualites-spotlive","category-spotlive"],"yoast_head":"<!-- This site is optimized with the Yoast SEO plugin v24.7 - https:\/\/yoast.com\/wordpress\/plugins\/seo\/ -->\n<title>Ayra Starr rencontre Rihanna, Jas B invite les artistes camerounais \u00e0 travailler sur leur carri\u00e8re musicale - Bobea<\/title>\n<meta name=\"robots\" content=\"index, follow, max-snippet:-1, max-image-preview:large, max-video-preview:-1\" \/>\n<link rel=\"canonical\" href=\"https:\/\/bobea.net\/index.php\/2024\/04\/30\/ayra-starr-rencontre-rihanna-jas-b-invite-les-artistes-camerounais-a-travailler-sur-leur-carriere-musicale\/\" \/>\n<meta property=\"og:locale\" content=\"fr_FR\" \/>\n<meta property=\"og:type\" content=\"article\" \/>\n<meta property=\"og:title\" content=\"Ayra Starr rencontre Rihanna, Jas B invite les artistes camerounais \u00e0 travailler sur leur carri\u00e8re musicale - Bobea\" \/>\n<meta property=\"og:description\" content=\"La sc\u00e8ne musi\u00adcale mon\u00addi\u00adale a \u00e9t\u00e9 t\u00e9moin d\u2019un moment m\u00e9morable le 17 avril dernier \u00e0 Lon\u00addres, alors que la super\u00adstar Rihan\u00adna accueil\u00adlait la sen\u00adsa\u00adtion mon\u00adtante de la musique nig\u00e9ri\u00adane, Ayra&hellip;\" \/>\n<meta property=\"og:url\" content=\"https:\/\/bobea.net\/index.php\/2024\/04\/30\/ayra-starr-rencontre-rihanna-jas-b-invite-les-artistes-camerounais-a-travailler-sur-leur-carriere-musicale\/\" \/>\n<meta property=\"og:site_name\" content=\"Bobea\" \/>\n<meta property=\"article:publisher\" content=\"https:\/\/web.facebook.com\/profile.php?id=61559252188416\" \/>\n<meta property=\"article:published_time\" content=\"2024-04-30T18:26:02+00:00\" \/>\n<meta property=\"article:modified_time\" content=\"2024-04-30T18:26:03+00:00\" \/>\n<meta property=\"og:image\" content=\"https:\/\/bobea.net\/wp-content\/uploads\/2024\/04\/OIP_large.jpeg\" \/>\n\t<meta property=\"og:image:width\" content=\"1140\" \/>\n\t<meta property=\"og:image:height\" content=\"760\" \/>\n\t<meta property=\"og:image:type\" content=\"image\/jpeg\" \/>\n<meta name=\"author\" content=\"Margarita Samos\" \/>\n<meta name=\"twitter:card\" content=\"summary_large_image\" \/>\n<meta name=\"twitter:label1\" content=\"\u00c9crit par\" \/>\n\t<meta name=\"twitter:data1\" content=\"Margarita Samos\" \/>\n\t<meta name=\"twitter:label2\" content=\"Dur\u00e9e de lecture estim\u00e9e\" \/>\n\t<meta name=\"twitter:data2\" content=\"2 minutes\" \/>\n<script type=\"application\/ld+json\" class=\"yoast-schema-graph\">{\"@context\":\"https:\/\/schema.org\",\"@graph\":[{\"@type\":\"Article\",\"@id\":\"https:\/\/bobea.net\/index.php\/2024\/04\/30\/ayra-starr-rencontre-rihanna-jas-b-invite-les-artistes-camerounais-a-travailler-sur-leur-carriere-musicale\/#article\",\"isPartOf\":{\"@id\":\"https:\/\/bobea.net\/index.php\/2024\/04\/30\/ayra-starr-rencontre-rihanna-jas-b-invite-les-artistes-camerounais-a-travailler-sur-leur-carriere-musicale\/\"},\"author\":{\"name\":\"Margarita Samos\",\"@id\":\"https:\/\/bobea.net\/#\/schema\/person\/90a268daa02a3a028e5220a07022313b\"},\"headline\":\"Ayra Starr rencontre Rihanna, Jas B invite les artistes camerounais \u00e0 travailler sur leur carri\u00e8re musicale\",\"datePublished\":\"2024-04-30T18:26:02+00:00\",\"dateModified\":\"2024-04-30T18:26:03+00:00\",\"mainEntityOfPage\":{\"@id\":\"https:\/\/bobea.net\/index.php\/2024\/04\/30\/ayra-starr-rencontre-rihanna-jas-b-invite-les-artistes-camerounais-a-travailler-sur-leur-carriere-musicale\/\"},\"wordCount\":510,\"commentCount\":0,\"publisher\":{\"@id\":\"https:\/\/bobea.net\/#organization\"},\"image\":{\"@id\":\"https:\/\/bobea.net\/index.php\/2024\/04\/30\/ayra-starr-rencontre-rihanna-jas-b-invite-les-artistes-camerounais-a-travailler-sur-leur-carriere-musicale\/#primaryimage\"},\"thumbnailUrl\":\"https:\/\/bobea.net\/wp-content\/uploads\/2024\/04\/OIP_large.jpeg\",\"articleSection\":[\"Actualit\u00e9s\",\"Spotlive\"],\"inLanguage\":\"fr-FR\",\"potentialAction\":[{\"@type\":\"CommentAction\",\"name\":\"Comment\",\"target\":[\"https:\/\/bobea.net\/index.php\/2024\/04\/30\/ayra-starr-rencontre-rihanna-jas-b-invite-les-artistes-camerounais-a-travailler-sur-leur-carriere-musicale\/#respond\"]}]},{\"@type\":\"WebPage\",\"@id\":\"https:\/\/bobea.net\/index.php\/2024\/04\/30\/ayra-starr-rencontre-rihanna-jas-b-invite-les-artistes-camerounais-a-travailler-sur-leur-carriere-musicale\/\",\"url\":\"https:\/\/bobea.net\/index.php\/2024\/04\/30\/ayra-starr-rencontre-rihanna-jas-b-invite-les-artistes-camerounais-a-travailler-sur-leur-carriere-musicale\/\",\"name\":\"Ayra Starr rencontre Rihanna, Jas B invite les artistes camerounais \u00e0 travailler sur leur carri\u00e8re musicale - Bobea\",\"isPartOf\":{\"@id\":\"https:\/\/bobea.net\/#website\"},\"primaryImageOfPage\":{\"@id\":\"https:\/\/bobea.net\/index.php\/2024\/04\/30\/ayra-starr-rencontre-rihanna-jas-b-invite-les-artistes-camerounais-a-travailler-sur-leur-carriere-musicale\/#primaryimage\"},\"image\":{\"@id\":\"https:\/\/bobea.net\/index.php\/2024\/04\/30\/ayra-starr-rencontre-rihanna-jas-b-invite-les-artistes-camerounais-a-travailler-sur-leur-carriere-musicale\/#primaryimage\"},\"thumbnailUrl\":\"https:\/\/bobea.net\/wp-content\/uploads\/2024\/04\/OIP_large.jpeg\",\"datePublished\":\"2024-04-30T18:26:02+00:00\",\"dateModified\":\"2024-04-30T18:26:03+00:00\",\"breadcrumb\":{\"@id\":\"https:\/\/bobea.net\/index.php\/2024\/04\/30\/ayra-starr-rencontre-rihanna-jas-b-invite-les-artistes-camerounais-a-travailler-sur-leur-carriere-musicale\/#breadcrumb\"},\"inLanguage\":\"fr-FR\",\"potentialAction\":[{\"@type\":\"ReadAction\",\"target\":[\"https:\/\/bobea.net\/index.php\/2024\/04\/30\/ayra-starr-rencontre-rihanna-jas-b-invite-les-artistes-camerounais-a-travailler-sur-leur-carriere-musicale\/\"]}]},{\"@type\":\"ImageObject\",\"inLanguage\":\"fr-FR\",\"@id\":\"https:\/\/bobea.net\/index.php\/2024\/04\/30\/ayra-starr-rencontre-rihanna-jas-b-invite-les-artistes-camerounais-a-travailler-sur-leur-carriere-musicale\/#primaryimage\",\"url\":\"https:\/\/bobea.net\/wp-content\/uploads\/2024\/04\/OIP_large.jpeg\",\"contentUrl\":\"https:\/\/bobea.net\/wp-content\/uploads\/2024\/04\/OIP_large.jpeg\",\"width\":1140,\"height\":760},{\"@type\":\"BreadcrumbList\",\"@id\":\"https:\/\/bobea.net\/index.php\/2024\/04\/30\/ayra-starr-rencontre-rihanna-jas-b-invite-les-artistes-camerounais-a-travailler-sur-leur-carriere-musicale\/#breadcrumb\",\"itemListElement\":[{\"@type\":\"ListItem\",\"position\":1,\"name\":\"Accueil\",\"item\":\"https:\/\/bobea.net\/\"},{\"@type\":\"ListItem\",\"position\":2,\"name\":\"Ayra Starr rencontre Rihanna, Jas B invite les artistes camerounais \u00e0 travailler sur leur carri\u00e8re musicale\"}]},{\"@type\":\"WebSite\",\"@id\":\"https:\/\/bobea.net\/#website\",\"url\":\"https:\/\/bobea.net\/\",\"name\":\"Bobea\",\"description\":\"Le magazine de la nouvelle \u00c8ve\",\"publisher\":{\"@id\":\"https:\/\/bobea.net\/#organization\"},\"potentialAction\":[{\"@type\":\"SearchAction\",\"target\":{\"@type\":\"EntryPoint\",\"urlTemplate\":\"https:\/\/bobea.net\/?s={search_term_string}\"},\"query-input\":{\"@type\":\"PropertyValueSpecification\",\"valueRequired\":true,\"valueName\":\"search_term_string\"}}],\"inLanguage\":\"fr-FR\"},{\"@type\":\"Organization\",\"@id\":\"https:\/\/bobea.net\/#organization\",\"name\":\"Bobea\",\"url\":\"https:\/\/bobea.net\/\",\"logo\":{\"@type\":\"ImageObject\",\"inLanguage\":\"fr-FR\",\"@id\":\"https:\/\/bobea.net\/#\/schema\/logo\/image\/\",\"url\":\"https:\/\/bobea.net\/wp-content\/uploads\/2024\/06\/bobea.jpg\",\"contentUrl\":\"https:\/\/bobea.net\/wp-content\/uploads\/2024\/06\/bobea.jpg\",\"width\":1080,\"height\":1080,\"caption\":\"Bobea\"},\"image\":{\"@id\":\"https:\/\/bobea.net\/#\/schema\/logo\/image\/\"},\"sameAs\":[\"https:\/\/web.facebook.com\/profile.php?id=61559252188416\"]},{\"@type\":\"Person\",\"@id\":\"https:\/\/bobea.net\/#\/schema\/person\/90a268daa02a3a028e5220a07022313b\",\"name\":\"Margarita Samos\",\"image\":{\"@type\":\"ImageObject\",\"inLanguage\":\"fr-FR\",\"@id\":\"https:\/\/bobea.net\/#\/schema\/person\/image\/\",\"url\":\"https:\/\/secure.gravatar.com\/avatar\/0a9b425ef982de415f7b152c18a333ee?s=96&d=mm&r=g\",\"contentUrl\":\"https:\/\/secure.gravatar.com\/avatar\/0a9b425ef982de415f7b152c18a333ee?s=96&d=mm&r=g\",\"caption\":\"Margarita Samos\"},\"url\":\"https:\/\/bobea.net\/index.php\/author\/margarita-samos\/\"}]}<\/script>\n<!-- \/ Yoast SEO plugin. -->","yoast_head_json":{"title":"Ayra Starr rencontre Rihanna, Jas B invite les artistes camerounais \u00e0 travailler sur leur carri\u00e8re musicale - Bobea","robots":{"index":"index","follow":"follow","max-snippet":"max-snippet:-1","max-image-preview":"max-image-preview:large","max-video-preview":"max-video-preview:-1"},"canonical":"https:\/\/bobea.net\/index.php\/2024\/04\/30\/ayra-starr-rencontre-rihanna-jas-b-invite-les-artistes-camerounais-a-travailler-sur-leur-carriere-musicale\/","og_locale":"fr_FR","og_type":"article","og_title":"Ayra Starr rencontre Rihanna, Jas B invite les artistes camerounais \u00e0 travailler sur leur carri\u00e8re musicale - Bobea","og_description":"La sc\u00e8ne musi\u00adcale mon\u00addi\u00adale a \u00e9t\u00e9 t\u00e9moin d\u2019un moment m\u00e9morable le 17 avril dernier \u00e0 Lon\u00addres, alors que la super\u00adstar Rihan\u00adna accueil\u00adlait la sen\u00adsa\u00adtion mon\u00adtante de la musique nig\u00e9ri\u00adane, Ayra&hellip;","og_url":"https:\/\/bobea.net\/index.php\/2024\/04\/30\/ayra-starr-rencontre-rihanna-jas-b-invite-les-artistes-camerounais-a-travailler-sur-leur-carriere-musicale\/","og_site_name":"Bobea","article_publisher":"https:\/\/web.facebook.com\/profile.php?id=61559252188416","article_published_time":"2024-04-30T18:26:02+00:00","article_modified_time":"2024-04-30T18:26:03+00:00","og_image":[{"width":1140,"height":760,"url":"https:\/\/bobea.net\/wp-content\/uploads\/2024\/04\/OIP_large.jpeg","type":"image\/jpeg"}],"author":"Margarita Samos","twitter_card":"summary_large_image","twitter_misc":{"\u00c9crit par":"Margarita Samos","Dur\u00e9e de lecture estim\u00e9e":"2 minutes"},"schema":{"@context":"https:\/\/schema.org","@graph":[{"@type":"Article","@id":"https:\/\/bobea.net\/index.php\/2024\/04\/30\/ayra-starr-rencontre-rihanna-jas-b-invite-les-artistes-camerounais-a-travailler-sur-leur-carriere-musicale\/#article","isPartOf":{"@id":"https:\/\/bobea.net\/index.php\/2024\/04\/30\/ayra-starr-rencontre-rihanna-jas-b-invite-les-artistes-camerounais-a-travailler-sur-leur-carriere-musicale\/"},"author":{"name":"Margarita Samos","@id":"https:\/\/bobea.net\/#\/schema\/person\/90a268daa02a3a028e5220a07022313b"},"headline":"Ayra Starr rencontre Rihanna, Jas B invite les artistes camerounais \u00e0 travailler sur leur carri\u00e8re musicale","datePublished":"2024-04-30T18:26:02+00:00","dateModified":"2024-04-30T18:26:03+00:00","mainEntityOfPage":{"@id":"https:\/\/bobea.net\/index.php\/2024\/04\/30\/ayra-starr-rencontre-rihanna-jas-b-invite-les-artistes-camerounais-a-travailler-sur-leur-carriere-musicale\/"},"wordCount":510,"commentCount":0,"publisher":{"@id":"https:\/\/bobea.net\/#organization"},"image":{"@id":"https:\/\/bobea.net\/index.php\/2024\/04\/30\/ayra-starr-rencontre-rihanna-jas-b-invite-les-artistes-camerounais-a-travailler-sur-leur-carriere-musicale\/#primaryimage"},"thumbnailUrl":"https:\/\/bobea.net\/wp-content\/uploads\/2024\/04\/OIP_large.jpeg","articleSection":["Actualit\u00e9s","Spotlive"],"inLanguage":"fr-FR","potentialAction":[{"@type":"CommentAction","name":"Comment","target":["https:\/\/bobea.net\/index.php\/2024\/04\/30\/ayra-starr-rencontre-rihanna-jas-b-invite-les-artistes-camerounais-a-travailler-sur-leur-carriere-musicale\/#respond"]}]},{"@type":"WebPage","@id":"https:\/\/bobea.net\/index.php\/2024\/04\/30\/ayra-starr-rencontre-rihanna-jas-b-invite-les-artistes-camerounais-a-travailler-sur-leur-carriere-musicale\/","url":"https:\/\/bobea.net\/index.php\/2024\/04\/30\/ayra-starr-rencontre-rihanna-jas-b-invite-les-artistes-camerounais-a-travailler-sur-leur-carriere-musicale\/","name":"Ayra Starr rencontre Rihanna, Jas B invite les artistes camerounais \u00e0 travailler sur leur carri\u00e8re musicale - Bobea","isPartOf":{"@id":"https:\/\/bobea.net\/#website"},"primaryImageOfPage":{"@id":"https:\/\/bobea.net\/index.php\/2024\/04\/30\/ayra-starr-rencontre-rihanna-jas-b-invite-les-artistes-camerounais-a-travailler-sur-leur-carriere-musicale\/#primaryimage"},"image":{"@id":"https:\/\/bobea.net\/index.php\/2024\/04\/30\/ayra-starr-rencontre-rihanna-jas-b-invite-les-artistes-camerounais-a-travailler-sur-leur-carriere-musicale\/#primaryimage"},"thumbnailUrl":"https:\/\/bobea.net\/wp-content\/uploads\/2024\/04\/OIP_large.jpeg","datePublished":"2024-04-30T18:26:02+00:00","dateModified":"2024-04-30T18:26:03+00:00","breadcrumb":{"@id":"https:\/\/bobea.net\/index.php\/2024\/04\/30\/ayra-starr-rencontre-rihanna-jas-b-invite-les-artistes-camerounais-a-travailler-sur-leur-carriere-musicale\/#breadcrumb"},"inLanguage":"fr-FR","potentialAction":[{"@type":"ReadAction","target":["https:\/\/bobea.net\/index.php\/2024\/04\/30\/ayra-starr-rencontre-rihanna-jas-b-invite-les-artistes-camerounais-a-travailler-sur-leur-carriere-musicale\/"]}]},{"@type":"ImageObject","inLanguage":"fr-FR","@id":"https:\/\/bobea.net\/index.php\/2024\/04\/30\/ayra-starr-rencontre-rihanna-jas-b-invite-les-artistes-camerounais-a-travailler-sur-leur-carriere-musicale\/#primaryimage","url":"https:\/\/bobea.net\/wp-content\/uploads\/2024\/04\/OIP_large.jpeg","contentUrl":"https:\/\/bobea.net\/wp-content\/uploads\/2024\/04\/OIP_large.jpeg","width":1140,"height":760},{"@type":"BreadcrumbList","@id":"https:\/\/bobea.net\/index.php\/2024\/04\/30\/ayra-starr-rencontre-rihanna-jas-b-invite-les-artistes-camerounais-a-travailler-sur-leur-carriere-musicale\/#breadcrumb","itemListElement":[{"@type":"ListItem","position":1,"name":"Accueil","item":"https:\/\/bobea.net\/"},{"@type":"ListItem","position":2,"name":"Ayra Starr rencontre Rihanna, Jas B invite les artistes camerounais \u00e0 travailler sur leur carri\u00e8re musicale"}]},{"@type":"WebSite","@id":"https:\/\/bobea.net\/#website","url":"https:\/\/bobea.net\/","name":"Bobea","description":"Le magazine de la nouvelle \u00c8ve","publisher":{"@id":"https:\/\/bobea.net\/#organization"},"potentialAction":[{"@type":"SearchAction","target":{"@type":"EntryPoint","urlTemplate":"https:\/\/bobea.net\/?s={search_term_string}"},"query-input":{"@type":"PropertyValueSpecification","valueRequired":true,"valueName":"search_term_string"}}],"inLanguage":"fr-FR"},{"@type":"Organization","@id":"https:\/\/bobea.net\/#organization","name":"Bobea","url":"https:\/\/bobea.net\/","logo":{"@type":"ImageObject","inLanguage":"fr-FR","@id":"https:\/\/bobea.net\/#\/schema\/logo\/image\/","url":"https:\/\/bobea.net\/wp-content\/uploads\/2024\/06\/bobea.jpg","contentUrl":"https:\/\/bobea.net\/wp-content\/uploads\/2024\/06\/bobea.jpg","width":1080,"height":1080,"caption":"Bobea"},"image":{"@id":"https:\/\/bobea.net\/#\/schema\/logo\/image\/"},"sameAs":["https:\/\/web.facebook.com\/profile.php?id=61559252188416"]},{"@type":"Person","@id":"https:\/\/bobea.net\/#\/schema\/person\/90a268daa02a3a028e5220a07022313b","name":"Margarita Samos","image":{"@type":"ImageObject","inLanguage":"fr-FR","@id":"https:\/\/bobea.net\/#\/schema\/person\/image\/","url":"https:\/\/secure.gravatar.com\/avatar\/0a9b425ef982de415f7b152c18a333ee?s=96&d=mm&r=g","contentUrl":"https:\/\/secure.gravatar.com\/avatar\/0a9b425ef982de415f7b152c18a333ee?s=96&d=mm&r=g","caption":"Margarita Samos"},"url":"https:\/\/bobea.net\/index.php\/author\/margarita-samos\/"}]}},"_links":{"self":[{"href":"https:\/\/bobea.net\/index.php\/wp-json\/wp\/v2\/posts\/2180"}],"collection":[{"href":"https:\/\/bobea.net\/index.php\/wp-json\/wp\/v2\/posts"}],"about":[{"href":"https:\/\/bobea.net\/index.php\/wp-json\/wp\/v2\/types\/post"}],"author":[{"embeddable":true,"href":"https:\/\/bobea.net\/index.php\/wp-json\/wp\/v2\/users\/6"}],"replies":[{"embeddable":true,"href":"https:\/\/bobea.net\/index.php\/wp-json\/wp\/v2\/comments?post=2180"}],"version-history":[{"count":0,"href":"https:\/\/bobea.net\/index.php\/wp-json\/wp\/v2\/posts\/2180\/revisions"}],"wp:featuredmedia":[{"embeddable":true,"href":"https:\/\/bobea.net\/index.php\/wp-json\/wp\/v2\/media\/2183"}],"wp:attachment":[{"href":"https:\/\/bobea.net\/index.php\/wp-json\/wp\/v2\/media?parent=2180"}],"wp:term":[{"taxonomy":"category","embeddable":true,"href":"https:\/\/bobea.net\/index.php\/wp-json\/wp\/v2\/categories?post=2180"},{"taxonomy":"post_tag","embeddable":true,"href":"https:\/\/bobea.net\/index.php\/wp-json\/wp\/v2\/tags?post=2180"}],"curies":[{"name":"wp","href":"https:\/\/api.w.org\/{rel}","templated":true}]}}