{"id":21686,"date":"2025-07-22T15:34:51","date_gmt":"2025-07-22T15:34:51","guid":{"rendered":"https:\/\/bobea.net\/?p=21686"},"modified":"2025-07-22T15:34:53","modified_gmt":"2025-07-22T15:34:53","slug":"petit-dejeuner-camerounais-entre-tradition-partage-et-passion-culinaire","status":"publish","type":"post","link":"https:\/\/bobea.net\/index.php\/2025\/07\/22\/petit-dejeuner-camerounais-entre-tradition-partage-et-passion-culinaire\/","title":{"rendered":"Petit-d\u00e9jeuner camerounais\u202f: entre tradition, partage et passion culinaire"},"content":{"rendered":"\n<p>La richesse du petit-d\u00e9je\u00aduner camer\u00adounais<\/p>\n\n\n\n<p>L\u2019aurore au Camer\u00adoun s\u2019accompagne de par\u00adfums puis\u00adsants, de plats con\u00adsis\u00adtants et de l\u2019ambiance vibrante des march\u00e9s. Le petit-d\u00e9je\u00aduner, bien loin d\u2019un sim\u00adple caf\u00e9-crois\u00adsant, s\u2019affirme comme un v\u00e9ri\u00adta\u00adble rit\u00aduel social. En 2025, alors que les ten\u00addances healthy et gas\u00adtronomiques se croisent en Europe, la table camer\u00adounaise inspire les ama\u00adtri\u00adces de diver\u00adsit\u00e9 et de saveurs authen\u00adtiques.<\/p>\n\n\n\n<p>Plats embl\u00e9\u00adma\u00adtiques&nbsp;: hari\u00adcot-beignet, bouil\u00adlie, plan\u00adtain frit<\/p>\n\n\n\n<p>Au c\u0153ur du matin, le \u201chari\u00adcot beignet bouil\u00adlie\u201d tient la vedette. Les beignets, frits \u00e0 la per\u00adfec\u00adtion, s\u2019accompagnent de hari\u00adcots rouges mijot\u00e9s \u2013 par\u00adfois enrichis d\u2019oignons, de sauce tomate et d\u2019\u00e9pices piquantes. Un bol de bouil\u00adlie ti\u00e8de (ma\u00efs, mil\u00adlet ou soja, sucr\u00e9e ou sal\u00e9e) com\u00adpl\u00e8te le tout, pour un apport \u00e9nerg\u00e9\u00adtique incom\u00adpa\u00adra\u00adble. Sur les \u00e9tals, le plan\u00adtain dor\u00e9, tranch\u00e9 fin, frit ou flam\u00adb\u00e9, s\u00e9duit aus\u00adsi bien les enfants que les adultes press\u00e9s.<\/p>\n\n\n\n<p>Tra\u00addi\u00adtion et g\u00e9n\u00e9rosit\u00e9&nbsp;: une insti\u00adtu\u00adtion mati\u00adnale<\/p>\n\n\n\n<p>Au Camer\u00adoun, le petit-d\u00e9je\u00aduner ne se lim\u00adite pas \u00e0 l\u2019assi\u00adette. Il s\u2019organise comme une mini-c\u00e9r\u00e9\u00admonie col\u00adlec\u00adtive&nbsp;; familles, voisins, col\u00adl\u00e8gues, se retrou\u00advent sur les trot\u00adtoirs ou \u00e0 la table de la maman-marchande, pour \u00e9chang\u00ader, dis\u00adcuter, rire. L\u2019alimentation devient lan\u00adgage, lien social et h\u00e9ritage.<\/p>\n\n\n\n<p>Les secrets du go\u00fbt camer\u00adounais \u00e0 adopter chez soi<\/p>\n\n\n\n<ul class=\"wp-block-list\">\n<li><strong>Pr\u00e9f\u00e9rez des pro\u00adduits frais<\/strong>&nbsp;pour pr\u00e9serv\u00ader l\u2019intensit\u00e9 des plats (hari\u00adcots rouges secs, \u00e9pices du march\u00e9, huile d\u2019arachide).<\/li>\n\n\n\n<li><strong>Apprenez \u00e0 dos\u00ader les \u00e9pices<\/strong>&nbsp;typ\u00adiques (poivre de Pen\u00adja, bouil\u00adlon cube, piment fort) pour retrou\u00adver l\u2019authenticit\u00e9.<\/li>\n\n\n\n<li><strong>Ma\u00eetrisez la fri\u00adt\u00adure<\/strong>&nbsp;: beignets et plan\u00adtain doivent \u00eatre dor\u00e9s sans exc\u00e8s, ten\u00addres \u00e0 c\u0153ur, croustil\u00adlants dehors.<\/li>\n<\/ul>\n\n\n\n<figure class=\"wp-block-image size-full is-resized\"><img loading=\"lazy\" decoding=\"async\" width=\"736\" height=\"491\" src=\"https:\/\/bobea.net\/wp-content\/uploads\/2025\/07\/146ce8a91871a17840c92afa1ce515e3.jpg\" alt class=\"wp-image-21687\" style=\"width:840px;height:auto\" srcset=\"https:\/\/bobea.net\/wp-content\/uploads\/2025\/07\/146ce8a91871a17840c92afa1ce515e3.jpg 736w, https:\/\/bobea.net\/wp-content\/uploads\/2025\/07\/146ce8a91871a17840c92afa1ce515e3-300x200.jpg 300w\" sizes=\"(max-width: 736px) 100vw, 736px\"><\/figure>\n\n\n\n<p>Recette Bobea : hari\u00adcot-beignet express \u00e0 la mai\u00adson<\/p>\n\n\n\n<ol start=\"1\" class=\"wp-block-list\">\n<li>Faire trem\u00adper les hari\u00adcots rouges 12h puis les cuire avec lau\u00adri\u00ader, oignon, sel. \u00c9gout\u00adter.<\/li>\n\n\n\n<li>Pr\u00e9\u00adpar\u00ader les beignets&nbsp;: farine, lev\u00adure, sucre, eau, laiss\u00ader lever, frire en petites boules.<\/li>\n\n\n\n<li>Dress\u00ader un m\u00e9lange hari\u00adcots-beignets, accom\u00adpa\u00adg\u00adn\u00e9s de bouil\u00adlie de ma\u00efs ti\u00e8de.<\/li>\n\n\n\n<li>Ajouter un filet d\u2019huile \u00e9pic\u00e9e et quelques lamelles d\u2019oignon cru.<\/li>\n<\/ol>\n\n\n\n<p>Petit-d\u00e9je\u00aduner comme voy\u00adage sen\u00adsoriel et atti\u00adtude de partage<\/p>\n\n\n\n<p>Recr\u00e9er ce repas mati\u00adnal \u00e0 la mai\u00adson, c\u2019est inviter la chaleur et la con\u00advivi\u00adal\u00adit\u00e9 d\u2019une tra\u00addi\u00adtion africaine au c\u0153ur de votre cui\u00adsine. Un hom\u00admage sim\u00adple \u00e0 la g\u00e9n\u00e9rosit\u00e9, \u00e0 la cr\u00e9a\u00adtiv\u00adit\u00e9 et \u00e0 la puis\u00adsance des cou\u00adtumes culi\u00adnaires des femmes du Camer\u00adoun.<\/p>\n","protected":false},"excerpt":{"rendered":"<p>La richesse du petit-d\u00e9je\u00aduner camer\u00adounais L\u2019aurore au Camer\u00adoun s\u2019accompagne de par\u00adfums puis\u00adsants, de plats con\u00adsis\u00adtants et de l\u2019ambiance vibrante des march\u00e9s. Le petit-d\u00e9je\u00aduner, bien loin d\u2019un sim\u00adple caf\u00e9-crois\u00adsant, s\u2019affirme comme\u2026 <\/p>\n","protected":false},"author":1,"featured_media":21688,"comment_status":"open","ping_status":"closed","sticky":false,"template":"","format":"standard","meta":{"wp_typography_post_enhancements_disabled":false,"footnotes":""},"categories":[57],"tags":[],"class_list":["post-21686","post","type-post","status-publish","format-standard","has-post-thumbnail","hentry","category-cuisine"],"yoast_head":"<!-- This site is optimized with the Yoast SEO plugin v24.7 - https:\/\/yoast.com\/wordpress\/plugins\/seo\/ -->\n<title>Petit-d\u00e9jeuner camerounais\u202f: entre tradition, partage et passion culinaire - Bobea<\/title>\n<meta name=\"robots\" content=\"index, follow, max-snippet:-1, max-image-preview:large, max-video-preview:-1\" \/>\n<link rel=\"canonical\" href=\"https:\/\/bobea.net\/index.php\/2025\/07\/22\/petit-dejeuner-camerounais-entre-tradition-partage-et-passion-culinaire\/\" \/>\n<meta property=\"og:locale\" content=\"fr_FR\" \/>\n<meta property=\"og:type\" content=\"article\" \/>\n<meta property=\"og:title\" content=\"Petit-d\u00e9jeuner camerounais\u202f: entre tradition, partage et passion culinaire - Bobea\" \/>\n<meta property=\"og:description\" content=\"La richesse du petit-d\u00e9je\u00aduner camer\u00adounais L\u2019aurore au Camer\u00adoun s\u2019accompagne de par\u00adfums puis\u00adsants, de plats con\u00adsis\u00adtants et de l\u2019ambiance vibrante des march\u00e9s. Le petit-d\u00e9je\u00aduner, bien loin d\u2019un sim\u00adple caf\u00e9-crois\u00adsant, s\u2019affirme comme&hellip;\" \/>\n<meta property=\"og:url\" content=\"https:\/\/bobea.net\/index.php\/2025\/07\/22\/petit-dejeuner-camerounais-entre-tradition-partage-et-passion-culinaire\/\" \/>\n<meta property=\"og:site_name\" content=\"Bobea\" \/>\n<meta property=\"article:publisher\" content=\"https:\/\/web.facebook.com\/profile.php?id=61559252188416\" \/>\n<meta property=\"article:published_time\" content=\"2025-07-22T15:34:51+00:00\" \/>\n<meta property=\"article:modified_time\" content=\"2025-07-22T15:34:53+00:00\" \/>\n<meta property=\"og:image\" content=\"https:\/\/bobea.net\/wp-content\/uploads\/2025\/07\/WhatsApp-Image-2025-04-22-a-19.39.38_871b984e-1024x682-1.jpg\" \/>\n\t<meta property=\"og:image:width\" content=\"1024\" \/>\n\t<meta property=\"og:image:height\" content=\"682\" \/>\n\t<meta property=\"og:image:type\" content=\"image\/jpeg\" \/>\n<meta name=\"author\" content=\"bobea.info\" \/>\n<meta name=\"twitter:card\" content=\"summary_large_image\" \/>\n<meta name=\"twitter:label1\" content=\"\u00c9crit par\" \/>\n\t<meta name=\"twitter:data1\" content=\"bobea.info\" \/>\n\t<meta name=\"twitter:label2\" content=\"Dur\u00e9e de lecture estim\u00e9e\" \/>\n\t<meta name=\"twitter:data2\" content=\"3 minutes\" \/>\n<script type=\"application\/ld+json\" class=\"yoast-schema-graph\">{\"@context\":\"https:\/\/schema.org\",\"@graph\":[{\"@type\":\"Article\",\"@id\":\"https:\/\/bobea.net\/index.php\/2025\/07\/22\/petit-dejeuner-camerounais-entre-tradition-partage-et-passion-culinaire\/#article\",\"isPartOf\":{\"@id\":\"https:\/\/bobea.net\/index.php\/2025\/07\/22\/petit-dejeuner-camerounais-entre-tradition-partage-et-passion-culinaire\/\"},\"author\":{\"name\":\"bobea.info\",\"@id\":\"https:\/\/bobea.net\/#\/schema\/person\/e7f45ef187918d7c956bf619dce90ccf\"},\"headline\":\"Petit-d\u00e9jeuner camerounais\u202f: entre tradition, partage et passion culinaire\",\"datePublished\":\"2025-07-22T15:34:51+00:00\",\"dateModified\":\"2025-07-22T15:34:53+00:00\",\"mainEntityOfPage\":{\"@id\":\"https:\/\/bobea.net\/index.php\/2025\/07\/22\/petit-dejeuner-camerounais-entre-tradition-partage-et-passion-culinaire\/\"},\"wordCount\":404,\"commentCount\":0,\"publisher\":{\"@id\":\"https:\/\/bobea.net\/#organization\"},\"image\":{\"@id\":\"https:\/\/bobea.net\/index.php\/2025\/07\/22\/petit-dejeuner-camerounais-entre-tradition-partage-et-passion-culinaire\/#primaryimage\"},\"thumbnailUrl\":\"https:\/\/bobea.net\/wp-content\/uploads\/2025\/07\/WhatsApp-Image-2025-04-22-a-19.39.38_871b984e-1024x682-1.jpg\",\"articleSection\":[\"Cuisine\"],\"inLanguage\":\"fr-FR\",\"potentialAction\":[{\"@type\":\"CommentAction\",\"name\":\"Comment\",\"target\":[\"https:\/\/bobea.net\/index.php\/2025\/07\/22\/petit-dejeuner-camerounais-entre-tradition-partage-et-passion-culinaire\/#respond\"]}]},{\"@type\":\"WebPage\",\"@id\":\"https:\/\/bobea.net\/index.php\/2025\/07\/22\/petit-dejeuner-camerounais-entre-tradition-partage-et-passion-culinaire\/\",\"url\":\"https:\/\/bobea.net\/index.php\/2025\/07\/22\/petit-dejeuner-camerounais-entre-tradition-partage-et-passion-culinaire\/\",\"name\":\"Petit-d\u00e9jeuner camerounais\u202f: entre tradition, partage et passion culinaire - Bobea\",\"isPartOf\":{\"@id\":\"https:\/\/bobea.net\/#website\"},\"primaryImageOfPage\":{\"@id\":\"https:\/\/bobea.net\/index.php\/2025\/07\/22\/petit-dejeuner-camerounais-entre-tradition-partage-et-passion-culinaire\/#primaryimage\"},\"image\":{\"@id\":\"https:\/\/bobea.net\/index.php\/2025\/07\/22\/petit-dejeuner-camerounais-entre-tradition-partage-et-passion-culinaire\/#primaryimage\"},\"thumbnailUrl\":\"https:\/\/bobea.net\/wp-content\/uploads\/2025\/07\/WhatsApp-Image-2025-04-22-a-19.39.38_871b984e-1024x682-1.jpg\",\"datePublished\":\"2025-07-22T15:34:51+00:00\",\"dateModified\":\"2025-07-22T15:34:53+00:00\",\"breadcrumb\":{\"@id\":\"https:\/\/bobea.net\/index.php\/2025\/07\/22\/petit-dejeuner-camerounais-entre-tradition-partage-et-passion-culinaire\/#breadcrumb\"},\"inLanguage\":\"fr-FR\",\"potentialAction\":[{\"@type\":\"ReadAction\",\"target\":[\"https:\/\/bobea.net\/index.php\/2025\/07\/22\/petit-dejeuner-camerounais-entre-tradition-partage-et-passion-culinaire\/\"]}]},{\"@type\":\"ImageObject\",\"inLanguage\":\"fr-FR\",\"@id\":\"https:\/\/bobea.net\/index.php\/2025\/07\/22\/petit-dejeuner-camerounais-entre-tradition-partage-et-passion-culinaire\/#primaryimage\",\"url\":\"https:\/\/bobea.net\/wp-content\/uploads\/2025\/07\/WhatsApp-Image-2025-04-22-a-19.39.38_871b984e-1024x682-1.jpg\",\"contentUrl\":\"https:\/\/bobea.net\/wp-content\/uploads\/2025\/07\/WhatsApp-Image-2025-04-22-a-19.39.38_871b984e-1024x682-1.jpg\",\"width\":1024,\"height\":682},{\"@type\":\"BreadcrumbList\",\"@id\":\"https:\/\/bobea.net\/index.php\/2025\/07\/22\/petit-dejeuner-camerounais-entre-tradition-partage-et-passion-culinaire\/#breadcrumb\",\"itemListElement\":[{\"@type\":\"ListItem\",\"position\":1,\"name\":\"Accueil\",\"item\":\"https:\/\/bobea.net\/\"},{\"@type\":\"ListItem\",\"position\":2,\"name\":\"Petit-d\u00e9jeuner camerounais\u202f: entre tradition, partage et passion culinaire\"}]},{\"@type\":\"WebSite\",\"@id\":\"https:\/\/bobea.net\/#website\",\"url\":\"https:\/\/bobea.net\/\",\"name\":\"Bobea\",\"description\":\"Le magazine de la nouvelle \u00c8ve\",\"publisher\":{\"@id\":\"https:\/\/bobea.net\/#organization\"},\"potentialAction\":[{\"@type\":\"SearchAction\",\"target\":{\"@type\":\"EntryPoint\",\"urlTemplate\":\"https:\/\/bobea.net\/?s={search_term_string}\"},\"query-input\":{\"@type\":\"PropertyValueSpecification\",\"valueRequired\":true,\"valueName\":\"search_term_string\"}}],\"inLanguage\":\"fr-FR\"},{\"@type\":\"Organization\",\"@id\":\"https:\/\/bobea.net\/#organization\",\"name\":\"Bobea\",\"url\":\"https:\/\/bobea.net\/\",\"logo\":{\"@type\":\"ImageObject\",\"inLanguage\":\"fr-FR\",\"@id\":\"https:\/\/bobea.net\/#\/schema\/logo\/image\/\",\"url\":\"https:\/\/bobea.net\/wp-content\/uploads\/2024\/06\/bobea.jpg\",\"contentUrl\":\"https:\/\/bobea.net\/wp-content\/uploads\/2024\/06\/bobea.jpg\",\"width\":1080,\"height\":1080,\"caption\":\"Bobea\"},\"image\":{\"@id\":\"https:\/\/bobea.net\/#\/schema\/logo\/image\/\"},\"sameAs\":[\"https:\/\/web.facebook.com\/profile.php?id=61559252188416\"]},{\"@type\":\"Person\",\"@id\":\"https:\/\/bobea.net\/#\/schema\/person\/e7f45ef187918d7c956bf619dce90ccf\",\"name\":\"bobea.info\",\"image\":{\"@type\":\"ImageObject\",\"inLanguage\":\"fr-FR\",\"@id\":\"https:\/\/bobea.net\/#\/schema\/person\/image\/\",\"url\":\"https:\/\/secure.gravatar.com\/avatar\/36147980349df887ae30808df3e29474?s=96&d=mm&r=g\",\"contentUrl\":\"https:\/\/secure.gravatar.com\/avatar\/36147980349df887ae30808df3e29474?s=96&d=mm&r=g\",\"caption\":\"bobea.info\"},\"sameAs\":[\"https:\/\/bobea.net\"],\"url\":\"https:\/\/bobea.net\/index.php\/author\/bobea-info\/\"}]}<\/script>\n<!-- \/ Yoast SEO plugin. -->","yoast_head_json":{"title":"Petit-d\u00e9jeuner camerounais\u202f: entre tradition, partage et passion culinaire - Bobea","robots":{"index":"index","follow":"follow","max-snippet":"max-snippet:-1","max-image-preview":"max-image-preview:large","max-video-preview":"max-video-preview:-1"},"canonical":"https:\/\/bobea.net\/index.php\/2025\/07\/22\/petit-dejeuner-camerounais-entre-tradition-partage-et-passion-culinaire\/","og_locale":"fr_FR","og_type":"article","og_title":"Petit-d\u00e9jeuner camerounais\u202f: entre tradition, partage et passion culinaire - Bobea","og_description":"La richesse du petit-d\u00e9je\u00aduner camer\u00adounais L\u2019aurore au Camer\u00adoun s\u2019accompagne de par\u00adfums puis\u00adsants, de plats con\u00adsis\u00adtants et de l\u2019ambiance vibrante des march\u00e9s. Le petit-d\u00e9je\u00aduner, bien loin d\u2019un sim\u00adple caf\u00e9-crois\u00adsant, s\u2019affirme comme&hellip;","og_url":"https:\/\/bobea.net\/index.php\/2025\/07\/22\/petit-dejeuner-camerounais-entre-tradition-partage-et-passion-culinaire\/","og_site_name":"Bobea","article_publisher":"https:\/\/web.facebook.com\/profile.php?id=61559252188416","article_published_time":"2025-07-22T15:34:51+00:00","article_modified_time":"2025-07-22T15:34:53+00:00","og_image":[{"width":1024,"height":682,"url":"https:\/\/bobea.net\/wp-content\/uploads\/2025\/07\/WhatsApp-Image-2025-04-22-a-19.39.38_871b984e-1024x682-1.jpg","type":"image\/jpeg"}],"author":"bobea.info","twitter_card":"summary_large_image","twitter_misc":{"\u00c9crit par":"bobea.info","Dur\u00e9e de lecture estim\u00e9e":"3 minutes"},"schema":{"@context":"https:\/\/schema.org","@graph":[{"@type":"Article","@id":"https:\/\/bobea.net\/index.php\/2025\/07\/22\/petit-dejeuner-camerounais-entre-tradition-partage-et-passion-culinaire\/#article","isPartOf":{"@id":"https:\/\/bobea.net\/index.php\/2025\/07\/22\/petit-dejeuner-camerounais-entre-tradition-partage-et-passion-culinaire\/"},"author":{"name":"bobea.info","@id":"https:\/\/bobea.net\/#\/schema\/person\/e7f45ef187918d7c956bf619dce90ccf"},"headline":"Petit-d\u00e9jeuner camerounais\u202f: entre tradition, partage et passion culinaire","datePublished":"2025-07-22T15:34:51+00:00","dateModified":"2025-07-22T15:34:53+00:00","mainEntityOfPage":{"@id":"https:\/\/bobea.net\/index.php\/2025\/07\/22\/petit-dejeuner-camerounais-entre-tradition-partage-et-passion-culinaire\/"},"wordCount":404,"commentCount":0,"publisher":{"@id":"https:\/\/bobea.net\/#organization"},"image":{"@id":"https:\/\/bobea.net\/index.php\/2025\/07\/22\/petit-dejeuner-camerounais-entre-tradition-partage-et-passion-culinaire\/#primaryimage"},"thumbnailUrl":"https:\/\/bobea.net\/wp-content\/uploads\/2025\/07\/WhatsApp-Image-2025-04-22-a-19.39.38_871b984e-1024x682-1.jpg","articleSection":["Cuisine"],"inLanguage":"fr-FR","potentialAction":[{"@type":"CommentAction","name":"Comment","target":["https:\/\/bobea.net\/index.php\/2025\/07\/22\/petit-dejeuner-camerounais-entre-tradition-partage-et-passion-culinaire\/#respond"]}]},{"@type":"WebPage","@id":"https:\/\/bobea.net\/index.php\/2025\/07\/22\/petit-dejeuner-camerounais-entre-tradition-partage-et-passion-culinaire\/","url":"https:\/\/bobea.net\/index.php\/2025\/07\/22\/petit-dejeuner-camerounais-entre-tradition-partage-et-passion-culinaire\/","name":"Petit-d\u00e9jeuner camerounais\u202f: entre tradition, partage et passion culinaire - Bobea","isPartOf":{"@id":"https:\/\/bobea.net\/#website"},"primaryImageOfPage":{"@id":"https:\/\/bobea.net\/index.php\/2025\/07\/22\/petit-dejeuner-camerounais-entre-tradition-partage-et-passion-culinaire\/#primaryimage"},"image":{"@id":"https:\/\/bobea.net\/index.php\/2025\/07\/22\/petit-dejeuner-camerounais-entre-tradition-partage-et-passion-culinaire\/#primaryimage"},"thumbnailUrl":"https:\/\/bobea.net\/wp-content\/uploads\/2025\/07\/WhatsApp-Image-2025-04-22-a-19.39.38_871b984e-1024x682-1.jpg","datePublished":"2025-07-22T15:34:51+00:00","dateModified":"2025-07-22T15:34:53+00:00","breadcrumb":{"@id":"https:\/\/bobea.net\/index.php\/2025\/07\/22\/petit-dejeuner-camerounais-entre-tradition-partage-et-passion-culinaire\/#breadcrumb"},"inLanguage":"fr-FR","potentialAction":[{"@type":"ReadAction","target":["https:\/\/bobea.net\/index.php\/2025\/07\/22\/petit-dejeuner-camerounais-entre-tradition-partage-et-passion-culinaire\/"]}]},{"@type":"ImageObject","inLanguage":"fr-FR","@id":"https:\/\/bobea.net\/index.php\/2025\/07\/22\/petit-dejeuner-camerounais-entre-tradition-partage-et-passion-culinaire\/#primaryimage","url":"https:\/\/bobea.net\/wp-content\/uploads\/2025\/07\/WhatsApp-Image-2025-04-22-a-19.39.38_871b984e-1024x682-1.jpg","contentUrl":"https:\/\/bobea.net\/wp-content\/uploads\/2025\/07\/WhatsApp-Image-2025-04-22-a-19.39.38_871b984e-1024x682-1.jpg","width":1024,"height":682},{"@type":"BreadcrumbList","@id":"https:\/\/bobea.net\/index.php\/2025\/07\/22\/petit-dejeuner-camerounais-entre-tradition-partage-et-passion-culinaire\/#breadcrumb","itemListElement":[{"@type":"ListItem","position":1,"name":"Accueil","item":"https:\/\/bobea.net\/"},{"@type":"ListItem","position":2,"name":"Petit-d\u00e9jeuner camerounais\u202f: entre tradition, partage et passion culinaire"}]},{"@type":"WebSite","@id":"https:\/\/bobea.net\/#website","url":"https:\/\/bobea.net\/","name":"Bobea","description":"Le magazine de la nouvelle \u00c8ve","publisher":{"@id":"https:\/\/bobea.net\/#organization"},"potentialAction":[{"@type":"SearchAction","target":{"@type":"EntryPoint","urlTemplate":"https:\/\/bobea.net\/?s={search_term_string}"},"query-input":{"@type":"PropertyValueSpecification","valueRequired":true,"valueName":"search_term_string"}}],"inLanguage":"fr-FR"},{"@type":"Organization","@id":"https:\/\/bobea.net\/#organization","name":"Bobea","url":"https:\/\/bobea.net\/","logo":{"@type":"ImageObject","inLanguage":"fr-FR","@id":"https:\/\/bobea.net\/#\/schema\/logo\/image\/","url":"https:\/\/bobea.net\/wp-content\/uploads\/2024\/06\/bobea.jpg","contentUrl":"https:\/\/bobea.net\/wp-content\/uploads\/2024\/06\/bobea.jpg","width":1080,"height":1080,"caption":"Bobea"},"image":{"@id":"https:\/\/bobea.net\/#\/schema\/logo\/image\/"},"sameAs":["https:\/\/web.facebook.com\/profile.php?id=61559252188416"]},{"@type":"Person","@id":"https:\/\/bobea.net\/#\/schema\/person\/e7f45ef187918d7c956bf619dce90ccf","name":"bobea.info","image":{"@type":"ImageObject","inLanguage":"fr-FR","@id":"https:\/\/bobea.net\/#\/schema\/person\/image\/","url":"https:\/\/secure.gravatar.com\/avatar\/36147980349df887ae30808df3e29474?s=96&d=mm&r=g","contentUrl":"https:\/\/secure.gravatar.com\/avatar\/36147980349df887ae30808df3e29474?s=96&d=mm&r=g","caption":"bobea.info"},"sameAs":["https:\/\/bobea.net"],"url":"https:\/\/bobea.net\/index.php\/author\/bobea-info\/"}]}},"_links":{"self":[{"href":"https:\/\/bobea.net\/index.php\/wp-json\/wp\/v2\/posts\/21686"}],"collection":[{"href":"https:\/\/bobea.net\/index.php\/wp-json\/wp\/v2\/posts"}],"about":[{"href":"https:\/\/bobea.net\/index.php\/wp-json\/wp\/v2\/types\/post"}],"author":[{"embeddable":true,"href":"https:\/\/bobea.net\/index.php\/wp-json\/wp\/v2\/users\/1"}],"replies":[{"embeddable":true,"href":"https:\/\/bobea.net\/index.php\/wp-json\/wp\/v2\/comments?post=21686"}],"version-history":[{"count":1,"href":"https:\/\/bobea.net\/index.php\/wp-json\/wp\/v2\/posts\/21686\/revisions"}],"predecessor-version":[{"id":21689,"href":"https:\/\/bobea.net\/index.php\/wp-json\/wp\/v2\/posts\/21686\/revisions\/21689"}],"wp:featuredmedia":[{"embeddable":true,"href":"https:\/\/bobea.net\/index.php\/wp-json\/wp\/v2\/media\/21688"}],"wp:attachment":[{"href":"https:\/\/bobea.net\/index.php\/wp-json\/wp\/v2\/media?parent=21686"}],"wp:term":[{"taxonomy":"category","embeddable":true,"href":"https:\/\/bobea.net\/index.php\/wp-json\/wp\/v2\/categories?post=21686"},{"taxonomy":"post_tag","embeddable":true,"href":"https:\/\/bobea.net\/index.php\/wp-json\/wp\/v2\/tags?post=21686"}],"curies":[{"name":"wp","href":"https:\/\/api.w.org\/{rel}","templated":true}]}}