{"id":21674,"date":"2025-07-22T15:12:29","date_gmt":"2025-07-22T15:12:29","guid":{"rendered":"https:\/\/bobea.net\/?p=21674"},"modified":"2025-07-22T15:12:31","modified_gmt":"2025-07-22T15:12:31","slug":"je-veux-3-enfants-il-en-veut-6-comment-concilier-desirs-et-realites-familiales","status":"publish","type":"post","link":"https:\/\/bobea.net\/index.php\/2025\/07\/22\/je-veux-3-enfants-il-en-veut-6-comment-concilier-desirs-et-realites-familiales\/","title":{"rendered":"Je veux 3 enfants, il en veut 6\u202f! Comment concilier d\u00e9sirs et r\u00e9alit\u00e9s familiales ?"},"content":{"rendered":"\n<p>L\u2019\u00e9cart des d\u00e9sirs parentaux, un ter\u00adrain d\u00e9li\u00adcat<\/p>\n\n\n\n<p>Dans de nom\u00adbreux cou\u00adples, la ques\u00adtion du nom\u00adbre d\u2019enfants r\u00e9v\u00e8le des aspi\u00adra\u00adtions par\u00adfois oppos\u00e9es. Tan\u00addis que cer\u00adtains souhait\u00adent ne pas d\u00e9pass\u00ader trois enfants pour des raisons \u00e9conomiques, pro\u00adfes\u00adsion\u00adnelles ou \u00e9cologiques, d\u2019autres r\u00eavent de familles nom\u00adbreuses par h\u00e9ritage cul\u00adturel ou d\u00e9sir per\u00adson\u00adnel fort. Com\u00adment trou\u00adver un ter\u00adrain d\u2019entente dans ce qui est aus\u00adsi une affaire d\u2019\u00e9motions et de pro\u00adjets de vie ?<\/p>\n\n\n\n<p>Com\u00adpren\u00addre les moti\u00adva\u00adtions pro\u00adfondes<\/p>\n\n\n\n<ul class=\"wp-block-list\">\n<li><strong>Le r\u00f4le des orig\u00adines cul\u00adturelles et sociales<\/strong>&nbsp;: En Europe, la ten\u00addance au \u201cpetit foy\u00ader\u201d domine, tan\u00addis que dans cer\u00adtaines com\u00admu\u00adnaut\u00e9s, la famille nom\u00adbreuse reste un signe d\u2019abondance et de sol\u00adi\u00addar\u00adit\u00e9.<\/li>\n\n\n\n<li><strong>Fac\u00adteurs \u00e9conomiques<\/strong>&nbsp;: bud\u00adget, car\u00adri\u00e8res, loge\u00adment, \u00e9quili\u00adbre tra\u00advail-vie per\u00adson\u00adnelle impactent la d\u00e9ci\u00adsion.<\/li>\n\n\n\n<li><strong>Valeurs et pro\u00adjets per\u00adson\u00adnels<\/strong>&nbsp;: d\u00e9sir de trans\u00admis\u00adsion, rap\u00adport \u00e0 la parental\u00adit\u00e9, crainte de l\u2019\u00e9puisement ou au con\u00adtraire, envie de foy\u00ader dynamique.<\/li>\n<\/ul>\n\n\n\n<figure class=\"wp-block-image size-full is-resized\"><img loading=\"lazy\" decoding=\"async\" width=\"530\" height=\"402\" src=\"https:\/\/bobea.net\/wp-content\/uploads\/2025\/07\/ob_e3c6c6_blog-maman-picou-bulle-avoir-3-enfants.png\" alt class=\"wp-image-21675\" style=\"width:840px;height:auto\" srcset=\"https:\/\/bobea.net\/wp-content\/uploads\/2025\/07\/ob_e3c6c6_blog-maman-picou-bulle-avoir-3-enfants.png 530w, https:\/\/bobea.net\/wp-content\/uploads\/2025\/07\/ob_e3c6c6_blog-maman-picou-bulle-avoir-3-enfants-300x228.png 300w\" sizes=\"(max-width: 530px) 100vw, 530px\"><\/figure>\n\n\n\n<p>La com\u00admu\u00adni\u00adca\u00adtion comme clef du dia\u00adlogue<\/p>\n\n\n\n<p>Bobea.net souligne l\u2019importance d\u2019une com\u00admu\u00adni\u00adca\u00adtion sinc\u00e8re et respectueuse entre parte\u00adnaires pour explor\u00ader ces dif\u00adf\u00e9rences. L\u2019\u00e9coute active, la recon\u00adnais\u00adsance des besoins de l\u2019autre et la recherche de com\u00adpro\u00admis \u00e9vi\u00adtent con\u00adflits et incom\u00adpr\u00e9hen\u00adsions pro\u00adfondes.<\/p>\n\n\n\n<p>Sc\u00e9\u00adnar\u00adios pour con\u00adjuguer attentes diver\u00adgentes<\/p>\n\n\n\n<ul class=\"wp-block-list\">\n<li><strong>Accorder la pri\u00ador\u00adit\u00e9 \u00e0 la qual\u00adit\u00e9 de vie famil\u00adiale<\/strong>&nbsp;: priv\u00adil\u00e9gi\u00ader un nom\u00adbre d\u2019enfants com\u00adpat\u00adi\u00adble avec un bon \u00e9quili\u00adbre.<\/li>\n\n\n\n<li><strong>Plan\u00adi\u00adfi\u00ader sur le long terme<\/strong>&nbsp;: garder la porte ouverte pour un change\u00adment d\u2019avis.<\/li>\n\n\n\n<li><strong>Val\u00adoris\u00ader les autres formes de parental\u00adit\u00e9<\/strong>&nbsp;: adop\u00adtion, accueil famil\u00adial, parental\u00adit\u00e9 \u00e9largie.<\/li>\n\n\n\n<li><strong>Sou\u00adtien ext\u00e9rieur<\/strong>&nbsp;: con\u00adsul\u00adta\u00adtion de pro\u00adfes\u00adsion\u00adnels (th\u00e9rapeutes, con\u00adseillers con\u00adju\u00adgaux) pour accom\u00adpa\u00adg\u00adn\u00ader la r\u00e9flex\u00adion.<\/li>\n<\/ul>\n\n\n\n<p>L\u2019appel au respect des choix indi\u00advidu\u00adels<\/p>\n\n\n\n<p>Dans une soci\u00e9t\u00e9 mod\u00aderne, la lib\u00adert\u00e9 repro\u00adduc\u00adtive et la capac\u00adit\u00e9 \u00e0 faire des choix \u00e9clair\u00e9s doivent pr\u00e9\u00adval\u00adoir. Le cou\u00adple, en nav\u00adiguant entre ses dif\u00adf\u00e9rences, con\u00adstru\u00adit sa pro\u00adpre d\u00e9f\u00adi\u00adni\u00adtion de la parental\u00adit\u00e9 heureuse.<\/p>\n\n\n\n<p><a href=\"https:\/\/mysmartcontent.co\/le-format-long-dans-la-redaction-de-contenus-avantages-et-meilleures-pratiques\/\" target=\"_blank\" rel=\"noreferrer noopener\"><\/a><\/p>\n","protected":false},"excerpt":{"rendered":"<p>L\u2019\u00e9cart des d\u00e9sirs parentaux, un ter\u00adrain d\u00e9li\u00adcat Dans de nom\u00adbreux cou\u00adples, la ques\u00adtion du nom\u00adbre d\u2019enfants r\u00e9v\u00e8le des aspi\u00adra\u00adtions par\u00adfois oppos\u00e9es. Tan\u00addis que cer\u00adtains souhait\u00adent ne pas d\u00e9pass\u00ader trois enfants\u2026 <\/p>\n","protected":false},"author":1,"featured_media":21676,"comment_status":"open","ping_status":"closed","sticky":false,"template":"","format":"standard","meta":{"wp_typography_post_enhancements_disabled":false,"footnotes":""},"categories":[73],"tags":[],"class_list":["post-21674","post","type-post","status-publish","format-standard","has-post-thumbnail","hentry","category-on-en-parle"],"yoast_head":"<!-- This site is optimized with the Yoast SEO plugin v24.7 - https:\/\/yoast.com\/wordpress\/plugins\/seo\/ -->\n<title>Je veux 3 enfants, il en veut 6\u202f! Comment concilier d\u00e9sirs et r\u00e9alit\u00e9s familiales ? - Bobea<\/title>\n<meta name=\"description\" content=\"Dans une soci\u00e9t\u00e9 moderne, la libert\u00e9 reproductive et la capacit\u00e9 \u00e0 faire des choix \u00e9clair\u00e9s doivent pr\u00e9valoir.\" \/>\n<meta name=\"robots\" content=\"index, follow, max-snippet:-1, max-image-preview:large, max-video-preview:-1\" \/>\n<link rel=\"canonical\" href=\"https:\/\/bobea.net\/index.php\/2025\/07\/22\/je-veux-3-enfants-il-en-veut-6-comment-concilier-desirs-et-realites-familiales\/\" \/>\n<meta property=\"og:locale\" content=\"fr_FR\" \/>\n<meta property=\"og:type\" content=\"article\" \/>\n<meta property=\"og:title\" content=\"Je veux 3 enfants, il en veut 6\u202f! Comment concilier d\u00e9sirs et r\u00e9alit\u00e9s familiales ? - Bobea\" \/>\n<meta property=\"og:description\" content=\"Dans une soci\u00e9t\u00e9 moderne, la libert\u00e9 reproductive et la capacit\u00e9 \u00e0 faire des choix \u00e9clair\u00e9s doivent pr\u00e9valoir.\" \/>\n<meta property=\"og:url\" content=\"https:\/\/bobea.net\/index.php\/2025\/07\/22\/je-veux-3-enfants-il-en-veut-6-comment-concilier-desirs-et-realites-familiales\/\" \/>\n<meta property=\"og:site_name\" content=\"Bobea\" \/>\n<meta property=\"article:publisher\" content=\"https:\/\/web.facebook.com\/profile.php?id=61559252188416\" \/>\n<meta property=\"article:published_time\" content=\"2025-07-22T15:12:29+00:00\" \/>\n<meta property=\"article:modified_time\" content=\"2025-07-22T15:12:31+00:00\" \/>\n<meta property=\"og:image\" content=\"https:\/\/bobea.net\/wp-content\/uploads\/2025\/07\/famille_1.jpg\" \/>\n\t<meta property=\"og:image:width\" content=\"590\" \/>\n\t<meta property=\"og:image:height\" content=\"332\" \/>\n\t<meta property=\"og:image:type\" content=\"image\/jpeg\" \/>\n<meta name=\"author\" content=\"bobea.info\" \/>\n<meta name=\"twitter:card\" content=\"summary_large_image\" \/>\n<meta name=\"twitter:label1\" content=\"\u00c9crit par\" \/>\n\t<meta name=\"twitter:data1\" content=\"bobea.info\" \/>\n\t<meta name=\"twitter:label2\" content=\"Dur\u00e9e de lecture estim\u00e9e\" \/>\n\t<meta name=\"twitter:data2\" content=\"2 minutes\" \/>\n<script type=\"application\/ld+json\" class=\"yoast-schema-graph\">{\"@context\":\"https:\/\/schema.org\",\"@graph\":[{\"@type\":\"Article\",\"@id\":\"https:\/\/bobea.net\/index.php\/2025\/07\/22\/je-veux-3-enfants-il-en-veut-6-comment-concilier-desirs-et-realites-familiales\/#article\",\"isPartOf\":{\"@id\":\"https:\/\/bobea.net\/index.php\/2025\/07\/22\/je-veux-3-enfants-il-en-veut-6-comment-concilier-desirs-et-realites-familiales\/\"},\"author\":{\"name\":\"bobea.info\",\"@id\":\"https:\/\/bobea.net\/#\/schema\/person\/e7f45ef187918d7c956bf619dce90ccf\"},\"headline\":\"Je veux 3 enfants, il en veut 6\u202f! Comment concilier d\u00e9sirs et r\u00e9alit\u00e9s familiales ?\",\"datePublished\":\"2025-07-22T15:12:29+00:00\",\"dateModified\":\"2025-07-22T15:12:31+00:00\",\"mainEntityOfPage\":{\"@id\":\"https:\/\/bobea.net\/index.php\/2025\/07\/22\/je-veux-3-enfants-il-en-veut-6-comment-concilier-desirs-et-realites-familiales\/\"},\"wordCount\":322,\"commentCount\":0,\"publisher\":{\"@id\":\"https:\/\/bobea.net\/#organization\"},\"image\":{\"@id\":\"https:\/\/bobea.net\/index.php\/2025\/07\/22\/je-veux-3-enfants-il-en-veut-6-comment-concilier-desirs-et-realites-familiales\/#primaryimage\"},\"thumbnailUrl\":\"https:\/\/bobea.net\/wp-content\/uploads\/2025\/07\/famille_1.jpg\",\"articleSection\":[\"On en Parle\"],\"inLanguage\":\"fr-FR\",\"potentialAction\":[{\"@type\":\"CommentAction\",\"name\":\"Comment\",\"target\":[\"https:\/\/bobea.net\/index.php\/2025\/07\/22\/je-veux-3-enfants-il-en-veut-6-comment-concilier-desirs-et-realites-familiales\/#respond\"]}]},{\"@type\":\"WebPage\",\"@id\":\"https:\/\/bobea.net\/index.php\/2025\/07\/22\/je-veux-3-enfants-il-en-veut-6-comment-concilier-desirs-et-realites-familiales\/\",\"url\":\"https:\/\/bobea.net\/index.php\/2025\/07\/22\/je-veux-3-enfants-il-en-veut-6-comment-concilier-desirs-et-realites-familiales\/\",\"name\":\"Je veux 3 enfants, il en veut 6\u202f! Comment concilier d\u00e9sirs et r\u00e9alit\u00e9s familiales ? - Bobea\",\"isPartOf\":{\"@id\":\"https:\/\/bobea.net\/#website\"},\"primaryImageOfPage\":{\"@id\":\"https:\/\/bobea.net\/index.php\/2025\/07\/22\/je-veux-3-enfants-il-en-veut-6-comment-concilier-desirs-et-realites-familiales\/#primaryimage\"},\"image\":{\"@id\":\"https:\/\/bobea.net\/index.php\/2025\/07\/22\/je-veux-3-enfants-il-en-veut-6-comment-concilier-desirs-et-realites-familiales\/#primaryimage\"},\"thumbnailUrl\":\"https:\/\/bobea.net\/wp-content\/uploads\/2025\/07\/famille_1.jpg\",\"datePublished\":\"2025-07-22T15:12:29+00:00\",\"dateModified\":\"2025-07-22T15:12:31+00:00\",\"description\":\"Dans une soci\u00e9t\u00e9 moderne, la libert\u00e9 reproductive et la capacit\u00e9 \u00e0 faire des choix \u00e9clair\u00e9s doivent pr\u00e9valoir.\",\"breadcrumb\":{\"@id\":\"https:\/\/bobea.net\/index.php\/2025\/07\/22\/je-veux-3-enfants-il-en-veut-6-comment-concilier-desirs-et-realites-familiales\/#breadcrumb\"},\"inLanguage\":\"fr-FR\",\"potentialAction\":[{\"@type\":\"ReadAction\",\"target\":[\"https:\/\/bobea.net\/index.php\/2025\/07\/22\/je-veux-3-enfants-il-en-veut-6-comment-concilier-desirs-et-realites-familiales\/\"]}]},{\"@type\":\"ImageObject\",\"inLanguage\":\"fr-FR\",\"@id\":\"https:\/\/bobea.net\/index.php\/2025\/07\/22\/je-veux-3-enfants-il-en-veut-6-comment-concilier-desirs-et-realites-familiales\/#primaryimage\",\"url\":\"https:\/\/bobea.net\/wp-content\/uploads\/2025\/07\/famille_1.jpg\",\"contentUrl\":\"https:\/\/bobea.net\/wp-content\/uploads\/2025\/07\/famille_1.jpg\",\"width\":590,\"height\":332},{\"@type\":\"BreadcrumbList\",\"@id\":\"https:\/\/bobea.net\/index.php\/2025\/07\/22\/je-veux-3-enfants-il-en-veut-6-comment-concilier-desirs-et-realites-familiales\/#breadcrumb\",\"itemListElement\":[{\"@type\":\"ListItem\",\"position\":1,\"name\":\"Accueil\",\"item\":\"https:\/\/bobea.net\/\"},{\"@type\":\"ListItem\",\"position\":2,\"name\":\"Je veux 3 enfants, il en veut 6\u202f! Comment concilier d\u00e9sirs et r\u00e9alit\u00e9s familiales ?\"}]},{\"@type\":\"WebSite\",\"@id\":\"https:\/\/bobea.net\/#website\",\"url\":\"https:\/\/bobea.net\/\",\"name\":\"Bobea\",\"description\":\"Le magazine de la nouvelle \u00c8ve\",\"publisher\":{\"@id\":\"https:\/\/bobea.net\/#organization\"},\"potentialAction\":[{\"@type\":\"SearchAction\",\"target\":{\"@type\":\"EntryPoint\",\"urlTemplate\":\"https:\/\/bobea.net\/?s={search_term_string}\"},\"query-input\":{\"@type\":\"PropertyValueSpecification\",\"valueRequired\":true,\"valueName\":\"search_term_string\"}}],\"inLanguage\":\"fr-FR\"},{\"@type\":\"Organization\",\"@id\":\"https:\/\/bobea.net\/#organization\",\"name\":\"Bobea\",\"url\":\"https:\/\/bobea.net\/\",\"logo\":{\"@type\":\"ImageObject\",\"inLanguage\":\"fr-FR\",\"@id\":\"https:\/\/bobea.net\/#\/schema\/logo\/image\/\",\"url\":\"https:\/\/bobea.net\/wp-content\/uploads\/2024\/06\/bobea.jpg\",\"contentUrl\":\"https:\/\/bobea.net\/wp-content\/uploads\/2024\/06\/bobea.jpg\",\"width\":1080,\"height\":1080,\"caption\":\"Bobea\"},\"image\":{\"@id\":\"https:\/\/bobea.net\/#\/schema\/logo\/image\/\"},\"sameAs\":[\"https:\/\/web.facebook.com\/profile.php?id=61559252188416\"]},{\"@type\":\"Person\",\"@id\":\"https:\/\/bobea.net\/#\/schema\/person\/e7f45ef187918d7c956bf619dce90ccf\",\"name\":\"bobea.info\",\"image\":{\"@type\":\"ImageObject\",\"inLanguage\":\"fr-FR\",\"@id\":\"https:\/\/bobea.net\/#\/schema\/person\/image\/\",\"url\":\"https:\/\/secure.gravatar.com\/avatar\/36147980349df887ae30808df3e29474?s=96&d=mm&r=g\",\"contentUrl\":\"https:\/\/secure.gravatar.com\/avatar\/36147980349df887ae30808df3e29474?s=96&d=mm&r=g\",\"caption\":\"bobea.info\"},\"sameAs\":[\"https:\/\/bobea.net\"],\"url\":\"https:\/\/bobea.net\/index.php\/author\/bobea-info\/\"}]}<\/script>\n<!-- \/ Yoast SEO plugin. -->","yoast_head_json":{"title":"Je veux 3 enfants, il en veut 6\u202f! Comment concilier d\u00e9sirs et r\u00e9alit\u00e9s familiales ? - Bobea","description":"Dans une soci\u00e9t\u00e9 moderne, la libert\u00e9 reproductive et la capacit\u00e9 \u00e0 faire des choix \u00e9clair\u00e9s doivent pr\u00e9valoir.","robots":{"index":"index","follow":"follow","max-snippet":"max-snippet:-1","max-image-preview":"max-image-preview:large","max-video-preview":"max-video-preview:-1"},"canonical":"https:\/\/bobea.net\/index.php\/2025\/07\/22\/je-veux-3-enfants-il-en-veut-6-comment-concilier-desirs-et-realites-familiales\/","og_locale":"fr_FR","og_type":"article","og_title":"Je veux 3 enfants, il en veut 6\u202f! Comment concilier d\u00e9sirs et r\u00e9alit\u00e9s familiales ? - Bobea","og_description":"Dans une soci\u00e9t\u00e9 moderne, la libert\u00e9 reproductive et la capacit\u00e9 \u00e0 faire des choix \u00e9clair\u00e9s doivent pr\u00e9valoir.","og_url":"https:\/\/bobea.net\/index.php\/2025\/07\/22\/je-veux-3-enfants-il-en-veut-6-comment-concilier-desirs-et-realites-familiales\/","og_site_name":"Bobea","article_publisher":"https:\/\/web.facebook.com\/profile.php?id=61559252188416","article_published_time":"2025-07-22T15:12:29+00:00","article_modified_time":"2025-07-22T15:12:31+00:00","og_image":[{"width":590,"height":332,"url":"https:\/\/bobea.net\/wp-content\/uploads\/2025\/07\/famille_1.jpg","type":"image\/jpeg"}],"author":"bobea.info","twitter_card":"summary_large_image","twitter_misc":{"\u00c9crit par":"bobea.info","Dur\u00e9e de lecture estim\u00e9e":"2 minutes"},"schema":{"@context":"https:\/\/schema.org","@graph":[{"@type":"Article","@id":"https:\/\/bobea.net\/index.php\/2025\/07\/22\/je-veux-3-enfants-il-en-veut-6-comment-concilier-desirs-et-realites-familiales\/#article","isPartOf":{"@id":"https:\/\/bobea.net\/index.php\/2025\/07\/22\/je-veux-3-enfants-il-en-veut-6-comment-concilier-desirs-et-realites-familiales\/"},"author":{"name":"bobea.info","@id":"https:\/\/bobea.net\/#\/schema\/person\/e7f45ef187918d7c956bf619dce90ccf"},"headline":"Je veux 3 enfants, il en veut 6\u202f! Comment concilier d\u00e9sirs et r\u00e9alit\u00e9s familiales ?","datePublished":"2025-07-22T15:12:29+00:00","dateModified":"2025-07-22T15:12:31+00:00","mainEntityOfPage":{"@id":"https:\/\/bobea.net\/index.php\/2025\/07\/22\/je-veux-3-enfants-il-en-veut-6-comment-concilier-desirs-et-realites-familiales\/"},"wordCount":322,"commentCount":0,"publisher":{"@id":"https:\/\/bobea.net\/#organization"},"image":{"@id":"https:\/\/bobea.net\/index.php\/2025\/07\/22\/je-veux-3-enfants-il-en-veut-6-comment-concilier-desirs-et-realites-familiales\/#primaryimage"},"thumbnailUrl":"https:\/\/bobea.net\/wp-content\/uploads\/2025\/07\/famille_1.jpg","articleSection":["On en Parle"],"inLanguage":"fr-FR","potentialAction":[{"@type":"CommentAction","name":"Comment","target":["https:\/\/bobea.net\/index.php\/2025\/07\/22\/je-veux-3-enfants-il-en-veut-6-comment-concilier-desirs-et-realites-familiales\/#respond"]}]},{"@type":"WebPage","@id":"https:\/\/bobea.net\/index.php\/2025\/07\/22\/je-veux-3-enfants-il-en-veut-6-comment-concilier-desirs-et-realites-familiales\/","url":"https:\/\/bobea.net\/index.php\/2025\/07\/22\/je-veux-3-enfants-il-en-veut-6-comment-concilier-desirs-et-realites-familiales\/","name":"Je veux 3 enfants, il en veut 6\u202f! Comment concilier d\u00e9sirs et r\u00e9alit\u00e9s familiales ? - Bobea","isPartOf":{"@id":"https:\/\/bobea.net\/#website"},"primaryImageOfPage":{"@id":"https:\/\/bobea.net\/index.php\/2025\/07\/22\/je-veux-3-enfants-il-en-veut-6-comment-concilier-desirs-et-realites-familiales\/#primaryimage"},"image":{"@id":"https:\/\/bobea.net\/index.php\/2025\/07\/22\/je-veux-3-enfants-il-en-veut-6-comment-concilier-desirs-et-realites-familiales\/#primaryimage"},"thumbnailUrl":"https:\/\/bobea.net\/wp-content\/uploads\/2025\/07\/famille_1.jpg","datePublished":"2025-07-22T15:12:29+00:00","dateModified":"2025-07-22T15:12:31+00:00","description":"Dans une soci\u00e9t\u00e9 moderne, la libert\u00e9 reproductive et la capacit\u00e9 \u00e0 faire des choix \u00e9clair\u00e9s doivent pr\u00e9valoir.","breadcrumb":{"@id":"https:\/\/bobea.net\/index.php\/2025\/07\/22\/je-veux-3-enfants-il-en-veut-6-comment-concilier-desirs-et-realites-familiales\/#breadcrumb"},"inLanguage":"fr-FR","potentialAction":[{"@type":"ReadAction","target":["https:\/\/bobea.net\/index.php\/2025\/07\/22\/je-veux-3-enfants-il-en-veut-6-comment-concilier-desirs-et-realites-familiales\/"]}]},{"@type":"ImageObject","inLanguage":"fr-FR","@id":"https:\/\/bobea.net\/index.php\/2025\/07\/22\/je-veux-3-enfants-il-en-veut-6-comment-concilier-desirs-et-realites-familiales\/#primaryimage","url":"https:\/\/bobea.net\/wp-content\/uploads\/2025\/07\/famille_1.jpg","contentUrl":"https:\/\/bobea.net\/wp-content\/uploads\/2025\/07\/famille_1.jpg","width":590,"height":332},{"@type":"BreadcrumbList","@id":"https:\/\/bobea.net\/index.php\/2025\/07\/22\/je-veux-3-enfants-il-en-veut-6-comment-concilier-desirs-et-realites-familiales\/#breadcrumb","itemListElement":[{"@type":"ListItem","position":1,"name":"Accueil","item":"https:\/\/bobea.net\/"},{"@type":"ListItem","position":2,"name":"Je veux 3 enfants, il en veut 6\u202f! Comment concilier d\u00e9sirs et r\u00e9alit\u00e9s familiales ?"}]},{"@type":"WebSite","@id":"https:\/\/bobea.net\/#website","url":"https:\/\/bobea.net\/","name":"Bobea","description":"Le magazine de la nouvelle \u00c8ve","publisher":{"@id":"https:\/\/bobea.net\/#organization"},"potentialAction":[{"@type":"SearchAction","target":{"@type":"EntryPoint","urlTemplate":"https:\/\/bobea.net\/?s={search_term_string}"},"query-input":{"@type":"PropertyValueSpecification","valueRequired":true,"valueName":"search_term_string"}}],"inLanguage":"fr-FR"},{"@type":"Organization","@id":"https:\/\/bobea.net\/#organization","name":"Bobea","url":"https:\/\/bobea.net\/","logo":{"@type":"ImageObject","inLanguage":"fr-FR","@id":"https:\/\/bobea.net\/#\/schema\/logo\/image\/","url":"https:\/\/bobea.net\/wp-content\/uploads\/2024\/06\/bobea.jpg","contentUrl":"https:\/\/bobea.net\/wp-content\/uploads\/2024\/06\/bobea.jpg","width":1080,"height":1080,"caption":"Bobea"},"image":{"@id":"https:\/\/bobea.net\/#\/schema\/logo\/image\/"},"sameAs":["https:\/\/web.facebook.com\/profile.php?id=61559252188416"]},{"@type":"Person","@id":"https:\/\/bobea.net\/#\/schema\/person\/e7f45ef187918d7c956bf619dce90ccf","name":"bobea.info","image":{"@type":"ImageObject","inLanguage":"fr-FR","@id":"https:\/\/bobea.net\/#\/schema\/person\/image\/","url":"https:\/\/secure.gravatar.com\/avatar\/36147980349df887ae30808df3e29474?s=96&d=mm&r=g","contentUrl":"https:\/\/secure.gravatar.com\/avatar\/36147980349df887ae30808df3e29474?s=96&d=mm&r=g","caption":"bobea.info"},"sameAs":["https:\/\/bobea.net"],"url":"https:\/\/bobea.net\/index.php\/author\/bobea-info\/"}]}},"_links":{"self":[{"href":"https:\/\/bobea.net\/index.php\/wp-json\/wp\/v2\/posts\/21674"}],"collection":[{"href":"https:\/\/bobea.net\/index.php\/wp-json\/wp\/v2\/posts"}],"about":[{"href":"https:\/\/bobea.net\/index.php\/wp-json\/wp\/v2\/types\/post"}],"author":[{"embeddable":true,"href":"https:\/\/bobea.net\/index.php\/wp-json\/wp\/v2\/users\/1"}],"replies":[{"embeddable":true,"href":"https:\/\/bobea.net\/index.php\/wp-json\/wp\/v2\/comments?post=21674"}],"version-history":[{"count":1,"href":"https:\/\/bobea.net\/index.php\/wp-json\/wp\/v2\/posts\/21674\/revisions"}],"predecessor-version":[{"id":21677,"href":"https:\/\/bobea.net\/index.php\/wp-json\/wp\/v2\/posts\/21674\/revisions\/21677"}],"wp:featuredmedia":[{"embeddable":true,"href":"https:\/\/bobea.net\/index.php\/wp-json\/wp\/v2\/media\/21676"}],"wp:attachment":[{"href":"https:\/\/bobea.net\/index.php\/wp-json\/wp\/v2\/media?parent=21674"}],"wp:term":[{"taxonomy":"category","embeddable":true,"href":"https:\/\/bobea.net\/index.php\/wp-json\/wp\/v2\/categories?post=21674"},{"taxonomy":"post_tag","embeddable":true,"href":"https:\/\/bobea.net\/index.php\/wp-json\/wp\/v2\/tags?post=21674"}],"curies":[{"name":"wp","href":"https:\/\/api.w.org\/{rel}","templated":true}]}}