{"id":21549,"date":"2025-07-20T14:16:11","date_gmt":"2025-07-20T14:16:11","guid":{"rendered":"https:\/\/bobea.net\/?p=21549"},"modified":"2025-07-20T14:16:13","modified_gmt":"2025-07-20T14:16:13","slug":"les-expositions-dart-contemporain-immanquables-de-lete-2025-tendances-artistes-et-experiences-immersives","status":"publish","type":"post","link":"https:\/\/bobea.net\/index.php\/2025\/07\/20\/les-expositions-dart-contemporain-immanquables-de-lete-2025-tendances-artistes-et-experiences-immersives\/","title":{"rendered":"Les expositions d\u2019art contemporain immanquables de l\u2019\u00e9t\u00e9 2025 \u2014 Tendances, artistes et exp\u00e9riences immersives"},"content":{"rendered":"\n<p>L\u2019ann\u00e9e 2025 mar\u00adque une r\u00e9vo\u00adlu\u00adtion cul\u00adturelle \u00e0 Paris, Lon\u00addres, New York ou Tokyo, avec des expo\u00adsi\u00adtions d\u2019art con\u00adtem\u00adpo\u00adrain qui repoussent les fron\u00adti\u00e8res de la cr\u00e9a\u00adtiv\u00adit\u00e9 et de l\u2019engagement social. Les galeries et mus\u00e9es r\u00e9in\u00adven\u00adtent l\u2019exp\u00e9rience artis\u00adtique, tan\u00addis que les artistes femmes y occu\u00adpent une place gran\u00addis\u00adsante.<\/p>\n\n\n\n<p><strong>Les expo\u00adsi\u00adtions \u00e0 voir absol\u00adu\u00adment cet \u00e9t\u00e9<\/strong><\/p>\n\n\n\n<ul class=\"wp-block-list\">\n<li><strong>Street Art Rev\u00ado\u00adlu\u00adtion \u00e0 New York<\/strong>&nbsp;: Les \u0153uvres de Banksy, Shep\u00adard Fairey et de nom\u00adbreuses artistes pio\u00adnni\u00e8res don\u00adnent une nou\u00advelle voix \u00e0 la cul\u00adture urbaine, m\u00ealant engage\u00adment, humour et r\u00e9flex\u00adion sociale.<\/li>\n\n\n\n<li><strong>Immer\u00adsive Art Expe\u00adri\u00adence \u00e0 Lon\u00addres<\/strong>&nbsp;: Gr\u00e2ce \u00e0 la r\u00e9al\u00adit\u00e9 virtuelle, le pub\u00adlic plonge dans les univers sen\u00adsoriels d\u2019Anish Kapoor ou Mari\u00adna Abramovic ; une exp\u00e9ri\u00adence o\u00f9 l\u2019on devient acteur, voire cr\u00e9a\u00adtrice, de l\u2019\u0153uvre expos\u00e9e.<\/li>\n\n\n\n<li><strong>Eco-Art \u00e0 Paris<\/strong>&nbsp;: L\u2019art \u00e9cologique explose&nbsp;: instal\u00adla\u00adtions, sculp\u00adtures et pho\u00adtogra\u00adphie inter\u00adro\u00adgent notre rap\u00adport \u00e0 la nature, l\u2019urgence cli\u00adma\u00adtique et la respon\u00ads\u00adabil\u00adit\u00e9 col\u00adlec\u00adtive.<\/li>\n<\/ul>\n\n\n\n<p><strong>Des femmes cr\u00e9a\u00adtri\u00adces \u00e0 l\u2019avant-garde<\/strong><br>En 2025, les femmes artistes s\u2019imposent dans les grandes expo\u00adsi\u00adtions inter\u00adna\u00adtionales. Cindy Sher\u00adman pr\u00e9sente une r\u00e9tro\u00adspec\u00adtive foi\u00adson\u00adnante \u00e0 Berlin, tan\u00addis que Takashi Muraka\u00admi met \u00e0 l\u2019honneur les jeunes tal\u00adents japon\u00adais\u00ades lors de son expo \u00e0 Tokyo. L\u2019influence f\u00e9mi\u00adnine se ressent aus\u00adsi dans la pro\u00adgram\u00adma\u00adtion cura\u00adto\u00adri\u00adale et les th\u00e8mes soci\u00e9\u00adtaux abor\u00add\u00e9s.<\/p>\n\n\n\n<figure class=\"wp-block-image size-large\"><img loading=\"lazy\" decoding=\"async\" width=\"1024\" height=\"682\" src=\"https:\/\/bobea.net\/wp-content\/uploads\/2025\/07\/53562055324_d6aab78cee_o-1024x682.webp\" alt class=\"wp-image-21550\" srcset=\"https:\/\/bobea.net\/wp-content\/uploads\/2025\/07\/53562055324_d6aab78cee_o-1024x682.webp 1024w, https:\/\/bobea.net\/wp-content\/uploads\/2025\/07\/53562055324_d6aab78cee_o-300x200.webp 300w, https:\/\/bobea.net\/wp-content\/uploads\/2025\/07\/53562055324_d6aab78cee_o-768x512.webp 768w, https:\/\/bobea.net\/wp-content\/uploads\/2025\/07\/53562055324_d6aab78cee_o.webp 1280w\" sizes=\"(max-width: 1024px) 100vw, 1024px\"><\/figure>\n\n\n\n<p><strong>L\u2019impact des r\u00e9seaux soci\u00adaux et de la tech\u00adnolo\u00adgie<\/strong><br>L\u2019art con\u00adtem\u00adpo\u00adrain s\u2019exporte d\u00e9sor\u00admais sur Insta\u00adgram, Tik\u00adTok ou X&nbsp;: vernissages en direct, inter\u00adviews exclu\u00adsives, vis\u00adites inter\u00adac\u00adtives. Les mus\u00e9es encour\u00ada\u00adgent la co-cr\u00e9a\u00adtion et la par\u00adtic\u00adi\u00adpa\u00adtion au sein de la com\u00admu\u00adnaut\u00e9 mon\u00addi\u00adale des pas\u00adsion\u00adn\u00e9es d\u2019art. Les out\u00adils immer\u00adsifs (vid\u00e9os 360\u00b0, r\u00e9al\u00adit\u00e9 aug\u00admen\u00adt\u00e9e, NFT) font \u00e9merg\u00ader de nou\u00advelles formes d\u2019\u00e9motions partag\u00e9es.<\/p>\n\n\n\n<p><strong>Pourquoi ne pas par\u00adticiper active\u00adment&nbsp;?<\/strong><br>Assis\u00adter \u00e0 une expo n\u2019est plus con\u00adtem\u00adplatif&nbsp;: ate\u00adliers cr\u00e9at\u00adifs, d\u00e9bats sur place ou en ligne, impli\u00adcant les femmes dans toutes les \u00e9tapes du proces\u00adsus artis\u00adtique. Bobea encour\u00adage la vis\u00adite de ces lieux o\u00f9 la cr\u00e9a\u00adtiv\u00adit\u00e9 rime avec empow\u00ader\u00adment et ren\u00adcon\u00adtre.<\/p>\n\n\n\n<p><strong>Vers une cul\u00adture f\u00e9mi\u00adnine engag\u00e9e et inno\u00advante<\/strong><br>L\u2019\u00e9t\u00e9 2025 est l\u2019occasion d\u2019interroger notre rap\u00adport \u00e0 l\u2019art, de d\u00e9cou\u00advrir des tal\u00adents d\u2019avant-garde et de c\u00e9l\u00e9br\u00ader la diver\u00adsit\u00e9. Plus qu\u2019une sim\u00adple vis\u00adite&nbsp;: une exp\u00e9ri\u00adence \u00e0 vivre inten\u00ads\u00e9\u00adment, por\u00adteuse de nou\u00adveaux r\u00e9c\u00adits pour toutes les g\u00e9n\u00e9ra\u00adtions.<\/p>\n\n\n\n<p><\/p>\n","protected":false},"excerpt":{"rendered":"<p>L\u2019ann\u00e9e 2025 mar\u00adque une r\u00e9vo\u00adlu\u00adtion cul\u00adturelle \u00e0 Paris, Lon\u00addres, New York ou Tokyo, avec des expo\u00adsi\u00adtions d\u2019art con\u00adtem\u00adpo\u00adrain qui repoussent les fron\u00adti\u00e8res de la cr\u00e9a\u00adtiv\u00adit\u00e9 et de l\u2019engagement social. Les\u2026 <\/p>\n","protected":false},"author":1,"featured_media":21551,"comment_status":"open","ping_status":"closed","sticky":false,"template":"","format":"standard","meta":{"wp_typography_post_enhancements_disabled":false,"footnotes":""},"categories":[55],"tags":[15897,15894,15892,15893,15896,15895],"class_list":["post-21549","post","type-post","status-publish","format-standard","has-post-thumbnail","hentry","category-culture","tag-empowerment-culturel-femme","tag-experiences-immersives-art","tag-exposition-art-contemporain-paris-2025","tag-expositions-femmes-artistes","tag-sortie-artistique-paris","tag-tendances-culture-ete"],"yoast_head":"<!-- This site is optimized with the Yoast SEO plugin v24.7 - https:\/\/yoast.com\/wordpress\/plugins\/seo\/ -->\n<title>Les expositions d\u2019art contemporain immanquables de l\u2019\u00e9t\u00e9 2025 \u2014 Tendances, artistes et exp\u00e9riences immersives - Bobea<\/title>\n<meta name=\"description\" content=\"L\u2019\u00e9t\u00e9 2025 est l\u2019occasion d\u2019interroger notre rapport \u00e0 l\u2019art, de d\u00e9couvrir des talents d\u2019avant-garde et de c\u00e9l\u00e9brer la diversit\u00e9\" \/>\n<meta name=\"robots\" content=\"index, follow, max-snippet:-1, max-image-preview:large, max-video-preview:-1\" \/>\n<link rel=\"canonical\" href=\"https:\/\/bobea.net\/index.php\/2025\/07\/20\/les-expositions-dart-contemporain-immanquables-de-lete-2025-tendances-artistes-et-experiences-immersives\/\" \/>\n<meta property=\"og:locale\" content=\"fr_FR\" \/>\n<meta property=\"og:type\" content=\"article\" \/>\n<meta property=\"og:title\" content=\"Les expositions d\u2019art contemporain immanquables de l\u2019\u00e9t\u00e9 2025 \u2014 Tendances, artistes et exp\u00e9riences immersives - Bobea\" \/>\n<meta property=\"og:description\" content=\"L\u2019\u00e9t\u00e9 2025 est l\u2019occasion d\u2019interroger notre rapport \u00e0 l\u2019art, de d\u00e9couvrir des talents d\u2019avant-garde et de c\u00e9l\u00e9brer la diversit\u00e9\" \/>\n<meta property=\"og:url\" content=\"https:\/\/bobea.net\/index.php\/2025\/07\/20\/les-expositions-dart-contemporain-immanquables-de-lete-2025-tendances-artistes-et-experiences-immersives\/\" \/>\n<meta property=\"og:site_name\" content=\"Bobea\" \/>\n<meta property=\"article:publisher\" content=\"https:\/\/web.facebook.com\/profile.php?id=61559252188416\" \/>\n<meta property=\"article:published_time\" content=\"2025-07-20T14:16:11+00:00\" \/>\n<meta property=\"article:modified_time\" content=\"2025-07-20T14:16:13+00:00\" \/>\n<meta property=\"og:image\" content=\"https:\/\/bobea.net\/wp-content\/uploads\/2025\/07\/louvrevue-de-l_exposition-s_habiller-en-artiste.-l_artiste-et-le-vetement-20250327-louvre-lens_f-iovino-13-964x582-1.jpg\" \/>\n\t<meta property=\"og:image:width\" content=\"964\" \/>\n\t<meta property=\"og:image:height\" content=\"582\" \/>\n\t<meta property=\"og:image:type\" content=\"image\/jpeg\" \/>\n<meta name=\"author\" content=\"bobea.info\" \/>\n<meta name=\"twitter:card\" content=\"summary_large_image\" \/>\n<meta name=\"twitter:label1\" content=\"\u00c9crit par\" \/>\n\t<meta name=\"twitter:data1\" content=\"bobea.info\" \/>\n\t<meta name=\"twitter:label2\" content=\"Dur\u00e9e de lecture estim\u00e9e\" \/>\n\t<meta name=\"twitter:data2\" content=\"3 minutes\" \/>\n<script type=\"application\/ld+json\" class=\"yoast-schema-graph\">{\"@context\":\"https:\/\/schema.org\",\"@graph\":[{\"@type\":\"Article\",\"@id\":\"https:\/\/bobea.net\/index.php\/2025\/07\/20\/les-expositions-dart-contemporain-immanquables-de-lete-2025-tendances-artistes-et-experiences-immersives\/#article\",\"isPartOf\":{\"@id\":\"https:\/\/bobea.net\/index.php\/2025\/07\/20\/les-expositions-dart-contemporain-immanquables-de-lete-2025-tendances-artistes-et-experiences-immersives\/\"},\"author\":{\"name\":\"bobea.info\",\"@id\":\"https:\/\/bobea.net\/#\/schema\/person\/e7f45ef187918d7c956bf619dce90ccf\"},\"headline\":\"Les expositions d\u2019art contemporain immanquables de l\u2019\u00e9t\u00e9 2025 \u2014 Tendances, artistes et exp\u00e9riences immersives\",\"datePublished\":\"2025-07-20T14:16:11+00:00\",\"dateModified\":\"2025-07-20T14:16:13+00:00\",\"mainEntityOfPage\":{\"@id\":\"https:\/\/bobea.net\/index.php\/2025\/07\/20\/les-expositions-dart-contemporain-immanquables-de-lete-2025-tendances-artistes-et-experiences-immersives\/\"},\"wordCount\":403,\"commentCount\":0,\"publisher\":{\"@id\":\"https:\/\/bobea.net\/#organization\"},\"image\":{\"@id\":\"https:\/\/bobea.net\/index.php\/2025\/07\/20\/les-expositions-dart-contemporain-immanquables-de-lete-2025-tendances-artistes-et-experiences-immersives\/#primaryimage\"},\"thumbnailUrl\":\"https:\/\/bobea.net\/wp-content\/uploads\/2025\/07\/louvrevue-de-l_exposition-s_habiller-en-artiste.-l_artiste-et-le-vetement-20250327-louvre-lens_f-iovino-13-964x582-1.jpg\",\"keywords\":[\"empowerment culturel femme.\",\"exp\u00e9riences immersives art\",\"exposition art contemporain Paris 2025\",\"expositions femmes artistes\",\"sortie artistique Paris\",\"tendances culture \u00e9t\u00e9\"],\"articleSection\":[\"Culture\"],\"inLanguage\":\"fr-FR\",\"potentialAction\":[{\"@type\":\"CommentAction\",\"name\":\"Comment\",\"target\":[\"https:\/\/bobea.net\/index.php\/2025\/07\/20\/les-expositions-dart-contemporain-immanquables-de-lete-2025-tendances-artistes-et-experiences-immersives\/#respond\"]}]},{\"@type\":\"WebPage\",\"@id\":\"https:\/\/bobea.net\/index.php\/2025\/07\/20\/les-expositions-dart-contemporain-immanquables-de-lete-2025-tendances-artistes-et-experiences-immersives\/\",\"url\":\"https:\/\/bobea.net\/index.php\/2025\/07\/20\/les-expositions-dart-contemporain-immanquables-de-lete-2025-tendances-artistes-et-experiences-immersives\/\",\"name\":\"Les expositions d\u2019art contemporain immanquables de l\u2019\u00e9t\u00e9 2025 \u2014 Tendances, artistes et exp\u00e9riences immersives - Bobea\",\"isPartOf\":{\"@id\":\"https:\/\/bobea.net\/#website\"},\"primaryImageOfPage\":{\"@id\":\"https:\/\/bobea.net\/index.php\/2025\/07\/20\/les-expositions-dart-contemporain-immanquables-de-lete-2025-tendances-artistes-et-experiences-immersives\/#primaryimage\"},\"image\":{\"@id\":\"https:\/\/bobea.net\/index.php\/2025\/07\/20\/les-expositions-dart-contemporain-immanquables-de-lete-2025-tendances-artistes-et-experiences-immersives\/#primaryimage\"},\"thumbnailUrl\":\"https:\/\/bobea.net\/wp-content\/uploads\/2025\/07\/louvrevue-de-l_exposition-s_habiller-en-artiste.-l_artiste-et-le-vetement-20250327-louvre-lens_f-iovino-13-964x582-1.jpg\",\"datePublished\":\"2025-07-20T14:16:11+00:00\",\"dateModified\":\"2025-07-20T14:16:13+00:00\",\"description\":\"L\u2019\u00e9t\u00e9 2025 est l\u2019occasion d\u2019interroger notre rapport \u00e0 l\u2019art, de d\u00e9couvrir des talents d\u2019avant-garde et de c\u00e9l\u00e9brer la diversit\u00e9\",\"breadcrumb\":{\"@id\":\"https:\/\/bobea.net\/index.php\/2025\/07\/20\/les-expositions-dart-contemporain-immanquables-de-lete-2025-tendances-artistes-et-experiences-immersives\/#breadcrumb\"},\"inLanguage\":\"fr-FR\",\"potentialAction\":[{\"@type\":\"ReadAction\",\"target\":[\"https:\/\/bobea.net\/index.php\/2025\/07\/20\/les-expositions-dart-contemporain-immanquables-de-lete-2025-tendances-artistes-et-experiences-immersives\/\"]}]},{\"@type\":\"ImageObject\",\"inLanguage\":\"fr-FR\",\"@id\":\"https:\/\/bobea.net\/index.php\/2025\/07\/20\/les-expositions-dart-contemporain-immanquables-de-lete-2025-tendances-artistes-et-experiences-immersives\/#primaryimage\",\"url\":\"https:\/\/bobea.net\/wp-content\/uploads\/2025\/07\/louvrevue-de-l_exposition-s_habiller-en-artiste.-l_artiste-et-le-vetement-20250327-louvre-lens_f-iovino-13-964x582-1.jpg\",\"contentUrl\":\"https:\/\/bobea.net\/wp-content\/uploads\/2025\/07\/louvrevue-de-l_exposition-s_habiller-en-artiste.-l_artiste-et-le-vetement-20250327-louvre-lens_f-iovino-13-964x582-1.jpg\",\"width\":964,\"height\":582},{\"@type\":\"BreadcrumbList\",\"@id\":\"https:\/\/bobea.net\/index.php\/2025\/07\/20\/les-expositions-dart-contemporain-immanquables-de-lete-2025-tendances-artistes-et-experiences-immersives\/#breadcrumb\",\"itemListElement\":[{\"@type\":\"ListItem\",\"position\":1,\"name\":\"Accueil\",\"item\":\"https:\/\/bobea.net\/\"},{\"@type\":\"ListItem\",\"position\":2,\"name\":\"Les expositions d\u2019art contemporain immanquables de l\u2019\u00e9t\u00e9 2025 \u2014 Tendances, artistes et exp\u00e9riences immersives\"}]},{\"@type\":\"WebSite\",\"@id\":\"https:\/\/bobea.net\/#website\",\"url\":\"https:\/\/bobea.net\/\",\"name\":\"Bobea\",\"description\":\"Le magazine de la nouvelle \u00c8ve\",\"publisher\":{\"@id\":\"https:\/\/bobea.net\/#organization\"},\"potentialAction\":[{\"@type\":\"SearchAction\",\"target\":{\"@type\":\"EntryPoint\",\"urlTemplate\":\"https:\/\/bobea.net\/?s={search_term_string}\"},\"query-input\":{\"@type\":\"PropertyValueSpecification\",\"valueRequired\":true,\"valueName\":\"search_term_string\"}}],\"inLanguage\":\"fr-FR\"},{\"@type\":\"Organization\",\"@id\":\"https:\/\/bobea.net\/#organization\",\"name\":\"Bobea\",\"url\":\"https:\/\/bobea.net\/\",\"logo\":{\"@type\":\"ImageObject\",\"inLanguage\":\"fr-FR\",\"@id\":\"https:\/\/bobea.net\/#\/schema\/logo\/image\/\",\"url\":\"https:\/\/bobea.net\/wp-content\/uploads\/2024\/06\/bobea.jpg\",\"contentUrl\":\"https:\/\/bobea.net\/wp-content\/uploads\/2024\/06\/bobea.jpg\",\"width\":1080,\"height\":1080,\"caption\":\"Bobea\"},\"image\":{\"@id\":\"https:\/\/bobea.net\/#\/schema\/logo\/image\/\"},\"sameAs\":[\"https:\/\/web.facebook.com\/profile.php?id=61559252188416\"]},{\"@type\":\"Person\",\"@id\":\"https:\/\/bobea.net\/#\/schema\/person\/e7f45ef187918d7c956bf619dce90ccf\",\"name\":\"bobea.info\",\"image\":{\"@type\":\"ImageObject\",\"inLanguage\":\"fr-FR\",\"@id\":\"https:\/\/bobea.net\/#\/schema\/person\/image\/\",\"url\":\"https:\/\/secure.gravatar.com\/avatar\/36147980349df887ae30808df3e29474?s=96&d=mm&r=g\",\"contentUrl\":\"https:\/\/secure.gravatar.com\/avatar\/36147980349df887ae30808df3e29474?s=96&d=mm&r=g\",\"caption\":\"bobea.info\"},\"sameAs\":[\"https:\/\/bobea.net\"],\"url\":\"https:\/\/bobea.net\/index.php\/author\/bobea-info\/\"}]}<\/script>\n<!-- \/ Yoast SEO plugin. -->","yoast_head_json":{"title":"Les expositions d\u2019art contemporain immanquables de l\u2019\u00e9t\u00e9 2025 \u2014 Tendances, artistes et exp\u00e9riences immersives - Bobea","description":"L\u2019\u00e9t\u00e9 2025 est l\u2019occasion d\u2019interroger notre rapport \u00e0 l\u2019art, de d\u00e9couvrir des talents d\u2019avant-garde et de c\u00e9l\u00e9brer la diversit\u00e9","robots":{"index":"index","follow":"follow","max-snippet":"max-snippet:-1","max-image-preview":"max-image-preview:large","max-video-preview":"max-video-preview:-1"},"canonical":"https:\/\/bobea.net\/index.php\/2025\/07\/20\/les-expositions-dart-contemporain-immanquables-de-lete-2025-tendances-artistes-et-experiences-immersives\/","og_locale":"fr_FR","og_type":"article","og_title":"Les expositions d\u2019art contemporain immanquables de l\u2019\u00e9t\u00e9 2025 \u2014 Tendances, artistes et exp\u00e9riences immersives - Bobea","og_description":"L\u2019\u00e9t\u00e9 2025 est l\u2019occasion d\u2019interroger notre rapport \u00e0 l\u2019art, de d\u00e9couvrir des talents d\u2019avant-garde et de c\u00e9l\u00e9brer la diversit\u00e9","og_url":"https:\/\/bobea.net\/index.php\/2025\/07\/20\/les-expositions-dart-contemporain-immanquables-de-lete-2025-tendances-artistes-et-experiences-immersives\/","og_site_name":"Bobea","article_publisher":"https:\/\/web.facebook.com\/profile.php?id=61559252188416","article_published_time":"2025-07-20T14:16:11+00:00","article_modified_time":"2025-07-20T14:16:13+00:00","og_image":[{"width":964,"height":582,"url":"https:\/\/bobea.net\/wp-content\/uploads\/2025\/07\/louvrevue-de-l_exposition-s_habiller-en-artiste.-l_artiste-et-le-vetement-20250327-louvre-lens_f-iovino-13-964x582-1.jpg","type":"image\/jpeg"}],"author":"bobea.info","twitter_card":"summary_large_image","twitter_misc":{"\u00c9crit par":"bobea.info","Dur\u00e9e de lecture estim\u00e9e":"3 minutes"},"schema":{"@context":"https:\/\/schema.org","@graph":[{"@type":"Article","@id":"https:\/\/bobea.net\/index.php\/2025\/07\/20\/les-expositions-dart-contemporain-immanquables-de-lete-2025-tendances-artistes-et-experiences-immersives\/#article","isPartOf":{"@id":"https:\/\/bobea.net\/index.php\/2025\/07\/20\/les-expositions-dart-contemporain-immanquables-de-lete-2025-tendances-artistes-et-experiences-immersives\/"},"author":{"name":"bobea.info","@id":"https:\/\/bobea.net\/#\/schema\/person\/e7f45ef187918d7c956bf619dce90ccf"},"headline":"Les expositions d\u2019art contemporain immanquables de l\u2019\u00e9t\u00e9 2025 \u2014 Tendances, artistes et exp\u00e9riences immersives","datePublished":"2025-07-20T14:16:11+00:00","dateModified":"2025-07-20T14:16:13+00:00","mainEntityOfPage":{"@id":"https:\/\/bobea.net\/index.php\/2025\/07\/20\/les-expositions-dart-contemporain-immanquables-de-lete-2025-tendances-artistes-et-experiences-immersives\/"},"wordCount":403,"commentCount":0,"publisher":{"@id":"https:\/\/bobea.net\/#organization"},"image":{"@id":"https:\/\/bobea.net\/index.php\/2025\/07\/20\/les-expositions-dart-contemporain-immanquables-de-lete-2025-tendances-artistes-et-experiences-immersives\/#primaryimage"},"thumbnailUrl":"https:\/\/bobea.net\/wp-content\/uploads\/2025\/07\/louvrevue-de-l_exposition-s_habiller-en-artiste.-l_artiste-et-le-vetement-20250327-louvre-lens_f-iovino-13-964x582-1.jpg","keywords":["empowerment culturel femme.","exp\u00e9riences immersives art","exposition art contemporain Paris 2025","expositions femmes artistes","sortie artistique Paris","tendances culture \u00e9t\u00e9"],"articleSection":["Culture"],"inLanguage":"fr-FR","potentialAction":[{"@type":"CommentAction","name":"Comment","target":["https:\/\/bobea.net\/index.php\/2025\/07\/20\/les-expositions-dart-contemporain-immanquables-de-lete-2025-tendances-artistes-et-experiences-immersives\/#respond"]}]},{"@type":"WebPage","@id":"https:\/\/bobea.net\/index.php\/2025\/07\/20\/les-expositions-dart-contemporain-immanquables-de-lete-2025-tendances-artistes-et-experiences-immersives\/","url":"https:\/\/bobea.net\/index.php\/2025\/07\/20\/les-expositions-dart-contemporain-immanquables-de-lete-2025-tendances-artistes-et-experiences-immersives\/","name":"Les expositions d\u2019art contemporain immanquables de l\u2019\u00e9t\u00e9 2025 \u2014 Tendances, artistes et exp\u00e9riences immersives - Bobea","isPartOf":{"@id":"https:\/\/bobea.net\/#website"},"primaryImageOfPage":{"@id":"https:\/\/bobea.net\/index.php\/2025\/07\/20\/les-expositions-dart-contemporain-immanquables-de-lete-2025-tendances-artistes-et-experiences-immersives\/#primaryimage"},"image":{"@id":"https:\/\/bobea.net\/index.php\/2025\/07\/20\/les-expositions-dart-contemporain-immanquables-de-lete-2025-tendances-artistes-et-experiences-immersives\/#primaryimage"},"thumbnailUrl":"https:\/\/bobea.net\/wp-content\/uploads\/2025\/07\/louvrevue-de-l_exposition-s_habiller-en-artiste.-l_artiste-et-le-vetement-20250327-louvre-lens_f-iovino-13-964x582-1.jpg","datePublished":"2025-07-20T14:16:11+00:00","dateModified":"2025-07-20T14:16:13+00:00","description":"L\u2019\u00e9t\u00e9 2025 est l\u2019occasion d\u2019interroger notre rapport \u00e0 l\u2019art, de d\u00e9couvrir des talents d\u2019avant-garde et de c\u00e9l\u00e9brer la diversit\u00e9","breadcrumb":{"@id":"https:\/\/bobea.net\/index.php\/2025\/07\/20\/les-expositions-dart-contemporain-immanquables-de-lete-2025-tendances-artistes-et-experiences-immersives\/#breadcrumb"},"inLanguage":"fr-FR","potentialAction":[{"@type":"ReadAction","target":["https:\/\/bobea.net\/index.php\/2025\/07\/20\/les-expositions-dart-contemporain-immanquables-de-lete-2025-tendances-artistes-et-experiences-immersives\/"]}]},{"@type":"ImageObject","inLanguage":"fr-FR","@id":"https:\/\/bobea.net\/index.php\/2025\/07\/20\/les-expositions-dart-contemporain-immanquables-de-lete-2025-tendances-artistes-et-experiences-immersives\/#primaryimage","url":"https:\/\/bobea.net\/wp-content\/uploads\/2025\/07\/louvrevue-de-l_exposition-s_habiller-en-artiste.-l_artiste-et-le-vetement-20250327-louvre-lens_f-iovino-13-964x582-1.jpg","contentUrl":"https:\/\/bobea.net\/wp-content\/uploads\/2025\/07\/louvrevue-de-l_exposition-s_habiller-en-artiste.-l_artiste-et-le-vetement-20250327-louvre-lens_f-iovino-13-964x582-1.jpg","width":964,"height":582},{"@type":"BreadcrumbList","@id":"https:\/\/bobea.net\/index.php\/2025\/07\/20\/les-expositions-dart-contemporain-immanquables-de-lete-2025-tendances-artistes-et-experiences-immersives\/#breadcrumb","itemListElement":[{"@type":"ListItem","position":1,"name":"Accueil","item":"https:\/\/bobea.net\/"},{"@type":"ListItem","position":2,"name":"Les expositions d\u2019art contemporain immanquables de l\u2019\u00e9t\u00e9 2025 \u2014 Tendances, artistes et exp\u00e9riences immersives"}]},{"@type":"WebSite","@id":"https:\/\/bobea.net\/#website","url":"https:\/\/bobea.net\/","name":"Bobea","description":"Le magazine de la nouvelle \u00c8ve","publisher":{"@id":"https:\/\/bobea.net\/#organization"},"potentialAction":[{"@type":"SearchAction","target":{"@type":"EntryPoint","urlTemplate":"https:\/\/bobea.net\/?s={search_term_string}"},"query-input":{"@type":"PropertyValueSpecification","valueRequired":true,"valueName":"search_term_string"}}],"inLanguage":"fr-FR"},{"@type":"Organization","@id":"https:\/\/bobea.net\/#organization","name":"Bobea","url":"https:\/\/bobea.net\/","logo":{"@type":"ImageObject","inLanguage":"fr-FR","@id":"https:\/\/bobea.net\/#\/schema\/logo\/image\/","url":"https:\/\/bobea.net\/wp-content\/uploads\/2024\/06\/bobea.jpg","contentUrl":"https:\/\/bobea.net\/wp-content\/uploads\/2024\/06\/bobea.jpg","width":1080,"height":1080,"caption":"Bobea"},"image":{"@id":"https:\/\/bobea.net\/#\/schema\/logo\/image\/"},"sameAs":["https:\/\/web.facebook.com\/profile.php?id=61559252188416"]},{"@type":"Person","@id":"https:\/\/bobea.net\/#\/schema\/person\/e7f45ef187918d7c956bf619dce90ccf","name":"bobea.info","image":{"@type":"ImageObject","inLanguage":"fr-FR","@id":"https:\/\/bobea.net\/#\/schema\/person\/image\/","url":"https:\/\/secure.gravatar.com\/avatar\/36147980349df887ae30808df3e29474?s=96&d=mm&r=g","contentUrl":"https:\/\/secure.gravatar.com\/avatar\/36147980349df887ae30808df3e29474?s=96&d=mm&r=g","caption":"bobea.info"},"sameAs":["https:\/\/bobea.net"],"url":"https:\/\/bobea.net\/index.php\/author\/bobea-info\/"}]}},"_links":{"self":[{"href":"https:\/\/bobea.net\/index.php\/wp-json\/wp\/v2\/posts\/21549"}],"collection":[{"href":"https:\/\/bobea.net\/index.php\/wp-json\/wp\/v2\/posts"}],"about":[{"href":"https:\/\/bobea.net\/index.php\/wp-json\/wp\/v2\/types\/post"}],"author":[{"embeddable":true,"href":"https:\/\/bobea.net\/index.php\/wp-json\/wp\/v2\/users\/1"}],"replies":[{"embeddable":true,"href":"https:\/\/bobea.net\/index.php\/wp-json\/wp\/v2\/comments?post=21549"}],"version-history":[{"count":1,"href":"https:\/\/bobea.net\/index.php\/wp-json\/wp\/v2\/posts\/21549\/revisions"}],"predecessor-version":[{"id":21552,"href":"https:\/\/bobea.net\/index.php\/wp-json\/wp\/v2\/posts\/21549\/revisions\/21552"}],"wp:featuredmedia":[{"embeddable":true,"href":"https:\/\/bobea.net\/index.php\/wp-json\/wp\/v2\/media\/21551"}],"wp:attachment":[{"href":"https:\/\/bobea.net\/index.php\/wp-json\/wp\/v2\/media?parent=21549"}],"wp:term":[{"taxonomy":"category","embeddable":true,"href":"https:\/\/bobea.net\/index.php\/wp-json\/wp\/v2\/categories?post=21549"},{"taxonomy":"post_tag","embeddable":true,"href":"https:\/\/bobea.net\/index.php\/wp-json\/wp\/v2\/tags?post=21549"}],"curies":[{"name":"wp","href":"https:\/\/api.w.org\/{rel}","templated":true}]}}