{"id":2153,"date":"2024-04-30T17:20:56","date_gmt":"2024-04-30T17:20:56","guid":{"rendered":"https:\/\/bobea.net\/?p=2153"},"modified":"2024-04-30T17:20:57","modified_gmt":"2024-04-30T17:20:57","slug":"lheritage-artistique-de-faith-ringgold-une-vie-dediee-a-lart-et-a-lemancipation","status":"publish","type":"post","link":"https:\/\/bobea.net\/index.php\/2024\/04\/30\/lheritage-artistique-de-faith-ringgold-une-vie-dediee-a-lart-et-a-lemancipation\/","title":{"rendered":"L\u2019h\u00e9ritage artistique de Faith Ringgold : une vie d\u00e9di\u00e9e \u00e0 l\u2019art et \u00e0 l\u2019\u00e9mancipation"},"content":{"rendered":"\n<figure class=\"wp-block-gallery has-nested-images columns-default is-cropped wp-block-gallery-1 is-layout-flex wp-block-gallery-is-layout-flex\">\n<figure class=\"wp-block-image size-large\"><img loading=\"lazy\" decoding=\"async\" width=\"800\" height=\"533\" data-id=\"2155\" src=\"https:\/\/bobea.net\/wp-content\/uploads\/2024\/04\/41_2024-638487113327153867-715.jpg\" alt class=\"wp-image-2155\" srcset=\"https:\/\/bobea.net\/wp-content\/uploads\/2024\/04\/41_2024-638487113327153867-715.jpg 800w, https:\/\/bobea.net\/wp-content\/uploads\/2024\/04\/41_2024-638487113327153867-715-300x200.jpg 300w, https:\/\/bobea.net\/wp-content\/uploads\/2024\/04\/41_2024-638487113327153867-715-768x512.jpg 768w\" sizes=\"(max-width: 800px) 100vw, 800px\"><\/figure>\n\n\n\n<figure class=\"wp-block-image size-large\"><img loading=\"lazy\" decoding=\"async\" width=\"1024\" height=\"682\" data-id=\"2154\" src=\"https:\/\/bobea.net\/wp-content\/uploads\/2024\/04\/522COQ7sqGdBp90mIBMjTU-1024x682.jpg\" alt class=\"wp-image-2154\" srcset=\"https:\/\/bobea.net\/wp-content\/uploads\/2024\/04\/522COQ7sqGdBp90mIBMjTU-1024x682.jpg 1024w, https:\/\/bobea.net\/wp-content\/uploads\/2024\/04\/522COQ7sqGdBp90mIBMjTU-300x200.jpg 300w, https:\/\/bobea.net\/wp-content\/uploads\/2024\/04\/522COQ7sqGdBp90mIBMjTU-768x511.jpg 768w, https:\/\/bobea.net\/wp-content\/uploads\/2024\/04\/522COQ7sqGdBp90mIBMjTU.jpg 1200w\" sizes=\"(max-width: 1024px) 100vw, 1024px\"><\/figure>\n<\/figure>\n\n\n\n<p class=\"has-medium-font-size\">Same\u00addi 13 avril 2024, le monde de l\u2019art a per\u00addu l\u2019une de ses fig\u00adures les plus embl\u00e9\u00adma\u00adtiques, Faith Ring\u00adgold. D\u00e9c\u00e9d\u00e9e chez elle \u00e0 Engle\u00adwood, dans le New Jer\u00adsey, cette artiste pein\u00adtre am\u00e9ri\u00adcaine a lais\u00ads\u00e9 der\u00adri\u00e8re elle un h\u00e9ritage ind\u00e9l\u00e9\u00adbile, mar\u00adqu\u00e9 par son engage\u00adment pour les droits des Noirs et des femmes, ain\u00adsi que par son explo\u00adration auda\u00adcieuse de la forme et de la couleur.<\/p>\n\n\n\n<p class=\"has-medium-font-size\"><strong>Une enfance dans l\u2019ef\u00adfer\u00adves\u00adcence de Harlem<\/strong><\/p>\n\n\n\n<p class=\"has-medium-font-size\">Faith Ring\u00adgold est n\u00e9e en 1930 \u00e0 New York et a gran\u00addi dans le quarti\u00ader vibrant de Harlem. C\u2019est l\u00e0 qu\u2019elle a \u00e9t\u00e9 impr\u00e9gn\u00e9e de la richesse cul\u00adturelle et artis\u00adtique qui allait fa\u00e7on\u00adner son tra\u00advail tout au long de sa vie. D\u00e8s son plus jeune \u00e2ge, elle a \u00e9t\u00e9 t\u00e9moin des d\u00e9fis et des luttes aux\u00adquels \u00e9taient con\u00adfron\u00adt\u00e9s les Noirs am\u00e9ri\u00adcains, une exp\u00e9ri\u00adence qui a pro\u00adfond\u00e9\u00adment influ\u00adenc\u00e9 son art et son activisme ult\u00e9rieurs.<\/p>\n\n\n\n<p class=\"has-medium-font-size\"><strong>Explo\u00adratrice de l\u2019art et du mes\u00adsage social<\/strong><\/p>\n\n\n\n<p class=\"has-medium-font-size\">Ring\u00adgold s\u2019est fait con\u00adna\u00eetre pour sa capac\u00adit\u00e9 \u00e0 fusion\u00adner l\u2019art et l\u2019ac\u00adtivisme, \u00e0 tra\u00advers des medi\u00adums var\u00adi\u00e9s tels que la pein\u00adture, la sculp\u00adture, la broderie et l\u2019\u00e9cri\u00adt\u00adure. Son \u0153uvre \u00e9tait une explo\u00adration pro\u00adfonde de l\u2019i\u00adden\u00adtit\u00e9 noire et de la con\u00addi\u00adtion des femmes, met\u00adtant en lumi\u00e8re les luttes et les tri\u00adom\u00adphes de ces com\u00admu\u00adnaut\u00e9s sou\u00advent mar\u00adgin\u00adal\u00adis\u00e9es.<\/p>\n\n\n\n<p class=\"has-medium-font-size\"><strong>Ses com\u00adbats pour la jus\u00adtice<\/strong><\/p>\n\n\n\n<p class=\"has-medium-font-size\">Tout au long de sa car\u00adri\u00e8re, Faith Ring\u00adgold a \u00e9t\u00e9 une voix puis\u00adsante pour l\u2019\u00e9\u00adgal\u00adit\u00e9 raciale et le f\u00e9min\u00adisme. Ses \u0153uvres, telles que \u201cAmer\u00adi\u00adcan Peo\u00adple Series\u201d et \u201cThe Flag is Bleed\u00ading\u201d, ont cap\u00adtur\u00e9 l\u2019essence des mou\u00adve\u00adments pour les droits civiques et les reven\u00addi\u00adca\u00adtions f\u00e9min\u00adistes des ann\u00e9es 1960 et 1970. Elle a \u00e9gale\u00adment \u00e9t\u00e9 une ardente mil\u00adi\u00adtante, par\u00adtic\u00adi\u00adpant \u00e0 des man\u00adi\u00adfes\u00adta\u00adtions et des actions de protes\u00adta\u00adtion pour d\u00e9fendre les droits des minorit\u00e9s et des femmes.<\/p>\n\n\n\n<p class=\"has-medium-font-size\"><strong>Une recon\u00adnais\u00adsance tar\u00addive mais m\u00e9rit\u00e9e<\/strong><\/p>\n\n\n\n<p class=\"has-medium-font-size\">Bien que son tra\u00advail ait \u00e9t\u00e9 salu\u00e9 par ses pairs et les cer\u00adcles artis\u00adtiques pro\u00adgres\u00adsistes, ce n\u2019est que r\u00e9cem\u00adment que Faith Ring\u00adgold a obtenu une recon\u00adnais\u00adsance plus large du grand pub\u00adlic. L\u2019an\u00adn\u00e9e derni\u00e8re, le mus\u00e9e Picas\u00adso \u00e0 Paris a mis en lumi\u00e8re son tra\u00advail r\u00e9vo\u00adlu\u00adtion\u00adnaire, atti\u00adrant l\u2019at\u00adten\u00adtion sur son influ\u00adence durable dans le monde de l\u2019art. De plus, le mus\u00e9e con\u00adtem\u00adpo\u00adrain de Chica\u00adgo venait de lui con\u00adsacr\u00ader une r\u00e9tro\u00adspec\u00adtive, offrant aux vis\u00adi\u00adteurs un aper\u00e7u com\u00adplet de son tal\u00adent et de son impact avant sa dis\u00adpari\u00adtion.<\/p>\n\n\n\n<p class=\"has-medium-font-size\">Alors que Faith Ring\u00adgold tire sa r\u00e9v\u00e9rence, son h\u00e9ritage artis\u00adtique et son engage\u00adment pour la jus\u00adtice sociale con\u00adtin\u00adueront d\u2019in\u00adspir\u00ader les g\u00e9n\u00e9ra\u00adtions futures. Son art vibrant et ses luttes tenaces res\u00adteront grav\u00e9s dans les m\u00e9moires, rap\u00adpelant \u00e0 tous l\u2019im\u00adpor\u00adtance de l\u2019art comme out\u00adil de change\u00adment et de r\u00e9sis\u00adtance. En ces temps d\u2019in\u00adcer\u00adti\u00adtude, ses mes\u00adsages de courage, de dig\u00adnit\u00e9 et de sol\u00adi\u00addar\u00adit\u00e9 r\u00e9son\u00adneront tou\u00adjours, illu\u00admi\u00adnant un chemin vers un avenir plus juste et \u00e9quitable.<\/p>\n","protected":false},"excerpt":{"rendered":"<p>Same\u00addi 13 avril 2024, le monde de l\u2019art a per\u00addu l\u2019une de ses fig\u00adures les plus embl\u00e9\u00adma\u00adtiques, Faith Ring\u00adgold. D\u00e9c\u00e9d\u00e9e chez elle \u00e0 Engle\u00adwood, dans le New Jer\u00adsey, cette artiste\u2026 <\/p>\n","protected":false},"author":2,"featured_media":2156,"comment_status":"open","ping_status":"open","sticky":false,"template":"","format":"standard","meta":{"wp_typography_post_enhancements_disabled":false,"footnotes":""},"categories":[96,81],"tags":[],"class_list":["post-2153","post","type-post","status-publish","format-standard","has-post-thumbnail","hentry","category-actualites-spotlive","category-portraits"],"yoast_head":"<!-- This site is optimized with the Yoast SEO plugin v24.7 - https:\/\/yoast.com\/wordpress\/plugins\/seo\/ -->\n<title>L&#039;h\u00e9ritage artistique de Faith Ringgold : une vie d\u00e9di\u00e9e \u00e0 l&#039;art et \u00e0 l&#039;\u00e9mancipation - Bobea<\/title>\n<meta name=\"robots\" content=\"index, follow, max-snippet:-1, max-image-preview:large, max-video-preview:-1\" \/>\n<link rel=\"canonical\" href=\"https:\/\/bobea.net\/index.php\/2024\/04\/30\/lheritage-artistique-de-faith-ringgold-une-vie-dediee-a-lart-et-a-lemancipation\/\" \/>\n<meta property=\"og:locale\" content=\"fr_FR\" \/>\n<meta property=\"og:type\" content=\"article\" \/>\n<meta property=\"og:title\" content=\"L&#039;h\u00e9ritage artistique de Faith Ringgold : une vie d\u00e9di\u00e9e \u00e0 l&#039;art et \u00e0 l&#039;\u00e9mancipation - Bobea\" \/>\n<meta property=\"og:description\" content=\"Same\u00addi 13 avril 2024, le monde de l\u2019art a per\u00addu l\u2019une de ses fig\u00adures les plus embl\u00e9\u00adma\u00adtiques, Faith Ring\u00adgold. D\u00e9c\u00e9d\u00e9e chez elle \u00e0 Engle\u00adwood, dans le New Jer\u00adsey, cette artiste&hellip;\" \/>\n<meta property=\"og:url\" content=\"https:\/\/bobea.net\/index.php\/2024\/04\/30\/lheritage-artistique-de-faith-ringgold-une-vie-dediee-a-lart-et-a-lemancipation\/\" \/>\n<meta property=\"og:site_name\" content=\"Bobea\" \/>\n<meta property=\"article:publisher\" content=\"https:\/\/web.facebook.com\/profile.php?id=61559252188416\" \/>\n<meta property=\"article:published_time\" content=\"2024-04-30T17:20:56+00:00\" \/>\n<meta property=\"article:modified_time\" content=\"2024-04-30T17:20:57+00:00\" \/>\n<meta property=\"og:image\" content=\"https:\/\/bobea.net\/wp-content\/uploads\/2024\/04\/faith.jpg\" \/>\n\t<meta property=\"og:image:width\" content=\"2400\" \/>\n\t<meta property=\"og:image:height\" content=\"1350\" \/>\n\t<meta property=\"og:image:type\" content=\"image\/jpeg\" \/>\n<meta name=\"author\" content=\"Brenda Samira\" \/>\n<meta name=\"twitter:card\" content=\"summary_large_image\" \/>\n<meta name=\"twitter:label1\" content=\"\u00c9crit par\" \/>\n\t<meta name=\"twitter:data1\" content=\"Brenda Samira\" \/>\n\t<meta name=\"twitter:label2\" content=\"Dur\u00e9e de lecture estim\u00e9e\" \/>\n\t<meta name=\"twitter:data2\" content=\"2 minutes\" \/>\n<script type=\"application\/ld+json\" class=\"yoast-schema-graph\">{\"@context\":\"https:\/\/schema.org\",\"@graph\":[{\"@type\":\"Article\",\"@id\":\"https:\/\/bobea.net\/index.php\/2024\/04\/30\/lheritage-artistique-de-faith-ringgold-une-vie-dediee-a-lart-et-a-lemancipation\/#article\",\"isPartOf\":{\"@id\":\"https:\/\/bobea.net\/index.php\/2024\/04\/30\/lheritage-artistique-de-faith-ringgold-une-vie-dediee-a-lart-et-a-lemancipation\/\"},\"author\":{\"name\":\"Brenda Samira\",\"@id\":\"https:\/\/bobea.net\/#\/schema\/person\/54d68a3b0d695ec52cf79dbcf2e45b6b\"},\"headline\":\"L\u2019h\u00e9ritage artistique de Faith Ringgold : une vie d\u00e9di\u00e9e \u00e0 l\u2019art et \u00e0 l\u2019\u00e9mancipation\",\"datePublished\":\"2024-04-30T17:20:56+00:00\",\"dateModified\":\"2024-04-30T17:20:57+00:00\",\"mainEntityOfPage\":{\"@id\":\"https:\/\/bobea.net\/index.php\/2024\/04\/30\/lheritage-artistique-de-faith-ringgold-une-vie-dediee-a-lart-et-a-lemancipation\/\"},\"wordCount\":524,\"commentCount\":0,\"publisher\":{\"@id\":\"https:\/\/bobea.net\/#organization\"},\"image\":{\"@id\":\"https:\/\/bobea.net\/index.php\/2024\/04\/30\/lheritage-artistique-de-faith-ringgold-une-vie-dediee-a-lart-et-a-lemancipation\/#primaryimage\"},\"thumbnailUrl\":\"https:\/\/bobea.net\/wp-content\/uploads\/2024\/04\/faith.jpg\",\"articleSection\":[\"Actualit\u00e9s\",\"Portraits\"],\"inLanguage\":\"fr-FR\",\"potentialAction\":[{\"@type\":\"CommentAction\",\"name\":\"Comment\",\"target\":[\"https:\/\/bobea.net\/index.php\/2024\/04\/30\/lheritage-artistique-de-faith-ringgold-une-vie-dediee-a-lart-et-a-lemancipation\/#respond\"]}]},{\"@type\":\"WebPage\",\"@id\":\"https:\/\/bobea.net\/index.php\/2024\/04\/30\/lheritage-artistique-de-faith-ringgold-une-vie-dediee-a-lart-et-a-lemancipation\/\",\"url\":\"https:\/\/bobea.net\/index.php\/2024\/04\/30\/lheritage-artistique-de-faith-ringgold-une-vie-dediee-a-lart-et-a-lemancipation\/\",\"name\":\"L'h\u00e9ritage artistique de Faith Ringgold : une vie d\u00e9di\u00e9e \u00e0 l'art et \u00e0 l'\u00e9mancipation - Bobea\",\"isPartOf\":{\"@id\":\"https:\/\/bobea.net\/#website\"},\"primaryImageOfPage\":{\"@id\":\"https:\/\/bobea.net\/index.php\/2024\/04\/30\/lheritage-artistique-de-faith-ringgold-une-vie-dediee-a-lart-et-a-lemancipation\/#primaryimage\"},\"image\":{\"@id\":\"https:\/\/bobea.net\/index.php\/2024\/04\/30\/lheritage-artistique-de-faith-ringgold-une-vie-dediee-a-lart-et-a-lemancipation\/#primaryimage\"},\"thumbnailUrl\":\"https:\/\/bobea.net\/wp-content\/uploads\/2024\/04\/faith.jpg\",\"datePublished\":\"2024-04-30T17:20:56+00:00\",\"dateModified\":\"2024-04-30T17:20:57+00:00\",\"breadcrumb\":{\"@id\":\"https:\/\/bobea.net\/index.php\/2024\/04\/30\/lheritage-artistique-de-faith-ringgold-une-vie-dediee-a-lart-et-a-lemancipation\/#breadcrumb\"},\"inLanguage\":\"fr-FR\",\"potentialAction\":[{\"@type\":\"ReadAction\",\"target\":[\"https:\/\/bobea.net\/index.php\/2024\/04\/30\/lheritage-artistique-de-faith-ringgold-une-vie-dediee-a-lart-et-a-lemancipation\/\"]}]},{\"@type\":\"ImageObject\",\"inLanguage\":\"fr-FR\",\"@id\":\"https:\/\/bobea.net\/index.php\/2024\/04\/30\/lheritage-artistique-de-faith-ringgold-une-vie-dediee-a-lart-et-a-lemancipation\/#primaryimage\",\"url\":\"https:\/\/bobea.net\/wp-content\/uploads\/2024\/04\/faith.jpg\",\"contentUrl\":\"https:\/\/bobea.net\/wp-content\/uploads\/2024\/04\/faith.jpg\",\"width\":2400,\"height\":1350},{\"@type\":\"BreadcrumbList\",\"@id\":\"https:\/\/bobea.net\/index.php\/2024\/04\/30\/lheritage-artistique-de-faith-ringgold-une-vie-dediee-a-lart-et-a-lemancipation\/#breadcrumb\",\"itemListElement\":[{\"@type\":\"ListItem\",\"position\":1,\"name\":\"Accueil\",\"item\":\"https:\/\/bobea.net\/\"},{\"@type\":\"ListItem\",\"position\":2,\"name\":\"L&rsquo;h\u00e9ritage artistique de Faith Ringgold : une vie d\u00e9di\u00e9e \u00e0 l&rsquo;art et \u00e0 l&rsquo;\u00e9mancipation\"}]},{\"@type\":\"WebSite\",\"@id\":\"https:\/\/bobea.net\/#website\",\"url\":\"https:\/\/bobea.net\/\",\"name\":\"Bobea\",\"description\":\"Le magazine de la nouvelle \u00c8ve\",\"publisher\":{\"@id\":\"https:\/\/bobea.net\/#organization\"},\"potentialAction\":[{\"@type\":\"SearchAction\",\"target\":{\"@type\":\"EntryPoint\",\"urlTemplate\":\"https:\/\/bobea.net\/?s={search_term_string}\"},\"query-input\":{\"@type\":\"PropertyValueSpecification\",\"valueRequired\":true,\"valueName\":\"search_term_string\"}}],\"inLanguage\":\"fr-FR\"},{\"@type\":\"Organization\",\"@id\":\"https:\/\/bobea.net\/#organization\",\"name\":\"Bobea\",\"url\":\"https:\/\/bobea.net\/\",\"logo\":{\"@type\":\"ImageObject\",\"inLanguage\":\"fr-FR\",\"@id\":\"https:\/\/bobea.net\/#\/schema\/logo\/image\/\",\"url\":\"https:\/\/bobea.net\/wp-content\/uploads\/2024\/06\/bobea.jpg\",\"contentUrl\":\"https:\/\/bobea.net\/wp-content\/uploads\/2024\/06\/bobea.jpg\",\"width\":1080,\"height\":1080,\"caption\":\"Bobea\"},\"image\":{\"@id\":\"https:\/\/bobea.net\/#\/schema\/logo\/image\/\"},\"sameAs\":[\"https:\/\/web.facebook.com\/profile.php?id=61559252188416\"]},{\"@type\":\"Person\",\"@id\":\"https:\/\/bobea.net\/#\/schema\/person\/54d68a3b0d695ec52cf79dbcf2e45b6b\",\"name\":\"Brenda Samira\",\"image\":{\"@type\":\"ImageObject\",\"inLanguage\":\"fr-FR\",\"@id\":\"https:\/\/bobea.net\/#\/schema\/person\/image\/\",\"url\":\"https:\/\/secure.gravatar.com\/avatar\/541b9d4391adba7e03c0cb494aab01b7?s=96&d=mm&r=g\",\"contentUrl\":\"https:\/\/secure.gravatar.com\/avatar\/541b9d4391adba7e03c0cb494aab01b7?s=96&d=mm&r=g\",\"caption\":\"Brenda Samira\"},\"url\":\"https:\/\/bobea.net\/index.php\/author\/brenda-samira\/\"}]}<\/script>\n<!-- \/ Yoast SEO plugin. -->","yoast_head_json":{"title":"L'h\u00e9ritage artistique de Faith Ringgold : une vie d\u00e9di\u00e9e \u00e0 l'art et \u00e0 l'\u00e9mancipation - Bobea","robots":{"index":"index","follow":"follow","max-snippet":"max-snippet:-1","max-image-preview":"max-image-preview:large","max-video-preview":"max-video-preview:-1"},"canonical":"https:\/\/bobea.net\/index.php\/2024\/04\/30\/lheritage-artistique-de-faith-ringgold-une-vie-dediee-a-lart-et-a-lemancipation\/","og_locale":"fr_FR","og_type":"article","og_title":"L'h\u00e9ritage artistique de Faith Ringgold : une vie d\u00e9di\u00e9e \u00e0 l'art et \u00e0 l'\u00e9mancipation - Bobea","og_description":"Same\u00addi 13 avril 2024, le monde de l\u2019art a per\u00addu l\u2019une de ses fig\u00adures les plus embl\u00e9\u00adma\u00adtiques, Faith Ring\u00adgold. D\u00e9c\u00e9d\u00e9e chez elle \u00e0 Engle\u00adwood, dans le New Jer\u00adsey, cette artiste&hellip;","og_url":"https:\/\/bobea.net\/index.php\/2024\/04\/30\/lheritage-artistique-de-faith-ringgold-une-vie-dediee-a-lart-et-a-lemancipation\/","og_site_name":"Bobea","article_publisher":"https:\/\/web.facebook.com\/profile.php?id=61559252188416","article_published_time":"2024-04-30T17:20:56+00:00","article_modified_time":"2024-04-30T17:20:57+00:00","og_image":[{"width":2400,"height":1350,"url":"https:\/\/bobea.net\/wp-content\/uploads\/2024\/04\/faith.jpg","type":"image\/jpeg"}],"author":"Brenda Samira","twitter_card":"summary_large_image","twitter_misc":{"\u00c9crit par":"Brenda Samira","Dur\u00e9e de lecture estim\u00e9e":"2 minutes"},"schema":{"@context":"https:\/\/schema.org","@graph":[{"@type":"Article","@id":"https:\/\/bobea.net\/index.php\/2024\/04\/30\/lheritage-artistique-de-faith-ringgold-une-vie-dediee-a-lart-et-a-lemancipation\/#article","isPartOf":{"@id":"https:\/\/bobea.net\/index.php\/2024\/04\/30\/lheritage-artistique-de-faith-ringgold-une-vie-dediee-a-lart-et-a-lemancipation\/"},"author":{"name":"Brenda Samira","@id":"https:\/\/bobea.net\/#\/schema\/person\/54d68a3b0d695ec52cf79dbcf2e45b6b"},"headline":"L\u2019h\u00e9ritage artistique de Faith Ringgold : une vie d\u00e9di\u00e9e \u00e0 l\u2019art et \u00e0 l\u2019\u00e9mancipation","datePublished":"2024-04-30T17:20:56+00:00","dateModified":"2024-04-30T17:20:57+00:00","mainEntityOfPage":{"@id":"https:\/\/bobea.net\/index.php\/2024\/04\/30\/lheritage-artistique-de-faith-ringgold-une-vie-dediee-a-lart-et-a-lemancipation\/"},"wordCount":524,"commentCount":0,"publisher":{"@id":"https:\/\/bobea.net\/#organization"},"image":{"@id":"https:\/\/bobea.net\/index.php\/2024\/04\/30\/lheritage-artistique-de-faith-ringgold-une-vie-dediee-a-lart-et-a-lemancipation\/#primaryimage"},"thumbnailUrl":"https:\/\/bobea.net\/wp-content\/uploads\/2024\/04\/faith.jpg","articleSection":["Actualit\u00e9s","Portraits"],"inLanguage":"fr-FR","potentialAction":[{"@type":"CommentAction","name":"Comment","target":["https:\/\/bobea.net\/index.php\/2024\/04\/30\/lheritage-artistique-de-faith-ringgold-une-vie-dediee-a-lart-et-a-lemancipation\/#respond"]}]},{"@type":"WebPage","@id":"https:\/\/bobea.net\/index.php\/2024\/04\/30\/lheritage-artistique-de-faith-ringgold-une-vie-dediee-a-lart-et-a-lemancipation\/","url":"https:\/\/bobea.net\/index.php\/2024\/04\/30\/lheritage-artistique-de-faith-ringgold-une-vie-dediee-a-lart-et-a-lemancipation\/","name":"L'h\u00e9ritage artistique de Faith Ringgold : une vie d\u00e9di\u00e9e \u00e0 l'art et \u00e0 l'\u00e9mancipation - Bobea","isPartOf":{"@id":"https:\/\/bobea.net\/#website"},"primaryImageOfPage":{"@id":"https:\/\/bobea.net\/index.php\/2024\/04\/30\/lheritage-artistique-de-faith-ringgold-une-vie-dediee-a-lart-et-a-lemancipation\/#primaryimage"},"image":{"@id":"https:\/\/bobea.net\/index.php\/2024\/04\/30\/lheritage-artistique-de-faith-ringgold-une-vie-dediee-a-lart-et-a-lemancipation\/#primaryimage"},"thumbnailUrl":"https:\/\/bobea.net\/wp-content\/uploads\/2024\/04\/faith.jpg","datePublished":"2024-04-30T17:20:56+00:00","dateModified":"2024-04-30T17:20:57+00:00","breadcrumb":{"@id":"https:\/\/bobea.net\/index.php\/2024\/04\/30\/lheritage-artistique-de-faith-ringgold-une-vie-dediee-a-lart-et-a-lemancipation\/#breadcrumb"},"inLanguage":"fr-FR","potentialAction":[{"@type":"ReadAction","target":["https:\/\/bobea.net\/index.php\/2024\/04\/30\/lheritage-artistique-de-faith-ringgold-une-vie-dediee-a-lart-et-a-lemancipation\/"]}]},{"@type":"ImageObject","inLanguage":"fr-FR","@id":"https:\/\/bobea.net\/index.php\/2024\/04\/30\/lheritage-artistique-de-faith-ringgold-une-vie-dediee-a-lart-et-a-lemancipation\/#primaryimage","url":"https:\/\/bobea.net\/wp-content\/uploads\/2024\/04\/faith.jpg","contentUrl":"https:\/\/bobea.net\/wp-content\/uploads\/2024\/04\/faith.jpg","width":2400,"height":1350},{"@type":"BreadcrumbList","@id":"https:\/\/bobea.net\/index.php\/2024\/04\/30\/lheritage-artistique-de-faith-ringgold-une-vie-dediee-a-lart-et-a-lemancipation\/#breadcrumb","itemListElement":[{"@type":"ListItem","position":1,"name":"Accueil","item":"https:\/\/bobea.net\/"},{"@type":"ListItem","position":2,"name":"L&rsquo;h\u00e9ritage artistique de Faith Ringgold : une vie d\u00e9di\u00e9e \u00e0 l&rsquo;art et \u00e0 l&rsquo;\u00e9mancipation"}]},{"@type":"WebSite","@id":"https:\/\/bobea.net\/#website","url":"https:\/\/bobea.net\/","name":"Bobea","description":"Le magazine de la nouvelle \u00c8ve","publisher":{"@id":"https:\/\/bobea.net\/#organization"},"potentialAction":[{"@type":"SearchAction","target":{"@type":"EntryPoint","urlTemplate":"https:\/\/bobea.net\/?s={search_term_string}"},"query-input":{"@type":"PropertyValueSpecification","valueRequired":true,"valueName":"search_term_string"}}],"inLanguage":"fr-FR"},{"@type":"Organization","@id":"https:\/\/bobea.net\/#organization","name":"Bobea","url":"https:\/\/bobea.net\/","logo":{"@type":"ImageObject","inLanguage":"fr-FR","@id":"https:\/\/bobea.net\/#\/schema\/logo\/image\/","url":"https:\/\/bobea.net\/wp-content\/uploads\/2024\/06\/bobea.jpg","contentUrl":"https:\/\/bobea.net\/wp-content\/uploads\/2024\/06\/bobea.jpg","width":1080,"height":1080,"caption":"Bobea"},"image":{"@id":"https:\/\/bobea.net\/#\/schema\/logo\/image\/"},"sameAs":["https:\/\/web.facebook.com\/profile.php?id=61559252188416"]},{"@type":"Person","@id":"https:\/\/bobea.net\/#\/schema\/person\/54d68a3b0d695ec52cf79dbcf2e45b6b","name":"Brenda Samira","image":{"@type":"ImageObject","inLanguage":"fr-FR","@id":"https:\/\/bobea.net\/#\/schema\/person\/image\/","url":"https:\/\/secure.gravatar.com\/avatar\/541b9d4391adba7e03c0cb494aab01b7?s=96&d=mm&r=g","contentUrl":"https:\/\/secure.gravatar.com\/avatar\/541b9d4391adba7e03c0cb494aab01b7?s=96&d=mm&r=g","caption":"Brenda Samira"},"url":"https:\/\/bobea.net\/index.php\/author\/brenda-samira\/"}]}},"_links":{"self":[{"href":"https:\/\/bobea.net\/index.php\/wp-json\/wp\/v2\/posts\/2153"}],"collection":[{"href":"https:\/\/bobea.net\/index.php\/wp-json\/wp\/v2\/posts"}],"about":[{"href":"https:\/\/bobea.net\/index.php\/wp-json\/wp\/v2\/types\/post"}],"author":[{"embeddable":true,"href":"https:\/\/bobea.net\/index.php\/wp-json\/wp\/v2\/users\/2"}],"replies":[{"embeddable":true,"href":"https:\/\/bobea.net\/index.php\/wp-json\/wp\/v2\/comments?post=2153"}],"version-history":[{"count":0,"href":"https:\/\/bobea.net\/index.php\/wp-json\/wp\/v2\/posts\/2153\/revisions"}],"wp:featuredmedia":[{"embeddable":true,"href":"https:\/\/bobea.net\/index.php\/wp-json\/wp\/v2\/media\/2156"}],"wp:attachment":[{"href":"https:\/\/bobea.net\/index.php\/wp-json\/wp\/v2\/media?parent=2153"}],"wp:term":[{"taxonomy":"category","embeddable":true,"href":"https:\/\/bobea.net\/index.php\/wp-json\/wp\/v2\/categories?post=2153"},{"taxonomy":"post_tag","embeddable":true,"href":"https:\/\/bobea.net\/index.php\/wp-json\/wp\/v2\/tags?post=2153"}],"curies":[{"name":"wp","href":"https:\/\/api.w.org\/{rel}","templated":true}]}}