{"id":21327,"date":"2025-07-16T14:11:52","date_gmt":"2025-07-16T14:11:52","guid":{"rendered":"https:\/\/bobea.net\/?p=21327"},"modified":"2025-07-16T14:11:54","modified_gmt":"2025-07-16T14:11:54","slug":"paris-sous-haute-vigilance-champs-elysees-entre-fete-et-securite","status":"publish","type":"post","link":"https:\/\/bobea.net\/index.php\/2025\/07\/16\/paris-sous-haute-vigilance-champs-elysees-entre-fete-et-securite\/","title":{"rendered":"Paris sous haute vigilance \u2013 Champs-\u00c9lys\u00e9es, entre f\u00eate et s\u00e9curit\u00e9"},"content":{"rendered":"\n<p>Intro\u00adduc\u00adtion<\/p>\n\n\n\n<p>Les Champs-\u00c9lys\u00e9es bril\u00adlent ce 16 juil\u00adlet 2025 d\u2019une lumi\u00e8re para\u00addoxale&nbsp;: \u00e9clat fes\u00adtif en vit\u00adrine, dis\u00adposi\u00adtif s\u00e9cu\u00adri\u00adtaire en coulisse. Paris, fleu\u00adron europ\u00e9en de la diver\u00adsit\u00e9 et du chic, f\u00eate la sai\u00adson esti\u00advale sous une sur\u00adveil\u00adlance accrue. Alors que les soir\u00e9es dansantes, fes\u00adti\u00advals de musique et grandes ter\u00adrass\u00ades rou\u00advrent, la cap\u00adi\u00adtale r\u00e9af\u00adfirme une valeur essen\u00adtielle : garan\u00adtir la lib\u00adert\u00e9 et la s\u00e9cu\u00adrit\u00e9, en par\u00adti\u00adc\u00aduli\u00ader pour ses habi\u00adtantes.<\/p>\n\n\n\n<p>Prob\u00adl\u00e9\u00adma\u00adtique<\/p>\n\n\n\n<p>Com\u00adment main\u00adtenir l\u2019\u00e9quilibre entre une vie noc\u00adturne foi\u00adson\u00adnante et la vig\u00adi\u00adlance face aux risques&nbsp;? Les enjeux sont d\u2019autant plus cru\u00adci\u00adaux que Paris, depuis les grands rassem\u00adble\u00adments inter\u00adna\u00adtionaux, se veut mod\u00ad\u00e8le de pr\u00e9ven\u00adtion et pili\u00ader d\u2019un f\u00e9min\u00adisme urbain assum\u00e9.<\/p>\n\n\n\n<figure class=\"wp-block-image size-full\"><img loading=\"lazy\" decoding=\"async\" width=\"980\" height=\"450\" src=\"https:\/\/bobea.net\/wp-content\/uploads\/2025\/07\/img_c5380868997ff621b72d716142dffbae_20250712193044.jpg.webp\" alt class=\"wp-image-21329\" srcset=\"https:\/\/bobea.net\/wp-content\/uploads\/2025\/07\/img_c5380868997ff621b72d716142dffbae_20250712193044.jpg.webp 980w, https:\/\/bobea.net\/wp-content\/uploads\/2025\/07\/img_c5380868997ff621b72d716142dffbae_20250712193044.jpg-300x138.webp 300w, https:\/\/bobea.net\/wp-content\/uploads\/2025\/07\/img_c5380868997ff621b72d716142dffbae_20250712193044.jpg-768x353.webp 768w\" sizes=\"(max-width: 980px) 100vw, 980px\"><\/figure>\n\n\n\n<p>Con\u00adtexte<\/p>\n\n\n\n<p>Depuis deux ans, la cap\u00adi\u00adtale fran\u00e7aise a innov\u00e9 : cam\u00e9ras intel\u00adli\u00adgentes, patrouilles mixtes, accom\u00adpa\u00adg\u00adne\u00adment sur les r\u00e9seaux soci\u00adaux, for\u00adma\u00adtion acc\u00e9l\u00e9r\u00e9e du per\u00adson\u00adnel d\u2019accueil \u00e0 la ges\u00adtion de crise. Ces mesures, d\u00e9battues par\u00adfois vive\u00adment, r\u00e9pon\u00addent \u00e0 une dou\u00adble exi\u00adgence&nbsp;\u2013 laiss\u00ader vivre la nuit sans jamais c\u00e9der sur la s\u00fbret\u00e9.<\/p>\n\n\n\n<p>T\u00e9moignages et analy\u00adses<\/p>\n\n\n\n<p><em>\u201cJe n\u2019ai jamais autant prof\u00adit\u00e9 des soir\u00e9es \u00e0 Paris. Le fait de sen\u00adtir qu\u2019il y a une \u00e9quipe d\u00e9di\u00e9e \u00e0 la s\u00e9cu\u00adrit\u00e9, surtout pour les femmes, \u00e7a d\u00e9com\u00adplexe et ras\u00adsure.\u201d<\/em><em><br>Clara, 27 ans, cr\u00e9a\u00adtive en agence dig\u00adi\u00adtale.<\/em><\/p>\n\n\n\n<p><em>\u201cLa ville a com\u00adpris que pour garder une r\u00e9pu\u00adta\u00adtion de cap\u00adi\u00adtale fes\u00adtive, il fal\u00adlait inve\u00adstir dans l\u2019accompagnement, la pr\u00e9sence, l\u2019\u00e9coute. Les femmes, notam\u00adment, ont longtemps \u00e9t\u00e9 dis\u00adsuad\u00e9es de sor\u00adtir seules. Aujourd\u2019hui, cela change.\u201d<\/em><em><br>Isabelle, b\u00e9n\u00e9v\u00adole au sein du col\u00adlec\u00adtif La Nuit Nous Appar\u00adtient.<\/em><\/p>\n\n\n\n<p>Bilan des mesures<\/p>\n\n\n\n<ul class=\"wp-block-list\">\n<li><strong>Patrouilles dis\u00adcr\u00e8tes mais effi\u00adcaces<\/strong>&nbsp;: Hommes et femmes de ter\u00adrain sil\u00adlon\u00adnent les zones-cl\u00e9s.<\/li>\n\n\n\n<li><strong>Espaces refuges<\/strong>&nbsp;: Plus de 30 caf\u00e9s et h\u00f4tels parte\u00adnaires pour accueil\u00adlir toute per\u00adson\u00adne en dif\u00adfi\u00adcult\u00e9 la nuit.<\/li>\n\n\n\n<li><strong>R\u00e9seau d\u2019entraide con\u00adnec\u00adt\u00e9e<\/strong>&nbsp;: Plate\u00adformes de sig\u00adnale\u00adment anonyme, bornes inter\u00adac\u00adtives sur l\u2019avenue, hot\u00adline mul\u00adti\u00adlingue.<\/li>\n<\/ul>\n\n\n\n<figure class=\"wp-block-image size-large\"><img loading=\"lazy\" decoding=\"async\" width=\"1024\" height=\"682\" src=\"https:\/\/bobea.net\/wp-content\/uploads\/2025\/07\/MQZ2PVE5CZGN5A774CEGIKCJP4-1024x682.jpg\" alt class=\"wp-image-21331\" srcset=\"https:\/\/bobea.net\/wp-content\/uploads\/2025\/07\/MQZ2PVE5CZGN5A774CEGIKCJP4-1024x682.jpg 1024w, https:\/\/bobea.net\/wp-content\/uploads\/2025\/07\/MQZ2PVE5CZGN5A774CEGIKCJP4-300x200.jpg 300w, https:\/\/bobea.net\/wp-content\/uploads\/2025\/07\/MQZ2PVE5CZGN5A774CEGIKCJP4-768x512.jpg 768w, https:\/\/bobea.net\/wp-content\/uploads\/2025\/07\/MQZ2PVE5CZGN5A774CEGIKCJP4-1536x1023.jpg 1536w, https:\/\/bobea.net\/wp-content\/uploads\/2025\/07\/MQZ2PVE5CZGN5A774CEGIKCJP4-2048x1364.jpg 2048w\" sizes=\"(max-width: 1024px) 100vw, 1024px\"><figcaption class=\"wp-element-caption\">French police patrol on the Champs Ely\u00adsees avenue near the Arc de Tri\u00adom\u00adphe in Paris, as the French gov\u00adern\u00adment puts the nation on its high\u00adest state of alert after a dead\u00adly knife attack in north\u00adern France, Octo\u00adber 16, 2023. REUTERS\/Gonzalo Fuentes<\/figcaption><\/figure>\n\n\n\n<p>Le nou\u00adv\u00adel art de la f\u00eate<\/p>\n\n\n\n<ul class=\"wp-block-list\">\n<li><strong>Des \u00e9v\u00e9ne\u00adments inclusifs, pen\u00ads\u00e9s par et pour les femmes&nbsp;:<\/strong><\/li>\n<\/ul>\n\n\n\n<ul class=\"wp-block-list\">\n<li>Soir\u00e9es sans alcool, dance\u00adfloors f\u00e9min\u00adistes, ate\u00adliers noc\u00adturnes bien-\u00eatre.<\/li>\n<\/ul>\n\n\n\n<ul class=\"wp-block-list\">\n<li><strong>Lib\u00adert\u00e9 retrou\u00adv\u00e9e<\/strong>&nbsp;:<\/li>\n<\/ul>\n\n\n\n<ul class=\"wp-block-list\">\n<li>F\u00eater sere\u00adine\u00adment, s\u2019approprier la ville par la nuit, oser s\u2019exprimer dans les lieux mixtes.<\/li>\n<\/ul>\n\n\n\n<p>D\u00e9fis per\u00adsis\u00adtants<\/p>\n\n\n\n<p>Mal\u00adgr\u00e9 les avanc\u00e9es, des d\u00e9fis demeurent : har\u00adc\u00e8le\u00adment de rue r\u00e9sidu\u00adel, ges\u00adtion com\u00adplexe des flux dans les m\u00e9ga-\u00e9v\u00e9ne\u00adments, n\u00e9ces\u00adsit\u00e9 de con\u00adtin\u00aduer \u00e0 for\u00admer la police \u00e0 l\u2019\u00e9coute sp\u00e9\u00adci\u00adfique des femmes.<\/p>\n\n\n\n<p>Con\u00adseils pra\u00adtiques pour sor\u00adtir<\/p>\n\n\n\n<ul class=\"wp-block-list\">\n<li>Priv\u00adil\u00e9gi\u00ader les espaces label\u00adlis\u00e9s \u201cNuit S\u00fbre\u201d.<\/li>\n\n\n\n<li>Utilis\u00ader les applis de \u201cretour en s\u00e9cu\u00adrit\u00e9\u201d.<\/li>\n\n\n\n<li>For\u00admer des groupes sol\u00adidaires, sig\u00adnaler tout inci\u00addent.<\/li>\n<\/ul>\n\n\n\n<p>Con\u00adclu\u00adsion \/ Appel \u00e0 l\u2019action<\/p>\n\n\n\n<p>Paris inspire, Paris ras\u00adsure&nbsp;: la m\u00e9tro\u00adpole invente le mod\u00ad\u00e8le europ\u00e9en d\u2019une nuit fes\u00adtive, libre et s\u00fbre, mais toute avanc\u00e9e exige l\u2019engagement com\u00admun : con\u00adtin\u00aduons \u00e0 b\u00e2tir une nuit pour toutes.<\/p>\n","protected":false},"excerpt":{"rendered":"<p>Intro\u00adduc\u00adtion Les Champs-\u00c9lys\u00e9es bril\u00adlent ce 16 juil\u00adlet 2025 d\u2019une lumi\u00e8re para\u00addoxale&nbsp;: \u00e9clat fes\u00adtif en vit\u00adrine, dis\u00adposi\u00adtif s\u00e9cu\u00adri\u00adtaire en coulisse. Paris, fleu\u00adron europ\u00e9en de la diver\u00adsit\u00e9 et du chic, f\u00eate la\u2026 <\/p>\n","protected":false},"author":1,"featured_media":21332,"comment_status":"open","ping_status":"closed","sticky":false,"template":"","format":"standard","meta":{"wp_typography_post_enhancements_disabled":false,"footnotes":""},"categories":[73],"tags":[15742,15743,1097,15744,15745,343,3741,4740,1758],"class_list":["post-21327","post","type-post","status-publish","format-standard","has-post-thumbnail","hentry","category-on-en-parle","tag-champs-elysees","tag-evenementiel","tag-femmes","tag-liberte-urbaine","tag-metropole-europeenne","tag-paris","tag-securite","tag-vie-nocturne","tag-vigilance"],"yoast_head":"<!-- This site is optimized with the Yoast SEO plugin v24.7 - https:\/\/yoast.com\/wordpress\/plugins\/seo\/ -->\n<title>Paris sous haute vigilance \u2013 Champs-\u00c9lys\u00e9es, entre f\u00eate et s\u00e9curit\u00e9 - Bobea<\/title>\n<meta name=\"description\" content=\"Paris inspire, Paris rassure\u202f: la m\u00e9tropole invente le mod\u00e8le europ\u00e9en d\u2019une nuit festive, libre et s\u00fbre, mais toute avanc\u00e9e\" \/>\n<meta name=\"robots\" content=\"index, follow, max-snippet:-1, max-image-preview:large, max-video-preview:-1\" \/>\n<link rel=\"canonical\" href=\"https:\/\/bobea.net\/index.php\/2025\/07\/16\/paris-sous-haute-vigilance-champs-elysees-entre-fete-et-securite\/\" \/>\n<meta property=\"og:locale\" content=\"fr_FR\" \/>\n<meta property=\"og:type\" content=\"article\" \/>\n<meta property=\"og:title\" content=\"Paris sous haute vigilance \u2013 Champs-\u00c9lys\u00e9es, entre f\u00eate et s\u00e9curit\u00e9 - Bobea\" \/>\n<meta property=\"og:description\" content=\"Paris inspire, Paris rassure\u202f: la m\u00e9tropole invente le mod\u00e8le europ\u00e9en d\u2019une nuit festive, libre et s\u00fbre, mais toute avanc\u00e9e\" \/>\n<meta property=\"og:url\" content=\"https:\/\/bobea.net\/index.php\/2025\/07\/16\/paris-sous-haute-vigilance-champs-elysees-entre-fete-et-securite\/\" \/>\n<meta property=\"og:site_name\" content=\"Bobea\" \/>\n<meta property=\"article:publisher\" content=\"https:\/\/web.facebook.com\/profile.php?id=61559252188416\" \/>\n<meta property=\"article:published_time\" content=\"2025-07-16T14:11:52+00:00\" \/>\n<meta property=\"article:modified_time\" content=\"2025-07-16T14:11:54+00:00\" \/>\n<meta property=\"og:image\" content=\"https:\/\/bobea.net\/wp-content\/uploads\/2025\/07\/41_2025-638879333580394530-39.jpg\" \/>\n\t<meta property=\"og:image:width\" content=\"800\" \/>\n\t<meta property=\"og:image:height\" content=\"533\" \/>\n\t<meta property=\"og:image:type\" content=\"image\/jpeg\" \/>\n<meta name=\"author\" content=\"bobea.info\" \/>\n<meta name=\"twitter:card\" content=\"summary_large_image\" \/>\n<meta name=\"twitter:label1\" content=\"\u00c9crit par\" \/>\n\t<meta name=\"twitter:data1\" content=\"bobea.info\" \/>\n\t<meta name=\"twitter:label2\" content=\"Dur\u00e9e de lecture estim\u00e9e\" \/>\n\t<meta name=\"twitter:data2\" content=\"3 minutes\" \/>\n<script type=\"application\/ld+json\" class=\"yoast-schema-graph\">{\"@context\":\"https:\/\/schema.org\",\"@graph\":[{\"@type\":\"Article\",\"@id\":\"https:\/\/bobea.net\/index.php\/2025\/07\/16\/paris-sous-haute-vigilance-champs-elysees-entre-fete-et-securite\/#article\",\"isPartOf\":{\"@id\":\"https:\/\/bobea.net\/index.php\/2025\/07\/16\/paris-sous-haute-vigilance-champs-elysees-entre-fete-et-securite\/\"},\"author\":{\"name\":\"bobea.info\",\"@id\":\"https:\/\/bobea.net\/#\/schema\/person\/e7f45ef187918d7c956bf619dce90ccf\"},\"headline\":\"Paris sous haute vigilance \u2013 Champs-\u00c9lys\u00e9es, entre f\u00eate et s\u00e9curit\u00e9\",\"datePublished\":\"2025-07-16T14:11:52+00:00\",\"dateModified\":\"2025-07-16T14:11:54+00:00\",\"mainEntityOfPage\":{\"@id\":\"https:\/\/bobea.net\/index.php\/2025\/07\/16\/paris-sous-haute-vigilance-champs-elysees-entre-fete-et-securite\/\"},\"wordCount\":535,\"commentCount\":0,\"publisher\":{\"@id\":\"https:\/\/bobea.net\/#organization\"},\"image\":{\"@id\":\"https:\/\/bobea.net\/index.php\/2025\/07\/16\/paris-sous-haute-vigilance-champs-elysees-entre-fete-et-securite\/#primaryimage\"},\"thumbnailUrl\":\"https:\/\/bobea.net\/wp-content\/uploads\/2025\/07\/41_2025-638879333580394530-39.jpg\",\"keywords\":[\"Champs-\u00c9lys\u00e9es\",\"\u00e9v\u00e9nementiel\",\"femmes\",\"libert\u00e9 urbaine\",\"m\u00e9tropole europ\u00e9enne.\",\"Paris\",\"s\u00e9curit\u00e9\",\"vie nocturne\",\"vigilance\"],\"articleSection\":[\"On en Parle\"],\"inLanguage\":\"fr-FR\",\"potentialAction\":[{\"@type\":\"CommentAction\",\"name\":\"Comment\",\"target\":[\"https:\/\/bobea.net\/index.php\/2025\/07\/16\/paris-sous-haute-vigilance-champs-elysees-entre-fete-et-securite\/#respond\"]}]},{\"@type\":\"WebPage\",\"@id\":\"https:\/\/bobea.net\/index.php\/2025\/07\/16\/paris-sous-haute-vigilance-champs-elysees-entre-fete-et-securite\/\",\"url\":\"https:\/\/bobea.net\/index.php\/2025\/07\/16\/paris-sous-haute-vigilance-champs-elysees-entre-fete-et-securite\/\",\"name\":\"Paris sous haute vigilance \u2013 Champs-\u00c9lys\u00e9es, entre f\u00eate et s\u00e9curit\u00e9 - Bobea\",\"isPartOf\":{\"@id\":\"https:\/\/bobea.net\/#website\"},\"primaryImageOfPage\":{\"@id\":\"https:\/\/bobea.net\/index.php\/2025\/07\/16\/paris-sous-haute-vigilance-champs-elysees-entre-fete-et-securite\/#primaryimage\"},\"image\":{\"@id\":\"https:\/\/bobea.net\/index.php\/2025\/07\/16\/paris-sous-haute-vigilance-champs-elysees-entre-fete-et-securite\/#primaryimage\"},\"thumbnailUrl\":\"https:\/\/bobea.net\/wp-content\/uploads\/2025\/07\/41_2025-638879333580394530-39.jpg\",\"datePublished\":\"2025-07-16T14:11:52+00:00\",\"dateModified\":\"2025-07-16T14:11:54+00:00\",\"description\":\"Paris inspire, Paris rassure\u202f: la m\u00e9tropole invente le mod\u00e8le europ\u00e9en d\u2019une nuit festive, libre et s\u00fbre, mais toute avanc\u00e9e\",\"breadcrumb\":{\"@id\":\"https:\/\/bobea.net\/index.php\/2025\/07\/16\/paris-sous-haute-vigilance-champs-elysees-entre-fete-et-securite\/#breadcrumb\"},\"inLanguage\":\"fr-FR\",\"potentialAction\":[{\"@type\":\"ReadAction\",\"target\":[\"https:\/\/bobea.net\/index.php\/2025\/07\/16\/paris-sous-haute-vigilance-champs-elysees-entre-fete-et-securite\/\"]}]},{\"@type\":\"ImageObject\",\"inLanguage\":\"fr-FR\",\"@id\":\"https:\/\/bobea.net\/index.php\/2025\/07\/16\/paris-sous-haute-vigilance-champs-elysees-entre-fete-et-securite\/#primaryimage\",\"url\":\"https:\/\/bobea.net\/wp-content\/uploads\/2025\/07\/41_2025-638879333580394530-39.jpg\",\"contentUrl\":\"https:\/\/bobea.net\/wp-content\/uploads\/2025\/07\/41_2025-638879333580394530-39.jpg\",\"width\":800,\"height\":533},{\"@type\":\"BreadcrumbList\",\"@id\":\"https:\/\/bobea.net\/index.php\/2025\/07\/16\/paris-sous-haute-vigilance-champs-elysees-entre-fete-et-securite\/#breadcrumb\",\"itemListElement\":[{\"@type\":\"ListItem\",\"position\":1,\"name\":\"Accueil\",\"item\":\"https:\/\/bobea.net\/\"},{\"@type\":\"ListItem\",\"position\":2,\"name\":\"Paris sous haute vigilance \u2013 Champs-\u00c9lys\u00e9es, entre f\u00eate et s\u00e9curit\u00e9\"}]},{\"@type\":\"WebSite\",\"@id\":\"https:\/\/bobea.net\/#website\",\"url\":\"https:\/\/bobea.net\/\",\"name\":\"Bobea\",\"description\":\"Le magazine de la nouvelle \u00c8ve\",\"publisher\":{\"@id\":\"https:\/\/bobea.net\/#organization\"},\"potentialAction\":[{\"@type\":\"SearchAction\",\"target\":{\"@type\":\"EntryPoint\",\"urlTemplate\":\"https:\/\/bobea.net\/?s={search_term_string}\"},\"query-input\":{\"@type\":\"PropertyValueSpecification\",\"valueRequired\":true,\"valueName\":\"search_term_string\"}}],\"inLanguage\":\"fr-FR\"},{\"@type\":\"Organization\",\"@id\":\"https:\/\/bobea.net\/#organization\",\"name\":\"Bobea\",\"url\":\"https:\/\/bobea.net\/\",\"logo\":{\"@type\":\"ImageObject\",\"inLanguage\":\"fr-FR\",\"@id\":\"https:\/\/bobea.net\/#\/schema\/logo\/image\/\",\"url\":\"https:\/\/bobea.net\/wp-content\/uploads\/2024\/06\/bobea.jpg\",\"contentUrl\":\"https:\/\/bobea.net\/wp-content\/uploads\/2024\/06\/bobea.jpg\",\"width\":1080,\"height\":1080,\"caption\":\"Bobea\"},\"image\":{\"@id\":\"https:\/\/bobea.net\/#\/schema\/logo\/image\/\"},\"sameAs\":[\"https:\/\/web.facebook.com\/profile.php?id=61559252188416\"]},{\"@type\":\"Person\",\"@id\":\"https:\/\/bobea.net\/#\/schema\/person\/e7f45ef187918d7c956bf619dce90ccf\",\"name\":\"bobea.info\",\"image\":{\"@type\":\"ImageObject\",\"inLanguage\":\"fr-FR\",\"@id\":\"https:\/\/bobea.net\/#\/schema\/person\/image\/\",\"url\":\"https:\/\/secure.gravatar.com\/avatar\/36147980349df887ae30808df3e29474?s=96&d=mm&r=g\",\"contentUrl\":\"https:\/\/secure.gravatar.com\/avatar\/36147980349df887ae30808df3e29474?s=96&d=mm&r=g\",\"caption\":\"bobea.info\"},\"sameAs\":[\"https:\/\/bobea.net\"],\"url\":\"https:\/\/bobea.net\/index.php\/author\/bobea-info\/\"}]}<\/script>\n<!-- \/ Yoast SEO plugin. -->","yoast_head_json":{"title":"Paris sous haute vigilance \u2013 Champs-\u00c9lys\u00e9es, entre f\u00eate et s\u00e9curit\u00e9 - Bobea","description":"Paris inspire, Paris rassure\u202f: la m\u00e9tropole invente le mod\u00e8le europ\u00e9en d\u2019une nuit festive, libre et s\u00fbre, mais toute avanc\u00e9e","robots":{"index":"index","follow":"follow","max-snippet":"max-snippet:-1","max-image-preview":"max-image-preview:large","max-video-preview":"max-video-preview:-1"},"canonical":"https:\/\/bobea.net\/index.php\/2025\/07\/16\/paris-sous-haute-vigilance-champs-elysees-entre-fete-et-securite\/","og_locale":"fr_FR","og_type":"article","og_title":"Paris sous haute vigilance \u2013 Champs-\u00c9lys\u00e9es, entre f\u00eate et s\u00e9curit\u00e9 - Bobea","og_description":"Paris inspire, Paris rassure\u202f: la m\u00e9tropole invente le mod\u00e8le europ\u00e9en d\u2019une nuit festive, libre et s\u00fbre, mais toute avanc\u00e9e","og_url":"https:\/\/bobea.net\/index.php\/2025\/07\/16\/paris-sous-haute-vigilance-champs-elysees-entre-fete-et-securite\/","og_site_name":"Bobea","article_publisher":"https:\/\/web.facebook.com\/profile.php?id=61559252188416","article_published_time":"2025-07-16T14:11:52+00:00","article_modified_time":"2025-07-16T14:11:54+00:00","og_image":[{"width":800,"height":533,"url":"https:\/\/bobea.net\/wp-content\/uploads\/2025\/07\/41_2025-638879333580394530-39.jpg","type":"image\/jpeg"}],"author":"bobea.info","twitter_card":"summary_large_image","twitter_misc":{"\u00c9crit par":"bobea.info","Dur\u00e9e de lecture estim\u00e9e":"3 minutes"},"schema":{"@context":"https:\/\/schema.org","@graph":[{"@type":"Article","@id":"https:\/\/bobea.net\/index.php\/2025\/07\/16\/paris-sous-haute-vigilance-champs-elysees-entre-fete-et-securite\/#article","isPartOf":{"@id":"https:\/\/bobea.net\/index.php\/2025\/07\/16\/paris-sous-haute-vigilance-champs-elysees-entre-fete-et-securite\/"},"author":{"name":"bobea.info","@id":"https:\/\/bobea.net\/#\/schema\/person\/e7f45ef187918d7c956bf619dce90ccf"},"headline":"Paris sous haute vigilance \u2013 Champs-\u00c9lys\u00e9es, entre f\u00eate et s\u00e9curit\u00e9","datePublished":"2025-07-16T14:11:52+00:00","dateModified":"2025-07-16T14:11:54+00:00","mainEntityOfPage":{"@id":"https:\/\/bobea.net\/index.php\/2025\/07\/16\/paris-sous-haute-vigilance-champs-elysees-entre-fete-et-securite\/"},"wordCount":535,"commentCount":0,"publisher":{"@id":"https:\/\/bobea.net\/#organization"},"image":{"@id":"https:\/\/bobea.net\/index.php\/2025\/07\/16\/paris-sous-haute-vigilance-champs-elysees-entre-fete-et-securite\/#primaryimage"},"thumbnailUrl":"https:\/\/bobea.net\/wp-content\/uploads\/2025\/07\/41_2025-638879333580394530-39.jpg","keywords":["Champs-\u00c9lys\u00e9es","\u00e9v\u00e9nementiel","femmes","libert\u00e9 urbaine","m\u00e9tropole europ\u00e9enne.","Paris","s\u00e9curit\u00e9","vie nocturne","vigilance"],"articleSection":["On en Parle"],"inLanguage":"fr-FR","potentialAction":[{"@type":"CommentAction","name":"Comment","target":["https:\/\/bobea.net\/index.php\/2025\/07\/16\/paris-sous-haute-vigilance-champs-elysees-entre-fete-et-securite\/#respond"]}]},{"@type":"WebPage","@id":"https:\/\/bobea.net\/index.php\/2025\/07\/16\/paris-sous-haute-vigilance-champs-elysees-entre-fete-et-securite\/","url":"https:\/\/bobea.net\/index.php\/2025\/07\/16\/paris-sous-haute-vigilance-champs-elysees-entre-fete-et-securite\/","name":"Paris sous haute vigilance \u2013 Champs-\u00c9lys\u00e9es, entre f\u00eate et s\u00e9curit\u00e9 - Bobea","isPartOf":{"@id":"https:\/\/bobea.net\/#website"},"primaryImageOfPage":{"@id":"https:\/\/bobea.net\/index.php\/2025\/07\/16\/paris-sous-haute-vigilance-champs-elysees-entre-fete-et-securite\/#primaryimage"},"image":{"@id":"https:\/\/bobea.net\/index.php\/2025\/07\/16\/paris-sous-haute-vigilance-champs-elysees-entre-fete-et-securite\/#primaryimage"},"thumbnailUrl":"https:\/\/bobea.net\/wp-content\/uploads\/2025\/07\/41_2025-638879333580394530-39.jpg","datePublished":"2025-07-16T14:11:52+00:00","dateModified":"2025-07-16T14:11:54+00:00","description":"Paris inspire, Paris rassure\u202f: la m\u00e9tropole invente le mod\u00e8le europ\u00e9en d\u2019une nuit festive, libre et s\u00fbre, mais toute avanc\u00e9e","breadcrumb":{"@id":"https:\/\/bobea.net\/index.php\/2025\/07\/16\/paris-sous-haute-vigilance-champs-elysees-entre-fete-et-securite\/#breadcrumb"},"inLanguage":"fr-FR","potentialAction":[{"@type":"ReadAction","target":["https:\/\/bobea.net\/index.php\/2025\/07\/16\/paris-sous-haute-vigilance-champs-elysees-entre-fete-et-securite\/"]}]},{"@type":"ImageObject","inLanguage":"fr-FR","@id":"https:\/\/bobea.net\/index.php\/2025\/07\/16\/paris-sous-haute-vigilance-champs-elysees-entre-fete-et-securite\/#primaryimage","url":"https:\/\/bobea.net\/wp-content\/uploads\/2025\/07\/41_2025-638879333580394530-39.jpg","contentUrl":"https:\/\/bobea.net\/wp-content\/uploads\/2025\/07\/41_2025-638879333580394530-39.jpg","width":800,"height":533},{"@type":"BreadcrumbList","@id":"https:\/\/bobea.net\/index.php\/2025\/07\/16\/paris-sous-haute-vigilance-champs-elysees-entre-fete-et-securite\/#breadcrumb","itemListElement":[{"@type":"ListItem","position":1,"name":"Accueil","item":"https:\/\/bobea.net\/"},{"@type":"ListItem","position":2,"name":"Paris sous haute vigilance \u2013 Champs-\u00c9lys\u00e9es, entre f\u00eate et s\u00e9curit\u00e9"}]},{"@type":"WebSite","@id":"https:\/\/bobea.net\/#website","url":"https:\/\/bobea.net\/","name":"Bobea","description":"Le magazine de la nouvelle \u00c8ve","publisher":{"@id":"https:\/\/bobea.net\/#organization"},"potentialAction":[{"@type":"SearchAction","target":{"@type":"EntryPoint","urlTemplate":"https:\/\/bobea.net\/?s={search_term_string}"},"query-input":{"@type":"PropertyValueSpecification","valueRequired":true,"valueName":"search_term_string"}}],"inLanguage":"fr-FR"},{"@type":"Organization","@id":"https:\/\/bobea.net\/#organization","name":"Bobea","url":"https:\/\/bobea.net\/","logo":{"@type":"ImageObject","inLanguage":"fr-FR","@id":"https:\/\/bobea.net\/#\/schema\/logo\/image\/","url":"https:\/\/bobea.net\/wp-content\/uploads\/2024\/06\/bobea.jpg","contentUrl":"https:\/\/bobea.net\/wp-content\/uploads\/2024\/06\/bobea.jpg","width":1080,"height":1080,"caption":"Bobea"},"image":{"@id":"https:\/\/bobea.net\/#\/schema\/logo\/image\/"},"sameAs":["https:\/\/web.facebook.com\/profile.php?id=61559252188416"]},{"@type":"Person","@id":"https:\/\/bobea.net\/#\/schema\/person\/e7f45ef187918d7c956bf619dce90ccf","name":"bobea.info","image":{"@type":"ImageObject","inLanguage":"fr-FR","@id":"https:\/\/bobea.net\/#\/schema\/person\/image\/","url":"https:\/\/secure.gravatar.com\/avatar\/36147980349df887ae30808df3e29474?s=96&d=mm&r=g","contentUrl":"https:\/\/secure.gravatar.com\/avatar\/36147980349df887ae30808df3e29474?s=96&d=mm&r=g","caption":"bobea.info"},"sameAs":["https:\/\/bobea.net"],"url":"https:\/\/bobea.net\/index.php\/author\/bobea-info\/"}]}},"_links":{"self":[{"href":"https:\/\/bobea.net\/index.php\/wp-json\/wp\/v2\/posts\/21327"}],"collection":[{"href":"https:\/\/bobea.net\/index.php\/wp-json\/wp\/v2\/posts"}],"about":[{"href":"https:\/\/bobea.net\/index.php\/wp-json\/wp\/v2\/types\/post"}],"author":[{"embeddable":true,"href":"https:\/\/bobea.net\/index.php\/wp-json\/wp\/v2\/users\/1"}],"replies":[{"embeddable":true,"href":"https:\/\/bobea.net\/index.php\/wp-json\/wp\/v2\/comments?post=21327"}],"version-history":[{"count":1,"href":"https:\/\/bobea.net\/index.php\/wp-json\/wp\/v2\/posts\/21327\/revisions"}],"predecessor-version":[{"id":21333,"href":"https:\/\/bobea.net\/index.php\/wp-json\/wp\/v2\/posts\/21327\/revisions\/21333"}],"wp:featuredmedia":[{"embeddable":true,"href":"https:\/\/bobea.net\/index.php\/wp-json\/wp\/v2\/media\/21332"}],"wp:attachment":[{"href":"https:\/\/bobea.net\/index.php\/wp-json\/wp\/v2\/media?parent=21327"}],"wp:term":[{"taxonomy":"category","embeddable":true,"href":"https:\/\/bobea.net\/index.php\/wp-json\/wp\/v2\/categories?post=21327"},{"taxonomy":"post_tag","embeddable":true,"href":"https:\/\/bobea.net\/index.php\/wp-json\/wp\/v2\/tags?post=21327"}],"curies":[{"name":"wp","href":"https:\/\/api.w.org\/{rel}","templated":true}]}}