{"id":21322,"date":"2025-07-16T14:08:53","date_gmt":"2025-07-16T14:08:53","guid":{"rendered":"https:\/\/bobea.net\/?p=21322"},"modified":"2025-07-16T14:08:54","modified_gmt":"2025-07-16T14:08:54","slug":"sommet-franco-britannique-alliances-nouvelles-et-stabilite-europeenne","status":"publish","type":"post","link":"https:\/\/bobea.net\/index.php\/2025\/07\/16\/sommet-franco-britannique-alliances-nouvelles-et-stabilite-europeenne\/","title":{"rendered":"Sommet franco-britannique, alliances nouvelles et stabilit\u00e9 europ\u00e9enne"},"content":{"rendered":"\n<p>Pos\u00ader la Ques\u00adtion<\/p>\n\n\n\n<p>Le som\u00admet fran\u00adco-bri\u00adtan\u00adnique du 16 juil\u00adlet 2025 s\u2019ouvre sur fond de d\u00e9fi s\u00e9cu\u00adri\u00adtaire et social. Nou\u00adveaux accords en vue : com\u00adment ces d\u00e9ci\u00adsions vont-elles influ\u00adencer la vie quo\u00adti\u00addi\u00adenne des femmes en Europe?<\/p>\n\n\n\n<p>Le Principe<\/p>\n\n\n\n<p>Chaque avanc\u00e9e diplo\u00adma\u00adtique a un dou\u00adble enjeu&nbsp;: la s\u00e9cu\u00adrit\u00e9 du con\u00adti\u00adnent et la pro\u00adtec\u00adtion des droits soci\u00adaux. Le tan\u00addem Paris-Lon\u00addres relance le d\u00e9bat&nbsp;: jusqu\u2019o\u00f9 aller pour assur\u00ader la sta\u00adbil\u00adit\u00e9 sans sac\u00adri\u00adfi\u00ader les avanc\u00e9es en mati\u00e8re d\u2019\u00e9galit\u00e9&nbsp;?<\/p>\n\n\n\n<p>Ce qu\u2019on en attend<\/p>\n\n\n\n<ul class=\"wp-block-list\">\n<li><strong>Des accords sur la s\u00e9cu\u00adrit\u00e9 des fron\u00adti\u00e8res et la lutte con\u00adtre les trafics humains.<\/strong><\/li>\n\n\n\n<li><strong>La facil\u00adi\u00adta\u00adtion de la mobil\u00adit\u00e9 pro\u00adfes\u00adsion\u00adnelle, pri\u00ador\u00adit\u00e9 au \u201ctal\u00adent f\u00e9minin\u201d.<\/strong><\/li>\n\n\n\n<li><strong>Une coop\u00e9ra\u00adtion ren\u00adfor\u00adc\u00e9e con\u00adtre les vio\u00adlences con\u00adju\u00adgales et la cyber\u00adcrim\u00adi\u00adnal\u00adit\u00e9.<\/strong><\/li>\n\n\n\n<li><strong>La d\u00e9fense des droits soci\u00adaux des familles bina\u00adtionales et des expa\u00adtri\u00e9es.<\/strong><\/li>\n<\/ul>\n\n\n\n<p>Analyse &amp; D\u00e9veloppe\u00adment<\/p>\n\n\n\n<ul class=\"wp-block-list\">\n<li>Les femmes actives se r\u00e9jouis\u00adsent : mobil\u00adit\u00e9 accrue, oppor\u00adtu\u00adnit\u00e9s d\u2019emploi trans\u00adfrontal\u00adi\u00e8res, recon\u00adnais\u00adsance des dipl\u00f4mes.<\/li>\n\n\n\n<li>Les asso\u00adci\u00ada\u00adtions de d\u00e9fense s\u2019inqui\u00e8tent&nbsp;: pr\u00e9\u00adcari\u00adsa\u00adtion des migrantes, men\u00adace sur les allo\u00adca\u00adtions famil\u00adiales.<\/li>\n\n\n\n<li>Les diplo\u00admates pr\u00f4\u00adnent une poli\u00adtique de \u201cco-d\u00e9veloppe\u00adment f\u00e9minin\u201d, \u00e9change de bonnes pra\u00adtiques et cr\u00e9a\u00adtion d\u2019un fonds europ\u00e9en pour l\u2019entrepreneuriat des femmes.<\/li>\n<\/ul>\n\n\n\n<p>T\u00e9moignages<\/p>\n\n\n\n<p><em>\u201cPou\u00advoir tra\u00advailler \u00e0 Lon\u00addres ou \u00e0 Paris sans entrave, c\u2019est un r\u00eave pour ma car\u00adri\u00e8re\u2026\u201d<\/em><em><br>Fati\u00adma, ing\u00e9nieure infor\u00adma\u00adtique, Lyon.<\/em><\/p>\n\n\n\n<figure class=\"wp-block-image size-full\"><img loading=\"lazy\" decoding=\"async\" width=\"864\" height=\"486\" src=\"https:\/\/bobea.net\/wp-content\/uploads\/2025\/07\/thumbs_b_c_ff16c3730ff11dc5685b458a12cf2f12.jpg\" alt class=\"wp-image-21324\" srcset=\"https:\/\/bobea.net\/wp-content\/uploads\/2025\/07\/thumbs_b_c_ff16c3730ff11dc5685b458a12cf2f12.jpg 864w, https:\/\/bobea.net\/wp-content\/uploads\/2025\/07\/thumbs_b_c_ff16c3730ff11dc5685b458a12cf2f12-300x169.jpg 300w, https:\/\/bobea.net\/wp-content\/uploads\/2025\/07\/thumbs_b_c_ff16c3730ff11dc5685b458a12cf2f12-768x432.jpg 768w\" sizes=\"(max-width: 864px) 100vw, 864px\"><\/figure>\n\n\n\n<p><em>\u201cLa coop\u00e9ra\u00adtion doit inclure la voix des femmes, \u00e0 tous les niveaux d\u00e9ci\u00adsion\u00adnels.\u201d<\/em><em><br>Mathilde, pr\u00e9si\u00addente de l\u2019ONG Femme Europe Unie.<\/em><\/p>\n\n\n\n<p>Enjeux pour le futur<\/p>\n\n\n\n<ul class=\"wp-block-list\">\n<li><strong>Sol\u00adi\u00addar\u00adit\u00e9 f\u00e9mi\u00adnine europ\u00e9enne<\/strong>&nbsp;: R\u00e9seaux, men\u00adtor\u00ading, ini\u00adtia\u00adtives com\u00admunes.<\/li>\n\n\n\n<li><strong>Pr\u00e9ven\u00adtion des dis\u00adcrim\u00adi\u00adna\u00adtions<\/strong>&nbsp;: Har\u00admon\u00adi\u00adsa\u00adtion des lois et acc\u00e8s \u00e9quitable aux ser\u00advices soci\u00adaux.<\/li>\n\n\n\n<li><strong>Nou\u00advelles per\u00adspec\u00adtives pour la jeunesse<\/strong>&nbsp;: Mobil\u00adit\u00e9, \u00e9tudes, stages, citoyen\u00adnet\u00e9 europ\u00e9enne ren\u00adfor\u00adc\u00e9e.<\/li>\n<\/ul>\n\n\n\n<p>Con\u00adseils Pra\u00adtiques<\/p>\n\n\n\n<ul class=\"wp-block-list\">\n<li>S\u2019informer sur les nou\u00advelles oppor\u00adtu\u00adnit\u00e9s (bours\u00ades, stages, r\u00e9seaux d\u2019entraide)<\/li>\n\n\n\n<li>S\u2019engager dans les groupes f\u00e9minins europ\u00e9ens pour peser sur l\u2019agenda poli\u00adtique<\/li>\n\n\n\n<li>Sur\u00adveiller l\u2019\u00e9volution des droits \u00e0 tra\u00advers notre rubrique Bob\u00e9a Actu\u00adal\u00adit\u00e9s<\/li>\n<\/ul>\n\n\n\n<p>Appel \u00e0 la Com\u00admu\u00adnaut\u00e9<\/p>\n\n\n\n<p>Agis\u00adsez locale\u00adment, influ\u00adencez glob\u00adale\u00adment ! Bob\u00e9a.net vous invite \u00e0 r\u00e9a\u00adgir, t\u00e9moign\u00ader et devenir ambas\u00adsadrice du change\u00adment sur la sc\u00e8ne europ\u00e9enne.<\/p>\n","protected":false},"excerpt":{"rendered":"<p>Pos\u00ader la Ques\u00adtion Le som\u00admet fran\u00ad\u00adco-bri\u00ad\u00adtan\u00adnique du 16 juil\u00adlet 2025 s\u2019ouvre sur fond de d\u00e9fi s\u00e9cu\u00adri\u00adtaire et social. Nou\u00adveaux accords en vue : com\u00adment ces d\u00e9ci\u00adsions vont-elles influ\u00adencer la vie\u2026 <\/p>\n","protected":false},"author":1,"featured_media":21325,"comment_status":"open","ping_status":"closed","sticky":false,"template":"","format":"standard","meta":{"wp_typography_post_enhancements_disabled":false,"footnotes":""},"categories":[73],"tags":[15738,197,15741,15740,15737,15739],"class_list":["post-21322","post","type-post","status-publish","format-standard","has-post-thumbnail","hentry","category-on-en-parle","tag-alliances-europeennes","tag-droits-des-femmes","tag-leadership-feminin-2","tag-politique-europeenne","tag-sommet-franco-britannique","tag-stabilite-sociale"],"yoast_head":"<!-- This site is optimized with the Yoast SEO plugin v24.7 - https:\/\/yoast.com\/wordpress\/plugins\/seo\/ -->\n<title>Sommet franco-britannique, alliances nouvelles et stabilit\u00e9 europ\u00e9enne - Bobea<\/title>\n<meta name=\"robots\" content=\"index, follow, max-snippet:-1, max-image-preview:large, max-video-preview:-1\" \/>\n<link rel=\"canonical\" href=\"https:\/\/bobea.net\/index.php\/2025\/07\/16\/sommet-franco-britannique-alliances-nouvelles-et-stabilite-europeenne\/\" \/>\n<meta property=\"og:locale\" content=\"fr_FR\" \/>\n<meta property=\"og:type\" content=\"article\" \/>\n<meta property=\"og:title\" content=\"Sommet franco-britannique, alliances nouvelles et stabilit\u00e9 europ\u00e9enne - Bobea\" \/>\n<meta property=\"og:description\" content=\"Pos\u00ader la Ques\u00adtion Le som\u00admet fran\u00adco-bri\u00adtan\u00adnique du 16 juil\u00adlet 2025 s\u2019ouvre sur fond de d\u00e9fi s\u00e9cu\u00adri\u00adtaire et social. Nou\u00adveaux accords en vue : com\u00adment ces d\u00e9ci\u00adsions vont-elles influ\u00adencer la vie&hellip;\" \/>\n<meta property=\"og:url\" content=\"https:\/\/bobea.net\/index.php\/2025\/07\/16\/sommet-franco-britannique-alliances-nouvelles-et-stabilite-europeenne\/\" \/>\n<meta property=\"og:site_name\" content=\"Bobea\" \/>\n<meta property=\"article:publisher\" content=\"https:\/\/web.facebook.com\/profile.php?id=61559252188416\" \/>\n<meta property=\"article:published_time\" content=\"2025-07-16T14:08:53+00:00\" \/>\n<meta property=\"article:modified_time\" content=\"2025-07-16T14:08:54+00:00\" \/>\n<meta property=\"og:image\" content=\"https:\/\/bobea.net\/wp-content\/uploads\/2025\/07\/Visite-Emmanuel-Macron.webp\" \/>\n\t<meta property=\"og:image:width\" content=\"745\" \/>\n\t<meta property=\"og:image:height\" content=\"465\" \/>\n\t<meta property=\"og:image:type\" content=\"image\/webp\" \/>\n<meta name=\"author\" content=\"bobea.info\" \/>\n<meta name=\"twitter:card\" content=\"summary_large_image\" \/>\n<meta name=\"twitter:label1\" content=\"\u00c9crit par\" \/>\n\t<meta name=\"twitter:data1\" content=\"bobea.info\" \/>\n\t<meta name=\"twitter:label2\" content=\"Dur\u00e9e de lecture estim\u00e9e\" \/>\n\t<meta name=\"twitter:data2\" content=\"2 minutes\" \/>\n<script type=\"application\/ld+json\" class=\"yoast-schema-graph\">{\"@context\":\"https:\/\/schema.org\",\"@graph\":[{\"@type\":\"Article\",\"@id\":\"https:\/\/bobea.net\/index.php\/2025\/07\/16\/sommet-franco-britannique-alliances-nouvelles-et-stabilite-europeenne\/#article\",\"isPartOf\":{\"@id\":\"https:\/\/bobea.net\/index.php\/2025\/07\/16\/sommet-franco-britannique-alliances-nouvelles-et-stabilite-europeenne\/\"},\"author\":{\"name\":\"bobea.info\",\"@id\":\"https:\/\/bobea.net\/#\/schema\/person\/e7f45ef187918d7c956bf619dce90ccf\"},\"headline\":\"Sommet franco-britannique, alliances nouvelles et stabilit\u00e9 europ\u00e9enne\",\"datePublished\":\"2025-07-16T14:08:53+00:00\",\"dateModified\":\"2025-07-16T14:08:54+00:00\",\"mainEntityOfPage\":{\"@id\":\"https:\/\/bobea.net\/index.php\/2025\/07\/16\/sommet-franco-britannique-alliances-nouvelles-et-stabilite-europeenne\/\"},\"wordCount\":369,\"commentCount\":0,\"publisher\":{\"@id\":\"https:\/\/bobea.net\/#organization\"},\"image\":{\"@id\":\"https:\/\/bobea.net\/index.php\/2025\/07\/16\/sommet-franco-britannique-alliances-nouvelles-et-stabilite-europeenne\/#primaryimage\"},\"thumbnailUrl\":\"https:\/\/bobea.net\/wp-content\/uploads\/2025\/07\/Visite-Emmanuel-Macron.webp\",\"keywords\":[\"alliances europ\u00e9ennes\",\"droits des femmes\",\"leadership f\u00e9minin.\",\"politique europ\u00e9enne\",\"Sommet franco-britannique\",\"stabilit\u00e9 sociale\"],\"articleSection\":[\"On en Parle\"],\"inLanguage\":\"fr-FR\",\"potentialAction\":[{\"@type\":\"CommentAction\",\"name\":\"Comment\",\"target\":[\"https:\/\/bobea.net\/index.php\/2025\/07\/16\/sommet-franco-britannique-alliances-nouvelles-et-stabilite-europeenne\/#respond\"]}]},{\"@type\":\"WebPage\",\"@id\":\"https:\/\/bobea.net\/index.php\/2025\/07\/16\/sommet-franco-britannique-alliances-nouvelles-et-stabilite-europeenne\/\",\"url\":\"https:\/\/bobea.net\/index.php\/2025\/07\/16\/sommet-franco-britannique-alliances-nouvelles-et-stabilite-europeenne\/\",\"name\":\"Sommet franco-britannique, alliances nouvelles et stabilit\u00e9 europ\u00e9enne - Bobea\",\"isPartOf\":{\"@id\":\"https:\/\/bobea.net\/#website\"},\"primaryImageOfPage\":{\"@id\":\"https:\/\/bobea.net\/index.php\/2025\/07\/16\/sommet-franco-britannique-alliances-nouvelles-et-stabilite-europeenne\/#primaryimage\"},\"image\":{\"@id\":\"https:\/\/bobea.net\/index.php\/2025\/07\/16\/sommet-franco-britannique-alliances-nouvelles-et-stabilite-europeenne\/#primaryimage\"},\"thumbnailUrl\":\"https:\/\/bobea.net\/wp-content\/uploads\/2025\/07\/Visite-Emmanuel-Macron.webp\",\"datePublished\":\"2025-07-16T14:08:53+00:00\",\"dateModified\":\"2025-07-16T14:08:54+00:00\",\"breadcrumb\":{\"@id\":\"https:\/\/bobea.net\/index.php\/2025\/07\/16\/sommet-franco-britannique-alliances-nouvelles-et-stabilite-europeenne\/#breadcrumb\"},\"inLanguage\":\"fr-FR\",\"potentialAction\":[{\"@type\":\"ReadAction\",\"target\":[\"https:\/\/bobea.net\/index.php\/2025\/07\/16\/sommet-franco-britannique-alliances-nouvelles-et-stabilite-europeenne\/\"]}]},{\"@type\":\"ImageObject\",\"inLanguage\":\"fr-FR\",\"@id\":\"https:\/\/bobea.net\/index.php\/2025\/07\/16\/sommet-franco-britannique-alliances-nouvelles-et-stabilite-europeenne\/#primaryimage\",\"url\":\"https:\/\/bobea.net\/wp-content\/uploads\/2025\/07\/Visite-Emmanuel-Macron.webp\",\"contentUrl\":\"https:\/\/bobea.net\/wp-content\/uploads\/2025\/07\/Visite-Emmanuel-Macron.webp\",\"width\":745,\"height\":465},{\"@type\":\"BreadcrumbList\",\"@id\":\"https:\/\/bobea.net\/index.php\/2025\/07\/16\/sommet-franco-britannique-alliances-nouvelles-et-stabilite-europeenne\/#breadcrumb\",\"itemListElement\":[{\"@type\":\"ListItem\",\"position\":1,\"name\":\"Accueil\",\"item\":\"https:\/\/bobea.net\/\"},{\"@type\":\"ListItem\",\"position\":2,\"name\":\"Sommet franco-britannique, alliances nouvelles et stabilit\u00e9 europ\u00e9enne\"}]},{\"@type\":\"WebSite\",\"@id\":\"https:\/\/bobea.net\/#website\",\"url\":\"https:\/\/bobea.net\/\",\"name\":\"Bobea\",\"description\":\"Le magazine de la nouvelle \u00c8ve\",\"publisher\":{\"@id\":\"https:\/\/bobea.net\/#organization\"},\"potentialAction\":[{\"@type\":\"SearchAction\",\"target\":{\"@type\":\"EntryPoint\",\"urlTemplate\":\"https:\/\/bobea.net\/?s={search_term_string}\"},\"query-input\":{\"@type\":\"PropertyValueSpecification\",\"valueRequired\":true,\"valueName\":\"search_term_string\"}}],\"inLanguage\":\"fr-FR\"},{\"@type\":\"Organization\",\"@id\":\"https:\/\/bobea.net\/#organization\",\"name\":\"Bobea\",\"url\":\"https:\/\/bobea.net\/\",\"logo\":{\"@type\":\"ImageObject\",\"inLanguage\":\"fr-FR\",\"@id\":\"https:\/\/bobea.net\/#\/schema\/logo\/image\/\",\"url\":\"https:\/\/bobea.net\/wp-content\/uploads\/2024\/06\/bobea.jpg\",\"contentUrl\":\"https:\/\/bobea.net\/wp-content\/uploads\/2024\/06\/bobea.jpg\",\"width\":1080,\"height\":1080,\"caption\":\"Bobea\"},\"image\":{\"@id\":\"https:\/\/bobea.net\/#\/schema\/logo\/image\/\"},\"sameAs\":[\"https:\/\/web.facebook.com\/profile.php?id=61559252188416\"]},{\"@type\":\"Person\",\"@id\":\"https:\/\/bobea.net\/#\/schema\/person\/e7f45ef187918d7c956bf619dce90ccf\",\"name\":\"bobea.info\",\"image\":{\"@type\":\"ImageObject\",\"inLanguage\":\"fr-FR\",\"@id\":\"https:\/\/bobea.net\/#\/schema\/person\/image\/\",\"url\":\"https:\/\/secure.gravatar.com\/avatar\/36147980349df887ae30808df3e29474?s=96&d=mm&r=g\",\"contentUrl\":\"https:\/\/secure.gravatar.com\/avatar\/36147980349df887ae30808df3e29474?s=96&d=mm&r=g\",\"caption\":\"bobea.info\"},\"sameAs\":[\"https:\/\/bobea.net\"],\"url\":\"https:\/\/bobea.net\/index.php\/author\/bobea-info\/\"}]}<\/script>\n<!-- \/ Yoast SEO plugin. -->","yoast_head_json":{"title":"Sommet franco-britannique, alliances nouvelles et stabilit\u00e9 europ\u00e9enne - Bobea","robots":{"index":"index","follow":"follow","max-snippet":"max-snippet:-1","max-image-preview":"max-image-preview:large","max-video-preview":"max-video-preview:-1"},"canonical":"https:\/\/bobea.net\/index.php\/2025\/07\/16\/sommet-franco-britannique-alliances-nouvelles-et-stabilite-europeenne\/","og_locale":"fr_FR","og_type":"article","og_title":"Sommet franco-britannique, alliances nouvelles et stabilit\u00e9 europ\u00e9enne - Bobea","og_description":"Pos\u00ader la Ques\u00adtion Le som\u00admet fran\u00adco-bri\u00adtan\u00adnique du 16 juil\u00adlet 2025 s\u2019ouvre sur fond de d\u00e9fi s\u00e9cu\u00adri\u00adtaire et social. Nou\u00adveaux accords en vue : com\u00adment ces d\u00e9ci\u00adsions vont-elles influ\u00adencer la vie&hellip;","og_url":"https:\/\/bobea.net\/index.php\/2025\/07\/16\/sommet-franco-britannique-alliances-nouvelles-et-stabilite-europeenne\/","og_site_name":"Bobea","article_publisher":"https:\/\/web.facebook.com\/profile.php?id=61559252188416","article_published_time":"2025-07-16T14:08:53+00:00","article_modified_time":"2025-07-16T14:08:54+00:00","og_image":[{"width":745,"height":465,"url":"https:\/\/bobea.net\/wp-content\/uploads\/2025\/07\/Visite-Emmanuel-Macron.webp","type":"image\/webp"}],"author":"bobea.info","twitter_card":"summary_large_image","twitter_misc":{"\u00c9crit par":"bobea.info","Dur\u00e9e de lecture estim\u00e9e":"2 minutes"},"schema":{"@context":"https:\/\/schema.org","@graph":[{"@type":"Article","@id":"https:\/\/bobea.net\/index.php\/2025\/07\/16\/sommet-franco-britannique-alliances-nouvelles-et-stabilite-europeenne\/#article","isPartOf":{"@id":"https:\/\/bobea.net\/index.php\/2025\/07\/16\/sommet-franco-britannique-alliances-nouvelles-et-stabilite-europeenne\/"},"author":{"name":"bobea.info","@id":"https:\/\/bobea.net\/#\/schema\/person\/e7f45ef187918d7c956bf619dce90ccf"},"headline":"Sommet franco-britannique, alliances nouvelles et stabilit\u00e9 europ\u00e9enne","datePublished":"2025-07-16T14:08:53+00:00","dateModified":"2025-07-16T14:08:54+00:00","mainEntityOfPage":{"@id":"https:\/\/bobea.net\/index.php\/2025\/07\/16\/sommet-franco-britannique-alliances-nouvelles-et-stabilite-europeenne\/"},"wordCount":369,"commentCount":0,"publisher":{"@id":"https:\/\/bobea.net\/#organization"},"image":{"@id":"https:\/\/bobea.net\/index.php\/2025\/07\/16\/sommet-franco-britannique-alliances-nouvelles-et-stabilite-europeenne\/#primaryimage"},"thumbnailUrl":"https:\/\/bobea.net\/wp-content\/uploads\/2025\/07\/Visite-Emmanuel-Macron.webp","keywords":["alliances europ\u00e9ennes","droits des femmes","leadership f\u00e9minin.","politique europ\u00e9enne","Sommet franco-britannique","stabilit\u00e9 sociale"],"articleSection":["On en Parle"],"inLanguage":"fr-FR","potentialAction":[{"@type":"CommentAction","name":"Comment","target":["https:\/\/bobea.net\/index.php\/2025\/07\/16\/sommet-franco-britannique-alliances-nouvelles-et-stabilite-europeenne\/#respond"]}]},{"@type":"WebPage","@id":"https:\/\/bobea.net\/index.php\/2025\/07\/16\/sommet-franco-britannique-alliances-nouvelles-et-stabilite-europeenne\/","url":"https:\/\/bobea.net\/index.php\/2025\/07\/16\/sommet-franco-britannique-alliances-nouvelles-et-stabilite-europeenne\/","name":"Sommet franco-britannique, alliances nouvelles et stabilit\u00e9 europ\u00e9enne - Bobea","isPartOf":{"@id":"https:\/\/bobea.net\/#website"},"primaryImageOfPage":{"@id":"https:\/\/bobea.net\/index.php\/2025\/07\/16\/sommet-franco-britannique-alliances-nouvelles-et-stabilite-europeenne\/#primaryimage"},"image":{"@id":"https:\/\/bobea.net\/index.php\/2025\/07\/16\/sommet-franco-britannique-alliances-nouvelles-et-stabilite-europeenne\/#primaryimage"},"thumbnailUrl":"https:\/\/bobea.net\/wp-content\/uploads\/2025\/07\/Visite-Emmanuel-Macron.webp","datePublished":"2025-07-16T14:08:53+00:00","dateModified":"2025-07-16T14:08:54+00:00","breadcrumb":{"@id":"https:\/\/bobea.net\/index.php\/2025\/07\/16\/sommet-franco-britannique-alliances-nouvelles-et-stabilite-europeenne\/#breadcrumb"},"inLanguage":"fr-FR","potentialAction":[{"@type":"ReadAction","target":["https:\/\/bobea.net\/index.php\/2025\/07\/16\/sommet-franco-britannique-alliances-nouvelles-et-stabilite-europeenne\/"]}]},{"@type":"ImageObject","inLanguage":"fr-FR","@id":"https:\/\/bobea.net\/index.php\/2025\/07\/16\/sommet-franco-britannique-alliances-nouvelles-et-stabilite-europeenne\/#primaryimage","url":"https:\/\/bobea.net\/wp-content\/uploads\/2025\/07\/Visite-Emmanuel-Macron.webp","contentUrl":"https:\/\/bobea.net\/wp-content\/uploads\/2025\/07\/Visite-Emmanuel-Macron.webp","width":745,"height":465},{"@type":"BreadcrumbList","@id":"https:\/\/bobea.net\/index.php\/2025\/07\/16\/sommet-franco-britannique-alliances-nouvelles-et-stabilite-europeenne\/#breadcrumb","itemListElement":[{"@type":"ListItem","position":1,"name":"Accueil","item":"https:\/\/bobea.net\/"},{"@type":"ListItem","position":2,"name":"Sommet franco-britannique, alliances nouvelles et stabilit\u00e9 europ\u00e9enne"}]},{"@type":"WebSite","@id":"https:\/\/bobea.net\/#website","url":"https:\/\/bobea.net\/","name":"Bobea","description":"Le magazine de la nouvelle \u00c8ve","publisher":{"@id":"https:\/\/bobea.net\/#organization"},"potentialAction":[{"@type":"SearchAction","target":{"@type":"EntryPoint","urlTemplate":"https:\/\/bobea.net\/?s={search_term_string}"},"query-input":{"@type":"PropertyValueSpecification","valueRequired":true,"valueName":"search_term_string"}}],"inLanguage":"fr-FR"},{"@type":"Organization","@id":"https:\/\/bobea.net\/#organization","name":"Bobea","url":"https:\/\/bobea.net\/","logo":{"@type":"ImageObject","inLanguage":"fr-FR","@id":"https:\/\/bobea.net\/#\/schema\/logo\/image\/","url":"https:\/\/bobea.net\/wp-content\/uploads\/2024\/06\/bobea.jpg","contentUrl":"https:\/\/bobea.net\/wp-content\/uploads\/2024\/06\/bobea.jpg","width":1080,"height":1080,"caption":"Bobea"},"image":{"@id":"https:\/\/bobea.net\/#\/schema\/logo\/image\/"},"sameAs":["https:\/\/web.facebook.com\/profile.php?id=61559252188416"]},{"@type":"Person","@id":"https:\/\/bobea.net\/#\/schema\/person\/e7f45ef187918d7c956bf619dce90ccf","name":"bobea.info","image":{"@type":"ImageObject","inLanguage":"fr-FR","@id":"https:\/\/bobea.net\/#\/schema\/person\/image\/","url":"https:\/\/secure.gravatar.com\/avatar\/36147980349df887ae30808df3e29474?s=96&d=mm&r=g","contentUrl":"https:\/\/secure.gravatar.com\/avatar\/36147980349df887ae30808df3e29474?s=96&d=mm&r=g","caption":"bobea.info"},"sameAs":["https:\/\/bobea.net"],"url":"https:\/\/bobea.net\/index.php\/author\/bobea-info\/"}]}},"_links":{"self":[{"href":"https:\/\/bobea.net\/index.php\/wp-json\/wp\/v2\/posts\/21322"}],"collection":[{"href":"https:\/\/bobea.net\/index.php\/wp-json\/wp\/v2\/posts"}],"about":[{"href":"https:\/\/bobea.net\/index.php\/wp-json\/wp\/v2\/types\/post"}],"author":[{"embeddable":true,"href":"https:\/\/bobea.net\/index.php\/wp-json\/wp\/v2\/users\/1"}],"replies":[{"embeddable":true,"href":"https:\/\/bobea.net\/index.php\/wp-json\/wp\/v2\/comments?post=21322"}],"version-history":[{"count":1,"href":"https:\/\/bobea.net\/index.php\/wp-json\/wp\/v2\/posts\/21322\/revisions"}],"predecessor-version":[{"id":21326,"href":"https:\/\/bobea.net\/index.php\/wp-json\/wp\/v2\/posts\/21322\/revisions\/21326"}],"wp:featuredmedia":[{"embeddable":true,"href":"https:\/\/bobea.net\/index.php\/wp-json\/wp\/v2\/media\/21325"}],"wp:attachment":[{"href":"https:\/\/bobea.net\/index.php\/wp-json\/wp\/v2\/media?parent=21322"}],"wp:term":[{"taxonomy":"category","embeddable":true,"href":"https:\/\/bobea.net\/index.php\/wp-json\/wp\/v2\/categories?post=21322"},{"taxonomy":"post_tag","embeddable":true,"href":"https:\/\/bobea.net\/index.php\/wp-json\/wp\/v2\/tags?post=21322"}],"curies":[{"name":"wp","href":"https:\/\/api.w.org\/{rel}","templated":true}]}}