{"id":20938,"date":"2025-07-08T00:47:51","date_gmt":"2025-07-08T00:47:51","guid":{"rendered":"https:\/\/bobea.net\/?p=20938"},"modified":"2025-07-08T00:47:52","modified_gmt":"2025-07-08T00:47:52","slug":"comment-surmonter-un-burn-out-temoignages-et-conseils","status":"publish","type":"post","link":"https:\/\/bobea.net\/index.php\/2025\/07\/08\/comment-surmonter-un-burn-out-temoignages-et-conseils\/","title":{"rendered":"Comment surmonter un burn-out, t\u00e9moignages et conseils"},"content":{"rendered":"\n<p>Intro\u00adduc\u00adtion : Le burn-out, fl\u00e9au silen\u00adcieux de notre \u00e9poque<\/p>\n\n\n\n<p>En 2025, la san\u00adt\u00e9 men\u00adtale s\u2019impose comme l\u2019un des enjeux majeurs de la soci\u00e9t\u00e9 mod\u00aderne. Le burn-out, ou syn\u00addrome d\u2019\u00e9puisement pro\u00adfes\u00adsion\u00adnel, touche d\u00e9sor\u00admais toutes les g\u00e9n\u00e9ra\u00adtions, tous les milieux et tous les secteurs d\u2019activit\u00e9. Longtemps tabou, il est aujourd\u2019hui recon\u00adnu comme une patholo\u00adgie s\u00e9rieuse, qui n\u00e9ces\u00adsite une prise en charge glob\u00adale et bien\u00adveil\u00adlante. Mais com\u00adment recon\u00adna\u00eetre les signes avant-coureurs&nbsp;? Com\u00adment s\u2019en sor\u00adtir&nbsp;? Quels sont les t\u00e9moignages de celles et ceux qui ont tra\u00adver\u00ads\u00e9 cette \u00e9preuve&nbsp;? Plong\u00e9e dans la r\u00e9al\u00adit\u00e9 du burn-out, entre r\u00e9c\u00adits poignants, analy\u00adses d\u2019experts et pistes con\u00adcr\u00e8tes pour retrou\u00adver l\u2019\u00e9quilibre1.<\/p>\n\n\n\n<p>Com\u00adpren\u00addre le burn-out&nbsp;: quand le corps et l\u2019esprit l\u00e2chent<\/p>\n\n\n\n<p>Le burn-out ne se r\u00e9sume pas \u00e0 une sim\u00adple fatigue ou \u00e0 un \u00ab&nbsp;coup de mou&nbsp;\u00bb. Il s\u2019agit d\u2019un effon\u00addrement physique, \u00e9mo\u00adtion\u00adnel et men\u00adtal, sou\u00advent li\u00e9 \u00e0 une sur\u00adcharge de tra\u00advail, \u00e0 un manque de recon\u00adnais\u00adsance ou \u00e0 une perte de sens.<br>Les symp\u00adt\u00f4mes sont mul\u00adti\u00adples&nbsp;: \u00e9puise\u00adment chronique, trou\u00adbles du som\u00admeil, anx\u00adi\u00e9t\u00e9, irri\u00adtabil\u00adit\u00e9, perte de moti\u00adva\u00adtion, douleurs physiques, isole\u00adment social.<br>Selon les sp\u00e9\u00adcial\u00adistes, le burn-out est le r\u00e9sul\u00adtat d\u2019un d\u00e9s\u00e9quili\u00adbre pro\u00adlong\u00e9 entre les exi\u00adgences de l\u2019environnement pro\u00adfes\u00adsion\u00adnel (ou famil\u00adial) et les ressources per\u00adson\u00adnelles pour y faire face.<\/p>\n\n\n\n<p>T\u00e9moignages&nbsp;: elles racon\u00adtent leur descente et leur renais\u00adsance<\/p>\n\n\n\n<p>Claire, cadre dans la finance&nbsp;: \u00ab&nbsp;Je ne ressen\u00adtais plus rien, juste du vide&nbsp;\u00bb<\/p>\n\n\n\n<p>\u00ab&nbsp;J\u2019ai tou\u00adjours \u00e9t\u00e9 une bat\u00adtante, mais \u00e0 force d\u2019encha\u00eener les dossiers, de ne jamais dire non, j\u2019ai fini par m\u2019effondrer. Je me r\u00e9veil\u00adlais la nuit avec des pal\u00adpi\u00adta\u00adtions, j\u2019avais l\u2019impression de ne plus exis\u00adter. Le d\u00e9clic&nbsp;? Le jour o\u00f9 je n\u2019ai pas pu sor\u00adtir du lit. J\u2019ai accep\u00adt\u00e9 de me faire aider, et \u00e7a a tout chang\u00e9.&nbsp;\u00bb<\/p>\n\n\n\n<figure class=\"wp-block-image size-full is-resized\"><img loading=\"lazy\" decoding=\"async\" width=\"704\" height=\"396\" src=\"https:\/\/bobea.net\/wp-content\/uploads\/2025\/07\/XVMe3e653bc-a522-11e8-962f-e053b231acdb.webp\" alt class=\"wp-image-20939\" style=\"width:840px;height:auto\" srcset=\"https:\/\/bobea.net\/wp-content\/uploads\/2025\/07\/XVMe3e653bc-a522-11e8-962f-e053b231acdb.webp 704w, https:\/\/bobea.net\/wp-content\/uploads\/2025\/07\/XVMe3e653bc-a522-11e8-962f-e053b231acdb-300x169.webp 300w\" sizes=\"(max-width: 704px) 100vw, 704px\"><\/figure>\n\n\n\n<p>Sophie, infir\u00admi\u00e8re&nbsp;: \u00ab&nbsp;J\u2019ai cru que c\u2019\u00e9tait de ma faute&nbsp;\u00bb<\/p>\n\n\n\n<p>\u00ab&nbsp;Dans mon m\u00e9ti\u00ader, on donne tout pour les autres. J\u2019ai tenu des mois en pen\u00adsant que je devais \u00eatre plus forte. Mais le corps a dit stop. J\u2019ai com\u00adpris que le burn-out n\u2019\u00e9tait pas un \u00e9chec, mais un sig\u00adnal d\u2019alarme. Aujourd\u2019hui, je prends soin de moi, j\u2019ai appris \u00e0 pos\u00ader des lim\u00adites.&nbsp;\u00bb<\/p>\n\n\n\n<p>Fatou, entre\u00adpre\u00adneure&nbsp;: \u00ab&nbsp;J\u2019ai fail\u00adli tout per\u00addre, y com\u00adpris ma san\u00adt\u00e9&nbsp;\u00bb<\/p>\n\n\n\n<p>\u00ab&nbsp;Cr\u00e9er son entre\u00adprise, c\u2019est grisant, mais aus\u00adsi tr\u00e8s soli\u00adtaire. Je tra\u00advail\u00adlais jour et nuit, sans jamais d\u00e9crocher. Le burn-out m\u2019a oblig\u00ad\u00e9e \u00e0 repenser mes pri\u00ador\u00adit\u00e9s. J\u2019ai d\u00e9l\u00e9gu\u00e9, j\u2019ai accep\u00adt\u00e9 d\u2019\u00eatre impar\u00adfaite, et j\u2019ai retrou\u00adv\u00e9 le go\u00fbt de mon m\u00e9ti\u00ader.&nbsp;\u00bb<\/p>\n\n\n\n<p>Les fac\u00adteurs de risque&nbsp;: pourquoi le burn-out explose-t-il&nbsp;?<\/p>\n\n\n\n<ul class=\"wp-block-list\">\n<li><strong>Hyper\u00adcon\u00adnex\u00adion et pres\u00adsion num\u00e9rique<\/strong>&nbsp;: mails, noti\u00adfi\u00adca\u00adtions, r\u00e9seaux soci\u00adaux cr\u00e9ent une urgence per\u00adma\u00adnente.<\/li>\n\n\n\n<li><strong>Manque de recon\u00adnais\u00adsance et sur\u00adcharge<\/strong>&nbsp;: objec\u00adtifs irr\u00e9al\u00adistes, man\u00adage\u00adment tox\u00adique, absence de feed\u00adback posi\u00adtif.<\/li>\n\n\n\n<li><strong>Dif\u00adfi\u00adcult\u00e9 \u00e0 pos\u00ader des lim\u00adites<\/strong>&nbsp;: peur de d\u00e9cevoir, per\u00adfec\u00adtion\u00adnisme, sen\u00adti\u00adment d\u2019imposture.<\/li>\n\n\n\n<li><strong>Isole\u00adment social<\/strong>&nbsp;: t\u00e9l\u00e9\u00adtra\u00advail mal encadr\u00e9, manque de sou\u00adtien de l\u2019\u00e9quipe ou de la hi\u00e9rar\u00adchie.<\/li>\n<\/ul>\n\n\n\n<p>Les \u00e9tapes pour sor\u00adtir du burn-out&nbsp;: se recon\u00adstru\u00adire pas \u00e0 pas<\/p>\n\n\n\n<p>1.&nbsp;<strong>Recon\u00adna\u00eetre et accepter la sit\u00adu\u00ada\u00adtion<\/strong><\/p>\n\n\n\n<p>Le pre\u00admier pas est sou\u00advent le plus dif\u00adfi\u00adcile&nbsp;: admet\u00adtre que l\u2019on va mal, que l\u2019on a besoin d\u2019aide. Cela passe par l\u2019\u00e9coute de ses pro\u00adpres sig\u00adnaux d\u2019alerte et l\u2019acceptation de sa vul\u00adn\u00e9ra\u00adbil\u00adit\u00e9.<\/p>\n\n\n\n<p>2.&nbsp;<strong>S\u2019arr\u00eater et deman\u00adder de l\u2019aide<\/strong><\/p>\n\n\n\n<p>Arr\u00eater le tra\u00advail, con\u00adsul\u00adter un m\u00e9decin, un psy\u00adcho\u00adlogue ou un coach sp\u00e9\u00adcial\u00adis\u00e9. Le repos est indis\u00adpens\u00adable, tout comme le sou\u00adtien d\u2019un pro\u00adfes\u00adsion\u00adnel qui saura guider la recon\u00adstruc\u00adtion.<\/p>\n\n\n\n<p>3.&nbsp;<strong>Se recon\u00adnecter \u00e0 soi-m\u00eame<\/strong><\/p>\n\n\n\n<p>Pren\u00addre le temps de se retrou\u00adver, de red\u00e9finir ses pri\u00ador\u00adit\u00e9s, de renouer avec ses pas\u00adsions et ses proches. La m\u00e9di\u00adta\u00adtion, la marche, l\u2019art-th\u00e9rapie ou l\u2019\u00e9criture sont autant de moyens de se r\u00e9ap\u00adpro\u00adprier son his\u00adtoire.<\/p>\n\n\n\n<p>4.&nbsp;<strong>Repenser son rap\u00adport au tra\u00advail<\/strong><\/p>\n\n\n\n<p>R\u00e9ap\u00adpren\u00addre \u00e0 pos\u00ader des lim\u00adites, \u00e0 dire non, \u00e0 d\u00e9l\u00e9guer. Revoir ses objec\u00adtifs, priv\u00adil\u00e9gi\u00ader la qual\u00adit\u00e9 \u00e0 la quan\u00adtit\u00e9, s\u2019autoriser \u00e0 \u00eatre impar\u00adfait.<\/p>\n\n\n\n<p>5.&nbsp;<strong>Se recon\u00adstru\u00adire durable\u00adment<\/strong><\/p>\n\n\n\n<p>Le retour \u00e0 la vie pro\u00adfes\u00adsion\u00adnelle doit \u00eatre pro\u00adgres\u00adsif, accom\u00adpa\u00adg\u00adn\u00e9 et r\u00e9fl\u00e9chi. Il s\u2019agit de b\u00e2tir un nou\u00adv\u00adel \u00e9quili\u00adbre, plus respectueux de ses besoins et de ses valeurs.<\/p>\n\n\n\n<p>Les con\u00adseils des experts pour pr\u00e9venir le burn-out<\/p>\n\n\n\n<ul class=\"wp-block-list\">\n<li><strong>\u00c9couter son corps et ses \u00e9mo\u00adtions<\/strong>&nbsp;: ne pas ignor\u00ader la fatigue, l\u2019irritabilit\u00e9, les trou\u00adbles du som\u00admeil.<\/li>\n\n\n\n<li><strong>S\u2019entourer et com\u00admu\u00adni\u00adquer<\/strong>&nbsp;: par\u00adler \u00e0 ses proches, \u00e0 ses col\u00adl\u00e8gues, deman\u00adder de l\u2019aide sans cul\u00adpa\u00adbil\u00adit\u00e9.<\/li>\n\n\n\n<li><strong>S\u2019accorder des paus\u00ades r\u00e9guli\u00e8res<\/strong>&nbsp;: micro-sieste, marche, res\u00adpi\u00adra\u00adtion con\u00adsciente.<\/li>\n\n\n\n<li><strong>D\u00e9con\u00adnecter du num\u00e9rique<\/strong>&nbsp;: instau\u00adr\u00ader des plages sans \u00e9cran, couper les noti\u00adfi\u00adca\u00adtions.<\/li>\n\n\n\n<li><strong>Pra\u00adti\u00adquer une activ\u00adit\u00e9 physique et cr\u00e9a\u00adtive<\/strong>\u202f: sport, danse, dessin, musique.<\/li>\n<\/ul>\n\n\n\n<figure class=\"wp-block-image size-full is-resized\"><img loading=\"lazy\" decoding=\"async\" width=\"800\" height=\"600\" src=\"https:\/\/bobea.net\/wp-content\/uploads\/2025\/07\/burn-out-emotionnel.jpg.webp\" alt class=\"wp-image-20941\" style=\"width:840px;height:auto\" srcset=\"https:\/\/bobea.net\/wp-content\/uploads\/2025\/07\/burn-out-emotionnel.jpg.webp 800w, https:\/\/bobea.net\/wp-content\/uploads\/2025\/07\/burn-out-emotionnel.jpg-300x225.webp 300w, https:\/\/bobea.net\/wp-content\/uploads\/2025\/07\/burn-out-emotionnel.jpg-768x576.webp 768w\" sizes=\"(max-width: 800px) 100vw, 800px\"><\/figure>\n\n\n\n<p>Le r\u00f4le des entre\u00adpris\u00ades et de la soci\u00e9t\u00e9<\/p>\n\n\n\n<p>La pr\u00e9ven\u00adtion du burn-out n\u2019est pas qu\u2019une affaire indi\u00advidu\u00adelle. Les entre\u00adpris\u00ades ont un r\u00f4le cl\u00e9 \u00e0 jouer&nbsp;:<\/p>\n\n\n\n<ul class=\"wp-block-list\">\n<li><strong>For\u00admer les man\u00adagers \u00e0 la d\u00e9tec\u00adtion des sig\u00adnaux faibles.<\/strong><\/li>\n\n\n\n<li><strong>Favoris\u00ader le droit \u00e0 la d\u00e9con\u00adnex\u00adion et la flex\u00adi\u00adbil\u00adit\u00e9.<\/strong><\/li>\n\n\n\n<li><strong>Val\u00adoris\u00ader la recon\u00adnais\u00adsance, l\u2019\u00e9coute et la bien\u00adveil\u00adlance.<\/strong><\/li>\n\n\n\n<li><strong>Met\u00adtre en place des dis\u00adposi\u00adtifs d\u2019accompagnement psy\u00adchologique.<\/strong><\/li>\n<\/ul>\n\n\n\n<p>La soci\u00e9t\u00e9 doit aus\u00adsi con\u00adtribuer \u00e0 lever les tabous, \u00e0 val\u00adoris\u00ader la san\u00adt\u00e9 men\u00adtale et \u00e0 soutenir les per\u00adson\u00adnes en dif\u00adfi\u00adcult\u00e9.<\/p>\n\n\n\n<p>Con\u00adclu\u00adsion&nbsp;: Le burn-out, une \u00e9preuve\u2026 et une renais\u00adsance pos\u00adsi\u00adble<\/p>\n\n\n\n<p>Le burn-out n\u2019est pas une fatal\u00adit\u00e9. Avec du temps, de l\u2019aide et une remise en ques\u00adtion pro\u00adfonde, il est pos\u00adsi\u00adble de s\u2019en sor\u00adtir, de se recon\u00adstru\u00adire et m\u00eame de trans\u00adformer cette \u00e9preuve en trem\u00adplin vers une vie plus \u00e9quili\u00adbr\u00e9e et authen\u00adtique. En 2025, la parole se lib\u00e8re, les solu\u00adtions exis\u00adtent&nbsp;: il ne faut pas h\u00e9siter \u00e0 deman\u00adder de l\u2019aide et \u00e0 croire en sa capac\u00adit\u00e9 de rebondir1.<\/p>\n\n\n\n<p><\/p>\n","protected":false},"excerpt":{"rendered":"<p>Intro\u00adduc\u00adtion : Le burn-out, fl\u00e9au silen\u00adcieux de notre \u00e9poque En 2025, la san\u00adt\u00e9 men\u00adtale s\u2019impose comme l\u2019un des enjeux majeurs de la soci\u00e9t\u00e9 mod\u00aderne. Le burn-out, ou syn\u00addrome d\u2019\u00e9puisement pro\u00adfes\u00adsion\u00adnel,\u2026 <\/p>\n","protected":false},"author":1,"featured_media":20942,"comment_status":"open","ping_status":"closed","sticky":false,"template":"","format":"standard","meta":{"wp_typography_post_enhancements_disabled":false,"footnotes":""},"categories":[90,58],"tags":[15528,15530,12163,14793,15529,15527,14419],"class_list":["post-20938","post","type-post","status-publish","format-standard","has-post-thumbnail","hentry","category-question-de-santes","category-sante","tag-burn-out-2025","tag-conseils-epuisement-professionnel","tag-prevention-burn-out","tag-reconstruction-apres-burn-out","tag-sante-mentale-travail","tag-surmonter-un-burn-out","tag-temoignages-burn-out"],"yoast_head":"<!-- This site is optimized with the Yoast SEO plugin v24.7 - https:\/\/yoast.com\/wordpress\/plugins\/seo\/ -->\n<title>Comment surmonter un burn-out, t\u00e9moignages et conseils - Bobea<\/title>\n<meta name=\"description\" content=\"Le burn-out n\u2019est pas une fatalit\u00e9. Avec du temps, de l\u2019aide et une remise en question profonde, il est possible de s\u2019en sortir,\" \/>\n<meta name=\"robots\" content=\"index, follow, max-snippet:-1, max-image-preview:large, max-video-preview:-1\" \/>\n<link rel=\"canonical\" href=\"https:\/\/bobea.net\/index.php\/2025\/07\/08\/comment-surmonter-un-burn-out-temoignages-et-conseils\/\" \/>\n<meta property=\"og:locale\" content=\"fr_FR\" \/>\n<meta property=\"og:type\" content=\"article\" \/>\n<meta property=\"og:title\" content=\"Comment surmonter un burn-out, t\u00e9moignages et conseils - Bobea\" \/>\n<meta property=\"og:description\" content=\"Le burn-out n\u2019est pas une fatalit\u00e9. Avec du temps, de l\u2019aide et une remise en question profonde, il est possible de s\u2019en sortir,\" \/>\n<meta property=\"og:url\" content=\"https:\/\/bobea.net\/index.php\/2025\/07\/08\/comment-surmonter-un-burn-out-temoignages-et-conseils\/\" \/>\n<meta property=\"og:site_name\" content=\"Bobea\" \/>\n<meta property=\"article:publisher\" content=\"https:\/\/web.facebook.com\/profile.php?id=61559252188416\" \/>\n<meta property=\"article:published_time\" content=\"2025-07-08T00:47:51+00:00\" \/>\n<meta property=\"article:modified_time\" content=\"2025-07-08T00:47:52+00:00\" \/>\n<meta property=\"og:image\" content=\"https:\/\/bobea.net\/wp-content\/uploads\/2025\/07\/3087585-1024x682-1.jpg\" \/>\n\t<meta property=\"og:image:width\" content=\"1024\" \/>\n\t<meta property=\"og:image:height\" content=\"682\" \/>\n\t<meta property=\"og:image:type\" content=\"image\/jpeg\" \/>\n<meta name=\"author\" content=\"bobea.info\" \/>\n<meta name=\"twitter:card\" content=\"summary_large_image\" \/>\n<meta name=\"twitter:label1\" content=\"\u00c9crit par\" \/>\n\t<meta name=\"twitter:data1\" content=\"bobea.info\" \/>\n\t<meta name=\"twitter:label2\" content=\"Dur\u00e9e de lecture estim\u00e9e\" \/>\n\t<meta name=\"twitter:data2\" content=\"5 minutes\" \/>\n<script type=\"application\/ld+json\" class=\"yoast-schema-graph\">{\"@context\":\"https:\/\/schema.org\",\"@graph\":[{\"@type\":\"Article\",\"@id\":\"https:\/\/bobea.net\/index.php\/2025\/07\/08\/comment-surmonter-un-burn-out-temoignages-et-conseils\/#article\",\"isPartOf\":{\"@id\":\"https:\/\/bobea.net\/index.php\/2025\/07\/08\/comment-surmonter-un-burn-out-temoignages-et-conseils\/\"},\"author\":{\"name\":\"bobea.info\",\"@id\":\"https:\/\/bobea.net\/#\/schema\/person\/e7f45ef187918d7c956bf619dce90ccf\"},\"headline\":\"Comment surmonter un burn-out, t\u00e9moignages et conseils\",\"datePublished\":\"2025-07-08T00:47:51+00:00\",\"dateModified\":\"2025-07-08T00:47:52+00:00\",\"mainEntityOfPage\":{\"@id\":\"https:\/\/bobea.net\/index.php\/2025\/07\/08\/comment-surmonter-un-burn-out-temoignages-et-conseils\/\"},\"wordCount\":969,\"commentCount\":0,\"publisher\":{\"@id\":\"https:\/\/bobea.net\/#organization\"},\"image\":{\"@id\":\"https:\/\/bobea.net\/index.php\/2025\/07\/08\/comment-surmonter-un-burn-out-temoignages-et-conseils\/#primaryimage\"},\"thumbnailUrl\":\"https:\/\/bobea.net\/wp-content\/uploads\/2025\/07\/3087585-1024x682-1.jpg\",\"keywords\":[\"burn-out 2025\",\"conseils \u00e9puisement professionnel\",\"pr\u00e9vention burn-out\",\"reconstruction apr\u00e8s burn-out\",\"sant\u00e9 mentale travail\",\"surmonter un burn-out\",\"t\u00e9moignages burn-out\"],\"articleSection\":[\"Question de Sant\u00e9s\",\"Sant\u00e9\"],\"inLanguage\":\"fr-FR\",\"potentialAction\":[{\"@type\":\"CommentAction\",\"name\":\"Comment\",\"target\":[\"https:\/\/bobea.net\/index.php\/2025\/07\/08\/comment-surmonter-un-burn-out-temoignages-et-conseils\/#respond\"]}]},{\"@type\":\"WebPage\",\"@id\":\"https:\/\/bobea.net\/index.php\/2025\/07\/08\/comment-surmonter-un-burn-out-temoignages-et-conseils\/\",\"url\":\"https:\/\/bobea.net\/index.php\/2025\/07\/08\/comment-surmonter-un-burn-out-temoignages-et-conseils\/\",\"name\":\"Comment surmonter un burn-out, t\u00e9moignages et conseils - Bobea\",\"isPartOf\":{\"@id\":\"https:\/\/bobea.net\/#website\"},\"primaryImageOfPage\":{\"@id\":\"https:\/\/bobea.net\/index.php\/2025\/07\/08\/comment-surmonter-un-burn-out-temoignages-et-conseils\/#primaryimage\"},\"image\":{\"@id\":\"https:\/\/bobea.net\/index.php\/2025\/07\/08\/comment-surmonter-un-burn-out-temoignages-et-conseils\/#primaryimage\"},\"thumbnailUrl\":\"https:\/\/bobea.net\/wp-content\/uploads\/2025\/07\/3087585-1024x682-1.jpg\",\"datePublished\":\"2025-07-08T00:47:51+00:00\",\"dateModified\":\"2025-07-08T00:47:52+00:00\",\"description\":\"Le burn-out n\u2019est pas une fatalit\u00e9. Avec du temps, de l\u2019aide et une remise en question profonde, il est possible de s\u2019en sortir,\",\"breadcrumb\":{\"@id\":\"https:\/\/bobea.net\/index.php\/2025\/07\/08\/comment-surmonter-un-burn-out-temoignages-et-conseils\/#breadcrumb\"},\"inLanguage\":\"fr-FR\",\"potentialAction\":[{\"@type\":\"ReadAction\",\"target\":[\"https:\/\/bobea.net\/index.php\/2025\/07\/08\/comment-surmonter-un-burn-out-temoignages-et-conseils\/\"]}]},{\"@type\":\"ImageObject\",\"inLanguage\":\"fr-FR\",\"@id\":\"https:\/\/bobea.net\/index.php\/2025\/07\/08\/comment-surmonter-un-burn-out-temoignages-et-conseils\/#primaryimage\",\"url\":\"https:\/\/bobea.net\/wp-content\/uploads\/2025\/07\/3087585-1024x682-1.jpg\",\"contentUrl\":\"https:\/\/bobea.net\/wp-content\/uploads\/2025\/07\/3087585-1024x682-1.jpg\",\"width\":1024,\"height\":682},{\"@type\":\"BreadcrumbList\",\"@id\":\"https:\/\/bobea.net\/index.php\/2025\/07\/08\/comment-surmonter-un-burn-out-temoignages-et-conseils\/#breadcrumb\",\"itemListElement\":[{\"@type\":\"ListItem\",\"position\":1,\"name\":\"Accueil\",\"item\":\"https:\/\/bobea.net\/\"},{\"@type\":\"ListItem\",\"position\":2,\"name\":\"Comment surmonter un burn-out, t\u00e9moignages et conseils\"}]},{\"@type\":\"WebSite\",\"@id\":\"https:\/\/bobea.net\/#website\",\"url\":\"https:\/\/bobea.net\/\",\"name\":\"Bobea\",\"description\":\"Le magazine de la nouvelle \u00c8ve\",\"publisher\":{\"@id\":\"https:\/\/bobea.net\/#organization\"},\"potentialAction\":[{\"@type\":\"SearchAction\",\"target\":{\"@type\":\"EntryPoint\",\"urlTemplate\":\"https:\/\/bobea.net\/?s={search_term_string}\"},\"query-input\":{\"@type\":\"PropertyValueSpecification\",\"valueRequired\":true,\"valueName\":\"search_term_string\"}}],\"inLanguage\":\"fr-FR\"},{\"@type\":\"Organization\",\"@id\":\"https:\/\/bobea.net\/#organization\",\"name\":\"Bobea\",\"url\":\"https:\/\/bobea.net\/\",\"logo\":{\"@type\":\"ImageObject\",\"inLanguage\":\"fr-FR\",\"@id\":\"https:\/\/bobea.net\/#\/schema\/logo\/image\/\",\"url\":\"https:\/\/bobea.net\/wp-content\/uploads\/2024\/06\/bobea.jpg\",\"contentUrl\":\"https:\/\/bobea.net\/wp-content\/uploads\/2024\/06\/bobea.jpg\",\"width\":1080,\"height\":1080,\"caption\":\"Bobea\"},\"image\":{\"@id\":\"https:\/\/bobea.net\/#\/schema\/logo\/image\/\"},\"sameAs\":[\"https:\/\/web.facebook.com\/profile.php?id=61559252188416\"]},{\"@type\":\"Person\",\"@id\":\"https:\/\/bobea.net\/#\/schema\/person\/e7f45ef187918d7c956bf619dce90ccf\",\"name\":\"bobea.info\",\"image\":{\"@type\":\"ImageObject\",\"inLanguage\":\"fr-FR\",\"@id\":\"https:\/\/bobea.net\/#\/schema\/person\/image\/\",\"url\":\"https:\/\/secure.gravatar.com\/avatar\/36147980349df887ae30808df3e29474?s=96&d=mm&r=g\",\"contentUrl\":\"https:\/\/secure.gravatar.com\/avatar\/36147980349df887ae30808df3e29474?s=96&d=mm&r=g\",\"caption\":\"bobea.info\"},\"sameAs\":[\"https:\/\/bobea.net\"],\"url\":\"https:\/\/bobea.net\/index.php\/author\/bobea-info\/\"}]}<\/script>\n<!-- \/ Yoast SEO plugin. -->","yoast_head_json":{"title":"Comment surmonter un burn-out, t\u00e9moignages et conseils - Bobea","description":"Le burn-out n\u2019est pas une fatalit\u00e9. Avec du temps, de l\u2019aide et une remise en question profonde, il est possible de s\u2019en sortir,","robots":{"index":"index","follow":"follow","max-snippet":"max-snippet:-1","max-image-preview":"max-image-preview:large","max-video-preview":"max-video-preview:-1"},"canonical":"https:\/\/bobea.net\/index.php\/2025\/07\/08\/comment-surmonter-un-burn-out-temoignages-et-conseils\/","og_locale":"fr_FR","og_type":"article","og_title":"Comment surmonter un burn-out, t\u00e9moignages et conseils - Bobea","og_description":"Le burn-out n\u2019est pas une fatalit\u00e9. Avec du temps, de l\u2019aide et une remise en question profonde, il est possible de s\u2019en sortir,","og_url":"https:\/\/bobea.net\/index.php\/2025\/07\/08\/comment-surmonter-un-burn-out-temoignages-et-conseils\/","og_site_name":"Bobea","article_publisher":"https:\/\/web.facebook.com\/profile.php?id=61559252188416","article_published_time":"2025-07-08T00:47:51+00:00","article_modified_time":"2025-07-08T00:47:52+00:00","og_image":[{"width":1024,"height":682,"url":"https:\/\/bobea.net\/wp-content\/uploads\/2025\/07\/3087585-1024x682-1.jpg","type":"image\/jpeg"}],"author":"bobea.info","twitter_card":"summary_large_image","twitter_misc":{"\u00c9crit par":"bobea.info","Dur\u00e9e de lecture estim\u00e9e":"5 minutes"},"schema":{"@context":"https:\/\/schema.org","@graph":[{"@type":"Article","@id":"https:\/\/bobea.net\/index.php\/2025\/07\/08\/comment-surmonter-un-burn-out-temoignages-et-conseils\/#article","isPartOf":{"@id":"https:\/\/bobea.net\/index.php\/2025\/07\/08\/comment-surmonter-un-burn-out-temoignages-et-conseils\/"},"author":{"name":"bobea.info","@id":"https:\/\/bobea.net\/#\/schema\/person\/e7f45ef187918d7c956bf619dce90ccf"},"headline":"Comment surmonter un burn-out, t\u00e9moignages et conseils","datePublished":"2025-07-08T00:47:51+00:00","dateModified":"2025-07-08T00:47:52+00:00","mainEntityOfPage":{"@id":"https:\/\/bobea.net\/index.php\/2025\/07\/08\/comment-surmonter-un-burn-out-temoignages-et-conseils\/"},"wordCount":969,"commentCount":0,"publisher":{"@id":"https:\/\/bobea.net\/#organization"},"image":{"@id":"https:\/\/bobea.net\/index.php\/2025\/07\/08\/comment-surmonter-un-burn-out-temoignages-et-conseils\/#primaryimage"},"thumbnailUrl":"https:\/\/bobea.net\/wp-content\/uploads\/2025\/07\/3087585-1024x682-1.jpg","keywords":["burn-out 2025","conseils \u00e9puisement professionnel","pr\u00e9vention burn-out","reconstruction apr\u00e8s burn-out","sant\u00e9 mentale travail","surmonter un burn-out","t\u00e9moignages burn-out"],"articleSection":["Question de Sant\u00e9s","Sant\u00e9"],"inLanguage":"fr-FR","potentialAction":[{"@type":"CommentAction","name":"Comment","target":["https:\/\/bobea.net\/index.php\/2025\/07\/08\/comment-surmonter-un-burn-out-temoignages-et-conseils\/#respond"]}]},{"@type":"WebPage","@id":"https:\/\/bobea.net\/index.php\/2025\/07\/08\/comment-surmonter-un-burn-out-temoignages-et-conseils\/","url":"https:\/\/bobea.net\/index.php\/2025\/07\/08\/comment-surmonter-un-burn-out-temoignages-et-conseils\/","name":"Comment surmonter un burn-out, t\u00e9moignages et conseils - Bobea","isPartOf":{"@id":"https:\/\/bobea.net\/#website"},"primaryImageOfPage":{"@id":"https:\/\/bobea.net\/index.php\/2025\/07\/08\/comment-surmonter-un-burn-out-temoignages-et-conseils\/#primaryimage"},"image":{"@id":"https:\/\/bobea.net\/index.php\/2025\/07\/08\/comment-surmonter-un-burn-out-temoignages-et-conseils\/#primaryimage"},"thumbnailUrl":"https:\/\/bobea.net\/wp-content\/uploads\/2025\/07\/3087585-1024x682-1.jpg","datePublished":"2025-07-08T00:47:51+00:00","dateModified":"2025-07-08T00:47:52+00:00","description":"Le burn-out n\u2019est pas une fatalit\u00e9. Avec du temps, de l\u2019aide et une remise en question profonde, il est possible de s\u2019en sortir,","breadcrumb":{"@id":"https:\/\/bobea.net\/index.php\/2025\/07\/08\/comment-surmonter-un-burn-out-temoignages-et-conseils\/#breadcrumb"},"inLanguage":"fr-FR","potentialAction":[{"@type":"ReadAction","target":["https:\/\/bobea.net\/index.php\/2025\/07\/08\/comment-surmonter-un-burn-out-temoignages-et-conseils\/"]}]},{"@type":"ImageObject","inLanguage":"fr-FR","@id":"https:\/\/bobea.net\/index.php\/2025\/07\/08\/comment-surmonter-un-burn-out-temoignages-et-conseils\/#primaryimage","url":"https:\/\/bobea.net\/wp-content\/uploads\/2025\/07\/3087585-1024x682-1.jpg","contentUrl":"https:\/\/bobea.net\/wp-content\/uploads\/2025\/07\/3087585-1024x682-1.jpg","width":1024,"height":682},{"@type":"BreadcrumbList","@id":"https:\/\/bobea.net\/index.php\/2025\/07\/08\/comment-surmonter-un-burn-out-temoignages-et-conseils\/#breadcrumb","itemListElement":[{"@type":"ListItem","position":1,"name":"Accueil","item":"https:\/\/bobea.net\/"},{"@type":"ListItem","position":2,"name":"Comment surmonter un burn-out, t\u00e9moignages et conseils"}]},{"@type":"WebSite","@id":"https:\/\/bobea.net\/#website","url":"https:\/\/bobea.net\/","name":"Bobea","description":"Le magazine de la nouvelle \u00c8ve","publisher":{"@id":"https:\/\/bobea.net\/#organization"},"potentialAction":[{"@type":"SearchAction","target":{"@type":"EntryPoint","urlTemplate":"https:\/\/bobea.net\/?s={search_term_string}"},"query-input":{"@type":"PropertyValueSpecification","valueRequired":true,"valueName":"search_term_string"}}],"inLanguage":"fr-FR"},{"@type":"Organization","@id":"https:\/\/bobea.net\/#organization","name":"Bobea","url":"https:\/\/bobea.net\/","logo":{"@type":"ImageObject","inLanguage":"fr-FR","@id":"https:\/\/bobea.net\/#\/schema\/logo\/image\/","url":"https:\/\/bobea.net\/wp-content\/uploads\/2024\/06\/bobea.jpg","contentUrl":"https:\/\/bobea.net\/wp-content\/uploads\/2024\/06\/bobea.jpg","width":1080,"height":1080,"caption":"Bobea"},"image":{"@id":"https:\/\/bobea.net\/#\/schema\/logo\/image\/"},"sameAs":["https:\/\/web.facebook.com\/profile.php?id=61559252188416"]},{"@type":"Person","@id":"https:\/\/bobea.net\/#\/schema\/person\/e7f45ef187918d7c956bf619dce90ccf","name":"bobea.info","image":{"@type":"ImageObject","inLanguage":"fr-FR","@id":"https:\/\/bobea.net\/#\/schema\/person\/image\/","url":"https:\/\/secure.gravatar.com\/avatar\/36147980349df887ae30808df3e29474?s=96&d=mm&r=g","contentUrl":"https:\/\/secure.gravatar.com\/avatar\/36147980349df887ae30808df3e29474?s=96&d=mm&r=g","caption":"bobea.info"},"sameAs":["https:\/\/bobea.net"],"url":"https:\/\/bobea.net\/index.php\/author\/bobea-info\/"}]}},"_links":{"self":[{"href":"https:\/\/bobea.net\/index.php\/wp-json\/wp\/v2\/posts\/20938"}],"collection":[{"href":"https:\/\/bobea.net\/index.php\/wp-json\/wp\/v2\/posts"}],"about":[{"href":"https:\/\/bobea.net\/index.php\/wp-json\/wp\/v2\/types\/post"}],"author":[{"embeddable":true,"href":"https:\/\/bobea.net\/index.php\/wp-json\/wp\/v2\/users\/1"}],"replies":[{"embeddable":true,"href":"https:\/\/bobea.net\/index.php\/wp-json\/wp\/v2\/comments?post=20938"}],"version-history":[{"count":1,"href":"https:\/\/bobea.net\/index.php\/wp-json\/wp\/v2\/posts\/20938\/revisions"}],"predecessor-version":[{"id":20943,"href":"https:\/\/bobea.net\/index.php\/wp-json\/wp\/v2\/posts\/20938\/revisions\/20943"}],"wp:featuredmedia":[{"embeddable":true,"href":"https:\/\/bobea.net\/index.php\/wp-json\/wp\/v2\/media\/20942"}],"wp:attachment":[{"href":"https:\/\/bobea.net\/index.php\/wp-json\/wp\/v2\/media?parent=20938"}],"wp:term":[{"taxonomy":"category","embeddable":true,"href":"https:\/\/bobea.net\/index.php\/wp-json\/wp\/v2\/categories?post=20938"},{"taxonomy":"post_tag","embeddable":true,"href":"https:\/\/bobea.net\/index.php\/wp-json\/wp\/v2\/tags?post=20938"}],"curies":[{"name":"wp","href":"https:\/\/api.w.org\/{rel}","templated":true}]}}