{"id":20775,"date":"2025-07-07T13:38:27","date_gmt":"2025-07-07T13:38:27","guid":{"rendered":"https:\/\/bobea.net\/?p=20775"},"modified":"2025-07-07T13:38:28","modified_gmt":"2025-07-07T13:38:28","slug":"ukraine-lavancee-russe-a-lest-quelles-consequences-pour-leurope-et-le-monde","status":"publish","type":"post","link":"https:\/\/bobea.net\/index.php\/2025\/07\/07\/ukraine-lavancee-russe-a-lest-quelles-consequences-pour-leurope-et-le-monde\/","title":{"rendered":"Ukraine, l\u2019avanc\u00e9e russe \u00e0 l\u2019Est : Quelles cons\u00e9quences pour l\u2019Europe et le monde ?"},"content":{"rendered":"\n<p>Intro\u00adduc\u00adtion : Un con\u00adflit qui redes\u00adsine la carte de l\u2019Europe<\/p>\n\n\n\n<p>Depuis 2022, la guerre en Ukraine ne cesse de boule\u00advers\u00ader l\u2019ordre g\u00e9opoli\u00adtique mon\u00addi\u00adal. En 2025, l\u2019avanc\u00e9e des troupes russ\u00ades \u00e0 l\u2019Est du pays mar\u00adque une nou\u00advelle \u00e9tape dans ce con\u00adflit, dont les r\u00e9per\u00adcus\u00adsions d\u00e9passent large\u00adment les fron\u00adti\u00e8res ukraini\u00adennes.<br>Cet arti\u00adcle d\u00e9crypte les enjeux de cette pro\u00adgres\u00adsion mil\u00adi\u00adtaire, ses con\u00ads\u00e9quences sur la s\u00e9cu\u00adrit\u00e9 europ\u00e9enne, l\u2019\u00e9conomie mon\u00addi\u00adale, et les \u00e9quili\u00adbres diplo\u00adma\u00adtiques plan\u00e9\u00adtaires.<\/p>\n\n\n\n<p>Le con\u00adtexte : une guerre qui s\u2019enlise et se trans\u00adforme<\/p>\n\n\n\n<p>Apr\u00e8s plus de trois ans de com\u00adbats, l\u2019est de l\u2019Ukraine reste le th\u00e9\u00e2tre d\u2019affrontements intens\u00ades. Les forces russ\u00ades, mieux \u00e9quip\u00e9es et d\u00e9ter\u00admin\u00e9es, pro\u00adgressent lente\u00adment mais s\u00fbre\u00adment, mal\u00adgr\u00e9 la r\u00e9sis\u00adtance acharn\u00e9e des Ukrainiens soutenus par l\u2019Occident.<br>Cette avanc\u00e9e s\u2019accompagne d\u2019une mil\u00adi\u00adtari\u00adsa\u00adtion accrue de la r\u00e9gion, d\u2019un exode mas\u00adsif de civils et d\u2019une d\u00e9sta\u00adbil\u00adi\u00adsa\u00adtion pro\u00adfonde des infra\u00adstruc\u00adtures locales. Les villes de Donet\u00adsk, Louhan\u00adsk et Mar\u00adi\u00adoupol sont au c\u0153ur des enjeux strat\u00e9giques, sym\u00adbol\u00adisant la volon\u00adt\u00e9 de Moscou de con\u00adtr\u00f4ler l\u2019ensemble du Don\u00adbass.<\/p>\n\n\n\n<p>Con\u00ads\u00e9quences s\u00e9cu\u00adri\u00adtaires pour l\u2019Europe : une nou\u00advelle \u00e8re de ten\u00adsions<\/p>\n\n\n\n<p>L\u2019avanc\u00e9e russe inqui\u00e8te pro\u00adfond\u00e9\u00adment les pays europ\u00e9ens, en par\u00adti\u00adc\u00aduli\u00ader ceux de l\u2019Est (Pologne, \u00c9tats baltes, Roumanie). L\u2019OTAN ren\u00adforce sa pr\u00e9sence mil\u00adi\u00adtaire \u00e0 ses fron\u00adti\u00e8res ori\u00aden\u00adtales, mul\u00adti\u00adpli\u00adant les exer\u00adci\u00adces et les d\u00e9ploiements de troupes.<br>La peur d\u2019une escalade, voire d\u2019un d\u00e9bor\u00adde\u00adment du con\u00adflit, pousse les gou\u00adverne\u00adments \u00e0 revoir leurs doc\u00adtrines de d\u00e9fense et \u00e0 inve\u00adstir mas\u00adsive\u00adment dans l\u2019armement et la cyber\u00ads\u00e9cu\u00adrit\u00e9.<br>Par ailleurs, la con\u00adfi\u00adance envers la pro\u00adtec\u00adtion am\u00e9ri\u00adcaine s\u2019effrite, inci\u00adtant l\u2019Union europ\u00e9enne \u00e0 acc\u00e9l\u00e9r\u00ader son autonomie strat\u00e9gique et \u00e0 ren\u00adforcer la coop\u00e9ra\u00adtion entre \u00c9tats mem\u00adbres.<\/p>\n\n\n\n<p>Impact \u00e9conomique mon\u00addi\u00adal : infla\u00adtion, \u00e9nergie et cha\u00eenes d\u2019approvisionnement<\/p>\n\n\n\n<p>Les sanc\u00adtions occi\u00adden\u00adtales con\u00adtre la Russie, com\u00adbin\u00e9es \u00e0 la guerre, provo\u00adquent une flam\u00adb\u00e9e des prix de l\u2019\u00e9nergie et des mati\u00e8res pre\u00admi\u00e8res. L\u2019Europe, priv\u00e9e de gaz russe, doit diver\u00adsi\u00adfi\u00ader ses sources d\u2019approvisionnement, ce qui entra\u00eene une hausse des co\u00fbts pour les m\u00e9nages et les entre\u00adpris\u00ades.<br>Les march\u00e9s mon\u00addi\u00adaux subis\u00adsent de fortes tur\u00adbu\u00adlences : infla\u00adtion per\u00adsis\u00adtante, ralen\u00adtisse\u00adment de la crois\u00adsance, incer\u00adti\u00adtudes sur les cha\u00eenes d\u2019approvisionnement. Les secteurs les plus touch\u00e9s sont l\u2019agroalimentaire, l\u2019automobile et la haute tech\u00adnolo\u00adgie.<br>Cette crise \u00e9nerg\u00e9\u00adtique acc\u00e9l\u00e8re n\u00e9an\u00admoins la tran\u00adsi\u00adtion vers les \u00e9ner\u00adgies renou\u00adve\u00adlables, avec des investisse\u00adments mas\u00adsifs dans le solaire, l\u2019\u00e9olien et l\u2019hydrog\u00e8ne.<\/p>\n\n\n\n<figure class=\"wp-block-image size-large\"><img loading=\"lazy\" decoding=\"async\" width=\"1024\" height=\"657\" src=\"https:\/\/bobea.net\/wp-content\/uploads\/2025\/07\/xi-jinping-poutine-chine-russie-1024x657.jpeg\" alt class=\"wp-image-20777\" srcset=\"https:\/\/bobea.net\/wp-content\/uploads\/2025\/07\/xi-jinping-poutine-chine-russie-1024x657.jpeg 1024w, https:\/\/bobea.net\/wp-content\/uploads\/2025\/07\/xi-jinping-poutine-chine-russie-300x193.jpeg 300w, https:\/\/bobea.net\/wp-content\/uploads\/2025\/07\/xi-jinping-poutine-chine-russie-768x493.jpeg 768w, https:\/\/bobea.net\/wp-content\/uploads\/2025\/07\/xi-jinping-poutine-chine-russie-1536x986.jpeg 1536w, https:\/\/bobea.net\/wp-content\/uploads\/2025\/07\/xi-jinping-poutine-chine-russie.jpeg 2000w\" sizes=\"(max-width: 1024px) 100vw, 1024px\"><figcaption class=\"wp-element-caption\">Russ\u00adian Pres\u00adi\u00addent Vladimir Putin attends a meet\u00ading with Chi\u00adnese Pres\u00adi\u00addent Xi Jin\u00adping in Bei\u00adjing, Chi\u00adna Feb\u00adru\u00adary 4, 2022. Sputnik\/Aleksey Druzhinin\/Kremlin via REUTERS ATTENTION EDITORS \u2014 THIS IMAGE WAS PROVIDED BY A THIRD PARTY.<\/figcaption><\/figure>\n\n\n\n<p>Les enjeux diplo\u00adma\u00adtiques : vers un nou\u00adv\u00adel ordre mon\u00addi\u00adal ?<\/p>\n\n\n\n<p>Face \u00e0 l\u2019enlisement du con\u00adflit, les ten\u00adta\u00adtives de m\u00e9di\u00ada\u00adtion se mul\u00adti\u00adplient, sans suc\u00adc\u00e8s notable. L\u2019UE, les \u00c9tats-Unis et la Chine jouent un r\u00f4le cl\u00e9 dans la recherche d\u2019une sor\u00adtie de crise, mais les diver\u00adgences d\u2019int\u00e9r\u00eats com\u00adpliquent toute avanc\u00e9e.<br>La Russie, isol\u00e9e sur la sc\u00e8ne inter\u00adna\u00adtionale, cherche de nou\u00adveaux alli\u00e9s en Asie, en Afrique et en Am\u00e9rique latine, tan\u00addis que l\u2019Ukraine compte sur le sou\u00adtien occi\u00adden\u00adtal pour pr\u00e9serv\u00ader son int\u00e9grit\u00e9 ter\u00adri\u00adto\u00adri\u00adale.<br>Ce bras de fer diplo\u00adma\u00adtique annonce une recom\u00adpo\u00adsi\u00adtion des alliances et une frag\u00admen\u00adta\u00adtion accrue de l\u2019ordre mon\u00addi\u00adal, o\u00f9 chaque bloc cherche \u00e0 d\u00e9fendre ses int\u00e9r\u00eats strat\u00e9giques.<\/p>\n\n\n\n<p>Per\u00adspec\u00adtives d\u2019avenir : quels sc\u00e9\u00adnar\u00adios pos\u00adsi\u00adbles ?<\/p>\n\n\n\n<p>Plusieurs sc\u00e9\u00adnar\u00adios sont envis\u00adag\u00e9s pour l\u2019avenir du con\u00adflit :<\/p>\n\n\n\n<ul class=\"wp-block-list\">\n<li>Un gel de la sit\u00adu\u00ada\u00adtion, avec une ligne de front sta\u00adbil\u00adis\u00e9e mais une paix tou\u00adjours hors de port\u00e9e.<\/li>\n\n\n\n<li>Une escalade mil\u00adi\u00adtaire, risquant d\u2019impliquer d\u2019autres pays et de provo\u00adquer une crise majeure.<\/li>\n\n\n\n<li>Une solu\u00adtion n\u00e9go\u00adci\u00e9e, dif\u00adfi\u00adcile mais pas impos\u00adsi\u00adble, sous l\u2019\u00e9gide de l\u2019ONU ou d\u2019un groupe de m\u00e9di\u00ada\u00adteurs inter\u00adna\u00adtionaux.<\/li>\n<\/ul>\n\n\n\n<p>Dans tous les cas, l\u2019avanc\u00e9e russe \u00e0 l\u2019Est de l\u2019Ukraine restera un tour\u00adnant his\u00adtorique, dont les con\u00ads\u00e9quences se fer\u00adont sen\u00adtir pen\u00addant des ann\u00e9es.<\/p>\n\n\n\n<p><\/p>\n\n\n\n<p><\/p>\n","protected":false},"excerpt":{"rendered":"<p>Intro\u00adduc\u00adtion : Un con\u00adflit qui redes\u00adsine la carte de l\u2019Europe Depuis 2022, la guerre en Ukraine ne cesse de boule\u00advers\u00ader l\u2019ordre g\u00e9opoli\u00adtique mon\u00addi\u00adal. En 2025, l\u2019avanc\u00e9e des troupes russ\u00ades \u00e0\u2026 <\/p>\n","protected":false},"author":1,"featured_media":20778,"comment_status":"open","ping_status":"closed","sticky":false,"template":"","format":"standard","meta":{"wp_typography_post_enhancements_disabled":false,"footnotes":""},"categories":[73],"tags":[15400,15396,15399,15398,9415,15397,15280,15395],"class_list":["post-20775","post","type-post","status-publish","format-standard","has-post-thumbnail","hentry","category-on-en-parle","tag-actualites-geopolitiques-2025","tag-conflit-ukraine-russie","tag-consequences-europe","tag-crise-energetique-ukraine","tag-diplomatie-internationale","tag-impact-economique-guerre-ukraine","tag-securite-europeenne","tag-ukraine-avancee-russe"],"yoast_head":"<!-- This site is optimized with the Yoast SEO plugin v24.7 - https:\/\/yoast.com\/wordpress\/plugins\/seo\/ -->\n<title>Ukraine, l\u2019avanc\u00e9e russe \u00e0 l\u2019Est : Quelles cons\u00e9quences pour l\u2019Europe et le monde ? - Bobea<\/title>\n<meta name=\"description\" content=\"Dans tous les cas, l\u2019avanc\u00e9e russe \u00e0 l\u2019Est de l\u2019Ukraine restera un tournant historique, dont les cons\u00e9quences se feront\" \/>\n<meta name=\"robots\" content=\"index, follow, max-snippet:-1, max-image-preview:large, max-video-preview:-1\" \/>\n<link rel=\"canonical\" href=\"https:\/\/bobea.net\/index.php\/2025\/07\/07\/ukraine-lavancee-russe-a-lest-quelles-consequences-pour-leurope-et-le-monde\/\" \/>\n<meta property=\"og:locale\" content=\"fr_FR\" \/>\n<meta property=\"og:type\" content=\"article\" \/>\n<meta property=\"og:title\" content=\"Ukraine, l\u2019avanc\u00e9e russe \u00e0 l\u2019Est : Quelles cons\u00e9quences pour l\u2019Europe et le monde ? - Bobea\" \/>\n<meta property=\"og:description\" content=\"Dans tous les cas, l\u2019avanc\u00e9e russe \u00e0 l\u2019Est de l\u2019Ukraine restera un tournant historique, dont les cons\u00e9quences se feront\" \/>\n<meta property=\"og:url\" content=\"https:\/\/bobea.net\/index.php\/2025\/07\/07\/ukraine-lavancee-russe-a-lest-quelles-consequences-pour-leurope-et-le-monde\/\" \/>\n<meta property=\"og:site_name\" content=\"Bobea\" \/>\n<meta property=\"article:publisher\" content=\"https:\/\/web.facebook.com\/profile.php?id=61559252188416\" \/>\n<meta property=\"article:published_time\" content=\"2025-07-07T13:38:27+00:00\" \/>\n<meta property=\"article:modified_time\" content=\"2025-07-07T13:38:28+00:00\" \/>\n<meta property=\"og:image\" content=\"https:\/\/bobea.net\/wp-content\/uploads\/2025\/07\/ukraine-donestk-louhansk-1024x512-1.png\" \/>\n\t<meta property=\"og:image:width\" content=\"1024\" \/>\n\t<meta property=\"og:image:height\" content=\"512\" \/>\n\t<meta property=\"og:image:type\" content=\"image\/png\" \/>\n<meta name=\"author\" content=\"bobea.info\" \/>\n<meta name=\"twitter:card\" content=\"summary_large_image\" \/>\n<meta name=\"twitter:label1\" content=\"\u00c9crit par\" \/>\n\t<meta name=\"twitter:data1\" content=\"bobea.info\" \/>\n\t<meta name=\"twitter:label2\" content=\"Dur\u00e9e de lecture estim\u00e9e\" \/>\n\t<meta name=\"twitter:data2\" content=\"4 minutes\" \/>\n<script type=\"application\/ld+json\" class=\"yoast-schema-graph\">{\"@context\":\"https:\/\/schema.org\",\"@graph\":[{\"@type\":\"Article\",\"@id\":\"https:\/\/bobea.net\/index.php\/2025\/07\/07\/ukraine-lavancee-russe-a-lest-quelles-consequences-pour-leurope-et-le-monde\/#article\",\"isPartOf\":{\"@id\":\"https:\/\/bobea.net\/index.php\/2025\/07\/07\/ukraine-lavancee-russe-a-lest-quelles-consequences-pour-leurope-et-le-monde\/\"},\"author\":{\"name\":\"bobea.info\",\"@id\":\"https:\/\/bobea.net\/#\/schema\/person\/e7f45ef187918d7c956bf619dce90ccf\"},\"headline\":\"Ukraine, l\u2019avanc\u00e9e russe \u00e0 l\u2019Est : Quelles cons\u00e9quences pour l\u2019Europe et le monde ?\",\"datePublished\":\"2025-07-07T13:38:27+00:00\",\"dateModified\":\"2025-07-07T13:38:28+00:00\",\"mainEntityOfPage\":{\"@id\":\"https:\/\/bobea.net\/index.php\/2025\/07\/07\/ukraine-lavancee-russe-a-lest-quelles-consequences-pour-leurope-et-le-monde\/\"},\"wordCount\":714,\"commentCount\":0,\"publisher\":{\"@id\":\"https:\/\/bobea.net\/#organization\"},\"image\":{\"@id\":\"https:\/\/bobea.net\/index.php\/2025\/07\/07\/ukraine-lavancee-russe-a-lest-quelles-consequences-pour-leurope-et-le-monde\/#primaryimage\"},\"thumbnailUrl\":\"https:\/\/bobea.net\/wp-content\/uploads\/2025\/07\/ukraine-donestk-louhansk-1024x512-1.png\",\"keywords\":[\"actualit\u00e9s g\u00e9opolitiques 2025\",\"conflit Ukraine Russie\",\"cons\u00e9quences Europe\",\"crise \u00e9nerg\u00e9tique Ukraine\",\"diplomatie internationale\",\"impact \u00e9conomique guerre Ukraine\",\"s\u00e9curit\u00e9 europ\u00e9enne\",\"Ukraine avanc\u00e9e russe\"],\"articleSection\":[\"On en Parle\"],\"inLanguage\":\"fr-FR\",\"potentialAction\":[{\"@type\":\"CommentAction\",\"name\":\"Comment\",\"target\":[\"https:\/\/bobea.net\/index.php\/2025\/07\/07\/ukraine-lavancee-russe-a-lest-quelles-consequences-pour-leurope-et-le-monde\/#respond\"]}]},{\"@type\":\"WebPage\",\"@id\":\"https:\/\/bobea.net\/index.php\/2025\/07\/07\/ukraine-lavancee-russe-a-lest-quelles-consequences-pour-leurope-et-le-monde\/\",\"url\":\"https:\/\/bobea.net\/index.php\/2025\/07\/07\/ukraine-lavancee-russe-a-lest-quelles-consequences-pour-leurope-et-le-monde\/\",\"name\":\"Ukraine, l\u2019avanc\u00e9e russe \u00e0 l\u2019Est : Quelles cons\u00e9quences pour l\u2019Europe et le monde ? - Bobea\",\"isPartOf\":{\"@id\":\"https:\/\/bobea.net\/#website\"},\"primaryImageOfPage\":{\"@id\":\"https:\/\/bobea.net\/index.php\/2025\/07\/07\/ukraine-lavancee-russe-a-lest-quelles-consequences-pour-leurope-et-le-monde\/#primaryimage\"},\"image\":{\"@id\":\"https:\/\/bobea.net\/index.php\/2025\/07\/07\/ukraine-lavancee-russe-a-lest-quelles-consequences-pour-leurope-et-le-monde\/#primaryimage\"},\"thumbnailUrl\":\"https:\/\/bobea.net\/wp-content\/uploads\/2025\/07\/ukraine-donestk-louhansk-1024x512-1.png\",\"datePublished\":\"2025-07-07T13:38:27+00:00\",\"dateModified\":\"2025-07-07T13:38:28+00:00\",\"description\":\"Dans tous les cas, l\u2019avanc\u00e9e russe \u00e0 l\u2019Est de l\u2019Ukraine restera un tournant historique, dont les cons\u00e9quences se feront\",\"breadcrumb\":{\"@id\":\"https:\/\/bobea.net\/index.php\/2025\/07\/07\/ukraine-lavancee-russe-a-lest-quelles-consequences-pour-leurope-et-le-monde\/#breadcrumb\"},\"inLanguage\":\"fr-FR\",\"potentialAction\":[{\"@type\":\"ReadAction\",\"target\":[\"https:\/\/bobea.net\/index.php\/2025\/07\/07\/ukraine-lavancee-russe-a-lest-quelles-consequences-pour-leurope-et-le-monde\/\"]}]},{\"@type\":\"ImageObject\",\"inLanguage\":\"fr-FR\",\"@id\":\"https:\/\/bobea.net\/index.php\/2025\/07\/07\/ukraine-lavancee-russe-a-lest-quelles-consequences-pour-leurope-et-le-monde\/#primaryimage\",\"url\":\"https:\/\/bobea.net\/wp-content\/uploads\/2025\/07\/ukraine-donestk-louhansk-1024x512-1.png\",\"contentUrl\":\"https:\/\/bobea.net\/wp-content\/uploads\/2025\/07\/ukraine-donestk-louhansk-1024x512-1.png\",\"width\":1024,\"height\":512},{\"@type\":\"BreadcrumbList\",\"@id\":\"https:\/\/bobea.net\/index.php\/2025\/07\/07\/ukraine-lavancee-russe-a-lest-quelles-consequences-pour-leurope-et-le-monde\/#breadcrumb\",\"itemListElement\":[{\"@type\":\"ListItem\",\"position\":1,\"name\":\"Accueil\",\"item\":\"https:\/\/bobea.net\/\"},{\"@type\":\"ListItem\",\"position\":2,\"name\":\"Ukraine, l\u2019avanc\u00e9e russe \u00e0 l\u2019Est : Quelles cons\u00e9quences pour l\u2019Europe et le monde ?\"}]},{\"@type\":\"WebSite\",\"@id\":\"https:\/\/bobea.net\/#website\",\"url\":\"https:\/\/bobea.net\/\",\"name\":\"Bobea\",\"description\":\"Le magazine de la nouvelle \u00c8ve\",\"publisher\":{\"@id\":\"https:\/\/bobea.net\/#organization\"},\"potentialAction\":[{\"@type\":\"SearchAction\",\"target\":{\"@type\":\"EntryPoint\",\"urlTemplate\":\"https:\/\/bobea.net\/?s={search_term_string}\"},\"query-input\":{\"@type\":\"PropertyValueSpecification\",\"valueRequired\":true,\"valueName\":\"search_term_string\"}}],\"inLanguage\":\"fr-FR\"},{\"@type\":\"Organization\",\"@id\":\"https:\/\/bobea.net\/#organization\",\"name\":\"Bobea\",\"url\":\"https:\/\/bobea.net\/\",\"logo\":{\"@type\":\"ImageObject\",\"inLanguage\":\"fr-FR\",\"@id\":\"https:\/\/bobea.net\/#\/schema\/logo\/image\/\",\"url\":\"https:\/\/bobea.net\/wp-content\/uploads\/2024\/06\/bobea.jpg\",\"contentUrl\":\"https:\/\/bobea.net\/wp-content\/uploads\/2024\/06\/bobea.jpg\",\"width\":1080,\"height\":1080,\"caption\":\"Bobea\"},\"image\":{\"@id\":\"https:\/\/bobea.net\/#\/schema\/logo\/image\/\"},\"sameAs\":[\"https:\/\/web.facebook.com\/profile.php?id=61559252188416\"]},{\"@type\":\"Person\",\"@id\":\"https:\/\/bobea.net\/#\/schema\/person\/e7f45ef187918d7c956bf619dce90ccf\",\"name\":\"bobea.info\",\"image\":{\"@type\":\"ImageObject\",\"inLanguage\":\"fr-FR\",\"@id\":\"https:\/\/bobea.net\/#\/schema\/person\/image\/\",\"url\":\"https:\/\/secure.gravatar.com\/avatar\/36147980349df887ae30808df3e29474?s=96&d=mm&r=g\",\"contentUrl\":\"https:\/\/secure.gravatar.com\/avatar\/36147980349df887ae30808df3e29474?s=96&d=mm&r=g\",\"caption\":\"bobea.info\"},\"sameAs\":[\"https:\/\/bobea.net\"],\"url\":\"https:\/\/bobea.net\/index.php\/author\/bobea-info\/\"}]}<\/script>\n<!-- \/ Yoast SEO plugin. -->","yoast_head_json":{"title":"Ukraine, l\u2019avanc\u00e9e russe \u00e0 l\u2019Est : Quelles cons\u00e9quences pour l\u2019Europe et le monde ? - Bobea","description":"Dans tous les cas, l\u2019avanc\u00e9e russe \u00e0 l\u2019Est de l\u2019Ukraine restera un tournant historique, dont les cons\u00e9quences se feront","robots":{"index":"index","follow":"follow","max-snippet":"max-snippet:-1","max-image-preview":"max-image-preview:large","max-video-preview":"max-video-preview:-1"},"canonical":"https:\/\/bobea.net\/index.php\/2025\/07\/07\/ukraine-lavancee-russe-a-lest-quelles-consequences-pour-leurope-et-le-monde\/","og_locale":"fr_FR","og_type":"article","og_title":"Ukraine, l\u2019avanc\u00e9e russe \u00e0 l\u2019Est : Quelles cons\u00e9quences pour l\u2019Europe et le monde ? - Bobea","og_description":"Dans tous les cas, l\u2019avanc\u00e9e russe \u00e0 l\u2019Est de l\u2019Ukraine restera un tournant historique, dont les cons\u00e9quences se feront","og_url":"https:\/\/bobea.net\/index.php\/2025\/07\/07\/ukraine-lavancee-russe-a-lest-quelles-consequences-pour-leurope-et-le-monde\/","og_site_name":"Bobea","article_publisher":"https:\/\/web.facebook.com\/profile.php?id=61559252188416","article_published_time":"2025-07-07T13:38:27+00:00","article_modified_time":"2025-07-07T13:38:28+00:00","og_image":[{"width":1024,"height":512,"url":"https:\/\/bobea.net\/wp-content\/uploads\/2025\/07\/ukraine-donestk-louhansk-1024x512-1.png","type":"image\/png"}],"author":"bobea.info","twitter_card":"summary_large_image","twitter_misc":{"\u00c9crit par":"bobea.info","Dur\u00e9e de lecture estim\u00e9e":"4 minutes"},"schema":{"@context":"https:\/\/schema.org","@graph":[{"@type":"Article","@id":"https:\/\/bobea.net\/index.php\/2025\/07\/07\/ukraine-lavancee-russe-a-lest-quelles-consequences-pour-leurope-et-le-monde\/#article","isPartOf":{"@id":"https:\/\/bobea.net\/index.php\/2025\/07\/07\/ukraine-lavancee-russe-a-lest-quelles-consequences-pour-leurope-et-le-monde\/"},"author":{"name":"bobea.info","@id":"https:\/\/bobea.net\/#\/schema\/person\/e7f45ef187918d7c956bf619dce90ccf"},"headline":"Ukraine, l\u2019avanc\u00e9e russe \u00e0 l\u2019Est : Quelles cons\u00e9quences pour l\u2019Europe et le monde ?","datePublished":"2025-07-07T13:38:27+00:00","dateModified":"2025-07-07T13:38:28+00:00","mainEntityOfPage":{"@id":"https:\/\/bobea.net\/index.php\/2025\/07\/07\/ukraine-lavancee-russe-a-lest-quelles-consequences-pour-leurope-et-le-monde\/"},"wordCount":714,"commentCount":0,"publisher":{"@id":"https:\/\/bobea.net\/#organization"},"image":{"@id":"https:\/\/bobea.net\/index.php\/2025\/07\/07\/ukraine-lavancee-russe-a-lest-quelles-consequences-pour-leurope-et-le-monde\/#primaryimage"},"thumbnailUrl":"https:\/\/bobea.net\/wp-content\/uploads\/2025\/07\/ukraine-donestk-louhansk-1024x512-1.png","keywords":["actualit\u00e9s g\u00e9opolitiques 2025","conflit Ukraine Russie","cons\u00e9quences Europe","crise \u00e9nerg\u00e9tique Ukraine","diplomatie internationale","impact \u00e9conomique guerre Ukraine","s\u00e9curit\u00e9 europ\u00e9enne","Ukraine avanc\u00e9e russe"],"articleSection":["On en Parle"],"inLanguage":"fr-FR","potentialAction":[{"@type":"CommentAction","name":"Comment","target":["https:\/\/bobea.net\/index.php\/2025\/07\/07\/ukraine-lavancee-russe-a-lest-quelles-consequences-pour-leurope-et-le-monde\/#respond"]}]},{"@type":"WebPage","@id":"https:\/\/bobea.net\/index.php\/2025\/07\/07\/ukraine-lavancee-russe-a-lest-quelles-consequences-pour-leurope-et-le-monde\/","url":"https:\/\/bobea.net\/index.php\/2025\/07\/07\/ukraine-lavancee-russe-a-lest-quelles-consequences-pour-leurope-et-le-monde\/","name":"Ukraine, l\u2019avanc\u00e9e russe \u00e0 l\u2019Est : Quelles cons\u00e9quences pour l\u2019Europe et le monde ? - Bobea","isPartOf":{"@id":"https:\/\/bobea.net\/#website"},"primaryImageOfPage":{"@id":"https:\/\/bobea.net\/index.php\/2025\/07\/07\/ukraine-lavancee-russe-a-lest-quelles-consequences-pour-leurope-et-le-monde\/#primaryimage"},"image":{"@id":"https:\/\/bobea.net\/index.php\/2025\/07\/07\/ukraine-lavancee-russe-a-lest-quelles-consequences-pour-leurope-et-le-monde\/#primaryimage"},"thumbnailUrl":"https:\/\/bobea.net\/wp-content\/uploads\/2025\/07\/ukraine-donestk-louhansk-1024x512-1.png","datePublished":"2025-07-07T13:38:27+00:00","dateModified":"2025-07-07T13:38:28+00:00","description":"Dans tous les cas, l\u2019avanc\u00e9e russe \u00e0 l\u2019Est de l\u2019Ukraine restera un tournant historique, dont les cons\u00e9quences se feront","breadcrumb":{"@id":"https:\/\/bobea.net\/index.php\/2025\/07\/07\/ukraine-lavancee-russe-a-lest-quelles-consequences-pour-leurope-et-le-monde\/#breadcrumb"},"inLanguage":"fr-FR","potentialAction":[{"@type":"ReadAction","target":["https:\/\/bobea.net\/index.php\/2025\/07\/07\/ukraine-lavancee-russe-a-lest-quelles-consequences-pour-leurope-et-le-monde\/"]}]},{"@type":"ImageObject","inLanguage":"fr-FR","@id":"https:\/\/bobea.net\/index.php\/2025\/07\/07\/ukraine-lavancee-russe-a-lest-quelles-consequences-pour-leurope-et-le-monde\/#primaryimage","url":"https:\/\/bobea.net\/wp-content\/uploads\/2025\/07\/ukraine-donestk-louhansk-1024x512-1.png","contentUrl":"https:\/\/bobea.net\/wp-content\/uploads\/2025\/07\/ukraine-donestk-louhansk-1024x512-1.png","width":1024,"height":512},{"@type":"BreadcrumbList","@id":"https:\/\/bobea.net\/index.php\/2025\/07\/07\/ukraine-lavancee-russe-a-lest-quelles-consequences-pour-leurope-et-le-monde\/#breadcrumb","itemListElement":[{"@type":"ListItem","position":1,"name":"Accueil","item":"https:\/\/bobea.net\/"},{"@type":"ListItem","position":2,"name":"Ukraine, l\u2019avanc\u00e9e russe \u00e0 l\u2019Est : Quelles cons\u00e9quences pour l\u2019Europe et le monde ?"}]},{"@type":"WebSite","@id":"https:\/\/bobea.net\/#website","url":"https:\/\/bobea.net\/","name":"Bobea","description":"Le magazine de la nouvelle \u00c8ve","publisher":{"@id":"https:\/\/bobea.net\/#organization"},"potentialAction":[{"@type":"SearchAction","target":{"@type":"EntryPoint","urlTemplate":"https:\/\/bobea.net\/?s={search_term_string}"},"query-input":{"@type":"PropertyValueSpecification","valueRequired":true,"valueName":"search_term_string"}}],"inLanguage":"fr-FR"},{"@type":"Organization","@id":"https:\/\/bobea.net\/#organization","name":"Bobea","url":"https:\/\/bobea.net\/","logo":{"@type":"ImageObject","inLanguage":"fr-FR","@id":"https:\/\/bobea.net\/#\/schema\/logo\/image\/","url":"https:\/\/bobea.net\/wp-content\/uploads\/2024\/06\/bobea.jpg","contentUrl":"https:\/\/bobea.net\/wp-content\/uploads\/2024\/06\/bobea.jpg","width":1080,"height":1080,"caption":"Bobea"},"image":{"@id":"https:\/\/bobea.net\/#\/schema\/logo\/image\/"},"sameAs":["https:\/\/web.facebook.com\/profile.php?id=61559252188416"]},{"@type":"Person","@id":"https:\/\/bobea.net\/#\/schema\/person\/e7f45ef187918d7c956bf619dce90ccf","name":"bobea.info","image":{"@type":"ImageObject","inLanguage":"fr-FR","@id":"https:\/\/bobea.net\/#\/schema\/person\/image\/","url":"https:\/\/secure.gravatar.com\/avatar\/36147980349df887ae30808df3e29474?s=96&d=mm&r=g","contentUrl":"https:\/\/secure.gravatar.com\/avatar\/36147980349df887ae30808df3e29474?s=96&d=mm&r=g","caption":"bobea.info"},"sameAs":["https:\/\/bobea.net"],"url":"https:\/\/bobea.net\/index.php\/author\/bobea-info\/"}]}},"_links":{"self":[{"href":"https:\/\/bobea.net\/index.php\/wp-json\/wp\/v2\/posts\/20775"}],"collection":[{"href":"https:\/\/bobea.net\/index.php\/wp-json\/wp\/v2\/posts"}],"about":[{"href":"https:\/\/bobea.net\/index.php\/wp-json\/wp\/v2\/types\/post"}],"author":[{"embeddable":true,"href":"https:\/\/bobea.net\/index.php\/wp-json\/wp\/v2\/users\/1"}],"replies":[{"embeddable":true,"href":"https:\/\/bobea.net\/index.php\/wp-json\/wp\/v2\/comments?post=20775"}],"version-history":[{"count":1,"href":"https:\/\/bobea.net\/index.php\/wp-json\/wp\/v2\/posts\/20775\/revisions"}],"predecessor-version":[{"id":20779,"href":"https:\/\/bobea.net\/index.php\/wp-json\/wp\/v2\/posts\/20775\/revisions\/20779"}],"wp:featuredmedia":[{"embeddable":true,"href":"https:\/\/bobea.net\/index.php\/wp-json\/wp\/v2\/media\/20778"}],"wp:attachment":[{"href":"https:\/\/bobea.net\/index.php\/wp-json\/wp\/v2\/media?parent=20775"}],"wp:term":[{"taxonomy":"category","embeddable":true,"href":"https:\/\/bobea.net\/index.php\/wp-json\/wp\/v2\/categories?post=20775"},{"taxonomy":"post_tag","embeddable":true,"href":"https:\/\/bobea.net\/index.php\/wp-json\/wp\/v2\/tags?post=20775"}],"curies":[{"name":"wp","href":"https:\/\/api.w.org\/{rel}","templated":true}]}}