{"id":20152,"date":"2025-06-27T19:20:07","date_gmt":"2025-06-27T19:20:07","guid":{"rendered":"https:\/\/bobea.net\/?p=20152"},"modified":"2025-06-27T19:20:09","modified_gmt":"2025-06-27T19:20:09","slug":"france-gall-elle-chantait-lamour-et-la-paix-parcours-dune-icone-intemporelle","status":"publish","type":"post","link":"https:\/\/bobea.net\/index.php\/2025\/06\/27\/france-gall-elle-chantait-lamour-et-la-paix-parcours-dune-icone-intemporelle\/","title":{"rendered":"France Gall : Elle chantait l\u2019amour et la paix \u2013 Parcours d\u2019une ic\u00f4ne intemporelle"},"content":{"rendered":"\n<p><strong>1. Une enfance berc\u00e9e par la musique et la sc\u00e8ne<\/strong><br>N\u00e9e en 1947 \u00e0 Paris, France Gall grandit dans un univers artis\u00adtique&nbsp;: fille du paroli\u00ader Robert Gall, elle est ini\u00adti\u00e9e tr\u00e8s t\u00f4t \u00e0 la chan\u00adson. \u00c0 16 ans, elle enreg\u00adistre son pre\u00admier tube, \u00ab&nbsp;Ne sois pas si b\u00eate&nbsp;\u00bb, et devient rapi\u00adde\u00adment la coqueluche du pub\u00adlic fran\u00e7ais. Son vis\u00adage d\u2019ange et sa voix claire s\u00e9duisent les jeunes, tan\u00addis que son naturel tranche avec les vedettes sophis\u00adtiqu\u00e9es de l\u2019\u00e9poque.<\/p>\n\n\n\n<p><strong>2. L\u2019Eurovision et la con\u00ads\u00e9cra\u00adtion inter\u00adna\u00adtionale<\/strong><br>En 1965, France Gall rem\u00adporte l\u2019Eurovision pour le Lux\u00adem\u00adbourg avec \u00ab&nbsp;Poup\u00e9e de cire, poup\u00e9e de son&nbsp;\u00bb, une chan\u00adson sign\u00e9e Serge Gains\u00adbourg. Ce suc\u00adc\u00e8s ful\u00adgu\u00adrant la propulse sur la sc\u00e8ne inter\u00adna\u00adtionale. Elle encha\u00eene alors les tubes, de \u00ab&nbsp;Sacr\u00e9 Charle\u00admagne&nbsp;\u00bb \u00e0 \u00ab&nbsp;Baby Pop&nbsp;\u00bb, et devient l\u2019incarnation de la jeunesse insou\u00adciante des ann\u00e9es y\u00e9y\u00e9.<\/p>\n\n\n\n<p><strong>3. Une artiste en qu\u00eate de sens et d\u2019ind\u00e9pendance<\/strong><br>Der\u00adri\u00e8re l\u2019image de la jeune fille mod\u00ad\u00e8le, France Gall cherche \u00e0 s\u2019affirmer. Les ann\u00e9es 1970 mar\u00adquent un tour\u00adnant&nbsp;: elle prend ses dis\u00adtances avec le show-busi\u00adness tra\u00addi\u00adtion\u00adnel et ren\u00adcon\u00adtre Michel Berg\u00ader, com\u00adpos\u00adi\u00adteur et pianiste de g\u00e9nie. Leur col\u00adlab\u00ado\u00adra\u00adtion artis\u00adtique et amoureuse donne nais\u00adsance \u00e0 une s\u00e9rie de chan\u00adsons inou\u00adbli\u00adables, de \u00ab&nbsp;Si maman si&nbsp;\u00bb \u00e0 \u00ab&nbsp;Il jouait du piano debout&nbsp;\u00bb.<\/p>\n\n\n\n<p><strong>4. France Gall et Michel Berg\u00ader&nbsp;: un duo mythique<\/strong><br>Le cou\u00adple incar\u00adne l\u2019\u00e9l\u00e9gance, la cr\u00e9a\u00adtiv\u00adit\u00e9 et la moder\u00adnit\u00e9. Ensem\u00adble, ils cr\u00e9ent l\u2019op\u00e9ra-rock \u00ab&nbsp;Star\u00adma\u00adnia&nbsp;\u00bb, r\u00e9vo\u00adlu\u00adtion\u00adnant la sc\u00e8ne musi\u00adcale fran\u00e7aise. France Gall devient la voix de l\u2019\u00e9mancipation f\u00e9mi\u00adnine, abor\u00addant des th\u00e8mes engag\u00e9s comme la paix, la tol\u00e9rance et la lib\u00adert\u00e9. Leur com\u00adplic\u00adit\u00e9 artis\u00adtique inspire toute une g\u00e9n\u00e9ra\u00adtion.<\/p>\n\n\n\n<p><strong>5. Les \u00e9preuves et la r\u00e9silience d\u2019une femme forte<\/strong><br>La vie de France Gall n\u2019est pas exempte de drames&nbsp;: la perte de sa fille Pauline, la dis\u00adpari\u00adtion de Michel Berg\u00ader, les \u00e9preuves de la mal\u00adadie. Pour\u00adtant, elle fait preuve d\u2019une force int\u00e9rieure remar\u00adquable. Elle con\u00adtin\u00adue \u00e0 chanter, \u00e0 s\u2019engager pour des caus\u00ades human\u00adi\u00adtaires, et \u00e0 trans\u00admet\u00adtre des mes\u00adsages d\u2019espoir \u00e0 son pub\u00adlic.<\/p>\n\n\n\n<p><strong>6. Un engage\u00adment dis\u00adcret mais puis\u00adsant<\/strong><br>France Gall utilise sa notori\u00e9t\u00e9 pour soutenir la lutte con\u00adtre le sida, la pro\u00adtec\u00adtion de l\u2019enfance et la paix dans le monde. Elle s\u2019implique dans des con\u00adcerts car\u00adi\u00adtat\u00adifs et refuse les com\u00adpro\u00admis faciles. Sa dis\u00adcr\u00e9\u00adtion et son authen\u00adtic\u00adit\u00e9 en font une fig\u00adure respec\u00adt\u00e9e, loin des exc\u00e8s du star-sys\u00adtem.<\/p>\n\n\n\n<figure class=\"wp-block-image size-full is-resized\"><img loading=\"lazy\" decoding=\"async\" width=\"686\" height=\"386\" src=\"https:\/\/bobea.net\/wp-content\/uploads\/2025\/06\/hq720-8.jpg\" alt class=\"wp-image-20153\" style=\"width:840px;height:auto\" srcset=\"https:\/\/bobea.net\/wp-content\/uploads\/2025\/06\/hq720-8.jpg 686w, https:\/\/bobea.net\/wp-content\/uploads\/2025\/06\/hq720-8-300x169.jpg 300w\" sizes=\"(max-width: 686px) 100vw, 686px\"><\/figure>\n\n\n\n<p><strong>7. Un h\u00e9ritage musi\u00adcal et humain intem\u00adporel<\/strong><br>Les chan\u00adsons de France Gall tra\u00adversent les g\u00e9n\u00e9ra\u00adtions. \u00ab&nbsp;R\u00e9siste&nbsp;\u00bb, \u00ab&nbsp;\u00c9videm\u00adment&nbsp;\u00bb, \u00ab&nbsp;Ella, elle l\u2019a&nbsp;\u00bb sont dev\u00adenues des hymnes \u00e0 la lib\u00adert\u00e9 et \u00e0 la r\u00e9silience. Sa voix, \u00e0 la fois douce et puis\u00adsante, con\u00adtin\u00adue de touch\u00ader les c\u0153urs. Les jeunes artistes la citent en mod\u00ad\u00e8le, et ses dis\u00adques se vendent encore aujourd\u2019hui.<\/p>\n\n\n\n<p><strong>8. T\u00e9moignages et sou\u00advenirs de proches<\/strong><br>Col\u00adlab\u00ado\u00adra\u00adteurs, amis et mem\u00adbres de sa famille \u00e9vo\u00adquent une femme g\u00e9n\u00e9reuse, exigeante et fid\u00e8le \u00e0 ses valeurs. \u00ab&nbsp;France avait cette capac\u00adit\u00e9 rare \u00e0 rester sim\u00adple mal\u00adgr\u00e9 la gloire&nbsp;\u00bb, con\u00adfie un musi\u00adcien de son \u00e9quipe. Les fans, eux, parta\u00adgent leurs sou\u00advenirs de con\u00adcerts mag\u00adiques et de ren\u00adcon\u00adtres mar\u00adquantes.<\/p>\n\n\n\n<p><strong>9. France Gall, sym\u00adbole d\u2019une France qui chante et esp\u00e8re<\/strong><br>Au fil des d\u00e9cen\u00adnies, France Gall a su incar\u00adn\u00ader les espoirs, les douleurs et les r\u00eaves de tout un pays. Son par\u00adcours est celui d\u2019une femme libre, qui a su trans\u00adformer ses blessures en force et offrir \u00e0 la chan\u00adson fran\u00e7aise quelques-unes de ses plus belles pages.<\/p>\n\n\n\n<p><strong>10. Pourquoi France Gall reste une source d\u2019inspiration aujourd\u2019hui<\/strong><br>Sa capac\u00adit\u00e9 \u00e0 tra\u00advers\u00ader les \u00e9po\u00adques, \u00e0 se r\u00e9in\u00adven\u00adter et \u00e0 rester fid\u00e8le \u00e0 elle-m\u00eame fait d\u2019elle une ic\u00f4ne pour toutes les g\u00e9n\u00e9ra\u00adtions. France Gall n\u2019a jamais cess\u00e9 de chanter l\u2019amour, la paix, la vie. Son mes\u00adsage, uni\u00adversel et intem\u00adporel, r\u00e9sonne plus que jamais dans un monde en qu\u00eate de sens et de douceur.<\/p>\n\n\n\n<p><\/p>\n","protected":false},"excerpt":{"rendered":"<p>1. Une enfance berc\u00e9e par la musique et la sc\u00e8\u00adneN\u00e9e en 1947 \u00e0 Paris, France Gall grandit dans un univers artis\u00adtique&nbsp;: fille du paroli\u00ader Robert Gall, elle est ini\u00adti\u00e9e tr\u00e8s\u2026 <\/p>\n","protected":false},"author":1,"featured_media":20154,"comment_status":"open","ping_status":"closed","sticky":false,"template":"","format":"standard","meta":{"wp_typography_post_enhancements_disabled":false,"footnotes":""},"categories":[73],"tags":[14957,1471,430,13256,2499,826,429,14958,2506,4171],"class_list":["post-20152","post","type-post","status-publish","format-standard","has-post-thumbnail","hentry","category-on-en-parle","tag-annees-yeye","tag-chanson-francaise","tag-engagement-humanitaire","tag-femme-de-legende","tag-france-gall","tag-heritage-musical","tag-icone-musicale","tag-inspiration-femme","tag-michel-berger","tag-resilience-feminine"],"yoast_head":"<!-- This site is optimized with the Yoast SEO plugin v24.7 - https:\/\/yoast.com\/wordpress\/plugins\/seo\/ -->\n<title>France Gall : Elle chantait l\u2019amour et la paix \u2013 Parcours d\u2019une ic\u00f4ne intemporelle - Bobea<\/title>\n<meta name=\"description\" content=\"Sa capacit\u00e9 \u00e0 traverser les \u00e9poques, \u00e0 se r\u00e9inventer et \u00e0 rester fid\u00e8le \u00e0 elle-m\u00eame fait d\u2019elle une ic\u00f4ne pour toutes les g\u00e9n\u00e9rations\" \/>\n<meta name=\"robots\" content=\"index, follow, max-snippet:-1, max-image-preview:large, max-video-preview:-1\" \/>\n<link rel=\"canonical\" href=\"https:\/\/bobea.net\/index.php\/2025\/06\/27\/france-gall-elle-chantait-lamour-et-la-paix-parcours-dune-icone-intemporelle\/\" \/>\n<meta property=\"og:locale\" content=\"fr_FR\" \/>\n<meta property=\"og:type\" content=\"article\" \/>\n<meta property=\"og:title\" content=\"France Gall : Elle chantait l\u2019amour et la paix \u2013 Parcours d\u2019une ic\u00f4ne intemporelle - Bobea\" \/>\n<meta property=\"og:description\" content=\"Sa capacit\u00e9 \u00e0 traverser les \u00e9poques, \u00e0 se r\u00e9inventer et \u00e0 rester fid\u00e8le \u00e0 elle-m\u00eame fait d\u2019elle une ic\u00f4ne pour toutes les g\u00e9n\u00e9rations\" \/>\n<meta property=\"og:url\" content=\"https:\/\/bobea.net\/index.php\/2025\/06\/27\/france-gall-elle-chantait-lamour-et-la-paix-parcours-dune-icone-intemporelle\/\" \/>\n<meta property=\"og:site_name\" content=\"Bobea\" \/>\n<meta property=\"article:publisher\" content=\"https:\/\/web.facebook.com\/profile.php?id=61559252188416\" \/>\n<meta property=\"article:published_time\" content=\"2025-06-27T19:20:07+00:00\" \/>\n<meta property=\"article:modified_time\" content=\"2025-06-27T19:20:09+00:00\" \/>\n<meta property=\"og:image\" content=\"https:\/\/bobea.net\/wp-content\/uploads\/2025\/06\/hq720-9.jpg\" \/>\n\t<meta property=\"og:image:width\" content=\"686\" \/>\n\t<meta property=\"og:image:height\" content=\"386\" \/>\n\t<meta property=\"og:image:type\" content=\"image\/jpeg\" \/>\n<meta name=\"author\" content=\"bobea.info\" \/>\n<meta name=\"twitter:card\" content=\"summary_large_image\" \/>\n<meta name=\"twitter:label1\" content=\"\u00c9crit par\" \/>\n\t<meta name=\"twitter:data1\" content=\"bobea.info\" \/>\n\t<meta name=\"twitter:label2\" content=\"Dur\u00e9e de lecture estim\u00e9e\" \/>\n\t<meta name=\"twitter:data2\" content=\"4 minutes\" \/>\n<script type=\"application\/ld+json\" class=\"yoast-schema-graph\">{\"@context\":\"https:\/\/schema.org\",\"@graph\":[{\"@type\":\"Article\",\"@id\":\"https:\/\/bobea.net\/index.php\/2025\/06\/27\/france-gall-elle-chantait-lamour-et-la-paix-parcours-dune-icone-intemporelle\/#article\",\"isPartOf\":{\"@id\":\"https:\/\/bobea.net\/index.php\/2025\/06\/27\/france-gall-elle-chantait-lamour-et-la-paix-parcours-dune-icone-intemporelle\/\"},\"author\":{\"name\":\"bobea.info\",\"@id\":\"https:\/\/bobea.net\/#\/schema\/person\/e7f45ef187918d7c956bf619dce90ccf\"},\"headline\":\"France Gall : Elle chantait l\u2019amour et la paix \u2013 Parcours d\u2019une ic\u00f4ne intemporelle\",\"datePublished\":\"2025-06-27T19:20:07+00:00\",\"dateModified\":\"2025-06-27T19:20:09+00:00\",\"mainEntityOfPage\":{\"@id\":\"https:\/\/bobea.net\/index.php\/2025\/06\/27\/france-gall-elle-chantait-lamour-et-la-paix-parcours-dune-icone-intemporelle\/\"},\"wordCount\":678,\"commentCount\":0,\"publisher\":{\"@id\":\"https:\/\/bobea.net\/#organization\"},\"image\":{\"@id\":\"https:\/\/bobea.net\/index.php\/2025\/06\/27\/france-gall-elle-chantait-lamour-et-la-paix-parcours-dune-icone-intemporelle\/#primaryimage\"},\"thumbnailUrl\":\"https:\/\/bobea.net\/wp-content\/uploads\/2025\/06\/hq720-9.jpg\",\"keywords\":[\"ann\u00e9es y\u00e9y\u00e9\",\"chanson fran\u00e7aise\",\"engagement humanitaire\",\"femme de l\u00e9gende\",\"France Gall\",\"h\u00e9ritage musical\",\"ic\u00f4ne musicale\",\"inspiration femme.\",\"Michel Berger\",\"r\u00e9silience f\u00e9minine\"],\"articleSection\":[\"On en Parle\"],\"inLanguage\":\"fr-FR\",\"potentialAction\":[{\"@type\":\"CommentAction\",\"name\":\"Comment\",\"target\":[\"https:\/\/bobea.net\/index.php\/2025\/06\/27\/france-gall-elle-chantait-lamour-et-la-paix-parcours-dune-icone-intemporelle\/#respond\"]}]},{\"@type\":\"WebPage\",\"@id\":\"https:\/\/bobea.net\/index.php\/2025\/06\/27\/france-gall-elle-chantait-lamour-et-la-paix-parcours-dune-icone-intemporelle\/\",\"url\":\"https:\/\/bobea.net\/index.php\/2025\/06\/27\/france-gall-elle-chantait-lamour-et-la-paix-parcours-dune-icone-intemporelle\/\",\"name\":\"France Gall : Elle chantait l\u2019amour et la paix \u2013 Parcours d\u2019une ic\u00f4ne intemporelle - Bobea\",\"isPartOf\":{\"@id\":\"https:\/\/bobea.net\/#website\"},\"primaryImageOfPage\":{\"@id\":\"https:\/\/bobea.net\/index.php\/2025\/06\/27\/france-gall-elle-chantait-lamour-et-la-paix-parcours-dune-icone-intemporelle\/#primaryimage\"},\"image\":{\"@id\":\"https:\/\/bobea.net\/index.php\/2025\/06\/27\/france-gall-elle-chantait-lamour-et-la-paix-parcours-dune-icone-intemporelle\/#primaryimage\"},\"thumbnailUrl\":\"https:\/\/bobea.net\/wp-content\/uploads\/2025\/06\/hq720-9.jpg\",\"datePublished\":\"2025-06-27T19:20:07+00:00\",\"dateModified\":\"2025-06-27T19:20:09+00:00\",\"description\":\"Sa capacit\u00e9 \u00e0 traverser les \u00e9poques, \u00e0 se r\u00e9inventer et \u00e0 rester fid\u00e8le \u00e0 elle-m\u00eame fait d\u2019elle une ic\u00f4ne pour toutes les g\u00e9n\u00e9rations\",\"breadcrumb\":{\"@id\":\"https:\/\/bobea.net\/index.php\/2025\/06\/27\/france-gall-elle-chantait-lamour-et-la-paix-parcours-dune-icone-intemporelle\/#breadcrumb\"},\"inLanguage\":\"fr-FR\",\"potentialAction\":[{\"@type\":\"ReadAction\",\"target\":[\"https:\/\/bobea.net\/index.php\/2025\/06\/27\/france-gall-elle-chantait-lamour-et-la-paix-parcours-dune-icone-intemporelle\/\"]}]},{\"@type\":\"ImageObject\",\"inLanguage\":\"fr-FR\",\"@id\":\"https:\/\/bobea.net\/index.php\/2025\/06\/27\/france-gall-elle-chantait-lamour-et-la-paix-parcours-dune-icone-intemporelle\/#primaryimage\",\"url\":\"https:\/\/bobea.net\/wp-content\/uploads\/2025\/06\/hq720-9.jpg\",\"contentUrl\":\"https:\/\/bobea.net\/wp-content\/uploads\/2025\/06\/hq720-9.jpg\",\"width\":686,\"height\":386},{\"@type\":\"BreadcrumbList\",\"@id\":\"https:\/\/bobea.net\/index.php\/2025\/06\/27\/france-gall-elle-chantait-lamour-et-la-paix-parcours-dune-icone-intemporelle\/#breadcrumb\",\"itemListElement\":[{\"@type\":\"ListItem\",\"position\":1,\"name\":\"Accueil\",\"item\":\"https:\/\/bobea.net\/\"},{\"@type\":\"ListItem\",\"position\":2,\"name\":\"France Gall : Elle chantait l\u2019amour et la paix \u2013 Parcours d\u2019une ic\u00f4ne intemporelle\"}]},{\"@type\":\"WebSite\",\"@id\":\"https:\/\/bobea.net\/#website\",\"url\":\"https:\/\/bobea.net\/\",\"name\":\"Bobea\",\"description\":\"Le magazine de la nouvelle \u00c8ve\",\"publisher\":{\"@id\":\"https:\/\/bobea.net\/#organization\"},\"potentialAction\":[{\"@type\":\"SearchAction\",\"target\":{\"@type\":\"EntryPoint\",\"urlTemplate\":\"https:\/\/bobea.net\/?s={search_term_string}\"},\"query-input\":{\"@type\":\"PropertyValueSpecification\",\"valueRequired\":true,\"valueName\":\"search_term_string\"}}],\"inLanguage\":\"fr-FR\"},{\"@type\":\"Organization\",\"@id\":\"https:\/\/bobea.net\/#organization\",\"name\":\"Bobea\",\"url\":\"https:\/\/bobea.net\/\",\"logo\":{\"@type\":\"ImageObject\",\"inLanguage\":\"fr-FR\",\"@id\":\"https:\/\/bobea.net\/#\/schema\/logo\/image\/\",\"url\":\"https:\/\/bobea.net\/wp-content\/uploads\/2024\/06\/bobea.jpg\",\"contentUrl\":\"https:\/\/bobea.net\/wp-content\/uploads\/2024\/06\/bobea.jpg\",\"width\":1080,\"height\":1080,\"caption\":\"Bobea\"},\"image\":{\"@id\":\"https:\/\/bobea.net\/#\/schema\/logo\/image\/\"},\"sameAs\":[\"https:\/\/web.facebook.com\/profile.php?id=61559252188416\"]},{\"@type\":\"Person\",\"@id\":\"https:\/\/bobea.net\/#\/schema\/person\/e7f45ef187918d7c956bf619dce90ccf\",\"name\":\"bobea.info\",\"image\":{\"@type\":\"ImageObject\",\"inLanguage\":\"fr-FR\",\"@id\":\"https:\/\/bobea.net\/#\/schema\/person\/image\/\",\"url\":\"https:\/\/secure.gravatar.com\/avatar\/36147980349df887ae30808df3e29474?s=96&d=mm&r=g\",\"contentUrl\":\"https:\/\/secure.gravatar.com\/avatar\/36147980349df887ae30808df3e29474?s=96&d=mm&r=g\",\"caption\":\"bobea.info\"},\"sameAs\":[\"https:\/\/bobea.net\"],\"url\":\"https:\/\/bobea.net\/index.php\/author\/bobea-info\/\"}]}<\/script>\n<!-- \/ Yoast SEO plugin. -->","yoast_head_json":{"title":"France Gall : Elle chantait l\u2019amour et la paix \u2013 Parcours d\u2019une ic\u00f4ne intemporelle - Bobea","description":"Sa capacit\u00e9 \u00e0 traverser les \u00e9poques, \u00e0 se r\u00e9inventer et \u00e0 rester fid\u00e8le \u00e0 elle-m\u00eame fait d\u2019elle une ic\u00f4ne pour toutes les g\u00e9n\u00e9rations","robots":{"index":"index","follow":"follow","max-snippet":"max-snippet:-1","max-image-preview":"max-image-preview:large","max-video-preview":"max-video-preview:-1"},"canonical":"https:\/\/bobea.net\/index.php\/2025\/06\/27\/france-gall-elle-chantait-lamour-et-la-paix-parcours-dune-icone-intemporelle\/","og_locale":"fr_FR","og_type":"article","og_title":"France Gall : Elle chantait l\u2019amour et la paix \u2013 Parcours d\u2019une ic\u00f4ne intemporelle - Bobea","og_description":"Sa capacit\u00e9 \u00e0 traverser les \u00e9poques, \u00e0 se r\u00e9inventer et \u00e0 rester fid\u00e8le \u00e0 elle-m\u00eame fait d\u2019elle une ic\u00f4ne pour toutes les g\u00e9n\u00e9rations","og_url":"https:\/\/bobea.net\/index.php\/2025\/06\/27\/france-gall-elle-chantait-lamour-et-la-paix-parcours-dune-icone-intemporelle\/","og_site_name":"Bobea","article_publisher":"https:\/\/web.facebook.com\/profile.php?id=61559252188416","article_published_time":"2025-06-27T19:20:07+00:00","article_modified_time":"2025-06-27T19:20:09+00:00","og_image":[{"width":686,"height":386,"url":"https:\/\/bobea.net\/wp-content\/uploads\/2025\/06\/hq720-9.jpg","type":"image\/jpeg"}],"author":"bobea.info","twitter_card":"summary_large_image","twitter_misc":{"\u00c9crit par":"bobea.info","Dur\u00e9e de lecture estim\u00e9e":"4 minutes"},"schema":{"@context":"https:\/\/schema.org","@graph":[{"@type":"Article","@id":"https:\/\/bobea.net\/index.php\/2025\/06\/27\/france-gall-elle-chantait-lamour-et-la-paix-parcours-dune-icone-intemporelle\/#article","isPartOf":{"@id":"https:\/\/bobea.net\/index.php\/2025\/06\/27\/france-gall-elle-chantait-lamour-et-la-paix-parcours-dune-icone-intemporelle\/"},"author":{"name":"bobea.info","@id":"https:\/\/bobea.net\/#\/schema\/person\/e7f45ef187918d7c956bf619dce90ccf"},"headline":"France Gall : Elle chantait l\u2019amour et la paix \u2013 Parcours d\u2019une ic\u00f4ne intemporelle","datePublished":"2025-06-27T19:20:07+00:00","dateModified":"2025-06-27T19:20:09+00:00","mainEntityOfPage":{"@id":"https:\/\/bobea.net\/index.php\/2025\/06\/27\/france-gall-elle-chantait-lamour-et-la-paix-parcours-dune-icone-intemporelle\/"},"wordCount":678,"commentCount":0,"publisher":{"@id":"https:\/\/bobea.net\/#organization"},"image":{"@id":"https:\/\/bobea.net\/index.php\/2025\/06\/27\/france-gall-elle-chantait-lamour-et-la-paix-parcours-dune-icone-intemporelle\/#primaryimage"},"thumbnailUrl":"https:\/\/bobea.net\/wp-content\/uploads\/2025\/06\/hq720-9.jpg","keywords":["ann\u00e9es y\u00e9y\u00e9","chanson fran\u00e7aise","engagement humanitaire","femme de l\u00e9gende","France Gall","h\u00e9ritage musical","ic\u00f4ne musicale","inspiration femme.","Michel Berger","r\u00e9silience f\u00e9minine"],"articleSection":["On en Parle"],"inLanguage":"fr-FR","potentialAction":[{"@type":"CommentAction","name":"Comment","target":["https:\/\/bobea.net\/index.php\/2025\/06\/27\/france-gall-elle-chantait-lamour-et-la-paix-parcours-dune-icone-intemporelle\/#respond"]}]},{"@type":"WebPage","@id":"https:\/\/bobea.net\/index.php\/2025\/06\/27\/france-gall-elle-chantait-lamour-et-la-paix-parcours-dune-icone-intemporelle\/","url":"https:\/\/bobea.net\/index.php\/2025\/06\/27\/france-gall-elle-chantait-lamour-et-la-paix-parcours-dune-icone-intemporelle\/","name":"France Gall : Elle chantait l\u2019amour et la paix \u2013 Parcours d\u2019une ic\u00f4ne intemporelle - Bobea","isPartOf":{"@id":"https:\/\/bobea.net\/#website"},"primaryImageOfPage":{"@id":"https:\/\/bobea.net\/index.php\/2025\/06\/27\/france-gall-elle-chantait-lamour-et-la-paix-parcours-dune-icone-intemporelle\/#primaryimage"},"image":{"@id":"https:\/\/bobea.net\/index.php\/2025\/06\/27\/france-gall-elle-chantait-lamour-et-la-paix-parcours-dune-icone-intemporelle\/#primaryimage"},"thumbnailUrl":"https:\/\/bobea.net\/wp-content\/uploads\/2025\/06\/hq720-9.jpg","datePublished":"2025-06-27T19:20:07+00:00","dateModified":"2025-06-27T19:20:09+00:00","description":"Sa capacit\u00e9 \u00e0 traverser les \u00e9poques, \u00e0 se r\u00e9inventer et \u00e0 rester fid\u00e8le \u00e0 elle-m\u00eame fait d\u2019elle une ic\u00f4ne pour toutes les g\u00e9n\u00e9rations","breadcrumb":{"@id":"https:\/\/bobea.net\/index.php\/2025\/06\/27\/france-gall-elle-chantait-lamour-et-la-paix-parcours-dune-icone-intemporelle\/#breadcrumb"},"inLanguage":"fr-FR","potentialAction":[{"@type":"ReadAction","target":["https:\/\/bobea.net\/index.php\/2025\/06\/27\/france-gall-elle-chantait-lamour-et-la-paix-parcours-dune-icone-intemporelle\/"]}]},{"@type":"ImageObject","inLanguage":"fr-FR","@id":"https:\/\/bobea.net\/index.php\/2025\/06\/27\/france-gall-elle-chantait-lamour-et-la-paix-parcours-dune-icone-intemporelle\/#primaryimage","url":"https:\/\/bobea.net\/wp-content\/uploads\/2025\/06\/hq720-9.jpg","contentUrl":"https:\/\/bobea.net\/wp-content\/uploads\/2025\/06\/hq720-9.jpg","width":686,"height":386},{"@type":"BreadcrumbList","@id":"https:\/\/bobea.net\/index.php\/2025\/06\/27\/france-gall-elle-chantait-lamour-et-la-paix-parcours-dune-icone-intemporelle\/#breadcrumb","itemListElement":[{"@type":"ListItem","position":1,"name":"Accueil","item":"https:\/\/bobea.net\/"},{"@type":"ListItem","position":2,"name":"France Gall : Elle chantait l\u2019amour et la paix \u2013 Parcours d\u2019une ic\u00f4ne intemporelle"}]},{"@type":"WebSite","@id":"https:\/\/bobea.net\/#website","url":"https:\/\/bobea.net\/","name":"Bobea","description":"Le magazine de la nouvelle \u00c8ve","publisher":{"@id":"https:\/\/bobea.net\/#organization"},"potentialAction":[{"@type":"SearchAction","target":{"@type":"EntryPoint","urlTemplate":"https:\/\/bobea.net\/?s={search_term_string}"},"query-input":{"@type":"PropertyValueSpecification","valueRequired":true,"valueName":"search_term_string"}}],"inLanguage":"fr-FR"},{"@type":"Organization","@id":"https:\/\/bobea.net\/#organization","name":"Bobea","url":"https:\/\/bobea.net\/","logo":{"@type":"ImageObject","inLanguage":"fr-FR","@id":"https:\/\/bobea.net\/#\/schema\/logo\/image\/","url":"https:\/\/bobea.net\/wp-content\/uploads\/2024\/06\/bobea.jpg","contentUrl":"https:\/\/bobea.net\/wp-content\/uploads\/2024\/06\/bobea.jpg","width":1080,"height":1080,"caption":"Bobea"},"image":{"@id":"https:\/\/bobea.net\/#\/schema\/logo\/image\/"},"sameAs":["https:\/\/web.facebook.com\/profile.php?id=61559252188416"]},{"@type":"Person","@id":"https:\/\/bobea.net\/#\/schema\/person\/e7f45ef187918d7c956bf619dce90ccf","name":"bobea.info","image":{"@type":"ImageObject","inLanguage":"fr-FR","@id":"https:\/\/bobea.net\/#\/schema\/person\/image\/","url":"https:\/\/secure.gravatar.com\/avatar\/36147980349df887ae30808df3e29474?s=96&d=mm&r=g","contentUrl":"https:\/\/secure.gravatar.com\/avatar\/36147980349df887ae30808df3e29474?s=96&d=mm&r=g","caption":"bobea.info"},"sameAs":["https:\/\/bobea.net"],"url":"https:\/\/bobea.net\/index.php\/author\/bobea-info\/"}]}},"_links":{"self":[{"href":"https:\/\/bobea.net\/index.php\/wp-json\/wp\/v2\/posts\/20152"}],"collection":[{"href":"https:\/\/bobea.net\/index.php\/wp-json\/wp\/v2\/posts"}],"about":[{"href":"https:\/\/bobea.net\/index.php\/wp-json\/wp\/v2\/types\/post"}],"author":[{"embeddable":true,"href":"https:\/\/bobea.net\/index.php\/wp-json\/wp\/v2\/users\/1"}],"replies":[{"embeddable":true,"href":"https:\/\/bobea.net\/index.php\/wp-json\/wp\/v2\/comments?post=20152"}],"version-history":[{"count":1,"href":"https:\/\/bobea.net\/index.php\/wp-json\/wp\/v2\/posts\/20152\/revisions"}],"predecessor-version":[{"id":20155,"href":"https:\/\/bobea.net\/index.php\/wp-json\/wp\/v2\/posts\/20152\/revisions\/20155"}],"wp:featuredmedia":[{"embeddable":true,"href":"https:\/\/bobea.net\/index.php\/wp-json\/wp\/v2\/media\/20154"}],"wp:attachment":[{"href":"https:\/\/bobea.net\/index.php\/wp-json\/wp\/v2\/media?parent=20152"}],"wp:term":[{"taxonomy":"category","embeddable":true,"href":"https:\/\/bobea.net\/index.php\/wp-json\/wp\/v2\/categories?post=20152"},{"taxonomy":"post_tag","embeddable":true,"href":"https:\/\/bobea.net\/index.php\/wp-json\/wp\/v2\/tags?post=20152"}],"curies":[{"name":"wp","href":"https:\/\/api.w.org\/{rel}","templated":true}]}}