{"id":20018,"date":"2025-06-27T11:15:40","date_gmt":"2025-06-27T11:15:40","guid":{"rendered":"https:\/\/bobea.net\/?p=20018"},"modified":"2025-06-27T11:15:41","modified_gmt":"2025-06-27T11:15:41","slug":"fashion-week-masculine-a-paris-les-tendances-qui-redefinissent-la-mode-homme-en-2025","status":"publish","type":"post","link":"https:\/\/bobea.net\/index.php\/2025\/06\/27\/fashion-week-masculine-a-paris-les-tendances-qui-redefinissent-la-mode-homme-en-2025\/","title":{"rendered":"Fashion Week masculine \u00e0 Paris : Les tendances qui red\u00e9finissent la mode homme en 2025"},"content":{"rendered":"\n<p><strong>1. Intro\u00adduc\u00adtion : Paris, cap\u00adi\u00adtale mon\u00addi\u00adale de la mode mas\u00adcu\u00adline<\/strong><\/p>\n\n\n\n<p>Le 27 juin 2025, la Fash\u00adion Week mas\u00adcu\u00adline de Paris s\u2019impose une fois de plus comme l\u2019\u00e9v\u00e9nement incon\u00adtourn\u00adable pour les pas\u00adsion\u00adn\u00e9s de mode, les cr\u00e9a\u00adteurs et les m\u00e9dias inter\u00adna\u00adtionaux. Cette \u00e9di\u00adtion, plac\u00e9e sous le signe de l\u2019innovation et de la diver\u00adsit\u00e9, attire les regards du monde entier et fa\u00e7onne les ten\u00addances qui habilleront l\u2019homme mod\u00aderne demain.<br><strong>Mots-cl\u00e9s SEO<\/strong>&nbsp;: Fash\u00adion Week Paris, mode homme 2025, ten\u00addances mas\u00adcu\u00adlines, cr\u00e9a\u00adteurs de mode, d\u00e9fil\u00e9s Paris.<\/p>\n\n\n\n<p><strong>2. Les grandes ten\u00addances rep\u00e9r\u00e9es sur les podi\u00adums<\/strong><\/p>\n\n\n\n<p>Les d\u00e9fil\u00e9s de cette sai\u00adson r\u00e9v\u00e8\u00adlent une volon\u00adt\u00e9 d\u2019oser et de cass\u00ader les codes&nbsp;:<\/p>\n\n\n\n<ul class=\"wp-block-list\">\n<li><strong>Couleurs franch\u00ades et mati\u00e8res tech\u00adniques<\/strong>&nbsp;: le bleu \u00e9lec\u00adtrique, le vert for\u00eat et les tis\u00adsus recy\u00adcl\u00e9s s\u2019imposent.<\/li>\n\n\n\n<li><strong>Jeux de vol\u00adumes<\/strong>&nbsp;: pan\u00adtalons larges, vestes over\u00adsize, super\u00adpo\u00adsi\u00adtions auda\u00adcieuses.<\/li>\n\n\n\n<li><strong>Acces\u00adsoires affir\u00adm\u00e9s<\/strong>&nbsp;: sacs ban\u00addouli\u00e8re, cha\u00adpeaux XXL et bijoux mas\u00adculins.<\/li>\n<\/ul>\n\n\n\n<p><strong>Mots-cl\u00e9s SEO<\/strong>&nbsp;: ten\u00addances mode homme, couleurs 2025, tis\u00adsus recy\u00adcl\u00e9s, acces\u00adsoires mas\u00adculins.<\/p>\n\n\n\n<p><strong>3. Les cr\u00e9a\u00adteurs \u00e0 suiv\u00adre et leurs inspi\u00adra\u00adtions<\/strong><\/p>\n\n\n\n<p>Des maisons his\u00adtoriques comme Dior et Louis Vuit\u00adton c\u00f4toient de jeunes cr\u00e9a\u00adteurs inno\u00advants.<\/p>\n\n\n\n<ul class=\"wp-block-list\">\n<li><strong>Dior<\/strong>&nbsp;pro\u00adpose une sil\u00adhou\u00adette urbaine, \u00e9l\u00e9\u00adgante et d\u00e9con\u00adtrac\u00adt\u00e9e.<\/li>\n\n\n\n<li><strong>Louis Vuit\u00adton<\/strong>&nbsp;mise sur l\u2019inclusivit\u00e9 et la fusion des gen\u00adres.<\/li>\n\n\n\n<li><strong>Mar\u00adques \u00e9mer\u00adgentes<\/strong>&nbsp;: focus sur l\u2019upcycling et la mode respon\u00ads\u00adable.<\/li>\n<\/ul>\n\n\n\n<figure class=\"wp-block-image size-full\"><img loading=\"lazy\" decoding=\"async\" width=\"1000\" height=\"500\" src=\"https:\/\/bobea.net\/wp-content\/uploads\/2025\/06\/fashion-week-homme-printemps-ete-2025-tendance.jpg\" alt class=\"wp-image-20019\" srcset=\"https:\/\/bobea.net\/wp-content\/uploads\/2025\/06\/fashion-week-homme-printemps-ete-2025-tendance.jpg 1000w, https:\/\/bobea.net\/wp-content\/uploads\/2025\/06\/fashion-week-homme-printemps-ete-2025-tendance-300x150.jpg 300w, https:\/\/bobea.net\/wp-content\/uploads\/2025\/06\/fashion-week-homme-printemps-ete-2025-tendance-768x384.jpg 768w\" sizes=\"(max-width: 1000px) 100vw, 1000px\"><\/figure>\n\n\n\n<p><strong>4. L\u2019impact de la Fash\u00adion Week sur l\u2019industrie et la soci\u00e9t\u00e9<\/strong><\/p>\n\n\n\n<p>La Fash\u00adion Week ne se lim\u00adite plus aux podi\u00adums&nbsp;:<\/p>\n\n\n\n<ul class=\"wp-block-list\">\n<li><strong>\u00c9v\u00e9ne\u00adments hors les murs<\/strong>&nbsp;: d\u00e9fil\u00e9s dans la rue, per\u00adfor\u00admances artis\u00adtiques, ate\u00adliers ouverts au pub\u00adlic.<\/li>\n\n\n\n<li><strong>Influ\u00adence sur la con\u00adsom\u00adma\u00adtion<\/strong>&nbsp;: mon\u00adt\u00e9e de la mode \u00e9thique, recherche de pi\u00e8ces uniques et durables.<\/li>\n\n\n\n<li><strong>Vis\u00adi\u00adbil\u00adit\u00e9 des minorit\u00e9s et diver\u00adsit\u00e9<\/strong>&nbsp;: man\u00adnequins de toutes orig\u00adines, gen\u00adres et mor\u00adpholo\u00adgies.<\/li>\n<\/ul>\n\n\n\n<p><strong>5. L\u2019avis des experts et des influ\u00adenceurs<\/strong><\/p>\n\n\n\n<p>Les cri\u00adtiques salu\u00adent une \u00e9di\u00adtion auda\u00adcieuse, reflet d\u2019une soci\u00e9t\u00e9 en muta\u00adtion. Les influ\u00adenceurs mode parta\u00adgent en direct leurs coups de c\u0153ur sur les r\u00e9seaux soci\u00adaux, ampli\u00adfi\u00adant l\u2019impact de l\u2019\u00e9v\u00e9nement \u00e0 l\u2019international.<br><strong>6. Con\u00adclu\u00adsion : Paris reste la r\u00e9f\u00e9rence de la mode mas\u00adcu\u00adline<\/strong><\/p>\n\n\n\n<p>La Fash\u00adion Week mas\u00adcu\u00adline 2025 con\u00adfirme la place de Paris comme lab\u00ado\u00adra\u00adtoire de la cr\u00e9a\u00adtion et de l\u2019audace. Les ten\u00addances rep\u00e9r\u00e9es aujourd\u2019hui fa\u00e7on\u00adneront la garde-robe de demain, entre inno\u00adva\u00adtion, respon\u00ads\u00adabil\u00adit\u00e9 et diver\u00adsit\u00e9.<br><\/p>\n","protected":false},"excerpt":{"rendered":"<p>1. Intro\u00adduc\u00adtion : Paris, cap\u00adi\u00adtale mon\u00addi\u00adale de la mode mas\u00adcu\u00adline Le 27 juin 2025, la Fash\u00adion Week mas\u00adcu\u00adline de Paris s\u2019impose une fois de plus comme l\u2019\u00e9v\u00e9nement incon\u00adtourn\u00adable pour les\u2026 <\/p>\n","protected":false},"author":1,"featured_media":20020,"comment_status":"open","ping_status":"closed","sticky":false,"template":"","format":"standard","meta":{"wp_typography_post_enhancements_disabled":false,"footnotes":""},"categories":[73],"tags":[14805,14803,14804,9905,14802,495,13492,14806],"class_list":["post-20018","post","type-post","status-publish","format-standard","has-post-thumbnail","hentry","category-on-en-parle","tag-critiques-fashion-week","tag-diversite-fashion-week","tag-influenceurs-mode","tag-innovation-mode","tag-mode-masculine-paris","tag-reseaux-sociaux","tag-tendances-2025-2","tag-tendances-virales"],"yoast_head":"<!-- This site is optimized with the Yoast SEO plugin v24.7 - https:\/\/yoast.com\/wordpress\/plugins\/seo\/ -->\n<title>Fashion Week masculine \u00e0 Paris : Les tendances qui red\u00e9finissent la mode homme en 2025 - Bobea<\/title>\n<meta name=\"description\" content=\"La Fashion Week masculine 2025 confirme la place de Paris comme laboratoire de la cr\u00e9ation et de l\u2019audace. Les tendances rep\u00e9r\u00e9es\" \/>\n<meta name=\"robots\" content=\"index, follow, max-snippet:-1, max-image-preview:large, max-video-preview:-1\" \/>\n<link rel=\"canonical\" href=\"https:\/\/bobea.net\/index.php\/2025\/06\/27\/fashion-week-masculine-a-paris-les-tendances-qui-redefinissent-la-mode-homme-en-2025\/\" \/>\n<meta property=\"og:locale\" content=\"fr_FR\" \/>\n<meta property=\"og:type\" content=\"article\" \/>\n<meta property=\"og:title\" content=\"Fashion Week masculine \u00e0 Paris : Les tendances qui red\u00e9finissent la mode homme en 2025 - Bobea\" \/>\n<meta property=\"og:description\" content=\"La Fashion Week masculine 2025 confirme la place de Paris comme laboratoire de la cr\u00e9ation et de l\u2019audace. Les tendances rep\u00e9r\u00e9es\" \/>\n<meta property=\"og:url\" content=\"https:\/\/bobea.net\/index.php\/2025\/06\/27\/fashion-week-masculine-a-paris-les-tendances-qui-redefinissent-la-mode-homme-en-2025\/\" \/>\n<meta property=\"og:site_name\" content=\"Bobea\" \/>\n<meta property=\"article:publisher\" content=\"https:\/\/web.facebook.com\/profile.php?id=61559252188416\" \/>\n<meta property=\"article:published_time\" content=\"2025-06-27T11:15:40+00:00\" \/>\n<meta property=\"article:modified_time\" content=\"2025-06-27T11:15:41+00:00\" \/>\n<meta property=\"og:image\" content=\"https:\/\/bobea.net\/wp-content\/uploads\/2025\/06\/fashion-week-homme-automne-hiver-2025-2026-jour-2.jpg\" \/>\n\t<meta property=\"og:image:width\" content=\"1000\" \/>\n\t<meta property=\"og:image:height\" content=\"500\" \/>\n\t<meta property=\"og:image:type\" content=\"image\/jpeg\" \/>\n<meta name=\"author\" content=\"bobea.info\" \/>\n<meta name=\"twitter:card\" content=\"summary_large_image\" \/>\n<meta name=\"twitter:label1\" content=\"\u00c9crit par\" \/>\n\t<meta name=\"twitter:data1\" content=\"bobea.info\" \/>\n\t<meta name=\"twitter:label2\" content=\"Dur\u00e9e de lecture estim\u00e9e\" \/>\n\t<meta name=\"twitter:data2\" content=\"3 minutes\" \/>\n<script type=\"application\/ld+json\" class=\"yoast-schema-graph\">{\"@context\":\"https:\/\/schema.org\",\"@graph\":[{\"@type\":\"Article\",\"@id\":\"https:\/\/bobea.net\/index.php\/2025\/06\/27\/fashion-week-masculine-a-paris-les-tendances-qui-redefinissent-la-mode-homme-en-2025\/#article\",\"isPartOf\":{\"@id\":\"https:\/\/bobea.net\/index.php\/2025\/06\/27\/fashion-week-masculine-a-paris-les-tendances-qui-redefinissent-la-mode-homme-en-2025\/\"},\"author\":{\"name\":\"bobea.info\",\"@id\":\"https:\/\/bobea.net\/#\/schema\/person\/e7f45ef187918d7c956bf619dce90ccf\"},\"headline\":\"Fashion Week masculine \u00e0 Paris : Les tendances qui red\u00e9finissent la mode homme en 2025\",\"datePublished\":\"2025-06-27T11:15:40+00:00\",\"dateModified\":\"2025-06-27T11:15:41+00:00\",\"mainEntityOfPage\":{\"@id\":\"https:\/\/bobea.net\/index.php\/2025\/06\/27\/fashion-week-masculine-a-paris-les-tendances-qui-redefinissent-la-mode-homme-en-2025\/\"},\"wordCount\":401,\"commentCount\":0,\"publisher\":{\"@id\":\"https:\/\/bobea.net\/#organization\"},\"image\":{\"@id\":\"https:\/\/bobea.net\/index.php\/2025\/06\/27\/fashion-week-masculine-a-paris-les-tendances-qui-redefinissent-la-mode-homme-en-2025\/#primaryimage\"},\"thumbnailUrl\":\"https:\/\/bobea.net\/wp-content\/uploads\/2025\/06\/fashion-week-homme-automne-hiver-2025-2026-jour-2.jpg\",\"keywords\":[\"critiques Fashion Week\",\"diversit\u00e9 Fashion Week\",\"influenceurs mode\",\"innovation mode\",\"mode masculine Paris\",\"r\u00e9seaux sociaux\",\"tendances 2025.\",\"tendances virales.\"],\"articleSection\":[\"On en Parle\"],\"inLanguage\":\"fr-FR\",\"potentialAction\":[{\"@type\":\"CommentAction\",\"name\":\"Comment\",\"target\":[\"https:\/\/bobea.net\/index.php\/2025\/06\/27\/fashion-week-masculine-a-paris-les-tendances-qui-redefinissent-la-mode-homme-en-2025\/#respond\"]}]},{\"@type\":\"WebPage\",\"@id\":\"https:\/\/bobea.net\/index.php\/2025\/06\/27\/fashion-week-masculine-a-paris-les-tendances-qui-redefinissent-la-mode-homme-en-2025\/\",\"url\":\"https:\/\/bobea.net\/index.php\/2025\/06\/27\/fashion-week-masculine-a-paris-les-tendances-qui-redefinissent-la-mode-homme-en-2025\/\",\"name\":\"Fashion Week masculine \u00e0 Paris : Les tendances qui red\u00e9finissent la mode homme en 2025 - Bobea\",\"isPartOf\":{\"@id\":\"https:\/\/bobea.net\/#website\"},\"primaryImageOfPage\":{\"@id\":\"https:\/\/bobea.net\/index.php\/2025\/06\/27\/fashion-week-masculine-a-paris-les-tendances-qui-redefinissent-la-mode-homme-en-2025\/#primaryimage\"},\"image\":{\"@id\":\"https:\/\/bobea.net\/index.php\/2025\/06\/27\/fashion-week-masculine-a-paris-les-tendances-qui-redefinissent-la-mode-homme-en-2025\/#primaryimage\"},\"thumbnailUrl\":\"https:\/\/bobea.net\/wp-content\/uploads\/2025\/06\/fashion-week-homme-automne-hiver-2025-2026-jour-2.jpg\",\"datePublished\":\"2025-06-27T11:15:40+00:00\",\"dateModified\":\"2025-06-27T11:15:41+00:00\",\"description\":\"La Fashion Week masculine 2025 confirme la place de Paris comme laboratoire de la cr\u00e9ation et de l\u2019audace. Les tendances rep\u00e9r\u00e9es\",\"breadcrumb\":{\"@id\":\"https:\/\/bobea.net\/index.php\/2025\/06\/27\/fashion-week-masculine-a-paris-les-tendances-qui-redefinissent-la-mode-homme-en-2025\/#breadcrumb\"},\"inLanguage\":\"fr-FR\",\"potentialAction\":[{\"@type\":\"ReadAction\",\"target\":[\"https:\/\/bobea.net\/index.php\/2025\/06\/27\/fashion-week-masculine-a-paris-les-tendances-qui-redefinissent-la-mode-homme-en-2025\/\"]}]},{\"@type\":\"ImageObject\",\"inLanguage\":\"fr-FR\",\"@id\":\"https:\/\/bobea.net\/index.php\/2025\/06\/27\/fashion-week-masculine-a-paris-les-tendances-qui-redefinissent-la-mode-homme-en-2025\/#primaryimage\",\"url\":\"https:\/\/bobea.net\/wp-content\/uploads\/2025\/06\/fashion-week-homme-automne-hiver-2025-2026-jour-2.jpg\",\"contentUrl\":\"https:\/\/bobea.net\/wp-content\/uploads\/2025\/06\/fashion-week-homme-automne-hiver-2025-2026-jour-2.jpg\",\"width\":1000,\"height\":500},{\"@type\":\"BreadcrumbList\",\"@id\":\"https:\/\/bobea.net\/index.php\/2025\/06\/27\/fashion-week-masculine-a-paris-les-tendances-qui-redefinissent-la-mode-homme-en-2025\/#breadcrumb\",\"itemListElement\":[{\"@type\":\"ListItem\",\"position\":1,\"name\":\"Accueil\",\"item\":\"https:\/\/bobea.net\/\"},{\"@type\":\"ListItem\",\"position\":2,\"name\":\"Fashion Week masculine \u00e0 Paris : Les tendances qui red\u00e9finissent la mode homme en 2025\"}]},{\"@type\":\"WebSite\",\"@id\":\"https:\/\/bobea.net\/#website\",\"url\":\"https:\/\/bobea.net\/\",\"name\":\"Bobea\",\"description\":\"Le magazine de la nouvelle \u00c8ve\",\"publisher\":{\"@id\":\"https:\/\/bobea.net\/#organization\"},\"potentialAction\":[{\"@type\":\"SearchAction\",\"target\":{\"@type\":\"EntryPoint\",\"urlTemplate\":\"https:\/\/bobea.net\/?s={search_term_string}\"},\"query-input\":{\"@type\":\"PropertyValueSpecification\",\"valueRequired\":true,\"valueName\":\"search_term_string\"}}],\"inLanguage\":\"fr-FR\"},{\"@type\":\"Organization\",\"@id\":\"https:\/\/bobea.net\/#organization\",\"name\":\"Bobea\",\"url\":\"https:\/\/bobea.net\/\",\"logo\":{\"@type\":\"ImageObject\",\"inLanguage\":\"fr-FR\",\"@id\":\"https:\/\/bobea.net\/#\/schema\/logo\/image\/\",\"url\":\"https:\/\/bobea.net\/wp-content\/uploads\/2024\/06\/bobea.jpg\",\"contentUrl\":\"https:\/\/bobea.net\/wp-content\/uploads\/2024\/06\/bobea.jpg\",\"width\":1080,\"height\":1080,\"caption\":\"Bobea\"},\"image\":{\"@id\":\"https:\/\/bobea.net\/#\/schema\/logo\/image\/\"},\"sameAs\":[\"https:\/\/web.facebook.com\/profile.php?id=61559252188416\"]},{\"@type\":\"Person\",\"@id\":\"https:\/\/bobea.net\/#\/schema\/person\/e7f45ef187918d7c956bf619dce90ccf\",\"name\":\"bobea.info\",\"image\":{\"@type\":\"ImageObject\",\"inLanguage\":\"fr-FR\",\"@id\":\"https:\/\/bobea.net\/#\/schema\/person\/image\/\",\"url\":\"https:\/\/secure.gravatar.com\/avatar\/36147980349df887ae30808df3e29474?s=96&d=mm&r=g\",\"contentUrl\":\"https:\/\/secure.gravatar.com\/avatar\/36147980349df887ae30808df3e29474?s=96&d=mm&r=g\",\"caption\":\"bobea.info\"},\"sameAs\":[\"https:\/\/bobea.net\"],\"url\":\"https:\/\/bobea.net\/index.php\/author\/bobea-info\/\"}]}<\/script>\n<!-- \/ Yoast SEO plugin. -->","yoast_head_json":{"title":"Fashion Week masculine \u00e0 Paris : Les tendances qui red\u00e9finissent la mode homme en 2025 - Bobea","description":"La Fashion Week masculine 2025 confirme la place de Paris comme laboratoire de la cr\u00e9ation et de l\u2019audace. Les tendances rep\u00e9r\u00e9es","robots":{"index":"index","follow":"follow","max-snippet":"max-snippet:-1","max-image-preview":"max-image-preview:large","max-video-preview":"max-video-preview:-1"},"canonical":"https:\/\/bobea.net\/index.php\/2025\/06\/27\/fashion-week-masculine-a-paris-les-tendances-qui-redefinissent-la-mode-homme-en-2025\/","og_locale":"fr_FR","og_type":"article","og_title":"Fashion Week masculine \u00e0 Paris : Les tendances qui red\u00e9finissent la mode homme en 2025 - Bobea","og_description":"La Fashion Week masculine 2025 confirme la place de Paris comme laboratoire de la cr\u00e9ation et de l\u2019audace. Les tendances rep\u00e9r\u00e9es","og_url":"https:\/\/bobea.net\/index.php\/2025\/06\/27\/fashion-week-masculine-a-paris-les-tendances-qui-redefinissent-la-mode-homme-en-2025\/","og_site_name":"Bobea","article_publisher":"https:\/\/web.facebook.com\/profile.php?id=61559252188416","article_published_time":"2025-06-27T11:15:40+00:00","article_modified_time":"2025-06-27T11:15:41+00:00","og_image":[{"width":1000,"height":500,"url":"https:\/\/bobea.net\/wp-content\/uploads\/2025\/06\/fashion-week-homme-automne-hiver-2025-2026-jour-2.jpg","type":"image\/jpeg"}],"author":"bobea.info","twitter_card":"summary_large_image","twitter_misc":{"\u00c9crit par":"bobea.info","Dur\u00e9e de lecture estim\u00e9e":"3 minutes"},"schema":{"@context":"https:\/\/schema.org","@graph":[{"@type":"Article","@id":"https:\/\/bobea.net\/index.php\/2025\/06\/27\/fashion-week-masculine-a-paris-les-tendances-qui-redefinissent-la-mode-homme-en-2025\/#article","isPartOf":{"@id":"https:\/\/bobea.net\/index.php\/2025\/06\/27\/fashion-week-masculine-a-paris-les-tendances-qui-redefinissent-la-mode-homme-en-2025\/"},"author":{"name":"bobea.info","@id":"https:\/\/bobea.net\/#\/schema\/person\/e7f45ef187918d7c956bf619dce90ccf"},"headline":"Fashion Week masculine \u00e0 Paris : Les tendances qui red\u00e9finissent la mode homme en 2025","datePublished":"2025-06-27T11:15:40+00:00","dateModified":"2025-06-27T11:15:41+00:00","mainEntityOfPage":{"@id":"https:\/\/bobea.net\/index.php\/2025\/06\/27\/fashion-week-masculine-a-paris-les-tendances-qui-redefinissent-la-mode-homme-en-2025\/"},"wordCount":401,"commentCount":0,"publisher":{"@id":"https:\/\/bobea.net\/#organization"},"image":{"@id":"https:\/\/bobea.net\/index.php\/2025\/06\/27\/fashion-week-masculine-a-paris-les-tendances-qui-redefinissent-la-mode-homme-en-2025\/#primaryimage"},"thumbnailUrl":"https:\/\/bobea.net\/wp-content\/uploads\/2025\/06\/fashion-week-homme-automne-hiver-2025-2026-jour-2.jpg","keywords":["critiques Fashion Week","diversit\u00e9 Fashion Week","influenceurs mode","innovation mode","mode masculine Paris","r\u00e9seaux sociaux","tendances 2025.","tendances virales."],"articleSection":["On en Parle"],"inLanguage":"fr-FR","potentialAction":[{"@type":"CommentAction","name":"Comment","target":["https:\/\/bobea.net\/index.php\/2025\/06\/27\/fashion-week-masculine-a-paris-les-tendances-qui-redefinissent-la-mode-homme-en-2025\/#respond"]}]},{"@type":"WebPage","@id":"https:\/\/bobea.net\/index.php\/2025\/06\/27\/fashion-week-masculine-a-paris-les-tendances-qui-redefinissent-la-mode-homme-en-2025\/","url":"https:\/\/bobea.net\/index.php\/2025\/06\/27\/fashion-week-masculine-a-paris-les-tendances-qui-redefinissent-la-mode-homme-en-2025\/","name":"Fashion Week masculine \u00e0 Paris : Les tendances qui red\u00e9finissent la mode homme en 2025 - Bobea","isPartOf":{"@id":"https:\/\/bobea.net\/#website"},"primaryImageOfPage":{"@id":"https:\/\/bobea.net\/index.php\/2025\/06\/27\/fashion-week-masculine-a-paris-les-tendances-qui-redefinissent-la-mode-homme-en-2025\/#primaryimage"},"image":{"@id":"https:\/\/bobea.net\/index.php\/2025\/06\/27\/fashion-week-masculine-a-paris-les-tendances-qui-redefinissent-la-mode-homme-en-2025\/#primaryimage"},"thumbnailUrl":"https:\/\/bobea.net\/wp-content\/uploads\/2025\/06\/fashion-week-homme-automne-hiver-2025-2026-jour-2.jpg","datePublished":"2025-06-27T11:15:40+00:00","dateModified":"2025-06-27T11:15:41+00:00","description":"La Fashion Week masculine 2025 confirme la place de Paris comme laboratoire de la cr\u00e9ation et de l\u2019audace. Les tendances rep\u00e9r\u00e9es","breadcrumb":{"@id":"https:\/\/bobea.net\/index.php\/2025\/06\/27\/fashion-week-masculine-a-paris-les-tendances-qui-redefinissent-la-mode-homme-en-2025\/#breadcrumb"},"inLanguage":"fr-FR","potentialAction":[{"@type":"ReadAction","target":["https:\/\/bobea.net\/index.php\/2025\/06\/27\/fashion-week-masculine-a-paris-les-tendances-qui-redefinissent-la-mode-homme-en-2025\/"]}]},{"@type":"ImageObject","inLanguage":"fr-FR","@id":"https:\/\/bobea.net\/index.php\/2025\/06\/27\/fashion-week-masculine-a-paris-les-tendances-qui-redefinissent-la-mode-homme-en-2025\/#primaryimage","url":"https:\/\/bobea.net\/wp-content\/uploads\/2025\/06\/fashion-week-homme-automne-hiver-2025-2026-jour-2.jpg","contentUrl":"https:\/\/bobea.net\/wp-content\/uploads\/2025\/06\/fashion-week-homme-automne-hiver-2025-2026-jour-2.jpg","width":1000,"height":500},{"@type":"BreadcrumbList","@id":"https:\/\/bobea.net\/index.php\/2025\/06\/27\/fashion-week-masculine-a-paris-les-tendances-qui-redefinissent-la-mode-homme-en-2025\/#breadcrumb","itemListElement":[{"@type":"ListItem","position":1,"name":"Accueil","item":"https:\/\/bobea.net\/"},{"@type":"ListItem","position":2,"name":"Fashion Week masculine \u00e0 Paris : Les tendances qui red\u00e9finissent la mode homme en 2025"}]},{"@type":"WebSite","@id":"https:\/\/bobea.net\/#website","url":"https:\/\/bobea.net\/","name":"Bobea","description":"Le magazine de la nouvelle \u00c8ve","publisher":{"@id":"https:\/\/bobea.net\/#organization"},"potentialAction":[{"@type":"SearchAction","target":{"@type":"EntryPoint","urlTemplate":"https:\/\/bobea.net\/?s={search_term_string}"},"query-input":{"@type":"PropertyValueSpecification","valueRequired":true,"valueName":"search_term_string"}}],"inLanguage":"fr-FR"},{"@type":"Organization","@id":"https:\/\/bobea.net\/#organization","name":"Bobea","url":"https:\/\/bobea.net\/","logo":{"@type":"ImageObject","inLanguage":"fr-FR","@id":"https:\/\/bobea.net\/#\/schema\/logo\/image\/","url":"https:\/\/bobea.net\/wp-content\/uploads\/2024\/06\/bobea.jpg","contentUrl":"https:\/\/bobea.net\/wp-content\/uploads\/2024\/06\/bobea.jpg","width":1080,"height":1080,"caption":"Bobea"},"image":{"@id":"https:\/\/bobea.net\/#\/schema\/logo\/image\/"},"sameAs":["https:\/\/web.facebook.com\/profile.php?id=61559252188416"]},{"@type":"Person","@id":"https:\/\/bobea.net\/#\/schema\/person\/e7f45ef187918d7c956bf619dce90ccf","name":"bobea.info","image":{"@type":"ImageObject","inLanguage":"fr-FR","@id":"https:\/\/bobea.net\/#\/schema\/person\/image\/","url":"https:\/\/secure.gravatar.com\/avatar\/36147980349df887ae30808df3e29474?s=96&d=mm&r=g","contentUrl":"https:\/\/secure.gravatar.com\/avatar\/36147980349df887ae30808df3e29474?s=96&d=mm&r=g","caption":"bobea.info"},"sameAs":["https:\/\/bobea.net"],"url":"https:\/\/bobea.net\/index.php\/author\/bobea-info\/"}]}},"_links":{"self":[{"href":"https:\/\/bobea.net\/index.php\/wp-json\/wp\/v2\/posts\/20018"}],"collection":[{"href":"https:\/\/bobea.net\/index.php\/wp-json\/wp\/v2\/posts"}],"about":[{"href":"https:\/\/bobea.net\/index.php\/wp-json\/wp\/v2\/types\/post"}],"author":[{"embeddable":true,"href":"https:\/\/bobea.net\/index.php\/wp-json\/wp\/v2\/users\/1"}],"replies":[{"embeddable":true,"href":"https:\/\/bobea.net\/index.php\/wp-json\/wp\/v2\/comments?post=20018"}],"version-history":[{"count":1,"href":"https:\/\/bobea.net\/index.php\/wp-json\/wp\/v2\/posts\/20018\/revisions"}],"predecessor-version":[{"id":20021,"href":"https:\/\/bobea.net\/index.php\/wp-json\/wp\/v2\/posts\/20018\/revisions\/20021"}],"wp:featuredmedia":[{"embeddable":true,"href":"https:\/\/bobea.net\/index.php\/wp-json\/wp\/v2\/media\/20020"}],"wp:attachment":[{"href":"https:\/\/bobea.net\/index.php\/wp-json\/wp\/v2\/media?parent=20018"}],"wp:term":[{"taxonomy":"category","embeddable":true,"href":"https:\/\/bobea.net\/index.php\/wp-json\/wp\/v2\/categories?post=20018"},{"taxonomy":"post_tag","embeddable":true,"href":"https:\/\/bobea.net\/index.php\/wp-json\/wp\/v2\/tags?post=20018"}],"curies":[{"name":"wp","href":"https:\/\/api.w.org\/{rel}","templated":true}]}}