{"id":20013,"date":"2025-06-27T11:06:54","date_gmt":"2025-06-27T11:06:54","guid":{"rendered":"https:\/\/bobea.net\/?p=20013"},"modified":"2025-06-27T11:06:55","modified_gmt":"2025-06-27T11:06:55","slug":"seisme-en-indonesie-un-drame-humanitaire-et-environnemental-secoue-lasie-du-sud-est","status":"publish","type":"post","link":"https:\/\/bobea.net\/index.php\/2025\/06\/27\/seisme-en-indonesie-un-drame-humanitaire-et-environnemental-secoue-lasie-du-sud-est\/","title":{"rendered":"S\u00e9isme en Indon\u00e9sie : Un drame humanitaire et environnemental secoue l\u2019Asie du Sud-Est"},"content":{"rendered":"\n<p><strong>1. Intro\u00adduc\u00adtion : Un s\u00e9isme majeur frappe l\u2019Indon\u00e9sie<\/strong><\/p>\n\n\n\n<p>Le 27 juin 2025, l\u2019Indon\u00e9sie a \u00e9t\u00e9 sec\u00adou\u00e9e par un s\u00e9isme de mag\u00adni\u00adtude 6,2, provo\u00adquant des d\u00e9g\u00e2ts con\u00adsid\u00ad\u00e9rables et un \u00e9lan de sol\u00adi\u00addar\u00adit\u00e9 inter\u00adna\u00adtionale. Cet \u00e9v\u00e9ne\u00adment trag\u00adique met en lumi\u00e8re la vul\u00adn\u00e9ra\u00adbil\u00adit\u00e9 de la r\u00e9gion face aux cat\u00ada\u00adstro\u00adphes naturelles et soul\u00e8ve de nom\u00adbreuses ques\u00adtions sur la ges\u00adtion des risques, la pr\u00e9ven\u00adtion et la r\u00e9silience des pop\u00adu\u00adla\u00adtions.<br><strong>Mots-cl\u00e9s SEO<\/strong>&nbsp;: s\u00e9isme Indon\u00e9sie, cat\u00ada\u00adstro\u00adphe naturelle, actu\u00adal\u00adit\u00e9 inter\u00adna\u00adtionale, sol\u00adi\u00addar\u00adit\u00e9 human\u00adi\u00adtaire, ges\u00adtion des risques.<\/p>\n\n\n\n<p><strong>2. Les faits : Chronolo\u00adgie du s\u00e9isme<\/strong><\/p>\n\n\n\n<p>Dans la mat\u00adin\u00e9e du 27 juin, \u00e0 7h43 heure locale, un puis\u00adsant s\u00e9isme a frap\u00adp\u00e9 la r\u00e9gion de Sulawe\u00adsi, une zone d\u00e9j\u00e0 con\u00adnue pour son activ\u00adit\u00e9 sis\u00admique. Les sec\u00adouss\u00ades ont \u00e9t\u00e9 ressen\u00adties jusqu\u2019\u00e0 Makas\u00adsar et Palu, provo\u00adquant la panique par\u00admi les habi\u00adtants.<\/p>\n\n\n\n<ul class=\"wp-block-list\">\n<li>Plus de 300 b\u00e2ti\u00adments effon\u00addr\u00e9s, dont plusieurs \u00e9coles et h\u00f4pi\u00adtaux.<\/li>\n\n\n\n<li>Plus de 2 000 per\u00adson\u00adnes d\u00e9plac\u00e9es en urgence.<\/li>\n\n\n\n<li>Le bilan humain s\u2019alourdit&nbsp;: au moins 48 morts et des cen\u00adtaines de bless\u00e9s selon les autorit\u00e9s locales.<\/li>\n<\/ul>\n\n\n\n<p><strong>3. Les con\u00ads\u00e9quences humaines et mat\u00e9rielles<\/strong><\/p>\n\n\n\n<p>Le s\u00e9isme a lais\u00ads\u00e9 der\u00adri\u00e8re lui une pop\u00adu\u00adla\u00adtion trau\u00adma\u00adtis\u00e9e, des familles sans abri et des infra\u00adstruc\u00adtures d\u00e9tru\u00adites. Les sec\u00adours, mobil\u00adis\u00e9s d\u00e8s les pre\u00admi\u00e8res heures, peinent \u00e0 acc\u00e9der aux zones les plus touch\u00e9es en rai\u00adson des routes coup\u00e9es et des glisse\u00adments de ter\u00adrain.<br><\/p>\n\n\n\n<figure class=\"wp-block-image size-full\"><img loading=\"lazy\" decoding=\"async\" width=\"853\" height=\"480\" src=\"https:\/\/bobea.net\/wp-content\/uploads\/2025\/06\/81b364b_1686119114839-file75xe54qj38o1gbpf412y.jpg\" alt class=\"wp-image-20014\" srcset=\"https:\/\/bobea.net\/wp-content\/uploads\/2025\/06\/81b364b_1686119114839-file75xe54qj38o1gbpf412y.jpg 853w, https:\/\/bobea.net\/wp-content\/uploads\/2025\/06\/81b364b_1686119114839-file75xe54qj38o1gbpf412y-300x169.jpg 300w, https:\/\/bobea.net\/wp-content\/uploads\/2025\/06\/81b364b_1686119114839-file75xe54qj38o1gbpf412y-768x432.jpg 768w\" sizes=\"(max-width: 853px) 100vw, 853px\"><\/figure>\n\n\n\n<p><strong>4. La r\u00e9ponse des autorit\u00e9s et de la com\u00admu\u00adnaut\u00e9 inter\u00adna\u00adtionale<\/strong><\/p>\n\n\n\n<p>Le gou\u00adverne\u00adment indon\u00e9sien a imm\u00e9\u00addi\u00adate\u00adment d\u00e9clench\u00e9 le plan d\u2019urgence, mobil\u00adisant l\u2019arm\u00e9e, la police et les ONG locales. Plusieurs pays, dont la France, l\u2019Australie et le Japon, ont pro\u00adpos\u00e9 leur aide logis\u00adtique et finan\u00adci\u00e8re.<\/p>\n\n\n\n<ul class=\"wp-block-list\">\n<li>Des \u00e9quipes de recherche et de sauve\u00adtage sont d\u00e9ploy\u00e9es.<\/li>\n\n\n\n<li>Dis\u00adtri\u00adb\u00adu\u00adtion de vivres, d\u2019eau potable et de mat\u00e9riel m\u00e9di\u00adcal.<\/li>\n\n\n\n<li>Mise en place de cen\u00adtres d\u2019h\u00e9bergement d\u2019urgence.<\/li>\n<\/ul>\n\n\n\n<p><strong>5. L\u2019impact envi\u00adron\u00adnemen\u00adtal : risques sec\u00adondaires et pr\u00e9ven\u00adtion<\/strong><\/p>\n\n\n\n<p>Out\u00adre les pertes humaines, le s\u00e9isme a provo\u00adqu\u00e9 des glisse\u00adments de ter\u00adrain, la pol\u00adlu\u00adtion de plusieurs riv\u00adi\u00e8res et la destruc\u00adtion de cul\u00adtures vivri\u00e8res. Les autorit\u00e9s craig\u00adnent d\u00e9sor\u00admais des \u00e9pid\u00e9mies li\u00e9es \u00e0 l\u2019eau con\u00adt\u00ada\u00adm\u00adin\u00e9e et \u00e0 la promis\u00adcuit\u00e9 dans les camps de r\u00e9fugi\u00e9s.<\/p>\n\n\n\n<p><strong>6. R\u00e9silience et recon\u00adstruc\u00adtion : les d\u00e9fis \u00e0 venir<\/strong><\/p>\n\n\n\n<p>La recon\u00adstruc\u00adtion s\u2019annonce longue et com\u00adplexe. Les ONG insis\u00adtent sur l\u2019importance de ren\u00adforcer les infra\u00adstruc\u00adtures, d\u2019\u00e9duquer les pop\u00adu\u00adla\u00adtions aux gestes de survie et d\u2019investir dans la pr\u00e9ven\u00adtion des risques sis\u00admiques.<\/p>\n\n\n\n<ul class=\"wp-block-list\">\n<li>Pro\u00adgrammes de for\u00adma\u00adtion pour les habi\u00adtants.<\/li>\n\n\n\n<li>Con\u00adstruc\u00adtion de b\u00e2ti\u00adments para\u00adsis\u00admiques.<\/li>\n\n\n\n<li>Ren\u00adforce\u00adment de la coop\u00e9ra\u00adtion inter\u00adna\u00adtionale pour anticiper les futures cat\u00ada\u00adstro\u00adphes.<\/li>\n<\/ul>\n\n\n\n<figure class=\"wp-block-image size-large\"><img loading=\"lazy\" decoding=\"async\" width=\"1024\" height=\"683\" src=\"https:\/\/bobea.net\/wp-content\/uploads\/2025\/06\/S6MSNH74HBEHTHZDJZD4YNFAZY-1024x683.jpg\" alt class=\"wp-image-20015\" srcset=\"https:\/\/bobea.net\/wp-content\/uploads\/2025\/06\/S6MSNH74HBEHTHZDJZD4YNFAZY-1024x683.jpg 1024w, https:\/\/bobea.net\/wp-content\/uploads\/2025\/06\/S6MSNH74HBEHTHZDJZD4YNFAZY-300x200.jpg 300w, https:\/\/bobea.net\/wp-content\/uploads\/2025\/06\/S6MSNH74HBEHTHZDJZD4YNFAZY-768x512.jpg 768w, https:\/\/bobea.net\/wp-content\/uploads\/2025\/06\/S6MSNH74HBEHTHZDJZD4YNFAZY-1536x1024.jpg 1536w, https:\/\/bobea.net\/wp-content\/uploads\/2025\/06\/S6MSNH74HBEHTHZDJZD4YNFAZY-2048x1366.jpg 2048w\" sizes=\"(max-width: 1024px) 100vw, 1024px\"><figcaption class=\"wp-element-caption\">TOPSHOT \u2014 Vil\u00adlagers sal\u00advage items from dam\u00adaged hous\u00ades fol\u00adlow\u00ading a 5.6\u2011magnitude earth\u00adquake that killed at least 162 peo\u00adple, with hun\u00addreds injured and oth\u00aders miss\u00ading in Cian\u00adjur on Novem\u00adber 22, 2022. (Pho\u00adto by ADITYA AJI \/ AFP)<\/figcaption><\/figure>\n\n\n\n<p><strong>7. T\u00e9moignages et sol\u00adi\u00addar\u00adit\u00e9<\/strong><\/p>\n\n\n\n<p>De nom\u00adbreux t\u00e9moignages d\u2019habitants cir\u00adcu\u00adlent sur les r\u00e9seaux soci\u00adaux, illus\u00adtrant la peur, la perte, mais aus\u00adsi la sol\u00adi\u00addar\u00adit\u00e9 qui s\u2019organise. Les cam\u00adpagnes de dons se mul\u00adti\u00adplient sur les plate\u00adformes en ligne, mobil\u00adisant la dias\u00adpo\u00adra indon\u00e9si\u00adenne et la com\u00admu\u00adnaut\u00e9 inter\u00adna\u00adtionale.<br><\/p>\n\n\n\n<p><strong>8. Con\u00adclu\u00adsion : Un appel \u00e0 la vig\u00adi\u00adlance et \u00e0 la sol\u00adi\u00addar\u00adit\u00e9<\/strong><\/p>\n\n\n\n<p>Le s\u00e9isme du 27 juin 2025 en Indon\u00e9sie rap\u00adpelle l\u2019urgence de ren\u00adforcer la pr\u00e9ven\u00adtion et la sol\u00adi\u00addar\u00adit\u00e9 face aux cat\u00ada\u00adstro\u00adphes naturelles. Bob\u00e9a.net con\u00adtin\u00aduera de suiv\u00adre la sit\u00adu\u00ada\u00adtion et de relay\u00ader les ini\u00adtia\u00adtives pour venir en aide aux vic\u00adtimes.<\/p>\n","protected":false},"excerpt":{"rendered":"<p>1. Intro\u00adduc\u00adtion : Un s\u00e9isme majeur frappe l\u2019Indon\u00e9sie Le 27 juin 2025, l\u2019Indon\u00e9sie a \u00e9t\u00e9 sec\u00adou\u00e9e par un s\u00e9isme de mag\u00adni\u00adtude 6,2, provo\u00adquant des d\u00e9g\u00e2ts con\u00adsid\u00ad\u00e9rables et un \u00e9lan de\u2026 <\/p>\n","protected":false},"author":1,"featured_media":20016,"comment_status":"open","ping_status":"closed","sticky":false,"template":"","format":"standard","meta":{"wp_typography_post_enhancements_disabled":false,"footnotes":""},"categories":[73],"tags":[14798,14801,14799,4476,12559,4755,14800,495,1100,14797],"class_list":["post-20013","post","type-post","status-publish","format-standard","has-post-thumbnail","hentry","category-on-en-parle","tag-dons-humanitaires","tag-gestion-post-catastrophe","tag-glissements-de-terrain","tag-impact-environnemental","tag-mobilisation-mondiale","tag-pollution","tag-prevention-seisme","tag-reseaux-sociaux","tag-solidarite-internationale","tag-temoignages-seisme"],"yoast_head":"<!-- This site is optimized with the Yoast SEO plugin v24.7 - https:\/\/yoast.com\/wordpress\/plugins\/seo\/ -->\n<title>S\u00e9isme en Indon\u00e9sie : Un drame humanitaire et environnemental secoue l\u2019Asie du Sud-Est - Bobea<\/title>\n<meta name=\"description\" content=\"Le s\u00e9isme du 27 juin 2025 en Indon\u00e9sie rappelle l\u2019urgence de renforcer la pr\u00e9vention et la solidarit\u00e9 face aux catastrophes naturelles\" \/>\n<meta name=\"robots\" content=\"index, follow, max-snippet:-1, max-image-preview:large, max-video-preview:-1\" \/>\n<link rel=\"canonical\" href=\"https:\/\/bobea.net\/index.php\/2025\/06\/27\/seisme-en-indonesie-un-drame-humanitaire-et-environnemental-secoue-lasie-du-sud-est\/\" \/>\n<meta property=\"og:locale\" content=\"fr_FR\" \/>\n<meta property=\"og:type\" content=\"article\" \/>\n<meta property=\"og:title\" content=\"S\u00e9isme en Indon\u00e9sie : Un drame humanitaire et environnemental secoue l\u2019Asie du Sud-Est - Bobea\" \/>\n<meta property=\"og:description\" content=\"Le s\u00e9isme du 27 juin 2025 en Indon\u00e9sie rappelle l\u2019urgence de renforcer la pr\u00e9vention et la solidarit\u00e9 face aux catastrophes naturelles\" \/>\n<meta property=\"og:url\" content=\"https:\/\/bobea.net\/index.php\/2025\/06\/27\/seisme-en-indonesie-un-drame-humanitaire-et-environnemental-secoue-lasie-du-sud-est\/\" \/>\n<meta property=\"og:site_name\" content=\"Bobea\" \/>\n<meta property=\"article:publisher\" content=\"https:\/\/web.facebook.com\/profile.php?id=61559252188416\" \/>\n<meta property=\"article:published_time\" content=\"2025-06-27T11:06:54+00:00\" \/>\n<meta property=\"article:modified_time\" content=\"2025-06-27T11:06:55+00:00\" \/>\n<meta property=\"og:image\" content=\"https:\/\/bobea.net\/wp-content\/uploads\/2025\/06\/37495918.jpeg\" \/>\n\t<meta property=\"og:image:width\" content=\"1190\" \/>\n\t<meta property=\"og:image:height\" content=\"669\" \/>\n\t<meta property=\"og:image:type\" content=\"image\/jpeg\" \/>\n<meta name=\"author\" content=\"bobea.info\" \/>\n<meta name=\"twitter:card\" content=\"summary_large_image\" \/>\n<meta name=\"twitter:label1\" content=\"\u00c9crit par\" \/>\n\t<meta name=\"twitter:data1\" content=\"bobea.info\" \/>\n\t<meta name=\"twitter:label2\" content=\"Dur\u00e9e de lecture estim\u00e9e\" \/>\n\t<meta name=\"twitter:data2\" content=\"4 minutes\" \/>\n<script type=\"application\/ld+json\" class=\"yoast-schema-graph\">{\"@context\":\"https:\/\/schema.org\",\"@graph\":[{\"@type\":\"Article\",\"@id\":\"https:\/\/bobea.net\/index.php\/2025\/06\/27\/seisme-en-indonesie-un-drame-humanitaire-et-environnemental-secoue-lasie-du-sud-est\/#article\",\"isPartOf\":{\"@id\":\"https:\/\/bobea.net\/index.php\/2025\/06\/27\/seisme-en-indonesie-un-drame-humanitaire-et-environnemental-secoue-lasie-du-sud-est\/\"},\"author\":{\"name\":\"bobea.info\",\"@id\":\"https:\/\/bobea.net\/#\/schema\/person\/e7f45ef187918d7c956bf619dce90ccf\"},\"headline\":\"S\u00e9isme en Indon\u00e9sie : Un drame humanitaire et environnemental secoue l\u2019Asie du Sud-Est\",\"datePublished\":\"2025-06-27T11:06:54+00:00\",\"dateModified\":\"2025-06-27T11:06:55+00:00\",\"mainEntityOfPage\":{\"@id\":\"https:\/\/bobea.net\/index.php\/2025\/06\/27\/seisme-en-indonesie-un-drame-humanitaire-et-environnemental-secoue-lasie-du-sud-est\/\"},\"wordCount\":594,\"commentCount\":0,\"publisher\":{\"@id\":\"https:\/\/bobea.net\/#organization\"},\"image\":{\"@id\":\"https:\/\/bobea.net\/index.php\/2025\/06\/27\/seisme-en-indonesie-un-drame-humanitaire-et-environnemental-secoue-lasie-du-sud-est\/#primaryimage\"},\"thumbnailUrl\":\"https:\/\/bobea.net\/wp-content\/uploads\/2025\/06\/37495918.jpeg\",\"keywords\":[\"dons humanitaires\",\"gestion post-catastrophe.\",\"glissements de terrain\",\"impact environnemental\",\"mobilisation mondiale\",\"pollution\",\"pr\u00e9vention s\u00e9isme\",\"r\u00e9seaux sociaux\",\"solidarit\u00e9 internationale\",\"t\u00e9moignages s\u00e9isme\"],\"articleSection\":[\"On en Parle\"],\"inLanguage\":\"fr-FR\",\"potentialAction\":[{\"@type\":\"CommentAction\",\"name\":\"Comment\",\"target\":[\"https:\/\/bobea.net\/index.php\/2025\/06\/27\/seisme-en-indonesie-un-drame-humanitaire-et-environnemental-secoue-lasie-du-sud-est\/#respond\"]}]},{\"@type\":\"WebPage\",\"@id\":\"https:\/\/bobea.net\/index.php\/2025\/06\/27\/seisme-en-indonesie-un-drame-humanitaire-et-environnemental-secoue-lasie-du-sud-est\/\",\"url\":\"https:\/\/bobea.net\/index.php\/2025\/06\/27\/seisme-en-indonesie-un-drame-humanitaire-et-environnemental-secoue-lasie-du-sud-est\/\",\"name\":\"S\u00e9isme en Indon\u00e9sie : Un drame humanitaire et environnemental secoue l\u2019Asie du Sud-Est - Bobea\",\"isPartOf\":{\"@id\":\"https:\/\/bobea.net\/#website\"},\"primaryImageOfPage\":{\"@id\":\"https:\/\/bobea.net\/index.php\/2025\/06\/27\/seisme-en-indonesie-un-drame-humanitaire-et-environnemental-secoue-lasie-du-sud-est\/#primaryimage\"},\"image\":{\"@id\":\"https:\/\/bobea.net\/index.php\/2025\/06\/27\/seisme-en-indonesie-un-drame-humanitaire-et-environnemental-secoue-lasie-du-sud-est\/#primaryimage\"},\"thumbnailUrl\":\"https:\/\/bobea.net\/wp-content\/uploads\/2025\/06\/37495918.jpeg\",\"datePublished\":\"2025-06-27T11:06:54+00:00\",\"dateModified\":\"2025-06-27T11:06:55+00:00\",\"description\":\"Le s\u00e9isme du 27 juin 2025 en Indon\u00e9sie rappelle l\u2019urgence de renforcer la pr\u00e9vention et la solidarit\u00e9 face aux catastrophes naturelles\",\"breadcrumb\":{\"@id\":\"https:\/\/bobea.net\/index.php\/2025\/06\/27\/seisme-en-indonesie-un-drame-humanitaire-et-environnemental-secoue-lasie-du-sud-est\/#breadcrumb\"},\"inLanguage\":\"fr-FR\",\"potentialAction\":[{\"@type\":\"ReadAction\",\"target\":[\"https:\/\/bobea.net\/index.php\/2025\/06\/27\/seisme-en-indonesie-un-drame-humanitaire-et-environnemental-secoue-lasie-du-sud-est\/\"]}]},{\"@type\":\"ImageObject\",\"inLanguage\":\"fr-FR\",\"@id\":\"https:\/\/bobea.net\/index.php\/2025\/06\/27\/seisme-en-indonesie-un-drame-humanitaire-et-environnemental-secoue-lasie-du-sud-est\/#primaryimage\",\"url\":\"https:\/\/bobea.net\/wp-content\/uploads\/2025\/06\/37495918.jpeg\",\"contentUrl\":\"https:\/\/bobea.net\/wp-content\/uploads\/2025\/06\/37495918.jpeg\",\"width\":1190,\"height\":669},{\"@type\":\"BreadcrumbList\",\"@id\":\"https:\/\/bobea.net\/index.php\/2025\/06\/27\/seisme-en-indonesie-un-drame-humanitaire-et-environnemental-secoue-lasie-du-sud-est\/#breadcrumb\",\"itemListElement\":[{\"@type\":\"ListItem\",\"position\":1,\"name\":\"Accueil\",\"item\":\"https:\/\/bobea.net\/\"},{\"@type\":\"ListItem\",\"position\":2,\"name\":\"S\u00e9isme en Indon\u00e9sie : Un drame humanitaire et environnemental secoue l\u2019Asie du Sud-Est\"}]},{\"@type\":\"WebSite\",\"@id\":\"https:\/\/bobea.net\/#website\",\"url\":\"https:\/\/bobea.net\/\",\"name\":\"Bobea\",\"description\":\"Le magazine de la nouvelle \u00c8ve\",\"publisher\":{\"@id\":\"https:\/\/bobea.net\/#organization\"},\"potentialAction\":[{\"@type\":\"SearchAction\",\"target\":{\"@type\":\"EntryPoint\",\"urlTemplate\":\"https:\/\/bobea.net\/?s={search_term_string}\"},\"query-input\":{\"@type\":\"PropertyValueSpecification\",\"valueRequired\":true,\"valueName\":\"search_term_string\"}}],\"inLanguage\":\"fr-FR\"},{\"@type\":\"Organization\",\"@id\":\"https:\/\/bobea.net\/#organization\",\"name\":\"Bobea\",\"url\":\"https:\/\/bobea.net\/\",\"logo\":{\"@type\":\"ImageObject\",\"inLanguage\":\"fr-FR\",\"@id\":\"https:\/\/bobea.net\/#\/schema\/logo\/image\/\",\"url\":\"https:\/\/bobea.net\/wp-content\/uploads\/2024\/06\/bobea.jpg\",\"contentUrl\":\"https:\/\/bobea.net\/wp-content\/uploads\/2024\/06\/bobea.jpg\",\"width\":1080,\"height\":1080,\"caption\":\"Bobea\"},\"image\":{\"@id\":\"https:\/\/bobea.net\/#\/schema\/logo\/image\/\"},\"sameAs\":[\"https:\/\/web.facebook.com\/profile.php?id=61559252188416\"]},{\"@type\":\"Person\",\"@id\":\"https:\/\/bobea.net\/#\/schema\/person\/e7f45ef187918d7c956bf619dce90ccf\",\"name\":\"bobea.info\",\"image\":{\"@type\":\"ImageObject\",\"inLanguage\":\"fr-FR\",\"@id\":\"https:\/\/bobea.net\/#\/schema\/person\/image\/\",\"url\":\"https:\/\/secure.gravatar.com\/avatar\/36147980349df887ae30808df3e29474?s=96&d=mm&r=g\",\"contentUrl\":\"https:\/\/secure.gravatar.com\/avatar\/36147980349df887ae30808df3e29474?s=96&d=mm&r=g\",\"caption\":\"bobea.info\"},\"sameAs\":[\"https:\/\/bobea.net\"],\"url\":\"https:\/\/bobea.net\/index.php\/author\/bobea-info\/\"}]}<\/script>\n<!-- \/ Yoast SEO plugin. -->","yoast_head_json":{"title":"S\u00e9isme en Indon\u00e9sie : Un drame humanitaire et environnemental secoue l\u2019Asie du Sud-Est - Bobea","description":"Le s\u00e9isme du 27 juin 2025 en Indon\u00e9sie rappelle l\u2019urgence de renforcer la pr\u00e9vention et la solidarit\u00e9 face aux catastrophes naturelles","robots":{"index":"index","follow":"follow","max-snippet":"max-snippet:-1","max-image-preview":"max-image-preview:large","max-video-preview":"max-video-preview:-1"},"canonical":"https:\/\/bobea.net\/index.php\/2025\/06\/27\/seisme-en-indonesie-un-drame-humanitaire-et-environnemental-secoue-lasie-du-sud-est\/","og_locale":"fr_FR","og_type":"article","og_title":"S\u00e9isme en Indon\u00e9sie : Un drame humanitaire et environnemental secoue l\u2019Asie du Sud-Est - Bobea","og_description":"Le s\u00e9isme du 27 juin 2025 en Indon\u00e9sie rappelle l\u2019urgence de renforcer la pr\u00e9vention et la solidarit\u00e9 face aux catastrophes naturelles","og_url":"https:\/\/bobea.net\/index.php\/2025\/06\/27\/seisme-en-indonesie-un-drame-humanitaire-et-environnemental-secoue-lasie-du-sud-est\/","og_site_name":"Bobea","article_publisher":"https:\/\/web.facebook.com\/profile.php?id=61559252188416","article_published_time":"2025-06-27T11:06:54+00:00","article_modified_time":"2025-06-27T11:06:55+00:00","og_image":[{"width":1190,"height":669,"url":"https:\/\/bobea.net\/wp-content\/uploads\/2025\/06\/37495918.jpeg","type":"image\/jpeg"}],"author":"bobea.info","twitter_card":"summary_large_image","twitter_misc":{"\u00c9crit par":"bobea.info","Dur\u00e9e de lecture estim\u00e9e":"4 minutes"},"schema":{"@context":"https:\/\/schema.org","@graph":[{"@type":"Article","@id":"https:\/\/bobea.net\/index.php\/2025\/06\/27\/seisme-en-indonesie-un-drame-humanitaire-et-environnemental-secoue-lasie-du-sud-est\/#article","isPartOf":{"@id":"https:\/\/bobea.net\/index.php\/2025\/06\/27\/seisme-en-indonesie-un-drame-humanitaire-et-environnemental-secoue-lasie-du-sud-est\/"},"author":{"name":"bobea.info","@id":"https:\/\/bobea.net\/#\/schema\/person\/e7f45ef187918d7c956bf619dce90ccf"},"headline":"S\u00e9isme en Indon\u00e9sie : Un drame humanitaire et environnemental secoue l\u2019Asie du Sud-Est","datePublished":"2025-06-27T11:06:54+00:00","dateModified":"2025-06-27T11:06:55+00:00","mainEntityOfPage":{"@id":"https:\/\/bobea.net\/index.php\/2025\/06\/27\/seisme-en-indonesie-un-drame-humanitaire-et-environnemental-secoue-lasie-du-sud-est\/"},"wordCount":594,"commentCount":0,"publisher":{"@id":"https:\/\/bobea.net\/#organization"},"image":{"@id":"https:\/\/bobea.net\/index.php\/2025\/06\/27\/seisme-en-indonesie-un-drame-humanitaire-et-environnemental-secoue-lasie-du-sud-est\/#primaryimage"},"thumbnailUrl":"https:\/\/bobea.net\/wp-content\/uploads\/2025\/06\/37495918.jpeg","keywords":["dons humanitaires","gestion post-catastrophe.","glissements de terrain","impact environnemental","mobilisation mondiale","pollution","pr\u00e9vention s\u00e9isme","r\u00e9seaux sociaux","solidarit\u00e9 internationale","t\u00e9moignages s\u00e9isme"],"articleSection":["On en Parle"],"inLanguage":"fr-FR","potentialAction":[{"@type":"CommentAction","name":"Comment","target":["https:\/\/bobea.net\/index.php\/2025\/06\/27\/seisme-en-indonesie-un-drame-humanitaire-et-environnemental-secoue-lasie-du-sud-est\/#respond"]}]},{"@type":"WebPage","@id":"https:\/\/bobea.net\/index.php\/2025\/06\/27\/seisme-en-indonesie-un-drame-humanitaire-et-environnemental-secoue-lasie-du-sud-est\/","url":"https:\/\/bobea.net\/index.php\/2025\/06\/27\/seisme-en-indonesie-un-drame-humanitaire-et-environnemental-secoue-lasie-du-sud-est\/","name":"S\u00e9isme en Indon\u00e9sie : Un drame humanitaire et environnemental secoue l\u2019Asie du Sud-Est - Bobea","isPartOf":{"@id":"https:\/\/bobea.net\/#website"},"primaryImageOfPage":{"@id":"https:\/\/bobea.net\/index.php\/2025\/06\/27\/seisme-en-indonesie-un-drame-humanitaire-et-environnemental-secoue-lasie-du-sud-est\/#primaryimage"},"image":{"@id":"https:\/\/bobea.net\/index.php\/2025\/06\/27\/seisme-en-indonesie-un-drame-humanitaire-et-environnemental-secoue-lasie-du-sud-est\/#primaryimage"},"thumbnailUrl":"https:\/\/bobea.net\/wp-content\/uploads\/2025\/06\/37495918.jpeg","datePublished":"2025-06-27T11:06:54+00:00","dateModified":"2025-06-27T11:06:55+00:00","description":"Le s\u00e9isme du 27 juin 2025 en Indon\u00e9sie rappelle l\u2019urgence de renforcer la pr\u00e9vention et la solidarit\u00e9 face aux catastrophes naturelles","breadcrumb":{"@id":"https:\/\/bobea.net\/index.php\/2025\/06\/27\/seisme-en-indonesie-un-drame-humanitaire-et-environnemental-secoue-lasie-du-sud-est\/#breadcrumb"},"inLanguage":"fr-FR","potentialAction":[{"@type":"ReadAction","target":["https:\/\/bobea.net\/index.php\/2025\/06\/27\/seisme-en-indonesie-un-drame-humanitaire-et-environnemental-secoue-lasie-du-sud-est\/"]}]},{"@type":"ImageObject","inLanguage":"fr-FR","@id":"https:\/\/bobea.net\/index.php\/2025\/06\/27\/seisme-en-indonesie-un-drame-humanitaire-et-environnemental-secoue-lasie-du-sud-est\/#primaryimage","url":"https:\/\/bobea.net\/wp-content\/uploads\/2025\/06\/37495918.jpeg","contentUrl":"https:\/\/bobea.net\/wp-content\/uploads\/2025\/06\/37495918.jpeg","width":1190,"height":669},{"@type":"BreadcrumbList","@id":"https:\/\/bobea.net\/index.php\/2025\/06\/27\/seisme-en-indonesie-un-drame-humanitaire-et-environnemental-secoue-lasie-du-sud-est\/#breadcrumb","itemListElement":[{"@type":"ListItem","position":1,"name":"Accueil","item":"https:\/\/bobea.net\/"},{"@type":"ListItem","position":2,"name":"S\u00e9isme en Indon\u00e9sie : Un drame humanitaire et environnemental secoue l\u2019Asie du Sud-Est"}]},{"@type":"WebSite","@id":"https:\/\/bobea.net\/#website","url":"https:\/\/bobea.net\/","name":"Bobea","description":"Le magazine de la nouvelle \u00c8ve","publisher":{"@id":"https:\/\/bobea.net\/#organization"},"potentialAction":[{"@type":"SearchAction","target":{"@type":"EntryPoint","urlTemplate":"https:\/\/bobea.net\/?s={search_term_string}"},"query-input":{"@type":"PropertyValueSpecification","valueRequired":true,"valueName":"search_term_string"}}],"inLanguage":"fr-FR"},{"@type":"Organization","@id":"https:\/\/bobea.net\/#organization","name":"Bobea","url":"https:\/\/bobea.net\/","logo":{"@type":"ImageObject","inLanguage":"fr-FR","@id":"https:\/\/bobea.net\/#\/schema\/logo\/image\/","url":"https:\/\/bobea.net\/wp-content\/uploads\/2024\/06\/bobea.jpg","contentUrl":"https:\/\/bobea.net\/wp-content\/uploads\/2024\/06\/bobea.jpg","width":1080,"height":1080,"caption":"Bobea"},"image":{"@id":"https:\/\/bobea.net\/#\/schema\/logo\/image\/"},"sameAs":["https:\/\/web.facebook.com\/profile.php?id=61559252188416"]},{"@type":"Person","@id":"https:\/\/bobea.net\/#\/schema\/person\/e7f45ef187918d7c956bf619dce90ccf","name":"bobea.info","image":{"@type":"ImageObject","inLanguage":"fr-FR","@id":"https:\/\/bobea.net\/#\/schema\/person\/image\/","url":"https:\/\/secure.gravatar.com\/avatar\/36147980349df887ae30808df3e29474?s=96&d=mm&r=g","contentUrl":"https:\/\/secure.gravatar.com\/avatar\/36147980349df887ae30808df3e29474?s=96&d=mm&r=g","caption":"bobea.info"},"sameAs":["https:\/\/bobea.net"],"url":"https:\/\/bobea.net\/index.php\/author\/bobea-info\/"}]}},"_links":{"self":[{"href":"https:\/\/bobea.net\/index.php\/wp-json\/wp\/v2\/posts\/20013"}],"collection":[{"href":"https:\/\/bobea.net\/index.php\/wp-json\/wp\/v2\/posts"}],"about":[{"href":"https:\/\/bobea.net\/index.php\/wp-json\/wp\/v2\/types\/post"}],"author":[{"embeddable":true,"href":"https:\/\/bobea.net\/index.php\/wp-json\/wp\/v2\/users\/1"}],"replies":[{"embeddable":true,"href":"https:\/\/bobea.net\/index.php\/wp-json\/wp\/v2\/comments?post=20013"}],"version-history":[{"count":1,"href":"https:\/\/bobea.net\/index.php\/wp-json\/wp\/v2\/posts\/20013\/revisions"}],"predecessor-version":[{"id":20017,"href":"https:\/\/bobea.net\/index.php\/wp-json\/wp\/v2\/posts\/20013\/revisions\/20017"}],"wp:featuredmedia":[{"embeddable":true,"href":"https:\/\/bobea.net\/index.php\/wp-json\/wp\/v2\/media\/20016"}],"wp:attachment":[{"href":"https:\/\/bobea.net\/index.php\/wp-json\/wp\/v2\/media?parent=20013"}],"wp:term":[{"taxonomy":"category","embeddable":true,"href":"https:\/\/bobea.net\/index.php\/wp-json\/wp\/v2\/categories?post=20013"},{"taxonomy":"post_tag","embeddable":true,"href":"https:\/\/bobea.net\/index.php\/wp-json\/wp\/v2\/tags?post=20013"}],"curies":[{"name":"wp","href":"https:\/\/api.w.org\/{rel}","templated":true}]}}