{"id":20001,"date":"2025-06-26T06:41:13","date_gmt":"2025-06-26T06:41:13","guid":{"rendered":"https:\/\/bobea.net\/?p=20001"},"modified":"2025-06-26T06:42:48","modified_gmt":"2025-06-26T06:42:48","slug":"hommage-a-une-grande-dame-ruth-perry-du-liberia","status":"publish","type":"post","link":"https:\/\/bobea.net\/index.php\/2025\/06\/26\/hommage-a-une-grande-dame-ruth-perry-du-liberia\/","title":{"rendered":"Hommage \u00e0 une grande dame \u2013 Ruth Perry du Liberia"},"content":{"rendered":"\n<p><strong>Intro\u00adduc\u00adtion<\/strong><br>L\u2019histoire de l\u2019Afrique mod\u00aderne est jalon\u00adn\u00e9e de fig\u00adures f\u00e9minines d\u2019exception, mais rares sont celles qui ont mar\u00adqu\u00e9 leur pays et leur con\u00adti\u00adnent avec autant de courage et de dig\u00adnit\u00e9 que Ruth Per\u00adry. Pre\u00admi\u00e8re femme \u00e0 diriger le Liberia, Ruth Per\u00adry incar\u00adne la r\u00e9silience, la sagesse et l\u2019engagement au ser\u00advice de la paix. Son par\u00adcours, de l\u2019ombre \u00e0 la lumi\u00e8re, force l\u2019admiration et inspire des g\u00e9n\u00e9ra\u00adtions de femmes africaines et du monde entier. Bobea rend hom\u00admage \u00e0 cette grande dame, en retra\u00e7ant son h\u00e9ritage et en soulig\u00adnant l\u2019actualit\u00e9 de son mes\u00adsage.<\/p>\n\n\n\n<p><strong>1. Ruth Per\u00adry : une enfance entre tra\u00addi\u00adtion et moder\u00adnit\u00e9<\/strong><br>N\u00e9e en 1939 \u00e0 Grand Cape Mount Coun\u00adty, Ruth San\u00addo Fahn\u00adbulleh Per\u00adry grandit dans une famille attach\u00e9e \u00e0 l\u2019\u00e9ducation et aux valeurs com\u00admu\u00adnau\u00adtaires. D\u00e8s son plus jeune \u00e2ge, elle se dis\u00adtingue par sa curiosit\u00e9 intel\u00adlectuelle et sa d\u00e9ter\u00admi\u00adna\u00adtion \u00e0 s\u2019\u00e9manciper dans une soci\u00e9t\u00e9 encore mar\u00adqu\u00e9e par le patri\u00adar\u00adcat. Apr\u00e8s des \u00e9tudes bril\u00adlantes, elle devient enseignante, puis s\u2019engage dans la vie asso\u00adcia\u00adtive et poli\u00adtique, con\u00adva\u00adin\u00adcue que l\u2019\u00e9ducation est la cl\u00e9 du pro\u00adgr\u00e8s.<\/p>\n\n\n\n<p><strong>2. Le Liberia, un pays en qu\u00eate de paix<\/strong><br>\u00c0 la fin du XXe si\u00e8\u00adcle, le Liberia tra\u00adverse une p\u00e9ri\u00adode de chaos. La guerre civile, d\u00e9clench\u00e9e en 1989, plonge le pays dans la vio\u00adlence, la pau\u00advret\u00e9 et la divi\u00adsion. Les insti\u00adtu\u00adtions s\u2019effondrent, la pop\u00adu\u00adla\u00adtion vit dans la peur, et l\u2019avenir sem\u00adble com\u00adpro\u00admis. C\u2019est dans ce con\u00adtexte dra\u00adma\u00adtique que Ruth Per\u00adry va \u00e9merg\u00ader comme une fig\u00adure d\u2019apaisement et de recon\u00adstruc\u00adtion.<\/p>\n\n\n\n<p><strong>3. L\u2019ascension poli\u00adtique d\u2019une femme excep\u00adtion\u00adnelle<\/strong><br>En 1996, apr\u00e8s des ann\u00e9es de con\u00adflits, Ruth Per\u00adry est nom\u00adm\u00e9e pr\u00e9si\u00addente du Con\u00adseil d\u2019\u00c9tat du Liberia, devenant la pre\u00admi\u00e8re femme \u00e0 occu\u00adper la mag\u00adi\u00ads\u00adtra\u00adture supr\u00eame du pays. Sa mis\u00adsion est immense : con\u00adduire la tran\u00adsi\u00adtion vers la paix, organ\u00adis\u00ader des \u00e9lec\u00adtions libres et restau\u00adr\u00ader la con\u00adfi\u00adance dans les insti\u00adtu\u00adtions. Mal\u00adgr\u00e9 les pres\u00adsions, les men\u00adaces et le scep\u00adti\u00adcisme, elle impose son style : \u00e9coute, dia\u00adlogue, fer\u00admet\u00e9 et com\u00adpas\u00adsion.<\/p>\n\n\n\n<figure class=\"wp-block-image size-large\"><img loading=\"lazy\" decoding=\"async\" width=\"1024\" height=\"576\" src=\"https:\/\/bobea.net\/wp-content\/uploads\/2025\/06\/af9ced5b93e4b9d5595b516c5a9511bdc2c2fa6a-1024x576.jpg\" alt class=\"wp-image-20002\" srcset=\"https:\/\/bobea.net\/wp-content\/uploads\/2025\/06\/af9ced5b93e4b9d5595b516c5a9511bdc2c2fa6a-1024x576.jpg 1024w, https:\/\/bobea.net\/wp-content\/uploads\/2025\/06\/af9ced5b93e4b9d5595b516c5a9511bdc2c2fa6a-300x169.jpg 300w, https:\/\/bobea.net\/wp-content\/uploads\/2025\/06\/af9ced5b93e4b9d5595b516c5a9511bdc2c2fa6a-768x432.jpg 768w, https:\/\/bobea.net\/wp-content\/uploads\/2025\/06\/af9ced5b93e4b9d5595b516c5a9511bdc2c2fa6a-1536x864.jpg 1536w, https:\/\/bobea.net\/wp-content\/uploads\/2025\/06\/af9ced5b93e4b9d5595b516c5a9511bdc2c2fa6a.jpg 1600w\" sizes=\"(max-width: 1024px) 100vw, 1024px\"><\/figure>\n\n\n\n<p><strong>4. Le lead\u00ader\u00adship au f\u00e9minin : entre douceur et autorit\u00e9<\/strong><br>Ruth Per\u00adry incar\u00adne un lead\u00ader\u00adship f\u00e9minin qui con\u00adjugue force et human\u00adit\u00e9. Elle priv\u00adil\u00e9gie la con\u00adcer\u00adta\u00adtion, la m\u00e9di\u00ada\u00adtion et la recherche de solu\u00adtions inclu\u00adsives. Son approche tranche avec la bru\u00adtal\u00adit\u00e9 des ann\u00e9es de guerre. Elle s\u2019entoure de col\u00adlab\u00ado\u00adra\u00adteurs issus de toutes les com\u00admu\u00adnaut\u00e9s, favorise la par\u00adtic\u00adi\u00adpa\u00adtion des femmes \u00e0 la vie publique, et lutte con\u00adtre les dis\u00adcrim\u00adi\u00adna\u00adtions.<\/p>\n\n\n\n<p><strong>5. Les d\u00e9fis de la tran\u00adsi\u00adtion<\/strong><br>La t\u00e2che de Ruth Per\u00adry n\u2019est pas sim\u00adple. Elle doit com\u00adpos\u00ader avec des fac\u00adtions arm\u00e9es, des int\u00e9r\u00eats diver\u00adgents et une pop\u00adu\u00adla\u00adtion trau\u00adma\u00adtis\u00e9e. Son courage et sa d\u00e9ter\u00admi\u00adna\u00adtion lui per\u00adme\u00adt\u00adtent d\u2019organiser, en 1997, les pre\u00admi\u00e8res \u00e9lec\u00adtions d\u00e9moc\u00adra\u00adtiques depuis le d\u00e9but du con\u00adflit. M\u00eame si la paix reste frag\u00adile, son action jette les bases d\u2019un renou\u00adveau poli\u00adtique et social.<\/p>\n\n\n\n<p><strong>6. Un h\u00e9ritage de paix et de r\u00e9c\u00adon\u00adcil\u00adi\u00ada\u00adtion<\/strong><br>L\u2019\u0153uvre de Ruth Per\u00adry ne se lim\u00adite pas \u00e0 la poli\u00adtique. Apr\u00e8s son man\u00addat, elle pour\u00adsuit son engage\u00adment en faveur de la paix, de l\u2019\u00e9ducation et de l\u2019\u00e9mancipation des femmes. Elle milite pour la r\u00e9c\u00adon\u00adcil\u00adi\u00ada\u00adtion nationale, encour\u00adage la jeunesse \u00e0 s\u2019engager et sou\u00adtient les ini\u00adtia\u00adtives locales de d\u00e9veloppe\u00adment. Son nom reste asso\u00adci\u00e9 \u00e0 la recon\u00adstruc\u00adtion du Liberia, mais aus\u00adsi \u00e0 la pro\u00admo\u00adtion des droits des femmes en Afrique.<\/p>\n\n\n\n<p><strong>7. T\u00e9moignages et regards crois\u00e9s<\/strong><\/p>\n\n\n\n<ul class=\"wp-block-list\">\n<li><strong>Ami\u00adna\u00adta, 28 ans, mil\u00adi\u00adtante lib\u00e9ri\u00adenne<\/strong>&nbsp;: \u201cRuth Per\u00adry est un mod\u00ad\u00e8le. Elle a prou\u00adv\u00e9 qu\u2019une femme pou\u00advait diriger un pays, m\u00eame dans la tour\u00admente. Son courage nous inspire \u00e0 pren\u00addre la parole et \u00e0 agir.\u201d<\/li>\n\n\n\n<li><strong>Fatou, enseignante \u00e0 Mon\u00adrovia<\/strong>&nbsp;: \u201cSon engage\u00adment pour l\u2019\u00e9ducation a chang\u00e9 la vie de mil\u00adliers d\u2019enfants. Elle a sem\u00e9 des graines d\u2019espoir dans tout le pays.\u201d<\/li>\n<\/ul>\n\n\n\n<p><strong>8. Ruth Per\u00adry, une fig\u00adure inter\u00adna\u00adtionale<\/strong><br>Au-del\u00e0 du Liberia, Ruth Per\u00adry est recon\u00adnue par la com\u00admu\u00adnaut\u00e9 inter\u00adna\u00adtionale. Elle col\u00adla\u00adbore avec l\u2019ONU, par\u00adticipe \u00e0 des con\u00adf\u00e9rences sur la paix et la gou\u00adver\u00adnance, et re\u00e7oit de nom\u00adbreux hom\u00admages. Son par\u00adcours est \u00e9tudi\u00e9 dans les uni\u00adver\u00adsit\u00e9s, cit\u00e9 en exem\u00adple dans les pro\u00adgrammes de lead\u00ader\u00adship f\u00e9minin, et c\u00e9l\u00e9br\u00e9 lors des journ\u00e9es inter\u00adna\u00adtionales des droits des femmes.<\/p>\n\n\n\n<p><strong>9. Le\u00e7ons d\u2019une vie : ce que Ruth Per\u00adry nous enseigne<\/strong><\/p>\n\n\n\n<ul class=\"wp-block-list\">\n<li><strong>La force de la r\u00e9silience<\/strong>&nbsp;: M\u00eame dans l\u2019adversit\u00e9, il est pos\u00adsi\u00adble de rester debout et de porter un mes\u00adsage d\u2019espoir.<\/li>\n\n\n\n<li><strong>L\u2019importance de l\u2019\u00e9ducation<\/strong>&nbsp;: Inve\u00adstir dans la jeunesse est le meilleur moyen de pr\u00e9\u00adpar\u00ader l\u2019avenir.<\/li>\n\n\n\n<li><strong>Le pou\u00advoir du dia\u00adlogue<\/strong>&nbsp;: La paix durable passe par l\u2019\u00e9coute, la con\u00adcer\u00adta\u00adtion et le respect des dif\u00adf\u00e9rences.<\/li>\n\n\n\n<li><strong>L\u2019audace d\u2019\u00eatre soi-m\u00eame<\/strong>&nbsp;: Ruth Per\u00adry n\u2019a jamais renon\u00adc\u00e9 \u00e0 ses con\u00advic\u00adtions, m\u00eame face \u00e0 la pres\u00adsion.<\/li>\n<\/ul>\n\n\n\n<figure class=\"wp-block-image size-full is-resized\"><img loading=\"lazy\" decoding=\"async\" width=\"615\" height=\"409\" src=\"https:\/\/bobea.net\/wp-content\/uploads\/2025\/06\/3_Ruth-Perry-family-approved-300dpi-200x133mm.webp\" alt class=\"wp-image-20003\" style=\"width:840px;height:auto\" srcset=\"https:\/\/bobea.net\/wp-content\/uploads\/2025\/06\/3_Ruth-Perry-family-approved-300dpi-200x133mm.webp 615w, https:\/\/bobea.net\/wp-content\/uploads\/2025\/06\/3_Ruth-Perry-family-approved-300dpi-200x133mm-300x200.webp 300w\" sizes=\"(max-width: 615px) 100vw, 615px\"><\/figure>\n\n\n\n<p><strong>10. L\u2019actualit\u00e9 de son h\u00e9ritage<\/strong><br>En 2025, alors que de nom\u00adbreux pays africains affron\u00adtent encore des d\u00e9fis de gou\u00adver\u00adnance, de paix et d\u2019\u00e9galit\u00e9, l\u2019exemple de Ruth Per\u00adry demeure d\u2019une br\u00fblante actu\u00adal\u00adit\u00e9. Les femmes africaines, de plus en plus pr\u00e9sentes dans la sph\u00e8re publique, s\u2019inspirent de son par\u00adcours pour revendi\u00adquer leur place et trans\u00adformer la soci\u00e9t\u00e9.<\/p>\n\n\n\n<p><strong>Con\u00adclu\u00adsion<\/strong><br>Ruth Per\u00adry restera dans l\u2019histoire comme une pio\u00adnni\u00e8re du lead\u00ader\u00adship f\u00e9minin africain et une archi\u00adtecte de la paix. Son h\u00e9ritage, fait de courage, de sagesse et d\u2019engagement, con\u00adtin\u00adue d\u2019inspirer toutes celles et ceux qui croient en un avenir meilleur. Bobea salue la m\u00e9moire de cette grande dame, et invite ses lec\u00adtri\u00adces \u00e0 puis\u00ader dans son exem\u00adple la force d\u2019oser, d\u2019agir et de croire en leurs r\u00eaves123.<\/p>\n","protected":false},"excerpt":{"rendered":"<p>Intro\u00adduc\u00adtionL\u2019histoire de l\u2019Afrique mod\u00aderne est jalon\u00adn\u00e9e de fig\u00adures f\u00e9minines d\u2019exception, mais rares sont celles qui ont mar\u00adqu\u00e9 leur pays et leur con\u00adti\u00adnent avec autant de courage et de dig\u00adnit\u00e9 que\u2026 <\/p>\n","protected":false},"author":1,"featured_media":20007,"comment_status":"open","ping_status":"closed","sticky":false,"template":"","format":"standard","meta":{"wp_typography_post_enhancements_disabled":false,"footnotes":""},"categories":[73],"tags":[],"class_list":["post-20001","post","type-post","status-publish","format-standard","has-post-thumbnail","hentry","category-on-en-parle"],"yoast_head":"<!-- This site is optimized with the Yoast SEO plugin v24.7 - https:\/\/yoast.com\/wordpress\/plugins\/seo\/ -->\n<title>Hommage \u00e0 une grande dame \u2013 Ruth Perry du Liberia - Bobea<\/title>\n<meta name=\"description\" content=\"Ruth Perry restera dans l\u2019histoire comme une pionni\u00e8re du leadership f\u00e9minin africain et une architecte de la paix. Son h\u00e9ritage\" \/>\n<meta name=\"robots\" content=\"index, follow, max-snippet:-1, max-image-preview:large, max-video-preview:-1\" \/>\n<link rel=\"canonical\" href=\"https:\/\/bobea.net\/index.php\/2025\/06\/26\/hommage-a-une-grande-dame-ruth-perry-du-liberia\/\" \/>\n<meta property=\"og:locale\" content=\"fr_FR\" \/>\n<meta property=\"og:type\" content=\"article\" \/>\n<meta property=\"og:title\" content=\"Hommage \u00e0 une grande dame \u2013 Ruth Perry du Liberia - Bobea\" \/>\n<meta property=\"og:description\" content=\"Ruth Perry restera dans l\u2019histoire comme une pionni\u00e8re du leadership f\u00e9minin africain et une architecte de la paix. Son h\u00e9ritage\" \/>\n<meta property=\"og:url\" content=\"https:\/\/bobea.net\/index.php\/2025\/06\/26\/hommage-a-une-grande-dame-ruth-perry-du-liberia\/\" \/>\n<meta property=\"og:site_name\" content=\"Bobea\" \/>\n<meta property=\"article:publisher\" content=\"https:\/\/web.facebook.com\/profile.php?id=61559252188416\" \/>\n<meta property=\"article:published_time\" content=\"2025-06-26T06:41:13+00:00\" \/>\n<meta property=\"article:modified_time\" content=\"2025-06-26T06:42:48+00:00\" \/>\n<meta property=\"og:image\" content=\"https:\/\/bobea.net\/wp-content\/uploads\/2025\/06\/JMrPRBPy-720.jpg\" \/>\n\t<meta property=\"og:image:width\" content=\"720\" \/>\n\t<meta property=\"og:image:height\" content=\"406\" \/>\n\t<meta property=\"og:image:type\" content=\"image\/jpeg\" \/>\n<meta name=\"author\" content=\"bobea.info\" \/>\n<meta name=\"twitter:card\" content=\"summary_large_image\" \/>\n<meta name=\"twitter:label1\" content=\"\u00c9crit par\" \/>\n\t<meta name=\"twitter:data1\" content=\"bobea.info\" \/>\n\t<meta name=\"twitter:label2\" content=\"Dur\u00e9e de lecture estim\u00e9e\" \/>\n\t<meta name=\"twitter:data2\" content=\"5 minutes\" \/>\n<script type=\"application\/ld+json\" class=\"yoast-schema-graph\">{\"@context\":\"https:\/\/schema.org\",\"@graph\":[{\"@type\":\"Article\",\"@id\":\"https:\/\/bobea.net\/index.php\/2025\/06\/26\/hommage-a-une-grande-dame-ruth-perry-du-liberia\/#article\",\"isPartOf\":{\"@id\":\"https:\/\/bobea.net\/index.php\/2025\/06\/26\/hommage-a-une-grande-dame-ruth-perry-du-liberia\/\"},\"author\":{\"name\":\"bobea.info\",\"@id\":\"https:\/\/bobea.net\/#\/schema\/person\/e7f45ef187918d7c956bf619dce90ccf\"},\"headline\":\"Hommage \u00e0 une grande dame \u2013 Ruth Perry du Liberia\",\"datePublished\":\"2025-06-26T06:41:13+00:00\",\"dateModified\":\"2025-06-26T06:42:48+00:00\",\"mainEntityOfPage\":{\"@id\":\"https:\/\/bobea.net\/index.php\/2025\/06\/26\/hommage-a-une-grande-dame-ruth-perry-du-liberia\/\"},\"wordCount\":944,\"commentCount\":0,\"publisher\":{\"@id\":\"https:\/\/bobea.net\/#organization\"},\"image\":{\"@id\":\"https:\/\/bobea.net\/index.php\/2025\/06\/26\/hommage-a-une-grande-dame-ruth-perry-du-liberia\/#primaryimage\"},\"thumbnailUrl\":\"https:\/\/bobea.net\/wp-content\/uploads\/2025\/06\/JMrPRBPy-720.jpg\",\"articleSection\":[\"On en Parle\"],\"inLanguage\":\"fr-FR\",\"potentialAction\":[{\"@type\":\"CommentAction\",\"name\":\"Comment\",\"target\":[\"https:\/\/bobea.net\/index.php\/2025\/06\/26\/hommage-a-une-grande-dame-ruth-perry-du-liberia\/#respond\"]}]},{\"@type\":\"WebPage\",\"@id\":\"https:\/\/bobea.net\/index.php\/2025\/06\/26\/hommage-a-une-grande-dame-ruth-perry-du-liberia\/\",\"url\":\"https:\/\/bobea.net\/index.php\/2025\/06\/26\/hommage-a-une-grande-dame-ruth-perry-du-liberia\/\",\"name\":\"Hommage \u00e0 une grande dame \u2013 Ruth Perry du Liberia - Bobea\",\"isPartOf\":{\"@id\":\"https:\/\/bobea.net\/#website\"},\"primaryImageOfPage\":{\"@id\":\"https:\/\/bobea.net\/index.php\/2025\/06\/26\/hommage-a-une-grande-dame-ruth-perry-du-liberia\/#primaryimage\"},\"image\":{\"@id\":\"https:\/\/bobea.net\/index.php\/2025\/06\/26\/hommage-a-une-grande-dame-ruth-perry-du-liberia\/#primaryimage\"},\"thumbnailUrl\":\"https:\/\/bobea.net\/wp-content\/uploads\/2025\/06\/JMrPRBPy-720.jpg\",\"datePublished\":\"2025-06-26T06:41:13+00:00\",\"dateModified\":\"2025-06-26T06:42:48+00:00\",\"description\":\"Ruth Perry restera dans l\u2019histoire comme une pionni\u00e8re du leadership f\u00e9minin africain et une architecte de la paix. Son h\u00e9ritage\",\"breadcrumb\":{\"@id\":\"https:\/\/bobea.net\/index.php\/2025\/06\/26\/hommage-a-une-grande-dame-ruth-perry-du-liberia\/#breadcrumb\"},\"inLanguage\":\"fr-FR\",\"potentialAction\":[{\"@type\":\"ReadAction\",\"target\":[\"https:\/\/bobea.net\/index.php\/2025\/06\/26\/hommage-a-une-grande-dame-ruth-perry-du-liberia\/\"]}]},{\"@type\":\"ImageObject\",\"inLanguage\":\"fr-FR\",\"@id\":\"https:\/\/bobea.net\/index.php\/2025\/06\/26\/hommage-a-une-grande-dame-ruth-perry-du-liberia\/#primaryimage\",\"url\":\"https:\/\/bobea.net\/wp-content\/uploads\/2025\/06\/JMrPRBPy-720.jpg\",\"contentUrl\":\"https:\/\/bobea.net\/wp-content\/uploads\/2025\/06\/JMrPRBPy-720.jpg\",\"width\":720,\"height\":406},{\"@type\":\"BreadcrumbList\",\"@id\":\"https:\/\/bobea.net\/index.php\/2025\/06\/26\/hommage-a-une-grande-dame-ruth-perry-du-liberia\/#breadcrumb\",\"itemListElement\":[{\"@type\":\"ListItem\",\"position\":1,\"name\":\"Accueil\",\"item\":\"https:\/\/bobea.net\/\"},{\"@type\":\"ListItem\",\"position\":2,\"name\":\"Hommage \u00e0 une grande dame \u2013 Ruth Perry du Liberia\"}]},{\"@type\":\"WebSite\",\"@id\":\"https:\/\/bobea.net\/#website\",\"url\":\"https:\/\/bobea.net\/\",\"name\":\"Bobea\",\"description\":\"Le magazine de la nouvelle \u00c8ve\",\"publisher\":{\"@id\":\"https:\/\/bobea.net\/#organization\"},\"potentialAction\":[{\"@type\":\"SearchAction\",\"target\":{\"@type\":\"EntryPoint\",\"urlTemplate\":\"https:\/\/bobea.net\/?s={search_term_string}\"},\"query-input\":{\"@type\":\"PropertyValueSpecification\",\"valueRequired\":true,\"valueName\":\"search_term_string\"}}],\"inLanguage\":\"fr-FR\"},{\"@type\":\"Organization\",\"@id\":\"https:\/\/bobea.net\/#organization\",\"name\":\"Bobea\",\"url\":\"https:\/\/bobea.net\/\",\"logo\":{\"@type\":\"ImageObject\",\"inLanguage\":\"fr-FR\",\"@id\":\"https:\/\/bobea.net\/#\/schema\/logo\/image\/\",\"url\":\"https:\/\/bobea.net\/wp-content\/uploads\/2024\/06\/bobea.jpg\",\"contentUrl\":\"https:\/\/bobea.net\/wp-content\/uploads\/2024\/06\/bobea.jpg\",\"width\":1080,\"height\":1080,\"caption\":\"Bobea\"},\"image\":{\"@id\":\"https:\/\/bobea.net\/#\/schema\/logo\/image\/\"},\"sameAs\":[\"https:\/\/web.facebook.com\/profile.php?id=61559252188416\"]},{\"@type\":\"Person\",\"@id\":\"https:\/\/bobea.net\/#\/schema\/person\/e7f45ef187918d7c956bf619dce90ccf\",\"name\":\"bobea.info\",\"image\":{\"@type\":\"ImageObject\",\"inLanguage\":\"fr-FR\",\"@id\":\"https:\/\/bobea.net\/#\/schema\/person\/image\/\",\"url\":\"https:\/\/secure.gravatar.com\/avatar\/36147980349df887ae30808df3e29474?s=96&d=mm&r=g\",\"contentUrl\":\"https:\/\/secure.gravatar.com\/avatar\/36147980349df887ae30808df3e29474?s=96&d=mm&r=g\",\"caption\":\"bobea.info\"},\"sameAs\":[\"https:\/\/bobea.net\"],\"url\":\"https:\/\/bobea.net\/index.php\/author\/bobea-info\/\"}]}<\/script>\n<!-- \/ Yoast SEO plugin. -->","yoast_head_json":{"title":"Hommage \u00e0 une grande dame \u2013 Ruth Perry du Liberia - Bobea","description":"Ruth Perry restera dans l\u2019histoire comme une pionni\u00e8re du leadership f\u00e9minin africain et une architecte de la paix. Son h\u00e9ritage","robots":{"index":"index","follow":"follow","max-snippet":"max-snippet:-1","max-image-preview":"max-image-preview:large","max-video-preview":"max-video-preview:-1"},"canonical":"https:\/\/bobea.net\/index.php\/2025\/06\/26\/hommage-a-une-grande-dame-ruth-perry-du-liberia\/","og_locale":"fr_FR","og_type":"article","og_title":"Hommage \u00e0 une grande dame \u2013 Ruth Perry du Liberia - Bobea","og_description":"Ruth Perry restera dans l\u2019histoire comme une pionni\u00e8re du leadership f\u00e9minin africain et une architecte de la paix. Son h\u00e9ritage","og_url":"https:\/\/bobea.net\/index.php\/2025\/06\/26\/hommage-a-une-grande-dame-ruth-perry-du-liberia\/","og_site_name":"Bobea","article_publisher":"https:\/\/web.facebook.com\/profile.php?id=61559252188416","article_published_time":"2025-06-26T06:41:13+00:00","article_modified_time":"2025-06-26T06:42:48+00:00","og_image":[{"width":720,"height":406,"url":"https:\/\/bobea.net\/wp-content\/uploads\/2025\/06\/JMrPRBPy-720.jpg","type":"image\/jpeg"}],"author":"bobea.info","twitter_card":"summary_large_image","twitter_misc":{"\u00c9crit par":"bobea.info","Dur\u00e9e de lecture estim\u00e9e":"5 minutes"},"schema":{"@context":"https:\/\/schema.org","@graph":[{"@type":"Article","@id":"https:\/\/bobea.net\/index.php\/2025\/06\/26\/hommage-a-une-grande-dame-ruth-perry-du-liberia\/#article","isPartOf":{"@id":"https:\/\/bobea.net\/index.php\/2025\/06\/26\/hommage-a-une-grande-dame-ruth-perry-du-liberia\/"},"author":{"name":"bobea.info","@id":"https:\/\/bobea.net\/#\/schema\/person\/e7f45ef187918d7c956bf619dce90ccf"},"headline":"Hommage \u00e0 une grande dame \u2013 Ruth Perry du Liberia","datePublished":"2025-06-26T06:41:13+00:00","dateModified":"2025-06-26T06:42:48+00:00","mainEntityOfPage":{"@id":"https:\/\/bobea.net\/index.php\/2025\/06\/26\/hommage-a-une-grande-dame-ruth-perry-du-liberia\/"},"wordCount":944,"commentCount":0,"publisher":{"@id":"https:\/\/bobea.net\/#organization"},"image":{"@id":"https:\/\/bobea.net\/index.php\/2025\/06\/26\/hommage-a-une-grande-dame-ruth-perry-du-liberia\/#primaryimage"},"thumbnailUrl":"https:\/\/bobea.net\/wp-content\/uploads\/2025\/06\/JMrPRBPy-720.jpg","articleSection":["On en Parle"],"inLanguage":"fr-FR","potentialAction":[{"@type":"CommentAction","name":"Comment","target":["https:\/\/bobea.net\/index.php\/2025\/06\/26\/hommage-a-une-grande-dame-ruth-perry-du-liberia\/#respond"]}]},{"@type":"WebPage","@id":"https:\/\/bobea.net\/index.php\/2025\/06\/26\/hommage-a-une-grande-dame-ruth-perry-du-liberia\/","url":"https:\/\/bobea.net\/index.php\/2025\/06\/26\/hommage-a-une-grande-dame-ruth-perry-du-liberia\/","name":"Hommage \u00e0 une grande dame \u2013 Ruth Perry du Liberia - Bobea","isPartOf":{"@id":"https:\/\/bobea.net\/#website"},"primaryImageOfPage":{"@id":"https:\/\/bobea.net\/index.php\/2025\/06\/26\/hommage-a-une-grande-dame-ruth-perry-du-liberia\/#primaryimage"},"image":{"@id":"https:\/\/bobea.net\/index.php\/2025\/06\/26\/hommage-a-une-grande-dame-ruth-perry-du-liberia\/#primaryimage"},"thumbnailUrl":"https:\/\/bobea.net\/wp-content\/uploads\/2025\/06\/JMrPRBPy-720.jpg","datePublished":"2025-06-26T06:41:13+00:00","dateModified":"2025-06-26T06:42:48+00:00","description":"Ruth Perry restera dans l\u2019histoire comme une pionni\u00e8re du leadership f\u00e9minin africain et une architecte de la paix. Son h\u00e9ritage","breadcrumb":{"@id":"https:\/\/bobea.net\/index.php\/2025\/06\/26\/hommage-a-une-grande-dame-ruth-perry-du-liberia\/#breadcrumb"},"inLanguage":"fr-FR","potentialAction":[{"@type":"ReadAction","target":["https:\/\/bobea.net\/index.php\/2025\/06\/26\/hommage-a-une-grande-dame-ruth-perry-du-liberia\/"]}]},{"@type":"ImageObject","inLanguage":"fr-FR","@id":"https:\/\/bobea.net\/index.php\/2025\/06\/26\/hommage-a-une-grande-dame-ruth-perry-du-liberia\/#primaryimage","url":"https:\/\/bobea.net\/wp-content\/uploads\/2025\/06\/JMrPRBPy-720.jpg","contentUrl":"https:\/\/bobea.net\/wp-content\/uploads\/2025\/06\/JMrPRBPy-720.jpg","width":720,"height":406},{"@type":"BreadcrumbList","@id":"https:\/\/bobea.net\/index.php\/2025\/06\/26\/hommage-a-une-grande-dame-ruth-perry-du-liberia\/#breadcrumb","itemListElement":[{"@type":"ListItem","position":1,"name":"Accueil","item":"https:\/\/bobea.net\/"},{"@type":"ListItem","position":2,"name":"Hommage \u00e0 une grande dame \u2013 Ruth Perry du Liberia"}]},{"@type":"WebSite","@id":"https:\/\/bobea.net\/#website","url":"https:\/\/bobea.net\/","name":"Bobea","description":"Le magazine de la nouvelle \u00c8ve","publisher":{"@id":"https:\/\/bobea.net\/#organization"},"potentialAction":[{"@type":"SearchAction","target":{"@type":"EntryPoint","urlTemplate":"https:\/\/bobea.net\/?s={search_term_string}"},"query-input":{"@type":"PropertyValueSpecification","valueRequired":true,"valueName":"search_term_string"}}],"inLanguage":"fr-FR"},{"@type":"Organization","@id":"https:\/\/bobea.net\/#organization","name":"Bobea","url":"https:\/\/bobea.net\/","logo":{"@type":"ImageObject","inLanguage":"fr-FR","@id":"https:\/\/bobea.net\/#\/schema\/logo\/image\/","url":"https:\/\/bobea.net\/wp-content\/uploads\/2024\/06\/bobea.jpg","contentUrl":"https:\/\/bobea.net\/wp-content\/uploads\/2024\/06\/bobea.jpg","width":1080,"height":1080,"caption":"Bobea"},"image":{"@id":"https:\/\/bobea.net\/#\/schema\/logo\/image\/"},"sameAs":["https:\/\/web.facebook.com\/profile.php?id=61559252188416"]},{"@type":"Person","@id":"https:\/\/bobea.net\/#\/schema\/person\/e7f45ef187918d7c956bf619dce90ccf","name":"bobea.info","image":{"@type":"ImageObject","inLanguage":"fr-FR","@id":"https:\/\/bobea.net\/#\/schema\/person\/image\/","url":"https:\/\/secure.gravatar.com\/avatar\/36147980349df887ae30808df3e29474?s=96&d=mm&r=g","contentUrl":"https:\/\/secure.gravatar.com\/avatar\/36147980349df887ae30808df3e29474?s=96&d=mm&r=g","caption":"bobea.info"},"sameAs":["https:\/\/bobea.net"],"url":"https:\/\/bobea.net\/index.php\/author\/bobea-info\/"}]}},"_links":{"self":[{"href":"https:\/\/bobea.net\/index.php\/wp-json\/wp\/v2\/posts\/20001"}],"collection":[{"href":"https:\/\/bobea.net\/index.php\/wp-json\/wp\/v2\/posts"}],"about":[{"href":"https:\/\/bobea.net\/index.php\/wp-json\/wp\/v2\/types\/post"}],"author":[{"embeddable":true,"href":"https:\/\/bobea.net\/index.php\/wp-json\/wp\/v2\/users\/1"}],"replies":[{"embeddable":true,"href":"https:\/\/bobea.net\/index.php\/wp-json\/wp\/v2\/comments?post=20001"}],"version-history":[{"count":1,"href":"https:\/\/bobea.net\/index.php\/wp-json\/wp\/v2\/posts\/20001\/revisions"}],"predecessor-version":[{"id":20006,"href":"https:\/\/bobea.net\/index.php\/wp-json\/wp\/v2\/posts\/20001\/revisions\/20006"}],"wp:featuredmedia":[{"embeddable":true,"href":"https:\/\/bobea.net\/index.php\/wp-json\/wp\/v2\/media\/20007"}],"wp:attachment":[{"href":"https:\/\/bobea.net\/index.php\/wp-json\/wp\/v2\/media?parent=20001"}],"wp:term":[{"taxonomy":"category","embeddable":true,"href":"https:\/\/bobea.net\/index.php\/wp-json\/wp\/v2\/categories?post=20001"},{"taxonomy":"post_tag","embeddable":true,"href":"https:\/\/bobea.net\/index.php\/wp-json\/wp\/v2\/tags?post=20001"}],"curies":[{"name":"wp","href":"https:\/\/api.w.org\/{rel}","templated":true}]}}