{"id":19331,"date":"2025-06-18T05:18:46","date_gmt":"2025-06-18T05:18:46","guid":{"rendered":"https:\/\/bobea.net\/?p=19331"},"modified":"2025-06-18T05:18:47","modified_gmt":"2025-06-18T05:18:47","slug":"joan-baez-la-folk-lady-rebelle-et-son-heritage","status":"publish","type":"post","link":"https:\/\/bobea.net\/index.php\/2025\/06\/18\/joan-baez-la-folk-lady-rebelle-et-son-heritage\/","title":{"rendered":"Joan Baez, la folk lady rebelle et son h\u00e9ritage"},"content":{"rendered":"\n<p>Joan Baez, fig\u00adure embl\u00e9\u00adma\u00adtique de la musique folk et mil\u00adi\u00adtante infati\u00adga\u00adble, occupe une place unique dans l\u2019histoire cul\u00adturelle et sociale du XXe et XXIe si\u00e8\u00adcle. \u00c0 84 ans, elle demeure une source d\u2019inspiration in\u00e9puis\u00adable pour les g\u00e9n\u00e9ra\u00adtions qui aspirent \u00e0 con\u00adjuguer art, engage\u00adment et lib\u00adert\u00e9. Son par\u00adcours, jalon\u00adn\u00e9 de luttes, de chan\u00adsons et d\u2019actes de courage, illus\u00adtre la puis\u00adsance de la voix indi\u00advidu\u00adelle lorsqu\u2019elle se met au ser\u00advice de caus\u00ades col\u00adlec\u00adtives. Pour les lec\u00adtri\u00adces de Bob\u00e9a, Joan Baez n\u2019est pas seule\u00adment une ic\u00f4ne musi\u00adcale, mais un mod\u00ad\u00e8le de r\u00e9silience, d\u2019int\u00e9grit\u00e9 et de cr\u00e9a\u00adtiv\u00adit\u00e9 f\u00e9mi\u00adnine.<\/p>\n\n\n\n<p>Les d\u00e9buts d\u2019une voix sin\u00adguli\u00e8re<\/p>\n\n\n\n<p>N\u00e9e le 9 jan\u00advi\u00ader 1941 \u00e0 Stat\u00aden Island, New York, Joan Chan\u00addos Baez grandit dans une famille ouverte sur le monde et engag\u00e9e. Son p\u00e8re, physi\u00adcien d\u2019origine mex\u00adi\u00adcaine, et sa m\u00e8re, d\u2019ascendance \u00e9cos\u00adsaise, lui trans\u00admet\u00adtent tr\u00e8s t\u00f4t des valeurs d\u2019empathie, de jus\u00adtice et de paci\u00adfisme. Ado\u00adles\u00adcente, elle d\u00e9cou\u00advre la musique folk, un genre alors en pleine effer\u00adves\u00adcence, et se pas\u00adsionne pour les chan\u00adsons tra\u00addi\u00adtion\u00adnelles am\u00e9ri\u00adcaines. \u00c0 18 ans, elle se pro\u00adduit au New\u00adport Folk Fes\u00adti\u00adval, o\u00f9 sa voix cristalline et son charisme naturel cap\u00adtivent le pub\u00adlic. Son pre\u00admier album, sor\u00adti en 1960, ren\u00adcon\u00adtre un suc\u00adc\u00e8s imm\u00e9\u00addi\u00adat et la propulse sur le devant de la sc\u00e8ne.<\/p>\n\n\n\n<p>Une mil\u00adi\u00adtante d\u00e8s la pre\u00admi\u00e8re heure<\/p>\n\n\n\n<p>D\u00e8s ses d\u00e9buts, Joan Baez fait de la sc\u00e8ne un espace poli\u00adtique. Elle s\u2019engage aux c\u00f4t\u00e9s du mou\u00adve\u00adment pour les droits civiques, chante lors de la marche sur Wash\u00ading\u00adton en 1963 et sou\u00adtient Mar\u00adtin Luther King dans son com\u00adbat con\u00adtre la s\u00e9gr\u00e9\u00adga\u00adtion raciale. Sa voix, por\u00adteuse d\u2019espoir et de r\u00e9volte, accom\u00adpa\u00adgne les grands moments de l\u2019histoire am\u00e9ri\u00adcaine. Elle milite con\u00adtre la guerre du Viet\u00adnam, refuse de pay\u00ader ses imp\u00f4ts pour pro\u00adtest\u00ader con\u00adtre le finance\u00adment de l\u2019effort mil\u00adi\u00adtaire, et par\u00adticipe \u00e0 de nom\u00adbreuses man\u00adi\u00adfes\u00adta\u00adtions paci\u00adfistes. Pour Joan Baez, l\u2019art et l\u2019action sont indis\u00adso\u00adcia\u00adbles : \u00ab Si vous ne vous engagez pas, vous n\u2019\u00eates qu\u2019un sim\u00adple spec\u00adta\u00adteur de l\u2019histoire \u00bb, aime-t-elle rap\u00adpel\u00ader.<\/p>\n\n\n\n<p>La musique comme arme de paix<\/p>\n\n\n\n<p>Le r\u00e9per\u00adtoire de Joan Baez est mar\u00adqu\u00e9 par la qu\u00eate de jus\u00adtice et de dig\u00adnit\u00e9. Elle inter\u00adpr\u00e8te des bal\u00adlades tra\u00addi\u00adtion\u00adnelles, des chan\u00adsons engag\u00e9es et des \u0153uvres orig\u00adi\u00adnales qui d\u00e9non\u00adcent l\u2019injustice et c\u00e9l\u00e8brent la r\u00e9sis\u00adtance. Par\u00admi ses titres les plus c\u00e9l\u00e8bres, \u00ab We Shall Over\u00adcome \u00bb, hymne du mou\u00adve\u00adment des droits civiques, \u00ab Dia\u00admonds &amp; Rust \u00bb, \u00e9vo\u00adca\u00adtion po\u00e9\u00adtique de son his\u00adtoire avec Bob Dylan, ou encore \u00ab Here\u2019s to You \u00bb, hom\u00admage \u00e0 Sac\u00adco et Vanzetti. Sa voix, \u00e0 la fois douce et puis\u00adsante, tran\u00adscende les fron\u00adti\u00e8res et touche un pub\u00adlic inter\u00adna\u00adtion\u00adal.<\/p>\n\n\n\n<figure class=\"wp-block-image size-full is-resized\"><img loading=\"lazy\" decoding=\"async\" width=\"640\" height=\"360\" src=\"https:\/\/bobea.net\/wp-content\/uploads\/2025\/06\/wwu443-27769804.jpeg\" alt class=\"wp-image-19335\" style=\"width:840px;height:auto\" srcset=\"https:\/\/bobea.net\/wp-content\/uploads\/2025\/06\/wwu443-27769804.jpeg 640w, https:\/\/bobea.net\/wp-content\/uploads\/2025\/06\/wwu443-27769804-300x169.jpeg 300w\" sizes=\"(max-width: 640px) 100vw, 640px\"><\/figure>\n\n\n\n<p>Joan Baez a \u00e9gale\u00adment jou\u00e9 un r\u00f4le d\u00e9ter\u00admi\u00adnant dans la pop\u00adu\u00adlar\u00adi\u00adsa\u00adtion de la musique folk. Elle a r\u00e9v\u00e9l\u00e9 Bob Dylan au grand pub\u00adlic, col\u00adlabor\u00e9 avec Leonard Cohen, Paul Simon ou encore John\u00adny Cash, et inspir\u00e9 des g\u00e9n\u00e9ra\u00adtions d\u2019artistes, de Tra\u00adcy Chap\u00adman \u00e0 Norah Jones. Son influ\u00adence d\u00e9passe le cadre musi\u00adcal : elle incar\u00adne une cer\u00adtaine id\u00e9e de la lib\u00adert\u00e9 artis\u00adtique, du refus des com\u00adpro\u00admis et de la fid\u00e9l\u00adit\u00e9 \u00e0 ses con\u00advic\u00adtions.<\/p>\n\n\n\n<p>Un f\u00e9min\u00adisme dis\u00adcret mais con\u00adstant<\/p>\n\n\n\n<p>Si Joan Baez n\u2019a jamais revendiqu\u00e9 un f\u00e9min\u00adisme mil\u00adi\u00adtant au sens strict, son par\u00adcours t\u00e9moigne d\u2019une force et d\u2019une ind\u00e9pen\u00addance remar\u00adquables. Dans un univers musi\u00adcal dom\u00adin\u00e9 par les hommes, elle s\u2019impose par son tal\u00adent, son int\u00e9grit\u00e9 et son audace. Elle encour\u00adage les femmes \u00e0 pren\u00addre la parole, \u00e0 \u00e9crire, \u00e0 chanter et \u00e0 s\u2019affirmer. Son engage\u00adment pour la paix, la jus\u00adtice et la dig\u00adnit\u00e9 humaine s\u2019accompagne d\u2019un com\u00adbat pour l\u2019\u00e9galit\u00e9 et la recon\u00adnais\u00adsance des femmes artistes.<\/p>\n\n\n\n<p>Dans ses chan\u00adsons comme dans sa vie, Joan Baez c\u00e9l\u00e8bre la diver\u00adsit\u00e9 des exp\u00e9ri\u00adences f\u00e9minines, la sol\u00adi\u00addar\u00adit\u00e9 et la capac\u00adit\u00e9 des femmes \u00e0 trans\u00adformer le monde. Son exem\u00adple inspire aujourd\u2019hui de nom\u00adbreuses chanteuses, autri\u00adces et mil\u00adi\u00adtantes, qui voient en elle une pio\u00adnni\u00e8re et une alli\u00e9e.<\/p>\n\n\n\n<p>Engage\u00adments inter\u00adna\u00adtionaux et h\u00e9ritage poli\u00adtique<\/p>\n\n\n\n<p>Au-del\u00e0 des \u00c9tats-Unis, Joan Baez s\u2019engage sur la sc\u00e8ne inter\u00adna\u00adtionale. Elle sou\u00adtient les r\u00e9fugi\u00e9s du Bangladesh, d\u00e9fend la cause des pris\u00adon\u00adniers poli\u00adtiques au Chili, milite pour la lib\u00e9ra\u00adtion de Nel\u00adson Man\u00addela et s\u2019oppose aux dic\u00adtatures en Am\u00e9rique latine. Partout o\u00f9 la dig\u00adnit\u00e9 humaine est men\u00adac\u00e9e, sa voix s\u2019\u00e9l\u00e8ve, que ce soit sur les grandes sc\u00e8nes ou dans les camps de r\u00e9fugi\u00e9s. Elle cr\u00e9e l\u2019organisation Human\u00adi\u00adtas Inter\u00adna\u00adtion\u00adal pour d\u00e9fendre les droits humains et n\u2019h\u00e9site pas \u00e0 se ren\u00addre sur le ter\u00adrain, au plus pr\u00e8s des pop\u00adu\u00adla\u00adtions en d\u00e9tresse.<\/p>\n\n\n\n<p>Son engage\u00adment pour la non-vio\u00adlence et la r\u00e9so\u00adlu\u00adtion paci\u00adfique des con\u00adflits reste un fil con\u00adduc\u00adteur. Elle par\u00adticipe \u00e0 des mis\u00adsions d\u2019observation, sou\u00adtient Amnesty Inter\u00adna\u00adtion\u00adal et encour\u00adage le dia\u00adlogue entre les peu\u00adples. En 2011, elle re\u00e7oit le prix de la paix de l\u2019UNESCO, couron\u00adnant une vie de lutte et de sol\u00adi\u00addar\u00adit\u00e9.<\/p>\n\n\n\n<p>Une car\u00adri\u00e8re artis\u00adtique hors normes<\/p>\n\n\n\n<p>Sur le plan musi\u00adcal, Joan Baez a enreg\u00adistr\u00e9 plus de trente albums, don\u00adn\u00e9 des mil\u00adliers de con\u00adcerts \u00e0 tra\u00advers le monde et re\u00e7u de nom\u00adbreuses dis\u00adtinc\u00adtions. Sa discogra\u00adphie, riche et var\u00adi\u00e9e, explore tous les reg\u00adistres de la folk, du blues, du gospel et de la chan\u00adson engag\u00e9e. Elle se dis\u00adtingue par la puret\u00e9 de sa voix, la sobri\u00e9t\u00e9 de ses arrange\u00adments et la pro\u00adfondeur de ses textes.<\/p>\n\n\n\n<p>M\u00eame apr\u00e8s avoir annon\u00adc\u00e9 sa retraite des grandes tourn\u00e9es en 2019, Joan Baez con\u00adtin\u00adue de chanter, d\u2019\u00e9crire et de pein\u00addre. Elle expose ses \u0153uvres dans des galeries, pub\u00adlie des m\u00e9moires et par\u00adticipe \u00e0 des pro\u00adjets col\u00adlec\u00adtifs. Sa cr\u00e9a\u00adtiv\u00adit\u00e9, loin de s\u2019\u00e9teindre, se renou\u00advelle sans cesse, port\u00e9e par une curiosit\u00e9 et une g\u00e9n\u00e9rosit\u00e9 intactes.<\/p>\n\n\n\n<p>Joan Baez aujourd\u2019hui : une ic\u00f4ne pour le XXIe si\u00e8\u00adcle<\/p>\n\n\n\n<p>En 2025, Joan Baez reste une r\u00e9f\u00e9rence pour toutes celles et ceux qui croient en la puis\u00adsance de la cul\u00adture pour chang\u00ader le monde. Son h\u00e9ritage se lit dans les mou\u00adve\u00adments con\u00adtem\u00adpo\u00adrains pour l\u2019\u00e9galit\u00e9, la jus\u00adtice cli\u00adma\u00adtique ou la d\u00e9fense des droits humains. Elle inspire les jeunes g\u00e9n\u00e9ra\u00adtions \u00e0 s\u2019engager, \u00e0 refuser l\u2019indiff\u00e9rence et \u00e0 croire en la force de la sol\u00adi\u00addar\u00adit\u00e9.<\/p>\n\n\n\n<p>Pour les femmes, son par\u00adcours est un mod\u00ad\u00e8le d\u2019audace et de per\u00ads\u00e9v\u00e9rance. Elle mon\u00adtre qu\u2019il est pos\u00adsi\u00adble de con\u00adcili\u00ader art, engage\u00adment et vie per\u00adson\u00adnelle, de rester fid\u00e8le \u00e0 ses valeurs et de trans\u00adformer les \u00e9preuves en sources de cr\u00e9a\u00adtion. Son mes\u00adsage, uni\u00adversel, r\u00e9sonne avec une acuit\u00e9 par\u00adti\u00adc\u00aduli\u00e8re dans un monde en qu\u00eate de rep\u00e8res et de sens.<\/p>\n\n\n\n<figure class=\"wp-block-image size-full\"><img loading=\"lazy\" decoding=\"async\" width=\"864\" height=\"486\" src=\"https:\/\/bobea.net\/wp-content\/uploads\/2025\/06\/B9718358905Z.1_20190125143715_000GRPCOJVL2.1-0.jpg\" alt class=\"wp-image-19339\" srcset=\"https:\/\/bobea.net\/wp-content\/uploads\/2025\/06\/B9718358905Z.1_20190125143715_000GRPCOJVL2.1-0.jpg 864w, https:\/\/bobea.net\/wp-content\/uploads\/2025\/06\/B9718358905Z.1_20190125143715_000GRPCOJVL2.1-0-300x169.jpg 300w, https:\/\/bobea.net\/wp-content\/uploads\/2025\/06\/B9718358905Z.1_20190125143715_000GRPCOJVL2.1-0-768x432.jpg 768w\" sizes=\"(max-width: 864px) 100vw, 864px\"><\/figure>\n\n\n\n<p>L\u2019h\u00e9ritage de Joan Baez dans la cul\u00adture pop\u00adu\u00adlaire<\/p>\n\n\n\n<p>L\u2019influence de Joan Baez d\u00e9passe le cer\u00adcle des ama\u00adteurs de folk. Elle inspire des films, des doc\u00adu\u00admen\u00adtaires, des romans et des \u0153uvres plas\u00adtiques. Sa vie, faite de voy\u00adages, de ren\u00adcon\u00adtres et de com\u00adbats, nour\u00adrit l\u2019imaginaire col\u00adlec\u00adtif et rap\u00adpelle que chaque exis\u00adtence peut avoir un impact sur la marche du monde.<\/p>\n\n\n\n<p>Les fes\u00adti\u00advals lui ren\u00addent hom\u00admage, les uni\u00adver\u00adsit\u00e9s \u00e9tu\u00addi\u00adent son \u0153uvre, et les r\u00e9seaux soci\u00adaux relaient ses pris\u00ades de posi\u00adtion. Elle demeure une fig\u00adure tut\u00e9laire pour les artistes engag\u00e9s, les mil\u00adi\u00adtants et toutes celles qui refusent de baiss\u00ader les bras face \u00e0 l\u2019injustice.<\/p>\n\n\n\n<p>Con\u00adclu\u00adsion : Joan Baez, une lumi\u00e8re pour demain<\/p>\n\n\n\n<p>Joan Baez incar\u00adne la pos\u00adsi\u00adbil\u00adit\u00e9 d\u2019une vie pleine, riche et engag\u00e9e. Son par\u00adcours, fait de musique, de luttes et de fid\u00e9l\u00adit\u00e9 \u00e0 soi-m\u00eame, est un appel \u00e0 l\u2019action et \u00e0 la cr\u00e9a\u00adtiv\u00adit\u00e9. Pour les lec\u00adtri\u00adces de Bob\u00e9a, elle est une source d\u2019inspiration in\u00e9puis\u00adable, un rep\u00e8re dans un monde en muta\u00adtion. Son h\u00e9ritage, fait de chan\u00adsons, de com\u00adbats et de ten\u00addresse, con\u00adtin\u00adue d\u2019\u00e9clairer le chemin de toutes celles qui r\u00eavent d\u2019un monde plus juste, plus sol\u00adidaire et plus humain.<\/p>\n","protected":false},"excerpt":{"rendered":"<p>Joan Baez, fig\u00adure embl\u00e9\u00adma\u00adtique de la musique folk et mil\u00adi\u00adtante infati\u00adga\u00adble, occupe une place unique dans l\u2019histoire cul\u00adturelle et sociale du XXe et XXIe si\u00e8\u00adcle. \u00c0 84 ans, elle demeure\u2026 <\/p>\n","protected":false},"author":1,"featured_media":19338,"comment_status":"open","ping_status":"closed","sticky":false,"template":"","format":"standard","meta":{"wp_typography_post_enhancements_disabled":false,"footnotes":""},"categories":[73],"tags":[],"class_list":["post-19331","post","type-post","status-publish","format-standard","has-post-thumbnail","hentry","category-on-en-parle"],"yoast_head":"<!-- This site is optimized with the Yoast SEO plugin v24.7 - https:\/\/yoast.com\/wordpress\/plugins\/seo\/ -->\n<title>Joan Baez, la folk lady rebelle et son h\u00e9ritage - Bobea<\/title>\n<meta name=\"robots\" content=\"index, follow, max-snippet:-1, max-image-preview:large, max-video-preview:-1\" \/>\n<link rel=\"canonical\" href=\"https:\/\/bobea.net\/index.php\/2025\/06\/18\/joan-baez-la-folk-lady-rebelle-et-son-heritage\/\" \/>\n<meta property=\"og:locale\" content=\"fr_FR\" \/>\n<meta property=\"og:type\" content=\"article\" \/>\n<meta property=\"og:title\" content=\"Joan Baez, la folk lady rebelle et son h\u00e9ritage - Bobea\" \/>\n<meta property=\"og:description\" content=\"Joan Baez, fig\u00adure embl\u00e9\u00adma\u00adtique de la musique folk et mil\u00adi\u00adtante infati\u00adga\u00adble, occupe une place unique dans l\u2019histoire cul\u00adturelle et sociale du XXe et XXIe si\u00e8\u00adcle. \u00c0 84 ans, elle demeure&hellip;\" \/>\n<meta property=\"og:url\" content=\"https:\/\/bobea.net\/index.php\/2025\/06\/18\/joan-baez-la-folk-lady-rebelle-et-son-heritage\/\" \/>\n<meta property=\"og:site_name\" content=\"Bobea\" \/>\n<meta property=\"article:publisher\" content=\"https:\/\/web.facebook.com\/profile.php?id=61559252188416\" \/>\n<meta property=\"article:published_time\" content=\"2025-06-18T05:18:46+00:00\" \/>\n<meta property=\"article:modified_time\" content=\"2025-06-18T05:18:47+00:00\" \/>\n<meta property=\"og:image\" content=\"https:\/\/bobea.net\/wp-content\/uploads\/2025\/06\/VERITA1.jpg\" \/>\n\t<meta property=\"og:image:width\" content=\"1600\" \/>\n\t<meta property=\"og:image:height\" content=\"1067\" \/>\n\t<meta property=\"og:image:type\" content=\"image\/jpeg\" \/>\n<meta name=\"author\" content=\"bobea.info\" \/>\n<meta name=\"twitter:card\" content=\"summary_large_image\" \/>\n<meta name=\"twitter:label1\" content=\"\u00c9crit par\" \/>\n\t<meta name=\"twitter:data1\" content=\"bobea.info\" \/>\n\t<meta name=\"twitter:label2\" content=\"Dur\u00e9e de lecture estim\u00e9e\" \/>\n\t<meta name=\"twitter:data2\" content=\"7 minutes\" \/>\n<script type=\"application\/ld+json\" class=\"yoast-schema-graph\">{\"@context\":\"https:\/\/schema.org\",\"@graph\":[{\"@type\":\"Article\",\"@id\":\"https:\/\/bobea.net\/index.php\/2025\/06\/18\/joan-baez-la-folk-lady-rebelle-et-son-heritage\/#article\",\"isPartOf\":{\"@id\":\"https:\/\/bobea.net\/index.php\/2025\/06\/18\/joan-baez-la-folk-lady-rebelle-et-son-heritage\/\"},\"author\":{\"name\":\"bobea.info\",\"@id\":\"https:\/\/bobea.net\/#\/schema\/person\/e7f45ef187918d7c956bf619dce90ccf\"},\"headline\":\"Joan Baez, la folk lady rebelle et son h\u00e9ritage\",\"datePublished\":\"2025-06-18T05:18:46+00:00\",\"dateModified\":\"2025-06-18T05:18:47+00:00\",\"mainEntityOfPage\":{\"@id\":\"https:\/\/bobea.net\/index.php\/2025\/06\/18\/joan-baez-la-folk-lady-rebelle-et-son-heritage\/\"},\"wordCount\":1350,\"commentCount\":0,\"publisher\":{\"@id\":\"https:\/\/bobea.net\/#organization\"},\"image\":{\"@id\":\"https:\/\/bobea.net\/index.php\/2025\/06\/18\/joan-baez-la-folk-lady-rebelle-et-son-heritage\/#primaryimage\"},\"thumbnailUrl\":\"https:\/\/bobea.net\/wp-content\/uploads\/2025\/06\/VERITA1.jpg\",\"articleSection\":[\"On en Parle\"],\"inLanguage\":\"fr-FR\",\"potentialAction\":[{\"@type\":\"CommentAction\",\"name\":\"Comment\",\"target\":[\"https:\/\/bobea.net\/index.php\/2025\/06\/18\/joan-baez-la-folk-lady-rebelle-et-son-heritage\/#respond\"]}]},{\"@type\":\"WebPage\",\"@id\":\"https:\/\/bobea.net\/index.php\/2025\/06\/18\/joan-baez-la-folk-lady-rebelle-et-son-heritage\/\",\"url\":\"https:\/\/bobea.net\/index.php\/2025\/06\/18\/joan-baez-la-folk-lady-rebelle-et-son-heritage\/\",\"name\":\"Joan Baez, la folk lady rebelle et son h\u00e9ritage - Bobea\",\"isPartOf\":{\"@id\":\"https:\/\/bobea.net\/#website\"},\"primaryImageOfPage\":{\"@id\":\"https:\/\/bobea.net\/index.php\/2025\/06\/18\/joan-baez-la-folk-lady-rebelle-et-son-heritage\/#primaryimage\"},\"image\":{\"@id\":\"https:\/\/bobea.net\/index.php\/2025\/06\/18\/joan-baez-la-folk-lady-rebelle-et-son-heritage\/#primaryimage\"},\"thumbnailUrl\":\"https:\/\/bobea.net\/wp-content\/uploads\/2025\/06\/VERITA1.jpg\",\"datePublished\":\"2025-06-18T05:18:46+00:00\",\"dateModified\":\"2025-06-18T05:18:47+00:00\",\"breadcrumb\":{\"@id\":\"https:\/\/bobea.net\/index.php\/2025\/06\/18\/joan-baez-la-folk-lady-rebelle-et-son-heritage\/#breadcrumb\"},\"inLanguage\":\"fr-FR\",\"potentialAction\":[{\"@type\":\"ReadAction\",\"target\":[\"https:\/\/bobea.net\/index.php\/2025\/06\/18\/joan-baez-la-folk-lady-rebelle-et-son-heritage\/\"]}]},{\"@type\":\"ImageObject\",\"inLanguage\":\"fr-FR\",\"@id\":\"https:\/\/bobea.net\/index.php\/2025\/06\/18\/joan-baez-la-folk-lady-rebelle-et-son-heritage\/#primaryimage\",\"url\":\"https:\/\/bobea.net\/wp-content\/uploads\/2025\/06\/VERITA1.jpg\",\"contentUrl\":\"https:\/\/bobea.net\/wp-content\/uploads\/2025\/06\/VERITA1.jpg\",\"width\":1600,\"height\":1067},{\"@type\":\"BreadcrumbList\",\"@id\":\"https:\/\/bobea.net\/index.php\/2025\/06\/18\/joan-baez-la-folk-lady-rebelle-et-son-heritage\/#breadcrumb\",\"itemListElement\":[{\"@type\":\"ListItem\",\"position\":1,\"name\":\"Accueil\",\"item\":\"https:\/\/bobea.net\/\"},{\"@type\":\"ListItem\",\"position\":2,\"name\":\"Joan Baez, la folk lady rebelle et son h\u00e9ritage\"}]},{\"@type\":\"WebSite\",\"@id\":\"https:\/\/bobea.net\/#website\",\"url\":\"https:\/\/bobea.net\/\",\"name\":\"Bobea\",\"description\":\"Le magazine de la nouvelle \u00c8ve\",\"publisher\":{\"@id\":\"https:\/\/bobea.net\/#organization\"},\"potentialAction\":[{\"@type\":\"SearchAction\",\"target\":{\"@type\":\"EntryPoint\",\"urlTemplate\":\"https:\/\/bobea.net\/?s={search_term_string}\"},\"query-input\":{\"@type\":\"PropertyValueSpecification\",\"valueRequired\":true,\"valueName\":\"search_term_string\"}}],\"inLanguage\":\"fr-FR\"},{\"@type\":\"Organization\",\"@id\":\"https:\/\/bobea.net\/#organization\",\"name\":\"Bobea\",\"url\":\"https:\/\/bobea.net\/\",\"logo\":{\"@type\":\"ImageObject\",\"inLanguage\":\"fr-FR\",\"@id\":\"https:\/\/bobea.net\/#\/schema\/logo\/image\/\",\"url\":\"https:\/\/bobea.net\/wp-content\/uploads\/2024\/06\/bobea.jpg\",\"contentUrl\":\"https:\/\/bobea.net\/wp-content\/uploads\/2024\/06\/bobea.jpg\",\"width\":1080,\"height\":1080,\"caption\":\"Bobea\"},\"image\":{\"@id\":\"https:\/\/bobea.net\/#\/schema\/logo\/image\/\"},\"sameAs\":[\"https:\/\/web.facebook.com\/profile.php?id=61559252188416\"]},{\"@type\":\"Person\",\"@id\":\"https:\/\/bobea.net\/#\/schema\/person\/e7f45ef187918d7c956bf619dce90ccf\",\"name\":\"bobea.info\",\"image\":{\"@type\":\"ImageObject\",\"inLanguage\":\"fr-FR\",\"@id\":\"https:\/\/bobea.net\/#\/schema\/person\/image\/\",\"url\":\"https:\/\/secure.gravatar.com\/avatar\/36147980349df887ae30808df3e29474?s=96&d=mm&r=g\",\"contentUrl\":\"https:\/\/secure.gravatar.com\/avatar\/36147980349df887ae30808df3e29474?s=96&d=mm&r=g\",\"caption\":\"bobea.info\"},\"sameAs\":[\"https:\/\/bobea.net\"],\"url\":\"https:\/\/bobea.net\/index.php\/author\/bobea-info\/\"}]}<\/script>\n<!-- \/ Yoast SEO plugin. -->","yoast_head_json":{"title":"Joan Baez, la folk lady rebelle et son h\u00e9ritage - Bobea","robots":{"index":"index","follow":"follow","max-snippet":"max-snippet:-1","max-image-preview":"max-image-preview:large","max-video-preview":"max-video-preview:-1"},"canonical":"https:\/\/bobea.net\/index.php\/2025\/06\/18\/joan-baez-la-folk-lady-rebelle-et-son-heritage\/","og_locale":"fr_FR","og_type":"article","og_title":"Joan Baez, la folk lady rebelle et son h\u00e9ritage - Bobea","og_description":"Joan Baez, fig\u00adure embl\u00e9\u00adma\u00adtique de la musique folk et mil\u00adi\u00adtante infati\u00adga\u00adble, occupe une place unique dans l\u2019histoire cul\u00adturelle et sociale du XXe et XXIe si\u00e8\u00adcle. \u00c0 84 ans, elle demeure&hellip;","og_url":"https:\/\/bobea.net\/index.php\/2025\/06\/18\/joan-baez-la-folk-lady-rebelle-et-son-heritage\/","og_site_name":"Bobea","article_publisher":"https:\/\/web.facebook.com\/profile.php?id=61559252188416","article_published_time":"2025-06-18T05:18:46+00:00","article_modified_time":"2025-06-18T05:18:47+00:00","og_image":[{"width":1600,"height":1067,"url":"https:\/\/bobea.net\/wp-content\/uploads\/2025\/06\/VERITA1.jpg","type":"image\/jpeg"}],"author":"bobea.info","twitter_card":"summary_large_image","twitter_misc":{"\u00c9crit par":"bobea.info","Dur\u00e9e de lecture estim\u00e9e":"7 minutes"},"schema":{"@context":"https:\/\/schema.org","@graph":[{"@type":"Article","@id":"https:\/\/bobea.net\/index.php\/2025\/06\/18\/joan-baez-la-folk-lady-rebelle-et-son-heritage\/#article","isPartOf":{"@id":"https:\/\/bobea.net\/index.php\/2025\/06\/18\/joan-baez-la-folk-lady-rebelle-et-son-heritage\/"},"author":{"name":"bobea.info","@id":"https:\/\/bobea.net\/#\/schema\/person\/e7f45ef187918d7c956bf619dce90ccf"},"headline":"Joan Baez, la folk lady rebelle et son h\u00e9ritage","datePublished":"2025-06-18T05:18:46+00:00","dateModified":"2025-06-18T05:18:47+00:00","mainEntityOfPage":{"@id":"https:\/\/bobea.net\/index.php\/2025\/06\/18\/joan-baez-la-folk-lady-rebelle-et-son-heritage\/"},"wordCount":1350,"commentCount":0,"publisher":{"@id":"https:\/\/bobea.net\/#organization"},"image":{"@id":"https:\/\/bobea.net\/index.php\/2025\/06\/18\/joan-baez-la-folk-lady-rebelle-et-son-heritage\/#primaryimage"},"thumbnailUrl":"https:\/\/bobea.net\/wp-content\/uploads\/2025\/06\/VERITA1.jpg","articleSection":["On en Parle"],"inLanguage":"fr-FR","potentialAction":[{"@type":"CommentAction","name":"Comment","target":["https:\/\/bobea.net\/index.php\/2025\/06\/18\/joan-baez-la-folk-lady-rebelle-et-son-heritage\/#respond"]}]},{"@type":"WebPage","@id":"https:\/\/bobea.net\/index.php\/2025\/06\/18\/joan-baez-la-folk-lady-rebelle-et-son-heritage\/","url":"https:\/\/bobea.net\/index.php\/2025\/06\/18\/joan-baez-la-folk-lady-rebelle-et-son-heritage\/","name":"Joan Baez, la folk lady rebelle et son h\u00e9ritage - Bobea","isPartOf":{"@id":"https:\/\/bobea.net\/#website"},"primaryImageOfPage":{"@id":"https:\/\/bobea.net\/index.php\/2025\/06\/18\/joan-baez-la-folk-lady-rebelle-et-son-heritage\/#primaryimage"},"image":{"@id":"https:\/\/bobea.net\/index.php\/2025\/06\/18\/joan-baez-la-folk-lady-rebelle-et-son-heritage\/#primaryimage"},"thumbnailUrl":"https:\/\/bobea.net\/wp-content\/uploads\/2025\/06\/VERITA1.jpg","datePublished":"2025-06-18T05:18:46+00:00","dateModified":"2025-06-18T05:18:47+00:00","breadcrumb":{"@id":"https:\/\/bobea.net\/index.php\/2025\/06\/18\/joan-baez-la-folk-lady-rebelle-et-son-heritage\/#breadcrumb"},"inLanguage":"fr-FR","potentialAction":[{"@type":"ReadAction","target":["https:\/\/bobea.net\/index.php\/2025\/06\/18\/joan-baez-la-folk-lady-rebelle-et-son-heritage\/"]}]},{"@type":"ImageObject","inLanguage":"fr-FR","@id":"https:\/\/bobea.net\/index.php\/2025\/06\/18\/joan-baez-la-folk-lady-rebelle-et-son-heritage\/#primaryimage","url":"https:\/\/bobea.net\/wp-content\/uploads\/2025\/06\/VERITA1.jpg","contentUrl":"https:\/\/bobea.net\/wp-content\/uploads\/2025\/06\/VERITA1.jpg","width":1600,"height":1067},{"@type":"BreadcrumbList","@id":"https:\/\/bobea.net\/index.php\/2025\/06\/18\/joan-baez-la-folk-lady-rebelle-et-son-heritage\/#breadcrumb","itemListElement":[{"@type":"ListItem","position":1,"name":"Accueil","item":"https:\/\/bobea.net\/"},{"@type":"ListItem","position":2,"name":"Joan Baez, la folk lady rebelle et son h\u00e9ritage"}]},{"@type":"WebSite","@id":"https:\/\/bobea.net\/#website","url":"https:\/\/bobea.net\/","name":"Bobea","description":"Le magazine de la nouvelle \u00c8ve","publisher":{"@id":"https:\/\/bobea.net\/#organization"},"potentialAction":[{"@type":"SearchAction","target":{"@type":"EntryPoint","urlTemplate":"https:\/\/bobea.net\/?s={search_term_string}"},"query-input":{"@type":"PropertyValueSpecification","valueRequired":true,"valueName":"search_term_string"}}],"inLanguage":"fr-FR"},{"@type":"Organization","@id":"https:\/\/bobea.net\/#organization","name":"Bobea","url":"https:\/\/bobea.net\/","logo":{"@type":"ImageObject","inLanguage":"fr-FR","@id":"https:\/\/bobea.net\/#\/schema\/logo\/image\/","url":"https:\/\/bobea.net\/wp-content\/uploads\/2024\/06\/bobea.jpg","contentUrl":"https:\/\/bobea.net\/wp-content\/uploads\/2024\/06\/bobea.jpg","width":1080,"height":1080,"caption":"Bobea"},"image":{"@id":"https:\/\/bobea.net\/#\/schema\/logo\/image\/"},"sameAs":["https:\/\/web.facebook.com\/profile.php?id=61559252188416"]},{"@type":"Person","@id":"https:\/\/bobea.net\/#\/schema\/person\/e7f45ef187918d7c956bf619dce90ccf","name":"bobea.info","image":{"@type":"ImageObject","inLanguage":"fr-FR","@id":"https:\/\/bobea.net\/#\/schema\/person\/image\/","url":"https:\/\/secure.gravatar.com\/avatar\/36147980349df887ae30808df3e29474?s=96&d=mm&r=g","contentUrl":"https:\/\/secure.gravatar.com\/avatar\/36147980349df887ae30808df3e29474?s=96&d=mm&r=g","caption":"bobea.info"},"sameAs":["https:\/\/bobea.net"],"url":"https:\/\/bobea.net\/index.php\/author\/bobea-info\/"}]}},"_links":{"self":[{"href":"https:\/\/bobea.net\/index.php\/wp-json\/wp\/v2\/posts\/19331"}],"collection":[{"href":"https:\/\/bobea.net\/index.php\/wp-json\/wp\/v2\/posts"}],"about":[{"href":"https:\/\/bobea.net\/index.php\/wp-json\/wp\/v2\/types\/post"}],"author":[{"embeddable":true,"href":"https:\/\/bobea.net\/index.php\/wp-json\/wp\/v2\/users\/1"}],"replies":[{"embeddable":true,"href":"https:\/\/bobea.net\/index.php\/wp-json\/wp\/v2\/comments?post=19331"}],"version-history":[{"count":1,"href":"https:\/\/bobea.net\/index.php\/wp-json\/wp\/v2\/posts\/19331\/revisions"}],"predecessor-version":[{"id":19340,"href":"https:\/\/bobea.net\/index.php\/wp-json\/wp\/v2\/posts\/19331\/revisions\/19340"}],"wp:featuredmedia":[{"embeddable":true,"href":"https:\/\/bobea.net\/index.php\/wp-json\/wp\/v2\/media\/19338"}],"wp:attachment":[{"href":"https:\/\/bobea.net\/index.php\/wp-json\/wp\/v2\/media?parent=19331"}],"wp:term":[{"taxonomy":"category","embeddable":true,"href":"https:\/\/bobea.net\/index.php\/wp-json\/wp\/v2\/categories?post=19331"},{"taxonomy":"post_tag","embeddable":true,"href":"https:\/\/bobea.net\/index.php\/wp-json\/wp\/v2\/tags?post=19331"}],"curies":[{"name":"wp","href":"https:\/\/api.w.org\/{rel}","templated":true}]}}