{"id":19288,"date":"2025-06-18T04:47:18","date_gmt":"2025-06-18T04:47:18","guid":{"rendered":"https:\/\/bobea.net\/?p=19288"},"modified":"2025-06-18T04:47:19","modified_gmt":"2025-06-18T04:47:19","slug":"tendances-coiffure-2025-le-broom-bob-et-la-frange-cote","status":"publish","type":"post","link":"https:\/\/bobea.net\/index.php\/2025\/06\/18\/tendances-coiffure-2025-le-broom-bob-et-la-frange-cote\/","title":{"rendered":"Tendances coiffure 2025, le Broom Bob et la frange c\u00f4t\u00e9"},"content":{"rendered":"\n<p><strong>Les coif\u00adfures phares de 2025 : \u00e9l\u00e9\u00adgance et moder\u00adnit\u00e9<\/strong><\/p>\n\n\n\n<p>L\u2019ann\u00e9e 2025 voit le retour en force de coupes \u00e0 la fois auda\u00adcieuses et faciles \u00e0 vivre, qui s\u00e9duisent les femmes mod\u00adernes en qu\u00eate de style et de pratic\u00adit\u00e9. Deux ten\u00addances coif\u00adfure se d\u00e9mar\u00adquent par\u00adti\u00adc\u00aduli\u00e8re\u00adment : le Broom Bob et la frange c\u00f4t\u00e9, qui allient chic intem\u00adporel et touche con\u00adtem\u00adpo\u00adraine.<\/p>\n\n\n\n<p><strong>Le Broom Bob : un clas\u00adsique revis\u00adit\u00e9<\/strong><\/p>\n\n\n\n<p>Le Broom Bob, ou car\u00adr\u00e9 bross\u00e9, est une coupe courte l\u00e9g\u00e8re\u00adment effil\u00e9e, qui encadre le vis\u00adage avec douceur. Sa par\u00adtic\u00adu\u00adlar\u00adit\u00e9 r\u00e9side dans sa tex\u00adture a\u00e9ri\u00adenne et son vol\u00adume naturel, obtenus gr\u00e2ce \u00e0 un coiffage au s\u00e8che-cheveux avec une brosse ronde. Cette coupe con\u00advient \u00e0 toutes les formes de vis\u00adage et s\u2019adapte \u00e0 toutes les tex\u00adtures de cheveux.<\/p>\n\n\n\n<ul class=\"wp-block-list\">\n<li><strong>Pourquoi l\u2019adopter ?<\/strong>&nbsp;Le Broom Bob est id\u00e9al pour les femmes actives qui souhait\u00adent une coif\u00adfure \u00e9l\u00e9\u00adgante, facile \u00e0 entretenir et qui donne du mou\u00adve\u00adment.<\/li>\n\n\n\n<li><strong>Con\u00adseils d\u2019entretien<\/strong>&nbsp;: Un brush\u00ading r\u00e9guli\u00ader, quelques pro\u00adduits l\u00e9gers pour la tex\u00adture, et un ren\u00addez-vous chez le coif\u00adfeur toutes les 6 \u00e0 8 semaines pour garder la forme.<\/li>\n<\/ul>\n\n\n\n<p><strong>La frange c\u00f4t\u00e9 : un d\u00e9tail qui change tout<\/strong><\/p>\n\n\n\n<p>La frange c\u00f4t\u00e9, longue et effil\u00e9e, apporte une touche de mys\u00adt\u00e8re et de f\u00e9minit\u00e9. Elle per\u00admet de struc\u00adtur\u00ader le vis\u00adage tout en restant douce et naturelle. Cette frange se porte avec des cheveux longs ou mi-longs, et peut se d\u00e9clin\u00ader en ver\u00adsion plus ou moins dense selon le style recher\u00adch\u00e9.<\/p>\n\n\n\n<ul class=\"wp-block-list\">\n<li><strong>Pourquoi la choisir ?<\/strong>&nbsp;Elle est par\u00adfaite pour rafra\u00eechir un look sans boule\u00advers\u00ader sa coupe, et con\u00advient par\u00adti\u00adc\u00aduli\u00e8re\u00adment aux vis\u00adages ovales ou car\u00adr\u00e9s.<\/li>\n\n\n\n<li><strong>Con\u00adseils d\u2019entretien<\/strong>&nbsp;: Un pas\u00adsage r\u00e9guli\u00ader chez le coif\u00adfeur pour \u00e9viter qu\u2019elle ne devi\u00adenne trop longue, et un coiffage au fer \u00e0 liss\u00ader pour un effet impec\u00adca\u00adble.<\/li>\n<\/ul>\n\n\n\n<figure class=\"wp-block-image size-full\"><img loading=\"lazy\" decoding=\"async\" width=\"940\" height=\"705\" src=\"https:\/\/bobea.net\/wp-content\/uploads\/2025\/06\/image-13.webp\" alt class=\"wp-image-19291\" srcset=\"https:\/\/bobea.net\/wp-content\/uploads\/2025\/06\/image-13.webp 940w, https:\/\/bobea.net\/wp-content\/uploads\/2025\/06\/image-13-300x225.webp 300w, https:\/\/bobea.net\/wp-content\/uploads\/2025\/06\/image-13-768x576.webp 768w\" sizes=\"(max-width: 940px) 100vw, 940px\"><\/figure>\n\n\n\n<p><strong>Les couleurs ten\u00addances pour accom\u00adpa\u00adg\u00adn\u00ader ces coupes<\/strong><\/p>\n\n\n\n<p>Les nuances naturelles domi\u00adnent, avec des bal\u00adayages sub\u00adtils, des reflets caramel ou des m\u00e8ch\u00ades blondes dor\u00e9es qui appor\u00adtent de la lumi\u00e8re. Le retour des couleurs chaudes et douces s\u2019inscrit dans la ten\u00addance glob\u00adale vers une beaut\u00e9 naturelle et lumineuse.<\/p>\n\n\n\n<p><strong>L\u2019importance du soin pour une coif\u00adfure r\u00e9ussie<\/strong><\/p>\n\n\n\n<p>Pour sub\u00adlimer ces coupes, les soins capil\u00adlaires sont essen\u00adtiels. Les femmes priv\u00adil\u00e9gient les pro\u00adduits sans sul\u00adfates, enrichis en huiles v\u00e9g\u00e9\u00adtales et extraits naturels, pour nour\u00adrir le cheveu sans l\u2019alourdir. Les rou\u00adtines per\u00adson\u00adnal\u00adis\u00e9es, adap\u00adt\u00e9es \u00e0 chaque type de cheveux, gag\u00adnent en pop\u00adu\u00adlar\u00adit\u00e9.<\/p>\n\n\n\n<p><strong>Con\u00adclu\u00adsion : Coif\u00adfure 2025, entre audace et sim\u00adplic\u00adit\u00e9<\/strong><\/p>\n\n\n\n<p>Le Broom Bob et la frange c\u00f4t\u00e9 incar\u00adnent par\u00adfaite\u00adment l\u2019esprit de la coif\u00adfure f\u00e9mi\u00adnine en 2025 : des styles qui allient moder\u00adnit\u00e9, \u00e9l\u00e9\u00adgance et facil\u00adit\u00e9 d\u2019entretien. Pour les lec\u00adtri\u00adces de Bob\u00e9a, ces ten\u00addances offrent des options pour se r\u00e9in\u00adven\u00adter tout en restant fid\u00e8les \u00e0 leur per\u00adson\u00adnal\u00adit\u00e9.<\/p>\n","protected":false},"excerpt":{"rendered":"<p>Les coif\u00adfures phares de 2025 : \u00e9l\u00e9\u00adgance et moder\u00adnit\u00e9 L\u2019ann\u00e9e 2025 voit le retour en force de coupes \u00e0 la fois auda\u00adcieuses et faciles \u00e0 vivre, qui s\u00e9duisent les femmes\u2026 <\/p>\n","protected":false},"author":1,"featured_media":19292,"comment_status":"open","ping_status":"closed","sticky":false,"template":"","format":"standard","meta":{"wp_typography_post_enhancements_disabled":false,"footnotes":""},"categories":[51],"tags":[],"class_list":["post-19288","post","type-post","status-publish","format-standard","has-post-thumbnail","hentry","category-beaute"],"yoast_head":"<!-- This site is optimized with the Yoast SEO plugin v24.7 - https:\/\/yoast.com\/wordpress\/plugins\/seo\/ -->\n<title>Tendances coiffure 2025, le Broom Bob et la frange c\u00f4t\u00e9 - Bobea<\/title>\n<meta name=\"description\" content=\"Le Broom Bob et la frange c\u00f4t\u00e9 incarnent parfaitement l\u2019esprit de la coiffure f\u00e9minine en 2025 : des styles qui allient modernit\u00e9\" \/>\n<meta name=\"robots\" content=\"index, follow, max-snippet:-1, max-image-preview:large, max-video-preview:-1\" \/>\n<link rel=\"canonical\" href=\"https:\/\/bobea.net\/index.php\/2025\/06\/18\/tendances-coiffure-2025-le-broom-bob-et-la-frange-cote\/\" \/>\n<meta property=\"og:locale\" content=\"fr_FR\" \/>\n<meta property=\"og:type\" content=\"article\" \/>\n<meta property=\"og:title\" content=\"Tendances coiffure 2025, le Broom Bob et la frange c\u00f4t\u00e9 - Bobea\" \/>\n<meta property=\"og:description\" content=\"Le Broom Bob et la frange c\u00f4t\u00e9 incarnent parfaitement l\u2019esprit de la coiffure f\u00e9minine en 2025 : des styles qui allient modernit\u00e9\" \/>\n<meta property=\"og:url\" content=\"https:\/\/bobea.net\/index.php\/2025\/06\/18\/tendances-coiffure-2025-le-broom-bob-et-la-frange-cote\/\" \/>\n<meta property=\"og:site_name\" content=\"Bobea\" \/>\n<meta property=\"article:publisher\" content=\"https:\/\/web.facebook.com\/profile.php?id=61559252188416\" \/>\n<meta property=\"article:published_time\" content=\"2025-06-18T04:47:18+00:00\" \/>\n<meta property=\"article:modified_time\" content=\"2025-06-18T04:47:19+00:00\" \/>\n<meta property=\"og:image\" content=\"https:\/\/bobea.net\/wp-content\/uploads\/2025\/06\/AA1v4cXu.jpeg\" \/>\n\t<meta property=\"og:image:width\" content=\"768\" \/>\n\t<meta property=\"og:image:height\" content=\"512\" \/>\n\t<meta property=\"og:image:type\" content=\"image\/jpeg\" \/>\n<meta name=\"author\" content=\"bobea.info\" \/>\n<meta name=\"twitter:card\" content=\"summary_large_image\" \/>\n<meta name=\"twitter:label1\" content=\"\u00c9crit par\" \/>\n\t<meta name=\"twitter:data1\" content=\"bobea.info\" \/>\n\t<meta name=\"twitter:label2\" content=\"Dur\u00e9e de lecture estim\u00e9e\" \/>\n\t<meta name=\"twitter:data2\" content=\"3 minutes\" \/>\n<script type=\"application\/ld+json\" class=\"yoast-schema-graph\">{\"@context\":\"https:\/\/schema.org\",\"@graph\":[{\"@type\":\"Article\",\"@id\":\"https:\/\/bobea.net\/index.php\/2025\/06\/18\/tendances-coiffure-2025-le-broom-bob-et-la-frange-cote\/#article\",\"isPartOf\":{\"@id\":\"https:\/\/bobea.net\/index.php\/2025\/06\/18\/tendances-coiffure-2025-le-broom-bob-et-la-frange-cote\/\"},\"author\":{\"name\":\"bobea.info\",\"@id\":\"https:\/\/bobea.net\/#\/schema\/person\/e7f45ef187918d7c956bf619dce90ccf\"},\"headline\":\"Tendances coiffure 2025, le Broom Bob et la frange c\u00f4t\u00e9\",\"datePublished\":\"2025-06-18T04:47:18+00:00\",\"dateModified\":\"2025-06-18T04:47:19+00:00\",\"mainEntityOfPage\":{\"@id\":\"https:\/\/bobea.net\/index.php\/2025\/06\/18\/tendances-coiffure-2025-le-broom-bob-et-la-frange-cote\/\"},\"wordCount\":472,\"commentCount\":0,\"publisher\":{\"@id\":\"https:\/\/bobea.net\/#organization\"},\"image\":{\"@id\":\"https:\/\/bobea.net\/index.php\/2025\/06\/18\/tendances-coiffure-2025-le-broom-bob-et-la-frange-cote\/#primaryimage\"},\"thumbnailUrl\":\"https:\/\/bobea.net\/wp-content\/uploads\/2025\/06\/AA1v4cXu.jpeg\",\"articleSection\":[\"Beaut\u00e9\"],\"inLanguage\":\"fr-FR\",\"potentialAction\":[{\"@type\":\"CommentAction\",\"name\":\"Comment\",\"target\":[\"https:\/\/bobea.net\/index.php\/2025\/06\/18\/tendances-coiffure-2025-le-broom-bob-et-la-frange-cote\/#respond\"]}]},{\"@type\":\"WebPage\",\"@id\":\"https:\/\/bobea.net\/index.php\/2025\/06\/18\/tendances-coiffure-2025-le-broom-bob-et-la-frange-cote\/\",\"url\":\"https:\/\/bobea.net\/index.php\/2025\/06\/18\/tendances-coiffure-2025-le-broom-bob-et-la-frange-cote\/\",\"name\":\"Tendances coiffure 2025, le Broom Bob et la frange c\u00f4t\u00e9 - Bobea\",\"isPartOf\":{\"@id\":\"https:\/\/bobea.net\/#website\"},\"primaryImageOfPage\":{\"@id\":\"https:\/\/bobea.net\/index.php\/2025\/06\/18\/tendances-coiffure-2025-le-broom-bob-et-la-frange-cote\/#primaryimage\"},\"image\":{\"@id\":\"https:\/\/bobea.net\/index.php\/2025\/06\/18\/tendances-coiffure-2025-le-broom-bob-et-la-frange-cote\/#primaryimage\"},\"thumbnailUrl\":\"https:\/\/bobea.net\/wp-content\/uploads\/2025\/06\/AA1v4cXu.jpeg\",\"datePublished\":\"2025-06-18T04:47:18+00:00\",\"dateModified\":\"2025-06-18T04:47:19+00:00\",\"description\":\"Le Broom Bob et la frange c\u00f4t\u00e9 incarnent parfaitement l\u2019esprit de la coiffure f\u00e9minine en 2025 : des styles qui allient modernit\u00e9\",\"breadcrumb\":{\"@id\":\"https:\/\/bobea.net\/index.php\/2025\/06\/18\/tendances-coiffure-2025-le-broom-bob-et-la-frange-cote\/#breadcrumb\"},\"inLanguage\":\"fr-FR\",\"potentialAction\":[{\"@type\":\"ReadAction\",\"target\":[\"https:\/\/bobea.net\/index.php\/2025\/06\/18\/tendances-coiffure-2025-le-broom-bob-et-la-frange-cote\/\"]}]},{\"@type\":\"ImageObject\",\"inLanguage\":\"fr-FR\",\"@id\":\"https:\/\/bobea.net\/index.php\/2025\/06\/18\/tendances-coiffure-2025-le-broom-bob-et-la-frange-cote\/#primaryimage\",\"url\":\"https:\/\/bobea.net\/wp-content\/uploads\/2025\/06\/AA1v4cXu.jpeg\",\"contentUrl\":\"https:\/\/bobea.net\/wp-content\/uploads\/2025\/06\/AA1v4cXu.jpeg\",\"width\":768,\"height\":512},{\"@type\":\"BreadcrumbList\",\"@id\":\"https:\/\/bobea.net\/index.php\/2025\/06\/18\/tendances-coiffure-2025-le-broom-bob-et-la-frange-cote\/#breadcrumb\",\"itemListElement\":[{\"@type\":\"ListItem\",\"position\":1,\"name\":\"Accueil\",\"item\":\"https:\/\/bobea.net\/\"},{\"@type\":\"ListItem\",\"position\":2,\"name\":\"Tendances coiffure 2025, le Broom Bob et la frange c\u00f4t\u00e9\"}]},{\"@type\":\"WebSite\",\"@id\":\"https:\/\/bobea.net\/#website\",\"url\":\"https:\/\/bobea.net\/\",\"name\":\"Bobea\",\"description\":\"Le magazine de la nouvelle \u00c8ve\",\"publisher\":{\"@id\":\"https:\/\/bobea.net\/#organization\"},\"potentialAction\":[{\"@type\":\"SearchAction\",\"target\":{\"@type\":\"EntryPoint\",\"urlTemplate\":\"https:\/\/bobea.net\/?s={search_term_string}\"},\"query-input\":{\"@type\":\"PropertyValueSpecification\",\"valueRequired\":true,\"valueName\":\"search_term_string\"}}],\"inLanguage\":\"fr-FR\"},{\"@type\":\"Organization\",\"@id\":\"https:\/\/bobea.net\/#organization\",\"name\":\"Bobea\",\"url\":\"https:\/\/bobea.net\/\",\"logo\":{\"@type\":\"ImageObject\",\"inLanguage\":\"fr-FR\",\"@id\":\"https:\/\/bobea.net\/#\/schema\/logo\/image\/\",\"url\":\"https:\/\/bobea.net\/wp-content\/uploads\/2024\/06\/bobea.jpg\",\"contentUrl\":\"https:\/\/bobea.net\/wp-content\/uploads\/2024\/06\/bobea.jpg\",\"width\":1080,\"height\":1080,\"caption\":\"Bobea\"},\"image\":{\"@id\":\"https:\/\/bobea.net\/#\/schema\/logo\/image\/\"},\"sameAs\":[\"https:\/\/web.facebook.com\/profile.php?id=61559252188416\"]},{\"@type\":\"Person\",\"@id\":\"https:\/\/bobea.net\/#\/schema\/person\/e7f45ef187918d7c956bf619dce90ccf\",\"name\":\"bobea.info\",\"image\":{\"@type\":\"ImageObject\",\"inLanguage\":\"fr-FR\",\"@id\":\"https:\/\/bobea.net\/#\/schema\/person\/image\/\",\"url\":\"https:\/\/secure.gravatar.com\/avatar\/36147980349df887ae30808df3e29474?s=96&d=mm&r=g\",\"contentUrl\":\"https:\/\/secure.gravatar.com\/avatar\/36147980349df887ae30808df3e29474?s=96&d=mm&r=g\",\"caption\":\"bobea.info\"},\"sameAs\":[\"https:\/\/bobea.net\"],\"url\":\"https:\/\/bobea.net\/index.php\/author\/bobea-info\/\"}]}<\/script>\n<!-- \/ Yoast SEO plugin. -->","yoast_head_json":{"title":"Tendances coiffure 2025, le Broom Bob et la frange c\u00f4t\u00e9 - Bobea","description":"Le Broom Bob et la frange c\u00f4t\u00e9 incarnent parfaitement l\u2019esprit de la coiffure f\u00e9minine en 2025 : des styles qui allient modernit\u00e9","robots":{"index":"index","follow":"follow","max-snippet":"max-snippet:-1","max-image-preview":"max-image-preview:large","max-video-preview":"max-video-preview:-1"},"canonical":"https:\/\/bobea.net\/index.php\/2025\/06\/18\/tendances-coiffure-2025-le-broom-bob-et-la-frange-cote\/","og_locale":"fr_FR","og_type":"article","og_title":"Tendances coiffure 2025, le Broom Bob et la frange c\u00f4t\u00e9 - Bobea","og_description":"Le Broom Bob et la frange c\u00f4t\u00e9 incarnent parfaitement l\u2019esprit de la coiffure f\u00e9minine en 2025 : des styles qui allient modernit\u00e9","og_url":"https:\/\/bobea.net\/index.php\/2025\/06\/18\/tendances-coiffure-2025-le-broom-bob-et-la-frange-cote\/","og_site_name":"Bobea","article_publisher":"https:\/\/web.facebook.com\/profile.php?id=61559252188416","article_published_time":"2025-06-18T04:47:18+00:00","article_modified_time":"2025-06-18T04:47:19+00:00","og_image":[{"width":768,"height":512,"url":"https:\/\/bobea.net\/wp-content\/uploads\/2025\/06\/AA1v4cXu.jpeg","type":"image\/jpeg"}],"author":"bobea.info","twitter_card":"summary_large_image","twitter_misc":{"\u00c9crit par":"bobea.info","Dur\u00e9e de lecture estim\u00e9e":"3 minutes"},"schema":{"@context":"https:\/\/schema.org","@graph":[{"@type":"Article","@id":"https:\/\/bobea.net\/index.php\/2025\/06\/18\/tendances-coiffure-2025-le-broom-bob-et-la-frange-cote\/#article","isPartOf":{"@id":"https:\/\/bobea.net\/index.php\/2025\/06\/18\/tendances-coiffure-2025-le-broom-bob-et-la-frange-cote\/"},"author":{"name":"bobea.info","@id":"https:\/\/bobea.net\/#\/schema\/person\/e7f45ef187918d7c956bf619dce90ccf"},"headline":"Tendances coiffure 2025, le Broom Bob et la frange c\u00f4t\u00e9","datePublished":"2025-06-18T04:47:18+00:00","dateModified":"2025-06-18T04:47:19+00:00","mainEntityOfPage":{"@id":"https:\/\/bobea.net\/index.php\/2025\/06\/18\/tendances-coiffure-2025-le-broom-bob-et-la-frange-cote\/"},"wordCount":472,"commentCount":0,"publisher":{"@id":"https:\/\/bobea.net\/#organization"},"image":{"@id":"https:\/\/bobea.net\/index.php\/2025\/06\/18\/tendances-coiffure-2025-le-broom-bob-et-la-frange-cote\/#primaryimage"},"thumbnailUrl":"https:\/\/bobea.net\/wp-content\/uploads\/2025\/06\/AA1v4cXu.jpeg","articleSection":["Beaut\u00e9"],"inLanguage":"fr-FR","potentialAction":[{"@type":"CommentAction","name":"Comment","target":["https:\/\/bobea.net\/index.php\/2025\/06\/18\/tendances-coiffure-2025-le-broom-bob-et-la-frange-cote\/#respond"]}]},{"@type":"WebPage","@id":"https:\/\/bobea.net\/index.php\/2025\/06\/18\/tendances-coiffure-2025-le-broom-bob-et-la-frange-cote\/","url":"https:\/\/bobea.net\/index.php\/2025\/06\/18\/tendances-coiffure-2025-le-broom-bob-et-la-frange-cote\/","name":"Tendances coiffure 2025, le Broom Bob et la frange c\u00f4t\u00e9 - Bobea","isPartOf":{"@id":"https:\/\/bobea.net\/#website"},"primaryImageOfPage":{"@id":"https:\/\/bobea.net\/index.php\/2025\/06\/18\/tendances-coiffure-2025-le-broom-bob-et-la-frange-cote\/#primaryimage"},"image":{"@id":"https:\/\/bobea.net\/index.php\/2025\/06\/18\/tendances-coiffure-2025-le-broom-bob-et-la-frange-cote\/#primaryimage"},"thumbnailUrl":"https:\/\/bobea.net\/wp-content\/uploads\/2025\/06\/AA1v4cXu.jpeg","datePublished":"2025-06-18T04:47:18+00:00","dateModified":"2025-06-18T04:47:19+00:00","description":"Le Broom Bob et la frange c\u00f4t\u00e9 incarnent parfaitement l\u2019esprit de la coiffure f\u00e9minine en 2025 : des styles qui allient modernit\u00e9","breadcrumb":{"@id":"https:\/\/bobea.net\/index.php\/2025\/06\/18\/tendances-coiffure-2025-le-broom-bob-et-la-frange-cote\/#breadcrumb"},"inLanguage":"fr-FR","potentialAction":[{"@type":"ReadAction","target":["https:\/\/bobea.net\/index.php\/2025\/06\/18\/tendances-coiffure-2025-le-broom-bob-et-la-frange-cote\/"]}]},{"@type":"ImageObject","inLanguage":"fr-FR","@id":"https:\/\/bobea.net\/index.php\/2025\/06\/18\/tendances-coiffure-2025-le-broom-bob-et-la-frange-cote\/#primaryimage","url":"https:\/\/bobea.net\/wp-content\/uploads\/2025\/06\/AA1v4cXu.jpeg","contentUrl":"https:\/\/bobea.net\/wp-content\/uploads\/2025\/06\/AA1v4cXu.jpeg","width":768,"height":512},{"@type":"BreadcrumbList","@id":"https:\/\/bobea.net\/index.php\/2025\/06\/18\/tendances-coiffure-2025-le-broom-bob-et-la-frange-cote\/#breadcrumb","itemListElement":[{"@type":"ListItem","position":1,"name":"Accueil","item":"https:\/\/bobea.net\/"},{"@type":"ListItem","position":2,"name":"Tendances coiffure 2025, le Broom Bob et la frange c\u00f4t\u00e9"}]},{"@type":"WebSite","@id":"https:\/\/bobea.net\/#website","url":"https:\/\/bobea.net\/","name":"Bobea","description":"Le magazine de la nouvelle \u00c8ve","publisher":{"@id":"https:\/\/bobea.net\/#organization"},"potentialAction":[{"@type":"SearchAction","target":{"@type":"EntryPoint","urlTemplate":"https:\/\/bobea.net\/?s={search_term_string}"},"query-input":{"@type":"PropertyValueSpecification","valueRequired":true,"valueName":"search_term_string"}}],"inLanguage":"fr-FR"},{"@type":"Organization","@id":"https:\/\/bobea.net\/#organization","name":"Bobea","url":"https:\/\/bobea.net\/","logo":{"@type":"ImageObject","inLanguage":"fr-FR","@id":"https:\/\/bobea.net\/#\/schema\/logo\/image\/","url":"https:\/\/bobea.net\/wp-content\/uploads\/2024\/06\/bobea.jpg","contentUrl":"https:\/\/bobea.net\/wp-content\/uploads\/2024\/06\/bobea.jpg","width":1080,"height":1080,"caption":"Bobea"},"image":{"@id":"https:\/\/bobea.net\/#\/schema\/logo\/image\/"},"sameAs":["https:\/\/web.facebook.com\/profile.php?id=61559252188416"]},{"@type":"Person","@id":"https:\/\/bobea.net\/#\/schema\/person\/e7f45ef187918d7c956bf619dce90ccf","name":"bobea.info","image":{"@type":"ImageObject","inLanguage":"fr-FR","@id":"https:\/\/bobea.net\/#\/schema\/person\/image\/","url":"https:\/\/secure.gravatar.com\/avatar\/36147980349df887ae30808df3e29474?s=96&d=mm&r=g","contentUrl":"https:\/\/secure.gravatar.com\/avatar\/36147980349df887ae30808df3e29474?s=96&d=mm&r=g","caption":"bobea.info"},"sameAs":["https:\/\/bobea.net"],"url":"https:\/\/bobea.net\/index.php\/author\/bobea-info\/"}]}},"_links":{"self":[{"href":"https:\/\/bobea.net\/index.php\/wp-json\/wp\/v2\/posts\/19288"}],"collection":[{"href":"https:\/\/bobea.net\/index.php\/wp-json\/wp\/v2\/posts"}],"about":[{"href":"https:\/\/bobea.net\/index.php\/wp-json\/wp\/v2\/types\/post"}],"author":[{"embeddable":true,"href":"https:\/\/bobea.net\/index.php\/wp-json\/wp\/v2\/users\/1"}],"replies":[{"embeddable":true,"href":"https:\/\/bobea.net\/index.php\/wp-json\/wp\/v2\/comments?post=19288"}],"version-history":[{"count":1,"href":"https:\/\/bobea.net\/index.php\/wp-json\/wp\/v2\/posts\/19288\/revisions"}],"predecessor-version":[{"id":19293,"href":"https:\/\/bobea.net\/index.php\/wp-json\/wp\/v2\/posts\/19288\/revisions\/19293"}],"wp:featuredmedia":[{"embeddable":true,"href":"https:\/\/bobea.net\/index.php\/wp-json\/wp\/v2\/media\/19292"}],"wp:attachment":[{"href":"https:\/\/bobea.net\/index.php\/wp-json\/wp\/v2\/media?parent=19288"}],"wp:term":[{"taxonomy":"category","embeddable":true,"href":"https:\/\/bobea.net\/index.php\/wp-json\/wp\/v2\/categories?post=19288"},{"taxonomy":"post_tag","embeddable":true,"href":"https:\/\/bobea.net\/index.php\/wp-json\/wp\/v2\/tags?post=19288"}],"curies":[{"name":"wp","href":"https:\/\/api.w.org\/{rel}","templated":true}]}}