{"id":19257,"date":"2025-06-18T04:29:34","date_gmt":"2025-06-18T04:29:34","guid":{"rendered":"https:\/\/bobea.net\/?p=19257"},"modified":"2025-06-18T04:30:06","modified_gmt":"2025-06-18T04:30:06","slug":"crise-au-moyen-orient-israel-et-iran-escalade-des-tensions","status":"publish","type":"post","link":"https:\/\/bobea.net\/index.php\/2025\/06\/18\/crise-au-moyen-orient-israel-et-iran-escalade-des-tensions\/","title":{"rendered":"Crise au Moyen-Orient, Isra\u00ebl et Iran, escalade des tensions"},"content":{"rendered":"\n<p><strong>Un foy\u00ader de ten\u00adsions au c\u0153ur du Moyen-Ori\u00adent en pleine explo\u00adsion<\/strong><\/p>\n\n\n\n<p>Depuis plusieurs jours, le Moyen-Ori\u00adent est le th\u00e9\u00e2tre d\u2019une escalade dra\u00adma\u00adtique entre Isra\u00ebl et l\u2019Iran, ravi\u00advant des con\u00adflits g\u00e9opoli\u00adtiques anciens et met\u00adtant en dan\u00adger la sta\u00adbil\u00adit\u00e9 r\u00e9gionale. Cette crise, qui s\u2019inscrit dans un con\u00adtexte d\u00e9j\u00e0 frag\u00adile mar\u00adqu\u00e9 par des rival\u00adit\u00e9s his\u00adtoriques, des enjeux religieux et des int\u00e9r\u00eats strat\u00e9giques, inqui\u00e8te la com\u00admu\u00adnaut\u00e9 inter\u00adna\u00adtionale. Pour les femmes, sou\u00advent pre\u00admi\u00e8res vic\u00adtimes des con\u00adflits, cette sit\u00adu\u00ada\u00adtion appelle \u00e0 une sol\u00adi\u00addar\u00adit\u00e9 ren\u00adfor\u00adc\u00e9e et \u00e0 une vig\u00adi\u00adlance accrue.<\/p>\n\n\n\n<p><strong>Les orig\u00adines de la crise actuelle<\/strong><\/p>\n\n\n\n<p>L\u2019escalade a d\u00e9but\u00e9 apr\u00e8s une s\u00e9rie d\u2019attaques cibl\u00e9es attribu\u00e9es \u00e0 des groupes pro-iraniens sur des posi\u00adtions isra\u00e9li\u00adennes, suiv\u00adies par des ripostes a\u00e9ri\u00adennes isra\u00e9li\u00adennes sur des sites en Iran et en Syrie. Ce cycle de vio\u00adlences s\u2019est inten\u00adsi\u00adfi\u00e9, faisant crain\u00addre une guerre ouverte. Der\u00adri\u00e8re ces affron\u00adte\u00adments, se jouent des enjeux majeurs li\u00e9s au con\u00adtr\u00f4le des ressources, \u00e0 l\u2019influence r\u00e9gionale et \u00e0 la s\u00e9cu\u00adrit\u00e9 nationale.<\/p>\n\n\n\n<p><strong>Les con\u00ads\u00e9quences human\u00adi\u00adtaires dra\u00adma\u00adtiques<\/strong><\/p>\n\n\n\n<p>Les bom\u00adbarde\u00adments ont caus\u00e9 la mort de dizaines de civils, dont de nom\u00adbreuses femmes et enfants, et provo\u00adqu\u00e9 le d\u00e9place\u00adment de mil\u00adliers de familles. Les infra\u00adstruc\u00adtures m\u00e9di\u00adcales et les r\u00e9seaux d\u2019approvisionnement en eau et en \u00e9lec\u00adtric\u00adit\u00e9 sont s\u00e9v\u00e8re\u00adment touch\u00e9s, aggra\u00advant une crise human\u00adi\u00adtaire d\u00e9j\u00e0 pr\u00e9oc\u00adcu\u00adpante.<\/p>\n\n\n\n<p><strong>R\u00e9ac\u00adtions inter\u00adna\u00adtionales et appels \u00e0 la d\u00e9s\u00adescalade<\/strong><\/p>\n\n\n\n<p>Face \u00e0 cette sit\u00adu\u00ada\u00adtion, les grandes puis\u00adsances du G7 ont appel\u00e9 \u00e0 un cessez-le-feu imm\u00e9\u00addi\u00adat, soulig\u00adnant la n\u00e9ces\u00adsit\u00e9 d\u2019un dia\u00adlogue poli\u00adtique. Cepen\u00addant, les posi\u00adtions restent tr\u00e8s diver\u00adgentes, notam\u00adment entre les \u00c9tats-Unis et cer\u00adtains pays europ\u00e9ens, ce qui com\u00adplique la mise en place d\u2019une m\u00e9di\u00ada\u00adtion effi\u00adcace.<\/p>\n\n\n\n<figure class=\"wp-block-image size-full\"><img loading=\"lazy\" decoding=\"async\" width=\"980\" height=\"551\" src=\"https:\/\/bobea.net\/wp-content\/uploads\/2025\/06\/AP25166592849788.jpg\" alt class=\"wp-image-19261\" srcset=\"https:\/\/bobea.net\/wp-content\/uploads\/2025\/06\/AP25166592849788.jpg 980w, https:\/\/bobea.net\/wp-content\/uploads\/2025\/06\/AP25166592849788-300x169.jpg 300w, https:\/\/bobea.net\/wp-content\/uploads\/2025\/06\/AP25166592849788-768x432.jpg 768w\" sizes=\"(max-width: 980px) 100vw, 980px\"><\/figure>\n\n\n\n<p><strong>Le r\u00f4le des femmes dans la paix et la recon\u00adstruc\u00adtion<\/strong><\/p>\n\n\n\n<p>Dans ce con\u00adtexte, les femmes jouent un r\u00f4le cl\u00e9, tant sur le ter\u00adrain que dans les n\u00e9go\u00adci\u00ada\u00adtions. De nom\u00adbreuses ONG f\u00e9minines \u0153uvrent pour pro\u00adt\u00e9ger les pop\u00adu\u00adla\u00adtions vul\u00adn\u00e9rables, pro\u00admou\u00advoir la paix et soutenir la recon\u00adstruc\u00adtion. Leur engage\u00adment est essen\u00adtiel pour b\u00e2tir une paix durable, fond\u00e9e sur la jus\u00adtice et l\u2019inclusion.<\/p>\n\n\n\n<p><strong>Per\u00adspec\u00adtives d\u2019avenir : vers une solu\u00adtion durable ?<\/strong><\/p>\n\n\n\n<p>Mal\u00adgr\u00e9 les efforts diplo\u00adma\u00adtiques, la sit\u00adu\u00ada\u00adtion reste volatile. Les experts esti\u00adment que seule une approche glob\u00adale, int\u00e9\u00adgrant les dimen\u00adsions poli\u00adtiques, \u00e9conomiques et sociales, pour\u00adra per\u00adme\u00adt\u00adtre de sor\u00adtir de cette spi\u00adrale de vio\u00adlence. La com\u00admu\u00adnaut\u00e9 inter\u00adna\u00adtionale est appel\u00e9e \u00e0 soutenir les ini\u00adtia\u00adtives locales et \u00e0 ren\u00adforcer la coop\u00e9ra\u00adtion r\u00e9gionale.<\/p>\n\n\n\n<p><strong>Con\u00adclu\u00adsion : un appel \u00e0 la sol\u00adi\u00addar\u00adit\u00e9 f\u00e9mi\u00adnine mon\u00addi\u00adale<\/strong><\/p>\n\n\n\n<p>Pour les lec\u00adtri\u00adces de Bob\u00e9a, cette crise rap\u00adpelle l\u2019importance de la sol\u00adi\u00addar\u00adit\u00e9 inter\u00adna\u00adtionale et de l\u2019engagement des femmes dans la con\u00adstruc\u00adtion de la paix. Face \u00e0 la vio\u00adlence, il est cru\u00adcial de soutenir les voix f\u00e9minines por\u00adteuses d\u2019espoir et de change\u00adment.<\/p>\n","protected":false},"excerpt":{"rendered":"<p>Un foy\u00ader de ten\u00adsions au c\u0153ur du Moyen-Ori\u00adent en pleine explo\u00adsion Depuis plusieurs jours, le Moyen-Ori\u00adent est le th\u00e9\u00e2tre d\u2019une escalade dra\u00adma\u00adtique entre Isra\u00ebl et l\u2019Iran, ravi\u00advant des con\u00adflits g\u00e9opoli\u00adtiques\u2026 <\/p>\n","protected":false},"author":1,"featured_media":19258,"comment_status":"open","ping_status":"closed","sticky":false,"template":"","format":"standard","meta":{"wp_typography_post_enhancements_disabled":false,"footnotes":""},"categories":[73],"tags":[],"class_list":["post-19257","post","type-post","status-publish","format-standard","has-post-thumbnail","hentry","category-on-en-parle"],"yoast_head":"<!-- This site is optimized with the Yoast SEO plugin v24.7 - https:\/\/yoast.com\/wordpress\/plugins\/seo\/ -->\n<title>Crise au Moyen-Orient, Isra\u00ebl et Iran, escalade des tensions - Bobea<\/title>\n<meta name=\"description\" content=\"Pour les lectrices de Bob\u00e9a, cette crise rappelle l\u2019importance de la solidarit\u00e9 internationale et de l\u2019engagement des femmes\" \/>\n<meta name=\"robots\" content=\"index, follow, max-snippet:-1, max-image-preview:large, max-video-preview:-1\" \/>\n<link rel=\"canonical\" href=\"https:\/\/bobea.net\/index.php\/2025\/06\/18\/crise-au-moyen-orient-israel-et-iran-escalade-des-tensions\/\" \/>\n<meta property=\"og:locale\" content=\"fr_FR\" \/>\n<meta property=\"og:type\" content=\"article\" \/>\n<meta property=\"og:title\" content=\"Crise au Moyen-Orient, Isra\u00ebl et Iran, escalade des tensions - Bobea\" \/>\n<meta property=\"og:description\" content=\"Pour les lectrices de Bob\u00e9a, cette crise rappelle l\u2019importance de la solidarit\u00e9 internationale et de l\u2019engagement des femmes\" \/>\n<meta property=\"og:url\" content=\"https:\/\/bobea.net\/index.php\/2025\/06\/18\/crise-au-moyen-orient-israel-et-iran-escalade-des-tensions\/\" \/>\n<meta property=\"og:site_name\" content=\"Bobea\" \/>\n<meta property=\"article:publisher\" content=\"https:\/\/web.facebook.com\/profile.php?id=61559252188416\" \/>\n<meta property=\"article:published_time\" content=\"2025-06-18T04:29:34+00:00\" \/>\n<meta property=\"article:modified_time\" content=\"2025-06-18T04:30:06+00:00\" \/>\n<meta property=\"og:image\" content=\"https:\/\/bobea.net\/wp-content\/uploads\/2025\/06\/41_2025-638857593586062513-606.jpg\" \/>\n\t<meta property=\"og:image:width\" content=\"800\" \/>\n\t<meta property=\"og:image:height\" content=\"533\" \/>\n\t<meta property=\"og:image:type\" content=\"image\/jpeg\" \/>\n<meta name=\"author\" content=\"bobea.info\" \/>\n<meta name=\"twitter:card\" content=\"summary_large_image\" \/>\n<meta name=\"twitter:label1\" content=\"\u00c9crit par\" \/>\n\t<meta name=\"twitter:data1\" content=\"bobea.info\" \/>\n\t<meta name=\"twitter:label2\" content=\"Dur\u00e9e de lecture estim\u00e9e\" \/>\n\t<meta name=\"twitter:data2\" content=\"3 minutes\" \/>\n<script type=\"application\/ld+json\" class=\"yoast-schema-graph\">{\"@context\":\"https:\/\/schema.org\",\"@graph\":[{\"@type\":\"Article\",\"@id\":\"https:\/\/bobea.net\/index.php\/2025\/06\/18\/crise-au-moyen-orient-israel-et-iran-escalade-des-tensions\/#article\",\"isPartOf\":{\"@id\":\"https:\/\/bobea.net\/index.php\/2025\/06\/18\/crise-au-moyen-orient-israel-et-iran-escalade-des-tensions\/\"},\"author\":{\"name\":\"bobea.info\",\"@id\":\"https:\/\/bobea.net\/#\/schema\/person\/e7f45ef187918d7c956bf619dce90ccf\"},\"headline\":\"Crise au Moyen-Orient, Isra\u00ebl et Iran, escalade des tensions\",\"datePublished\":\"2025-06-18T04:29:34+00:00\",\"dateModified\":\"2025-06-18T04:30:06+00:00\",\"mainEntityOfPage\":{\"@id\":\"https:\/\/bobea.net\/index.php\/2025\/06\/18\/crise-au-moyen-orient-israel-et-iran-escalade-des-tensions\/\"},\"wordCount\":485,\"commentCount\":0,\"publisher\":{\"@id\":\"https:\/\/bobea.net\/#organization\"},\"image\":{\"@id\":\"https:\/\/bobea.net\/index.php\/2025\/06\/18\/crise-au-moyen-orient-israel-et-iran-escalade-des-tensions\/#primaryimage\"},\"thumbnailUrl\":\"https:\/\/bobea.net\/wp-content\/uploads\/2025\/06\/41_2025-638857593586062513-606.jpg\",\"articleSection\":[\"On en Parle\"],\"inLanguage\":\"fr-FR\",\"potentialAction\":[{\"@type\":\"CommentAction\",\"name\":\"Comment\",\"target\":[\"https:\/\/bobea.net\/index.php\/2025\/06\/18\/crise-au-moyen-orient-israel-et-iran-escalade-des-tensions\/#respond\"]}]},{\"@type\":\"WebPage\",\"@id\":\"https:\/\/bobea.net\/index.php\/2025\/06\/18\/crise-au-moyen-orient-israel-et-iran-escalade-des-tensions\/\",\"url\":\"https:\/\/bobea.net\/index.php\/2025\/06\/18\/crise-au-moyen-orient-israel-et-iran-escalade-des-tensions\/\",\"name\":\"Crise au Moyen-Orient, Isra\u00ebl et Iran, escalade des tensions - Bobea\",\"isPartOf\":{\"@id\":\"https:\/\/bobea.net\/#website\"},\"primaryImageOfPage\":{\"@id\":\"https:\/\/bobea.net\/index.php\/2025\/06\/18\/crise-au-moyen-orient-israel-et-iran-escalade-des-tensions\/#primaryimage\"},\"image\":{\"@id\":\"https:\/\/bobea.net\/index.php\/2025\/06\/18\/crise-au-moyen-orient-israel-et-iran-escalade-des-tensions\/#primaryimage\"},\"thumbnailUrl\":\"https:\/\/bobea.net\/wp-content\/uploads\/2025\/06\/41_2025-638857593586062513-606.jpg\",\"datePublished\":\"2025-06-18T04:29:34+00:00\",\"dateModified\":\"2025-06-18T04:30:06+00:00\",\"description\":\"Pour les lectrices de Bob\u00e9a, cette crise rappelle l\u2019importance de la solidarit\u00e9 internationale et de l\u2019engagement des femmes\",\"breadcrumb\":{\"@id\":\"https:\/\/bobea.net\/index.php\/2025\/06\/18\/crise-au-moyen-orient-israel-et-iran-escalade-des-tensions\/#breadcrumb\"},\"inLanguage\":\"fr-FR\",\"potentialAction\":[{\"@type\":\"ReadAction\",\"target\":[\"https:\/\/bobea.net\/index.php\/2025\/06\/18\/crise-au-moyen-orient-israel-et-iran-escalade-des-tensions\/\"]}]},{\"@type\":\"ImageObject\",\"inLanguage\":\"fr-FR\",\"@id\":\"https:\/\/bobea.net\/index.php\/2025\/06\/18\/crise-au-moyen-orient-israel-et-iran-escalade-des-tensions\/#primaryimage\",\"url\":\"https:\/\/bobea.net\/wp-content\/uploads\/2025\/06\/41_2025-638857593586062513-606.jpg\",\"contentUrl\":\"https:\/\/bobea.net\/wp-content\/uploads\/2025\/06\/41_2025-638857593586062513-606.jpg\",\"width\":800,\"height\":533},{\"@type\":\"BreadcrumbList\",\"@id\":\"https:\/\/bobea.net\/index.php\/2025\/06\/18\/crise-au-moyen-orient-israel-et-iran-escalade-des-tensions\/#breadcrumb\",\"itemListElement\":[{\"@type\":\"ListItem\",\"position\":1,\"name\":\"Accueil\",\"item\":\"https:\/\/bobea.net\/\"},{\"@type\":\"ListItem\",\"position\":2,\"name\":\"Crise au Moyen-Orient, Isra\u00ebl et Iran, escalade des tensions\"}]},{\"@type\":\"WebSite\",\"@id\":\"https:\/\/bobea.net\/#website\",\"url\":\"https:\/\/bobea.net\/\",\"name\":\"Bobea\",\"description\":\"Le magazine de la nouvelle \u00c8ve\",\"publisher\":{\"@id\":\"https:\/\/bobea.net\/#organization\"},\"potentialAction\":[{\"@type\":\"SearchAction\",\"target\":{\"@type\":\"EntryPoint\",\"urlTemplate\":\"https:\/\/bobea.net\/?s={search_term_string}\"},\"query-input\":{\"@type\":\"PropertyValueSpecification\",\"valueRequired\":true,\"valueName\":\"search_term_string\"}}],\"inLanguage\":\"fr-FR\"},{\"@type\":\"Organization\",\"@id\":\"https:\/\/bobea.net\/#organization\",\"name\":\"Bobea\",\"url\":\"https:\/\/bobea.net\/\",\"logo\":{\"@type\":\"ImageObject\",\"inLanguage\":\"fr-FR\",\"@id\":\"https:\/\/bobea.net\/#\/schema\/logo\/image\/\",\"url\":\"https:\/\/bobea.net\/wp-content\/uploads\/2024\/06\/bobea.jpg\",\"contentUrl\":\"https:\/\/bobea.net\/wp-content\/uploads\/2024\/06\/bobea.jpg\",\"width\":1080,\"height\":1080,\"caption\":\"Bobea\"},\"image\":{\"@id\":\"https:\/\/bobea.net\/#\/schema\/logo\/image\/\"},\"sameAs\":[\"https:\/\/web.facebook.com\/profile.php?id=61559252188416\"]},{\"@type\":\"Person\",\"@id\":\"https:\/\/bobea.net\/#\/schema\/person\/e7f45ef187918d7c956bf619dce90ccf\",\"name\":\"bobea.info\",\"image\":{\"@type\":\"ImageObject\",\"inLanguage\":\"fr-FR\",\"@id\":\"https:\/\/bobea.net\/#\/schema\/person\/image\/\",\"url\":\"https:\/\/secure.gravatar.com\/avatar\/36147980349df887ae30808df3e29474?s=96&d=mm&r=g\",\"contentUrl\":\"https:\/\/secure.gravatar.com\/avatar\/36147980349df887ae30808df3e29474?s=96&d=mm&r=g\",\"caption\":\"bobea.info\"},\"sameAs\":[\"https:\/\/bobea.net\"],\"url\":\"https:\/\/bobea.net\/index.php\/author\/bobea-info\/\"}]}<\/script>\n<!-- \/ Yoast SEO plugin. -->","yoast_head_json":{"title":"Crise au Moyen-Orient, Isra\u00ebl et Iran, escalade des tensions - Bobea","description":"Pour les lectrices de Bob\u00e9a, cette crise rappelle l\u2019importance de la solidarit\u00e9 internationale et de l\u2019engagement des femmes","robots":{"index":"index","follow":"follow","max-snippet":"max-snippet:-1","max-image-preview":"max-image-preview:large","max-video-preview":"max-video-preview:-1"},"canonical":"https:\/\/bobea.net\/index.php\/2025\/06\/18\/crise-au-moyen-orient-israel-et-iran-escalade-des-tensions\/","og_locale":"fr_FR","og_type":"article","og_title":"Crise au Moyen-Orient, Isra\u00ebl et Iran, escalade des tensions - Bobea","og_description":"Pour les lectrices de Bob\u00e9a, cette crise rappelle l\u2019importance de la solidarit\u00e9 internationale et de l\u2019engagement des femmes","og_url":"https:\/\/bobea.net\/index.php\/2025\/06\/18\/crise-au-moyen-orient-israel-et-iran-escalade-des-tensions\/","og_site_name":"Bobea","article_publisher":"https:\/\/web.facebook.com\/profile.php?id=61559252188416","article_published_time":"2025-06-18T04:29:34+00:00","article_modified_time":"2025-06-18T04:30:06+00:00","og_image":[{"width":800,"height":533,"url":"https:\/\/bobea.net\/wp-content\/uploads\/2025\/06\/41_2025-638857593586062513-606.jpg","type":"image\/jpeg"}],"author":"bobea.info","twitter_card":"summary_large_image","twitter_misc":{"\u00c9crit par":"bobea.info","Dur\u00e9e de lecture estim\u00e9e":"3 minutes"},"schema":{"@context":"https:\/\/schema.org","@graph":[{"@type":"Article","@id":"https:\/\/bobea.net\/index.php\/2025\/06\/18\/crise-au-moyen-orient-israel-et-iran-escalade-des-tensions\/#article","isPartOf":{"@id":"https:\/\/bobea.net\/index.php\/2025\/06\/18\/crise-au-moyen-orient-israel-et-iran-escalade-des-tensions\/"},"author":{"name":"bobea.info","@id":"https:\/\/bobea.net\/#\/schema\/person\/e7f45ef187918d7c956bf619dce90ccf"},"headline":"Crise au Moyen-Orient, Isra\u00ebl et Iran, escalade des tensions","datePublished":"2025-06-18T04:29:34+00:00","dateModified":"2025-06-18T04:30:06+00:00","mainEntityOfPage":{"@id":"https:\/\/bobea.net\/index.php\/2025\/06\/18\/crise-au-moyen-orient-israel-et-iran-escalade-des-tensions\/"},"wordCount":485,"commentCount":0,"publisher":{"@id":"https:\/\/bobea.net\/#organization"},"image":{"@id":"https:\/\/bobea.net\/index.php\/2025\/06\/18\/crise-au-moyen-orient-israel-et-iran-escalade-des-tensions\/#primaryimage"},"thumbnailUrl":"https:\/\/bobea.net\/wp-content\/uploads\/2025\/06\/41_2025-638857593586062513-606.jpg","articleSection":["On en Parle"],"inLanguage":"fr-FR","potentialAction":[{"@type":"CommentAction","name":"Comment","target":["https:\/\/bobea.net\/index.php\/2025\/06\/18\/crise-au-moyen-orient-israel-et-iran-escalade-des-tensions\/#respond"]}]},{"@type":"WebPage","@id":"https:\/\/bobea.net\/index.php\/2025\/06\/18\/crise-au-moyen-orient-israel-et-iran-escalade-des-tensions\/","url":"https:\/\/bobea.net\/index.php\/2025\/06\/18\/crise-au-moyen-orient-israel-et-iran-escalade-des-tensions\/","name":"Crise au Moyen-Orient, Isra\u00ebl et Iran, escalade des tensions - Bobea","isPartOf":{"@id":"https:\/\/bobea.net\/#website"},"primaryImageOfPage":{"@id":"https:\/\/bobea.net\/index.php\/2025\/06\/18\/crise-au-moyen-orient-israel-et-iran-escalade-des-tensions\/#primaryimage"},"image":{"@id":"https:\/\/bobea.net\/index.php\/2025\/06\/18\/crise-au-moyen-orient-israel-et-iran-escalade-des-tensions\/#primaryimage"},"thumbnailUrl":"https:\/\/bobea.net\/wp-content\/uploads\/2025\/06\/41_2025-638857593586062513-606.jpg","datePublished":"2025-06-18T04:29:34+00:00","dateModified":"2025-06-18T04:30:06+00:00","description":"Pour les lectrices de Bob\u00e9a, cette crise rappelle l\u2019importance de la solidarit\u00e9 internationale et de l\u2019engagement des femmes","breadcrumb":{"@id":"https:\/\/bobea.net\/index.php\/2025\/06\/18\/crise-au-moyen-orient-israel-et-iran-escalade-des-tensions\/#breadcrumb"},"inLanguage":"fr-FR","potentialAction":[{"@type":"ReadAction","target":["https:\/\/bobea.net\/index.php\/2025\/06\/18\/crise-au-moyen-orient-israel-et-iran-escalade-des-tensions\/"]}]},{"@type":"ImageObject","inLanguage":"fr-FR","@id":"https:\/\/bobea.net\/index.php\/2025\/06\/18\/crise-au-moyen-orient-israel-et-iran-escalade-des-tensions\/#primaryimage","url":"https:\/\/bobea.net\/wp-content\/uploads\/2025\/06\/41_2025-638857593586062513-606.jpg","contentUrl":"https:\/\/bobea.net\/wp-content\/uploads\/2025\/06\/41_2025-638857593586062513-606.jpg","width":800,"height":533},{"@type":"BreadcrumbList","@id":"https:\/\/bobea.net\/index.php\/2025\/06\/18\/crise-au-moyen-orient-israel-et-iran-escalade-des-tensions\/#breadcrumb","itemListElement":[{"@type":"ListItem","position":1,"name":"Accueil","item":"https:\/\/bobea.net\/"},{"@type":"ListItem","position":2,"name":"Crise au Moyen-Orient, Isra\u00ebl et Iran, escalade des tensions"}]},{"@type":"WebSite","@id":"https:\/\/bobea.net\/#website","url":"https:\/\/bobea.net\/","name":"Bobea","description":"Le magazine de la nouvelle \u00c8ve","publisher":{"@id":"https:\/\/bobea.net\/#organization"},"potentialAction":[{"@type":"SearchAction","target":{"@type":"EntryPoint","urlTemplate":"https:\/\/bobea.net\/?s={search_term_string}"},"query-input":{"@type":"PropertyValueSpecification","valueRequired":true,"valueName":"search_term_string"}}],"inLanguage":"fr-FR"},{"@type":"Organization","@id":"https:\/\/bobea.net\/#organization","name":"Bobea","url":"https:\/\/bobea.net\/","logo":{"@type":"ImageObject","inLanguage":"fr-FR","@id":"https:\/\/bobea.net\/#\/schema\/logo\/image\/","url":"https:\/\/bobea.net\/wp-content\/uploads\/2024\/06\/bobea.jpg","contentUrl":"https:\/\/bobea.net\/wp-content\/uploads\/2024\/06\/bobea.jpg","width":1080,"height":1080,"caption":"Bobea"},"image":{"@id":"https:\/\/bobea.net\/#\/schema\/logo\/image\/"},"sameAs":["https:\/\/web.facebook.com\/profile.php?id=61559252188416"]},{"@type":"Person","@id":"https:\/\/bobea.net\/#\/schema\/person\/e7f45ef187918d7c956bf619dce90ccf","name":"bobea.info","image":{"@type":"ImageObject","inLanguage":"fr-FR","@id":"https:\/\/bobea.net\/#\/schema\/person\/image\/","url":"https:\/\/secure.gravatar.com\/avatar\/36147980349df887ae30808df3e29474?s=96&d=mm&r=g","contentUrl":"https:\/\/secure.gravatar.com\/avatar\/36147980349df887ae30808df3e29474?s=96&d=mm&r=g","caption":"bobea.info"},"sameAs":["https:\/\/bobea.net"],"url":"https:\/\/bobea.net\/index.php\/author\/bobea-info\/"}]}},"_links":{"self":[{"href":"https:\/\/bobea.net\/index.php\/wp-json\/wp\/v2\/posts\/19257"}],"collection":[{"href":"https:\/\/bobea.net\/index.php\/wp-json\/wp\/v2\/posts"}],"about":[{"href":"https:\/\/bobea.net\/index.php\/wp-json\/wp\/v2\/types\/post"}],"author":[{"embeddable":true,"href":"https:\/\/bobea.net\/index.php\/wp-json\/wp\/v2\/users\/1"}],"replies":[{"embeddable":true,"href":"https:\/\/bobea.net\/index.php\/wp-json\/wp\/v2\/comments?post=19257"}],"version-history":[{"count":2,"href":"https:\/\/bobea.net\/index.php\/wp-json\/wp\/v2\/posts\/19257\/revisions"}],"predecessor-version":[{"id":19262,"href":"https:\/\/bobea.net\/index.php\/wp-json\/wp\/v2\/posts\/19257\/revisions\/19262"}],"wp:featuredmedia":[{"embeddable":true,"href":"https:\/\/bobea.net\/index.php\/wp-json\/wp\/v2\/media\/19258"}],"wp:attachment":[{"href":"https:\/\/bobea.net\/index.php\/wp-json\/wp\/v2\/media?parent=19257"}],"wp:term":[{"taxonomy":"category","embeddable":true,"href":"https:\/\/bobea.net\/index.php\/wp-json\/wp\/v2\/categories?post=19257"},{"taxonomy":"post_tag","embeddable":true,"href":"https:\/\/bobea.net\/index.php\/wp-json\/wp\/v2\/tags?post=19257"}],"curies":[{"name":"wp","href":"https:\/\/api.w.org\/{rel}","templated":true}]}}