{"id":19250,"date":"2025-06-18T04:27:17","date_gmt":"2025-06-18T04:27:17","guid":{"rendered":"https:\/\/bobea.net\/?p=19250"},"modified":"2025-06-18T04:27:18","modified_gmt":"2025-06-18T04:27:18","slug":"donald-trump-menace-dalourdir-les-droits-de-douane-contre-lunion-europeenne","status":"publish","type":"post","link":"https:\/\/bobea.net\/index.php\/2025\/06\/18\/donald-trump-menace-dalourdir-les-droits-de-douane-contre-lunion-europeenne\/","title":{"rendered":"Donald Trump menace d\u2019alourdir les droits de douane contre l\u2019Union europ\u00e9enne"},"content":{"rendered":"\n<p><strong>La guerre com\u00admer\u00adciale reprend entre les \u00c9tats-Unis et l\u2019Union europ\u00e9enne<\/strong><\/p>\n\n\n\n<p>Le 17 juin 2025, Don\u00adald Trump, pr\u00e9si\u00addent des \u00c9tats-Unis, a annon\u00adc\u00e9 son inten\u00adtion d\u2019alourdir les droits de douane sur plusieurs pro\u00adduits europ\u00e9ens. Cette d\u00e9c\u00adla\u00adra\u00adtion, faite \u00e0 la suite de son d\u00e9part du som\u00admet du G7 au Cana\u00adda, a imm\u00e9\u00addi\u00adate\u00adment fait r\u00e9a\u00adgir les march\u00e9s et provo\u00adqu\u00e9 l\u2019inqui\u00e9tude des indus\u00adtriels europ\u00e9ens. Le spec\u00adtre d\u2019une nou\u00advelle guerre com\u00admer\u00adciale entre les deux blocs ressur\u00adgit, mena\u00e7ant la sta\u00adbil\u00adit\u00e9 \u00e9conomique mon\u00addi\u00adale.<\/p>\n\n\n\n<p><strong>Quels pro\u00adduits sont con\u00adcern\u00e9s par ces nou\u00advelles tax\u00ades&nbsp;?<\/strong><\/p>\n\n\n\n<p>Par\u00admi les pro\u00adduits vis\u00e9s fig\u00adurent&nbsp;:<\/p>\n\n\n\n<ul class=\"wp-block-list\">\n<li>Les auto\u00admo\u00adbiles et pi\u00e8ces d\u00e9tach\u00e9es&nbsp;;<\/li>\n\n\n\n<li>Les pro\u00adduits agri\u00adcoles, notam\u00adment le vin, le fro\u00admage et l\u2019huile d\u2019olive&nbsp;;<\/li>\n\n\n\n<li>Les cos\u00adm\u00e9\u00adtiques et par\u00adfums de luxe, un secteur o\u00f9 la France occupe une place de leader mon\u00addi\u00adal.<\/li>\n<\/ul>\n\n\n\n<p>Trump jus\u00adti\u00adfie cette mesure par la n\u00e9ces\u00adsit\u00e9 de \u00ab&nbsp;pro\u00adt\u00e9ger l\u2019industrie am\u00e9ri\u00adcaine face \u00e0 la con\u00adcur\u00adrence d\u00e9loyale&nbsp;\u00bb et de \u00ab&nbsp;r\u00e9tablir un \u00e9quili\u00adbre com\u00admer\u00adcial&nbsp;\u00bb. L\u2019Union europ\u00e9enne, de son c\u00f4t\u00e9, d\u00e9nonce une d\u00e9ci\u00adsion uni\u00adlat\u00e9rale et annonce vouloir saisir l\u2019Organisation mon\u00addi\u00adale du com\u00admerce (OMC).<\/p>\n\n\n\n<p><strong>Des con\u00ads\u00e9quences directes pour les con\u00adsom\u00adma\u00adtri\u00adces et les entre\u00adpris\u00ades fran\u00e7ais\u00ades<\/strong><\/p>\n\n\n\n<p>Pour les femmes entre\u00adpre\u00adneures, cheffes d\u2019entreprise ou con\u00adsom\u00adma\u00adtri\u00adces, cette guerre com\u00admer\u00adciale pour\u00adrait se traduire par une hausse des prix sur de nom\u00adbreux pro\u00adduits du quo\u00adti\u00addi\u00aden et un ralen\u00adtisse\u00adment des expor\u00adta\u00adtions fran\u00e7ais\u00ades. Les secteurs de la mode, de la beaut\u00e9 et de la gas\u00adtronomie, embl\u00e9\u00adma\u00adtiques de l\u2019excellence f\u00e9mi\u00adnine fran\u00e7aise, sont par\u00adti\u00adc\u00aduli\u00e8re\u00adment expos\u00e9s.<\/p>\n\n\n\n<p><strong>R\u00e9ac\u00adtions et strat\u00e9\u00adgies de l\u2019Union europ\u00e9enne<\/strong><\/p>\n\n\n\n<p>Face \u00e0 la men\u00adace, la Com\u00admis\u00adsion europ\u00e9enne pr\u00e9\u00adpare une riposte cibl\u00e9e&nbsp;: aug\u00admen\u00adta\u00adtion des droits de douane sur cer\u00adtains pro\u00adduits am\u00e9ri\u00adcains, sou\u00adtien aux entre\u00adpris\u00ades expor\u00adta\u00adtri\u00adces et acc\u00e9l\u00e9ra\u00adtion des n\u00e9go\u00adci\u00ada\u00adtions avec de nou\u00adveaux parte\u00adnaires com\u00admer\u00adci\u00adaux. Les \u00c9tats mem\u00adbres appel\u00adlent \u00e0 l\u2019unit\u00e9 et \u00e0 la fer\u00admet\u00e9, tout en cher\u00adchant \u00e0 \u00e9viter une escalade incon\u00adtr\u00f4l\u00e9e.<\/p>\n\n\n\n<figure class=\"wp-block-image size-full is-resized\"><img loading=\"lazy\" decoding=\"async\" width=\"768\" height=\"512\" src=\"https:\/\/bobea.net\/wp-content\/uploads\/2025\/06\/HFVXQNZZV5AVPFSGGWD4IGM63M.jpg\" alt class=\"wp-image-19254\" style=\"width:840px;height:auto\" srcset=\"https:\/\/bobea.net\/wp-content\/uploads\/2025\/06\/HFVXQNZZV5AVPFSGGWD4IGM63M.jpg 768w, https:\/\/bobea.net\/wp-content\/uploads\/2025\/06\/HFVXQNZZV5AVPFSGGWD4IGM63M-300x200.jpg 300w\" sizes=\"(max-width: 768px) 100vw, 768px\"><\/figure>\n\n\n\n<p><strong>Le con\u00adtexte poli\u00adtique et \u00e9conomique mon\u00addi\u00adal<\/strong><\/p>\n\n\n\n<p>Cette ten\u00adsion s\u2019inscrit dans un con\u00adtexte de frag\u00adili\u00adsa\u00adtion des \u00e9changes inter\u00adna\u00adtionaux, d\u00e9j\u00e0 affec\u00adt\u00e9s par la crise \u00e9nerg\u00e9\u00adtique, la guerre en Ukraine et la mon\u00adt\u00e9e des nation\u00adal\u00adismes. Les femmes, sou\u00advent en pre\u00admi\u00e8re ligne dans les secteurs touch\u00e9s, s\u2019organisent pour d\u00e9fendre leurs int\u00e9r\u00eats et pro\u00admou\u00advoir une \u00e9conomie plus r\u00e9siliente et sol\u00adidaire.<\/p>\n\n\n\n<p><strong>Vers une nou\u00advelle \u00e8re de pro\u00adtec\u00adtion\u00adnisme&nbsp;?<\/strong><\/p>\n\n\n\n<p>L\u2019annonce de Don\u00adald Trump relance le d\u00e9bat sur le pro\u00adtec\u00adtion\u00adnisme et la sou\u00adverainet\u00e9 \u00e9conomique. Cer\u00adtains y voient une oppor\u00adtu\u00adnit\u00e9 de relo\u00adcalis\u00ader la pro\u00adduc\u00adtion et de soutenir l\u2019emploi local, tan\u00addis que d\u2019autres red\u00adoutent une perte de pou\u00advoir d\u2019achat et une baisse de la qual\u00adit\u00e9 des pro\u00adduits pro\u00adpos\u00e9s aux con\u00adsom\u00adma\u00adtri\u00adces.<\/p>\n\n\n\n<p><strong>Con\u00adclu\u00adsion&nbsp;: vig\u00adi\u00adlance et mobil\u00adi\u00adsa\u00adtion pour les femmes d\u2019Europe<\/strong><\/p>\n\n\n\n<p>L\u2019escalade com\u00admer\u00adciale entre les \u00c9tats-Unis et l\u2019Union europ\u00e9enne appelle \u00e0 la vig\u00adi\u00adlance et \u00e0 la mobil\u00adi\u00adsa\u00adtion de toutes les actri\u00adces \u00e9conomiques. Pour les lec\u00adtri\u00adces de Bob\u00e9a, il s\u2019agit de rester infor\u00adm\u00e9es, de soutenir les entre\u00adpris\u00ades locales et de d\u00e9fendre un mod\u00ad\u00e8le \u00e9conomique ouvert, \u00e9quitable et respectueux des droits des femmes12.<\/p>\n","protected":false},"excerpt":{"rendered":"<p>La guerre com\u00admer\u00adciale reprend entre les \u00c9tats-Unis et l\u2019Union europ\u00e9enne Le 17 juin 2025, Don\u00adald Trump, pr\u00e9si\u00addent des \u00c9tats-Unis, a annon\u00adc\u00e9 son inten\u00adtion d\u2019alourdir les droits de douane sur plusieurs\u2026 <\/p>\n","protected":false},"author":1,"featured_media":19255,"comment_status":"open","ping_status":"closed","sticky":false,"template":"","format":"standard","meta":{"wp_typography_post_enhancements_disabled":false,"footnotes":""},"categories":[70,52],"tags":[],"class_list":["post-19250","post","type-post","status-publish","format-standard","has-post-thumbnail","hentry","category-actu","category-business"],"yoast_head":"<!-- This site is optimized with the Yoast SEO plugin v24.7 - https:\/\/yoast.com\/wordpress\/plugins\/seo\/ -->\n<title>Donald Trump menace d\u2019alourdir les droits de douane contre l\u2019Union europ\u00e9enne - Bobea<\/title>\n<meta name=\"description\" content=\"L\u2019escalade commerciale entre les \u00c9tats-Unis et l\u2019Union europ\u00e9enne appelle \u00e0 la vigilance et \u00e0 la mobilisation de toutes les actrices\" \/>\n<meta name=\"robots\" content=\"index, follow, max-snippet:-1, max-image-preview:large, max-video-preview:-1\" \/>\n<link rel=\"canonical\" href=\"https:\/\/bobea.net\/index.php\/2025\/06\/18\/donald-trump-menace-dalourdir-les-droits-de-douane-contre-lunion-europeenne\/\" \/>\n<meta property=\"og:locale\" content=\"fr_FR\" \/>\n<meta property=\"og:type\" content=\"article\" \/>\n<meta property=\"og:title\" content=\"Donald Trump menace d\u2019alourdir les droits de douane contre l\u2019Union europ\u00e9enne - Bobea\" \/>\n<meta property=\"og:description\" content=\"L\u2019escalade commerciale entre les \u00c9tats-Unis et l\u2019Union europ\u00e9enne appelle \u00e0 la vigilance et \u00e0 la mobilisation de toutes les actrices\" \/>\n<meta property=\"og:url\" content=\"https:\/\/bobea.net\/index.php\/2025\/06\/18\/donald-trump-menace-dalourdir-les-droits-de-douane-contre-lunion-europeenne\/\" \/>\n<meta property=\"og:site_name\" content=\"Bobea\" \/>\n<meta property=\"article:publisher\" content=\"https:\/\/web.facebook.com\/profile.php?id=61559252188416\" \/>\n<meta property=\"article:published_time\" content=\"2025-06-18T04:27:17+00:00\" \/>\n<meta property=\"article:modified_time\" content=\"2025-06-18T04:27:18+00:00\" \/>\n<meta property=\"og:image\" content=\"https:\/\/bobea.net\/wp-content\/uploads\/2025\/06\/Trump-von-der-leyen.jpg\" \/>\n\t<meta property=\"og:image:width\" content=\"1200\" \/>\n\t<meta property=\"og:image:height\" content=\"800\" \/>\n\t<meta property=\"og:image:type\" content=\"image\/jpeg\" \/>\n<meta name=\"author\" content=\"bobea.info\" \/>\n<meta name=\"twitter:card\" content=\"summary_large_image\" \/>\n<meta name=\"twitter:label1\" content=\"\u00c9crit par\" \/>\n\t<meta name=\"twitter:data1\" content=\"bobea.info\" \/>\n\t<meta name=\"twitter:label2\" content=\"Dur\u00e9e de lecture estim\u00e9e\" \/>\n\t<meta name=\"twitter:data2\" content=\"3 minutes\" \/>\n<script type=\"application\/ld+json\" class=\"yoast-schema-graph\">{\"@context\":\"https:\/\/schema.org\",\"@graph\":[{\"@type\":\"Article\",\"@id\":\"https:\/\/bobea.net\/index.php\/2025\/06\/18\/donald-trump-menace-dalourdir-les-droits-de-douane-contre-lunion-europeenne\/#article\",\"isPartOf\":{\"@id\":\"https:\/\/bobea.net\/index.php\/2025\/06\/18\/donald-trump-menace-dalourdir-les-droits-de-douane-contre-lunion-europeenne\/\"},\"author\":{\"name\":\"bobea.info\",\"@id\":\"https:\/\/bobea.net\/#\/schema\/person\/e7f45ef187918d7c956bf619dce90ccf\"},\"headline\":\"Donald Trump menace d\u2019alourdir les droits de douane contre l\u2019Union europ\u00e9enne\",\"datePublished\":\"2025-06-18T04:27:17+00:00\",\"dateModified\":\"2025-06-18T04:27:18+00:00\",\"mainEntityOfPage\":{\"@id\":\"https:\/\/bobea.net\/index.php\/2025\/06\/18\/donald-trump-menace-dalourdir-les-droits-de-douane-contre-lunion-europeenne\/\"},\"wordCount\":546,\"commentCount\":0,\"publisher\":{\"@id\":\"https:\/\/bobea.net\/#organization\"},\"image\":{\"@id\":\"https:\/\/bobea.net\/index.php\/2025\/06\/18\/donald-trump-menace-dalourdir-les-droits-de-douane-contre-lunion-europeenne\/#primaryimage\"},\"thumbnailUrl\":\"https:\/\/bobea.net\/wp-content\/uploads\/2025\/06\/Trump-von-der-leyen.jpg\",\"articleSection\":[\"Actu\",\"Business\"],\"inLanguage\":\"fr-FR\",\"potentialAction\":[{\"@type\":\"CommentAction\",\"name\":\"Comment\",\"target\":[\"https:\/\/bobea.net\/index.php\/2025\/06\/18\/donald-trump-menace-dalourdir-les-droits-de-douane-contre-lunion-europeenne\/#respond\"]}]},{\"@type\":\"WebPage\",\"@id\":\"https:\/\/bobea.net\/index.php\/2025\/06\/18\/donald-trump-menace-dalourdir-les-droits-de-douane-contre-lunion-europeenne\/\",\"url\":\"https:\/\/bobea.net\/index.php\/2025\/06\/18\/donald-trump-menace-dalourdir-les-droits-de-douane-contre-lunion-europeenne\/\",\"name\":\"Donald Trump menace d\u2019alourdir les droits de douane contre l\u2019Union europ\u00e9enne - Bobea\",\"isPartOf\":{\"@id\":\"https:\/\/bobea.net\/#website\"},\"primaryImageOfPage\":{\"@id\":\"https:\/\/bobea.net\/index.php\/2025\/06\/18\/donald-trump-menace-dalourdir-les-droits-de-douane-contre-lunion-europeenne\/#primaryimage\"},\"image\":{\"@id\":\"https:\/\/bobea.net\/index.php\/2025\/06\/18\/donald-trump-menace-dalourdir-les-droits-de-douane-contre-lunion-europeenne\/#primaryimage\"},\"thumbnailUrl\":\"https:\/\/bobea.net\/wp-content\/uploads\/2025\/06\/Trump-von-der-leyen.jpg\",\"datePublished\":\"2025-06-18T04:27:17+00:00\",\"dateModified\":\"2025-06-18T04:27:18+00:00\",\"description\":\"L\u2019escalade commerciale entre les \u00c9tats-Unis et l\u2019Union europ\u00e9enne appelle \u00e0 la vigilance et \u00e0 la mobilisation de toutes les actrices\",\"breadcrumb\":{\"@id\":\"https:\/\/bobea.net\/index.php\/2025\/06\/18\/donald-trump-menace-dalourdir-les-droits-de-douane-contre-lunion-europeenne\/#breadcrumb\"},\"inLanguage\":\"fr-FR\",\"potentialAction\":[{\"@type\":\"ReadAction\",\"target\":[\"https:\/\/bobea.net\/index.php\/2025\/06\/18\/donald-trump-menace-dalourdir-les-droits-de-douane-contre-lunion-europeenne\/\"]}]},{\"@type\":\"ImageObject\",\"inLanguage\":\"fr-FR\",\"@id\":\"https:\/\/bobea.net\/index.php\/2025\/06\/18\/donald-trump-menace-dalourdir-les-droits-de-douane-contre-lunion-europeenne\/#primaryimage\",\"url\":\"https:\/\/bobea.net\/wp-content\/uploads\/2025\/06\/Trump-von-der-leyen.jpg\",\"contentUrl\":\"https:\/\/bobea.net\/wp-content\/uploads\/2025\/06\/Trump-von-der-leyen.jpg\",\"width\":1200,\"height\":800,\"caption\":\"European Commission President Ursula von der Leyen US President Donald Trump during the annual meeting of the World Economic Forum 2020 in Davos, on January 21, 2020.\"},{\"@type\":\"BreadcrumbList\",\"@id\":\"https:\/\/bobea.net\/index.php\/2025\/06\/18\/donald-trump-menace-dalourdir-les-droits-de-douane-contre-lunion-europeenne\/#breadcrumb\",\"itemListElement\":[{\"@type\":\"ListItem\",\"position\":1,\"name\":\"Accueil\",\"item\":\"https:\/\/bobea.net\/\"},{\"@type\":\"ListItem\",\"position\":2,\"name\":\"Donald Trump menace d\u2019alourdir les droits de douane contre l\u2019Union europ\u00e9enne\"}]},{\"@type\":\"WebSite\",\"@id\":\"https:\/\/bobea.net\/#website\",\"url\":\"https:\/\/bobea.net\/\",\"name\":\"Bobea\",\"description\":\"Le magazine de la nouvelle \u00c8ve\",\"publisher\":{\"@id\":\"https:\/\/bobea.net\/#organization\"},\"potentialAction\":[{\"@type\":\"SearchAction\",\"target\":{\"@type\":\"EntryPoint\",\"urlTemplate\":\"https:\/\/bobea.net\/?s={search_term_string}\"},\"query-input\":{\"@type\":\"PropertyValueSpecification\",\"valueRequired\":true,\"valueName\":\"search_term_string\"}}],\"inLanguage\":\"fr-FR\"},{\"@type\":\"Organization\",\"@id\":\"https:\/\/bobea.net\/#organization\",\"name\":\"Bobea\",\"url\":\"https:\/\/bobea.net\/\",\"logo\":{\"@type\":\"ImageObject\",\"inLanguage\":\"fr-FR\",\"@id\":\"https:\/\/bobea.net\/#\/schema\/logo\/image\/\",\"url\":\"https:\/\/bobea.net\/wp-content\/uploads\/2024\/06\/bobea.jpg\",\"contentUrl\":\"https:\/\/bobea.net\/wp-content\/uploads\/2024\/06\/bobea.jpg\",\"width\":1080,\"height\":1080,\"caption\":\"Bobea\"},\"image\":{\"@id\":\"https:\/\/bobea.net\/#\/schema\/logo\/image\/\"},\"sameAs\":[\"https:\/\/web.facebook.com\/profile.php?id=61559252188416\"]},{\"@type\":\"Person\",\"@id\":\"https:\/\/bobea.net\/#\/schema\/person\/e7f45ef187918d7c956bf619dce90ccf\",\"name\":\"bobea.info\",\"image\":{\"@type\":\"ImageObject\",\"inLanguage\":\"fr-FR\",\"@id\":\"https:\/\/bobea.net\/#\/schema\/person\/image\/\",\"url\":\"https:\/\/secure.gravatar.com\/avatar\/36147980349df887ae30808df3e29474?s=96&d=mm&r=g\",\"contentUrl\":\"https:\/\/secure.gravatar.com\/avatar\/36147980349df887ae30808df3e29474?s=96&d=mm&r=g\",\"caption\":\"bobea.info\"},\"sameAs\":[\"https:\/\/bobea.net\"],\"url\":\"https:\/\/bobea.net\/index.php\/author\/bobea-info\/\"}]}<\/script>\n<!-- \/ Yoast SEO plugin. -->","yoast_head_json":{"title":"Donald Trump menace d\u2019alourdir les droits de douane contre l\u2019Union europ\u00e9enne - Bobea","description":"L\u2019escalade commerciale entre les \u00c9tats-Unis et l\u2019Union europ\u00e9enne appelle \u00e0 la vigilance et \u00e0 la mobilisation de toutes les actrices","robots":{"index":"index","follow":"follow","max-snippet":"max-snippet:-1","max-image-preview":"max-image-preview:large","max-video-preview":"max-video-preview:-1"},"canonical":"https:\/\/bobea.net\/index.php\/2025\/06\/18\/donald-trump-menace-dalourdir-les-droits-de-douane-contre-lunion-europeenne\/","og_locale":"fr_FR","og_type":"article","og_title":"Donald Trump menace d\u2019alourdir les droits de douane contre l\u2019Union europ\u00e9enne - Bobea","og_description":"L\u2019escalade commerciale entre les \u00c9tats-Unis et l\u2019Union europ\u00e9enne appelle \u00e0 la vigilance et \u00e0 la mobilisation de toutes les actrices","og_url":"https:\/\/bobea.net\/index.php\/2025\/06\/18\/donald-trump-menace-dalourdir-les-droits-de-douane-contre-lunion-europeenne\/","og_site_name":"Bobea","article_publisher":"https:\/\/web.facebook.com\/profile.php?id=61559252188416","article_published_time":"2025-06-18T04:27:17+00:00","article_modified_time":"2025-06-18T04:27:18+00:00","og_image":[{"width":1200,"height":800,"url":"https:\/\/bobea.net\/wp-content\/uploads\/2025\/06\/Trump-von-der-leyen.jpg","type":"image\/jpeg"}],"author":"bobea.info","twitter_card":"summary_large_image","twitter_misc":{"\u00c9crit par":"bobea.info","Dur\u00e9e de lecture estim\u00e9e":"3 minutes"},"schema":{"@context":"https:\/\/schema.org","@graph":[{"@type":"Article","@id":"https:\/\/bobea.net\/index.php\/2025\/06\/18\/donald-trump-menace-dalourdir-les-droits-de-douane-contre-lunion-europeenne\/#article","isPartOf":{"@id":"https:\/\/bobea.net\/index.php\/2025\/06\/18\/donald-trump-menace-dalourdir-les-droits-de-douane-contre-lunion-europeenne\/"},"author":{"name":"bobea.info","@id":"https:\/\/bobea.net\/#\/schema\/person\/e7f45ef187918d7c956bf619dce90ccf"},"headline":"Donald Trump menace d\u2019alourdir les droits de douane contre l\u2019Union europ\u00e9enne","datePublished":"2025-06-18T04:27:17+00:00","dateModified":"2025-06-18T04:27:18+00:00","mainEntityOfPage":{"@id":"https:\/\/bobea.net\/index.php\/2025\/06\/18\/donald-trump-menace-dalourdir-les-droits-de-douane-contre-lunion-europeenne\/"},"wordCount":546,"commentCount":0,"publisher":{"@id":"https:\/\/bobea.net\/#organization"},"image":{"@id":"https:\/\/bobea.net\/index.php\/2025\/06\/18\/donald-trump-menace-dalourdir-les-droits-de-douane-contre-lunion-europeenne\/#primaryimage"},"thumbnailUrl":"https:\/\/bobea.net\/wp-content\/uploads\/2025\/06\/Trump-von-der-leyen.jpg","articleSection":["Actu","Business"],"inLanguage":"fr-FR","potentialAction":[{"@type":"CommentAction","name":"Comment","target":["https:\/\/bobea.net\/index.php\/2025\/06\/18\/donald-trump-menace-dalourdir-les-droits-de-douane-contre-lunion-europeenne\/#respond"]}]},{"@type":"WebPage","@id":"https:\/\/bobea.net\/index.php\/2025\/06\/18\/donald-trump-menace-dalourdir-les-droits-de-douane-contre-lunion-europeenne\/","url":"https:\/\/bobea.net\/index.php\/2025\/06\/18\/donald-trump-menace-dalourdir-les-droits-de-douane-contre-lunion-europeenne\/","name":"Donald Trump menace d\u2019alourdir les droits de douane contre l\u2019Union europ\u00e9enne - Bobea","isPartOf":{"@id":"https:\/\/bobea.net\/#website"},"primaryImageOfPage":{"@id":"https:\/\/bobea.net\/index.php\/2025\/06\/18\/donald-trump-menace-dalourdir-les-droits-de-douane-contre-lunion-europeenne\/#primaryimage"},"image":{"@id":"https:\/\/bobea.net\/index.php\/2025\/06\/18\/donald-trump-menace-dalourdir-les-droits-de-douane-contre-lunion-europeenne\/#primaryimage"},"thumbnailUrl":"https:\/\/bobea.net\/wp-content\/uploads\/2025\/06\/Trump-von-der-leyen.jpg","datePublished":"2025-06-18T04:27:17+00:00","dateModified":"2025-06-18T04:27:18+00:00","description":"L\u2019escalade commerciale entre les \u00c9tats-Unis et l\u2019Union europ\u00e9enne appelle \u00e0 la vigilance et \u00e0 la mobilisation de toutes les actrices","breadcrumb":{"@id":"https:\/\/bobea.net\/index.php\/2025\/06\/18\/donald-trump-menace-dalourdir-les-droits-de-douane-contre-lunion-europeenne\/#breadcrumb"},"inLanguage":"fr-FR","potentialAction":[{"@type":"ReadAction","target":["https:\/\/bobea.net\/index.php\/2025\/06\/18\/donald-trump-menace-dalourdir-les-droits-de-douane-contre-lunion-europeenne\/"]}]},{"@type":"ImageObject","inLanguage":"fr-FR","@id":"https:\/\/bobea.net\/index.php\/2025\/06\/18\/donald-trump-menace-dalourdir-les-droits-de-douane-contre-lunion-europeenne\/#primaryimage","url":"https:\/\/bobea.net\/wp-content\/uploads\/2025\/06\/Trump-von-der-leyen.jpg","contentUrl":"https:\/\/bobea.net\/wp-content\/uploads\/2025\/06\/Trump-von-der-leyen.jpg","width":1200,"height":800,"caption":"European Commission President Ursula von der Leyen US President Donald Trump during the annual meeting of the World Economic Forum 2020 in Davos, on January 21, 2020."},{"@type":"BreadcrumbList","@id":"https:\/\/bobea.net\/index.php\/2025\/06\/18\/donald-trump-menace-dalourdir-les-droits-de-douane-contre-lunion-europeenne\/#breadcrumb","itemListElement":[{"@type":"ListItem","position":1,"name":"Accueil","item":"https:\/\/bobea.net\/"},{"@type":"ListItem","position":2,"name":"Donald Trump menace d\u2019alourdir les droits de douane contre l\u2019Union europ\u00e9enne"}]},{"@type":"WebSite","@id":"https:\/\/bobea.net\/#website","url":"https:\/\/bobea.net\/","name":"Bobea","description":"Le magazine de la nouvelle \u00c8ve","publisher":{"@id":"https:\/\/bobea.net\/#organization"},"potentialAction":[{"@type":"SearchAction","target":{"@type":"EntryPoint","urlTemplate":"https:\/\/bobea.net\/?s={search_term_string}"},"query-input":{"@type":"PropertyValueSpecification","valueRequired":true,"valueName":"search_term_string"}}],"inLanguage":"fr-FR"},{"@type":"Organization","@id":"https:\/\/bobea.net\/#organization","name":"Bobea","url":"https:\/\/bobea.net\/","logo":{"@type":"ImageObject","inLanguage":"fr-FR","@id":"https:\/\/bobea.net\/#\/schema\/logo\/image\/","url":"https:\/\/bobea.net\/wp-content\/uploads\/2024\/06\/bobea.jpg","contentUrl":"https:\/\/bobea.net\/wp-content\/uploads\/2024\/06\/bobea.jpg","width":1080,"height":1080,"caption":"Bobea"},"image":{"@id":"https:\/\/bobea.net\/#\/schema\/logo\/image\/"},"sameAs":["https:\/\/web.facebook.com\/profile.php?id=61559252188416"]},{"@type":"Person","@id":"https:\/\/bobea.net\/#\/schema\/person\/e7f45ef187918d7c956bf619dce90ccf","name":"bobea.info","image":{"@type":"ImageObject","inLanguage":"fr-FR","@id":"https:\/\/bobea.net\/#\/schema\/person\/image\/","url":"https:\/\/secure.gravatar.com\/avatar\/36147980349df887ae30808df3e29474?s=96&d=mm&r=g","contentUrl":"https:\/\/secure.gravatar.com\/avatar\/36147980349df887ae30808df3e29474?s=96&d=mm&r=g","caption":"bobea.info"},"sameAs":["https:\/\/bobea.net"],"url":"https:\/\/bobea.net\/index.php\/author\/bobea-info\/"}]}},"_links":{"self":[{"href":"https:\/\/bobea.net\/index.php\/wp-json\/wp\/v2\/posts\/19250"}],"collection":[{"href":"https:\/\/bobea.net\/index.php\/wp-json\/wp\/v2\/posts"}],"about":[{"href":"https:\/\/bobea.net\/index.php\/wp-json\/wp\/v2\/types\/post"}],"author":[{"embeddable":true,"href":"https:\/\/bobea.net\/index.php\/wp-json\/wp\/v2\/users\/1"}],"replies":[{"embeddable":true,"href":"https:\/\/bobea.net\/index.php\/wp-json\/wp\/v2\/comments?post=19250"}],"version-history":[{"count":1,"href":"https:\/\/bobea.net\/index.php\/wp-json\/wp\/v2\/posts\/19250\/revisions"}],"predecessor-version":[{"id":19256,"href":"https:\/\/bobea.net\/index.php\/wp-json\/wp\/v2\/posts\/19250\/revisions\/19256"}],"wp:featuredmedia":[{"embeddable":true,"href":"https:\/\/bobea.net\/index.php\/wp-json\/wp\/v2\/media\/19255"}],"wp:attachment":[{"href":"https:\/\/bobea.net\/index.php\/wp-json\/wp\/v2\/media?parent=19250"}],"wp:term":[{"taxonomy":"category","embeddable":true,"href":"https:\/\/bobea.net\/index.php\/wp-json\/wp\/v2\/categories?post=19250"},{"taxonomy":"post_tag","embeddable":true,"href":"https:\/\/bobea.net\/index.php\/wp-json\/wp\/v2\/tags?post=19250"}],"curies":[{"name":"wp","href":"https:\/\/api.w.org\/{rel}","templated":true}]}}