{"id":19246,"date":"2025-06-18T04:24:05","date_gmt":"2025-06-18T04:24:05","guid":{"rendered":"https:\/\/bobea.net\/?p=19246"},"modified":"2025-06-18T04:24:07","modified_gmt":"2025-06-18T04:24:07","slug":"loi-labbe-2025-de-nouvelles-restrictions-sur-les-produits-phytosanitaires-pour-une-france-plus-verte","status":"publish","type":"post","link":"https:\/\/bobea.net\/index.php\/2025\/06\/18\/loi-labbe-2025-de-nouvelles-restrictions-sur-les-produits-phytosanitaires-pour-une-france-plus-verte\/","title":{"rendered":"Loi Labb\u00e9 2025, de nouvelles restrictions sur les produits phytosanitaires pour une France plus verte"},"content":{"rendered":"\n<p><strong>La France ren\u00adforce sa lutte con\u00adtre les pes\u00adti\u00adcides : une nou\u00advelle \u00e9tape franchie<\/strong><\/p>\n\n\n\n<p>La France pour\u00adsuit sa tran\u00adsi\u00adtion \u00e9cologique en adop\u00adtant une ver\u00adsion ren\u00adfor\u00adc\u00e9e de la loi Lab\u00adb\u00e9, entr\u00e9e en vigueur ce 17 juin 2025. Cette nou\u00advelle r\u00e9gle\u00admen\u00adta\u00adtion mar\u00adque un tour\u00adnant d\u00e9cisif dans la ges\u00adtion des pro\u00adduits phy\u00adtosan\u00adi\u00adtaires, \u00e9lar\u00adgis\u00adsant l\u2019interdiction d\u2019utilisation \u00e0 de nou\u00adveaux espaces publics et priv\u00e9s. L\u2019objectif affich\u00e9&nbsp;: pro\u00adt\u00e9ger la san\u00adt\u00e9 des citoyens, pr\u00e9serv\u00ader la bio\u00addi\u00adver\u00adsit\u00e9 et acc\u00e9l\u00e9r\u00ader la recon\u00adqu\u00eate de la qual\u00adit\u00e9 de l\u2019eau.<\/p>\n\n\n\n<p><strong>Quelles sont les nou\u00advelles mesures de la loi Lab\u00adb\u00e9&nbsp;?<\/strong><\/p>\n\n\n\n<p>La loi Lab\u00adb\u00e9, ini\u00adtiale\u00adment vot\u00e9e en 2014 et d\u00e9j\u00e0 ren\u00adfor\u00adc\u00e9e en 2017, s\u2019appliquait jusqu\u2019ici aux espaces verts publics, for\u00eats, prom\u00ade\u00adnades et voiries. D\u00e9sor\u00admais, elle s\u2019\u00e9tend \u00e0&nbsp;:<\/p>\n\n\n\n<ul class=\"wp-block-list\">\n<li>Tous les ter\u00adrains de sport, y com\u00adpris les stades et golfs&nbsp;;<\/li>\n\n\n\n<li>Les copro\u00adpri\u00e9t\u00e9s et espaces com\u00admuns d\u2019immeubles&nbsp;;<\/li>\n\n\n\n<li>Les zones com\u00admer\u00adciales et park\u00adings&nbsp;;<\/li>\n\n\n\n<li>Les jardins d\u2019entreprises et de col\u00adlec\u00adtiv\u00adit\u00e9s.<\/li>\n<\/ul>\n\n\n\n<p>L\u2019utilisation de pro\u00adduits phy\u00adtosan\u00adi\u00adtaires de syn\u00adth\u00e8se y est stricte\u00adment inter\u00addite, sauf d\u00e9ro\u00adga\u00adtions excep\u00adtion\u00adnelles pour des raisons san\u00adi\u00adtaires majeures. Les col\u00adlec\u00adtiv\u00adit\u00e9s et ges\u00adtion\u00adnaires d\u2019espaces doivent d\u00e9sor\u00admais priv\u00adil\u00e9gi\u00ader des solu\u00adtions alter\u00adna\u00adtives&nbsp;: d\u00e9sherbage ther\u00admique, pail\u00adlage, ges\u00adtion dif\u00adf\u00e9ren\u00adci\u00e9e et recours aux pro\u00adduits naturels homo\u00adlogu\u00e9s.<\/p>\n\n\n\n<p><strong>Une r\u00e9ponse aux pr\u00e9oc\u00adcu\u00adpa\u00adtions san\u00adi\u00adtaires et envi\u00adron\u00adnemen\u00adtales<\/strong><\/p>\n\n\n\n<p>L\u2019interdiction \u00e9largie r\u00e9pond \u00e0 une demande crois\u00adsante de la soci\u00e9t\u00e9 civile et des asso\u00adci\u00ada\u00adtions envi\u00adron\u00adnemen\u00adtales. Les pes\u00adti\u00adcides sont r\u00e9guli\u00e8re\u00adment point\u00e9s du doigt pour leurs effets sur la san\u00adt\u00e9 humaine&nbsp;: aug\u00admen\u00adta\u00adtion des can\u00adcers p\u00e9di\u00ada\u00adtriques, trou\u00adbles neu\u00adrologiques, per\u00adtur\u00adba\u00adtions endocrini\u00adennes et impact sur la fer\u00adtil\u00adit\u00e9. Les femmes, par\u00adti\u00adc\u00aduli\u00e8re\u00adment expos\u00e9es dans les milieux ruraux et les m\u00e9tiers du soin, fig\u00adurent par\u00admi les pre\u00admi\u00e8res b\u00e9n\u00e9\u00adfi\u00adci\u00adaires de cette nou\u00advelle pro\u00adtec\u00adtion.<\/p>\n\n\n\n<p><strong>Les enjeux pour les col\u00adlec\u00adtiv\u00adit\u00e9s et les pro\u00adfes\u00adsion\u00adnels<\/strong><\/p>\n\n\n\n<p>Si la loi est salu\u00e9e par les \u00e9col\u00ado\u00adgistes, elle pose de nou\u00adveaux d\u00e9fis aux col\u00adlec\u00adtiv\u00adit\u00e9s locales, aux ges\u00adtion\u00adnaires de ter\u00adrains sportifs et aux entre\u00adpris\u00ades du paysage. Ces acteurs doivent repenser leurs pra\u00adtiques, inve\u00adstir dans la for\u00adma\u00adtion et l\u2019achat de nou\u00adveaux \u00e9quipements, tout en main\u00adtenant la qual\u00adit\u00e9 des espaces verts. De nom\u00adbreuses com\u00admunes pio\u00adnni\u00e8res t\u00e9moignent d\u00e9j\u00e0 d\u2019une baisse des co\u00fbts \u00e0 moyen terme gr\u00e2ce \u00e0 la r\u00e9duc\u00adtion des achats de pro\u00adduits chim\u00adiques et \u00e0 l\u2019am\u00e9lioration de la bio\u00addi\u00adver\u00adsit\u00e9 locale.<\/p>\n\n\n\n<figure class=\"wp-block-image size-full is-resized\"><img loading=\"lazy\" decoding=\"async\" width=\"801\" height=\"450\" src=\"https:\/\/bobea.net\/wp-content\/uploads\/2025\/06\/Green12.jpg\" alt class=\"wp-image-19247\" style=\"width:840px;height:auto\" srcset=\"https:\/\/bobea.net\/wp-content\/uploads\/2025\/06\/Green12.jpg 801w, https:\/\/bobea.net\/wp-content\/uploads\/2025\/06\/Green12-300x169.jpg 300w, https:\/\/bobea.net\/wp-content\/uploads\/2025\/06\/Green12-768x431.jpg 768w\" sizes=\"(max-width: 801px) 100vw, 801px\"><\/figure>\n\n\n\n<p><strong>Quels impacts pour les par\u00adti\u00adc\u00aduliers et les femmes jar\u00addini\u00e8res&nbsp;?<\/strong><\/p>\n\n\n\n<p>Les par\u00adti\u00adc\u00aduliers, et notam\u00adment les femmes pas\u00adsion\u00adn\u00e9es de jar\u00addi\u00adnage, sont invit\u00e9s \u00e0 adopter des m\u00e9th\u00adodes respectueuses de l\u2019environnement. Le jar\u00addi\u00adnage naturel, le com\u00adpostage, l\u2019association de plantes et l\u2019utilisation de purins v\u00e9g\u00e9\u00adtaux devi\u00aden\u00adnent des alter\u00adna\u00adtives priv\u00adil\u00e9gi\u00e9es. Des ate\u00adliers et for\u00adma\u00adtions sont pro\u00adpos\u00e9s dans tout le pays pour accom\u00adpa\u00adg\u00adn\u00ader ce change\u00adment cul\u00adturel et trans\u00admet\u00adtre les bonnes pra\u00adtiques.<\/p>\n\n\n\n<p><strong>Une France plus verte&nbsp;: vers une g\u00e9n\u00e9ral\u00adi\u00adsa\u00adtion de l\u2019interdiction&nbsp;?<\/strong><\/p>\n\n\n\n<p>La France s\u2019impose ain\u00adsi comme l\u2019un des pays europ\u00e9ens les plus ambitieux en mati\u00e8re de r\u00e9duc\u00adtion des pes\u00adti\u00adcides. Cette dynamique pour\u00adrait inspir\u00ader d\u2019autres \u00c9tats mem\u00adbres de l\u2019Union europ\u00e9enne, alors que la Com\u00admis\u00adsion europ\u00e9enne pr\u00e9\u00adpare une nou\u00advelle direc\u00adtive sur l\u2019usage des pro\u00adduits phy\u00adtosan\u00adi\u00adtaires. \u00c0 terme, cer\u00adtains experts envis\u00adagent une g\u00e9n\u00e9ral\u00adi\u00adsa\u00adtion de l\u2019interdiction \u00e0 tous les espaces, y com\u00adpris agri\u00adcoles, avec un sou\u00adtien accru \u00e0 l\u2019agriculture biologique.<\/p>\n\n\n\n<p><strong>Con\u00adclu\u00adsion&nbsp;: un pas de plus vers un envi\u00adron\u00adnement sain et durable<\/strong> La nou\u00advelle loi Lab\u00adb\u00e9 2025 mar\u00adque une \u00e9tape majeure pour la san\u00adt\u00e9 publique et la pr\u00e9ser\u00adva\u00adtion de la nature. Elle invite chaque citoyenne, chaque femme, \u00e0 devenir actrice du change\u00adment, \u00e0 repenser ses gestes quo\u00adti\u00addi\u00adens et \u00e0 s\u2019engager pour une France plus verte et plus saine, aujourd\u2019hui et pour les g\u00e9n\u00e9ra\u00adtions futures12<\/p>\n","protected":false},"excerpt":{"rendered":"<p>La France ren\u00adforce sa lutte con\u00adtre les pes\u00adti\u00adcides : une nou\u00advelle \u00e9tape franchie La France pour\u00adsuit sa tran\u00adsi\u00adtion \u00e9cologique en adop\u00adtant une ver\u00adsion ren\u00adfor\u00adc\u00e9e de la loi Lab\u00adb\u00e9, entr\u00e9e en\u2026 <\/p>\n","protected":false},"author":1,"featured_media":19248,"comment_status":"open","ping_status":"closed","sticky":false,"template":"","format":"standard","meta":{"wp_typography_post_enhancements_disabled":false,"footnotes":""},"categories":[73],"tags":[],"class_list":["post-19246","post","type-post","status-publish","format-standard","has-post-thumbnail","hentry","category-on-en-parle"],"yoast_head":"<!-- This site is optimized with the Yoast SEO plugin v24.7 - https:\/\/yoast.com\/wordpress\/plugins\/seo\/ -->\n<title>Loi Labb\u00e9 2025, de nouvelles restrictions sur les produits phytosanitaires pour une France plus verte - Bobea<\/title>\n<meta name=\"description\" content=\"une \u00e9tape majeure pour la sant\u00e9 publique et la pr\u00e9servation de la nature. Elle invite chaque citoyenne, chaque femme\" \/>\n<meta name=\"robots\" content=\"index, follow, max-snippet:-1, max-image-preview:large, max-video-preview:-1\" \/>\n<link rel=\"canonical\" href=\"https:\/\/bobea.net\/index.php\/2025\/06\/18\/loi-labbe-2025-de-nouvelles-restrictions-sur-les-produits-phytosanitaires-pour-une-france-plus-verte\/\" \/>\n<meta property=\"og:locale\" content=\"fr_FR\" \/>\n<meta property=\"og:type\" content=\"article\" \/>\n<meta property=\"og:title\" content=\"Loi Labb\u00e9 2025, de nouvelles restrictions sur les produits phytosanitaires pour une France plus verte - Bobea\" \/>\n<meta property=\"og:description\" content=\"une \u00e9tape majeure pour la sant\u00e9 publique et la pr\u00e9servation de la nature. Elle invite chaque citoyenne, chaque femme\" \/>\n<meta property=\"og:url\" content=\"https:\/\/bobea.net\/index.php\/2025\/06\/18\/loi-labbe-2025-de-nouvelles-restrictions-sur-les-produits-phytosanitaires-pour-une-france-plus-verte\/\" \/>\n<meta property=\"og:site_name\" content=\"Bobea\" \/>\n<meta property=\"article:publisher\" content=\"https:\/\/web.facebook.com\/profile.php?id=61559252188416\" \/>\n<meta property=\"article:published_time\" content=\"2025-06-18T04:24:05+00:00\" \/>\n<meta property=\"article:modified_time\" content=\"2025-06-18T04:24:07+00:00\" \/>\n<meta property=\"og:image\" content=\"https:\/\/bobea.net\/wp-content\/uploads\/2025\/06\/credit-ville-de-roanne-600_1592.jpg\" \/>\n\t<meta property=\"og:image:width\" content=\"960\" \/>\n\t<meta property=\"og:image:height\" content=\"660\" \/>\n\t<meta property=\"og:image:type\" content=\"image\/jpeg\" \/>\n<meta name=\"author\" content=\"bobea.info\" \/>\n<meta name=\"twitter:card\" content=\"summary_large_image\" \/>\n<meta name=\"twitter:label1\" content=\"\u00c9crit par\" \/>\n\t<meta name=\"twitter:data1\" content=\"bobea.info\" \/>\n\t<meta name=\"twitter:label2\" content=\"Dur\u00e9e de lecture estim\u00e9e\" \/>\n\t<meta name=\"twitter:data2\" content=\"4 minutes\" \/>\n<script type=\"application\/ld+json\" class=\"yoast-schema-graph\">{\"@context\":\"https:\/\/schema.org\",\"@graph\":[{\"@type\":\"Article\",\"@id\":\"https:\/\/bobea.net\/index.php\/2025\/06\/18\/loi-labbe-2025-de-nouvelles-restrictions-sur-les-produits-phytosanitaires-pour-une-france-plus-verte\/#article\",\"isPartOf\":{\"@id\":\"https:\/\/bobea.net\/index.php\/2025\/06\/18\/loi-labbe-2025-de-nouvelles-restrictions-sur-les-produits-phytosanitaires-pour-une-france-plus-verte\/\"},\"author\":{\"name\":\"bobea.info\",\"@id\":\"https:\/\/bobea.net\/#\/schema\/person\/e7f45ef187918d7c956bf619dce90ccf\"},\"headline\":\"Loi Labb\u00e9 2025, de nouvelles restrictions sur les produits phytosanitaires pour une France plus verte\",\"datePublished\":\"2025-06-18T04:24:05+00:00\",\"dateModified\":\"2025-06-18T04:24:07+00:00\",\"mainEntityOfPage\":{\"@id\":\"https:\/\/bobea.net\/index.php\/2025\/06\/18\/loi-labbe-2025-de-nouvelles-restrictions-sur-les-produits-phytosanitaires-pour-une-france-plus-verte\/\"},\"wordCount\":644,\"commentCount\":0,\"publisher\":{\"@id\":\"https:\/\/bobea.net\/#organization\"},\"image\":{\"@id\":\"https:\/\/bobea.net\/index.php\/2025\/06\/18\/loi-labbe-2025-de-nouvelles-restrictions-sur-les-produits-phytosanitaires-pour-une-france-plus-verte\/#primaryimage\"},\"thumbnailUrl\":\"https:\/\/bobea.net\/wp-content\/uploads\/2025\/06\/credit-ville-de-roanne-600_1592.jpg\",\"articleSection\":[\"On en Parle\"],\"inLanguage\":\"fr-FR\",\"potentialAction\":[{\"@type\":\"CommentAction\",\"name\":\"Comment\",\"target\":[\"https:\/\/bobea.net\/index.php\/2025\/06\/18\/loi-labbe-2025-de-nouvelles-restrictions-sur-les-produits-phytosanitaires-pour-une-france-plus-verte\/#respond\"]}]},{\"@type\":\"WebPage\",\"@id\":\"https:\/\/bobea.net\/index.php\/2025\/06\/18\/loi-labbe-2025-de-nouvelles-restrictions-sur-les-produits-phytosanitaires-pour-une-france-plus-verte\/\",\"url\":\"https:\/\/bobea.net\/index.php\/2025\/06\/18\/loi-labbe-2025-de-nouvelles-restrictions-sur-les-produits-phytosanitaires-pour-une-france-plus-verte\/\",\"name\":\"Loi Labb\u00e9 2025, de nouvelles restrictions sur les produits phytosanitaires pour une France plus verte - Bobea\",\"isPartOf\":{\"@id\":\"https:\/\/bobea.net\/#website\"},\"primaryImageOfPage\":{\"@id\":\"https:\/\/bobea.net\/index.php\/2025\/06\/18\/loi-labbe-2025-de-nouvelles-restrictions-sur-les-produits-phytosanitaires-pour-une-france-plus-verte\/#primaryimage\"},\"image\":{\"@id\":\"https:\/\/bobea.net\/index.php\/2025\/06\/18\/loi-labbe-2025-de-nouvelles-restrictions-sur-les-produits-phytosanitaires-pour-une-france-plus-verte\/#primaryimage\"},\"thumbnailUrl\":\"https:\/\/bobea.net\/wp-content\/uploads\/2025\/06\/credit-ville-de-roanne-600_1592.jpg\",\"datePublished\":\"2025-06-18T04:24:05+00:00\",\"dateModified\":\"2025-06-18T04:24:07+00:00\",\"description\":\"une \u00e9tape majeure pour la sant\u00e9 publique et la pr\u00e9servation de la nature. Elle invite chaque citoyenne, chaque femme\",\"breadcrumb\":{\"@id\":\"https:\/\/bobea.net\/index.php\/2025\/06\/18\/loi-labbe-2025-de-nouvelles-restrictions-sur-les-produits-phytosanitaires-pour-une-france-plus-verte\/#breadcrumb\"},\"inLanguage\":\"fr-FR\",\"potentialAction\":[{\"@type\":\"ReadAction\",\"target\":[\"https:\/\/bobea.net\/index.php\/2025\/06\/18\/loi-labbe-2025-de-nouvelles-restrictions-sur-les-produits-phytosanitaires-pour-une-france-plus-verte\/\"]}]},{\"@type\":\"ImageObject\",\"inLanguage\":\"fr-FR\",\"@id\":\"https:\/\/bobea.net\/index.php\/2025\/06\/18\/loi-labbe-2025-de-nouvelles-restrictions-sur-les-produits-phytosanitaires-pour-une-france-plus-verte\/#primaryimage\",\"url\":\"https:\/\/bobea.net\/wp-content\/uploads\/2025\/06\/credit-ville-de-roanne-600_1592.jpg\",\"contentUrl\":\"https:\/\/bobea.net\/wp-content\/uploads\/2025\/06\/credit-ville-de-roanne-600_1592.jpg\",\"width\":960,\"height\":660},{\"@type\":\"BreadcrumbList\",\"@id\":\"https:\/\/bobea.net\/index.php\/2025\/06\/18\/loi-labbe-2025-de-nouvelles-restrictions-sur-les-produits-phytosanitaires-pour-une-france-plus-verte\/#breadcrumb\",\"itemListElement\":[{\"@type\":\"ListItem\",\"position\":1,\"name\":\"Accueil\",\"item\":\"https:\/\/bobea.net\/\"},{\"@type\":\"ListItem\",\"position\":2,\"name\":\"Loi Labb\u00e9 2025, de nouvelles restrictions sur les produits phytosanitaires pour une France plus verte\"}]},{\"@type\":\"WebSite\",\"@id\":\"https:\/\/bobea.net\/#website\",\"url\":\"https:\/\/bobea.net\/\",\"name\":\"Bobea\",\"description\":\"Le magazine de la nouvelle \u00c8ve\",\"publisher\":{\"@id\":\"https:\/\/bobea.net\/#organization\"},\"potentialAction\":[{\"@type\":\"SearchAction\",\"target\":{\"@type\":\"EntryPoint\",\"urlTemplate\":\"https:\/\/bobea.net\/?s={search_term_string}\"},\"query-input\":{\"@type\":\"PropertyValueSpecification\",\"valueRequired\":true,\"valueName\":\"search_term_string\"}}],\"inLanguage\":\"fr-FR\"},{\"@type\":\"Organization\",\"@id\":\"https:\/\/bobea.net\/#organization\",\"name\":\"Bobea\",\"url\":\"https:\/\/bobea.net\/\",\"logo\":{\"@type\":\"ImageObject\",\"inLanguage\":\"fr-FR\",\"@id\":\"https:\/\/bobea.net\/#\/schema\/logo\/image\/\",\"url\":\"https:\/\/bobea.net\/wp-content\/uploads\/2024\/06\/bobea.jpg\",\"contentUrl\":\"https:\/\/bobea.net\/wp-content\/uploads\/2024\/06\/bobea.jpg\",\"width\":1080,\"height\":1080,\"caption\":\"Bobea\"},\"image\":{\"@id\":\"https:\/\/bobea.net\/#\/schema\/logo\/image\/\"},\"sameAs\":[\"https:\/\/web.facebook.com\/profile.php?id=61559252188416\"]},{\"@type\":\"Person\",\"@id\":\"https:\/\/bobea.net\/#\/schema\/person\/e7f45ef187918d7c956bf619dce90ccf\",\"name\":\"bobea.info\",\"image\":{\"@type\":\"ImageObject\",\"inLanguage\":\"fr-FR\",\"@id\":\"https:\/\/bobea.net\/#\/schema\/person\/image\/\",\"url\":\"https:\/\/secure.gravatar.com\/avatar\/36147980349df887ae30808df3e29474?s=96&d=mm&r=g\",\"contentUrl\":\"https:\/\/secure.gravatar.com\/avatar\/36147980349df887ae30808df3e29474?s=96&d=mm&r=g\",\"caption\":\"bobea.info\"},\"sameAs\":[\"https:\/\/bobea.net\"],\"url\":\"https:\/\/bobea.net\/index.php\/author\/bobea-info\/\"}]}<\/script>\n<!-- \/ Yoast SEO plugin. -->","yoast_head_json":{"title":"Loi Labb\u00e9 2025, de nouvelles restrictions sur les produits phytosanitaires pour une France plus verte - Bobea","description":"une \u00e9tape majeure pour la sant\u00e9 publique et la pr\u00e9servation de la nature. Elle invite chaque citoyenne, chaque femme","robots":{"index":"index","follow":"follow","max-snippet":"max-snippet:-1","max-image-preview":"max-image-preview:large","max-video-preview":"max-video-preview:-1"},"canonical":"https:\/\/bobea.net\/index.php\/2025\/06\/18\/loi-labbe-2025-de-nouvelles-restrictions-sur-les-produits-phytosanitaires-pour-une-france-plus-verte\/","og_locale":"fr_FR","og_type":"article","og_title":"Loi Labb\u00e9 2025, de nouvelles restrictions sur les produits phytosanitaires pour une France plus verte - Bobea","og_description":"une \u00e9tape majeure pour la sant\u00e9 publique et la pr\u00e9servation de la nature. Elle invite chaque citoyenne, chaque femme","og_url":"https:\/\/bobea.net\/index.php\/2025\/06\/18\/loi-labbe-2025-de-nouvelles-restrictions-sur-les-produits-phytosanitaires-pour-une-france-plus-verte\/","og_site_name":"Bobea","article_publisher":"https:\/\/web.facebook.com\/profile.php?id=61559252188416","article_published_time":"2025-06-18T04:24:05+00:00","article_modified_time":"2025-06-18T04:24:07+00:00","og_image":[{"width":960,"height":660,"url":"https:\/\/bobea.net\/wp-content\/uploads\/2025\/06\/credit-ville-de-roanne-600_1592.jpg","type":"image\/jpeg"}],"author":"bobea.info","twitter_card":"summary_large_image","twitter_misc":{"\u00c9crit par":"bobea.info","Dur\u00e9e de lecture estim\u00e9e":"4 minutes"},"schema":{"@context":"https:\/\/schema.org","@graph":[{"@type":"Article","@id":"https:\/\/bobea.net\/index.php\/2025\/06\/18\/loi-labbe-2025-de-nouvelles-restrictions-sur-les-produits-phytosanitaires-pour-une-france-plus-verte\/#article","isPartOf":{"@id":"https:\/\/bobea.net\/index.php\/2025\/06\/18\/loi-labbe-2025-de-nouvelles-restrictions-sur-les-produits-phytosanitaires-pour-une-france-plus-verte\/"},"author":{"name":"bobea.info","@id":"https:\/\/bobea.net\/#\/schema\/person\/e7f45ef187918d7c956bf619dce90ccf"},"headline":"Loi Labb\u00e9 2025, de nouvelles restrictions sur les produits phytosanitaires pour une France plus verte","datePublished":"2025-06-18T04:24:05+00:00","dateModified":"2025-06-18T04:24:07+00:00","mainEntityOfPage":{"@id":"https:\/\/bobea.net\/index.php\/2025\/06\/18\/loi-labbe-2025-de-nouvelles-restrictions-sur-les-produits-phytosanitaires-pour-une-france-plus-verte\/"},"wordCount":644,"commentCount":0,"publisher":{"@id":"https:\/\/bobea.net\/#organization"},"image":{"@id":"https:\/\/bobea.net\/index.php\/2025\/06\/18\/loi-labbe-2025-de-nouvelles-restrictions-sur-les-produits-phytosanitaires-pour-une-france-plus-verte\/#primaryimage"},"thumbnailUrl":"https:\/\/bobea.net\/wp-content\/uploads\/2025\/06\/credit-ville-de-roanne-600_1592.jpg","articleSection":["On en Parle"],"inLanguage":"fr-FR","potentialAction":[{"@type":"CommentAction","name":"Comment","target":["https:\/\/bobea.net\/index.php\/2025\/06\/18\/loi-labbe-2025-de-nouvelles-restrictions-sur-les-produits-phytosanitaires-pour-une-france-plus-verte\/#respond"]}]},{"@type":"WebPage","@id":"https:\/\/bobea.net\/index.php\/2025\/06\/18\/loi-labbe-2025-de-nouvelles-restrictions-sur-les-produits-phytosanitaires-pour-une-france-plus-verte\/","url":"https:\/\/bobea.net\/index.php\/2025\/06\/18\/loi-labbe-2025-de-nouvelles-restrictions-sur-les-produits-phytosanitaires-pour-une-france-plus-verte\/","name":"Loi Labb\u00e9 2025, de nouvelles restrictions sur les produits phytosanitaires pour une France plus verte - Bobea","isPartOf":{"@id":"https:\/\/bobea.net\/#website"},"primaryImageOfPage":{"@id":"https:\/\/bobea.net\/index.php\/2025\/06\/18\/loi-labbe-2025-de-nouvelles-restrictions-sur-les-produits-phytosanitaires-pour-une-france-plus-verte\/#primaryimage"},"image":{"@id":"https:\/\/bobea.net\/index.php\/2025\/06\/18\/loi-labbe-2025-de-nouvelles-restrictions-sur-les-produits-phytosanitaires-pour-une-france-plus-verte\/#primaryimage"},"thumbnailUrl":"https:\/\/bobea.net\/wp-content\/uploads\/2025\/06\/credit-ville-de-roanne-600_1592.jpg","datePublished":"2025-06-18T04:24:05+00:00","dateModified":"2025-06-18T04:24:07+00:00","description":"une \u00e9tape majeure pour la sant\u00e9 publique et la pr\u00e9servation de la nature. Elle invite chaque citoyenne, chaque femme","breadcrumb":{"@id":"https:\/\/bobea.net\/index.php\/2025\/06\/18\/loi-labbe-2025-de-nouvelles-restrictions-sur-les-produits-phytosanitaires-pour-une-france-plus-verte\/#breadcrumb"},"inLanguage":"fr-FR","potentialAction":[{"@type":"ReadAction","target":["https:\/\/bobea.net\/index.php\/2025\/06\/18\/loi-labbe-2025-de-nouvelles-restrictions-sur-les-produits-phytosanitaires-pour-une-france-plus-verte\/"]}]},{"@type":"ImageObject","inLanguage":"fr-FR","@id":"https:\/\/bobea.net\/index.php\/2025\/06\/18\/loi-labbe-2025-de-nouvelles-restrictions-sur-les-produits-phytosanitaires-pour-une-france-plus-verte\/#primaryimage","url":"https:\/\/bobea.net\/wp-content\/uploads\/2025\/06\/credit-ville-de-roanne-600_1592.jpg","contentUrl":"https:\/\/bobea.net\/wp-content\/uploads\/2025\/06\/credit-ville-de-roanne-600_1592.jpg","width":960,"height":660},{"@type":"BreadcrumbList","@id":"https:\/\/bobea.net\/index.php\/2025\/06\/18\/loi-labbe-2025-de-nouvelles-restrictions-sur-les-produits-phytosanitaires-pour-une-france-plus-verte\/#breadcrumb","itemListElement":[{"@type":"ListItem","position":1,"name":"Accueil","item":"https:\/\/bobea.net\/"},{"@type":"ListItem","position":2,"name":"Loi Labb\u00e9 2025, de nouvelles restrictions sur les produits phytosanitaires pour une France plus verte"}]},{"@type":"WebSite","@id":"https:\/\/bobea.net\/#website","url":"https:\/\/bobea.net\/","name":"Bobea","description":"Le magazine de la nouvelle \u00c8ve","publisher":{"@id":"https:\/\/bobea.net\/#organization"},"potentialAction":[{"@type":"SearchAction","target":{"@type":"EntryPoint","urlTemplate":"https:\/\/bobea.net\/?s={search_term_string}"},"query-input":{"@type":"PropertyValueSpecification","valueRequired":true,"valueName":"search_term_string"}}],"inLanguage":"fr-FR"},{"@type":"Organization","@id":"https:\/\/bobea.net\/#organization","name":"Bobea","url":"https:\/\/bobea.net\/","logo":{"@type":"ImageObject","inLanguage":"fr-FR","@id":"https:\/\/bobea.net\/#\/schema\/logo\/image\/","url":"https:\/\/bobea.net\/wp-content\/uploads\/2024\/06\/bobea.jpg","contentUrl":"https:\/\/bobea.net\/wp-content\/uploads\/2024\/06\/bobea.jpg","width":1080,"height":1080,"caption":"Bobea"},"image":{"@id":"https:\/\/bobea.net\/#\/schema\/logo\/image\/"},"sameAs":["https:\/\/web.facebook.com\/profile.php?id=61559252188416"]},{"@type":"Person","@id":"https:\/\/bobea.net\/#\/schema\/person\/e7f45ef187918d7c956bf619dce90ccf","name":"bobea.info","image":{"@type":"ImageObject","inLanguage":"fr-FR","@id":"https:\/\/bobea.net\/#\/schema\/person\/image\/","url":"https:\/\/secure.gravatar.com\/avatar\/36147980349df887ae30808df3e29474?s=96&d=mm&r=g","contentUrl":"https:\/\/secure.gravatar.com\/avatar\/36147980349df887ae30808df3e29474?s=96&d=mm&r=g","caption":"bobea.info"},"sameAs":["https:\/\/bobea.net"],"url":"https:\/\/bobea.net\/index.php\/author\/bobea-info\/"}]}},"_links":{"self":[{"href":"https:\/\/bobea.net\/index.php\/wp-json\/wp\/v2\/posts\/19246"}],"collection":[{"href":"https:\/\/bobea.net\/index.php\/wp-json\/wp\/v2\/posts"}],"about":[{"href":"https:\/\/bobea.net\/index.php\/wp-json\/wp\/v2\/types\/post"}],"author":[{"embeddable":true,"href":"https:\/\/bobea.net\/index.php\/wp-json\/wp\/v2\/users\/1"}],"replies":[{"embeddable":true,"href":"https:\/\/bobea.net\/index.php\/wp-json\/wp\/v2\/comments?post=19246"}],"version-history":[{"count":1,"href":"https:\/\/bobea.net\/index.php\/wp-json\/wp\/v2\/posts\/19246\/revisions"}],"predecessor-version":[{"id":19249,"href":"https:\/\/bobea.net\/index.php\/wp-json\/wp\/v2\/posts\/19246\/revisions\/19249"}],"wp:featuredmedia":[{"embeddable":true,"href":"https:\/\/bobea.net\/index.php\/wp-json\/wp\/v2\/media\/19248"}],"wp:attachment":[{"href":"https:\/\/bobea.net\/index.php\/wp-json\/wp\/v2\/media?parent=19246"}],"wp:term":[{"taxonomy":"category","embeddable":true,"href":"https:\/\/bobea.net\/index.php\/wp-json\/wp\/v2\/categories?post=19246"},{"taxonomy":"post_tag","embeddable":true,"href":"https:\/\/bobea.net\/index.php\/wp-json\/wp\/v2\/tags?post=19246"}],"curies":[{"name":"wp","href":"https:\/\/api.w.org\/{rel}","templated":true}]}}