{"id":1839,"date":"2024-02-28T13:33:22","date_gmt":"2024-02-28T13:33:22","guid":{"rendered":"https:\/\/bobea.net\/?p=1839"},"modified":"2024-02-28T13:33:26","modified_gmt":"2024-02-28T13:33:26","slug":"victoria-beckham-fait-son-entree-en-bequilles-a-paris","status":"publish","type":"post","link":"https:\/\/bobea.net\/index.php\/2024\/02\/28\/victoria-beckham-fait-son-entree-en-bequilles-a-paris\/","title":{"rendered":"Victoria Beckham fait son entr\u00e9e en b\u00e9quilles \u00e0 Paris"},"content":{"rendered":"\n<figure class=\"wp-block-gallery has-nested-images columns-default is-cropped wp-block-gallery-1 is-layout-flex wp-block-gallery-is-layout-flex\">\n<figure class=\"wp-block-image size-large\"><img loading=\"lazy\" decoding=\"async\" width=\"343\" height=\"514\" data-id=\"1840\" src=\"https:\/\/bobea.net\/wp-content\/uploads\/2024\/02\/bestimage_00651640_000003.jpg\" alt class=\"wp-image-1840\" srcset=\"https:\/\/bobea.net\/wp-content\/uploads\/2024\/02\/bestimage_00651640_000003.jpg 343w, https:\/\/bobea.net\/wp-content\/uploads\/2024\/02\/bestimage_00651640_000003-200x300.jpg 200w\" sizes=\"(max-width: 343px) 100vw, 343px\"><\/figure>\n\n\n\n<figure class=\"wp-block-image size-large\"><img loading=\"lazy\" decoding=\"async\" width=\"1024\" height=\"674\" data-id=\"1841\" src=\"https:\/\/bobea.net\/wp-content\/uploads\/2024\/02\/A4HUBKWF6ZFQVMCXG5ETXNBY4M-1024x674.jpg\" alt class=\"wp-image-1841\" srcset=\"https:\/\/bobea.net\/wp-content\/uploads\/2024\/02\/A4HUBKWF6ZFQVMCXG5ETXNBY4M-1024x674.jpg 1024w, https:\/\/bobea.net\/wp-content\/uploads\/2024\/02\/A4HUBKWF6ZFQVMCXG5ETXNBY4M-300x198.jpg 300w, https:\/\/bobea.net\/wp-content\/uploads\/2024\/02\/A4HUBKWF6ZFQVMCXG5ETXNBY4M-768x506.jpg 768w, https:\/\/bobea.net\/wp-content\/uploads\/2024\/02\/A4HUBKWF6ZFQVMCXG5ETXNBY4M-1536x1011.jpg 1536w, https:\/\/bobea.net\/wp-content\/uploads\/2024\/02\/A4HUBKWF6ZFQVMCXG5ETXNBY4M-2048x1348.jpg 2048w\" sizes=\"(max-width: 1024px) 100vw, 1024px\"><\/figure>\n<\/figure>\n\n\n\n<p class=\"has-medium-font-size\">L\u2019an\u00adci\u00adenne Spice Girls &nbsp;a pos\u00e9 ses valis\u00ades dans la cap\u00adi\u00adtale fran\u00e7aise \u00e0 l\u2019occasion de&nbsp;la Fash\u00adion Week&nbsp;de Paris. La cr\u00e9a\u00adtrice a attir\u00e9 tous les regards. Et pour cause. Cette derni\u00e8re est arriv\u00e9e \u00e0 Gare du Nord avec des b\u00e9quilles et une botte de marche au pied gauche. Elle por\u00adtait une par\u00adka kaki, des lunettes de soleil, ain\u00adsi qu\u2019un leg\u00adging noir. C\u00f4t\u00e9 chaus\u00adsures elle por\u00adtait au pied droit un escarpin noir Ala\u00efa. Pour l\u2019aider, un de ses gardes du corps tenait son sac \u00e0 main Her\u00adm\u00e8s et un para\u00adpluie. Il y a deux semaines, l\u2019\u00e9pouse de David Beck\u00adham annon\u00e7ait sur ses r\u00e9seaux soci\u00adaux qu\u2019elle s\u2019\u00e9tait cass\u00e9e le pied en tombant lors d\u2019une s\u00e9ance de sport. Son mari a annon\u00adc\u00e9 sur son Insta\u00adgram : \u00ab Apparem\u00adment, le petit acci\u00addent de ma femme au sport est une frac\u00adture nette. \u00bb Vic\u00adto\u00adria va donc garder sa botte de marche \u00e0 la cheville. Le 1er mars, Vic\u00adto\u00adria Beck\u00adham pr\u00e9sen\u00adtera sa col\u00adlec\u00adtion pr\u00eat-\u00e0-porter automne-hiv\u00ader&nbsp;2024\u20132025.<\/p>\n","protected":false},"excerpt":{"rendered":"<p>L\u2019an\u00adci\u00adenne Spice Girls &nbsp;a pos\u00e9 ses valis\u00ades dans la cap\u00adi\u00adtale fran\u00e7aise \u00e0 l\u2019occasion de&nbsp;la Fash\u00adion Week&nbsp;de Paris. La cr\u00e9a\u00adtrice a attir\u00e9 tous les regards. Et pour cause. Cette derni\u00e8re est\u2026 <\/p>\n","protected":false},"author":10,"featured_media":1842,"comment_status":"open","ping_status":"open","sticky":false,"template":"","format":"standard","meta":{"wp_typography_post_enhancements_disabled":false,"footnotes":""},"categories":[70,48],"tags":[],"class_list":["post-1839","post","type-post","status-publish","format-standard","has-post-thumbnail","hentry","category-actu","category-edito"],"yoast_head":"<!-- This site is optimized with the Yoast SEO plugin v24.7 - https:\/\/yoast.com\/wordpress\/plugins\/seo\/ -->\n<title>Victoria Beckham fait son entr\u00e9e en b\u00e9quilles \u00e0 Paris - Bobea<\/title>\n<meta name=\"robots\" content=\"index, follow, max-snippet:-1, max-image-preview:large, max-video-preview:-1\" \/>\n<link rel=\"canonical\" href=\"https:\/\/bobea.net\/index.php\/2024\/02\/28\/victoria-beckham-fait-son-entree-en-bequilles-a-paris\/\" \/>\n<meta property=\"og:locale\" content=\"fr_FR\" \/>\n<meta property=\"og:type\" content=\"article\" \/>\n<meta property=\"og:title\" content=\"Victoria Beckham fait son entr\u00e9e en b\u00e9quilles \u00e0 Paris - Bobea\" \/>\n<meta property=\"og:description\" content=\"L\u2019an\u00adci\u00adenne Spice Girls &nbsp;a pos\u00e9 ses valis\u00ades dans la cap\u00adi\u00adtale fran\u00e7aise \u00e0 l\u2019occasion de&nbsp;la Fash\u00adion Week&nbsp;de Paris. La cr\u00e9a\u00adtrice a attir\u00e9 tous les regards. Et pour cause. Cette derni\u00e8re est&hellip;\" \/>\n<meta property=\"og:url\" content=\"https:\/\/bobea.net\/index.php\/2024\/02\/28\/victoria-beckham-fait-son-entree-en-bequilles-a-paris\/\" \/>\n<meta property=\"og:site_name\" content=\"Bobea\" \/>\n<meta property=\"article:publisher\" content=\"https:\/\/web.facebook.com\/profile.php?id=61559252188416\" \/>\n<meta property=\"article:published_time\" content=\"2024-02-28T13:33:22+00:00\" \/>\n<meta property=\"article:modified_time\" content=\"2024-02-28T13:33:26+00:00\" \/>\n<meta property=\"og:image\" content=\"https:\/\/bobea.net\/wp-content\/uploads\/2024\/02\/bestimage_00651640_000009-scaled.jpg\" \/>\n\t<meta property=\"og:image:width\" content=\"2560\" \/>\n\t<meta property=\"og:image:height\" content=\"1707\" \/>\n\t<meta property=\"og:image:type\" content=\"image\/jpeg\" \/>\n<meta name=\"author\" content=\"Zara Mourad\" \/>\n<meta name=\"twitter:card\" content=\"summary_large_image\" \/>\n<meta name=\"twitter:label1\" content=\"\u00c9crit par\" \/>\n\t<meta name=\"twitter:data1\" content=\"Zara Mourad\" \/>\n\t<meta name=\"twitter:label2\" content=\"Dur\u00e9e de lecture estim\u00e9e\" \/>\n\t<meta name=\"twitter:data2\" content=\"1 minute\" \/>\n<script type=\"application\/ld+json\" class=\"yoast-schema-graph\">{\"@context\":\"https:\/\/schema.org\",\"@graph\":[{\"@type\":\"Article\",\"@id\":\"https:\/\/bobea.net\/index.php\/2024\/02\/28\/victoria-beckham-fait-son-entree-en-bequilles-a-paris\/#article\",\"isPartOf\":{\"@id\":\"https:\/\/bobea.net\/index.php\/2024\/02\/28\/victoria-beckham-fait-son-entree-en-bequilles-a-paris\/\"},\"author\":{\"name\":\"Zara Mourad\",\"@id\":\"https:\/\/bobea.net\/#\/schema\/person\/fca298ae2c9c48f38378d5c73244accd\"},\"headline\":\"Victoria Beckham fait son entr\u00e9e en b\u00e9quilles \u00e0 Paris\",\"datePublished\":\"2024-02-28T13:33:22+00:00\",\"dateModified\":\"2024-02-28T13:33:26+00:00\",\"mainEntityOfPage\":{\"@id\":\"https:\/\/bobea.net\/index.php\/2024\/02\/28\/victoria-beckham-fait-son-entree-en-bequilles-a-paris\/\"},\"wordCount\":186,\"commentCount\":0,\"publisher\":{\"@id\":\"https:\/\/bobea.net\/#organization\"},\"image\":{\"@id\":\"https:\/\/bobea.net\/index.php\/2024\/02\/28\/victoria-beckham-fait-son-entree-en-bequilles-a-paris\/#primaryimage\"},\"thumbnailUrl\":\"https:\/\/bobea.net\/wp-content\/uploads\/2024\/02\/bestimage_00651640_000009-scaled.jpg\",\"articleSection\":[\"Actu\",\"edito\"],\"inLanguage\":\"fr-FR\",\"potentialAction\":[{\"@type\":\"CommentAction\",\"name\":\"Comment\",\"target\":[\"https:\/\/bobea.net\/index.php\/2024\/02\/28\/victoria-beckham-fait-son-entree-en-bequilles-a-paris\/#respond\"]}]},{\"@type\":\"WebPage\",\"@id\":\"https:\/\/bobea.net\/index.php\/2024\/02\/28\/victoria-beckham-fait-son-entree-en-bequilles-a-paris\/\",\"url\":\"https:\/\/bobea.net\/index.php\/2024\/02\/28\/victoria-beckham-fait-son-entree-en-bequilles-a-paris\/\",\"name\":\"Victoria Beckham fait son entr\u00e9e en b\u00e9quilles \u00e0 Paris - Bobea\",\"isPartOf\":{\"@id\":\"https:\/\/bobea.net\/#website\"},\"primaryImageOfPage\":{\"@id\":\"https:\/\/bobea.net\/index.php\/2024\/02\/28\/victoria-beckham-fait-son-entree-en-bequilles-a-paris\/#primaryimage\"},\"image\":{\"@id\":\"https:\/\/bobea.net\/index.php\/2024\/02\/28\/victoria-beckham-fait-son-entree-en-bequilles-a-paris\/#primaryimage\"},\"thumbnailUrl\":\"https:\/\/bobea.net\/wp-content\/uploads\/2024\/02\/bestimage_00651640_000009-scaled.jpg\",\"datePublished\":\"2024-02-28T13:33:22+00:00\",\"dateModified\":\"2024-02-28T13:33:26+00:00\",\"breadcrumb\":{\"@id\":\"https:\/\/bobea.net\/index.php\/2024\/02\/28\/victoria-beckham-fait-son-entree-en-bequilles-a-paris\/#breadcrumb\"},\"inLanguage\":\"fr-FR\",\"potentialAction\":[{\"@type\":\"ReadAction\",\"target\":[\"https:\/\/bobea.net\/index.php\/2024\/02\/28\/victoria-beckham-fait-son-entree-en-bequilles-a-paris\/\"]}]},{\"@type\":\"ImageObject\",\"inLanguage\":\"fr-FR\",\"@id\":\"https:\/\/bobea.net\/index.php\/2024\/02\/28\/victoria-beckham-fait-son-entree-en-bequilles-a-paris\/#primaryimage\",\"url\":\"https:\/\/bobea.net\/wp-content\/uploads\/2024\/02\/bestimage_00651640_000009-scaled.jpg\",\"contentUrl\":\"https:\/\/bobea.net\/wp-content\/uploads\/2024\/02\/bestimage_00651640_000009-scaled.jpg\",\"width\":2560,\"height\":1707,\"caption\":\"Semi-exclusif - Victoria Beckham arrive sous une pluie battante \u00e0 Gare du Nord, marchant avec des b\u00e9quilles et portant une botte de protection (attelle) \u00e0 Paris, France, le 26 f\u00e9vrier 2024. La Spice Girl de 49 ans s\u2019est cass\u00e9 le pied le jour de la Saint-Valentin apr\u00e8s \u00eatre tomb\u00e9e \u00e0 la salle de sport.\"},{\"@type\":\"BreadcrumbList\",\"@id\":\"https:\/\/bobea.net\/index.php\/2024\/02\/28\/victoria-beckham-fait-son-entree-en-bequilles-a-paris\/#breadcrumb\",\"itemListElement\":[{\"@type\":\"ListItem\",\"position\":1,\"name\":\"Accueil\",\"item\":\"https:\/\/bobea.net\/\"},{\"@type\":\"ListItem\",\"position\":2,\"name\":\"Victoria Beckham fait son entr\u00e9e en b\u00e9quilles \u00e0 Paris\"}]},{\"@type\":\"WebSite\",\"@id\":\"https:\/\/bobea.net\/#website\",\"url\":\"https:\/\/bobea.net\/\",\"name\":\"Bobea\",\"description\":\"Le magazine de la nouvelle \u00c8ve\",\"publisher\":{\"@id\":\"https:\/\/bobea.net\/#organization\"},\"potentialAction\":[{\"@type\":\"SearchAction\",\"target\":{\"@type\":\"EntryPoint\",\"urlTemplate\":\"https:\/\/bobea.net\/?s={search_term_string}\"},\"query-input\":{\"@type\":\"PropertyValueSpecification\",\"valueRequired\":true,\"valueName\":\"search_term_string\"}}],\"inLanguage\":\"fr-FR\"},{\"@type\":\"Organization\",\"@id\":\"https:\/\/bobea.net\/#organization\",\"name\":\"Bobea\",\"url\":\"https:\/\/bobea.net\/\",\"logo\":{\"@type\":\"ImageObject\",\"inLanguage\":\"fr-FR\",\"@id\":\"https:\/\/bobea.net\/#\/schema\/logo\/image\/\",\"url\":\"https:\/\/bobea.net\/wp-content\/uploads\/2024\/06\/bobea.jpg\",\"contentUrl\":\"https:\/\/bobea.net\/wp-content\/uploads\/2024\/06\/bobea.jpg\",\"width\":1080,\"height\":1080,\"caption\":\"Bobea\"},\"image\":{\"@id\":\"https:\/\/bobea.net\/#\/schema\/logo\/image\/\"},\"sameAs\":[\"https:\/\/web.facebook.com\/profile.php?id=61559252188416\"]},{\"@type\":\"Person\",\"@id\":\"https:\/\/bobea.net\/#\/schema\/person\/fca298ae2c9c48f38378d5c73244accd\",\"name\":\"Zara Mourad\",\"image\":{\"@type\":\"ImageObject\",\"inLanguage\":\"fr-FR\",\"@id\":\"https:\/\/bobea.net\/#\/schema\/person\/image\/\",\"url\":\"https:\/\/secure.gravatar.com\/avatar\/63fb5bb9899799327dd77edb216a6be1?s=96&d=mm&r=g\",\"contentUrl\":\"https:\/\/secure.gravatar.com\/avatar\/63fb5bb9899799327dd77edb216a6be1?s=96&d=mm&r=g\",\"caption\":\"Zara Mourad\"},\"url\":\"https:\/\/bobea.net\/index.php\/author\/zara-mourad\/\"}]}<\/script>\n<!-- \/ Yoast SEO plugin. -->","yoast_head_json":{"title":"Victoria Beckham fait son entr\u00e9e en b\u00e9quilles \u00e0 Paris - Bobea","robots":{"index":"index","follow":"follow","max-snippet":"max-snippet:-1","max-image-preview":"max-image-preview:large","max-video-preview":"max-video-preview:-1"},"canonical":"https:\/\/bobea.net\/index.php\/2024\/02\/28\/victoria-beckham-fait-son-entree-en-bequilles-a-paris\/","og_locale":"fr_FR","og_type":"article","og_title":"Victoria Beckham fait son entr\u00e9e en b\u00e9quilles \u00e0 Paris - Bobea","og_description":"L\u2019an\u00adci\u00adenne Spice Girls &nbsp;a pos\u00e9 ses valis\u00ades dans la cap\u00adi\u00adtale fran\u00e7aise \u00e0 l\u2019occasion de&nbsp;la Fash\u00adion Week&nbsp;de Paris. La cr\u00e9a\u00adtrice a attir\u00e9 tous les regards. Et pour cause. Cette derni\u00e8re est&hellip;","og_url":"https:\/\/bobea.net\/index.php\/2024\/02\/28\/victoria-beckham-fait-son-entree-en-bequilles-a-paris\/","og_site_name":"Bobea","article_publisher":"https:\/\/web.facebook.com\/profile.php?id=61559252188416","article_published_time":"2024-02-28T13:33:22+00:00","article_modified_time":"2024-02-28T13:33:26+00:00","og_image":[{"width":2560,"height":1707,"url":"https:\/\/bobea.net\/wp-content\/uploads\/2024\/02\/bestimage_00651640_000009-scaled.jpg","type":"image\/jpeg"}],"author":"Zara Mourad","twitter_card":"summary_large_image","twitter_misc":{"\u00c9crit par":"Zara Mourad","Dur\u00e9e de lecture estim\u00e9e":"1 minute"},"schema":{"@context":"https:\/\/schema.org","@graph":[{"@type":"Article","@id":"https:\/\/bobea.net\/index.php\/2024\/02\/28\/victoria-beckham-fait-son-entree-en-bequilles-a-paris\/#article","isPartOf":{"@id":"https:\/\/bobea.net\/index.php\/2024\/02\/28\/victoria-beckham-fait-son-entree-en-bequilles-a-paris\/"},"author":{"name":"Zara Mourad","@id":"https:\/\/bobea.net\/#\/schema\/person\/fca298ae2c9c48f38378d5c73244accd"},"headline":"Victoria Beckham fait son entr\u00e9e en b\u00e9quilles \u00e0 Paris","datePublished":"2024-02-28T13:33:22+00:00","dateModified":"2024-02-28T13:33:26+00:00","mainEntityOfPage":{"@id":"https:\/\/bobea.net\/index.php\/2024\/02\/28\/victoria-beckham-fait-son-entree-en-bequilles-a-paris\/"},"wordCount":186,"commentCount":0,"publisher":{"@id":"https:\/\/bobea.net\/#organization"},"image":{"@id":"https:\/\/bobea.net\/index.php\/2024\/02\/28\/victoria-beckham-fait-son-entree-en-bequilles-a-paris\/#primaryimage"},"thumbnailUrl":"https:\/\/bobea.net\/wp-content\/uploads\/2024\/02\/bestimage_00651640_000009-scaled.jpg","articleSection":["Actu","edito"],"inLanguage":"fr-FR","potentialAction":[{"@type":"CommentAction","name":"Comment","target":["https:\/\/bobea.net\/index.php\/2024\/02\/28\/victoria-beckham-fait-son-entree-en-bequilles-a-paris\/#respond"]}]},{"@type":"WebPage","@id":"https:\/\/bobea.net\/index.php\/2024\/02\/28\/victoria-beckham-fait-son-entree-en-bequilles-a-paris\/","url":"https:\/\/bobea.net\/index.php\/2024\/02\/28\/victoria-beckham-fait-son-entree-en-bequilles-a-paris\/","name":"Victoria Beckham fait son entr\u00e9e en b\u00e9quilles \u00e0 Paris - Bobea","isPartOf":{"@id":"https:\/\/bobea.net\/#website"},"primaryImageOfPage":{"@id":"https:\/\/bobea.net\/index.php\/2024\/02\/28\/victoria-beckham-fait-son-entree-en-bequilles-a-paris\/#primaryimage"},"image":{"@id":"https:\/\/bobea.net\/index.php\/2024\/02\/28\/victoria-beckham-fait-son-entree-en-bequilles-a-paris\/#primaryimage"},"thumbnailUrl":"https:\/\/bobea.net\/wp-content\/uploads\/2024\/02\/bestimage_00651640_000009-scaled.jpg","datePublished":"2024-02-28T13:33:22+00:00","dateModified":"2024-02-28T13:33:26+00:00","breadcrumb":{"@id":"https:\/\/bobea.net\/index.php\/2024\/02\/28\/victoria-beckham-fait-son-entree-en-bequilles-a-paris\/#breadcrumb"},"inLanguage":"fr-FR","potentialAction":[{"@type":"ReadAction","target":["https:\/\/bobea.net\/index.php\/2024\/02\/28\/victoria-beckham-fait-son-entree-en-bequilles-a-paris\/"]}]},{"@type":"ImageObject","inLanguage":"fr-FR","@id":"https:\/\/bobea.net\/index.php\/2024\/02\/28\/victoria-beckham-fait-son-entree-en-bequilles-a-paris\/#primaryimage","url":"https:\/\/bobea.net\/wp-content\/uploads\/2024\/02\/bestimage_00651640_000009-scaled.jpg","contentUrl":"https:\/\/bobea.net\/wp-content\/uploads\/2024\/02\/bestimage_00651640_000009-scaled.jpg","width":2560,"height":1707,"caption":"Semi-exclusif - Victoria Beckham arrive sous une pluie battante \u00e0 Gare du Nord, marchant avec des b\u00e9quilles et portant une botte de protection (attelle) \u00e0 Paris, France, le 26 f\u00e9vrier 2024. La Spice Girl de 49 ans s\u2019est cass\u00e9 le pied le jour de la Saint-Valentin apr\u00e8s \u00eatre tomb\u00e9e \u00e0 la salle de sport."},{"@type":"BreadcrumbList","@id":"https:\/\/bobea.net\/index.php\/2024\/02\/28\/victoria-beckham-fait-son-entree-en-bequilles-a-paris\/#breadcrumb","itemListElement":[{"@type":"ListItem","position":1,"name":"Accueil","item":"https:\/\/bobea.net\/"},{"@type":"ListItem","position":2,"name":"Victoria Beckham fait son entr\u00e9e en b\u00e9quilles \u00e0 Paris"}]},{"@type":"WebSite","@id":"https:\/\/bobea.net\/#website","url":"https:\/\/bobea.net\/","name":"Bobea","description":"Le magazine de la nouvelle \u00c8ve","publisher":{"@id":"https:\/\/bobea.net\/#organization"},"potentialAction":[{"@type":"SearchAction","target":{"@type":"EntryPoint","urlTemplate":"https:\/\/bobea.net\/?s={search_term_string}"},"query-input":{"@type":"PropertyValueSpecification","valueRequired":true,"valueName":"search_term_string"}}],"inLanguage":"fr-FR"},{"@type":"Organization","@id":"https:\/\/bobea.net\/#organization","name":"Bobea","url":"https:\/\/bobea.net\/","logo":{"@type":"ImageObject","inLanguage":"fr-FR","@id":"https:\/\/bobea.net\/#\/schema\/logo\/image\/","url":"https:\/\/bobea.net\/wp-content\/uploads\/2024\/06\/bobea.jpg","contentUrl":"https:\/\/bobea.net\/wp-content\/uploads\/2024\/06\/bobea.jpg","width":1080,"height":1080,"caption":"Bobea"},"image":{"@id":"https:\/\/bobea.net\/#\/schema\/logo\/image\/"},"sameAs":["https:\/\/web.facebook.com\/profile.php?id=61559252188416"]},{"@type":"Person","@id":"https:\/\/bobea.net\/#\/schema\/person\/fca298ae2c9c48f38378d5c73244accd","name":"Zara Mourad","image":{"@type":"ImageObject","inLanguage":"fr-FR","@id":"https:\/\/bobea.net\/#\/schema\/person\/image\/","url":"https:\/\/secure.gravatar.com\/avatar\/63fb5bb9899799327dd77edb216a6be1?s=96&d=mm&r=g","contentUrl":"https:\/\/secure.gravatar.com\/avatar\/63fb5bb9899799327dd77edb216a6be1?s=96&d=mm&r=g","caption":"Zara Mourad"},"url":"https:\/\/bobea.net\/index.php\/author\/zara-mourad\/"}]}},"_links":{"self":[{"href":"https:\/\/bobea.net\/index.php\/wp-json\/wp\/v2\/posts\/1839"}],"collection":[{"href":"https:\/\/bobea.net\/index.php\/wp-json\/wp\/v2\/posts"}],"about":[{"href":"https:\/\/bobea.net\/index.php\/wp-json\/wp\/v2\/types\/post"}],"author":[{"embeddable":true,"href":"https:\/\/bobea.net\/index.php\/wp-json\/wp\/v2\/users\/10"}],"replies":[{"embeddable":true,"href":"https:\/\/bobea.net\/index.php\/wp-json\/wp\/v2\/comments?post=1839"}],"version-history":[{"count":0,"href":"https:\/\/bobea.net\/index.php\/wp-json\/wp\/v2\/posts\/1839\/revisions"}],"wp:featuredmedia":[{"embeddable":true,"href":"https:\/\/bobea.net\/index.php\/wp-json\/wp\/v2\/media\/1842"}],"wp:attachment":[{"href":"https:\/\/bobea.net\/index.php\/wp-json\/wp\/v2\/media?parent=1839"}],"wp:term":[{"taxonomy":"category","embeddable":true,"href":"https:\/\/bobea.net\/index.php\/wp-json\/wp\/v2\/categories?post=1839"},{"taxonomy":"post_tag","embeddable":true,"href":"https:\/\/bobea.net\/index.php\/wp-json\/wp\/v2\/tags?post=1839"}],"curies":[{"name":"wp","href":"https:\/\/api.w.org\/{rel}","templated":true}]}}