{"id":1822,"date":"2024-02-28T13:09:40","date_gmt":"2024-02-28T13:09:40","guid":{"rendered":"https:\/\/bobea.net\/?p=1822"},"modified":"2024-02-28T13:09:41","modified_gmt":"2024-02-28T13:09:41","slug":"virginie-efira-a-attire-les-regards-lors-du-defile-saint-laurent","status":"publish","type":"post","link":"https:\/\/bobea.net\/index.php\/2024\/02\/28\/virginie-efira-a-attire-les-regards-lors-du-defile-saint-laurent\/","title":{"rendered":"Virginie Efira a attir\u00e9 les regards lors du d\u00e9fil\u00e9 Saint Laurent"},"content":{"rendered":"\n<figure class=\"wp-block-gallery has-nested-images columns-default is-cropped wp-block-gallery-1 is-layout-flex wp-block-gallery-is-layout-flex\">\n<figure class=\"wp-block-image\"><img decoding=\"async\" src=\"blob:https:\/\/bobea.net\/70a85f90-4438-4918-a1d8-19c1f2bd7116\" alt><\/figure>\n\n\n\n<figure class=\"wp-block-image\"><img decoding=\"async\" src=\"blob:https:\/\/bobea.net\/f257accd-8911-47c9-a480-288ba348ae07\" alt><\/figure>\n<\/figure>\n\n\n\n<p class=\"has-medium-font-size\">Apr\u00e8s&nbsp;New York, Lon\u00addres et&nbsp;Milan, c\u2019est au tour de la&nbsp;Fash\u00adion Week de Paris&nbsp;que les regards sont d\u00e9sor\u00admais riv\u00e9s du lun\u00addi 26 f\u00e9vri\u00ader au lun\u00addi 5 mars. En une semaine, la cap\u00adi\u00adtale fran\u00e7aise accueille la pr\u00e9sen\u00adta\u00adtion des&nbsp;col\u00adlec\u00adtions pr\u00eat-\u00e0-porter Automne\/Hiver 2024\u20132025. Et comme tou\u00adjours, le spec\u00adta\u00adcle est aus\u00adsi bien sur le podi\u00adum que dans le pub\u00adlic. C\u2019est&nbsp;Vir\u00adginie Efi\u00adra&nbsp;qui a fait sen\u00adsa\u00adtion lors du d\u00e9fil\u00e9&nbsp;Saint Lau\u00adrent. Habil\u00adl\u00e9e par Antho\u00adny Vac\u00adcarel\u00adlo depuis 2016, la com\u00e9\u00addi\u00adenne belge \u00e9tait \u00e9pous\u00adtou\u00adflante dans une&nbsp;tr\u00e8s sexy robe longue drap\u00e9e noire qui \u00e9tait fendue jusqu\u2019en haut de la cuisse. Cette cr\u00e9a\u00adtion Saint Lau\u00adrent par Antho\u00adny Vac\u00adcarel\u00adlo d\u00e9voilait ain\u00adsi qua\u00adsi totale\u00adment les&nbsp;jolies jambes de la com\u00e9\u00addi\u00adenne, qui avait toute\u00adfois enfil\u00e9 des col\u00adlants noirs trans\u00adpar\u00adents et un long trench en cuir noir au vu des fris\u00adquettes tem\u00adp\u00e9ra\u00adtures parisi\u00adennes.<\/p>\n\n\n\n<p class=\"has-medium-font-size\">Il y a quelques jours, lors des C\u00e9sar 2024, l\u2019actrice de 46 ans en avait d\u00e9j\u00e0 mis plein la vue dans une sen\u00adsuelle&nbsp;robe moulante&nbsp;glit\u00adter sign\u00e9e Antho\u00adny Vac\u00adcarel\u00adlo.<\/p>\n","protected":false},"excerpt":{"rendered":"<p>Apr\u00e8s&nbsp;New York, Lon\u00addres et&nbsp;Milan, c\u2019est au tour de la&nbsp;Fash\u00adion Week de Paris&nbsp;que les regards sont d\u00e9sor\u00admais riv\u00e9s du lun\u00addi 26 f\u00e9vri\u00ader au lun\u00addi 5 mars. En une semaine, la cap\u00adi\u00adtale\u2026 <\/p>\n","protected":false},"author":1,"featured_media":1825,"comment_status":"open","ping_status":"open","sticky":false,"template":"","format":"standard","meta":{"wp_typography_post_enhancements_disabled":false,"footnotes":""},"categories":[51,50],"tags":[],"class_list":["post-1822","post","type-post","status-publish","format-standard","has-post-thumbnail","hentry","category-beaute","category-mode"],"yoast_head":"<!-- This site is optimized with the Yoast SEO plugin v24.7 - https:\/\/yoast.com\/wordpress\/plugins\/seo\/ -->\n<title>Virginie Efira a attir\u00e9 les regards lors du d\u00e9fil\u00e9 Saint Laurent - Bobea<\/title>\n<meta name=\"robots\" content=\"index, follow, max-snippet:-1, max-image-preview:large, max-video-preview:-1\" \/>\n<link rel=\"canonical\" href=\"https:\/\/bobea.net\/index.php\/2024\/02\/28\/virginie-efira-a-attire-les-regards-lors-du-defile-saint-laurent\/\" \/>\n<meta property=\"og:locale\" content=\"fr_FR\" \/>\n<meta property=\"og:type\" content=\"article\" \/>\n<meta property=\"og:title\" content=\"Virginie Efira a attir\u00e9 les regards lors du d\u00e9fil\u00e9 Saint Laurent - Bobea\" \/>\n<meta property=\"og:description\" content=\"Apr\u00e8s&nbsp;New York, Lon\u00addres et&nbsp;Milan, c\u2019est au tour de la&nbsp;Fash\u00adion Week de Paris&nbsp;que les regards sont d\u00e9sor\u00admais riv\u00e9s du lun\u00addi 26 f\u00e9vri\u00ader au lun\u00addi 5 mars. En une semaine, la cap\u00adi\u00adtale&hellip;\" \/>\n<meta property=\"og:url\" content=\"https:\/\/bobea.net\/index.php\/2024\/02\/28\/virginie-efira-a-attire-les-regards-lors-du-defile-saint-laurent\/\" \/>\n<meta property=\"og:site_name\" content=\"Bobea\" \/>\n<meta property=\"article:publisher\" content=\"https:\/\/web.facebook.com\/profile.php?id=61559252188416\" \/>\n<meta property=\"article:published_time\" content=\"2024-02-28T13:09:40+00:00\" \/>\n<meta property=\"article:modified_time\" content=\"2024-02-28T13:09:41+00:00\" \/>\n<meta property=\"og:image\" content=\"https:\/\/bobea.net\/wp-content\/uploads\/2024\/02\/a5c53f0e69de8d299977e5f34758ac45.jpg\" \/>\n\t<meta property=\"og:image:width\" content=\"640\" \/>\n\t<meta property=\"og:image:height\" content=\"376\" \/>\n\t<meta property=\"og:image:type\" content=\"image\/jpeg\" \/>\n<meta name=\"author\" content=\"bobea.info\" \/>\n<meta name=\"twitter:card\" content=\"summary_large_image\" \/>\n<meta name=\"twitter:label1\" content=\"\u00c9crit par\" \/>\n\t<meta name=\"twitter:data1\" content=\"bobea.info\" \/>\n\t<meta name=\"twitter:label2\" content=\"Dur\u00e9e de lecture estim\u00e9e\" \/>\n\t<meta name=\"twitter:data2\" content=\"1 minute\" \/>\n<script type=\"application\/ld+json\" class=\"yoast-schema-graph\">{\"@context\":\"https:\/\/schema.org\",\"@graph\":[{\"@type\":\"Article\",\"@id\":\"https:\/\/bobea.net\/index.php\/2024\/02\/28\/virginie-efira-a-attire-les-regards-lors-du-defile-saint-laurent\/#article\",\"isPartOf\":{\"@id\":\"https:\/\/bobea.net\/index.php\/2024\/02\/28\/virginie-efira-a-attire-les-regards-lors-du-defile-saint-laurent\/\"},\"author\":{\"name\":\"bobea.info\",\"@id\":\"https:\/\/bobea.net\/#\/schema\/person\/e7f45ef187918d7c956bf619dce90ccf\"},\"headline\":\"Virginie Efira a attir\u00e9 les regards lors du d\u00e9fil\u00e9 Saint Laurent\",\"datePublished\":\"2024-02-28T13:09:40+00:00\",\"dateModified\":\"2024-02-28T13:09:41+00:00\",\"mainEntityOfPage\":{\"@id\":\"https:\/\/bobea.net\/index.php\/2024\/02\/28\/virginie-efira-a-attire-les-regards-lors-du-defile-saint-laurent\/\"},\"wordCount\":208,\"commentCount\":1,\"publisher\":{\"@id\":\"https:\/\/bobea.net\/#organization\"},\"image\":{\"@id\":\"https:\/\/bobea.net\/index.php\/2024\/02\/28\/virginie-efira-a-attire-les-regards-lors-du-defile-saint-laurent\/#primaryimage\"},\"thumbnailUrl\":\"https:\/\/bobea.net\/wp-content\/uploads\/2024\/02\/a5c53f0e69de8d299977e5f34758ac45.jpg\",\"articleSection\":[\"Beaut\u00e9\",\"Mode\"],\"inLanguage\":\"fr-FR\",\"potentialAction\":[{\"@type\":\"CommentAction\",\"name\":\"Comment\",\"target\":[\"https:\/\/bobea.net\/index.php\/2024\/02\/28\/virginie-efira-a-attire-les-regards-lors-du-defile-saint-laurent\/#respond\"]}]},{\"@type\":\"WebPage\",\"@id\":\"https:\/\/bobea.net\/index.php\/2024\/02\/28\/virginie-efira-a-attire-les-regards-lors-du-defile-saint-laurent\/\",\"url\":\"https:\/\/bobea.net\/index.php\/2024\/02\/28\/virginie-efira-a-attire-les-regards-lors-du-defile-saint-laurent\/\",\"name\":\"Virginie Efira a attir\u00e9 les regards lors du d\u00e9fil\u00e9 Saint Laurent - Bobea\",\"isPartOf\":{\"@id\":\"https:\/\/bobea.net\/#website\"},\"primaryImageOfPage\":{\"@id\":\"https:\/\/bobea.net\/index.php\/2024\/02\/28\/virginie-efira-a-attire-les-regards-lors-du-defile-saint-laurent\/#primaryimage\"},\"image\":{\"@id\":\"https:\/\/bobea.net\/index.php\/2024\/02\/28\/virginie-efira-a-attire-les-regards-lors-du-defile-saint-laurent\/#primaryimage\"},\"thumbnailUrl\":\"https:\/\/bobea.net\/wp-content\/uploads\/2024\/02\/a5c53f0e69de8d299977e5f34758ac45.jpg\",\"datePublished\":\"2024-02-28T13:09:40+00:00\",\"dateModified\":\"2024-02-28T13:09:41+00:00\",\"breadcrumb\":{\"@id\":\"https:\/\/bobea.net\/index.php\/2024\/02\/28\/virginie-efira-a-attire-les-regards-lors-du-defile-saint-laurent\/#breadcrumb\"},\"inLanguage\":\"fr-FR\",\"potentialAction\":[{\"@type\":\"ReadAction\",\"target\":[\"https:\/\/bobea.net\/index.php\/2024\/02\/28\/virginie-efira-a-attire-les-regards-lors-du-defile-saint-laurent\/\"]}]},{\"@type\":\"ImageObject\",\"inLanguage\":\"fr-FR\",\"@id\":\"https:\/\/bobea.net\/index.php\/2024\/02\/28\/virginie-efira-a-attire-les-regards-lors-du-defile-saint-laurent\/#primaryimage\",\"url\":\"https:\/\/bobea.net\/wp-content\/uploads\/2024\/02\/a5c53f0e69de8d299977e5f34758ac45.jpg\",\"contentUrl\":\"https:\/\/bobea.net\/wp-content\/uploads\/2024\/02\/a5c53f0e69de8d299977e5f34758ac45.jpg\",\"width\":640,\"height\":376},{\"@type\":\"BreadcrumbList\",\"@id\":\"https:\/\/bobea.net\/index.php\/2024\/02\/28\/virginie-efira-a-attire-les-regards-lors-du-defile-saint-laurent\/#breadcrumb\",\"itemListElement\":[{\"@type\":\"ListItem\",\"position\":1,\"name\":\"Accueil\",\"item\":\"https:\/\/bobea.net\/\"},{\"@type\":\"ListItem\",\"position\":2,\"name\":\"Virginie Efira a attir\u00e9 les regards lors du d\u00e9fil\u00e9 Saint Laurent\"}]},{\"@type\":\"WebSite\",\"@id\":\"https:\/\/bobea.net\/#website\",\"url\":\"https:\/\/bobea.net\/\",\"name\":\"Bobea\",\"description\":\"Le magazine de la nouvelle \u00c8ve\",\"publisher\":{\"@id\":\"https:\/\/bobea.net\/#organization\"},\"potentialAction\":[{\"@type\":\"SearchAction\",\"target\":{\"@type\":\"EntryPoint\",\"urlTemplate\":\"https:\/\/bobea.net\/?s={search_term_string}\"},\"query-input\":{\"@type\":\"PropertyValueSpecification\",\"valueRequired\":true,\"valueName\":\"search_term_string\"}}],\"inLanguage\":\"fr-FR\"},{\"@type\":\"Organization\",\"@id\":\"https:\/\/bobea.net\/#organization\",\"name\":\"Bobea\",\"url\":\"https:\/\/bobea.net\/\",\"logo\":{\"@type\":\"ImageObject\",\"inLanguage\":\"fr-FR\",\"@id\":\"https:\/\/bobea.net\/#\/schema\/logo\/image\/\",\"url\":\"https:\/\/bobea.net\/wp-content\/uploads\/2024\/06\/bobea.jpg\",\"contentUrl\":\"https:\/\/bobea.net\/wp-content\/uploads\/2024\/06\/bobea.jpg\",\"width\":1080,\"height\":1080,\"caption\":\"Bobea\"},\"image\":{\"@id\":\"https:\/\/bobea.net\/#\/schema\/logo\/image\/\"},\"sameAs\":[\"https:\/\/web.facebook.com\/profile.php?id=61559252188416\"]},{\"@type\":\"Person\",\"@id\":\"https:\/\/bobea.net\/#\/schema\/person\/e7f45ef187918d7c956bf619dce90ccf\",\"name\":\"bobea.info\",\"image\":{\"@type\":\"ImageObject\",\"inLanguage\":\"fr-FR\",\"@id\":\"https:\/\/bobea.net\/#\/schema\/person\/image\/\",\"url\":\"https:\/\/secure.gravatar.com\/avatar\/36147980349df887ae30808df3e29474?s=96&d=mm&r=g\",\"contentUrl\":\"https:\/\/secure.gravatar.com\/avatar\/36147980349df887ae30808df3e29474?s=96&d=mm&r=g\",\"caption\":\"bobea.info\"},\"sameAs\":[\"https:\/\/bobea.net\"],\"url\":\"https:\/\/bobea.net\/index.php\/author\/bobea-info\/\"}]}<\/script>\n<!-- \/ Yoast SEO plugin. -->","yoast_head_json":{"title":"Virginie Efira a attir\u00e9 les regards lors du d\u00e9fil\u00e9 Saint Laurent - Bobea","robots":{"index":"index","follow":"follow","max-snippet":"max-snippet:-1","max-image-preview":"max-image-preview:large","max-video-preview":"max-video-preview:-1"},"canonical":"https:\/\/bobea.net\/index.php\/2024\/02\/28\/virginie-efira-a-attire-les-regards-lors-du-defile-saint-laurent\/","og_locale":"fr_FR","og_type":"article","og_title":"Virginie Efira a attir\u00e9 les regards lors du d\u00e9fil\u00e9 Saint Laurent - Bobea","og_description":"Apr\u00e8s&nbsp;New York, Lon\u00addres et&nbsp;Milan, c\u2019est au tour de la&nbsp;Fash\u00adion Week de Paris&nbsp;que les regards sont d\u00e9sor\u00admais riv\u00e9s du lun\u00addi 26 f\u00e9vri\u00ader au lun\u00addi 5 mars. En une semaine, la cap\u00adi\u00adtale&hellip;","og_url":"https:\/\/bobea.net\/index.php\/2024\/02\/28\/virginie-efira-a-attire-les-regards-lors-du-defile-saint-laurent\/","og_site_name":"Bobea","article_publisher":"https:\/\/web.facebook.com\/profile.php?id=61559252188416","article_published_time":"2024-02-28T13:09:40+00:00","article_modified_time":"2024-02-28T13:09:41+00:00","og_image":[{"width":640,"height":376,"url":"https:\/\/bobea.net\/wp-content\/uploads\/2024\/02\/a5c53f0e69de8d299977e5f34758ac45.jpg","type":"image\/jpeg"}],"author":"bobea.info","twitter_card":"summary_large_image","twitter_misc":{"\u00c9crit par":"bobea.info","Dur\u00e9e de lecture estim\u00e9e":"1 minute"},"schema":{"@context":"https:\/\/schema.org","@graph":[{"@type":"Article","@id":"https:\/\/bobea.net\/index.php\/2024\/02\/28\/virginie-efira-a-attire-les-regards-lors-du-defile-saint-laurent\/#article","isPartOf":{"@id":"https:\/\/bobea.net\/index.php\/2024\/02\/28\/virginie-efira-a-attire-les-regards-lors-du-defile-saint-laurent\/"},"author":{"name":"bobea.info","@id":"https:\/\/bobea.net\/#\/schema\/person\/e7f45ef187918d7c956bf619dce90ccf"},"headline":"Virginie Efira a attir\u00e9 les regards lors du d\u00e9fil\u00e9 Saint Laurent","datePublished":"2024-02-28T13:09:40+00:00","dateModified":"2024-02-28T13:09:41+00:00","mainEntityOfPage":{"@id":"https:\/\/bobea.net\/index.php\/2024\/02\/28\/virginie-efira-a-attire-les-regards-lors-du-defile-saint-laurent\/"},"wordCount":208,"commentCount":1,"publisher":{"@id":"https:\/\/bobea.net\/#organization"},"image":{"@id":"https:\/\/bobea.net\/index.php\/2024\/02\/28\/virginie-efira-a-attire-les-regards-lors-du-defile-saint-laurent\/#primaryimage"},"thumbnailUrl":"https:\/\/bobea.net\/wp-content\/uploads\/2024\/02\/a5c53f0e69de8d299977e5f34758ac45.jpg","articleSection":["Beaut\u00e9","Mode"],"inLanguage":"fr-FR","potentialAction":[{"@type":"CommentAction","name":"Comment","target":["https:\/\/bobea.net\/index.php\/2024\/02\/28\/virginie-efira-a-attire-les-regards-lors-du-defile-saint-laurent\/#respond"]}]},{"@type":"WebPage","@id":"https:\/\/bobea.net\/index.php\/2024\/02\/28\/virginie-efira-a-attire-les-regards-lors-du-defile-saint-laurent\/","url":"https:\/\/bobea.net\/index.php\/2024\/02\/28\/virginie-efira-a-attire-les-regards-lors-du-defile-saint-laurent\/","name":"Virginie Efira a attir\u00e9 les regards lors du d\u00e9fil\u00e9 Saint Laurent - Bobea","isPartOf":{"@id":"https:\/\/bobea.net\/#website"},"primaryImageOfPage":{"@id":"https:\/\/bobea.net\/index.php\/2024\/02\/28\/virginie-efira-a-attire-les-regards-lors-du-defile-saint-laurent\/#primaryimage"},"image":{"@id":"https:\/\/bobea.net\/index.php\/2024\/02\/28\/virginie-efira-a-attire-les-regards-lors-du-defile-saint-laurent\/#primaryimage"},"thumbnailUrl":"https:\/\/bobea.net\/wp-content\/uploads\/2024\/02\/a5c53f0e69de8d299977e5f34758ac45.jpg","datePublished":"2024-02-28T13:09:40+00:00","dateModified":"2024-02-28T13:09:41+00:00","breadcrumb":{"@id":"https:\/\/bobea.net\/index.php\/2024\/02\/28\/virginie-efira-a-attire-les-regards-lors-du-defile-saint-laurent\/#breadcrumb"},"inLanguage":"fr-FR","potentialAction":[{"@type":"ReadAction","target":["https:\/\/bobea.net\/index.php\/2024\/02\/28\/virginie-efira-a-attire-les-regards-lors-du-defile-saint-laurent\/"]}]},{"@type":"ImageObject","inLanguage":"fr-FR","@id":"https:\/\/bobea.net\/index.php\/2024\/02\/28\/virginie-efira-a-attire-les-regards-lors-du-defile-saint-laurent\/#primaryimage","url":"https:\/\/bobea.net\/wp-content\/uploads\/2024\/02\/a5c53f0e69de8d299977e5f34758ac45.jpg","contentUrl":"https:\/\/bobea.net\/wp-content\/uploads\/2024\/02\/a5c53f0e69de8d299977e5f34758ac45.jpg","width":640,"height":376},{"@type":"BreadcrumbList","@id":"https:\/\/bobea.net\/index.php\/2024\/02\/28\/virginie-efira-a-attire-les-regards-lors-du-defile-saint-laurent\/#breadcrumb","itemListElement":[{"@type":"ListItem","position":1,"name":"Accueil","item":"https:\/\/bobea.net\/"},{"@type":"ListItem","position":2,"name":"Virginie Efira a attir\u00e9 les regards lors du d\u00e9fil\u00e9 Saint Laurent"}]},{"@type":"WebSite","@id":"https:\/\/bobea.net\/#website","url":"https:\/\/bobea.net\/","name":"Bobea","description":"Le magazine de la nouvelle \u00c8ve","publisher":{"@id":"https:\/\/bobea.net\/#organization"},"potentialAction":[{"@type":"SearchAction","target":{"@type":"EntryPoint","urlTemplate":"https:\/\/bobea.net\/?s={search_term_string}"},"query-input":{"@type":"PropertyValueSpecification","valueRequired":true,"valueName":"search_term_string"}}],"inLanguage":"fr-FR"},{"@type":"Organization","@id":"https:\/\/bobea.net\/#organization","name":"Bobea","url":"https:\/\/bobea.net\/","logo":{"@type":"ImageObject","inLanguage":"fr-FR","@id":"https:\/\/bobea.net\/#\/schema\/logo\/image\/","url":"https:\/\/bobea.net\/wp-content\/uploads\/2024\/06\/bobea.jpg","contentUrl":"https:\/\/bobea.net\/wp-content\/uploads\/2024\/06\/bobea.jpg","width":1080,"height":1080,"caption":"Bobea"},"image":{"@id":"https:\/\/bobea.net\/#\/schema\/logo\/image\/"},"sameAs":["https:\/\/web.facebook.com\/profile.php?id=61559252188416"]},{"@type":"Person","@id":"https:\/\/bobea.net\/#\/schema\/person\/e7f45ef187918d7c956bf619dce90ccf","name":"bobea.info","image":{"@type":"ImageObject","inLanguage":"fr-FR","@id":"https:\/\/bobea.net\/#\/schema\/person\/image\/","url":"https:\/\/secure.gravatar.com\/avatar\/36147980349df887ae30808df3e29474?s=96&d=mm&r=g","contentUrl":"https:\/\/secure.gravatar.com\/avatar\/36147980349df887ae30808df3e29474?s=96&d=mm&r=g","caption":"bobea.info"},"sameAs":["https:\/\/bobea.net"],"url":"https:\/\/bobea.net\/index.php\/author\/bobea-info\/"}]}},"_links":{"self":[{"href":"https:\/\/bobea.net\/index.php\/wp-json\/wp\/v2\/posts\/1822"}],"collection":[{"href":"https:\/\/bobea.net\/index.php\/wp-json\/wp\/v2\/posts"}],"about":[{"href":"https:\/\/bobea.net\/index.php\/wp-json\/wp\/v2\/types\/post"}],"author":[{"embeddable":true,"href":"https:\/\/bobea.net\/index.php\/wp-json\/wp\/v2\/users\/1"}],"replies":[{"embeddable":true,"href":"https:\/\/bobea.net\/index.php\/wp-json\/wp\/v2\/comments?post=1822"}],"version-history":[{"count":0,"href":"https:\/\/bobea.net\/index.php\/wp-json\/wp\/v2\/posts\/1822\/revisions"}],"wp:featuredmedia":[{"embeddable":true,"href":"https:\/\/bobea.net\/index.php\/wp-json\/wp\/v2\/media\/1825"}],"wp:attachment":[{"href":"https:\/\/bobea.net\/index.php\/wp-json\/wp\/v2\/media?parent=1822"}],"wp:term":[{"taxonomy":"category","embeddable":true,"href":"https:\/\/bobea.net\/index.php\/wp-json\/wp\/v2\/categories?post=1822"},{"taxonomy":"post_tag","embeddable":true,"href":"https:\/\/bobea.net\/index.php\/wp-json\/wp\/v2\/tags?post=1822"}],"curies":[{"name":"wp","href":"https:\/\/api.w.org\/{rel}","templated":true}]}}