{"id":1817,"date":"2024-02-28T13:06:55","date_gmt":"2024-02-28T13:06:55","guid":{"rendered":"https:\/\/bobea.net\/?p=1817"},"modified":"2024-02-28T13:06:55","modified_gmt":"2024-02-28T13:06:55","slug":"miranda-kerr-vient-de-donner-naissance-a-son-quatrieme-enfant","status":"publish","type":"post","link":"https:\/\/bobea.net\/index.php\/2024\/02\/28\/miranda-kerr-vient-de-donner-naissance-a-son-quatrieme-enfant\/","title":{"rendered":"Miranda Kerr vient de donner naissance \u00e0 son quatri\u00e8me enfant"},"content":{"rendered":"\n<figure class=\"wp-block-gallery has-nested-images columns-default is-cropped wp-block-gallery-1 is-layout-flex wp-block-gallery-is-layout-flex\">\n<figure class=\"wp-block-image size-large\"><img loading=\"lazy\" decoding=\"async\" width=\"640\" height=\"360\" data-id=\"1818\" src=\"https:\/\/bobea.net\/wp-content\/uploads\/2024\/02\/4d5e2d5b033bc3475d9f455643f232c0.jpg\" alt class=\"wp-image-1818\" srcset=\"https:\/\/bobea.net\/wp-content\/uploads\/2024\/02\/4d5e2d5b033bc3475d9f455643f232c0.jpg 640w, https:\/\/bobea.net\/wp-content\/uploads\/2024\/02\/4d5e2d5b033bc3475d9f455643f232c0-300x169.jpg 300w\" sizes=\"(max-width: 640px) 100vw, 640px\"><\/figure>\n\n\n\n<figure class=\"wp-block-image size-large\"><img loading=\"lazy\" decoding=\"async\" width=\"643\" height=\"410\" data-id=\"1819\" src=\"https:\/\/bobea.net\/wp-content\/uploads\/2024\/02\/miranda-kerr-enceinte-643x410-1.jpg\" alt class=\"wp-image-1819\" srcset=\"https:\/\/bobea.net\/wp-content\/uploads\/2024\/02\/miranda-kerr-enceinte-643x410-1.jpg 643w, https:\/\/bobea.net\/wp-content\/uploads\/2024\/02\/miranda-kerr-enceinte-643x410-1-300x191.jpg 300w\" sizes=\"(max-width: 643px) 100vw, 643px\"><\/figure>\n<\/figure>\n\n\n\n<p class=\"has-medium-font-size\">Il s\u2019agit de son troisi\u00e8me avec son mari&nbsp;Evan Spiegel. Et comme annon\u00adc\u00e9 en sep\u00adtem\u00adbre dernier, il s\u2019agit&nbsp;bien \u00e9videm\u00adment d\u2019un gar\u00e7on&nbsp;nom\u00adm\u00e9 Pierre! L\u2019an\u00adcien man\u00adnequin \u00e9tait d\u00e9j\u00e0 maman d\u2019un gar\u00e7on nom\u00adm\u00e9 Fly\u00adnn, n\u00e9 2011 qu\u2019elle a eu avec son ex Orlan\u00addo Bloom. Les autres fr\u00e8res de Pierre sont Hart, n\u00e9 en mai 2018, et&nbsp;Myles, n\u00e9 en octo\u00adbre 2019. L\u2019annonce de la nais\u00adsance de Pierre a \u00e9t\u00e9 fait sur son compte Snapchat :&nbsp;\u00ab&nbsp;Nous sommes combl\u00e9s par l\u2019arriv\u00e9e de notre petit ray\u00adon de soleil, s\u2019est r\u00e9joui Miran\u00adda.&nbsp;Nous ne pour\u00adrions pas \u00eatre plus excit\u00e9s d\u2019accueillir notre qua\u00adtri\u00e8me fils dans notre famille. Nous nous sen\u00adtons telle\u00adment b\u00e9nis&nbsp;\u00bb. Elle a accom\u00adpa\u00adg\u00adn\u00e9 ce mes\u00adsage d\u2019un clich\u00e9 sur lequel on peut voir une cou\u00adver\u00adture mono\u00adgram\u00adm\u00e9e au nom de Pierre, une paire de chaus\u00adsettes jaunes ain\u00adsi qu\u2019un bou\u00adquet de fleurs jaunes, rouges et orange.<\/p>\n\n\n\n<p class=\"has-medium-font-size\">Le cou\u00adple file le par\u00adfait amour depuis 2014. C\u2019est lors d\u2019un d\u00een\u00ader organ\u00adis\u00e9 par la mar\u00adque Louis Vuit\u00adton qu\u2019ils se sont ren\u00adcon\u00adtr\u00e9s. Deux ans plu\u00adtard les deux tourtereaux se pas\u00adsaient la bague au doigt.<\/p>\n","protected":false},"excerpt":{"rendered":"<p>Il s\u2019agit de son troisi\u00e8me avec son mari&nbsp;Evan Spiegel. Et comme annon\u00adc\u00e9 en sep\u00adtem\u00adbre dernier, il s\u2019agit&nbsp;bien \u00e9videm\u00adment d\u2019un gar\u00e7on&nbsp;nom\u00adm\u00e9 Pierre! L\u2019an\u00adcien man\u00adnequin \u00e9tait d\u00e9j\u00e0 maman d\u2019un gar\u00e7on nom\u00adm\u00e9 Fly\u00adnn,\u2026 <\/p>\n","protected":false},"author":4,"featured_media":1820,"comment_status":"open","ping_status":"open","sticky":false,"template":"","format":"standard","meta":{"wp_typography_post_enhancements_disabled":false,"footnotes":""},"categories":[79,59],"tags":[],"class_list":["post-1817","post","type-post","status-publish","format-standard","has-post-thumbnail","hentry","category-a-la-une","category-annonces"],"yoast_head":"<!-- This site is optimized with the Yoast SEO plugin v24.7 - https:\/\/yoast.com\/wordpress\/plugins\/seo\/ -->\n<title>Miranda Kerr vient de donner naissance \u00e0 son quatri\u00e8me enfant - Bobea<\/title>\n<meta name=\"robots\" content=\"index, follow, max-snippet:-1, max-image-preview:large, max-video-preview:-1\" \/>\n<link rel=\"canonical\" href=\"https:\/\/bobea.net\/index.php\/2024\/02\/28\/miranda-kerr-vient-de-donner-naissance-a-son-quatrieme-enfant\/\" \/>\n<meta property=\"og:locale\" content=\"fr_FR\" \/>\n<meta property=\"og:type\" content=\"article\" \/>\n<meta property=\"og:title\" content=\"Miranda Kerr vient de donner naissance \u00e0 son quatri\u00e8me enfant - Bobea\" \/>\n<meta property=\"og:description\" content=\"Il s\u2019agit de son troisi\u00e8me avec son mari&nbsp;Evan Spiegel. Et comme annon\u00adc\u00e9 en sep\u00adtem\u00adbre dernier, il s\u2019agit&nbsp;bien \u00e9videm\u00adment d\u2019un gar\u00e7on&nbsp;nom\u00adm\u00e9 Pierre! L\u2019an\u00adcien man\u00adnequin \u00e9tait d\u00e9j\u00e0 maman d\u2019un gar\u00e7on nom\u00adm\u00e9 Fly\u00adnn,&hellip;\" \/>\n<meta property=\"og:url\" content=\"https:\/\/bobea.net\/index.php\/2024\/02\/28\/miranda-kerr-vient-de-donner-naissance-a-son-quatrieme-enfant\/\" \/>\n<meta property=\"og:site_name\" content=\"Bobea\" \/>\n<meta property=\"article:publisher\" content=\"https:\/\/web.facebook.com\/profile.php?id=61559252188416\" \/>\n<meta property=\"article:published_time\" content=\"2024-02-28T13:06:55+00:00\" \/>\n<meta property=\"og:image\" content=\"https:\/\/bobea.net\/wp-content\/uploads\/2024\/02\/miranda-kerr-enceinte-le-mannequin-attend-son-4e-enfant.jpg\" \/>\n\t<meta property=\"og:image:width\" content=\"1200\" \/>\n\t<meta property=\"og:image:height\" content=\"600\" \/>\n\t<meta property=\"og:image:type\" content=\"image\/jpeg\" \/>\n<meta name=\"author\" content=\"Amanda Bono\" \/>\n<meta name=\"twitter:card\" content=\"summary_large_image\" \/>\n<meta name=\"twitter:label1\" content=\"\u00c9crit par\" \/>\n\t<meta name=\"twitter:data1\" content=\"Amanda Bono\" \/>\n\t<meta name=\"twitter:label2\" content=\"Dur\u00e9e de lecture estim\u00e9e\" \/>\n\t<meta name=\"twitter:data2\" content=\"1 minute\" \/>\n<script type=\"application\/ld+json\" class=\"yoast-schema-graph\">{\"@context\":\"https:\/\/schema.org\",\"@graph\":[{\"@type\":\"Article\",\"@id\":\"https:\/\/bobea.net\/index.php\/2024\/02\/28\/miranda-kerr-vient-de-donner-naissance-a-son-quatrieme-enfant\/#article\",\"isPartOf\":{\"@id\":\"https:\/\/bobea.net\/index.php\/2024\/02\/28\/miranda-kerr-vient-de-donner-naissance-a-son-quatrieme-enfant\/\"},\"author\":{\"name\":\"Amanda Bono\",\"@id\":\"https:\/\/bobea.net\/#\/schema\/person\/164a7daf84df5735c129a5fabf14167f\"},\"headline\":\"Miranda Kerr vient de donner naissance \u00e0 son quatri\u00e8me enfant\",\"datePublished\":\"2024-02-28T13:06:55+00:00\",\"mainEntityOfPage\":{\"@id\":\"https:\/\/bobea.net\/index.php\/2024\/02\/28\/miranda-kerr-vient-de-donner-naissance-a-son-quatrieme-enfant\/\"},\"wordCount\":216,\"commentCount\":0,\"publisher\":{\"@id\":\"https:\/\/bobea.net\/#organization\"},\"image\":{\"@id\":\"https:\/\/bobea.net\/index.php\/2024\/02\/28\/miranda-kerr-vient-de-donner-naissance-a-son-quatrieme-enfant\/#primaryimage\"},\"thumbnailUrl\":\"https:\/\/bobea.net\/wp-content\/uploads\/2024\/02\/miranda-kerr-enceinte-le-mannequin-attend-son-4e-enfant.jpg\",\"articleSection\":[\"A la Une\",\"Annonces\"],\"inLanguage\":\"fr-FR\",\"potentialAction\":[{\"@type\":\"CommentAction\",\"name\":\"Comment\",\"target\":[\"https:\/\/bobea.net\/index.php\/2024\/02\/28\/miranda-kerr-vient-de-donner-naissance-a-son-quatrieme-enfant\/#respond\"]}]},{\"@type\":\"WebPage\",\"@id\":\"https:\/\/bobea.net\/index.php\/2024\/02\/28\/miranda-kerr-vient-de-donner-naissance-a-son-quatrieme-enfant\/\",\"url\":\"https:\/\/bobea.net\/index.php\/2024\/02\/28\/miranda-kerr-vient-de-donner-naissance-a-son-quatrieme-enfant\/\",\"name\":\"Miranda Kerr vient de donner naissance \u00e0 son quatri\u00e8me enfant - Bobea\",\"isPartOf\":{\"@id\":\"https:\/\/bobea.net\/#website\"},\"primaryImageOfPage\":{\"@id\":\"https:\/\/bobea.net\/index.php\/2024\/02\/28\/miranda-kerr-vient-de-donner-naissance-a-son-quatrieme-enfant\/#primaryimage\"},\"image\":{\"@id\":\"https:\/\/bobea.net\/index.php\/2024\/02\/28\/miranda-kerr-vient-de-donner-naissance-a-son-quatrieme-enfant\/#primaryimage\"},\"thumbnailUrl\":\"https:\/\/bobea.net\/wp-content\/uploads\/2024\/02\/miranda-kerr-enceinte-le-mannequin-attend-son-4e-enfant.jpg\",\"datePublished\":\"2024-02-28T13:06:55+00:00\",\"breadcrumb\":{\"@id\":\"https:\/\/bobea.net\/index.php\/2024\/02\/28\/miranda-kerr-vient-de-donner-naissance-a-son-quatrieme-enfant\/#breadcrumb\"},\"inLanguage\":\"fr-FR\",\"potentialAction\":[{\"@type\":\"ReadAction\",\"target\":[\"https:\/\/bobea.net\/index.php\/2024\/02\/28\/miranda-kerr-vient-de-donner-naissance-a-son-quatrieme-enfant\/\"]}]},{\"@type\":\"ImageObject\",\"inLanguage\":\"fr-FR\",\"@id\":\"https:\/\/bobea.net\/index.php\/2024\/02\/28\/miranda-kerr-vient-de-donner-naissance-a-son-quatrieme-enfant\/#primaryimage\",\"url\":\"https:\/\/bobea.net\/wp-content\/uploads\/2024\/02\/miranda-kerr-enceinte-le-mannequin-attend-son-4e-enfant.jpg\",\"contentUrl\":\"https:\/\/bobea.net\/wp-content\/uploads\/2024\/02\/miranda-kerr-enceinte-le-mannequin-attend-son-4e-enfant.jpg\",\"width\":1200,\"height\":600,\"caption\":\"Miranda Kerr - Les c\u00e9l\u00e9brit\u00e9s arrivent \u00e0 la soir\u00e9e du \\\"MET Gala 2023\\\" \u00e0 New York, le 1er mai 2023. \u00a9 Photo Image Press via Zuma Press\/Bestimage\"},{\"@type\":\"BreadcrumbList\",\"@id\":\"https:\/\/bobea.net\/index.php\/2024\/02\/28\/miranda-kerr-vient-de-donner-naissance-a-son-quatrieme-enfant\/#breadcrumb\",\"itemListElement\":[{\"@type\":\"ListItem\",\"position\":1,\"name\":\"Accueil\",\"item\":\"https:\/\/bobea.net\/\"},{\"@type\":\"ListItem\",\"position\":2,\"name\":\"Miranda Kerr vient de donner naissance \u00e0 son quatri\u00e8me enfant\"}]},{\"@type\":\"WebSite\",\"@id\":\"https:\/\/bobea.net\/#website\",\"url\":\"https:\/\/bobea.net\/\",\"name\":\"Bobea\",\"description\":\"Le magazine de la nouvelle \u00c8ve\",\"publisher\":{\"@id\":\"https:\/\/bobea.net\/#organization\"},\"potentialAction\":[{\"@type\":\"SearchAction\",\"target\":{\"@type\":\"EntryPoint\",\"urlTemplate\":\"https:\/\/bobea.net\/?s={search_term_string}\"},\"query-input\":{\"@type\":\"PropertyValueSpecification\",\"valueRequired\":true,\"valueName\":\"search_term_string\"}}],\"inLanguage\":\"fr-FR\"},{\"@type\":\"Organization\",\"@id\":\"https:\/\/bobea.net\/#organization\",\"name\":\"Bobea\",\"url\":\"https:\/\/bobea.net\/\",\"logo\":{\"@type\":\"ImageObject\",\"inLanguage\":\"fr-FR\",\"@id\":\"https:\/\/bobea.net\/#\/schema\/logo\/image\/\",\"url\":\"https:\/\/bobea.net\/wp-content\/uploads\/2024\/06\/bobea.jpg\",\"contentUrl\":\"https:\/\/bobea.net\/wp-content\/uploads\/2024\/06\/bobea.jpg\",\"width\":1080,\"height\":1080,\"caption\":\"Bobea\"},\"image\":{\"@id\":\"https:\/\/bobea.net\/#\/schema\/logo\/image\/\"},\"sameAs\":[\"https:\/\/web.facebook.com\/profile.php?id=61559252188416\"]},{\"@type\":\"Person\",\"@id\":\"https:\/\/bobea.net\/#\/schema\/person\/164a7daf84df5735c129a5fabf14167f\",\"name\":\"Amanda Bono\",\"image\":{\"@type\":\"ImageObject\",\"inLanguage\":\"fr-FR\",\"@id\":\"https:\/\/bobea.net\/#\/schema\/person\/image\/\",\"url\":\"https:\/\/secure.gravatar.com\/avatar\/bb5fe76ee77af1e782aebbd2c08388da?s=96&d=mm&r=g\",\"contentUrl\":\"https:\/\/secure.gravatar.com\/avatar\/bb5fe76ee77af1e782aebbd2c08388da?s=96&d=mm&r=g\",\"caption\":\"Amanda Bono\"},\"description\":\"R\u00e9dactrice en chef Bob\u00e9a\",\"url\":\"https:\/\/bobea.net\/index.php\/author\/amanda-bono\/\"}]}<\/script>\n<!-- \/ Yoast SEO plugin. -->","yoast_head_json":{"title":"Miranda Kerr vient de donner naissance \u00e0 son quatri\u00e8me enfant - Bobea","robots":{"index":"index","follow":"follow","max-snippet":"max-snippet:-1","max-image-preview":"max-image-preview:large","max-video-preview":"max-video-preview:-1"},"canonical":"https:\/\/bobea.net\/index.php\/2024\/02\/28\/miranda-kerr-vient-de-donner-naissance-a-son-quatrieme-enfant\/","og_locale":"fr_FR","og_type":"article","og_title":"Miranda Kerr vient de donner naissance \u00e0 son quatri\u00e8me enfant - Bobea","og_description":"Il s\u2019agit de son troisi\u00e8me avec son mari&nbsp;Evan Spiegel. Et comme annon\u00adc\u00e9 en sep\u00adtem\u00adbre dernier, il s\u2019agit&nbsp;bien \u00e9videm\u00adment d\u2019un gar\u00e7on&nbsp;nom\u00adm\u00e9 Pierre! L\u2019an\u00adcien man\u00adnequin \u00e9tait d\u00e9j\u00e0 maman d\u2019un gar\u00e7on nom\u00adm\u00e9 Fly\u00adnn,&hellip;","og_url":"https:\/\/bobea.net\/index.php\/2024\/02\/28\/miranda-kerr-vient-de-donner-naissance-a-son-quatrieme-enfant\/","og_site_name":"Bobea","article_publisher":"https:\/\/web.facebook.com\/profile.php?id=61559252188416","article_published_time":"2024-02-28T13:06:55+00:00","og_image":[{"width":1200,"height":600,"url":"https:\/\/bobea.net\/wp-content\/uploads\/2024\/02\/miranda-kerr-enceinte-le-mannequin-attend-son-4e-enfant.jpg","type":"image\/jpeg"}],"author":"Amanda Bono","twitter_card":"summary_large_image","twitter_misc":{"\u00c9crit par":"Amanda Bono","Dur\u00e9e de lecture estim\u00e9e":"1 minute"},"schema":{"@context":"https:\/\/schema.org","@graph":[{"@type":"Article","@id":"https:\/\/bobea.net\/index.php\/2024\/02\/28\/miranda-kerr-vient-de-donner-naissance-a-son-quatrieme-enfant\/#article","isPartOf":{"@id":"https:\/\/bobea.net\/index.php\/2024\/02\/28\/miranda-kerr-vient-de-donner-naissance-a-son-quatrieme-enfant\/"},"author":{"name":"Amanda Bono","@id":"https:\/\/bobea.net\/#\/schema\/person\/164a7daf84df5735c129a5fabf14167f"},"headline":"Miranda Kerr vient de donner naissance \u00e0 son quatri\u00e8me enfant","datePublished":"2024-02-28T13:06:55+00:00","mainEntityOfPage":{"@id":"https:\/\/bobea.net\/index.php\/2024\/02\/28\/miranda-kerr-vient-de-donner-naissance-a-son-quatrieme-enfant\/"},"wordCount":216,"commentCount":0,"publisher":{"@id":"https:\/\/bobea.net\/#organization"},"image":{"@id":"https:\/\/bobea.net\/index.php\/2024\/02\/28\/miranda-kerr-vient-de-donner-naissance-a-son-quatrieme-enfant\/#primaryimage"},"thumbnailUrl":"https:\/\/bobea.net\/wp-content\/uploads\/2024\/02\/miranda-kerr-enceinte-le-mannequin-attend-son-4e-enfant.jpg","articleSection":["A la Une","Annonces"],"inLanguage":"fr-FR","potentialAction":[{"@type":"CommentAction","name":"Comment","target":["https:\/\/bobea.net\/index.php\/2024\/02\/28\/miranda-kerr-vient-de-donner-naissance-a-son-quatrieme-enfant\/#respond"]}]},{"@type":"WebPage","@id":"https:\/\/bobea.net\/index.php\/2024\/02\/28\/miranda-kerr-vient-de-donner-naissance-a-son-quatrieme-enfant\/","url":"https:\/\/bobea.net\/index.php\/2024\/02\/28\/miranda-kerr-vient-de-donner-naissance-a-son-quatrieme-enfant\/","name":"Miranda Kerr vient de donner naissance \u00e0 son quatri\u00e8me enfant - Bobea","isPartOf":{"@id":"https:\/\/bobea.net\/#website"},"primaryImageOfPage":{"@id":"https:\/\/bobea.net\/index.php\/2024\/02\/28\/miranda-kerr-vient-de-donner-naissance-a-son-quatrieme-enfant\/#primaryimage"},"image":{"@id":"https:\/\/bobea.net\/index.php\/2024\/02\/28\/miranda-kerr-vient-de-donner-naissance-a-son-quatrieme-enfant\/#primaryimage"},"thumbnailUrl":"https:\/\/bobea.net\/wp-content\/uploads\/2024\/02\/miranda-kerr-enceinte-le-mannequin-attend-son-4e-enfant.jpg","datePublished":"2024-02-28T13:06:55+00:00","breadcrumb":{"@id":"https:\/\/bobea.net\/index.php\/2024\/02\/28\/miranda-kerr-vient-de-donner-naissance-a-son-quatrieme-enfant\/#breadcrumb"},"inLanguage":"fr-FR","potentialAction":[{"@type":"ReadAction","target":["https:\/\/bobea.net\/index.php\/2024\/02\/28\/miranda-kerr-vient-de-donner-naissance-a-son-quatrieme-enfant\/"]}]},{"@type":"ImageObject","inLanguage":"fr-FR","@id":"https:\/\/bobea.net\/index.php\/2024\/02\/28\/miranda-kerr-vient-de-donner-naissance-a-son-quatrieme-enfant\/#primaryimage","url":"https:\/\/bobea.net\/wp-content\/uploads\/2024\/02\/miranda-kerr-enceinte-le-mannequin-attend-son-4e-enfant.jpg","contentUrl":"https:\/\/bobea.net\/wp-content\/uploads\/2024\/02\/miranda-kerr-enceinte-le-mannequin-attend-son-4e-enfant.jpg","width":1200,"height":600,"caption":"Miranda Kerr - Les c\u00e9l\u00e9brit\u00e9s arrivent \u00e0 la soir\u00e9e du \"MET Gala 2023\" \u00e0 New York, le 1er mai 2023. \u00a9 Photo Image Press via Zuma Press\/Bestimage"},{"@type":"BreadcrumbList","@id":"https:\/\/bobea.net\/index.php\/2024\/02\/28\/miranda-kerr-vient-de-donner-naissance-a-son-quatrieme-enfant\/#breadcrumb","itemListElement":[{"@type":"ListItem","position":1,"name":"Accueil","item":"https:\/\/bobea.net\/"},{"@type":"ListItem","position":2,"name":"Miranda Kerr vient de donner naissance \u00e0 son quatri\u00e8me enfant"}]},{"@type":"WebSite","@id":"https:\/\/bobea.net\/#website","url":"https:\/\/bobea.net\/","name":"Bobea","description":"Le magazine de la nouvelle \u00c8ve","publisher":{"@id":"https:\/\/bobea.net\/#organization"},"potentialAction":[{"@type":"SearchAction","target":{"@type":"EntryPoint","urlTemplate":"https:\/\/bobea.net\/?s={search_term_string}"},"query-input":{"@type":"PropertyValueSpecification","valueRequired":true,"valueName":"search_term_string"}}],"inLanguage":"fr-FR"},{"@type":"Organization","@id":"https:\/\/bobea.net\/#organization","name":"Bobea","url":"https:\/\/bobea.net\/","logo":{"@type":"ImageObject","inLanguage":"fr-FR","@id":"https:\/\/bobea.net\/#\/schema\/logo\/image\/","url":"https:\/\/bobea.net\/wp-content\/uploads\/2024\/06\/bobea.jpg","contentUrl":"https:\/\/bobea.net\/wp-content\/uploads\/2024\/06\/bobea.jpg","width":1080,"height":1080,"caption":"Bobea"},"image":{"@id":"https:\/\/bobea.net\/#\/schema\/logo\/image\/"},"sameAs":["https:\/\/web.facebook.com\/profile.php?id=61559252188416"]},{"@type":"Person","@id":"https:\/\/bobea.net\/#\/schema\/person\/164a7daf84df5735c129a5fabf14167f","name":"Amanda Bono","image":{"@type":"ImageObject","inLanguage":"fr-FR","@id":"https:\/\/bobea.net\/#\/schema\/person\/image\/","url":"https:\/\/secure.gravatar.com\/avatar\/bb5fe76ee77af1e782aebbd2c08388da?s=96&d=mm&r=g","contentUrl":"https:\/\/secure.gravatar.com\/avatar\/bb5fe76ee77af1e782aebbd2c08388da?s=96&d=mm&r=g","caption":"Amanda Bono"},"description":"R\u00e9dactrice en chef Bob\u00e9a","url":"https:\/\/bobea.net\/index.php\/author\/amanda-bono\/"}]}},"_links":{"self":[{"href":"https:\/\/bobea.net\/index.php\/wp-json\/wp\/v2\/posts\/1817"}],"collection":[{"href":"https:\/\/bobea.net\/index.php\/wp-json\/wp\/v2\/posts"}],"about":[{"href":"https:\/\/bobea.net\/index.php\/wp-json\/wp\/v2\/types\/post"}],"author":[{"embeddable":true,"href":"https:\/\/bobea.net\/index.php\/wp-json\/wp\/v2\/users\/4"}],"replies":[{"embeddable":true,"href":"https:\/\/bobea.net\/index.php\/wp-json\/wp\/v2\/comments?post=1817"}],"version-history":[{"count":0,"href":"https:\/\/bobea.net\/index.php\/wp-json\/wp\/v2\/posts\/1817\/revisions"}],"wp:featuredmedia":[{"embeddable":true,"href":"https:\/\/bobea.net\/index.php\/wp-json\/wp\/v2\/media\/1820"}],"wp:attachment":[{"href":"https:\/\/bobea.net\/index.php\/wp-json\/wp\/v2\/media?parent=1817"}],"wp:term":[{"taxonomy":"category","embeddable":true,"href":"https:\/\/bobea.net\/index.php\/wp-json\/wp\/v2\/categories?post=1817"},{"taxonomy":"post_tag","embeddable":true,"href":"https:\/\/bobea.net\/index.php\/wp-json\/wp\/v2\/tags?post=1817"}],"curies":[{"name":"wp","href":"https:\/\/api.w.org\/{rel}","templated":true}]}}