{"id":17464,"date":"2025-05-24T21:27:03","date_gmt":"2025-05-24T21:27:03","guid":{"rendered":"https:\/\/bobea.net\/?p=17464"},"modified":"2025-05-24T21:27:04","modified_gmt":"2025-05-24T21:27:04","slug":"les-tendances-mode-reperees-au-festival-de-cannes-2025","status":"publish","type":"post","link":"https:\/\/bobea.net\/index.php\/2025\/05\/24\/les-tendances-mode-reperees-au-festival-de-cannes-2025\/","title":{"rendered":"Les tendances mode rep\u00e9r\u00e9es au Festival de Cannes 2025"},"content":{"rendered":"\n<p>Le Fes\u00adti\u00adval de Cannes n\u2019est pas seule\u00adment le ren\u00addez-vous du cin\u00e9\u00adma inter\u00adna\u00adtion\u00adal, c\u2019est aus\u00adsi le th\u00e9\u00e2tre des plus grandes ten\u00addances mode de l\u2019ann\u00e9e. L\u2019\u00e9dition 2025 n\u2019a pas fail\u00adli \u00e0 la tra\u00addi\u00adtion&nbsp;: sur le tapis rouge, les c\u00e9l\u00e9brit\u00e9s ont rival\u00adis\u00e9 d\u2019audace et d\u2019\u00e9l\u00e9gance, offrant un v\u00e9ri\u00adta\u00adble d\u00e9fil\u00e9 de cr\u00e9a\u00adtiv\u00adit\u00e9 et de glam\u00adour. Quelles sont les ten\u00addances qui ont mar\u00adqu\u00e9 cette \u00e9di\u00adtion et com\u00adment s\u2019en inspir\u00ader au quo\u00adti\u00addi\u00aden&nbsp;?<\/p>\n\n\n\n<p>Pre\u00admi\u00e8re ten\u00addance forte&nbsp;: le retour du min\u00adi\u00admal\u00adisme chic. De nom\u00adbreuses actri\u00adces ont opt\u00e9 pour des robes \u00e9pur\u00e9es, aux coupes droites et aux couleurs sobres, comme le blanc cass\u00e9 ou le beige dor\u00e9. L\u00e9a Sey\u00addoux, fid\u00e8le \u00e0 Louis Vuit\u00adton, a s\u00e9duit avec une robe longue min\u00adi\u00admal\u00adiste, acces\u00adsoiris\u00e9e de bijoux dis\u00adcrets et d\u2019une pochette en satin. Cette sobri\u00e9t\u00e9 \u00e9l\u00e9\u00adgante s\u2019impose comme une valeur s\u00fbre pour les soir\u00e9es esti\u00advales.<\/p>\n\n\n\n<figure class=\"wp-block-image size-large\"><img loading=\"lazy\" decoding=\"async\" width=\"1024\" height=\"576\" src=\"https:\/\/bobea.net\/wp-content\/uploads\/2025\/05\/41337717-1024x576.jpeg\" alt class=\"wp-image-17466\" srcset=\"https:\/\/bobea.net\/wp-content\/uploads\/2025\/05\/41337717-1024x576.jpeg 1024w, https:\/\/bobea.net\/wp-content\/uploads\/2025\/05\/41337717-300x169.jpeg 300w, https:\/\/bobea.net\/wp-content\/uploads\/2025\/05\/41337717-768x432.jpeg 768w, https:\/\/bobea.net\/wp-content\/uploads\/2025\/05\/41337717.jpeg 1190w\" sizes=\"(max-width: 1024px) 100vw, 1024px\"><\/figure>\n\n\n\n<p>\u00c0 l\u2019oppos\u00e9, la ten\u00addance max\u00adi\u00admal\u00adiste a \u00e9gale\u00adment fait sen\u00adsa\u00adtion. Couleurs vives, imprim\u00e9s flo\u00adraux XXL, volants et plumes ont illu\u00admin\u00e9 le tapis rouge. Zen\u00addaya, \u00e9g\u00e9rie de la nou\u00advelle g\u00e9n\u00e9ra\u00adtion, a os\u00e9 une robe fuch\u00adsia \u00e0 volants sign\u00e9e d\u2019un jeune cr\u00e9a\u00adteur nig\u00e9ri\u00adan, prou\u00advant que l\u2019audace styl\u00adis\u00adtique n\u2019a plus de fron\u00adti\u00e8res. Les acces\u00adsoires over\u00adsize, comme les boucles d\u2019oreilles sculp\u00adturales ou les sacs bijoux, com\u00adpl\u00e8\u00adtent par\u00adfaite\u00adment ces looks affir\u00adm\u00e9s.<\/p>\n\n\n\n<p>C\u00f4t\u00e9 mati\u00e8res, la dura\u00adbil\u00adit\u00e9 \u00e9tait \u00e0 l\u2019honneur. Plusieurs stars ont choisi des tenues con\u00adfec\u00adtion\u00adn\u00e9es \u00e0 par\u00adtir de tis\u00adsus recy\u00adcl\u00e9s ou de fibres naturelles. Cette d\u00e9marche \u00e9core\u00adspon\u00ads\u00adable, port\u00e9e par des cr\u00e9a\u00adtri\u00adces comme Stel\u00adla McCart\u00adney ou la camer\u00adounaise A\u00efcha Man\u00adga, s\u2019inscrit dans la volon\u00adt\u00e9 de con\u00adjuguer mode et con\u00adscience \u00e9cologique. Le \u00abgreen glam\u00adour\u00bb s\u2019impose d\u00e9sor\u00admais comme une ten\u00addance incon\u00adtourn\u00adable.<\/p>\n\n\n\n<p>Autre \u00e9l\u00e9\u00adment mar\u00adquant&nbsp;: la diver\u00adsit\u00e9 des sil\u00adhou\u00adettes et des mor\u00adpholo\u00adgies repr\u00e9sen\u00adt\u00e9es. Les maisons de cou\u00adture ont mul\u00adti\u00adpli\u00e9 les col\u00adlab\u00ado\u00adra\u00adtions avec des man\u00adnequins de toutes orig\u00adines et de toutes tailles, envoy\u00adant un mes\u00adsage fort en faveur de l\u2019inclusivit\u00e9. Sur la Croisette, la beaut\u00e9 se d\u00e9cline au pluriel, et chaque femme peut trou\u00adver l\u2019inspiration pour affirmer son style.<\/p>\n\n\n\n<figure class=\"wp-block-image size-large\"><img loading=\"lazy\" decoding=\"async\" width=\"1024\" height=\"666\" src=\"https:\/\/bobea.net\/wp-content\/uploads\/2025\/05\/Pourquoi-le-Festival-de-Cannes-passionne-t-il-tant-la-Gen-Z-sur-les-reseaux-sociaux-1024x666.jpg\" alt class=\"wp-image-17467\" srcset=\"https:\/\/bobea.net\/wp-content\/uploads\/2025\/05\/Pourquoi-le-Festival-de-Cannes-passionne-t-il-tant-la-Gen-Z-sur-les-reseaux-sociaux-1024x666.jpg 1024w, https:\/\/bobea.net\/wp-content\/uploads\/2025\/05\/Pourquoi-le-Festival-de-Cannes-passionne-t-il-tant-la-Gen-Z-sur-les-reseaux-sociaux-300x195.jpg 300w, https:\/\/bobea.net\/wp-content\/uploads\/2025\/05\/Pourquoi-le-Festival-de-Cannes-passionne-t-il-tant-la-Gen-Z-sur-les-reseaux-sociaux-768x499.jpg 768w, https:\/\/bobea.net\/wp-content\/uploads\/2025\/05\/Pourquoi-le-Festival-de-Cannes-passionne-t-il-tant-la-Gen-Z-sur-les-reseaux-sociaux-1536x999.jpg 1536w, https:\/\/bobea.net\/wp-content\/uploads\/2025\/05\/Pourquoi-le-Festival-de-Cannes-passionne-t-il-tant-la-Gen-Z-sur-les-reseaux-sociaux-2048x1331.jpg 2048w\" sizes=\"(max-width: 1024px) 100vw, 1024px\"><\/figure>\n\n\n\n<p>Enfin, la coif\u00adfure et le maquil\u00adlage ont jou\u00e9 un r\u00f4le cen\u00adtral dans la con\u00adstruc\u00adtion des looks. Les cheveux ultra-longs, les chignons flous et les coif\u00adfures afro ont rival\u00adis\u00e9 de cr\u00e9a\u00adtiv\u00adit\u00e9. C\u00f4t\u00e9 make-up, le teint glowy, les l\u00e8vres glossy et les paupi\u00e8res col\u00ador\u00e9es \u00e9taient \u00e0 l\u2019honneur, pour un effet frais et lumineux.<\/p>\n\n\n\n<p>En con\u00adclu\u00adsion, le Fes\u00adti\u00adval de Cannes 2025 con\u00adfirme son statut de pre\u00adscrip\u00adteur de ten\u00addances mode. Entre min\u00adi\u00admal\u00adisme chic, audace max\u00adi\u00admal\u00adiste, engage\u00adment \u00e9core\u00adspon\u00ads\u00adable et c\u00e9l\u00e9bra\u00adtion de la diver\u00adsit\u00e9, la Croisette inspire toutes les femmes \u00e0 exprimer leur per\u00adson\u00adnal\u00adit\u00e9 \u00e0 tra\u00advers la mode. Que l\u2019on soit adepte du clas\u00adsi\u00adcisme ou de l\u2019extravagance, il y a une le\u00e7on de style \u00e0 retenir de cette \u00e9di\u00adtion&nbsp;: oser, affirmer, ray\u00adon\u00adner.<\/p>\n","protected":false},"excerpt":{"rendered":"<p>Le Fes\u00adti\u00adval de Cannes n\u2019est pas seule\u00adment le ren\u00addez-vous du cin\u00e9\u00adma inter\u00adna\u00adtion\u00adal, c\u2019est aus\u00adsi le th\u00e9\u00e2tre des plus grandes ten\u00addances mode de l\u2019ann\u00e9e. L\u2019\u00e9dition 2025 n\u2019a pas fail\u00adli \u00e0 la\u2026 <\/p>\n","protected":false},"author":1,"featured_media":17465,"comment_status":"open","ping_status":"closed","sticky":false,"template":"","format":"standard","meta":{"wp_typography_post_enhancements_disabled":false,"footnotes":""},"categories":[50],"tags":[],"class_list":["post-17464","post","type-post","status-publish","format-standard","has-post-thumbnail","hentry","category-mode"],"yoast_head":"<!-- This site is optimized with the Yoast SEO plugin v24.7 - https:\/\/yoast.com\/wordpress\/plugins\/seo\/ -->\n<title>Les tendances mode rep\u00e9r\u00e9es au Festival de Cannes 2025 - Bobea<\/title>\n<meta name=\"description\" content=\"Le Festival de Cannes n\u2019est pas seulement le rendez-vous du cin\u00e9ma international, c\u2019est aussi le th\u00e9\u00e2tre des plus grandes tendances mode\" \/>\n<meta name=\"robots\" content=\"index, follow, max-snippet:-1, max-image-preview:large, max-video-preview:-1\" \/>\n<link rel=\"canonical\" href=\"https:\/\/bobea.net\/index.php\/2025\/05\/24\/les-tendances-mode-reperees-au-festival-de-cannes-2025\/\" \/>\n<meta property=\"og:locale\" content=\"fr_FR\" \/>\n<meta property=\"og:type\" content=\"article\" \/>\n<meta property=\"og:title\" content=\"Les tendances mode rep\u00e9r\u00e9es au Festival de Cannes 2025 - Bobea\" \/>\n<meta property=\"og:description\" content=\"Le Festival de Cannes n\u2019est pas seulement le rendez-vous du cin\u00e9ma international, c\u2019est aussi le th\u00e9\u00e2tre des plus grandes tendances mode\" \/>\n<meta property=\"og:url\" content=\"https:\/\/bobea.net\/index.php\/2025\/05\/24\/les-tendances-mode-reperees-au-festival-de-cannes-2025\/\" \/>\n<meta property=\"og:site_name\" content=\"Bobea\" \/>\n<meta property=\"article:publisher\" content=\"https:\/\/web.facebook.com\/profile.php?id=61559252188416\" \/>\n<meta property=\"article:published_time\" content=\"2025-05-24T21:27:03+00:00\" \/>\n<meta property=\"article:modified_time\" content=\"2025-05-24T21:27:04+00:00\" \/>\n<meta property=\"og:image\" content=\"https:\/\/bobea.net\/wp-content\/uploads\/2025\/05\/Credit-photo-ReMarquable-62.jpg\" \/>\n\t<meta property=\"og:image:width\" content=\"1100\" \/>\n\t<meta property=\"og:image:height\" content=\"650\" \/>\n\t<meta property=\"og:image:type\" content=\"image\/jpeg\" \/>\n<meta name=\"author\" content=\"bobea.info\" \/>\n<meta name=\"twitter:card\" content=\"summary_large_image\" \/>\n<meta name=\"twitter:label1\" content=\"\u00c9crit par\" \/>\n\t<meta name=\"twitter:data1\" content=\"bobea.info\" \/>\n\t<meta name=\"twitter:label2\" content=\"Dur\u00e9e de lecture estim\u00e9e\" \/>\n\t<meta name=\"twitter:data2\" content=\"3 minutes\" \/>\n<script type=\"application\/ld+json\" class=\"yoast-schema-graph\">{\"@context\":\"https:\/\/schema.org\",\"@graph\":[{\"@type\":\"Article\",\"@id\":\"https:\/\/bobea.net\/index.php\/2025\/05\/24\/les-tendances-mode-reperees-au-festival-de-cannes-2025\/#article\",\"isPartOf\":{\"@id\":\"https:\/\/bobea.net\/index.php\/2025\/05\/24\/les-tendances-mode-reperees-au-festival-de-cannes-2025\/\"},\"author\":{\"name\":\"bobea.info\",\"@id\":\"https:\/\/bobea.net\/#\/schema\/person\/e7f45ef187918d7c956bf619dce90ccf\"},\"headline\":\"Les tendances mode rep\u00e9r\u00e9es au Festival de Cannes 2025\",\"datePublished\":\"2025-05-24T21:27:03+00:00\",\"dateModified\":\"2025-05-24T21:27:04+00:00\",\"mainEntityOfPage\":{\"@id\":\"https:\/\/bobea.net\/index.php\/2025\/05\/24\/les-tendances-mode-reperees-au-festival-de-cannes-2025\/\"},\"wordCount\":499,\"commentCount\":0,\"publisher\":{\"@id\":\"https:\/\/bobea.net\/#organization\"},\"image\":{\"@id\":\"https:\/\/bobea.net\/index.php\/2025\/05\/24\/les-tendances-mode-reperees-au-festival-de-cannes-2025\/#primaryimage\"},\"thumbnailUrl\":\"https:\/\/bobea.net\/wp-content\/uploads\/2025\/05\/Credit-photo-ReMarquable-62.jpg\",\"articleSection\":[\"Mode\"],\"inLanguage\":\"fr-FR\",\"potentialAction\":[{\"@type\":\"CommentAction\",\"name\":\"Comment\",\"target\":[\"https:\/\/bobea.net\/index.php\/2025\/05\/24\/les-tendances-mode-reperees-au-festival-de-cannes-2025\/#respond\"]}]},{\"@type\":\"WebPage\",\"@id\":\"https:\/\/bobea.net\/index.php\/2025\/05\/24\/les-tendances-mode-reperees-au-festival-de-cannes-2025\/\",\"url\":\"https:\/\/bobea.net\/index.php\/2025\/05\/24\/les-tendances-mode-reperees-au-festival-de-cannes-2025\/\",\"name\":\"Les tendances mode rep\u00e9r\u00e9es au Festival de Cannes 2025 - Bobea\",\"isPartOf\":{\"@id\":\"https:\/\/bobea.net\/#website\"},\"primaryImageOfPage\":{\"@id\":\"https:\/\/bobea.net\/index.php\/2025\/05\/24\/les-tendances-mode-reperees-au-festival-de-cannes-2025\/#primaryimage\"},\"image\":{\"@id\":\"https:\/\/bobea.net\/index.php\/2025\/05\/24\/les-tendances-mode-reperees-au-festival-de-cannes-2025\/#primaryimage\"},\"thumbnailUrl\":\"https:\/\/bobea.net\/wp-content\/uploads\/2025\/05\/Credit-photo-ReMarquable-62.jpg\",\"datePublished\":\"2025-05-24T21:27:03+00:00\",\"dateModified\":\"2025-05-24T21:27:04+00:00\",\"description\":\"Le Festival de Cannes n\u2019est pas seulement le rendez-vous du cin\u00e9ma international, c\u2019est aussi le th\u00e9\u00e2tre des plus grandes tendances mode\",\"breadcrumb\":{\"@id\":\"https:\/\/bobea.net\/index.php\/2025\/05\/24\/les-tendances-mode-reperees-au-festival-de-cannes-2025\/#breadcrumb\"},\"inLanguage\":\"fr-FR\",\"potentialAction\":[{\"@type\":\"ReadAction\",\"target\":[\"https:\/\/bobea.net\/index.php\/2025\/05\/24\/les-tendances-mode-reperees-au-festival-de-cannes-2025\/\"]}]},{\"@type\":\"ImageObject\",\"inLanguage\":\"fr-FR\",\"@id\":\"https:\/\/bobea.net\/index.php\/2025\/05\/24\/les-tendances-mode-reperees-au-festival-de-cannes-2025\/#primaryimage\",\"url\":\"https:\/\/bobea.net\/wp-content\/uploads\/2025\/05\/Credit-photo-ReMarquable-62.jpg\",\"contentUrl\":\"https:\/\/bobea.net\/wp-content\/uploads\/2025\/05\/Credit-photo-ReMarquable-62.jpg\",\"width\":1100,\"height\":650},{\"@type\":\"BreadcrumbList\",\"@id\":\"https:\/\/bobea.net\/index.php\/2025\/05\/24\/les-tendances-mode-reperees-au-festival-de-cannes-2025\/#breadcrumb\",\"itemListElement\":[{\"@type\":\"ListItem\",\"position\":1,\"name\":\"Accueil\",\"item\":\"https:\/\/bobea.net\/\"},{\"@type\":\"ListItem\",\"position\":2,\"name\":\"Les tendances mode rep\u00e9r\u00e9es au Festival de Cannes 2025\"}]},{\"@type\":\"WebSite\",\"@id\":\"https:\/\/bobea.net\/#website\",\"url\":\"https:\/\/bobea.net\/\",\"name\":\"Bobea\",\"description\":\"Le magazine de la nouvelle \u00c8ve\",\"publisher\":{\"@id\":\"https:\/\/bobea.net\/#organization\"},\"potentialAction\":[{\"@type\":\"SearchAction\",\"target\":{\"@type\":\"EntryPoint\",\"urlTemplate\":\"https:\/\/bobea.net\/?s={search_term_string}\"},\"query-input\":{\"@type\":\"PropertyValueSpecification\",\"valueRequired\":true,\"valueName\":\"search_term_string\"}}],\"inLanguage\":\"fr-FR\"},{\"@type\":\"Organization\",\"@id\":\"https:\/\/bobea.net\/#organization\",\"name\":\"Bobea\",\"url\":\"https:\/\/bobea.net\/\",\"logo\":{\"@type\":\"ImageObject\",\"inLanguage\":\"fr-FR\",\"@id\":\"https:\/\/bobea.net\/#\/schema\/logo\/image\/\",\"url\":\"https:\/\/bobea.net\/wp-content\/uploads\/2024\/06\/bobea.jpg\",\"contentUrl\":\"https:\/\/bobea.net\/wp-content\/uploads\/2024\/06\/bobea.jpg\",\"width\":1080,\"height\":1080,\"caption\":\"Bobea\"},\"image\":{\"@id\":\"https:\/\/bobea.net\/#\/schema\/logo\/image\/\"},\"sameAs\":[\"https:\/\/web.facebook.com\/profile.php?id=61559252188416\"]},{\"@type\":\"Person\",\"@id\":\"https:\/\/bobea.net\/#\/schema\/person\/e7f45ef187918d7c956bf619dce90ccf\",\"name\":\"bobea.info\",\"image\":{\"@type\":\"ImageObject\",\"inLanguage\":\"fr-FR\",\"@id\":\"https:\/\/bobea.net\/#\/schema\/person\/image\/\",\"url\":\"https:\/\/secure.gravatar.com\/avatar\/36147980349df887ae30808df3e29474?s=96&d=mm&r=g\",\"contentUrl\":\"https:\/\/secure.gravatar.com\/avatar\/36147980349df887ae30808df3e29474?s=96&d=mm&r=g\",\"caption\":\"bobea.info\"},\"sameAs\":[\"https:\/\/bobea.net\"],\"url\":\"https:\/\/bobea.net\/index.php\/author\/bobea-info\/\"}]}<\/script>\n<!-- \/ Yoast SEO plugin. -->","yoast_head_json":{"title":"Les tendances mode rep\u00e9r\u00e9es au Festival de Cannes 2025 - Bobea","description":"Le Festival de Cannes n\u2019est pas seulement le rendez-vous du cin\u00e9ma international, c\u2019est aussi le th\u00e9\u00e2tre des plus grandes tendances mode","robots":{"index":"index","follow":"follow","max-snippet":"max-snippet:-1","max-image-preview":"max-image-preview:large","max-video-preview":"max-video-preview:-1"},"canonical":"https:\/\/bobea.net\/index.php\/2025\/05\/24\/les-tendances-mode-reperees-au-festival-de-cannes-2025\/","og_locale":"fr_FR","og_type":"article","og_title":"Les tendances mode rep\u00e9r\u00e9es au Festival de Cannes 2025 - Bobea","og_description":"Le Festival de Cannes n\u2019est pas seulement le rendez-vous du cin\u00e9ma international, c\u2019est aussi le th\u00e9\u00e2tre des plus grandes tendances mode","og_url":"https:\/\/bobea.net\/index.php\/2025\/05\/24\/les-tendances-mode-reperees-au-festival-de-cannes-2025\/","og_site_name":"Bobea","article_publisher":"https:\/\/web.facebook.com\/profile.php?id=61559252188416","article_published_time":"2025-05-24T21:27:03+00:00","article_modified_time":"2025-05-24T21:27:04+00:00","og_image":[{"width":1100,"height":650,"url":"https:\/\/bobea.net\/wp-content\/uploads\/2025\/05\/Credit-photo-ReMarquable-62.jpg","type":"image\/jpeg"}],"author":"bobea.info","twitter_card":"summary_large_image","twitter_misc":{"\u00c9crit par":"bobea.info","Dur\u00e9e de lecture estim\u00e9e":"3 minutes"},"schema":{"@context":"https:\/\/schema.org","@graph":[{"@type":"Article","@id":"https:\/\/bobea.net\/index.php\/2025\/05\/24\/les-tendances-mode-reperees-au-festival-de-cannes-2025\/#article","isPartOf":{"@id":"https:\/\/bobea.net\/index.php\/2025\/05\/24\/les-tendances-mode-reperees-au-festival-de-cannes-2025\/"},"author":{"name":"bobea.info","@id":"https:\/\/bobea.net\/#\/schema\/person\/e7f45ef187918d7c956bf619dce90ccf"},"headline":"Les tendances mode rep\u00e9r\u00e9es au Festival de Cannes 2025","datePublished":"2025-05-24T21:27:03+00:00","dateModified":"2025-05-24T21:27:04+00:00","mainEntityOfPage":{"@id":"https:\/\/bobea.net\/index.php\/2025\/05\/24\/les-tendances-mode-reperees-au-festival-de-cannes-2025\/"},"wordCount":499,"commentCount":0,"publisher":{"@id":"https:\/\/bobea.net\/#organization"},"image":{"@id":"https:\/\/bobea.net\/index.php\/2025\/05\/24\/les-tendances-mode-reperees-au-festival-de-cannes-2025\/#primaryimage"},"thumbnailUrl":"https:\/\/bobea.net\/wp-content\/uploads\/2025\/05\/Credit-photo-ReMarquable-62.jpg","articleSection":["Mode"],"inLanguage":"fr-FR","potentialAction":[{"@type":"CommentAction","name":"Comment","target":["https:\/\/bobea.net\/index.php\/2025\/05\/24\/les-tendances-mode-reperees-au-festival-de-cannes-2025\/#respond"]}]},{"@type":"WebPage","@id":"https:\/\/bobea.net\/index.php\/2025\/05\/24\/les-tendances-mode-reperees-au-festival-de-cannes-2025\/","url":"https:\/\/bobea.net\/index.php\/2025\/05\/24\/les-tendances-mode-reperees-au-festival-de-cannes-2025\/","name":"Les tendances mode rep\u00e9r\u00e9es au Festival de Cannes 2025 - Bobea","isPartOf":{"@id":"https:\/\/bobea.net\/#website"},"primaryImageOfPage":{"@id":"https:\/\/bobea.net\/index.php\/2025\/05\/24\/les-tendances-mode-reperees-au-festival-de-cannes-2025\/#primaryimage"},"image":{"@id":"https:\/\/bobea.net\/index.php\/2025\/05\/24\/les-tendances-mode-reperees-au-festival-de-cannes-2025\/#primaryimage"},"thumbnailUrl":"https:\/\/bobea.net\/wp-content\/uploads\/2025\/05\/Credit-photo-ReMarquable-62.jpg","datePublished":"2025-05-24T21:27:03+00:00","dateModified":"2025-05-24T21:27:04+00:00","description":"Le Festival de Cannes n\u2019est pas seulement le rendez-vous du cin\u00e9ma international, c\u2019est aussi le th\u00e9\u00e2tre des plus grandes tendances mode","breadcrumb":{"@id":"https:\/\/bobea.net\/index.php\/2025\/05\/24\/les-tendances-mode-reperees-au-festival-de-cannes-2025\/#breadcrumb"},"inLanguage":"fr-FR","potentialAction":[{"@type":"ReadAction","target":["https:\/\/bobea.net\/index.php\/2025\/05\/24\/les-tendances-mode-reperees-au-festival-de-cannes-2025\/"]}]},{"@type":"ImageObject","inLanguage":"fr-FR","@id":"https:\/\/bobea.net\/index.php\/2025\/05\/24\/les-tendances-mode-reperees-au-festival-de-cannes-2025\/#primaryimage","url":"https:\/\/bobea.net\/wp-content\/uploads\/2025\/05\/Credit-photo-ReMarquable-62.jpg","contentUrl":"https:\/\/bobea.net\/wp-content\/uploads\/2025\/05\/Credit-photo-ReMarquable-62.jpg","width":1100,"height":650},{"@type":"BreadcrumbList","@id":"https:\/\/bobea.net\/index.php\/2025\/05\/24\/les-tendances-mode-reperees-au-festival-de-cannes-2025\/#breadcrumb","itemListElement":[{"@type":"ListItem","position":1,"name":"Accueil","item":"https:\/\/bobea.net\/"},{"@type":"ListItem","position":2,"name":"Les tendances mode rep\u00e9r\u00e9es au Festival de Cannes 2025"}]},{"@type":"WebSite","@id":"https:\/\/bobea.net\/#website","url":"https:\/\/bobea.net\/","name":"Bobea","description":"Le magazine de la nouvelle \u00c8ve","publisher":{"@id":"https:\/\/bobea.net\/#organization"},"potentialAction":[{"@type":"SearchAction","target":{"@type":"EntryPoint","urlTemplate":"https:\/\/bobea.net\/?s={search_term_string}"},"query-input":{"@type":"PropertyValueSpecification","valueRequired":true,"valueName":"search_term_string"}}],"inLanguage":"fr-FR"},{"@type":"Organization","@id":"https:\/\/bobea.net\/#organization","name":"Bobea","url":"https:\/\/bobea.net\/","logo":{"@type":"ImageObject","inLanguage":"fr-FR","@id":"https:\/\/bobea.net\/#\/schema\/logo\/image\/","url":"https:\/\/bobea.net\/wp-content\/uploads\/2024\/06\/bobea.jpg","contentUrl":"https:\/\/bobea.net\/wp-content\/uploads\/2024\/06\/bobea.jpg","width":1080,"height":1080,"caption":"Bobea"},"image":{"@id":"https:\/\/bobea.net\/#\/schema\/logo\/image\/"},"sameAs":["https:\/\/web.facebook.com\/profile.php?id=61559252188416"]},{"@type":"Person","@id":"https:\/\/bobea.net\/#\/schema\/person\/e7f45ef187918d7c956bf619dce90ccf","name":"bobea.info","image":{"@type":"ImageObject","inLanguage":"fr-FR","@id":"https:\/\/bobea.net\/#\/schema\/person\/image\/","url":"https:\/\/secure.gravatar.com\/avatar\/36147980349df887ae30808df3e29474?s=96&d=mm&r=g","contentUrl":"https:\/\/secure.gravatar.com\/avatar\/36147980349df887ae30808df3e29474?s=96&d=mm&r=g","caption":"bobea.info"},"sameAs":["https:\/\/bobea.net"],"url":"https:\/\/bobea.net\/index.php\/author\/bobea-info\/"}]}},"_links":{"self":[{"href":"https:\/\/bobea.net\/index.php\/wp-json\/wp\/v2\/posts\/17464"}],"collection":[{"href":"https:\/\/bobea.net\/index.php\/wp-json\/wp\/v2\/posts"}],"about":[{"href":"https:\/\/bobea.net\/index.php\/wp-json\/wp\/v2\/types\/post"}],"author":[{"embeddable":true,"href":"https:\/\/bobea.net\/index.php\/wp-json\/wp\/v2\/users\/1"}],"replies":[{"embeddable":true,"href":"https:\/\/bobea.net\/index.php\/wp-json\/wp\/v2\/comments?post=17464"}],"version-history":[{"count":1,"href":"https:\/\/bobea.net\/index.php\/wp-json\/wp\/v2\/posts\/17464\/revisions"}],"predecessor-version":[{"id":17468,"href":"https:\/\/bobea.net\/index.php\/wp-json\/wp\/v2\/posts\/17464\/revisions\/17468"}],"wp:featuredmedia":[{"embeddable":true,"href":"https:\/\/bobea.net\/index.php\/wp-json\/wp\/v2\/media\/17465"}],"wp:attachment":[{"href":"https:\/\/bobea.net\/index.php\/wp-json\/wp\/v2\/media?parent=17464"}],"wp:term":[{"taxonomy":"category","embeddable":true,"href":"https:\/\/bobea.net\/index.php\/wp-json\/wp\/v2\/categories?post=17464"},{"taxonomy":"post_tag","embeddable":true,"href":"https:\/\/bobea.net\/index.php\/wp-json\/wp\/v2\/tags?post=17464"}],"curies":[{"name":"wp","href":"https:\/\/api.w.org\/{rel}","templated":true}]}}