{"id":17143,"date":"2025-05-21T09:45:14","date_gmt":"2025-05-21T09:45:14","guid":{"rendered":"https:\/\/bobea.net\/?p=17143"},"modified":"2025-05-21T09:45:15","modified_gmt":"2025-05-21T09:45:15","slug":"stephanie-de-monaco-une-icone-rebelle-pour-le-rocher-aux-princesses","status":"publish","type":"post","link":"https:\/\/bobea.net\/index.php\/2025\/05\/21\/stephanie-de-monaco-une-icone-rebelle-pour-le-rocher-aux-princesses\/","title":{"rendered":"St\u00e9phanie de Monaco, une ic\u00f4ne rebelle pour le Rocher aux princesses"},"content":{"rendered":"\n<p>Intro\u00adduc\u00adtion : Une princesse pas comme les autres<\/p>\n\n\n\n<p>Dans l\u2019imaginaire col\u00adlec\u00adtif, les princess\u00ades incar\u00adnent la gr\u00e2ce, la dis\u00adcr\u00e9\u00adtion et la tra\u00addi\u00adtion. Mais St\u00e9phanie de Mona\u00adco, ben\u00adjamine de la princesse Grace et du prince Rainier III, a boulever\u00ads\u00e9 tous les codes. Rebelle, pas\u00adsion\u00adn\u00e9e, cr\u00e9a\u00adtive, elle a su impos\u00ader un style unique, fait de lib\u00adert\u00e9 et d\u2019audace, qui con\u00adtin\u00adue d\u2019inspirer des g\u00e9n\u00e9ra\u00adtions de femmes. \u00c0 tra\u00advers ses choix de vie, ses engage\u00adments et ses pas\u00adsions, St\u00e9phanie est dev\u00adenue une fig\u00adure incon\u00adtourn\u00adable, \u00e0 la fois star, artiste, m\u00e8re et mil\u00adi\u00adtante. Por\u00adtrait d\u2019une princesse qui a fait du Rocher un ter\u00adri\u00adtoire d\u2019\u00e9mancipation.<\/p>\n\n\n\n<p>1. L\u2019enfance dor\u00e9e et le drame fon\u00adda\u00adteur<\/p>\n\n\n\n<p>N\u00e9e le 1er f\u00e9vri\u00ader 1965, St\u00e9phanie Marie \u00c9lis\u00ada\u00adbeth Grimal\u00addi grandit dans le faste du palais princi\u00ader de Mona\u00adco, entour\u00e9e de ses a\u00een\u00e9s Car\u00ado\u00adline et Albert. Sa m\u00e8re, Grace Kel\u00adly, star hol\u00adly\u00adwoo\u00add\u00adi\u00adenne dev\u00adenue princesse, incar\u00adne la per\u00adfec\u00adtion et l\u2019\u00e9l\u00e9gance. Mais der\u00adri\u00e8re les dorures, St\u00e9phanie se dis\u00adtingue tr\u00e8s t\u00f4t par son tem\u00adp\u00e9ra\u00adment ind\u00e9pen\u00addant et sa soif de lib\u00adert\u00e9.<\/p>\n\n\n\n<p>Le 13 sep\u00adtem\u00adbre 1982, la trag\u00e9die frappe : Grace Kel\u00adly meurt dans un acci\u00addent de voiture, alors que St\u00e9phanie, \u00e2g\u00e9e de 17 ans, se trou\u00adve \u00e0 ses c\u00f4t\u00e9s. Ce drame mar\u00adque \u00e0 jamais la jeune fille, qui doit affron\u00adter la douleur, la pres\u00adsion m\u00e9di\u00ada\u00adtique et les rumeurs. Elle en sor\u00adti\u00adra plus forte, mais aus\u00adsi plus farouche\u00adment attach\u00e9e \u00e0 son droit \u00e0 la dif\u00adf\u00e9rence.<\/p>\n\n\n\n<p>2. Ann\u00e9es 80 : la princesse pop et modeuse<\/p>\n\n\n\n<p>Les ann\u00e9es 1980 voient St\u00e9phanie s\u2019affirmer comme une ic\u00f4ne pop. Elle se lance dans la mode, tra\u00advail\u00adlant comme man\u00adnequin pour de grandes maisons et col\u00adlab\u00ado\u00adrant avec des cr\u00e9a\u00adteurs comme Chris\u00adt\u00adian Dior ou Karl Lager\u00adfeld. Son style, m\u00e9lange de glam\u00adour, de rock et de d\u00e9con\u00adtrac\u00adtion, s\u00e9duit la presse et les jeunes du monde entier. St\u00e9phanie incar\u00adne une nou\u00advelle g\u00e9n\u00e9ra\u00adtion de princess\u00ades, plus libres, plus proches de la rue et de la sc\u00e8ne.<\/p>\n\n\n\n<p>En 1986, elle sur\u00adprend tout le monde en se lan\u00e7ant dans la musique. Son tube \u00ab Oura\u00adgan \u00bb, \u00e9crit par Romano Musumar\u00adra, devient un suc\u00adc\u00e8s plan\u00e9\u00adtaire et assoit sa r\u00e9pu\u00adta\u00adtion de star rebelle. L\u2019album \u00ab Besoin \u00bb con\u00adfirme sa pop\u00adu\u00adlar\u00adit\u00e9, tan\u00addis que ses clips, ses looks et ses inter\u00adviews font d\u2019elle une fig\u00adure incon\u00adtourn\u00adable de la pop cul\u00adture.<\/p>\n\n\n\n<figure class=\"wp-block-image size-large\"><img loading=\"lazy\" decoding=\"async\" width=\"1024\" height=\"538\" src=\"https:\/\/bobea.net\/wp-content\/uploads\/2025\/05\/stephanie-de-monaco-1024x538.jpg\" alt class=\"wp-image-17144\" srcset=\"https:\/\/bobea.net\/wp-content\/uploads\/2025\/05\/stephanie-de-monaco-1024x538.jpg 1024w, https:\/\/bobea.net\/wp-content\/uploads\/2025\/05\/stephanie-de-monaco-300x158.jpg 300w, https:\/\/bobea.net\/wp-content\/uploads\/2025\/05\/stephanie-de-monaco-768x403.jpg 768w, https:\/\/bobea.net\/wp-content\/uploads\/2025\/05\/stephanie-de-monaco.jpg 1200w\" sizes=\"(max-width: 1024px) 100vw, 1024px\"><\/figure>\n\n\n\n<p>St\u00e9phanie, muse des ann\u00e9es 80<\/p>\n\n\n\n<ul class=\"wp-block-list\">\n<li><strong>Mode<\/strong>&nbsp;: jean d\u00e9chir\u00e9, per\u00adfec\u00adto, robe lam\u00e9e, cheveux courts ou cran\u00adt\u00e9s\u2026<\/li>\n\n\n\n<li><strong>Musique<\/strong>&nbsp;: pop, dance, bal\u00adlades, col\u00adlab\u00ado\u00adra\u00adtions avec des artistes inter\u00adna\u00adtionaux.<\/li>\n\n\n\n<li><strong>Atti\u00adtude<\/strong>&nbsp;: refus de la langue de bois, spon\u00adtan\u00e9it\u00e9, humour et autod\u00e9ri\u00adsion.<\/li>\n<\/ul>\n\n\n\n<p>3. Une vie sen\u00adti\u00admen\u00adtale sous les pro\u00adjecteurs<\/p>\n\n\n\n<p>St\u00e9phanie de Mona\u00adco a tou\u00adjours revendiqu\u00e9 sa lib\u00adert\u00e9 amoureuse, refu\u00adsant de se pli\u00ader aux con\u00adven\u00adtions de la cour. Ses his\u00adtoires d\u2019amour, sou\u00advent m\u00e9di\u00adatis\u00e9es, font couler beau\u00adcoup d\u2019encre : avec le garde du corps Daniel Ducruet (qu\u2019elle \u00e9pouse en 1995 et dont elle a deux enfants), le funam\u00adbule Adans Lopez Peres, ou encore le cir\u00adcassien Fran\u00adco Knie. Ces choix, par\u00adfois cri\u00adtiqu\u00e9s, t\u00e9moignent de son ind\u00e9pen\u00addance et de sa fid\u00e9l\u00adit\u00e9 \u00e0 ses sen\u00adti\u00adments.<\/p>\n\n\n\n<p>La princesse n\u2019a jamais h\u00e9sit\u00e9 \u00e0 d\u00e9fendre ses proches, \u00e0 affron\u00adter les tem\u00adp\u00eates m\u00e9di\u00ada\u00adtiques et \u00e0 pro\u00adt\u00e9ger sa famille. M\u00e8re de trois enfants \u2013 Louis, Pauline et Camille \u2013 elle incar\u00adne une mater\u00adnit\u00e9 mod\u00aderne, loin des clich\u00e9s, faite de ten\u00addresse, de com\u00adplic\u00adit\u00e9 et de trans\u00admis\u00adsion.<\/p>\n\n\n\n<p>4. L\u2019engagement human\u00adi\u00adtaire : la princesse au grand c\u0153ur<\/p>\n\n\n\n<p>Der\u00adri\u00e8re l\u2019image de la star rebelle se cache une femme pro\u00adfond\u00e9\u00adment engag\u00e9e. St\u00e9phanie a fait de la lutte con\u00adtre le sida son com\u00adbat majeur, cr\u00e9ant en 2004 l\u2019association Fight Aids Mona\u00adco. Elle s\u2019investit per\u00adson\u00adnelle\u00adment dans la pr\u00e9ven\u00adtion, l\u2019accompagnement des malades et la lutte con\u00adtre la stig\u00adma\u00adti\u00adsa\u00adtion. Son action est salu\u00e9e par de nom\u00adbreuses ONG et par la com\u00admu\u00adnaut\u00e9 inter\u00adna\u00adtionale.<\/p>\n\n\n\n<p>Elle milite \u00e9gale\u00adment pour la pro\u00adtec\u00adtion des ani\u00admaux, la d\u00e9fense des artistes du cirque et le sou\u00adtien aux caus\u00ades sociales. Son engage\u00adment est mar\u00adqu\u00e9 par une grande dis\u00adcr\u00e9\u00adtion et une authen\u00adtic\u00adit\u00e9 rare dans le monde des t\u00eates couron\u00adn\u00e9es.<\/p>\n\n\n\n<p>5. St\u00e9phanie et le cirque : une pas\u00adsion h\u00e9rit\u00e9e et assum\u00e9e<\/p>\n\n\n\n<p>Le cirque occupe une place cen\u00adtrale dans la vie de St\u00e9phanie. Pr\u00e9si\u00addente du Fes\u00adti\u00adval Inter\u00adna\u00adtion\u00adal du Cirque de Monte-Car\u00adlo depuis 2005, elle per\u00adp\u00e9tue la tra\u00addi\u00adtion ini\u00adti\u00e9e par son p\u00e8re, tout en mod\u00adernisant l\u2019\u00e9v\u00e9nement. Elle d\u00e9fend une vision du cirque respectueuse des artistes et des ani\u00admaux, et \u0153uvre pour la recon\u00adnais\u00adsance de cet art pop\u00adu\u00adlaire.<\/p>\n\n\n\n<p>Sa pas\u00adsion pour le cirque est aus\u00adsi une m\u00e9taphore de sa vie : \u00e9quili\u00adbre, audace, prise de risque et go\u00fbt du spec\u00adta\u00adcle. St\u00e9phanie n\u2019h\u00e9site pas \u00e0 mon\u00adter sur sc\u00e8ne, \u00e0 par\u00adticiper aux num\u00e9ros ou \u00e0 soutenir les jeunes tal\u00adents.<\/p>\n\n\n\n<p>6. Une ic\u00f4ne f\u00e9mi\u00adnine, entre fragilit\u00e9 et force<\/p>\n\n\n\n<p>St\u00e9phanie de Mona\u00adco fascine parce qu\u2019elle incar\u00adne la com\u00adplex\u00adit\u00e9 de la f\u00e9minit\u00e9 mod\u00aderne : vul\u00adn\u00e9rable mais r\u00e9siliente, rebelle mais fid\u00e8le \u00e0 ses valeurs, star mais proche des gens. Elle a su trans\u00adformer ses \u00e9preuves en force, ses pas\u00adsions en caus\u00ades, et son image en sym\u00adbole d\u2019\u00e9mancipation.<\/p>\n\n\n\n<figure class=\"wp-block-image size-full is-resized\"><img loading=\"lazy\" decoding=\"async\" width=\"960\" height=\"640\" src=\"https:\/\/bobea.net\/wp-content\/uploads\/2025\/05\/Stephanie-de-Monaco-Je-ne-supporte-pas-l-injustice.jpg\" alt class=\"wp-image-17145\" style=\"width:840px;height:auto\" srcset=\"https:\/\/bobea.net\/wp-content\/uploads\/2025\/05\/Stephanie-de-Monaco-Je-ne-supporte-pas-l-injustice.jpg 960w, https:\/\/bobea.net\/wp-content\/uploads\/2025\/05\/Stephanie-de-Monaco-Je-ne-supporte-pas-l-injustice-300x200.jpg 300w, https:\/\/bobea.net\/wp-content\/uploads\/2025\/05\/Stephanie-de-Monaco-Je-ne-supporte-pas-l-injustice-768x512.jpg 768w\" sizes=\"(max-width: 960px) 100vw, 960px\"><\/figure>\n\n\n\n<p>Dans un monde o\u00f9 les princess\u00ades sont sou\u00advent can\u00adton\u00adn\u00e9es \u00e0 des r\u00f4les fig\u00e9s, elle a ouvert la voie \u00e0 une nou\u00advelle g\u00e9n\u00e9ra\u00adtion de femmes libres, cr\u00e9a\u00adtives et engag\u00e9es. Son influ\u00adence se retrou\u00adve dans la mode, la musique, l\u2019humanitaire, mais aus\u00adsi dans la mani\u00e8re dont elle a su impos\u00ader sa voix et ses choix.<\/p>\n\n\n\n<p>7. St\u00e9phanie aujourd\u2019hui : dis\u00adcr\u00e9\u00adtion et trans\u00admis\u00adsion<\/p>\n\n\n\n<p>\u00c0 60 ans pass\u00e9s, St\u00e9phanie de Mona\u00adco con\u00adtin\u00adue d\u2019\u0153uvrer loin des pro\u00adjecteurs, priv\u00adil\u00e9\u00adgiant la dis\u00adcr\u00e9\u00adtion et l\u2019efficacit\u00e9. Elle accom\u00adpa\u00adgne ses enfants dans leurs pro\u00adjets, sou\u00adtient les asso\u00adci\u00ada\u00adtions et veille \u00e0 la p\u00e9ren\u00adnit\u00e9 de ses engage\u00adments. Son style s\u2019est assa\u00adgi, mais son regard reste p\u00e9til\u00adlant et son franc-par\u00adler intact.<\/p>\n\n\n\n<p>Elle demeure une fig\u00adure respec\u00adt\u00e9e, admir\u00e9e pour son authen\u00adtic\u00adit\u00e9 et sa capac\u00adit\u00e9 \u00e0 tra\u00advers\u00ader les tem\u00adp\u00eates sans jamais renon\u00adcer \u00e0 elle-m\u00eame.<\/p>\n\n\n\n<p>Con\u00adclu\u00adsion : Une princesse pour notre temps<\/p>\n\n\n\n<p>St\u00e9phanie de Mona\u00adco est bien plus qu\u2019une princesse rebelle : elle est une femme de son temps, qui a su r\u00e9in\u00adven\u00adter le r\u00f4le de princesse pour le XXIe si\u00e8\u00adcle. Par sa lib\u00adert\u00e9, son engage\u00adment et sa pas\u00adsion, elle inspire toutes celles et ceux qui refusent les \u00e9ti\u00adquettes et qui croient en la force de l\u2019individualit\u00e9.<br>Le Rocher aux princess\u00ades n\u2019a jamais \u00e9t\u00e9 aus\u00adsi vivant, aus\u00adsi vibrant, que sous le regard de cette ic\u00f4ne sin\u00adguli\u00e8re, qui a fait de sa vie une aven\u00adture \u00e0 part enti\u00e8re.<\/p>\n\n\n\n<p><strong>R\u00e9sum\u00e9 SEO<\/strong>&nbsp;:<br>St\u00e9phanie de Mona\u00adco, princesse rebelle et pas\u00adsion\u00adn\u00e9e, a mar\u00adqu\u00e9 l\u2019histoire du Rocher par son style, sa car\u00adri\u00e8re artis\u00adtique et son engage\u00adment human\u00adi\u00adtaire. Ic\u00f4ne des ann\u00e9es 80, femme libre et m\u00e8re d\u00e9vou\u00e9e, elle incar\u00adne la moder\u00adnit\u00e9 et l\u2019\u00e9mancipation au sein de la famille prin\u00adci\u00e8re de Mona\u00adco. D\u00e9cou\u00advrez son par\u00adcours unique, ses com\u00adbats et son h\u00e9ritage inspi\u00adrant dans ce por\u00adtrait exclusif.<\/p>\n","protected":false},"excerpt":{"rendered":"<p>Intro\u00adduc\u00adtion : Une princesse pas comme les autres Dans l\u2019imaginaire col\u00adlec\u00adtif, les princess\u00ades incar\u00adnent la gr\u00e2ce, la dis\u00adcr\u00e9\u00adtion et la tra\u00addi\u00adtion. Mais St\u00e9phanie de Mona\u00adco, ben\u00adjamine de la princesse Grace\u2026 <\/p>\n","protected":false},"author":1,"featured_media":17146,"comment_status":"open","ping_status":"closed","sticky":false,"template":"","format":"standard","meta":{"wp_typography_post_enhancements_disabled":false,"footnotes":""},"categories":[73],"tags":[13089,1107,13088,13087,165,315,1215,13090,13086,3901],"class_list":["post-17143","post","type-post","status-publish","format-standard","has-post-thumbnail","hentry","category-on-en-parle","tag-annees-80","tag-engagement-2","tag-famille-princiere-de-monaco","tag-icone-feminine","tag-liberte","tag-mode","tag-musique","tag-portrait-de-femme","tag-princesse-rebelle","tag-stephanie-de-monaco"],"yoast_head":"<!-- This site is optimized with the Yoast SEO plugin v24.7 - https:\/\/yoast.com\/wordpress\/plugins\/seo\/ -->\n<title>St\u00e9phanie de Monaco, une ic\u00f4ne rebelle pour le Rocher aux princesses - Bobea<\/title>\n<meta name=\"description\" content=\"St\u00e9phanie de Monaco, princesse rebelle et passionn\u00e9e, a marqu\u00e9 l\u2019histoire du Rocher par son style, sa carri\u00e8re artistique et son engagement\" \/>\n<meta name=\"robots\" content=\"index, follow, max-snippet:-1, max-image-preview:large, max-video-preview:-1\" \/>\n<link rel=\"canonical\" href=\"https:\/\/bobea.net\/index.php\/2025\/05\/21\/stephanie-de-monaco-une-icone-rebelle-pour-le-rocher-aux-princesses\/\" \/>\n<meta property=\"og:locale\" content=\"fr_FR\" \/>\n<meta property=\"og:type\" content=\"article\" \/>\n<meta property=\"og:title\" content=\"St\u00e9phanie de Monaco, une ic\u00f4ne rebelle pour le Rocher aux princesses - Bobea\" \/>\n<meta property=\"og:description\" content=\"St\u00e9phanie de Monaco, princesse rebelle et passionn\u00e9e, a marqu\u00e9 l\u2019histoire du Rocher par son style, sa carri\u00e8re artistique et son engagement\" \/>\n<meta property=\"og:url\" content=\"https:\/\/bobea.net\/index.php\/2025\/05\/21\/stephanie-de-monaco-une-icone-rebelle-pour-le-rocher-aux-princesses\/\" \/>\n<meta property=\"og:site_name\" content=\"Bobea\" \/>\n<meta property=\"article:publisher\" content=\"https:\/\/web.facebook.com\/profile.php?id=61559252188416\" \/>\n<meta property=\"article:published_time\" content=\"2025-05-21T09:45:14+00:00\" \/>\n<meta property=\"article:modified_time\" content=\"2025-05-21T09:45:15+00:00\" \/>\n<meta property=\"og:image\" content=\"https:\/\/bobea.net\/wp-content\/uploads\/2025\/05\/420.jpg\" \/>\n\t<meta property=\"og:image:width\" content=\"1920\" \/>\n\t<meta property=\"og:image:height\" content=\"1080\" \/>\n\t<meta property=\"og:image:type\" content=\"image\/jpeg\" \/>\n<meta name=\"author\" content=\"bobea.info\" \/>\n<meta name=\"twitter:card\" content=\"summary_large_image\" \/>\n<meta name=\"twitter:label1\" content=\"\u00c9crit par\" \/>\n\t<meta name=\"twitter:data1\" content=\"bobea.info\" \/>\n\t<meta name=\"twitter:label2\" content=\"Dur\u00e9e de lecture estim\u00e9e\" \/>\n\t<meta name=\"twitter:data2\" content=\"6 minutes\" \/>\n<script type=\"application\/ld+json\" class=\"yoast-schema-graph\">{\"@context\":\"https:\/\/schema.org\",\"@graph\":[{\"@type\":\"Article\",\"@id\":\"https:\/\/bobea.net\/index.php\/2025\/05\/21\/stephanie-de-monaco-une-icone-rebelle-pour-le-rocher-aux-princesses\/#article\",\"isPartOf\":{\"@id\":\"https:\/\/bobea.net\/index.php\/2025\/05\/21\/stephanie-de-monaco-une-icone-rebelle-pour-le-rocher-aux-princesses\/\"},\"author\":{\"name\":\"bobea.info\",\"@id\":\"https:\/\/bobea.net\/#\/schema\/person\/e7f45ef187918d7c956bf619dce90ccf\"},\"headline\":\"St\u00e9phanie de Monaco, une ic\u00f4ne rebelle pour le Rocher aux princesses\",\"datePublished\":\"2025-05-21T09:45:14+00:00\",\"dateModified\":\"2025-05-21T09:45:15+00:00\",\"mainEntityOfPage\":{\"@id\":\"https:\/\/bobea.net\/index.php\/2025\/05\/21\/stephanie-de-monaco-une-icone-rebelle-pour-le-rocher-aux-princesses\/\"},\"wordCount\":1199,\"commentCount\":0,\"publisher\":{\"@id\":\"https:\/\/bobea.net\/#organization\"},\"image\":{\"@id\":\"https:\/\/bobea.net\/index.php\/2025\/05\/21\/stephanie-de-monaco-une-icone-rebelle-pour-le-rocher-aux-princesses\/#primaryimage\"},\"thumbnailUrl\":\"https:\/\/bobea.net\/wp-content\/uploads\/2025\/05\/420.jpg\",\"keywords\":[\"ann\u00e9es 80\",\"engagement\",\"famille princi\u00e8re de Monaco\",\"ic\u00f4ne f\u00e9minine\",\"libert\u00e9\",\"mode\",\"musique\",\"portrait de femme\",\"princesse rebelle\",\"St\u00e9phanie de Monaco\"],\"articleSection\":[\"On en Parle\"],\"inLanguage\":\"fr-FR\",\"potentialAction\":[{\"@type\":\"CommentAction\",\"name\":\"Comment\",\"target\":[\"https:\/\/bobea.net\/index.php\/2025\/05\/21\/stephanie-de-monaco-une-icone-rebelle-pour-le-rocher-aux-princesses\/#respond\"]}]},{\"@type\":\"WebPage\",\"@id\":\"https:\/\/bobea.net\/index.php\/2025\/05\/21\/stephanie-de-monaco-une-icone-rebelle-pour-le-rocher-aux-princesses\/\",\"url\":\"https:\/\/bobea.net\/index.php\/2025\/05\/21\/stephanie-de-monaco-une-icone-rebelle-pour-le-rocher-aux-princesses\/\",\"name\":\"St\u00e9phanie de Monaco, une ic\u00f4ne rebelle pour le Rocher aux princesses - Bobea\",\"isPartOf\":{\"@id\":\"https:\/\/bobea.net\/#website\"},\"primaryImageOfPage\":{\"@id\":\"https:\/\/bobea.net\/index.php\/2025\/05\/21\/stephanie-de-monaco-une-icone-rebelle-pour-le-rocher-aux-princesses\/#primaryimage\"},\"image\":{\"@id\":\"https:\/\/bobea.net\/index.php\/2025\/05\/21\/stephanie-de-monaco-une-icone-rebelle-pour-le-rocher-aux-princesses\/#primaryimage\"},\"thumbnailUrl\":\"https:\/\/bobea.net\/wp-content\/uploads\/2025\/05\/420.jpg\",\"datePublished\":\"2025-05-21T09:45:14+00:00\",\"dateModified\":\"2025-05-21T09:45:15+00:00\",\"description\":\"St\u00e9phanie de Monaco, princesse rebelle et passionn\u00e9e, a marqu\u00e9 l\u2019histoire du Rocher par son style, sa carri\u00e8re artistique et son engagement\",\"breadcrumb\":{\"@id\":\"https:\/\/bobea.net\/index.php\/2025\/05\/21\/stephanie-de-monaco-une-icone-rebelle-pour-le-rocher-aux-princesses\/#breadcrumb\"},\"inLanguage\":\"fr-FR\",\"potentialAction\":[{\"@type\":\"ReadAction\",\"target\":[\"https:\/\/bobea.net\/index.php\/2025\/05\/21\/stephanie-de-monaco-une-icone-rebelle-pour-le-rocher-aux-princesses\/\"]}]},{\"@type\":\"ImageObject\",\"inLanguage\":\"fr-FR\",\"@id\":\"https:\/\/bobea.net\/index.php\/2025\/05\/21\/stephanie-de-monaco-une-icone-rebelle-pour-le-rocher-aux-princesses\/#primaryimage\",\"url\":\"https:\/\/bobea.net\/wp-content\/uploads\/2025\/05\/420.jpg\",\"contentUrl\":\"https:\/\/bobea.net\/wp-content\/uploads\/2025\/05\/420.jpg\",\"width\":1920,\"height\":1080},{\"@type\":\"BreadcrumbList\",\"@id\":\"https:\/\/bobea.net\/index.php\/2025\/05\/21\/stephanie-de-monaco-une-icone-rebelle-pour-le-rocher-aux-princesses\/#breadcrumb\",\"itemListElement\":[{\"@type\":\"ListItem\",\"position\":1,\"name\":\"Accueil\",\"item\":\"https:\/\/bobea.net\/\"},{\"@type\":\"ListItem\",\"position\":2,\"name\":\"St\u00e9phanie de Monaco, une ic\u00f4ne rebelle pour le Rocher aux princesses\"}]},{\"@type\":\"WebSite\",\"@id\":\"https:\/\/bobea.net\/#website\",\"url\":\"https:\/\/bobea.net\/\",\"name\":\"Bobea\",\"description\":\"Le magazine de la nouvelle \u00c8ve\",\"publisher\":{\"@id\":\"https:\/\/bobea.net\/#organization\"},\"potentialAction\":[{\"@type\":\"SearchAction\",\"target\":{\"@type\":\"EntryPoint\",\"urlTemplate\":\"https:\/\/bobea.net\/?s={search_term_string}\"},\"query-input\":{\"@type\":\"PropertyValueSpecification\",\"valueRequired\":true,\"valueName\":\"search_term_string\"}}],\"inLanguage\":\"fr-FR\"},{\"@type\":\"Organization\",\"@id\":\"https:\/\/bobea.net\/#organization\",\"name\":\"Bobea\",\"url\":\"https:\/\/bobea.net\/\",\"logo\":{\"@type\":\"ImageObject\",\"inLanguage\":\"fr-FR\",\"@id\":\"https:\/\/bobea.net\/#\/schema\/logo\/image\/\",\"url\":\"https:\/\/bobea.net\/wp-content\/uploads\/2024\/06\/bobea.jpg\",\"contentUrl\":\"https:\/\/bobea.net\/wp-content\/uploads\/2024\/06\/bobea.jpg\",\"width\":1080,\"height\":1080,\"caption\":\"Bobea\"},\"image\":{\"@id\":\"https:\/\/bobea.net\/#\/schema\/logo\/image\/\"},\"sameAs\":[\"https:\/\/web.facebook.com\/profile.php?id=61559252188416\"]},{\"@type\":\"Person\",\"@id\":\"https:\/\/bobea.net\/#\/schema\/person\/e7f45ef187918d7c956bf619dce90ccf\",\"name\":\"bobea.info\",\"image\":{\"@type\":\"ImageObject\",\"inLanguage\":\"fr-FR\",\"@id\":\"https:\/\/bobea.net\/#\/schema\/person\/image\/\",\"url\":\"https:\/\/secure.gravatar.com\/avatar\/36147980349df887ae30808df3e29474?s=96&d=mm&r=g\",\"contentUrl\":\"https:\/\/secure.gravatar.com\/avatar\/36147980349df887ae30808df3e29474?s=96&d=mm&r=g\",\"caption\":\"bobea.info\"},\"sameAs\":[\"https:\/\/bobea.net\"],\"url\":\"https:\/\/bobea.net\/index.php\/author\/bobea-info\/\"}]}<\/script>\n<!-- \/ Yoast SEO plugin. -->","yoast_head_json":{"title":"St\u00e9phanie de Monaco, une ic\u00f4ne rebelle pour le Rocher aux princesses - Bobea","description":"St\u00e9phanie de Monaco, princesse rebelle et passionn\u00e9e, a marqu\u00e9 l\u2019histoire du Rocher par son style, sa carri\u00e8re artistique et son engagement","robots":{"index":"index","follow":"follow","max-snippet":"max-snippet:-1","max-image-preview":"max-image-preview:large","max-video-preview":"max-video-preview:-1"},"canonical":"https:\/\/bobea.net\/index.php\/2025\/05\/21\/stephanie-de-monaco-une-icone-rebelle-pour-le-rocher-aux-princesses\/","og_locale":"fr_FR","og_type":"article","og_title":"St\u00e9phanie de Monaco, une ic\u00f4ne rebelle pour le Rocher aux princesses - Bobea","og_description":"St\u00e9phanie de Monaco, princesse rebelle et passionn\u00e9e, a marqu\u00e9 l\u2019histoire du Rocher par son style, sa carri\u00e8re artistique et son engagement","og_url":"https:\/\/bobea.net\/index.php\/2025\/05\/21\/stephanie-de-monaco-une-icone-rebelle-pour-le-rocher-aux-princesses\/","og_site_name":"Bobea","article_publisher":"https:\/\/web.facebook.com\/profile.php?id=61559252188416","article_published_time":"2025-05-21T09:45:14+00:00","article_modified_time":"2025-05-21T09:45:15+00:00","og_image":[{"width":1920,"height":1080,"url":"https:\/\/bobea.net\/wp-content\/uploads\/2025\/05\/420.jpg","type":"image\/jpeg"}],"author":"bobea.info","twitter_card":"summary_large_image","twitter_misc":{"\u00c9crit par":"bobea.info","Dur\u00e9e de lecture estim\u00e9e":"6 minutes"},"schema":{"@context":"https:\/\/schema.org","@graph":[{"@type":"Article","@id":"https:\/\/bobea.net\/index.php\/2025\/05\/21\/stephanie-de-monaco-une-icone-rebelle-pour-le-rocher-aux-princesses\/#article","isPartOf":{"@id":"https:\/\/bobea.net\/index.php\/2025\/05\/21\/stephanie-de-monaco-une-icone-rebelle-pour-le-rocher-aux-princesses\/"},"author":{"name":"bobea.info","@id":"https:\/\/bobea.net\/#\/schema\/person\/e7f45ef187918d7c956bf619dce90ccf"},"headline":"St\u00e9phanie de Monaco, une ic\u00f4ne rebelle pour le Rocher aux princesses","datePublished":"2025-05-21T09:45:14+00:00","dateModified":"2025-05-21T09:45:15+00:00","mainEntityOfPage":{"@id":"https:\/\/bobea.net\/index.php\/2025\/05\/21\/stephanie-de-monaco-une-icone-rebelle-pour-le-rocher-aux-princesses\/"},"wordCount":1199,"commentCount":0,"publisher":{"@id":"https:\/\/bobea.net\/#organization"},"image":{"@id":"https:\/\/bobea.net\/index.php\/2025\/05\/21\/stephanie-de-monaco-une-icone-rebelle-pour-le-rocher-aux-princesses\/#primaryimage"},"thumbnailUrl":"https:\/\/bobea.net\/wp-content\/uploads\/2025\/05\/420.jpg","keywords":["ann\u00e9es 80","engagement","famille princi\u00e8re de Monaco","ic\u00f4ne f\u00e9minine","libert\u00e9","mode","musique","portrait de femme","princesse rebelle","St\u00e9phanie de Monaco"],"articleSection":["On en Parle"],"inLanguage":"fr-FR","potentialAction":[{"@type":"CommentAction","name":"Comment","target":["https:\/\/bobea.net\/index.php\/2025\/05\/21\/stephanie-de-monaco-une-icone-rebelle-pour-le-rocher-aux-princesses\/#respond"]}]},{"@type":"WebPage","@id":"https:\/\/bobea.net\/index.php\/2025\/05\/21\/stephanie-de-monaco-une-icone-rebelle-pour-le-rocher-aux-princesses\/","url":"https:\/\/bobea.net\/index.php\/2025\/05\/21\/stephanie-de-monaco-une-icone-rebelle-pour-le-rocher-aux-princesses\/","name":"St\u00e9phanie de Monaco, une ic\u00f4ne rebelle pour le Rocher aux princesses - Bobea","isPartOf":{"@id":"https:\/\/bobea.net\/#website"},"primaryImageOfPage":{"@id":"https:\/\/bobea.net\/index.php\/2025\/05\/21\/stephanie-de-monaco-une-icone-rebelle-pour-le-rocher-aux-princesses\/#primaryimage"},"image":{"@id":"https:\/\/bobea.net\/index.php\/2025\/05\/21\/stephanie-de-monaco-une-icone-rebelle-pour-le-rocher-aux-princesses\/#primaryimage"},"thumbnailUrl":"https:\/\/bobea.net\/wp-content\/uploads\/2025\/05\/420.jpg","datePublished":"2025-05-21T09:45:14+00:00","dateModified":"2025-05-21T09:45:15+00:00","description":"St\u00e9phanie de Monaco, princesse rebelle et passionn\u00e9e, a marqu\u00e9 l\u2019histoire du Rocher par son style, sa carri\u00e8re artistique et son engagement","breadcrumb":{"@id":"https:\/\/bobea.net\/index.php\/2025\/05\/21\/stephanie-de-monaco-une-icone-rebelle-pour-le-rocher-aux-princesses\/#breadcrumb"},"inLanguage":"fr-FR","potentialAction":[{"@type":"ReadAction","target":["https:\/\/bobea.net\/index.php\/2025\/05\/21\/stephanie-de-monaco-une-icone-rebelle-pour-le-rocher-aux-princesses\/"]}]},{"@type":"ImageObject","inLanguage":"fr-FR","@id":"https:\/\/bobea.net\/index.php\/2025\/05\/21\/stephanie-de-monaco-une-icone-rebelle-pour-le-rocher-aux-princesses\/#primaryimage","url":"https:\/\/bobea.net\/wp-content\/uploads\/2025\/05\/420.jpg","contentUrl":"https:\/\/bobea.net\/wp-content\/uploads\/2025\/05\/420.jpg","width":1920,"height":1080},{"@type":"BreadcrumbList","@id":"https:\/\/bobea.net\/index.php\/2025\/05\/21\/stephanie-de-monaco-une-icone-rebelle-pour-le-rocher-aux-princesses\/#breadcrumb","itemListElement":[{"@type":"ListItem","position":1,"name":"Accueil","item":"https:\/\/bobea.net\/"},{"@type":"ListItem","position":2,"name":"St\u00e9phanie de Monaco, une ic\u00f4ne rebelle pour le Rocher aux princesses"}]},{"@type":"WebSite","@id":"https:\/\/bobea.net\/#website","url":"https:\/\/bobea.net\/","name":"Bobea","description":"Le magazine de la nouvelle \u00c8ve","publisher":{"@id":"https:\/\/bobea.net\/#organization"},"potentialAction":[{"@type":"SearchAction","target":{"@type":"EntryPoint","urlTemplate":"https:\/\/bobea.net\/?s={search_term_string}"},"query-input":{"@type":"PropertyValueSpecification","valueRequired":true,"valueName":"search_term_string"}}],"inLanguage":"fr-FR"},{"@type":"Organization","@id":"https:\/\/bobea.net\/#organization","name":"Bobea","url":"https:\/\/bobea.net\/","logo":{"@type":"ImageObject","inLanguage":"fr-FR","@id":"https:\/\/bobea.net\/#\/schema\/logo\/image\/","url":"https:\/\/bobea.net\/wp-content\/uploads\/2024\/06\/bobea.jpg","contentUrl":"https:\/\/bobea.net\/wp-content\/uploads\/2024\/06\/bobea.jpg","width":1080,"height":1080,"caption":"Bobea"},"image":{"@id":"https:\/\/bobea.net\/#\/schema\/logo\/image\/"},"sameAs":["https:\/\/web.facebook.com\/profile.php?id=61559252188416"]},{"@type":"Person","@id":"https:\/\/bobea.net\/#\/schema\/person\/e7f45ef187918d7c956bf619dce90ccf","name":"bobea.info","image":{"@type":"ImageObject","inLanguage":"fr-FR","@id":"https:\/\/bobea.net\/#\/schema\/person\/image\/","url":"https:\/\/secure.gravatar.com\/avatar\/36147980349df887ae30808df3e29474?s=96&d=mm&r=g","contentUrl":"https:\/\/secure.gravatar.com\/avatar\/36147980349df887ae30808df3e29474?s=96&d=mm&r=g","caption":"bobea.info"},"sameAs":["https:\/\/bobea.net"],"url":"https:\/\/bobea.net\/index.php\/author\/bobea-info\/"}]}},"_links":{"self":[{"href":"https:\/\/bobea.net\/index.php\/wp-json\/wp\/v2\/posts\/17143"}],"collection":[{"href":"https:\/\/bobea.net\/index.php\/wp-json\/wp\/v2\/posts"}],"about":[{"href":"https:\/\/bobea.net\/index.php\/wp-json\/wp\/v2\/types\/post"}],"author":[{"embeddable":true,"href":"https:\/\/bobea.net\/index.php\/wp-json\/wp\/v2\/users\/1"}],"replies":[{"embeddable":true,"href":"https:\/\/bobea.net\/index.php\/wp-json\/wp\/v2\/comments?post=17143"}],"version-history":[{"count":1,"href":"https:\/\/bobea.net\/index.php\/wp-json\/wp\/v2\/posts\/17143\/revisions"}],"predecessor-version":[{"id":17147,"href":"https:\/\/bobea.net\/index.php\/wp-json\/wp\/v2\/posts\/17143\/revisions\/17147"}],"wp:featuredmedia":[{"embeddable":true,"href":"https:\/\/bobea.net\/index.php\/wp-json\/wp\/v2\/media\/17146"}],"wp:attachment":[{"href":"https:\/\/bobea.net\/index.php\/wp-json\/wp\/v2\/media?parent=17143"}],"wp:term":[{"taxonomy":"category","embeddable":true,"href":"https:\/\/bobea.net\/index.php\/wp-json\/wp\/v2\/categories?post=17143"},{"taxonomy":"post_tag","embeddable":true,"href":"https:\/\/bobea.net\/index.php\/wp-json\/wp\/v2\/tags?post=17143"}],"curies":[{"name":"wp","href":"https:\/\/api.w.org\/{rel}","templated":true}]}}