{"id":17120,"date":"2025-05-21T09:28:43","date_gmt":"2025-05-21T09:28:43","guid":{"rendered":"https:\/\/bobea.net\/?p=17120"},"modified":"2025-05-21T09:28:44","modified_gmt":"2025-05-21T09:28:44","slug":"printemps-ete-2025-les-tendances-mode-qui-vont-marquer-la-saison","status":"publish","type":"post","link":"https:\/\/bobea.net\/index.php\/2025\/05\/21\/printemps-ete-2025-les-tendances-mode-qui-vont-marquer-la-saison\/","title":{"rendered":"Printemps-\u00c9t\u00e9 2025 : Les tendances mode qui vont marquer la saison"},"content":{"rendered":"\n<p>La mode print\u00ademps-\u00e9t\u00e9 2025 s\u2019annonce comme une sai\u00adson de con\u00adtrastes, d\u2019audace et de lib\u00adert\u00e9 cr\u00e9a\u00adtive. Port\u00e9e par les podi\u00adums de Paris, Milan, Lon\u00addres et New York, elle brouille les pistes, m\u00e9lange les influ\u00adences et invite \u00e0 explor\u00ader toutes les facettes de la f\u00e9minit\u00e9. Quelles sont les ten\u00addances incon\u00adtourn\u00adables \u00e0 adopter ? Quels sont les must-have rep\u00e9r\u00e9s lors des d\u00e9fil\u00e9s et dans la rue ? D\u00e9cryptage d\u2019une sai\u00adson haute en couleurs et en \u00e9mo\u00adtions.<\/p>\n\n\n\n<p>Explo\u00adsion de couleurs : trop\u00adi\u00adcal vibes et rose absolu<\/p>\n\n\n\n<p>En 2025, la mode s\u2019empare des couleurs vives et des imprim\u00e9s exub\u00e9rants. Les teintes trop\u00adi\u00adcales \u2013 corail, vert lime, jaune safran, rose hibis\u00adcus \u2013 s\u2019imposent sur toutes les pi\u00e8ces, des robes longues aux acces\u00adsoires<a href=\"https:\/\/fr.fashionnetwork.com\/news\/Ete-2025-les-tendances-mode-beaute-a-adopter,1728233.html\" target=\"_blank\" rel=\"noreferrer noopener\">3<\/a>.&nbsp;Le rose, sous toutes ses nuances, est la star absolue de la sai\u00adson : du rose drag\u00e9e roman\u00adtique au fuch\u00adsia vibrant, il col\u00adore robes, cos\u00adtumes, sacs et chaus\u00adsures<a href=\"https:\/\/www.harpersbazaar.fr\/mode\/les-8-grandes-tendances-mode-printemps-ete-2025-decryptees_5204\" target=\"_blank\" rel=\"noreferrer noopener\">1<\/a>.&nbsp;Cette palette vit\u00ada\u00adm\u00adin\u00e9e insuf\u00adfle une \u00e9nergie nou\u00advelle et une joie de vivre com\u00admu\u00adnica\u00adtive.<\/p>\n\n\n\n<p>Les mati\u00e8res et coupes phares<\/p>\n\n\n\n<p>La l\u00e9g\u00e8ret\u00e9 est de mise : mous\u00adse\u00adlines, soies, tulles et cotons flu\u00adides domi\u00adnent les col\u00adlec\u00adtions. Les coupes sont a\u00e9ri\u00adennes, par\u00adfois asym\u00e9triques, jouant sur la trans\u00adparence et les super\u00adpo\u00adsi\u00adtions. Les robes longues flot\u00adtent, les pan\u00adtalons taille haute s\u2019\u00e9largissent, les micro\u00adtops d\u00e9voilent le nom\u00adbril, et la lin\u00adgerie s\u2019affiche en plein jour, trans\u00adfor\u00adm\u00e9e en pi\u00e8ce forte par les cr\u00e9a\u00adteurs<a href=\"https:\/\/numero.com\/mode\/les-13-tendances-qui-feront-le-printemps-ete-2025\/\" target=\"_blank\" rel=\"noreferrer noopener\">6<\/a>.&nbsp;Les plumes, le cro\u00adchet et les d\u00e9tails ajour\u00e9s ajoutent une touche d\u2019artisanat et de fan\u00adtaisie.<\/p>\n\n\n\n<p>Le retour du court et du sexy assum\u00e9<\/p>\n\n\n\n<p>Le mini est partout : mini-jupes plis\u00ads\u00e9es, mini-shorts, micro\u00adtops\u2026 La sil\u00adhou\u00adette se fait plus auda\u00adcieuse, mais tou\u00adjours avec \u00e9l\u00e9\u00adgance. Les ensem\u00adbles coor\u00addon\u00adn\u00e9s, tr\u00e8s pr\u00e9sents chez Miu Miu ou Pra\u00adda, revis\u00adi\u00adtent l\u2019esprit prep\u00adpy avec une touche de moder\u00adnit\u00e9 et de sen\u00adsu\u00adal\u00adit\u00e9<a href=\"https:\/\/www.printemps.com\/fr\/fr\/edito-actu-10-marques-luxe\" target=\"_blank\" rel=\"noreferrer noopener\">2<\/a>.&nbsp;Le body et le corset, inspir\u00e9s de la lin\u00adgerie, se por\u00adtent en plein jour, affir\u00admant un style r\u00e9sol\u00adu\u00adment f\u00e9minin et assum\u00e9<a href=\"https:\/\/numero.com\/mode\/les-13-tendances-qui-feront-le-printemps-ete-2025\/\" target=\"_blank\" rel=\"noreferrer noopener\">6<\/a>.<\/p>\n\n\n\n<p>Acces\u00adsoires : l\u2019audace jusqu\u2019au bout des doigts<\/p>\n\n\n\n<p>L\u2019accessoire est roi en 2025. Les sacs en paille se par\u00adent de couleurs vives, les lunettes de soleil adoptent des formes g\u00e9om\u00e9triques et des mon\u00adtures n\u00e9on, les bijoux sont over\u00adsize et mul\u00adti\u00adcol\u00adores<a href=\"https:\/\/fr.fashionnetwork.com\/news\/Ete-2025-les-tendances-mode-beaute-a-adopter,1728233.html\" target=\"_blank\" rel=\"noreferrer noopener\">3<\/a>.&nbsp;Les chaus\u00adsures oscil\u00adlent entre bal\u00adler\u00adines en soie, san\u00addales \u00e0 plate\u00adformes et bas\u00adkets futur\u00adistes. Le foulard imprim\u00e9 et la cein\u00adture large struc\u00adturent la sil\u00adhou\u00adette, tan\u00addis que les cha\u00adpeaux XXL pro\u00adt\u00e8\u00adgent du soleil avec style.<\/p>\n\n\n\n<p>Les mar\u00adques et cr\u00e9a\u00adteurs \u00e0 suiv\u00adre<\/p>\n\n\n\n<p>La sai\u00adson est mar\u00adqu\u00e9e par la cr\u00e9a\u00adtiv\u00adit\u00e9 des maisons de luxe comme Pra\u00adda, Miu Miu, Bal\u00admain, Chlo\u00e9 et Tot\u00eame<a href=\"https:\/\/www.printemps.com\/fr\/fr\/edito-actu-10-marques-luxe\" target=\"_blank\" rel=\"noreferrer noopener\">2<\/a>.&nbsp;Chlo\u00e9 s\u00e9duit par son \u00e9l\u00e9\u00adgance boh\u00e8me et ses mati\u00e8res respon\u00ads\u00adables, Bal\u00admain par ses sil\u00adhou\u00adettes puis\u00adsantes et inclu\u00adsives, Miu Miu par son esprit libre et ses acces\u00adsoires cultes. Le vin\u00adtage et la sec\u00adonde main con\u00adtin\u00adu\u00adent de gag\u00adn\u00ader du ter\u00adrain, offrant une alter\u00adna\u00adtive durable et styl\u00e9e<a href=\"https:\/\/www.instagram.com\/choupiciel\/reel\/DE0NVV_CyhV\/\" target=\"_blank\" rel=\"noreferrer noopener\">7<\/a>.<\/p>\n\n\n\n<figure class=\"wp-block-image size-large\"><img loading=\"lazy\" decoding=\"async\" width=\"1024\" height=\"683\" src=\"https:\/\/bobea.net\/wp-content\/uploads\/2025\/05\/tendancess25-16uz7esl-2024-10-10-1024x683.avif\" alt class=\"wp-image-17121\" srcset=\"https:\/\/bobea.net\/wp-content\/uploads\/2025\/05\/tendancess25-16uz7esl-2024-10-10-1024x683.avif 1024w, https:\/\/bobea.net\/wp-content\/uploads\/2025\/05\/tendancess25-16uz7esl-2024-10-10-300x200.avif 300w, https:\/\/bobea.net\/wp-content\/uploads\/2025\/05\/tendancess25-16uz7esl-2024-10-10-768x512.avif 768w, https:\/\/bobea.net\/wp-content\/uploads\/2025\/05\/tendancess25-16uz7esl-2024-10-10.avif 1388w\" sizes=\"(max-width: 1024px) 100vw, 1024px\"><\/figure>\n\n\n\n<p>Les \u00e9v\u00e9ne\u00adments mode \u00e0 ne pas man\u00adquer<\/p>\n\n\n\n<p>Paris Fash\u00adion Week reste le ren\u00addez-vous phare, mais aus\u00adsi les salons comme Who\u2019s Next ou Pre\u00admiere Classe, et les expo\u00adsi\u00adtions con\u00adsacr\u00e9es \u00e0 l\u2019innovation tex\u00adtile et au design<a href=\"https:\/\/www.gdcboutique.com\/blog\/tendances\/evenements-mode-en-france-en-2025\" target=\"_blank\" rel=\"noreferrer noopener\">5<\/a>.&nbsp;Ces \u00e9v\u00e9ne\u00adments d\u00e9voilent les ten\u00addances \u00e0 venir et per\u00adme\u00adt\u00adtent de rep\u00e9r\u00ader les pi\u00e8ces fortes de la sai\u00adson.<\/p>\n\n\n\n<p>Con\u00adseils de style pour adopter la ten\u00addance<\/p>\n\n\n\n<ul class=\"wp-block-list\">\n<li>Osez la couleur : mix\u00adez les teintes vives pour un look joyeux et affir\u00adm\u00e9.<\/li>\n\n\n\n<li>Jouez avec les vol\u00adumes : asso\u00adciez une pi\u00e8ce over\u00adsize \u00e0 un v\u00eate\u00adment plus ajust\u00e9.<\/li>\n\n\n\n<li>Mis\u00adez sur les acces\u00adsoires pour per\u00adson\u00adnalis\u00ader chaque tenue.<\/li>\n\n\n\n<li>Priv\u00adil\u00e9giez les mati\u00e8res naturelles et les pi\u00e8ces arti\u00adsanales pour un style authen\u00adtique.<\/li>\n<\/ul>\n\n\n\n<p>T\u00e9moignages<\/p>\n\n\n\n<p>\u00ab J\u2019adore l\u2019\u00e9nergie des couleurs cet \u00e9t\u00e9, \u00e7a change tout dans ma fa\u00e7on de m\u2019habiller \u00bb, con\u00adfie Mar\u00adi\u00adon, 28 ans.<br>\u00ab Le retour du mini me donne envie d\u2019oser plus, tout en restant \u00e9l\u00e9\u00adgante \u00bb, ajoute Clara, 32 ans.<\/p>\n\n\n\n<p>Con\u00adclu\u00adsion<\/p>\n\n\n\n<p>Le print\u00ademps-\u00e9t\u00e9 2025 c\u00e9l\u00e8bre la diver\u00adsit\u00e9, l\u2019audace et la cr\u00e9a\u00adtiv\u00adit\u00e9. Entre explo\u00adsion de couleurs, coupes inno\u00advantes et acces\u00adsoires spec\u00adtac\u00adu\u00adlaires, la mode invite cha\u00adcune \u00e0 exprimer sa per\u00adson\u00adnal\u00adit\u00e9 et \u00e0 s\u2019approprier les ten\u00addances \u00e0 sa fa\u00e7on. Une sai\u00adson r\u00e9sol\u00adu\u00adment opti\u00admiste, o\u00f9 tout devient pos\u00adsi\u00adble.<\/p>\n","protected":false},"excerpt":{"rendered":"<p>La mode print\u00ad\u00ademps-\u00e9t\u00e9 2025 s\u2019annonce comme une sai\u00adson de con\u00adtrastes, d\u2019audace et de lib\u00adert\u00e9 cr\u00e9a\u00adtive. Port\u00e9e par les podi\u00adums de Paris, Milan, Lon\u00addres et New York, elle brouille les pistes,\u2026 <\/p>\n","protected":false},"author":1,"featured_media":17122,"comment_status":"open","ping_status":"closed","sticky":false,"template":"","format":"standard","meta":{"wp_typography_post_enhancements_disabled":false,"footnotes":""},"categories":[67],"tags":[3390,11097,13074,13075,13076,11414,13077,8910,8899],"class_list":["post-17120","post","type-post","status-publish","format-standard","has-post-thumbnail","hentry","category-tendances","tag-accessoires","tag-couleurs-vives","tag-imprimes","tag-microtop","tag-paris-fashion-week","tag-printemps-ete","tag-rose-absolu","tag-style-feminin","tag-tendances-mode-2025"],"yoast_head":"<!-- This site is optimized with the Yoast SEO plugin v24.7 - https:\/\/yoast.com\/wordpress\/plugins\/seo\/ -->\n<title>Printemps-\u00c9t\u00e9 2025 : Les tendances mode qui vont marquer la saison - Bobea<\/title>\n<meta name=\"description\" content=\"Le printemps-\u00e9t\u00e9 2025 c\u00e9l\u00e8bre la diversit\u00e9, l\u2019audace et la cr\u00e9ativit\u00e9. Entre explosion de couleurs, coupes innovantes et accessoires\" \/>\n<meta name=\"robots\" content=\"index, follow, max-snippet:-1, max-image-preview:large, max-video-preview:-1\" \/>\n<link rel=\"canonical\" href=\"https:\/\/bobea.net\/index.php\/2025\/05\/21\/printemps-ete-2025-les-tendances-mode-qui-vont-marquer-la-saison\/\" \/>\n<meta property=\"og:locale\" content=\"fr_FR\" \/>\n<meta property=\"og:type\" content=\"article\" \/>\n<meta property=\"og:title\" content=\"Printemps-\u00c9t\u00e9 2025 : Les tendances mode qui vont marquer la saison - Bobea\" \/>\n<meta property=\"og:description\" content=\"Le printemps-\u00e9t\u00e9 2025 c\u00e9l\u00e8bre la diversit\u00e9, l\u2019audace et la cr\u00e9ativit\u00e9. Entre explosion de couleurs, coupes innovantes et accessoires\" \/>\n<meta property=\"og:url\" content=\"https:\/\/bobea.net\/index.php\/2025\/05\/21\/printemps-ete-2025-les-tendances-mode-qui-vont-marquer-la-saison\/\" \/>\n<meta property=\"og:site_name\" content=\"Bobea\" \/>\n<meta property=\"article:publisher\" content=\"https:\/\/web.facebook.com\/profile.php?id=61559252188416\" \/>\n<meta property=\"article:published_time\" content=\"2025-05-21T09:28:43+00:00\" \/>\n<meta property=\"article:modified_time\" content=\"2025-05-21T09:28:44+00:00\" \/>\n<meta property=\"og:image\" content=\"https:\/\/bobea.net\/wp-content\/uploads\/2025\/05\/Les-13-tendances-printemps-ete-2025-dictees-par-la-Fashion-Week-TextileAddict.jpg\" \/>\n\t<meta property=\"og:image:width\" content=\"1111\" \/>\n\t<meta property=\"og:image:height\" content=\"583\" \/>\n\t<meta property=\"og:image:type\" content=\"image\/jpeg\" \/>\n<meta name=\"author\" content=\"bobea.info\" \/>\n<meta name=\"twitter:card\" content=\"summary_large_image\" \/>\n<meta name=\"twitter:label1\" content=\"\u00c9crit par\" \/>\n\t<meta name=\"twitter:data1\" content=\"bobea.info\" \/>\n\t<meta name=\"twitter:label2\" content=\"Dur\u00e9e de lecture estim\u00e9e\" \/>\n\t<meta name=\"twitter:data2\" content=\"4 minutes\" \/>\n<script type=\"application\/ld+json\" class=\"yoast-schema-graph\">{\"@context\":\"https:\/\/schema.org\",\"@graph\":[{\"@type\":\"Article\",\"@id\":\"https:\/\/bobea.net\/index.php\/2025\/05\/21\/printemps-ete-2025-les-tendances-mode-qui-vont-marquer-la-saison\/#article\",\"isPartOf\":{\"@id\":\"https:\/\/bobea.net\/index.php\/2025\/05\/21\/printemps-ete-2025-les-tendances-mode-qui-vont-marquer-la-saison\/\"},\"author\":{\"name\":\"bobea.info\",\"@id\":\"https:\/\/bobea.net\/#\/schema\/person\/e7f45ef187918d7c956bf619dce90ccf\"},\"headline\":\"Printemps-\u00c9t\u00e9 2025 : Les tendances mode qui vont marquer la saison\",\"datePublished\":\"2025-05-21T09:28:43+00:00\",\"dateModified\":\"2025-05-21T09:28:44+00:00\",\"mainEntityOfPage\":{\"@id\":\"https:\/\/bobea.net\/index.php\/2025\/05\/21\/printemps-ete-2025-les-tendances-mode-qui-vont-marquer-la-saison\/\"},\"wordCount\":705,\"commentCount\":0,\"publisher\":{\"@id\":\"https:\/\/bobea.net\/#organization\"},\"image\":{\"@id\":\"https:\/\/bobea.net\/index.php\/2025\/05\/21\/printemps-ete-2025-les-tendances-mode-qui-vont-marquer-la-saison\/#primaryimage\"},\"thumbnailUrl\":\"https:\/\/bobea.net\/wp-content\/uploads\/2025\/05\/Les-13-tendances-printemps-ete-2025-dictees-par-la-Fashion-Week-TextileAddict.jpg\",\"keywords\":[\"accessoires\",\"couleurs vives\",\"imprim\u00e9s\",\"microtop\",\"Paris Fashion Week\",\"printemps-\u00e9t\u00e9\",\"rose absolu\",\"style f\u00e9minin\",\"tendances mode 2025\"],\"articleSection\":[\"Tendances\"],\"inLanguage\":\"fr-FR\",\"potentialAction\":[{\"@type\":\"CommentAction\",\"name\":\"Comment\",\"target\":[\"https:\/\/bobea.net\/index.php\/2025\/05\/21\/printemps-ete-2025-les-tendances-mode-qui-vont-marquer-la-saison\/#respond\"]}]},{\"@type\":\"WebPage\",\"@id\":\"https:\/\/bobea.net\/index.php\/2025\/05\/21\/printemps-ete-2025-les-tendances-mode-qui-vont-marquer-la-saison\/\",\"url\":\"https:\/\/bobea.net\/index.php\/2025\/05\/21\/printemps-ete-2025-les-tendances-mode-qui-vont-marquer-la-saison\/\",\"name\":\"Printemps-\u00c9t\u00e9 2025 : Les tendances mode qui vont marquer la saison - Bobea\",\"isPartOf\":{\"@id\":\"https:\/\/bobea.net\/#website\"},\"primaryImageOfPage\":{\"@id\":\"https:\/\/bobea.net\/index.php\/2025\/05\/21\/printemps-ete-2025-les-tendances-mode-qui-vont-marquer-la-saison\/#primaryimage\"},\"image\":{\"@id\":\"https:\/\/bobea.net\/index.php\/2025\/05\/21\/printemps-ete-2025-les-tendances-mode-qui-vont-marquer-la-saison\/#primaryimage\"},\"thumbnailUrl\":\"https:\/\/bobea.net\/wp-content\/uploads\/2025\/05\/Les-13-tendances-printemps-ete-2025-dictees-par-la-Fashion-Week-TextileAddict.jpg\",\"datePublished\":\"2025-05-21T09:28:43+00:00\",\"dateModified\":\"2025-05-21T09:28:44+00:00\",\"description\":\"Le printemps-\u00e9t\u00e9 2025 c\u00e9l\u00e8bre la diversit\u00e9, l\u2019audace et la cr\u00e9ativit\u00e9. Entre explosion de couleurs, coupes innovantes et accessoires\",\"breadcrumb\":{\"@id\":\"https:\/\/bobea.net\/index.php\/2025\/05\/21\/printemps-ete-2025-les-tendances-mode-qui-vont-marquer-la-saison\/#breadcrumb\"},\"inLanguage\":\"fr-FR\",\"potentialAction\":[{\"@type\":\"ReadAction\",\"target\":[\"https:\/\/bobea.net\/index.php\/2025\/05\/21\/printemps-ete-2025-les-tendances-mode-qui-vont-marquer-la-saison\/\"]}]},{\"@type\":\"ImageObject\",\"inLanguage\":\"fr-FR\",\"@id\":\"https:\/\/bobea.net\/index.php\/2025\/05\/21\/printemps-ete-2025-les-tendances-mode-qui-vont-marquer-la-saison\/#primaryimage\",\"url\":\"https:\/\/bobea.net\/wp-content\/uploads\/2025\/05\/Les-13-tendances-printemps-ete-2025-dictees-par-la-Fashion-Week-TextileAddict.jpg\",\"contentUrl\":\"https:\/\/bobea.net\/wp-content\/uploads\/2025\/05\/Les-13-tendances-printemps-ete-2025-dictees-par-la-Fashion-Week-TextileAddict.jpg\",\"width\":1111,\"height\":583},{\"@type\":\"BreadcrumbList\",\"@id\":\"https:\/\/bobea.net\/index.php\/2025\/05\/21\/printemps-ete-2025-les-tendances-mode-qui-vont-marquer-la-saison\/#breadcrumb\",\"itemListElement\":[{\"@type\":\"ListItem\",\"position\":1,\"name\":\"Accueil\",\"item\":\"https:\/\/bobea.net\/\"},{\"@type\":\"ListItem\",\"position\":2,\"name\":\"Printemps-\u00c9t\u00e9 2025 : Les tendances mode qui vont marquer la saison\"}]},{\"@type\":\"WebSite\",\"@id\":\"https:\/\/bobea.net\/#website\",\"url\":\"https:\/\/bobea.net\/\",\"name\":\"Bobea\",\"description\":\"Le magazine de la nouvelle \u00c8ve\",\"publisher\":{\"@id\":\"https:\/\/bobea.net\/#organization\"},\"potentialAction\":[{\"@type\":\"SearchAction\",\"target\":{\"@type\":\"EntryPoint\",\"urlTemplate\":\"https:\/\/bobea.net\/?s={search_term_string}\"},\"query-input\":{\"@type\":\"PropertyValueSpecification\",\"valueRequired\":true,\"valueName\":\"search_term_string\"}}],\"inLanguage\":\"fr-FR\"},{\"@type\":\"Organization\",\"@id\":\"https:\/\/bobea.net\/#organization\",\"name\":\"Bobea\",\"url\":\"https:\/\/bobea.net\/\",\"logo\":{\"@type\":\"ImageObject\",\"inLanguage\":\"fr-FR\",\"@id\":\"https:\/\/bobea.net\/#\/schema\/logo\/image\/\",\"url\":\"https:\/\/bobea.net\/wp-content\/uploads\/2024\/06\/bobea.jpg\",\"contentUrl\":\"https:\/\/bobea.net\/wp-content\/uploads\/2024\/06\/bobea.jpg\",\"width\":1080,\"height\":1080,\"caption\":\"Bobea\"},\"image\":{\"@id\":\"https:\/\/bobea.net\/#\/schema\/logo\/image\/\"},\"sameAs\":[\"https:\/\/web.facebook.com\/profile.php?id=61559252188416\"]},{\"@type\":\"Person\",\"@id\":\"https:\/\/bobea.net\/#\/schema\/person\/e7f45ef187918d7c956bf619dce90ccf\",\"name\":\"bobea.info\",\"image\":{\"@type\":\"ImageObject\",\"inLanguage\":\"fr-FR\",\"@id\":\"https:\/\/bobea.net\/#\/schema\/person\/image\/\",\"url\":\"https:\/\/secure.gravatar.com\/avatar\/36147980349df887ae30808df3e29474?s=96&d=mm&r=g\",\"contentUrl\":\"https:\/\/secure.gravatar.com\/avatar\/36147980349df887ae30808df3e29474?s=96&d=mm&r=g\",\"caption\":\"bobea.info\"},\"sameAs\":[\"https:\/\/bobea.net\"],\"url\":\"https:\/\/bobea.net\/index.php\/author\/bobea-info\/\"}]}<\/script>\n<!-- \/ Yoast SEO plugin. -->","yoast_head_json":{"title":"Printemps-\u00c9t\u00e9 2025 : Les tendances mode qui vont marquer la saison - Bobea","description":"Le printemps-\u00e9t\u00e9 2025 c\u00e9l\u00e8bre la diversit\u00e9, l\u2019audace et la cr\u00e9ativit\u00e9. Entre explosion de couleurs, coupes innovantes et accessoires","robots":{"index":"index","follow":"follow","max-snippet":"max-snippet:-1","max-image-preview":"max-image-preview:large","max-video-preview":"max-video-preview:-1"},"canonical":"https:\/\/bobea.net\/index.php\/2025\/05\/21\/printemps-ete-2025-les-tendances-mode-qui-vont-marquer-la-saison\/","og_locale":"fr_FR","og_type":"article","og_title":"Printemps-\u00c9t\u00e9 2025 : Les tendances mode qui vont marquer la saison - Bobea","og_description":"Le printemps-\u00e9t\u00e9 2025 c\u00e9l\u00e8bre la diversit\u00e9, l\u2019audace et la cr\u00e9ativit\u00e9. Entre explosion de couleurs, coupes innovantes et accessoires","og_url":"https:\/\/bobea.net\/index.php\/2025\/05\/21\/printemps-ete-2025-les-tendances-mode-qui-vont-marquer-la-saison\/","og_site_name":"Bobea","article_publisher":"https:\/\/web.facebook.com\/profile.php?id=61559252188416","article_published_time":"2025-05-21T09:28:43+00:00","article_modified_time":"2025-05-21T09:28:44+00:00","og_image":[{"width":1111,"height":583,"url":"https:\/\/bobea.net\/wp-content\/uploads\/2025\/05\/Les-13-tendances-printemps-ete-2025-dictees-par-la-Fashion-Week-TextileAddict.jpg","type":"image\/jpeg"}],"author":"bobea.info","twitter_card":"summary_large_image","twitter_misc":{"\u00c9crit par":"bobea.info","Dur\u00e9e de lecture estim\u00e9e":"4 minutes"},"schema":{"@context":"https:\/\/schema.org","@graph":[{"@type":"Article","@id":"https:\/\/bobea.net\/index.php\/2025\/05\/21\/printemps-ete-2025-les-tendances-mode-qui-vont-marquer-la-saison\/#article","isPartOf":{"@id":"https:\/\/bobea.net\/index.php\/2025\/05\/21\/printemps-ete-2025-les-tendances-mode-qui-vont-marquer-la-saison\/"},"author":{"name":"bobea.info","@id":"https:\/\/bobea.net\/#\/schema\/person\/e7f45ef187918d7c956bf619dce90ccf"},"headline":"Printemps-\u00c9t\u00e9 2025 : Les tendances mode qui vont marquer la saison","datePublished":"2025-05-21T09:28:43+00:00","dateModified":"2025-05-21T09:28:44+00:00","mainEntityOfPage":{"@id":"https:\/\/bobea.net\/index.php\/2025\/05\/21\/printemps-ete-2025-les-tendances-mode-qui-vont-marquer-la-saison\/"},"wordCount":705,"commentCount":0,"publisher":{"@id":"https:\/\/bobea.net\/#organization"},"image":{"@id":"https:\/\/bobea.net\/index.php\/2025\/05\/21\/printemps-ete-2025-les-tendances-mode-qui-vont-marquer-la-saison\/#primaryimage"},"thumbnailUrl":"https:\/\/bobea.net\/wp-content\/uploads\/2025\/05\/Les-13-tendances-printemps-ete-2025-dictees-par-la-Fashion-Week-TextileAddict.jpg","keywords":["accessoires","couleurs vives","imprim\u00e9s","microtop","Paris Fashion Week","printemps-\u00e9t\u00e9","rose absolu","style f\u00e9minin","tendances mode 2025"],"articleSection":["Tendances"],"inLanguage":"fr-FR","potentialAction":[{"@type":"CommentAction","name":"Comment","target":["https:\/\/bobea.net\/index.php\/2025\/05\/21\/printemps-ete-2025-les-tendances-mode-qui-vont-marquer-la-saison\/#respond"]}]},{"@type":"WebPage","@id":"https:\/\/bobea.net\/index.php\/2025\/05\/21\/printemps-ete-2025-les-tendances-mode-qui-vont-marquer-la-saison\/","url":"https:\/\/bobea.net\/index.php\/2025\/05\/21\/printemps-ete-2025-les-tendances-mode-qui-vont-marquer-la-saison\/","name":"Printemps-\u00c9t\u00e9 2025 : Les tendances mode qui vont marquer la saison - Bobea","isPartOf":{"@id":"https:\/\/bobea.net\/#website"},"primaryImageOfPage":{"@id":"https:\/\/bobea.net\/index.php\/2025\/05\/21\/printemps-ete-2025-les-tendances-mode-qui-vont-marquer-la-saison\/#primaryimage"},"image":{"@id":"https:\/\/bobea.net\/index.php\/2025\/05\/21\/printemps-ete-2025-les-tendances-mode-qui-vont-marquer-la-saison\/#primaryimage"},"thumbnailUrl":"https:\/\/bobea.net\/wp-content\/uploads\/2025\/05\/Les-13-tendances-printemps-ete-2025-dictees-par-la-Fashion-Week-TextileAddict.jpg","datePublished":"2025-05-21T09:28:43+00:00","dateModified":"2025-05-21T09:28:44+00:00","description":"Le printemps-\u00e9t\u00e9 2025 c\u00e9l\u00e8bre la diversit\u00e9, l\u2019audace et la cr\u00e9ativit\u00e9. Entre explosion de couleurs, coupes innovantes et accessoires","breadcrumb":{"@id":"https:\/\/bobea.net\/index.php\/2025\/05\/21\/printemps-ete-2025-les-tendances-mode-qui-vont-marquer-la-saison\/#breadcrumb"},"inLanguage":"fr-FR","potentialAction":[{"@type":"ReadAction","target":["https:\/\/bobea.net\/index.php\/2025\/05\/21\/printemps-ete-2025-les-tendances-mode-qui-vont-marquer-la-saison\/"]}]},{"@type":"ImageObject","inLanguage":"fr-FR","@id":"https:\/\/bobea.net\/index.php\/2025\/05\/21\/printemps-ete-2025-les-tendances-mode-qui-vont-marquer-la-saison\/#primaryimage","url":"https:\/\/bobea.net\/wp-content\/uploads\/2025\/05\/Les-13-tendances-printemps-ete-2025-dictees-par-la-Fashion-Week-TextileAddict.jpg","contentUrl":"https:\/\/bobea.net\/wp-content\/uploads\/2025\/05\/Les-13-tendances-printemps-ete-2025-dictees-par-la-Fashion-Week-TextileAddict.jpg","width":1111,"height":583},{"@type":"BreadcrumbList","@id":"https:\/\/bobea.net\/index.php\/2025\/05\/21\/printemps-ete-2025-les-tendances-mode-qui-vont-marquer-la-saison\/#breadcrumb","itemListElement":[{"@type":"ListItem","position":1,"name":"Accueil","item":"https:\/\/bobea.net\/"},{"@type":"ListItem","position":2,"name":"Printemps-\u00c9t\u00e9 2025 : Les tendances mode qui vont marquer la saison"}]},{"@type":"WebSite","@id":"https:\/\/bobea.net\/#website","url":"https:\/\/bobea.net\/","name":"Bobea","description":"Le magazine de la nouvelle \u00c8ve","publisher":{"@id":"https:\/\/bobea.net\/#organization"},"potentialAction":[{"@type":"SearchAction","target":{"@type":"EntryPoint","urlTemplate":"https:\/\/bobea.net\/?s={search_term_string}"},"query-input":{"@type":"PropertyValueSpecification","valueRequired":true,"valueName":"search_term_string"}}],"inLanguage":"fr-FR"},{"@type":"Organization","@id":"https:\/\/bobea.net\/#organization","name":"Bobea","url":"https:\/\/bobea.net\/","logo":{"@type":"ImageObject","inLanguage":"fr-FR","@id":"https:\/\/bobea.net\/#\/schema\/logo\/image\/","url":"https:\/\/bobea.net\/wp-content\/uploads\/2024\/06\/bobea.jpg","contentUrl":"https:\/\/bobea.net\/wp-content\/uploads\/2024\/06\/bobea.jpg","width":1080,"height":1080,"caption":"Bobea"},"image":{"@id":"https:\/\/bobea.net\/#\/schema\/logo\/image\/"},"sameAs":["https:\/\/web.facebook.com\/profile.php?id=61559252188416"]},{"@type":"Person","@id":"https:\/\/bobea.net\/#\/schema\/person\/e7f45ef187918d7c956bf619dce90ccf","name":"bobea.info","image":{"@type":"ImageObject","inLanguage":"fr-FR","@id":"https:\/\/bobea.net\/#\/schema\/person\/image\/","url":"https:\/\/secure.gravatar.com\/avatar\/36147980349df887ae30808df3e29474?s=96&d=mm&r=g","contentUrl":"https:\/\/secure.gravatar.com\/avatar\/36147980349df887ae30808df3e29474?s=96&d=mm&r=g","caption":"bobea.info"},"sameAs":["https:\/\/bobea.net"],"url":"https:\/\/bobea.net\/index.php\/author\/bobea-info\/"}]}},"_links":{"self":[{"href":"https:\/\/bobea.net\/index.php\/wp-json\/wp\/v2\/posts\/17120"}],"collection":[{"href":"https:\/\/bobea.net\/index.php\/wp-json\/wp\/v2\/posts"}],"about":[{"href":"https:\/\/bobea.net\/index.php\/wp-json\/wp\/v2\/types\/post"}],"author":[{"embeddable":true,"href":"https:\/\/bobea.net\/index.php\/wp-json\/wp\/v2\/users\/1"}],"replies":[{"embeddable":true,"href":"https:\/\/bobea.net\/index.php\/wp-json\/wp\/v2\/comments?post=17120"}],"version-history":[{"count":1,"href":"https:\/\/bobea.net\/index.php\/wp-json\/wp\/v2\/posts\/17120\/revisions"}],"predecessor-version":[{"id":17123,"href":"https:\/\/bobea.net\/index.php\/wp-json\/wp\/v2\/posts\/17120\/revisions\/17123"}],"wp:featuredmedia":[{"embeddable":true,"href":"https:\/\/bobea.net\/index.php\/wp-json\/wp\/v2\/media\/17122"}],"wp:attachment":[{"href":"https:\/\/bobea.net\/index.php\/wp-json\/wp\/v2\/media?parent=17120"}],"wp:term":[{"taxonomy":"category","embeddable":true,"href":"https:\/\/bobea.net\/index.php\/wp-json\/wp\/v2\/categories?post=17120"},{"taxonomy":"post_tag","embeddable":true,"href":"https:\/\/bobea.net\/index.php\/wp-json\/wp\/v2\/tags?post=17120"}],"curies":[{"name":"wp","href":"https:\/\/api.w.org\/{rel}","templated":true}]}}