{"id":16888,"date":"2025-05-20T18:15:39","date_gmt":"2025-05-20T18:15:39","guid":{"rendered":"https:\/\/bobea.net\/?p=16888"},"modified":"2025-05-20T18:15:40","modified_gmt":"2025-05-20T18:15:40","slug":"les-tendances-tresses-colorees-et-accessoires-cheveux-2025","status":"publish","type":"post","link":"https:\/\/bobea.net\/index.php\/2025\/05\/20\/les-tendances-tresses-colorees-et-accessoires-cheveux-2025\/","title":{"rendered":"Les tendances tresses color\u00e9es et accessoires cheveux 2025"},"content":{"rendered":"\n<p>En 2025, la coif\u00adfure se r\u00e9in\u00advente et s\u2019affirme comme un v\u00e9ri\u00adta\u00adble ter\u00adrain d\u2019expression artis\u00adtique. Les tress\u00ades col\u00ador\u00e9es et les acces\u00adsoires cheveux s\u2019imposent comme la ten\u00addance phare de l\u2019ann\u00e9e, alliant cr\u00e9a\u00adtiv\u00adit\u00e9, audace et affir\u00adma\u00adtion de soi. Des podi\u00adums aux r\u00e9seaux soci\u00adaux, cette mode s\u00e9duit toutes les g\u00e9n\u00e9ra\u00adtions, des ado\u00adles\u00adcentes aux femmes actives, en pas\u00adsant par les ic\u00f4nes de la pop cul\u00adture. Com\u00adment adopter cette ten\u00addance, quels styles priv\u00adil\u00e9gi\u00ader et quels acces\u00adsoires choisir ? Tour d\u2019horizon des inspi\u00adra\u00adtions et astuces pour sub\u00adlimer votre chevelure.<\/p>\n\n\n\n<p>Les tress\u00ades col\u00ador\u00e9es : l\u2019audace au bout des doigts<\/p>\n\n\n\n<p>Les tress\u00ades, d\u00e9j\u00e0 incon\u00adtourn\u00adables depuis plusieurs saisons, pren\u00adnent en 2025 une dimen\u00adsion nou\u00advelle gr\u00e2ce \u00e0 l\u2019ajout de m\u00e8ch\u00ades col\u00ador\u00e9es. Bleu \u00e9lec\u00adtrique, rose pas\u00adtel, vio\u00adlet pro\u00adfond, blond pla\u00adtine ou encore tie and dye mul\u00adti\u00adcol\u00adore : toutes les fan\u00adtaisies sont per\u00admis\u00ades. Cette ten\u00addance puise son inspi\u00adra\u00adtion dans les cul\u00adtures afro-carib\u00e9ennes, mais aus\u00adsi dans l\u2019univers des fes\u00adti\u00advals et du street style inter\u00adna\u00adtion\u00adal. Les tress\u00ades col\u00ador\u00e9es per\u00adme\u00adt\u00adtent d\u2019oser sans engage\u00adment, d\u2019exprimer sa per\u00adson\u00adnal\u00adit\u00e9 et de chang\u00ader de look au gr\u00e9 de ses envies.<\/p>\n\n\n\n<p>Com\u00adment r\u00e9us\u00adsir ses tress\u00ades col\u00ador\u00e9es ?<\/p>\n\n\n\n<p>Le choix des m\u00e8ch\u00ades est cru\u00adcial pour un r\u00e9sul\u00adtat har\u00admonieux. Optez pour des fibres syn\u00adth\u00e9\u00adtiques de qual\u00adit\u00e9, faciles \u00e0 tress\u00ader et \u00e0 entretenir. Avant la pose, pr\u00e9\u00adparez vos cheveux naturels en les hydratant et en les d\u00e9m\u00ealant soigneuse\u00adment. Les tress\u00ades peu\u00advent \u00eatre fines ou \u00e9paiss\u00ades, longues ou cour\u00adtes, en ver\u00adsion box braids, corn\u00adrows, twists ou fulani braids. Pour un effet naturel, m\u00e9langez plusieurs nuances proches de votre couleur de base. Pour un look plus auda\u00adcieux, osez le con\u00adtraste avec des couleurs vives ou des motifs g\u00e9om\u00e9triques.<\/p>\n\n\n\n<figure class=\"wp-block-image size-large\"><img loading=\"lazy\" decoding=\"async\" width=\"1024\" height=\"796\" src=\"https:\/\/bobea.net\/wp-content\/uploads\/2025\/05\/perles-tresses-africaines-1024x796.webp\" alt class=\"wp-image-16894\" srcset=\"https:\/\/bobea.net\/wp-content\/uploads\/2025\/05\/perles-tresses-africaines-1024x796.webp 1024w, https:\/\/bobea.net\/wp-content\/uploads\/2025\/05\/perles-tresses-africaines-300x233.webp 300w, https:\/\/bobea.net\/wp-content\/uploads\/2025\/05\/perles-tresses-africaines-768x597.webp 768w, https:\/\/bobea.net\/wp-content\/uploads\/2025\/05\/perles-tresses-africaines.webp 1152w\" sizes=\"(max-width: 1024px) 100vw, 1024px\"><\/figure>\n\n\n\n<p>Les acces\u00adsoires cheveux, stars de 2025<\/p>\n\n\n\n<p>Les acces\u00adsoires cheveux con\u00adnais\u00adsent un v\u00e9ri\u00adta\u00adble boom cette ann\u00e9e. Bar\u00adrettes over\u00adsize, pinces \u00e0 strass, foulards imprim\u00e9s, per\u00adles, bagues \u00e0 tress\u00ades, cha\u00eenes dor\u00e9es ou argen\u00adt\u00e9es : il existe une infinit\u00e9 de pos\u00adsi\u00adbil\u00adit\u00e9s pour per\u00adson\u00adnalis\u00ader sa coif\u00adfure. Les bijoux de cheveux, inspir\u00e9s des cul\u00adtures africaines et indi\u00adennes, appor\u00adtent une touche d\u2019\u00e9l\u00e9gance et de sophis\u00adti\u00adca\u00adtion. Les serre-t\u00eates fleuris, les chou\u00adc\u00adhous en velours et les ban\u00addeaux boh\u00e8mes s\u00e9duisent par leur c\u00f4t\u00e9 r\u00e9tro et roman\u00adtique.<\/p>\n\n\n\n<p>Inspi\u00adra\u00adtions rep\u00e9r\u00e9es sur les r\u00e9seaux soci\u00adaux<\/p>\n\n\n\n<p>Insta\u00adgram, Tik\u00adTok et Pin\u00adter\u00adest regor\u00adgent de tuto\u00adriels et d\u2019inspirations pour adopter les tress\u00ades col\u00ador\u00e9es et les acces\u00adsoires cheveux. Les influ\u00adenceuses beaut\u00e9 rivalisent de cr\u00e9a\u00adtiv\u00adit\u00e9, pro\u00adposant des looks pour toutes les occa\u00adsions : coif\u00adfure de fes\u00adti\u00adval, mariage, soir\u00e9e ou sim\u00adple sor\u00adtie entre amies. Les hash\u00adtags #Col\u00ador\u00adful\u00adBraids, #HairAccessories2025 et #BraidArt explosent, preuve que la ten\u00addance s\u00e9duit un pub\u00adlic large et diver\u00adsi\u00adfi\u00e9.<\/p>\n\n\n\n<p>Entretenir ses tress\u00ades et ses acces\u00adsoires<\/p>\n\n\n\n<p>Pour garder des tress\u00ades \u00e9cla\u00adtantes et en bonne san\u00adt\u00e9, il est essen\u00adtiel d\u2019adopter une rou\u00adtine adap\u00adt\u00e9e. Hydratez r\u00e9guli\u00e8re\u00adment votre cuir chevelu avec un spray nour\u00adris\u00adsant, \u00e9vitez les pro\u00adduits trop gras qui alour\u00addis\u00adsent la coif\u00adfure et pro\u00adt\u00e9gez vos cheveux la nuit avec un foulard en satin. Les acces\u00adsoires doivent \u00eatre choi\u00adsis avec soin : priv\u00adil\u00e9giez les mat\u00e9ri\u00adaux hypoal\u00adlerg\u00e9niques et \u00e9vitez de trop ser\u00adrer pour ne pas frag\u00adilis\u00ader la fibre capil\u00adlaire. Alternez les styles et lais\u00adsez vos cheveux respir\u00ader entre deux coif\u00adfures pro\u00adtec\u00adtri\u00adces.<\/p>\n\n\n\n<p>La ten\u00addance inclu\u00adsive et uni\u00adverselle<\/p>\n\n\n\n<p>Les tress\u00ades col\u00ador\u00e9es et les acces\u00adsoires cheveux tran\u00adscen\u00addent les orig\u00adines et les g\u00e9n\u00e9ra\u00adtions. Elles per\u00adme\u00adt\u00adtent \u00e0 cha\u00adcune d\u2019exprimer sa cr\u00e9a\u00adtiv\u00adit\u00e9, de revendi\u00adquer son iden\u00adtit\u00e9 et de s\u2019approprier les codes de la beaut\u00e9 con\u00adtem\u00adpo\u00adraine. Cette ten\u00addance inclu\u00adsive c\u00e9l\u00e8bre la diver\u00adsit\u00e9, encour\u00adage l\u2019audace et val\u00adorise le savoir-faire des coif\u00adfeuses et arti\u00adsans du monde entier.<\/p>\n\n\n\n<figure class=\"wp-block-image size-full\"><img loading=\"lazy\" decoding=\"async\" width=\"1000\" height=\"500\" src=\"https:\/\/bobea.net\/wp-content\/uploads\/2025\/05\/accessoires-tresse.jpg\" alt class=\"wp-image-16895\" srcset=\"https:\/\/bobea.net\/wp-content\/uploads\/2025\/05\/accessoires-tresse.jpg 1000w, https:\/\/bobea.net\/wp-content\/uploads\/2025\/05\/accessoires-tresse-300x150.jpg 300w, https:\/\/bobea.net\/wp-content\/uploads\/2025\/05\/accessoires-tresse-768x384.jpg 768w\" sizes=\"(max-width: 1000px) 100vw, 1000px\"><\/figure>\n\n\n\n<p>Les erreurs \u00e0 \u00e9viter<\/p>\n\n\n\n<p>Pour un ren\u00addu har\u00admonieux, \u00e9vitez de mul\u00adti\u00adpli\u00ader trop d\u2019accessoires dif\u00adf\u00e9rents sur une m\u00eame coif\u00adfure. Priv\u00adil\u00e9giez la qual\u00adit\u00e9 \u00e0 la quan\u00adtit\u00e9, et adaptez les couleurs \u00e0 votre teint et \u00e0 votre style ves\u00adti\u00admen\u00adtaire. N\u2019oubliez pas de con\u00adsul\u00adter un pro\u00adfes\u00adsion\u00adnel pour la pose de tress\u00ades com\u00adplex\u00ades ou l\u2019ajout de m\u00e8ch\u00ades col\u00ador\u00e9es, afin de pr\u00e9serv\u00ader la san\u00adt\u00e9 de vos cheveux.<\/p>\n\n\n\n<p>T\u00e9moignages : la coif\u00adfure comme affir\u00adma\u00adtion de soi<\/p>\n\n\n\n<p>De nom\u00adbreuses femmes t\u00e9moignent du pou\u00advoir trans\u00adfor\u00adma\u00adteur des tress\u00ades col\u00ador\u00e9es et des acces\u00adsoires cheveux. \u201cDepuis que j\u2019ose les m\u00e8ch\u00ades ros\u00ades et les bar\u00adrettes dor\u00e9es, je me sens plus con\u00adfi\u00adante et cr\u00e9a\u00adtive\u201d, con\u00adfie L\u00e9a, 27 ans. Pour Fatou, 34 ans, \u201cles tress\u00ades col\u00ador\u00e9es sont un hom\u00admage \u00e0 mes racines africaines et un moyen de trans\u00admet\u00adtre cette fiert\u00e9 \u00e0 mes filles\u201d.<\/p>\n\n\n\n<p>Con\u00adclu\u00adsion : osez la couleur et l\u2019originalit\u00e9<\/p>\n\n\n\n<p>Adopter les tress\u00ades col\u00ador\u00e9es et les acces\u00adsoires cheveux en 2025, c\u2019est choisir l\u2019originalit\u00e9, l\u2019audace et la lib\u00adert\u00e9. Cette ten\u00addance, \u00e0 la fois fes\u00adtive et \u00e9l\u00e9\u00adgante, invite chaque femme \u00e0 exprimer sa per\u00adson\u00adnal\u00adit\u00e9 et \u00e0 c\u00e9l\u00e9br\u00ader la beaut\u00e9 sous toutes ses formes.<\/p>\n","protected":false},"excerpt":{"rendered":"<p>En 2025, la coif\u00adfure se r\u00e9in\u00advente et s\u2019affirme comme un v\u00e9ri\u00adta\u00adble ter\u00adrain d\u2019expression artis\u00adtique. Les tress\u00ades col\u00ador\u00e9es et les acces\u00adsoires cheveux s\u2019imposent comme la ten\u00addance phare de l\u2019ann\u00e9e, alliant cr\u00e9a\u00adtiv\u00adit\u00e9,\u2026 <\/p>\n","protected":false},"author":1,"featured_media":16893,"comment_status":"open","ping_status":"closed","sticky":false,"template":"","format":"standard","meta":{"wp_typography_post_enhancements_disabled":false,"footnotes":""},"categories":[51],"tags":[11114,12878,10842,12879,12876,12882,12881,12877,10618,12880],"class_list":["post-16888","post","type-post","status-publish","format-standard","has-post-thumbnail","hentry","category-beaute","tag-accessoires-cheveux","tag-barrettes","tag-beaute-femme","tag-box-braids","tag-creativite-capillaire","tag-entretien-tresses","tag-inspiration-coiffure","tag-perles-cheveux","tag-tendances-coiffure-2025","tag-tresses-colorees"],"yoast_head":"<!-- This site is optimized with the Yoast SEO plugin v24.7 - https:\/\/yoast.com\/wordpress\/plugins\/seo\/ -->\n<title>Les tendances tresses color\u00e9es et accessoires cheveux 2025 - Bobea<\/title>\n<meta name=\"robots\" content=\"index, follow, max-snippet:-1, max-image-preview:large, max-video-preview:-1\" \/>\n<link rel=\"canonical\" href=\"https:\/\/bobea.net\/index.php\/2025\/05\/20\/les-tendances-tresses-colorees-et-accessoires-cheveux-2025\/\" \/>\n<meta property=\"og:locale\" content=\"fr_FR\" \/>\n<meta property=\"og:type\" content=\"article\" \/>\n<meta property=\"og:title\" content=\"Les tendances tresses color\u00e9es et accessoires cheveux 2025 - Bobea\" \/>\n<meta property=\"og:description\" content=\"En 2025, la coif\u00adfure se r\u00e9in\u00advente et s\u2019affirme comme un v\u00e9ri\u00adta\u00adble ter\u00adrain d\u2019expression artis\u00adtique. Les tress\u00ades col\u00ador\u00e9es et les acces\u00adsoires cheveux s\u2019imposent comme la ten\u00addance phare de l\u2019ann\u00e9e, alliant cr\u00e9a\u00adtiv\u00adit\u00e9,&hellip;\" \/>\n<meta property=\"og:url\" content=\"https:\/\/bobea.net\/index.php\/2025\/05\/20\/les-tendances-tresses-colorees-et-accessoires-cheveux-2025\/\" \/>\n<meta property=\"og:site_name\" content=\"Bobea\" \/>\n<meta property=\"article:publisher\" content=\"https:\/\/web.facebook.com\/profile.php?id=61559252188416\" \/>\n<meta property=\"article:published_time\" content=\"2025-05-20T18:15:39+00:00\" \/>\n<meta property=\"article:modified_time\" content=\"2025-05-20T18:15:40+00:00\" \/>\n<meta property=\"og:image\" content=\"https:\/\/bobea.net\/wp-content\/uploads\/2025\/05\/tresse-africaine-demi-tete.webp\" \/>\n\t<meta property=\"og:image:width\" content=\"900\" \/>\n\t<meta property=\"og:image:height\" content=\"654\" \/>\n\t<meta property=\"og:image:type\" content=\"image\/webp\" \/>\n<meta name=\"author\" content=\"bobea.info\" \/>\n<meta name=\"twitter:card\" content=\"summary_large_image\" \/>\n<meta name=\"twitter:label1\" content=\"\u00c9crit par\" \/>\n\t<meta name=\"twitter:data1\" content=\"bobea.info\" \/>\n\t<meta name=\"twitter:label2\" content=\"Dur\u00e9e de lecture estim\u00e9e\" \/>\n\t<meta name=\"twitter:data2\" content=\"5 minutes\" \/>\n<script type=\"application\/ld+json\" class=\"yoast-schema-graph\">{\"@context\":\"https:\/\/schema.org\",\"@graph\":[{\"@type\":\"Article\",\"@id\":\"https:\/\/bobea.net\/index.php\/2025\/05\/20\/les-tendances-tresses-colorees-et-accessoires-cheveux-2025\/#article\",\"isPartOf\":{\"@id\":\"https:\/\/bobea.net\/index.php\/2025\/05\/20\/les-tendances-tresses-colorees-et-accessoires-cheveux-2025\/\"},\"author\":{\"name\":\"bobea.info\",\"@id\":\"https:\/\/bobea.net\/#\/schema\/person\/e7f45ef187918d7c956bf619dce90ccf\"},\"headline\":\"Les tendances tresses color\u00e9es et accessoires cheveux 2025\",\"datePublished\":\"2025-05-20T18:15:39+00:00\",\"dateModified\":\"2025-05-20T18:15:40+00:00\",\"mainEntityOfPage\":{\"@id\":\"https:\/\/bobea.net\/index.php\/2025\/05\/20\/les-tendances-tresses-colorees-et-accessoires-cheveux-2025\/\"},\"wordCount\":806,\"commentCount\":0,\"publisher\":{\"@id\":\"https:\/\/bobea.net\/#organization\"},\"image\":{\"@id\":\"https:\/\/bobea.net\/index.php\/2025\/05\/20\/les-tendances-tresses-colorees-et-accessoires-cheveux-2025\/#primaryimage\"},\"thumbnailUrl\":\"https:\/\/bobea.net\/wp-content\/uploads\/2025\/05\/tresse-africaine-demi-tete.webp\",\"keywords\":[\"accessoires cheveux\",\"barrettes\",\"beaut\u00e9 femme\",\"box braids\",\"cr\u00e9ativit\u00e9 capillaire\",\"entretien tresses\",\"inspiration coiffure\",\"perles cheveux\",\"tendances coiffure 2025\",\"tresses color\u00e9es\"],\"articleSection\":[\"Beaut\u00e9\"],\"inLanguage\":\"fr-FR\",\"potentialAction\":[{\"@type\":\"CommentAction\",\"name\":\"Comment\",\"target\":[\"https:\/\/bobea.net\/index.php\/2025\/05\/20\/les-tendances-tresses-colorees-et-accessoires-cheveux-2025\/#respond\"]}]},{\"@type\":\"WebPage\",\"@id\":\"https:\/\/bobea.net\/index.php\/2025\/05\/20\/les-tendances-tresses-colorees-et-accessoires-cheveux-2025\/\",\"url\":\"https:\/\/bobea.net\/index.php\/2025\/05\/20\/les-tendances-tresses-colorees-et-accessoires-cheveux-2025\/\",\"name\":\"Les tendances tresses color\u00e9es et accessoires cheveux 2025 - Bobea\",\"isPartOf\":{\"@id\":\"https:\/\/bobea.net\/#website\"},\"primaryImageOfPage\":{\"@id\":\"https:\/\/bobea.net\/index.php\/2025\/05\/20\/les-tendances-tresses-colorees-et-accessoires-cheveux-2025\/#primaryimage\"},\"image\":{\"@id\":\"https:\/\/bobea.net\/index.php\/2025\/05\/20\/les-tendances-tresses-colorees-et-accessoires-cheveux-2025\/#primaryimage\"},\"thumbnailUrl\":\"https:\/\/bobea.net\/wp-content\/uploads\/2025\/05\/tresse-africaine-demi-tete.webp\",\"datePublished\":\"2025-05-20T18:15:39+00:00\",\"dateModified\":\"2025-05-20T18:15:40+00:00\",\"breadcrumb\":{\"@id\":\"https:\/\/bobea.net\/index.php\/2025\/05\/20\/les-tendances-tresses-colorees-et-accessoires-cheveux-2025\/#breadcrumb\"},\"inLanguage\":\"fr-FR\",\"potentialAction\":[{\"@type\":\"ReadAction\",\"target\":[\"https:\/\/bobea.net\/index.php\/2025\/05\/20\/les-tendances-tresses-colorees-et-accessoires-cheveux-2025\/\"]}]},{\"@type\":\"ImageObject\",\"inLanguage\":\"fr-FR\",\"@id\":\"https:\/\/bobea.net\/index.php\/2025\/05\/20\/les-tendances-tresses-colorees-et-accessoires-cheveux-2025\/#primaryimage\",\"url\":\"https:\/\/bobea.net\/wp-content\/uploads\/2025\/05\/tresse-africaine-demi-tete.webp\",\"contentUrl\":\"https:\/\/bobea.net\/wp-content\/uploads\/2025\/05\/tresse-africaine-demi-tete.webp\",\"width\":900,\"height\":654},{\"@type\":\"BreadcrumbList\",\"@id\":\"https:\/\/bobea.net\/index.php\/2025\/05\/20\/les-tendances-tresses-colorees-et-accessoires-cheveux-2025\/#breadcrumb\",\"itemListElement\":[{\"@type\":\"ListItem\",\"position\":1,\"name\":\"Accueil\",\"item\":\"https:\/\/bobea.net\/\"},{\"@type\":\"ListItem\",\"position\":2,\"name\":\"Les tendances tresses color\u00e9es et accessoires cheveux 2025\"}]},{\"@type\":\"WebSite\",\"@id\":\"https:\/\/bobea.net\/#website\",\"url\":\"https:\/\/bobea.net\/\",\"name\":\"Bobea\",\"description\":\"Le magazine de la nouvelle \u00c8ve\",\"publisher\":{\"@id\":\"https:\/\/bobea.net\/#organization\"},\"potentialAction\":[{\"@type\":\"SearchAction\",\"target\":{\"@type\":\"EntryPoint\",\"urlTemplate\":\"https:\/\/bobea.net\/?s={search_term_string}\"},\"query-input\":{\"@type\":\"PropertyValueSpecification\",\"valueRequired\":true,\"valueName\":\"search_term_string\"}}],\"inLanguage\":\"fr-FR\"},{\"@type\":\"Organization\",\"@id\":\"https:\/\/bobea.net\/#organization\",\"name\":\"Bobea\",\"url\":\"https:\/\/bobea.net\/\",\"logo\":{\"@type\":\"ImageObject\",\"inLanguage\":\"fr-FR\",\"@id\":\"https:\/\/bobea.net\/#\/schema\/logo\/image\/\",\"url\":\"https:\/\/bobea.net\/wp-content\/uploads\/2024\/06\/bobea.jpg\",\"contentUrl\":\"https:\/\/bobea.net\/wp-content\/uploads\/2024\/06\/bobea.jpg\",\"width\":1080,\"height\":1080,\"caption\":\"Bobea\"},\"image\":{\"@id\":\"https:\/\/bobea.net\/#\/schema\/logo\/image\/\"},\"sameAs\":[\"https:\/\/web.facebook.com\/profile.php?id=61559252188416\"]},{\"@type\":\"Person\",\"@id\":\"https:\/\/bobea.net\/#\/schema\/person\/e7f45ef187918d7c956bf619dce90ccf\",\"name\":\"bobea.info\",\"image\":{\"@type\":\"ImageObject\",\"inLanguage\":\"fr-FR\",\"@id\":\"https:\/\/bobea.net\/#\/schema\/person\/image\/\",\"url\":\"https:\/\/secure.gravatar.com\/avatar\/36147980349df887ae30808df3e29474?s=96&d=mm&r=g\",\"contentUrl\":\"https:\/\/secure.gravatar.com\/avatar\/36147980349df887ae30808df3e29474?s=96&d=mm&r=g\",\"caption\":\"bobea.info\"},\"sameAs\":[\"https:\/\/bobea.net\"],\"url\":\"https:\/\/bobea.net\/index.php\/author\/bobea-info\/\"}]}<\/script>\n<!-- \/ Yoast SEO plugin. -->","yoast_head_json":{"title":"Les tendances tresses color\u00e9es et accessoires cheveux 2025 - Bobea","robots":{"index":"index","follow":"follow","max-snippet":"max-snippet:-1","max-image-preview":"max-image-preview:large","max-video-preview":"max-video-preview:-1"},"canonical":"https:\/\/bobea.net\/index.php\/2025\/05\/20\/les-tendances-tresses-colorees-et-accessoires-cheveux-2025\/","og_locale":"fr_FR","og_type":"article","og_title":"Les tendances tresses color\u00e9es et accessoires cheveux 2025 - Bobea","og_description":"En 2025, la coif\u00adfure se r\u00e9in\u00advente et s\u2019affirme comme un v\u00e9ri\u00adta\u00adble ter\u00adrain d\u2019expression artis\u00adtique. Les tress\u00ades col\u00ador\u00e9es et les acces\u00adsoires cheveux s\u2019imposent comme la ten\u00addance phare de l\u2019ann\u00e9e, alliant cr\u00e9a\u00adtiv\u00adit\u00e9,&hellip;","og_url":"https:\/\/bobea.net\/index.php\/2025\/05\/20\/les-tendances-tresses-colorees-et-accessoires-cheveux-2025\/","og_site_name":"Bobea","article_publisher":"https:\/\/web.facebook.com\/profile.php?id=61559252188416","article_published_time":"2025-05-20T18:15:39+00:00","article_modified_time":"2025-05-20T18:15:40+00:00","og_image":[{"width":900,"height":654,"url":"https:\/\/bobea.net\/wp-content\/uploads\/2025\/05\/tresse-africaine-demi-tete.webp","type":"image\/webp"}],"author":"bobea.info","twitter_card":"summary_large_image","twitter_misc":{"\u00c9crit par":"bobea.info","Dur\u00e9e de lecture estim\u00e9e":"5 minutes"},"schema":{"@context":"https:\/\/schema.org","@graph":[{"@type":"Article","@id":"https:\/\/bobea.net\/index.php\/2025\/05\/20\/les-tendances-tresses-colorees-et-accessoires-cheveux-2025\/#article","isPartOf":{"@id":"https:\/\/bobea.net\/index.php\/2025\/05\/20\/les-tendances-tresses-colorees-et-accessoires-cheveux-2025\/"},"author":{"name":"bobea.info","@id":"https:\/\/bobea.net\/#\/schema\/person\/e7f45ef187918d7c956bf619dce90ccf"},"headline":"Les tendances tresses color\u00e9es et accessoires cheveux 2025","datePublished":"2025-05-20T18:15:39+00:00","dateModified":"2025-05-20T18:15:40+00:00","mainEntityOfPage":{"@id":"https:\/\/bobea.net\/index.php\/2025\/05\/20\/les-tendances-tresses-colorees-et-accessoires-cheveux-2025\/"},"wordCount":806,"commentCount":0,"publisher":{"@id":"https:\/\/bobea.net\/#organization"},"image":{"@id":"https:\/\/bobea.net\/index.php\/2025\/05\/20\/les-tendances-tresses-colorees-et-accessoires-cheveux-2025\/#primaryimage"},"thumbnailUrl":"https:\/\/bobea.net\/wp-content\/uploads\/2025\/05\/tresse-africaine-demi-tete.webp","keywords":["accessoires cheveux","barrettes","beaut\u00e9 femme","box braids","cr\u00e9ativit\u00e9 capillaire","entretien tresses","inspiration coiffure","perles cheveux","tendances coiffure 2025","tresses color\u00e9es"],"articleSection":["Beaut\u00e9"],"inLanguage":"fr-FR","potentialAction":[{"@type":"CommentAction","name":"Comment","target":["https:\/\/bobea.net\/index.php\/2025\/05\/20\/les-tendances-tresses-colorees-et-accessoires-cheveux-2025\/#respond"]}]},{"@type":"WebPage","@id":"https:\/\/bobea.net\/index.php\/2025\/05\/20\/les-tendances-tresses-colorees-et-accessoires-cheveux-2025\/","url":"https:\/\/bobea.net\/index.php\/2025\/05\/20\/les-tendances-tresses-colorees-et-accessoires-cheveux-2025\/","name":"Les tendances tresses color\u00e9es et accessoires cheveux 2025 - Bobea","isPartOf":{"@id":"https:\/\/bobea.net\/#website"},"primaryImageOfPage":{"@id":"https:\/\/bobea.net\/index.php\/2025\/05\/20\/les-tendances-tresses-colorees-et-accessoires-cheveux-2025\/#primaryimage"},"image":{"@id":"https:\/\/bobea.net\/index.php\/2025\/05\/20\/les-tendances-tresses-colorees-et-accessoires-cheveux-2025\/#primaryimage"},"thumbnailUrl":"https:\/\/bobea.net\/wp-content\/uploads\/2025\/05\/tresse-africaine-demi-tete.webp","datePublished":"2025-05-20T18:15:39+00:00","dateModified":"2025-05-20T18:15:40+00:00","breadcrumb":{"@id":"https:\/\/bobea.net\/index.php\/2025\/05\/20\/les-tendances-tresses-colorees-et-accessoires-cheveux-2025\/#breadcrumb"},"inLanguage":"fr-FR","potentialAction":[{"@type":"ReadAction","target":["https:\/\/bobea.net\/index.php\/2025\/05\/20\/les-tendances-tresses-colorees-et-accessoires-cheveux-2025\/"]}]},{"@type":"ImageObject","inLanguage":"fr-FR","@id":"https:\/\/bobea.net\/index.php\/2025\/05\/20\/les-tendances-tresses-colorees-et-accessoires-cheveux-2025\/#primaryimage","url":"https:\/\/bobea.net\/wp-content\/uploads\/2025\/05\/tresse-africaine-demi-tete.webp","contentUrl":"https:\/\/bobea.net\/wp-content\/uploads\/2025\/05\/tresse-africaine-demi-tete.webp","width":900,"height":654},{"@type":"BreadcrumbList","@id":"https:\/\/bobea.net\/index.php\/2025\/05\/20\/les-tendances-tresses-colorees-et-accessoires-cheveux-2025\/#breadcrumb","itemListElement":[{"@type":"ListItem","position":1,"name":"Accueil","item":"https:\/\/bobea.net\/"},{"@type":"ListItem","position":2,"name":"Les tendances tresses color\u00e9es et accessoires cheveux 2025"}]},{"@type":"WebSite","@id":"https:\/\/bobea.net\/#website","url":"https:\/\/bobea.net\/","name":"Bobea","description":"Le magazine de la nouvelle \u00c8ve","publisher":{"@id":"https:\/\/bobea.net\/#organization"},"potentialAction":[{"@type":"SearchAction","target":{"@type":"EntryPoint","urlTemplate":"https:\/\/bobea.net\/?s={search_term_string}"},"query-input":{"@type":"PropertyValueSpecification","valueRequired":true,"valueName":"search_term_string"}}],"inLanguage":"fr-FR"},{"@type":"Organization","@id":"https:\/\/bobea.net\/#organization","name":"Bobea","url":"https:\/\/bobea.net\/","logo":{"@type":"ImageObject","inLanguage":"fr-FR","@id":"https:\/\/bobea.net\/#\/schema\/logo\/image\/","url":"https:\/\/bobea.net\/wp-content\/uploads\/2024\/06\/bobea.jpg","contentUrl":"https:\/\/bobea.net\/wp-content\/uploads\/2024\/06\/bobea.jpg","width":1080,"height":1080,"caption":"Bobea"},"image":{"@id":"https:\/\/bobea.net\/#\/schema\/logo\/image\/"},"sameAs":["https:\/\/web.facebook.com\/profile.php?id=61559252188416"]},{"@type":"Person","@id":"https:\/\/bobea.net\/#\/schema\/person\/e7f45ef187918d7c956bf619dce90ccf","name":"bobea.info","image":{"@type":"ImageObject","inLanguage":"fr-FR","@id":"https:\/\/bobea.net\/#\/schema\/person\/image\/","url":"https:\/\/secure.gravatar.com\/avatar\/36147980349df887ae30808df3e29474?s=96&d=mm&r=g","contentUrl":"https:\/\/secure.gravatar.com\/avatar\/36147980349df887ae30808df3e29474?s=96&d=mm&r=g","caption":"bobea.info"},"sameAs":["https:\/\/bobea.net"],"url":"https:\/\/bobea.net\/index.php\/author\/bobea-info\/"}]}},"_links":{"self":[{"href":"https:\/\/bobea.net\/index.php\/wp-json\/wp\/v2\/posts\/16888"}],"collection":[{"href":"https:\/\/bobea.net\/index.php\/wp-json\/wp\/v2\/posts"}],"about":[{"href":"https:\/\/bobea.net\/index.php\/wp-json\/wp\/v2\/types\/post"}],"author":[{"embeddable":true,"href":"https:\/\/bobea.net\/index.php\/wp-json\/wp\/v2\/users\/1"}],"replies":[{"embeddable":true,"href":"https:\/\/bobea.net\/index.php\/wp-json\/wp\/v2\/comments?post=16888"}],"version-history":[{"count":1,"href":"https:\/\/bobea.net\/index.php\/wp-json\/wp\/v2\/posts\/16888\/revisions"}],"predecessor-version":[{"id":16897,"href":"https:\/\/bobea.net\/index.php\/wp-json\/wp\/v2\/posts\/16888\/revisions\/16897"}],"wp:featuredmedia":[{"embeddable":true,"href":"https:\/\/bobea.net\/index.php\/wp-json\/wp\/v2\/media\/16893"}],"wp:attachment":[{"href":"https:\/\/bobea.net\/index.php\/wp-json\/wp\/v2\/media?parent=16888"}],"wp:term":[{"taxonomy":"category","embeddable":true,"href":"https:\/\/bobea.net\/index.php\/wp-json\/wp\/v2\/categories?post=16888"},{"taxonomy":"post_tag","embeddable":true,"href":"https:\/\/bobea.net\/index.php\/wp-json\/wp\/v2\/tags?post=16888"}],"curies":[{"name":"wp","href":"https:\/\/api.w.org\/{rel}","templated":true}]}}