{"id":16887,"date":"2025-05-20T18:13:13","date_gmt":"2025-05-20T18:13:13","guid":{"rendered":"https:\/\/bobea.net\/?p=16887"},"modified":"2025-05-20T18:13:14","modified_gmt":"2025-05-20T18:13:14","slug":"diables-rouges-la-selection-de-rudi-garcia-pour-le-mondial-2026-entre-renouveau-et-ambition","status":"publish","type":"post","link":"https:\/\/bobea.net\/index.php\/2025\/05\/20\/diables-rouges-la-selection-de-rudi-garcia-pour-le-mondial-2026-entre-renouveau-et-ambition\/","title":{"rendered":"Diables Rouges : la s\u00e9lection de Rudi Garcia pour le Mondial 2026, entre renouveau et ambition"},"content":{"rendered":"\n<p>Ce mar\u00addi \u00e0 15h, le s\u00e9lec\u00adtion\u00adneur Rudi Gar\u00adcia a d\u00e9voil\u00e9 la liste tant atten\u00addue des Dia\u00adbles Rouges qui entameront l\u2019aventure des qual\u00adi\u00adfi\u00adca\u00adtions pour la Coupe du monde 2026. Cette annonce, tr\u00e8s atten\u00addue par les sup\u00adport\u00aders et les obser\u00adva\u00adteurs du foot\u00adball belge, mar\u00adque le d\u00e9but d\u2019un nou\u00adveau cycle pour l\u2019\u00e9quipe nationale, avec des choix forts et une volon\u00adt\u00e9 affich\u00e9e de redonner un \u00e9lan \u00e0 la s\u00e9lec\u00adtion apr\u00e8s une p\u00e9ri\u00adode de tran\u00adsi\u00adtion.<\/p>\n\n\n\n<p>Une s\u00e9lec\u00adtion sous le signe du renou\u00adveau<\/p>\n\n\n\n<p>Depuis son arriv\u00e9e \u00e0 la t\u00eate des Dia\u00adbles Rouges, Rudi Gar\u00adcia a affich\u00e9 sa volon\u00adt\u00e9 de renou\u00advel\u00ader l\u2019effectif tout en s\u2019appuyant sur les cadres exp\u00e9ri\u00admen\u00adt\u00e9s. La liste d\u00e9voil\u00e9e ce mar\u00addi en est la par\u00adfaite illus\u00adtra\u00adtion. Plusieurs jeunes tal\u00adents font leur appari\u00adtion, \u00e0 l\u2019image de Diego Mor\u00adeira, r\u00e9cem\u00adment autoris\u00e9 par la FIFA \u00e0 porter le mail\u00adlot belge apr\u00e8s son change\u00adment de nation\u00adal\u00adit\u00e9 sportive. Ce jeune aili\u00ader, for\u00adm\u00e9 au Por\u00adtu\u00adgal, incar\u00adne la nou\u00advelle g\u00e9n\u00e9ra\u00adtion ambitieuse que Gar\u00adcia souhaite int\u00e9\u00adgr\u00ader pro\u00adgres\u00adsive\u00adment \u00e0 l\u2019\u00e9quipe.<\/p>\n\n\n\n<p>Les cadres tou\u00adjours pr\u00e9sents<\/p>\n\n\n\n<p>Mal\u00adgr\u00e9 ce vent de fra\u00eecheur, les piliers de la s\u00e9lec\u00adtion restent incon\u00adtourn\u00adables. Kevin De Bruyne, Romelu Lukaku et Thibaut Cour\u00adtois fig\u00adurent sans sur\u00adprise dans la liste, appor\u00adtant leur exp\u00e9ri\u00adence et leur lead\u00ader\u00adship \u00e0 un groupe en pleine muta\u00adtion. Leur pr\u00e9sence ras\u00adsure et encadre les jeunes, tout en main\u00adtenant un niveau d\u2019exigence \u00e9lev\u00e9 au sein du groupe.<\/p>\n\n\n\n<p>Des choix forts et assum\u00e9s<\/p>\n\n\n\n<p>Rudi Gar\u00adcia n\u2019a pas h\u00e9sit\u00e9 \u00e0 pren\u00addre des d\u00e9ci\u00adsions mar\u00adquantes. Cer\u00adtains joueurs embl\u00e9\u00adma\u00adtiques, en manque de temps de jeu ou en dif\u00adfi\u00adcult\u00e9 dans leur club, n\u2019ont pas \u00e9t\u00e9 retenus. Ce choix, salu\u00e9 par une par\u00adtie de la presse, vise \u00e0 envoy\u00ader un mes\u00adsage clair : la s\u00e9lec\u00adtion se m\u00e9rite et seuls les joueurs en forme et investis seront appel\u00e9s. Cette exi\u00adgence nou\u00advelle est per\u00e7ue comme un gage de s\u00e9rieux et d\u2019ambition \u00e0 l\u2019approche des grands ren\u00addez-vous.<\/p>\n\n\n\n<figure class=\"wp-block-image size-large\"><img loading=\"lazy\" decoding=\"async\" width=\"1024\" height=\"538\" src=\"https:\/\/bobea.net\/wp-content\/uploads\/2025\/05\/garcia-rudi-1024x538.webp\" alt class=\"wp-image-16889\" srcset=\"https:\/\/bobea.net\/wp-content\/uploads\/2025\/05\/garcia-rudi-1024x538.webp 1024w, https:\/\/bobea.net\/wp-content\/uploads\/2025\/05\/garcia-rudi-300x158.webp 300w, https:\/\/bobea.net\/wp-content\/uploads\/2025\/05\/garcia-rudi-768x403.webp 768w, https:\/\/bobea.net\/wp-content\/uploads\/2025\/05\/garcia-rudi.webp 1200w\" sizes=\"(max-width: 1024px) 100vw, 1024px\"><\/figure>\n\n\n\n<p>Les enjeux des qual\u00adi\u00adfi\u00adca\u00adtions<\/p>\n\n\n\n<p>La Bel\u00adgique d\u00e9bute sa cam\u00adpagne de qual\u00adi\u00adfi\u00adca\u00adtions par un d\u00e9place\u00adment en Mac\u00e9\u00addoine du Nord, suivi d\u2019une r\u00e9cep\u00adtion du pays de Galles. Deux ren\u00adcon\u00adtres cru\u00adciales pour pos\u00ader les bases d\u2019une dynamique pos\u00adi\u00adtive. Apr\u00e8s une \u00e9lim\u00adi\u00adna\u00adtion d\u00e9ce\u00advante lors du dernier bar\u00adrage de Ligue des Nations con\u00adtre l\u2019Ukraine, les Dia\u00adbles Rouges se doivent de retrou\u00adver con\u00adfi\u00adance et effi\u00adcac\u00adit\u00e9. Le groupe, com\u00adpos\u00e9 d\u2019un savant m\u00e9lange de jeunesse et d\u2019exp\u00e9rience, devra rapi\u00adde\u00adment trou\u00adver ses rep\u00e8res pour esp\u00e9r\u00ader d\u00e9crocher une nou\u00advelle qual\u00adi\u00adfi\u00adca\u00adtion pour le Mon\u00addi\u00adal.<\/p>\n\n\n\n<p>L\u2019int\u00e9gration des nou\u00adveaux tal\u00adents<\/p>\n\n\n\n<p>L\u2019un des d\u00e9fis majeurs pour Rudi Gar\u00adcia sera d\u2019int\u00e9grer har\u00admonieuse\u00adment les jeunes joueurs au col\u00adlec\u00adtif. Diego Mor\u00adeira, mais aus\u00adsi d\u2019autres espoirs issus des cham\u00adpi\u00adonnats belges et \u00e9trangers, devront s\u2019adapter aux exi\u00adgences du haut niveau inter\u00adna\u00adtion\u00adal. Le s\u00e9lec\u00adtion\u00adneur mise sur leur ent\u00adhou\u00adsi\u00adasme et leur fra\u00eecheur pour dynamiser le groupe, tout en veil\u00adlant \u00e0 pr\u00e9serv\u00ader l\u2019\u00e9quilibre et la coh\u00e9\u00adsion.<\/p>\n\n\n\n<p>La r\u00e9ac\u00adtion des sup\u00adport\u00aders et des obser\u00adva\u00adteurs<\/p>\n\n\n\n<p>L\u2019annonce de la liste a sus\u00adcit\u00e9 de nom\u00adbreuses r\u00e9ac\u00adtions sur les r\u00e9seaux soci\u00adaux et dans la presse. Les sup\u00adport\u00aders salu\u00adent glob\u00adale\u00adment les choix de Gar\u00adcia, appr\u00e9\u00adciant l\u2019audace de faire con\u00adfi\u00adance \u00e0 la jeunesse tout en main\u00adtenant une ossa\u00adt\u00adure solide. Cer\u00adtains regret\u00adtent toute\u00adfois l\u2019absence de quelques anciens, mais recon\u00adnais\u00adsent la n\u00e9ces\u00adsit\u00e9 de pr\u00e9\u00adpar\u00ader l\u2019avenir. Les obser\u00adva\u00adteurs soulig\u00adnent la coh\u00e9rence du pro\u00adjet et la clart\u00e9 des ori\u00aden\u00adta\u00adtions pris\u00ades par le staff tech\u00adnique.<\/p>\n\n\n\n<p>Un nou\u00adveau cycle ambitieux<\/p>\n\n\n\n<p>Avec cette s\u00e9lec\u00adtion, Rudi Gar\u00adcia pose les bases d\u2019un nou\u00adveau cycle pour les Dia\u00adbles Rouges. L\u2019objectif affich\u00e9 est clair : se qual\u00adi\u00adfi\u00ader pour la Coupe du monde 2026 et y jouer un r\u00f4le majeur. Pour y par\u00advenir, le s\u00e9lec\u00adtion\u00adneur compte sur l\u2019implication de tous, la mon\u00adt\u00e9e en puis\u00adsance des jeunes et la capac\u00adit\u00e9 du groupe \u00e0 relever les d\u00e9fis col\u00adlec\u00adtive\u00adment. La route vers le Mon\u00addi\u00adal s\u2019annonce exigeante, mais l\u2019enthousiasme et l\u2019ambition sem\u00adblent bel et bien de retour au sein de la s\u00e9lec\u00adtion belge.<\/p>\n\n\n\n<p><\/p>\n","protected":false},"excerpt":{"rendered":"<p>Ce mar\u00addi \u00e0 15h, le s\u00e9lec\u00adtion\u00adneur Rudi Gar\u00adcia a d\u00e9voil\u00e9 la liste tant atten\u00addue des Dia\u00adbles Rouges qui entameront l\u2019aventure des qual\u00adi\u00adfi\u00adca\u00adtions pour la Coupe du monde 2026. Cette annonce,\u2026 <\/p>\n","protected":false},"author":1,"featured_media":16890,"comment_status":"open","ping_status":"closed","sticky":false,"template":"","format":"standard","meta":{"wp_typography_post_enhancements_disabled":false,"footnotes":""},"categories":[49,62],"tags":[12871,12868,12872,12869,1340,12870,12875,12873,12867,12874],"class_list":["post-16887","post","type-post","status-publish","format-standard","has-post-thumbnail","hentry","category-spotlive","category-actualites","tag-coupe-du-monde-2026","tag-diables-rouges","tag-diego-moreira","tag-football-belge","tag-jeunes-talents","tag-kevin-de-bruyne","tag-qualifications-mondial","tag-romelu-lukaku","tag-selection-rudi-garcia","tag-thibaut-courtois"],"yoast_head":"<!-- This site is optimized with the Yoast SEO plugin v24.7 - https:\/\/yoast.com\/wordpress\/plugins\/seo\/ -->\n<title>Diables Rouges : la s\u00e9lection de Rudi Garcia pour le Mondial 2026, entre renouveau et ambition - Bobea<\/title>\n<meta name=\"robots\" content=\"index, follow, max-snippet:-1, max-image-preview:large, max-video-preview:-1\" \/>\n<link rel=\"canonical\" href=\"https:\/\/bobea.net\/index.php\/2025\/05\/20\/diables-rouges-la-selection-de-rudi-garcia-pour-le-mondial-2026-entre-renouveau-et-ambition\/\" \/>\n<meta property=\"og:locale\" content=\"fr_FR\" \/>\n<meta property=\"og:type\" content=\"article\" \/>\n<meta property=\"og:title\" content=\"Diables Rouges : la s\u00e9lection de Rudi Garcia pour le Mondial 2026, entre renouveau et ambition - Bobea\" \/>\n<meta property=\"og:description\" content=\"Ce mar\u00addi \u00e0 15h, le s\u00e9lec\u00adtion\u00adneur Rudi Gar\u00adcia a d\u00e9voil\u00e9 la liste tant atten\u00addue des Dia\u00adbles Rouges qui entameront l\u2019aventure des qual\u00adi\u00adfi\u00adca\u00adtions pour la Coupe du monde 2026. Cette annonce,&hellip;\" \/>\n<meta property=\"og:url\" content=\"https:\/\/bobea.net\/index.php\/2025\/05\/20\/diables-rouges-la-selection-de-rudi-garcia-pour-le-mondial-2026-entre-renouveau-et-ambition\/\" \/>\n<meta property=\"og:site_name\" content=\"Bobea\" \/>\n<meta property=\"article:publisher\" content=\"https:\/\/web.facebook.com\/profile.php?id=61559252188416\" \/>\n<meta property=\"article:published_time\" content=\"2025-05-20T18:13:13+00:00\" \/>\n<meta property=\"article:modified_time\" content=\"2025-05-20T18:13:14+00:00\" \/>\n<meta property=\"og:image\" content=\"https:\/\/bobea.net\/wp-content\/uploads\/2025\/05\/5KHFMTS22REAZDKNK4K5M5OSUA.jpg\" \/>\n\t<meta property=\"og:image:width\" content=\"932\" \/>\n\t<meta property=\"og:image:height\" content=\"582\" \/>\n\t<meta property=\"og:image:type\" content=\"image\/jpeg\" \/>\n<meta name=\"author\" content=\"bobea.info\" \/>\n<meta name=\"twitter:card\" content=\"summary_large_image\" \/>\n<meta name=\"twitter:label1\" content=\"\u00c9crit par\" \/>\n\t<meta name=\"twitter:data1\" content=\"bobea.info\" \/>\n\t<meta name=\"twitter:label2\" content=\"Dur\u00e9e de lecture estim\u00e9e\" \/>\n\t<meta name=\"twitter:data2\" content=\"4 minutes\" \/>\n<script type=\"application\/ld+json\" class=\"yoast-schema-graph\">{\"@context\":\"https:\/\/schema.org\",\"@graph\":[{\"@type\":\"Article\",\"@id\":\"https:\/\/bobea.net\/index.php\/2025\/05\/20\/diables-rouges-la-selection-de-rudi-garcia-pour-le-mondial-2026-entre-renouveau-et-ambition\/#article\",\"isPartOf\":{\"@id\":\"https:\/\/bobea.net\/index.php\/2025\/05\/20\/diables-rouges-la-selection-de-rudi-garcia-pour-le-mondial-2026-entre-renouveau-et-ambition\/\"},\"author\":{\"name\":\"bobea.info\",\"@id\":\"https:\/\/bobea.net\/#\/schema\/person\/e7f45ef187918d7c956bf619dce90ccf\"},\"headline\":\"Diables Rouges : la s\u00e9lection de Rudi Garcia pour le Mondial 2026, entre renouveau et ambition\",\"datePublished\":\"2025-05-20T18:13:13+00:00\",\"dateModified\":\"2025-05-20T18:13:14+00:00\",\"mainEntityOfPage\":{\"@id\":\"https:\/\/bobea.net\/index.php\/2025\/05\/20\/diables-rouges-la-selection-de-rudi-garcia-pour-le-mondial-2026-entre-renouveau-et-ambition\/\"},\"wordCount\":702,\"commentCount\":0,\"publisher\":{\"@id\":\"https:\/\/bobea.net\/#organization\"},\"image\":{\"@id\":\"https:\/\/bobea.net\/index.php\/2025\/05\/20\/diables-rouges-la-selection-de-rudi-garcia-pour-le-mondial-2026-entre-renouveau-et-ambition\/#primaryimage\"},\"thumbnailUrl\":\"https:\/\/bobea.net\/wp-content\/uploads\/2025\/05\/5KHFMTS22REAZDKNK4K5M5OSUA.jpg\",\"keywords\":[\"Coupe du monde 2026\",\"Diables Rouges\",\"Diego Moreira\",\"football belge\",\"jeunes talents\",\"Kevin De Bruyne\",\"qualifications Mondial\",\"Romelu Lukaku\",\"s\u00e9lection Rudi Garcia\",\"Thibaut Courtois\"],\"articleSection\":[\"Spotlive\",\"Spotlive-Actualit\u00e9s\"],\"inLanguage\":\"fr-FR\",\"potentialAction\":[{\"@type\":\"CommentAction\",\"name\":\"Comment\",\"target\":[\"https:\/\/bobea.net\/index.php\/2025\/05\/20\/diables-rouges-la-selection-de-rudi-garcia-pour-le-mondial-2026-entre-renouveau-et-ambition\/#respond\"]}]},{\"@type\":\"WebPage\",\"@id\":\"https:\/\/bobea.net\/index.php\/2025\/05\/20\/diables-rouges-la-selection-de-rudi-garcia-pour-le-mondial-2026-entre-renouveau-et-ambition\/\",\"url\":\"https:\/\/bobea.net\/index.php\/2025\/05\/20\/diables-rouges-la-selection-de-rudi-garcia-pour-le-mondial-2026-entre-renouveau-et-ambition\/\",\"name\":\"Diables Rouges : la s\u00e9lection de Rudi Garcia pour le Mondial 2026, entre renouveau et ambition - Bobea\",\"isPartOf\":{\"@id\":\"https:\/\/bobea.net\/#website\"},\"primaryImageOfPage\":{\"@id\":\"https:\/\/bobea.net\/index.php\/2025\/05\/20\/diables-rouges-la-selection-de-rudi-garcia-pour-le-mondial-2026-entre-renouveau-et-ambition\/#primaryimage\"},\"image\":{\"@id\":\"https:\/\/bobea.net\/index.php\/2025\/05\/20\/diables-rouges-la-selection-de-rudi-garcia-pour-le-mondial-2026-entre-renouveau-et-ambition\/#primaryimage\"},\"thumbnailUrl\":\"https:\/\/bobea.net\/wp-content\/uploads\/2025\/05\/5KHFMTS22REAZDKNK4K5M5OSUA.jpg\",\"datePublished\":\"2025-05-20T18:13:13+00:00\",\"dateModified\":\"2025-05-20T18:13:14+00:00\",\"breadcrumb\":{\"@id\":\"https:\/\/bobea.net\/index.php\/2025\/05\/20\/diables-rouges-la-selection-de-rudi-garcia-pour-le-mondial-2026-entre-renouveau-et-ambition\/#breadcrumb\"},\"inLanguage\":\"fr-FR\",\"potentialAction\":[{\"@type\":\"ReadAction\",\"target\":[\"https:\/\/bobea.net\/index.php\/2025\/05\/20\/diables-rouges-la-selection-de-rudi-garcia-pour-le-mondial-2026-entre-renouveau-et-ambition\/\"]}]},{\"@type\":\"ImageObject\",\"inLanguage\":\"fr-FR\",\"@id\":\"https:\/\/bobea.net\/index.php\/2025\/05\/20\/diables-rouges-la-selection-de-rudi-garcia-pour-le-mondial-2026-entre-renouveau-et-ambition\/#primaryimage\",\"url\":\"https:\/\/bobea.net\/wp-content\/uploads\/2025\/05\/5KHFMTS22REAZDKNK4K5M5OSUA.jpg\",\"contentUrl\":\"https:\/\/bobea.net\/wp-content\/uploads\/2025\/05\/5KHFMTS22REAZDKNK4K5M5OSUA.jpg\",\"width\":932,\"height\":582,\"caption\":\"Le footballeur fran\u00e7ais Rudi Garcia, nouvel entra\u00eeneur de l'\u00e9quipe nationale de Belgique au centre d'entra\u00eenement \u00e0 Tubize (Belgique).\"},{\"@type\":\"BreadcrumbList\",\"@id\":\"https:\/\/bobea.net\/index.php\/2025\/05\/20\/diables-rouges-la-selection-de-rudi-garcia-pour-le-mondial-2026-entre-renouveau-et-ambition\/#breadcrumb\",\"itemListElement\":[{\"@type\":\"ListItem\",\"position\":1,\"name\":\"Accueil\",\"item\":\"https:\/\/bobea.net\/\"},{\"@type\":\"ListItem\",\"position\":2,\"name\":\"Diables Rouges : la s\u00e9lection de Rudi Garcia pour le Mondial 2026, entre renouveau et ambition\"}]},{\"@type\":\"WebSite\",\"@id\":\"https:\/\/bobea.net\/#website\",\"url\":\"https:\/\/bobea.net\/\",\"name\":\"Bobea\",\"description\":\"Le magazine de la nouvelle \u00c8ve\",\"publisher\":{\"@id\":\"https:\/\/bobea.net\/#organization\"},\"potentialAction\":[{\"@type\":\"SearchAction\",\"target\":{\"@type\":\"EntryPoint\",\"urlTemplate\":\"https:\/\/bobea.net\/?s={search_term_string}\"},\"query-input\":{\"@type\":\"PropertyValueSpecification\",\"valueRequired\":true,\"valueName\":\"search_term_string\"}}],\"inLanguage\":\"fr-FR\"},{\"@type\":\"Organization\",\"@id\":\"https:\/\/bobea.net\/#organization\",\"name\":\"Bobea\",\"url\":\"https:\/\/bobea.net\/\",\"logo\":{\"@type\":\"ImageObject\",\"inLanguage\":\"fr-FR\",\"@id\":\"https:\/\/bobea.net\/#\/schema\/logo\/image\/\",\"url\":\"https:\/\/bobea.net\/wp-content\/uploads\/2024\/06\/bobea.jpg\",\"contentUrl\":\"https:\/\/bobea.net\/wp-content\/uploads\/2024\/06\/bobea.jpg\",\"width\":1080,\"height\":1080,\"caption\":\"Bobea\"},\"image\":{\"@id\":\"https:\/\/bobea.net\/#\/schema\/logo\/image\/\"},\"sameAs\":[\"https:\/\/web.facebook.com\/profile.php?id=61559252188416\"]},{\"@type\":\"Person\",\"@id\":\"https:\/\/bobea.net\/#\/schema\/person\/e7f45ef187918d7c956bf619dce90ccf\",\"name\":\"bobea.info\",\"image\":{\"@type\":\"ImageObject\",\"inLanguage\":\"fr-FR\",\"@id\":\"https:\/\/bobea.net\/#\/schema\/person\/image\/\",\"url\":\"https:\/\/secure.gravatar.com\/avatar\/36147980349df887ae30808df3e29474?s=96&d=mm&r=g\",\"contentUrl\":\"https:\/\/secure.gravatar.com\/avatar\/36147980349df887ae30808df3e29474?s=96&d=mm&r=g\",\"caption\":\"bobea.info\"},\"sameAs\":[\"https:\/\/bobea.net\"],\"url\":\"https:\/\/bobea.net\/index.php\/author\/bobea-info\/\"}]}<\/script>\n<!-- \/ Yoast SEO plugin. -->","yoast_head_json":{"title":"Diables Rouges : la s\u00e9lection de Rudi Garcia pour le Mondial 2026, entre renouveau et ambition - Bobea","robots":{"index":"index","follow":"follow","max-snippet":"max-snippet:-1","max-image-preview":"max-image-preview:large","max-video-preview":"max-video-preview:-1"},"canonical":"https:\/\/bobea.net\/index.php\/2025\/05\/20\/diables-rouges-la-selection-de-rudi-garcia-pour-le-mondial-2026-entre-renouveau-et-ambition\/","og_locale":"fr_FR","og_type":"article","og_title":"Diables Rouges : la s\u00e9lection de Rudi Garcia pour le Mondial 2026, entre renouveau et ambition - Bobea","og_description":"Ce mar\u00addi \u00e0 15h, le s\u00e9lec\u00adtion\u00adneur Rudi Gar\u00adcia a d\u00e9voil\u00e9 la liste tant atten\u00addue des Dia\u00adbles Rouges qui entameront l\u2019aventure des qual\u00adi\u00adfi\u00adca\u00adtions pour la Coupe du monde 2026. Cette annonce,&hellip;","og_url":"https:\/\/bobea.net\/index.php\/2025\/05\/20\/diables-rouges-la-selection-de-rudi-garcia-pour-le-mondial-2026-entre-renouveau-et-ambition\/","og_site_name":"Bobea","article_publisher":"https:\/\/web.facebook.com\/profile.php?id=61559252188416","article_published_time":"2025-05-20T18:13:13+00:00","article_modified_time":"2025-05-20T18:13:14+00:00","og_image":[{"width":932,"height":582,"url":"https:\/\/bobea.net\/wp-content\/uploads\/2025\/05\/5KHFMTS22REAZDKNK4K5M5OSUA.jpg","type":"image\/jpeg"}],"author":"bobea.info","twitter_card":"summary_large_image","twitter_misc":{"\u00c9crit par":"bobea.info","Dur\u00e9e de lecture estim\u00e9e":"4 minutes"},"schema":{"@context":"https:\/\/schema.org","@graph":[{"@type":"Article","@id":"https:\/\/bobea.net\/index.php\/2025\/05\/20\/diables-rouges-la-selection-de-rudi-garcia-pour-le-mondial-2026-entre-renouveau-et-ambition\/#article","isPartOf":{"@id":"https:\/\/bobea.net\/index.php\/2025\/05\/20\/diables-rouges-la-selection-de-rudi-garcia-pour-le-mondial-2026-entre-renouveau-et-ambition\/"},"author":{"name":"bobea.info","@id":"https:\/\/bobea.net\/#\/schema\/person\/e7f45ef187918d7c956bf619dce90ccf"},"headline":"Diables Rouges : la s\u00e9lection de Rudi Garcia pour le Mondial 2026, entre renouveau et ambition","datePublished":"2025-05-20T18:13:13+00:00","dateModified":"2025-05-20T18:13:14+00:00","mainEntityOfPage":{"@id":"https:\/\/bobea.net\/index.php\/2025\/05\/20\/diables-rouges-la-selection-de-rudi-garcia-pour-le-mondial-2026-entre-renouveau-et-ambition\/"},"wordCount":702,"commentCount":0,"publisher":{"@id":"https:\/\/bobea.net\/#organization"},"image":{"@id":"https:\/\/bobea.net\/index.php\/2025\/05\/20\/diables-rouges-la-selection-de-rudi-garcia-pour-le-mondial-2026-entre-renouveau-et-ambition\/#primaryimage"},"thumbnailUrl":"https:\/\/bobea.net\/wp-content\/uploads\/2025\/05\/5KHFMTS22REAZDKNK4K5M5OSUA.jpg","keywords":["Coupe du monde 2026","Diables Rouges","Diego Moreira","football belge","jeunes talents","Kevin De Bruyne","qualifications Mondial","Romelu Lukaku","s\u00e9lection Rudi Garcia","Thibaut Courtois"],"articleSection":["Spotlive","Spotlive-Actualit\u00e9s"],"inLanguage":"fr-FR","potentialAction":[{"@type":"CommentAction","name":"Comment","target":["https:\/\/bobea.net\/index.php\/2025\/05\/20\/diables-rouges-la-selection-de-rudi-garcia-pour-le-mondial-2026-entre-renouveau-et-ambition\/#respond"]}]},{"@type":"WebPage","@id":"https:\/\/bobea.net\/index.php\/2025\/05\/20\/diables-rouges-la-selection-de-rudi-garcia-pour-le-mondial-2026-entre-renouveau-et-ambition\/","url":"https:\/\/bobea.net\/index.php\/2025\/05\/20\/diables-rouges-la-selection-de-rudi-garcia-pour-le-mondial-2026-entre-renouveau-et-ambition\/","name":"Diables Rouges : la s\u00e9lection de Rudi Garcia pour le Mondial 2026, entre renouveau et ambition - Bobea","isPartOf":{"@id":"https:\/\/bobea.net\/#website"},"primaryImageOfPage":{"@id":"https:\/\/bobea.net\/index.php\/2025\/05\/20\/diables-rouges-la-selection-de-rudi-garcia-pour-le-mondial-2026-entre-renouveau-et-ambition\/#primaryimage"},"image":{"@id":"https:\/\/bobea.net\/index.php\/2025\/05\/20\/diables-rouges-la-selection-de-rudi-garcia-pour-le-mondial-2026-entre-renouveau-et-ambition\/#primaryimage"},"thumbnailUrl":"https:\/\/bobea.net\/wp-content\/uploads\/2025\/05\/5KHFMTS22REAZDKNK4K5M5OSUA.jpg","datePublished":"2025-05-20T18:13:13+00:00","dateModified":"2025-05-20T18:13:14+00:00","breadcrumb":{"@id":"https:\/\/bobea.net\/index.php\/2025\/05\/20\/diables-rouges-la-selection-de-rudi-garcia-pour-le-mondial-2026-entre-renouveau-et-ambition\/#breadcrumb"},"inLanguage":"fr-FR","potentialAction":[{"@type":"ReadAction","target":["https:\/\/bobea.net\/index.php\/2025\/05\/20\/diables-rouges-la-selection-de-rudi-garcia-pour-le-mondial-2026-entre-renouveau-et-ambition\/"]}]},{"@type":"ImageObject","inLanguage":"fr-FR","@id":"https:\/\/bobea.net\/index.php\/2025\/05\/20\/diables-rouges-la-selection-de-rudi-garcia-pour-le-mondial-2026-entre-renouveau-et-ambition\/#primaryimage","url":"https:\/\/bobea.net\/wp-content\/uploads\/2025\/05\/5KHFMTS22REAZDKNK4K5M5OSUA.jpg","contentUrl":"https:\/\/bobea.net\/wp-content\/uploads\/2025\/05\/5KHFMTS22REAZDKNK4K5M5OSUA.jpg","width":932,"height":582,"caption":"Le footballeur fran\u00e7ais Rudi Garcia, nouvel entra\u00eeneur de l'\u00e9quipe nationale de Belgique au centre d'entra\u00eenement \u00e0 Tubize (Belgique)."},{"@type":"BreadcrumbList","@id":"https:\/\/bobea.net\/index.php\/2025\/05\/20\/diables-rouges-la-selection-de-rudi-garcia-pour-le-mondial-2026-entre-renouveau-et-ambition\/#breadcrumb","itemListElement":[{"@type":"ListItem","position":1,"name":"Accueil","item":"https:\/\/bobea.net\/"},{"@type":"ListItem","position":2,"name":"Diables Rouges : la s\u00e9lection de Rudi Garcia pour le Mondial 2026, entre renouveau et ambition"}]},{"@type":"WebSite","@id":"https:\/\/bobea.net\/#website","url":"https:\/\/bobea.net\/","name":"Bobea","description":"Le magazine de la nouvelle \u00c8ve","publisher":{"@id":"https:\/\/bobea.net\/#organization"},"potentialAction":[{"@type":"SearchAction","target":{"@type":"EntryPoint","urlTemplate":"https:\/\/bobea.net\/?s={search_term_string}"},"query-input":{"@type":"PropertyValueSpecification","valueRequired":true,"valueName":"search_term_string"}}],"inLanguage":"fr-FR"},{"@type":"Organization","@id":"https:\/\/bobea.net\/#organization","name":"Bobea","url":"https:\/\/bobea.net\/","logo":{"@type":"ImageObject","inLanguage":"fr-FR","@id":"https:\/\/bobea.net\/#\/schema\/logo\/image\/","url":"https:\/\/bobea.net\/wp-content\/uploads\/2024\/06\/bobea.jpg","contentUrl":"https:\/\/bobea.net\/wp-content\/uploads\/2024\/06\/bobea.jpg","width":1080,"height":1080,"caption":"Bobea"},"image":{"@id":"https:\/\/bobea.net\/#\/schema\/logo\/image\/"},"sameAs":["https:\/\/web.facebook.com\/profile.php?id=61559252188416"]},{"@type":"Person","@id":"https:\/\/bobea.net\/#\/schema\/person\/e7f45ef187918d7c956bf619dce90ccf","name":"bobea.info","image":{"@type":"ImageObject","inLanguage":"fr-FR","@id":"https:\/\/bobea.net\/#\/schema\/person\/image\/","url":"https:\/\/secure.gravatar.com\/avatar\/36147980349df887ae30808df3e29474?s=96&d=mm&r=g","contentUrl":"https:\/\/secure.gravatar.com\/avatar\/36147980349df887ae30808df3e29474?s=96&d=mm&r=g","caption":"bobea.info"},"sameAs":["https:\/\/bobea.net"],"url":"https:\/\/bobea.net\/index.php\/author\/bobea-info\/"}]}},"_links":{"self":[{"href":"https:\/\/bobea.net\/index.php\/wp-json\/wp\/v2\/posts\/16887"}],"collection":[{"href":"https:\/\/bobea.net\/index.php\/wp-json\/wp\/v2\/posts"}],"about":[{"href":"https:\/\/bobea.net\/index.php\/wp-json\/wp\/v2\/types\/post"}],"author":[{"embeddable":true,"href":"https:\/\/bobea.net\/index.php\/wp-json\/wp\/v2\/users\/1"}],"replies":[{"embeddable":true,"href":"https:\/\/bobea.net\/index.php\/wp-json\/wp\/v2\/comments?post=16887"}],"version-history":[{"count":1,"href":"https:\/\/bobea.net\/index.php\/wp-json\/wp\/v2\/posts\/16887\/revisions"}],"predecessor-version":[{"id":16891,"href":"https:\/\/bobea.net\/index.php\/wp-json\/wp\/v2\/posts\/16887\/revisions\/16891"}],"wp:featuredmedia":[{"embeddable":true,"href":"https:\/\/bobea.net\/index.php\/wp-json\/wp\/v2\/media\/16890"}],"wp:attachment":[{"href":"https:\/\/bobea.net\/index.php\/wp-json\/wp\/v2\/media?parent=16887"}],"wp:term":[{"taxonomy":"category","embeddable":true,"href":"https:\/\/bobea.net\/index.php\/wp-json\/wp\/v2\/categories?post=16887"},{"taxonomy":"post_tag","embeddable":true,"href":"https:\/\/bobea.net\/index.php\/wp-json\/wp\/v2\/tags?post=16887"}],"curies":[{"name":"wp","href":"https:\/\/api.w.org\/{rel}","templated":true}]}}