{"id":1651,"date":"2024-02-22T13:40:33","date_gmt":"2024-02-22T13:40:33","guid":{"rendered":"https:\/\/bobea.net\/?p=1651"},"modified":"2024-02-22T13:40:34","modified_gmt":"2024-02-22T13:40:34","slug":"micheline-presle-est-decedee-a-lage-de-101-ans","status":"publish","type":"post","link":"https:\/\/bobea.net\/index.php\/2024\/02\/22\/micheline-presle-est-decedee-a-lage-de-101-ans\/","title":{"rendered":"Micheline Presle est d\u00e9c\u00e9d\u00e9e \u00e0 l\u2019\u00e2ge de 101 ans"},"content":{"rendered":"\n<figure class=\"wp-block-gallery has-nested-images columns-default is-cropped wp-block-gallery-1 is-layout-flex wp-block-gallery-is-layout-flex\">\n<figure class=\"wp-block-image size-large\"><img loading=\"lazy\" decoding=\"async\" width=\"620\" height=\"350\" data-id=\"1652\" src=\"https:\/\/bobea.net\/wp-content\/uploads\/2024\/02\/efzf-29.jpg\" alt class=\"wp-image-1652\" srcset=\"https:\/\/bobea.net\/wp-content\/uploads\/2024\/02\/efzf-29.jpg 620w, https:\/\/bobea.net\/wp-content\/uploads\/2024\/02\/efzf-29-300x169.jpg 300w\" sizes=\"(max-width: 620px) 100vw, 620px\"><\/figure>\n\n\n\n<figure class=\"wp-block-image size-large\"><img loading=\"lazy\" decoding=\"async\" width=\"1024\" height=\"512\" data-id=\"1653\" src=\"https:\/\/bobea.net\/wp-content\/uploads\/2024\/02\/L-actrice-francaise-Micheline-Presle-est-decedee-a-l-age-de-101-ans-1024x512.jpg\" alt class=\"wp-image-1653\" srcset=\"https:\/\/bobea.net\/wp-content\/uploads\/2024\/02\/L-actrice-francaise-Micheline-Presle-est-decedee-a-l-age-de-101-ans-1024x512.jpg 1024w, https:\/\/bobea.net\/wp-content\/uploads\/2024\/02\/L-actrice-francaise-Micheline-Presle-est-decedee-a-l-age-de-101-ans-300x150.jpg 300w, https:\/\/bobea.net\/wp-content\/uploads\/2024\/02\/L-actrice-francaise-Micheline-Presle-est-decedee-a-l-age-de-101-ans-768x384.jpg 768w, https:\/\/bobea.net\/wp-content\/uploads\/2024\/02\/L-actrice-francaise-Micheline-Presle-est-decedee-a-l-age-de-101-ans-1536x768.jpg 1536w, https:\/\/bobea.net\/wp-content\/uploads\/2024\/02\/L-actrice-francaise-Micheline-Presle-est-decedee-a-l-age-de-101-ans.jpg 2000w\" sizes=\"(max-width: 1024px) 100vw, 1024px\"><\/figure>\n<\/figure>\n\n\n\n<p class=\"has-medium-font-size\">Le cin\u00e9\u00adma fran\u00e7ais est en deuil a annon\u00adc\u00e9 son gen\u00addre Olivi\u00ader Bom\u00adsel \u00e0 l\u2019AFP. \u201cMiche\u00adline s\u2019est \u00e9teinte pais\u00adi\u00adble\u00adment, \u00e0 la Mai\u00adson nationale des artistes de Nogent-sur-Marne&nbsp;\u00bb dans le Val-de-Marne, a\u2011t-il d\u00e9clar\u00e9, ajoutant que les obs\u00e8ques se d\u00e9rouleraient dans l\u2019in\u00adtim\u00adit\u00e9. N\u00e9e \u00e0 Paris en ao\u00fbt 1922, elle aura tourn\u00e9 plus de 150 films, dont quelques-uns \u00e0 Hol\u00adly\u00adwood, se lais\u00adsant porter par ses ren\u00adcon\u00adtres : de George Pab\u00adst \u00e0 Alain Resnais en pas\u00adsant par Abel Gance, Jacques Demy. Elle \u00e9tait aus\u00adsi une des rares actri\u00adces \u00e9tablies qui don\u00adn\u00e8rent beau\u00adcoup \u00e0 des cin\u00e9astes d\u00e9bu\u00adtants. Par\u00admi les films qui l\u2019ont ren\u00addue c\u00e9l\u00e8bre, on peut citer \u00ab&nbsp;Fal\u00adbalas&nbsp;\u00bb (1945) de Jacques Beck\u00ader, \u00ab&nbsp;Boule de suif&nbsp;\u00bb (1945) de Chris\u00adt\u00adian-Jaque. Elle re\u00e7oit le C\u00e9sar d\u2019hon\u00adneur en 2004.<\/p>\n","protected":false},"excerpt":{"rendered":"<p>Le cin\u00e9\u00adma fran\u00e7ais est en deuil a annon\u00adc\u00e9 son gen\u00addre Olivi\u00ader Bom\u00adsel \u00e0 l\u2019AFP. \u201cMiche\u00adline s\u2019est \u00e9teinte pais\u00adi\u00adble\u00adment, \u00e0 la Mai\u00adson nationale des artistes de Nogent-sur-Marne&nbsp;\u00bb dans le Val-de-Marne, a\u2011t\u2011il\u2026 <\/p>\n","protected":false},"author":4,"featured_media":1654,"comment_status":"open","ping_status":"open","sticky":false,"template":"","format":"standard","meta":{"wp_typography_post_enhancements_disabled":false,"footnotes":""},"categories":[59,88],"tags":[],"class_list":["post-1651","post","type-post","status-publish","format-standard","has-post-thumbnail","hentry","category-annonces","category-actualites-sante"],"yoast_head":"<!-- This site is optimized with the Yoast SEO plugin v24.7 - https:\/\/yoast.com\/wordpress\/plugins\/seo\/ -->\n<title>Micheline Presle est d\u00e9c\u00e9d\u00e9e \u00e0 l\u2019\u00e2ge de 101 ans - Bobea<\/title>\n<meta name=\"robots\" content=\"index, follow, max-snippet:-1, max-image-preview:large, max-video-preview:-1\" \/>\n<link rel=\"canonical\" href=\"https:\/\/bobea.net\/index.php\/2024\/02\/22\/micheline-presle-est-decedee-a-lage-de-101-ans\/\" \/>\n<meta property=\"og:locale\" content=\"fr_FR\" \/>\n<meta property=\"og:type\" content=\"article\" \/>\n<meta property=\"og:title\" content=\"Micheline Presle est d\u00e9c\u00e9d\u00e9e \u00e0 l\u2019\u00e2ge de 101 ans - Bobea\" \/>\n<meta property=\"og:description\" content=\"Le cin\u00e9\u00adma fran\u00e7ais est en deuil a annon\u00adc\u00e9 son gen\u00addre Olivi\u00ader Bom\u00adsel \u00e0 l\u2019AFP. \u201cMiche\u00adline s\u2019est \u00e9teinte pais\u00adi\u00adble\u00adment, \u00e0 la Mai\u00adson nationale des artistes de Nogent-sur-Marne&nbsp;\u00bb dans le Val-de-Marne, a\u2011t-il&hellip;\" \/>\n<meta property=\"og:url\" content=\"https:\/\/bobea.net\/index.php\/2024\/02\/22\/micheline-presle-est-decedee-a-lage-de-101-ans\/\" \/>\n<meta property=\"og:site_name\" content=\"Bobea\" \/>\n<meta property=\"article:publisher\" content=\"https:\/\/web.facebook.com\/profile.php?id=61559252188416\" \/>\n<meta property=\"article:published_time\" content=\"2024-02-22T13:40:33+00:00\" \/>\n<meta property=\"article:modified_time\" content=\"2024-02-22T13:40:34+00:00\" \/>\n<meta property=\"og:image\" content=\"https:\/\/bobea.net\/wp-content\/uploads\/2024\/02\/ba51e6158bcaf80fd0d834950251e693-1666252428.jpg\" \/>\n\t<meta property=\"og:image:width\" content=\"1920\" \/>\n\t<meta property=\"og:image:height\" content=\"1079\" \/>\n\t<meta property=\"og:image:type\" content=\"image\/jpeg\" \/>\n<meta name=\"author\" content=\"Amanda Bono\" \/>\n<meta name=\"twitter:card\" content=\"summary_large_image\" \/>\n<meta name=\"twitter:label1\" content=\"\u00c9crit par\" \/>\n\t<meta name=\"twitter:data1\" content=\"Amanda Bono\" \/>\n\t<meta name=\"twitter:label2\" content=\"Dur\u00e9e de lecture estim\u00e9e\" \/>\n\t<meta name=\"twitter:data2\" content=\"1 minute\" \/>\n<script type=\"application\/ld+json\" class=\"yoast-schema-graph\">{\"@context\":\"https:\/\/schema.org\",\"@graph\":[{\"@type\":\"Article\",\"@id\":\"https:\/\/bobea.net\/index.php\/2024\/02\/22\/micheline-presle-est-decedee-a-lage-de-101-ans\/#article\",\"isPartOf\":{\"@id\":\"https:\/\/bobea.net\/index.php\/2024\/02\/22\/micheline-presle-est-decedee-a-lage-de-101-ans\/\"},\"author\":{\"name\":\"Amanda Bono\",\"@id\":\"https:\/\/bobea.net\/#\/schema\/person\/164a7daf84df5735c129a5fabf14167f\"},\"headline\":\"Micheline Presle est d\u00e9c\u00e9d\u00e9e \u00e0 l\u2019\u00e2ge de 101 ans\",\"datePublished\":\"2024-02-22T13:40:33+00:00\",\"dateModified\":\"2024-02-22T13:40:34+00:00\",\"mainEntityOfPage\":{\"@id\":\"https:\/\/bobea.net\/index.php\/2024\/02\/22\/micheline-presle-est-decedee-a-lage-de-101-ans\/\"},\"wordCount\":137,\"commentCount\":0,\"publisher\":{\"@id\":\"https:\/\/bobea.net\/#organization\"},\"image\":{\"@id\":\"https:\/\/bobea.net\/index.php\/2024\/02\/22\/micheline-presle-est-decedee-a-lage-de-101-ans\/#primaryimage\"},\"thumbnailUrl\":\"https:\/\/bobea.net\/wp-content\/uploads\/2024\/02\/ba51e6158bcaf80fd0d834950251e693-1666252428.jpg\",\"articleSection\":[\"Annonces\",\"Sant\u00e9-Actualit\u00e9s\"],\"inLanguage\":\"fr-FR\",\"potentialAction\":[{\"@type\":\"CommentAction\",\"name\":\"Comment\",\"target\":[\"https:\/\/bobea.net\/index.php\/2024\/02\/22\/micheline-presle-est-decedee-a-lage-de-101-ans\/#respond\"]}]},{\"@type\":\"WebPage\",\"@id\":\"https:\/\/bobea.net\/index.php\/2024\/02\/22\/micheline-presle-est-decedee-a-lage-de-101-ans\/\",\"url\":\"https:\/\/bobea.net\/index.php\/2024\/02\/22\/micheline-presle-est-decedee-a-lage-de-101-ans\/\",\"name\":\"Micheline Presle est d\u00e9c\u00e9d\u00e9e \u00e0 l\u2019\u00e2ge de 101 ans - Bobea\",\"isPartOf\":{\"@id\":\"https:\/\/bobea.net\/#website\"},\"primaryImageOfPage\":{\"@id\":\"https:\/\/bobea.net\/index.php\/2024\/02\/22\/micheline-presle-est-decedee-a-lage-de-101-ans\/#primaryimage\"},\"image\":{\"@id\":\"https:\/\/bobea.net\/index.php\/2024\/02\/22\/micheline-presle-est-decedee-a-lage-de-101-ans\/#primaryimage\"},\"thumbnailUrl\":\"https:\/\/bobea.net\/wp-content\/uploads\/2024\/02\/ba51e6158bcaf80fd0d834950251e693-1666252428.jpg\",\"datePublished\":\"2024-02-22T13:40:33+00:00\",\"dateModified\":\"2024-02-22T13:40:34+00:00\",\"breadcrumb\":{\"@id\":\"https:\/\/bobea.net\/index.php\/2024\/02\/22\/micheline-presle-est-decedee-a-lage-de-101-ans\/#breadcrumb\"},\"inLanguage\":\"fr-FR\",\"potentialAction\":[{\"@type\":\"ReadAction\",\"target\":[\"https:\/\/bobea.net\/index.php\/2024\/02\/22\/micheline-presle-est-decedee-a-lage-de-101-ans\/\"]}]},{\"@type\":\"ImageObject\",\"inLanguage\":\"fr-FR\",\"@id\":\"https:\/\/bobea.net\/index.php\/2024\/02\/22\/micheline-presle-est-decedee-a-lage-de-101-ans\/#primaryimage\",\"url\":\"https:\/\/bobea.net\/wp-content\/uploads\/2024\/02\/ba51e6158bcaf80fd0d834950251e693-1666252428.jpg\",\"contentUrl\":\"https:\/\/bobea.net\/wp-content\/uploads\/2024\/02\/ba51e6158bcaf80fd0d834950251e693-1666252428.jpg\",\"width\":1920,\"height\":1079},{\"@type\":\"BreadcrumbList\",\"@id\":\"https:\/\/bobea.net\/index.php\/2024\/02\/22\/micheline-presle-est-decedee-a-lage-de-101-ans\/#breadcrumb\",\"itemListElement\":[{\"@type\":\"ListItem\",\"position\":1,\"name\":\"Accueil\",\"item\":\"https:\/\/bobea.net\/\"},{\"@type\":\"ListItem\",\"position\":2,\"name\":\"Micheline Presle est d\u00e9c\u00e9d\u00e9e \u00e0 l\u2019\u00e2ge de 101 ans\"}]},{\"@type\":\"WebSite\",\"@id\":\"https:\/\/bobea.net\/#website\",\"url\":\"https:\/\/bobea.net\/\",\"name\":\"Bobea\",\"description\":\"Le magazine de la nouvelle \u00c8ve\",\"publisher\":{\"@id\":\"https:\/\/bobea.net\/#organization\"},\"potentialAction\":[{\"@type\":\"SearchAction\",\"target\":{\"@type\":\"EntryPoint\",\"urlTemplate\":\"https:\/\/bobea.net\/?s={search_term_string}\"},\"query-input\":{\"@type\":\"PropertyValueSpecification\",\"valueRequired\":true,\"valueName\":\"search_term_string\"}}],\"inLanguage\":\"fr-FR\"},{\"@type\":\"Organization\",\"@id\":\"https:\/\/bobea.net\/#organization\",\"name\":\"Bobea\",\"url\":\"https:\/\/bobea.net\/\",\"logo\":{\"@type\":\"ImageObject\",\"inLanguage\":\"fr-FR\",\"@id\":\"https:\/\/bobea.net\/#\/schema\/logo\/image\/\",\"url\":\"https:\/\/bobea.net\/wp-content\/uploads\/2024\/06\/bobea.jpg\",\"contentUrl\":\"https:\/\/bobea.net\/wp-content\/uploads\/2024\/06\/bobea.jpg\",\"width\":1080,\"height\":1080,\"caption\":\"Bobea\"},\"image\":{\"@id\":\"https:\/\/bobea.net\/#\/schema\/logo\/image\/\"},\"sameAs\":[\"https:\/\/web.facebook.com\/profile.php?id=61559252188416\"]},{\"@type\":\"Person\",\"@id\":\"https:\/\/bobea.net\/#\/schema\/person\/164a7daf84df5735c129a5fabf14167f\",\"name\":\"Amanda Bono\",\"image\":{\"@type\":\"ImageObject\",\"inLanguage\":\"fr-FR\",\"@id\":\"https:\/\/bobea.net\/#\/schema\/person\/image\/\",\"url\":\"https:\/\/secure.gravatar.com\/avatar\/bb5fe76ee77af1e782aebbd2c08388da?s=96&d=mm&r=g\",\"contentUrl\":\"https:\/\/secure.gravatar.com\/avatar\/bb5fe76ee77af1e782aebbd2c08388da?s=96&d=mm&r=g\",\"caption\":\"Amanda Bono\"},\"description\":\"R\u00e9dactrice en chef Bob\u00e9a\",\"url\":\"https:\/\/bobea.net\/index.php\/author\/amanda-bono\/\"}]}<\/script>\n<!-- \/ Yoast SEO plugin. -->","yoast_head_json":{"title":"Micheline Presle est d\u00e9c\u00e9d\u00e9e \u00e0 l\u2019\u00e2ge de 101 ans - Bobea","robots":{"index":"index","follow":"follow","max-snippet":"max-snippet:-1","max-image-preview":"max-image-preview:large","max-video-preview":"max-video-preview:-1"},"canonical":"https:\/\/bobea.net\/index.php\/2024\/02\/22\/micheline-presle-est-decedee-a-lage-de-101-ans\/","og_locale":"fr_FR","og_type":"article","og_title":"Micheline Presle est d\u00e9c\u00e9d\u00e9e \u00e0 l\u2019\u00e2ge de 101 ans - Bobea","og_description":"Le cin\u00e9\u00adma fran\u00e7ais est en deuil a annon\u00adc\u00e9 son gen\u00addre Olivi\u00ader Bom\u00adsel \u00e0 l\u2019AFP. \u201cMiche\u00adline s\u2019est \u00e9teinte pais\u00adi\u00adble\u00adment, \u00e0 la Mai\u00adson nationale des artistes de Nogent-sur-Marne&nbsp;\u00bb dans le Val-de-Marne, a\u2011t-il&hellip;","og_url":"https:\/\/bobea.net\/index.php\/2024\/02\/22\/micheline-presle-est-decedee-a-lage-de-101-ans\/","og_site_name":"Bobea","article_publisher":"https:\/\/web.facebook.com\/profile.php?id=61559252188416","article_published_time":"2024-02-22T13:40:33+00:00","article_modified_time":"2024-02-22T13:40:34+00:00","og_image":[{"width":1920,"height":1079,"url":"https:\/\/bobea.net\/wp-content\/uploads\/2024\/02\/ba51e6158bcaf80fd0d834950251e693-1666252428.jpg","type":"image\/jpeg"}],"author":"Amanda Bono","twitter_card":"summary_large_image","twitter_misc":{"\u00c9crit par":"Amanda Bono","Dur\u00e9e de lecture estim\u00e9e":"1 minute"},"schema":{"@context":"https:\/\/schema.org","@graph":[{"@type":"Article","@id":"https:\/\/bobea.net\/index.php\/2024\/02\/22\/micheline-presle-est-decedee-a-lage-de-101-ans\/#article","isPartOf":{"@id":"https:\/\/bobea.net\/index.php\/2024\/02\/22\/micheline-presle-est-decedee-a-lage-de-101-ans\/"},"author":{"name":"Amanda Bono","@id":"https:\/\/bobea.net\/#\/schema\/person\/164a7daf84df5735c129a5fabf14167f"},"headline":"Micheline Presle est d\u00e9c\u00e9d\u00e9e \u00e0 l\u2019\u00e2ge de 101 ans","datePublished":"2024-02-22T13:40:33+00:00","dateModified":"2024-02-22T13:40:34+00:00","mainEntityOfPage":{"@id":"https:\/\/bobea.net\/index.php\/2024\/02\/22\/micheline-presle-est-decedee-a-lage-de-101-ans\/"},"wordCount":137,"commentCount":0,"publisher":{"@id":"https:\/\/bobea.net\/#organization"},"image":{"@id":"https:\/\/bobea.net\/index.php\/2024\/02\/22\/micheline-presle-est-decedee-a-lage-de-101-ans\/#primaryimage"},"thumbnailUrl":"https:\/\/bobea.net\/wp-content\/uploads\/2024\/02\/ba51e6158bcaf80fd0d834950251e693-1666252428.jpg","articleSection":["Annonces","Sant\u00e9-Actualit\u00e9s"],"inLanguage":"fr-FR","potentialAction":[{"@type":"CommentAction","name":"Comment","target":["https:\/\/bobea.net\/index.php\/2024\/02\/22\/micheline-presle-est-decedee-a-lage-de-101-ans\/#respond"]}]},{"@type":"WebPage","@id":"https:\/\/bobea.net\/index.php\/2024\/02\/22\/micheline-presle-est-decedee-a-lage-de-101-ans\/","url":"https:\/\/bobea.net\/index.php\/2024\/02\/22\/micheline-presle-est-decedee-a-lage-de-101-ans\/","name":"Micheline Presle est d\u00e9c\u00e9d\u00e9e \u00e0 l\u2019\u00e2ge de 101 ans - Bobea","isPartOf":{"@id":"https:\/\/bobea.net\/#website"},"primaryImageOfPage":{"@id":"https:\/\/bobea.net\/index.php\/2024\/02\/22\/micheline-presle-est-decedee-a-lage-de-101-ans\/#primaryimage"},"image":{"@id":"https:\/\/bobea.net\/index.php\/2024\/02\/22\/micheline-presle-est-decedee-a-lage-de-101-ans\/#primaryimage"},"thumbnailUrl":"https:\/\/bobea.net\/wp-content\/uploads\/2024\/02\/ba51e6158bcaf80fd0d834950251e693-1666252428.jpg","datePublished":"2024-02-22T13:40:33+00:00","dateModified":"2024-02-22T13:40:34+00:00","breadcrumb":{"@id":"https:\/\/bobea.net\/index.php\/2024\/02\/22\/micheline-presle-est-decedee-a-lage-de-101-ans\/#breadcrumb"},"inLanguage":"fr-FR","potentialAction":[{"@type":"ReadAction","target":["https:\/\/bobea.net\/index.php\/2024\/02\/22\/micheline-presle-est-decedee-a-lage-de-101-ans\/"]}]},{"@type":"ImageObject","inLanguage":"fr-FR","@id":"https:\/\/bobea.net\/index.php\/2024\/02\/22\/micheline-presle-est-decedee-a-lage-de-101-ans\/#primaryimage","url":"https:\/\/bobea.net\/wp-content\/uploads\/2024\/02\/ba51e6158bcaf80fd0d834950251e693-1666252428.jpg","contentUrl":"https:\/\/bobea.net\/wp-content\/uploads\/2024\/02\/ba51e6158bcaf80fd0d834950251e693-1666252428.jpg","width":1920,"height":1079},{"@type":"BreadcrumbList","@id":"https:\/\/bobea.net\/index.php\/2024\/02\/22\/micheline-presle-est-decedee-a-lage-de-101-ans\/#breadcrumb","itemListElement":[{"@type":"ListItem","position":1,"name":"Accueil","item":"https:\/\/bobea.net\/"},{"@type":"ListItem","position":2,"name":"Micheline Presle est d\u00e9c\u00e9d\u00e9e \u00e0 l\u2019\u00e2ge de 101 ans"}]},{"@type":"WebSite","@id":"https:\/\/bobea.net\/#website","url":"https:\/\/bobea.net\/","name":"Bobea","description":"Le magazine de la nouvelle \u00c8ve","publisher":{"@id":"https:\/\/bobea.net\/#organization"},"potentialAction":[{"@type":"SearchAction","target":{"@type":"EntryPoint","urlTemplate":"https:\/\/bobea.net\/?s={search_term_string}"},"query-input":{"@type":"PropertyValueSpecification","valueRequired":true,"valueName":"search_term_string"}}],"inLanguage":"fr-FR"},{"@type":"Organization","@id":"https:\/\/bobea.net\/#organization","name":"Bobea","url":"https:\/\/bobea.net\/","logo":{"@type":"ImageObject","inLanguage":"fr-FR","@id":"https:\/\/bobea.net\/#\/schema\/logo\/image\/","url":"https:\/\/bobea.net\/wp-content\/uploads\/2024\/06\/bobea.jpg","contentUrl":"https:\/\/bobea.net\/wp-content\/uploads\/2024\/06\/bobea.jpg","width":1080,"height":1080,"caption":"Bobea"},"image":{"@id":"https:\/\/bobea.net\/#\/schema\/logo\/image\/"},"sameAs":["https:\/\/web.facebook.com\/profile.php?id=61559252188416"]},{"@type":"Person","@id":"https:\/\/bobea.net\/#\/schema\/person\/164a7daf84df5735c129a5fabf14167f","name":"Amanda Bono","image":{"@type":"ImageObject","inLanguage":"fr-FR","@id":"https:\/\/bobea.net\/#\/schema\/person\/image\/","url":"https:\/\/secure.gravatar.com\/avatar\/bb5fe76ee77af1e782aebbd2c08388da?s=96&d=mm&r=g","contentUrl":"https:\/\/secure.gravatar.com\/avatar\/bb5fe76ee77af1e782aebbd2c08388da?s=96&d=mm&r=g","caption":"Amanda Bono"},"description":"R\u00e9dactrice en chef Bob\u00e9a","url":"https:\/\/bobea.net\/index.php\/author\/amanda-bono\/"}]}},"_links":{"self":[{"href":"https:\/\/bobea.net\/index.php\/wp-json\/wp\/v2\/posts\/1651"}],"collection":[{"href":"https:\/\/bobea.net\/index.php\/wp-json\/wp\/v2\/posts"}],"about":[{"href":"https:\/\/bobea.net\/index.php\/wp-json\/wp\/v2\/types\/post"}],"author":[{"embeddable":true,"href":"https:\/\/bobea.net\/index.php\/wp-json\/wp\/v2\/users\/4"}],"replies":[{"embeddable":true,"href":"https:\/\/bobea.net\/index.php\/wp-json\/wp\/v2\/comments?post=1651"}],"version-history":[{"count":0,"href":"https:\/\/bobea.net\/index.php\/wp-json\/wp\/v2\/posts\/1651\/revisions"}],"wp:featuredmedia":[{"embeddable":true,"href":"https:\/\/bobea.net\/index.php\/wp-json\/wp\/v2\/media\/1654"}],"wp:attachment":[{"href":"https:\/\/bobea.net\/index.php\/wp-json\/wp\/v2\/media?parent=1651"}],"wp:term":[{"taxonomy":"category","embeddable":true,"href":"https:\/\/bobea.net\/index.php\/wp-json\/wp\/v2\/categories?post=1651"},{"taxonomy":"post_tag","embeddable":true,"href":"https:\/\/bobea.net\/index.php\/wp-json\/wp\/v2\/tags?post=1651"}],"curies":[{"name":"wp","href":"https:\/\/api.w.org\/{rel}","templated":true}]}}