{"id":15308,"date":"2025-04-29T18:13:23","date_gmt":"2025-04-29T18:13:23","guid":{"rendered":"https:\/\/bobea.net\/?p=15308"},"modified":"2025-04-29T18:13:26","modified_gmt":"2025-04-29T18:13:26","slug":"linfluence-de-sylvie-vartan-en-france-de-la-liberte-des-annees-60-a-la-liberation-des-moeurs-jusquaux-idees-de-droite-forte","status":"publish","type":"post","link":"https:\/\/bobea.net\/index.php\/2025\/04\/29\/linfluence-de-sylvie-vartan-en-france-de-la-liberte-des-annees-60-a-la-liberation-des-moeurs-jusquaux-idees-de-droite-forte\/","title":{"rendered":"\u202fL\u2019influence de Sylvie Vartan en France : de la libert\u00e9 des ann\u00e9es 60 \u00e0 la lib\u00e9ration des m\u0153urs, jusqu\u2019aux id\u00e9es de droite forte"},"content":{"rendered":"\n<p><strong>Intro\u00adduc\u00adtion<\/strong><strong><\/strong><\/p>\n\n\n\n<p>L\u2019influence de Sylvie Var\u00adtan en France : de la lib\u00adert\u00e9 des ann\u00e9es 60 \u00e0 la lib\u00e9ra\u00adtion des m\u0153urs, jusqu\u2019aux id\u00e9es de droite forte<\/p>\n\n\n\n<p>Sylvie Var\u00adtan est bien plus qu\u2019une chanteuse embl\u00e9\u00adma\u00adtique de la sc\u00e8ne fran\u00e7aise&nbsp;: elle est une v\u00e9ri\u00adta\u00adble ic\u00f4ne cul\u00adturelle dont l\u2019influence d\u00e9passe large\u00adment la musique. Depuis ses d\u00e9buts dans les ann\u00e9es 60, cette fig\u00adure incon\u00adtourn\u00adable de la vague y\u00e9y\u00e9 a incar\u00adn\u00e9 la jeunesse libre, la f\u00e9minit\u00e9 assum\u00e9e et la moder\u00adnit\u00e9. Son style, sa voix, son charisme ont mar\u00adqu\u00e9 plusieurs g\u00e9n\u00e9ra\u00adtions, faisant d\u2019elle un sym\u00adbole de la lib\u00e9ra\u00adtion des m\u0153urs et de l\u2019\u00e9mancipation des femmes en France.<\/p>\n\n\n\n<p>Mais l\u2019histoire de Sylvie Var\u00adtan ne se lim\u00adite pas \u00e0 celle d\u2019une star de la chan\u00adson. Son par\u00adcours refl\u00e8te aus\u00adsi les \u00e9vo\u00adlu\u00adtions pro\u00adfondes de la soci\u00e9t\u00e9 fran\u00e7aise, ses con\u00adtra\u00addic\u00adtions, ses d\u00e9bats et ses trans\u00adfor\u00adma\u00adtions. De l\u2019insouciance des ann\u00e9es 60 \u00e0 la com\u00adplex\u00adit\u00e9 poli\u00adtique et sociale d\u2019aujourd\u2019hui, elle a tra\u00adver\u00ads\u00e9 les \u00e9po\u00adques en incar\u00adnant tour \u00e0 tour la lib\u00adert\u00e9, la s\u00e9duc\u00adtion, la mater\u00adnit\u00e9, puis une prise de posi\u00adtion plus affir\u00adm\u00e9e sur des ques\u00adtions de soci\u00e9t\u00e9.<\/p>\n\n\n\n<p>Ce dossier com\u00adplet vous pro\u00adpose d\u2019explorer cette tra\u00adjec\u00adtoire fasci\u00adnante. Nous revien\u00addrons sur ses d\u00e9buts ful\u00adgu\u00adrants, son r\u00f4le dans la r\u00e9vo\u00adlu\u00adtion cul\u00adturelle fran\u00e7aise, son image d\u2019\u00e9mancipation f\u00e9mi\u00adnine, mais aus\u00adsi sur ses engage\u00adments, ses pris\u00ades de posi\u00adtion par\u00adfois con\u00adtro\u00adver\u00ads\u00e9es, et son rap\u00adport \u00e0 la mon\u00adt\u00e9e des id\u00e9es de droite forte. \u00c0 tra\u00advers ce por\u00adtrait, c\u2019est une par\u00adtie de l\u2019histoire cul\u00adturelle et poli\u00adtique de la France qui se des\u00adsine, \u00e0 tra\u00advers le prisme d\u2019une femme qui a su, plus que beau\u00adcoup, incar\u00adn\u00ader les con\u00adtra\u00addic\u00adtions et les aspi\u00adra\u00adtions de son temps.<\/p>\n\n\n\n<p>En 2025, alors que la soci\u00e9t\u00e9 fran\u00e7aise est con\u00adfron\u00adt\u00e9e \u00e0 de nom\u00adbreux d\u00e9fis iden\u00adti\u00adtaires et soci\u00adaux, com\u00adpren\u00addre l\u2019influence de Sylvie Var\u00adtan, c\u2019est aus\u00adsi mieux saisir les enjeux actuels de la lib\u00adert\u00e9, de la tra\u00addi\u00adtion et de la moder\u00adnit\u00e9. Ce dossier vous invite \u00e0 un voy\u00adage dans le temps et dans les id\u00e9es, \u00e0 la d\u00e9cou\u00adverte d\u2019une ic\u00f4ne qui con\u00adtin\u00adue d\u2019inspirer, de divis\u00ader et de faire r\u00eaver.<\/p>\n\n\n\n<figure class=\"wp-block-image size-full\"><img loading=\"lazy\" decoding=\"async\" width=\"1024\" height=\"576\" src=\"https:\/\/bobea.net\/wp-content\/uploads\/2025\/04\/sylvie-vartan_janvier-2025_header.webp\" alt class=\"wp-image-15309\" srcset=\"https:\/\/bobea.net\/wp-content\/uploads\/2025\/04\/sylvie-vartan_janvier-2025_header.webp 1024w, https:\/\/bobea.net\/wp-content\/uploads\/2025\/04\/sylvie-vartan_janvier-2025_header-300x169.webp 300w, https:\/\/bobea.net\/wp-content\/uploads\/2025\/04\/sylvie-vartan_janvier-2025_header-768x432.webp 768w\" sizes=\"(max-width: 1024px) 100vw, 1024px\"><\/figure>\n\n\n\n<p><strong>I. Sylvie Var\u00adtan, l\u2019ic\u00f4ne de la jeunesse libre des ann\u00e9es 60<\/strong><strong><\/strong><\/p>\n\n\n\n<p>Sylvie Var\u00adtan incar\u00adne \u00e0 elle seule l\u2019esprit d\u2019une \u00e9poque o\u00f9 la France, et plus large\u00adment l\u2019Europe, se trans\u00adforme pro\u00adfond\u00e9\u00adment. Les ann\u00e9es 60, sou\u00advent qual\u00adi\u00adfi\u00e9es de \u201cr\u00e9vo\u00adlu\u00adtion cul\u00adturelle\u201d, voient l\u2019\u00e9mergence d\u2019une jeunesse avide de lib\u00adert\u00e9, de nou\u00adveaut\u00e9 et de rup\u00adture avec les codes anciens. Dans ce con\u00adtexte, Sylvie Var\u00adtan devient rapi\u00adde\u00adment une fig\u00adure embl\u00e9\u00adma\u00adtique, sym\u00adbole d\u2019une g\u00e9n\u00e9ra\u00adtion qui ose, qui danse, qui chante et qui revendique sa moder\u00adnit\u00e9.<\/p>\n\n\n\n<p>N\u00e9e en 1944 en Bul\u00adgar\u00adie et arriv\u00e9e en France enfant, Sylvie Var\u00adtan d\u00e9bute sa car\u00adri\u00e8re musi\u00adcale \u00e0 la fin des ann\u00e9es 50, \u00e0 peine sor\u00adtie de l\u2019adolescence. Tr\u00e8s vite, elle s\u2019impose dans le paysage musi\u00adcal fran\u00e7ais gr\u00e2ce \u00e0 sa voix douce et \u00e9nergique, mais surtout gr\u00e2ce \u00e0 son image fra\u00eeche, dynamique et pleine de charme. Elle fait par\u00adtie de la vague y\u00e9y\u00e9, ce mou\u00adve\u00adment musi\u00adcal qui m\u00eale rock\u2019n\u2019roll am\u00e9ri\u00adcain, pop bri\u00adtan\u00adnique et cul\u00adture fran\u00e7aise, et qui s\u00e9duit mas\u00adsive\u00adment les jeunes.<\/p>\n\n\n\n<p>Mais Sylvie n\u2019est pas qu\u2019une chanteuse&nbsp;: elle est aus\u00adsi une ic\u00f4ne de style. Avec ses cheveux blonds pla\u00adtine, ses robes cour\u00adtes et ses jupes \u00e0 volants, elle incar\u00adne la f\u00e9minit\u00e9 nou\u00advelle, libre et joyeuse. Sa fa\u00e7on de bouger sur sc\u00e8ne, ses pas de danse inspir\u00e9s du twist et du rock, son sourire \u00e9cla\u00adtant, font d\u2019elle une star adul\u00e9e, mais aus\u00adsi un mod\u00ad\u00e8le pour des mil\u00adliers de jeunes filles. Elle casse les codes fig\u00e9s de la femme sage et r\u00e9serv\u00e9e, et ouvre la voie \u00e0 une f\u00e9minit\u00e9 plus auda\u00adcieuse et plus assum\u00e9e.<\/p>\n\n\n\n<p>Le suc\u00adc\u00e8s de Sylvie Var\u00adtan ne tient pas seule\u00adment \u00e0 sa musique, mais aus\u00adsi \u00e0 son r\u00f4le dans cette r\u00e9vo\u00adlu\u00adtion cul\u00adturelle. Elle par\u00adticipe \u00e0 pop\u00adu\u00adlaris\u00ader des styles ves\u00adti\u00admen\u00adtaires nova\u00adteurs&nbsp;: la mini\u00adjupe, les bottes hautes, les col\u00adlants col\u00ador\u00e9s, les coif\u00adfures sophis\u00adtiqu\u00e9es. Elle incar\u00adne une jeunesse qui veut s\u2019amuser, s\u2019exprimer et s\u2019\u00e9manciper. Ses appari\u00adtions t\u00e9l\u00e9vis\u00e9es, ses con\u00adcerts, ses mag\u00ada\u00adzines con\u00adtribuent \u00e0 dif\u00adfuser cette image d\u2019une femme mod\u00aderne, ind\u00e9pen\u00addante et pleine de vie.<\/p>\n\n\n\n<p>Au-del\u00e0 de la musique et de la mode, Sylvie Var\u00adtan est aus\u00adsi une fig\u00adure de la lib\u00e9ra\u00adtion des m\u0153urs. \u00c0 tra\u00advers ses chan\u00adsons, ses clips et ses inter\u00adviews, elle \u00e9voque l\u2019amour libre, la pas\u00adsion, la s\u00e9duc\u00adtion sans tabou. Elle devient un sym\u00adbole de la lib\u00adert\u00e9 sex\u00aduelle, avant m\u00eame que les grandes r\u00e9formes soci\u00e9\u00adtales ne soient adop\u00adt\u00e9es. Sa rela\u00adtion tr\u00e8s m\u00e9di\u00adatis\u00e9e avec John\u00adny Hal\u00adly\u00adday, autre ic\u00f4ne de la jeunesse, fascine et fait r\u00eaver, tout en incar\u00adnant les con\u00adtra\u00addic\u00adtions et les ten\u00adsions d\u2019une \u00e9poque en pleine muta\u00adtion.<\/p>\n\n\n\n<p>Cette p\u00e9ri\u00adode des ann\u00e9es 60 est aus\u00adsi mar\u00adqu\u00e9e par une forte \u00e9mu\u00adla\u00adtion artis\u00adtique et cul\u00adturelle. Sylvie Var\u00adtan c\u00f4toie des artistes majeurs, par\u00adticipe \u00e0 des \u00e9mis\u00adsions cultes, influ\u00adence la mode et la musique \u00e0 l\u2019\u00e9chelle inter\u00adna\u00adtionale. Elle exporte la cul\u00adture y\u00e9y\u00e9 hors de France, notam\u00adment en Europe de l\u2019Est, au Japon et aux \u00c9tats-Unis, con\u00adtribuant \u00e0 faire ray\u00adon\u00adner la cul\u00adture fran\u00e7aise.<\/p>\n\n\n\n<p>Mais der\u00adri\u00e8re cette image de star, Sylvie Var\u00adtan tra\u00advaille dur. Elle encha\u00eene les tourn\u00e9es, les enreg\u00adistrements, les s\u00e9ances pho\u00adto, tout en affrontant la pres\u00adsion m\u00e9di\u00ada\u00adtique et les attentes du pub\u00adlic. Sa jeunesse, son \u00e9nergie et sa d\u00e9ter\u00admi\u00adna\u00adtion lui per\u00adme\u00adt\u00adtent de tenir ce rythme effr\u00e9n\u00e9 et de rester au som\u00admet pen\u00addant plusieurs ann\u00e9es.<\/p>\n\n\n\n<figure class=\"wp-block-image size-large\"><img loading=\"lazy\" decoding=\"async\" width=\"1024\" height=\"576\" src=\"https:\/\/bobea.net\/wp-content\/uploads\/2025\/04\/20573-sylvie-vartan-a-80-ans-entre-gratitude-et-critique-la-star-devoile-ses-sentiments-envers-la-france-qui-la-accueillie-1024x576.jpg\" alt class=\"wp-image-15310\" srcset=\"https:\/\/bobea.net\/wp-content\/uploads\/2025\/04\/20573-sylvie-vartan-a-80-ans-entre-gratitude-et-critique-la-star-devoile-ses-sentiments-envers-la-france-qui-la-accueillie-1024x576.jpg 1024w, https:\/\/bobea.net\/wp-content\/uploads\/2025\/04\/20573-sylvie-vartan-a-80-ans-entre-gratitude-et-critique-la-star-devoile-ses-sentiments-envers-la-france-qui-la-accueillie-300x169.jpg 300w, https:\/\/bobea.net\/wp-content\/uploads\/2025\/04\/20573-sylvie-vartan-a-80-ans-entre-gratitude-et-critique-la-star-devoile-ses-sentiments-envers-la-france-qui-la-accueillie-768x432.jpg 768w, https:\/\/bobea.net\/wp-content\/uploads\/2025\/04\/20573-sylvie-vartan-a-80-ans-entre-gratitude-et-critique-la-star-devoile-ses-sentiments-envers-la-france-qui-la-accueillie.jpg 1200w\" sizes=\"(max-width: 1024px) 100vw, 1024px\"><\/figure>\n\n\n\n<p>En r\u00e9sum\u00e9, Sylvie Var\u00adtan est bien plus qu\u2019une chanteuse des ann\u00e9es 60&nbsp;: elle est une ic\u00f4ne de la jeunesse libre, une pio\u00adnni\u00e8re de la f\u00e9minit\u00e9 mod\u00aderne, une ambas\u00adsadrice de la r\u00e9vo\u00adlu\u00adtion cul\u00adturelle fran\u00e7aise. Son influ\u00adence d\u00e9passe la musique pour touch\u00ader la mode, les com\u00adporte\u00adments soci\u00adaux et les men\u00adtal\u00adit\u00e9s. Elle incar\u00adne une \u00e9poque o\u00f9 tout sem\u00adblait pos\u00adsi\u00adble, o\u00f9 la jeunesse voulait bous\u00adculer les normes et inven\u00adter un nou\u00adveau monde.<\/p>\n\n\n\n<p><strong>II. Un mod\u00ad\u00e8le d\u2019\u00e9mancipation f\u00e9mi\u00adnine<\/strong><\/p>\n\n\n\n<p>Si Sylvie Var\u00adtan incar\u00adne la jeunesse libre des ann\u00e9es 60, elle s\u2019impose aus\u00adsi, au fil des d\u00e9cen\u00adnies, comme un mod\u00ad\u00e8le d\u2019\u00e9mancipation f\u00e9mi\u00adnine, \u00e0 la fois sur sc\u00e8ne et dans la vie. Sa tra\u00adjec\u00adtoire, mar\u00adqu\u00e9e par la r\u00e9us\u00adsite, l\u2019ind\u00e9pendance et la ma\u00eetrise de son image, inspire des g\u00e9n\u00e9ra\u00adtions de femmes \u00e0 s\u2019affirmer, \u00e0 oser et \u00e0 s\u2019affranchir des car\u00adcans tra\u00addi\u00adtion\u00adnels.<\/p>\n\n\n\n<p>D\u00e8s ses d\u00e9buts, Sylvie Var\u00adtan bous\u00adcule les st\u00e9r\u00e9o\u00adtypes de la chanteuse douce et effac\u00e9e. \u00c0 tra\u00advers ses chan\u00adsons, elle porte une parole auda\u00adcieuse&nbsp;: \u201cComme un gar\u00e7on\u201d, tube embl\u00e9\u00adma\u00adtique, devient un hymne \u00e0 la lib\u00adert\u00e9 et \u00e0 l\u2019\u00e9galit\u00e9, invi\u00adtant les filles \u00e0 se met\u00adtre \u00e0 la place des gar\u00e7ons, \u00e0 revendi\u00adquer la m\u00eame \u00e9nergie, la m\u00eame audace, la m\u00eame place dans la soci\u00e9t\u00e9.&nbsp;Cette chan\u00adson, comme beau\u00adcoup d\u2019autres de la p\u00e9ri\u00adode y\u00e9y\u00e9, par\u00adticipe \u00e0 la trans\u00adfor\u00adma\u00adtion des men\u00adtal\u00adit\u00e9s&nbsp;: elle donne aux jeunes femmes la per\u00admis\u00adsion de r\u00eaver plus grand, de s\u2019habiller comme elles veu\u00adlent, de danser, de sor\u00adtir, de s\u2019exprimer.<\/p>\n\n\n\n<p>Mais l\u2019\u00e9mancipation de Sylvie Var\u00adtan ne se lim\u00adite pas \u00e0 la sc\u00e8ne. Sa car\u00adri\u00e8re inter\u00adna\u00adtionale, rare pour une artiste fran\u00e7aise de l\u2019\u00e9poque, t\u00e9moigne de sa volon\u00adt\u00e9 de s\u2019affranchir des fron\u00adti\u00e8res et de s\u2019imposer comme une femme d\u2019affaires, une artiste com\u00adpl\u00e8te et une ic\u00f4ne glob\u00adale<a href=\"https:\/\/leballitterairedessardines.com\/2025\/02\/01\/sylvie-vartan-lame-slave-qui-a-conquit-la-france-depuis-60-ans\/\" target=\"_blank\" rel=\"noreferrer noopener\">6<\/a><a href=\"https:\/\/fr.wikipedia.org\/wiki\/Sylvie_Vartan\" target=\"_blank\" rel=\"noreferrer noopener\">8<\/a><a href=\"https:\/\/www.sylvissima.com\/biographie-sylvie-vartan-timeline\" target=\"_blank\" rel=\"noreferrer noopener\">9<\/a>.&nbsp;Elle chante aux \u00c9tats-Unis, en Ital\u00adie, au Japon, partage l\u2019affiche avec les Bea\u00adt\u00adles \u00e0 l\u2019Olympia, se pro\u00adduit \u00e0 Las Vegas, ani\u00adme des \u00e9mis\u00adsions en Europe et en Am\u00e9rique du Nord. Ce par\u00adcours excep\u00adtion\u00adnel fait d\u2019elle une pio\u00adnni\u00e8re, qui ouvre la voie \u00e0 d\u2019autres femmes dans l\u2019industrie musi\u00adcale et cul\u00adturelle.<\/p>\n\n\n\n<p>L\u2019\u00e9mancipation passe aus\u00adsi par la ges\u00adtion de son image. Sylvie Var\u00adtan com\u00adprend tr\u00e8s t\u00f4t l\u2019importance du con\u00adtr\u00f4le de sa com\u00admu\u00adni\u00adca\u00adtion et de son style. Elle col\u00adla\u00adbore avec les plus grands cou\u00adturi\u00aders, dont Yves Saint Lau\u00adrent, qui cr\u00e9e pour elle des tenues de sc\u00e8ne iconiques, struc\u00adtur\u00e9es, sen\u00adsuelles et mod\u00adernes<a href=\"https:\/\/museeyslparis.com\/chroniques\/new-entry-1\" target=\"_blank\" rel=\"noreferrer noopener\">4<\/a>.&nbsp;Elle impose une esth\u00e9\u00adtique forte, qui inspire la mode et la pop cul\u00adture, et qui con\u00adtribue \u00e0 faire \u00e9voluer la repr\u00e9sen\u00adta\u00adtion de la femme dans les m\u00e9dias. Sur sc\u00e8ne, elle refuse les v\u00eate\u00adments flous, pr\u00e9f\u00e9rant les cr\u00e9a\u00adtions struc\u00adtur\u00e9es qui val\u00adorisent le mou\u00adve\u00adment, la danse, la lib\u00adert\u00e9 du corps.<\/p>\n\n\n\n<p>Dans sa vie priv\u00e9e aus\u00adsi, Sylvie Var\u00adtan incar\u00adne une forme d\u2019\u00e9mancipation. Son mariage tr\u00e8s m\u00e9di\u00adatis\u00e9 avec John\u00adny Hal\u00adly\u00adday, puis son divorce, sont v\u00e9cus publique\u00adment \u00e0 une \u00e9poque o\u00f9 la s\u00e9pa\u00adra\u00adtion reste stig\u00adma\u00adtis\u00e9e. Elle assume ses choix, sa mater\u00adnit\u00e9, sa recom\u00adpo\u00adsi\u00adtion famil\u00adiale, et revendique le droit \u00e0 une vie per\u00adson\u00adnelle riche, com\u00adplexe, ind\u00e9pen\u00addante. Plus tard, elle \u00e9pouse Tony Scot\u00adti, pro\u00adduc\u00adteur am\u00e9ri\u00adcain, et partage sa vie entre la France et les \u00c9tats-Unis, illus\u00adtrant une fois de plus sa capac\u00adit\u00e9 \u00e0 s\u2019affranchir des fron\u00adti\u00e8res et des con\u00adven\u00adtions.<\/p>\n\n\n\n<p>Son rap\u00adport aux m\u00e9dias t\u00e9moigne aus\u00adsi de son intel\u00adli\u00adgence strat\u00e9gique. Sylvie Var\u00adtan sait utilis\u00ader la presse pour pro\u00admou\u00advoir ses pro\u00adjets, mais elle sait aus\u00adsi se pro\u00adt\u00e9ger, garder une part de mys\u00adt\u00e8re et de con\u00adtr\u00f4le sur son image. Cette ma\u00eetrise inspire de nom\u00adbreuses femmes artistes, qui voient en elle un mod\u00ad\u00e8le de ges\u00adtion de car\u00adri\u00e8re et d\u2019autonomie.<\/p>\n\n\n\n<p>Enfin, l\u2019\u00e9mancipation de Sylvie Var\u00adtan se man\u00adi\u00adfeste dans ses engage\u00adments. Elle n\u2019h\u00e9site pas \u00e0 pren\u00addre posi\u00adtion sur des sujets de soci\u00e9t\u00e9, \u00e0 s\u2019investir dans des caus\u00ades human\u00adi\u00adtaires, notam\u00adment pour l\u2019enfance et l\u2019adoption. Son par\u00adcours, mar\u00adqu\u00e9 par l\u2019exil et la recon\u00adstruc\u00adtion, r\u00e9sonne avec celui de nom\u00adbreuses femmes issues de l\u2019immigration, qui voient en elle la preuve qu\u2019il est pos\u00adsi\u00adble de r\u00e9us\u00adsir sans renier ses orig\u00adines.<\/p>\n\n\n\n<p>Sylvie Var\u00adtan, par sa car\u00adri\u00e8re, sa per\u00adson\u00adnal\u00adit\u00e9 et ses choix de vie, incar\u00adne ain\u00adsi une \u00e9man\u00adci\u00adpa\u00adtion f\u00e9mi\u00adnine \u00e0 la fois com\u00adplexe et inspi\u00adrante. Elle a d\u00fb, comme d\u2019autres grandes fig\u00adures f\u00e9minines venues \u201cd\u2019ailleurs\u201d, d\u00e9jouer les st\u00e9r\u00e9o\u00adtypes, affron\u00adter les clich\u00e9s, et prou\u00adver qu\u2019une femme peut \u00eatre \u00e0 la fois pop\u00adu\u00adlaire, ind\u00e9pen\u00addante, cr\u00e9a\u00adtive et puis\u00adsante.&nbsp;Son h\u00e9ritage va bien au-del\u00e0 de la chan\u00adson&nbsp;: il touche \u00e0 la lib\u00adert\u00e9, \u00e0 la con\u00adfi\u00adance en soi, \u00e0 la capac\u00adit\u00e9 de choisir sa vie et de s\u2019inventer, sans jamais oubli\u00ader d\u2019o\u00f9 l\u2019on vient.<\/p>\n\n\n\n<p><strong>III. Sylvie Var\u00adtan et la lib\u00e9ra\u00adtion des m\u0153urs en France<\/strong><\/p>\n\n\n\n<p>Dans la France des ann\u00e9es 60 et 70, l\u2019irruption de Sylvie Var\u00adtan sur la sc\u00e8ne musi\u00adcale et m\u00e9di\u00ada\u00adtique accom\u00adpa\u00adgne et sym\u00adbol\u00adise une v\u00e9ri\u00adta\u00adble r\u00e9vo\u00adlu\u00adtion des men\u00adtal\u00adit\u00e9s. Alors que la soci\u00e9t\u00e9 fran\u00e7aise reste encore large\u00adment mar\u00adqu\u00e9e par le con\u00adser\u00advatisme, le catholi\u00adcisme social et la morale tra\u00addi\u00adtion\u00adnelle, l\u2019\u00e9mergence de la vague y\u00e9y\u00e9, dont Sylvie Var\u00adtan est l\u2019une des fig\u00adures majeures, boule\u00adverse les codes de la f\u00e9minit\u00e9, de la jeunesse et du rap\u00adport \u00e0 la lib\u00adert\u00e9.<\/p>\n\n\n\n<p>D\u00e8s ses pre\u00admiers suc\u00adc\u00e8s, Sylvie Var\u00adtan incar\u00adne une nou\u00advelle image de la femme&nbsp;: dynamique, ind\u00e9pen\u00addante, sen\u00adsuelle sans \u00eatre provo\u00adcante, libre de ses mou\u00adve\u00adments comme de ses choix. Sur sc\u00e8ne, elle danse, elle rit, elle ose la mini\u00adjupe, les bottes blanch\u00ades, les cheveux blonds coup\u00e9s courts ou port\u00e9s longs selon la mode. Elle s\u2019approprie les codes du rock\u2019n\u2019roll et du twist, jusqu\u2019alors r\u00e9serv\u00e9s aux hommes, et les adapte \u00e0 sa per\u00adson\u00adnal\u00adit\u00e9. Cette lib\u00adert\u00e9 de ton et de style s\u00e9duit une g\u00e9n\u00e9ra\u00adtion enti\u00e8re, qui voit en elle un mod\u00ad\u00e8le d\u2019\u00e9mancipation et d\u2019audace.<\/p>\n\n\n\n<figure class=\"wp-block-image size-large\"><img loading=\"lazy\" decoding=\"async\" width=\"1024\" height=\"666\" src=\"https:\/\/bobea.net\/wp-content\/uploads\/2025\/04\/Sylvie-Vartan-pourquoi-elle-a-ete-frustree-par-ses-adieux-a-la-scene-1024x666.jpg\" alt class=\"wp-image-15311\" srcset=\"https:\/\/bobea.net\/wp-content\/uploads\/2025\/04\/Sylvie-Vartan-pourquoi-elle-a-ete-frustree-par-ses-adieux-a-la-scene-1024x666.jpg 1024w, https:\/\/bobea.net\/wp-content\/uploads\/2025\/04\/Sylvie-Vartan-pourquoi-elle-a-ete-frustree-par-ses-adieux-a-la-scene-300x195.jpg 300w, https:\/\/bobea.net\/wp-content\/uploads\/2025\/04\/Sylvie-Vartan-pourquoi-elle-a-ete-frustree-par-ses-adieux-a-la-scene-768x499.jpg 768w, https:\/\/bobea.net\/wp-content\/uploads\/2025\/04\/Sylvie-Vartan-pourquoi-elle-a-ete-frustree-par-ses-adieux-a-la-scene-1536x999.jpg 1536w, https:\/\/bobea.net\/wp-content\/uploads\/2025\/04\/Sylvie-Vartan-pourquoi-elle-a-ete-frustree-par-ses-adieux-a-la-scene-2048x1332.jpg 2048w\" sizes=\"(max-width: 1024px) 100vw, 1024px\"><\/figure>\n\n\n\n<p>La lib\u00e9ra\u00adtion des m\u0153urs en France ne se joue pas seule\u00adment dans la rue ou \u00e0 l\u2019Assembl\u00e9e nationale&nbsp;: elle passe aus\u00adsi par la musique, la t\u00e9l\u00e9vi\u00adsion, la mode et les m\u00e9dias pop\u00adu\u00adlaires. Les con\u00adcerts g\u00e9ants, comme celui de la \u201cNuit de la Nation\u201d en 1963 o\u00f9 Sylvie Var\u00adtan partage l\u2019affiche avec John\u00adny Hal\u00adly\u00adday devant 200&nbsp;000 jeunes, devi\u00aden\u00adnent des moments fon\u00adda\u00adteurs o\u00f9 la jeunesse s\u2019empare de l\u2019espace pub\u00adlic, revendique sa dif\u00adf\u00e9rence et sa soif de nou\u00adveaut\u00e9.&nbsp;Ces rassem\u00adble\u00adments, qui pr\u00e9\u00adfig\u00adurent les grands mou\u00adve\u00adments de Mai 68, sont autant de sig\u00adnaux d\u2019une soci\u00e9t\u00e9 en muta\u00adtion, avide de lib\u00adert\u00e9 et de moder\u00adnit\u00e9.<\/p>\n\n\n\n<p>Dans ses chan\u00adsons et ses appari\u00adtions publiques, Sylvie Var\u00adtan abor\u00adde des th\u00e8mes jusque-l\u00e0 tabous&nbsp;: l\u2019amour libre, la s\u00e9duc\u00adtion, le d\u00e9sir f\u00e9minin, la rup\u00adture, la jalousie, mais aus\u00adsi la tristesse et la soli\u00adtude. Sa fa\u00e7on d\u2019assumer sa sen\u00adsu\u00adal\u00adit\u00e9, sans jamais tomber dans la vul\u00adgar\u00adit\u00e9, fait \u00e9voluer le regard port\u00e9 sur les femmes artistes. Elle assume aus\u00adsi, dans sa vie priv\u00e9e, ses choix amoureux et sa lib\u00adert\u00e9 de ton. Dans une soci\u00e9t\u00e9 o\u00f9 la sex\u00adu\u00adal\u00adit\u00e9 f\u00e9mi\u00adnine reste un sujet d\u00e9li\u00adcat, Sylvie Var\u00adtan n\u2019h\u00e9site pas \u00e0 par\u00adler de son bon\u00adheur amoureux, de sa libido, ou de la ten\u00addresse qui unit les cou\u00adples, affir\u00admant dans une inter\u00adview&nbsp;: \u00ab&nbsp;Il vaut mieux \u00eatre tac\u00adtile que pla\u00adtonique, non ?&nbsp;\u00bb.<\/p>\n\n\n\n<p>Cette lib\u00adert\u00e9 d\u2019expression, Sylvie Var\u00adtan la revendique aus\u00adsi face aux m\u00e9dias. Si elle garde une cer\u00adtaine pudeur sur sa vie intime, elle n\u2019h\u00e9site pas \u00e0 recadr\u00ader les jour\u00adnal\u00adistes lorsque les ques\u00adtions devi\u00aden\u00adnent trop per\u00adson\u00adnelles, comme lors de l\u2019\u00e9mission \u201cQuelle \u00c9poque&nbsp;!\u201d o\u00f9 elle a \u00e9t\u00e9 mise mal \u00e0 l\u2019aise par des ques\u00adtions sur sa vie sex\u00aduelle.&nbsp;Cet \u00e9quili\u00adbre entre affir\u00adma\u00adtion de soi et con\u00adtr\u00f4le de son image fait d\u2019elle une pio\u00adnni\u00e8re de la com\u00admu\u00adni\u00adca\u00adtion mod\u00aderne, capa\u00adble de nav\u00adiguer entre la con\u00adfes\u00adsion et la r\u00e9serve, l\u2019audace et la dig\u00adnit\u00e9.<\/p>\n\n\n\n<p>La lib\u00e9ra\u00adtion des m\u0153urs passe \u00e9gale\u00adment par l\u2019image&nbsp;: Sylvie Var\u00adtan inspire la mode, la pub\u00adlic\u00adit\u00e9, la t\u00e9l\u00e9vi\u00adsion. Elle pop\u00adu\u00adlarise la mini\u00adjupe, les couleurs vives, les acces\u00adsoires auda\u00adcieux, et devient une r\u00e9f\u00e9rence pour les cr\u00e9a\u00adteurs et les styl\u00adistes. Son style influ\u00adence des g\u00e9n\u00e9ra\u00adtions de femmes, qui osent \u00e0 leur tour s\u2019affranchir des dik\u00adtats ves\u00adti\u00admen\u00adtaires et affirmer leur per\u00adson\u00adnal\u00adit\u00e9. \u00c0 la t\u00e9l\u00e9vi\u00adsion, ses presta\u00adtions sc\u00e9niques, ses chor\u00e9\u00adgra\u00adphies et ses duos avec John\u00adny Hal\u00adly\u00adday ou d\u2019autres stars mas\u00adcu\u00adlines bous\u00adcu\u00adlent les repr\u00e9sen\u00adta\u00adtions tra\u00addi\u00adtion\u00adnelles du cou\u00adple et de la s\u00e9duc\u00adtion.<\/p>\n\n\n\n<p>Mais la lib\u00e9ra\u00adtion des m\u0153urs port\u00e9e par Sylvie Var\u00adtan n\u2019est pas sans con\u00adtra\u00addic\u00adtions. Si elle incar\u00adne la moder\u00adnit\u00e9 et l\u2019\u00e9mancipation, elle doit aus\u00adsi faire face aux cri\u00adtiques&nbsp;: cer\u00adtains la jugent trop l\u00e9g\u00e8re, trop \u201cam\u00e9ri\u00adcaine\u201d, pas assez engag\u00e9e poli\u00adtique\u00adment, ou encore trop soucieuse de plaire au grand pub\u00adlic.&nbsp;Pour\u00adtant, c\u2019est pr\u00e9\u00adcis\u00e9\u00adment cette capac\u00adit\u00e9 \u00e0 con\u00adjuguer l\u00e9g\u00e8ret\u00e9 et pro\u00adfondeur, \u00e0 par\u00adler d\u2019amour et de lib\u00adert\u00e9 sans dog\u00adma\u00adtisme, qui fait sa force et son orig\u00adi\u00adnal\u00adit\u00e9.<\/p>\n\n\n\n<p>Dans le con\u00adtexte de Mai 68 et de l\u2019apr\u00e8s-68, la chan\u00adson fran\u00e7aise devient un espace de con\u00adtes\u00adta\u00adtion, mais aus\u00adsi de r\u00eave et d\u2019\u00e9vasion. Tan\u00addis que cer\u00adtains artistes s\u2019engagent ouverte\u00adment dans la lutte poli\u00adtique, d\u2019autres, comme Sylvie Var\u00adtan, pro\u00adposent une autre forme de lib\u00e9ra\u00adtion&nbsp;: celle du corps, des sen\u00adti\u00adments, du quo\u00adti\u00addi\u00aden, de la vie priv\u00e9e.&nbsp;Cette dimen\u00adsion, sou\u00advent jug\u00e9e \u201cfutile\u201d, est en r\u00e9al\u00adit\u00e9 essen\u00adtielle dans la trans\u00adfor\u00adma\u00adtion des men\u00adtal\u00adit\u00e9s&nbsp;: elle per\u00admet \u00e0 des mil\u00adlions de femmes et d\u2019hommes de s\u2019identifier \u00e0 de nou\u00adveaux mod\u00ad\u00e8les, de s\u2019autoriser \u00e0 vivre dif\u00adf\u00e9rem\u00adment, \u00e0 aimer autrement.<\/p>\n\n\n\n<p>En d\u00e9fini\u00adtive, Sylvie Var\u00adtan a con\u00adtribu\u00e9 \u00e0 la lib\u00e9ra\u00adtion des m\u0153urs en France en incar\u00adnant une f\u00e9minit\u00e9 mod\u00aderne, libre et assum\u00e9e, en osant par\u00adler d\u2019amour, de d\u00e9sir, de rup\u00adture et de bon\u00adheur, en inspi\u00adrant la mode et la cul\u00adture pop\u00adu\u00adlaire, et en ouvrant la voie \u00e0 une nou\u00advelle g\u00e9n\u00e9ra\u00adtion d\u2019artistes et de femmes libres. Son influ\u00adence se mesure autant dans les chan\u00adsons que dans les com\u00adporte\u00adments, les v\u00eate\u00adments, les choix de vie et la fa\u00e7on d\u2019\u00eatre au monde. Elle reste, aujourd\u2019hui encore, un sym\u00adbole de cette France qui a os\u00e9 s\u2019\u00e9manciper, s\u2019affirmer et inven\u00adter de nou\u00adveaux chemins vers la lib\u00adert\u00e9.<\/p>\n\n\n\n<p><strong>IV. Engage\u00adments, pris\u00ades de posi\u00adtion et \u00e9vo\u00adlu\u00adtion des id\u00e9es<\/strong><\/p>\n\n\n\n<p>L\u2019image de Sylvie Var\u00adtan ne se lim\u00adite pas \u00e0 celle d\u2019une ic\u00f4ne pop ou d\u2019une star de la chan\u00adson&nbsp;: au fil de sa car\u00adri\u00e8re, elle a su s\u2019engager, pren\u00addre posi\u00adtion sur des sujets de soci\u00e9t\u00e9, et faire \u00e9voluer son dis\u00adcours en fonc\u00adtion des \u00e9po\u00adques et de ses pro\u00adpres con\u00advic\u00adtions. Cette dimen\u00adsion, moins m\u00e9di\u00adatis\u00e9e que ses suc\u00adc\u00e8s musi\u00adcaux, est pour\u00adtant essen\u00adtielle pour com\u00adpren\u00addre la richesse et la com\u00adplex\u00adit\u00e9 de son influ\u00adence sur la soci\u00e9t\u00e9 fran\u00e7aise.<\/p>\n\n\n\n<p>D\u00e8s les ann\u00e9es 70, alors que la France con\u00adna\u00eet de grandes trans\u00adfor\u00adma\u00adtions sociales et poli\u00adtiques, Sylvie Var\u00adtan s\u2019affirme comme une femme ind\u00e9pen\u00addante, atten\u00adtive \u00e0 son image et \u00e0 la ma\u00eetrise de sa car\u00adri\u00e8re. Elle incar\u00adne une g\u00e9n\u00e9ra\u00adtion de femmes qui, tout en restant attach\u00e9es \u00e0 cer\u00adtaines valeurs tra\u00addi\u00adtion\u00adnelles, revendiquent le droit de choisir leur vie, de divorcer, de men\u00ader une car\u00adri\u00e8re inter\u00adna\u00adtionale, de con\u00adcili\u00ader vie priv\u00e9e et vie publique. Son divorce tr\u00e8s m\u00e9di\u00adatis\u00e9 avec John\u00adny Hal\u00adly\u00adday, puis sa recom\u00adpo\u00adsi\u00adtion famil\u00adiale avec Tony Scot\u00adti, sont v\u00e9cus publique\u00adment \u00e0 une \u00e9poque o\u00f9 la s\u00e9pa\u00adra\u00adtion reste encore stig\u00adma\u00adtis\u00e9e. Elle assume ses choix, sa mater\u00adnit\u00e9, sa vie entre la France et les \u00c9tats-Unis, illus\u00adtrant une forme de lib\u00adert\u00e9 et d\u2019\u00e9mancipation qui inspire de nom\u00adbreuses femmes.<\/p>\n\n\n\n<p>Sur le plan soci\u00e9\u00adtal, Sylvie Var\u00adtan s\u2019est engag\u00e9e pour des caus\u00ades qui lui tien\u00adnent \u00e0 c\u0153ur, notam\u00adment l\u2019enfance et l\u2019adoption. Elle a cr\u00e9\u00e9 et soutenu des asso\u00adci\u00ada\u00adtions en faveur des enfants d\u00e9fa\u00advoris\u00e9s, notam\u00adment en Bul\u00adgar\u00adie, son pays natal, o\u00f9 elle retourne r\u00e9guli\u00e8re\u00adment pour des con\u00adcerts car\u00adi\u00adtat\u00adifs et des actions human\u00adi\u00adtaires.&nbsp;Son his\u00adtoire per\u00adson\u00adnelle, mar\u00adqu\u00e9e par l\u2019exil et la recon\u00adstruc\u00adtion, r\u00e9sonne avec celle de nom\u00adbreuses femmes issues de l\u2019immigration, qui voient en elle la preuve qu\u2019il est pos\u00adsi\u00adble de r\u00e9us\u00adsir sans renier ses orig\u00adines.<\/p>\n\n\n\n<p>La chanteuse a \u00e9gale\u00adment pris posi\u00adtion sur des sujets sen\u00adsi\u00adbles comme la place de la femme dans la soci\u00e9t\u00e9, l\u2019\u00e9galit\u00e9 des chances, ou encore la d\u00e9fense de la cul\u00adture fran\u00e7aise. Si elle n\u2019a jamais \u00e9t\u00e9 une mil\u00adi\u00adtante poli\u00adtique au sens strict, elle n\u2019a pas h\u00e9sit\u00e9 \u00e0 exprimer ses opin\u00adions lors d\u2019interviews, \u00e0 soutenir des ini\u00adtia\u00adtives en faveur des droits des femmes, ou \u00e0 s\u2019impliquer dans des d\u00e9bats sur la famille et la parental\u00adit\u00e9. Son engage\u00adment pour l\u2019adoption, en par\u00adti\u00adc\u00aduli\u00ader, a con\u00adtribu\u00e9 \u00e0 sen\u00adsi\u00adbilis\u00ader le grand pub\u00adlic \u00e0 la ques\u00adtion des enfants sans famille, et \u00e0 pro\u00admou\u00advoir une vision ouverte et g\u00e9n\u00e9reuse de la parental\u00adit\u00e9.<\/p>\n\n\n\n<figure class=\"wp-block-image size-large\"><img loading=\"lazy\" decoding=\"async\" width=\"1024\" height=\"575\" src=\"https:\/\/bobea.net\/wp-content\/uploads\/2025\/04\/MjAyNTAxNWMwNGVmZTBmNzFkMjI3ZDI4N2EwNTA1NjFiNWJmOTM-1024x575.avif\" alt class=\"wp-image-15312\" srcset=\"https:\/\/bobea.net\/wp-content\/uploads\/2025\/04\/MjAyNTAxNWMwNGVmZTBmNzFkMjI3ZDI4N2EwNTA1NjFiNWJmOTM-1024x575.avif 1024w, https:\/\/bobea.net\/wp-content\/uploads\/2025\/04\/MjAyNTAxNWMwNGVmZTBmNzFkMjI3ZDI4N2EwNTA1NjFiNWJmOTM-300x169.avif 300w, https:\/\/bobea.net\/wp-content\/uploads\/2025\/04\/MjAyNTAxNWMwNGVmZTBmNzFkMjI3ZDI4N2EwNTA1NjFiNWJmOTM-768x432.avif 768w, https:\/\/bobea.net\/wp-content\/uploads\/2025\/04\/MjAyNTAxNWMwNGVmZTBmNzFkMjI3ZDI4N2EwNTA1NjFiNWJmOTM.avif 1260w\" sizes=\"(max-width: 1024px) 100vw, 1024px\"><\/figure>\n\n\n\n<p>Au fil des d\u00e9cen\u00adnies, Sylvie Var\u00adtan a su faire \u00e9voluer son dis\u00adcours, s\u2019adaptant aux grands d\u00e9bats de soci\u00e9t\u00e9. Si elle a incar\u00adn\u00e9 la moder\u00adnit\u00e9 et la lib\u00e9ra\u00adtion des m\u0153urs dans les ann\u00e9es 60 et 70, elle a aus\u00adsi su d\u00e9fendre, \u00e0 par\u00adtir des ann\u00e9es 80 et 90, des valeurs plus tra\u00addi\u00adtion\u00adnelles, notam\u00adment autour de la famille, de la trans\u00admis\u00adsion, et de l\u2019attachement aux racines. Cette \u00e9vo\u00adlu\u00adtion, loin d\u2019\u00eatre con\u00adtra\u00addic\u00adtoire, refl\u00e8te la com\u00adplex\u00adit\u00e9 du par\u00adcours d\u2019une femme qui a tou\u00adjours cher\u00adch\u00e9 \u00e0 con\u00adcili\u00ader lib\u00adert\u00e9 indi\u00advidu\u00adelle et respon\u00ads\u00adabil\u00adit\u00e9 col\u00adlec\u00adtive.<\/p>\n\n\n\n<p>Dans les ann\u00e9es 2000 et 2010, alors que la soci\u00e9t\u00e9 fran\u00e7aise se polarise sur des ques\u00adtions d\u2019identit\u00e9, de la\u00efc\u00adit\u00e9, d\u2019immigration ou de valeurs, Sylvie Var\u00adtan n\u2019h\u00e9site pas \u00e0 pren\u00addre la parole, par\u00adfois de fa\u00e7on tranch\u00e9e, sur des sujets comme l\u2019\u00e9ducation, la cul\u00adture, ou la d\u00e9fense de cer\u00adtaines tra\u00addi\u00adtions. Elle par\u00adticipe \u00e0 des \u00e9mis\u00adsions de d\u00e9bat, pub\u00adlie des livres de sou\u00advenirs, et s\u2019exprime sur les r\u00e9seaux soci\u00adaux, o\u00f9 elle b\u00e9n\u00e9\u00adfi\u00adcie d\u2019une com\u00admu\u00adnaut\u00e9 fid\u00e8le et interg\u00e9n\u00e9ra\u00adtionnelle.<\/p>\n\n\n\n<p>Cette \u00e9vo\u00adlu\u00adtion de ses pris\u00ades de posi\u00adtion n\u2019est pas sans sus\u00adciter d\u00e9bats et pol\u00e9miques. Cer\u00adtains la f\u00e9lici\u00adtent pour sa fran\u00adchise, son attache\u00adment \u00e0 la France et \u00e0 ses valeurs&nbsp;; d\u2019autres lui reprochent une forme de con\u00adser\u00advatisme ou de nos\u00adtal\u00adgie. Mais c\u2019est pr\u00e9\u00adcis\u00e9\u00adment cette capac\u00adit\u00e9 \u00e0 \u00e9voluer, \u00e0 s\u2019adapter, \u00e0 ques\u00adtion\u00adner son \u00e9poque et \u00e0 assumer ses con\u00adtra\u00addic\u00adtions qui fait de Sylvie Var\u00adtan une fig\u00adure aus\u00adsi sin\u00adguli\u00e8re qu\u2019influente.<\/p>\n\n\n\n<p>Son engage\u00adment ne se lim\u00adite pas \u00e0 la parole&nbsp;: il se traduit aus\u00adsi par des actes con\u00adcrets, des choix de car\u00adri\u00e8re, des col\u00adlab\u00ado\u00adra\u00adtions artis\u00adtiques, des sou\u00adtiens \u00e0 des caus\u00ades ou \u00e0 des per\u00adson\u00adnal\u00adit\u00e9s. Elle a su, tout au long de sa vie, con\u00adjuguer lib\u00adert\u00e9, fid\u00e9l\u00adit\u00e9 \u00e0 ses con\u00advic\u00adtions, et ouver\u00adture aux autres. Cette dimen\u00adsion, essen\u00adtielle \u00e0 son h\u00e9ritage, explique pourquoi elle con\u00adtin\u00adue d\u2019inspirer, de divis\u00ader, mais aus\u00adsi de sus\u00adciter l\u2019admiration, bien au-del\u00e0 du monde de la musique.<\/p>\n\n\n\n<p>En r\u00e9sum\u00e9, Sylvie Var\u00adtan est une femme d\u2019engagements, de con\u00advic\u00adtions et d\u2019\u00e9volution. Son par\u00adcours t\u00e9moigne de la capac\u00adit\u00e9 \u00e0 s\u2019adapter, \u00e0 s\u2019exprimer, \u00e0 d\u00e9fendre des caus\u00ades sans jamais renier son iden\u00adtit\u00e9. Elle incar\u00adne ain\u00adsi une forme d\u2019intelligence et de courage qui force le respect, et qui fait d\u2019elle une actrice majeure des d\u00e9bats de soci\u00e9t\u00e9 en France depuis plus de soix\u00adante ans.<\/p>\n\n\n\n<p><strong>Con\u00adclu\u00adsion<\/strong><strong><\/strong><\/p>\n\n\n\n<p>Sylvie Var\u00adtan occupe une place \u00e0 part dans l\u2019histoire cul\u00adturelle et sociale de la France. De ses d\u00e9buts \u00e9cla\u00adtants dans la vague y\u00e9y\u00e9 \u00e0 son statut d\u2019ic\u00f4ne trans\u00adg\u00e9n\u00e9ra\u00adtionnelle, elle a tra\u00adver\u00ads\u00e9 les d\u00e9cen\u00adnies en incar\u00adnant tour \u00e0 tour la moder\u00adnit\u00e9, la lib\u00adert\u00e9, l\u2019\u00e9l\u00e9gance et la force. Son influ\u00adence ne se lim\u00adite pas \u00e0 la musique&nbsp;: elle a r\u00e9vo\u00adlu\u00adtion\u00adn\u00e9 la mode, bous\u00adcul\u00e9 les codes de la f\u00e9minit\u00e9, accom\u00adpa\u00adg\u00adn\u00e9 la lib\u00e9ra\u00adtion des m\u0153urs et inspir\u00e9 des g\u00e9n\u00e9ra\u00adtions de femmes \u00e0 s\u2019affirmer, \u00e0 oser et \u00e0 s\u2019\u00e9manciper.<\/p>\n\n\n\n<p>Mais le par\u00adcours de Sylvie Var\u00adtan est aus\u00adsi celui d\u2019une femme com\u00adplexe, en per\u00adp\u00e9tuelle \u00e9vo\u00adlu\u00adtion. Refu\u00adsant d\u2019\u00eatre enfer\u00adm\u00e9e dans une image fig\u00e9e, elle a su adapter son dis\u00adcours, ses engage\u00adments et ses choix de vie aux trans\u00adfor\u00adma\u00adtions de la soci\u00e9t\u00e9 fran\u00e7aise. De la reven\u00addi\u00adca\u00adtion de la lib\u00adert\u00e9 et de l\u2019insouciance dans les ann\u00e9es 60 \u00e0 la d\u00e9fense de valeurs plus tra\u00addi\u00adtion\u00adnelles et \u00e0 la prise de parole sur les grands d\u00e9bats soci\u00adaux et poli\u00adtiques, elle a assum\u00e9 ses con\u00adtra\u00addic\u00adtions, ses doutes et ses con\u00advic\u00adtions.<\/p>\n\n\n\n<figure class=\"wp-block-image size-large\"><img loading=\"lazy\" decoding=\"async\" width=\"1024\" height=\"580\" src=\"https:\/\/bobea.net\/wp-content\/uploads\/2025\/04\/1200x680_sylvie_vartan-1024x580.jpg\" alt class=\"wp-image-15313\" srcset=\"https:\/\/bobea.net\/wp-content\/uploads\/2025\/04\/1200x680_sylvie_vartan-1024x580.jpg 1024w, https:\/\/bobea.net\/wp-content\/uploads\/2025\/04\/1200x680_sylvie_vartan-300x170.jpg 300w, https:\/\/bobea.net\/wp-content\/uploads\/2025\/04\/1200x680_sylvie_vartan-768x435.jpg 768w, https:\/\/bobea.net\/wp-content\/uploads\/2025\/04\/1200x680_sylvie_vartan.jpg 1200w\" sizes=\"(max-width: 1024px) 100vw, 1024px\"><\/figure>\n\n\n\n<p>\u00c0 tra\u00advers ses chan\u00adsons, ses appari\u00adtions publiques, ses pris\u00ades de posi\u00adtion et son engage\u00adment asso\u00adci\u00adatif, Sylvie Var\u00adtan a con\u00adtribu\u00e9 \u00e0 fa\u00e7on\u00adner le vis\u00adage de la femme fran\u00e7aise mod\u00aderne&nbsp;: libre, \u00e9l\u00e9\u00adgante, ind\u00e9pen\u00addante, mais aus\u00adsi attach\u00e9e \u00e0 ses racines et \u00e0 la trans\u00admis\u00adsion. Elle a su inspir\u00ader les cr\u00e9a\u00adteurs, les artistes, les mil\u00adi\u00adtantes et toutes celles qui, aujourd\u2019hui encore, cherchent \u00e0 con\u00adjuguer tra\u00addi\u00adtion et moder\u00adnit\u00e9, lib\u00adert\u00e9 et respon\u00ads\u00adabil\u00adit\u00e9.<\/p>\n\n\n\n<p>Son h\u00e9ritage est vivant&nbsp;: il se lit dans la mode, la musique, la cul\u00adture pop, mais aus\u00adsi dans la fa\u00e7on dont la soci\u00e9t\u00e9 fran\u00e7aise d\u00e9bat de la place des femmes, de la famille, de la lib\u00adert\u00e9 indi\u00advidu\u00adelle et des valeurs col\u00adlec\u00adtives. Sylvie Var\u00adtan demeure un miroir de la France, avec ses \u00e9lans, ses para\u00addox\u00ades, ses com\u00adbats et ses r\u00eaves.<\/p>\n\n\n\n<p>En 2025, alors que la France con\u00adtin\u00adue de s\u2019interroger sur son iden\u00adtit\u00e9, ses valeurs et sa capac\u00adit\u00e9 \u00e0 innover sans renier son his\u00adtoire, la tra\u00adjec\u00adtoire de Sylvie Var\u00adtan rap\u00adpelle que l\u2019\u00e9mancipation, la cr\u00e9a\u00adtiv\u00adit\u00e9 et l\u2019engagement ne sont jamais des acquis d\u00e9fini\u00adtifs, mais des con\u00adqu\u00eates \u00e0 renou\u00advel\u00ader sans cesse. Son influ\u00adence, tou\u00adjours vivace, invite \u00e0 penser la lib\u00adert\u00e9 au f\u00e9minin comme une aven\u00adture col\u00adlec\u00adtive, faite de rup\u00adtures, de r\u00e9in\u00adven\u00adtions et de fid\u00e9l\u00adit\u00e9 \u00e0 soi-m\u00eame.<\/p>\n\n\n\n<p><\/p>\n","protected":false},"excerpt":{"rendered":"<p>Intro\u00adduc\u00adtion L\u2019influence de Sylvie Var\u00adtan en France : de la lib\u00adert\u00e9 des ann\u00e9es 60 \u00e0 la lib\u00e9ra\u00adtion des m\u0153urs, jusqu\u2019aux id\u00e9es de droite forte Sylvie Var\u00adtan est bien plus qu\u2019une\u2026 <\/p>\n","protected":false},"author":1,"featured_media":15314,"comment_status":"open","ping_status":"closed","sticky":false,"template":"","format":"standard","meta":{"wp_typography_post_enhancements_disabled":false,"footnotes":""},"categories":[73],"tags":[],"class_list":["post-15308","post","type-post","status-publish","format-standard","has-post-thumbnail","hentry","category-on-en-parle"],"yoast_head":"<!-- This site is optimized with the Yoast SEO plugin v24.7 - https:\/\/yoast.com\/wordpress\/plugins\/seo\/ -->\n<title>\u202fL\u2019influence de Sylvie Vartan en France : de la libert\u00e9 des ann\u00e9es 60 \u00e0 la lib\u00e9ration des m\u0153urs, jusqu\u2019aux id\u00e9es de droite forte - Bobea<\/title>\n<meta name=\"description\" content=\"En 2025, alors que la France continue de s\u2019interroger sur son identit\u00e9, ses valeurs et sa capacit\u00e9 \u00e0 innover e\" \/>\n<meta name=\"robots\" content=\"index, follow, max-snippet:-1, max-image-preview:large, max-video-preview:-1\" \/>\n<link rel=\"canonical\" href=\"https:\/\/bobea.net\/index.php\/2025\/04\/29\/linfluence-de-sylvie-vartan-en-france-de-la-liberte-des-annees-60-a-la-liberation-des-moeurs-jusquaux-idees-de-droite-forte\/\" \/>\n<meta property=\"og:locale\" content=\"fr_FR\" \/>\n<meta property=\"og:type\" content=\"article\" \/>\n<meta property=\"og:title\" content=\"\u202fL\u2019influence de Sylvie Vartan en France : de la libert\u00e9 des ann\u00e9es 60 \u00e0 la lib\u00e9ration des m\u0153urs, jusqu\u2019aux id\u00e9es de droite forte - Bobea\" \/>\n<meta property=\"og:description\" content=\"En 2025, alors que la France continue de s\u2019interroger sur son identit\u00e9, ses valeurs et sa capacit\u00e9 \u00e0 innover e\" \/>\n<meta property=\"og:url\" content=\"https:\/\/bobea.net\/index.php\/2025\/04\/29\/linfluence-de-sylvie-vartan-en-france-de-la-liberte-des-annees-60-a-la-liberation-des-moeurs-jusquaux-idees-de-droite-forte\/\" \/>\n<meta property=\"og:site_name\" content=\"Bobea\" \/>\n<meta property=\"article:publisher\" content=\"https:\/\/web.facebook.com\/profile.php?id=61559252188416\" \/>\n<meta property=\"article:published_time\" content=\"2025-04-29T18:13:23+00:00\" \/>\n<meta property=\"article:modified_time\" content=\"2025-04-29T18:13:26+00:00\" \/>\n<meta property=\"og:image\" content=\"https:\/\/bobea.net\/wp-content\/uploads\/2025\/04\/JKEJJR3V7ZAI3FIMG4NG4EC4WA.jpg\" \/>\n\t<meta property=\"og:image:width\" content=\"1248\" \/>\n\t<meta property=\"og:image:height\" content=\"782\" \/>\n\t<meta property=\"og:image:type\" content=\"image\/jpeg\" \/>\n<meta name=\"author\" content=\"bobea.info\" \/>\n<meta name=\"twitter:card\" content=\"summary_large_image\" \/>\n<meta name=\"twitter:label1\" content=\"\u00c9crit par\" \/>\n\t<meta name=\"twitter:data1\" content=\"bobea.info\" \/>\n\t<meta name=\"twitter:label2\" content=\"Dur\u00e9e de lecture estim\u00e9e\" \/>\n\t<meta name=\"twitter:data2\" content=\"20 minutes\" \/>\n<script type=\"application\/ld+json\" class=\"yoast-schema-graph\">{\"@context\":\"https:\/\/schema.org\",\"@graph\":[{\"@type\":\"Article\",\"@id\":\"https:\/\/bobea.net\/index.php\/2025\/04\/29\/linfluence-de-sylvie-vartan-en-france-de-la-liberte-des-annees-60-a-la-liberation-des-moeurs-jusquaux-idees-de-droite-forte\/#article\",\"isPartOf\":{\"@id\":\"https:\/\/bobea.net\/index.php\/2025\/04\/29\/linfluence-de-sylvie-vartan-en-france-de-la-liberte-des-annees-60-a-la-liberation-des-moeurs-jusquaux-idees-de-droite-forte\/\"},\"author\":{\"name\":\"bobea.info\",\"@id\":\"https:\/\/bobea.net\/#\/schema\/person\/e7f45ef187918d7c956bf619dce90ccf\"},\"headline\":\"\u202fL\u2019influence de Sylvie Vartan en France : de la libert\u00e9 des ann\u00e9es 60 \u00e0 la lib\u00e9ration des m\u0153urs, jusqu\u2019aux id\u00e9es de droite forte\",\"datePublished\":\"2025-04-29T18:13:23+00:00\",\"dateModified\":\"2025-04-29T18:13:26+00:00\",\"mainEntityOfPage\":{\"@id\":\"https:\/\/bobea.net\/index.php\/2025\/04\/29\/linfluence-de-sylvie-vartan-en-france-de-la-liberte-des-annees-60-a-la-liberation-des-moeurs-jusquaux-idees-de-droite-forte\/\"},\"wordCount\":3987,\"commentCount\":1,\"publisher\":{\"@id\":\"https:\/\/bobea.net\/#organization\"},\"image\":{\"@id\":\"https:\/\/bobea.net\/index.php\/2025\/04\/29\/linfluence-de-sylvie-vartan-en-france-de-la-liberte-des-annees-60-a-la-liberation-des-moeurs-jusquaux-idees-de-droite-forte\/#primaryimage\"},\"thumbnailUrl\":\"https:\/\/bobea.net\/wp-content\/uploads\/2025\/04\/JKEJJR3V7ZAI3FIMG4NG4EC4WA.jpg\",\"articleSection\":[\"On en Parle\"],\"inLanguage\":\"fr-FR\",\"potentialAction\":[{\"@type\":\"CommentAction\",\"name\":\"Comment\",\"target\":[\"https:\/\/bobea.net\/index.php\/2025\/04\/29\/linfluence-de-sylvie-vartan-en-france-de-la-liberte-des-annees-60-a-la-liberation-des-moeurs-jusquaux-idees-de-droite-forte\/#respond\"]}]},{\"@type\":\"WebPage\",\"@id\":\"https:\/\/bobea.net\/index.php\/2025\/04\/29\/linfluence-de-sylvie-vartan-en-france-de-la-liberte-des-annees-60-a-la-liberation-des-moeurs-jusquaux-idees-de-droite-forte\/\",\"url\":\"https:\/\/bobea.net\/index.php\/2025\/04\/29\/linfluence-de-sylvie-vartan-en-france-de-la-liberte-des-annees-60-a-la-liberation-des-moeurs-jusquaux-idees-de-droite-forte\/\",\"name\":\"\u202fL\u2019influence de Sylvie Vartan en France : de la libert\u00e9 des ann\u00e9es 60 \u00e0 la lib\u00e9ration des m\u0153urs, jusqu\u2019aux id\u00e9es de droite forte - Bobea\",\"isPartOf\":{\"@id\":\"https:\/\/bobea.net\/#website\"},\"primaryImageOfPage\":{\"@id\":\"https:\/\/bobea.net\/index.php\/2025\/04\/29\/linfluence-de-sylvie-vartan-en-france-de-la-liberte-des-annees-60-a-la-liberation-des-moeurs-jusquaux-idees-de-droite-forte\/#primaryimage\"},\"image\":{\"@id\":\"https:\/\/bobea.net\/index.php\/2025\/04\/29\/linfluence-de-sylvie-vartan-en-france-de-la-liberte-des-annees-60-a-la-liberation-des-moeurs-jusquaux-idees-de-droite-forte\/#primaryimage\"},\"thumbnailUrl\":\"https:\/\/bobea.net\/wp-content\/uploads\/2025\/04\/JKEJJR3V7ZAI3FIMG4NG4EC4WA.jpg\",\"datePublished\":\"2025-04-29T18:13:23+00:00\",\"dateModified\":\"2025-04-29T18:13:26+00:00\",\"description\":\"En 2025, alors que la France continue de s\u2019interroger sur son identit\u00e9, ses valeurs et sa capacit\u00e9 \u00e0 innover e\",\"breadcrumb\":{\"@id\":\"https:\/\/bobea.net\/index.php\/2025\/04\/29\/linfluence-de-sylvie-vartan-en-france-de-la-liberte-des-annees-60-a-la-liberation-des-moeurs-jusquaux-idees-de-droite-forte\/#breadcrumb\"},\"inLanguage\":\"fr-FR\",\"potentialAction\":[{\"@type\":\"ReadAction\",\"target\":[\"https:\/\/bobea.net\/index.php\/2025\/04\/29\/linfluence-de-sylvie-vartan-en-france-de-la-liberte-des-annees-60-a-la-liberation-des-moeurs-jusquaux-idees-de-droite-forte\/\"]}]},{\"@type\":\"ImageObject\",\"inLanguage\":\"fr-FR\",\"@id\":\"https:\/\/bobea.net\/index.php\/2025\/04\/29\/linfluence-de-sylvie-vartan-en-france-de-la-liberte-des-annees-60-a-la-liberation-des-moeurs-jusquaux-idees-de-droite-forte\/#primaryimage\",\"url\":\"https:\/\/bobea.net\/wp-content\/uploads\/2025\/04\/JKEJJR3V7ZAI3FIMG4NG4EC4WA.jpg\",\"contentUrl\":\"https:\/\/bobea.net\/wp-content\/uploads\/2025\/04\/JKEJJR3V7ZAI3FIMG4NG4EC4WA.jpg\",\"width\":1248,\"height\":782,\"caption\":\"Paris - Vendredi 1er Novembre 2024 !!! Photos en attente de validation !!! Face aux lecteurs avec Sylvie Vartan \u00e0 l'occasion de ses concerts d'adieu qui d\u00e9marrent le 8 novembre \u00e0 Paris. \u00a9 Arnaud Dumontier pour Le Parisien\"},{\"@type\":\"BreadcrumbList\",\"@id\":\"https:\/\/bobea.net\/index.php\/2025\/04\/29\/linfluence-de-sylvie-vartan-en-france-de-la-liberte-des-annees-60-a-la-liberation-des-moeurs-jusquaux-idees-de-droite-forte\/#breadcrumb\",\"itemListElement\":[{\"@type\":\"ListItem\",\"position\":1,\"name\":\"Accueil\",\"item\":\"https:\/\/bobea.net\/\"},{\"@type\":\"ListItem\",\"position\":2,\"name\":\"\u202fL\u2019influence de Sylvie Vartan en France : de la libert\u00e9 des ann\u00e9es 60 \u00e0 la lib\u00e9ration des m\u0153urs, jusqu\u2019aux id\u00e9es de droite forte\"}]},{\"@type\":\"WebSite\",\"@id\":\"https:\/\/bobea.net\/#website\",\"url\":\"https:\/\/bobea.net\/\",\"name\":\"Bobea\",\"description\":\"Le magazine de la nouvelle \u00c8ve\",\"publisher\":{\"@id\":\"https:\/\/bobea.net\/#organization\"},\"potentialAction\":[{\"@type\":\"SearchAction\",\"target\":{\"@type\":\"EntryPoint\",\"urlTemplate\":\"https:\/\/bobea.net\/?s={search_term_string}\"},\"query-input\":{\"@type\":\"PropertyValueSpecification\",\"valueRequired\":true,\"valueName\":\"search_term_string\"}}],\"inLanguage\":\"fr-FR\"},{\"@type\":\"Organization\",\"@id\":\"https:\/\/bobea.net\/#organization\",\"name\":\"Bobea\",\"url\":\"https:\/\/bobea.net\/\",\"logo\":{\"@type\":\"ImageObject\",\"inLanguage\":\"fr-FR\",\"@id\":\"https:\/\/bobea.net\/#\/schema\/logo\/image\/\",\"url\":\"https:\/\/bobea.net\/wp-content\/uploads\/2024\/06\/bobea.jpg\",\"contentUrl\":\"https:\/\/bobea.net\/wp-content\/uploads\/2024\/06\/bobea.jpg\",\"width\":1080,\"height\":1080,\"caption\":\"Bobea\"},\"image\":{\"@id\":\"https:\/\/bobea.net\/#\/schema\/logo\/image\/\"},\"sameAs\":[\"https:\/\/web.facebook.com\/profile.php?id=61559252188416\"]},{\"@type\":\"Person\",\"@id\":\"https:\/\/bobea.net\/#\/schema\/person\/e7f45ef187918d7c956bf619dce90ccf\",\"name\":\"bobea.info\",\"image\":{\"@type\":\"ImageObject\",\"inLanguage\":\"fr-FR\",\"@id\":\"https:\/\/bobea.net\/#\/schema\/person\/image\/\",\"url\":\"https:\/\/secure.gravatar.com\/avatar\/36147980349df887ae30808df3e29474?s=96&d=mm&r=g\",\"contentUrl\":\"https:\/\/secure.gravatar.com\/avatar\/36147980349df887ae30808df3e29474?s=96&d=mm&r=g\",\"caption\":\"bobea.info\"},\"sameAs\":[\"https:\/\/bobea.net\"],\"url\":\"https:\/\/bobea.net\/index.php\/author\/bobea-info\/\"}]}<\/script>\n<!-- \/ Yoast SEO plugin. -->","yoast_head_json":{"title":"\u202fL\u2019influence de Sylvie Vartan en France : de la libert\u00e9 des ann\u00e9es 60 \u00e0 la lib\u00e9ration des m\u0153urs, jusqu\u2019aux id\u00e9es de droite forte - Bobea","description":"En 2025, alors que la France continue de s\u2019interroger sur son identit\u00e9, ses valeurs et sa capacit\u00e9 \u00e0 innover e","robots":{"index":"index","follow":"follow","max-snippet":"max-snippet:-1","max-image-preview":"max-image-preview:large","max-video-preview":"max-video-preview:-1"},"canonical":"https:\/\/bobea.net\/index.php\/2025\/04\/29\/linfluence-de-sylvie-vartan-en-france-de-la-liberte-des-annees-60-a-la-liberation-des-moeurs-jusquaux-idees-de-droite-forte\/","og_locale":"fr_FR","og_type":"article","og_title":"\u202fL\u2019influence de Sylvie Vartan en France : de la libert\u00e9 des ann\u00e9es 60 \u00e0 la lib\u00e9ration des m\u0153urs, jusqu\u2019aux id\u00e9es de droite forte - Bobea","og_description":"En 2025, alors que la France continue de s\u2019interroger sur son identit\u00e9, ses valeurs et sa capacit\u00e9 \u00e0 innover e","og_url":"https:\/\/bobea.net\/index.php\/2025\/04\/29\/linfluence-de-sylvie-vartan-en-france-de-la-liberte-des-annees-60-a-la-liberation-des-moeurs-jusquaux-idees-de-droite-forte\/","og_site_name":"Bobea","article_publisher":"https:\/\/web.facebook.com\/profile.php?id=61559252188416","article_published_time":"2025-04-29T18:13:23+00:00","article_modified_time":"2025-04-29T18:13:26+00:00","og_image":[{"width":1248,"height":782,"url":"https:\/\/bobea.net\/wp-content\/uploads\/2025\/04\/JKEJJR3V7ZAI3FIMG4NG4EC4WA.jpg","type":"image\/jpeg"}],"author":"bobea.info","twitter_card":"summary_large_image","twitter_misc":{"\u00c9crit par":"bobea.info","Dur\u00e9e de lecture estim\u00e9e":"20 minutes"},"schema":{"@context":"https:\/\/schema.org","@graph":[{"@type":"Article","@id":"https:\/\/bobea.net\/index.php\/2025\/04\/29\/linfluence-de-sylvie-vartan-en-france-de-la-liberte-des-annees-60-a-la-liberation-des-moeurs-jusquaux-idees-de-droite-forte\/#article","isPartOf":{"@id":"https:\/\/bobea.net\/index.php\/2025\/04\/29\/linfluence-de-sylvie-vartan-en-france-de-la-liberte-des-annees-60-a-la-liberation-des-moeurs-jusquaux-idees-de-droite-forte\/"},"author":{"name":"bobea.info","@id":"https:\/\/bobea.net\/#\/schema\/person\/e7f45ef187918d7c956bf619dce90ccf"},"headline":"\u202fL\u2019influence de Sylvie Vartan en France : de la libert\u00e9 des ann\u00e9es 60 \u00e0 la lib\u00e9ration des m\u0153urs, jusqu\u2019aux id\u00e9es de droite forte","datePublished":"2025-04-29T18:13:23+00:00","dateModified":"2025-04-29T18:13:26+00:00","mainEntityOfPage":{"@id":"https:\/\/bobea.net\/index.php\/2025\/04\/29\/linfluence-de-sylvie-vartan-en-france-de-la-liberte-des-annees-60-a-la-liberation-des-moeurs-jusquaux-idees-de-droite-forte\/"},"wordCount":3987,"commentCount":1,"publisher":{"@id":"https:\/\/bobea.net\/#organization"},"image":{"@id":"https:\/\/bobea.net\/index.php\/2025\/04\/29\/linfluence-de-sylvie-vartan-en-france-de-la-liberte-des-annees-60-a-la-liberation-des-moeurs-jusquaux-idees-de-droite-forte\/#primaryimage"},"thumbnailUrl":"https:\/\/bobea.net\/wp-content\/uploads\/2025\/04\/JKEJJR3V7ZAI3FIMG4NG4EC4WA.jpg","articleSection":["On en Parle"],"inLanguage":"fr-FR","potentialAction":[{"@type":"CommentAction","name":"Comment","target":["https:\/\/bobea.net\/index.php\/2025\/04\/29\/linfluence-de-sylvie-vartan-en-france-de-la-liberte-des-annees-60-a-la-liberation-des-moeurs-jusquaux-idees-de-droite-forte\/#respond"]}]},{"@type":"WebPage","@id":"https:\/\/bobea.net\/index.php\/2025\/04\/29\/linfluence-de-sylvie-vartan-en-france-de-la-liberte-des-annees-60-a-la-liberation-des-moeurs-jusquaux-idees-de-droite-forte\/","url":"https:\/\/bobea.net\/index.php\/2025\/04\/29\/linfluence-de-sylvie-vartan-en-france-de-la-liberte-des-annees-60-a-la-liberation-des-moeurs-jusquaux-idees-de-droite-forte\/","name":"\u202fL\u2019influence de Sylvie Vartan en France : de la libert\u00e9 des ann\u00e9es 60 \u00e0 la lib\u00e9ration des m\u0153urs, jusqu\u2019aux id\u00e9es de droite forte - Bobea","isPartOf":{"@id":"https:\/\/bobea.net\/#website"},"primaryImageOfPage":{"@id":"https:\/\/bobea.net\/index.php\/2025\/04\/29\/linfluence-de-sylvie-vartan-en-france-de-la-liberte-des-annees-60-a-la-liberation-des-moeurs-jusquaux-idees-de-droite-forte\/#primaryimage"},"image":{"@id":"https:\/\/bobea.net\/index.php\/2025\/04\/29\/linfluence-de-sylvie-vartan-en-france-de-la-liberte-des-annees-60-a-la-liberation-des-moeurs-jusquaux-idees-de-droite-forte\/#primaryimage"},"thumbnailUrl":"https:\/\/bobea.net\/wp-content\/uploads\/2025\/04\/JKEJJR3V7ZAI3FIMG4NG4EC4WA.jpg","datePublished":"2025-04-29T18:13:23+00:00","dateModified":"2025-04-29T18:13:26+00:00","description":"En 2025, alors que la France continue de s\u2019interroger sur son identit\u00e9, ses valeurs et sa capacit\u00e9 \u00e0 innover e","breadcrumb":{"@id":"https:\/\/bobea.net\/index.php\/2025\/04\/29\/linfluence-de-sylvie-vartan-en-france-de-la-liberte-des-annees-60-a-la-liberation-des-moeurs-jusquaux-idees-de-droite-forte\/#breadcrumb"},"inLanguage":"fr-FR","potentialAction":[{"@type":"ReadAction","target":["https:\/\/bobea.net\/index.php\/2025\/04\/29\/linfluence-de-sylvie-vartan-en-france-de-la-liberte-des-annees-60-a-la-liberation-des-moeurs-jusquaux-idees-de-droite-forte\/"]}]},{"@type":"ImageObject","inLanguage":"fr-FR","@id":"https:\/\/bobea.net\/index.php\/2025\/04\/29\/linfluence-de-sylvie-vartan-en-france-de-la-liberte-des-annees-60-a-la-liberation-des-moeurs-jusquaux-idees-de-droite-forte\/#primaryimage","url":"https:\/\/bobea.net\/wp-content\/uploads\/2025\/04\/JKEJJR3V7ZAI3FIMG4NG4EC4WA.jpg","contentUrl":"https:\/\/bobea.net\/wp-content\/uploads\/2025\/04\/JKEJJR3V7ZAI3FIMG4NG4EC4WA.jpg","width":1248,"height":782,"caption":"Paris - Vendredi 1er Novembre 2024 !!! Photos en attente de validation !!! Face aux lecteurs avec Sylvie Vartan \u00e0 l'occasion de ses concerts d'adieu qui d\u00e9marrent le 8 novembre \u00e0 Paris. \u00a9 Arnaud Dumontier pour Le Parisien"},{"@type":"BreadcrumbList","@id":"https:\/\/bobea.net\/index.php\/2025\/04\/29\/linfluence-de-sylvie-vartan-en-france-de-la-liberte-des-annees-60-a-la-liberation-des-moeurs-jusquaux-idees-de-droite-forte\/#breadcrumb","itemListElement":[{"@type":"ListItem","position":1,"name":"Accueil","item":"https:\/\/bobea.net\/"},{"@type":"ListItem","position":2,"name":"\u202fL\u2019influence de Sylvie Vartan en France : de la libert\u00e9 des ann\u00e9es 60 \u00e0 la lib\u00e9ration des m\u0153urs, jusqu\u2019aux id\u00e9es de droite forte"}]},{"@type":"WebSite","@id":"https:\/\/bobea.net\/#website","url":"https:\/\/bobea.net\/","name":"Bobea","description":"Le magazine de la nouvelle \u00c8ve","publisher":{"@id":"https:\/\/bobea.net\/#organization"},"potentialAction":[{"@type":"SearchAction","target":{"@type":"EntryPoint","urlTemplate":"https:\/\/bobea.net\/?s={search_term_string}"},"query-input":{"@type":"PropertyValueSpecification","valueRequired":true,"valueName":"search_term_string"}}],"inLanguage":"fr-FR"},{"@type":"Organization","@id":"https:\/\/bobea.net\/#organization","name":"Bobea","url":"https:\/\/bobea.net\/","logo":{"@type":"ImageObject","inLanguage":"fr-FR","@id":"https:\/\/bobea.net\/#\/schema\/logo\/image\/","url":"https:\/\/bobea.net\/wp-content\/uploads\/2024\/06\/bobea.jpg","contentUrl":"https:\/\/bobea.net\/wp-content\/uploads\/2024\/06\/bobea.jpg","width":1080,"height":1080,"caption":"Bobea"},"image":{"@id":"https:\/\/bobea.net\/#\/schema\/logo\/image\/"},"sameAs":["https:\/\/web.facebook.com\/profile.php?id=61559252188416"]},{"@type":"Person","@id":"https:\/\/bobea.net\/#\/schema\/person\/e7f45ef187918d7c956bf619dce90ccf","name":"bobea.info","image":{"@type":"ImageObject","inLanguage":"fr-FR","@id":"https:\/\/bobea.net\/#\/schema\/person\/image\/","url":"https:\/\/secure.gravatar.com\/avatar\/36147980349df887ae30808df3e29474?s=96&d=mm&r=g","contentUrl":"https:\/\/secure.gravatar.com\/avatar\/36147980349df887ae30808df3e29474?s=96&d=mm&r=g","caption":"bobea.info"},"sameAs":["https:\/\/bobea.net"],"url":"https:\/\/bobea.net\/index.php\/author\/bobea-info\/"}]}},"_links":{"self":[{"href":"https:\/\/bobea.net\/index.php\/wp-json\/wp\/v2\/posts\/15308"}],"collection":[{"href":"https:\/\/bobea.net\/index.php\/wp-json\/wp\/v2\/posts"}],"about":[{"href":"https:\/\/bobea.net\/index.php\/wp-json\/wp\/v2\/types\/post"}],"author":[{"embeddable":true,"href":"https:\/\/bobea.net\/index.php\/wp-json\/wp\/v2\/users\/1"}],"replies":[{"embeddable":true,"href":"https:\/\/bobea.net\/index.php\/wp-json\/wp\/v2\/comments?post=15308"}],"version-history":[{"count":1,"href":"https:\/\/bobea.net\/index.php\/wp-json\/wp\/v2\/posts\/15308\/revisions"}],"predecessor-version":[{"id":15315,"href":"https:\/\/bobea.net\/index.php\/wp-json\/wp\/v2\/posts\/15308\/revisions\/15315"}],"wp:featuredmedia":[{"embeddable":true,"href":"https:\/\/bobea.net\/index.php\/wp-json\/wp\/v2\/media\/15314"}],"wp:attachment":[{"href":"https:\/\/bobea.net\/index.php\/wp-json\/wp\/v2\/media?parent=15308"}],"wp:term":[{"taxonomy":"category","embeddable":true,"href":"https:\/\/bobea.net\/index.php\/wp-json\/wp\/v2\/categories?post=15308"},{"taxonomy":"post_tag","embeddable":true,"href":"https:\/\/bobea.net\/index.php\/wp-json\/wp\/v2\/tags?post=15308"}],"curies":[{"name":"wp","href":"https:\/\/api.w.org\/{rel}","templated":true}]}}