{"id":15060,"date":"2025-04-28T18:40:09","date_gmt":"2025-04-28T18:40:09","guid":{"rendered":"https:\/\/bobea.net\/?p=15060"},"modified":"2025-04-28T18:40:12","modified_gmt":"2025-04-28T18:40:12","slug":"alerte-secheresse-dans-le-sud-ouest-restrictions-deau-et-mobilisation-citoyenne","status":"publish","type":"post","link":"https:\/\/bobea.net\/index.php\/2025\/04\/28\/alerte-secheresse-dans-le-sud-ouest-restrictions-deau-et-mobilisation-citoyenne\/","title":{"rendered":"Alerte s\u00e9cheresse dans le sud-ouest : restrictions d\u2019eau et mobilisation citoyenne"},"content":{"rendered":"\n<p>Intro\u00adduc\u00adtion<\/p>\n\n\n\n<p>Le sud-ouest de la France fait face \u00e0 une s\u00e9cher\u00adesse d\u2019une inten\u00adsit\u00e9 in\u00e9dite en ce print\u00ademps 2025. Les nappes phr\u00e9a\u00adtiques sont au plus bas, les riv\u00adi\u00e8res s\u2019ass\u00e8chent et les autorit\u00e9s mul\u00adti\u00adplient les arr\u00eat\u00e9s pour restrein\u00addre l\u2019usage de l\u2019eau. Face \u00e0 cette sit\u00adu\u00ada\u00adtion cri\u00adtique, citoyens, agricul\u00adteurs et col\u00adlec\u00adtiv\u00adit\u00e9s s\u2019organisent pour pr\u00e9serv\u00ader la ressource et inven\u00adter de nou\u00adveaux modes de con\u00adsom\u00adma\u00adtion. BOBEA dresse le tableau d\u2019une mobil\u00adi\u00adsa\u00adtion qui pour\u00adrait bien inspir\u00ader toute la France.<\/p>\n\n\n\n<p>Une s\u00e9cher\u00adesse his\u00adtorique<\/p>\n\n\n\n<p>Depuis f\u00e9vri\u00ader, le sud-ouest n\u2019a con\u00adnu que de rares \u00e9pisodes plu\u00advieux. Les relev\u00e9s de M\u00e9t\u00e9o France sont alar\u00admants&nbsp;: le d\u00e9ficit hydrique d\u00e9passe 40&nbsp;% par rap\u00adport \u00e0 la nor\u00admale. Les d\u00e9parte\u00adments du Gers, de la Haute-Garonne, du Lot-et-Garonne et des Lan\u00addes sont les plus touch\u00e9s. Les pr\u00e9\u00adfec\u00adtures ont d\u00e9j\u00e0 plac\u00e9 12 d\u00e9parte\u00adments en \u201calerte ren\u00adfor\u00adc\u00e9e\u201d, inter\u00addis\u00adant l\u2019arrosage des jardins, le rem\u00adplis\u00adsage des piscines et lim\u00adi\u00adtant l\u2019usage agri\u00adcole de l\u2019eau.<\/p>\n\n\n\n<p>Les caus\u00ades&nbsp;: change\u00adment cli\u00adma\u00adtique et ges\u00adtion des ressources<\/p>\n\n\n\n<p>Les experts pointent un dou\u00adble ph\u00e9nom\u00e8ne&nbsp;:<\/p>\n\n\n\n<ul class=\"wp-block-list\">\n<li><strong>Le r\u00e9chauf\u00adfe\u00adment cli\u00adma\u00adtique<\/strong>, qui accentue la fr\u00e9quence et l\u2019intensit\u00e9 des s\u00e9cher\u00adess\u00ades.<\/li>\n\n\n\n<li><strong>Une ges\u00adtion encore per\u00adfectible de la ressource<\/strong>, avec des r\u00e9seaux vieil\u00adlis\u00adsants, des pertes impor\u00adtantes et des usages par\u00adfois peu rationnels.<\/li>\n<\/ul>\n\n\n\n<p>Selon le cli\u00adma\u00adto\u00adlogue Herv\u00e9 Le Treut, \u201cla France doit se pr\u00e9\u00adpar\u00ader \u00e0 vivre r\u00e9guli\u00e8re\u00adment ce type d\u2019\u00e9v\u00e9nement, qui va boule\u00advers\u00ader nos modes de vie\u201d.<\/p>\n\n\n\n<p>Les con\u00ads\u00e9quences sur l\u2019agriculture et la vie quo\u00adti\u00addi\u00adenne<\/p>\n\n\n\n<ul class=\"wp-block-list\">\n<li><strong>Agri\u00adcul\u00adture en souf\u00adfrance<\/strong>&nbsp;: Les cul\u00adtures de ma\u00efs, tour\u00adnesol et l\u00e9gumes sont men\u00adac\u00e9es, les \u00e9leveurs peinent \u00e0 abreuver leurs trou\u00adpeaux, et cer\u00adtains mara\u00eech\u00aders risquent la fail\u00adlite.<\/li>\n\n\n\n<li><strong>Restric\u00adtions pour les par\u00adti\u00adc\u00aduliers<\/strong>&nbsp;: Douch\u00ades rapi\u00addes, vais\u00adselle \u00e0 l\u2019\u00e9conomie, r\u00e9cup\u00e9ra\u00adtion d\u2019eau de pluie\u2026 Les habi\u00adtudes changent, par\u00adfois dans la douleur.<\/li>\n\n\n\n<li><strong>Risques pour la bio\u00addi\u00adver\u00adsit\u00e9<\/strong>&nbsp;: Pois\u00adsons, amphi\u00adbi\u00adens et oiseaux souf\u00adfrent de la baisse des niveaux d\u2019eau, cer\u00adtains cours d\u2019eau voient leur faune d\u00e9cim\u00e9e.<\/li>\n<\/ul>\n\n\n\n<figure class=\"wp-block-image size-full\"><img loading=\"lazy\" decoding=\"async\" width=\"1000\" height=\"500\" src=\"https:\/\/bobea.net\/wp-content\/uploads\/2025\/04\/20220808182525-88222xl44938.jpg\" alt class=\"wp-image-15063\" srcset=\"https:\/\/bobea.net\/wp-content\/uploads\/2025\/04\/20220808182525-88222xl44938.jpg 1000w, https:\/\/bobea.net\/wp-content\/uploads\/2025\/04\/20220808182525-88222xl44938-300x150.jpg 300w, https:\/\/bobea.net\/wp-content\/uploads\/2025\/04\/20220808182525-88222xl44938-768x384.jpg 768w\" sizes=\"(max-width: 1000px) 100vw, 1000px\"><figcaption class=\"wp-element-caption\">ILLUSTRATION SECHERESSE CANICULE CHALEUR AGRICULTURE IRRIGATION\nUne r\u00e9serve  bas\u00adsine d\u2019eau de sub\u00adsti\u00adtu\u00adtion dont le niveau est au plus bas. Nuail\u00adl\u00e9-sur-Bou\u00adtonne, le 08 08 2022<\/figcaption><\/figure>\n\n\n\n<p>Mobil\u00adi\u00adsa\u00adtion citoyenne et ini\u00adtia\u00adtives locales<\/p>\n\n\n\n<p>Face \u00e0 l\u2019urgence, les habi\u00adtants s\u2019organisent&nbsp;:<\/p>\n\n\n\n<ul class=\"wp-block-list\">\n<li><strong>Groupes de partage d\u2019astuces<\/strong>&nbsp;sur les r\u00e9seaux soci\u00adaux pour \u00e9conomiser l\u2019eau au quo\u00adti\u00addi\u00aden.<\/li>\n\n\n\n<li><strong>Col\u00adlectes de fonds<\/strong>&nbsp;pour aider les agricul\u00adteurs \u00e0 s\u2019\u00e9quiper en sys\u00adt\u00e8mes d\u2019irrigation plus effi\u00adcaces.<\/li>\n\n\n\n<li><strong>Jardins col\u00adlec\u00adtifs<\/strong>&nbsp;qui exp\u00e9ri\u00admentent des cul\u00adtures peu gour\u00adman\u00addes en eau et des tech\u00adniques de pail\u00adlage.<\/li>\n\n\n\n<li><strong>Munic\u00adi\u00adpal\u00adit\u00e9s<\/strong>&nbsp;qui instal\u00adlent des r\u00e9cup\u00e9ra\u00adteurs d\u2019eau de pluie et sen\u00adsi\u00adbilisent les \u00e9coles.<\/li>\n<\/ul>\n\n\n\n<p>T\u00e9moignages<\/p>\n\n\n\n<ul class=\"wp-block-list\">\n<li><strong>Julie, 42 ans, agricul\u00adtrice dans le Gers<\/strong>&nbsp;: \u201cOn n\u2019a jamais vu \u00e7a. On s\u2019entraide entre voisins, on partage l\u2019eau des puits. Mais il va fal\u00adloir chang\u00ader nos fa\u00e7ons de tra\u00advailler.\u201d<\/li>\n\n\n\n<li><strong>L\u00e9a, m\u00e8re de famille \u00e0 Agen<\/strong>&nbsp;: \u201cOn a appris \u00e0 \u00e9conomiser l\u2019eau, \u00e0 arroser le soir, \u00e0 r\u00e9u\u00adtilis\u00ader l\u2019eau de cuis\u00adson. Les enfants sont tr\u00e8s sen\u00adsi\u00adbil\u00adis\u00e9s \u00e0 l\u2019\u00e9cole.\u201d<\/li>\n<\/ul>\n\n\n\n<p>Les solu\u00adtions pour demain<\/p>\n\n\n\n<ul class=\"wp-block-list\">\n<li><strong>Mod\u00aderni\u00adsa\u00adtion des r\u00e9seaux<\/strong>&nbsp;: R\u00e9duire les fuites, inve\u00adstir dans des infra\u00adstruc\u00adtures plus per\u00adfor\u00admantes.<\/li>\n\n\n\n<li><strong>Change\u00adment des pra\u00adtiques agri\u00adcoles<\/strong>&nbsp;: Rota\u00adtion des cul\u00adtures, var\u00adi\u00e9t\u00e9s r\u00e9sis\u00adtantes \u00e0 la s\u00e9cher\u00adesse, irri\u00adga\u00adtion goutte-\u00e0-goutte.<\/li>\n\n\n\n<li><strong>\u00c9du\u00adca\u00adtion et sen\u00adsi\u00adbil\u00adi\u00adsa\u00adtion<\/strong>&nbsp;: Faire de la pr\u00e9ser\u00adva\u00adtion de l\u2019eau un r\u00e9flexe d\u00e8s le plus jeune \u00e2ge.<\/li>\n\n\n\n<li><strong>Inno\u00adva\u00adtion<\/strong>&nbsp;: Recy\u00adclage des eaux gris\u00ades, d\u00e9veloppe\u00adment de tech\u00adnolo\u00adgies pour \u00e9conomiser l\u2019eau \u00e0 la mai\u00adson.<\/li>\n<\/ul>\n\n\n\n<p>Con\u00adclu\u00adsion<\/p>\n\n\n\n<p>La s\u00e9cher\u00adesse du sud-ouest en 2025 est un sig\u00adnal d\u2019alarme. Elle mon\u00adtre que l\u2019adaptation au change\u00adment cli\u00adma\u00adtique passe par l\u2019action col\u00adlec\u00adtive, l\u2019innovation et la sol\u00adi\u00addar\u00adit\u00e9. Cha\u00adcune, cha\u00adcun peut agir \u00e0 son niveau pour pr\u00e9serv\u00ader l\u2019eau, ressource vitale et pr\u00e9\u00adcieuse.<\/p>\n","protected":false},"excerpt":{"rendered":"<p>Intro\u00adduc\u00adtion Le sud-ouest de la France fait face \u00e0 une s\u00e9cher\u00adesse d\u2019une inten\u00adsit\u00e9 in\u00e9dite en ce print\u00ademps 2025. Les nappes phr\u00e9a\u00adtiques sont au plus bas, les riv\u00adi\u00e8res s\u2019ass\u00e8chent et les\u2026 <\/p>\n","protected":false},"author":1,"featured_media":15061,"comment_status":"open","ping_status":"closed","sticky":false,"template":"","format":"standard","meta":{"wp_typography_post_enhancements_disabled":false,"footnotes":""},"categories":[73],"tags":[9881,264,11410,1809,11409,11408,11411],"class_list":["post-15060","post","type-post","status-publish","format-standard","has-post-thumbnail","hentry","category-on-en-parle","tag-agriculture","tag-climat","tag-environnement-2025","tag-mobilisation-citoyenne","tag-restrictions-deau","tag-secheresse-france","tag-sud-ouest"],"yoast_head":"<!-- This site is optimized with the Yoast SEO plugin v24.7 - https:\/\/yoast.com\/wordpress\/plugins\/seo\/ -->\n<title>Alerte s\u00e9cheresse dans le sud-ouest : restrictions d\u2019eau et mobilisation citoyenne - Bobea<\/title>\n<meta name=\"description\" content=\"La s\u00e9cheresse du sud-ouest en 2025 est un signal d\u2019alarme. Elle montre que l\u2019adaptation au changement climatique\" \/>\n<meta name=\"robots\" content=\"index, follow, max-snippet:-1, max-image-preview:large, max-video-preview:-1\" \/>\n<link rel=\"canonical\" href=\"https:\/\/bobea.net\/index.php\/2025\/04\/28\/alerte-secheresse-dans-le-sud-ouest-restrictions-deau-et-mobilisation-citoyenne\/\" \/>\n<meta property=\"og:locale\" content=\"fr_FR\" \/>\n<meta property=\"og:type\" content=\"article\" \/>\n<meta property=\"og:title\" content=\"Alerte s\u00e9cheresse dans le sud-ouest : restrictions d\u2019eau et mobilisation citoyenne - Bobea\" \/>\n<meta property=\"og:description\" content=\"La s\u00e9cheresse du sud-ouest en 2025 est un signal d\u2019alarme. Elle montre que l\u2019adaptation au changement climatique\" \/>\n<meta property=\"og:url\" content=\"https:\/\/bobea.net\/index.php\/2025\/04\/28\/alerte-secheresse-dans-le-sud-ouest-restrictions-deau-et-mobilisation-citoyenne\/\" \/>\n<meta property=\"og:site_name\" content=\"Bobea\" \/>\n<meta property=\"article:publisher\" content=\"https:\/\/web.facebook.com\/profile.php?id=61559252188416\" \/>\n<meta property=\"article:published_time\" content=\"2025-04-28T18:40:09+00:00\" \/>\n<meta property=\"article:modified_time\" content=\"2025-04-28T18:40:12+00:00\" \/>\n<meta property=\"og:image\" content=\"https:\/\/bobea.net\/wp-content\/uploads\/2025\/04\/secheresse-france.webp\" \/>\n\t<meta property=\"og:image:width\" content=\"1200\" \/>\n\t<meta property=\"og:image:height\" content=\"900\" \/>\n\t<meta property=\"og:image:type\" content=\"image\/webp\" \/>\n<meta name=\"author\" content=\"bobea.info\" \/>\n<meta name=\"twitter:card\" content=\"summary_large_image\" \/>\n<meta name=\"twitter:label1\" content=\"\u00c9crit par\" \/>\n\t<meta name=\"twitter:data1\" content=\"bobea.info\" \/>\n\t<meta name=\"twitter:label2\" content=\"Dur\u00e9e de lecture estim\u00e9e\" \/>\n\t<meta name=\"twitter:data2\" content=\"4 minutes\" \/>\n<script type=\"application\/ld+json\" class=\"yoast-schema-graph\">{\"@context\":\"https:\/\/schema.org\",\"@graph\":[{\"@type\":\"Article\",\"@id\":\"https:\/\/bobea.net\/index.php\/2025\/04\/28\/alerte-secheresse-dans-le-sud-ouest-restrictions-deau-et-mobilisation-citoyenne\/#article\",\"isPartOf\":{\"@id\":\"https:\/\/bobea.net\/index.php\/2025\/04\/28\/alerte-secheresse-dans-le-sud-ouest-restrictions-deau-et-mobilisation-citoyenne\/\"},\"author\":{\"name\":\"bobea.info\",\"@id\":\"https:\/\/bobea.net\/#\/schema\/person\/e7f45ef187918d7c956bf619dce90ccf\"},\"headline\":\"Alerte s\u00e9cheresse dans le sud-ouest : restrictions d\u2019eau et mobilisation citoyenne\",\"datePublished\":\"2025-04-28T18:40:09+00:00\",\"dateModified\":\"2025-04-28T18:40:12+00:00\",\"mainEntityOfPage\":{\"@id\":\"https:\/\/bobea.net\/index.php\/2025\/04\/28\/alerte-secheresse-dans-le-sud-ouest-restrictions-deau-et-mobilisation-citoyenne\/\"},\"wordCount\":633,\"commentCount\":0,\"publisher\":{\"@id\":\"https:\/\/bobea.net\/#organization\"},\"image\":{\"@id\":\"https:\/\/bobea.net\/index.php\/2025\/04\/28\/alerte-secheresse-dans-le-sud-ouest-restrictions-deau-et-mobilisation-citoyenne\/#primaryimage\"},\"thumbnailUrl\":\"https:\/\/bobea.net\/wp-content\/uploads\/2025\/04\/secheresse-france.webp\",\"keywords\":[\"agriculture\",\"Climat\",\"environnement 2025\",\"mobilisation citoyenne\",\"restrictions d\u2019eau\",\"s\u00e9cheresse France\",\"sud-ouest\"],\"articleSection\":[\"On en Parle\"],\"inLanguage\":\"fr-FR\",\"potentialAction\":[{\"@type\":\"CommentAction\",\"name\":\"Comment\",\"target\":[\"https:\/\/bobea.net\/index.php\/2025\/04\/28\/alerte-secheresse-dans-le-sud-ouest-restrictions-deau-et-mobilisation-citoyenne\/#respond\"]}]},{\"@type\":\"WebPage\",\"@id\":\"https:\/\/bobea.net\/index.php\/2025\/04\/28\/alerte-secheresse-dans-le-sud-ouest-restrictions-deau-et-mobilisation-citoyenne\/\",\"url\":\"https:\/\/bobea.net\/index.php\/2025\/04\/28\/alerte-secheresse-dans-le-sud-ouest-restrictions-deau-et-mobilisation-citoyenne\/\",\"name\":\"Alerte s\u00e9cheresse dans le sud-ouest : restrictions d\u2019eau et mobilisation citoyenne - Bobea\",\"isPartOf\":{\"@id\":\"https:\/\/bobea.net\/#website\"},\"primaryImageOfPage\":{\"@id\":\"https:\/\/bobea.net\/index.php\/2025\/04\/28\/alerte-secheresse-dans-le-sud-ouest-restrictions-deau-et-mobilisation-citoyenne\/#primaryimage\"},\"image\":{\"@id\":\"https:\/\/bobea.net\/index.php\/2025\/04\/28\/alerte-secheresse-dans-le-sud-ouest-restrictions-deau-et-mobilisation-citoyenne\/#primaryimage\"},\"thumbnailUrl\":\"https:\/\/bobea.net\/wp-content\/uploads\/2025\/04\/secheresse-france.webp\",\"datePublished\":\"2025-04-28T18:40:09+00:00\",\"dateModified\":\"2025-04-28T18:40:12+00:00\",\"description\":\"La s\u00e9cheresse du sud-ouest en 2025 est un signal d\u2019alarme. Elle montre que l\u2019adaptation au changement climatique\",\"breadcrumb\":{\"@id\":\"https:\/\/bobea.net\/index.php\/2025\/04\/28\/alerte-secheresse-dans-le-sud-ouest-restrictions-deau-et-mobilisation-citoyenne\/#breadcrumb\"},\"inLanguage\":\"fr-FR\",\"potentialAction\":[{\"@type\":\"ReadAction\",\"target\":[\"https:\/\/bobea.net\/index.php\/2025\/04\/28\/alerte-secheresse-dans-le-sud-ouest-restrictions-deau-et-mobilisation-citoyenne\/\"]}]},{\"@type\":\"ImageObject\",\"inLanguage\":\"fr-FR\",\"@id\":\"https:\/\/bobea.net\/index.php\/2025\/04\/28\/alerte-secheresse-dans-le-sud-ouest-restrictions-deau-et-mobilisation-citoyenne\/#primaryimage\",\"url\":\"https:\/\/bobea.net\/wp-content\/uploads\/2025\/04\/secheresse-france.webp\",\"contentUrl\":\"https:\/\/bobea.net\/wp-content\/uploads\/2025\/04\/secheresse-france.webp\",\"width\":1200,\"height\":900},{\"@type\":\"BreadcrumbList\",\"@id\":\"https:\/\/bobea.net\/index.php\/2025\/04\/28\/alerte-secheresse-dans-le-sud-ouest-restrictions-deau-et-mobilisation-citoyenne\/#breadcrumb\",\"itemListElement\":[{\"@type\":\"ListItem\",\"position\":1,\"name\":\"Accueil\",\"item\":\"https:\/\/bobea.net\/\"},{\"@type\":\"ListItem\",\"position\":2,\"name\":\"Alerte s\u00e9cheresse dans le sud-ouest : restrictions d\u2019eau et mobilisation citoyenne\"}]},{\"@type\":\"WebSite\",\"@id\":\"https:\/\/bobea.net\/#website\",\"url\":\"https:\/\/bobea.net\/\",\"name\":\"Bobea\",\"description\":\"Le magazine de la nouvelle \u00c8ve\",\"publisher\":{\"@id\":\"https:\/\/bobea.net\/#organization\"},\"potentialAction\":[{\"@type\":\"SearchAction\",\"target\":{\"@type\":\"EntryPoint\",\"urlTemplate\":\"https:\/\/bobea.net\/?s={search_term_string}\"},\"query-input\":{\"@type\":\"PropertyValueSpecification\",\"valueRequired\":true,\"valueName\":\"search_term_string\"}}],\"inLanguage\":\"fr-FR\"},{\"@type\":\"Organization\",\"@id\":\"https:\/\/bobea.net\/#organization\",\"name\":\"Bobea\",\"url\":\"https:\/\/bobea.net\/\",\"logo\":{\"@type\":\"ImageObject\",\"inLanguage\":\"fr-FR\",\"@id\":\"https:\/\/bobea.net\/#\/schema\/logo\/image\/\",\"url\":\"https:\/\/bobea.net\/wp-content\/uploads\/2024\/06\/bobea.jpg\",\"contentUrl\":\"https:\/\/bobea.net\/wp-content\/uploads\/2024\/06\/bobea.jpg\",\"width\":1080,\"height\":1080,\"caption\":\"Bobea\"},\"image\":{\"@id\":\"https:\/\/bobea.net\/#\/schema\/logo\/image\/\"},\"sameAs\":[\"https:\/\/web.facebook.com\/profile.php?id=61559252188416\"]},{\"@type\":\"Person\",\"@id\":\"https:\/\/bobea.net\/#\/schema\/person\/e7f45ef187918d7c956bf619dce90ccf\",\"name\":\"bobea.info\",\"image\":{\"@type\":\"ImageObject\",\"inLanguage\":\"fr-FR\",\"@id\":\"https:\/\/bobea.net\/#\/schema\/person\/image\/\",\"url\":\"https:\/\/secure.gravatar.com\/avatar\/36147980349df887ae30808df3e29474?s=96&d=mm&r=g\",\"contentUrl\":\"https:\/\/secure.gravatar.com\/avatar\/36147980349df887ae30808df3e29474?s=96&d=mm&r=g\",\"caption\":\"bobea.info\"},\"sameAs\":[\"https:\/\/bobea.net\"],\"url\":\"https:\/\/bobea.net\/index.php\/author\/bobea-info\/\"}]}<\/script>\n<!-- \/ Yoast SEO plugin. -->","yoast_head_json":{"title":"Alerte s\u00e9cheresse dans le sud-ouest : restrictions d\u2019eau et mobilisation citoyenne - Bobea","description":"La s\u00e9cheresse du sud-ouest en 2025 est un signal d\u2019alarme. Elle montre que l\u2019adaptation au changement climatique","robots":{"index":"index","follow":"follow","max-snippet":"max-snippet:-1","max-image-preview":"max-image-preview:large","max-video-preview":"max-video-preview:-1"},"canonical":"https:\/\/bobea.net\/index.php\/2025\/04\/28\/alerte-secheresse-dans-le-sud-ouest-restrictions-deau-et-mobilisation-citoyenne\/","og_locale":"fr_FR","og_type":"article","og_title":"Alerte s\u00e9cheresse dans le sud-ouest : restrictions d\u2019eau et mobilisation citoyenne - Bobea","og_description":"La s\u00e9cheresse du sud-ouest en 2025 est un signal d\u2019alarme. Elle montre que l\u2019adaptation au changement climatique","og_url":"https:\/\/bobea.net\/index.php\/2025\/04\/28\/alerte-secheresse-dans-le-sud-ouest-restrictions-deau-et-mobilisation-citoyenne\/","og_site_name":"Bobea","article_publisher":"https:\/\/web.facebook.com\/profile.php?id=61559252188416","article_published_time":"2025-04-28T18:40:09+00:00","article_modified_time":"2025-04-28T18:40:12+00:00","og_image":[{"width":1200,"height":900,"url":"https:\/\/bobea.net\/wp-content\/uploads\/2025\/04\/secheresse-france.webp","type":"image\/webp"}],"author":"bobea.info","twitter_card":"summary_large_image","twitter_misc":{"\u00c9crit par":"bobea.info","Dur\u00e9e de lecture estim\u00e9e":"4 minutes"},"schema":{"@context":"https:\/\/schema.org","@graph":[{"@type":"Article","@id":"https:\/\/bobea.net\/index.php\/2025\/04\/28\/alerte-secheresse-dans-le-sud-ouest-restrictions-deau-et-mobilisation-citoyenne\/#article","isPartOf":{"@id":"https:\/\/bobea.net\/index.php\/2025\/04\/28\/alerte-secheresse-dans-le-sud-ouest-restrictions-deau-et-mobilisation-citoyenne\/"},"author":{"name":"bobea.info","@id":"https:\/\/bobea.net\/#\/schema\/person\/e7f45ef187918d7c956bf619dce90ccf"},"headline":"Alerte s\u00e9cheresse dans le sud-ouest : restrictions d\u2019eau et mobilisation citoyenne","datePublished":"2025-04-28T18:40:09+00:00","dateModified":"2025-04-28T18:40:12+00:00","mainEntityOfPage":{"@id":"https:\/\/bobea.net\/index.php\/2025\/04\/28\/alerte-secheresse-dans-le-sud-ouest-restrictions-deau-et-mobilisation-citoyenne\/"},"wordCount":633,"commentCount":0,"publisher":{"@id":"https:\/\/bobea.net\/#organization"},"image":{"@id":"https:\/\/bobea.net\/index.php\/2025\/04\/28\/alerte-secheresse-dans-le-sud-ouest-restrictions-deau-et-mobilisation-citoyenne\/#primaryimage"},"thumbnailUrl":"https:\/\/bobea.net\/wp-content\/uploads\/2025\/04\/secheresse-france.webp","keywords":["agriculture","Climat","environnement 2025","mobilisation citoyenne","restrictions d\u2019eau","s\u00e9cheresse France","sud-ouest"],"articleSection":["On en Parle"],"inLanguage":"fr-FR","potentialAction":[{"@type":"CommentAction","name":"Comment","target":["https:\/\/bobea.net\/index.php\/2025\/04\/28\/alerte-secheresse-dans-le-sud-ouest-restrictions-deau-et-mobilisation-citoyenne\/#respond"]}]},{"@type":"WebPage","@id":"https:\/\/bobea.net\/index.php\/2025\/04\/28\/alerte-secheresse-dans-le-sud-ouest-restrictions-deau-et-mobilisation-citoyenne\/","url":"https:\/\/bobea.net\/index.php\/2025\/04\/28\/alerte-secheresse-dans-le-sud-ouest-restrictions-deau-et-mobilisation-citoyenne\/","name":"Alerte s\u00e9cheresse dans le sud-ouest : restrictions d\u2019eau et mobilisation citoyenne - Bobea","isPartOf":{"@id":"https:\/\/bobea.net\/#website"},"primaryImageOfPage":{"@id":"https:\/\/bobea.net\/index.php\/2025\/04\/28\/alerte-secheresse-dans-le-sud-ouest-restrictions-deau-et-mobilisation-citoyenne\/#primaryimage"},"image":{"@id":"https:\/\/bobea.net\/index.php\/2025\/04\/28\/alerte-secheresse-dans-le-sud-ouest-restrictions-deau-et-mobilisation-citoyenne\/#primaryimage"},"thumbnailUrl":"https:\/\/bobea.net\/wp-content\/uploads\/2025\/04\/secheresse-france.webp","datePublished":"2025-04-28T18:40:09+00:00","dateModified":"2025-04-28T18:40:12+00:00","description":"La s\u00e9cheresse du sud-ouest en 2025 est un signal d\u2019alarme. Elle montre que l\u2019adaptation au changement climatique","breadcrumb":{"@id":"https:\/\/bobea.net\/index.php\/2025\/04\/28\/alerte-secheresse-dans-le-sud-ouest-restrictions-deau-et-mobilisation-citoyenne\/#breadcrumb"},"inLanguage":"fr-FR","potentialAction":[{"@type":"ReadAction","target":["https:\/\/bobea.net\/index.php\/2025\/04\/28\/alerte-secheresse-dans-le-sud-ouest-restrictions-deau-et-mobilisation-citoyenne\/"]}]},{"@type":"ImageObject","inLanguage":"fr-FR","@id":"https:\/\/bobea.net\/index.php\/2025\/04\/28\/alerte-secheresse-dans-le-sud-ouest-restrictions-deau-et-mobilisation-citoyenne\/#primaryimage","url":"https:\/\/bobea.net\/wp-content\/uploads\/2025\/04\/secheresse-france.webp","contentUrl":"https:\/\/bobea.net\/wp-content\/uploads\/2025\/04\/secheresse-france.webp","width":1200,"height":900},{"@type":"BreadcrumbList","@id":"https:\/\/bobea.net\/index.php\/2025\/04\/28\/alerte-secheresse-dans-le-sud-ouest-restrictions-deau-et-mobilisation-citoyenne\/#breadcrumb","itemListElement":[{"@type":"ListItem","position":1,"name":"Accueil","item":"https:\/\/bobea.net\/"},{"@type":"ListItem","position":2,"name":"Alerte s\u00e9cheresse dans le sud-ouest : restrictions d\u2019eau et mobilisation citoyenne"}]},{"@type":"WebSite","@id":"https:\/\/bobea.net\/#website","url":"https:\/\/bobea.net\/","name":"Bobea","description":"Le magazine de la nouvelle \u00c8ve","publisher":{"@id":"https:\/\/bobea.net\/#organization"},"potentialAction":[{"@type":"SearchAction","target":{"@type":"EntryPoint","urlTemplate":"https:\/\/bobea.net\/?s={search_term_string}"},"query-input":{"@type":"PropertyValueSpecification","valueRequired":true,"valueName":"search_term_string"}}],"inLanguage":"fr-FR"},{"@type":"Organization","@id":"https:\/\/bobea.net\/#organization","name":"Bobea","url":"https:\/\/bobea.net\/","logo":{"@type":"ImageObject","inLanguage":"fr-FR","@id":"https:\/\/bobea.net\/#\/schema\/logo\/image\/","url":"https:\/\/bobea.net\/wp-content\/uploads\/2024\/06\/bobea.jpg","contentUrl":"https:\/\/bobea.net\/wp-content\/uploads\/2024\/06\/bobea.jpg","width":1080,"height":1080,"caption":"Bobea"},"image":{"@id":"https:\/\/bobea.net\/#\/schema\/logo\/image\/"},"sameAs":["https:\/\/web.facebook.com\/profile.php?id=61559252188416"]},{"@type":"Person","@id":"https:\/\/bobea.net\/#\/schema\/person\/e7f45ef187918d7c956bf619dce90ccf","name":"bobea.info","image":{"@type":"ImageObject","inLanguage":"fr-FR","@id":"https:\/\/bobea.net\/#\/schema\/person\/image\/","url":"https:\/\/secure.gravatar.com\/avatar\/36147980349df887ae30808df3e29474?s=96&d=mm&r=g","contentUrl":"https:\/\/secure.gravatar.com\/avatar\/36147980349df887ae30808df3e29474?s=96&d=mm&r=g","caption":"bobea.info"},"sameAs":["https:\/\/bobea.net"],"url":"https:\/\/bobea.net\/index.php\/author\/bobea-info\/"}]}},"_links":{"self":[{"href":"https:\/\/bobea.net\/index.php\/wp-json\/wp\/v2\/posts\/15060"}],"collection":[{"href":"https:\/\/bobea.net\/index.php\/wp-json\/wp\/v2\/posts"}],"about":[{"href":"https:\/\/bobea.net\/index.php\/wp-json\/wp\/v2\/types\/post"}],"author":[{"embeddable":true,"href":"https:\/\/bobea.net\/index.php\/wp-json\/wp\/v2\/users\/1"}],"replies":[{"embeddable":true,"href":"https:\/\/bobea.net\/index.php\/wp-json\/wp\/v2\/comments?post=15060"}],"version-history":[{"count":1,"href":"https:\/\/bobea.net\/index.php\/wp-json\/wp\/v2\/posts\/15060\/revisions"}],"predecessor-version":[{"id":15064,"href":"https:\/\/bobea.net\/index.php\/wp-json\/wp\/v2\/posts\/15060\/revisions\/15064"}],"wp:featuredmedia":[{"embeddable":true,"href":"https:\/\/bobea.net\/index.php\/wp-json\/wp\/v2\/media\/15061"}],"wp:attachment":[{"href":"https:\/\/bobea.net\/index.php\/wp-json\/wp\/v2\/media?parent=15060"}],"wp:term":[{"taxonomy":"category","embeddable":true,"href":"https:\/\/bobea.net\/index.php\/wp-json\/wp\/v2\/categories?post=15060"},{"taxonomy":"post_tag","embeddable":true,"href":"https:\/\/bobea.net\/index.php\/wp-json\/wp\/v2\/tags?post=15060"}],"curies":[{"name":"wp","href":"https:\/\/api.w.org\/{rel}","templated":true}]}}