{"id":15055,"date":"2025-04-28T18:26:45","date_gmt":"2025-04-28T18:26:45","guid":{"rendered":"https:\/\/bobea.net\/?p=15055"},"modified":"2025-04-28T18:26:47","modified_gmt":"2025-04-28T18:26:47","slug":"mobilisation-nationale-pour-la-sante-mentale-lancement-du-plan-bien-etre-2025","status":"publish","type":"post","link":"https:\/\/bobea.net\/index.php\/2025\/04\/28\/mobilisation-nationale-pour-la-sante-mentale-lancement-du-plan-bien-etre-2025\/","title":{"rendered":"Mobilisation nationale pour la sant\u00e9 mentale : lancement du plan \u201cBien-\u00eatre 2025\u201d"},"content":{"rendered":"\n<p>Intro\u00adduc\u00adtion<\/p>\n\n\n\n<p>Le 28 avril 2025, la France lance offi\u00adcielle\u00adment le plan \u201cBien-\u00eatre 2025\u201d, une strat\u00e9gie nationale ambitieuse pour plac\u00ader la san\u00adt\u00e9 men\u00adtale au c\u0153ur des pri\u00ador\u00adit\u00e9s publiques. Apr\u00e8s des ann\u00e9es de tabou et d\u2019inaction, ce plan mar\u00adque un tour\u00adnant his\u00adtorique, avec des mesures con\u00adcr\u00e8tes pour pr\u00e9venir, accom\u00adpa\u00adg\u00adn\u00ader et traiter les trou\u00adbles psy\u00adchiques. Pourquoi cette mobil\u00adi\u00adsa\u00adtion&nbsp;? Quelles sont les nou\u00adveaut\u00e9s&nbsp;? Et com\u00adment les femmes, par\u00adti\u00adc\u00aduli\u00e8re\u00adment touch\u00e9es, peu\u00advent-elles b\u00e9n\u00e9\u00adfici\u00ader de ce plan&nbsp;? D\u00e9cryptage d\u2019une actu\u00adal\u00adit\u00e9 majeure pour le bien-\u00eatre de toutes.<\/p>\n\n\n\n<p>La san\u00adt\u00e9 men\u00adtale, un enjeu cru\u00adcial en 2025<\/p>\n\n\n\n<p>D\u00e9pres\u00adsion, anx\u00adi\u00e9t\u00e9, burn-out, trou\u00adbles du som\u00admeil\u2026 En France, une per\u00adson\u00adne sur cinq souf\u00adfre d\u2019un trou\u00adble psy\u00adchique au cours de sa vie. Les femmes sont en pre\u00admi\u00e8re ligne : elles repr\u00e9sen\u00adtent 65% des con\u00adsul\u00adta\u00adtions en psy\u00adchi\u00ada\u00adtrie et sont plus expos\u00e9es au stress, \u00e0 la charge men\u00adtale et aux vio\u00adlences. La pand\u00e9mie de Covid-19, puis les crises \u00e9conomiques et cli\u00adma\u00adtiques, ont aggrav\u00e9 la sit\u00adu\u00ada\u00adtion, ren\u00addant urgente une r\u00e9ponse col\u00adlec\u00adtive.<\/p>\n\n\n\n<figure class=\"wp-block-image size-large\"><img loading=\"lazy\" decoding=\"async\" width=\"1024\" height=\"575\" src=\"https:\/\/bobea.net\/wp-content\/uploads\/2025\/04\/c19c0243028dbe840da87b29946e267c8e2b5002-1024x575.png\" alt class=\"wp-image-15056\" srcset=\"https:\/\/bobea.net\/wp-content\/uploads\/2025\/04\/c19c0243028dbe840da87b29946e267c8e2b5002-1024x575.png 1024w, https:\/\/bobea.net\/wp-content\/uploads\/2025\/04\/c19c0243028dbe840da87b29946e267c8e2b5002-300x168.png 300w, https:\/\/bobea.net\/wp-content\/uploads\/2025\/04\/c19c0243028dbe840da87b29946e267c8e2b5002-768x431.png 768w, https:\/\/bobea.net\/wp-content\/uploads\/2025\/04\/c19c0243028dbe840da87b29946e267c8e2b5002.png 1440w\" sizes=\"(max-width: 1024px) 100vw, 1024px\"><\/figure>\n\n\n\n<p>Le plan \u201cBien-\u00eatre 2025\u201d : une r\u00e9vo\u00adlu\u00adtion en marche<\/p>\n\n\n\n<p>Annon\u00adc\u00e9 par la Pre\u00admi\u00e8re min\u00adistre, ce plan s\u2019articule autour de 5 axes majeurs :<\/p>\n\n\n\n<ol start=\"1\" class=\"wp-block-list\">\n<li><strong>Pr\u00e9ven\u00adtion d\u00e8s le plus jeune \u00e2ge<\/strong>&nbsp;: Sen\u00adsi\u00adbil\u00adi\u00adsa\u00adtion dans les \u00e9coles, for\u00adma\u00adtion des enseignants, rep\u00e9rage pr\u00e9\u00adcoce des trou\u00adbles.<\/li>\n\n\n\n<li><strong>Acc\u00e8s facil\u00adit\u00e9 aux soins<\/strong>&nbsp;: Cr\u00e9a\u00adtion de 500 cen\u00adtres de san\u00adt\u00e9 men\u00adtale de prox\u00adim\u00adit\u00e9, rem\u00adbourse\u00adment \u00e9lar\u00adgi des con\u00adsul\u00adta\u00adtions psy\u00adchologiques, d\u00e9veloppe\u00adment de la t\u00e9l\u00e9\u00adcon\u00adsul\u00adta\u00adtion.<\/li>\n\n\n\n<li><strong>Lutte con\u00adtre la stig\u00adma\u00adti\u00adsa\u00adtion<\/strong>&nbsp;: Cam\u00adpagnes nationales, t\u00e9moignages de per\u00adson\u00adnal\u00adit\u00e9s, impli\u00adca\u00adtion des m\u00e9dias et des r\u00e9seaux soci\u00adaux.<\/li>\n\n\n\n<li><strong>Sou\u00adtien aux aidants et aux familles<\/strong>&nbsp;: Groupes de parole, dis\u00adposi\u00adtifs de r\u00e9pit, accom\u00adpa\u00adg\u00adne\u00adment per\u00adson\u00adnal\u00adis\u00e9.<\/li>\n\n\n\n<li><strong>Inno\u00adva\u00adtion et recherche<\/strong>&nbsp;: Finance\u00adment de nou\u00adveaux traite\u00adments, sou\u00adtien \u00e0 la recherche sur le bien-\u00eatre f\u00e9minin, d\u00e9veloppe\u00adment d\u2019applications de suivi.<\/li>\n<\/ol>\n\n\n\n<p>Les femmes, grandes b\u00e9n\u00e9\u00adfi\u00adci\u00adaires du plan<\/p>\n\n\n\n<p>Le plan \u201cBien-\u00eatre 2025\u201d accorde une atten\u00adtion par\u00adti\u00adc\u00aduli\u00e8re aux femmes, qui cumu\u00adlent sou\u00advent charge men\u00adtale, respon\u00ads\u00adabil\u00adit\u00e9s famil\u00adiales et pres\u00adsions pro\u00adfes\u00adsion\u00adnelles. Par\u00admi les mesures phares :<\/p>\n\n\n\n<ul class=\"wp-block-list\">\n<li><strong>Con\u00adsul\u00adta\u00adtions gra\u00adtu\u00adites pour les femmes enceintes et jeunes mamans<\/strong>.<\/li>\n\n\n\n<li><strong>Accom\u00adpa\u00adg\u00adne\u00adment ren\u00adfor\u00adc\u00e9 pour les vic\u00adtimes de vio\u00adlences con\u00adju\u00adgales<\/strong>.<\/li>\n\n\n\n<li><strong>Sou\u00adtien psy\u00adchologique dans les entre\u00adpris\u00ades, avec un r\u00e9f\u00e9rent bien-\u00eatre dans chaque struc\u00adture de plus de 50 salari\u00e9s<\/strong>.<\/li>\n\n\n\n<li><strong>Pro\u00adgrammes sp\u00e9\u00adci\u00adfiques pour les femmes en sit\u00adu\u00ada\u00adtion de pr\u00e9\u00adcar\u00adit\u00e9 ou d\u2019isolement<\/strong>.<\/li>\n<\/ul>\n\n\n\n<figure class=\"wp-block-image size-large\"><img loading=\"lazy\" decoding=\"async\" width=\"1024\" height=\"576\" src=\"https:\/\/bobea.net\/wp-content\/uploads\/2025\/04\/phpejbqnt_1-1024x576.jpg\" alt class=\"wp-image-15057\" srcset=\"https:\/\/bobea.net\/wp-content\/uploads\/2025\/04\/phpejbqnt_1-1024x576.jpg 1024w, https:\/\/bobea.net\/wp-content\/uploads\/2025\/04\/phpejbqnt_1-300x169.jpg 300w, https:\/\/bobea.net\/wp-content\/uploads\/2025\/04\/phpejbqnt_1-768x432.jpg 768w, https:\/\/bobea.net\/wp-content\/uploads\/2025\/04\/phpejbqnt_1.jpg 1200w\" sizes=\"(max-width: 1024px) 100vw, 1024px\"><\/figure>\n\n\n\n<p>T\u00e9moignages et r\u00e9ac\u00adtions<\/p>\n\n\n\n<ul class=\"wp-block-list\">\n<li><strong>Sophie, 34 ans, cadre<\/strong>&nbsp;: \u201cJ\u2019ai longtemps h\u00e9sit\u00e9 \u00e0 con\u00adsul\u00adter. Savoir que c\u2019est pris en charge et encour\u00adag\u00e9, \u00e7a change tout.\u201d<\/li>\n\n\n\n<li><strong>Le Dr Lila Benali, psy\u00adchi\u00ada\u00adtre<\/strong>&nbsp;: \u201cCe plan va per\u00adme\u00adt\u00adtre de sauver des vies, d\u2019\u00e9viter des drames famil\u00adi\u00adaux et de redonner con\u00adfi\u00adance \u00e0 des mil\u00adliers de femmes.\u201d<\/li>\n\n\n\n<li><strong>Les asso\u00adci\u00ada\u00adtions<\/strong>&nbsp;salu\u00adent \u201cun pas de g\u00e9ant\u201d, mais deman\u00addent \u00e0 ce que les moyens suiv\u00adent sur le ter\u00adrain.<\/li>\n<\/ul>\n\n\n\n<p>Les d\u00e9fis \u00e0 relever<\/p>\n\n\n\n<p>Si l\u2019annonce est salu\u00e9e, les pro\u00adfes\u00adsion\u00adnels restent vig\u00adi\u00adlants :<\/p>\n\n\n\n<ul class=\"wp-block-list\">\n<li><strong>Recruter et for\u00admer suff\u00adisam\u00adment de psy\u00adcho\u00adlogues et de psy\u00adchi\u00ada\u00adtres<\/strong>.<\/li>\n\n\n\n<li><strong>Assur\u00ader l\u2019\u00e9galit\u00e9 d\u2019acc\u00e8s sur tout le ter\u00adri\u00adtoire, notam\u00adment en zones rurales<\/strong>.<\/li>\n\n\n\n<li><strong>Mesur\u00ader l\u2019efficacit\u00e9 des actions et ajuster en temps r\u00e9el<\/strong>.<\/li>\n<\/ul>\n\n\n\n<p>Con\u00adseils pour pren\u00addre soin de sa san\u00adt\u00e9 men\u00adtale au quo\u00adti\u00addi\u00aden<\/p>\n\n\n\n<ul class=\"wp-block-list\">\n<li><strong>Oser par\u00adler de ses dif\u00adfi\u00adcult\u00e9s<\/strong>&nbsp;\u00e0 un proche ou \u00e0 un pro\u00adfes\u00adsion\u00adnel.<\/li>\n\n\n\n<li><strong>Pren\u00addre du temps pour soi<\/strong>&nbsp;: relax\u00adation, sport, loisirs cr\u00e9at\u00adifs.<\/li>\n\n\n\n<li><strong>Lim\u00aditer l\u2019exposition aux \u00e9crans et aux mau\u00advais\u00ades nou\u00advelles<\/strong>.<\/li>\n\n\n\n<li><strong>Entretenir des liens soci\u00adaux<\/strong>&nbsp;et ne pas rester isol\u00e9e.<\/li>\n\n\n\n<li><strong>Con\u00adsul\u00adter sans atten\u00addre en cas de mal-\u00eatre per\u00adsis\u00adtant<\/strong>.<\/li>\n<\/ul>\n\n\n\n<p>Con\u00adclu\u00adsion<\/p>\n\n\n\n<p>Le lance\u00adment du plan \u201cBien-\u00eatre 2025\u201d est une avanc\u00e9e majeure pour la san\u00adt\u00e9 men\u00adtale en France, et en par\u00adti\u00adc\u00aduli\u00ader pour les femmes. Il appar\u00adtient \u00e0 cha\u00adcune de s\u2019en saisir, d\u2019oser deman\u00adder de l\u2019aide et de faire du bien-\u00eatre une pri\u00ador\u00adit\u00e9. Plus que jamais, pren\u00addre soin de soi, c\u2019est aus\u00adsi pren\u00addre soin des autres.<\/p>\n","protected":false},"excerpt":{"rendered":"<p>Intro\u00adduc\u00adtion Le 28 avril 2025, la France lance offi\u00adcielle\u00adment le plan \u201cBien-\u00eatre 2025\u201d, une strat\u00e9gie nationale ambitieuse pour plac\u00ader la san\u00adt\u00e9 men\u00adtale au c\u0153ur des pri\u00ador\u00adit\u00e9s publiques. Apr\u00e8s des ann\u00e9es\u2026 <\/p>\n","protected":false},"author":1,"featured_media":15058,"comment_status":"open","ping_status":"closed","sticky":false,"template":"","format":"standard","meta":{"wp_typography_post_enhancements_disabled":false,"footnotes":""},"categories":[90,58],"tags":[741,1097,107,11406,11407,534,962,1266],"class_list":["post-15055","post","type-post","status-publish","format-standard","has-post-thumbnail","hentry","category-question-de-santes","category-sante","tag-bien-etre","tag-femmes","tag-france","tag-mobilisation","tag-plan-national","tag-prevention","tag-sante-mentale","tag-societe"],"yoast_head":"<!-- This site is optimized with the Yoast SEO plugin v24.7 - https:\/\/yoast.com\/wordpress\/plugins\/seo\/ -->\n<title>Mobilisation nationale pour la sant\u00e9 mentale : lancement du plan \u201cBien-\u00eatre 2025\u201d - Bobea<\/title>\n<meta name=\"description\" content=\"Le lancement du plan \u201cBien-\u00eatre 2025\u201d est une avanc\u00e9e majeure pour la sant\u00e9 mentale en France, et en particulier pour les femmes\" \/>\n<meta name=\"robots\" content=\"index, follow, max-snippet:-1, max-image-preview:large, max-video-preview:-1\" \/>\n<link rel=\"canonical\" href=\"https:\/\/bobea.net\/index.php\/2025\/04\/28\/mobilisation-nationale-pour-la-sante-mentale-lancement-du-plan-bien-etre-2025\/\" \/>\n<meta property=\"og:locale\" content=\"fr_FR\" \/>\n<meta property=\"og:type\" content=\"article\" \/>\n<meta property=\"og:title\" content=\"Mobilisation nationale pour la sant\u00e9 mentale : lancement du plan \u201cBien-\u00eatre 2025\u201d - Bobea\" \/>\n<meta property=\"og:description\" content=\"Le lancement du plan \u201cBien-\u00eatre 2025\u201d est une avanc\u00e9e majeure pour la sant\u00e9 mentale en France, et en particulier pour les femmes\" \/>\n<meta property=\"og:url\" content=\"https:\/\/bobea.net\/index.php\/2025\/04\/28\/mobilisation-nationale-pour-la-sante-mentale-lancement-du-plan-bien-etre-2025\/\" \/>\n<meta property=\"og:site_name\" content=\"Bobea\" \/>\n<meta property=\"article:publisher\" content=\"https:\/\/web.facebook.com\/profile.php?id=61559252188416\" \/>\n<meta property=\"article:published_time\" content=\"2025-04-28T18:26:45+00:00\" \/>\n<meta property=\"article:modified_time\" content=\"2025-04-28T18:26:47+00:00\" \/>\n<meta property=\"og:image\" content=\"https:\/\/bobea.net\/wp-content\/uploads\/2025\/04\/Must-read-mental-health-blogs-for-2023.jpg\" \/>\n\t<meta property=\"og:image:width\" content=\"1920\" \/>\n\t<meta property=\"og:image:height\" content=\"1080\" \/>\n\t<meta property=\"og:image:type\" content=\"image\/jpeg\" \/>\n<meta name=\"author\" content=\"bobea.info\" \/>\n<meta name=\"twitter:card\" content=\"summary_large_image\" \/>\n<meta name=\"twitter:label1\" content=\"\u00c9crit par\" \/>\n\t<meta name=\"twitter:data1\" content=\"bobea.info\" \/>\n\t<meta name=\"twitter:label2\" content=\"Dur\u00e9e de lecture estim\u00e9e\" \/>\n\t<meta name=\"twitter:data2\" content=\"4 minutes\" \/>\n<script type=\"application\/ld+json\" class=\"yoast-schema-graph\">{\"@context\":\"https:\/\/schema.org\",\"@graph\":[{\"@type\":\"Article\",\"@id\":\"https:\/\/bobea.net\/index.php\/2025\/04\/28\/mobilisation-nationale-pour-la-sante-mentale-lancement-du-plan-bien-etre-2025\/#article\",\"isPartOf\":{\"@id\":\"https:\/\/bobea.net\/index.php\/2025\/04\/28\/mobilisation-nationale-pour-la-sante-mentale-lancement-du-plan-bien-etre-2025\/\"},\"author\":{\"name\":\"bobea.info\",\"@id\":\"https:\/\/bobea.net\/#\/schema\/person\/e7f45ef187918d7c956bf619dce90ccf\"},\"headline\":\"Mobilisation nationale pour la sant\u00e9 mentale : lancement du plan \u201cBien-\u00eatre 2025\u201d\",\"datePublished\":\"2025-04-28T18:26:45+00:00\",\"dateModified\":\"2025-04-28T18:26:47+00:00\",\"mainEntityOfPage\":{\"@id\":\"https:\/\/bobea.net\/index.php\/2025\/04\/28\/mobilisation-nationale-pour-la-sante-mentale-lancement-du-plan-bien-etre-2025\/\"},\"wordCount\":631,\"commentCount\":0,\"publisher\":{\"@id\":\"https:\/\/bobea.net\/#organization\"},\"image\":{\"@id\":\"https:\/\/bobea.net\/index.php\/2025\/04\/28\/mobilisation-nationale-pour-la-sante-mentale-lancement-du-plan-bien-etre-2025\/#primaryimage\"},\"thumbnailUrl\":\"https:\/\/bobea.net\/wp-content\/uploads\/2025\/04\/Must-read-mental-health-blogs-for-2023.jpg\",\"keywords\":[\"bien-\u00eatre\",\"femmes\",\"France\",\"mobilisation\",\"plan national\",\"pr\u00e9vention\",\"sant\u00e9 mentale\",\"soci\u00e9t\u00e9\"],\"articleSection\":[\"Question de Sant\u00e9s\",\"Sant\u00e9\"],\"inLanguage\":\"fr-FR\",\"potentialAction\":[{\"@type\":\"CommentAction\",\"name\":\"Comment\",\"target\":[\"https:\/\/bobea.net\/index.php\/2025\/04\/28\/mobilisation-nationale-pour-la-sante-mentale-lancement-du-plan-bien-etre-2025\/#respond\"]}]},{\"@type\":\"WebPage\",\"@id\":\"https:\/\/bobea.net\/index.php\/2025\/04\/28\/mobilisation-nationale-pour-la-sante-mentale-lancement-du-plan-bien-etre-2025\/\",\"url\":\"https:\/\/bobea.net\/index.php\/2025\/04\/28\/mobilisation-nationale-pour-la-sante-mentale-lancement-du-plan-bien-etre-2025\/\",\"name\":\"Mobilisation nationale pour la sant\u00e9 mentale : lancement du plan \u201cBien-\u00eatre 2025\u201d - Bobea\",\"isPartOf\":{\"@id\":\"https:\/\/bobea.net\/#website\"},\"primaryImageOfPage\":{\"@id\":\"https:\/\/bobea.net\/index.php\/2025\/04\/28\/mobilisation-nationale-pour-la-sante-mentale-lancement-du-plan-bien-etre-2025\/#primaryimage\"},\"image\":{\"@id\":\"https:\/\/bobea.net\/index.php\/2025\/04\/28\/mobilisation-nationale-pour-la-sante-mentale-lancement-du-plan-bien-etre-2025\/#primaryimage\"},\"thumbnailUrl\":\"https:\/\/bobea.net\/wp-content\/uploads\/2025\/04\/Must-read-mental-health-blogs-for-2023.jpg\",\"datePublished\":\"2025-04-28T18:26:45+00:00\",\"dateModified\":\"2025-04-28T18:26:47+00:00\",\"description\":\"Le lancement du plan \u201cBien-\u00eatre 2025\u201d est une avanc\u00e9e majeure pour la sant\u00e9 mentale en France, et en particulier pour les femmes\",\"breadcrumb\":{\"@id\":\"https:\/\/bobea.net\/index.php\/2025\/04\/28\/mobilisation-nationale-pour-la-sante-mentale-lancement-du-plan-bien-etre-2025\/#breadcrumb\"},\"inLanguage\":\"fr-FR\",\"potentialAction\":[{\"@type\":\"ReadAction\",\"target\":[\"https:\/\/bobea.net\/index.php\/2025\/04\/28\/mobilisation-nationale-pour-la-sante-mentale-lancement-du-plan-bien-etre-2025\/\"]}]},{\"@type\":\"ImageObject\",\"inLanguage\":\"fr-FR\",\"@id\":\"https:\/\/bobea.net\/index.php\/2025\/04\/28\/mobilisation-nationale-pour-la-sante-mentale-lancement-du-plan-bien-etre-2025\/#primaryimage\",\"url\":\"https:\/\/bobea.net\/wp-content\/uploads\/2025\/04\/Must-read-mental-health-blogs-for-2023.jpg\",\"contentUrl\":\"https:\/\/bobea.net\/wp-content\/uploads\/2025\/04\/Must-read-mental-health-blogs-for-2023.jpg\",\"width\":1920,\"height\":1080},{\"@type\":\"BreadcrumbList\",\"@id\":\"https:\/\/bobea.net\/index.php\/2025\/04\/28\/mobilisation-nationale-pour-la-sante-mentale-lancement-du-plan-bien-etre-2025\/#breadcrumb\",\"itemListElement\":[{\"@type\":\"ListItem\",\"position\":1,\"name\":\"Accueil\",\"item\":\"https:\/\/bobea.net\/\"},{\"@type\":\"ListItem\",\"position\":2,\"name\":\"Mobilisation nationale pour la sant\u00e9 mentale : lancement du plan \u201cBien-\u00eatre 2025\u201d\"}]},{\"@type\":\"WebSite\",\"@id\":\"https:\/\/bobea.net\/#website\",\"url\":\"https:\/\/bobea.net\/\",\"name\":\"Bobea\",\"description\":\"Le magazine de la nouvelle \u00c8ve\",\"publisher\":{\"@id\":\"https:\/\/bobea.net\/#organization\"},\"potentialAction\":[{\"@type\":\"SearchAction\",\"target\":{\"@type\":\"EntryPoint\",\"urlTemplate\":\"https:\/\/bobea.net\/?s={search_term_string}\"},\"query-input\":{\"@type\":\"PropertyValueSpecification\",\"valueRequired\":true,\"valueName\":\"search_term_string\"}}],\"inLanguage\":\"fr-FR\"},{\"@type\":\"Organization\",\"@id\":\"https:\/\/bobea.net\/#organization\",\"name\":\"Bobea\",\"url\":\"https:\/\/bobea.net\/\",\"logo\":{\"@type\":\"ImageObject\",\"inLanguage\":\"fr-FR\",\"@id\":\"https:\/\/bobea.net\/#\/schema\/logo\/image\/\",\"url\":\"https:\/\/bobea.net\/wp-content\/uploads\/2024\/06\/bobea.jpg\",\"contentUrl\":\"https:\/\/bobea.net\/wp-content\/uploads\/2024\/06\/bobea.jpg\",\"width\":1080,\"height\":1080,\"caption\":\"Bobea\"},\"image\":{\"@id\":\"https:\/\/bobea.net\/#\/schema\/logo\/image\/\"},\"sameAs\":[\"https:\/\/web.facebook.com\/profile.php?id=61559252188416\"]},{\"@type\":\"Person\",\"@id\":\"https:\/\/bobea.net\/#\/schema\/person\/e7f45ef187918d7c956bf619dce90ccf\",\"name\":\"bobea.info\",\"image\":{\"@type\":\"ImageObject\",\"inLanguage\":\"fr-FR\",\"@id\":\"https:\/\/bobea.net\/#\/schema\/person\/image\/\",\"url\":\"https:\/\/secure.gravatar.com\/avatar\/36147980349df887ae30808df3e29474?s=96&d=mm&r=g\",\"contentUrl\":\"https:\/\/secure.gravatar.com\/avatar\/36147980349df887ae30808df3e29474?s=96&d=mm&r=g\",\"caption\":\"bobea.info\"},\"sameAs\":[\"https:\/\/bobea.net\"],\"url\":\"https:\/\/bobea.net\/index.php\/author\/bobea-info\/\"}]}<\/script>\n<!-- \/ Yoast SEO plugin. -->","yoast_head_json":{"title":"Mobilisation nationale pour la sant\u00e9 mentale : lancement du plan \u201cBien-\u00eatre 2025\u201d - Bobea","description":"Le lancement du plan \u201cBien-\u00eatre 2025\u201d est une avanc\u00e9e majeure pour la sant\u00e9 mentale en France, et en particulier pour les femmes","robots":{"index":"index","follow":"follow","max-snippet":"max-snippet:-1","max-image-preview":"max-image-preview:large","max-video-preview":"max-video-preview:-1"},"canonical":"https:\/\/bobea.net\/index.php\/2025\/04\/28\/mobilisation-nationale-pour-la-sante-mentale-lancement-du-plan-bien-etre-2025\/","og_locale":"fr_FR","og_type":"article","og_title":"Mobilisation nationale pour la sant\u00e9 mentale : lancement du plan \u201cBien-\u00eatre 2025\u201d - Bobea","og_description":"Le lancement du plan \u201cBien-\u00eatre 2025\u201d est une avanc\u00e9e majeure pour la sant\u00e9 mentale en France, et en particulier pour les femmes","og_url":"https:\/\/bobea.net\/index.php\/2025\/04\/28\/mobilisation-nationale-pour-la-sante-mentale-lancement-du-plan-bien-etre-2025\/","og_site_name":"Bobea","article_publisher":"https:\/\/web.facebook.com\/profile.php?id=61559252188416","article_published_time":"2025-04-28T18:26:45+00:00","article_modified_time":"2025-04-28T18:26:47+00:00","og_image":[{"width":1920,"height":1080,"url":"https:\/\/bobea.net\/wp-content\/uploads\/2025\/04\/Must-read-mental-health-blogs-for-2023.jpg","type":"image\/jpeg"}],"author":"bobea.info","twitter_card":"summary_large_image","twitter_misc":{"\u00c9crit par":"bobea.info","Dur\u00e9e de lecture estim\u00e9e":"4 minutes"},"schema":{"@context":"https:\/\/schema.org","@graph":[{"@type":"Article","@id":"https:\/\/bobea.net\/index.php\/2025\/04\/28\/mobilisation-nationale-pour-la-sante-mentale-lancement-du-plan-bien-etre-2025\/#article","isPartOf":{"@id":"https:\/\/bobea.net\/index.php\/2025\/04\/28\/mobilisation-nationale-pour-la-sante-mentale-lancement-du-plan-bien-etre-2025\/"},"author":{"name":"bobea.info","@id":"https:\/\/bobea.net\/#\/schema\/person\/e7f45ef187918d7c956bf619dce90ccf"},"headline":"Mobilisation nationale pour la sant\u00e9 mentale : lancement du plan \u201cBien-\u00eatre 2025\u201d","datePublished":"2025-04-28T18:26:45+00:00","dateModified":"2025-04-28T18:26:47+00:00","mainEntityOfPage":{"@id":"https:\/\/bobea.net\/index.php\/2025\/04\/28\/mobilisation-nationale-pour-la-sante-mentale-lancement-du-plan-bien-etre-2025\/"},"wordCount":631,"commentCount":0,"publisher":{"@id":"https:\/\/bobea.net\/#organization"},"image":{"@id":"https:\/\/bobea.net\/index.php\/2025\/04\/28\/mobilisation-nationale-pour-la-sante-mentale-lancement-du-plan-bien-etre-2025\/#primaryimage"},"thumbnailUrl":"https:\/\/bobea.net\/wp-content\/uploads\/2025\/04\/Must-read-mental-health-blogs-for-2023.jpg","keywords":["bien-\u00eatre","femmes","France","mobilisation","plan national","pr\u00e9vention","sant\u00e9 mentale","soci\u00e9t\u00e9"],"articleSection":["Question de Sant\u00e9s","Sant\u00e9"],"inLanguage":"fr-FR","potentialAction":[{"@type":"CommentAction","name":"Comment","target":["https:\/\/bobea.net\/index.php\/2025\/04\/28\/mobilisation-nationale-pour-la-sante-mentale-lancement-du-plan-bien-etre-2025\/#respond"]}]},{"@type":"WebPage","@id":"https:\/\/bobea.net\/index.php\/2025\/04\/28\/mobilisation-nationale-pour-la-sante-mentale-lancement-du-plan-bien-etre-2025\/","url":"https:\/\/bobea.net\/index.php\/2025\/04\/28\/mobilisation-nationale-pour-la-sante-mentale-lancement-du-plan-bien-etre-2025\/","name":"Mobilisation nationale pour la sant\u00e9 mentale : lancement du plan \u201cBien-\u00eatre 2025\u201d - Bobea","isPartOf":{"@id":"https:\/\/bobea.net\/#website"},"primaryImageOfPage":{"@id":"https:\/\/bobea.net\/index.php\/2025\/04\/28\/mobilisation-nationale-pour-la-sante-mentale-lancement-du-plan-bien-etre-2025\/#primaryimage"},"image":{"@id":"https:\/\/bobea.net\/index.php\/2025\/04\/28\/mobilisation-nationale-pour-la-sante-mentale-lancement-du-plan-bien-etre-2025\/#primaryimage"},"thumbnailUrl":"https:\/\/bobea.net\/wp-content\/uploads\/2025\/04\/Must-read-mental-health-blogs-for-2023.jpg","datePublished":"2025-04-28T18:26:45+00:00","dateModified":"2025-04-28T18:26:47+00:00","description":"Le lancement du plan \u201cBien-\u00eatre 2025\u201d est une avanc\u00e9e majeure pour la sant\u00e9 mentale en France, et en particulier pour les femmes","breadcrumb":{"@id":"https:\/\/bobea.net\/index.php\/2025\/04\/28\/mobilisation-nationale-pour-la-sante-mentale-lancement-du-plan-bien-etre-2025\/#breadcrumb"},"inLanguage":"fr-FR","potentialAction":[{"@type":"ReadAction","target":["https:\/\/bobea.net\/index.php\/2025\/04\/28\/mobilisation-nationale-pour-la-sante-mentale-lancement-du-plan-bien-etre-2025\/"]}]},{"@type":"ImageObject","inLanguage":"fr-FR","@id":"https:\/\/bobea.net\/index.php\/2025\/04\/28\/mobilisation-nationale-pour-la-sante-mentale-lancement-du-plan-bien-etre-2025\/#primaryimage","url":"https:\/\/bobea.net\/wp-content\/uploads\/2025\/04\/Must-read-mental-health-blogs-for-2023.jpg","contentUrl":"https:\/\/bobea.net\/wp-content\/uploads\/2025\/04\/Must-read-mental-health-blogs-for-2023.jpg","width":1920,"height":1080},{"@type":"BreadcrumbList","@id":"https:\/\/bobea.net\/index.php\/2025\/04\/28\/mobilisation-nationale-pour-la-sante-mentale-lancement-du-plan-bien-etre-2025\/#breadcrumb","itemListElement":[{"@type":"ListItem","position":1,"name":"Accueil","item":"https:\/\/bobea.net\/"},{"@type":"ListItem","position":2,"name":"Mobilisation nationale pour la sant\u00e9 mentale : lancement du plan \u201cBien-\u00eatre 2025\u201d"}]},{"@type":"WebSite","@id":"https:\/\/bobea.net\/#website","url":"https:\/\/bobea.net\/","name":"Bobea","description":"Le magazine de la nouvelle \u00c8ve","publisher":{"@id":"https:\/\/bobea.net\/#organization"},"potentialAction":[{"@type":"SearchAction","target":{"@type":"EntryPoint","urlTemplate":"https:\/\/bobea.net\/?s={search_term_string}"},"query-input":{"@type":"PropertyValueSpecification","valueRequired":true,"valueName":"search_term_string"}}],"inLanguage":"fr-FR"},{"@type":"Organization","@id":"https:\/\/bobea.net\/#organization","name":"Bobea","url":"https:\/\/bobea.net\/","logo":{"@type":"ImageObject","inLanguage":"fr-FR","@id":"https:\/\/bobea.net\/#\/schema\/logo\/image\/","url":"https:\/\/bobea.net\/wp-content\/uploads\/2024\/06\/bobea.jpg","contentUrl":"https:\/\/bobea.net\/wp-content\/uploads\/2024\/06\/bobea.jpg","width":1080,"height":1080,"caption":"Bobea"},"image":{"@id":"https:\/\/bobea.net\/#\/schema\/logo\/image\/"},"sameAs":["https:\/\/web.facebook.com\/profile.php?id=61559252188416"]},{"@type":"Person","@id":"https:\/\/bobea.net\/#\/schema\/person\/e7f45ef187918d7c956bf619dce90ccf","name":"bobea.info","image":{"@type":"ImageObject","inLanguage":"fr-FR","@id":"https:\/\/bobea.net\/#\/schema\/person\/image\/","url":"https:\/\/secure.gravatar.com\/avatar\/36147980349df887ae30808df3e29474?s=96&d=mm&r=g","contentUrl":"https:\/\/secure.gravatar.com\/avatar\/36147980349df887ae30808df3e29474?s=96&d=mm&r=g","caption":"bobea.info"},"sameAs":["https:\/\/bobea.net"],"url":"https:\/\/bobea.net\/index.php\/author\/bobea-info\/"}]}},"_links":{"self":[{"href":"https:\/\/bobea.net\/index.php\/wp-json\/wp\/v2\/posts\/15055"}],"collection":[{"href":"https:\/\/bobea.net\/index.php\/wp-json\/wp\/v2\/posts"}],"about":[{"href":"https:\/\/bobea.net\/index.php\/wp-json\/wp\/v2\/types\/post"}],"author":[{"embeddable":true,"href":"https:\/\/bobea.net\/index.php\/wp-json\/wp\/v2\/users\/1"}],"replies":[{"embeddable":true,"href":"https:\/\/bobea.net\/index.php\/wp-json\/wp\/v2\/comments?post=15055"}],"version-history":[{"count":1,"href":"https:\/\/bobea.net\/index.php\/wp-json\/wp\/v2\/posts\/15055\/revisions"}],"predecessor-version":[{"id":15059,"href":"https:\/\/bobea.net\/index.php\/wp-json\/wp\/v2\/posts\/15055\/revisions\/15059"}],"wp:featuredmedia":[{"embeddable":true,"href":"https:\/\/bobea.net\/index.php\/wp-json\/wp\/v2\/media\/15058"}],"wp:attachment":[{"href":"https:\/\/bobea.net\/index.php\/wp-json\/wp\/v2\/media?parent=15055"}],"wp:term":[{"taxonomy":"category","embeddable":true,"href":"https:\/\/bobea.net\/index.php\/wp-json\/wp\/v2\/categories?post=15055"},{"taxonomy":"post_tag","embeddable":true,"href":"https:\/\/bobea.net\/index.php\/wp-json\/wp\/v2\/tags?post=15055"}],"curies":[{"name":"wp","href":"https:\/\/api.w.org\/{rel}","templated":true}]}}