{"id":14991,"date":"2025-04-26T12:43:10","date_gmt":"2025-04-26T12:43:10","guid":{"rendered":"https:\/\/bobea.net\/?p=14991"},"modified":"2025-04-26T12:43:12","modified_gmt":"2025-04-26T12:43:12","slug":"confidences-sur-la-reussite-professionnelle-ateliers-devenez-visible-au-festival-visibles-2025","status":"publish","type":"post","link":"https:\/\/bobea.net\/index.php\/2025\/04\/26\/confidences-sur-la-reussite-professionnelle-ateliers-devenez-visible-au-festival-visibles-2025\/","title":{"rendered":"Confidences sur la r\u00e9ussite professionnelle : ateliers \u201cDevenez visible\u201d au festival VISIBLES 2025"},"content":{"rendered":"\n<p>Intro\u00adduc\u00adtion<\/p>\n\n\n\n<p>En 2025, la r\u00e9us\u00adsite pro\u00adfes\u00adsion\u00adnelle des femmes est plus que jamais au c\u0153ur des d\u00e9bats et des ambi\u00adtions. Pour\u00adtant, mal\u00adgr\u00e9 les avanc\u00e9es, la ques\u00adtion de la vis\u00adi\u00adbil\u00adit\u00e9 reste un enjeu majeur&nbsp;: com\u00adment se faire remar\u00adquer, val\u00adoris\u00ader ses com\u00adp\u00e9\u00adtences et oser pren\u00addre la parole dans un monde du tra\u00advail encore large\u00adment fa\u00e7on\u00adn\u00e9 par des codes mas\u00adculins&nbsp;? C\u2019est tout l\u2019enjeu du fes\u00adti\u00adval VISIBLES, organ\u00adis\u00e9 \u00e0 Rennes, qui pro\u00adpose des ate\u00adliers \u201cDevenez vis\u00adi\u00adble\u201d pour aider les femmes \u00e0 s\u2019affirmer, \u00e0 r\u00e9seauter et \u00e0 boost\u00ader leur car\u00adri\u00e8re. Plong\u00e9e dans un \u00e9v\u00e9ne\u00adment inspi\u00adrant et r\u00e9v\u00e9la\u00adteur de nou\u00advelles dynamiques f\u00e9minines.<\/p>\n\n\n\n<p>La vis\u00adi\u00adbil\u00adit\u00e9 pro\u00adfes\u00adsion\u00adnelle&nbsp;: un d\u00e9fi tou\u00adjours d\u2019actualit\u00e9<\/p>\n\n\n\n<p>M\u00eame en 2025, de nom\u00adbreuses femmes peinent \u00e0 se met\u00adtre en avant, que ce soit par mod\u00adestie, par crainte du juge\u00adment ou par manque de mod\u00ad\u00e8les. Le syn\u00addrome de l\u2019imposteur, la peur de l\u2019\u00e9chec ou la dif\u00adfi\u00adcult\u00e9 \u00e0 s\u2019auto-promouvoir freinent trop sou\u00advent l\u2019acc\u00e8s \u00e0 des postes \u00e0 respon\u00ads\u00adabil\u00adit\u00e9. Or, la vis\u00adi\u00adbil\u00adit\u00e9 est un levi\u00ader cl\u00e9 pour \u00e9voluer, obtenir des pro\u00admo\u00adtions, lancer un pro\u00adjet ou sim\u00adple\u00adment \u00eatre recon\u00adnue \u00e0 sa juste valeur.<\/p>\n\n\n\n<figure class=\"wp-block-image size-large\"><img loading=\"lazy\" decoding=\"async\" width=\"1024\" height=\"1024\" src=\"https:\/\/bobea.net\/wp-content\/uploads\/2025\/04\/VISIBLES_2025_-_intervenantes_Lou-Lubie-1024x1024.png\" alt class=\"wp-image-14993\" srcset=\"https:\/\/bobea.net\/wp-content\/uploads\/2025\/04\/VISIBLES_2025_-_intervenantes_Lou-Lubie-1024x1024.png 1024w, https:\/\/bobea.net\/wp-content\/uploads\/2025\/04\/VISIBLES_2025_-_intervenantes_Lou-Lubie-300x300.png 300w, https:\/\/bobea.net\/wp-content\/uploads\/2025\/04\/VISIBLES_2025_-_intervenantes_Lou-Lubie-150x150.png 150w, https:\/\/bobea.net\/wp-content\/uploads\/2025\/04\/VISIBLES_2025_-_intervenantes_Lou-Lubie-768x768.png 768w, https:\/\/bobea.net\/wp-content\/uploads\/2025\/04\/VISIBLES_2025_-_intervenantes_Lou-Lubie.png 1080w\" sizes=\"(max-width: 1024px) 100vw, 1024px\"><\/figure>\n\n\n\n<p>Le fes\u00adti\u00adval VISIBLES&nbsp;: un lab\u00ado\u00adra\u00adtoire d\u2019empowerment<\/p>\n\n\n\n<p>Cr\u00e9\u00e9 en 2022, le fes\u00adti\u00adval VISIBLES est rapi\u00adde\u00adment devenu un ren\u00addez-vous incon\u00adtourn\u00adable pour toutes celles qui veu\u00adlent pren\u00addre leur place dans le monde pro\u00adfes\u00adsion\u00adnel. L\u2019\u00e9dition 2025, organ\u00adis\u00e9e \u00e0 Rennes, pro\u00adpose trois jours d\u2019ateliers, de con\u00adf\u00e9rences et de ren\u00adcon\u00adtres avec des expertes, des coachs et des femmes lead\u00aders de tous hori\u00adzons.<\/p>\n\n\n\n<p><strong>Les ate\u00adliers \u201cDevenez vis\u00adi\u00adble\u201d&nbsp;: mode d\u2019emploi<\/strong><\/p>\n\n\n\n<ul class=\"wp-block-list\">\n<li><strong>Pren\u00addre la parole en pub\u00adlic<\/strong>&nbsp;: exer\u00adci\u00adces de prise de parole, ges\u00adtion du trac, tech\u00adniques pour cap\u00adtiv\u00ader son audi\u00adtoire.<\/li>\n\n\n\n<li><strong>Val\u00adoris\u00ader son par\u00adcours<\/strong>&nbsp;: appren\u00addre \u00e0 racon\u00adter son his\u00adtoire, \u00e0 met\u00adtre en avant ses r\u00e9us\u00adsites et \u00e0 trans\u00adformer ses \u201c\u00e9checs\u201d en atouts.<\/li>\n\n\n\n<li><strong>Net\u00adwork\u00ading effi\u00adcace<\/strong>&nbsp;: com\u00adment \u00e9largir son r\u00e9seau, se pr\u00e9sen\u00adter avec impact, entretenir des rela\u00adtions pro\u00adfes\u00adsion\u00adnelles durables.<\/li>\n\n\n\n<li><strong>Utilis\u00ader le dig\u00adi\u00adtal \u00e0 son avan\u00adtage<\/strong>&nbsp;: opti\u00admiser son pro\u00adfil LinkedIn, ma\u00eetris\u00ader les r\u00e9seaux soci\u00adaux pro\u00adfes\u00adsion\u00adnels, cr\u00e9er du con\u00adtenu pour se posi\u00adtion\u00adner comme experte.<\/li>\n<\/ul>\n\n\n\n<p>T\u00e9moignages de par\u00adtic\u00adi\u00adpantes<\/p>\n\n\n\n<ul class=\"wp-block-list\">\n<li><strong>Julie, 34 ans, ing\u00e9nieure<\/strong>&nbsp;: \u201cJ\u2019ai longtemps h\u00e9sit\u00e9 \u00e0 pos\u00adtuler \u00e0 des postes de man\u00adage\u00adment. Les ate\u00adliers m\u2019ont don\u00adn\u00e9 con\u00adfi\u00adance et des out\u00adils con\u00adcrets pour me met\u00adtre en avant.\u201d<\/li>\n\n\n\n<li><strong>Fatou, 41 ans, entre\u00adpre\u00adneure<\/strong>&nbsp;: \u201cLe net\u00adwork\u00ading m\u2019intimidait. J\u2019ai appris \u00e0 par\u00adler de mon pro\u00adjet avec ent\u00adhou\u00adsi\u00adasme et \u00e0 cr\u00e9er des con\u00adnex\u00adions utiles.\u201d<\/li>\n\n\n\n<li><strong>Chlo\u00e9, 27 ans, con\u00adsul\u00adtante<\/strong>&nbsp;: \u201cJ\u2019ai com\u00adpris que la vis\u00adi\u00adbil\u00adit\u00e9, ce n\u2019est pas de l\u2019arrogance mais de la l\u00e9gitim\u00adit\u00e9. Oser se mon\u00adtr\u00ader, c\u2019est aus\u00adsi inspir\u00ader d\u2019autres femmes.\u201d<\/li>\n<\/ul>\n\n\n\n<p>Les secrets des femmes qui r\u00e9us\u00adsis\u00adsent<\/p>\n\n\n\n<ul class=\"wp-block-list\">\n<li><strong>L\u2019audace de deman\u00adder<\/strong>&nbsp;: oser sol\u00adliciter une aug\u00admen\u00adta\u00adtion, un poste, un men\u00adtorat.<\/li>\n\n\n\n<li><strong>La force du col\u00adlec\u00adtif<\/strong>&nbsp;: s\u2019entourer de per\u00adson\u00adnes bien\u00adveil\u00adlantes, rejoin\u00addre des r\u00e9seaux f\u00e9minins, partager ses exp\u00e9ri\u00adences.<\/li>\n\n\n\n<li><strong>La capac\u00adit\u00e9 \u00e0 rebondir<\/strong>&nbsp;: trans\u00adformer les obsta\u00adcles en oppor\u00adtu\u00adnit\u00e9s, appren\u00addre de ses erreurs.<\/li>\n\n\n\n<li><strong>L\u2019art du sto\u00adry\u00adtelling<\/strong>&nbsp;: savoir racon\u00adter son par\u00adcours, ses valeurs, ses ambi\u00adtions pour mar\u00adquer les esprits.<\/li>\n<\/ul>\n\n\n\n<p>Con\u00adseils d\u2019expertes pour gag\u00adn\u00ader en vis\u00adi\u00adbil\u00adit\u00e9<\/p>\n\n\n\n<ul class=\"wp-block-list\">\n<li><strong>Pr\u00e9\u00adparez votre pitch per\u00adson\u00adnel<\/strong>&nbsp;: une pr\u00e9sen\u00adta\u00adtion claire, con\u00adcise et authen\u00adtique de qui vous \u00eates et de ce que vous apportez.<\/li>\n\n\n\n<li><strong>Cul\u00adtivez votre pr\u00e9sence dig\u00adi\u00adtale<\/strong>&nbsp;: postez r\u00e9guli\u00e8re\u00adment sur LinkedIn, partagez vos r\u00e9us\u00adsites, com\u00admentez l\u2019actualit\u00e9 de votre secteur.<\/li>\n\n\n\n<li><strong>Formez-vous en con\u00adtinu<\/strong>&nbsp;: osez sor\u00adtir de votre zone de con\u00adfort, d\u00e9veloppez de nou\u00advelles com\u00adp\u00e9\u00adtences, par\u00adticipez \u00e0 des \u00e9v\u00e9ne\u00adments.<\/li>\n\n\n\n<li><strong>C\u00e9l\u00e9brez vos suc\u00adc\u00e8s<\/strong>&nbsp;: ne min\u00adimisez pas vos accom\u00adplisse\u00adments, partagez-les avec fiert\u00e9.<\/li>\n<\/ul>\n\n\n\n<figure class=\"wp-block-image size-full\"><img loading=\"lazy\" decoding=\"async\" width=\"1024\" height=\"683\" src=\"https:\/\/bobea.net\/wp-content\/uploads\/2025\/04\/1609403732875.jpg\" alt class=\"wp-image-14995\" srcset=\"https:\/\/bobea.net\/wp-content\/uploads\/2025\/04\/1609403732875.jpg 1024w, https:\/\/bobea.net\/wp-content\/uploads\/2025\/04\/1609403732875-300x200.jpg 300w, https:\/\/bobea.net\/wp-content\/uploads\/2025\/04\/1609403732875-768x512.jpg 768w\" sizes=\"(max-width: 1024px) 100vw, 1024px\"><\/figure>\n\n\n\n<p>L\u2019impact du fes\u00adti\u00adval VISIBLES<\/p>\n\n\n\n<p>Au-del\u00e0 des ate\u00adliers, le fes\u00adti\u00adval VISIBLES cr\u00e9e une dynamique d\u2019entraide et de soror\u00adit\u00e9. Les par\u00adtic\u00adi\u00adpantes repar\u00adtent avec des out\u00adils con\u00adcrets, mais aus\u00adsi avec l\u2019\u00e9nergie d\u2019un col\u00adlec\u00adtif qui croit en la r\u00e9us\u00adsite de cha\u00adcune. Les retours sont unanimes&nbsp;: oser se ren\u00addre vis\u00adi\u00adble, c\u2019est ouvrir la porte \u00e0 de nou\u00advelles oppor\u00adtu\u00adnit\u00e9s et inspir\u00ader d\u2019autres femmes \u00e0 faire de m\u00eame.<\/p>\n\n\n\n<p>Con\u00adclu\u00adsion<\/p>\n\n\n\n<p>La r\u00e9us\u00adsite pro\u00adfes\u00adsion\u00adnelle des femmes passe par la vis\u00adi\u00adbil\u00adit\u00e9, l\u2019audace et la sol\u00adi\u00addar\u00adit\u00e9. Les ate\u00adliers \u201cDevenez vis\u00adi\u00adble\u201d du fes\u00adti\u00adval VISIBLES 2025 en sont la preuve&nbsp;: en osant pren\u00addre la parole, val\u00adoris\u00ader son par\u00adcours et tiss\u00ader des liens, chaque femme peut devenir actrice de son suc\u00adc\u00e8s. Un mes\u00adsage d\u2019espoir et de puis\u00adsance \u00e0 dif\u00adfuser sans mod\u00ad\u00e9ra\u00adtion.<\/p>\n\n\n\n<p><\/p>\n","protected":false},"excerpt":{"rendered":"<p>Intro\u00adduc\u00adtion En 2025, la r\u00e9us\u00adsite pro\u00adfes\u00adsion\u00adnelle des femmes est plus que jamais au c\u0153ur des d\u00e9bats et des ambi\u00adtions. Pour\u00adtant, mal\u00adgr\u00e9 les avanc\u00e9es, la ques\u00adtion de la vis\u00adi\u00adbil\u00adit\u00e9 reste un\u2026 <\/p>\n","protected":false},"author":1,"featured_media":14992,"comment_status":"open","ping_status":"closed","sticky":false,"template":"","format":"standard","meta":{"wp_typography_post_enhancements_disabled":false,"footnotes":""},"categories":[71,73],"tags":[11333,11336,370,8073,11334,6812,11335,11332],"class_list":["post-14991","post","type-post","status-publish","format-standard","has-post-thumbnail","hentry","category-leaders","category-on-en-parle","tag-ateliers-carriere","tag-conseils-professionnels","tag-empowerment-feminin","tag-femmes-au-travail","tag-festival-visibles","tag-networking","tag-reussite-femmes","tag-visibilite-professionnelle"],"yoast_head":"<!-- This site is optimized with the Yoast SEO plugin v24.7 - https:\/\/yoast.com\/wordpress\/plugins\/seo\/ -->\n<title>Confidences sur la r\u00e9ussite professionnelle : ateliers \u201cDevenez visible\u201d au festival VISIBLES 2025 - Bobea<\/title>\n<meta name=\"description\" content=\"En 2025, la r\u00e9ussite professionnelle des femmes est plus que jamais au c\u0153ur des d\u00e9bats et des ambitions. Pourtant, malgr\u00e9 les avanc\u00e9es\" \/>\n<meta name=\"robots\" content=\"index, follow, max-snippet:-1, max-image-preview:large, max-video-preview:-1\" \/>\n<link rel=\"canonical\" href=\"https:\/\/bobea.net\/index.php\/2025\/04\/26\/confidences-sur-la-reussite-professionnelle-ateliers-devenez-visible-au-festival-visibles-2025\/\" \/>\n<meta property=\"og:locale\" content=\"fr_FR\" \/>\n<meta property=\"og:type\" content=\"article\" \/>\n<meta property=\"og:title\" content=\"Confidences sur la r\u00e9ussite professionnelle : ateliers \u201cDevenez visible\u201d au festival VISIBLES 2025 - Bobea\" \/>\n<meta property=\"og:description\" content=\"En 2025, la r\u00e9ussite professionnelle des femmes est plus que jamais au c\u0153ur des d\u00e9bats et des ambitions. Pourtant, malgr\u00e9 les avanc\u00e9es\" \/>\n<meta property=\"og:url\" content=\"https:\/\/bobea.net\/index.php\/2025\/04\/26\/confidences-sur-la-reussite-professionnelle-ateliers-devenez-visible-au-festival-visibles-2025\/\" \/>\n<meta property=\"og:site_name\" content=\"Bobea\" \/>\n<meta property=\"article:publisher\" content=\"https:\/\/web.facebook.com\/profile.php?id=61559252188416\" \/>\n<meta property=\"article:published_time\" content=\"2025-04-26T12:43:10+00:00\" \/>\n<meta property=\"article:modified_time\" content=\"2025-04-26T12:43:12+00:00\" \/>\n<meta property=\"og:image\" content=\"https:\/\/bobea.net\/wp-content\/uploads\/2025\/04\/Johanna-LUYSSEN-min.png\" \/>\n\t<meta property=\"og:image:width\" content=\"1080\" \/>\n\t<meta property=\"og:image:height\" content=\"1080\" \/>\n\t<meta property=\"og:image:type\" content=\"image\/png\" \/>\n<meta name=\"author\" content=\"bobea.info\" \/>\n<meta name=\"twitter:card\" content=\"summary_large_image\" \/>\n<meta name=\"twitter:label1\" content=\"\u00c9crit par\" \/>\n\t<meta name=\"twitter:data1\" content=\"bobea.info\" \/>\n\t<meta name=\"twitter:label2\" content=\"Dur\u00e9e de lecture estim\u00e9e\" \/>\n\t<meta name=\"twitter:data2\" content=\"4 minutes\" \/>\n<script type=\"application\/ld+json\" class=\"yoast-schema-graph\">{\"@context\":\"https:\/\/schema.org\",\"@graph\":[{\"@type\":\"Article\",\"@id\":\"https:\/\/bobea.net\/index.php\/2025\/04\/26\/confidences-sur-la-reussite-professionnelle-ateliers-devenez-visible-au-festival-visibles-2025\/#article\",\"isPartOf\":{\"@id\":\"https:\/\/bobea.net\/index.php\/2025\/04\/26\/confidences-sur-la-reussite-professionnelle-ateliers-devenez-visible-au-festival-visibles-2025\/\"},\"author\":{\"name\":\"bobea.info\",\"@id\":\"https:\/\/bobea.net\/#\/schema\/person\/e7f45ef187918d7c956bf619dce90ccf\"},\"headline\":\"Confidences sur la r\u00e9ussite professionnelle : ateliers \u201cDevenez visible\u201d au festival VISIBLES 2025\",\"datePublished\":\"2025-04-26T12:43:10+00:00\",\"dateModified\":\"2025-04-26T12:43:12+00:00\",\"mainEntityOfPage\":{\"@id\":\"https:\/\/bobea.net\/index.php\/2025\/04\/26\/confidences-sur-la-reussite-professionnelle-ateliers-devenez-visible-au-festival-visibles-2025\/\"},\"wordCount\":708,\"commentCount\":0,\"publisher\":{\"@id\":\"https:\/\/bobea.net\/#organization\"},\"image\":{\"@id\":\"https:\/\/bobea.net\/index.php\/2025\/04\/26\/confidences-sur-la-reussite-professionnelle-ateliers-devenez-visible-au-festival-visibles-2025\/#primaryimage\"},\"thumbnailUrl\":\"https:\/\/bobea.net\/wp-content\/uploads\/2025\/04\/Johanna-LUYSSEN-min.png\",\"keywords\":[\"ateliers carri\u00e8re\",\"conseils professionnels\",\"empowerment f\u00e9minin\",\"femmes au travail\",\"festival VISIBLES\",\"networking\",\"r\u00e9ussite femmes\",\"visibilit\u00e9 professionnelle\"],\"articleSection\":[\"Leaders\",\"On en Parle\"],\"inLanguage\":\"fr-FR\",\"potentialAction\":[{\"@type\":\"CommentAction\",\"name\":\"Comment\",\"target\":[\"https:\/\/bobea.net\/index.php\/2025\/04\/26\/confidences-sur-la-reussite-professionnelle-ateliers-devenez-visible-au-festival-visibles-2025\/#respond\"]}]},{\"@type\":\"WebPage\",\"@id\":\"https:\/\/bobea.net\/index.php\/2025\/04\/26\/confidences-sur-la-reussite-professionnelle-ateliers-devenez-visible-au-festival-visibles-2025\/\",\"url\":\"https:\/\/bobea.net\/index.php\/2025\/04\/26\/confidences-sur-la-reussite-professionnelle-ateliers-devenez-visible-au-festival-visibles-2025\/\",\"name\":\"Confidences sur la r\u00e9ussite professionnelle : ateliers \u201cDevenez visible\u201d au festival VISIBLES 2025 - Bobea\",\"isPartOf\":{\"@id\":\"https:\/\/bobea.net\/#website\"},\"primaryImageOfPage\":{\"@id\":\"https:\/\/bobea.net\/index.php\/2025\/04\/26\/confidences-sur-la-reussite-professionnelle-ateliers-devenez-visible-au-festival-visibles-2025\/#primaryimage\"},\"image\":{\"@id\":\"https:\/\/bobea.net\/index.php\/2025\/04\/26\/confidences-sur-la-reussite-professionnelle-ateliers-devenez-visible-au-festival-visibles-2025\/#primaryimage\"},\"thumbnailUrl\":\"https:\/\/bobea.net\/wp-content\/uploads\/2025\/04\/Johanna-LUYSSEN-min.png\",\"datePublished\":\"2025-04-26T12:43:10+00:00\",\"dateModified\":\"2025-04-26T12:43:12+00:00\",\"description\":\"En 2025, la r\u00e9ussite professionnelle des femmes est plus que jamais au c\u0153ur des d\u00e9bats et des ambitions. Pourtant, malgr\u00e9 les avanc\u00e9es\",\"breadcrumb\":{\"@id\":\"https:\/\/bobea.net\/index.php\/2025\/04\/26\/confidences-sur-la-reussite-professionnelle-ateliers-devenez-visible-au-festival-visibles-2025\/#breadcrumb\"},\"inLanguage\":\"fr-FR\",\"potentialAction\":[{\"@type\":\"ReadAction\",\"target\":[\"https:\/\/bobea.net\/index.php\/2025\/04\/26\/confidences-sur-la-reussite-professionnelle-ateliers-devenez-visible-au-festival-visibles-2025\/\"]}]},{\"@type\":\"ImageObject\",\"inLanguage\":\"fr-FR\",\"@id\":\"https:\/\/bobea.net\/index.php\/2025\/04\/26\/confidences-sur-la-reussite-professionnelle-ateliers-devenez-visible-au-festival-visibles-2025\/#primaryimage\",\"url\":\"https:\/\/bobea.net\/wp-content\/uploads\/2025\/04\/Johanna-LUYSSEN-min.png\",\"contentUrl\":\"https:\/\/bobea.net\/wp-content\/uploads\/2025\/04\/Johanna-LUYSSEN-min.png\",\"width\":1080,\"height\":1080},{\"@type\":\"BreadcrumbList\",\"@id\":\"https:\/\/bobea.net\/index.php\/2025\/04\/26\/confidences-sur-la-reussite-professionnelle-ateliers-devenez-visible-au-festival-visibles-2025\/#breadcrumb\",\"itemListElement\":[{\"@type\":\"ListItem\",\"position\":1,\"name\":\"Accueil\",\"item\":\"https:\/\/bobea.net\/\"},{\"@type\":\"ListItem\",\"position\":2,\"name\":\"Confidences sur la r\u00e9ussite professionnelle : ateliers \u201cDevenez visible\u201d au festival VISIBLES 2025\"}]},{\"@type\":\"WebSite\",\"@id\":\"https:\/\/bobea.net\/#website\",\"url\":\"https:\/\/bobea.net\/\",\"name\":\"Bobea\",\"description\":\"Le magazine de la nouvelle \u00c8ve\",\"publisher\":{\"@id\":\"https:\/\/bobea.net\/#organization\"},\"potentialAction\":[{\"@type\":\"SearchAction\",\"target\":{\"@type\":\"EntryPoint\",\"urlTemplate\":\"https:\/\/bobea.net\/?s={search_term_string}\"},\"query-input\":{\"@type\":\"PropertyValueSpecification\",\"valueRequired\":true,\"valueName\":\"search_term_string\"}}],\"inLanguage\":\"fr-FR\"},{\"@type\":\"Organization\",\"@id\":\"https:\/\/bobea.net\/#organization\",\"name\":\"Bobea\",\"url\":\"https:\/\/bobea.net\/\",\"logo\":{\"@type\":\"ImageObject\",\"inLanguage\":\"fr-FR\",\"@id\":\"https:\/\/bobea.net\/#\/schema\/logo\/image\/\",\"url\":\"https:\/\/bobea.net\/wp-content\/uploads\/2024\/06\/bobea.jpg\",\"contentUrl\":\"https:\/\/bobea.net\/wp-content\/uploads\/2024\/06\/bobea.jpg\",\"width\":1080,\"height\":1080,\"caption\":\"Bobea\"},\"image\":{\"@id\":\"https:\/\/bobea.net\/#\/schema\/logo\/image\/\"},\"sameAs\":[\"https:\/\/web.facebook.com\/profile.php?id=61559252188416\"]},{\"@type\":\"Person\",\"@id\":\"https:\/\/bobea.net\/#\/schema\/person\/e7f45ef187918d7c956bf619dce90ccf\",\"name\":\"bobea.info\",\"image\":{\"@type\":\"ImageObject\",\"inLanguage\":\"fr-FR\",\"@id\":\"https:\/\/bobea.net\/#\/schema\/person\/image\/\",\"url\":\"https:\/\/secure.gravatar.com\/avatar\/36147980349df887ae30808df3e29474?s=96&d=mm&r=g\",\"contentUrl\":\"https:\/\/secure.gravatar.com\/avatar\/36147980349df887ae30808df3e29474?s=96&d=mm&r=g\",\"caption\":\"bobea.info\"},\"sameAs\":[\"https:\/\/bobea.net\"],\"url\":\"https:\/\/bobea.net\/index.php\/author\/bobea-info\/\"}]}<\/script>\n<!-- \/ Yoast SEO plugin. -->","yoast_head_json":{"title":"Confidences sur la r\u00e9ussite professionnelle : ateliers \u201cDevenez visible\u201d au festival VISIBLES 2025 - Bobea","description":"En 2025, la r\u00e9ussite professionnelle des femmes est plus que jamais au c\u0153ur des d\u00e9bats et des ambitions. Pourtant, malgr\u00e9 les avanc\u00e9es","robots":{"index":"index","follow":"follow","max-snippet":"max-snippet:-1","max-image-preview":"max-image-preview:large","max-video-preview":"max-video-preview:-1"},"canonical":"https:\/\/bobea.net\/index.php\/2025\/04\/26\/confidences-sur-la-reussite-professionnelle-ateliers-devenez-visible-au-festival-visibles-2025\/","og_locale":"fr_FR","og_type":"article","og_title":"Confidences sur la r\u00e9ussite professionnelle : ateliers \u201cDevenez visible\u201d au festival VISIBLES 2025 - Bobea","og_description":"En 2025, la r\u00e9ussite professionnelle des femmes est plus que jamais au c\u0153ur des d\u00e9bats et des ambitions. Pourtant, malgr\u00e9 les avanc\u00e9es","og_url":"https:\/\/bobea.net\/index.php\/2025\/04\/26\/confidences-sur-la-reussite-professionnelle-ateliers-devenez-visible-au-festival-visibles-2025\/","og_site_name":"Bobea","article_publisher":"https:\/\/web.facebook.com\/profile.php?id=61559252188416","article_published_time":"2025-04-26T12:43:10+00:00","article_modified_time":"2025-04-26T12:43:12+00:00","og_image":[{"width":1080,"height":1080,"url":"https:\/\/bobea.net\/wp-content\/uploads\/2025\/04\/Johanna-LUYSSEN-min.png","type":"image\/png"}],"author":"bobea.info","twitter_card":"summary_large_image","twitter_misc":{"\u00c9crit par":"bobea.info","Dur\u00e9e de lecture estim\u00e9e":"4 minutes"},"schema":{"@context":"https:\/\/schema.org","@graph":[{"@type":"Article","@id":"https:\/\/bobea.net\/index.php\/2025\/04\/26\/confidences-sur-la-reussite-professionnelle-ateliers-devenez-visible-au-festival-visibles-2025\/#article","isPartOf":{"@id":"https:\/\/bobea.net\/index.php\/2025\/04\/26\/confidences-sur-la-reussite-professionnelle-ateliers-devenez-visible-au-festival-visibles-2025\/"},"author":{"name":"bobea.info","@id":"https:\/\/bobea.net\/#\/schema\/person\/e7f45ef187918d7c956bf619dce90ccf"},"headline":"Confidences sur la r\u00e9ussite professionnelle : ateliers \u201cDevenez visible\u201d au festival VISIBLES 2025","datePublished":"2025-04-26T12:43:10+00:00","dateModified":"2025-04-26T12:43:12+00:00","mainEntityOfPage":{"@id":"https:\/\/bobea.net\/index.php\/2025\/04\/26\/confidences-sur-la-reussite-professionnelle-ateliers-devenez-visible-au-festival-visibles-2025\/"},"wordCount":708,"commentCount":0,"publisher":{"@id":"https:\/\/bobea.net\/#organization"},"image":{"@id":"https:\/\/bobea.net\/index.php\/2025\/04\/26\/confidences-sur-la-reussite-professionnelle-ateliers-devenez-visible-au-festival-visibles-2025\/#primaryimage"},"thumbnailUrl":"https:\/\/bobea.net\/wp-content\/uploads\/2025\/04\/Johanna-LUYSSEN-min.png","keywords":["ateliers carri\u00e8re","conseils professionnels","empowerment f\u00e9minin","femmes au travail","festival VISIBLES","networking","r\u00e9ussite femmes","visibilit\u00e9 professionnelle"],"articleSection":["Leaders","On en Parle"],"inLanguage":"fr-FR","potentialAction":[{"@type":"CommentAction","name":"Comment","target":["https:\/\/bobea.net\/index.php\/2025\/04\/26\/confidences-sur-la-reussite-professionnelle-ateliers-devenez-visible-au-festival-visibles-2025\/#respond"]}]},{"@type":"WebPage","@id":"https:\/\/bobea.net\/index.php\/2025\/04\/26\/confidences-sur-la-reussite-professionnelle-ateliers-devenez-visible-au-festival-visibles-2025\/","url":"https:\/\/bobea.net\/index.php\/2025\/04\/26\/confidences-sur-la-reussite-professionnelle-ateliers-devenez-visible-au-festival-visibles-2025\/","name":"Confidences sur la r\u00e9ussite professionnelle : ateliers \u201cDevenez visible\u201d au festival VISIBLES 2025 - Bobea","isPartOf":{"@id":"https:\/\/bobea.net\/#website"},"primaryImageOfPage":{"@id":"https:\/\/bobea.net\/index.php\/2025\/04\/26\/confidences-sur-la-reussite-professionnelle-ateliers-devenez-visible-au-festival-visibles-2025\/#primaryimage"},"image":{"@id":"https:\/\/bobea.net\/index.php\/2025\/04\/26\/confidences-sur-la-reussite-professionnelle-ateliers-devenez-visible-au-festival-visibles-2025\/#primaryimage"},"thumbnailUrl":"https:\/\/bobea.net\/wp-content\/uploads\/2025\/04\/Johanna-LUYSSEN-min.png","datePublished":"2025-04-26T12:43:10+00:00","dateModified":"2025-04-26T12:43:12+00:00","description":"En 2025, la r\u00e9ussite professionnelle des femmes est plus que jamais au c\u0153ur des d\u00e9bats et des ambitions. Pourtant, malgr\u00e9 les avanc\u00e9es","breadcrumb":{"@id":"https:\/\/bobea.net\/index.php\/2025\/04\/26\/confidences-sur-la-reussite-professionnelle-ateliers-devenez-visible-au-festival-visibles-2025\/#breadcrumb"},"inLanguage":"fr-FR","potentialAction":[{"@type":"ReadAction","target":["https:\/\/bobea.net\/index.php\/2025\/04\/26\/confidences-sur-la-reussite-professionnelle-ateliers-devenez-visible-au-festival-visibles-2025\/"]}]},{"@type":"ImageObject","inLanguage":"fr-FR","@id":"https:\/\/bobea.net\/index.php\/2025\/04\/26\/confidences-sur-la-reussite-professionnelle-ateliers-devenez-visible-au-festival-visibles-2025\/#primaryimage","url":"https:\/\/bobea.net\/wp-content\/uploads\/2025\/04\/Johanna-LUYSSEN-min.png","contentUrl":"https:\/\/bobea.net\/wp-content\/uploads\/2025\/04\/Johanna-LUYSSEN-min.png","width":1080,"height":1080},{"@type":"BreadcrumbList","@id":"https:\/\/bobea.net\/index.php\/2025\/04\/26\/confidences-sur-la-reussite-professionnelle-ateliers-devenez-visible-au-festival-visibles-2025\/#breadcrumb","itemListElement":[{"@type":"ListItem","position":1,"name":"Accueil","item":"https:\/\/bobea.net\/"},{"@type":"ListItem","position":2,"name":"Confidences sur la r\u00e9ussite professionnelle : ateliers \u201cDevenez visible\u201d au festival VISIBLES 2025"}]},{"@type":"WebSite","@id":"https:\/\/bobea.net\/#website","url":"https:\/\/bobea.net\/","name":"Bobea","description":"Le magazine de la nouvelle \u00c8ve","publisher":{"@id":"https:\/\/bobea.net\/#organization"},"potentialAction":[{"@type":"SearchAction","target":{"@type":"EntryPoint","urlTemplate":"https:\/\/bobea.net\/?s={search_term_string}"},"query-input":{"@type":"PropertyValueSpecification","valueRequired":true,"valueName":"search_term_string"}}],"inLanguage":"fr-FR"},{"@type":"Organization","@id":"https:\/\/bobea.net\/#organization","name":"Bobea","url":"https:\/\/bobea.net\/","logo":{"@type":"ImageObject","inLanguage":"fr-FR","@id":"https:\/\/bobea.net\/#\/schema\/logo\/image\/","url":"https:\/\/bobea.net\/wp-content\/uploads\/2024\/06\/bobea.jpg","contentUrl":"https:\/\/bobea.net\/wp-content\/uploads\/2024\/06\/bobea.jpg","width":1080,"height":1080,"caption":"Bobea"},"image":{"@id":"https:\/\/bobea.net\/#\/schema\/logo\/image\/"},"sameAs":["https:\/\/web.facebook.com\/profile.php?id=61559252188416"]},{"@type":"Person","@id":"https:\/\/bobea.net\/#\/schema\/person\/e7f45ef187918d7c956bf619dce90ccf","name":"bobea.info","image":{"@type":"ImageObject","inLanguage":"fr-FR","@id":"https:\/\/bobea.net\/#\/schema\/person\/image\/","url":"https:\/\/secure.gravatar.com\/avatar\/36147980349df887ae30808df3e29474?s=96&d=mm&r=g","contentUrl":"https:\/\/secure.gravatar.com\/avatar\/36147980349df887ae30808df3e29474?s=96&d=mm&r=g","caption":"bobea.info"},"sameAs":["https:\/\/bobea.net"],"url":"https:\/\/bobea.net\/index.php\/author\/bobea-info\/"}]}},"_links":{"self":[{"href":"https:\/\/bobea.net\/index.php\/wp-json\/wp\/v2\/posts\/14991"}],"collection":[{"href":"https:\/\/bobea.net\/index.php\/wp-json\/wp\/v2\/posts"}],"about":[{"href":"https:\/\/bobea.net\/index.php\/wp-json\/wp\/v2\/types\/post"}],"author":[{"embeddable":true,"href":"https:\/\/bobea.net\/index.php\/wp-json\/wp\/v2\/users\/1"}],"replies":[{"embeddable":true,"href":"https:\/\/bobea.net\/index.php\/wp-json\/wp\/v2\/comments?post=14991"}],"version-history":[{"count":1,"href":"https:\/\/bobea.net\/index.php\/wp-json\/wp\/v2\/posts\/14991\/revisions"}],"predecessor-version":[{"id":14996,"href":"https:\/\/bobea.net\/index.php\/wp-json\/wp\/v2\/posts\/14991\/revisions\/14996"}],"wp:featuredmedia":[{"embeddable":true,"href":"https:\/\/bobea.net\/index.php\/wp-json\/wp\/v2\/media\/14992"}],"wp:attachment":[{"href":"https:\/\/bobea.net\/index.php\/wp-json\/wp\/v2\/media?parent=14991"}],"wp:term":[{"taxonomy":"category","embeddable":true,"href":"https:\/\/bobea.net\/index.php\/wp-json\/wp\/v2\/categories?post=14991"},{"taxonomy":"post_tag","embeddable":true,"href":"https:\/\/bobea.net\/index.php\/wp-json\/wp\/v2\/tags?post=14991"}],"curies":[{"name":"wp","href":"https:\/\/api.w.org\/{rel}","templated":true}]}}