{"id":14922,"date":"2025-04-26T09:16:15","date_gmt":"2025-04-26T09:16:15","guid":{"rendered":"https:\/\/bobea.net\/?p=14922"},"modified":"2025-04-26T09:16:16","modified_gmt":"2025-04-26T09:16:16","slug":"dossier-bobea-city-girls-la-parisienne-etre-parisienne-aujourdhui-belle-libre-elegante","status":"publish","type":"post","link":"https:\/\/bobea.net\/index.php\/2025\/04\/26\/dossier-bobea-city-girls-la-parisienne-etre-parisienne-aujourdhui-belle-libre-elegante\/","title":{"rendered":"Dossier  BOBEA CITY GIRLS&nbsp;: La Parisienne \u2013 \u00catre Parisienne aujourd\u2019hui : Belle, libre, \u00e9l\u00e9gante"},"content":{"rendered":"\n<p><\/p>\n\n\n\n<p>Intro\u00adduc\u00adtion : La Parisi\u00adenne, ic\u00f4ne intem\u00adporelle et mod\u00aderne<\/p>\n\n\n\n<p>\u00catre Parisi\u00adenne aujourd\u2019hui, c\u2019est incar\u00adn\u00ader un m\u00e9lange sub\u00adtil d\u2019\u00e9l\u00e9gance, de lib\u00adert\u00e9 et de cr\u00e9a\u00adtiv\u00adit\u00e9. Au-del\u00e0 du clich\u00e9 de la femme sophis\u00adtiqu\u00e9e, la Parisi\u00adenne mod\u00aderne est plurielle, engag\u00e9e, pas\u00adsion\u00adn\u00e9e et fi\u00e8re de ses racines tout en \u00e9tant ouverte au monde. Ce dossier pro\u00adpose qua\u00adtre por\u00adtraits crois\u00e9s de Parisi\u00adennes con\u00adtem\u00adpo\u00adraines, qui incar\u00adnent \u00e0 leur mani\u00e8re cette iden\u00adtit\u00e9 unique, entre tra\u00addi\u00adtion et moder\u00adnit\u00e9.<\/p>\n\n\n\n<p>Por\u00adtrait 1 : L\u00e9a, la cr\u00e9a\u00adtrice de mode engag\u00e9e<\/p>\n\n\n\n<p>L\u00e9a, 32 ans, est une jeune cr\u00e9a\u00adtrice qui a su alli\u00ader son amour pour la mode et son engage\u00adment \u00e9cologique. Instal\u00adl\u00e9e dans le Marais, elle con\u00e7oit des col\u00adlec\u00adtions \u00e9thiques, priv\u00adil\u00e9\u00adgiant les mati\u00e8res naturelles et la pro\u00adduc\u00adtion locale. Pour elle, \u00eatre Parisi\u00adenne, c\u2019est aus\u00adsi d\u00e9fendre une mode respon\u00ads\u00adable, qui respecte la plan\u00e8te et les femmes qui la fab\u00adriquent. L\u00e9a incar\u00adne cette nou\u00advelle g\u00e9n\u00e9ra\u00adtion qui r\u00e9in\u00advente le style parisien avec con\u00adscience et audace.<\/p>\n\n\n\n<p>Por\u00adtrait 2 : Camille, la jour\u00adnal\u00adiste cul\u00adturelle<\/p>\n\n\n\n<p>Camille, 45 ans, vit \u00e0 Saint-Ger\u00admain-des-Pr\u00e9s. Pas\u00adsion\u00adn\u00e9e par la lit\u00adt\u00e9ra\u00adture, le cin\u00e9\u00adma et les arts, elle tra\u00advaille pour un grand mag\u00ada\u00adzine cul\u00adturel. Son quo\u00adti\u00addi\u00aden est ryth\u00adm\u00e9 par les vernissages, les caf\u00e9s lit\u00adt\u00e9raires et les ren\u00adcon\u00adtres avec des artistes. Pour Camille, \u00eatre Parisi\u00adenne, c\u2019est cul\u00adtiv\u00ader la curiosit\u00e9, la lib\u00adert\u00e9 d\u2019expression et le go\u00fbt du d\u00e9bat. Elle incar\u00adne l\u2019intellectuelle urbaine, fi\u00e8re de son h\u00e9ritage cul\u00adturel et ouverte aux influ\u00adences du monde entier.<\/p>\n\n\n\n<figure class=\"wp-block-image size-large\"><img loading=\"lazy\" decoding=\"async\" width=\"1024\" height=\"468\" src=\"https:\/\/bobea.net\/wp-content\/uploads\/2025\/04\/1678375692-1024x468.jpg\" alt class=\"wp-image-14923\" srcset=\"https:\/\/bobea.net\/wp-content\/uploads\/2025\/04\/1678375692-1024x468.jpg 1024w, https:\/\/bobea.net\/wp-content\/uploads\/2025\/04\/1678375692-300x137.jpg 300w, https:\/\/bobea.net\/wp-content\/uploads\/2025\/04\/1678375692-768x351.jpg 768w, https:\/\/bobea.net\/wp-content\/uploads\/2025\/04\/1678375692.jpg 1170w\" sizes=\"(max-width: 1024px) 100vw, 1024px\"><\/figure>\n\n\n\n<p>Por\u00adtrait 3 : Sophie, entre\u00adpre\u00adneure et maman<\/p>\n\n\n\n<p>Sophie, 38 ans, jon\u00adgle avec brio entre sa start-up dans la tech et sa vie de m\u00e8re de deux enfants. Elle habite le 11e arrondisse\u00adment, un quarti\u00ader dynamique et mul\u00adti\u00adcul\u00adturel. Pour elle, \u00eatre Parisi\u00adenne, c\u2019est savoir con\u00adjuguer ambi\u00adtions pro\u00adfes\u00adsion\u00adnelles et vie per\u00adson\u00adnelle, tout en prof\u00adi\u00adtant des richess\u00ades de la ville : parcs, \u00e9coles, com\u00admerces de prox\u00adim\u00adit\u00e9. Sophie est le sym\u00adbole d\u2019une femme mod\u00aderne, ind\u00e9pen\u00addante et r\u00e9siliente, qui con\u00adstru\u00adit son bon\u00adheur \u00e0 son rythme.<\/p>\n\n\n\n<p>Por\u00adtrait 4 : Nadia, artiste et mil\u00adi\u00adtante asso\u00adcia\u00adtive<\/p>\n\n\n\n<p>Nadia, 29 ans, est une danseuse et chor\u00e9\u00adgraphe engag\u00e9e, tr\u00e8s active dans les mou\u00adve\u00adments f\u00e9min\u00adistes et antiracistes parisiens. Elle vit dans le 20e arrondisse\u00adment, o\u00f9 elle organ\u00adise des ate\u00adliers et des spec\u00adta\u00adcles pour sen\u00adsi\u00adbilis\u00ader \u00e0 la diver\u00adsit\u00e9 et \u00e0 l\u2019\u00e9galit\u00e9. Pour Nadia, \u00eatre Parisi\u00adenne, c\u2019est aus\u00adsi porter haut les valeurs de sol\u00adi\u00addar\u00adit\u00e9, de jus\u00adtice sociale et de cr\u00e9a\u00adtiv\u00adit\u00e9. Elle repr\u00e9sente la jeunesse mil\u00adi\u00adtante, fi\u00e8re de son iden\u00adtit\u00e9 mul\u00adti\u00adple et d\u00e9ter\u00admin\u00e9e \u00e0 faire bouger les lignes.<\/p>\n\n\n\n<figure class=\"wp-block-image size-large\"><img loading=\"lazy\" decoding=\"async\" width=\"1024\" height=\"468\" src=\"https:\/\/bobea.net\/wp-content\/uploads\/2025\/04\/1678373464-1024x468.jpg\" alt class=\"wp-image-14925\" srcset=\"https:\/\/bobea.net\/wp-content\/uploads\/2025\/04\/1678373464-1024x468.jpg 1024w, https:\/\/bobea.net\/wp-content\/uploads\/2025\/04\/1678373464-300x137.jpg 300w, https:\/\/bobea.net\/wp-content\/uploads\/2025\/04\/1678373464-768x351.jpg 768w, https:\/\/bobea.net\/wp-content\/uploads\/2025\/04\/1678373464.jpg 1170w\" sizes=\"(max-width: 1024px) 100vw, 1024px\"><\/figure>\n\n\n\n<p>Analyse : La Parisi\u00adenne d\u2019aujourd\u2019hui, entre h\u00e9ritage et inno\u00adva\u00adtion<\/p>\n\n\n\n<p>Ces qua\u00adtre por\u00adtraits r\u00e9v\u00e8\u00adlent la richesse et la diver\u00adsit\u00e9 de la Parisi\u00adenne con\u00adtem\u00adpo\u00adraine. L\u2019\u00e9l\u00e9gance n\u2019est plus seule\u00adment une ques\u00adtion d\u2019apparence, mais aus\u00adsi d\u2019attitude, d\u2019engagement et de respect des autres. La lib\u00adert\u00e9 s\u2019exprime dans la capac\u00adit\u00e9 \u00e0 choisir sa voie, \u00e0 s\u2019affirmer et \u00e0 par\u00adticiper active\u00adment \u00e0 la vie de la cit\u00e9. La cul\u00adture, sous toutes ses formes, reste un pili\u00ader fon\u00adda\u00admen\u00adtal de l\u2019identit\u00e9 parisi\u00adenne, nour\u00adris\u00adsant l\u2019esprit et le c\u0153ur.<\/p>\n\n\n\n<p>Con\u00adclu\u00adsion : \u00catre Parisi\u00adenne, un art de vivre \u00e0 r\u00e9in\u00adven\u00adter chaque jour<\/p>\n\n\n\n<p>\u00catre Parisi\u00adenne aujourd\u2019hui, c\u2019est un d\u00e9fi et un priv\u00adil\u00e8ge. C\u2019est savoir con\u00adjuguer tra\u00addi\u00adtion et moder\u00adnit\u00e9, \u00e9l\u00e9\u00adgance et engage\u00adment, lib\u00adert\u00e9 indi\u00advidu\u00adelle et respon\u00ads\u00adabil\u00adit\u00e9 col\u00adlec\u00adtive. Ces por\u00adtraits inspi\u00adrants mon\u00adtrent que la Parisi\u00adenne est avant tout une femme plurielle, qui \u00e9crit son his\u00adtoire avec pas\u00adsion et d\u00e9ter\u00admi\u00adna\u00adtion. Un mod\u00ad\u00e8le pour toutes celles qui souhait\u00adent vivre pleine\u00adment, libre\u00adment et inten\u00ads\u00e9\u00adment.<\/p>\n\n\n\n<p><strong>Por\u00adtrait 1 : L\u00e9a, la cr\u00e9a\u00adtrice de mode engag\u00e9e<\/strong><\/p>\n\n\n\n<p><strong>Une enfance parisi\u00adenne entre tis\u00adsus et inspi\u00adra\u00adtions<\/strong><\/p>\n\n\n\n<p>L\u00e9a a gran\u00addi dans le 9e arrondisse\u00adment, au c\u0153ur d\u2019un Paris vibrant, entre les bou\u00adtiques de tis\u00adsus du quarti\u00ader Saint-Lazare et les mus\u00e9es d\u2019art mod\u00aderne. D\u00e8s l\u2019enfance, elle observe sa m\u00e8re, cou\u00adturi\u00e8re pas\u00adsion\u00adn\u00e9e, trans\u00adformer des chutes de tis\u00adsus en robes uniques. \u00ab J\u2019ai appris tr\u00e8s t\u00f4t que la mode, ce n\u2019est pas seule\u00adment ce qu\u2019on porte, mais une fa\u00e7on de s\u2019exprimer et de respecter le monde \u00bb, con\u00adfie-t-elle.<\/p>\n\n\n\n<p><strong>L\u2019engagement \u00e9cologique comme moteur<\/strong><\/p>\n\n\n\n<p>Apr\u00e8s des \u00e9tudes \u00e0 l\u2019Institut Fran\u00e7ais de la Mode, L\u00e9a se lance dans la cr\u00e9a\u00adtion de sa pro\u00adpre mar\u00adque. Tr\u00e8s vite, elle refuse la fast-fash\u00adion et ses d\u00e9rives. Elle choisit des mati\u00e8res naturelles, priv\u00adil\u00e9gie le lin, le coton bio, la laine locale, et col\u00adla\u00adbore avec des arti\u00adsans parisiens. Ses col\u00adlec\u00adtions sont cour\u00adtes, pen\u00ads\u00e9es pour dur\u00ader, et chaque pi\u00e8ce racon\u00adte une his\u00adtoire. \u00ab \u00catre Parisi\u00adenne aujourd\u2019hui, c\u2019est aus\u00adsi \u00eatre respon\u00ads\u00adable. Je veux prou\u00adver qu\u2019on peut \u00eatre \u00e9l\u00e9\u00adgante sans d\u00e9tru\u00adire la plan\u00e8te. \u00bb<\/p>\n\n\n\n<p><strong>Le style parisien revis\u00adit\u00e9<\/strong><\/p>\n\n\n\n<p>L\u00e9a incar\u00adne une nou\u00advelle g\u00e9n\u00e9ra\u00adtion de cr\u00e9a\u00adtri\u00adces qui r\u00e9in\u00adven\u00adtent le style parisien. Elle aime mix\u00ader les clas\u00adsiques \u2013 trench, marini\u00e8re, pan\u00adtalon taille haute \u2013 avec des touch\u00ades con\u00adtem\u00adpo\u00adraines : couleurs vives, coupes asym\u00e9triques, acces\u00adsoires upcy\u00adcl\u00e9s. Elle encour\u00adage ses clientes \u00e0 oser, \u00e0 per\u00adson\u00adnalis\u00ader leur look, \u00e0 porter des v\u00eate\u00adments qui leur ressem\u00adblent. \u00ab L\u2019\u00e9l\u00e9gance, c\u2019est l\u2019assurance et la lib\u00adert\u00e9. \u00bb<\/p>\n\n\n\n<p><strong>Une com\u00admu\u00adnaut\u00e9 engag\u00e9e<\/strong><\/p>\n\n\n\n<p>Sur Insta\u00adgram, L\u00e9a partage les couliss\u00ades de son ate\u00adlier, les por\u00adtraits de ses cou\u00adturi\u00e8res, ses inspi\u00adra\u00adtions et ses coups de c\u0153ur parisiens. Elle organ\u00adise des ate\u00adliers DIY, des ventes priv\u00e9es dans des caf\u00e9s \u00e9thiques, et ani\u00adme des d\u00e9bats sur la mode durable. Sa com\u00admu\u00adnaut\u00e9, fid\u00e8le et engag\u00e9e, la suit pour ses con\u00adseils, mais aus\u00adsi pour ses valeurs.<\/p>\n\n\n\n<p><strong>Les d\u00e9fis d\u2019une entre\u00adpre\u00adneure \u00e0 Paris<\/strong><\/p>\n\n\n\n<p>L\u00e9a ne cache pas les dif\u00adfi\u00adcult\u00e9s : loy\u00aders \u00e9lev\u00e9s, con\u00adcur\u00adrence f\u00e9roce, exi\u00adgences des clientes. Mais elle croit en la force du col\u00adlec\u00adtif. Elle par\u00adticipe \u00e0 des col\u00adlec\u00adtifs de jeunes cr\u00e9a\u00adteurs, \u00e9change des astuces, mutu\u00adalise des espaces de tra\u00advail. \u00ab Paris est une ville exigeante, mais aus\u00adsi une source infinie d\u2019inspiration. Ici, on apprend \u00e0 se bat\u00adtre pour ses id\u00e9es. \u00bb<\/p>\n\n\n\n<p><strong>Con\u00adclu\u00adsion : Une Parisi\u00adenne mod\u00aderne, \u00e9l\u00e9\u00adgante et engag\u00e9e<\/strong><\/p>\n\n\n\n<p>L\u00e9a incar\u00adne la Parisi\u00adenne d\u2019aujourd\u2019hui : belle, libre, \u00e9l\u00e9\u00adgante, mais surtout con\u00adsciente de son impact. Son par\u00adcours mon\u00adtre qu\u2019il est pos\u00adsi\u00adble de con\u00adcili\u00ader pas\u00adsion, cr\u00e9a\u00adtiv\u00adit\u00e9 et respon\u00ads\u00adabil\u00adit\u00e9. Pour elle, la mode est un art de vivre, un engage\u00adment quo\u00adti\u00addi\u00aden et une invi\u00adta\u00adtion \u00e0 r\u00e9in\u00adven\u00adter la f\u00e9minit\u00e9.<\/p>\n\n\n\n<p><strong>Por\u00adtrait 2 : Camille, la jour\u00adnal\u00adiste cul\u00adturelle<\/strong><\/p>\n\n\n\n<p><strong>Une vie ryth\u00adm\u00e9e par la pas\u00adsion des arts et des id\u00e9es<\/strong><\/p>\n\n\n\n<p>Camille, 45 ans, incar\u00adne par\u00adfaite\u00adment l\u2019image de la Parisi\u00adenne intel\u00adlectuelle et curieuse. Instal\u00adl\u00e9e depuis plus de vingt ans dans le quarti\u00ader his\u00adtorique de Saint-Ger\u00admain-des-Pr\u00e9s, elle vit au c\u0153ur de l\u2019effervescence cul\u00adturelle de la cap\u00adi\u00adtale. D\u00e8s son plus jeune \u00e2ge, Camille a \u00e9t\u00e9 fascin\u00e9e par la lit\u00adt\u00e9ra\u00adture, le th\u00e9\u00e2tre et le cin\u00e9\u00adma, pas\u00adsions qu\u2019elle a cul\u00adtiv\u00e9es au fil de ses \u00e9tudes en let\u00adtres mod\u00adernes et en jour\u00adnal\u00adisme. Aujourd\u2019hui, elle tra\u00advaille pour un grand mag\u00ada\u00adzine cul\u00adturel o\u00f9 elle cou\u00advre l\u2019actualit\u00e9 artis\u00adtique, les expo\u00adsi\u00adtions, les fes\u00adti\u00advals et les \u00e9v\u00e9ne\u00adments lit\u00adt\u00e9raires.<\/p>\n\n\n\n<figure class=\"wp-block-image size-large\"><img loading=\"lazy\" decoding=\"async\" width=\"1024\" height=\"580\" src=\"https:\/\/bobea.net\/wp-content\/uploads\/2025\/04\/1200x680_francoise_hardy-1024x580.jpg\" alt class=\"wp-image-14926\" srcset=\"https:\/\/bobea.net\/wp-content\/uploads\/2025\/04\/1200x680_francoise_hardy-1024x580.jpg 1024w, https:\/\/bobea.net\/wp-content\/uploads\/2025\/04\/1200x680_francoise_hardy-300x170.jpg 300w, https:\/\/bobea.net\/wp-content\/uploads\/2025\/04\/1200x680_francoise_hardy-768x435.jpg 768w, https:\/\/bobea.net\/wp-content\/uploads\/2025\/04\/1200x680_francoise_hardy.jpg 1200w\" sizes=\"(max-width: 1024px) 100vw, 1024px\"><\/figure>\n\n\n\n<p><strong>Le quo\u00adti\u00addi\u00aden d\u2019une jour\u00adnal\u00adiste au c\u0153ur de la cul\u00adture parisi\u00adenne<\/strong><\/p>\n\n\n\n<p>Le rythme de Camille est intense et pas\u00adsion\u00adnant. Ses journ\u00e9es com\u00admen\u00adcent sou\u00advent par un caf\u00e9 dans un petit bistrot du quarti\u00ader, o\u00f9 elle croise \u00e9crivains, artistes et intel\u00adlectuels. Elle assiste r\u00e9guli\u00e8re\u00adment \u00e0 des vernissages, des avant-pre\u00admi\u00e8res de films, des lec\u00adtures publiques et des d\u00e9bats, tou\u00adjours \u00e0 la recherche de la prochaine his\u00adtoire \u00e0 racon\u00adter. \u00ab \u00catre Parisi\u00adenne, c\u2019est avoir la chance de vivre dans une ville o\u00f9 la cul\u00adture est partout, dans les rues, les caf\u00e9s, les librairies \u00bb, explique-t-elle.<\/p>\n\n\n\n<p>Son m\u00e9ti\u00ader lui per\u00admet d\u2019explorer des univers var\u00adi\u00e9s, de ren\u00adcon\u00adtr\u00ader des per\u00adson\u00adnal\u00adit\u00e9s inspi\u00adrantes et de partager ses d\u00e9cou\u00advertes avec un large pub\u00adlic. Camille aime par\u00adti\u00adc\u00aduli\u00e8re\u00adment met\u00adtre en lumi\u00e8re des artistes \u00e9mer\u00adgents, des femmes cr\u00e9a\u00adtri\u00adces ou des pro\u00adjets engag\u00e9s qui ques\u00adtion\u00adnent la soci\u00e9t\u00e9. Pour elle, la cul\u00adture est un vecteur essen\u00adtiel de lib\u00adert\u00e9 et d\u2019\u00e9mancipation.<\/p>\n\n\n\n<p><strong>Une femme engag\u00e9e dans la d\u00e9fense de la lib\u00adert\u00e9 d\u2019expression<\/strong><\/p>\n\n\n\n<p>Camille est con\u00adva\u00adin\u00adcue que la lib\u00adert\u00e9 d\u2019expression est un pili\u00ader fon\u00adda\u00admen\u00adtal de la d\u00e9moc\u00adra\u00adtie et de la vie parisi\u00adenne. Elle s\u2019investit dans des asso\u00adci\u00ada\u00adtions qui d\u00e9fend\u00adent la presse ind\u00e9pen\u00addante et la diver\u00adsit\u00e9 cul\u00adturelle. \u00ab Paris est une ville o\u00f9 les id\u00e9es cir\u00adcu\u00adlent libre\u00adment, o\u00f9 le d\u00e9bat est vivant. C\u2019est un priv\u00adil\u00e8ge que je souhaite pr\u00e9serv\u00ader et trans\u00admet\u00adtre \u00bb, affirme-t-elle.<\/p>\n\n\n\n<p>Elle est \u00e9gale\u00adment atten\u00adtive \u00e0 la place des femmes dans le monde de la cul\u00adture, sou\u00advent sous-repr\u00e9sen\u00adt\u00e9es ou can\u00adton\u00adn\u00e9es \u00e0 des r\u00f4les sec\u00adondaires. \u00c0 tra\u00advers ses arti\u00adcles et ses inter\u00adven\u00adtions, elle milite pour une meilleure vis\u00adi\u00adbil\u00adit\u00e9 des cr\u00e9a\u00adtri\u00adces et une \u00e9gal\u00adit\u00e9 r\u00e9elle dans les insti\u00adtu\u00adtions artis\u00adtiques.<\/p>\n\n\n\n<p><strong>Une Parisi\u00adenne ancr\u00e9e dans son quarti\u00ader et ouverte au monde<\/strong><\/p>\n\n\n\n<p>Saint-Ger\u00admain-des-Pr\u00e9s est pour Camille un lieu charg\u00e9 d\u2019histoire, o\u00f9 se m\u00ealent tra\u00addi\u00adtion et moder\u00adnit\u00e9. Elle aime fl\u00e2n\u00ader dans les librairies anci\u00adennes, fr\u00e9quenter les caf\u00e9s lit\u00adt\u00e9raires et par\u00adticiper aux \u00e9v\u00e9ne\u00adments organ\u00adis\u00e9s par les th\u00e9\u00e2tres et les galeries. Mais elle n\u2019est pas enfer\u00adm\u00e9e dans une bulle parisi\u00adenne : ses voy\u00adages, ses ren\u00adcon\u00adtres inter\u00adna\u00adtionales et ses lec\u00adtures lui per\u00adme\u00adt\u00adtent d\u2019\u00e9largir con\u00adstam\u00adment son hori\u00adzon.<\/p>\n\n\n\n<p>Cette ouver\u00adture sur le monde fait par\u00adtie int\u00e9\u00adgrante de son iden\u00adtit\u00e9 de Parisi\u00adenne. \u00ab La ville est un car\u00adrefour d\u2019influences, un lieu de ren\u00adcon\u00adtres et d\u2019\u00e9changes. \u00catre Parisi\u00adenne, c\u2019est aus\u00adsi \u00eatre citoyenne du monde, curieuse et engag\u00e9e \u00bb, explique-t-elle.<\/p>\n\n\n\n<p><strong>Les d\u00e9fis d\u2019une vie cul\u00adturelle dans une ville en muta\u00adtion<\/strong><\/p>\n\n\n\n<p>Camille recon\u00adna\u00eet que la vie cul\u00adturelle parisi\u00adenne est con\u00adfron\u00adt\u00e9e \u00e0 plusieurs d\u00e9fis : mon\u00adt\u00e9e des in\u00e9\u00adgal\u00adit\u00e9s, gen\u00adtri\u00adfi\u00adca\u00adtion, fer\u00adme\u00adture de lieux embl\u00e9\u00adma\u00adtiques, pr\u00e9\u00adcar\u00adit\u00e9 des artistes. Elle suit de pr\u00e8s ces \u00e9vo\u00adlu\u00adtions et s\u2019efforce d\u2019en ren\u00addre compte avec rigueur et sen\u00adsi\u00adbil\u00adit\u00e9. Pour elle, il est cru\u00adcial que la cul\u00adture reste acces\u00adsi\u00adble \u00e0 tous, et que Paris con\u00adserve son statut de cap\u00adi\u00adtale artis\u00adtique et intel\u00adlectuelle.<\/p>\n\n\n\n<p><strong>Con\u00adclu\u00adsion : Camille, la Parisi\u00adenne intel\u00adlectuelle et curieuse<\/strong><\/p>\n\n\n\n<p>Camille incar\u00adne une facette essen\u00adtielle de la Parisi\u00adenne d\u2019aujourd\u2019hui : une femme pas\u00adsion\u00adn\u00e9e, engag\u00e9e, cul\u00adtiv\u00e9e, qui fait de la cul\u00adture un mode de vie et un levi\u00ader pour la lib\u00adert\u00e9. Son par\u00adcours et son quo\u00adti\u00addi\u00aden illus\u00adtrent la richesse et la com\u00adplex\u00adit\u00e9 de la vie parisi\u00adenne, entre h\u00e9ritage et inno\u00adva\u00adtion, tra\u00addi\u00adtion et ouver\u00adture. Elle est un exem\u00adple inspi\u00adrant pour toutes celles qui souhait\u00adent vivre pleine\u00adment leur curiosit\u00e9 et leur engage\u00adment dans la ville lumi\u00e8re.<\/p>\n\n\n\n<p>Por\u00adtrait 3 : Sophie, entre\u00adpre\u00adneure et maman<\/p>\n\n\n\n<p><strong>Une vie \u00e0 100 \u00e0 l\u2019heure entre start-up et famille<\/strong><\/p>\n\n\n\n<p>Sophie, 38 ans, incar\u00adne la Parisi\u00adenne mod\u00aderne qui jon\u00adgle avec brio entre ses ambi\u00adtions pro\u00adfes\u00adsion\u00adnelles et sa vie de m\u00e8re de deux enfants. Instal\u00adl\u00e9e dans le 11e arrondisse\u00adment, elle a fond\u00e9 une start-up inno\u00advante dans le secteur de la mode \u00e9thique, un pro\u00adjet qui lui tient \u00e0 c\u0153ur et qui lui per\u00admet d\u2019exprimer sa cr\u00e9a\u00adtiv\u00adit\u00e9 tout en d\u00e9fen\u00addant ses valeurs. \u00ab J\u2019ai tou\u00adjours voulu \u00eatre ind\u00e9pen\u00addante, mais aus\u00adsi pr\u00e9sente pour mes enfants \u00bb, con\u00adfie-t-elle.<\/p>\n\n\n\n<p>Son quo\u00adti\u00addi\u00aden est ryth\u00adm\u00e9 par des ren\u00addez-vous clients, la ges\u00adtion de son \u00e9quipe, la recherche de nou\u00adveaux four\u00adnisseurs, tout en organ\u00adisant les sor\u00adties sco\u00adlaires, les ren\u00addez-vous m\u00e9di\u00adcaux et les activ\u00adit\u00e9s extra-sco\u00adlaires de ses enfants. \u00ab C\u2019est un vrai d\u00e9fi d\u2019\u00e9quilibre, mais j\u2019ai appris \u00e0 m\u2019organiser et \u00e0 d\u00e9l\u00e9guer. \u00bb<\/p>\n\n\n\n<figure class=\"wp-block-image size-full\"><img loading=\"lazy\" decoding=\"async\" width=\"1024\" height=\"576\" src=\"https:\/\/bobea.net\/wp-content\/uploads\/2025\/04\/femme-mode-ete-1024x576-1.jpg\" alt class=\"wp-image-14927\" srcset=\"https:\/\/bobea.net\/wp-content\/uploads\/2025\/04\/femme-mode-ete-1024x576-1.jpg 1024w, https:\/\/bobea.net\/wp-content\/uploads\/2025\/04\/femme-mode-ete-1024x576-1-300x169.jpg 300w, https:\/\/bobea.net\/wp-content\/uploads\/2025\/04\/femme-mode-ete-1024x576-1-768x432.jpg 768w\" sizes=\"(max-width: 1024px) 100vw, 1024px\"><\/figure>\n\n\n\n<p><strong>L\u2019organisation, cl\u00e9 de la r\u00e9us\u00adsite<\/strong><\/p>\n\n\n\n<p>Sophie utilise des out\u00adils num\u00e9riques pour plan\u00adi\u00adfi\u00ader ses journ\u00e9es et celles de sa famille. Elle partage les respon\u00ads\u00adabil\u00adit\u00e9s avec son con\u00adjoint, et fait appel \u00e0 une nounou pour les moments les plus charg\u00e9s. \u00ab Il faut savoir dire non, pri\u00adoris\u00ader et accepter que tout ne soit pas par\u00adfait \u00bb, explique-t-elle. Elle a aus\u00adsi instau\u00adr\u00e9 des rit\u00aduels famil\u00adi\u00adaux, comme les d\u00een\u00aders tous ensem\u00adble, pour pr\u00e9serv\u00ader des moments de qual\u00adit\u00e9.<\/p>\n\n\n\n<p><strong>Les d\u00e9fis d\u2019\u00eatre maman entre\u00adpre\u00adneure \u00e0 Paris<\/strong><\/p>\n\n\n\n<p>L\u2019environnement parisien offre de nom\u00adbreux avan\u00adtages : prox\u00adim\u00adit\u00e9 des \u00e9coles, acc\u00e8s aux trans\u00adports, richesse cul\u00adturelle, mais aus\u00adsi des con\u00adtraintes : rythme effr\u00e9n\u00e9, co\u00fbt de la vie \u00e9lev\u00e9, pres\u00adsion sociale. Sophie souligne l\u2019importance des r\u00e9seaux d\u2019entraide entre mamans entre\u00adpre\u00adneures, qui per\u00adme\u00adt\u00adtent de partager con\u00adseils, ressources et sou\u00adtien moral.<\/p>\n\n\n\n<p><strong>Une vision de la r\u00e9us\u00adsite et de l\u2019\u00e9panouissement<\/strong><\/p>\n\n\n\n<p>Pour Sophie, r\u00e9us\u00adsir, ce n\u2019est pas seule\u00adment d\u00e9velop\u00adper son entre\u00adprise, c\u2019est aus\u00adsi s\u2019\u00e9panouir en tant que femme et m\u00e8re. Elle milite pour une red\u00e9f\u00adi\u00adni\u00adtion des crit\u00e8res de suc\u00adc\u00e8s, plus humains et \u00e9quili\u00adbr\u00e9s. \u00ab \u00catre Parisi\u00adenne, c\u2019est aus\u00adsi \u00eatre libre de ses choix, sans cul\u00adpa\u00adbil\u00adit\u00e9, et savoir s\u2019adapter aux al\u00e9as de la vie. \u00bb<\/p>\n\n\n\n<p><strong>Con\u00adclu\u00adsion : Une Parisi\u00adenne r\u00e9siliente et ind\u00e9pen\u00addante<\/strong><\/p>\n\n\n\n<p>Sophie est l\u2019exemple d\u2019une femme qui con\u00adstru\u00adit son bon\u00adheur \u00e0 son rythme, entre respon\u00ads\u00adabil\u00adit\u00e9s et pas\u00adsions. Son par\u00adcours illus\u00adtre la com\u00adplex\u00adit\u00e9 mais aus\u00adsi la richesse d\u2019\u00eatre une Parisi\u00adenne d\u2019aujourd\u2019hui, libre, ambitieuse et pro\u00adfond\u00e9\u00adment humaine.<\/p>\n\n\n\n<p>Por\u00adtrait 4 : Nadia, artiste et mil\u00adi\u00adtante asso\u00adcia\u00adtive<\/p>\n\n\n\n<p><strong>Une artiste engag\u00e9e au c\u0153ur du Paris avant-gardiste<\/strong><\/p>\n\n\n\n<p>Nadia Kho\u00addossievitch-L\u00e9ger, n\u00e9e en 1904 en Bi\u00e9lorussie, est une fig\u00adure majeure mais longtemps m\u00e9con\u00adnue de l\u2019art du XXe si\u00e8\u00adcle \u00e0 Paris. Arriv\u00e9e dans la cap\u00adi\u00adtale en 1925, elle s\u2019int\u00e8gre rapi\u00adde\u00adment aux cer\u00adcles avant-gardistes de Mont\u00adpar\u00adnasse, c\u00f4toy\u00adant Picas\u00adso, Braque et surtout Fer\u00adnand L\u00e9ger, dont elle devient l\u2019\u00e9l\u00e8ve, puis l\u2019\u00e9pouse. Son par\u00adcours artis\u00adtique est mar\u00adqu\u00e9 par une grande diver\u00adsit\u00e9 de styles, allant de l\u2019abstraction au r\u00e9al\u00adisme social\u00adiste, tou\u00adjours tra\u00adver\u00ads\u00e9 par un engage\u00adment poli\u00adtique pro\u00adfond. Affil\u00adi\u00e9e au Par\u00adti com\u00admu\u00adniste fran\u00e7ais d\u00e8s 1932, Nadia m\u00eale art et mil\u00adi\u00adtan\u00adtisme, notam\u00adment en par\u00adtic\u00adi\u00adpant \u00e0 la R\u00e9sis\u00adtance sous l\u2019Occupation.<\/p>\n\n\n\n<p><strong>Une \u0153uvre au ser\u00advice des id\u00e9es<\/strong><\/p>\n\n\n\n<p>L\u2019art de Nadia L\u00e9ger s\u2019inscrit dans la volon\u00adt\u00e9 de pro\u00adduire un art social, acces\u00adsi\u00adble et engag\u00e9. Ses toiles c\u00e9l\u00e8brent les tra\u00advailleurs, les femmes, les fig\u00adures poli\u00adtiques et intel\u00adlectuelles qui incar\u00adnent ses id\u00e9aux com\u00admu\u00adnistes. Sa pein\u00adture \u00e9volue avec son temps, pas\u00adsant du cubisme \u00e0 un nou\u00adveau r\u00e9al\u00adisme fig\u00adu\u00adratif, puis \u00e0 une abstrac\u00adtion g\u00e9om\u00e9trique inspir\u00e9e par la con\u00adqu\u00eate spa\u00adtiale. Cette \u0153uvre pro\u00adt\u00e9i\u00adforme t\u00e9moigne d\u2019une qu\u00eate con\u00adstante de sens et d\u2019innovation.<\/p>\n\n\n\n<p><strong>Mil\u00adi\u00adtante dans l\u2019ombre, actrice de la R\u00e9sis\u00adtance<\/strong><\/p>\n\n\n\n<p>Pen\u00addant la Sec\u00adonde Guerre mon\u00addi\u00adale, alors que Fer\u00adnand L\u00e9ger s\u2019exile aux \u00c9tats-Unis, Nadia reste en France et s\u2019engage active\u00adment dans la R\u00e9sis\u00adtance. Sous le pseu\u00addo\u00adnyme de Geor\u00adgette Paineau, elle agit comme agent de liai\u00adson pour les FTP-MOI, un r\u00e9seau de r\u00e9sis\u00adtants immi\u00adgr\u00e9s. Cette p\u00e9ri\u00adode mar\u00adque pro\u00adfond\u00e9\u00adment sa vie et son art, qui gagne en inten\u00adsit\u00e9 et en \u00e9mo\u00adtion.<\/p>\n\n\n\n<figure class=\"wp-block-image size-full is-resized\"><img loading=\"lazy\" decoding=\"async\" width=\"620\" height=\"465\" src=\"https:\/\/bobea.net\/wp-content\/uploads\/2025\/04\/Hilary-Paris2-620x465-1.jpg\" alt class=\"wp-image-14928\" style=\"width:840px;height:auto\" srcset=\"https:\/\/bobea.net\/wp-content\/uploads\/2025\/04\/Hilary-Paris2-620x465-1.jpg 620w, https:\/\/bobea.net\/wp-content\/uploads\/2025\/04\/Hilary-Paris2-620x465-1-300x225.jpg 300w\" sizes=\"(max-width: 620px) 100vw, 620px\"><\/figure>\n\n\n\n<p><strong>Une mil\u00adi\u00adtante f\u00e9min\u00adiste et sociale<\/strong><\/p>\n\n\n\n<p>Au-del\u00e0 de son engage\u00adment poli\u00adtique, Nadia d\u00e9fend la place des femmes dans l\u2019art et la soci\u00e9t\u00e9. Elle par\u00adticipe \u00e0 la cr\u00e9a\u00adtion de revues, organ\u00adise des expo\u00adsi\u00adtions et sou\u00adtient les jeunes artistes, notam\u00adment f\u00e9minines. Son activisme se pro\u00adlonge dans les ann\u00e9es d\u2019apr\u00e8s-guerre, o\u00f9 elle \u0153uvre pour la recon\u00adnais\u00adsance de l\u2019art engag\u00e9 et pop\u00adu\u00adlaire.<\/p>\n\n\n\n<p><strong>Une red\u00e9\u00adcou\u00adverte con\u00adtem\u00adpo\u00adraine<\/strong><\/p>\n\n\n\n<p>Longtemps \u00e9clip\u00ads\u00e9e par la renom\u00adm\u00e9e de son mari, Nadia L\u00e9ger retrou\u00adve aujourd\u2019hui la lumi\u00e8re gr\u00e2ce \u00e0 des expo\u00adsi\u00adtions majeures, notam\u00adment au Mus\u00e9e Mail\u00adlol \u00e0 Paris. Cette r\u00e9tro\u00adspec\u00adtive met en valeur son r\u00f4le d\u2019artiste avant-gardiste et mil\u00adi\u00adtante pas\u00adsion\u00adn\u00e9e, rap\u00adpelant son apport essen\u00adtiel \u00e0 l\u2019histoire de l\u2019art et \u00e0 la m\u00e9moire poli\u00adtique du XXe si\u00e8\u00adcle.<\/p>\n\n\n\n<p><strong>Con\u00adclu\u00adsion : Une Parisi\u00adenne plurielle et engag\u00e9e<\/strong><\/p>\n\n\n\n<p>Nadia incar\u00adne la Parisi\u00adenne mil\u00adi\u00adtante, artiste et femme d\u2019action. Son par\u00adcours illus\u00adtre la richesse et la com\u00adplex\u00adit\u00e9 d\u2019une vie d\u00e9di\u00e9e \u00e0 la cr\u00e9a\u00adtion et \u00e0 la lutte pour un monde plus juste. Elle est un exem\u00adple inspi\u00adrant de la force du col\u00adlec\u00adtif, de la pas\u00adsion et de la r\u00e9silience.<\/p>\n\n\n\n<p><strong>\u00catre Parisi\u00adenne aujourd\u2019hui : por\u00adtraits d\u2019\u00e9l\u00e9gance, de lib\u00adert\u00e9 et d\u2019engagement<\/strong><\/p>\n\n\n\n<p>Syn\u00adth\u00e8se finale du dossier \u00ab \u00catre Parisi\u00adenne aujourd\u2019hui \u00bb<\/p>\n\n\n\n<p>\u00catre Parisi\u00adenne aujourd\u2019hui, c\u2019est bien plus qu\u2019un sim\u00adple clich\u00e9 ou une image fig\u00e9e. C\u2019est incar\u00adn\u00ader une plu\u00adral\u00adit\u00e9 de vis\u00adages, d\u2019histoires et de valeurs qui font la richesse et la com\u00adplex\u00adit\u00e9 de la cap\u00adi\u00adtale. \u00c0 tra\u00advers les por\u00adtraits de L\u00e9a, Camille, Sophie et Nadia, ce dossier r\u00e9v\u00e8le qua\u00adtre facettes com\u00adpl\u00e9\u00admen\u00adtaires de la Parisi\u00adenne mod\u00aderne : la cr\u00e9a\u00adtrice engag\u00e9e, la jour\u00adnal\u00adiste cul\u00adturelle pas\u00adsion\u00adn\u00e9e, l\u2019entrepreneure r\u00e9siliente et la mil\u00adi\u00adtante artiste.<\/p>\n\n\n\n<p>Ces femmes parta\u00adgent un amour pro\u00adfond pour leur ville, qu\u2019elles vivent comme un espace de lib\u00adert\u00e9, de cr\u00e9a\u00adtiv\u00adit\u00e9 et d\u2019expression. Elles savent con\u00adjuguer \u00e9l\u00e9\u00adgance et respon\u00ads\u00adabil\u00adit\u00e9, tra\u00addi\u00adtion et inno\u00adva\u00adtion, ambi\u00adtion per\u00adson\u00adnelle et engage\u00adment col\u00adlec\u00adtif. Leur quo\u00adti\u00addi\u00aden est ryth\u00adm\u00e9 par des choix con\u00adscients, des com\u00adbats par\u00adfois dif\u00adfi\u00adciles, mais aus\u00adsi par une joie de vivre et une \u00e9nergie com\u00admu\u00adnica\u00adtive.<\/p>\n\n\n\n<p>La Parisi\u00adenne d\u2019aujourd\u2019hui est donc une femme plurielle, qui s\u2019affirme dans ses dif\u00adf\u00e9rences et ses com\u00adbats. Elle est libre de ses choix, fi\u00e8re de ses racines et ouverte au monde. Elle incar\u00adne un art de vivre qui allie sophis\u00adti\u00adca\u00adtion et authen\u00adtic\u00adit\u00e9, audace et bien\u00adveil\u00adlance. Plus qu\u2019un style, \u00eatre Parisi\u00adenne est un \u00e9tat d\u2019esprit, une invi\u00adta\u00adtion \u00e0 vivre pleine\u00adment, \u00e0 s\u2019engager et \u00e0 inven\u00adter chaque jour sa pro\u00adpre his\u00adtoire.<\/p>\n\n\n\n<p>Ce dossier de BOBEA Mag\u00ada\u00adzine &nbsp;c\u00e9l\u00e8bre cette diver\u00adsit\u00e9 et cette force, et invite toutes les femmes \u00e0 s\u2019inspirer de ces par\u00adcours pour \u00e9crire, \u00e0 leur tour, leur ver\u00adsion unique de la Parisi\u00adenne mod\u00aderne.<\/p>\n","protected":false},"excerpt":{"rendered":"<p>Intro\u00adduc\u00adtion : La Parisi\u00adenne, ic\u00f4ne intem\u00adporelle et mod\u00aderne \u00catre Parisi\u00adenne aujourd\u2019hui, c\u2019est incar\u00adn\u00ader un m\u00e9lange sub\u00adtil d\u2019\u00e9l\u00e9gance, de lib\u00adert\u00e9 et de cr\u00e9a\u00adtiv\u00adit\u00e9. Au-del\u00e0 du clich\u00e9 de la femme sophis\u00adtiqu\u00e9e, la\u2026 <\/p>\n","protected":false},"author":1,"featured_media":14924,"comment_status":"open","ping_status":"closed","sticky":false,"template":"","format":"standard","meta":{"wp_typography_post_enhancements_disabled":false,"footnotes":""},"categories":[51],"tags":[11272,2495,11270,165,11268,11269,11271],"class_list":["post-14922","post","type-post","status-publish","format-standard","has-post-thumbnail","hentry","category-beaute","tag-culture-parisienne","tag-elegance","tag-femmes-a-paris","tag-liberte","tag-parisienne-moderne","tag-style-parisien","tag-vie-a-paris"],"yoast_head":"<!-- This site is optimized with the Yoast SEO plugin v24.7 - https:\/\/yoast.com\/wordpress\/plugins\/seo\/ -->\n<title>Dossier BOBEA CITY GIRLS\u00a0: La Parisienne \u2013 \u00catre Parisienne aujourd\u2019hui : Belle, libre, \u00e9l\u00e9gante - Bobea<\/title>\n<meta name=\"description\" content=\"La Parisienne d\u2019aujourd\u2019hui est donc une femme plurielle, qui s\u2019affirme dans ses diff\u00e9rences et ses combats\" \/>\n<meta name=\"robots\" content=\"index, follow, max-snippet:-1, max-image-preview:large, max-video-preview:-1\" \/>\n<link rel=\"canonical\" href=\"https:\/\/bobea.net\/index.php\/2025\/04\/26\/dossier-bobea-city-girls-la-parisienne-etre-parisienne-aujourdhui-belle-libre-elegante\/\" \/>\n<meta property=\"og:locale\" content=\"fr_FR\" \/>\n<meta property=\"og:type\" content=\"article\" \/>\n<meta property=\"og:title\" content=\"Dossier BOBEA CITY GIRLS\u00a0: La Parisienne \u2013 \u00catre Parisienne aujourd\u2019hui : Belle, libre, \u00e9l\u00e9gante - Bobea\" \/>\n<meta property=\"og:description\" content=\"La Parisienne d\u2019aujourd\u2019hui est donc une femme plurielle, qui s\u2019affirme dans ses diff\u00e9rences et ses combats\" \/>\n<meta property=\"og:url\" content=\"https:\/\/bobea.net\/index.php\/2025\/04\/26\/dossier-bobea-city-girls-la-parisienne-etre-parisienne-aujourdhui-belle-libre-elegante\/\" \/>\n<meta property=\"og:site_name\" content=\"Bobea\" \/>\n<meta property=\"article:publisher\" content=\"https:\/\/web.facebook.com\/profile.php?id=61559252188416\" \/>\n<meta property=\"article:published_time\" content=\"2025-04-26T09:16:15+00:00\" \/>\n<meta property=\"article:modified_time\" content=\"2025-04-26T09:16:16+00:00\" \/>\n<meta property=\"og:image\" content=\"https:\/\/bobea.net\/wp-content\/uploads\/2025\/04\/a_B9O5455-copie.jpg\" \/>\n\t<meta property=\"og:image:width\" content=\"2000\" \/>\n\t<meta property=\"og:image:height\" content=\"1500\" \/>\n\t<meta property=\"og:image:type\" content=\"image\/jpeg\" \/>\n<meta name=\"author\" content=\"bobea.info\" \/>\n<meta name=\"twitter:card\" content=\"summary_large_image\" \/>\n<meta name=\"twitter:label1\" content=\"\u00c9crit par\" \/>\n\t<meta name=\"twitter:data1\" content=\"bobea.info\" \/>\n\t<meta name=\"twitter:label2\" content=\"Dur\u00e9e de lecture estim\u00e9e\" \/>\n\t<meta name=\"twitter:data2\" content=\"15 minutes\" \/>\n<script type=\"application\/ld+json\" class=\"yoast-schema-graph\">{\"@context\":\"https:\/\/schema.org\",\"@graph\":[{\"@type\":\"Article\",\"@id\":\"https:\/\/bobea.net\/index.php\/2025\/04\/26\/dossier-bobea-city-girls-la-parisienne-etre-parisienne-aujourdhui-belle-libre-elegante\/#article\",\"isPartOf\":{\"@id\":\"https:\/\/bobea.net\/index.php\/2025\/04\/26\/dossier-bobea-city-girls-la-parisienne-etre-parisienne-aujourdhui-belle-libre-elegante\/\"},\"author\":{\"name\":\"bobea.info\",\"@id\":\"https:\/\/bobea.net\/#\/schema\/person\/e7f45ef187918d7c956bf619dce90ccf\"},\"headline\":\"Dossier BOBEA CITY GIRLS&nbsp;: La Parisienne \u2013 \u00catre Parisienne aujourd\u2019hui : Belle, libre, \u00e9l\u00e9gante\",\"datePublished\":\"2025-04-26T09:16:15+00:00\",\"dateModified\":\"2025-04-26T09:16:16+00:00\",\"mainEntityOfPage\":{\"@id\":\"https:\/\/bobea.net\/index.php\/2025\/04\/26\/dossier-bobea-city-girls-la-parisienne-etre-parisienne-aujourdhui-belle-libre-elegante\/\"},\"wordCount\":2935,\"commentCount\":0,\"publisher\":{\"@id\":\"https:\/\/bobea.net\/#organization\"},\"image\":{\"@id\":\"https:\/\/bobea.net\/index.php\/2025\/04\/26\/dossier-bobea-city-girls-la-parisienne-etre-parisienne-aujourdhui-belle-libre-elegante\/#primaryimage\"},\"thumbnailUrl\":\"https:\/\/bobea.net\/wp-content\/uploads\/2025\/04\/a_B9O5455-copie.jpg\",\"keywords\":[\"culture parisienne\",\"\u00e9l\u00e9gance\",\"femmes \u00e0 Paris\",\"libert\u00e9\",\"Parisienne moderne\",\"style parisien\",\"vie \u00e0 Paris\"],\"articleSection\":[\"Beaut\u00e9\"],\"inLanguage\":\"fr-FR\",\"potentialAction\":[{\"@type\":\"CommentAction\",\"name\":\"Comment\",\"target\":[\"https:\/\/bobea.net\/index.php\/2025\/04\/26\/dossier-bobea-city-girls-la-parisienne-etre-parisienne-aujourdhui-belle-libre-elegante\/#respond\"]}]},{\"@type\":\"WebPage\",\"@id\":\"https:\/\/bobea.net\/index.php\/2025\/04\/26\/dossier-bobea-city-girls-la-parisienne-etre-parisienne-aujourdhui-belle-libre-elegante\/\",\"url\":\"https:\/\/bobea.net\/index.php\/2025\/04\/26\/dossier-bobea-city-girls-la-parisienne-etre-parisienne-aujourdhui-belle-libre-elegante\/\",\"name\":\"Dossier BOBEA CITY GIRLS\u00a0: La Parisienne \u2013 \u00catre Parisienne aujourd\u2019hui : Belle, libre, \u00e9l\u00e9gante - Bobea\",\"isPartOf\":{\"@id\":\"https:\/\/bobea.net\/#website\"},\"primaryImageOfPage\":{\"@id\":\"https:\/\/bobea.net\/index.php\/2025\/04\/26\/dossier-bobea-city-girls-la-parisienne-etre-parisienne-aujourdhui-belle-libre-elegante\/#primaryimage\"},\"image\":{\"@id\":\"https:\/\/bobea.net\/index.php\/2025\/04\/26\/dossier-bobea-city-girls-la-parisienne-etre-parisienne-aujourdhui-belle-libre-elegante\/#primaryimage\"},\"thumbnailUrl\":\"https:\/\/bobea.net\/wp-content\/uploads\/2025\/04\/a_B9O5455-copie.jpg\",\"datePublished\":\"2025-04-26T09:16:15+00:00\",\"dateModified\":\"2025-04-26T09:16:16+00:00\",\"description\":\"La Parisienne d\u2019aujourd\u2019hui est donc une femme plurielle, qui s\u2019affirme dans ses diff\u00e9rences et ses combats\",\"breadcrumb\":{\"@id\":\"https:\/\/bobea.net\/index.php\/2025\/04\/26\/dossier-bobea-city-girls-la-parisienne-etre-parisienne-aujourdhui-belle-libre-elegante\/#breadcrumb\"},\"inLanguage\":\"fr-FR\",\"potentialAction\":[{\"@type\":\"ReadAction\",\"target\":[\"https:\/\/bobea.net\/index.php\/2025\/04\/26\/dossier-bobea-city-girls-la-parisienne-etre-parisienne-aujourdhui-belle-libre-elegante\/\"]}]},{\"@type\":\"ImageObject\",\"inLanguage\":\"fr-FR\",\"@id\":\"https:\/\/bobea.net\/index.php\/2025\/04\/26\/dossier-bobea-city-girls-la-parisienne-etre-parisienne-aujourdhui-belle-libre-elegante\/#primaryimage\",\"url\":\"https:\/\/bobea.net\/wp-content\/uploads\/2025\/04\/a_B9O5455-copie.jpg\",\"contentUrl\":\"https:\/\/bobea.net\/wp-content\/uploads\/2025\/04\/a_B9O5455-copie.jpg\",\"width\":2000,\"height\":1500},{\"@type\":\"BreadcrumbList\",\"@id\":\"https:\/\/bobea.net\/index.php\/2025\/04\/26\/dossier-bobea-city-girls-la-parisienne-etre-parisienne-aujourdhui-belle-libre-elegante\/#breadcrumb\",\"itemListElement\":[{\"@type\":\"ListItem\",\"position\":1,\"name\":\"Accueil\",\"item\":\"https:\/\/bobea.net\/\"},{\"@type\":\"ListItem\",\"position\":2,\"name\":\"Dossier BOBEA CITY GIRLS\u00a0: La Parisienne \u2013 \u00catre Parisienne aujourd\u2019hui : Belle, libre, \u00e9l\u00e9gante\"}]},{\"@type\":\"WebSite\",\"@id\":\"https:\/\/bobea.net\/#website\",\"url\":\"https:\/\/bobea.net\/\",\"name\":\"Bobea\",\"description\":\"Le magazine de la nouvelle \u00c8ve\",\"publisher\":{\"@id\":\"https:\/\/bobea.net\/#organization\"},\"potentialAction\":[{\"@type\":\"SearchAction\",\"target\":{\"@type\":\"EntryPoint\",\"urlTemplate\":\"https:\/\/bobea.net\/?s={search_term_string}\"},\"query-input\":{\"@type\":\"PropertyValueSpecification\",\"valueRequired\":true,\"valueName\":\"search_term_string\"}}],\"inLanguage\":\"fr-FR\"},{\"@type\":\"Organization\",\"@id\":\"https:\/\/bobea.net\/#organization\",\"name\":\"Bobea\",\"url\":\"https:\/\/bobea.net\/\",\"logo\":{\"@type\":\"ImageObject\",\"inLanguage\":\"fr-FR\",\"@id\":\"https:\/\/bobea.net\/#\/schema\/logo\/image\/\",\"url\":\"https:\/\/bobea.net\/wp-content\/uploads\/2024\/06\/bobea.jpg\",\"contentUrl\":\"https:\/\/bobea.net\/wp-content\/uploads\/2024\/06\/bobea.jpg\",\"width\":1080,\"height\":1080,\"caption\":\"Bobea\"},\"image\":{\"@id\":\"https:\/\/bobea.net\/#\/schema\/logo\/image\/\"},\"sameAs\":[\"https:\/\/web.facebook.com\/profile.php?id=61559252188416\"]},{\"@type\":\"Person\",\"@id\":\"https:\/\/bobea.net\/#\/schema\/person\/e7f45ef187918d7c956bf619dce90ccf\",\"name\":\"bobea.info\",\"image\":{\"@type\":\"ImageObject\",\"inLanguage\":\"fr-FR\",\"@id\":\"https:\/\/bobea.net\/#\/schema\/person\/image\/\",\"url\":\"https:\/\/secure.gravatar.com\/avatar\/36147980349df887ae30808df3e29474?s=96&d=mm&r=g\",\"contentUrl\":\"https:\/\/secure.gravatar.com\/avatar\/36147980349df887ae30808df3e29474?s=96&d=mm&r=g\",\"caption\":\"bobea.info\"},\"sameAs\":[\"https:\/\/bobea.net\"],\"url\":\"https:\/\/bobea.net\/index.php\/author\/bobea-info\/\"}]}<\/script>\n<!-- \/ Yoast SEO plugin. -->","yoast_head_json":{"title":"Dossier BOBEA CITY GIRLS\u00a0: La Parisienne \u2013 \u00catre Parisienne aujourd\u2019hui : Belle, libre, \u00e9l\u00e9gante - Bobea","description":"La Parisienne d\u2019aujourd\u2019hui est donc une femme plurielle, qui s\u2019affirme dans ses diff\u00e9rences et ses combats","robots":{"index":"index","follow":"follow","max-snippet":"max-snippet:-1","max-image-preview":"max-image-preview:large","max-video-preview":"max-video-preview:-1"},"canonical":"https:\/\/bobea.net\/index.php\/2025\/04\/26\/dossier-bobea-city-girls-la-parisienne-etre-parisienne-aujourdhui-belle-libre-elegante\/","og_locale":"fr_FR","og_type":"article","og_title":"Dossier BOBEA CITY GIRLS\u00a0: La Parisienne \u2013 \u00catre Parisienne aujourd\u2019hui : Belle, libre, \u00e9l\u00e9gante - Bobea","og_description":"La Parisienne d\u2019aujourd\u2019hui est donc une femme plurielle, qui s\u2019affirme dans ses diff\u00e9rences et ses combats","og_url":"https:\/\/bobea.net\/index.php\/2025\/04\/26\/dossier-bobea-city-girls-la-parisienne-etre-parisienne-aujourdhui-belle-libre-elegante\/","og_site_name":"Bobea","article_publisher":"https:\/\/web.facebook.com\/profile.php?id=61559252188416","article_published_time":"2025-04-26T09:16:15+00:00","article_modified_time":"2025-04-26T09:16:16+00:00","og_image":[{"width":2000,"height":1500,"url":"https:\/\/bobea.net\/wp-content\/uploads\/2025\/04\/a_B9O5455-copie.jpg","type":"image\/jpeg"}],"author":"bobea.info","twitter_card":"summary_large_image","twitter_misc":{"\u00c9crit par":"bobea.info","Dur\u00e9e de lecture estim\u00e9e":"15 minutes"},"schema":{"@context":"https:\/\/schema.org","@graph":[{"@type":"Article","@id":"https:\/\/bobea.net\/index.php\/2025\/04\/26\/dossier-bobea-city-girls-la-parisienne-etre-parisienne-aujourdhui-belle-libre-elegante\/#article","isPartOf":{"@id":"https:\/\/bobea.net\/index.php\/2025\/04\/26\/dossier-bobea-city-girls-la-parisienne-etre-parisienne-aujourdhui-belle-libre-elegante\/"},"author":{"name":"bobea.info","@id":"https:\/\/bobea.net\/#\/schema\/person\/e7f45ef187918d7c956bf619dce90ccf"},"headline":"Dossier BOBEA CITY GIRLS&nbsp;: La Parisienne \u2013 \u00catre Parisienne aujourd\u2019hui : Belle, libre, \u00e9l\u00e9gante","datePublished":"2025-04-26T09:16:15+00:00","dateModified":"2025-04-26T09:16:16+00:00","mainEntityOfPage":{"@id":"https:\/\/bobea.net\/index.php\/2025\/04\/26\/dossier-bobea-city-girls-la-parisienne-etre-parisienne-aujourdhui-belle-libre-elegante\/"},"wordCount":2935,"commentCount":0,"publisher":{"@id":"https:\/\/bobea.net\/#organization"},"image":{"@id":"https:\/\/bobea.net\/index.php\/2025\/04\/26\/dossier-bobea-city-girls-la-parisienne-etre-parisienne-aujourdhui-belle-libre-elegante\/#primaryimage"},"thumbnailUrl":"https:\/\/bobea.net\/wp-content\/uploads\/2025\/04\/a_B9O5455-copie.jpg","keywords":["culture parisienne","\u00e9l\u00e9gance","femmes \u00e0 Paris","libert\u00e9","Parisienne moderne","style parisien","vie \u00e0 Paris"],"articleSection":["Beaut\u00e9"],"inLanguage":"fr-FR","potentialAction":[{"@type":"CommentAction","name":"Comment","target":["https:\/\/bobea.net\/index.php\/2025\/04\/26\/dossier-bobea-city-girls-la-parisienne-etre-parisienne-aujourdhui-belle-libre-elegante\/#respond"]}]},{"@type":"WebPage","@id":"https:\/\/bobea.net\/index.php\/2025\/04\/26\/dossier-bobea-city-girls-la-parisienne-etre-parisienne-aujourdhui-belle-libre-elegante\/","url":"https:\/\/bobea.net\/index.php\/2025\/04\/26\/dossier-bobea-city-girls-la-parisienne-etre-parisienne-aujourdhui-belle-libre-elegante\/","name":"Dossier BOBEA CITY GIRLS\u00a0: La Parisienne \u2013 \u00catre Parisienne aujourd\u2019hui : Belle, libre, \u00e9l\u00e9gante - Bobea","isPartOf":{"@id":"https:\/\/bobea.net\/#website"},"primaryImageOfPage":{"@id":"https:\/\/bobea.net\/index.php\/2025\/04\/26\/dossier-bobea-city-girls-la-parisienne-etre-parisienne-aujourdhui-belle-libre-elegante\/#primaryimage"},"image":{"@id":"https:\/\/bobea.net\/index.php\/2025\/04\/26\/dossier-bobea-city-girls-la-parisienne-etre-parisienne-aujourdhui-belle-libre-elegante\/#primaryimage"},"thumbnailUrl":"https:\/\/bobea.net\/wp-content\/uploads\/2025\/04\/a_B9O5455-copie.jpg","datePublished":"2025-04-26T09:16:15+00:00","dateModified":"2025-04-26T09:16:16+00:00","description":"La Parisienne d\u2019aujourd\u2019hui est donc une femme plurielle, qui s\u2019affirme dans ses diff\u00e9rences et ses combats","breadcrumb":{"@id":"https:\/\/bobea.net\/index.php\/2025\/04\/26\/dossier-bobea-city-girls-la-parisienne-etre-parisienne-aujourdhui-belle-libre-elegante\/#breadcrumb"},"inLanguage":"fr-FR","potentialAction":[{"@type":"ReadAction","target":["https:\/\/bobea.net\/index.php\/2025\/04\/26\/dossier-bobea-city-girls-la-parisienne-etre-parisienne-aujourdhui-belle-libre-elegante\/"]}]},{"@type":"ImageObject","inLanguage":"fr-FR","@id":"https:\/\/bobea.net\/index.php\/2025\/04\/26\/dossier-bobea-city-girls-la-parisienne-etre-parisienne-aujourdhui-belle-libre-elegante\/#primaryimage","url":"https:\/\/bobea.net\/wp-content\/uploads\/2025\/04\/a_B9O5455-copie.jpg","contentUrl":"https:\/\/bobea.net\/wp-content\/uploads\/2025\/04\/a_B9O5455-copie.jpg","width":2000,"height":1500},{"@type":"BreadcrumbList","@id":"https:\/\/bobea.net\/index.php\/2025\/04\/26\/dossier-bobea-city-girls-la-parisienne-etre-parisienne-aujourdhui-belle-libre-elegante\/#breadcrumb","itemListElement":[{"@type":"ListItem","position":1,"name":"Accueil","item":"https:\/\/bobea.net\/"},{"@type":"ListItem","position":2,"name":"Dossier BOBEA CITY GIRLS\u00a0: La Parisienne \u2013 \u00catre Parisienne aujourd\u2019hui : Belle, libre, \u00e9l\u00e9gante"}]},{"@type":"WebSite","@id":"https:\/\/bobea.net\/#website","url":"https:\/\/bobea.net\/","name":"Bobea","description":"Le magazine de la nouvelle \u00c8ve","publisher":{"@id":"https:\/\/bobea.net\/#organization"},"potentialAction":[{"@type":"SearchAction","target":{"@type":"EntryPoint","urlTemplate":"https:\/\/bobea.net\/?s={search_term_string}"},"query-input":{"@type":"PropertyValueSpecification","valueRequired":true,"valueName":"search_term_string"}}],"inLanguage":"fr-FR"},{"@type":"Organization","@id":"https:\/\/bobea.net\/#organization","name":"Bobea","url":"https:\/\/bobea.net\/","logo":{"@type":"ImageObject","inLanguage":"fr-FR","@id":"https:\/\/bobea.net\/#\/schema\/logo\/image\/","url":"https:\/\/bobea.net\/wp-content\/uploads\/2024\/06\/bobea.jpg","contentUrl":"https:\/\/bobea.net\/wp-content\/uploads\/2024\/06\/bobea.jpg","width":1080,"height":1080,"caption":"Bobea"},"image":{"@id":"https:\/\/bobea.net\/#\/schema\/logo\/image\/"},"sameAs":["https:\/\/web.facebook.com\/profile.php?id=61559252188416"]},{"@type":"Person","@id":"https:\/\/bobea.net\/#\/schema\/person\/e7f45ef187918d7c956bf619dce90ccf","name":"bobea.info","image":{"@type":"ImageObject","inLanguage":"fr-FR","@id":"https:\/\/bobea.net\/#\/schema\/person\/image\/","url":"https:\/\/secure.gravatar.com\/avatar\/36147980349df887ae30808df3e29474?s=96&d=mm&r=g","contentUrl":"https:\/\/secure.gravatar.com\/avatar\/36147980349df887ae30808df3e29474?s=96&d=mm&r=g","caption":"bobea.info"},"sameAs":["https:\/\/bobea.net"],"url":"https:\/\/bobea.net\/index.php\/author\/bobea-info\/"}]}},"_links":{"self":[{"href":"https:\/\/bobea.net\/index.php\/wp-json\/wp\/v2\/posts\/14922"}],"collection":[{"href":"https:\/\/bobea.net\/index.php\/wp-json\/wp\/v2\/posts"}],"about":[{"href":"https:\/\/bobea.net\/index.php\/wp-json\/wp\/v2\/types\/post"}],"author":[{"embeddable":true,"href":"https:\/\/bobea.net\/index.php\/wp-json\/wp\/v2\/users\/1"}],"replies":[{"embeddable":true,"href":"https:\/\/bobea.net\/index.php\/wp-json\/wp\/v2\/comments?post=14922"}],"version-history":[{"count":1,"href":"https:\/\/bobea.net\/index.php\/wp-json\/wp\/v2\/posts\/14922\/revisions"}],"predecessor-version":[{"id":14929,"href":"https:\/\/bobea.net\/index.php\/wp-json\/wp\/v2\/posts\/14922\/revisions\/14929"}],"wp:featuredmedia":[{"embeddable":true,"href":"https:\/\/bobea.net\/index.php\/wp-json\/wp\/v2\/media\/14924"}],"wp:attachment":[{"href":"https:\/\/bobea.net\/index.php\/wp-json\/wp\/v2\/media?parent=14922"}],"wp:term":[{"taxonomy":"category","embeddable":true,"href":"https:\/\/bobea.net\/index.php\/wp-json\/wp\/v2\/categories?post=14922"},{"taxonomy":"post_tag","embeddable":true,"href":"https:\/\/bobea.net\/index.php\/wp-json\/wp\/v2\/tags?post=14922"}],"curies":[{"name":"wp","href":"https:\/\/api.w.org\/{rel}","templated":true}]}}