{"id":14615,"date":"2025-04-21T03:40:52","date_gmt":"2025-04-21T03:40:52","guid":{"rendered":"https:\/\/bobea.net\/?p=14615"},"modified":"2025-04-21T03:40:53","modified_gmt":"2025-04-21T03:40:53","slug":"hommage-a-francoise-barre-sinoussi-virologue-francaise-et-prix-nobel-ses-avancees-dans-la-lutte-contre-le-vih","status":"publish","type":"post","link":"https:\/\/bobea.net\/index.php\/2025\/04\/21\/hommage-a-francoise-barre-sinoussi-virologue-francaise-et-prix-nobel-ses-avancees-dans-la-lutte-contre-le-vih\/","title":{"rendered":"Hommage \u00e0 Fran\u00e7oise Barr\u00e9-Sinoussi, virologue fran\u00e7aise et prix Nobel : ses avanc\u00e9es dans la lutte contre le VIH"},"content":{"rendered":"\n<p>Intro\u00adduc\u00adtion<\/p>\n\n\n\n<p>En 2025, la France et la com\u00admu\u00adnaut\u00e9 sci\u00aden\u00adtifique inter\u00adna\u00adtionale ren\u00addent hom\u00admage \u00e0 Fran\u00e7oise Bar\u00adr\u00e9-Sinous\u00adsi, viro\u00adlogue d\u2019exception et prix Nobel de m\u00e9decine. Co-d\u00e9cou\u00advreuse du virus du sida en 1983, elle a ouvert la voie \u00e0 des d\u00e9cen\u00adnies de recherche, sauv\u00e9 des mil\u00adlions de vies et mil\u00adit\u00e9 sans rel\u00e2che pour l\u2019acc\u00e8s aux traite\u00adments. Retour sur le par\u00adcours d\u2019une femme d\u2019exception, pio\u00adnni\u00e8re de la sci\u00adence et de la sol\u00adi\u00addar\u00adit\u00e9.<\/p>\n\n\n\n<p>Une d\u00e9cou\u00adverte majeure pour l\u2019humanit\u00e9<\/p>\n\n\n\n<p>En 1983, Fran\u00e7oise Bar\u00adr\u00e9-Sinous\u00adsi, alors jeune chercheuse \u00e0 l\u2019Institut Pas\u00adteur, iden\u00adti\u00adfie avec Luc Mon\u00adtag\u00adnier le virus respon\u00ads\u00adable du sida, le VIH. Cette d\u00e9cou\u00adverte, r\u00e9com\u00adpen\u00ads\u00e9e par le prix Nobel de m\u00e9decine en 2008, mar\u00adque un tour\u00adnant dans la lutte con\u00adtre une pand\u00e9mie mon\u00addi\u00adale. Gr\u00e2ce \u00e0 ses travaux, les tests de d\u00e9pistage et les pre\u00admiers traite\u00adments voient rapi\u00adde\u00adment le jour.<\/p>\n\n\n\n<p>Un engage\u00adment sans faille pour la recherche et les patients<\/p>\n\n\n\n<p>Au-del\u00e0 de la d\u00e9cou\u00adverte, Fran\u00e7oise Bar\u00adr\u00e9-Sinous\u00adsi s\u2019est engag\u00e9e toute sa vie pour&nbsp;:<\/p>\n\n\n\n<ul class=\"wp-block-list\">\n<li><strong>L\u2019acc\u00e8s uni\u00adversel aux traite\u00adments<\/strong>&nbsp;: elle milite pour que les antir\u00e9tro\u00advi\u00adraux soient acces\u00adsi\u00adbles \u00e0 tous, notam\u00adment en Afrique.<\/li>\n\n\n\n<li><strong>La lutte con\u00adtre la stig\u00adma\u00adti\u00adsa\u00adtion<\/strong>&nbsp;: elle d\u00e9fend les droits des per\u00adson\u00adnes vivant avec le VIH et com\u00adbat les dis\u00adcrim\u00adi\u00adna\u00adtions.<\/li>\n\n\n\n<li><strong>La for\u00adma\u00adtion et la trans\u00admis\u00adsion<\/strong>&nbsp;: elle forme des g\u00e9n\u00e9ra\u00adtions de chercheurs et s\u2019investit dans la coop\u00e9ra\u00adtion sci\u00aden\u00adtifique inter\u00adna\u00adtionale.<\/li>\n<\/ul>\n\n\n\n<figure class=\"wp-block-image size-large\"><img loading=\"lazy\" decoding=\"async\" width=\"1024\" height=\"683\" src=\"https:\/\/bobea.net\/wp-content\/uploads\/2025\/04\/Prof-Francoise-Barre-Sinoussi-by-Academy-of-Medical-Science-1200x800-1-1024x683.webp\" alt class=\"wp-image-14617\" srcset=\"https:\/\/bobea.net\/wp-content\/uploads\/2025\/04\/Prof-Francoise-Barre-Sinoussi-by-Academy-of-Medical-Science-1200x800-1-1024x683.webp 1024w, https:\/\/bobea.net\/wp-content\/uploads\/2025\/04\/Prof-Francoise-Barre-Sinoussi-by-Academy-of-Medical-Science-1200x800-1-300x200.webp 300w, https:\/\/bobea.net\/wp-content\/uploads\/2025\/04\/Prof-Francoise-Barre-Sinoussi-by-Academy-of-Medical-Science-1200x800-1-768x512.webp 768w, https:\/\/bobea.net\/wp-content\/uploads\/2025\/04\/Prof-Francoise-Barre-Sinoussi-by-Academy-of-Medical-Science-1200x800-1.webp 1200w\" sizes=\"(max-width: 1024px) 100vw, 1024px\"><\/figure>\n\n\n\n<p>Les avanc\u00e9es r\u00e9centes et l\u2019h\u00e9ritage 2025<\/p>\n\n\n\n<p>En 2025, la recherche sur le VIH b\u00e9n\u00e9\u00adfi\u00adcie encore de ses d\u00e9cou\u00advertes&nbsp;: nou\u00advelles mol\u00e9cules, traite\u00adments longue dur\u00e9e, espoirs de vac\u00adcins. Les asso\u00adci\u00ada\u00adtions de patients salu\u00adent son engage\u00adment pour la pr\u00e9ven\u00adtion, l\u2019\u00e9ducation et la sol\u00adi\u00addar\u00adit\u00e9 inter\u00adna\u00adtionale.<\/p>\n\n\n\n<p>T\u00e9moignages<\/p>\n\n\n\n<ul class=\"wp-block-list\">\n<li><strong>Dr. A\u00efs\u00adsatou Dial\u00adlo, Dakar<\/strong>&nbsp;: \u201cSans Fran\u00e7oise Bar\u00adr\u00e9-Sinous\u00adsi, la lutte con\u00adtre le sida n\u2019aurait pas con\u00adnu de tels pro\u00adgr\u00e8s. Elle a inspir\u00e9 toute une g\u00e9n\u00e9ra\u00adtion de femmes sci\u00aden\u00adtifiques.\u201d<\/li>\n\n\n\n<li><strong>Asso\u00adci\u00ada\u00adtion AIDES<\/strong>&nbsp;: \u201cSon com\u00adbat pour l\u2019acc\u00e8s aux soins et con\u00adtre la stig\u00adma\u00adti\u00adsa\u00adtion reste un mod\u00ad\u00e8le pour nous tous.\u201d<\/li>\n<\/ul>\n\n\n\n<p>Con\u00adclu\u00adsion<\/p>\n\n\n\n<p>Fran\u00e7oise Bar\u00adr\u00e9-Sinous\u00adsi laisse un h\u00e9ritage sci\u00aden\u00adtifique et humain ines\u00adtimable. Son courage, sa rigueur et son engage\u00adment pour la san\u00adt\u00e9 mon\u00addi\u00adale font d\u2019elle une fig\u00adure majeure du XXIe si\u00e8\u00adcle, et un exem\u00adple pour toutes les femmes qui osent chang\u00ader le monde.<\/p>\n","protected":false},"excerpt":{"rendered":"<p>Intro\u00adduc\u00adtion En 2025, la France et la com\u00admu\u00adnaut\u00e9 sci\u00aden\u00adtifique inter\u00adna\u00adtionale ren\u00addent hom\u00admage \u00e0 Fran\u00e7oise Bar\u00adr\u00e9-Sinous\u00adsi, viro\u00adlogue d\u2019exception et prix Nobel de m\u00e9decine. Co-d\u00e9cou\u00advreuse du virus du sida en 1983, elle\u2026 <\/p>\n","protected":false},"author":1,"featured_media":14616,"comment_status":"open","ping_status":"closed","sticky":false,"template":"","format":"standard","meta":{"wp_typography_post_enhancements_disabled":false,"footnotes":""},"categories":[83],"tags":[6837,9517,11025,11024,11026,11023,11021,11022],"class_list":["post-14615","post","type-post","status-publish","format-standard","has-post-thumbnail","hentry","category-dreams-people","tag-avancees-medicales","tag-femmes-scientifiques","tag-francoise-barre-sinoussi","tag-hommage-2025","tag-institut-pasteur","tag-lutte-contre-le-vih","tag-prix-nobel-medecine","tag-vih-sida"],"yoast_head":"<!-- This site is optimized with the Yoast SEO plugin v24.7 - https:\/\/yoast.com\/wordpress\/plugins\/seo\/ -->\n<title>Hommage \u00e0 Fran\u00e7oise Barr\u00e9-Sinoussi, virologue fran\u00e7aise et prix Nobel : ses avanc\u00e9es dans la lutte contre le VIH - Bobea<\/title>\n<meta name=\"robots\" content=\"index, follow, max-snippet:-1, max-image-preview:large, max-video-preview:-1\" \/>\n<link rel=\"canonical\" href=\"https:\/\/bobea.net\/index.php\/2025\/04\/21\/hommage-a-francoise-barre-sinoussi-virologue-francaise-et-prix-nobel-ses-avancees-dans-la-lutte-contre-le-vih\/\" \/>\n<meta property=\"og:locale\" content=\"fr_FR\" \/>\n<meta property=\"og:type\" content=\"article\" \/>\n<meta property=\"og:title\" content=\"Hommage \u00e0 Fran\u00e7oise Barr\u00e9-Sinoussi, virologue fran\u00e7aise et prix Nobel : ses avanc\u00e9es dans la lutte contre le VIH - Bobea\" \/>\n<meta property=\"og:description\" content=\"Intro\u00adduc\u00adtion En 2025, la France et la com\u00admu\u00adnaut\u00e9 sci\u00aden\u00adtifique inter\u00adna\u00adtionale ren\u00addent hom\u00admage \u00e0 Fran\u00e7oise Bar\u00adr\u00e9-Sinous\u00adsi, viro\u00adlogue d\u2019exception et prix Nobel de m\u00e9decine. Co-d\u00e9cou\u00advreuse du virus du sida en 1983, elle&hellip;\" \/>\n<meta property=\"og:url\" content=\"https:\/\/bobea.net\/index.php\/2025\/04\/21\/hommage-a-francoise-barre-sinoussi-virologue-francaise-et-prix-nobel-ses-avancees-dans-la-lutte-contre-le-vih\/\" \/>\n<meta property=\"og:site_name\" content=\"Bobea\" \/>\n<meta property=\"article:publisher\" content=\"https:\/\/web.facebook.com\/profile.php?id=61559252188416\" \/>\n<meta property=\"article:published_time\" content=\"2025-04-21T03:40:52+00:00\" \/>\n<meta property=\"article:modified_time\" content=\"2025-04-21T03:40:53+00:00\" \/>\n<meta property=\"og:image\" content=\"https:\/\/bobea.net\/wp-content\/uploads\/2025\/04\/fbs.jpg\" \/>\n\t<meta property=\"og:image:width\" content=\"550\" \/>\n\t<meta property=\"og:image:height\" content=\"395\" \/>\n\t<meta property=\"og:image:type\" content=\"image\/jpeg\" \/>\n<meta name=\"author\" content=\"bobea.info\" \/>\n<meta name=\"twitter:card\" content=\"summary_large_image\" \/>\n<meta name=\"twitter:label1\" content=\"\u00c9crit par\" \/>\n\t<meta name=\"twitter:data1\" content=\"bobea.info\" \/>\n\t<meta name=\"twitter:label2\" content=\"Dur\u00e9e de lecture estim\u00e9e\" \/>\n\t<meta name=\"twitter:data2\" content=\"3 minutes\" \/>\n<script type=\"application\/ld+json\" class=\"yoast-schema-graph\">{\"@context\":\"https:\/\/schema.org\",\"@graph\":[{\"@type\":\"Article\",\"@id\":\"https:\/\/bobea.net\/index.php\/2025\/04\/21\/hommage-a-francoise-barre-sinoussi-virologue-francaise-et-prix-nobel-ses-avancees-dans-la-lutte-contre-le-vih\/#article\",\"isPartOf\":{\"@id\":\"https:\/\/bobea.net\/index.php\/2025\/04\/21\/hommage-a-francoise-barre-sinoussi-virologue-francaise-et-prix-nobel-ses-avancees-dans-la-lutte-contre-le-vih\/\"},\"author\":{\"name\":\"bobea.info\",\"@id\":\"https:\/\/bobea.net\/#\/schema\/person\/e7f45ef187918d7c956bf619dce90ccf\"},\"headline\":\"Hommage \u00e0 Fran\u00e7oise Barr\u00e9-Sinoussi, virologue fran\u00e7aise et prix Nobel : ses avanc\u00e9es dans la lutte contre le VIH\",\"datePublished\":\"2025-04-21T03:40:52+00:00\",\"dateModified\":\"2025-04-21T03:40:53+00:00\",\"mainEntityOfPage\":{\"@id\":\"https:\/\/bobea.net\/index.php\/2025\/04\/21\/hommage-a-francoise-barre-sinoussi-virologue-francaise-et-prix-nobel-ses-avancees-dans-la-lutte-contre-le-vih\/\"},\"wordCount\":407,\"commentCount\":0,\"publisher\":{\"@id\":\"https:\/\/bobea.net\/#organization\"},\"image\":{\"@id\":\"https:\/\/bobea.net\/index.php\/2025\/04\/21\/hommage-a-francoise-barre-sinoussi-virologue-francaise-et-prix-nobel-ses-avancees-dans-la-lutte-contre-le-vih\/#primaryimage\"},\"thumbnailUrl\":\"https:\/\/bobea.net\/wp-content\/uploads\/2025\/04\/fbs.jpg\",\"keywords\":[\"avanc\u00e9es m\u00e9dicales\",\"femmes scientifiques\",\"Fran\u00e7oise Barr\u00e9-Sinoussi\",\"hommage 2025\",\"Institut Pasteur\",\"lutte contre le VIH\",\"prix Nobel m\u00e9decine\",\"VIH sida\"],\"articleSection\":[\"Dreams People\"],\"inLanguage\":\"fr-FR\",\"potentialAction\":[{\"@type\":\"CommentAction\",\"name\":\"Comment\",\"target\":[\"https:\/\/bobea.net\/index.php\/2025\/04\/21\/hommage-a-francoise-barre-sinoussi-virologue-francaise-et-prix-nobel-ses-avancees-dans-la-lutte-contre-le-vih\/#respond\"]}]},{\"@type\":\"WebPage\",\"@id\":\"https:\/\/bobea.net\/index.php\/2025\/04\/21\/hommage-a-francoise-barre-sinoussi-virologue-francaise-et-prix-nobel-ses-avancees-dans-la-lutte-contre-le-vih\/\",\"url\":\"https:\/\/bobea.net\/index.php\/2025\/04\/21\/hommage-a-francoise-barre-sinoussi-virologue-francaise-et-prix-nobel-ses-avancees-dans-la-lutte-contre-le-vih\/\",\"name\":\"Hommage \u00e0 Fran\u00e7oise Barr\u00e9-Sinoussi, virologue fran\u00e7aise et prix Nobel : ses avanc\u00e9es dans la lutte contre le VIH - Bobea\",\"isPartOf\":{\"@id\":\"https:\/\/bobea.net\/#website\"},\"primaryImageOfPage\":{\"@id\":\"https:\/\/bobea.net\/index.php\/2025\/04\/21\/hommage-a-francoise-barre-sinoussi-virologue-francaise-et-prix-nobel-ses-avancees-dans-la-lutte-contre-le-vih\/#primaryimage\"},\"image\":{\"@id\":\"https:\/\/bobea.net\/index.php\/2025\/04\/21\/hommage-a-francoise-barre-sinoussi-virologue-francaise-et-prix-nobel-ses-avancees-dans-la-lutte-contre-le-vih\/#primaryimage\"},\"thumbnailUrl\":\"https:\/\/bobea.net\/wp-content\/uploads\/2025\/04\/fbs.jpg\",\"datePublished\":\"2025-04-21T03:40:52+00:00\",\"dateModified\":\"2025-04-21T03:40:53+00:00\",\"breadcrumb\":{\"@id\":\"https:\/\/bobea.net\/index.php\/2025\/04\/21\/hommage-a-francoise-barre-sinoussi-virologue-francaise-et-prix-nobel-ses-avancees-dans-la-lutte-contre-le-vih\/#breadcrumb\"},\"inLanguage\":\"fr-FR\",\"potentialAction\":[{\"@type\":\"ReadAction\",\"target\":[\"https:\/\/bobea.net\/index.php\/2025\/04\/21\/hommage-a-francoise-barre-sinoussi-virologue-francaise-et-prix-nobel-ses-avancees-dans-la-lutte-contre-le-vih\/\"]}]},{\"@type\":\"ImageObject\",\"inLanguage\":\"fr-FR\",\"@id\":\"https:\/\/bobea.net\/index.php\/2025\/04\/21\/hommage-a-francoise-barre-sinoussi-virologue-francaise-et-prix-nobel-ses-avancees-dans-la-lutte-contre-le-vih\/#primaryimage\",\"url\":\"https:\/\/bobea.net\/wp-content\/uploads\/2025\/04\/fbs.jpg\",\"contentUrl\":\"https:\/\/bobea.net\/wp-content\/uploads\/2025\/04\/fbs.jpg\",\"width\":550,\"height\":395,\"caption\":\"Hommage \u00e0 Fran\u00e7oise Barr\u00e9-Sinoussi, virologue fran\u00e7aise et prix Nobel : ses avanc\u00e9es dans la lutte contre le VIH\"},{\"@type\":\"BreadcrumbList\",\"@id\":\"https:\/\/bobea.net\/index.php\/2025\/04\/21\/hommage-a-francoise-barre-sinoussi-virologue-francaise-et-prix-nobel-ses-avancees-dans-la-lutte-contre-le-vih\/#breadcrumb\",\"itemListElement\":[{\"@type\":\"ListItem\",\"position\":1,\"name\":\"Accueil\",\"item\":\"https:\/\/bobea.net\/\"},{\"@type\":\"ListItem\",\"position\":2,\"name\":\"Hommage \u00e0 Fran\u00e7oise Barr\u00e9-Sinoussi, virologue fran\u00e7aise et prix Nobel : ses avanc\u00e9es dans la lutte contre le VIH\"}]},{\"@type\":\"WebSite\",\"@id\":\"https:\/\/bobea.net\/#website\",\"url\":\"https:\/\/bobea.net\/\",\"name\":\"Bobea\",\"description\":\"Le magazine de la nouvelle \u00c8ve\",\"publisher\":{\"@id\":\"https:\/\/bobea.net\/#organization\"},\"potentialAction\":[{\"@type\":\"SearchAction\",\"target\":{\"@type\":\"EntryPoint\",\"urlTemplate\":\"https:\/\/bobea.net\/?s={search_term_string}\"},\"query-input\":{\"@type\":\"PropertyValueSpecification\",\"valueRequired\":true,\"valueName\":\"search_term_string\"}}],\"inLanguage\":\"fr-FR\"},{\"@type\":\"Organization\",\"@id\":\"https:\/\/bobea.net\/#organization\",\"name\":\"Bobea\",\"url\":\"https:\/\/bobea.net\/\",\"logo\":{\"@type\":\"ImageObject\",\"inLanguage\":\"fr-FR\",\"@id\":\"https:\/\/bobea.net\/#\/schema\/logo\/image\/\",\"url\":\"https:\/\/bobea.net\/wp-content\/uploads\/2024\/06\/bobea.jpg\",\"contentUrl\":\"https:\/\/bobea.net\/wp-content\/uploads\/2024\/06\/bobea.jpg\",\"width\":1080,\"height\":1080,\"caption\":\"Bobea\"},\"image\":{\"@id\":\"https:\/\/bobea.net\/#\/schema\/logo\/image\/\"},\"sameAs\":[\"https:\/\/web.facebook.com\/profile.php?id=61559252188416\"]},{\"@type\":\"Person\",\"@id\":\"https:\/\/bobea.net\/#\/schema\/person\/e7f45ef187918d7c956bf619dce90ccf\",\"name\":\"bobea.info\",\"image\":{\"@type\":\"ImageObject\",\"inLanguage\":\"fr-FR\",\"@id\":\"https:\/\/bobea.net\/#\/schema\/person\/image\/\",\"url\":\"https:\/\/secure.gravatar.com\/avatar\/36147980349df887ae30808df3e29474?s=96&d=mm&r=g\",\"contentUrl\":\"https:\/\/secure.gravatar.com\/avatar\/36147980349df887ae30808df3e29474?s=96&d=mm&r=g\",\"caption\":\"bobea.info\"},\"sameAs\":[\"https:\/\/bobea.net\"],\"url\":\"https:\/\/bobea.net\/index.php\/author\/bobea-info\/\"}]}<\/script>\n<!-- \/ Yoast SEO plugin. -->","yoast_head_json":{"title":"Hommage \u00e0 Fran\u00e7oise Barr\u00e9-Sinoussi, virologue fran\u00e7aise et prix Nobel : ses avanc\u00e9es dans la lutte contre le VIH - Bobea","robots":{"index":"index","follow":"follow","max-snippet":"max-snippet:-1","max-image-preview":"max-image-preview:large","max-video-preview":"max-video-preview:-1"},"canonical":"https:\/\/bobea.net\/index.php\/2025\/04\/21\/hommage-a-francoise-barre-sinoussi-virologue-francaise-et-prix-nobel-ses-avancees-dans-la-lutte-contre-le-vih\/","og_locale":"fr_FR","og_type":"article","og_title":"Hommage \u00e0 Fran\u00e7oise Barr\u00e9-Sinoussi, virologue fran\u00e7aise et prix Nobel : ses avanc\u00e9es dans la lutte contre le VIH - Bobea","og_description":"Intro\u00adduc\u00adtion En 2025, la France et la com\u00admu\u00adnaut\u00e9 sci\u00aden\u00adtifique inter\u00adna\u00adtionale ren\u00addent hom\u00admage \u00e0 Fran\u00e7oise Bar\u00adr\u00e9-Sinous\u00adsi, viro\u00adlogue d\u2019exception et prix Nobel de m\u00e9decine. Co-d\u00e9cou\u00advreuse du virus du sida en 1983, elle&hellip;","og_url":"https:\/\/bobea.net\/index.php\/2025\/04\/21\/hommage-a-francoise-barre-sinoussi-virologue-francaise-et-prix-nobel-ses-avancees-dans-la-lutte-contre-le-vih\/","og_site_name":"Bobea","article_publisher":"https:\/\/web.facebook.com\/profile.php?id=61559252188416","article_published_time":"2025-04-21T03:40:52+00:00","article_modified_time":"2025-04-21T03:40:53+00:00","og_image":[{"width":550,"height":395,"url":"https:\/\/bobea.net\/wp-content\/uploads\/2025\/04\/fbs.jpg","type":"image\/jpeg"}],"author":"bobea.info","twitter_card":"summary_large_image","twitter_misc":{"\u00c9crit par":"bobea.info","Dur\u00e9e de lecture estim\u00e9e":"3 minutes"},"schema":{"@context":"https:\/\/schema.org","@graph":[{"@type":"Article","@id":"https:\/\/bobea.net\/index.php\/2025\/04\/21\/hommage-a-francoise-barre-sinoussi-virologue-francaise-et-prix-nobel-ses-avancees-dans-la-lutte-contre-le-vih\/#article","isPartOf":{"@id":"https:\/\/bobea.net\/index.php\/2025\/04\/21\/hommage-a-francoise-barre-sinoussi-virologue-francaise-et-prix-nobel-ses-avancees-dans-la-lutte-contre-le-vih\/"},"author":{"name":"bobea.info","@id":"https:\/\/bobea.net\/#\/schema\/person\/e7f45ef187918d7c956bf619dce90ccf"},"headline":"Hommage \u00e0 Fran\u00e7oise Barr\u00e9-Sinoussi, virologue fran\u00e7aise et prix Nobel : ses avanc\u00e9es dans la lutte contre le VIH","datePublished":"2025-04-21T03:40:52+00:00","dateModified":"2025-04-21T03:40:53+00:00","mainEntityOfPage":{"@id":"https:\/\/bobea.net\/index.php\/2025\/04\/21\/hommage-a-francoise-barre-sinoussi-virologue-francaise-et-prix-nobel-ses-avancees-dans-la-lutte-contre-le-vih\/"},"wordCount":407,"commentCount":0,"publisher":{"@id":"https:\/\/bobea.net\/#organization"},"image":{"@id":"https:\/\/bobea.net\/index.php\/2025\/04\/21\/hommage-a-francoise-barre-sinoussi-virologue-francaise-et-prix-nobel-ses-avancees-dans-la-lutte-contre-le-vih\/#primaryimage"},"thumbnailUrl":"https:\/\/bobea.net\/wp-content\/uploads\/2025\/04\/fbs.jpg","keywords":["avanc\u00e9es m\u00e9dicales","femmes scientifiques","Fran\u00e7oise Barr\u00e9-Sinoussi","hommage 2025","Institut Pasteur","lutte contre le VIH","prix Nobel m\u00e9decine","VIH sida"],"articleSection":["Dreams People"],"inLanguage":"fr-FR","potentialAction":[{"@type":"CommentAction","name":"Comment","target":["https:\/\/bobea.net\/index.php\/2025\/04\/21\/hommage-a-francoise-barre-sinoussi-virologue-francaise-et-prix-nobel-ses-avancees-dans-la-lutte-contre-le-vih\/#respond"]}]},{"@type":"WebPage","@id":"https:\/\/bobea.net\/index.php\/2025\/04\/21\/hommage-a-francoise-barre-sinoussi-virologue-francaise-et-prix-nobel-ses-avancees-dans-la-lutte-contre-le-vih\/","url":"https:\/\/bobea.net\/index.php\/2025\/04\/21\/hommage-a-francoise-barre-sinoussi-virologue-francaise-et-prix-nobel-ses-avancees-dans-la-lutte-contre-le-vih\/","name":"Hommage \u00e0 Fran\u00e7oise Barr\u00e9-Sinoussi, virologue fran\u00e7aise et prix Nobel : ses avanc\u00e9es dans la lutte contre le VIH - Bobea","isPartOf":{"@id":"https:\/\/bobea.net\/#website"},"primaryImageOfPage":{"@id":"https:\/\/bobea.net\/index.php\/2025\/04\/21\/hommage-a-francoise-barre-sinoussi-virologue-francaise-et-prix-nobel-ses-avancees-dans-la-lutte-contre-le-vih\/#primaryimage"},"image":{"@id":"https:\/\/bobea.net\/index.php\/2025\/04\/21\/hommage-a-francoise-barre-sinoussi-virologue-francaise-et-prix-nobel-ses-avancees-dans-la-lutte-contre-le-vih\/#primaryimage"},"thumbnailUrl":"https:\/\/bobea.net\/wp-content\/uploads\/2025\/04\/fbs.jpg","datePublished":"2025-04-21T03:40:52+00:00","dateModified":"2025-04-21T03:40:53+00:00","breadcrumb":{"@id":"https:\/\/bobea.net\/index.php\/2025\/04\/21\/hommage-a-francoise-barre-sinoussi-virologue-francaise-et-prix-nobel-ses-avancees-dans-la-lutte-contre-le-vih\/#breadcrumb"},"inLanguage":"fr-FR","potentialAction":[{"@type":"ReadAction","target":["https:\/\/bobea.net\/index.php\/2025\/04\/21\/hommage-a-francoise-barre-sinoussi-virologue-francaise-et-prix-nobel-ses-avancees-dans-la-lutte-contre-le-vih\/"]}]},{"@type":"ImageObject","inLanguage":"fr-FR","@id":"https:\/\/bobea.net\/index.php\/2025\/04\/21\/hommage-a-francoise-barre-sinoussi-virologue-francaise-et-prix-nobel-ses-avancees-dans-la-lutte-contre-le-vih\/#primaryimage","url":"https:\/\/bobea.net\/wp-content\/uploads\/2025\/04\/fbs.jpg","contentUrl":"https:\/\/bobea.net\/wp-content\/uploads\/2025\/04\/fbs.jpg","width":550,"height":395,"caption":"Hommage \u00e0 Fran\u00e7oise Barr\u00e9-Sinoussi, virologue fran\u00e7aise et prix Nobel : ses avanc\u00e9es dans la lutte contre le VIH"},{"@type":"BreadcrumbList","@id":"https:\/\/bobea.net\/index.php\/2025\/04\/21\/hommage-a-francoise-barre-sinoussi-virologue-francaise-et-prix-nobel-ses-avancees-dans-la-lutte-contre-le-vih\/#breadcrumb","itemListElement":[{"@type":"ListItem","position":1,"name":"Accueil","item":"https:\/\/bobea.net\/"},{"@type":"ListItem","position":2,"name":"Hommage \u00e0 Fran\u00e7oise Barr\u00e9-Sinoussi, virologue fran\u00e7aise et prix Nobel : ses avanc\u00e9es dans la lutte contre le VIH"}]},{"@type":"WebSite","@id":"https:\/\/bobea.net\/#website","url":"https:\/\/bobea.net\/","name":"Bobea","description":"Le magazine de la nouvelle \u00c8ve","publisher":{"@id":"https:\/\/bobea.net\/#organization"},"potentialAction":[{"@type":"SearchAction","target":{"@type":"EntryPoint","urlTemplate":"https:\/\/bobea.net\/?s={search_term_string}"},"query-input":{"@type":"PropertyValueSpecification","valueRequired":true,"valueName":"search_term_string"}}],"inLanguage":"fr-FR"},{"@type":"Organization","@id":"https:\/\/bobea.net\/#organization","name":"Bobea","url":"https:\/\/bobea.net\/","logo":{"@type":"ImageObject","inLanguage":"fr-FR","@id":"https:\/\/bobea.net\/#\/schema\/logo\/image\/","url":"https:\/\/bobea.net\/wp-content\/uploads\/2024\/06\/bobea.jpg","contentUrl":"https:\/\/bobea.net\/wp-content\/uploads\/2024\/06\/bobea.jpg","width":1080,"height":1080,"caption":"Bobea"},"image":{"@id":"https:\/\/bobea.net\/#\/schema\/logo\/image\/"},"sameAs":["https:\/\/web.facebook.com\/profile.php?id=61559252188416"]},{"@type":"Person","@id":"https:\/\/bobea.net\/#\/schema\/person\/e7f45ef187918d7c956bf619dce90ccf","name":"bobea.info","image":{"@type":"ImageObject","inLanguage":"fr-FR","@id":"https:\/\/bobea.net\/#\/schema\/person\/image\/","url":"https:\/\/secure.gravatar.com\/avatar\/36147980349df887ae30808df3e29474?s=96&d=mm&r=g","contentUrl":"https:\/\/secure.gravatar.com\/avatar\/36147980349df887ae30808df3e29474?s=96&d=mm&r=g","caption":"bobea.info"},"sameAs":["https:\/\/bobea.net"],"url":"https:\/\/bobea.net\/index.php\/author\/bobea-info\/"}]}},"_links":{"self":[{"href":"https:\/\/bobea.net\/index.php\/wp-json\/wp\/v2\/posts\/14615"}],"collection":[{"href":"https:\/\/bobea.net\/index.php\/wp-json\/wp\/v2\/posts"}],"about":[{"href":"https:\/\/bobea.net\/index.php\/wp-json\/wp\/v2\/types\/post"}],"author":[{"embeddable":true,"href":"https:\/\/bobea.net\/index.php\/wp-json\/wp\/v2\/users\/1"}],"replies":[{"embeddable":true,"href":"https:\/\/bobea.net\/index.php\/wp-json\/wp\/v2\/comments?post=14615"}],"version-history":[{"count":1,"href":"https:\/\/bobea.net\/index.php\/wp-json\/wp\/v2\/posts\/14615\/revisions"}],"predecessor-version":[{"id":14618,"href":"https:\/\/bobea.net\/index.php\/wp-json\/wp\/v2\/posts\/14615\/revisions\/14618"}],"wp:featuredmedia":[{"embeddable":true,"href":"https:\/\/bobea.net\/index.php\/wp-json\/wp\/v2\/media\/14616"}],"wp:attachment":[{"href":"https:\/\/bobea.net\/index.php\/wp-json\/wp\/v2\/media?parent=14615"}],"wp:term":[{"taxonomy":"category","embeddable":true,"href":"https:\/\/bobea.net\/index.php\/wp-json\/wp\/v2\/categories?post=14615"},{"taxonomy":"post_tag","embeddable":true,"href":"https:\/\/bobea.net\/index.php\/wp-json\/wp\/v2\/tags?post=14615"}],"curies":[{"name":"wp","href":"https:\/\/api.w.org\/{rel}","templated":true}]}}