{"id":14610,"date":"2025-04-21T03:37:42","date_gmt":"2025-04-21T03:37:42","guid":{"rendered":"https:\/\/bobea.net\/?p=14610"},"modified":"2025-04-21T03:38:07","modified_gmt":"2025-04-21T03:38:07","slug":"yvonne-de-gaulle-une-femme-de-lombre-pilier-du-general-et-influence-discrete-sur-la-vie-politique-francaise","status":"publish","type":"post","link":"https:\/\/bobea.net\/index.php\/2025\/04\/21\/yvonne-de-gaulle-une-femme-de-lombre-pilier-du-general-et-influence-discrete-sur-la-vie-politique-francaise\/","title":{"rendered":"Yvonne de Gaulle : une femme de l\u2019ombre, pilier du G\u00e9n\u00e9ral et influence discr\u00e8te sur la vie politique fran\u00e7aise"},"content":{"rendered":"\n<p>Intro\u00adduc\u00adtion<\/p>\n\n\n\n<p>Longtemps rest\u00e9e dans l\u2019ombre du G\u00e9n\u00e9ral, Yvonne de Gaulle incar\u00adne une fig\u00adure majeure de l\u2019histoire poli\u00adtique fran\u00e7aise du XXe si\u00e8\u00adcle. Dis\u00adcr\u00e8te mais d\u00e9ter\u00admin\u00e9e, elle fut bien plus qu\u2019une \u00ab&nbsp;Pre\u00admi\u00e8re dame&nbsp;\u00bb&nbsp;: pili\u00ader du cou\u00adple pr\u00e9si\u00adden\u00adtiel, gar\u00addi\u00adenne des valeurs morales, et par\u00adfois influ\u00adence d\u00e9ci\u00adsive sur cer\u00adtains choix du G\u00e9n\u00e9ral. \u00c0 l\u2019heure o\u00f9 la place des femmes dans la sph\u00e8re poli\u00adtique et sociale est plus que jamais ques\u00adtion\u00adn\u00e9e, retour sur le par\u00adcours et l\u2019influence sin\u00adguli\u00e8re d\u2019Yvonne de Gaulle.<\/p>\n\n\n\n<p>Une vie de fid\u00e9l\u00adit\u00e9 et de con\u00advic\u00adtions<\/p>\n\n\n\n<p>N\u00e9e Yvonne Ven\u00addroux en 1900 \u00e0 Calais, elle \u00e9pouse Charles de Gaulle en 1921. D\u00e8s le d\u00e9but, elle s\u2019impose comme la pre\u00admi\u00e8re et la plus fid\u00e8le des gaullistes, incar\u00adnant la loy\u00adaut\u00e9, la foi et le sens du devoir, valeurs qui mar\u00adqueront toute la tra\u00adjec\u00adtoire du G\u00e9n\u00e9ral<a href=\"https:\/\/books.openedition.org\/pan\/399?lang=fr\" target=\"_blank\" rel=\"noreferrer noopener\">2<\/a>.&nbsp;Sa dis\u00adcr\u00e9\u00adtion sur la sc\u00e8ne publique lui vaut le surnom de \u00ab&nbsp;Tante Yvonne&nbsp;\u00bb, mais der\u00adri\u00e8re cette image se cache une femme de car\u00adac\u00adt\u00e8re, \u00e9duqu\u00e9e dans la tra\u00addi\u00adtion et la rigueur, pr\u00eate \u00e0 tout sac\u00adri\u00adfi\u00ader pour soutenir son \u00e9poux dans ses engage\u00adments<a href=\"https:\/\/fr.wikipedia.org\/wiki\/Yvonne_de_Gaulle\" target=\"_blank\" rel=\"noreferrer noopener\">1<\/a><a href=\"https:\/\/books.openedition.org\/pan\/399?lang=fr\" target=\"_blank\" rel=\"noreferrer noopener\">2<\/a>.<\/p>\n\n\n\n<p>Une influ\u00adence morale et poli\u00adtique r\u00e9elle<\/p>\n\n\n\n<p>Yvonne de Gaulle n\u2019a jamais cher\u00adch\u00e9 la lumi\u00e8re, mais son r\u00f4le \u00e0 l\u2019\u00c9lys\u00e9e fut loin d\u2019\u00eatre pas\u00adsif. Catholique pra\u00adti\u00adquante, elle veille \u00e0 la sim\u00adplic\u00adit\u00e9 et \u00e0 la retenue du train de vie pr\u00e9si\u00adden\u00adtiel, et incar\u00adne la tra\u00addi\u00adtion et le respect des valeurs morales<a href=\"https:\/\/fr.wikipedia.org\/wiki\/Yvonne_de_Gaulle\" target=\"_blank\" rel=\"noreferrer noopener\">1<\/a>.&nbsp;Elle n\u2019h\u00e9site pas \u00e0 s\u2019opposer \u00e0 la pr\u00e9sence de per\u00adson\u00adnes divor\u00adc\u00e9es ou adult\u00e8res au sein des gou\u00adverne\u00adments, et fait am\u00e9\u00adnag\u00ader une chapelle priv\u00e9e \u00e0 l\u2019\u00c9lys\u00e9e d\u00e8s leur arriv\u00e9e<a href=\"https:\/\/fr.wikipedia.org\/wiki\/Yvonne_de_Gaulle\" target=\"_blank\" rel=\"noreferrer noopener\">1<\/a>.<\/p>\n\n\n\n<p>Mais son influ\u00adence va au-del\u00e0 du sym\u00adbole&nbsp;: elle inter\u00advient directe\u00adment aupr\u00e8s de son mari sur des sujets de soci\u00e9t\u00e9 majeurs. L\u2019exemple le plus mar\u00adquant reste son r\u00f4le dans l\u2019adoption de la loi Neuwirth, autorisant la con\u00adtra\u00adcep\u00adtion orale en France. Alors que le G\u00e9n\u00e9ral y \u00e9tait ini\u00adtiale\u00adment oppos\u00e9, c\u2019est Yvonne de Gaulle qui, sol\u00adlic\u00adit\u00e9e par les d\u00e9fenseurs de la loi, saura con\u00adva\u00adin\u00adcre son \u00e9poux de la n\u00e9ces\u00adsit\u00e9 de cette avanc\u00e9e pour les femmes fran\u00e7ais\u00ades.<\/p>\n\n\n\n<p>Une t\u00e9moin et actrice de l\u2019histoire<\/p>\n\n\n\n<p>Yvonne de Gaulle est aus\u00adsi un t\u00e9moin de pre\u00admier plan de la mat\u00adu\u00adra\u00adtion poli\u00adtique du G\u00e9n\u00e9ral, d\u00e8s les ann\u00e9es 1920, et de la nais\u00adsance de la pen\u00ads\u00e9e gaulli\u00adenne<a href=\"https:\/\/books.openedition.org\/pan\/399?lang=fr\" target=\"_blank\" rel=\"noreferrer noopener\">2<\/a>.&nbsp;Pr\u00e9sente lors des moments cl\u00e9s, elle partage avec lui les \u00e9preuves de la guerre, la tra\u00adver\u00ads\u00e9e du d\u00e9sert poli\u00adtique, puis la con\u00adqu\u00eate et l\u2019exercice du pou\u00advoir.<\/p>\n\n\n\n<p>En 1945, elle vote pour la pre\u00admi\u00e8re fois lors des \u00e9lec\u00adtions munic\u00adi\u00adpales, incar\u00adnant \u00e0 la fois la femme qui acc\u00e8de enfin au suf\u00adfrage uni\u00adversel et l\u2019\u00e9pouse du chef d\u2019\u00c9tat qui a sign\u00e9 l\u2019ordonnance accor\u00addant le droit de vote aux femmes fran\u00e7ais\u00ades.&nbsp;Ce geste, haute\u00adment sym\u00adbol\u00adique, mar\u00adque le d\u00e9but d\u2019une nou\u00advelle \u00e8re pour la d\u00e9moc\u00adra\u00adtie et la place des femmes en France.<\/p>\n\n\n\n<figure class=\"wp-block-image size-large\"><img loading=\"lazy\" decoding=\"async\" width=\"1024\" height=\"682\" src=\"https:\/\/bobea.net\/wp-content\/uploads\/2025\/04\/Yvonne-de-Gaulle-l-inconnue-de-l-Elysee-1024x682.jpg\" alt class=\"wp-image-14612\" srcset=\"https:\/\/bobea.net\/wp-content\/uploads\/2025\/04\/Yvonne-de-Gaulle-l-inconnue-de-l-Elysee-1024x682.jpg 1024w, https:\/\/bobea.net\/wp-content\/uploads\/2025\/04\/Yvonne-de-Gaulle-l-inconnue-de-l-Elysee-300x200.jpg 300w, https:\/\/bobea.net\/wp-content\/uploads\/2025\/04\/Yvonne-de-Gaulle-l-inconnue-de-l-Elysee-768x511.jpg 768w, https:\/\/bobea.net\/wp-content\/uploads\/2025\/04\/Yvonne-de-Gaulle-l-inconnue-de-l-Elysee-1536x1023.jpg 1536w, https:\/\/bobea.net\/wp-content\/uploads\/2025\/04\/Yvonne-de-Gaulle-l-inconnue-de-l-Elysee.jpg 2000w\" sizes=\"(max-width: 1024px) 100vw, 1024px\"><\/figure>\n\n\n\n<p>H\u00e9ritage et post\u00e9rit\u00e9<\/p>\n\n\n\n<p>Apr\u00e8s la mort du G\u00e9n\u00e9ral, Yvonne de Gaulle reste fid\u00e8le \u00e0 ses con\u00advic\u00adtions, dis\u00adtin\u00adguant dans ses cour\u00adri\u00aders les \u00ab&nbsp;vrais&nbsp;\u00bb gaullistes de ceux qui ont trahi la fid\u00e9l\u00adit\u00e9 au G\u00e9n\u00e9ral<a href=\"https:\/\/books.openedition.org\/pan\/399?lang=fr\" target=\"_blank\" rel=\"noreferrer noopener\">2<\/a>.&nbsp;Elle con\u00adtin\u00adue de peser, par sa parole et ses r\u00e9seaux, sur la m\u00e9moire du gaullisme et sur la vie poli\u00adtique fran\u00e7aise.<\/p>\n\n\n\n<p>Yvonne de Gaulle incar\u00adne la femme de l\u2019ombre, mais aus\u00adsi la force tran\u00adquille qui a su, \u00e0 plusieurs repris\u00ades, infl\u00e9chir le cours de l\u2019histoire. Son influ\u00adence, longtemps sous-estim\u00e9e, est aujourd\u2019hui recon\u00adnue comme celle d\u2019une grande dame qui a su con\u00adjuguer tra\u00addi\u00adtion, dis\u00adcr\u00e9\u00adtion et moder\u00adnit\u00e9 dans l\u2019engagement poli\u00adtique.<\/p>\n\n\n\n<p>Con\u00adclu\u00adsion<\/p>\n\n\n\n<p>Yvonne de Gaulle demeure un mod\u00ad\u00e8le sin\u00adguli\u00ader de Pre\u00admi\u00e8re dame&nbsp;: \u00e0 la fois gar\u00addi\u00adenne de la tra\u00addi\u00adtion et actrice de l\u2019\u00e9mancipation, elle a su influ\u00adencer le G\u00e9n\u00e9ral et, \u00e0 tra\u00advers lui, la vie poli\u00adtique et sociale fran\u00e7aise. Son h\u00e9ritage, fait de fid\u00e9l\u00adit\u00e9, de con\u00advic\u00adtions et de dis\u00adcr\u00e9\u00adtion, con\u00adtin\u00adue d\u2019inspirer les femmes et les hommes engag\u00e9s dans la vie publique.<\/p>\n","protected":false},"excerpt":{"rendered":"<p>Intro\u00adduc\u00adtion Longtemps rest\u00e9e dans l\u2019ombre du G\u00e9n\u00e9ral, Yvonne de Gaulle incar\u00adne une fig\u00adure majeure de l\u2019histoire poli\u00adtique fran\u00e7aise du XXe si\u00e8\u00adcle. Dis\u00adcr\u00e8te mais d\u00e9ter\u00admin\u00e9e, elle fut bien plus qu\u2019une \u00ab&nbsp;Pre\u00admi\u00e8re\u2026 <\/p>\n","protected":false},"author":1,"featured_media":14611,"comment_status":"open","ping_status":"closed","sticky":false,"template":"","format":"standard","meta":{"wp_typography_post_enhancements_disabled":false,"footnotes":""},"categories":[83],"tags":[5901,11017,11019,11020,11018,3266,11016,3508,715,11015],"class_list":["post-14610","post","type-post","status-publish","format-standard","has-post-thumbnail","hentry","category-dreams-people","tag-droit-de-vote-des-femmes","tag-femme-de-lombre","tag-gaullisme","tag-general-de-gaulle","tag-histoire-politique-francaise","tag-influence-politique","tag-loi-neuwirth","tag-premiere-dame","tag-tradition-et-modernite","tag-yvonne-de-gaulle"],"yoast_head":"<!-- This site is optimized with the Yoast SEO plugin v24.7 - https:\/\/yoast.com\/wordpress\/plugins\/seo\/ -->\n<title>Yvonne de Gaulle : une femme de l\u2019ombre, pilier du G\u00e9n\u00e9ral et influence discr\u00e8te sur la vie politique fran\u00e7aise - Bobea<\/title>\n<meta name=\"robots\" content=\"index, follow, max-snippet:-1, max-image-preview:large, max-video-preview:-1\" \/>\n<link rel=\"canonical\" href=\"https:\/\/bobea.net\/index.php\/2025\/04\/21\/yvonne-de-gaulle-une-femme-de-lombre-pilier-du-general-et-influence-discrete-sur-la-vie-politique-francaise\/\" \/>\n<meta property=\"og:locale\" content=\"fr_FR\" \/>\n<meta property=\"og:type\" content=\"article\" \/>\n<meta property=\"og:title\" content=\"Yvonne de Gaulle : une femme de l\u2019ombre, pilier du G\u00e9n\u00e9ral et influence discr\u00e8te sur la vie politique fran\u00e7aise - Bobea\" \/>\n<meta property=\"og:description\" content=\"Intro\u00adduc\u00adtion Longtemps rest\u00e9e dans l\u2019ombre du G\u00e9n\u00e9ral, Yvonne de Gaulle incar\u00adne une fig\u00adure majeure de l\u2019histoire poli\u00adtique fran\u00e7aise du XXe si\u00e8\u00adcle. Dis\u00adcr\u00e8te mais d\u00e9ter\u00admin\u00e9e, elle fut bien plus qu\u2019une \u00ab&nbsp;Pre\u00admi\u00e8re&hellip;\" \/>\n<meta property=\"og:url\" content=\"https:\/\/bobea.net\/index.php\/2025\/04\/21\/yvonne-de-gaulle-une-femme-de-lombre-pilier-du-general-et-influence-discrete-sur-la-vie-politique-francaise\/\" \/>\n<meta property=\"og:site_name\" content=\"Bobea\" \/>\n<meta property=\"article:publisher\" content=\"https:\/\/web.facebook.com\/profile.php?id=61559252188416\" \/>\n<meta property=\"article:published_time\" content=\"2025-04-21T03:37:42+00:00\" \/>\n<meta property=\"article:modified_time\" content=\"2025-04-21T03:38:07+00:00\" \/>\n<meta property=\"og:image\" content=\"https:\/\/bobea.net\/wp-content\/uploads\/2025\/04\/1200x680_yvonne-de-gaulle.jpg\" \/>\n\t<meta property=\"og:image:width\" content=\"993\" \/>\n\t<meta property=\"og:image:height\" content=\"563\" \/>\n\t<meta property=\"og:image:type\" content=\"image\/jpeg\" \/>\n<meta name=\"author\" content=\"bobea.info\" \/>\n<meta name=\"twitter:card\" content=\"summary_large_image\" \/>\n<meta name=\"twitter:label1\" content=\"\u00c9crit par\" \/>\n\t<meta name=\"twitter:data1\" content=\"bobea.info\" \/>\n\t<meta name=\"twitter:label2\" content=\"Dur\u00e9e de lecture estim\u00e9e\" \/>\n\t<meta name=\"twitter:data2\" content=\"4 minutes\" \/>\n<script type=\"application\/ld+json\" class=\"yoast-schema-graph\">{\"@context\":\"https:\/\/schema.org\",\"@graph\":[{\"@type\":\"Article\",\"@id\":\"https:\/\/bobea.net\/index.php\/2025\/04\/21\/yvonne-de-gaulle-une-femme-de-lombre-pilier-du-general-et-influence-discrete-sur-la-vie-politique-francaise\/#article\",\"isPartOf\":{\"@id\":\"https:\/\/bobea.net\/index.php\/2025\/04\/21\/yvonne-de-gaulle-une-femme-de-lombre-pilier-du-general-et-influence-discrete-sur-la-vie-politique-francaise\/\"},\"author\":{\"name\":\"bobea.info\",\"@id\":\"https:\/\/bobea.net\/#\/schema\/person\/e7f45ef187918d7c956bf619dce90ccf\"},\"headline\":\"Yvonne de Gaulle : une femme de l\u2019ombre, pilier du G\u00e9n\u00e9ral et influence discr\u00e8te sur la vie politique fran\u00e7aise\",\"datePublished\":\"2025-04-21T03:37:42+00:00\",\"dateModified\":\"2025-04-21T03:38:07+00:00\",\"mainEntityOfPage\":{\"@id\":\"https:\/\/bobea.net\/index.php\/2025\/04\/21\/yvonne-de-gaulle-une-femme-de-lombre-pilier-du-general-et-influence-discrete-sur-la-vie-politique-francaise\/\"},\"wordCount\":734,\"commentCount\":0,\"publisher\":{\"@id\":\"https:\/\/bobea.net\/#organization\"},\"image\":{\"@id\":\"https:\/\/bobea.net\/index.php\/2025\/04\/21\/yvonne-de-gaulle-une-femme-de-lombre-pilier-du-general-et-influence-discrete-sur-la-vie-politique-francaise\/#primaryimage\"},\"thumbnailUrl\":\"https:\/\/bobea.net\/wp-content\/uploads\/2025\/04\/1200x680_yvonne-de-gaulle.jpg\",\"keywords\":[\"droit de vote des femmes\",\"femme de l\u2019ombre\",\"gaullisme\",\"G\u00e9n\u00e9ral de Gaulle\",\"histoire politique fran\u00e7aise\",\"influence politique\",\"loi Neuwirth\",\"Premi\u00e8re dame\",\"tradition et modernit\u00e9\",\"Yvonne de Gaulle\"],\"articleSection\":[\"Dreams People\"],\"inLanguage\":\"fr-FR\",\"potentialAction\":[{\"@type\":\"CommentAction\",\"name\":\"Comment\",\"target\":[\"https:\/\/bobea.net\/index.php\/2025\/04\/21\/yvonne-de-gaulle-une-femme-de-lombre-pilier-du-general-et-influence-discrete-sur-la-vie-politique-francaise\/#respond\"]}]},{\"@type\":\"WebPage\",\"@id\":\"https:\/\/bobea.net\/index.php\/2025\/04\/21\/yvonne-de-gaulle-une-femme-de-lombre-pilier-du-general-et-influence-discrete-sur-la-vie-politique-francaise\/\",\"url\":\"https:\/\/bobea.net\/index.php\/2025\/04\/21\/yvonne-de-gaulle-une-femme-de-lombre-pilier-du-general-et-influence-discrete-sur-la-vie-politique-francaise\/\",\"name\":\"Yvonne de Gaulle : une femme de l\u2019ombre, pilier du G\u00e9n\u00e9ral et influence discr\u00e8te sur la vie politique fran\u00e7aise - Bobea\",\"isPartOf\":{\"@id\":\"https:\/\/bobea.net\/#website\"},\"primaryImageOfPage\":{\"@id\":\"https:\/\/bobea.net\/index.php\/2025\/04\/21\/yvonne-de-gaulle-une-femme-de-lombre-pilier-du-general-et-influence-discrete-sur-la-vie-politique-francaise\/#primaryimage\"},\"image\":{\"@id\":\"https:\/\/bobea.net\/index.php\/2025\/04\/21\/yvonne-de-gaulle-une-femme-de-lombre-pilier-du-general-et-influence-discrete-sur-la-vie-politique-francaise\/#primaryimage\"},\"thumbnailUrl\":\"https:\/\/bobea.net\/wp-content\/uploads\/2025\/04\/1200x680_yvonne-de-gaulle.jpg\",\"datePublished\":\"2025-04-21T03:37:42+00:00\",\"dateModified\":\"2025-04-21T03:38:07+00:00\",\"breadcrumb\":{\"@id\":\"https:\/\/bobea.net\/index.php\/2025\/04\/21\/yvonne-de-gaulle-une-femme-de-lombre-pilier-du-general-et-influence-discrete-sur-la-vie-politique-francaise\/#breadcrumb\"},\"inLanguage\":\"fr-FR\",\"potentialAction\":[{\"@type\":\"ReadAction\",\"target\":[\"https:\/\/bobea.net\/index.php\/2025\/04\/21\/yvonne-de-gaulle-une-femme-de-lombre-pilier-du-general-et-influence-discrete-sur-la-vie-politique-francaise\/\"]}]},{\"@type\":\"ImageObject\",\"inLanguage\":\"fr-FR\",\"@id\":\"https:\/\/bobea.net\/index.php\/2025\/04\/21\/yvonne-de-gaulle-une-femme-de-lombre-pilier-du-general-et-influence-discrete-sur-la-vie-politique-francaise\/#primaryimage\",\"url\":\"https:\/\/bobea.net\/wp-content\/uploads\/2025\/04\/1200x680_yvonne-de-gaulle.jpg\",\"contentUrl\":\"https:\/\/bobea.net\/wp-content\/uploads\/2025\/04\/1200x680_yvonne-de-gaulle.jpg\",\"width\":993,\"height\":563},{\"@type\":\"BreadcrumbList\",\"@id\":\"https:\/\/bobea.net\/index.php\/2025\/04\/21\/yvonne-de-gaulle-une-femme-de-lombre-pilier-du-general-et-influence-discrete-sur-la-vie-politique-francaise\/#breadcrumb\",\"itemListElement\":[{\"@type\":\"ListItem\",\"position\":1,\"name\":\"Accueil\",\"item\":\"https:\/\/bobea.net\/\"},{\"@type\":\"ListItem\",\"position\":2,\"name\":\"Yvonne de Gaulle : une femme de l\u2019ombre, pilier du G\u00e9n\u00e9ral et influence discr\u00e8te sur la vie politique fran\u00e7aise\"}]},{\"@type\":\"WebSite\",\"@id\":\"https:\/\/bobea.net\/#website\",\"url\":\"https:\/\/bobea.net\/\",\"name\":\"Bobea\",\"description\":\"Le magazine de la nouvelle \u00c8ve\",\"publisher\":{\"@id\":\"https:\/\/bobea.net\/#organization\"},\"potentialAction\":[{\"@type\":\"SearchAction\",\"target\":{\"@type\":\"EntryPoint\",\"urlTemplate\":\"https:\/\/bobea.net\/?s={search_term_string}\"},\"query-input\":{\"@type\":\"PropertyValueSpecification\",\"valueRequired\":true,\"valueName\":\"search_term_string\"}}],\"inLanguage\":\"fr-FR\"},{\"@type\":\"Organization\",\"@id\":\"https:\/\/bobea.net\/#organization\",\"name\":\"Bobea\",\"url\":\"https:\/\/bobea.net\/\",\"logo\":{\"@type\":\"ImageObject\",\"inLanguage\":\"fr-FR\",\"@id\":\"https:\/\/bobea.net\/#\/schema\/logo\/image\/\",\"url\":\"https:\/\/bobea.net\/wp-content\/uploads\/2024\/06\/bobea.jpg\",\"contentUrl\":\"https:\/\/bobea.net\/wp-content\/uploads\/2024\/06\/bobea.jpg\",\"width\":1080,\"height\":1080,\"caption\":\"Bobea\"},\"image\":{\"@id\":\"https:\/\/bobea.net\/#\/schema\/logo\/image\/\"},\"sameAs\":[\"https:\/\/web.facebook.com\/profile.php?id=61559252188416\"]},{\"@type\":\"Person\",\"@id\":\"https:\/\/bobea.net\/#\/schema\/person\/e7f45ef187918d7c956bf619dce90ccf\",\"name\":\"bobea.info\",\"image\":{\"@type\":\"ImageObject\",\"inLanguage\":\"fr-FR\",\"@id\":\"https:\/\/bobea.net\/#\/schema\/person\/image\/\",\"url\":\"https:\/\/secure.gravatar.com\/avatar\/36147980349df887ae30808df3e29474?s=96&d=mm&r=g\",\"contentUrl\":\"https:\/\/secure.gravatar.com\/avatar\/36147980349df887ae30808df3e29474?s=96&d=mm&r=g\",\"caption\":\"bobea.info\"},\"sameAs\":[\"https:\/\/bobea.net\"],\"url\":\"https:\/\/bobea.net\/index.php\/author\/bobea-info\/\"}]}<\/script>\n<!-- \/ Yoast SEO plugin. -->","yoast_head_json":{"title":"Yvonne de Gaulle : une femme de l\u2019ombre, pilier du G\u00e9n\u00e9ral et influence discr\u00e8te sur la vie politique fran\u00e7aise - Bobea","robots":{"index":"index","follow":"follow","max-snippet":"max-snippet:-1","max-image-preview":"max-image-preview:large","max-video-preview":"max-video-preview:-1"},"canonical":"https:\/\/bobea.net\/index.php\/2025\/04\/21\/yvonne-de-gaulle-une-femme-de-lombre-pilier-du-general-et-influence-discrete-sur-la-vie-politique-francaise\/","og_locale":"fr_FR","og_type":"article","og_title":"Yvonne de Gaulle : une femme de l\u2019ombre, pilier du G\u00e9n\u00e9ral et influence discr\u00e8te sur la vie politique fran\u00e7aise - Bobea","og_description":"Intro\u00adduc\u00adtion Longtemps rest\u00e9e dans l\u2019ombre du G\u00e9n\u00e9ral, Yvonne de Gaulle incar\u00adne une fig\u00adure majeure de l\u2019histoire poli\u00adtique fran\u00e7aise du XXe si\u00e8\u00adcle. Dis\u00adcr\u00e8te mais d\u00e9ter\u00admin\u00e9e, elle fut bien plus qu\u2019une \u00ab&nbsp;Pre\u00admi\u00e8re&hellip;","og_url":"https:\/\/bobea.net\/index.php\/2025\/04\/21\/yvonne-de-gaulle-une-femme-de-lombre-pilier-du-general-et-influence-discrete-sur-la-vie-politique-francaise\/","og_site_name":"Bobea","article_publisher":"https:\/\/web.facebook.com\/profile.php?id=61559252188416","article_published_time":"2025-04-21T03:37:42+00:00","article_modified_time":"2025-04-21T03:38:07+00:00","og_image":[{"width":993,"height":563,"url":"https:\/\/bobea.net\/wp-content\/uploads\/2025\/04\/1200x680_yvonne-de-gaulle.jpg","type":"image\/jpeg"}],"author":"bobea.info","twitter_card":"summary_large_image","twitter_misc":{"\u00c9crit par":"bobea.info","Dur\u00e9e de lecture estim\u00e9e":"4 minutes"},"schema":{"@context":"https:\/\/schema.org","@graph":[{"@type":"Article","@id":"https:\/\/bobea.net\/index.php\/2025\/04\/21\/yvonne-de-gaulle-une-femme-de-lombre-pilier-du-general-et-influence-discrete-sur-la-vie-politique-francaise\/#article","isPartOf":{"@id":"https:\/\/bobea.net\/index.php\/2025\/04\/21\/yvonne-de-gaulle-une-femme-de-lombre-pilier-du-general-et-influence-discrete-sur-la-vie-politique-francaise\/"},"author":{"name":"bobea.info","@id":"https:\/\/bobea.net\/#\/schema\/person\/e7f45ef187918d7c956bf619dce90ccf"},"headline":"Yvonne de Gaulle : une femme de l\u2019ombre, pilier du G\u00e9n\u00e9ral et influence discr\u00e8te sur la vie politique fran\u00e7aise","datePublished":"2025-04-21T03:37:42+00:00","dateModified":"2025-04-21T03:38:07+00:00","mainEntityOfPage":{"@id":"https:\/\/bobea.net\/index.php\/2025\/04\/21\/yvonne-de-gaulle-une-femme-de-lombre-pilier-du-general-et-influence-discrete-sur-la-vie-politique-francaise\/"},"wordCount":734,"commentCount":0,"publisher":{"@id":"https:\/\/bobea.net\/#organization"},"image":{"@id":"https:\/\/bobea.net\/index.php\/2025\/04\/21\/yvonne-de-gaulle-une-femme-de-lombre-pilier-du-general-et-influence-discrete-sur-la-vie-politique-francaise\/#primaryimage"},"thumbnailUrl":"https:\/\/bobea.net\/wp-content\/uploads\/2025\/04\/1200x680_yvonne-de-gaulle.jpg","keywords":["droit de vote des femmes","femme de l\u2019ombre","gaullisme","G\u00e9n\u00e9ral de Gaulle","histoire politique fran\u00e7aise","influence politique","loi Neuwirth","Premi\u00e8re dame","tradition et modernit\u00e9","Yvonne de Gaulle"],"articleSection":["Dreams People"],"inLanguage":"fr-FR","potentialAction":[{"@type":"CommentAction","name":"Comment","target":["https:\/\/bobea.net\/index.php\/2025\/04\/21\/yvonne-de-gaulle-une-femme-de-lombre-pilier-du-general-et-influence-discrete-sur-la-vie-politique-francaise\/#respond"]}]},{"@type":"WebPage","@id":"https:\/\/bobea.net\/index.php\/2025\/04\/21\/yvonne-de-gaulle-une-femme-de-lombre-pilier-du-general-et-influence-discrete-sur-la-vie-politique-francaise\/","url":"https:\/\/bobea.net\/index.php\/2025\/04\/21\/yvonne-de-gaulle-une-femme-de-lombre-pilier-du-general-et-influence-discrete-sur-la-vie-politique-francaise\/","name":"Yvonne de Gaulle : une femme de l\u2019ombre, pilier du G\u00e9n\u00e9ral et influence discr\u00e8te sur la vie politique fran\u00e7aise - Bobea","isPartOf":{"@id":"https:\/\/bobea.net\/#website"},"primaryImageOfPage":{"@id":"https:\/\/bobea.net\/index.php\/2025\/04\/21\/yvonne-de-gaulle-une-femme-de-lombre-pilier-du-general-et-influence-discrete-sur-la-vie-politique-francaise\/#primaryimage"},"image":{"@id":"https:\/\/bobea.net\/index.php\/2025\/04\/21\/yvonne-de-gaulle-une-femme-de-lombre-pilier-du-general-et-influence-discrete-sur-la-vie-politique-francaise\/#primaryimage"},"thumbnailUrl":"https:\/\/bobea.net\/wp-content\/uploads\/2025\/04\/1200x680_yvonne-de-gaulle.jpg","datePublished":"2025-04-21T03:37:42+00:00","dateModified":"2025-04-21T03:38:07+00:00","breadcrumb":{"@id":"https:\/\/bobea.net\/index.php\/2025\/04\/21\/yvonne-de-gaulle-une-femme-de-lombre-pilier-du-general-et-influence-discrete-sur-la-vie-politique-francaise\/#breadcrumb"},"inLanguage":"fr-FR","potentialAction":[{"@type":"ReadAction","target":["https:\/\/bobea.net\/index.php\/2025\/04\/21\/yvonne-de-gaulle-une-femme-de-lombre-pilier-du-general-et-influence-discrete-sur-la-vie-politique-francaise\/"]}]},{"@type":"ImageObject","inLanguage":"fr-FR","@id":"https:\/\/bobea.net\/index.php\/2025\/04\/21\/yvonne-de-gaulle-une-femme-de-lombre-pilier-du-general-et-influence-discrete-sur-la-vie-politique-francaise\/#primaryimage","url":"https:\/\/bobea.net\/wp-content\/uploads\/2025\/04\/1200x680_yvonne-de-gaulle.jpg","contentUrl":"https:\/\/bobea.net\/wp-content\/uploads\/2025\/04\/1200x680_yvonne-de-gaulle.jpg","width":993,"height":563},{"@type":"BreadcrumbList","@id":"https:\/\/bobea.net\/index.php\/2025\/04\/21\/yvonne-de-gaulle-une-femme-de-lombre-pilier-du-general-et-influence-discrete-sur-la-vie-politique-francaise\/#breadcrumb","itemListElement":[{"@type":"ListItem","position":1,"name":"Accueil","item":"https:\/\/bobea.net\/"},{"@type":"ListItem","position":2,"name":"Yvonne de Gaulle : une femme de l\u2019ombre, pilier du G\u00e9n\u00e9ral et influence discr\u00e8te sur la vie politique fran\u00e7aise"}]},{"@type":"WebSite","@id":"https:\/\/bobea.net\/#website","url":"https:\/\/bobea.net\/","name":"Bobea","description":"Le magazine de la nouvelle \u00c8ve","publisher":{"@id":"https:\/\/bobea.net\/#organization"},"potentialAction":[{"@type":"SearchAction","target":{"@type":"EntryPoint","urlTemplate":"https:\/\/bobea.net\/?s={search_term_string}"},"query-input":{"@type":"PropertyValueSpecification","valueRequired":true,"valueName":"search_term_string"}}],"inLanguage":"fr-FR"},{"@type":"Organization","@id":"https:\/\/bobea.net\/#organization","name":"Bobea","url":"https:\/\/bobea.net\/","logo":{"@type":"ImageObject","inLanguage":"fr-FR","@id":"https:\/\/bobea.net\/#\/schema\/logo\/image\/","url":"https:\/\/bobea.net\/wp-content\/uploads\/2024\/06\/bobea.jpg","contentUrl":"https:\/\/bobea.net\/wp-content\/uploads\/2024\/06\/bobea.jpg","width":1080,"height":1080,"caption":"Bobea"},"image":{"@id":"https:\/\/bobea.net\/#\/schema\/logo\/image\/"},"sameAs":["https:\/\/web.facebook.com\/profile.php?id=61559252188416"]},{"@type":"Person","@id":"https:\/\/bobea.net\/#\/schema\/person\/e7f45ef187918d7c956bf619dce90ccf","name":"bobea.info","image":{"@type":"ImageObject","inLanguage":"fr-FR","@id":"https:\/\/bobea.net\/#\/schema\/person\/image\/","url":"https:\/\/secure.gravatar.com\/avatar\/36147980349df887ae30808df3e29474?s=96&d=mm&r=g","contentUrl":"https:\/\/secure.gravatar.com\/avatar\/36147980349df887ae30808df3e29474?s=96&d=mm&r=g","caption":"bobea.info"},"sameAs":["https:\/\/bobea.net"],"url":"https:\/\/bobea.net\/index.php\/author\/bobea-info\/"}]}},"_links":{"self":[{"href":"https:\/\/bobea.net\/index.php\/wp-json\/wp\/v2\/posts\/14610"}],"collection":[{"href":"https:\/\/bobea.net\/index.php\/wp-json\/wp\/v2\/posts"}],"about":[{"href":"https:\/\/bobea.net\/index.php\/wp-json\/wp\/v2\/types\/post"}],"author":[{"embeddable":true,"href":"https:\/\/bobea.net\/index.php\/wp-json\/wp\/v2\/users\/1"}],"replies":[{"embeddable":true,"href":"https:\/\/bobea.net\/index.php\/wp-json\/wp\/v2\/comments?post=14610"}],"version-history":[{"count":2,"href":"https:\/\/bobea.net\/index.php\/wp-json\/wp\/v2\/posts\/14610\/revisions"}],"predecessor-version":[{"id":14614,"href":"https:\/\/bobea.net\/index.php\/wp-json\/wp\/v2\/posts\/14610\/revisions\/14614"}],"wp:featuredmedia":[{"embeddable":true,"href":"https:\/\/bobea.net\/index.php\/wp-json\/wp\/v2\/media\/14611"}],"wp:attachment":[{"href":"https:\/\/bobea.net\/index.php\/wp-json\/wp\/v2\/media?parent=14610"}],"wp:term":[{"taxonomy":"category","embeddable":true,"href":"https:\/\/bobea.net\/index.php\/wp-json\/wp\/v2\/categories?post=14610"},{"taxonomy":"post_tag","embeddable":true,"href":"https:\/\/bobea.net\/index.php\/wp-json\/wp\/v2\/tags?post=14610"}],"curies":[{"name":"wp","href":"https:\/\/api.w.org\/{rel}","templated":true}]}}