{"id":14561,"date":"2025-04-21T03:02:09","date_gmt":"2025-04-21T03:02:09","guid":{"rendered":"https:\/\/bobea.net\/?p=14561"},"modified":"2025-04-21T03:02:12","modified_gmt":"2025-04-21T03:02:12","slug":"festival-international-de-la-bd-a-montreal-les-autrices-prennent-le-pouvoir-et-bousculent-les-codes-du-9e-art","status":"publish","type":"post","link":"https:\/\/bobea.net\/index.php\/2025\/04\/21\/festival-international-de-la-bd-a-montreal-les-autrices-prennent-le-pouvoir-et-bousculent-les-codes-du-9e-art\/","title":{"rendered":"Festival international de la BD \u00e0 Montr\u00e9al : les autrices prennent le pouvoir et bousculent les codes du 9e art"},"content":{"rendered":"\n<p>Intro\u00adduc\u00adtion<\/p>\n\n\n\n<p>Du 18 au 21 avril 2025, Mon\u00adtr\u00e9al accueille son Fes\u00adti\u00adval inter\u00adna\u00adtion\u00adal de la bande dess\u00adin\u00e9e, un ren\u00addez-vous incon\u00adtourn\u00adable pour les pas\u00adsion\u00adn\u00e9s du 9e art. Cette ann\u00e9e, l\u2019\u00e9v\u00e9nement fait la part belle aux autri\u00adces, qui s\u2019imposent comme les nou\u00advelles voix puis\u00adsantes de la BD mon\u00addi\u00adale. Entre expo\u00adsi\u00adtions, d\u00e9bats et avant-pre\u00admi\u00e8res, les cr\u00e9a\u00adtri\u00adces bous\u00adcu\u00adlent les codes et imposent leurs univers, por\u00adteurs de diver\u00adsit\u00e9 et d\u2019innovation.<\/p>\n\n\n\n<p>Les femmes, nou\u00advelles h\u00e9ro\u00efnes de la BD<\/p>\n\n\n\n<p>Longtemps dom\u00adin\u00e9e par les hommes, la bande dess\u00adin\u00e9e con\u00adna\u00eet une r\u00e9vo\u00adlu\u00adtion f\u00e9mi\u00adnine. De plus en plus d\u2019autrices, venues du Qu\u00e9bec, de France, du Japon ou d\u2019Afrique, s\u2019imposent par leur tal\u00adent et leur orig\u00adi\u00adnal\u00adit\u00e9. Les organ\u00adisa\u00adteurs du fes\u00adti\u00adval ont choisi cette ann\u00e9e de leur con\u00adsacr\u00ader une grande expo\u00adsi\u00adtion&nbsp;: \u201cFemmes en bulles\u201d, qui retrace l\u2019\u00e9volution du regard f\u00e9minin dans la BD.<\/p>\n\n\n\n<p>Des th\u00e9\u00adma\u00adtiques auda\u00adcieuses et engag\u00e9es<\/p>\n\n\n\n<ul class=\"wp-block-list\">\n<li><strong>F\u00e9min\u00adisme et soci\u00e9t\u00e9<\/strong>&nbsp;: De nom\u00adbreuses autri\u00adces abor\u00addent la ques\u00adtion du genre, de l\u2019\u00e9galit\u00e9 et de l\u2019\u00e9mancipation \u00e0 tra\u00advers des r\u00e9c\u00adits intimes ou des sagas \u00e9piques.<\/li>\n\n\n\n<li><strong>Diver\u00adsit\u00e9 cul\u00adturelle<\/strong>&nbsp;: Les his\u00adtoires met\u00adtent en avant des h\u00e9ro\u00efnes issues de tous hori\u00adzons, brisant les st\u00e9r\u00e9o\u00adtypes et ouvrant la BD \u00e0 de nou\u00adveaux publics.<\/li>\n\n\n\n<li><strong>Inno\u00adva\u00adtion graphique<\/strong>&nbsp;: Les cr\u00e9a\u00adtri\u00adces explorent des styles visuels in\u00e9dits, m\u00ealant num\u00e9rique, col\u00adlage, aquarelle et r\u00e9al\u00adit\u00e9 aug\u00admen\u00adt\u00e9e.<\/li>\n<\/ul>\n\n\n\n<p>Temps forts du fes\u00adti\u00adval<\/p>\n\n\n\n<ul class=\"wp-block-list\">\n<li><strong>Ren\u00adcon\u00adtres et d\u00e9di\u00adcaces<\/strong>&nbsp;avec les stars mon\u00adtantes de la BD f\u00e9mi\u00adnine, comme la Qu\u00e9b\u00e9\u00adcoise Marie-No\u00eblle H\u00e9bert, la Fran\u00e7aise P\u00e9n\u00e9\u00adlope Bagieu ou la Japon\u00adaise Akiko Higashimu\u00adra.<\/li>\n\n\n\n<li><strong>Ate\u00adliers cr\u00e9at\u00adifs<\/strong>&nbsp;pour jeunes filles et ado\u00adles\u00adcentes, afin de sus\u00adciter des voca\u00adtions et encour\u00adager la diver\u00adsit\u00e9 dans le secteur.<\/li>\n\n\n\n<li><strong>Table ronde \u201cBD et f\u00e9min\u00adisme\u201d<\/strong>&nbsp;: \u00e9changes entre autri\u00adces, \u00e9di\u00adteurs et uni\u00adver\u00adsi\u00adtaires sur l\u2019avenir du 9e art.<\/li>\n<\/ul>\n\n\n\n<figure class=\"wp-block-image size-full\"><img loading=\"lazy\" decoding=\"async\" width=\"745\" height=\"465\" src=\"https:\/\/bobea.net\/wp-content\/uploads\/2025\/04\/chris-sanagan-festival-temps-des-poemes.webp\" alt class=\"wp-image-14563\" srcset=\"https:\/\/bobea.net\/wp-content\/uploads\/2025\/04\/chris-sanagan-festival-temps-des-poemes.webp 745w, https:\/\/bobea.net\/wp-content\/uploads\/2025\/04\/chris-sanagan-festival-temps-des-poemes-300x187.webp 300w\" sizes=\"(max-width: 745px) 100vw, 745px\"><\/figure>\n\n\n\n<p>Les autri\u00adces prim\u00e9es<\/p>\n\n\n\n<p>Le Grand Prix du fes\u00adti\u00adval est cette ann\u00e9e attribu\u00e9 \u00e0 une cr\u00e9a\u00adtrice africaine, A\u00efcha Sarr, pour sa s\u00e9rie \u201cLes Guer\u00adri\u00e8res de Dakar\u201d, salu\u00e9e pour son engage\u00adment social et son inven\u00adtiv\u00adit\u00e9 nar\u00adra\u00adtive.<\/p>\n\n\n\n<p>Un impact durable sur la pro\u00adfes\u00adsion<\/p>\n\n\n\n<p>La vis\u00adi\u00adbil\u00adit\u00e9 accrue des autri\u00adces \u00e0 Mon\u00adtr\u00e9al devrait inspir\u00ader d\u2019autres fes\u00adti\u00advals inter\u00adna\u00adtionaux et encour\u00adager les maisons d\u2019\u00e9dition \u00e0 pub\u00adli\u00ader davan\u00adtage de voix f\u00e9minines. Les jeunes lec\u00adtri\u00adces, elles, trou\u00advent enfin des mod\u00ad\u00e8les qui leur ressem\u00adblent et des his\u00adtoires qui par\u00adlent de leur r\u00e9al\u00adit\u00e9.<\/p>\n\n\n\n<p>Con\u00adclu\u00adsion<\/p>\n\n\n\n<p>Le Fes\u00adti\u00adval inter\u00adna\u00adtion\u00adal de la BD \u00e0 Mon\u00adtr\u00e9al 2025 mar\u00adque un tour\u00adnant&nbsp;: les autri\u00adces sont d\u00e9sor\u00admais au c\u0153ur de la cr\u00e9a\u00adtion et de l\u2019innovation du 9e art. Leur \u00e9nergie, leur cr\u00e9a\u00adtiv\u00adit\u00e9 et leur engage\u00adment ouvrent de nou\u00adveaux hori\u00adzons \u00e0 la bande dess\u00adin\u00e9e mon\u00addi\u00adale.<\/p>\n","protected":false},"excerpt":{"rendered":"<p>Intro\u00adduc\u00adtion Du 18 au 21 avril 2025, Mon\u00adtr\u00e9al accueille son Fes\u00adti\u00adval inter\u00adna\u00adtion\u00adal de la bande dess\u00adin\u00e9e, un ren\u00addez-vous incon\u00adtourn\u00adable pour les pas\u00adsion\u00adn\u00e9s du 9e art. Cette ann\u00e9e, l\u2019\u00e9v\u00e9nement fait la\u2026 <\/p>\n","protected":false},"author":1,"featured_media":14562,"comment_status":"open","ping_status":"closed","sticky":false,"template":"","format":"standard","meta":{"wp_typography_post_enhancements_disabled":false,"footnotes":""},"categories":[80],"tags":[10953,10950,10951,10954,10955,10949,10952,10948],"class_list":["post-14561","post","type-post","status-publish","format-standard","has-post-thumbnail","hentry","category-arts","tag-9e-art","tag-actualite-culturelle-2025","tag-autrices-bande-dessinee","tag-diversite-bd","tag-evenement-bd-international","tag-feminisme-bande-dessinee","tag-femmes-bd","tag-festival-bd-montreal"],"yoast_head":"<!-- This site is optimized with the Yoast SEO plugin v24.7 - https:\/\/yoast.com\/wordpress\/plugins\/seo\/ -->\n<title>Festival international de la BD \u00e0 Montr\u00e9al : les autrices prennent le pouvoir et bousculent les codes du 9e art - Bobea<\/title>\n<meta name=\"robots\" content=\"index, follow, max-snippet:-1, max-image-preview:large, max-video-preview:-1\" \/>\n<link rel=\"canonical\" href=\"https:\/\/bobea.net\/index.php\/2025\/04\/21\/festival-international-de-la-bd-a-montreal-les-autrices-prennent-le-pouvoir-et-bousculent-les-codes-du-9e-art\/\" \/>\n<meta property=\"og:locale\" content=\"fr_FR\" \/>\n<meta property=\"og:type\" content=\"article\" \/>\n<meta property=\"og:title\" content=\"Festival international de la BD \u00e0 Montr\u00e9al : les autrices prennent le pouvoir et bousculent les codes du 9e art - Bobea\" \/>\n<meta property=\"og:description\" content=\"Intro\u00adduc\u00adtion Du 18 au 21 avril 2025, Mon\u00adtr\u00e9al accueille son Fes\u00adti\u00adval inter\u00adna\u00adtion\u00adal de la bande dess\u00adin\u00e9e, un ren\u00addez-vous incon\u00adtourn\u00adable pour les pas\u00adsion\u00adn\u00e9s du 9e art. Cette ann\u00e9e, l\u2019\u00e9v\u00e9nement fait la&hellip;\" \/>\n<meta property=\"og:url\" content=\"https:\/\/bobea.net\/index.php\/2025\/04\/21\/festival-international-de-la-bd-a-montreal-les-autrices-prennent-le-pouvoir-et-bousculent-les-codes-du-9e-art\/\" \/>\n<meta property=\"og:site_name\" content=\"Bobea\" \/>\n<meta property=\"article:publisher\" content=\"https:\/\/web.facebook.com\/profile.php?id=61559252188416\" \/>\n<meta property=\"article:published_time\" content=\"2025-04-21T03:02:09+00:00\" \/>\n<meta property=\"article:modified_time\" content=\"2025-04-21T03:02:12+00:00\" \/>\n<meta property=\"og:image\" content=\"https:\/\/bobea.net\/wp-content\/uploads\/2025\/04\/Site-web-articles-8-710x266-1.png\" \/>\n\t<meta property=\"og:image:width\" content=\"710\" \/>\n\t<meta property=\"og:image:height\" content=\"266\" \/>\n\t<meta property=\"og:image:type\" content=\"image\/png\" \/>\n<meta name=\"author\" content=\"bobea.info\" \/>\n<meta name=\"twitter:card\" content=\"summary_large_image\" \/>\n<meta name=\"twitter:label1\" content=\"\u00c9crit par\" \/>\n\t<meta name=\"twitter:data1\" content=\"bobea.info\" \/>\n\t<meta name=\"twitter:label2\" content=\"Dur\u00e9e de lecture estim\u00e9e\" \/>\n\t<meta name=\"twitter:data2\" content=\"3 minutes\" \/>\n<script type=\"application\/ld+json\" class=\"yoast-schema-graph\">{\"@context\":\"https:\/\/schema.org\",\"@graph\":[{\"@type\":\"Article\",\"@id\":\"https:\/\/bobea.net\/index.php\/2025\/04\/21\/festival-international-de-la-bd-a-montreal-les-autrices-prennent-le-pouvoir-et-bousculent-les-codes-du-9e-art\/#article\",\"isPartOf\":{\"@id\":\"https:\/\/bobea.net\/index.php\/2025\/04\/21\/festival-international-de-la-bd-a-montreal-les-autrices-prennent-le-pouvoir-et-bousculent-les-codes-du-9e-art\/\"},\"author\":{\"name\":\"bobea.info\",\"@id\":\"https:\/\/bobea.net\/#\/schema\/person\/e7f45ef187918d7c956bf619dce90ccf\"},\"headline\":\"Festival international de la BD \u00e0 Montr\u00e9al : les autrices prennent le pouvoir et bousculent les codes du 9e art\",\"datePublished\":\"2025-04-21T03:02:09+00:00\",\"dateModified\":\"2025-04-21T03:02:12+00:00\",\"mainEntityOfPage\":{\"@id\":\"https:\/\/bobea.net\/index.php\/2025\/04\/21\/festival-international-de-la-bd-a-montreal-les-autrices-prennent-le-pouvoir-et-bousculent-les-codes-du-9e-art\/\"},\"wordCount\":472,\"commentCount\":0,\"publisher\":{\"@id\":\"https:\/\/bobea.net\/#organization\"},\"image\":{\"@id\":\"https:\/\/bobea.net\/index.php\/2025\/04\/21\/festival-international-de-la-bd-a-montreal-les-autrices-prennent-le-pouvoir-et-bousculent-les-codes-du-9e-art\/#primaryimage\"},\"thumbnailUrl\":\"https:\/\/bobea.net\/wp-content\/uploads\/2025\/04\/Site-web-articles-8-710x266-1.png\",\"keywords\":[\"9e art\",\"actualit\u00e9 culturelle 2025\",\"autrices bande dessin\u00e9e\",\"diversit\u00e9 BD\",\"\u00e9v\u00e9nement BD international\",\"f\u00e9minisme bande dessin\u00e9e\",\"femmes BD\",\"festival BD Montr\u00e9al\"],\"articleSection\":[\"Arts\"],\"inLanguage\":\"fr-FR\",\"potentialAction\":[{\"@type\":\"CommentAction\",\"name\":\"Comment\",\"target\":[\"https:\/\/bobea.net\/index.php\/2025\/04\/21\/festival-international-de-la-bd-a-montreal-les-autrices-prennent-le-pouvoir-et-bousculent-les-codes-du-9e-art\/#respond\"]}]},{\"@type\":\"WebPage\",\"@id\":\"https:\/\/bobea.net\/index.php\/2025\/04\/21\/festival-international-de-la-bd-a-montreal-les-autrices-prennent-le-pouvoir-et-bousculent-les-codes-du-9e-art\/\",\"url\":\"https:\/\/bobea.net\/index.php\/2025\/04\/21\/festival-international-de-la-bd-a-montreal-les-autrices-prennent-le-pouvoir-et-bousculent-les-codes-du-9e-art\/\",\"name\":\"Festival international de la BD \u00e0 Montr\u00e9al : les autrices prennent le pouvoir et bousculent les codes du 9e art - Bobea\",\"isPartOf\":{\"@id\":\"https:\/\/bobea.net\/#website\"},\"primaryImageOfPage\":{\"@id\":\"https:\/\/bobea.net\/index.php\/2025\/04\/21\/festival-international-de-la-bd-a-montreal-les-autrices-prennent-le-pouvoir-et-bousculent-les-codes-du-9e-art\/#primaryimage\"},\"image\":{\"@id\":\"https:\/\/bobea.net\/index.php\/2025\/04\/21\/festival-international-de-la-bd-a-montreal-les-autrices-prennent-le-pouvoir-et-bousculent-les-codes-du-9e-art\/#primaryimage\"},\"thumbnailUrl\":\"https:\/\/bobea.net\/wp-content\/uploads\/2025\/04\/Site-web-articles-8-710x266-1.png\",\"datePublished\":\"2025-04-21T03:02:09+00:00\",\"dateModified\":\"2025-04-21T03:02:12+00:00\",\"breadcrumb\":{\"@id\":\"https:\/\/bobea.net\/index.php\/2025\/04\/21\/festival-international-de-la-bd-a-montreal-les-autrices-prennent-le-pouvoir-et-bousculent-les-codes-du-9e-art\/#breadcrumb\"},\"inLanguage\":\"fr-FR\",\"potentialAction\":[{\"@type\":\"ReadAction\",\"target\":[\"https:\/\/bobea.net\/index.php\/2025\/04\/21\/festival-international-de-la-bd-a-montreal-les-autrices-prennent-le-pouvoir-et-bousculent-les-codes-du-9e-art\/\"]}]},{\"@type\":\"ImageObject\",\"inLanguage\":\"fr-FR\",\"@id\":\"https:\/\/bobea.net\/index.php\/2025\/04\/21\/festival-international-de-la-bd-a-montreal-les-autrices-prennent-le-pouvoir-et-bousculent-les-codes-du-9e-art\/#primaryimage\",\"url\":\"https:\/\/bobea.net\/wp-content\/uploads\/2025\/04\/Site-web-articles-8-710x266-1.png\",\"contentUrl\":\"https:\/\/bobea.net\/wp-content\/uploads\/2025\/04\/Site-web-articles-8-710x266-1.png\",\"width\":710,\"height\":266},{\"@type\":\"BreadcrumbList\",\"@id\":\"https:\/\/bobea.net\/index.php\/2025\/04\/21\/festival-international-de-la-bd-a-montreal-les-autrices-prennent-le-pouvoir-et-bousculent-les-codes-du-9e-art\/#breadcrumb\",\"itemListElement\":[{\"@type\":\"ListItem\",\"position\":1,\"name\":\"Accueil\",\"item\":\"https:\/\/bobea.net\/\"},{\"@type\":\"ListItem\",\"position\":2,\"name\":\"Festival international de la BD \u00e0 Montr\u00e9al : les autrices prennent le pouvoir et bousculent les codes du 9e art\"}]},{\"@type\":\"WebSite\",\"@id\":\"https:\/\/bobea.net\/#website\",\"url\":\"https:\/\/bobea.net\/\",\"name\":\"Bobea\",\"description\":\"Le magazine de la nouvelle \u00c8ve\",\"publisher\":{\"@id\":\"https:\/\/bobea.net\/#organization\"},\"potentialAction\":[{\"@type\":\"SearchAction\",\"target\":{\"@type\":\"EntryPoint\",\"urlTemplate\":\"https:\/\/bobea.net\/?s={search_term_string}\"},\"query-input\":{\"@type\":\"PropertyValueSpecification\",\"valueRequired\":true,\"valueName\":\"search_term_string\"}}],\"inLanguage\":\"fr-FR\"},{\"@type\":\"Organization\",\"@id\":\"https:\/\/bobea.net\/#organization\",\"name\":\"Bobea\",\"url\":\"https:\/\/bobea.net\/\",\"logo\":{\"@type\":\"ImageObject\",\"inLanguage\":\"fr-FR\",\"@id\":\"https:\/\/bobea.net\/#\/schema\/logo\/image\/\",\"url\":\"https:\/\/bobea.net\/wp-content\/uploads\/2024\/06\/bobea.jpg\",\"contentUrl\":\"https:\/\/bobea.net\/wp-content\/uploads\/2024\/06\/bobea.jpg\",\"width\":1080,\"height\":1080,\"caption\":\"Bobea\"},\"image\":{\"@id\":\"https:\/\/bobea.net\/#\/schema\/logo\/image\/\"},\"sameAs\":[\"https:\/\/web.facebook.com\/profile.php?id=61559252188416\"]},{\"@type\":\"Person\",\"@id\":\"https:\/\/bobea.net\/#\/schema\/person\/e7f45ef187918d7c956bf619dce90ccf\",\"name\":\"bobea.info\",\"image\":{\"@type\":\"ImageObject\",\"inLanguage\":\"fr-FR\",\"@id\":\"https:\/\/bobea.net\/#\/schema\/person\/image\/\",\"url\":\"https:\/\/secure.gravatar.com\/avatar\/36147980349df887ae30808df3e29474?s=96&d=mm&r=g\",\"contentUrl\":\"https:\/\/secure.gravatar.com\/avatar\/36147980349df887ae30808df3e29474?s=96&d=mm&r=g\",\"caption\":\"bobea.info\"},\"sameAs\":[\"https:\/\/bobea.net\"],\"url\":\"https:\/\/bobea.net\/index.php\/author\/bobea-info\/\"}]}<\/script>\n<!-- \/ Yoast SEO plugin. -->","yoast_head_json":{"title":"Festival international de la BD \u00e0 Montr\u00e9al : les autrices prennent le pouvoir et bousculent les codes du 9e art - Bobea","robots":{"index":"index","follow":"follow","max-snippet":"max-snippet:-1","max-image-preview":"max-image-preview:large","max-video-preview":"max-video-preview:-1"},"canonical":"https:\/\/bobea.net\/index.php\/2025\/04\/21\/festival-international-de-la-bd-a-montreal-les-autrices-prennent-le-pouvoir-et-bousculent-les-codes-du-9e-art\/","og_locale":"fr_FR","og_type":"article","og_title":"Festival international de la BD \u00e0 Montr\u00e9al : les autrices prennent le pouvoir et bousculent les codes du 9e art - Bobea","og_description":"Intro\u00adduc\u00adtion Du 18 au 21 avril 2025, Mon\u00adtr\u00e9al accueille son Fes\u00adti\u00adval inter\u00adna\u00adtion\u00adal de la bande dess\u00adin\u00e9e, un ren\u00addez-vous incon\u00adtourn\u00adable pour les pas\u00adsion\u00adn\u00e9s du 9e art. Cette ann\u00e9e, l\u2019\u00e9v\u00e9nement fait la&hellip;","og_url":"https:\/\/bobea.net\/index.php\/2025\/04\/21\/festival-international-de-la-bd-a-montreal-les-autrices-prennent-le-pouvoir-et-bousculent-les-codes-du-9e-art\/","og_site_name":"Bobea","article_publisher":"https:\/\/web.facebook.com\/profile.php?id=61559252188416","article_published_time":"2025-04-21T03:02:09+00:00","article_modified_time":"2025-04-21T03:02:12+00:00","og_image":[{"width":710,"height":266,"url":"https:\/\/bobea.net\/wp-content\/uploads\/2025\/04\/Site-web-articles-8-710x266-1.png","type":"image\/png"}],"author":"bobea.info","twitter_card":"summary_large_image","twitter_misc":{"\u00c9crit par":"bobea.info","Dur\u00e9e de lecture estim\u00e9e":"3 minutes"},"schema":{"@context":"https:\/\/schema.org","@graph":[{"@type":"Article","@id":"https:\/\/bobea.net\/index.php\/2025\/04\/21\/festival-international-de-la-bd-a-montreal-les-autrices-prennent-le-pouvoir-et-bousculent-les-codes-du-9e-art\/#article","isPartOf":{"@id":"https:\/\/bobea.net\/index.php\/2025\/04\/21\/festival-international-de-la-bd-a-montreal-les-autrices-prennent-le-pouvoir-et-bousculent-les-codes-du-9e-art\/"},"author":{"name":"bobea.info","@id":"https:\/\/bobea.net\/#\/schema\/person\/e7f45ef187918d7c956bf619dce90ccf"},"headline":"Festival international de la BD \u00e0 Montr\u00e9al : les autrices prennent le pouvoir et bousculent les codes du 9e art","datePublished":"2025-04-21T03:02:09+00:00","dateModified":"2025-04-21T03:02:12+00:00","mainEntityOfPage":{"@id":"https:\/\/bobea.net\/index.php\/2025\/04\/21\/festival-international-de-la-bd-a-montreal-les-autrices-prennent-le-pouvoir-et-bousculent-les-codes-du-9e-art\/"},"wordCount":472,"commentCount":0,"publisher":{"@id":"https:\/\/bobea.net\/#organization"},"image":{"@id":"https:\/\/bobea.net\/index.php\/2025\/04\/21\/festival-international-de-la-bd-a-montreal-les-autrices-prennent-le-pouvoir-et-bousculent-les-codes-du-9e-art\/#primaryimage"},"thumbnailUrl":"https:\/\/bobea.net\/wp-content\/uploads\/2025\/04\/Site-web-articles-8-710x266-1.png","keywords":["9e art","actualit\u00e9 culturelle 2025","autrices bande dessin\u00e9e","diversit\u00e9 BD","\u00e9v\u00e9nement BD international","f\u00e9minisme bande dessin\u00e9e","femmes BD","festival BD Montr\u00e9al"],"articleSection":["Arts"],"inLanguage":"fr-FR","potentialAction":[{"@type":"CommentAction","name":"Comment","target":["https:\/\/bobea.net\/index.php\/2025\/04\/21\/festival-international-de-la-bd-a-montreal-les-autrices-prennent-le-pouvoir-et-bousculent-les-codes-du-9e-art\/#respond"]}]},{"@type":"WebPage","@id":"https:\/\/bobea.net\/index.php\/2025\/04\/21\/festival-international-de-la-bd-a-montreal-les-autrices-prennent-le-pouvoir-et-bousculent-les-codes-du-9e-art\/","url":"https:\/\/bobea.net\/index.php\/2025\/04\/21\/festival-international-de-la-bd-a-montreal-les-autrices-prennent-le-pouvoir-et-bousculent-les-codes-du-9e-art\/","name":"Festival international de la BD \u00e0 Montr\u00e9al : les autrices prennent le pouvoir et bousculent les codes du 9e art - Bobea","isPartOf":{"@id":"https:\/\/bobea.net\/#website"},"primaryImageOfPage":{"@id":"https:\/\/bobea.net\/index.php\/2025\/04\/21\/festival-international-de-la-bd-a-montreal-les-autrices-prennent-le-pouvoir-et-bousculent-les-codes-du-9e-art\/#primaryimage"},"image":{"@id":"https:\/\/bobea.net\/index.php\/2025\/04\/21\/festival-international-de-la-bd-a-montreal-les-autrices-prennent-le-pouvoir-et-bousculent-les-codes-du-9e-art\/#primaryimage"},"thumbnailUrl":"https:\/\/bobea.net\/wp-content\/uploads\/2025\/04\/Site-web-articles-8-710x266-1.png","datePublished":"2025-04-21T03:02:09+00:00","dateModified":"2025-04-21T03:02:12+00:00","breadcrumb":{"@id":"https:\/\/bobea.net\/index.php\/2025\/04\/21\/festival-international-de-la-bd-a-montreal-les-autrices-prennent-le-pouvoir-et-bousculent-les-codes-du-9e-art\/#breadcrumb"},"inLanguage":"fr-FR","potentialAction":[{"@type":"ReadAction","target":["https:\/\/bobea.net\/index.php\/2025\/04\/21\/festival-international-de-la-bd-a-montreal-les-autrices-prennent-le-pouvoir-et-bousculent-les-codes-du-9e-art\/"]}]},{"@type":"ImageObject","inLanguage":"fr-FR","@id":"https:\/\/bobea.net\/index.php\/2025\/04\/21\/festival-international-de-la-bd-a-montreal-les-autrices-prennent-le-pouvoir-et-bousculent-les-codes-du-9e-art\/#primaryimage","url":"https:\/\/bobea.net\/wp-content\/uploads\/2025\/04\/Site-web-articles-8-710x266-1.png","contentUrl":"https:\/\/bobea.net\/wp-content\/uploads\/2025\/04\/Site-web-articles-8-710x266-1.png","width":710,"height":266},{"@type":"BreadcrumbList","@id":"https:\/\/bobea.net\/index.php\/2025\/04\/21\/festival-international-de-la-bd-a-montreal-les-autrices-prennent-le-pouvoir-et-bousculent-les-codes-du-9e-art\/#breadcrumb","itemListElement":[{"@type":"ListItem","position":1,"name":"Accueil","item":"https:\/\/bobea.net\/"},{"@type":"ListItem","position":2,"name":"Festival international de la BD \u00e0 Montr\u00e9al : les autrices prennent le pouvoir et bousculent les codes du 9e art"}]},{"@type":"WebSite","@id":"https:\/\/bobea.net\/#website","url":"https:\/\/bobea.net\/","name":"Bobea","description":"Le magazine de la nouvelle \u00c8ve","publisher":{"@id":"https:\/\/bobea.net\/#organization"},"potentialAction":[{"@type":"SearchAction","target":{"@type":"EntryPoint","urlTemplate":"https:\/\/bobea.net\/?s={search_term_string}"},"query-input":{"@type":"PropertyValueSpecification","valueRequired":true,"valueName":"search_term_string"}}],"inLanguage":"fr-FR"},{"@type":"Organization","@id":"https:\/\/bobea.net\/#organization","name":"Bobea","url":"https:\/\/bobea.net\/","logo":{"@type":"ImageObject","inLanguage":"fr-FR","@id":"https:\/\/bobea.net\/#\/schema\/logo\/image\/","url":"https:\/\/bobea.net\/wp-content\/uploads\/2024\/06\/bobea.jpg","contentUrl":"https:\/\/bobea.net\/wp-content\/uploads\/2024\/06\/bobea.jpg","width":1080,"height":1080,"caption":"Bobea"},"image":{"@id":"https:\/\/bobea.net\/#\/schema\/logo\/image\/"},"sameAs":["https:\/\/web.facebook.com\/profile.php?id=61559252188416"]},{"@type":"Person","@id":"https:\/\/bobea.net\/#\/schema\/person\/e7f45ef187918d7c956bf619dce90ccf","name":"bobea.info","image":{"@type":"ImageObject","inLanguage":"fr-FR","@id":"https:\/\/bobea.net\/#\/schema\/person\/image\/","url":"https:\/\/secure.gravatar.com\/avatar\/36147980349df887ae30808df3e29474?s=96&d=mm&r=g","contentUrl":"https:\/\/secure.gravatar.com\/avatar\/36147980349df887ae30808df3e29474?s=96&d=mm&r=g","caption":"bobea.info"},"sameAs":["https:\/\/bobea.net"],"url":"https:\/\/bobea.net\/index.php\/author\/bobea-info\/"}]}},"_links":{"self":[{"href":"https:\/\/bobea.net\/index.php\/wp-json\/wp\/v2\/posts\/14561"}],"collection":[{"href":"https:\/\/bobea.net\/index.php\/wp-json\/wp\/v2\/posts"}],"about":[{"href":"https:\/\/bobea.net\/index.php\/wp-json\/wp\/v2\/types\/post"}],"author":[{"embeddable":true,"href":"https:\/\/bobea.net\/index.php\/wp-json\/wp\/v2\/users\/1"}],"replies":[{"embeddable":true,"href":"https:\/\/bobea.net\/index.php\/wp-json\/wp\/v2\/comments?post=14561"}],"version-history":[{"count":1,"href":"https:\/\/bobea.net\/index.php\/wp-json\/wp\/v2\/posts\/14561\/revisions"}],"predecessor-version":[{"id":14564,"href":"https:\/\/bobea.net\/index.php\/wp-json\/wp\/v2\/posts\/14561\/revisions\/14564"}],"wp:featuredmedia":[{"embeddable":true,"href":"https:\/\/bobea.net\/index.php\/wp-json\/wp\/v2\/media\/14562"}],"wp:attachment":[{"href":"https:\/\/bobea.net\/index.php\/wp-json\/wp\/v2\/media?parent=14561"}],"wp:term":[{"taxonomy":"category","embeddable":true,"href":"https:\/\/bobea.net\/index.php\/wp-json\/wp\/v2\/categories?post=14561"},{"taxonomy":"post_tag","embeddable":true,"href":"https:\/\/bobea.net\/index.php\/wp-json\/wp\/v2\/tags?post=14561"}],"curies":[{"name":"wp","href":"https:\/\/api.w.org\/{rel}","templated":true}]}}