{"id":14222,"date":"2025-04-14T14:49:35","date_gmt":"2025-04-14T14:49:35","guid":{"rendered":"https:\/\/bobea.net\/?p=14222"},"modified":"2025-04-14T14:49:37","modified_gmt":"2025-04-14T14:49:37","slug":"les-couleurs-pastel-en-2025-la-tendance-douce-qui-envahit-les-rues-parisiennes","status":"publish","type":"post","link":"https:\/\/bobea.net\/index.php\/2025\/04\/14\/les-couleurs-pastel-en-2025-la-tendance-douce-qui-envahit-les-rues-parisiennes\/","title":{"rendered":"Les couleurs pastel en 2025 : la tendance douce qui envahit les rues parisiennes"},"content":{"rendered":"\n<p><strong>Intro\u00adduc\u00adtion<\/strong><\/p>\n\n\n\n<p>En 2025, les couleurs pas\u00adtel s\u2019imposent comme la grande ten\u00addance mode. Douces, apaisantes et \u00e9l\u00e9\u00adgantes, elles envahissent les rues parisi\u00adennes et les podi\u00adums inter\u00adna\u00adtionaux. Cet arti\u00adcle explore com\u00adment int\u00e9\u00adgr\u00ader ces teintes d\u00e9li\u00adcates dans votre garde-robe pour un look mod\u00aderne et raf\u00adfin\u00e9.<\/p>\n\n\n\n<p><strong>1. Pourquoi les couleurs pas\u00adtel s\u00e9duisent-elles autant ?<\/strong><\/p>\n\n\n\n<p>Les couleurs pas\u00adtel ont un effet apaisant qui refl\u00e8te notre besoin de douceur dans un monde sou\u00advent stres\u00adsant. Elles offrent plusieurs avan\u00adtages :<\/p>\n\n\n\n<ul class=\"wp-block-list\">\n<li><strong>Poly\u00adva\u00adlence<\/strong>&nbsp;: Faciles \u00e0 associ\u00ader avec d\u2019autres teintes neu\u00adtres ou vives.<\/li>\n<\/ul>\n\n\n\n<ul class=\"wp-block-list\">\n<li><strong>\u00c9l\u00e9\u00adgance intem\u00adporelle<\/strong>&nbsp;: Ces couleurs restent ind\u00e9\u00admod\u00adables sai\u00adson apr\u00e8s sai\u00adson.<\/li>\n<\/ul>\n\n\n\n<ul class=\"wp-block-list\">\n<li><strong>Adapt\u00adabil\u00adit\u00e9<\/strong>&nbsp;: Con\u00advi\u00aden\u00adnent \u00e0 tous les styles, du casu\u00adal au chic sophis\u00adtiqu\u00e9.<\/li>\n<\/ul>\n\n\n\n<p>Les teintes pas\u00adtel incar\u00adnent une f\u00e9minit\u00e9 sub\u00adtile qui s\u00e9duit toutes les g\u00e9n\u00e9ra\u00adtions.<\/p>\n\n\n\n<p><strong>2. Les teintes phares de 2025<\/strong><\/p>\n\n\n\n<p>Voici les couleurs pas\u00adtel incon\u00adtourn\u00adables cette ann\u00e9e :<\/p>\n\n\n\n<ul class=\"wp-block-list\">\n<li><strong>Rose poudr\u00e9<\/strong>&nbsp;: Par\u00adfait pour un look roman\u00adtique ou boh\u00e8me.<\/li>\n<\/ul>\n\n\n\n<ul class=\"wp-block-list\">\n<li><strong>Bleu ciel<\/strong>&nbsp;: Id\u00e9al pour apporter une touche fra\u00eeche et lumineuse.<\/li>\n\n\n\n<li><strong>Vert men\u00adthe<\/strong>&nbsp;: Une couleur rafra\u00eechissante qui \u00e9voque la nature.<\/li>\n<\/ul>\n\n\n\n<ul class=\"wp-block-list\">\n<li><strong>Lavande douce<\/strong>&nbsp;: Une teinte ten\u00addance qui respire le print\u00ademps.<\/li>\n<\/ul>\n\n\n\n<p>Ces nuances s\u2019invitent aus\u00adsi bien sur les v\u00eate\u00adments que sur les acces\u00adsoires et le maquil\u00adlage.<\/p>\n\n\n\n<figure class=\"wp-block-image size-large\"><img loading=\"lazy\" decoding=\"async\" width=\"1024\" height=\"682\" src=\"https:\/\/bobea.net\/wp-content\/uploads\/2025\/04\/tendance-printemps-le-pastel-1024x682.webp\" alt class=\"wp-image-14225\" srcset=\"https:\/\/bobea.net\/wp-content\/uploads\/2025\/04\/tendance-printemps-le-pastel-1024x682.webp 1024w, https:\/\/bobea.net\/wp-content\/uploads\/2025\/04\/tendance-printemps-le-pastel-300x200.webp 300w, https:\/\/bobea.net\/wp-content\/uploads\/2025\/04\/tendance-printemps-le-pastel-768x512.webp 768w, https:\/\/bobea.net\/wp-content\/uploads\/2025\/04\/tendance-printemps-le-pastel.webp 1100w\" sizes=\"(max-width: 1024px) 100vw, 1024px\"><\/figure>\n\n\n\n<p><strong>3. Com\u00adment porter les couleurs pas\u00adtel au quo\u00adti\u00addi\u00aden ?<\/strong><\/p>\n\n\n\n<p>Pour int\u00e9\u00adgr\u00ader ces teintes dans votre garde-robe, voici quelques astuces sim\u00adples :<\/p>\n\n\n\n<ul class=\"wp-block-list\">\n<li>Asso\u00adciez-les \u00e0 des tons neu\u00adtres comme le beige ou le blanc pour un look \u00e9quili\u00adbr\u00e9.<\/li>\n<\/ul>\n\n\n\n<ul class=\"wp-block-list\">\n<li>Osez le mono\u00adchrome pas\u00adtel (par exem\u00adple, un tailleur lavande) pour un style auda\u00adcieux mais raf\u00adfin\u00e9.<\/li>\n<\/ul>\n\n\n\n<ul class=\"wp-block-list\">\n<li>Ajoutez des acces\u00adsoires pas\u00adtel (sacs, chaus\u00adsures) pour rehauss\u00ader une tenue clas\u00adsique.<\/li>\n<\/ul>\n\n\n\n<p>Les couleurs pas\u00adtel se mari\u00adent \u00e9gale\u00adment tr\u00e8s bien avec des imprim\u00e9s l\u00e9gers comme les fleurs ou les pois.<\/p>\n\n\n\n<p><strong>4. Les pas\u00adtels dans les rues parisi\u00adennes<\/strong><\/p>\n\n\n\n<p>\u00c0 Paris, cap\u00adi\u00adtale mon\u00addi\u00adale de la mode, les pas\u00adtels sont partout cette sai\u00adson :<\/p>\n\n\n\n<ul class=\"wp-block-list\">\n<li>Les vit\u00adrines des grandes maisons affichent des col\u00adlec\u00adtions aux teintes douces et f\u00e9minines.<\/li>\n<\/ul>\n\n\n\n<ul class=\"wp-block-list\">\n<li>Les fash\u00adion\u00adistas arborent des robes flu\u00adides rose poudr\u00e9 ou des trench-coats bleu ciel.<\/li>\n<\/ul>\n\n\n\n<ul class=\"wp-block-list\">\n<li>M\u00eame les sneak\u00aders se par\u00adent de nuances pas\u00adtel pour un look casu\u00adal chic.<\/li>\n<\/ul>\n\n\n\n<p>Cette ten\u00addance illus\u00adtre par\u00adfaite\u00adment l\u2019\u00e9l\u00e9gance parisi\u00adenne m\u00eal\u00e9e \u00e0 une touche con\u00adtem\u00adpo\u00adraine.<\/p>\n\n\n\n<p><strong>Con\u00adclu\u00adsion<\/strong><\/p>\n\n\n\n<p>Les couleurs pas\u00adtel s\u2019imposent comme l\u2019une des ten\u00addances majeures de 2025 gr\u00e2ce \u00e0 leur douceur et leur poly\u00adva\u00adlence. Que vous optiez pour un total look ou sim\u00adple\u00adment quelques touch\u00ades sub\u00adtiles, ces teintes d\u00e9li\u00adcates apporteront fra\u00eecheur et \u00e9l\u00e9\u00adgance \u00e0 votre style. Alors n\u2019attendez plus pour adopter cette palette apaisante !<\/p>\n","protected":false},"excerpt":{"rendered":"<p>Intro\u00adduc\u00adtion En 2025, les couleurs pas\u00adtel s\u2019imposent comme la grande ten\u00addance mode. Douces, apaisantes et \u00e9l\u00e9\u00adgantes, elles envahissent les rues parisi\u00adennes et les podi\u00adums inter\u00adna\u00adtionaux. Cet arti\u00adcle explore com\u00adment int\u00e9\u00adgr\u00ader\u2026 <\/p>\n","protected":false},"author":1,"featured_media":14224,"comment_status":"open","ping_status":"closed","sticky":false,"template":"","format":"standard","meta":{"wp_typography_post_enhancements_disabled":false,"footnotes":""},"categories":[50],"tags":[10655,10653,10654],"class_list":["post-14222","post","type-post","status-publish","format-standard","has-post-thumbnail","hentry","category-mode","tag-comment-porter-pastels-elegance-feminine","tag-couleurs-pastel-tendance-2025-mode-paris","tag-looks-rose-poudre-bleu-ciel-lavande-douce"],"yoast_head":"<!-- This site is optimized with the Yoast SEO plugin v24.7 - https:\/\/yoast.com\/wordpress\/plugins\/seo\/ -->\n<title>Les couleurs pastel en 2025 : la tendance douce qui envahit les rues parisiennes - Bobea<\/title>\n<meta name=\"robots\" content=\"index, follow, max-snippet:-1, max-image-preview:large, max-video-preview:-1\" \/>\n<link rel=\"canonical\" href=\"https:\/\/bobea.net\/index.php\/2025\/04\/14\/les-couleurs-pastel-en-2025-la-tendance-douce-qui-envahit-les-rues-parisiennes\/\" \/>\n<meta property=\"og:locale\" content=\"fr_FR\" \/>\n<meta property=\"og:type\" content=\"article\" \/>\n<meta property=\"og:title\" content=\"Les couleurs pastel en 2025 : la tendance douce qui envahit les rues parisiennes - Bobea\" \/>\n<meta property=\"og:description\" content=\"Intro\u00adduc\u00adtion En 2025, les couleurs pas\u00adtel s\u2019imposent comme la grande ten\u00addance mode. Douces, apaisantes et \u00e9l\u00e9\u00adgantes, elles envahissent les rues parisi\u00adennes et les podi\u00adums inter\u00adna\u00adtionaux. Cet arti\u00adcle explore com\u00adment int\u00e9\u00adgr\u00ader&hellip;\" \/>\n<meta property=\"og:url\" content=\"https:\/\/bobea.net\/index.php\/2025\/04\/14\/les-couleurs-pastel-en-2025-la-tendance-douce-qui-envahit-les-rues-parisiennes\/\" \/>\n<meta property=\"og:site_name\" content=\"Bobea\" \/>\n<meta property=\"article:publisher\" content=\"https:\/\/web.facebook.com\/profile.php?id=61559252188416\" \/>\n<meta property=\"article:published_time\" content=\"2025-04-14T14:49:35+00:00\" \/>\n<meta property=\"article:modified_time\" content=\"2025-04-14T14:49:37+00:00\" \/>\n<meta property=\"og:image\" content=\"https:\/\/bobea.net\/wp-content\/uploads\/2025\/04\/couleurs-pastel-5-idees-de-tenues-a-adopter-1.jpg\" \/>\n\t<meta property=\"og:image:width\" content=\"768\" \/>\n\t<meta property=\"og:image:height\" content=\"604\" \/>\n\t<meta property=\"og:image:type\" content=\"image\/jpeg\" \/>\n<meta name=\"author\" content=\"bobea.info\" \/>\n<meta name=\"twitter:card\" content=\"summary_large_image\" \/>\n<meta name=\"twitter:label1\" content=\"\u00c9crit par\" \/>\n\t<meta name=\"twitter:data1\" content=\"bobea.info\" \/>\n\t<meta name=\"twitter:label2\" content=\"Dur\u00e9e de lecture estim\u00e9e\" \/>\n\t<meta name=\"twitter:data2\" content=\"3 minutes\" \/>\n<script type=\"application\/ld+json\" class=\"yoast-schema-graph\">{\"@context\":\"https:\/\/schema.org\",\"@graph\":[{\"@type\":\"Article\",\"@id\":\"https:\/\/bobea.net\/index.php\/2025\/04\/14\/les-couleurs-pastel-en-2025-la-tendance-douce-qui-envahit-les-rues-parisiennes\/#article\",\"isPartOf\":{\"@id\":\"https:\/\/bobea.net\/index.php\/2025\/04\/14\/les-couleurs-pastel-en-2025-la-tendance-douce-qui-envahit-les-rues-parisiennes\/\"},\"author\":{\"name\":\"bobea.info\",\"@id\":\"https:\/\/bobea.net\/#\/schema\/person\/e7f45ef187918d7c956bf619dce90ccf\"},\"headline\":\"Les couleurs pastel en 2025 : la tendance douce qui envahit les rues parisiennes\",\"datePublished\":\"2025-04-14T14:49:35+00:00\",\"dateModified\":\"2025-04-14T14:49:37+00:00\",\"mainEntityOfPage\":{\"@id\":\"https:\/\/bobea.net\/index.php\/2025\/04\/14\/les-couleurs-pastel-en-2025-la-tendance-douce-qui-envahit-les-rues-parisiennes\/\"},\"wordCount\":411,\"commentCount\":0,\"publisher\":{\"@id\":\"https:\/\/bobea.net\/#organization\"},\"image\":{\"@id\":\"https:\/\/bobea.net\/index.php\/2025\/04\/14\/les-couleurs-pastel-en-2025-la-tendance-douce-qui-envahit-les-rues-parisiennes\/#primaryimage\"},\"thumbnailUrl\":\"https:\/\/bobea.net\/wp-content\/uploads\/2025\/04\/couleurs-pastel-5-idees-de-tenues-a-adopter-1.jpg\",\"keywords\":[\"comment porter pastels \u00e9l\u00e9gance f\u00e9minine\",\"couleurs pastel tendance 2025 mode Paris\",\"looks rose poudr\u00e9 bleu ciel lavande douce\"],\"articleSection\":[\"Mode\"],\"inLanguage\":\"fr-FR\",\"potentialAction\":[{\"@type\":\"CommentAction\",\"name\":\"Comment\",\"target\":[\"https:\/\/bobea.net\/index.php\/2025\/04\/14\/les-couleurs-pastel-en-2025-la-tendance-douce-qui-envahit-les-rues-parisiennes\/#respond\"]}]},{\"@type\":\"WebPage\",\"@id\":\"https:\/\/bobea.net\/index.php\/2025\/04\/14\/les-couleurs-pastel-en-2025-la-tendance-douce-qui-envahit-les-rues-parisiennes\/\",\"url\":\"https:\/\/bobea.net\/index.php\/2025\/04\/14\/les-couleurs-pastel-en-2025-la-tendance-douce-qui-envahit-les-rues-parisiennes\/\",\"name\":\"Les couleurs pastel en 2025 : la tendance douce qui envahit les rues parisiennes - Bobea\",\"isPartOf\":{\"@id\":\"https:\/\/bobea.net\/#website\"},\"primaryImageOfPage\":{\"@id\":\"https:\/\/bobea.net\/index.php\/2025\/04\/14\/les-couleurs-pastel-en-2025-la-tendance-douce-qui-envahit-les-rues-parisiennes\/#primaryimage\"},\"image\":{\"@id\":\"https:\/\/bobea.net\/index.php\/2025\/04\/14\/les-couleurs-pastel-en-2025-la-tendance-douce-qui-envahit-les-rues-parisiennes\/#primaryimage\"},\"thumbnailUrl\":\"https:\/\/bobea.net\/wp-content\/uploads\/2025\/04\/couleurs-pastel-5-idees-de-tenues-a-adopter-1.jpg\",\"datePublished\":\"2025-04-14T14:49:35+00:00\",\"dateModified\":\"2025-04-14T14:49:37+00:00\",\"breadcrumb\":{\"@id\":\"https:\/\/bobea.net\/index.php\/2025\/04\/14\/les-couleurs-pastel-en-2025-la-tendance-douce-qui-envahit-les-rues-parisiennes\/#breadcrumb\"},\"inLanguage\":\"fr-FR\",\"potentialAction\":[{\"@type\":\"ReadAction\",\"target\":[\"https:\/\/bobea.net\/index.php\/2025\/04\/14\/les-couleurs-pastel-en-2025-la-tendance-douce-qui-envahit-les-rues-parisiennes\/\"]}]},{\"@type\":\"ImageObject\",\"inLanguage\":\"fr-FR\",\"@id\":\"https:\/\/bobea.net\/index.php\/2025\/04\/14\/les-couleurs-pastel-en-2025-la-tendance-douce-qui-envahit-les-rues-parisiennes\/#primaryimage\",\"url\":\"https:\/\/bobea.net\/wp-content\/uploads\/2025\/04\/couleurs-pastel-5-idees-de-tenues-a-adopter-1.jpg\",\"contentUrl\":\"https:\/\/bobea.net\/wp-content\/uploads\/2025\/04\/couleurs-pastel-5-idees-de-tenues-a-adopter-1.jpg\",\"width\":768,\"height\":604},{\"@type\":\"BreadcrumbList\",\"@id\":\"https:\/\/bobea.net\/index.php\/2025\/04\/14\/les-couleurs-pastel-en-2025-la-tendance-douce-qui-envahit-les-rues-parisiennes\/#breadcrumb\",\"itemListElement\":[{\"@type\":\"ListItem\",\"position\":1,\"name\":\"Accueil\",\"item\":\"https:\/\/bobea.net\/\"},{\"@type\":\"ListItem\",\"position\":2,\"name\":\"Les couleurs pastel en 2025 : la tendance douce qui envahit les rues parisiennes\"}]},{\"@type\":\"WebSite\",\"@id\":\"https:\/\/bobea.net\/#website\",\"url\":\"https:\/\/bobea.net\/\",\"name\":\"Bobea\",\"description\":\"Le magazine de la nouvelle \u00c8ve\",\"publisher\":{\"@id\":\"https:\/\/bobea.net\/#organization\"},\"potentialAction\":[{\"@type\":\"SearchAction\",\"target\":{\"@type\":\"EntryPoint\",\"urlTemplate\":\"https:\/\/bobea.net\/?s={search_term_string}\"},\"query-input\":{\"@type\":\"PropertyValueSpecification\",\"valueRequired\":true,\"valueName\":\"search_term_string\"}}],\"inLanguage\":\"fr-FR\"},{\"@type\":\"Organization\",\"@id\":\"https:\/\/bobea.net\/#organization\",\"name\":\"Bobea\",\"url\":\"https:\/\/bobea.net\/\",\"logo\":{\"@type\":\"ImageObject\",\"inLanguage\":\"fr-FR\",\"@id\":\"https:\/\/bobea.net\/#\/schema\/logo\/image\/\",\"url\":\"https:\/\/bobea.net\/wp-content\/uploads\/2024\/06\/bobea.jpg\",\"contentUrl\":\"https:\/\/bobea.net\/wp-content\/uploads\/2024\/06\/bobea.jpg\",\"width\":1080,\"height\":1080,\"caption\":\"Bobea\"},\"image\":{\"@id\":\"https:\/\/bobea.net\/#\/schema\/logo\/image\/\"},\"sameAs\":[\"https:\/\/web.facebook.com\/profile.php?id=61559252188416\"]},{\"@type\":\"Person\",\"@id\":\"https:\/\/bobea.net\/#\/schema\/person\/e7f45ef187918d7c956bf619dce90ccf\",\"name\":\"bobea.info\",\"image\":{\"@type\":\"ImageObject\",\"inLanguage\":\"fr-FR\",\"@id\":\"https:\/\/bobea.net\/#\/schema\/person\/image\/\",\"url\":\"https:\/\/secure.gravatar.com\/avatar\/36147980349df887ae30808df3e29474?s=96&d=mm&r=g\",\"contentUrl\":\"https:\/\/secure.gravatar.com\/avatar\/36147980349df887ae30808df3e29474?s=96&d=mm&r=g\",\"caption\":\"bobea.info\"},\"sameAs\":[\"https:\/\/bobea.net\"],\"url\":\"https:\/\/bobea.net\/index.php\/author\/bobea-info\/\"}]}<\/script>\n<!-- \/ Yoast SEO plugin. -->","yoast_head_json":{"title":"Les couleurs pastel en 2025 : la tendance douce qui envahit les rues parisiennes - Bobea","robots":{"index":"index","follow":"follow","max-snippet":"max-snippet:-1","max-image-preview":"max-image-preview:large","max-video-preview":"max-video-preview:-1"},"canonical":"https:\/\/bobea.net\/index.php\/2025\/04\/14\/les-couleurs-pastel-en-2025-la-tendance-douce-qui-envahit-les-rues-parisiennes\/","og_locale":"fr_FR","og_type":"article","og_title":"Les couleurs pastel en 2025 : la tendance douce qui envahit les rues parisiennes - Bobea","og_description":"Intro\u00adduc\u00adtion En 2025, les couleurs pas\u00adtel s\u2019imposent comme la grande ten\u00addance mode. Douces, apaisantes et \u00e9l\u00e9\u00adgantes, elles envahissent les rues parisi\u00adennes et les podi\u00adums inter\u00adna\u00adtionaux. Cet arti\u00adcle explore com\u00adment int\u00e9\u00adgr\u00ader&hellip;","og_url":"https:\/\/bobea.net\/index.php\/2025\/04\/14\/les-couleurs-pastel-en-2025-la-tendance-douce-qui-envahit-les-rues-parisiennes\/","og_site_name":"Bobea","article_publisher":"https:\/\/web.facebook.com\/profile.php?id=61559252188416","article_published_time":"2025-04-14T14:49:35+00:00","article_modified_time":"2025-04-14T14:49:37+00:00","og_image":[{"width":768,"height":604,"url":"https:\/\/bobea.net\/wp-content\/uploads\/2025\/04\/couleurs-pastel-5-idees-de-tenues-a-adopter-1.jpg","type":"image\/jpeg"}],"author":"bobea.info","twitter_card":"summary_large_image","twitter_misc":{"\u00c9crit par":"bobea.info","Dur\u00e9e de lecture estim\u00e9e":"3 minutes"},"schema":{"@context":"https:\/\/schema.org","@graph":[{"@type":"Article","@id":"https:\/\/bobea.net\/index.php\/2025\/04\/14\/les-couleurs-pastel-en-2025-la-tendance-douce-qui-envahit-les-rues-parisiennes\/#article","isPartOf":{"@id":"https:\/\/bobea.net\/index.php\/2025\/04\/14\/les-couleurs-pastel-en-2025-la-tendance-douce-qui-envahit-les-rues-parisiennes\/"},"author":{"name":"bobea.info","@id":"https:\/\/bobea.net\/#\/schema\/person\/e7f45ef187918d7c956bf619dce90ccf"},"headline":"Les couleurs pastel en 2025 : la tendance douce qui envahit les rues parisiennes","datePublished":"2025-04-14T14:49:35+00:00","dateModified":"2025-04-14T14:49:37+00:00","mainEntityOfPage":{"@id":"https:\/\/bobea.net\/index.php\/2025\/04\/14\/les-couleurs-pastel-en-2025-la-tendance-douce-qui-envahit-les-rues-parisiennes\/"},"wordCount":411,"commentCount":0,"publisher":{"@id":"https:\/\/bobea.net\/#organization"},"image":{"@id":"https:\/\/bobea.net\/index.php\/2025\/04\/14\/les-couleurs-pastel-en-2025-la-tendance-douce-qui-envahit-les-rues-parisiennes\/#primaryimage"},"thumbnailUrl":"https:\/\/bobea.net\/wp-content\/uploads\/2025\/04\/couleurs-pastel-5-idees-de-tenues-a-adopter-1.jpg","keywords":["comment porter pastels \u00e9l\u00e9gance f\u00e9minine","couleurs pastel tendance 2025 mode Paris","looks rose poudr\u00e9 bleu ciel lavande douce"],"articleSection":["Mode"],"inLanguage":"fr-FR","potentialAction":[{"@type":"CommentAction","name":"Comment","target":["https:\/\/bobea.net\/index.php\/2025\/04\/14\/les-couleurs-pastel-en-2025-la-tendance-douce-qui-envahit-les-rues-parisiennes\/#respond"]}]},{"@type":"WebPage","@id":"https:\/\/bobea.net\/index.php\/2025\/04\/14\/les-couleurs-pastel-en-2025-la-tendance-douce-qui-envahit-les-rues-parisiennes\/","url":"https:\/\/bobea.net\/index.php\/2025\/04\/14\/les-couleurs-pastel-en-2025-la-tendance-douce-qui-envahit-les-rues-parisiennes\/","name":"Les couleurs pastel en 2025 : la tendance douce qui envahit les rues parisiennes - Bobea","isPartOf":{"@id":"https:\/\/bobea.net\/#website"},"primaryImageOfPage":{"@id":"https:\/\/bobea.net\/index.php\/2025\/04\/14\/les-couleurs-pastel-en-2025-la-tendance-douce-qui-envahit-les-rues-parisiennes\/#primaryimage"},"image":{"@id":"https:\/\/bobea.net\/index.php\/2025\/04\/14\/les-couleurs-pastel-en-2025-la-tendance-douce-qui-envahit-les-rues-parisiennes\/#primaryimage"},"thumbnailUrl":"https:\/\/bobea.net\/wp-content\/uploads\/2025\/04\/couleurs-pastel-5-idees-de-tenues-a-adopter-1.jpg","datePublished":"2025-04-14T14:49:35+00:00","dateModified":"2025-04-14T14:49:37+00:00","breadcrumb":{"@id":"https:\/\/bobea.net\/index.php\/2025\/04\/14\/les-couleurs-pastel-en-2025-la-tendance-douce-qui-envahit-les-rues-parisiennes\/#breadcrumb"},"inLanguage":"fr-FR","potentialAction":[{"@type":"ReadAction","target":["https:\/\/bobea.net\/index.php\/2025\/04\/14\/les-couleurs-pastel-en-2025-la-tendance-douce-qui-envahit-les-rues-parisiennes\/"]}]},{"@type":"ImageObject","inLanguage":"fr-FR","@id":"https:\/\/bobea.net\/index.php\/2025\/04\/14\/les-couleurs-pastel-en-2025-la-tendance-douce-qui-envahit-les-rues-parisiennes\/#primaryimage","url":"https:\/\/bobea.net\/wp-content\/uploads\/2025\/04\/couleurs-pastel-5-idees-de-tenues-a-adopter-1.jpg","contentUrl":"https:\/\/bobea.net\/wp-content\/uploads\/2025\/04\/couleurs-pastel-5-idees-de-tenues-a-adopter-1.jpg","width":768,"height":604},{"@type":"BreadcrumbList","@id":"https:\/\/bobea.net\/index.php\/2025\/04\/14\/les-couleurs-pastel-en-2025-la-tendance-douce-qui-envahit-les-rues-parisiennes\/#breadcrumb","itemListElement":[{"@type":"ListItem","position":1,"name":"Accueil","item":"https:\/\/bobea.net\/"},{"@type":"ListItem","position":2,"name":"Les couleurs pastel en 2025 : la tendance douce qui envahit les rues parisiennes"}]},{"@type":"WebSite","@id":"https:\/\/bobea.net\/#website","url":"https:\/\/bobea.net\/","name":"Bobea","description":"Le magazine de la nouvelle \u00c8ve","publisher":{"@id":"https:\/\/bobea.net\/#organization"},"potentialAction":[{"@type":"SearchAction","target":{"@type":"EntryPoint","urlTemplate":"https:\/\/bobea.net\/?s={search_term_string}"},"query-input":{"@type":"PropertyValueSpecification","valueRequired":true,"valueName":"search_term_string"}}],"inLanguage":"fr-FR"},{"@type":"Organization","@id":"https:\/\/bobea.net\/#organization","name":"Bobea","url":"https:\/\/bobea.net\/","logo":{"@type":"ImageObject","inLanguage":"fr-FR","@id":"https:\/\/bobea.net\/#\/schema\/logo\/image\/","url":"https:\/\/bobea.net\/wp-content\/uploads\/2024\/06\/bobea.jpg","contentUrl":"https:\/\/bobea.net\/wp-content\/uploads\/2024\/06\/bobea.jpg","width":1080,"height":1080,"caption":"Bobea"},"image":{"@id":"https:\/\/bobea.net\/#\/schema\/logo\/image\/"},"sameAs":["https:\/\/web.facebook.com\/profile.php?id=61559252188416"]},{"@type":"Person","@id":"https:\/\/bobea.net\/#\/schema\/person\/e7f45ef187918d7c956bf619dce90ccf","name":"bobea.info","image":{"@type":"ImageObject","inLanguage":"fr-FR","@id":"https:\/\/bobea.net\/#\/schema\/person\/image\/","url":"https:\/\/secure.gravatar.com\/avatar\/36147980349df887ae30808df3e29474?s=96&d=mm&r=g","contentUrl":"https:\/\/secure.gravatar.com\/avatar\/36147980349df887ae30808df3e29474?s=96&d=mm&r=g","caption":"bobea.info"},"sameAs":["https:\/\/bobea.net"],"url":"https:\/\/bobea.net\/index.php\/author\/bobea-info\/"}]}},"_links":{"self":[{"href":"https:\/\/bobea.net\/index.php\/wp-json\/wp\/v2\/posts\/14222"}],"collection":[{"href":"https:\/\/bobea.net\/index.php\/wp-json\/wp\/v2\/posts"}],"about":[{"href":"https:\/\/bobea.net\/index.php\/wp-json\/wp\/v2\/types\/post"}],"author":[{"embeddable":true,"href":"https:\/\/bobea.net\/index.php\/wp-json\/wp\/v2\/users\/1"}],"replies":[{"embeddable":true,"href":"https:\/\/bobea.net\/index.php\/wp-json\/wp\/v2\/comments?post=14222"}],"version-history":[{"count":1,"href":"https:\/\/bobea.net\/index.php\/wp-json\/wp\/v2\/posts\/14222\/revisions"}],"predecessor-version":[{"id":14226,"href":"https:\/\/bobea.net\/index.php\/wp-json\/wp\/v2\/posts\/14222\/revisions\/14226"}],"wp:featuredmedia":[{"embeddable":true,"href":"https:\/\/bobea.net\/index.php\/wp-json\/wp\/v2\/media\/14224"}],"wp:attachment":[{"href":"https:\/\/bobea.net\/index.php\/wp-json\/wp\/v2\/media?parent=14222"}],"wp:term":[{"taxonomy":"category","embeddable":true,"href":"https:\/\/bobea.net\/index.php\/wp-json\/wp\/v2\/categories?post=14222"},{"taxonomy":"post_tag","embeddable":true,"href":"https:\/\/bobea.net\/index.php\/wp-json\/wp\/v2\/tags?post=14222"}],"curies":[{"name":"wp","href":"https:\/\/api.w.org\/{rel}","templated":true}]}}