{"id":14208,"date":"2025-04-14T14:35:05","date_gmt":"2025-04-14T14:35:05","guid":{"rendered":"https:\/\/bobea.net\/?p=14208"},"modified":"2025-04-14T14:35:10","modified_gmt":"2025-04-14T14:35:10","slug":"festival-de-cannes-2025-les-femmes-realisatrices-a-lhonneur-cette-annee","status":"publish","type":"post","link":"https:\/\/bobea.net\/index.php\/2025\/04\/14\/festival-de-cannes-2025-les-femmes-realisatrices-a-lhonneur-cette-annee\/","title":{"rendered":"Festival de Cannes 2025 : les femmes r\u00e9alisatrices \u00e0 l\u2019honneur cette ann\u00e9e"},"content":{"rendered":"\n<p><strong>Intro\u00adduc\u00adtion<\/strong><\/p>\n\n\n\n<p>Le Fes\u00adti\u00adval de Cannes 2025, l\u2019un des \u00e9v\u00e9ne\u00adments cin\u00e9\u00admatographiques les plus pres\u00adtigieux au monde, met cette ann\u00e9e les femmes r\u00e9al\u00adisatri\u00adces \u00e0 l\u2019honneur. Dans un geste fort pour pro\u00admou\u00advoir l\u2019\u00e9galit\u00e9 dans l\u2019industrie du cin\u00e9\u00adma, la s\u00e9lec\u00adtion offi\u00adcielle inclut un nom\u00adbre record de films r\u00e9al\u00adis\u00e9s par des femmes. Cet arti\u00adcle explore les moments mar\u00adquants du fes\u00adti\u00adval, les \u0153uvres f\u00e9minines qui cap\u00adtivent le pub\u00adlic et l\u2019impact de cette ini\u00adtia\u00adtive sur le paysage cin\u00e9\u00admatographique mon\u00addi\u00adal.<\/p>\n\n\n\n<p><strong>1. Une s\u00e9lec\u00adtion his\u00adtorique<\/strong><\/p>\n\n\n\n<p>Pour la pre\u00admi\u00e8re fois dans l\u2019histoire du Fes\u00adti\u00adval de Cannes, plus de 40 % des films en com\u00adp\u00e9ti\u00adtion offi\u00adcielle sont r\u00e9al\u00adis\u00e9s par des femmes. Cette d\u00e9ci\u00adsion mar\u00adque une avanc\u00e9e majeure dans la recon\u00adnais\u00adsance des tal\u00adents f\u00e9minins dans une indus\u00adtrie sou\u00advent dom\u00adin\u00e9e par les hommes. Par\u00admi les \u0153uvres s\u00e9lec\u00adtion\u00adn\u00e9es :<\/p>\n\n\n\n<ul class=\"wp-block-list\">\n<li><strong>\u201cLes \u00c9chos du Silence\u201d<\/strong>&nbsp;de Sophie Bertrand : Un drame poignant sur le deuil et la r\u00e9silience.<\/li>\n<\/ul>\n\n\n\n<ul class=\"wp-block-list\">\n<li><strong>\u201cLa Lumi\u00e8re Cach\u00e9e\u201d<\/strong>&nbsp;d\u2019Aisha Khan : Une explo\u00adration visuelle des tra\u00addi\u00adtions oubli\u00e9es.<\/li>\n<\/ul>\n\n\n\n<ul class=\"wp-block-list\">\n<li><strong>\u201cFrag\u00adments d\u2019Elle\u201d<\/strong>&nbsp;de Clara More\u00adau : Un film auto\u00adbi\u00adographique qui met en lumi\u00e8re les d\u00e9fis des femmes artistes.<\/li>\n<\/ul>\n\n\n\n<p>Ces r\u00e9al\u00adisatri\u00adces appor\u00adtent des per\u00adspec\u00adtives uniques et diver\u00adsi\u00adfi\u00e9es qui enrichissent le panora\u00adma cin\u00e9\u00admatographique.<\/p>\n\n\n\n<p><strong>2. Les moments forts du fes\u00adti\u00adval<\/strong><\/p>\n\n\n\n<p>Le Fes\u00adti\u00adval de Cannes 2025 a \u00e9t\u00e9 mar\u00adqu\u00e9 par plusieurs moments m\u00e9morables :<\/p>\n\n\n\n<ul class=\"wp-block-list\">\n<li><strong>La mon\u00adt\u00e9e des march\u00ades<\/strong>&nbsp;: Les femmes r\u00e9al\u00adisatri\u00adces ont d\u00e9fil\u00e9 ensem\u00adble sur le tapis rouge pour c\u00e9l\u00e9br\u00ader leur con\u00adtri\u00adbu\u00adtion au cin\u00e9\u00adma.<\/li>\n<\/ul>\n\n\n\n<ul class=\"wp-block-list\">\n<li><strong>Les d\u00e9bats autour de l\u2019\u00e9galit\u00e9<\/strong>&nbsp;: Des tables ron\u00addes organ\u00adis\u00e9es tout au long du fes\u00adti\u00adval ont per\u00admis d\u2019aborder les d\u00e9fis aux\u00adquels les femmes sont con\u00adfron\u00adt\u00e9es dans l\u2019industrie cin\u00e9\u00admatographique.<\/li>\n<\/ul>\n\n\n\n<ul class=\"wp-block-list\">\n<li><strong>Le Prix sp\u00e9\u00adcial pour la diver\u00adsit\u00e9<\/strong>&nbsp;: Une nou\u00advelle r\u00e9com\u00adpense a \u00e9t\u00e9 intro\u00adduite pour hon\u00ador\u00ader les films qui met\u00adtent en avant des voix mar\u00adgin\u00adal\u00adis\u00e9es.<\/li>\n<\/ul>\n\n\n\n<figure class=\"wp-block-image size-large\"><img loading=\"lazy\" decoding=\"async\" width=\"1024\" height=\"580\" src=\"https:\/\/bobea.net\/wp-content\/uploads\/2025\/04\/1200x680_epalivefive629692-1024x580.jpg\" alt class=\"wp-image-14212\" srcset=\"https:\/\/bobea.net\/wp-content\/uploads\/2025\/04\/1200x680_epalivefive629692-1024x580.jpg 1024w, https:\/\/bobea.net\/wp-content\/uploads\/2025\/04\/1200x680_epalivefive629692-300x170.jpg 300w, https:\/\/bobea.net\/wp-content\/uploads\/2025\/04\/1200x680_epalivefive629692-768x435.jpg 768w, https:\/\/bobea.net\/wp-content\/uploads\/2025\/04\/1200x680_epalivefive629692.jpg 1200w\" sizes=\"(max-width: 1024px) 100vw, 1024px\"><\/figure>\n\n\n\n<p>Ces ini\u00adtia\u00adtives ren\u00adfor\u00adcent l\u2019engagement du fes\u00adti\u00adval envers une repr\u00e9sen\u00adta\u00adtion plus \u00e9quitable.<\/p>\n\n\n\n<p><strong>3. L\u2019impact sur l\u2019industrie cin\u00e9\u00admatographique<\/strong><\/p>\n\n\n\n<p>La mise en avant des femmes r\u00e9al\u00adisatri\u00adces \u00e0 Cannes pour\u00adrait avoir un impact durable sur l\u2019industrie :<\/p>\n\n\n\n<ul class=\"wp-block-list\">\n<li><strong>Vis\u00adi\u00adbil\u00adit\u00e9 accrue<\/strong>&nbsp;: Les \u0153uvres f\u00e9minines b\u00e9n\u00e9\u00adfi\u00adcient d\u2019une plate\u00adforme mon\u00addi\u00adale qui leur per\u00admet d\u2019atteindre un pub\u00adlic plus large.<\/li>\n<\/ul>\n\n\n\n<ul class=\"wp-block-list\">\n<li><strong>Inspi\u00adra\u00adtion pour la nou\u00advelle g\u00e9n\u00e9ra\u00adtion<\/strong>&nbsp;: Les jeunes r\u00e9al\u00adisatri\u00adces voient leurs mod\u00ad\u00e8les c\u00e9l\u00e9br\u00e9s, ce qui peut encour\u00adager davan\u00adtage de femmes \u00e0 pour\u00adsuiv\u00adre une car\u00adri\u00e8re dans le cin\u00e9\u00adma.<\/li>\n<\/ul>\n\n\n\n<ul class=\"wp-block-list\">\n<li><strong>Change\u00adment sys\u00adt\u00e9mique<\/strong>&nbsp;: En met\u00adtant en lumi\u00e8re ces tal\u00adents, Cannes pousse les stu\u00addios et pro\u00adduc\u00adteurs \u00e0 inve\u00adstir davan\u00adtage dans les pro\u00adjets port\u00e9s par des femmes.<\/li>\n<\/ul>\n\n\n\n<p><strong>Con\u00adclu\u00adsion<\/strong><\/p>\n\n\n\n<p>Le Fes\u00adti\u00adval de Cannes 2025 mar\u00adque un tour\u00adnant his\u00adtorique en c\u00e9l\u00e9brant les femmes r\u00e9al\u00adisatri\u00adces et leur con\u00adtri\u00adbu\u00adtion au cin\u00e9\u00adma mon\u00addi\u00adal. Cette ini\u00adtia\u00adtive ouvre la voie \u00e0 une indus\u00adtrie plus inclu\u00adsive et diver\u00adsi\u00adfi\u00e9e, o\u00f9 chaque voix peut \u00eatre enten\u00addue. Alors que le rideau tombe sur cette \u00e9di\u00adtion m\u00e9morable, il est clair que le cin\u00e9\u00adma f\u00e9minin est pr\u00eat \u00e0 occu\u00adper le devant de la sc\u00e8ne.<\/p>\n","protected":false},"excerpt":{"rendered":"<p>Intro\u00adduc\u00adtion Le Fes\u00adti\u00adval de Cannes 2025, l\u2019un des \u00e9v\u00e9ne\u00adments cin\u00e9\u00admatographiques les plus pres\u00adtigieux au monde, met cette ann\u00e9e les femmes r\u00e9al\u00adisatri\u00adces \u00e0 l\u2019honneur. Dans un geste fort pour pro\u00admou\u00advoir l\u2019\u00e9galit\u00e9\u2026 <\/p>\n","protected":false},"author":1,"featured_media":14211,"comment_status":"open","ping_status":"closed","sticky":false,"template":"","format":"standard","meta":{"wp_typography_post_enhancements_disabled":false,"footnotes":""},"categories":[73],"tags":[10644,10645,10646],"class_list":["post-14208","post","type-post","status-publish","format-standard","has-post-thumbnail","hentry","category-on-en-parle","tag-egalite-cinema-selection-officielle","tag-festival-de-cannes-2025-femmes-realisatrices","tag-impact-diversite-industrie-cinematographique"],"yoast_head":"<!-- This site is optimized with the Yoast SEO plugin v24.7 - https:\/\/yoast.com\/wordpress\/plugins\/seo\/ -->\n<title>Festival de Cannes 2025 : les femmes r\u00e9alisatrices \u00e0 l\u2019honneur cette ann\u00e9e - Bobea<\/title>\n<meta name=\"description\" content=\"Le Festival de Cannes 2025, l\u2019un des \u00e9v\u00e9nements cin\u00e9matographiques les plus prestigieux au monde, met cette ann\u00e9e les femmes r\u00e9alisatrices\" \/>\n<meta name=\"robots\" content=\"index, follow, max-snippet:-1, max-image-preview:large, max-video-preview:-1\" \/>\n<link rel=\"canonical\" href=\"https:\/\/bobea.net\/index.php\/2025\/04\/14\/festival-de-cannes-2025-les-femmes-realisatrices-a-lhonneur-cette-annee\/\" \/>\n<meta property=\"og:locale\" content=\"fr_FR\" \/>\n<meta property=\"og:type\" content=\"article\" \/>\n<meta property=\"og:title\" content=\"Festival de Cannes 2025 : les femmes r\u00e9alisatrices \u00e0 l\u2019honneur cette ann\u00e9e - Bobea\" \/>\n<meta property=\"og:description\" content=\"Le Festival de Cannes 2025, l\u2019un des \u00e9v\u00e9nements cin\u00e9matographiques les plus prestigieux au monde, met cette ann\u00e9e les femmes r\u00e9alisatrices\" \/>\n<meta property=\"og:url\" content=\"https:\/\/bobea.net\/index.php\/2025\/04\/14\/festival-de-cannes-2025-les-femmes-realisatrices-a-lhonneur-cette-annee\/\" \/>\n<meta property=\"og:site_name\" content=\"Bobea\" \/>\n<meta property=\"article:publisher\" content=\"https:\/\/web.facebook.com\/profile.php?id=61559252188416\" \/>\n<meta property=\"article:published_time\" content=\"2025-04-14T14:35:05+00:00\" \/>\n<meta property=\"article:modified_time\" content=\"2025-04-14T14:35:10+00:00\" \/>\n<meta property=\"og:image\" content=\"https:\/\/bobea.net\/wp-content\/uploads\/2025\/04\/000-39tw49c-67f7ea74b9b11106221938.jpg\" \/>\n\t<meta property=\"og:image:width\" content=\"1200\" \/>\n\t<meta property=\"og:image:height\" content=\"900\" \/>\n\t<meta property=\"og:image:type\" content=\"image\/jpeg\" \/>\n<meta name=\"author\" content=\"bobea.info\" \/>\n<meta name=\"twitter:card\" content=\"summary_large_image\" \/>\n<meta name=\"twitter:label1\" content=\"\u00c9crit par\" \/>\n\t<meta name=\"twitter:data1\" content=\"bobea.info\" \/>\n\t<meta name=\"twitter:label2\" content=\"Dur\u00e9e de lecture estim\u00e9e\" \/>\n\t<meta name=\"twitter:data2\" content=\"3 minutes\" \/>\n<script type=\"application\/ld+json\" class=\"yoast-schema-graph\">{\"@context\":\"https:\/\/schema.org\",\"@graph\":[{\"@type\":\"Article\",\"@id\":\"https:\/\/bobea.net\/index.php\/2025\/04\/14\/festival-de-cannes-2025-les-femmes-realisatrices-a-lhonneur-cette-annee\/#article\",\"isPartOf\":{\"@id\":\"https:\/\/bobea.net\/index.php\/2025\/04\/14\/festival-de-cannes-2025-les-femmes-realisatrices-a-lhonneur-cette-annee\/\"},\"author\":{\"name\":\"bobea.info\",\"@id\":\"https:\/\/bobea.net\/#\/schema\/person\/e7f45ef187918d7c956bf619dce90ccf\"},\"headline\":\"Festival de Cannes 2025 : les femmes r\u00e9alisatrices \u00e0 l\u2019honneur cette ann\u00e9e\",\"datePublished\":\"2025-04-14T14:35:05+00:00\",\"dateModified\":\"2025-04-14T14:35:10+00:00\",\"mainEntityOfPage\":{\"@id\":\"https:\/\/bobea.net\/index.php\/2025\/04\/14\/festival-de-cannes-2025-les-femmes-realisatrices-a-lhonneur-cette-annee\/\"},\"wordCount\":520,\"commentCount\":0,\"publisher\":{\"@id\":\"https:\/\/bobea.net\/#organization\"},\"image\":{\"@id\":\"https:\/\/bobea.net\/index.php\/2025\/04\/14\/festival-de-cannes-2025-les-femmes-realisatrices-a-lhonneur-cette-annee\/#primaryimage\"},\"thumbnailUrl\":\"https:\/\/bobea.net\/wp-content\/uploads\/2025\/04\/000-39tw49c-67f7ea74b9b11106221938.jpg\",\"keywords\":[\"\u00e9galit\u00e9 cin\u00e9ma s\u00e9lection officielle\",\"Festival de Cannes 2025 femmes r\u00e9alisatrices\",\"impact diversit\u00e9 industrie cin\u00e9matographique.\"],\"articleSection\":[\"On en Parle\"],\"inLanguage\":\"fr-FR\",\"potentialAction\":[{\"@type\":\"CommentAction\",\"name\":\"Comment\",\"target\":[\"https:\/\/bobea.net\/index.php\/2025\/04\/14\/festival-de-cannes-2025-les-femmes-realisatrices-a-lhonneur-cette-annee\/#respond\"]}]},{\"@type\":\"WebPage\",\"@id\":\"https:\/\/bobea.net\/index.php\/2025\/04\/14\/festival-de-cannes-2025-les-femmes-realisatrices-a-lhonneur-cette-annee\/\",\"url\":\"https:\/\/bobea.net\/index.php\/2025\/04\/14\/festival-de-cannes-2025-les-femmes-realisatrices-a-lhonneur-cette-annee\/\",\"name\":\"Festival de Cannes 2025 : les femmes r\u00e9alisatrices \u00e0 l\u2019honneur cette ann\u00e9e - Bobea\",\"isPartOf\":{\"@id\":\"https:\/\/bobea.net\/#website\"},\"primaryImageOfPage\":{\"@id\":\"https:\/\/bobea.net\/index.php\/2025\/04\/14\/festival-de-cannes-2025-les-femmes-realisatrices-a-lhonneur-cette-annee\/#primaryimage\"},\"image\":{\"@id\":\"https:\/\/bobea.net\/index.php\/2025\/04\/14\/festival-de-cannes-2025-les-femmes-realisatrices-a-lhonneur-cette-annee\/#primaryimage\"},\"thumbnailUrl\":\"https:\/\/bobea.net\/wp-content\/uploads\/2025\/04\/000-39tw49c-67f7ea74b9b11106221938.jpg\",\"datePublished\":\"2025-04-14T14:35:05+00:00\",\"dateModified\":\"2025-04-14T14:35:10+00:00\",\"description\":\"Le Festival de Cannes 2025, l\u2019un des \u00e9v\u00e9nements cin\u00e9matographiques les plus prestigieux au monde, met cette ann\u00e9e les femmes r\u00e9alisatrices\",\"breadcrumb\":{\"@id\":\"https:\/\/bobea.net\/index.php\/2025\/04\/14\/festival-de-cannes-2025-les-femmes-realisatrices-a-lhonneur-cette-annee\/#breadcrumb\"},\"inLanguage\":\"fr-FR\",\"potentialAction\":[{\"@type\":\"ReadAction\",\"target\":[\"https:\/\/bobea.net\/index.php\/2025\/04\/14\/festival-de-cannes-2025-les-femmes-realisatrices-a-lhonneur-cette-annee\/\"]}]},{\"@type\":\"ImageObject\",\"inLanguage\":\"fr-FR\",\"@id\":\"https:\/\/bobea.net\/index.php\/2025\/04\/14\/festival-de-cannes-2025-les-femmes-realisatrices-a-lhonneur-cette-annee\/#primaryimage\",\"url\":\"https:\/\/bobea.net\/wp-content\/uploads\/2025\/04\/000-39tw49c-67f7ea74b9b11106221938.jpg\",\"contentUrl\":\"https:\/\/bobea.net\/wp-content\/uploads\/2025\/04\/000-39tw49c-67f7ea74b9b11106221938.jpg\",\"width\":1200,\"height\":900},{\"@type\":\"BreadcrumbList\",\"@id\":\"https:\/\/bobea.net\/index.php\/2025\/04\/14\/festival-de-cannes-2025-les-femmes-realisatrices-a-lhonneur-cette-annee\/#breadcrumb\",\"itemListElement\":[{\"@type\":\"ListItem\",\"position\":1,\"name\":\"Accueil\",\"item\":\"https:\/\/bobea.net\/\"},{\"@type\":\"ListItem\",\"position\":2,\"name\":\"Festival de Cannes 2025 : les femmes r\u00e9alisatrices \u00e0 l\u2019honneur cette ann\u00e9e\"}]},{\"@type\":\"WebSite\",\"@id\":\"https:\/\/bobea.net\/#website\",\"url\":\"https:\/\/bobea.net\/\",\"name\":\"Bobea\",\"description\":\"Le magazine de la nouvelle \u00c8ve\",\"publisher\":{\"@id\":\"https:\/\/bobea.net\/#organization\"},\"potentialAction\":[{\"@type\":\"SearchAction\",\"target\":{\"@type\":\"EntryPoint\",\"urlTemplate\":\"https:\/\/bobea.net\/?s={search_term_string}\"},\"query-input\":{\"@type\":\"PropertyValueSpecification\",\"valueRequired\":true,\"valueName\":\"search_term_string\"}}],\"inLanguage\":\"fr-FR\"},{\"@type\":\"Organization\",\"@id\":\"https:\/\/bobea.net\/#organization\",\"name\":\"Bobea\",\"url\":\"https:\/\/bobea.net\/\",\"logo\":{\"@type\":\"ImageObject\",\"inLanguage\":\"fr-FR\",\"@id\":\"https:\/\/bobea.net\/#\/schema\/logo\/image\/\",\"url\":\"https:\/\/bobea.net\/wp-content\/uploads\/2024\/06\/bobea.jpg\",\"contentUrl\":\"https:\/\/bobea.net\/wp-content\/uploads\/2024\/06\/bobea.jpg\",\"width\":1080,\"height\":1080,\"caption\":\"Bobea\"},\"image\":{\"@id\":\"https:\/\/bobea.net\/#\/schema\/logo\/image\/\"},\"sameAs\":[\"https:\/\/web.facebook.com\/profile.php?id=61559252188416\"]},{\"@type\":\"Person\",\"@id\":\"https:\/\/bobea.net\/#\/schema\/person\/e7f45ef187918d7c956bf619dce90ccf\",\"name\":\"bobea.info\",\"image\":{\"@type\":\"ImageObject\",\"inLanguage\":\"fr-FR\",\"@id\":\"https:\/\/bobea.net\/#\/schema\/person\/image\/\",\"url\":\"https:\/\/secure.gravatar.com\/avatar\/36147980349df887ae30808df3e29474?s=96&d=mm&r=g\",\"contentUrl\":\"https:\/\/secure.gravatar.com\/avatar\/36147980349df887ae30808df3e29474?s=96&d=mm&r=g\",\"caption\":\"bobea.info\"},\"sameAs\":[\"https:\/\/bobea.net\"],\"url\":\"https:\/\/bobea.net\/index.php\/author\/bobea-info\/\"}]}<\/script>\n<!-- \/ Yoast SEO plugin. -->","yoast_head_json":{"title":"Festival de Cannes 2025 : les femmes r\u00e9alisatrices \u00e0 l\u2019honneur cette ann\u00e9e - Bobea","description":"Le Festival de Cannes 2025, l\u2019un des \u00e9v\u00e9nements cin\u00e9matographiques les plus prestigieux au monde, met cette ann\u00e9e les femmes r\u00e9alisatrices","robots":{"index":"index","follow":"follow","max-snippet":"max-snippet:-1","max-image-preview":"max-image-preview:large","max-video-preview":"max-video-preview:-1"},"canonical":"https:\/\/bobea.net\/index.php\/2025\/04\/14\/festival-de-cannes-2025-les-femmes-realisatrices-a-lhonneur-cette-annee\/","og_locale":"fr_FR","og_type":"article","og_title":"Festival de Cannes 2025 : les femmes r\u00e9alisatrices \u00e0 l\u2019honneur cette ann\u00e9e - Bobea","og_description":"Le Festival de Cannes 2025, l\u2019un des \u00e9v\u00e9nements cin\u00e9matographiques les plus prestigieux au monde, met cette ann\u00e9e les femmes r\u00e9alisatrices","og_url":"https:\/\/bobea.net\/index.php\/2025\/04\/14\/festival-de-cannes-2025-les-femmes-realisatrices-a-lhonneur-cette-annee\/","og_site_name":"Bobea","article_publisher":"https:\/\/web.facebook.com\/profile.php?id=61559252188416","article_published_time":"2025-04-14T14:35:05+00:00","article_modified_time":"2025-04-14T14:35:10+00:00","og_image":[{"width":1200,"height":900,"url":"https:\/\/bobea.net\/wp-content\/uploads\/2025\/04\/000-39tw49c-67f7ea74b9b11106221938.jpg","type":"image\/jpeg"}],"author":"bobea.info","twitter_card":"summary_large_image","twitter_misc":{"\u00c9crit par":"bobea.info","Dur\u00e9e de lecture estim\u00e9e":"3 minutes"},"schema":{"@context":"https:\/\/schema.org","@graph":[{"@type":"Article","@id":"https:\/\/bobea.net\/index.php\/2025\/04\/14\/festival-de-cannes-2025-les-femmes-realisatrices-a-lhonneur-cette-annee\/#article","isPartOf":{"@id":"https:\/\/bobea.net\/index.php\/2025\/04\/14\/festival-de-cannes-2025-les-femmes-realisatrices-a-lhonneur-cette-annee\/"},"author":{"name":"bobea.info","@id":"https:\/\/bobea.net\/#\/schema\/person\/e7f45ef187918d7c956bf619dce90ccf"},"headline":"Festival de Cannes 2025 : les femmes r\u00e9alisatrices \u00e0 l\u2019honneur cette ann\u00e9e","datePublished":"2025-04-14T14:35:05+00:00","dateModified":"2025-04-14T14:35:10+00:00","mainEntityOfPage":{"@id":"https:\/\/bobea.net\/index.php\/2025\/04\/14\/festival-de-cannes-2025-les-femmes-realisatrices-a-lhonneur-cette-annee\/"},"wordCount":520,"commentCount":0,"publisher":{"@id":"https:\/\/bobea.net\/#organization"},"image":{"@id":"https:\/\/bobea.net\/index.php\/2025\/04\/14\/festival-de-cannes-2025-les-femmes-realisatrices-a-lhonneur-cette-annee\/#primaryimage"},"thumbnailUrl":"https:\/\/bobea.net\/wp-content\/uploads\/2025\/04\/000-39tw49c-67f7ea74b9b11106221938.jpg","keywords":["\u00e9galit\u00e9 cin\u00e9ma s\u00e9lection officielle","Festival de Cannes 2025 femmes r\u00e9alisatrices","impact diversit\u00e9 industrie cin\u00e9matographique."],"articleSection":["On en Parle"],"inLanguage":"fr-FR","potentialAction":[{"@type":"CommentAction","name":"Comment","target":["https:\/\/bobea.net\/index.php\/2025\/04\/14\/festival-de-cannes-2025-les-femmes-realisatrices-a-lhonneur-cette-annee\/#respond"]}]},{"@type":"WebPage","@id":"https:\/\/bobea.net\/index.php\/2025\/04\/14\/festival-de-cannes-2025-les-femmes-realisatrices-a-lhonneur-cette-annee\/","url":"https:\/\/bobea.net\/index.php\/2025\/04\/14\/festival-de-cannes-2025-les-femmes-realisatrices-a-lhonneur-cette-annee\/","name":"Festival de Cannes 2025 : les femmes r\u00e9alisatrices \u00e0 l\u2019honneur cette ann\u00e9e - Bobea","isPartOf":{"@id":"https:\/\/bobea.net\/#website"},"primaryImageOfPage":{"@id":"https:\/\/bobea.net\/index.php\/2025\/04\/14\/festival-de-cannes-2025-les-femmes-realisatrices-a-lhonneur-cette-annee\/#primaryimage"},"image":{"@id":"https:\/\/bobea.net\/index.php\/2025\/04\/14\/festival-de-cannes-2025-les-femmes-realisatrices-a-lhonneur-cette-annee\/#primaryimage"},"thumbnailUrl":"https:\/\/bobea.net\/wp-content\/uploads\/2025\/04\/000-39tw49c-67f7ea74b9b11106221938.jpg","datePublished":"2025-04-14T14:35:05+00:00","dateModified":"2025-04-14T14:35:10+00:00","description":"Le Festival de Cannes 2025, l\u2019un des \u00e9v\u00e9nements cin\u00e9matographiques les plus prestigieux au monde, met cette ann\u00e9e les femmes r\u00e9alisatrices","breadcrumb":{"@id":"https:\/\/bobea.net\/index.php\/2025\/04\/14\/festival-de-cannes-2025-les-femmes-realisatrices-a-lhonneur-cette-annee\/#breadcrumb"},"inLanguage":"fr-FR","potentialAction":[{"@type":"ReadAction","target":["https:\/\/bobea.net\/index.php\/2025\/04\/14\/festival-de-cannes-2025-les-femmes-realisatrices-a-lhonneur-cette-annee\/"]}]},{"@type":"ImageObject","inLanguage":"fr-FR","@id":"https:\/\/bobea.net\/index.php\/2025\/04\/14\/festival-de-cannes-2025-les-femmes-realisatrices-a-lhonneur-cette-annee\/#primaryimage","url":"https:\/\/bobea.net\/wp-content\/uploads\/2025\/04\/000-39tw49c-67f7ea74b9b11106221938.jpg","contentUrl":"https:\/\/bobea.net\/wp-content\/uploads\/2025\/04\/000-39tw49c-67f7ea74b9b11106221938.jpg","width":1200,"height":900},{"@type":"BreadcrumbList","@id":"https:\/\/bobea.net\/index.php\/2025\/04\/14\/festival-de-cannes-2025-les-femmes-realisatrices-a-lhonneur-cette-annee\/#breadcrumb","itemListElement":[{"@type":"ListItem","position":1,"name":"Accueil","item":"https:\/\/bobea.net\/"},{"@type":"ListItem","position":2,"name":"Festival de Cannes 2025 : les femmes r\u00e9alisatrices \u00e0 l\u2019honneur cette ann\u00e9e"}]},{"@type":"WebSite","@id":"https:\/\/bobea.net\/#website","url":"https:\/\/bobea.net\/","name":"Bobea","description":"Le magazine de la nouvelle \u00c8ve","publisher":{"@id":"https:\/\/bobea.net\/#organization"},"potentialAction":[{"@type":"SearchAction","target":{"@type":"EntryPoint","urlTemplate":"https:\/\/bobea.net\/?s={search_term_string}"},"query-input":{"@type":"PropertyValueSpecification","valueRequired":true,"valueName":"search_term_string"}}],"inLanguage":"fr-FR"},{"@type":"Organization","@id":"https:\/\/bobea.net\/#organization","name":"Bobea","url":"https:\/\/bobea.net\/","logo":{"@type":"ImageObject","inLanguage":"fr-FR","@id":"https:\/\/bobea.net\/#\/schema\/logo\/image\/","url":"https:\/\/bobea.net\/wp-content\/uploads\/2024\/06\/bobea.jpg","contentUrl":"https:\/\/bobea.net\/wp-content\/uploads\/2024\/06\/bobea.jpg","width":1080,"height":1080,"caption":"Bobea"},"image":{"@id":"https:\/\/bobea.net\/#\/schema\/logo\/image\/"},"sameAs":["https:\/\/web.facebook.com\/profile.php?id=61559252188416"]},{"@type":"Person","@id":"https:\/\/bobea.net\/#\/schema\/person\/e7f45ef187918d7c956bf619dce90ccf","name":"bobea.info","image":{"@type":"ImageObject","inLanguage":"fr-FR","@id":"https:\/\/bobea.net\/#\/schema\/person\/image\/","url":"https:\/\/secure.gravatar.com\/avatar\/36147980349df887ae30808df3e29474?s=96&d=mm&r=g","contentUrl":"https:\/\/secure.gravatar.com\/avatar\/36147980349df887ae30808df3e29474?s=96&d=mm&r=g","caption":"bobea.info"},"sameAs":["https:\/\/bobea.net"],"url":"https:\/\/bobea.net\/index.php\/author\/bobea-info\/"}]}},"_links":{"self":[{"href":"https:\/\/bobea.net\/index.php\/wp-json\/wp\/v2\/posts\/14208"}],"collection":[{"href":"https:\/\/bobea.net\/index.php\/wp-json\/wp\/v2\/posts"}],"about":[{"href":"https:\/\/bobea.net\/index.php\/wp-json\/wp\/v2\/types\/post"}],"author":[{"embeddable":true,"href":"https:\/\/bobea.net\/index.php\/wp-json\/wp\/v2\/users\/1"}],"replies":[{"embeddable":true,"href":"https:\/\/bobea.net\/index.php\/wp-json\/wp\/v2\/comments?post=14208"}],"version-history":[{"count":1,"href":"https:\/\/bobea.net\/index.php\/wp-json\/wp\/v2\/posts\/14208\/revisions"}],"predecessor-version":[{"id":14213,"href":"https:\/\/bobea.net\/index.php\/wp-json\/wp\/v2\/posts\/14208\/revisions\/14213"}],"wp:featuredmedia":[{"embeddable":true,"href":"https:\/\/bobea.net\/index.php\/wp-json\/wp\/v2\/media\/14211"}],"wp:attachment":[{"href":"https:\/\/bobea.net\/index.php\/wp-json\/wp\/v2\/media?parent=14208"}],"wp:term":[{"taxonomy":"category","embeddable":true,"href":"https:\/\/bobea.net\/index.php\/wp-json\/wp\/v2\/categories?post=14208"},{"taxonomy":"post_tag","embeddable":true,"href":"https:\/\/bobea.net\/index.php\/wp-json\/wp\/v2\/tags?post=14208"}],"curies":[{"name":"wp","href":"https:\/\/api.w.org\/{rel}","templated":true}]}}