{"id":12906,"date":"2025-03-27T16:25:46","date_gmt":"2025-03-27T16:25:46","guid":{"rendered":"https:\/\/bobea.net\/?p=12906"},"modified":"2025-03-27T16:25:48","modified_gmt":"2025-03-27T16:25:48","slug":"dossier-bobea-gloria-winnie-mandela-militante-epouse-de-mandela-et-heroine-de-la-liberation-de-lafrique-du-sud","status":"publish","type":"post","link":"https:\/\/bobea.net\/index.php\/2025\/03\/27\/dossier-bobea-gloria-winnie-mandela-militante-epouse-de-mandela-et-heroine-de-la-liberation-de-lafrique-du-sud\/","title":{"rendered":"DOSSIER BOBEA GLORIA \u2014 &nbsp;Winnie Mandela&nbsp;: militante &nbsp;, \u00e9pouse de Mandela et h\u00e9ro\u00efne de la lib\u00e9ration de l\u2019Afrique du sud."},"content":{"rendered":"\n<p>I. Intro\u00adduc\u00adtion<\/p>\n\n\n\n<p>Win\u00adnie Madik\u00adizela-Man\u00addela, n\u00e9e Nomzamo Winifred Zanyi\u00adwe Madik\u00adizela le 26 sep\u00adtem\u00adbre 1936 et d\u00e9c\u00e9d\u00e9e le 2 avril 2018, demeure l\u2019une des fig\u00adures les plus embl\u00e9\u00adma\u00adtiques et con\u00adtro\u00adver\u00ads\u00e9es de la lutte con\u00adtre l\u2019a\u00adpartheid en Afrique du Sud. Surnom\u00adm\u00e9e \u201cla m\u00e8re de la nation\u201d, elle a incar\u00adn\u00e9 pen\u00addant des d\u00e9cen\u00adnies la r\u00e9sis\u00adtance acharn\u00e9e face au r\u00e9gime raciste, devenant un sym\u00adbole de courage et de d\u00e9ter\u00admi\u00adna\u00adtion pour des mil\u00adlions de Sud-Africains opprim\u00e9s.<\/p>\n\n\n\n<p>\u00c9pouse de Nel\u00adson Man\u00addela pen\u00addant 38 ans, dont 27 ann\u00e9es de s\u00e9pa\u00adra\u00adtion for\u00adc\u00e9e due \u00e0 l\u2019emprisonnement de ce dernier, Win\u00adnie a port\u00e9 le flam\u00adbeau de la lutte anti-apartheid alors que les prin\u00adci\u00adpaux lead\u00aders de l\u2019ANC \u00e9taient empris\u00adon\u00adn\u00e9s ou exil\u00e9s. Son par\u00adcours tumultueux, mar\u00adqu\u00e9 par l\u2019ac\u00adtivisme poli\u00adtique, la per\u00ads\u00e9\u00adcu\u00adtion, l\u2019emprisonnement et les scan\u00addales, refl\u00e8te les d\u00e9fis et les con\u00adtra\u00addic\u00adtions de l\u2019Afrique du Sud durant cette p\u00e9ri\u00adode trou\u00adbl\u00e9e.<\/p>\n\n\n\n<figure class=\"wp-block-image size-full\"><img loading=\"lazy\" decoding=\"async\" width=\"976\" height=\"549\" src=\"https:\/\/bobea.net\/wp-content\/uploads\/2025\/03\/100673606_winnieglasses.jpg\" alt class=\"wp-image-12916\" srcset=\"https:\/\/bobea.net\/wp-content\/uploads\/2025\/03\/100673606_winnieglasses.jpg 976w, https:\/\/bobea.net\/wp-content\/uploads\/2025\/03\/100673606_winnieglasses-300x169.jpg 300w, https:\/\/bobea.net\/wp-content\/uploads\/2025\/03\/100673606_winnieglasses-768x432.jpg 768w\" sizes=\"(max-width: 976px) 100vw, 976px\"><\/figure>\n\n\n\n<p>Fig\u00adure \u00e0 la fois adul\u00e9e et cri\u00adtiqu\u00e9e, Win\u00adnie Man\u00addela incar\u00adne la com\u00adplex\u00adit\u00e9 de l\u2019his\u00adtoire sud-africaine. Son engage\u00adment sans faille con\u00adtre l\u2019in\u00adjus\u00adtice raciale et sa r\u00e9silience face \u00e0 la r\u00e9pres\u00adsion en ont fait une h\u00e9ro\u00efne pour beau\u00adcoup. Cepen\u00addant, ses m\u00e9th\u00adodes par\u00adfois con\u00adtro\u00adver\u00ads\u00e9es et les scan\u00addales qui ont entach\u00e9 sa r\u00e9pu\u00adta\u00adtion ont \u00e9gale\u00adment sus\u00adcit\u00e9 des cri\u00adtiques vir\u00adu\u00adlentes.<\/p>\n\n\n\n<p>Ce dossier se pro\u00adpose d\u2019ex\u00adplor\u00ader le par\u00adcours extra\u00ador\u00addi\u00adnaire de cette femme qui a con\u00adsacr\u00e9 sa vie \u00e0 la lutte pour la lib\u00adert\u00e9, exam\u00adi\u00adnant son r\u00f4le cru\u00adcial dans le com\u00adbat con\u00adtre l\u2019a\u00adpartheid, son influ\u00adence sur la poli\u00adtique sud-africaine, et l\u2019h\u00e9ritage com\u00adplexe qu\u2019elle laisse der\u00adri\u00e8re elle. \u00c0 tra\u00advers l\u2019his\u00adtoire de Win\u00adnie Man\u00addela, c\u2019est aus\u00adsi l\u2019his\u00adtoire tumultueuse de l\u2019Afrique du Sud et de sa dif\u00adfi\u00adcile tran\u00adsi\u00adtion vers la d\u00e9moc\u00adra\u00adtie qui se des\u00adsine..<\/p>\n\n\n\n<p>II. Les pre\u00admi\u00e8res ann\u00e9es et l\u2019\u00e9veil poli\u00adtique<\/p>\n\n\n\n<p><strong>A. Nais\u00adsance et orig\u00adines<\/strong><\/p>\n\n\n\n<p>Win\u00adnie Madik\u00adizela est n\u00e9e dans le vil\u00adlage de Mbong\u00adweni, pr\u00e8s de Bizana, dans la province du Cap-Ori\u00aden\u00adtal, en Afrique du Sud. Elle est la qua\u00adtri\u00e8me de huit enfants dans une famille mod\u00adeste. Son p\u00e8re, Colum\u00adbus Madik\u00adizela, \u00e9tait un insti\u00adtu\u00adteur et sa m\u00e8re, Gertrude Madik\u00adizela, une femme au foy\u00ader. L\u2019en\u00adfance de Win\u00adnie est mar\u00adqu\u00e9e par la pau\u00advret\u00e9 et les dif\u00adfi\u00adcult\u00e9s, mais aus\u00adsi par une \u00e9du\u00adca\u00adtion solide et une forte \u00e9thique de tra\u00advail.<\/p>\n\n\n\n<p><strong>B. \u00c9du\u00adca\u00adtion et for\u00adma\u00adtion<\/strong><\/p>\n\n\n\n<p>Win\u00adnie a re\u00e7u une \u00e9du\u00adca\u00adtion catholique \u00e0 l\u2019\u00e9\u00adcole pri\u00admaire de Bizana. Elle a ensuite pour\u00adsuivi ses \u00e9tudes sec\u00adondaires au Jan Hofmeyr School of Social Work \u00e0 Johan\u00adnes\u00adbourg, o\u00f9 elle a obtenu un dipl\u00f4me en tra\u00advail social. C\u2019est \u00e0 cette p\u00e9ri\u00adode qu\u2019elle a com\u00admenc\u00e9 \u00e0 s\u2019in\u00adt\u00e9ress\u00ader aux ques\u00adtions sociales et poli\u00adtiques, influ\u00adenc\u00e9e par les con\u00addi\u00adtions dif\u00adfi\u00adciles v\u00e9cues par les Noirs sous l\u2019a\u00adpartheid.<\/p>\n\n\n\n<p><strong>C. Ren\u00adcon\u00adtre avec Nel\u00adson Man\u00addela<\/strong><\/p>\n\n\n\n<p>En 1957, Win\u00adnie ren\u00adcon\u00adtre Nel\u00adson Man\u00addela, alors avo\u00adcat et mil\u00adi\u00adtant anti-apartheid, lors d\u2019une r\u00e9u\u00adnion sociale \u00e0 Johan\u00adnes\u00adbourg. Ils se mari\u00adent en 1958, et leur union devient rapi\u00adde\u00adment un sym\u00adbole de la lutte con\u00adtre l\u2019a\u00adpartheid. Nel\u00adson Man\u00addela est arr\u00eat\u00e9 en 1962 et con\u00addamn\u00e9 \u00e0 la prison \u00e0 vie, lais\u00adsant Win\u00adnie seule pour \u00e9lever leurs deux filles, Zenani et Zindzi.<\/p>\n\n\n\n<figure class=\"wp-block-image size-full\"><img loading=\"lazy\" decoding=\"async\" width=\"980\" height=\"551\" src=\"https:\/\/bobea.net\/wp-content\/uploads\/2025\/03\/MANDELA3X432-1.jpg\" alt class=\"wp-image-12912\" srcset=\"https:\/\/bobea.net\/wp-content\/uploads\/2025\/03\/MANDELA3X432-1.jpg 980w, https:\/\/bobea.net\/wp-content\/uploads\/2025\/03\/MANDELA3X432-1-300x169.jpg 300w, https:\/\/bobea.net\/wp-content\/uploads\/2025\/03\/MANDELA3X432-1-768x432.jpg 768w\" sizes=\"(max-width: 980px) 100vw, 980px\"><\/figure>\n\n\n\n<p>III. Le com\u00adbat con\u00adtre l\u2019a\u00adpartheid<\/p>\n\n\n\n<p><strong>A. Mil\u00adi\u00adtan\u00adtisme au sein de l\u2019ANC<\/strong><\/p>\n\n\n\n<p>Win\u00adnie devient rapi\u00adde\u00adment une fig\u00adure cen\u00adtrale dans la lutte anti-apartheid, util\u00adisant sa posi\u00adtion pour sen\u00adsi\u00adbilis\u00ader l\u2019opin\u00adion publique aux injus\u00adtices subies par les Noirs sud-africains. Elle s\u2019en\u00adgage active\u00adment dans le Con\u00adgr\u00e8s Nation\u00adal Africain (ANC), l\u2019une des prin\u00adci\u00adpales organ\u00adi\u00adsa\u00adtions de lutte con\u00adtre l\u2019a\u00adpartheid.<\/p>\n\n\n\n<p><strong>B. Les ann\u00e9es de ban\u00adnisse\u00adment et d\u2019emprisonnement<\/strong><\/p>\n\n\n\n<p>En 1969, Win\u00adnie est arr\u00eat\u00e9e et empris\u00adon\u00adn\u00e9e pen\u00addant 491 jours pour ses activ\u00adit\u00e9s poli\u00adtiques. Elle est ensuite plac\u00e9e sous arresta\u00adtion domi\u00adcil\u00adi\u00adaire \u00e0 Brand\u00adfort, une petite ville rurale \u00e9loign\u00e9e de Johan\u00adnes\u00adbourg, o\u00f9 elle est soumise \u00e0 une sur\u00adveil\u00adlance con\u00adstante et \u00e0 des restric\u00adtions s\u00e9v\u00e8res.<\/p>\n\n\n\n<p><strong>C. Le r\u00f4le de porte-parole de Nel\u00adson Man\u00addela<\/strong><\/p>\n\n\n\n<p>Pen\u00addant les longues ann\u00e9es d\u2019emprisonnement de Nel\u00adson Man\u00addela, Win\u00adnie devient son porte-parole inter\u00adna\u00adtion\u00adal, d\u00e9fen\u00addant sa cause et celle de l\u2019ANC. Elle voy\u00adage \u00e0 tra\u00advers le monde pour sen\u00adsi\u00adbilis\u00ader les gou\u00adverne\u00adments et les organ\u00adi\u00adsa\u00adtions inter\u00adna\u00adtionales aux injus\u00adtices de l\u2019a\u00adpartheid.<\/p>\n\n\n\n<p><strong>Mil\u00adi\u00adtan\u00adtisme au sein de l\u2019ANC<\/strong><\/p>\n\n\n\n<p>Win\u00adnie Man\u00addela devient rapi\u00adde\u00adment une fig\u00adure cen\u00adtrale de la lutte anti-apartheid au sein du Con\u00adgr\u00e8s Nation\u00adal Africain (ANC). En 1958, elle par\u00adticipe \u00e0 une protes\u00adta\u00adtion de femmes con\u00adtre les passe\u00adports impos\u00e9s aux Noirs, ce qui lui vaut d\u2019\u00eatre arr\u00eat\u00e9e et empris\u00adon\u00adn\u00e9e mal\u00adgr\u00e9 sa grossesse<a href=\"https:\/\/lisapoyakama.org\/nomzamo-winnie-mandela-la-femme-le-sacrifice-et-le-combat-2\/\" target=\"_blank\" rel=\"noreferrer noopener\">1<\/a>.&nbsp;Son engage\u00adment ne faib\u00adlit pas mal\u00adgr\u00e9 la r\u00e9pres\u00adsion.<\/p>\n\n\n\n<p><strong>Les ann\u00e9es de ban\u00adnisse\u00adment et d\u2019emprisonnement<\/strong><\/p>\n\n\n\n<p>En 1969, Win\u00adnie est arr\u00eat\u00e9e et empris\u00adon\u00adn\u00e9e pen\u00addant 491 jours pour ses activ\u00adit\u00e9s poli\u00adtiques<a href=\"https:\/\/lisapoyakama.org\/nomzamo-winnie-mandela-la-femme-le-sacrifice-et-le-combat-2\/\" target=\"_blank\" rel=\"noreferrer noopener\">1<\/a>.&nbsp;Par la suite, elle est assign\u00e9e \u00e0 r\u00e9si\u00addence \u00e0 Brand\u00adfort, loin de Johan\u00adnes\u00adburg, o\u00f9 elle subit une sur\u00adveil\u00adlance con\u00adstante et des restric\u00adtions s\u00e9v\u00e8res. Mal\u00adgr\u00e9 ces \u00e9preuves, elle pour\u00adsuit son com\u00adbat, organ\u00adisant l\u2019as\u00adsis\u00adtance aux pris\u00adon\u00adniers poli\u00adtiques.<\/p>\n\n\n\n<figure class=\"wp-block-image size-full\"><img loading=\"lazy\" decoding=\"async\" width=\"853\" height=\"480\" src=\"https:\/\/bobea.net\/wp-content\/uploads\/2025\/03\/e22f191_1649182560867-2ftmp-2fd5bb4f44-83ab-47e5-937c-4d0e6504455a-1.jpg\" alt class=\"wp-image-12911\" srcset=\"https:\/\/bobea.net\/wp-content\/uploads\/2025\/03\/e22f191_1649182560867-2ftmp-2fd5bb4f44-83ab-47e5-937c-4d0e6504455a-1.jpg 853w, https:\/\/bobea.net\/wp-content\/uploads\/2025\/03\/e22f191_1649182560867-2ftmp-2fd5bb4f44-83ab-47e5-937c-4d0e6504455a-1-300x169.jpg 300w, https:\/\/bobea.net\/wp-content\/uploads\/2025\/03\/e22f191_1649182560867-2ftmp-2fd5bb4f44-83ab-47e5-937c-4d0e6504455a-1-768x432.jpg 768w\" sizes=\"(max-width: 853px) 100vw, 853px\"><\/figure>\n\n\n\n<p><strong>Le r\u00f4le de porte-parole de Nel\u00adson Man\u00addela<\/strong><\/p>\n\n\n\n<p>Pen\u00addant l\u2019emprisonnement de Nel\u00adson Man\u00addela, Win\u00adnie devient son porte-parole et le vis\u00adage pub\u00adlic de la lutte anti-apartheid.&nbsp;Elle appelle les lyc\u00e9ens de Sowe\u00adto \u00e0 \u201cse bat\u00adtre jusqu\u2019au bout\u201d en 1976<a href=\"https:\/\/www.bbc.com\/afrique\/region-43627078\" target=\"_blank\" rel=\"noreferrer noopener\">2<\/a>, incar\u00adnant la r\u00e9sis\u00adtance acharn\u00e9e face au r\u00e9gime raciste. Son dis\u00adcours se rad\u00adi\u00adcalise, appelant \u00e0 des actions plus vio\u00adlentes con\u00adtre l\u2019op\u00adpresseur.<\/p>\n\n\n\n<p><strong>La M\u00e8re de la Nation<\/strong><\/p>\n\n\n\n<p>Win\u00adnie gagne le surnom de \u201cM\u00e8re de la Nation\u201d pour son r\u00f4le cen\u00adtral dans le com\u00adbat sur le ter\u00adrain, alors que le lead\u00ader\u00adship de l\u2019ANC est en exil ou en prison.&nbsp;Elle fonde le Man\u00addela Foot\u00adball Club, qui se livre \u00e0 des activ\u00adit\u00e9s de sur\u00adveil\u00adlance et par\u00adfois de r\u00e9pres\u00adsion vio\u00adlente.<\/p>\n\n\n\n<p><strong>Con\u00adtro\u00adver\u00ads\u00ades et accu\u00adsa\u00adtions<\/strong><\/p>\n\n\n\n<p>La fin des ann\u00e9es 1980 est mar\u00adqu\u00e9e par des con\u00adtro\u00adver\u00ads\u00ades. Win\u00adnie est accus\u00e9e de com\u00adplic\u00adit\u00e9 dans l\u2019en\u00adl\u00e8ve\u00adment et le meurtre de Stom\u00adpie Seipei, un jeune mil\u00adi\u00adtant de 14 ans.&nbsp;Bien que d\u00e9clar\u00e9e non coupable de meurtre, ces accu\u00adsa\u00adtions entachent sa r\u00e9pu\u00adta\u00adtion.<\/p>\n\n\n\n<p><strong>La p\u00e9ri\u00adode de tran\u00adsi\u00adtion (1990\u20131994)<\/strong><\/p>\n\n\n\n<p>Lors de la lib\u00e9ra\u00adtion de Nel\u00adson Man\u00addela en 1990, l\u2019im\u00adage du cou\u00adple marchant main dans la main fait le tour du monde.&nbsp;Cepen\u00addant, des d\u00e9sac\u00adcords \u00e9mer\u00adgent entre eux sur la strat\u00e9gie \u00e0 adopter pour la tran\u00adsi\u00adtion.&nbsp;Win\u00adnie s\u2019op\u00adpose \u00e0 cer\u00adtaines con\u00adces\u00adsions faites par l\u2019ANC, esti\u00admant qu\u2019elles con\u00adduiraient \u00e0 une \u201cliq\u00adui\u00adda\u00adtion\u201d des Noirs.<\/p>\n\n\n\n<p>Mal\u00adgr\u00e9 ces dif\u00adf\u00e9rends, Nel\u00adson Man\u00addela la nomme min\u00adistre dans son pre\u00admier gou\u00adverne\u00adment en 1994.&nbsp;Cepen\u00addant, elle est ren\u00advoy\u00e9e 11 mois plus tard pour insub\u00ador\u00addi\u00adna\u00adtion.<\/p>\n\n\n\n<p>En con\u00adclu\u00adsion, le par\u00adcours de Win\u00adnie Man\u00addela dans la lutte anti-apartheid est mar\u00adqu\u00e9 par un engage\u00adment sans faille, une rad\u00adi\u00adcal\u00adi\u00adsa\u00adtion pro\u00adgres\u00adsive de son dis\u00adcours et des actions, et des con\u00adtro\u00adver\u00ads\u00ades qui ont con\u00adtribu\u00e9 \u00e0 faire d\u2019elle une fig\u00adure \u00e0 la fois embl\u00e9\u00adma\u00adtique et con\u00adtro\u00adver\u00ads\u00e9e de l\u2019his\u00adtoire sud-africaine.<\/p>\n\n\n\n<p>IV. La con\u00adtro\u00adverse par\u00adfois<\/p>\n\n\n\n<p><strong>A. Le Man\u00addela Unit\u00aded Foot\u00adball Club<\/strong><\/p>\n\n\n\n<p>En 1986, Win\u00adnie Man\u00addela cr\u00e9e le Man\u00addela Unit\u00aded Foot\u00adball Club (MUFC), offi\u00adcielle\u00adment une \u00e9quipe de foot\u00adball pour les jeunes de Sowe\u00adto. Cepen\u00addant, le MUFC devient par\u00adfois con\u00adtro\u00adver\u00ads\u00e9 :<\/p>\n\n\n\n<ol start=\"1\" class=\"wp-block-list\">\n<li>Accu\u00adsa\u00adtions de vio\u00adlence : Le MUFC est accus\u00e9 d\u2019a\u00adgir comme une mil\u00adice priv\u00e9e, intim\u00adi\u00addant et agres\u00adsant les opposants pr\u00e9\u00adsum\u00e9s de Win\u00adnie.<\/li>\n\n\n\n<li>R\u00e8gne de la ter\u00adreur : Cer\u00adtains r\u00e9si\u00addents de Sowe\u00adto d\u00e9crivent le MUFC comme instau\u00adrant un \u201cr\u00e8gne de la ter\u00adreur\u201d dans le town\u00adship.<\/li>\n\n\n\n<li>Enqu\u00eates : Plusieurs enqu\u00eates sont ouvertes sur les activ\u00adit\u00e9s du club, met\u00adtant en lumi\u00e8re des all\u00e9\u00adga\u00adtions de kid\u00adnap\u00adping et de tor\u00adture.<\/li>\n<\/ol>\n\n\n\n<figure class=\"wp-block-image size-large\"><img loading=\"lazy\" decoding=\"async\" width=\"1024\" height=\"576\" src=\"https:\/\/bobea.net\/wp-content\/uploads\/2025\/03\/winnie-mandela-m-1024x576.jpeg\" alt class=\"wp-image-12913\" srcset=\"https:\/\/bobea.net\/wp-content\/uploads\/2025\/03\/winnie-mandela-m-1024x576.jpeg 1024w, https:\/\/bobea.net\/wp-content\/uploads\/2025\/03\/winnie-mandela-m-300x169.jpeg 300w, https:\/\/bobea.net\/wp-content\/uploads\/2025\/03\/winnie-mandela-m-768x432.jpeg 768w, https:\/\/bobea.net\/wp-content\/uploads\/2025\/03\/winnie-mandela-m.jpeg 1280w\" sizes=\"(max-width: 1024px) 100vw, 1024px\"><\/figure>\n\n\n\n<p><strong>B. L\u2019af\u00adfaire Stom\u00adpie Seipei<\/strong><\/p>\n\n\n\n<p>L\u2019in\u00adci\u00addent le plus notoire impli\u00adquant le MUFC est l\u2019af\u00adfaire Stom\u00adpie Seipei en 1989 :<\/p>\n\n\n\n<ol start=\"1\" class=\"wp-block-list\">\n<li>Enl\u00e8ve\u00adment : Stom\u00adpie Seipei, un activiste de 14 ans, est enlev\u00e9 avec trois autres jeunes hommes par des mem\u00adbres du MUFC.<\/li>\n\n\n\n<li>Accu\u00adsa\u00adtions : Win\u00adnie est accus\u00e9e d\u2019avoir ordon\u00adn\u00e9 et par\u00adticip\u00e9 au pas\u00adsage \u00e0 tabac des jeunes hommes.<\/li>\n\n\n\n<li>Meurtre : Stom\u00adpie est retrou\u00adv\u00e9 mort, le cou tranch\u00e9, quelques jours apr\u00e8s l\u2019en\u00adl\u00e8ve\u00adment.<\/li>\n\n\n\n<li>Proc\u00e8s : En 1991, Win\u00adnie est recon\u00adnue coupable d\u2019en\u00adl\u00e8ve\u00adment et com\u00adplic\u00adit\u00e9 d\u2019a\u00adgres\u00adsion, mais sa peine de prison est com\u00admu\u00e9e en amende.<\/li>\n<\/ol>\n\n\n\n<p><strong>C. Les accu\u00adsa\u00adtions de cor\u00adrup\u00adtion<\/strong><\/p>\n\n\n\n<p>Dans les ann\u00e9es post-apartheid, Win\u00adnie fait face \u00e0 plusieurs accu\u00adsa\u00adtions de cor\u00adrup\u00adtion :<\/p>\n\n\n\n<ol start=\"1\" class=\"wp-block-list\">\n<li>Pr\u00eats fraud\u00aduleux : En 2003, elle est recon\u00adnue coupable de fraude li\u00e9e \u00e0 des pr\u00eats obtenus pour des mem\u00adbres de l\u2019ANC Wom\u00aden\u2019s League.<\/li>\n\n\n\n<li>Con\u00addamna\u00adtion : Elle est con\u00addamn\u00e9e \u00e0 cinq ans de prison, mais la peine est ensuite r\u00e9duite en appel.<\/li>\n\n\n\n<li>D\u00e9mis\u00adsions : Ces scan\u00addales la for\u00adcent \u00e0 d\u00e9mis\u00adsion\u00adner de plusieurs postes au sein de l\u2019ANC.<\/li>\n<\/ol>\n\n\n\n<p>V. L\u2019h\u00e9ritage com\u00adplexe de Win\u00adnie Man\u00addela<\/p>\n\n\n\n<p><strong>A. Son impact sur la lutte anti-apartheid<\/strong><\/p>\n\n\n\n<ol start=\"1\" class=\"wp-block-list\">\n<li>Sym\u00adbole de r\u00e9sis\u00adtance : Win\u00adnie a incar\u00adn\u00e9 la r\u00e9sis\u00adtance con\u00adtre l\u2019a\u00adpartheid pen\u00addant les ann\u00e9es d\u2019emprisonnement de Nel\u00adson Man\u00addela.<\/li>\n\n\n\n<li>Mobil\u00adi\u00adsa\u00adtion : Elle a jou\u00e9 un r\u00f4le cru\u00adcial dans la mobil\u00adi\u00adsa\u00adtion pop\u00adu\u00adlaire con\u00adtre le r\u00e9gime.<\/li>\n\n\n\n<li>Voix inter\u00adna\u00adtionale : Son activisme a con\u00adtribu\u00e9 \u00e0 main\u00adtenir l\u2019at\u00adten\u00adtion inter\u00adna\u00adtionale sur la sit\u00adu\u00ada\u00adtion en Afrique du Sud.<\/li>\n<\/ol>\n\n\n\n<p><strong>B. Son r\u00f4le dans l\u2019Afrique du Sud post-apartheid<\/strong><\/p>\n\n\n\n<ol start=\"1\" class=\"wp-block-list\">\n<li>Tran\u00adsi\u00adtion dif\u00adfi\u00adcile : Win\u00adnie a eu du mal \u00e0 s\u2019adapter \u00e0 la nou\u00advelle r\u00e9al\u00adit\u00e9 poli\u00adtique apr\u00e8s 1994.<\/li>\n\n\n\n<li>Cri\u00adtique du com\u00adpro\u00admis : Elle a sou\u00advent cri\u00adtiqu\u00e9 ce qu\u2019elle perce\u00advait comme des com\u00adpro\u00admis exces\u00adsifs de l\u2019ANC.<\/li>\n\n\n\n<li>Pop\u00adu\u00adlar\u00adit\u00e9 per\u00adsis\u00adtante : Mal\u00adgr\u00e9 les con\u00adtro\u00adver\u00ads\u00ades, elle est rest\u00e9e pop\u00adu\u00adlaire aupr\u00e8s de nom\u00adbreux Sud-Africains d\u00e9fa\u00advoris\u00e9s.<\/li>\n<\/ol>\n\n\n\n<figure class=\"wp-block-image size-large\"><img loading=\"lazy\" decoding=\"async\" width=\"1024\" height=\"512\" src=\"https:\/\/bobea.net\/wp-content\/uploads\/2025\/03\/winnie-mandela-militante-anti-apartheid-et-ex-femme-de-nelson-mandela-est-decedee-1-1024x512.jpg\" alt class=\"wp-image-12914\" srcset=\"https:\/\/bobea.net\/wp-content\/uploads\/2025\/03\/winnie-mandela-militante-anti-apartheid-et-ex-femme-de-nelson-mandela-est-decedee-1-1024x512.jpg 1024w, https:\/\/bobea.net\/wp-content\/uploads\/2025\/03\/winnie-mandela-militante-anti-apartheid-et-ex-femme-de-nelson-mandela-est-decedee-1-300x150.jpg 300w, https:\/\/bobea.net\/wp-content\/uploads\/2025\/03\/winnie-mandela-militante-anti-apartheid-et-ex-femme-de-nelson-mandela-est-decedee-1-768x384.jpg 768w, https:\/\/bobea.net\/wp-content\/uploads\/2025\/03\/winnie-mandela-militante-anti-apartheid-et-ex-femme-de-nelson-mandela-est-decedee-1-1536x768.jpg 1536w, https:\/\/bobea.net\/wp-content\/uploads\/2025\/03\/winnie-mandela-militante-anti-apartheid-et-ex-femme-de-nelson-mandela-est-decedee-1.jpg 2000w\" sizes=\"(max-width: 1024px) 100vw, 1024px\"><\/figure>\n\n\n\n<p><strong>C. Les cri\u00adtiques et les con\u00adtro\u00adver\u00ads\u00ades per\u00adsis\u00adtantes<\/strong><\/p>\n\n\n\n<ol start=\"1\" class=\"wp-block-list\">\n<li>D\u00e9bat sur les m\u00e9th\u00adodes : Ses m\u00e9th\u00adodes vio\u00adlentes pen\u00addant la lutte restent un sujet de d\u00e9bat.<\/li>\n\n\n\n<li>Ques\u00adtion de l\u2019h\u00e9ritage : Son r\u00f4le dans l\u2019his\u00adtoire sud-africaine con\u00adtin\u00adue de divis\u00ader l\u2019opin\u00adion publique.<\/li>\n\n\n\n<li>Com\u00adplex\u00adit\u00e9 du per\u00adson\u00adnage : Win\u00adnie incar\u00adne la com\u00adplex\u00adit\u00e9 de la tran\u00adsi\u00adtion sud-africaine, entre h\u00e9ro\u00efsme et con\u00adtro\u00adver\u00ads\u00ades.<\/li>\n<\/ol>\n\n\n\n<p>Win\u00adnie Madik\u00adizela-Man\u00addela incar\u00adne l\u2019h\u00e9ro\u00efsme et la d\u00e9ter\u00admi\u00adna\u00adtion dans la lutte con\u00adtre l\u2019a\u00adpartheid en Afrique du Sud. Surnom\u00adm\u00e9e \u201cM\u00e8re de la Nation\u201d, elle a jou\u00e9 un r\u00f4le cru\u00adcial dans le com\u00adbat pour la lib\u00e9ra\u00adtion, par\u00adti\u00adc\u00aduli\u00e8re\u00adment pen\u00addant les 27 ann\u00e9es d\u2019emprisonnement de Nel\u00adson Man\u00addela.<\/p>\n\n\n\n<p>Son courage excep\u00adtion\u00adnel s\u2019est man\u00adi\u00adfest\u00e9 \u00e0 tra\u00advers :<\/p>\n\n\n\n<ol start=\"1\" class=\"wp-block-list\">\n<li>Sa r\u00e9sis\u00adtance face \u00e0 la r\u00e9pres\u00adsion : Mal\u00adgr\u00e9 le har\u00adc\u00e8le\u00adment con\u00adstant, les arresta\u00adtions et le ban\u00adnisse\u00adment, Win\u00adnie a pour\u00adsuivi son mil\u00adi\u00adtan\u00adtisme<a href=\"https:\/\/lisapoyakama.org\/nomzamo-winnie-mandela-la-femme-le-sacrifice-et-le-combat-2\/\" target=\"_blank\" rel=\"noreferrer noopener\">1<\/a>.<\/li>\n\n\n\n<li>Son r\u00f4le de porte-parole : Elle est dev\u00adenue le vis\u00adage pub\u00adlic de la lutte anti-apartheid, main\u00adtenant la pres\u00adsion sur le r\u00e9gime<a href=\"https:\/\/www.bbc.com\/afrique\/region-43627078\" target=\"_blank\" rel=\"noreferrer noopener\">3<\/a>.<\/li>\n\n\n\n<li>Sa mobil\u00adi\u00adsa\u00adtion des mass\u00ades : En 1976, elle a gal\u00advanis\u00e9 les lyc\u00e9ens de Sowe\u00adto, les appelant \u00e0 \u201cse bat\u00adtre jusqu\u2019au bout\u201c<a href=\"https:\/\/www.bbc.com\/afrique\/region-43627078\" target=\"_blank\" rel=\"noreferrer noopener\">3<\/a>.<\/li>\n\n\n\n<li>Son engage\u00adment sur le ter\u00adrain : Alors que les lead\u00aders de l\u2019ANC \u00e9taient en exil ou empris\u00adon\u00adn\u00e9s, Win\u00adnie \u00e9tait au c\u0153ur de l\u2019ac\u00adtion, organ\u00adisant l\u2019as\u00adsis\u00adtance aux pris\u00adon\u00adniers poli\u00adtiques<a href=\"https:\/\/lisapoyakama.org\/nomzamo-winnie-mandela-la-femme-le-sacrifice-et-le-combat-2\/\" target=\"_blank\" rel=\"noreferrer noopener\">1<\/a>.<\/li>\n\n\n\n<li>Sa r\u00e9silience face \u00e0 l\u2019ad\u00adver\u00adsit\u00e9 : Mal\u00adgr\u00e9 les ten\u00adta\u00adtives de destruc\u00adtion de sa r\u00e9pu\u00adta\u00adtion, elle a con\u00adtin\u00adu\u00e9 \u00e0 lut\u00adter pour la jus\u00adtice sociale<a href=\"https:\/\/bobea.net\/index.php\/2025\/02\/04\/winnie-mandela-lheritage-dune-lutte-contre-les-discriminations-en-afrique-du-sud\/\" target=\"_blank\" rel=\"noreferrer noopener\">2<\/a>.<\/li>\n<\/ol>\n\n\n\n<p>Win\u00adnie Man\u00addela s\u2019in\u00adscrit dans la lign\u00e9e des grandes h\u00e9ro\u00efnes africaines qui ont lut\u00adt\u00e9 con\u00adtre l\u2019op\u00adpres\u00adsion, comme la reine Nzin\u00adga en Ango\u00adla ou l\u2019im\u00adp\u00e9ra\u00adtrice Tay\u00adtu Betul en \u00c9thiopie<a href=\"https:\/\/lisapoyakama.org\/nomzamo-winnie-mandela-la-femme-le-sacrifice-et-le-combat-2\/\" target=\"_blank\" rel=\"noreferrer noopener\">1<\/a>.&nbsp;Son h\u00e9ritage con\u00adtin\u00adue d\u2019in\u00adspir\u00ader les mou\u00adve\u00adments de lutte con\u00adtre les dis\u00adcrim\u00adi\u00adna\u00adtions et pour l\u2019\u00e9\u00adgal\u00adit\u00e9 des droits en Afrique du Sud et au-del\u00e0<a href=\"https:\/\/bobea.net\/index.php\/2025\/02\/04\/winnie-mandela-lheritage-dune-lutte-contre-les-discriminations-en-afrique-du-sud\/\" target=\"_blank\" rel=\"noreferrer noopener\">2<\/a>.<\/p>\n\n\n\n<p>En con\u00adclu\u00adsion, Win\u00adnie Madik\u00adizela-Man\u00addela restera dans l\u2019his\u00adtoire comme une fig\u00adure embl\u00e9\u00adma\u00adtique de la lib\u00e9ra\u00adtion de l\u2019Afrique du Sud, incar\u00adnant le courage, la per\u00ads\u00e9v\u00e9rance et l\u2019en\u00adgage\u00adment in\u00e9bran\u00adlable pour la jus\u00adtice, mal\u00adgr\u00e9 les con\u00adtro\u00adver\u00ads\u00ades qui ont pu entour\u00ader cer\u00adtains aspects de son par\u00adcours.<\/p>\n\n\n\n<p>VI. Con\u00adclu\u00adsion : Une fig\u00adure embl\u00e9\u00adma\u00adtique dans la tem\u00adp\u00eate<\/p>\n\n\n\n<p>Win\u00adnie Madik\u00adizela-Man\u00addela incar\u00adne \u00e0 la fois l\u2019h\u00e9ro\u00efsme et la con\u00adtro\u00adverse dans l\u2019his\u00adtoire sud-africaine. Son engage\u00adment sans faille con\u00adtre l\u2019a\u00adpartheid et son r\u00f4le de porte-parole pour Nel\u00adson Man\u00addela pen\u00addant son empris\u00adon\u00adnement font d\u2019elle une fig\u00adure embl\u00e9\u00adma\u00adtique de la lutte pour la lib\u00adert\u00e9. Cepen\u00addant, les scan\u00addales et les accu\u00adsa\u00adtions de vio\u00adlence ont entach\u00e9 sa r\u00e9pu\u00adta\u00adtion.<\/p>\n\n\n\n<p><strong>Impact sur la lutte anti-apartheid<\/strong><\/p>\n\n\n\n<ul class=\"wp-block-list\">\n<li><strong>Sym\u00adbole de r\u00e9sis\u00adtance<\/strong>&nbsp;: Win\u00adnie a gal\u00advanis\u00e9 les mass\u00ades et main\u00adtenu la pres\u00adsion sur le r\u00e9gime d\u2019a\u00adpartheid.<\/li>\n\n\n\n<li><strong>Mobil\u00adi\u00adsa\u00adtion inter\u00adna\u00adtionale<\/strong>&nbsp;: Elle a jou\u00e9 un r\u00f4le cru\u00adcial dans la sen\u00adsi\u00adbil\u00adi\u00adsa\u00adtion mon\u00addi\u00adale aux injus\u00adtices subies par les Sud-Africains noirs.<\/li>\n<\/ul>\n\n\n\n<figure class=\"wp-block-image size-large\"><img loading=\"lazy\" decoding=\"async\" width=\"1024\" height=\"575\" src=\"https:\/\/bobea.net\/wp-content\/uploads\/2025\/03\/MjAxODA0MWU1NmFiNGU2YmE4MjdiMGZiZDhkZDAxM2JmY2M3ZGI-1024x575.jpg\" alt class=\"wp-image-12915\" srcset=\"https:\/\/bobea.net\/wp-content\/uploads\/2025\/03\/MjAxODA0MWU1NmFiNGU2YmE4MjdiMGZiZDhkZDAxM2JmY2M3ZGI-1024x575.jpg 1024w, https:\/\/bobea.net\/wp-content\/uploads\/2025\/03\/MjAxODA0MWU1NmFiNGU2YmE4MjdiMGZiZDhkZDAxM2JmY2M3ZGI-300x169.jpg 300w, https:\/\/bobea.net\/wp-content\/uploads\/2025\/03\/MjAxODA0MWU1NmFiNGU2YmE4MjdiMGZiZDhkZDAxM2JmY2M3ZGI-768x432.jpg 768w, https:\/\/bobea.net\/wp-content\/uploads\/2025\/03\/MjAxODA0MWU1NmFiNGU2YmE4MjdiMGZiZDhkZDAxM2JmY2M3ZGI.jpg 1260w\" sizes=\"(max-width: 1024px) 100vw, 1024px\"><figcaption class=\"wp-element-caption\">(FILES) In this file pho\u00adto tak\u00aden on Decem\u00adber 20, 2017 Win\u00adnie Man\u00addela, for\u00admer wife of for\u00admer pres\u00adi\u00addent Nel\u00adson Man\u00addela, attends the last day of the NASREC Expo Cen\u00adtre in Johan\u00adnes\u00adburg dur\u00ading the African Nation\u00adal Con\u00adgress (ANC) 54th Nation\u00adal Con\u00adfer\u00adence. For\u00admer wife of Nel\u00adson Man\u00addela Win\u00adnie Man\u00addela has died, accord\u00ading to South African media on April 2, 2018. \/ AFP \/ GULSHAN KHAN<\/figcaption><\/figure>\n\n\n\n<p><strong>H\u00e9ritage com\u00adplexe<\/strong><\/p>\n\n\n\n<ul class=\"wp-block-list\">\n<li><strong>Con\u00adtro\u00adver\u00ads\u00ades per\u00adsis\u00adtantes<\/strong>&nbsp;: Les accu\u00adsa\u00adtions de vio\u00adlence et de cor\u00adrup\u00adtion ont divis\u00e9 l\u2019opin\u00adion publique.<\/li>\n\n\n\n<li><strong>L\u00e9gende vivante<\/strong>&nbsp;: Mal\u00adgr\u00e9 les cri\u00adtiques, elle reste une ic\u00f4ne pour de nom\u00adbreux Sud-Africains, sym\u00adbol\u00adisant la lutte pour la jus\u00adtice sociale.<\/li>\n<\/ul>\n\n\n\n<p><strong>L\u2019avenir de son h\u00e9ritage<\/strong><\/p>\n\n\n\n<ul class=\"wp-block-list\">\n<li><strong>R\u00e9\u00e9\u00adval\u00adu\u00ada\u00adtion his\u00adtorique<\/strong>&nbsp;: Les g\u00e9n\u00e9ra\u00adtions futures pour\u00adraient r\u00e9\u00e9\u00adval\u00aduer son r\u00f4le dans l\u2019his\u00adtoire, met\u00adtant en avant ses con\u00adtri\u00adbu\u00adtions \u00e0 la lutte anti-apartheid.<\/li>\n\n\n\n<li><strong>Influ\u00adence sur les mou\u00adve\u00adments soci\u00adaux<\/strong>&nbsp;: Son engage\u00adment con\u00adtin\u00aduera d\u2019in\u00adspir\u00ader les mou\u00adve\u00adments de lutte pour les droits humains \u00e0 tra\u00advers le monde.<\/li>\n\n\n\n<li>Elle restera cette h\u00e9ro\u00efne qui dans la tem\u00adp\u00eate n\u2019a pas bais\u00ads\u00e9 les bras et a lib\u00e9r\u00e9 l\u2019Afrique du sud de l\u2019apartheid&nbsp;;<\/li>\n<\/ul>\n","protected":false},"excerpt":{"rendered":"<p>I. Intro\u00adduc\u00adtion Win\u00adnie Madik\u00adizela-Man\u00addela, n\u00e9e Nomzamo Winifred Zanyi\u00adwe Madik\u00adizela le 26 sep\u00adtem\u00adbre 1936 et d\u00e9c\u00e9d\u00e9e le 2 avril 2018, demeure l\u2019une des fig\u00adures les plus embl\u00e9\u00adma\u00adtiques et con\u00adtro\u00adver\u00ads\u00e9es de la\u2026 <\/p>\n","protected":false},"author":1,"featured_media":12908,"comment_status":"open","ping_status":"closed","sticky":false,"template":"","format":"standard","meta":{"wp_typography_post_enhancements_disabled":false,"footnotes":""},"categories":[53],"tags":[],"class_list":["post-12906","post","type-post","status-publish","format-standard","has-post-thumbnail","hentry","category-viva"],"yoast_head":"<!-- This site is optimized with the Yoast SEO plugin v24.7 - https:\/\/yoast.com\/wordpress\/plugins\/seo\/ -->\n<title>DOSSIER BOBEA GLORIA - \u00a0Winnie Mandela\u00a0: militante \u00a0, \u00e9pouse de Mandela et h\u00e9ro\u00efne de la lib\u00e9ration de l\u2019Afrique du sud. - Bobea<\/title>\n<meta name=\"robots\" content=\"index, follow, max-snippet:-1, max-image-preview:large, max-video-preview:-1\" \/>\n<link rel=\"canonical\" href=\"https:\/\/bobea.net\/index.php\/2025\/03\/27\/dossier-bobea-gloria-winnie-mandela-militante-epouse-de-mandela-et-heroine-de-la-liberation-de-lafrique-du-sud\/\" \/>\n<meta property=\"og:locale\" content=\"fr_FR\" \/>\n<meta property=\"og:type\" content=\"article\" \/>\n<meta property=\"og:title\" content=\"DOSSIER BOBEA GLORIA - \u00a0Winnie Mandela\u00a0: militante \u00a0, \u00e9pouse de Mandela et h\u00e9ro\u00efne de la lib\u00e9ration de l\u2019Afrique du sud. - Bobea\" \/>\n<meta property=\"og:description\" content=\"I. Intro\u00adduc\u00adtion Win\u00adnie Madik\u00adizela-Man\u00addela, n\u00e9e Nomzamo Winifred Zanyi\u00adwe Madik\u00adizela le 26 sep\u00adtem\u00adbre 1936 et d\u00e9c\u00e9d\u00e9e le 2 avril 2018, demeure l\u2019une des fig\u00adures les plus embl\u00e9\u00adma\u00adtiques et con\u00adtro\u00adver\u00ads\u00e9es de la&hellip;\" \/>\n<meta property=\"og:url\" content=\"https:\/\/bobea.net\/index.php\/2025\/03\/27\/dossier-bobea-gloria-winnie-mandela-militante-epouse-de-mandela-et-heroine-de-la-liberation-de-lafrique-du-sud\/\" \/>\n<meta property=\"og:site_name\" content=\"Bobea\" \/>\n<meta property=\"article:publisher\" content=\"https:\/\/web.facebook.com\/profile.php?id=61559252188416\" \/>\n<meta property=\"article:published_time\" content=\"2025-03-27T16:25:46+00:00\" \/>\n<meta property=\"article:modified_time\" content=\"2025-03-27T16:25:48+00:00\" \/>\n<meta property=\"og:image\" content=\"https:\/\/bobea.net\/wp-content\/uploads\/2025\/03\/323340-winnie-mandela-2009.jpg\" \/>\n\t<meta property=\"og:image:width\" content=\"923\" \/>\n\t<meta property=\"og:image:height\" content=\"615\" \/>\n\t<meta property=\"og:image:type\" content=\"image\/jpeg\" \/>\n<meta name=\"author\" content=\"bobea.info\" \/>\n<meta name=\"twitter:card\" content=\"summary_large_image\" \/>\n<meta name=\"twitter:label1\" content=\"\u00c9crit par\" \/>\n\t<meta name=\"twitter:data1\" content=\"bobea.info\" \/>\n\t<meta name=\"twitter:label2\" content=\"Dur\u00e9e de lecture estim\u00e9e\" \/>\n\t<meta name=\"twitter:data2\" content=\"12 minutes\" \/>\n<script type=\"application\/ld+json\" class=\"yoast-schema-graph\">{\"@context\":\"https:\/\/schema.org\",\"@graph\":[{\"@type\":\"Article\",\"@id\":\"https:\/\/bobea.net\/index.php\/2025\/03\/27\/dossier-bobea-gloria-winnie-mandela-militante-epouse-de-mandela-et-heroine-de-la-liberation-de-lafrique-du-sud\/#article\",\"isPartOf\":{\"@id\":\"https:\/\/bobea.net\/index.php\/2025\/03\/27\/dossier-bobea-gloria-winnie-mandela-militante-epouse-de-mandela-et-heroine-de-la-liberation-de-lafrique-du-sud\/\"},\"author\":{\"name\":\"bobea.info\",\"@id\":\"https:\/\/bobea.net\/#\/schema\/person\/e7f45ef187918d7c956bf619dce90ccf\"},\"headline\":\"DOSSIER BOBEA GLORIA \u2014 &nbsp;Winnie Mandela&nbsp;: militante &nbsp;, \u00e9pouse de Mandela et h\u00e9ro\u00efne de la lib\u00e9ration de l\u2019Afrique du sud.\",\"datePublished\":\"2025-03-27T16:25:46+00:00\",\"dateModified\":\"2025-03-27T16:25:48+00:00\",\"mainEntityOfPage\":{\"@id\":\"https:\/\/bobea.net\/index.php\/2025\/03\/27\/dossier-bobea-gloria-winnie-mandela-militante-epouse-de-mandela-et-heroine-de-la-liberation-de-lafrique-du-sud\/\"},\"wordCount\":2201,\"commentCount\":0,\"publisher\":{\"@id\":\"https:\/\/bobea.net\/#organization\"},\"image\":{\"@id\":\"https:\/\/bobea.net\/index.php\/2025\/03\/27\/dossier-bobea-gloria-winnie-mandela-militante-epouse-de-mandela-et-heroine-de-la-liberation-de-lafrique-du-sud\/#primaryimage\"},\"thumbnailUrl\":\"https:\/\/bobea.net\/wp-content\/uploads\/2025\/03\/323340-winnie-mandela-2009.jpg\",\"articleSection\":[\"Viva\"],\"inLanguage\":\"fr-FR\",\"potentialAction\":[{\"@type\":\"CommentAction\",\"name\":\"Comment\",\"target\":[\"https:\/\/bobea.net\/index.php\/2025\/03\/27\/dossier-bobea-gloria-winnie-mandela-militante-epouse-de-mandela-et-heroine-de-la-liberation-de-lafrique-du-sud\/#respond\"]}]},{\"@type\":\"WebPage\",\"@id\":\"https:\/\/bobea.net\/index.php\/2025\/03\/27\/dossier-bobea-gloria-winnie-mandela-militante-epouse-de-mandela-et-heroine-de-la-liberation-de-lafrique-du-sud\/\",\"url\":\"https:\/\/bobea.net\/index.php\/2025\/03\/27\/dossier-bobea-gloria-winnie-mandela-militante-epouse-de-mandela-et-heroine-de-la-liberation-de-lafrique-du-sud\/\",\"name\":\"DOSSIER BOBEA GLORIA - \u00a0Winnie Mandela\u00a0: militante \u00a0, \u00e9pouse de Mandela et h\u00e9ro\u00efne de la lib\u00e9ration de l\u2019Afrique du sud. - Bobea\",\"isPartOf\":{\"@id\":\"https:\/\/bobea.net\/#website\"},\"primaryImageOfPage\":{\"@id\":\"https:\/\/bobea.net\/index.php\/2025\/03\/27\/dossier-bobea-gloria-winnie-mandela-militante-epouse-de-mandela-et-heroine-de-la-liberation-de-lafrique-du-sud\/#primaryimage\"},\"image\":{\"@id\":\"https:\/\/bobea.net\/index.php\/2025\/03\/27\/dossier-bobea-gloria-winnie-mandela-militante-epouse-de-mandela-et-heroine-de-la-liberation-de-lafrique-du-sud\/#primaryimage\"},\"thumbnailUrl\":\"https:\/\/bobea.net\/wp-content\/uploads\/2025\/03\/323340-winnie-mandela-2009.jpg\",\"datePublished\":\"2025-03-27T16:25:46+00:00\",\"dateModified\":\"2025-03-27T16:25:48+00:00\",\"breadcrumb\":{\"@id\":\"https:\/\/bobea.net\/index.php\/2025\/03\/27\/dossier-bobea-gloria-winnie-mandela-militante-epouse-de-mandela-et-heroine-de-la-liberation-de-lafrique-du-sud\/#breadcrumb\"},\"inLanguage\":\"fr-FR\",\"potentialAction\":[{\"@type\":\"ReadAction\",\"target\":[\"https:\/\/bobea.net\/index.php\/2025\/03\/27\/dossier-bobea-gloria-winnie-mandela-militante-epouse-de-mandela-et-heroine-de-la-liberation-de-lafrique-du-sud\/\"]}]},{\"@type\":\"ImageObject\",\"inLanguage\":\"fr-FR\",\"@id\":\"https:\/\/bobea.net\/index.php\/2025\/03\/27\/dossier-bobea-gloria-winnie-mandela-militante-epouse-de-mandela-et-heroine-de-la-liberation-de-lafrique-du-sud\/#primaryimage\",\"url\":\"https:\/\/bobea.net\/wp-content\/uploads\/2025\/03\/323340-winnie-mandela-2009.jpg\",\"contentUrl\":\"https:\/\/bobea.net\/wp-content\/uploads\/2025\/03\/323340-winnie-mandela-2009.jpg\",\"width\":923,\"height\":615},{\"@type\":\"BreadcrumbList\",\"@id\":\"https:\/\/bobea.net\/index.php\/2025\/03\/27\/dossier-bobea-gloria-winnie-mandela-militante-epouse-de-mandela-et-heroine-de-la-liberation-de-lafrique-du-sud\/#breadcrumb\",\"itemListElement\":[{\"@type\":\"ListItem\",\"position\":1,\"name\":\"Accueil\",\"item\":\"https:\/\/bobea.net\/\"},{\"@type\":\"ListItem\",\"position\":2,\"name\":\"DOSSIER BOBEA GLORIA &#8211; \u00a0Winnie Mandela\u00a0: militante \u00a0, \u00e9pouse de Mandela et h\u00e9ro\u00efne de la lib\u00e9ration de l\u2019Afrique du sud.\"}]},{\"@type\":\"WebSite\",\"@id\":\"https:\/\/bobea.net\/#website\",\"url\":\"https:\/\/bobea.net\/\",\"name\":\"Bobea\",\"description\":\"Le magazine de la nouvelle \u00c8ve\",\"publisher\":{\"@id\":\"https:\/\/bobea.net\/#organization\"},\"potentialAction\":[{\"@type\":\"SearchAction\",\"target\":{\"@type\":\"EntryPoint\",\"urlTemplate\":\"https:\/\/bobea.net\/?s={search_term_string}\"},\"query-input\":{\"@type\":\"PropertyValueSpecification\",\"valueRequired\":true,\"valueName\":\"search_term_string\"}}],\"inLanguage\":\"fr-FR\"},{\"@type\":\"Organization\",\"@id\":\"https:\/\/bobea.net\/#organization\",\"name\":\"Bobea\",\"url\":\"https:\/\/bobea.net\/\",\"logo\":{\"@type\":\"ImageObject\",\"inLanguage\":\"fr-FR\",\"@id\":\"https:\/\/bobea.net\/#\/schema\/logo\/image\/\",\"url\":\"https:\/\/bobea.net\/wp-content\/uploads\/2024\/06\/bobea.jpg\",\"contentUrl\":\"https:\/\/bobea.net\/wp-content\/uploads\/2024\/06\/bobea.jpg\",\"width\":1080,\"height\":1080,\"caption\":\"Bobea\"},\"image\":{\"@id\":\"https:\/\/bobea.net\/#\/schema\/logo\/image\/\"},\"sameAs\":[\"https:\/\/web.facebook.com\/profile.php?id=61559252188416\"]},{\"@type\":\"Person\",\"@id\":\"https:\/\/bobea.net\/#\/schema\/person\/e7f45ef187918d7c956bf619dce90ccf\",\"name\":\"bobea.info\",\"image\":{\"@type\":\"ImageObject\",\"inLanguage\":\"fr-FR\",\"@id\":\"https:\/\/bobea.net\/#\/schema\/person\/image\/\",\"url\":\"https:\/\/secure.gravatar.com\/avatar\/36147980349df887ae30808df3e29474?s=96&d=mm&r=g\",\"contentUrl\":\"https:\/\/secure.gravatar.com\/avatar\/36147980349df887ae30808df3e29474?s=96&d=mm&r=g\",\"caption\":\"bobea.info\"},\"sameAs\":[\"https:\/\/bobea.net\"],\"url\":\"https:\/\/bobea.net\/index.php\/author\/bobea-info\/\"}]}<\/script>\n<!-- \/ Yoast SEO plugin. -->","yoast_head_json":{"title":"DOSSIER BOBEA GLORIA - \u00a0Winnie Mandela\u00a0: militante \u00a0, \u00e9pouse de Mandela et h\u00e9ro\u00efne de la lib\u00e9ration de l\u2019Afrique du sud. - Bobea","robots":{"index":"index","follow":"follow","max-snippet":"max-snippet:-1","max-image-preview":"max-image-preview:large","max-video-preview":"max-video-preview:-1"},"canonical":"https:\/\/bobea.net\/index.php\/2025\/03\/27\/dossier-bobea-gloria-winnie-mandela-militante-epouse-de-mandela-et-heroine-de-la-liberation-de-lafrique-du-sud\/","og_locale":"fr_FR","og_type":"article","og_title":"DOSSIER BOBEA GLORIA - \u00a0Winnie Mandela\u00a0: militante \u00a0, \u00e9pouse de Mandela et h\u00e9ro\u00efne de la lib\u00e9ration de l\u2019Afrique du sud. - Bobea","og_description":"I. Intro\u00adduc\u00adtion Win\u00adnie Madik\u00adizela-Man\u00addela, n\u00e9e Nomzamo Winifred Zanyi\u00adwe Madik\u00adizela le 26 sep\u00adtem\u00adbre 1936 et d\u00e9c\u00e9d\u00e9e le 2 avril 2018, demeure l\u2019une des fig\u00adures les plus embl\u00e9\u00adma\u00adtiques et con\u00adtro\u00adver\u00ads\u00e9es de la&hellip;","og_url":"https:\/\/bobea.net\/index.php\/2025\/03\/27\/dossier-bobea-gloria-winnie-mandela-militante-epouse-de-mandela-et-heroine-de-la-liberation-de-lafrique-du-sud\/","og_site_name":"Bobea","article_publisher":"https:\/\/web.facebook.com\/profile.php?id=61559252188416","article_published_time":"2025-03-27T16:25:46+00:00","article_modified_time":"2025-03-27T16:25:48+00:00","og_image":[{"width":923,"height":615,"url":"https:\/\/bobea.net\/wp-content\/uploads\/2025\/03\/323340-winnie-mandela-2009.jpg","type":"image\/jpeg"}],"author":"bobea.info","twitter_card":"summary_large_image","twitter_misc":{"\u00c9crit par":"bobea.info","Dur\u00e9e de lecture estim\u00e9e":"12 minutes"},"schema":{"@context":"https:\/\/schema.org","@graph":[{"@type":"Article","@id":"https:\/\/bobea.net\/index.php\/2025\/03\/27\/dossier-bobea-gloria-winnie-mandela-militante-epouse-de-mandela-et-heroine-de-la-liberation-de-lafrique-du-sud\/#article","isPartOf":{"@id":"https:\/\/bobea.net\/index.php\/2025\/03\/27\/dossier-bobea-gloria-winnie-mandela-militante-epouse-de-mandela-et-heroine-de-la-liberation-de-lafrique-du-sud\/"},"author":{"name":"bobea.info","@id":"https:\/\/bobea.net\/#\/schema\/person\/e7f45ef187918d7c956bf619dce90ccf"},"headline":"DOSSIER BOBEA GLORIA \u2014 &nbsp;Winnie Mandela&nbsp;: militante &nbsp;, \u00e9pouse de Mandela et h\u00e9ro\u00efne de la lib\u00e9ration de l\u2019Afrique du sud.","datePublished":"2025-03-27T16:25:46+00:00","dateModified":"2025-03-27T16:25:48+00:00","mainEntityOfPage":{"@id":"https:\/\/bobea.net\/index.php\/2025\/03\/27\/dossier-bobea-gloria-winnie-mandela-militante-epouse-de-mandela-et-heroine-de-la-liberation-de-lafrique-du-sud\/"},"wordCount":2201,"commentCount":0,"publisher":{"@id":"https:\/\/bobea.net\/#organization"},"image":{"@id":"https:\/\/bobea.net\/index.php\/2025\/03\/27\/dossier-bobea-gloria-winnie-mandela-militante-epouse-de-mandela-et-heroine-de-la-liberation-de-lafrique-du-sud\/#primaryimage"},"thumbnailUrl":"https:\/\/bobea.net\/wp-content\/uploads\/2025\/03\/323340-winnie-mandela-2009.jpg","articleSection":["Viva"],"inLanguage":"fr-FR","potentialAction":[{"@type":"CommentAction","name":"Comment","target":["https:\/\/bobea.net\/index.php\/2025\/03\/27\/dossier-bobea-gloria-winnie-mandela-militante-epouse-de-mandela-et-heroine-de-la-liberation-de-lafrique-du-sud\/#respond"]}]},{"@type":"WebPage","@id":"https:\/\/bobea.net\/index.php\/2025\/03\/27\/dossier-bobea-gloria-winnie-mandela-militante-epouse-de-mandela-et-heroine-de-la-liberation-de-lafrique-du-sud\/","url":"https:\/\/bobea.net\/index.php\/2025\/03\/27\/dossier-bobea-gloria-winnie-mandela-militante-epouse-de-mandela-et-heroine-de-la-liberation-de-lafrique-du-sud\/","name":"DOSSIER BOBEA GLORIA - \u00a0Winnie Mandela\u00a0: militante \u00a0, \u00e9pouse de Mandela et h\u00e9ro\u00efne de la lib\u00e9ration de l\u2019Afrique du sud. - Bobea","isPartOf":{"@id":"https:\/\/bobea.net\/#website"},"primaryImageOfPage":{"@id":"https:\/\/bobea.net\/index.php\/2025\/03\/27\/dossier-bobea-gloria-winnie-mandela-militante-epouse-de-mandela-et-heroine-de-la-liberation-de-lafrique-du-sud\/#primaryimage"},"image":{"@id":"https:\/\/bobea.net\/index.php\/2025\/03\/27\/dossier-bobea-gloria-winnie-mandela-militante-epouse-de-mandela-et-heroine-de-la-liberation-de-lafrique-du-sud\/#primaryimage"},"thumbnailUrl":"https:\/\/bobea.net\/wp-content\/uploads\/2025\/03\/323340-winnie-mandela-2009.jpg","datePublished":"2025-03-27T16:25:46+00:00","dateModified":"2025-03-27T16:25:48+00:00","breadcrumb":{"@id":"https:\/\/bobea.net\/index.php\/2025\/03\/27\/dossier-bobea-gloria-winnie-mandela-militante-epouse-de-mandela-et-heroine-de-la-liberation-de-lafrique-du-sud\/#breadcrumb"},"inLanguage":"fr-FR","potentialAction":[{"@type":"ReadAction","target":["https:\/\/bobea.net\/index.php\/2025\/03\/27\/dossier-bobea-gloria-winnie-mandela-militante-epouse-de-mandela-et-heroine-de-la-liberation-de-lafrique-du-sud\/"]}]},{"@type":"ImageObject","inLanguage":"fr-FR","@id":"https:\/\/bobea.net\/index.php\/2025\/03\/27\/dossier-bobea-gloria-winnie-mandela-militante-epouse-de-mandela-et-heroine-de-la-liberation-de-lafrique-du-sud\/#primaryimage","url":"https:\/\/bobea.net\/wp-content\/uploads\/2025\/03\/323340-winnie-mandela-2009.jpg","contentUrl":"https:\/\/bobea.net\/wp-content\/uploads\/2025\/03\/323340-winnie-mandela-2009.jpg","width":923,"height":615},{"@type":"BreadcrumbList","@id":"https:\/\/bobea.net\/index.php\/2025\/03\/27\/dossier-bobea-gloria-winnie-mandela-militante-epouse-de-mandela-et-heroine-de-la-liberation-de-lafrique-du-sud\/#breadcrumb","itemListElement":[{"@type":"ListItem","position":1,"name":"Accueil","item":"https:\/\/bobea.net\/"},{"@type":"ListItem","position":2,"name":"DOSSIER BOBEA GLORIA &#8211; \u00a0Winnie Mandela\u00a0: militante \u00a0, \u00e9pouse de Mandela et h\u00e9ro\u00efne de la lib\u00e9ration de l\u2019Afrique du sud."}]},{"@type":"WebSite","@id":"https:\/\/bobea.net\/#website","url":"https:\/\/bobea.net\/","name":"Bobea","description":"Le magazine de la nouvelle \u00c8ve","publisher":{"@id":"https:\/\/bobea.net\/#organization"},"potentialAction":[{"@type":"SearchAction","target":{"@type":"EntryPoint","urlTemplate":"https:\/\/bobea.net\/?s={search_term_string}"},"query-input":{"@type":"PropertyValueSpecification","valueRequired":true,"valueName":"search_term_string"}}],"inLanguage":"fr-FR"},{"@type":"Organization","@id":"https:\/\/bobea.net\/#organization","name":"Bobea","url":"https:\/\/bobea.net\/","logo":{"@type":"ImageObject","inLanguage":"fr-FR","@id":"https:\/\/bobea.net\/#\/schema\/logo\/image\/","url":"https:\/\/bobea.net\/wp-content\/uploads\/2024\/06\/bobea.jpg","contentUrl":"https:\/\/bobea.net\/wp-content\/uploads\/2024\/06\/bobea.jpg","width":1080,"height":1080,"caption":"Bobea"},"image":{"@id":"https:\/\/bobea.net\/#\/schema\/logo\/image\/"},"sameAs":["https:\/\/web.facebook.com\/profile.php?id=61559252188416"]},{"@type":"Person","@id":"https:\/\/bobea.net\/#\/schema\/person\/e7f45ef187918d7c956bf619dce90ccf","name":"bobea.info","image":{"@type":"ImageObject","inLanguage":"fr-FR","@id":"https:\/\/bobea.net\/#\/schema\/person\/image\/","url":"https:\/\/secure.gravatar.com\/avatar\/36147980349df887ae30808df3e29474?s=96&d=mm&r=g","contentUrl":"https:\/\/secure.gravatar.com\/avatar\/36147980349df887ae30808df3e29474?s=96&d=mm&r=g","caption":"bobea.info"},"sameAs":["https:\/\/bobea.net"],"url":"https:\/\/bobea.net\/index.php\/author\/bobea-info\/"}]}},"_links":{"self":[{"href":"https:\/\/bobea.net\/index.php\/wp-json\/wp\/v2\/posts\/12906"}],"collection":[{"href":"https:\/\/bobea.net\/index.php\/wp-json\/wp\/v2\/posts"}],"about":[{"href":"https:\/\/bobea.net\/index.php\/wp-json\/wp\/v2\/types\/post"}],"author":[{"embeddable":true,"href":"https:\/\/bobea.net\/index.php\/wp-json\/wp\/v2\/users\/1"}],"replies":[{"embeddable":true,"href":"https:\/\/bobea.net\/index.php\/wp-json\/wp\/v2\/comments?post=12906"}],"version-history":[{"count":1,"href":"https:\/\/bobea.net\/index.php\/wp-json\/wp\/v2\/posts\/12906\/revisions"}],"predecessor-version":[{"id":12917,"href":"https:\/\/bobea.net\/index.php\/wp-json\/wp\/v2\/posts\/12906\/revisions\/12917"}],"wp:featuredmedia":[{"embeddable":true,"href":"https:\/\/bobea.net\/index.php\/wp-json\/wp\/v2\/media\/12908"}],"wp:attachment":[{"href":"https:\/\/bobea.net\/index.php\/wp-json\/wp\/v2\/media?parent=12906"}],"wp:term":[{"taxonomy":"category","embeddable":true,"href":"https:\/\/bobea.net\/index.php\/wp-json\/wp\/v2\/categories?post=12906"},{"taxonomy":"post_tag","embeddable":true,"href":"https:\/\/bobea.net\/index.php\/wp-json\/wp\/v2\/tags?post=12906"}],"curies":[{"name":"wp","href":"https:\/\/api.w.org\/{rel}","templated":true}]}}