{"id":12902,"date":"2025-03-27T16:01:08","date_gmt":"2025-03-27T16:01:08","guid":{"rendered":"https:\/\/bobea.net\/?p=12902"},"modified":"2025-03-27T16:01:10","modified_gmt":"2025-03-27T16:01:10","slug":"30-ans-apres-la-declaration-de-beijing-sur-les-droits-des-femmes","status":"publish","type":"post","link":"https:\/\/bobea.net\/index.php\/2025\/03\/27\/30-ans-apres-la-declaration-de-beijing-sur-les-droits-des-femmes\/","title":{"rendered":"30 ans apr\u00e8s la D\u00e9claration de Beijing sur les droits des femmes"},"content":{"rendered":"\n<p>Trente ans apr\u00e8s la Qua\u00adtri\u00e8me Con\u00adf\u00e9rence mon\u00addi\u00adale sur les femmes \u00e0 Bei\u00adjing en 1995, qui a don\u00adn\u00e9 nais\u00adsance \u00e0 la D\u00e9c\u00adla\u00adra\u00adtion et au Pro\u00adgramme d\u2019ac\u00adtion de Bei\u00adjing, le monde se penche sur les pro\u00adgr\u00e8s r\u00e9al\u00adis\u00e9s et les d\u00e9fis qui per\u00adsis\u00adtent en mati\u00e8re de droits des femmes. Cette d\u00e9c\u00adla\u00adra\u00adtion his\u00adtorique, sign\u00e9e par 189 pays, a \u00e9tabli un agen\u00adda ambitieux pour l\u2019\u00e9\u00adgal\u00adit\u00e9 des sex\u00ades et l\u2019au\u00adtonomi\u00adsa\u00adtion des femmes.<\/p>\n\n\n\n<p>Les avanc\u00e9es majeures depuis 1995<\/p>\n\n\n\n<p><strong>\u00c9du\u00adca\u00adtion et alphab\u00e9ti\u00adsa\u00adtion<\/strong><\/p>\n\n\n\n<p>L\u2019un des suc\u00adc\u00e8s les plus nota\u00adbles con\u00adcerne l\u2019\u00e9\u00add\u00adu\u00adca\u00adtion des filles. Selon les derni\u00e8res don\u00adn\u00e9es de l\u2019UNESCO, l\u2019\u00e9\u00adcart entre les sex\u00ades dans l\u2019en\u00adseigne\u00adment pri\u00admaire et sec\u00adondaire s\u2019est con\u00adsid\u00ad\u00e9rable\u00adment r\u00e9duit dans la plu\u00adpart des r\u00e9gions du monde. Dans cer\u00adtains pays, les filles sur\u00adpassent m\u00eame les gar\u00e7ons en ter\u00admes de r\u00e9sul\u00adtats sco\u00adlaires.<\/p>\n\n\n\n<p><strong>Par\u00adtic\u00adi\u00adpa\u00adtion poli\u00adtique<\/strong><\/p>\n\n\n\n<p>La repr\u00e9sen\u00adta\u00adtion des femmes en poli\u00adtique a con\u00adnu une aug\u00admen\u00adta\u00adtion sig\u00adni\u00adfica\u00adtive. En 2025, la moyenne mon\u00addi\u00adale de femmes par\u00adlemen\u00adtaires atteint 35%, con\u00adtre seule\u00adment 11,3% en 1995. Des pays comme le Rwan\u00adda, la Nou\u00advelle-Z\u00e9lande et la Fin\u00adlande ont atteint ou d\u00e9pass\u00e9 la par\u00adit\u00e9 dans leurs par\u00adlements.<\/p>\n\n\n\n<p><strong>San\u00adt\u00e9 mater\u00adnelle<\/strong><\/p>\n\n\n\n<p>Les pro\u00adgr\u00e8s en mati\u00e8re de san\u00adt\u00e9 mater\u00adnelle sont remar\u00adquables. Le taux de mor\u00adtal\u00adit\u00e9 mater\u00adnelle a dimin\u00adu\u00e9 de 38% depuis 1995, gr\u00e2ce \u00e0 l\u2019am\u00e9lio\u00adra\u00adtion des soins pr\u00e9\u00adna\u00adtals et \u00e0 l\u2019ac\u00adc\u00e8s accru aux ser\u00advices de san\u00adt\u00e9 repro\u00adduc\u00adtive.<\/p>\n\n\n\n<p>Les d\u00e9fis per\u00adsis\u00adtants<\/p>\n\n\n\n<p><strong>Vio\u00adlence bas\u00e9e sur le genre<\/strong><\/p>\n\n\n\n<p>Mal\u00adgr\u00e9 les pro\u00adgr\u00e8s, la vio\u00adlence con\u00adtre les femmes reste un fl\u00e9au mon\u00addi\u00adal. Une femme sur trois dans le monde subit encore des vio\u00adlences physiques ou sex\u00aduelles au cours de sa vie. La pand\u00e9mie de COVID-19 a exac\u00ader\u00adb\u00e9 ce prob\u00adl\u00e8me, avec une aug\u00admen\u00adta\u00adtion alar\u00admante des vio\u00adlences domes\u00adtiques pen\u00addant les p\u00e9ri\u00adodes de con\u00adfine\u00adment.<\/p>\n\n\n\n<p><strong>\u00c9cart salar\u00adi\u00adal<\/strong><\/p>\n\n\n\n<p>L\u2019\u00e9\u00adcart de r\u00e9mun\u00e9ra\u00adtion entre les sex\u00ades per\u00adsiste, avec les femmes gag\u00adnant en moyenne 20% de moins que les hommes \u00e0 l\u2019\u00e9chelle mon\u00addi\u00adale. Cette dis\u00adpar\u00adit\u00e9 s\u2019ac\u00adcentue pour les femmes de couleur et celles issues de milieux d\u00e9fa\u00advoris\u00e9s.<\/p>\n\n\n\n<p><strong>Charge de tra\u00advail non r\u00e9mun\u00e9r\u00e9<\/strong><\/p>\n\n\n\n<p>Les femmes con\u00adtin\u00adu\u00adent d\u2019as\u00adsumer une part dis\u00adpro\u00adpor\u00adtion\u00adn\u00e9e du tra\u00advail domes\u00adtique et des soins non r\u00e9mun\u00e9r\u00e9s. Cette \u201cdou\u00adble journ\u00e9e\u201d lim\u00adite leurs oppor\u00adtu\u00adnit\u00e9s pro\u00adfes\u00adsion\u00adnelles et leur autonomie \u00e9conomique.<\/p>\n\n\n\n<p>Les nou\u00adveaux d\u00e9fis du 21e si\u00e8\u00adcle<\/p>\n\n\n\n<p><strong>Intel\u00adli\u00adgence arti\u00adfi\u00adcielle et biais de genre<\/strong><\/p>\n\n\n\n<p>L\u2019es\u00adsor de l\u2019in\u00adtel\u00adli\u00adgence arti\u00adfi\u00adcielle (IA) soul\u00e8ve de nou\u00advelles pr\u00e9oc\u00adcu\u00adpa\u00adtions. Des \u00e9tudes ont mon\u00adtr\u00e9 que les algo\u00adrithmes d\u2019IA peu\u00advent per\u00adp\u00e9tuer et m\u00eame ampli\u00adfi\u00ader les biais de genre exis\u00adtants, notam\u00adment dans les domaines du recrute\u00adment et de l\u2019ac\u00adc\u00e8s au cr\u00e9dit.<\/p>\n\n\n\n<p><strong>Change\u00adment cli\u00adma\u00adtique<\/strong><\/p>\n\n\n\n<p>Les femmes, en par\u00adti\u00adc\u00aduli\u00ader dans les pays en d\u00e9veloppe\u00adment, sont sou\u00advent plus vul\u00adn\u00e9rables aux effets du change\u00adment cli\u00adma\u00adtique. Elles sont \u00e9gale\u00adment sous-repr\u00e9sen\u00adt\u00e9es dans les proces\u00adsus de prise de d\u00e9ci\u00adsion li\u00e9s aux poli\u00adtiques envi\u00adron\u00adnemen\u00adtales.<\/p>\n\n\n\n<p><strong>Cyber\u00adhar\u00adc\u00e8le\u00adment<\/strong><\/p>\n\n\n\n<p>Avec l\u2019om\u00adnipr\u00e9sence des r\u00e9seaux soci\u00adaux, le cyber\u00adhar\u00adc\u00e8le\u00adment est devenu un prob\u00adl\u00e8me majeur affec\u00adtant de mani\u00e8re dis\u00adpro\u00adpor\u00adtion\u00adn\u00e9e les femmes et les filles.<\/p>\n\n\n\n<p>Les ini\u00adtia\u00adtives promet\u00adteuses<\/p>\n\n\n\n<p><strong>\u00c9du\u00adca\u00adtion STEM pour les filles<\/strong><\/p>\n\n\n\n<p>De nom\u00adbreux pays ont lanc\u00e9 des pro\u00adgrammes visant \u00e0 encour\u00adager les filles \u00e0 pour\u00adsuiv\u00adre des \u00e9tudes dans les domaines des sci\u00adences, de la tech\u00adnolo\u00adgie, de l\u2019ing\u00e9nierie et des math\u00ad\u00e9\u00adma\u00adtiques (STEM). Ces ini\u00adtia\u00adtives visent \u00e0 combler l\u2019\u00e9\u00adcart entre les sex\u00ades dans les secteurs tech\u00adnologiques en pleine crois\u00adsance.<\/p>\n\n\n\n<p><strong>Con\u00adg\u00e9 parental \u00e9quitable<\/strong><\/p>\n\n\n\n<p>Plusieurs pays ont adop\u00adt\u00e9 des poli\u00adtiques de con\u00adg\u00e9 parental plus \u00e9quita\u00adbles, encour\u00adageant les p\u00e8res \u00e0 pren\u00addre un r\u00f4le plus act\u00adif dans les soins aux enfants et per\u00adme\u00adt\u00adtant aux m\u00e8res de main\u00adtenir leur car\u00adri\u00e8re.<\/p>\n\n\n\n<figure class=\"wp-block-image size-full\"><img loading=\"lazy\" decoding=\"async\" width=\"1000\" height=\"666\" src=\"https:\/\/bobea.net\/wp-content\/uploads\/2025\/03\/les-droits-de-la-femme-30-ans-apres-la-conference-de-beijing-la-cote-divoir_eordsklnp7k.jpg\" alt class=\"wp-image-12904\" srcset=\"https:\/\/bobea.net\/wp-content\/uploads\/2025\/03\/les-droits-de-la-femme-30-ans-apres-la-conference-de-beijing-la-cote-divoir_eordsklnp7k.jpg 1000w, https:\/\/bobea.net\/wp-content\/uploads\/2025\/03\/les-droits-de-la-femme-30-ans-apres-la-conference-de-beijing-la-cote-divoir_eordsklnp7k-300x200.jpg 300w, https:\/\/bobea.net\/wp-content\/uploads\/2025\/03\/les-droits-de-la-femme-30-ans-apres-la-conference-de-beijing-la-cote-divoir_eordsklnp7k-768x511.jpg 768w\" sizes=\"(max-width: 1000px) 100vw, 1000px\"><\/figure>\n\n\n\n<p><strong>Quo\u00adtas de genre dans les con\u00adseils d\u2019ad\u00admin\u00adis\u00adtra\u00adtion<\/strong><\/p>\n\n\n\n<p>De plus en plus de pays adoptent des lois imposant des quo\u00adtas de genre dans les con\u00adseils d\u2019ad\u00admin\u00adis\u00adtra\u00adtion des entre\u00adpris\u00ades, visant \u00e0 bris\u00ader le \u201cpla\u00adfond de verre\u201d dans le monde des affaires.<\/p>\n\n\n\n<p>Con\u00adclu\u00adsion et per\u00adspec\u00adtives<\/p>\n\n\n\n<p>Trente ans apr\u00e8s Bei\u00adjing, le bilan est mit\u00adig\u00e9. Des pro\u00adgr\u00e8s sig\u00adni\u00adfi\u00adcat\u00adifs ont \u00e9t\u00e9 r\u00e9al\u00adis\u00e9s, mais de nom\u00adbreux d\u00e9fis per\u00adsis\u00adtent et de nou\u00adveaux \u00e9mer\u00adgent. La pand\u00e9mie de COVID-19 a mis en lumi\u00e8re la fragilit\u00e9 de cer\u00adtaines avanc\u00e9es, avec un risque de r\u00e9gres\u00adsion dans plusieurs domaines.<\/p>\n\n\n\n<p>Pour l\u2019avenir, les experts soulig\u00adnent l\u2019im\u00adpor\u00adtance de :<\/p>\n\n\n\n<ol start=\"1\" class=\"wp-block-list\">\n<li>Ren\u00adforcer les cadres juridiques pour l\u2019\u00e9\u00adgal\u00adit\u00e9 des sex\u00ades<\/li>\n\n\n\n<li>Inve\u00adstir dans l\u2019\u00e9\u00add\u00adu\u00adca\u00adtion et l\u2019au\u00adtonomi\u00adsa\u00adtion \u00e9conomique des femmes<\/li>\n\n\n\n<li>Lut\u00adter con\u00adtre les st\u00e9r\u00e9o\u00adtypes de genre d\u00e8s le plus jeune \u00e2ge<\/li>\n\n\n\n<li>Impli\u00adquer davan\u00adtage les hommes et les gar\u00e7ons dans la lutte pour l\u2019\u00e9\u00adgal\u00adit\u00e9<\/li>\n\n\n\n<li>Adapter les poli\u00adtiques aux d\u00e9fis du 21e si\u00e8\u00adcle, notam\u00adment en mati\u00e8re de tech\u00adnolo\u00adgie et de change\u00adment cli\u00adma\u00adtique<\/li>\n<\/ol>\n\n\n\n<p>Alors que nous com\u00adm\u00e9\u00admorons le 30e anniver\u00adsaire de la D\u00e9c\u00adla\u00adra\u00adtion de Bei\u00adjing, il est clair que la route vers l\u2019\u00e9\u00adgal\u00adit\u00e9 des sex\u00ades est encore longue. Cepen\u00addant, l\u2019en\u00adgage\u00adment renou\u00advel\u00e9 de la com\u00admu\u00adnaut\u00e9 inter\u00adna\u00adtionale et l\u2019\u00e9mer\u00adgence de mou\u00adve\u00adments f\u00e9min\u00adistes mon\u00addi\u00adaux don\u00adnent des raisons d\u2019e\u00adsp\u00e9r\u00ader. Le chemin par\u00adcou\u00adru depuis 1995 mon\u00adtre que le change\u00adment est pos\u00adsi\u00adble, et que la vision d\u2019un monde o\u00f9 hommes et femmes jouis\u00adsent des m\u00eames droits et oppor\u00adtu\u00adnit\u00e9s n\u2019est pas hors de port\u00e9e.<\/p>\n","protected":false},"excerpt":{"rendered":"<p>Trente ans apr\u00e8s la Qua\u00adtri\u00e8me Con\u00adf\u00e9rence mon\u00addi\u00adale sur les femmes \u00e0 Bei\u00adjing en 1995, qui a don\u00adn\u00e9 nais\u00adsance \u00e0 la D\u00e9c\u00adla\u00adra\u00adtion et au Pro\u00adgramme d\u2019ac\u00adtion de Bei\u00adjing, le monde se\u2026 <\/p>\n","protected":false},"author":1,"featured_media":12903,"comment_status":"open","ping_status":"closed","sticky":false,"template":"","format":"standard","meta":{"wp_typography_post_enhancements_disabled":false,"footnotes":""},"categories":[71],"tags":[],"class_list":["post-12902","post","type-post","status-publish","format-standard","has-post-thumbnail","hentry","category-leaders"],"yoast_head":"<!-- This site is optimized with the Yoast SEO plugin v24.7 - https:\/\/yoast.com\/wordpress\/plugins\/seo\/ -->\n<title>30 ans apr\u00e8s la D\u00e9claration de Beijing sur les droits des femmes - Bobea<\/title>\n<meta name=\"description\" content=\"Trente ans apr\u00e8s la Quatri\u00e8me Conf\u00e9rence mondiale sur les femmes \u00e0 Beijing en 1995, qui a donn\u00e9 naissance \u00e0 la D\u00e9claration\" \/>\n<meta name=\"robots\" content=\"index, follow, max-snippet:-1, max-image-preview:large, max-video-preview:-1\" \/>\n<link rel=\"canonical\" href=\"https:\/\/bobea.net\/index.php\/2025\/03\/27\/30-ans-apres-la-declaration-de-beijing-sur-les-droits-des-femmes\/\" \/>\n<meta property=\"og:locale\" content=\"fr_FR\" \/>\n<meta property=\"og:type\" content=\"article\" \/>\n<meta property=\"og:title\" content=\"30 ans apr\u00e8s la D\u00e9claration de Beijing sur les droits des femmes - Bobea\" \/>\n<meta property=\"og:description\" content=\"Trente ans apr\u00e8s la Quatri\u00e8me Conf\u00e9rence mondiale sur les femmes \u00e0 Beijing en 1995, qui a donn\u00e9 naissance \u00e0 la D\u00e9claration\" \/>\n<meta property=\"og:url\" content=\"https:\/\/bobea.net\/index.php\/2025\/03\/27\/30-ans-apres-la-declaration-de-beijing-sur-les-droits-des-femmes\/\" \/>\n<meta property=\"og:site_name\" content=\"Bobea\" \/>\n<meta property=\"article:publisher\" content=\"https:\/\/web.facebook.com\/profile.php?id=61559252188416\" \/>\n<meta property=\"article:published_time\" content=\"2025-03-27T16:01:08+00:00\" \/>\n<meta property=\"article:modified_time\" content=\"2025-03-27T16:01:10+00:00\" \/>\n<meta property=\"og:image\" content=\"https:\/\/bobea.net\/wp-content\/uploads\/2025\/03\/fourth-world-conference-beijing-1995.jpg\" \/>\n\t<meta property=\"og:image:width\" content=\"1300\" \/>\n\t<meta property=\"og:image:height\" content=\"500\" \/>\n\t<meta property=\"og:image:type\" content=\"image\/jpeg\" \/>\n<meta name=\"author\" content=\"bobea.info\" \/>\n<meta name=\"twitter:card\" content=\"summary_large_image\" \/>\n<meta name=\"twitter:label1\" content=\"\u00c9crit par\" \/>\n\t<meta name=\"twitter:data1\" content=\"bobea.info\" \/>\n\t<meta name=\"twitter:label2\" content=\"Dur\u00e9e de lecture estim\u00e9e\" \/>\n\t<meta name=\"twitter:data2\" content=\"5 minutes\" \/>\n<script type=\"application\/ld+json\" class=\"yoast-schema-graph\">{\"@context\":\"https:\/\/schema.org\",\"@graph\":[{\"@type\":\"Article\",\"@id\":\"https:\/\/bobea.net\/index.php\/2025\/03\/27\/30-ans-apres-la-declaration-de-beijing-sur-les-droits-des-femmes\/#article\",\"isPartOf\":{\"@id\":\"https:\/\/bobea.net\/index.php\/2025\/03\/27\/30-ans-apres-la-declaration-de-beijing-sur-les-droits-des-femmes\/\"},\"author\":{\"name\":\"bobea.info\",\"@id\":\"https:\/\/bobea.net\/#\/schema\/person\/e7f45ef187918d7c956bf619dce90ccf\"},\"headline\":\"30 ans apr\u00e8s la D\u00e9claration de Beijing sur les droits des femmes\",\"datePublished\":\"2025-03-27T16:01:08+00:00\",\"dateModified\":\"2025-03-27T16:01:10+00:00\",\"mainEntityOfPage\":{\"@id\":\"https:\/\/bobea.net\/index.php\/2025\/03\/27\/30-ans-apres-la-declaration-de-beijing-sur-les-droits-des-femmes\/\"},\"wordCount\":883,\"commentCount\":0,\"publisher\":{\"@id\":\"https:\/\/bobea.net\/#organization\"},\"image\":{\"@id\":\"https:\/\/bobea.net\/index.php\/2025\/03\/27\/30-ans-apres-la-declaration-de-beijing-sur-les-droits-des-femmes\/#primaryimage\"},\"thumbnailUrl\":\"https:\/\/bobea.net\/wp-content\/uploads\/2025\/03\/fourth-world-conference-beijing-1995.jpg\",\"articleSection\":[\"Leaders\"],\"inLanguage\":\"fr-FR\",\"potentialAction\":[{\"@type\":\"CommentAction\",\"name\":\"Comment\",\"target\":[\"https:\/\/bobea.net\/index.php\/2025\/03\/27\/30-ans-apres-la-declaration-de-beijing-sur-les-droits-des-femmes\/#respond\"]}]},{\"@type\":\"WebPage\",\"@id\":\"https:\/\/bobea.net\/index.php\/2025\/03\/27\/30-ans-apres-la-declaration-de-beijing-sur-les-droits-des-femmes\/\",\"url\":\"https:\/\/bobea.net\/index.php\/2025\/03\/27\/30-ans-apres-la-declaration-de-beijing-sur-les-droits-des-femmes\/\",\"name\":\"30 ans apr\u00e8s la D\u00e9claration de Beijing sur les droits des femmes - Bobea\",\"isPartOf\":{\"@id\":\"https:\/\/bobea.net\/#website\"},\"primaryImageOfPage\":{\"@id\":\"https:\/\/bobea.net\/index.php\/2025\/03\/27\/30-ans-apres-la-declaration-de-beijing-sur-les-droits-des-femmes\/#primaryimage\"},\"image\":{\"@id\":\"https:\/\/bobea.net\/index.php\/2025\/03\/27\/30-ans-apres-la-declaration-de-beijing-sur-les-droits-des-femmes\/#primaryimage\"},\"thumbnailUrl\":\"https:\/\/bobea.net\/wp-content\/uploads\/2025\/03\/fourth-world-conference-beijing-1995.jpg\",\"datePublished\":\"2025-03-27T16:01:08+00:00\",\"dateModified\":\"2025-03-27T16:01:10+00:00\",\"description\":\"Trente ans apr\u00e8s la Quatri\u00e8me Conf\u00e9rence mondiale sur les femmes \u00e0 Beijing en 1995, qui a donn\u00e9 naissance \u00e0 la D\u00e9claration\",\"breadcrumb\":{\"@id\":\"https:\/\/bobea.net\/index.php\/2025\/03\/27\/30-ans-apres-la-declaration-de-beijing-sur-les-droits-des-femmes\/#breadcrumb\"},\"inLanguage\":\"fr-FR\",\"potentialAction\":[{\"@type\":\"ReadAction\",\"target\":[\"https:\/\/bobea.net\/index.php\/2025\/03\/27\/30-ans-apres-la-declaration-de-beijing-sur-les-droits-des-femmes\/\"]}]},{\"@type\":\"ImageObject\",\"inLanguage\":\"fr-FR\",\"@id\":\"https:\/\/bobea.net\/index.php\/2025\/03\/27\/30-ans-apres-la-declaration-de-beijing-sur-les-droits-des-femmes\/#primaryimage\",\"url\":\"https:\/\/bobea.net\/wp-content\/uploads\/2025\/03\/fourth-world-conference-beijing-1995.jpg\",\"contentUrl\":\"https:\/\/bobea.net\/wp-content\/uploads\/2025\/03\/fourth-world-conference-beijing-1995.jpg\",\"width\":1300,\"height\":500},{\"@type\":\"BreadcrumbList\",\"@id\":\"https:\/\/bobea.net\/index.php\/2025\/03\/27\/30-ans-apres-la-declaration-de-beijing-sur-les-droits-des-femmes\/#breadcrumb\",\"itemListElement\":[{\"@type\":\"ListItem\",\"position\":1,\"name\":\"Accueil\",\"item\":\"https:\/\/bobea.net\/\"},{\"@type\":\"ListItem\",\"position\":2,\"name\":\"30 ans apr\u00e8s la D\u00e9claration de Beijing sur les droits des femmes\"}]},{\"@type\":\"WebSite\",\"@id\":\"https:\/\/bobea.net\/#website\",\"url\":\"https:\/\/bobea.net\/\",\"name\":\"Bobea\",\"description\":\"Le magazine de la nouvelle \u00c8ve\",\"publisher\":{\"@id\":\"https:\/\/bobea.net\/#organization\"},\"potentialAction\":[{\"@type\":\"SearchAction\",\"target\":{\"@type\":\"EntryPoint\",\"urlTemplate\":\"https:\/\/bobea.net\/?s={search_term_string}\"},\"query-input\":{\"@type\":\"PropertyValueSpecification\",\"valueRequired\":true,\"valueName\":\"search_term_string\"}}],\"inLanguage\":\"fr-FR\"},{\"@type\":\"Organization\",\"@id\":\"https:\/\/bobea.net\/#organization\",\"name\":\"Bobea\",\"url\":\"https:\/\/bobea.net\/\",\"logo\":{\"@type\":\"ImageObject\",\"inLanguage\":\"fr-FR\",\"@id\":\"https:\/\/bobea.net\/#\/schema\/logo\/image\/\",\"url\":\"https:\/\/bobea.net\/wp-content\/uploads\/2024\/06\/bobea.jpg\",\"contentUrl\":\"https:\/\/bobea.net\/wp-content\/uploads\/2024\/06\/bobea.jpg\",\"width\":1080,\"height\":1080,\"caption\":\"Bobea\"},\"image\":{\"@id\":\"https:\/\/bobea.net\/#\/schema\/logo\/image\/\"},\"sameAs\":[\"https:\/\/web.facebook.com\/profile.php?id=61559252188416\"]},{\"@type\":\"Person\",\"@id\":\"https:\/\/bobea.net\/#\/schema\/person\/e7f45ef187918d7c956bf619dce90ccf\",\"name\":\"bobea.info\",\"image\":{\"@type\":\"ImageObject\",\"inLanguage\":\"fr-FR\",\"@id\":\"https:\/\/bobea.net\/#\/schema\/person\/image\/\",\"url\":\"https:\/\/secure.gravatar.com\/avatar\/36147980349df887ae30808df3e29474?s=96&d=mm&r=g\",\"contentUrl\":\"https:\/\/secure.gravatar.com\/avatar\/36147980349df887ae30808df3e29474?s=96&d=mm&r=g\",\"caption\":\"bobea.info\"},\"sameAs\":[\"https:\/\/bobea.net\"],\"url\":\"https:\/\/bobea.net\/index.php\/author\/bobea-info\/\"}]}<\/script>\n<!-- \/ Yoast SEO plugin. -->","yoast_head_json":{"title":"30 ans apr\u00e8s la D\u00e9claration de Beijing sur les droits des femmes - Bobea","description":"Trente ans apr\u00e8s la Quatri\u00e8me Conf\u00e9rence mondiale sur les femmes \u00e0 Beijing en 1995, qui a donn\u00e9 naissance \u00e0 la D\u00e9claration","robots":{"index":"index","follow":"follow","max-snippet":"max-snippet:-1","max-image-preview":"max-image-preview:large","max-video-preview":"max-video-preview:-1"},"canonical":"https:\/\/bobea.net\/index.php\/2025\/03\/27\/30-ans-apres-la-declaration-de-beijing-sur-les-droits-des-femmes\/","og_locale":"fr_FR","og_type":"article","og_title":"30 ans apr\u00e8s la D\u00e9claration de Beijing sur les droits des femmes - Bobea","og_description":"Trente ans apr\u00e8s la Quatri\u00e8me Conf\u00e9rence mondiale sur les femmes \u00e0 Beijing en 1995, qui a donn\u00e9 naissance \u00e0 la D\u00e9claration","og_url":"https:\/\/bobea.net\/index.php\/2025\/03\/27\/30-ans-apres-la-declaration-de-beijing-sur-les-droits-des-femmes\/","og_site_name":"Bobea","article_publisher":"https:\/\/web.facebook.com\/profile.php?id=61559252188416","article_published_time":"2025-03-27T16:01:08+00:00","article_modified_time":"2025-03-27T16:01:10+00:00","og_image":[{"width":1300,"height":500,"url":"https:\/\/bobea.net\/wp-content\/uploads\/2025\/03\/fourth-world-conference-beijing-1995.jpg","type":"image\/jpeg"}],"author":"bobea.info","twitter_card":"summary_large_image","twitter_misc":{"\u00c9crit par":"bobea.info","Dur\u00e9e de lecture estim\u00e9e":"5 minutes"},"schema":{"@context":"https:\/\/schema.org","@graph":[{"@type":"Article","@id":"https:\/\/bobea.net\/index.php\/2025\/03\/27\/30-ans-apres-la-declaration-de-beijing-sur-les-droits-des-femmes\/#article","isPartOf":{"@id":"https:\/\/bobea.net\/index.php\/2025\/03\/27\/30-ans-apres-la-declaration-de-beijing-sur-les-droits-des-femmes\/"},"author":{"name":"bobea.info","@id":"https:\/\/bobea.net\/#\/schema\/person\/e7f45ef187918d7c956bf619dce90ccf"},"headline":"30 ans apr\u00e8s la D\u00e9claration de Beijing sur les droits des femmes","datePublished":"2025-03-27T16:01:08+00:00","dateModified":"2025-03-27T16:01:10+00:00","mainEntityOfPage":{"@id":"https:\/\/bobea.net\/index.php\/2025\/03\/27\/30-ans-apres-la-declaration-de-beijing-sur-les-droits-des-femmes\/"},"wordCount":883,"commentCount":0,"publisher":{"@id":"https:\/\/bobea.net\/#organization"},"image":{"@id":"https:\/\/bobea.net\/index.php\/2025\/03\/27\/30-ans-apres-la-declaration-de-beijing-sur-les-droits-des-femmes\/#primaryimage"},"thumbnailUrl":"https:\/\/bobea.net\/wp-content\/uploads\/2025\/03\/fourth-world-conference-beijing-1995.jpg","articleSection":["Leaders"],"inLanguage":"fr-FR","potentialAction":[{"@type":"CommentAction","name":"Comment","target":["https:\/\/bobea.net\/index.php\/2025\/03\/27\/30-ans-apres-la-declaration-de-beijing-sur-les-droits-des-femmes\/#respond"]}]},{"@type":"WebPage","@id":"https:\/\/bobea.net\/index.php\/2025\/03\/27\/30-ans-apres-la-declaration-de-beijing-sur-les-droits-des-femmes\/","url":"https:\/\/bobea.net\/index.php\/2025\/03\/27\/30-ans-apres-la-declaration-de-beijing-sur-les-droits-des-femmes\/","name":"30 ans apr\u00e8s la D\u00e9claration de Beijing sur les droits des femmes - Bobea","isPartOf":{"@id":"https:\/\/bobea.net\/#website"},"primaryImageOfPage":{"@id":"https:\/\/bobea.net\/index.php\/2025\/03\/27\/30-ans-apres-la-declaration-de-beijing-sur-les-droits-des-femmes\/#primaryimage"},"image":{"@id":"https:\/\/bobea.net\/index.php\/2025\/03\/27\/30-ans-apres-la-declaration-de-beijing-sur-les-droits-des-femmes\/#primaryimage"},"thumbnailUrl":"https:\/\/bobea.net\/wp-content\/uploads\/2025\/03\/fourth-world-conference-beijing-1995.jpg","datePublished":"2025-03-27T16:01:08+00:00","dateModified":"2025-03-27T16:01:10+00:00","description":"Trente ans apr\u00e8s la Quatri\u00e8me Conf\u00e9rence mondiale sur les femmes \u00e0 Beijing en 1995, qui a donn\u00e9 naissance \u00e0 la D\u00e9claration","breadcrumb":{"@id":"https:\/\/bobea.net\/index.php\/2025\/03\/27\/30-ans-apres-la-declaration-de-beijing-sur-les-droits-des-femmes\/#breadcrumb"},"inLanguage":"fr-FR","potentialAction":[{"@type":"ReadAction","target":["https:\/\/bobea.net\/index.php\/2025\/03\/27\/30-ans-apres-la-declaration-de-beijing-sur-les-droits-des-femmes\/"]}]},{"@type":"ImageObject","inLanguage":"fr-FR","@id":"https:\/\/bobea.net\/index.php\/2025\/03\/27\/30-ans-apres-la-declaration-de-beijing-sur-les-droits-des-femmes\/#primaryimage","url":"https:\/\/bobea.net\/wp-content\/uploads\/2025\/03\/fourth-world-conference-beijing-1995.jpg","contentUrl":"https:\/\/bobea.net\/wp-content\/uploads\/2025\/03\/fourth-world-conference-beijing-1995.jpg","width":1300,"height":500},{"@type":"BreadcrumbList","@id":"https:\/\/bobea.net\/index.php\/2025\/03\/27\/30-ans-apres-la-declaration-de-beijing-sur-les-droits-des-femmes\/#breadcrumb","itemListElement":[{"@type":"ListItem","position":1,"name":"Accueil","item":"https:\/\/bobea.net\/"},{"@type":"ListItem","position":2,"name":"30 ans apr\u00e8s la D\u00e9claration de Beijing sur les droits des femmes"}]},{"@type":"WebSite","@id":"https:\/\/bobea.net\/#website","url":"https:\/\/bobea.net\/","name":"Bobea","description":"Le magazine de la nouvelle \u00c8ve","publisher":{"@id":"https:\/\/bobea.net\/#organization"},"potentialAction":[{"@type":"SearchAction","target":{"@type":"EntryPoint","urlTemplate":"https:\/\/bobea.net\/?s={search_term_string}"},"query-input":{"@type":"PropertyValueSpecification","valueRequired":true,"valueName":"search_term_string"}}],"inLanguage":"fr-FR"},{"@type":"Organization","@id":"https:\/\/bobea.net\/#organization","name":"Bobea","url":"https:\/\/bobea.net\/","logo":{"@type":"ImageObject","inLanguage":"fr-FR","@id":"https:\/\/bobea.net\/#\/schema\/logo\/image\/","url":"https:\/\/bobea.net\/wp-content\/uploads\/2024\/06\/bobea.jpg","contentUrl":"https:\/\/bobea.net\/wp-content\/uploads\/2024\/06\/bobea.jpg","width":1080,"height":1080,"caption":"Bobea"},"image":{"@id":"https:\/\/bobea.net\/#\/schema\/logo\/image\/"},"sameAs":["https:\/\/web.facebook.com\/profile.php?id=61559252188416"]},{"@type":"Person","@id":"https:\/\/bobea.net\/#\/schema\/person\/e7f45ef187918d7c956bf619dce90ccf","name":"bobea.info","image":{"@type":"ImageObject","inLanguage":"fr-FR","@id":"https:\/\/bobea.net\/#\/schema\/person\/image\/","url":"https:\/\/secure.gravatar.com\/avatar\/36147980349df887ae30808df3e29474?s=96&d=mm&r=g","contentUrl":"https:\/\/secure.gravatar.com\/avatar\/36147980349df887ae30808df3e29474?s=96&d=mm&r=g","caption":"bobea.info"},"sameAs":["https:\/\/bobea.net"],"url":"https:\/\/bobea.net\/index.php\/author\/bobea-info\/"}]}},"_links":{"self":[{"href":"https:\/\/bobea.net\/index.php\/wp-json\/wp\/v2\/posts\/12902"}],"collection":[{"href":"https:\/\/bobea.net\/index.php\/wp-json\/wp\/v2\/posts"}],"about":[{"href":"https:\/\/bobea.net\/index.php\/wp-json\/wp\/v2\/types\/post"}],"author":[{"embeddable":true,"href":"https:\/\/bobea.net\/index.php\/wp-json\/wp\/v2\/users\/1"}],"replies":[{"embeddable":true,"href":"https:\/\/bobea.net\/index.php\/wp-json\/wp\/v2\/comments?post=12902"}],"version-history":[{"count":1,"href":"https:\/\/bobea.net\/index.php\/wp-json\/wp\/v2\/posts\/12902\/revisions"}],"predecessor-version":[{"id":12905,"href":"https:\/\/bobea.net\/index.php\/wp-json\/wp\/v2\/posts\/12902\/revisions\/12905"}],"wp:featuredmedia":[{"embeddable":true,"href":"https:\/\/bobea.net\/index.php\/wp-json\/wp\/v2\/media\/12903"}],"wp:attachment":[{"href":"https:\/\/bobea.net\/index.php\/wp-json\/wp\/v2\/media?parent=12902"}],"wp:term":[{"taxonomy":"category","embeddable":true,"href":"https:\/\/bobea.net\/index.php\/wp-json\/wp\/v2\/categories?post=12902"},{"taxonomy":"post_tag","embeddable":true,"href":"https:\/\/bobea.net\/index.php\/wp-json\/wp\/v2\/tags?post=12902"}],"curies":[{"name":"wp","href":"https:\/\/api.w.org\/{rel}","templated":true}]}}