{"id":12897,"date":"2025-03-27T15:13:15","date_gmt":"2025-03-27T15:13:15","guid":{"rendered":"https:\/\/bobea.net\/?p=12897"},"modified":"2025-03-27T15:13:16","modified_gmt":"2025-03-27T15:13:16","slug":"elon-musk-lhomme-qui-veut-coloniser-mars-fete-ses-54-ans","status":"publish","type":"post","link":"https:\/\/bobea.net\/index.php\/2025\/03\/27\/elon-musk-lhomme-qui-veut-coloniser-mars-fete-ses-54-ans\/","title":{"rendered":"Elon Musk : l\u2019homme qui veut coloniser Mars f\u00eate ses 54 ans"},"content":{"rendered":"\n<p>Alors qu\u2019Elon Musk c\u00e9l\u00e8bre son 54e anniver\u00adsaire ce 28 juin 2025, le mil\u00adliar\u00addaire vision\u00adnaire con\u00adtin\u00adue de repouss\u00ader les fron\u00adti\u00e8res de l\u2019in\u00adno\u00adva\u00adtion tech\u00adnologique. De Tes\u00adla \u00e0 SpaceX en pas\u00adsant par Neu\u00adralink, Musk fa\u00e7onne l\u2019avenir de l\u2019hu\u00adman\u00adit\u00e9 avec une ambi\u00adtion sans lim\u00adites.<\/p>\n\n\n\n<p>L\u2019as\u00adcen\u00adsion d\u2019un g\u00e9nie con\u00adtro\u00adver\u00ads\u00e9<\/p>\n\n\n\n<p>N\u00e9 en 1971 en Afrique du Sud, Elon Musk a tou\u00adjours \u00e9t\u00e9 un esprit hors du com\u00admun. D\u00e8s son plus jeune \u00e2ge, il mon\u00adtrait une curiosit\u00e9 insa\u00adtiable pour la tech\u00adnolo\u00adgie, cr\u00e9ant son pre\u00admier jeu vid\u00e9o \u00e0 12 ans<a href=\"https:\/\/councils.forbes.com\/blog\/mastering-seo-for-agency-leaders\" target=\"_blank\" rel=\"noreferrer noopener\">1<\/a>.<\/p>\n\n\n\n<p>Apr\u00e8s des d\u00e9buts promet\u00adteurs avec Pay\u00adPal, Musk s\u2019est lanc\u00e9 dans des pro\u00adjets de plus en plus ambitieux. Tes\u00adla Motors, fond\u00e9e en 2003, a r\u00e9vo\u00adlu\u00adtion\u00adn\u00e9 l\u2019in\u00addus\u00adtrie auto\u00admo\u00adbile en pop\u00adu\u00adlar\u00adisant les v\u00e9hicules \u00e9lec\u00adtriques.<\/p>\n\n\n\n<p>SpaceX : vers l\u2019in\u00adfi\u00adni et au-del\u00e0<\/p>\n\n\n\n<p>Mais c\u2019est avec SpaceX que Musk a v\u00e9ri\u00adta\u00adble\u00adment cap\u00adtiv\u00e9 l\u2019imag\u00adi\u00adna\u00adtion du pub\u00adlic. Fond\u00e9e en 2002, l\u2019en\u00adtre\u00adprise a pour objec\u00adtif ultime la coloni\u00adsa\u00adtion de Mars. En 2024, SpaceX a r\u00e9us\u00adsi son pre\u00admier vol habit\u00e9 vers la plan\u00e8te rouge, mar\u00adquant une \u00e9tape cru\u00adciale dans l\u2019his\u00adtoire de l\u2019ex\u00adplo\u00adration spa\u00adtiale.<\/p>\n\n\n\n<figure class=\"wp-block-image size-full is-resized\"><img loading=\"lazy\" decoding=\"async\" width=\"770\" height=\"513\" src=\"https:\/\/bobea.net\/wp-content\/uploads\/2025\/03\/1289795-elon-musk-le-milliardaire-a-la-tete-de-spacex-a-lance-60-mini-satellites-dans-l-espace.jpg\" alt class=\"wp-image-12900\" style=\"width:840px;height:auto\" srcset=\"https:\/\/bobea.net\/wp-content\/uploads\/2025\/03\/1289795-elon-musk-le-milliardaire-a-la-tete-de-spacex-a-lance-60-mini-satellites-dans-l-espace.jpg 770w, https:\/\/bobea.net\/wp-content\/uploads\/2025\/03\/1289795-elon-musk-le-milliardaire-a-la-tete-de-spacex-a-lance-60-mini-satellites-dans-l-espace-300x200.jpg 300w, https:\/\/bobea.net\/wp-content\/uploads\/2025\/03\/1289795-elon-musk-le-milliardaire-a-la-tete-de-spacex-a-lance-60-mini-satellites-dans-l-espace-768x512.jpg 768w\" sizes=\"(max-width: 770px) 100vw, 770px\"><\/figure>\n\n\n\n<p>\u201cNotre mis\u00adsion est de faire de l\u2019hu\u00adman\u00adit\u00e9 une esp\u00e8ce mul\u00adti\u00adplan\u00e9\u00adtaire\u201d, d\u00e9clare Musk. \u201cC\u2019est la seule fa\u00e7on d\u2019as\u00adsur\u00ader notre survie \u00e0 long terme\u201d.<\/p>\n\n\n\n<p>Neu\u00adralink : fusion\u00adner l\u2019homme et la machine<\/p>\n\n\n\n<p>Par\u00adal\u00adl\u00e8le\u00adment \u00e0 ses ambi\u00adtions spa\u00adtiales, Musk tra\u00advaille sur Neu\u00adralink, une start-up visant \u00e0 cr\u00e9er une inter\u00adface directe entre le cerveau humain et les ordi\u00adna\u00adteurs. En 2025, Neu\u00adralink a r\u00e9al\u00adis\u00e9 ses pre\u00admiers essais clin\u00adiques sur des patients atteints de paralysie, avec des r\u00e9sul\u00adtats promet\u00adteurs.<\/p>\n\n\n\n<p>\u201cNeu\u00adralink pour\u00adrait non seule\u00adment gu\u00e9rir des mal\u00adadies neu\u00adrologiques, mais aus\u00adsi aug\u00admenter nos capac\u00adit\u00e9s cog\u00adni\u00adtives\u201d, explique Musk. \u201cC\u2019est la prochaine \u00e9tape de l\u2019\u00e9vo\u00adlu\u00adtion humaine\u201d.<\/p>\n\n\n\n<p>The Bor\u00ading Com\u00adpa\u00adny : r\u00e9in\u00adven\u00adter le trans\u00adport urbain<\/p>\n\n\n\n<p>Avec The Bor\u00ading Com\u00adpa\u00adny, Musk s\u2019at\u00adtaque aux prob\u00adl\u00e8mes de con\u00adges\u00adtion urbaine. L\u2019en\u00adtre\u00adprise d\u00e9veloppe des tun\u00adnels souter\u00adrains \u00e0 grande vitesse pour r\u00e9vo\u00adlu\u00adtion\u00adner le trans\u00adport dans les grandes villes. Le pre\u00admier r\u00e9seau op\u00e9ra\u00adtionnel a \u00e9t\u00e9 inau\u00adgur\u00e9 \u00e0 Las Vegas en 20237.<\/p>\n\n\n\n<p>Con\u00adtro\u00adver\u00ads\u00ades et cri\u00adtiques<\/p>\n\n\n\n<p>Mal\u00adgr\u00e9 ses suc\u00adc\u00e8s, Musk n\u2019est pas exempt de con\u00adtro\u00adver\u00ads\u00ades. Ses d\u00e9c\u00adla\u00adra\u00adtions sur les r\u00e9seaux soci\u00adaux ont sou\u00advent sus\u00adcit\u00e9 la pol\u00e9mique, et cer\u00adtains cri\u00adtiquent son approche par\u00adfois cav\u00adal\u00adi\u00e8re des r\u00e9gu\u00adla\u00adtions<a href=\"https:\/\/www.wix.com\/seo\/learn\/resource\/seo-tips-for-2025\" target=\"_blank\" rel=\"noreferrer noopener\">8<\/a>.<\/p>\n\n\n\n<p>Ses d\u00e9tracteurs l\u2019ac\u00adcusent \u00e9gale\u00adment de n\u00e9g\u00adliger les prob\u00adl\u00e8mes ter\u00adrestres au prof\u00adit de ses ambi\u00adtions spa\u00adtiales. \u201cPen\u00addant que Musk r\u00eave de Mars, la Terre fait face \u00e0 des d\u00e9fis urgents comme le change\u00adment cli\u00adma\u00adtique\u201d, argue Sarah John\u00adson, mil\u00adi\u00adtante envi\u00adron\u00adnemen\u00adtale.<\/p>\n\n\n\n<figure class=\"wp-block-image size-large\"><img loading=\"lazy\" decoding=\"async\" width=\"1024\" height=\"575\" src=\"https:\/\/bobea.net\/wp-content\/uploads\/2025\/03\/MjAyMDA1N2NkNjI2MGY3MTAyYjdhMzlhNjdhNzNmNzczOWZjYjM-1024x575.webp\" alt class=\"wp-image-12899\" srcset=\"https:\/\/bobea.net\/wp-content\/uploads\/2025\/03\/MjAyMDA1N2NkNjI2MGY3MTAyYjdhMzlhNjdhNzNmNzczOWZjYjM-1024x575.webp 1024w, https:\/\/bobea.net\/wp-content\/uploads\/2025\/03\/MjAyMDA1N2NkNjI2MGY3MTAyYjdhMzlhNjdhNzNmNzczOWZjYjM-300x169.webp 300w, https:\/\/bobea.net\/wp-content\/uploads\/2025\/03\/MjAyMDA1N2NkNjI2MGY3MTAyYjdhMzlhNjdhNzNmNzczOWZjYjM-768x432.webp 768w, https:\/\/bobea.net\/wp-content\/uploads\/2025\/03\/MjAyMDA1N2NkNjI2MGY3MTAyYjdhMzlhNjdhNzNmNzczOWZjYjM.webp 1260w\" sizes=\"(max-width: 1024px) 100vw, 1024px\"><\/figure>\n\n\n\n<p>L\u2019h\u00e9ritage de Musk<\/p>\n\n\n\n<p>\u00c0 54 ans, Elon Musk reste plus que jamais d\u00e9ter\u00admin\u00e9 \u00e0 fa\u00e7on\u00adner l\u2019avenir. Ses entre\u00adpris\u00ades con\u00adtin\u00adu\u00adent d\u2019in\u00adnover \u00e0 un rythme effr\u00e9n\u00e9, repous\u00adsant les lim\u00adites de ce qui est tech\u00adnologique\u00adment pos\u00adsi\u00adble.<\/p>\n\n\n\n<p>\u201cMon objec\u00adtif a tou\u00adjours \u00e9t\u00e9 d\u2019avoir un impact posi\u00adtif sur l\u2019avenir de l\u2019hu\u00adman\u00adit\u00e9\u201d, affirme Musk. \u201cQue ce soit en \u00e9lec\u00adtri\u00adfi\u00adant le trans\u00adport, en explo\u00adrant l\u2019e\u00adspace ou en aug\u00admen\u00adtant nos capac\u00adit\u00e9s cog\u00adni\u00adtives, tout ce que je fais vise \u00e0 assur\u00ader un avenir meilleur pour notre esp\u00e8ce\u201d.<\/p>\n\n\n\n<p>Alors que Musk souf\u00adfle ses 54 bou\u00adgies, le monde attend avec impa\u00adtience de voir quelles nou\u00advelles fron\u00adti\u00e8res il repoussera dans les ann\u00e9es \u00e0 venir. Une chose est s\u00fbre : l\u2019empreinte d\u2019Elon Musk sur le 21e si\u00e8\u00adcle est d\u00e9j\u00e0 ind\u00e9l\u00e9\u00adbile, et son influ\u00adence con\u00adtin\u00aduera de se faire sen\u00adtir bien au-del\u00e0 de notre plan\u00e8te.<\/p>\n","protected":false},"excerpt":{"rendered":"<p>Alors qu\u2019Elon Musk c\u00e9l\u00e8bre son 54e anniver\u00adsaire ce 28 juin 2025, le mil\u00adliar\u00addaire vision\u00adnaire con\u00adtin\u00adue de repouss\u00ader les fron\u00adti\u00e8res de l\u2019in\u00adno\u00adva\u00adtion tech\u00adnologique. De Tes\u00adla \u00e0 SpaceX en pas\u00adsant par Neu\u00adralink,\u2026 <\/p>\n","protected":false},"author":1,"featured_media":12898,"comment_status":"open","ping_status":"closed","sticky":false,"template":"","format":"standard","meta":{"wp_typography_post_enhancements_disabled":false,"footnotes":""},"categories":[73],"tags":[],"class_list":["post-12897","post","type-post","status-publish","format-standard","has-post-thumbnail","hentry","category-on-en-parle"],"yoast_head":"<!-- This site is optimized with the Yoast SEO plugin v24.7 - https:\/\/yoast.com\/wordpress\/plugins\/seo\/ -->\n<title>Elon Musk : l&#039;homme qui veut coloniser Mars f\u00eate ses 54 ans - Bobea<\/title>\n<meta name=\"description\" content=\"Alors qu&#039;Elon Musk c\u00e9l\u00e8bre son 54e anniversaire ce 28 juin 2025, le milliardaire visionnaire continue de repousser les fronti\u00e8res\" \/>\n<meta name=\"robots\" content=\"index, follow, max-snippet:-1, max-image-preview:large, max-video-preview:-1\" \/>\n<link rel=\"canonical\" href=\"https:\/\/bobea.net\/index.php\/2025\/03\/27\/elon-musk-lhomme-qui-veut-coloniser-mars-fete-ses-54-ans\/\" \/>\n<meta property=\"og:locale\" content=\"fr_FR\" \/>\n<meta property=\"og:type\" content=\"article\" \/>\n<meta property=\"og:title\" content=\"Elon Musk : l&#039;homme qui veut coloniser Mars f\u00eate ses 54 ans - Bobea\" \/>\n<meta property=\"og:description\" content=\"Alors qu&#039;Elon Musk c\u00e9l\u00e8bre son 54e anniversaire ce 28 juin 2025, le milliardaire visionnaire continue de repousser les fronti\u00e8res\" \/>\n<meta property=\"og:url\" content=\"https:\/\/bobea.net\/index.php\/2025\/03\/27\/elon-musk-lhomme-qui-veut-coloniser-mars-fete-ses-54-ans\/\" \/>\n<meta property=\"og:site_name\" content=\"Bobea\" \/>\n<meta property=\"article:publisher\" content=\"https:\/\/web.facebook.com\/profile.php?id=61559252188416\" \/>\n<meta property=\"article:published_time\" content=\"2025-03-27T15:13:15+00:00\" \/>\n<meta property=\"article:modified_time\" content=\"2025-03-27T15:13:16+00:00\" \/>\n<meta property=\"og:image\" content=\"https:\/\/bobea.net\/wp-content\/uploads\/2025\/03\/elon.jpg\" \/>\n\t<meta property=\"og:image:width\" content=\"1200\" \/>\n\t<meta property=\"og:image:height\" content=\"630\" \/>\n\t<meta property=\"og:image:type\" content=\"image\/jpeg\" \/>\n<meta name=\"author\" content=\"bobea.info\" \/>\n<meta name=\"twitter:card\" content=\"summary_large_image\" \/>\n<meta name=\"twitter:label1\" content=\"\u00c9crit par\" \/>\n\t<meta name=\"twitter:data1\" content=\"bobea.info\" \/>\n\t<meta name=\"twitter:label2\" content=\"Dur\u00e9e de lecture estim\u00e9e\" \/>\n\t<meta name=\"twitter:data2\" content=\"4 minutes\" \/>\n<script type=\"application\/ld+json\" class=\"yoast-schema-graph\">{\"@context\":\"https:\/\/schema.org\",\"@graph\":[{\"@type\":\"Article\",\"@id\":\"https:\/\/bobea.net\/index.php\/2025\/03\/27\/elon-musk-lhomme-qui-veut-coloniser-mars-fete-ses-54-ans\/#article\",\"isPartOf\":{\"@id\":\"https:\/\/bobea.net\/index.php\/2025\/03\/27\/elon-musk-lhomme-qui-veut-coloniser-mars-fete-ses-54-ans\/\"},\"author\":{\"name\":\"bobea.info\",\"@id\":\"https:\/\/bobea.net\/#\/schema\/person\/e7f45ef187918d7c956bf619dce90ccf\"},\"headline\":\"Elon Musk : l\u2019homme qui veut coloniser Mars f\u00eate ses 54 ans\",\"datePublished\":\"2025-03-27T15:13:15+00:00\",\"dateModified\":\"2025-03-27T15:13:16+00:00\",\"mainEntityOfPage\":{\"@id\":\"https:\/\/bobea.net\/index.php\/2025\/03\/27\/elon-musk-lhomme-qui-veut-coloniser-mars-fete-ses-54-ans\/\"},\"wordCount\":582,\"commentCount\":0,\"publisher\":{\"@id\":\"https:\/\/bobea.net\/#organization\"},\"image\":{\"@id\":\"https:\/\/bobea.net\/index.php\/2025\/03\/27\/elon-musk-lhomme-qui-veut-coloniser-mars-fete-ses-54-ans\/#primaryimage\"},\"thumbnailUrl\":\"https:\/\/bobea.net\/wp-content\/uploads\/2025\/03\/elon.jpg\",\"articleSection\":[\"On en Parle\"],\"inLanguage\":\"fr-FR\",\"potentialAction\":[{\"@type\":\"CommentAction\",\"name\":\"Comment\",\"target\":[\"https:\/\/bobea.net\/index.php\/2025\/03\/27\/elon-musk-lhomme-qui-veut-coloniser-mars-fete-ses-54-ans\/#respond\"]}]},{\"@type\":\"WebPage\",\"@id\":\"https:\/\/bobea.net\/index.php\/2025\/03\/27\/elon-musk-lhomme-qui-veut-coloniser-mars-fete-ses-54-ans\/\",\"url\":\"https:\/\/bobea.net\/index.php\/2025\/03\/27\/elon-musk-lhomme-qui-veut-coloniser-mars-fete-ses-54-ans\/\",\"name\":\"Elon Musk : l'homme qui veut coloniser Mars f\u00eate ses 54 ans - Bobea\",\"isPartOf\":{\"@id\":\"https:\/\/bobea.net\/#website\"},\"primaryImageOfPage\":{\"@id\":\"https:\/\/bobea.net\/index.php\/2025\/03\/27\/elon-musk-lhomme-qui-veut-coloniser-mars-fete-ses-54-ans\/#primaryimage\"},\"image\":{\"@id\":\"https:\/\/bobea.net\/index.php\/2025\/03\/27\/elon-musk-lhomme-qui-veut-coloniser-mars-fete-ses-54-ans\/#primaryimage\"},\"thumbnailUrl\":\"https:\/\/bobea.net\/wp-content\/uploads\/2025\/03\/elon.jpg\",\"datePublished\":\"2025-03-27T15:13:15+00:00\",\"dateModified\":\"2025-03-27T15:13:16+00:00\",\"description\":\"Alors qu'Elon Musk c\u00e9l\u00e8bre son 54e anniversaire ce 28 juin 2025, le milliardaire visionnaire continue de repousser les fronti\u00e8res\",\"breadcrumb\":{\"@id\":\"https:\/\/bobea.net\/index.php\/2025\/03\/27\/elon-musk-lhomme-qui-veut-coloniser-mars-fete-ses-54-ans\/#breadcrumb\"},\"inLanguage\":\"fr-FR\",\"potentialAction\":[{\"@type\":\"ReadAction\",\"target\":[\"https:\/\/bobea.net\/index.php\/2025\/03\/27\/elon-musk-lhomme-qui-veut-coloniser-mars-fete-ses-54-ans\/\"]}]},{\"@type\":\"ImageObject\",\"inLanguage\":\"fr-FR\",\"@id\":\"https:\/\/bobea.net\/index.php\/2025\/03\/27\/elon-musk-lhomme-qui-veut-coloniser-mars-fete-ses-54-ans\/#primaryimage\",\"url\":\"https:\/\/bobea.net\/wp-content\/uploads\/2025\/03\/elon.jpg\",\"contentUrl\":\"https:\/\/bobea.net\/wp-content\/uploads\/2025\/03\/elon.jpg\",\"width\":1200,\"height\":630,\"caption\":\"Elon Musk : l'homme qui veut coloniser Mars f\u00eate ses 54 ans\"},{\"@type\":\"BreadcrumbList\",\"@id\":\"https:\/\/bobea.net\/index.php\/2025\/03\/27\/elon-musk-lhomme-qui-veut-coloniser-mars-fete-ses-54-ans\/#breadcrumb\",\"itemListElement\":[{\"@type\":\"ListItem\",\"position\":1,\"name\":\"Accueil\",\"item\":\"https:\/\/bobea.net\/\"},{\"@type\":\"ListItem\",\"position\":2,\"name\":\"Elon Musk : l&rsquo;homme qui veut coloniser Mars f\u00eate ses 54 ans\"}]},{\"@type\":\"WebSite\",\"@id\":\"https:\/\/bobea.net\/#website\",\"url\":\"https:\/\/bobea.net\/\",\"name\":\"Bobea\",\"description\":\"Le magazine de la nouvelle \u00c8ve\",\"publisher\":{\"@id\":\"https:\/\/bobea.net\/#organization\"},\"potentialAction\":[{\"@type\":\"SearchAction\",\"target\":{\"@type\":\"EntryPoint\",\"urlTemplate\":\"https:\/\/bobea.net\/?s={search_term_string}\"},\"query-input\":{\"@type\":\"PropertyValueSpecification\",\"valueRequired\":true,\"valueName\":\"search_term_string\"}}],\"inLanguage\":\"fr-FR\"},{\"@type\":\"Organization\",\"@id\":\"https:\/\/bobea.net\/#organization\",\"name\":\"Bobea\",\"url\":\"https:\/\/bobea.net\/\",\"logo\":{\"@type\":\"ImageObject\",\"inLanguage\":\"fr-FR\",\"@id\":\"https:\/\/bobea.net\/#\/schema\/logo\/image\/\",\"url\":\"https:\/\/bobea.net\/wp-content\/uploads\/2024\/06\/bobea.jpg\",\"contentUrl\":\"https:\/\/bobea.net\/wp-content\/uploads\/2024\/06\/bobea.jpg\",\"width\":1080,\"height\":1080,\"caption\":\"Bobea\"},\"image\":{\"@id\":\"https:\/\/bobea.net\/#\/schema\/logo\/image\/\"},\"sameAs\":[\"https:\/\/web.facebook.com\/profile.php?id=61559252188416\"]},{\"@type\":\"Person\",\"@id\":\"https:\/\/bobea.net\/#\/schema\/person\/e7f45ef187918d7c956bf619dce90ccf\",\"name\":\"bobea.info\",\"image\":{\"@type\":\"ImageObject\",\"inLanguage\":\"fr-FR\",\"@id\":\"https:\/\/bobea.net\/#\/schema\/person\/image\/\",\"url\":\"https:\/\/secure.gravatar.com\/avatar\/36147980349df887ae30808df3e29474?s=96&d=mm&r=g\",\"contentUrl\":\"https:\/\/secure.gravatar.com\/avatar\/36147980349df887ae30808df3e29474?s=96&d=mm&r=g\",\"caption\":\"bobea.info\"},\"sameAs\":[\"https:\/\/bobea.net\"],\"url\":\"https:\/\/bobea.net\/index.php\/author\/bobea-info\/\"}]}<\/script>\n<!-- \/ Yoast SEO plugin. -->","yoast_head_json":{"title":"Elon Musk : l'homme qui veut coloniser Mars f\u00eate ses 54 ans - Bobea","description":"Alors qu'Elon Musk c\u00e9l\u00e8bre son 54e anniversaire ce 28 juin 2025, le milliardaire visionnaire continue de repousser les fronti\u00e8res","robots":{"index":"index","follow":"follow","max-snippet":"max-snippet:-1","max-image-preview":"max-image-preview:large","max-video-preview":"max-video-preview:-1"},"canonical":"https:\/\/bobea.net\/index.php\/2025\/03\/27\/elon-musk-lhomme-qui-veut-coloniser-mars-fete-ses-54-ans\/","og_locale":"fr_FR","og_type":"article","og_title":"Elon Musk : l'homme qui veut coloniser Mars f\u00eate ses 54 ans - Bobea","og_description":"Alors qu'Elon Musk c\u00e9l\u00e8bre son 54e anniversaire ce 28 juin 2025, le milliardaire visionnaire continue de repousser les fronti\u00e8res","og_url":"https:\/\/bobea.net\/index.php\/2025\/03\/27\/elon-musk-lhomme-qui-veut-coloniser-mars-fete-ses-54-ans\/","og_site_name":"Bobea","article_publisher":"https:\/\/web.facebook.com\/profile.php?id=61559252188416","article_published_time":"2025-03-27T15:13:15+00:00","article_modified_time":"2025-03-27T15:13:16+00:00","og_image":[{"width":1200,"height":630,"url":"https:\/\/bobea.net\/wp-content\/uploads\/2025\/03\/elon.jpg","type":"image\/jpeg"}],"author":"bobea.info","twitter_card":"summary_large_image","twitter_misc":{"\u00c9crit par":"bobea.info","Dur\u00e9e de lecture estim\u00e9e":"4 minutes"},"schema":{"@context":"https:\/\/schema.org","@graph":[{"@type":"Article","@id":"https:\/\/bobea.net\/index.php\/2025\/03\/27\/elon-musk-lhomme-qui-veut-coloniser-mars-fete-ses-54-ans\/#article","isPartOf":{"@id":"https:\/\/bobea.net\/index.php\/2025\/03\/27\/elon-musk-lhomme-qui-veut-coloniser-mars-fete-ses-54-ans\/"},"author":{"name":"bobea.info","@id":"https:\/\/bobea.net\/#\/schema\/person\/e7f45ef187918d7c956bf619dce90ccf"},"headline":"Elon Musk : l\u2019homme qui veut coloniser Mars f\u00eate ses 54 ans","datePublished":"2025-03-27T15:13:15+00:00","dateModified":"2025-03-27T15:13:16+00:00","mainEntityOfPage":{"@id":"https:\/\/bobea.net\/index.php\/2025\/03\/27\/elon-musk-lhomme-qui-veut-coloniser-mars-fete-ses-54-ans\/"},"wordCount":582,"commentCount":0,"publisher":{"@id":"https:\/\/bobea.net\/#organization"},"image":{"@id":"https:\/\/bobea.net\/index.php\/2025\/03\/27\/elon-musk-lhomme-qui-veut-coloniser-mars-fete-ses-54-ans\/#primaryimage"},"thumbnailUrl":"https:\/\/bobea.net\/wp-content\/uploads\/2025\/03\/elon.jpg","articleSection":["On en Parle"],"inLanguage":"fr-FR","potentialAction":[{"@type":"CommentAction","name":"Comment","target":["https:\/\/bobea.net\/index.php\/2025\/03\/27\/elon-musk-lhomme-qui-veut-coloniser-mars-fete-ses-54-ans\/#respond"]}]},{"@type":"WebPage","@id":"https:\/\/bobea.net\/index.php\/2025\/03\/27\/elon-musk-lhomme-qui-veut-coloniser-mars-fete-ses-54-ans\/","url":"https:\/\/bobea.net\/index.php\/2025\/03\/27\/elon-musk-lhomme-qui-veut-coloniser-mars-fete-ses-54-ans\/","name":"Elon Musk : l'homme qui veut coloniser Mars f\u00eate ses 54 ans - Bobea","isPartOf":{"@id":"https:\/\/bobea.net\/#website"},"primaryImageOfPage":{"@id":"https:\/\/bobea.net\/index.php\/2025\/03\/27\/elon-musk-lhomme-qui-veut-coloniser-mars-fete-ses-54-ans\/#primaryimage"},"image":{"@id":"https:\/\/bobea.net\/index.php\/2025\/03\/27\/elon-musk-lhomme-qui-veut-coloniser-mars-fete-ses-54-ans\/#primaryimage"},"thumbnailUrl":"https:\/\/bobea.net\/wp-content\/uploads\/2025\/03\/elon.jpg","datePublished":"2025-03-27T15:13:15+00:00","dateModified":"2025-03-27T15:13:16+00:00","description":"Alors qu'Elon Musk c\u00e9l\u00e8bre son 54e anniversaire ce 28 juin 2025, le milliardaire visionnaire continue de repousser les fronti\u00e8res","breadcrumb":{"@id":"https:\/\/bobea.net\/index.php\/2025\/03\/27\/elon-musk-lhomme-qui-veut-coloniser-mars-fete-ses-54-ans\/#breadcrumb"},"inLanguage":"fr-FR","potentialAction":[{"@type":"ReadAction","target":["https:\/\/bobea.net\/index.php\/2025\/03\/27\/elon-musk-lhomme-qui-veut-coloniser-mars-fete-ses-54-ans\/"]}]},{"@type":"ImageObject","inLanguage":"fr-FR","@id":"https:\/\/bobea.net\/index.php\/2025\/03\/27\/elon-musk-lhomme-qui-veut-coloniser-mars-fete-ses-54-ans\/#primaryimage","url":"https:\/\/bobea.net\/wp-content\/uploads\/2025\/03\/elon.jpg","contentUrl":"https:\/\/bobea.net\/wp-content\/uploads\/2025\/03\/elon.jpg","width":1200,"height":630,"caption":"Elon Musk : l'homme qui veut coloniser Mars f\u00eate ses 54 ans"},{"@type":"BreadcrumbList","@id":"https:\/\/bobea.net\/index.php\/2025\/03\/27\/elon-musk-lhomme-qui-veut-coloniser-mars-fete-ses-54-ans\/#breadcrumb","itemListElement":[{"@type":"ListItem","position":1,"name":"Accueil","item":"https:\/\/bobea.net\/"},{"@type":"ListItem","position":2,"name":"Elon Musk : l&rsquo;homme qui veut coloniser Mars f\u00eate ses 54 ans"}]},{"@type":"WebSite","@id":"https:\/\/bobea.net\/#website","url":"https:\/\/bobea.net\/","name":"Bobea","description":"Le magazine de la nouvelle \u00c8ve","publisher":{"@id":"https:\/\/bobea.net\/#organization"},"potentialAction":[{"@type":"SearchAction","target":{"@type":"EntryPoint","urlTemplate":"https:\/\/bobea.net\/?s={search_term_string}"},"query-input":{"@type":"PropertyValueSpecification","valueRequired":true,"valueName":"search_term_string"}}],"inLanguage":"fr-FR"},{"@type":"Organization","@id":"https:\/\/bobea.net\/#organization","name":"Bobea","url":"https:\/\/bobea.net\/","logo":{"@type":"ImageObject","inLanguage":"fr-FR","@id":"https:\/\/bobea.net\/#\/schema\/logo\/image\/","url":"https:\/\/bobea.net\/wp-content\/uploads\/2024\/06\/bobea.jpg","contentUrl":"https:\/\/bobea.net\/wp-content\/uploads\/2024\/06\/bobea.jpg","width":1080,"height":1080,"caption":"Bobea"},"image":{"@id":"https:\/\/bobea.net\/#\/schema\/logo\/image\/"},"sameAs":["https:\/\/web.facebook.com\/profile.php?id=61559252188416"]},{"@type":"Person","@id":"https:\/\/bobea.net\/#\/schema\/person\/e7f45ef187918d7c956bf619dce90ccf","name":"bobea.info","image":{"@type":"ImageObject","inLanguage":"fr-FR","@id":"https:\/\/bobea.net\/#\/schema\/person\/image\/","url":"https:\/\/secure.gravatar.com\/avatar\/36147980349df887ae30808df3e29474?s=96&d=mm&r=g","contentUrl":"https:\/\/secure.gravatar.com\/avatar\/36147980349df887ae30808df3e29474?s=96&d=mm&r=g","caption":"bobea.info"},"sameAs":["https:\/\/bobea.net"],"url":"https:\/\/bobea.net\/index.php\/author\/bobea-info\/"}]}},"_links":{"self":[{"href":"https:\/\/bobea.net\/index.php\/wp-json\/wp\/v2\/posts\/12897"}],"collection":[{"href":"https:\/\/bobea.net\/index.php\/wp-json\/wp\/v2\/posts"}],"about":[{"href":"https:\/\/bobea.net\/index.php\/wp-json\/wp\/v2\/types\/post"}],"author":[{"embeddable":true,"href":"https:\/\/bobea.net\/index.php\/wp-json\/wp\/v2\/users\/1"}],"replies":[{"embeddable":true,"href":"https:\/\/bobea.net\/index.php\/wp-json\/wp\/v2\/comments?post=12897"}],"version-history":[{"count":1,"href":"https:\/\/bobea.net\/index.php\/wp-json\/wp\/v2\/posts\/12897\/revisions"}],"predecessor-version":[{"id":12901,"href":"https:\/\/bobea.net\/index.php\/wp-json\/wp\/v2\/posts\/12897\/revisions\/12901"}],"wp:featuredmedia":[{"embeddable":true,"href":"https:\/\/bobea.net\/index.php\/wp-json\/wp\/v2\/media\/12898"}],"wp:attachment":[{"href":"https:\/\/bobea.net\/index.php\/wp-json\/wp\/v2\/media?parent=12897"}],"wp:term":[{"taxonomy":"category","embeddable":true,"href":"https:\/\/bobea.net\/index.php\/wp-json\/wp\/v2\/categories?post=12897"},{"taxonomy":"post_tag","embeddable":true,"href":"https:\/\/bobea.net\/index.php\/wp-json\/wp\/v2\/tags?post=12897"}],"curies":[{"name":"wp","href":"https:\/\/api.w.org\/{rel}","templated":true}]}}