{"id":12874,"date":"2025-03-27T12:46:14","date_gmt":"2025-03-27T12:46:14","guid":{"rendered":"https:\/\/bobea.net\/?p=12874"},"modified":"2025-03-27T12:46:16","modified_gmt":"2025-03-27T12:46:16","slug":"lart-de-dire-non-affirmez-vous-sans-culpabiliser","status":"publish","type":"post","link":"https:\/\/bobea.net\/index.php\/2025\/03\/27\/lart-de-dire-non-affirmez-vous-sans-culpabiliser\/","title":{"rendered":"L\u2019art de dire non : affirmez-vous sans culpabiliser"},"content":{"rendered":"\n<p>Appren\u00addre \u00e0 dire \u201cnon\u201d est un d\u00e9fi pour beau\u00adcoup, mais en 2025, cette com\u00adp\u00e9\u00adtence est plus essen\u00adtielle que jamais dans un monde o\u00f9 les attentes sociales, pro\u00adfes\u00adsion\u00adnelles et per\u00adson\u00adnelles ne cessent de cro\u00eetre. Pour\u00adtant, refuser une demande ou pos\u00ader des lim\u00adites claires reste une source de cul\u00adpa\u00adbil\u00adit\u00e9 pour de nom\u00adbreuses per\u00adson\u00adnes, en par\u00adti\u00adc\u00aduli\u00ader pour les femmes, sou\u00advent con\u00addi\u00adtion\u00adn\u00e9es \u00e0 priv\u00adil\u00e9gi\u00ader les besoins des autres avant les leurs. Cet arti\u00adcle explore pourquoi il est cru\u00adcial d\u2019ap\u00adpren\u00addre \u00e0 dire \u201cnon\u201d, com\u00adment le faire avec assur\u00adance et sans cul\u00adpa\u00adbil\u00adit\u00e9, et les b\u00e9n\u00e9\u00adfices que cela peut apporter au quo\u00adti\u00addi\u00aden.<\/p>\n\n\n\n<p><strong>Pourquoi est-il si dif\u00adfi\u00adcile de dire \u201cnon\u201d ?<\/strong><\/p>\n\n\n\n<p>Le refus est sou\u00advent per\u00e7u comme un acte \u00e9go\u00efste ou con\u00adflictuel. Cette id\u00e9e est pro\u00adfond\u00e9\u00adment enrac\u00adin\u00e9e dans notre cul\u00adture et nos inter\u00adac\u00adtions sociales. Selon le Dr. Sophie Lam\u00adbert, psy\u00adcho\u00adlogue sp\u00e9\u00adcial\u00adis\u00e9e en assertiv\u00adit\u00e9 : \u201cDire \u2018non\u2019 peut \u00eatre per\u00e7u comme un rejet ou une remise en ques\u00adtion de la rela\u00adtion avec l\u2019autre. Cela active des peurs pro\u00adfondes li\u00e9es \u00e0 l\u2019a\u00adban\u00addon ou au juge\u00adment.\u201d<\/p>\n\n\n\n<p>Plusieurs fac\u00adteurs expliquent cette dif\u00adfi\u00adcult\u00e9 :<\/p>\n\n\n\n<ol start=\"1\" class=\"wp-block-list\">\n<li><strong>La peur du con\u00adflit<\/strong>&nbsp;: Beau\u00adcoup craig\u00adnent que dire \u201cnon\u201d entra\u00eene des ten\u00adsions ou des dis\u00adputes.<\/li>\n\n\n\n<li><strong>Le besoin d\u2019ap\u00adpro\u00adba\u00adtion<\/strong>&nbsp;: Nous voulons \u00eatre aim\u00e9s et accep\u00adt\u00e9s, et dire \u201coui\u201d sem\u00adble par\u00adfois \u00eatre le moyen le plus sim\u00adple d\u2019y par\u00advenir.<\/li>\n\n\n\n<li><strong>Les normes cul\u00adturelles<\/strong>&nbsp;: Dans cer\u00adtaines cul\u00adtures ou con\u00adtextes soci\u00adaux, dire \u201cnon\u201d est per\u00e7u comme un manque de respect ou d\u2019en\u00adgage\u00adment.<\/li>\n<\/ol>\n\n\n\n<p>Cepen\u00addant, ne pas savoir dire \u201cnon\u201d peut con\u00adduire \u00e0 des con\u00ads\u00e9quences n\u00e9ga\u00adtives telles que l\u2019\u00e9puise\u00adment pro\u00adfes\u00adsion\u00adnel (burnout), le stress chronique et une perte de con\u00adtr\u00f4le sur sa pro\u00adpre vie.<\/p>\n\n\n\n<figure class=\"wp-block-image size-full\"><img loading=\"lazy\" decoding=\"async\" width=\"900\" height=\"350\" src=\"https:\/\/bobea.net\/wp-content\/uploads\/2025\/03\/50-ans-dans-le-vent-apprendre-savoir-dire-non.jpg\" alt class=\"wp-image-12877\" srcset=\"https:\/\/bobea.net\/wp-content\/uploads\/2025\/03\/50-ans-dans-le-vent-apprendre-savoir-dire-non.jpg 900w, https:\/\/bobea.net\/wp-content\/uploads\/2025\/03\/50-ans-dans-le-vent-apprendre-savoir-dire-non-300x117.jpg 300w, https:\/\/bobea.net\/wp-content\/uploads\/2025\/03\/50-ans-dans-le-vent-apprendre-savoir-dire-non-768x299.jpg 768w\" sizes=\"(max-width: 900px) 100vw, 900px\"><\/figure>\n\n\n\n<p><strong>Les bien\u00adfaits de savoir dire \u201cnon\u201d<\/strong><\/p>\n\n\n\n<p>Appren\u00addre \u00e0 pos\u00ader des lim\u00adites claires apporte plusieurs avan\u00adtages :<\/p>\n\n\n\n<ul class=\"wp-block-list\">\n<li><strong>Pr\u00e9ser\u00adva\u00adtion de votre \u00e9nergie men\u00adtale et physique<\/strong>&nbsp;: Dire \u201cnon\u201d aux engage\u00adments non essen\u00adtiels vous per\u00admet de vous con\u00adcen\u00adtr\u00ader sur ce qui compte vrai\u00adment.<\/li>\n\n\n\n<li><strong>Am\u00e9lio\u00adra\u00adtion des rela\u00adtions<\/strong>&nbsp;: Des lim\u00adites saines favorisent des rela\u00adtions \u00e9quili\u00adbr\u00e9es bas\u00e9es sur le respect mutuel.<\/li>\n\n\n\n<li><strong>Aug\u00admen\u00adta\u00adtion de la con\u00adfi\u00adance en soi<\/strong>&nbsp;: Chaque fois que vous dites \u201cnon\u201d avec assur\u00adance, vous ren\u00adforcez votre estime per\u00adson\u00adnelle.<\/li>\n<\/ul>\n\n\n\n<p><strong>Com\u00adment dire \u201cnon\u201d sans cul\u00adpa\u00adbilis\u00ader<\/strong><\/p>\n\n\n\n<ol start=\"1\" class=\"wp-block-list\">\n<li><strong>Prenez con\u00adscience de vos pri\u00ador\u00adit\u00e9s<\/strong><br>Avant de r\u00e9pon\u00addre \u00e0 une demande, r\u00e9fl\u00e9chissez \u00e0 vos objec\u00adtifs per\u00adson\u00adnels et pro\u00adfes\u00adsion\u00adnels. Si la demande ne cor\u00adre\u00adspond pas \u00e0 vos pri\u00ador\u00adit\u00e9s, il est l\u00e9gitime de refuser.<\/li>\n\n\n\n<li><strong>Utilisez une com\u00admu\u00adni\u00adca\u00adtion assertive<\/strong><br>L\u2019assertiv\u00adit\u00e9 con\u00adsiste \u00e0 exprimer vos besoins et vos lim\u00adites claire\u00adment, tout en respec\u00adtant ceux des autres. Par exem\u00adple : \u201cJe com\u00adprends que c\u2019est impor\u00adtant pour toi, mais je ne peux pas m\u2019en\u00adgager cette fois-ci.\u201d<\/li>\n\n\n\n<li><strong>Pro\u00adposez une alter\u00adna\u00adtive (si pos\u00adsi\u00adble)<\/strong><br>Si vous souhaitez rester constructif(ve), pro\u00adposez une autre solu\u00adtion : \u201cJe ne peux pas aider cette semaine, mais je peux te met\u00adtre en con\u00adtact avec quelqu\u2019un qui pour\u00adrait.\u201d<\/li>\n\n\n\n<li><strong>Pra\u00adtiquez le refus sim\u00adple<\/strong><br>Par\u00adfois, il n\u2019est pas n\u00e9ces\u00adsaire de jus\u00adti\u00adfi\u00ader votre r\u00e9ponse. Un sim\u00adple \u201cNon, mer\u00adci\u201d dit avec cour\u00adtoisie suf\u00adfit.<\/li>\n\n\n\n<li><strong>Soyez pr\u00eat(e) aux r\u00e9ac\u00adtions<\/strong><br>Cer\u00adtaines per\u00adson\u00adnes peu\u00advent mal r\u00e9a\u00adgir \u00e0 votre refus, surtout si elles sont habitu\u00e9es \u00e0 ce que vous disiez tou\u00adjours \u201coui\u201d. Restez ferme mais poli(e), et rap\u00adpelez-vous que leur r\u00e9ac\u00adtion ne refl\u00e8te pas votre valeur per\u00adson\u00adnelle.<\/li>\n<\/ol>\n\n\n\n<figure class=\"wp-block-image size-large\"><img loading=\"lazy\" decoding=\"async\" width=\"1024\" height=\"576\" src=\"https:\/\/bobea.net\/wp-content\/uploads\/2025\/03\/3876-1455875690-resiste-1024x576.jpg\" alt class=\"wp-image-12876\" srcset=\"https:\/\/bobea.net\/wp-content\/uploads\/2025\/03\/3876-1455875690-resiste-1024x576.jpg 1024w, https:\/\/bobea.net\/wp-content\/uploads\/2025\/03\/3876-1455875690-resiste-300x169.jpg 300w, https:\/\/bobea.net\/wp-content\/uploads\/2025\/03\/3876-1455875690-resiste-768x432.jpg 768w, https:\/\/bobea.net\/wp-content\/uploads\/2025\/03\/3876-1455875690-resiste.jpg 1280w\" sizes=\"(max-width: 1024px) 100vw, 1024px\"><\/figure>\n\n\n\n<p><strong>Exer\u00adci\u00adces pra\u00adtiques pour appren\u00addre \u00e0 dire \u201cnon\u201d<\/strong><\/p>\n\n\n\n<ul class=\"wp-block-list\">\n<li><strong>Le jeu des sc\u00e9\u00adnar\u00adios<\/strong>&nbsp;: Entra\u00eenez-vous avec un(e) ami(e) ou devant un miroir \u00e0 refuser dif\u00adf\u00e9rentes deman\u00addes.<\/li>\n\n\n\n<li><strong>Tenez un jour\u00adnal<\/strong>&nbsp;: Notez chaque fois o\u00f9 vous avez dit \u201coui\u201d alors que vous vouliez dire \u201cnon\u201d, puis analy\u00adsez pourquoi.<\/li>\n\n\n\n<li><strong>Fix\u00adez-vous un objec\u00adtif heb\u00addo\u00admadaire<\/strong>&nbsp;: Essayez de dire \u201cnon\u201d au moins une fois par semaine dans un con\u00adtexte o\u00f9 cela vous sem\u00adble dif\u00adfi\u00adcile.<\/li>\n<\/ul>\n\n\n\n<p><strong>T\u00e9moignages inspi\u00adrants<\/strong><\/p>\n\n\n\n<p>Marie (35 ans), cadre dans une entre\u00adprise inter\u00adna\u00adtionale, partage son exp\u00e9ri\u00adence :<br>\u201cPen\u00addant des ann\u00e9es, j\u2019ai dit \u2018oui\u2019 \u00e0 tout par peur de d\u00e9cevoir mes col\u00adl\u00e8gues. Mais cela m\u2019a \u00e9puis\u00e9e men\u00adtale\u00adment et physique\u00adment. Appren\u00addre \u00e0 dire \u2018non\u2019 a \u00e9t\u00e9 lib\u00e9ra\u00adteur. Je suis plus pro\u00adduc\u00adtive et mes col\u00adl\u00e8gues respectent davan\u00adtage mes lim\u00adites.\u201d<\/p>\n\n\n\n<p><strong>Con\u00adclu\u00adsion<\/strong><\/p>\n\n\n\n<p>Dire \u201cnon\u201d n\u2019est pas un acte \u00e9go\u00efste ; c\u2019est un acte d\u2019amour envers soi-m\u00eame. En apprenant \u00e0 pos\u00ader des lim\u00adites claires et respectueuses, vous reprenez le con\u00adtr\u00f4le sur votre temps et votre \u00e9nergie tout en cul\u00adti\u00advant des rela\u00adtions plus saines. Alors n\u2019ayez pas peur d\u2019af\u00adfirmer vos besoins \u2014 votre bien-\u00eatre en d\u00e9pend.<\/p>\n","protected":false},"excerpt":{"rendered":"<p>Appren\u00addre \u00e0 dire \u201cnon\u201d est un d\u00e9fi pour beau\u00adcoup, mais en 2025, cette com\u00adp\u00e9\u00adtence est plus essen\u00adtielle que jamais dans un monde o\u00f9 les attentes sociales, pro\u00adfes\u00adsion\u00adnelles et per\u00adson\u00adnelles ne\u2026 <\/p>\n","protected":false},"author":1,"featured_media":12875,"comment_status":"open","ping_status":"closed","sticky":false,"template":"","format":"standard","meta":{"wp_typography_post_enhancements_disabled":false,"footnotes":""},"categories":[53],"tags":[],"class_list":["post-12874","post","type-post","status-publish","format-standard","has-post-thumbnail","hentry","category-viva"],"yoast_head":"<!-- This site is optimized with the Yoast SEO plugin v24.7 - https:\/\/yoast.com\/wordpress\/plugins\/seo\/ -->\n<title>L&#039;art de dire non : affirmez-vous sans culpabiliser - Bobea<\/title>\n<meta name=\"description\" content=\"Apprendre \u00e0 dire &quot;non&quot; est un d\u00e9fi pour beaucoup, mais en 2025, cette comp\u00e9tence est plus essentielle que jamais dans un monde\" \/>\n<meta name=\"robots\" content=\"index, follow, max-snippet:-1, max-image-preview:large, max-video-preview:-1\" \/>\n<link rel=\"canonical\" href=\"https:\/\/bobea.net\/index.php\/2025\/03\/27\/lart-de-dire-non-affirmez-vous-sans-culpabiliser\/\" \/>\n<meta property=\"og:locale\" content=\"fr_FR\" \/>\n<meta property=\"og:type\" content=\"article\" \/>\n<meta property=\"og:title\" content=\"L&#039;art de dire non : affirmez-vous sans culpabiliser - Bobea\" \/>\n<meta property=\"og:description\" content=\"Apprendre \u00e0 dire &quot;non&quot; est un d\u00e9fi pour beaucoup, mais en 2025, cette comp\u00e9tence est plus essentielle que jamais dans un monde\" \/>\n<meta property=\"og:url\" content=\"https:\/\/bobea.net\/index.php\/2025\/03\/27\/lart-de-dire-non-affirmez-vous-sans-culpabiliser\/\" \/>\n<meta property=\"og:site_name\" content=\"Bobea\" \/>\n<meta property=\"article:publisher\" content=\"https:\/\/web.facebook.com\/profile.php?id=61559252188416\" \/>\n<meta property=\"article:published_time\" content=\"2025-03-27T12:46:14+00:00\" \/>\n<meta property=\"article:modified_time\" content=\"2025-03-27T12:46:16+00:00\" \/>\n<meta property=\"og:image\" content=\"https:\/\/bobea.net\/wp-content\/uploads\/2025\/03\/savoir-dire-non.jpg\" \/>\n\t<meta property=\"og:image:width\" content=\"1000\" \/>\n\t<meta property=\"og:image:height\" content=\"500\" \/>\n\t<meta property=\"og:image:type\" content=\"image\/jpeg\" \/>\n<meta name=\"author\" content=\"bobea.info\" \/>\n<meta name=\"twitter:card\" content=\"summary_large_image\" \/>\n<meta name=\"twitter:label1\" content=\"\u00c9crit par\" \/>\n\t<meta name=\"twitter:data1\" content=\"bobea.info\" \/>\n\t<meta name=\"twitter:label2\" content=\"Dur\u00e9e de lecture estim\u00e9e\" \/>\n\t<meta name=\"twitter:data2\" content=\"4 minutes\" \/>\n<script type=\"application\/ld+json\" class=\"yoast-schema-graph\">{\"@context\":\"https:\/\/schema.org\",\"@graph\":[{\"@type\":\"Article\",\"@id\":\"https:\/\/bobea.net\/index.php\/2025\/03\/27\/lart-de-dire-non-affirmez-vous-sans-culpabiliser\/#article\",\"isPartOf\":{\"@id\":\"https:\/\/bobea.net\/index.php\/2025\/03\/27\/lart-de-dire-non-affirmez-vous-sans-culpabiliser\/\"},\"author\":{\"name\":\"bobea.info\",\"@id\":\"https:\/\/bobea.net\/#\/schema\/person\/e7f45ef187918d7c956bf619dce90ccf\"},\"headline\":\"L\u2019art de dire non : affirmez-vous sans culpabiliser\",\"datePublished\":\"2025-03-27T12:46:14+00:00\",\"dateModified\":\"2025-03-27T12:46:16+00:00\",\"mainEntityOfPage\":{\"@id\":\"https:\/\/bobea.net\/index.php\/2025\/03\/27\/lart-de-dire-non-affirmez-vous-sans-culpabiliser\/\"},\"wordCount\":730,\"commentCount\":0,\"publisher\":{\"@id\":\"https:\/\/bobea.net\/#organization\"},\"image\":{\"@id\":\"https:\/\/bobea.net\/index.php\/2025\/03\/27\/lart-de-dire-non-affirmez-vous-sans-culpabiliser\/#primaryimage\"},\"thumbnailUrl\":\"https:\/\/bobea.net\/wp-content\/uploads\/2025\/03\/savoir-dire-non.jpg\",\"articleSection\":[\"Viva\"],\"inLanguage\":\"fr-FR\",\"potentialAction\":[{\"@type\":\"CommentAction\",\"name\":\"Comment\",\"target\":[\"https:\/\/bobea.net\/index.php\/2025\/03\/27\/lart-de-dire-non-affirmez-vous-sans-culpabiliser\/#respond\"]}]},{\"@type\":\"WebPage\",\"@id\":\"https:\/\/bobea.net\/index.php\/2025\/03\/27\/lart-de-dire-non-affirmez-vous-sans-culpabiliser\/\",\"url\":\"https:\/\/bobea.net\/index.php\/2025\/03\/27\/lart-de-dire-non-affirmez-vous-sans-culpabiliser\/\",\"name\":\"L'art de dire non : affirmez-vous sans culpabiliser - Bobea\",\"isPartOf\":{\"@id\":\"https:\/\/bobea.net\/#website\"},\"primaryImageOfPage\":{\"@id\":\"https:\/\/bobea.net\/index.php\/2025\/03\/27\/lart-de-dire-non-affirmez-vous-sans-culpabiliser\/#primaryimage\"},\"image\":{\"@id\":\"https:\/\/bobea.net\/index.php\/2025\/03\/27\/lart-de-dire-non-affirmez-vous-sans-culpabiliser\/#primaryimage\"},\"thumbnailUrl\":\"https:\/\/bobea.net\/wp-content\/uploads\/2025\/03\/savoir-dire-non.jpg\",\"datePublished\":\"2025-03-27T12:46:14+00:00\",\"dateModified\":\"2025-03-27T12:46:16+00:00\",\"description\":\"Apprendre \u00e0 dire \\\"non\\\" est un d\u00e9fi pour beaucoup, mais en 2025, cette comp\u00e9tence est plus essentielle que jamais dans un monde\",\"breadcrumb\":{\"@id\":\"https:\/\/bobea.net\/index.php\/2025\/03\/27\/lart-de-dire-non-affirmez-vous-sans-culpabiliser\/#breadcrumb\"},\"inLanguage\":\"fr-FR\",\"potentialAction\":[{\"@type\":\"ReadAction\",\"target\":[\"https:\/\/bobea.net\/index.php\/2025\/03\/27\/lart-de-dire-non-affirmez-vous-sans-culpabiliser\/\"]}]},{\"@type\":\"ImageObject\",\"inLanguage\":\"fr-FR\",\"@id\":\"https:\/\/bobea.net\/index.php\/2025\/03\/27\/lart-de-dire-non-affirmez-vous-sans-culpabiliser\/#primaryimage\",\"url\":\"https:\/\/bobea.net\/wp-content\/uploads\/2025\/03\/savoir-dire-non.jpg\",\"contentUrl\":\"https:\/\/bobea.net\/wp-content\/uploads\/2025\/03\/savoir-dire-non.jpg\",\"width\":1000,\"height\":500},{\"@type\":\"BreadcrumbList\",\"@id\":\"https:\/\/bobea.net\/index.php\/2025\/03\/27\/lart-de-dire-non-affirmez-vous-sans-culpabiliser\/#breadcrumb\",\"itemListElement\":[{\"@type\":\"ListItem\",\"position\":1,\"name\":\"Accueil\",\"item\":\"https:\/\/bobea.net\/\"},{\"@type\":\"ListItem\",\"position\":2,\"name\":\"L&rsquo;art de dire non : affirmez-vous sans culpabiliser\"}]},{\"@type\":\"WebSite\",\"@id\":\"https:\/\/bobea.net\/#website\",\"url\":\"https:\/\/bobea.net\/\",\"name\":\"Bobea\",\"description\":\"Le magazine de la nouvelle \u00c8ve\",\"publisher\":{\"@id\":\"https:\/\/bobea.net\/#organization\"},\"potentialAction\":[{\"@type\":\"SearchAction\",\"target\":{\"@type\":\"EntryPoint\",\"urlTemplate\":\"https:\/\/bobea.net\/?s={search_term_string}\"},\"query-input\":{\"@type\":\"PropertyValueSpecification\",\"valueRequired\":true,\"valueName\":\"search_term_string\"}}],\"inLanguage\":\"fr-FR\"},{\"@type\":\"Organization\",\"@id\":\"https:\/\/bobea.net\/#organization\",\"name\":\"Bobea\",\"url\":\"https:\/\/bobea.net\/\",\"logo\":{\"@type\":\"ImageObject\",\"inLanguage\":\"fr-FR\",\"@id\":\"https:\/\/bobea.net\/#\/schema\/logo\/image\/\",\"url\":\"https:\/\/bobea.net\/wp-content\/uploads\/2024\/06\/bobea.jpg\",\"contentUrl\":\"https:\/\/bobea.net\/wp-content\/uploads\/2024\/06\/bobea.jpg\",\"width\":1080,\"height\":1080,\"caption\":\"Bobea\"},\"image\":{\"@id\":\"https:\/\/bobea.net\/#\/schema\/logo\/image\/\"},\"sameAs\":[\"https:\/\/web.facebook.com\/profile.php?id=61559252188416\"]},{\"@type\":\"Person\",\"@id\":\"https:\/\/bobea.net\/#\/schema\/person\/e7f45ef187918d7c956bf619dce90ccf\",\"name\":\"bobea.info\",\"image\":{\"@type\":\"ImageObject\",\"inLanguage\":\"fr-FR\",\"@id\":\"https:\/\/bobea.net\/#\/schema\/person\/image\/\",\"url\":\"https:\/\/secure.gravatar.com\/avatar\/36147980349df887ae30808df3e29474?s=96&d=mm&r=g\",\"contentUrl\":\"https:\/\/secure.gravatar.com\/avatar\/36147980349df887ae30808df3e29474?s=96&d=mm&r=g\",\"caption\":\"bobea.info\"},\"sameAs\":[\"https:\/\/bobea.net\"],\"url\":\"https:\/\/bobea.net\/index.php\/author\/bobea-info\/\"}]}<\/script>\n<!-- \/ Yoast SEO plugin. -->","yoast_head_json":{"title":"L'art de dire non : affirmez-vous sans culpabiliser - Bobea","description":"Apprendre \u00e0 dire \"non\" est un d\u00e9fi pour beaucoup, mais en 2025, cette comp\u00e9tence est plus essentielle que jamais dans un monde","robots":{"index":"index","follow":"follow","max-snippet":"max-snippet:-1","max-image-preview":"max-image-preview:large","max-video-preview":"max-video-preview:-1"},"canonical":"https:\/\/bobea.net\/index.php\/2025\/03\/27\/lart-de-dire-non-affirmez-vous-sans-culpabiliser\/","og_locale":"fr_FR","og_type":"article","og_title":"L'art de dire non : affirmez-vous sans culpabiliser - Bobea","og_description":"Apprendre \u00e0 dire \"non\" est un d\u00e9fi pour beaucoup, mais en 2025, cette comp\u00e9tence est plus essentielle que jamais dans un monde","og_url":"https:\/\/bobea.net\/index.php\/2025\/03\/27\/lart-de-dire-non-affirmez-vous-sans-culpabiliser\/","og_site_name":"Bobea","article_publisher":"https:\/\/web.facebook.com\/profile.php?id=61559252188416","article_published_time":"2025-03-27T12:46:14+00:00","article_modified_time":"2025-03-27T12:46:16+00:00","og_image":[{"width":1000,"height":500,"url":"https:\/\/bobea.net\/wp-content\/uploads\/2025\/03\/savoir-dire-non.jpg","type":"image\/jpeg"}],"author":"bobea.info","twitter_card":"summary_large_image","twitter_misc":{"\u00c9crit par":"bobea.info","Dur\u00e9e de lecture estim\u00e9e":"4 minutes"},"schema":{"@context":"https:\/\/schema.org","@graph":[{"@type":"Article","@id":"https:\/\/bobea.net\/index.php\/2025\/03\/27\/lart-de-dire-non-affirmez-vous-sans-culpabiliser\/#article","isPartOf":{"@id":"https:\/\/bobea.net\/index.php\/2025\/03\/27\/lart-de-dire-non-affirmez-vous-sans-culpabiliser\/"},"author":{"name":"bobea.info","@id":"https:\/\/bobea.net\/#\/schema\/person\/e7f45ef187918d7c956bf619dce90ccf"},"headline":"L\u2019art de dire non : affirmez-vous sans culpabiliser","datePublished":"2025-03-27T12:46:14+00:00","dateModified":"2025-03-27T12:46:16+00:00","mainEntityOfPage":{"@id":"https:\/\/bobea.net\/index.php\/2025\/03\/27\/lart-de-dire-non-affirmez-vous-sans-culpabiliser\/"},"wordCount":730,"commentCount":0,"publisher":{"@id":"https:\/\/bobea.net\/#organization"},"image":{"@id":"https:\/\/bobea.net\/index.php\/2025\/03\/27\/lart-de-dire-non-affirmez-vous-sans-culpabiliser\/#primaryimage"},"thumbnailUrl":"https:\/\/bobea.net\/wp-content\/uploads\/2025\/03\/savoir-dire-non.jpg","articleSection":["Viva"],"inLanguage":"fr-FR","potentialAction":[{"@type":"CommentAction","name":"Comment","target":["https:\/\/bobea.net\/index.php\/2025\/03\/27\/lart-de-dire-non-affirmez-vous-sans-culpabiliser\/#respond"]}]},{"@type":"WebPage","@id":"https:\/\/bobea.net\/index.php\/2025\/03\/27\/lart-de-dire-non-affirmez-vous-sans-culpabiliser\/","url":"https:\/\/bobea.net\/index.php\/2025\/03\/27\/lart-de-dire-non-affirmez-vous-sans-culpabiliser\/","name":"L'art de dire non : affirmez-vous sans culpabiliser - Bobea","isPartOf":{"@id":"https:\/\/bobea.net\/#website"},"primaryImageOfPage":{"@id":"https:\/\/bobea.net\/index.php\/2025\/03\/27\/lart-de-dire-non-affirmez-vous-sans-culpabiliser\/#primaryimage"},"image":{"@id":"https:\/\/bobea.net\/index.php\/2025\/03\/27\/lart-de-dire-non-affirmez-vous-sans-culpabiliser\/#primaryimage"},"thumbnailUrl":"https:\/\/bobea.net\/wp-content\/uploads\/2025\/03\/savoir-dire-non.jpg","datePublished":"2025-03-27T12:46:14+00:00","dateModified":"2025-03-27T12:46:16+00:00","description":"Apprendre \u00e0 dire \"non\" est un d\u00e9fi pour beaucoup, mais en 2025, cette comp\u00e9tence est plus essentielle que jamais dans un monde","breadcrumb":{"@id":"https:\/\/bobea.net\/index.php\/2025\/03\/27\/lart-de-dire-non-affirmez-vous-sans-culpabiliser\/#breadcrumb"},"inLanguage":"fr-FR","potentialAction":[{"@type":"ReadAction","target":["https:\/\/bobea.net\/index.php\/2025\/03\/27\/lart-de-dire-non-affirmez-vous-sans-culpabiliser\/"]}]},{"@type":"ImageObject","inLanguage":"fr-FR","@id":"https:\/\/bobea.net\/index.php\/2025\/03\/27\/lart-de-dire-non-affirmez-vous-sans-culpabiliser\/#primaryimage","url":"https:\/\/bobea.net\/wp-content\/uploads\/2025\/03\/savoir-dire-non.jpg","contentUrl":"https:\/\/bobea.net\/wp-content\/uploads\/2025\/03\/savoir-dire-non.jpg","width":1000,"height":500},{"@type":"BreadcrumbList","@id":"https:\/\/bobea.net\/index.php\/2025\/03\/27\/lart-de-dire-non-affirmez-vous-sans-culpabiliser\/#breadcrumb","itemListElement":[{"@type":"ListItem","position":1,"name":"Accueil","item":"https:\/\/bobea.net\/"},{"@type":"ListItem","position":2,"name":"L&rsquo;art de dire non : affirmez-vous sans culpabiliser"}]},{"@type":"WebSite","@id":"https:\/\/bobea.net\/#website","url":"https:\/\/bobea.net\/","name":"Bobea","description":"Le magazine de la nouvelle \u00c8ve","publisher":{"@id":"https:\/\/bobea.net\/#organization"},"potentialAction":[{"@type":"SearchAction","target":{"@type":"EntryPoint","urlTemplate":"https:\/\/bobea.net\/?s={search_term_string}"},"query-input":{"@type":"PropertyValueSpecification","valueRequired":true,"valueName":"search_term_string"}}],"inLanguage":"fr-FR"},{"@type":"Organization","@id":"https:\/\/bobea.net\/#organization","name":"Bobea","url":"https:\/\/bobea.net\/","logo":{"@type":"ImageObject","inLanguage":"fr-FR","@id":"https:\/\/bobea.net\/#\/schema\/logo\/image\/","url":"https:\/\/bobea.net\/wp-content\/uploads\/2024\/06\/bobea.jpg","contentUrl":"https:\/\/bobea.net\/wp-content\/uploads\/2024\/06\/bobea.jpg","width":1080,"height":1080,"caption":"Bobea"},"image":{"@id":"https:\/\/bobea.net\/#\/schema\/logo\/image\/"},"sameAs":["https:\/\/web.facebook.com\/profile.php?id=61559252188416"]},{"@type":"Person","@id":"https:\/\/bobea.net\/#\/schema\/person\/e7f45ef187918d7c956bf619dce90ccf","name":"bobea.info","image":{"@type":"ImageObject","inLanguage":"fr-FR","@id":"https:\/\/bobea.net\/#\/schema\/person\/image\/","url":"https:\/\/secure.gravatar.com\/avatar\/36147980349df887ae30808df3e29474?s=96&d=mm&r=g","contentUrl":"https:\/\/secure.gravatar.com\/avatar\/36147980349df887ae30808df3e29474?s=96&d=mm&r=g","caption":"bobea.info"},"sameAs":["https:\/\/bobea.net"],"url":"https:\/\/bobea.net\/index.php\/author\/bobea-info\/"}]}},"_links":{"self":[{"href":"https:\/\/bobea.net\/index.php\/wp-json\/wp\/v2\/posts\/12874"}],"collection":[{"href":"https:\/\/bobea.net\/index.php\/wp-json\/wp\/v2\/posts"}],"about":[{"href":"https:\/\/bobea.net\/index.php\/wp-json\/wp\/v2\/types\/post"}],"author":[{"embeddable":true,"href":"https:\/\/bobea.net\/index.php\/wp-json\/wp\/v2\/users\/1"}],"replies":[{"embeddable":true,"href":"https:\/\/bobea.net\/index.php\/wp-json\/wp\/v2\/comments?post=12874"}],"version-history":[{"count":1,"href":"https:\/\/bobea.net\/index.php\/wp-json\/wp\/v2\/posts\/12874\/revisions"}],"predecessor-version":[{"id":12878,"href":"https:\/\/bobea.net\/index.php\/wp-json\/wp\/v2\/posts\/12874\/revisions\/12878"}],"wp:featuredmedia":[{"embeddable":true,"href":"https:\/\/bobea.net\/index.php\/wp-json\/wp\/v2\/media\/12875"}],"wp:attachment":[{"href":"https:\/\/bobea.net\/index.php\/wp-json\/wp\/v2\/media?parent=12874"}],"wp:term":[{"taxonomy":"category","embeddable":true,"href":"https:\/\/bobea.net\/index.php\/wp-json\/wp\/v2\/categories?post=12874"},{"taxonomy":"post_tag","embeddable":true,"href":"https:\/\/bobea.net\/index.php\/wp-json\/wp\/v2\/tags?post=12874"}],"curies":[{"name":"wp","href":"https:\/\/api.w.org\/{rel}","templated":true}]}}